{"id":33318,"date":"2023-04-13T10:09:24","date_gmt":"2023-04-13T14:09:24","guid":{"rendered":"http:\/\/webdelmaestrocmf.com\/portal\/?p=33318"},"modified":"2023-04-13T10:43:22","modified_gmt":"2023-04-13T14:43:22","slug":"fundamentos-que-todo-directora-escolar-deberia-tomar-en-cuenta-para-tener-una-escuela-exitosa","status":"publish","type":"post","link":"https:\/\/webdelmaestrocmf.com\/portal\/fundamentos-que-todo-directora-escolar-deberia-tomar-en-cuenta-para-tener-una-escuela-exitosa\/","title":{"rendered":"Fundamentos que todo Director escolar deber\u00eda tomar en cuenta para tener una escuela exitosa"},"content":{"rendered":"<h5 style=\"text-align: justify;\">\u00bfQu\u00e9 es el \u00e9xito? Existen muchas definiciones de \u00e9ste. Pero considero la m\u00e1s adecuada la que, en cierta ocasi\u00f3n, manifest\u00f3 Ivi Yeannette, amiga m\u00eda de hace tiempo, la cual define el \u00e9xito como \u201calgo personal a partir de conseguir lo que te propones\u201d.<\/h5>\n<p><!--more--><\/p>\n<h5 style=\"text-align: justify;\">Con esto deseo dejar entendido que el \u00e9xito de una escuela (equipo escolar) no tiene que ser igual a la de otra. El \u00e9xito depender\u00e1 de los objetivos trazados por el equipo escolar (director, equipo de gesti\u00f3n, docentes, administrativos). Como director(a) es importante que tenga en cuenta que usted es una pieza clave para alcanzar el \u00e9xito escolar.<\/h5>\n<p style=\"text-align: justify;\">Para garantizar el \u00e9xito, es necesario que la gesti\u00f3n escolar tenga en cuenta una serie de fundamentos que garanticen la convivencia y el trabajo sin\u00e9rgico en el seno del centro educativo.\u00a0A continuaci\u00f3n, trataremos los mismos:<\/p>\n<h5>Fundamento 1: Identidad organizacional<\/h5>\n<p style=\"text-align: justify;\">La identidad organizacional se define como: \u201cla totalidad de los patrones repetitivos del comportamiento individual y de relaciones interpersonales, que todos juntos reflejan el significado no reconocido de la vida organizacional\u201d<a href=\"#_edn1\" name=\"_ednref1\">[i]<\/a>.\u00a0Es lo que distingue a una instituci\u00f3n de otra. La misma se construye a partir de la uni\u00f3n de los intereses del personal que opera en el Centro educativo.<\/p>\n<h5>fundamento 2: visi\u00f3n y misi\u00f3n<\/h5>\n<p style=\"text-align: justify;\">\u00bfCu\u00e1l es el objetivo de tu escuela? \u00bfQu\u00e9 busca? \u00bfQu\u00e9 aporta a la comunidad? Tanto la visi\u00f3n como la misi\u00f3n de su centro educativo deben ir acorde a:<\/p>\n<ul style=\"text-align: justify;\">\n<li>Contexto social<\/li>\n<li>Intereses colectivos<\/li>\n<li>Resultados que se esperan<\/li>\n<\/ul>\n<p style=\"text-align: justify;\">La visi\u00f3n es \u201cla capacidad de ver aquello que se desea\u201d y la misi\u00f3n es \u201caquello que se busca\u201d.<\/p>\n<h5>Fundamento 3: Organizaci\u00f3n<\/h5>\n<p style=\"text-align: justify;\">No hay cosa que m\u00e1s afecte el desempe\u00f1o de una escuela que la falta de organizaci\u00f3n. Es cierto que el Ministerio de Educaci\u00f3n plantea un organigrama b\u00e1sico en donde se describen las funciones necesarias en el centro. Pero, cuando caemos en la realidad, nos damos cuenta de que, dependiendo del tama\u00f1o de este, se necesitan funciones extras (muchas que no est\u00e1n en dicho organigrama). Es menester identificar esos renglones que se necesitan y \u201cagregarlos\u201d al organigrama original. En la gesti\u00f3n empresarial, si aparece la necesidad de un nuevo puesto; se elabora y escoge a la persona que lo gestione.<\/p>\n<p style=\"text-align: justify;\">Pero no solo en lo que tiene que ver con puestos y funciones. Tambi\u00e9n la organizaci\u00f3n permea lo que tiene que ver con la elaboraci\u00f3n y aplicaci\u00f3n de planes, proyectos y programas que fortalezcan los procesos escolares. \u00a1Y que todo el personal que trabaja en el centro tenga conocimiento de estos!<\/p>\n<h5>Fundamento 4: Sentido de responsabilidad<\/h5>\n<p style=\"text-align: justify;\">Responsabilidad es \u201chacer lo que le toca y para lo que se comprometi\u00f3\u201d. La responsabilidad es igual para todos: llegar temprano, cumplir su horario; seguir las normas de convivencia; etc. La responsabilidad se logra cuando:<\/p>\n<ul style=\"text-align: justify;\">\n<li><strong><em>Se define claramente los roles<\/em><\/strong>. Es bueno que, al inicio del a\u00f1o escolar, en las semanas de formaci\u00f3n interna de los centros, se hagan espacios para repasar lo que el Manual Operativo de Centro dice sobre las distintas funciones que interact\u00faan en la escuela. Cada actor \/ actriz debe tener claro cu\u00e1l es su funci\u00f3n y lo que se espera de la misma.<\/li>\n<li>Los directores deben tener en cuenta que \u201cdar seguimiento\u201d al cumplimiento de las funciones designadas no es simplemente fiscalizar la misma; sino proveer de apoyo y est\u00edmulo a quien la ejecuta. A varios directores les he recomendado que se den \u201cpase\u00edtos\u201d por su centro y as\u00ed podr\u00e1n tener idea clara de los procesos en el mismo realizados.<\/li>\n<li><strong><em>Evaluaci\u00f3n.<\/em><\/strong> Una de las cosas que m\u00e1s cr\u00edtico, es que no se eval\u00faa de forma correcta los resultados de las diversas funciones. La evaluaci\u00f3n es importante. Le dice a usted c\u00f3mo est\u00e1 marchando su centro. Lleva a detectar y mejorar debilidades en alguno de los eslabones operativos en su centro.<\/li>\n<\/ul>\n<h5>Fundamento 5: Respeto<\/h5>\n<p style=\"text-align: justify;\">Se necesita lo que denominamos \u201cgesti\u00f3n humana\u201d. La misma es la capacidad de \u201cvalorar\u201d, \u201capoyar\u201d, \u201cmotivar\u201d, \u201corientar\u201d y \u201ccorregir\u201d al personal a su cargo de una forma que este gane. Recuerde que sus colaboradores (aqu\u00ed nos referimos a docentes, personal de oficina y personal de apoyo) son importantes. Ellos est\u00e1n con usted en la misi\u00f3n de llevar al centro al objetivo deseado. Los miembros de su equipo son \u201cdiferentes\u201d. Sus intereses, ideas, visi\u00f3n no son las mismas que las suyas. Como director(a) eficaz debe ser lo suficiente estratega para aprovechar e integrar dichas diferencias. Stephen Covey, al respecto, escribi\u00f3: \u201cla fuerza reside en las diferencias, no en las similitudes\u201d.<\/p>\n<p style=\"text-align: justify;\">En estos tiempos, trabajar con personas se ha hecho m\u00e1s dif\u00edcil. Vivimos en una \u00e9poca en que el ofenderse se ha hecho un h\u00e1bito. Tambi\u00e9n vemos c\u00f3mo las emociones no tratadas y el estr\u00e9s lleva a muchos gestores escolares a \u201cmaltratar verbalmente\u201d a sus colaboradores. El respeto se construye cuando usted potencia la autoestima de su equipo. Sam Walton<a href=\"#_edn2\" name=\"_ednref2\">[ii]<\/a> expres\u00f3: \u201clos lideres sobresalientes salen de su camino para potenciar la autoestima de su personal. Si las personas creen en s\u00ed mismas, es incre\u00edble lo que pueden lograr\u201d. Considero que el respeto dado a los dem\u00e1s es proporcional al que nos damos.<\/p>\n<p><img loading=\"lazy\" decoding=\"async\" class=\"alignnone size-full\" src=\"http:\/\/webdelmaestrocmf.com\/portal\/wp-content\/uploads\/2018\/11\/1-47.jpg\" width=\"1100\" height=\"680\" \/><\/p>\n<h5>Fundamento 6: Liderazgo<\/h5>\n<p style=\"text-align: justify;\">M\u00e1s que jefes, las escuelas necesitan l\u00edderes. Un l\u00edder se considera \u201cprimero entre sus iguales\u201d. La persona que se \u201carremanga la camisa, se afloja la corbata y camina delante de su equipo\u201d. El l\u00edder es alguien que inspira a los dem\u00e1s. Que los enamora de tal forma, que no tiene que imponerse por su cargo, sino por su inspiraci\u00f3n. Al respecto, John Quincy Adams<a href=\"#_edn3\" name=\"_ednref3\">[iii]<\/a> afirm\u00f3 que: \u201cSi tus acciones inspiran a otros a so\u00f1ar m\u00e1s, aprender m\u00e1s, hacer m\u00e1s y ser m\u00e1s, eres un l\u00edder\u201d. Por otra parte, Steven J. Stowell expone que \u201clos grandes l\u00edderes encuentran formas de conectarse con su gente y ayudarlas alcanzar todo su potencial\u201d. \u00bfUsted es un l\u00edder?<\/p>\n<h5>Fundamento 7: Sinergia<\/h5>\n<p style=\"text-align: justify;\">Mucho se habla del trabajo en equipo. La sinergia es una cualidad propia del mismo. La misma se define como la \u201cacci\u00f3n conjunta de varios \u00f3rganos en la realizaci\u00f3n de una funci\u00f3n\u201d. La sinergia escolar se produce cuando, tanto el director(a), equipo de gesti\u00f3n, docentes, personal administrativo y APMAE trabajan en conjunto para alcanzar los objetivos del centro. No es que uno tenga que hacer la funci\u00f3n de otro, sino que cada cual trabaje en su esfera. Para promover la sinergia en su equipo escolar, debe tener en cuenta los siguientes:<\/p>\n<ul style=\"text-align: justify;\">\n<li>Integre a los actores escolares<\/li>\n<li>Propicie el que se intercambien ideas y opiniones sobre c\u00f3mo alcanzar los objetivos deseados<\/li>\n<li>De m\u00e1s participaci\u00f3n<\/li>\n<li>Responsabilice<\/li>\n<li>Fomente liderazgos intermedios.<\/li>\n<\/ul>\n<p style=\"text-align: justify;\">Me gusta una frase de Henry Ford: \u201cReunirse en equipo es el principio. Mantenerse en equipo es el progreso. Trabajar en equipo asegura el \u00e9xito\u201d.<\/p>\n<h5>Fundamento 8: Calidad<\/h5>\n<p style=\"text-align: justify;\">Su centro educativo debe ser de calidad. La misma ha de manifestarse en los servicios y trato personal. Se ha visto c\u00f3mo padres, t\u00e9cnicos escolares, entre otros, se quejan del \u201cmal servicio\u201d recibido en X o tal escuela: entrega tard\u00eda de documentos o perdida de estos (o en el peor de los casos \u201cerrores\u201d en los mismos); directores que los dejan esperando por largo tiempo; trato sin ninguna cortes\u00eda; etc.<\/p>\n<p style=\"text-align: justify;\">Como director (a) debe proponerse y velar por la calidad; tanto propia como de cada servicio que se ofrece en la escuela que usted gestiona. La calidad se manifiesta en:<\/p>\n<ul style=\"text-align: justify;\">\n<li>Orden<\/li>\n<li>Responsabilidad<\/li>\n<li>Limpieza<\/li>\n<li>Buen trato<\/li>\n<li>Mejora constante<\/li>\n<li>Autoevaluaci\u00f3n<\/li>\n<\/ul>\n<p style=\"text-align: justify;\">Lawrence M. Miller<a href=\"#_edn4\" name=\"_ednref4\">[iv]<\/a> aclara que \u201cla excelencia en servicio no es un logro. Es un esp\u00edritu, es un proceso sin fin\u201d. Peter Drucker<a href=\"#_edn5\" name=\"_ednref5\">[v]<\/a>, por su parte, afirma que \u201ccalidad en el servicio no es lo que t\u00fa das, sino lo que el cliente recibe\u201d. Jack Welch<a href=\"#_edn6\" name=\"_ednref6\">[vi]<\/a> expres\u00f3 que \u201cla calidad es el \u00fanico elemento importante para el crecimiento\u201d. Como instituciones de servicio p\u00fablico debemos garantizar la satisfacci\u00f3n de nuestros clientes (padres, alumnos y miembros de la sociedad). Michael Lebouf<a href=\"#_edn7\" name=\"_ednref7\">[vii]<\/a> aclara, y es aplicable en nuestro medio, que \u201cun cliente satisfecho es la mejor estrategia de negocios\u201d.<\/p>\n<p><img loading=\"lazy\" decoding=\"async\" class=\"alignnone size-full wp-image-87303\" src=\"https:\/\/webdelmaestrocmf.com\/portal\/wp-content\/uploads\/2018\/11\/ZA12B3C4D-86-11.jpg\" alt=\"\" width=\"700\" height=\"365\" srcset=\"https:\/\/webdelmaestrocmf.com\/portal\/wp-content\/uploads\/2018\/11\/ZA12B3C4D-86-11.jpg 700w, https:\/\/webdelmaestrocmf.com\/portal\/wp-content\/uploads\/2018\/11\/ZA12B3C4D-86-11-300x156.jpg 300w, https:\/\/webdelmaestrocmf.com\/portal\/wp-content\/uploads\/2018\/11\/ZA12B3C4D-86-11-110x57.jpg 110w, https:\/\/webdelmaestrocmf.com\/portal\/wp-content\/uploads\/2018\/11\/ZA12B3C4D-86-11-200x104.jpg 200w, https:\/\/webdelmaestrocmf.com\/portal\/wp-content\/uploads\/2018\/11\/ZA12B3C4D-86-11-380x198.jpg 380w, https:\/\/webdelmaestrocmf.com\/portal\/wp-content\/uploads\/2018\/11\/ZA12B3C4D-86-11-255x133.jpg 255w, https:\/\/webdelmaestrocmf.com\/portal\/wp-content\/uploads\/2018\/11\/ZA12B3C4D-86-11-550x287.jpg 550w\" sizes=\"auto, (max-width: 700px) 100vw, 700px\" \/><\/p>\n<h5>Fundamento 9: Sentido de autocritica<\/h5>\n<p style=\"text-align: justify;\">Las organizaciones que crecen son aquellas dispuestas a autocriticarse. Las instituciones educativas no son muy dadas a la autocr\u00edtica. Creemos que todo lo que hacemos est\u00e1 bien. No nos gusta que nos cuestionen, y menos auto cuestionarnos. La importancia de una autocr\u00edtica saludable (aquella que nos lleve a reconocer nuestros aciertos y mejorar las debilidades) reside en que da paso a la transformaci\u00f3n. La sociedad cambia y la escuela tambi\u00e9n debe hacerlo. Para mantener la calidad, es necesario una evaluaci\u00f3n constante de los servicios y logros de la escuela.<\/p>\n<p style=\"text-align: justify;\">Con su Equipo de Gesti\u00f3n es saludable evaluar los resultados de cada miembro del centro y de las distintas \u00e1reas que operan en el mismo.<\/p>\n<h5>Fundamento 10: Mejora constante<\/h5>\n<p style=\"text-align: justify;\">\u00a1Mejorar! \u00a1Mejorar! Esa es la principal acci\u00f3n. Jack Welch cit\u00f3 que \u201cla calidad es la mejor garant\u00eda de la fidelidad de nuestros clientes\u201d. Calidad va de la mano con mejora constante. Una escuela con altos \u00edndices en evaluaci\u00f3n y opini\u00f3n del p\u00fablico es aquella con altos est\u00e1ndares de calidad y pr\u00e1ctica de mejora constante. Sun Tzu, en su obra cumbre \u201cEl arte de la Guerra\u201d, nos lega un consejo que debe ser bien tomado en cuenta: \u201cPor esto, cuando ha logrado una victoria, no repita nuevamente la misma t\u00e1ctica, sino que, respondiendo a las circunstancias, modifique sus m\u00e9todos hasta el infinito\u201d.<\/p>\n<p style=\"text-align: justify;\">He notado c\u00f3mo nuestros docentes tienen muchas ideas que merecen ser tomadas en cuenta. Pero, lamentablemente, muchos est\u00e1n bajo la gesti\u00f3n de directivos cortos de visi\u00f3n que las ahogan. \u00bfQuiere una mejora real? \u00a1integre a su equipo en la producci\u00f3n de ideas para la misma!<\/p>\n<h5>Fundamento 11: Celebraci\u00f3n de sus logros<\/h5>\n<p style=\"text-align: justify;\">\u00a1Felicite a sus docentes, personal administrativo y apoyo por el \u00e9xito del a\u00f1o escolar que termina! H\u00e1gales una celebraci\u00f3n. Recuerde que el trabajo desgasta. Su personal necesita ser motivado constantemente. Saber que sus esfuerzos son valorados por usted. Aproveche fechas especiales para agasajarlos. Felic\u00edtelos en p\u00fablico. Tenga presente sus cumplea\u00f1os para recordarles lo valioso de su presencia en el centro educativo.<\/p>\n<p style=\"text-align: justify;\">El l\u00edder no se afana por estar siempre delante. Por lo contrario, se mantiene detr\u00e1s coordinando y motivando. Lao Tzu dec\u00eda que \u201cpara liderar a la gente, camina tras ellos\u201d. El \u00e9xito de la escuela es el \u00e9xito de todos\u2026 \u00a1y el fracaso igual! Aprenda tambi\u00e9n a celebrar sus propios logros (al final, por su liderazgo los dem\u00e1s consiguieron el \u00e9xito).<\/p>\n<p><img loading=\"lazy\" decoding=\"async\" class=\" wp-image-33326\" src=\"http:\/\/webdelmaestrocmf.com\/portal\/wp-content\/uploads\/2018\/11\/1-48.jpg\" alt=\"\" width=\"921\" height=\"667\" srcset=\"https:\/\/webdelmaestrocmf.com\/portal\/wp-content\/uploads\/2018\/11\/1-48.jpg 612w, https:\/\/webdelmaestrocmf.com\/portal\/wp-content\/uploads\/2018\/11\/1-48-300x217.jpg 300w\" sizes=\"auto, (max-width: 921px) 100vw, 921px\" \/><\/p>\n<p style=\"text-align: justify;\"><strong>CONCLUSI\u00d3N <\/strong><\/p>\n<p style=\"text-align: justify;\">Los anteriores, solo por su aplicaci\u00f3n, garantizar\u00edan la mejora de nuestros centros educativos mediante la mejora de los procesos en los mismos. \u00bfQu\u00e9 es una escuela exitosa? Recuerde que eso depende de lo que ustedes, como organizaci\u00f3n, entiendan seria su \u00e9xito. Le compartir\u00e9 algunas ideas personales:<\/p>\n<ul style=\"text-align: justify;\">\n<li>Conseguir los objetivos planteados<\/li>\n<li>Vivir en un ambiente de armon\u00eda<\/li>\n<li>Mantener la calidad de los procesos<\/li>\n<li>Garantizar aprendizajes (que se vislumbren en aprobaciones)<\/li>\n<li>Suplir las necesidades colectivas y personales en la medida que se pueda.<\/li>\n<\/ul>\n<p style=\"text-align: justify;\">\u00a1Usted es qui\u00e9n tiene la misi\u00f3n de que su centro avance! No es algo que tenga que hacer solo(a).<br \/>\n_____________<\/p>\n<ul>\n<li style=\"text-align: justify;\"><a href=\"#_ednref1\" name=\"_edn1\">[i]<\/a> Recuperado de: <a href=\"http:\/\/www.losrecursoshumanos.com\/identidad-organizacional\/\" target=\"_blank\" rel=\"noopener noreferrer\">http:\/\/www.losrecursoshumanos.com\/identidad-organizacional\/<\/a><\/li>\n<li style=\"text-align: justify;\"><a href=\"#_ednref2\" name=\"_edn2\">[ii]<\/a> <strong><em>Samuel Moore Walton<\/em><\/strong> fue un empresario estadounidense, conocido por haber fundado dos de las tiendas minoristas m\u00e1s importantes de Estados Unidos: Walmart y Sam&#8217;s Club.<\/li>\n<li style=\"text-align: justify;\"><a href=\"#_ednref3\" name=\"_edn3\">[iii]<\/a> <strong><em>John Quincy Adams<\/em><\/strong>\u00a0(<a href=\"https:\/\/es.wikipedia.org\/wiki\/Braintree_(Massachusetts)\" target=\"_blank\" rel=\"noopener noreferrer\">Braintree (Massachusetts)<\/a>,\u00a0<a href=\"https:\/\/es.wikipedia.org\/wiki\/11_de_julio\" target=\"_blank\" rel=\"noopener noreferrer\">11 de julio<\/a>\u00a0de\u00a0<a href=\"https:\/\/es.wikipedia.org\/wiki\/1767\" target=\"_blank\" rel=\"noopener noreferrer\">1767<\/a>\u00a0\u2013\u00a0<a href=\"https:\/\/es.wikipedia.org\/wiki\/Washington_D._C.\" target=\"_blank\" rel=\"noopener noreferrer\">Washington D. C.<\/a>,\u00a0<a href=\"https:\/\/es.wikipedia.org\/wiki\/23_de_febrero\" target=\"_blank\" rel=\"noopener noreferrer\">23 de febrero<\/a>\u00a0de\u00a0<a href=\"https:\/\/es.wikipedia.org\/wiki\/1848\" target=\"_blank\" rel=\"noopener noreferrer\">1848<\/a>) fue un diplom\u00e1tico y pol\u00edtico estadounidense que lleg\u00f3 a ser el sexto presidente de los\u00a0<a href=\"https:\/\/es.wikipedia.org\/wiki\/Estados_Unidos\" target=\"_blank\" rel=\"noopener noreferrer\">Estados Unidos<\/a>\u00a0(1825-1829). Fue miembro del\u00a0<a href=\"https:\/\/es.wikipedia.org\/wiki\/Partido_Federalista\" target=\"_blank\" rel=\"noopener noreferrer\">Partido Federalista<\/a>, del\u00a0<a href=\"https:\/\/es.wikipedia.org\/wiki\/Partido_Dem%C3%B3crata-Republicano\" target=\"_blank\" rel=\"noopener noreferrer\">Partido Dem\u00f3crata-Republicano<\/a>, del\u00a0<a href=\"https:\/\/es.wikipedia.org\/wiki\/Partido_Nacional-Republicano\" target=\"_blank\" rel=\"noopener noreferrer\">Partido Nacional-Republicano<\/a>\u00a0y, m\u00e1s tarde, del\u00a0<a href=\"https:\/\/es.wikipedia.org\/wiki\/Partido_Anti-Mas%C3%B3nico\" target=\"_blank\" rel=\"noopener noreferrer\">Partido Anti-Mas\u00f3nico<\/a>\u00a0y del\u00a0<a href=\"https:\/\/es.wikipedia.org\/wiki\/Partido_Whig\" target=\"_blank\" rel=\"noopener noreferrer\">Partido Whig<\/a>.<\/li>\n<li style=\"text-align: justify;\"><a href=\"#_ednref4\" name=\"_edn4\">[iv]<\/a> <strong><em>Lawrence M. Miller<\/em><\/strong> autor estadounidense sobre educaci\u00f3n, administraci\u00f3n y liderazgo<\/li>\n<li style=\"text-align: justify;\"><a href=\"#_ednref5\" name=\"_edn5\">[v]<\/a> <strong><em>Peter Ferdinand Drucker<\/em><\/strong> fue consultor y profesor de negocios, tratadista austriaco, y abogado de carrera, considerado el mayor fil\u00f3sofo de la administraci\u00f3n del siglo XX. Fue autor de m\u00e1s de 35 libros, y sus ideas fueron decisivas en la creaci\u00f3n de la Corporaci\u00f3n Moderna.<\/li>\n<li style=\"text-align: justify;\"><a href=\"#_ednref6\" name=\"_edn6\">[vi]<\/a> <strong><em>John Francis \u00abJack\u00bb\u00a0Welch\u00a0Jr<\/em><\/strong>. naci\u00f3 en Peabody (Massachusetts), el 19 de noviembre de 1935, es un empresario y escritor estadounidense. Fue elegido Ejecutivo del siglo XX. Entr\u00f3 a trabajar en la General Electric Company en 1960 y en 1981 pas\u00f3 a ser el octavo director general de la empresa.<\/li>\n<li style=\"text-align: justify;\"><a href=\"#_ednref7\" name=\"_edn7\">[vii]<\/a> <strong><em>Michael Lebouf<\/em><\/strong> autor del \u00e1rea de negocios y m\u00e1nager empresarial estadounidense.<\/li>\n<\/ul>\n<p style=\"text-align: justify;\"><strong>NOTA DE REDACCI\u00d3N:<\/strong> La Web del Maestro CMF publica los textos originales de su autor, no necesariamente coincide con lo expuesto en el tema, y no se hace responsable de las opiniones expresadas, y no promociona ning\u00fan producto, servicio, marca o empresa. Sugerimos a nuestros lectores conocer la identidad de la fuente o de su autor, para tener mayores elementos de juicio y la pertinencia a su realidad educativa.<\/p>\n<table border=\"0\" width=\"100%\" cellspacing=\"10\" cellpadding=\"10\">\n<tbody>\n<tr>\n<td width=\"30%\">\n<p style=\"text-align: center;\"><img loading=\"lazy\" decoding=\"async\" class=\"size-full wp-image-63202 aligncenter\" src=\"https:\/\/webdelmaestrocmf.com\/portal\/wp-content\/uploads\/2021\/05\/1-copia-27.jpg\" alt=\"\" width=\"200\" height=\"200\" srcset=\"https:\/\/webdelmaestrocmf.com\/portal\/wp-content\/uploads\/2021\/05\/1-copia-27.jpg 200w, https:\/\/webdelmaestrocmf.com\/portal\/wp-content\/uploads\/2021\/05\/1-copia-27-150x150.jpg 150w, https:\/\/webdelmaestrocmf.com\/portal\/wp-content\/uploads\/2021\/05\/1-copia-27-80x80.jpg 80w, https:\/\/webdelmaestrocmf.com\/portal\/wp-content\/uploads\/2021\/05\/1-copia-27-110x110.jpg 110w, https:\/\/webdelmaestrocmf.com\/portal\/wp-content\/uploads\/2021\/05\/1-copia-27-160x160.jpg 160w\" sizes=\"auto, (max-width: 200px) 100vw, 200px\" \/><br \/>\n<strong>Autor:<\/strong> V\u00edctor Manuel Betemi Rawlins , ciudadano dominicano, nacido en Rep\u00fablica Dominicana.<br \/>\n<strong>Experiencia laboral: Lic. en Educaci\u00f3n Primaria.<\/strong> Diplomados en Psicolog\u00eda, Neurociencia, Gesti\u00f3n Educativa, Competencias Educativas y Ciencias Sociales Aplicadas. Cursos de postgrado en gesti\u00f3n, proyectos e innovaci\u00f3n. Maestr\u00eda en Tecnolog\u00eda Educativa. 16 a\u00f1os de experiencia docente y 3 a\u00f1os como t\u00e9cnico docente del Ministerio de Educaci\u00f3n de Rep\u00fablica Dominicana. 4 a\u00f1os como catedr\u00e1tico universitario; autor de art\u00edculos sobre gesti\u00f3n, liderazgo escolar e innovaci\u00f3n educativa. Tallerista y conferencista en congresos y talleres en temas de neurogesti\u00f3n y liderazgo escolar.<br \/>\n<strong>Correo electr\u00f3nico:<\/strong> <a href=\"mailto:v.m.betemi11@gmail.com\">v.m.betemi11@gmail.com<\/a><br \/>\n<strong>Cuenta de twitter:<\/strong> <a href=\"https:\/\/twitter.com\/VMRAWLINS\" target=\"_blank\" rel=\"noopener noreferrer\">@VMRAWLINS<\/a><a href=\"mailto:achapa01@hotmail.com\" target=\"_blank\" rel=\"noopener noreferrer\"><br \/>\n<\/a><\/p>\n<\/td>\n<\/tr>\n<\/tbody>\n<\/table>\n\t\t<div class=\"pk-inline-posts\">\n\t\t\t\n\t\t\t<div class=\"pk-inline-posts-container pk-inline-posts-template-list\"\n\t\t\t\tdata-columns=\"1\">\n\t\t\t\t\t\t<article id=\"post-106050\" class=\"post-106050 post type-post status-publish format-standard has-post-thumbnail category-z-colaborador-victor-rawlins category-colaborador tag-3ra tag-aprendizaje tag-escuela tag-ia tag-integracion tag-l-proceso tag-victor-manuel-betemi cs-entry cs-video-wrap\">\n\t\t\t<div class=\"pk-post-outer\">\n\n\t\t\t\t\t\t\t\t<div class=\"pk-post-inner\">\n\t\t\t\t\t<div class=\"entry-thumbnail\">\n\t\t\t\t\t\t<div class=\"pk-overlay pk-overlay-ratio pk-ratio-landscape\">\n\t\t\t\t\t\t\t<div class=\"pk-overlay-background\">\n\t\t\t\t\t\t\t\t<a href=\"https:\/\/webdelmaestrocmf.com\/portal\/victor-manuel-betemi-la-3ra-escuela-la-integracion-de-la-ia-en-el-proceso-de-aprendizaje\/\" class=\"pk-overlay-link\">\n\t\t\t\t\t\t\t\t\t<img loading=\"lazy\" decoding=\"async\" width=\"300\" height=\"225\" src=\"https:\/\/webdelmaestrocmf.com\/portal\/wp-content\/uploads\/2024\/06\/Banner-1-portada-imagen-10-1-2024-06-20T173133.916-300x225.jpg\" class=\"attachment-pk-thumbnail size-pk-thumbnail wp-post-image\" alt=\"\" \/>\t\t\t\t\t\t\t\t<\/a>\n\t\t\t\t\t\t\t<\/div>\n\t\t\t\t\t\t<\/div>\n\t\t\t\t\t<\/div>\n\t\t\t\t<\/div>\n\t\t\t\t\n\t\t\t\t<div class=\"pk-post-inner\">\n\t\t\t\t\t<header>\n\t\t\t\t\t\t<h3 class=\"pk-title\"><a href=\"https:\/\/webdelmaestrocmf.com\/portal\/victor-manuel-betemi-la-3ra-escuela-la-integracion-de-la-ia-en-el-proceso-de-aprendizaje\/\" rel=\"bookmark\">[V\u00edctor Manuel Betemi] La 3ra. Escuela. La integraci\u00f3n de la IA en el proceso de aprendizaje<\/a><\/h3>\t\t\t\t\t<\/header><!-- .entry-header -->\n\t\t\t\t<\/div><!-- .post-inner -->\n\n\t\t\t<\/div><!-- .post-outer -->\n\t\t<\/article>\n\t\t\t\t<\/div>\n\t\t<\/div>\n\t\t\n","protected":false},"excerpt":{"rendered":"\u00bfQu\u00e9 es el \u00e9xito? Existen muchas definiciones de \u00e9ste. Pero considero la m\u00e1s adecuada la que, en cierta&hellip;","protected":false},"author":1,"featured_media":87300,"comment_status":"open","ping_status":"closed","sticky":false,"template":"","format":"standard","meta":{"csco_display_header_overlay":false,"csco_singular_sidebar":"default","csco_page_header_type":"default","csco_page_load_nextpost":"default","csco_post_video_location":[],"csco_post_video_location_hash":"","csco_post_video_url":"","csco_post_video_bg_start_time":0,"csco_post_video_bg_end_time":0,"csco_post_video_bg_volume":false,"_jetpack_memberships_contains_paid_content":false,"footnotes":""},"categories":[2425,1790],"tags":[2330,228,3942,2719],"class_list":{"0":"post-33318","1":"post","2":"type-post","3":"status-publish","4":"format-standard","5":"has-post-thumbnail","7":"category-z-colaborador-victor-rawlins","8":"category-colaborador","9":"tag-director","10":"tag-escuela","11":"tag-exitosa","12":"tag-fundamentos","13":"cs-entry","14":"cs-video-wrap"},"yoast_head":"<!-- This site is optimized with the Yoast SEO plugin v27.5 - https:\/\/yoast.com\/product\/yoast-seo-wordpress\/ -->\n<title>Fundamentos que todo Director escolar deber\u00eda tomar en cuenta para tener una escuela exitosa - 2026<\/title>\n<meta name=\"description\" content=\"\u00bfQu\u00e9 es el \u00e9xito? Existen muchas definiciones de \u00e9ste. Pero considero la m\u00e1s adecuada la que, en cierta ocasi\u00f3n, manifest\u00f3...\" \/>\n<meta name=\"robots\" content=\"index, follow, max-snippet:-1, max-image-preview:large, max-video-preview:-1\" \/>\n<link rel=\"canonical\" href=\"https:\/\/webdelmaestrocmf.com\/portal\/fundamentos-que-todo-directora-escolar-deberia-tomar-en-cuenta-para-tener-una-escuela-exitosa\/\" \/>\n<meta property=\"og:locale\" content=\"es_ES\" \/>\n<meta property=\"og:type\" content=\"article\" \/>\n<meta property=\"og:title\" content=\"Fundamentos que todo Director escolar deber\u00eda tomar en cuenta para tener una escuela exitosa - 2026\" \/>\n<meta property=\"og:description\" content=\"\u00bfQu\u00e9 es el \u00e9xito? Existen muchas definiciones de \u00e9ste. Pero considero la m\u00e1s adecuada la que, en cierta ocasi\u00f3n, manifest\u00f3...\" \/>\n<meta property=\"og:url\" content=\"https:\/\/webdelmaestrocmf.com\/portal\/fundamentos-que-todo-directora-escolar-deberia-tomar-en-cuenta-para-tener-una-escuela-exitosa\/\" \/>\n<meta property=\"og:site_name\" content=\"Web del Maestro CMF\" \/>\n<meta property=\"article:publisher\" content=\"https:\/\/www.facebook.com\/WebdelMaestroCMF\/\" \/>\n<meta property=\"article:author\" content=\"https:\/\/www.facebook.com\/WebdelMaestroCMF\/\" \/>\n<meta property=\"article:published_time\" content=\"2023-04-13T14:09:24+00:00\" \/>\n<meta property=\"article:modified_time\" content=\"2023-04-13T14:43:22+00:00\" \/>\n<meta property=\"og:image\" content=\"https:\/\/i0.wp.com\/webdelmaestrocmf.com\/portal\/wp-content\/uploads\/2018\/11\/A12B3C4D-4.jpg?fit=900%2C556&ssl=1\" \/>\n\t<meta property=\"og:image:width\" content=\"900\" \/>\n\t<meta property=\"og:image:height\" content=\"556\" \/>\n\t<meta property=\"og:image:type\" content=\"image\/jpeg\" \/>\n<meta name=\"author\" content=\"Web del Maestro CMF\" \/>\n<meta name=\"twitter:card\" content=\"summary_large_image\" \/>\n<meta name=\"twitter:creator\" content=\"@cmf_w\" \/>\n<meta name=\"twitter:site\" content=\"@cmf_w\" \/>\n<script type=\"application\/ld+json\" class=\"yoast-schema-graph\">{\"@context\":\"https:\\\/\\\/schema.org\",\"@graph\":[{\"@type\":\"ScholarlyArticle\",\"@id\":\"https:\\\/\\\/webdelmaestrocmf.com\\\/portal\\\/fundamentos-que-todo-directora-escolar-deberia-tomar-en-cuenta-para-tener-una-escuela-exitosa\\\/#article\",\"isPartOf\":{\"@id\":\"https:\\\/\\\/webdelmaestrocmf.com\\\/portal\\\/fundamentos-que-todo-directora-escolar-deberia-tomar-en-cuenta-para-tener-una-escuela-exitosa\\\/\"},\"author\":{\"name\":\"Web del Maestro CMF\",\"@id\":\"https:\\\/\\\/webdelmaestrocmf.com\\\/portal\\\/#\\\/schema\\\/person\\\/1072a2ed7bd960df8ef99a551fa35dc5\"},\"headline\":\"Fundamentos que todo Director escolar deber\u00eda tomar en cuenta para tener una escuela exitosa\",\"datePublished\":\"2023-04-13T14:09:24+00:00\",\"dateModified\":\"2023-04-13T14:43:22+00:00\",\"mainEntityOfPage\":{\"@id\":\"https:\\\/\\\/webdelmaestrocmf.com\\\/portal\\\/fundamentos-que-todo-directora-escolar-deberia-tomar-en-cuenta-para-tener-una-escuela-exitosa\\\/\"},\"wordCount\":2348,\"commentCount\":0,\"publisher\":{\"@id\":\"https:\\\/\\\/webdelmaestrocmf.com\\\/portal\\\/#organization\"},\"image\":{\"@id\":\"https:\\\/\\\/webdelmaestrocmf.com\\\/portal\\\/fundamentos-que-todo-directora-escolar-deberia-tomar-en-cuenta-para-tener-una-escuela-exitosa\\\/#primaryimage\"},\"thumbnailUrl\":\"https:\\\/\\\/webdelmaestrocmf.com\\\/portal\\\/wp-content\\\/uploads\\\/2018\\\/11\\\/A12B3C4D-4.jpg\",\"keywords\":[\"DIRECTOR\",\"escuela\",\"EXITOSA\",\"FUNDAMENTOS\"],\"articleSection\":[\"Z-Colaborador-Victor-Rawlins\",\"Z-Colaboradores\"],\"inLanguage\":\"es\",\"potentialAction\":[{\"@type\":\"CommentAction\",\"name\":\"Comment\",\"target\":[\"https:\\\/\\\/webdelmaestrocmf.com\\\/portal\\\/fundamentos-que-todo-directora-escolar-deberia-tomar-en-cuenta-para-tener-una-escuela-exitosa\\\/#respond\"]}]},{\"@type\":\"WebPage\",\"@id\":\"https:\\\/\\\/webdelmaestrocmf.com\\\/portal\\\/fundamentos-que-todo-directora-escolar-deberia-tomar-en-cuenta-para-tener-una-escuela-exitosa\\\/\",\"url\":\"https:\\\/\\\/webdelmaestrocmf.com\\\/portal\\\/fundamentos-que-todo-directora-escolar-deberia-tomar-en-cuenta-para-tener-una-escuela-exitosa\\\/\",\"name\":\"Fundamentos que todo Director escolar deber\u00eda tomar en cuenta para tener una escuela exitosa - 2026\",\"isPartOf\":{\"@id\":\"https:\\\/\\\/webdelmaestrocmf.com\\\/portal\\\/#website\"},\"primaryImageOfPage\":{\"@id\":\"https:\\\/\\\/webdelmaestrocmf.com\\\/portal\\\/fundamentos-que-todo-directora-escolar-deberia-tomar-en-cuenta-para-tener-una-escuela-exitosa\\\/#primaryimage\"},\"image\":{\"@id\":\"https:\\\/\\\/webdelmaestrocmf.com\\\/portal\\\/fundamentos-que-todo-directora-escolar-deberia-tomar-en-cuenta-para-tener-una-escuela-exitosa\\\/#primaryimage\"},\"thumbnailUrl\":\"https:\\\/\\\/webdelmaestrocmf.com\\\/portal\\\/wp-content\\\/uploads\\\/2018\\\/11\\\/A12B3C4D-4.jpg\",\"datePublished\":\"2023-04-13T14:09:24+00:00\",\"dateModified\":\"2023-04-13T14:43:22+00:00\",\"description\":\"\u00bfQu\u00e9 es el \u00e9xito? Existen muchas definiciones de \u00e9ste. Pero considero la m\u00e1s adecuada la que, en cierta ocasi\u00f3n, manifest\u00f3...\",\"breadcrumb\":{\"@id\":\"https:\\\/\\\/webdelmaestrocmf.com\\\/portal\\\/fundamentos-que-todo-directora-escolar-deberia-tomar-en-cuenta-para-tener-una-escuela-exitosa\\\/#breadcrumb\"},\"inLanguage\":\"es\",\"potentialAction\":[{\"@type\":\"ReadAction\",\"target\":[\"https:\\\/\\\/webdelmaestrocmf.com\\\/portal\\\/fundamentos-que-todo-directora-escolar-deberia-tomar-en-cuenta-para-tener-una-escuela-exitosa\\\/\"]}]},{\"@type\":\"ImageObject\",\"inLanguage\":\"es\",\"@id\":\"https:\\\/\\\/webdelmaestrocmf.com\\\/portal\\\/fundamentos-que-todo-directora-escolar-deberia-tomar-en-cuenta-para-tener-una-escuela-exitosa\\\/#primaryimage\",\"url\":\"https:\\\/\\\/webdelmaestrocmf.com\\\/portal\\\/wp-content\\\/uploads\\\/2018\\\/11\\\/A12B3C4D-4.jpg\",\"contentUrl\":\"https:\\\/\\\/webdelmaestrocmf.com\\\/portal\\\/wp-content\\\/uploads\\\/2018\\\/11\\\/A12B3C4D-4.jpg\",\"width\":900,\"height\":556},{\"@type\":\"BreadcrumbList\",\"@id\":\"https:\\\/\\\/webdelmaestrocmf.com\\\/portal\\\/fundamentos-que-todo-directora-escolar-deberia-tomar-en-cuenta-para-tener-una-escuela-exitosa\\\/#breadcrumb\",\"itemListElement\":[{\"@type\":\"ListItem\",\"position\":1,\"name\":\"Portada\",\"item\":\"https:\\\/\\\/webdelmaestrocmf.com\\\/portal\\\/\"},{\"@type\":\"ListItem\",\"position\":2,\"name\":\"Z-Colaboradores\",\"item\":\"https:\\\/\\\/webdelmaestrocmf.com\\\/portal\\\/category\\\/colaborador\\\/\"},{\"@type\":\"ListItem\",\"position\":3,\"name\":\"Fundamentos que todo Director escolar deber\u00eda tomar en cuenta para tener una escuela exitosa\"}]},{\"@type\":\"WebSite\",\"@id\":\"https:\\\/\\\/webdelmaestrocmf.com\\\/portal\\\/#website\",\"url\":\"https:\\\/\\\/webdelmaestrocmf.com\\\/portal\\\/\",\"name\":\"Web del Maestro CMF\",\"description\":\"Maestros al servicio de la educaci\u00f3n\",\"publisher\":{\"@id\":\"https:\\\/\\\/webdelmaestrocmf.com\\\/portal\\\/#organization\"},\"alternateName\":\"WMCMF\",\"potentialAction\":[{\"@type\":\"SearchAction\",\"target\":{\"@type\":\"EntryPoint\",\"urlTemplate\":\"https:\\\/\\\/webdelmaestrocmf.com\\\/portal\\\/?s={search_term_string}\"},\"query-input\":{\"@type\":\"PropertyValueSpecification\",\"valueRequired\":true,\"valueName\":\"search_term_string\"}}],\"inLanguage\":\"es\"},{\"@type\":\"Organization\",\"@id\":\"https:\\\/\\\/webdelmaestrocmf.com\\\/portal\\\/#organization\",\"name\":\"Web del Maestro CMF\",\"alternateName\":\"WMCMF\",\"url\":\"https:\\\/\\\/webdelmaestrocmf.com\\\/portal\\\/\",\"logo\":{\"@type\":\"ImageObject\",\"inLanguage\":\"es\",\"@id\":\"https:\\\/\\\/webdelmaestrocmf.com\\\/portal\\\/#\\\/schema\\\/logo\\\/image\\\/\",\"url\":\"https:\\\/\\\/webdelmaestrocmf.com\\\/portal\\\/wp-content\\\/uploads\\\/2023\\\/01\\\/logo-wmcmf-2.png\",\"contentUrl\":\"https:\\\/\\\/webdelmaestrocmf.com\\\/portal\\\/wp-content\\\/uploads\\\/2023\\\/01\\\/logo-wmcmf-2.png\",\"width\":200,\"height\":60,\"caption\":\"Web del Maestro CMF\"},\"image\":{\"@id\":\"https:\\\/\\\/webdelmaestrocmf.com\\\/portal\\\/#\\\/schema\\\/logo\\\/image\\\/\"},\"sameAs\":[\"https:\\\/\\\/www.facebook.com\\\/WebdelMaestroCMF\\\/\",\"https:\\\/\\\/x.com\\\/cmf_w\",\"https:\\\/\\\/www.pinterest.com\\\/WMCMF\\\/\",\"https:\\\/\\\/www.linkedin.com\\\/company\\\/web-del-maestro-cmf\\\/\",\"https:\\\/\\\/www.instagram.com\\\/wmcmf\\\/\",\"https:\\\/\\\/www.youtube.com\\\/channel\\\/UCDPSvjbdodE5sHnC3OxutHw\",\"https:\\\/\\\/mastodon.social\\\/@wmcmf\",\"https:\\\/\\\/www.tiktok.com\\\/@webdelmaestrocmf\"]},{\"@type\":\"Person\",\"@id\":\"https:\\\/\\\/webdelmaestrocmf.com\\\/portal\\\/#\\\/schema\\\/person\\\/1072a2ed7bd960df8ef99a551fa35dc5\",\"name\":\"Web del Maestro CMF\",\"image\":{\"@type\":\"ImageObject\",\"inLanguage\":\"es\",\"@id\":\"https:\\\/\\\/secure.gravatar.com\\\/avatar\\\/23291dd5b5ae1077dcff3dbb04c3e02bd28403fa75af6d8787d5e97c5bbbe30b?s=96&d=mm&r=g\",\"url\":\"https:\\\/\\\/secure.gravatar.com\\\/avatar\\\/23291dd5b5ae1077dcff3dbb04c3e02bd28403fa75af6d8787d5e97c5bbbe30b?s=96&d=mm&r=g\",\"contentUrl\":\"https:\\\/\\\/secure.gravatar.com\\\/avatar\\\/23291dd5b5ae1077dcff3dbb04c3e02bd28403fa75af6d8787d5e97c5bbbe30b?s=96&d=mm&r=g\",\"caption\":\"Web del Maestro CMF\"},\"description\":\"Esta Web se cre\u00f3 sin fines de lucro, con fines educativos, cient\u00edficos y acad\u00e9micos, para personas que tengan dificultades y\\\/o inconvenientes en visualizar el material original. El objetivo es entregar recursos, compartir experiencias y materiales que ayuden a los padres de familia, maestros y estudiantes en su actualizaci\u00f3n y formaci\u00f3n permanente, en bien de la Educaci\u00f3n.\",\"sameAs\":[\"http:\\\/\\\/webdelmaestrocmf.com\\\/portal\",\"https:\\\/\\\/www.facebook.com\\\/WebdelMaestroCMF\\\/\",\"https:\\\/\\\/www.instagram.com\\\/wmcmf\\\/\",\"https:\\\/\\\/cl.linkedin.com\\\/company\\\/web-del-maestro-cmf\",\"https:\\\/\\\/www.pinterest.com\\\/WMCMF\\\/publicaciones\\\/\",\"https:\\\/\\\/x.com\\\/cmf_w\",\"https:\\\/\\\/www.youtube.com\\\/@WMCMF\"]}]}<\/script>\n<!-- \/ Yoast SEO plugin. -->","yoast_head_json":{"title":"Fundamentos que todo Director escolar deber\u00eda tomar en cuenta para tener una escuela exitosa - 2026","description":"\u00bfQu\u00e9 es el \u00e9xito? Existen muchas definiciones de \u00e9ste. Pero considero la m\u00e1s adecuada la que, en cierta ocasi\u00f3n, manifest\u00f3...","robots":{"index":"index","follow":"follow","max-snippet":"max-snippet:-1","max-image-preview":"max-image-preview:large","max-video-preview":"max-video-preview:-1"},"canonical":"https:\/\/webdelmaestrocmf.com\/portal\/fundamentos-que-todo-directora-escolar-deberia-tomar-en-cuenta-para-tener-una-escuela-exitosa\/","og_locale":"es_ES","og_type":"article","og_title":"Fundamentos que todo Director escolar deber\u00eda tomar en cuenta para tener una escuela exitosa - 2026","og_description":"\u00bfQu\u00e9 es el \u00e9xito? Existen muchas definiciones de \u00e9ste. Pero considero la m\u00e1s adecuada la que, en cierta ocasi\u00f3n, manifest\u00f3...","og_url":"https:\/\/webdelmaestrocmf.com\/portal\/fundamentos-que-todo-directora-escolar-deberia-tomar-en-cuenta-para-tener-una-escuela-exitosa\/","og_site_name":"Web del Maestro CMF","article_publisher":"https:\/\/www.facebook.com\/WebdelMaestroCMF\/","article_author":"https:\/\/www.facebook.com\/WebdelMaestroCMF\/","article_published_time":"2023-04-13T14:09:24+00:00","article_modified_time":"2023-04-13T14:43:22+00:00","og_image":[{"width":900,"height":556,"url":"https:\/\/i0.wp.com\/webdelmaestrocmf.com\/portal\/wp-content\/uploads\/2018\/11\/A12B3C4D-4.jpg?fit=900%2C556&ssl=1","type":"image\/jpeg"}],"author":"Web del Maestro CMF","twitter_card":"summary_large_image","twitter_creator":"@cmf_w","twitter_site":"@cmf_w","schema":{"@context":"https:\/\/schema.org","@graph":[{"@type":"ScholarlyArticle","@id":"https:\/\/webdelmaestrocmf.com\/portal\/fundamentos-que-todo-directora-escolar-deberia-tomar-en-cuenta-para-tener-una-escuela-exitosa\/#article","isPartOf":{"@id":"https:\/\/webdelmaestrocmf.com\/portal\/fundamentos-que-todo-directora-escolar-deberia-tomar-en-cuenta-para-tener-una-escuela-exitosa\/"},"author":{"name":"Web del Maestro CMF","@id":"https:\/\/webdelmaestrocmf.com\/portal\/#\/schema\/person\/1072a2ed7bd960df8ef99a551fa35dc5"},"headline":"Fundamentos que todo Director escolar deber\u00eda tomar en cuenta para tener una escuela exitosa","datePublished":"2023-04-13T14:09:24+00:00","dateModified":"2023-04-13T14:43:22+00:00","mainEntityOfPage":{"@id":"https:\/\/webdelmaestrocmf.com\/portal\/fundamentos-que-todo-directora-escolar-deberia-tomar-en-cuenta-para-tener-una-escuela-exitosa\/"},"wordCount":2348,"commentCount":0,"publisher":{"@id":"https:\/\/webdelmaestrocmf.com\/portal\/#organization"},"image":{"@id":"https:\/\/webdelmaestrocmf.com\/portal\/fundamentos-que-todo-directora-escolar-deberia-tomar-en-cuenta-para-tener-una-escuela-exitosa\/#primaryimage"},"thumbnailUrl":"https:\/\/webdelmaestrocmf.com\/portal\/wp-content\/uploads\/2018\/11\/A12B3C4D-4.jpg","keywords":["DIRECTOR","escuela","EXITOSA","FUNDAMENTOS"],"articleSection":["Z-Colaborador-Victor-Rawlins","Z-Colaboradores"],"inLanguage":"es","potentialAction":[{"@type":"CommentAction","name":"Comment","target":["https:\/\/webdelmaestrocmf.com\/portal\/fundamentos-que-todo-directora-escolar-deberia-tomar-en-cuenta-para-tener-una-escuela-exitosa\/#respond"]}]},{"@type":"WebPage","@id":"https:\/\/webdelmaestrocmf.com\/portal\/fundamentos-que-todo-directora-escolar-deberia-tomar-en-cuenta-para-tener-una-escuela-exitosa\/","url":"https:\/\/webdelmaestrocmf.com\/portal\/fundamentos-que-todo-directora-escolar-deberia-tomar-en-cuenta-para-tener-una-escuela-exitosa\/","name":"Fundamentos que todo Director escolar deber\u00eda tomar en cuenta para tener una escuela exitosa - 2026","isPartOf":{"@id":"https:\/\/webdelmaestrocmf.com\/portal\/#website"},"primaryImageOfPage":{"@id":"https:\/\/webdelmaestrocmf.com\/portal\/fundamentos-que-todo-directora-escolar-deberia-tomar-en-cuenta-para-tener-una-escuela-exitosa\/#primaryimage"},"image":{"@id":"https:\/\/webdelmaestrocmf.com\/portal\/fundamentos-que-todo-directora-escolar-deberia-tomar-en-cuenta-para-tener-una-escuela-exitosa\/#primaryimage"},"thumbnailUrl":"https:\/\/webdelmaestrocmf.com\/portal\/wp-content\/uploads\/2018\/11\/A12B3C4D-4.jpg","datePublished":"2023-04-13T14:09:24+00:00","dateModified":"2023-04-13T14:43:22+00:00","description":"\u00bfQu\u00e9 es el \u00e9xito? Existen muchas definiciones de \u00e9ste. Pero considero la m\u00e1s adecuada la que, en cierta ocasi\u00f3n, manifest\u00f3...","breadcrumb":{"@id":"https:\/\/webdelmaestrocmf.com\/portal\/fundamentos-que-todo-directora-escolar-deberia-tomar-en-cuenta-para-tener-una-escuela-exitosa\/#breadcrumb"},"inLanguage":"es","potentialAction":[{"@type":"ReadAction","target":["https:\/\/webdelmaestrocmf.com\/portal\/fundamentos-que-todo-directora-escolar-deberia-tomar-en-cuenta-para-tener-una-escuela-exitosa\/"]}]},{"@type":"ImageObject","inLanguage":"es","@id":"https:\/\/webdelmaestrocmf.com\/portal\/fundamentos-que-todo-directora-escolar-deberia-tomar-en-cuenta-para-tener-una-escuela-exitosa\/#primaryimage","url":"https:\/\/webdelmaestrocmf.com\/portal\/wp-content\/uploads\/2018\/11\/A12B3C4D-4.jpg","contentUrl":"https:\/\/webdelmaestrocmf.com\/portal\/wp-content\/uploads\/2018\/11\/A12B3C4D-4.jpg","width":900,"height":556},{"@type":"BreadcrumbList","@id":"https:\/\/webdelmaestrocmf.com\/portal\/fundamentos-que-todo-directora-escolar-deberia-tomar-en-cuenta-para-tener-una-escuela-exitosa\/#breadcrumb","itemListElement":[{"@type":"ListItem","position":1,"name":"Portada","item":"https:\/\/webdelmaestrocmf.com\/portal\/"},{"@type":"ListItem","position":2,"name":"Z-Colaboradores","item":"https:\/\/webdelmaestrocmf.com\/portal\/category\/colaborador\/"},{"@type":"ListItem","position":3,"name":"Fundamentos que todo Director escolar deber\u00eda tomar en cuenta para tener una escuela exitosa"}]},{"@type":"WebSite","@id":"https:\/\/webdelmaestrocmf.com\/portal\/#website","url":"https:\/\/webdelmaestrocmf.com\/portal\/","name":"Web del Maestro CMF","description":"Maestros al servicio de la educaci\u00f3n","publisher":{"@id":"https:\/\/webdelmaestrocmf.com\/portal\/#organization"},"alternateName":"WMCMF","potentialAction":[{"@type":"SearchAction","target":{"@type":"EntryPoint","urlTemplate":"https:\/\/webdelmaestrocmf.com\/portal\/?s={search_term_string}"},"query-input":{"@type":"PropertyValueSpecification","valueRequired":true,"valueName":"search_term_string"}}],"inLanguage":"es"},{"@type":"Organization","@id":"https:\/\/webdelmaestrocmf.com\/portal\/#organization","name":"Web del Maestro CMF","alternateName":"WMCMF","url":"https:\/\/webdelmaestrocmf.com\/portal\/","logo":{"@type":"ImageObject","inLanguage":"es","@id":"https:\/\/webdelmaestrocmf.com\/portal\/#\/schema\/logo\/image\/","url":"https:\/\/webdelmaestrocmf.com\/portal\/wp-content\/uploads\/2023\/01\/logo-wmcmf-2.png","contentUrl":"https:\/\/webdelmaestrocmf.com\/portal\/wp-content\/uploads\/2023\/01\/logo-wmcmf-2.png","width":200,"height":60,"caption":"Web del Maestro CMF"},"image":{"@id":"https:\/\/webdelmaestrocmf.com\/portal\/#\/schema\/logo\/image\/"},"sameAs":["https:\/\/www.facebook.com\/WebdelMaestroCMF\/","https:\/\/x.com\/cmf_w","https:\/\/www.pinterest.com\/WMCMF\/","https:\/\/www.linkedin.com\/company\/web-del-maestro-cmf\/","https:\/\/www.instagram.com\/wmcmf\/","https:\/\/www.youtube.com\/channel\/UCDPSvjbdodE5sHnC3OxutHw","https:\/\/mastodon.social\/@wmcmf","https:\/\/www.tiktok.com\/@webdelmaestrocmf"]},{"@type":"Person","@id":"https:\/\/webdelmaestrocmf.com\/portal\/#\/schema\/person\/1072a2ed7bd960df8ef99a551fa35dc5","name":"Web del Maestro CMF","image":{"@type":"ImageObject","inLanguage":"es","@id":"https:\/\/secure.gravatar.com\/avatar\/23291dd5b5ae1077dcff3dbb04c3e02bd28403fa75af6d8787d5e97c5bbbe30b?s=96&d=mm&r=g","url":"https:\/\/secure.gravatar.com\/avatar\/23291dd5b5ae1077dcff3dbb04c3e02bd28403fa75af6d8787d5e97c5bbbe30b?s=96&d=mm&r=g","contentUrl":"https:\/\/secure.gravatar.com\/avatar\/23291dd5b5ae1077dcff3dbb04c3e02bd28403fa75af6d8787d5e97c5bbbe30b?s=96&d=mm&r=g","caption":"Web del Maestro CMF"},"description":"Esta Web se cre\u00f3 sin fines de lucro, con fines educativos, cient\u00edficos y acad\u00e9micos, para personas que tengan dificultades y\/o inconvenientes en visualizar el material original. El objetivo es entregar recursos, compartir experiencias y materiales que ayuden a los padres de familia, maestros y estudiantes en su actualizaci\u00f3n y formaci\u00f3n permanente, en bien de la Educaci\u00f3n.","sameAs":["http:\/\/webdelmaestrocmf.com\/portal","https:\/\/www.facebook.com\/WebdelMaestroCMF\/","https:\/\/www.instagram.com\/wmcmf\/","https:\/\/cl.linkedin.com\/company\/web-del-maestro-cmf","https:\/\/www.pinterest.com\/WMCMF\/publicaciones\/","https:\/\/x.com\/cmf_w","https:\/\/www.youtube.com\/@WMCMF"]}]}},"jetpack_featured_media_url":"https:\/\/webdelmaestrocmf.com\/portal\/wp-content\/uploads\/2018\/11\/A12B3C4D-4.jpg","jetpack_sharing_enabled":true,"jetpack-related-posts":[{"id":102124,"url":"https:\/\/webdelmaestrocmf.com\/portal\/el-liderazgo-de-un-director-es-un-servicio-no-un-espectaculo\/","url_meta":{"origin":33318,"position":0},"title":"El liderazgo de un director es un servicio, no un espect\u00e1culo","author":"Web del Maestro CMF","date":"20 junio, 2025","format":false,"excerpt":"Un director que busca constantemente destacarse puede caer en la trampa de centrarse en su propio ego en lugar de priorizar el \u00e9xito de la escuela","rel":"","context":"En \u00abDirector\u00bb","block_context":{"text":"Director","link":"https:\/\/webdelmaestrocmf.com\/portal\/category\/pedagogia\/director\/"},"img":{"alt_text":"El liderazgo de un director es un servicio, no un espect\u00e1culo","src":"https:\/\/i0.wp.com\/webdelmaestrocmf.com\/portal\/wp-content\/uploads\/2024\/01\/B-dibujos-1-12.webp?resize=350%2C200&ssl=1","width":350,"height":200,"srcset":"https:\/\/i0.wp.com\/webdelmaestrocmf.com\/portal\/wp-content\/uploads\/2024\/01\/B-dibujos-1-12.webp?resize=350%2C200&ssl=1 1x, https:\/\/i0.wp.com\/webdelmaestrocmf.com\/portal\/wp-content\/uploads\/2024\/01\/B-dibujos-1-12.webp?resize=525%2C300&ssl=1 1.5x, https:\/\/i0.wp.com\/webdelmaestrocmf.com\/portal\/wp-content\/uploads\/2024\/01\/B-dibujos-1-12.webp?resize=700%2C400&ssl=1 2x"},"classes":[]},{"id":94261,"url":"https:\/\/webdelmaestrocmf.com\/portal\/estas-son-las-4-caracteristicas-de-los-malos-directores-segun-chris-williams\/","url_meta":{"origin":33318,"position":1},"title":"Estas son las 4 caracter\u00edsticas de los MALOS Directores seg\u00fan Chris Williams","author":"Web del Maestro CMF","date":"23 mayo, 2024","format":false,"excerpt":"Identificar y abordar estas caracter\u00edsticas cuando surgen es esencial para promover una educaci\u00f3n de alta calidad y un ambiente escolar positivo","rel":"","context":"En \u00abDirector\u00bb","block_context":{"text":"Director","link":"https:\/\/webdelmaestrocmf.com\/portal\/category\/pedagogia\/director\/"},"img":{"alt_text":"directores","src":"https:\/\/i0.wp.com\/webdelmaestrocmf.com\/portal\/wp-content\/uploads\/2023\/09\/Banner-1-portada-imagen-10-1-24.jpg?resize=350%2C200&ssl=1","width":350,"height":200,"srcset":"https:\/\/i0.wp.com\/webdelmaestrocmf.com\/portal\/wp-content\/uploads\/2023\/09\/Banner-1-portada-imagen-10-1-24.jpg?resize=350%2C200&ssl=1 1x, https:\/\/i0.wp.com\/webdelmaestrocmf.com\/portal\/wp-content\/uploads\/2023\/09\/Banner-1-portada-imagen-10-1-24.jpg?resize=525%2C300&ssl=1 1.5x, https:\/\/i0.wp.com\/webdelmaestrocmf.com\/portal\/wp-content\/uploads\/2023\/09\/Banner-1-portada-imagen-10-1-24.jpg?resize=700%2C400&ssl=1 2x"},"classes":[]},{"id":31101,"url":"https:\/\/webdelmaestrocmf.com\/portal\/responsabilidades-claves-de-un-director-y-rol-del-equipo-directivo\/","url_meta":{"origin":33318,"position":2},"title":"Responsabilidades claves de un Director y rol del Equipo Directivo","author":"Web del Maestro CMF","date":"3 septiembre, 2018","format":false,"excerpt":"Las responsabilidades del l\u00edder como catalizador es importante de subrayar.\u00a0 En la qu\u00edmica, cuando se habla de un catalizador, se trata de un ingrediente clave que hace que los otros elementos del sistema se combinen, produciendo efectos que no son posibles sin su presencia.\u00a0 Similar situaci\u00f3n ocurre con la influencia\u2026","rel":"","context":"En \u00abDirector\u00bb","block_context":{"text":"Director","link":"https:\/\/webdelmaestrocmf.com\/portal\/category\/pedagogia\/director\/"},"img":{"alt_text":"","src":"https:\/\/i0.wp.com\/webdelmaestrocmf.com\/portal\/wp-content\/uploads\/2018\/09\/A12B3C4D-18.jpg?resize=350%2C200&ssl=1","width":350,"height":200,"srcset":"https:\/\/i0.wp.com\/webdelmaestrocmf.com\/portal\/wp-content\/uploads\/2018\/09\/A12B3C4D-18.jpg?resize=350%2C200&ssl=1 1x, https:\/\/i0.wp.com\/webdelmaestrocmf.com\/portal\/wp-content\/uploads\/2018\/09\/A12B3C4D-18.jpg?resize=525%2C300&ssl=1 1.5x, https:\/\/i0.wp.com\/webdelmaestrocmf.com\/portal\/wp-content\/uploads\/2018\/09\/A12B3C4D-18.jpg?resize=700%2C400&ssl=1 2x"},"classes":[]},{"id":79847,"url":"https:\/\/webdelmaestrocmf.com\/portal\/matthew-kelemen-los-mejores-directores-son-los-que-entienden-bien-de-docencia-y-observan-muchas-veces-desde-adentro-de-la-sala-de-clases-con-intervenciones-fundamentadas-en-su-conocimiento\/","url_meta":{"origin":33318,"position":3},"title":"Matthew Kelemen: Los mejores directores son los que entienden bien de docencia y observan muchas veces desde adentro de la sala de clases, con intervenciones fundamentadas en su conocimiento","author":"Web del Maestro CMF","date":"30 junio, 2025","format":false,"excerpt":"Adem\u00e1s los l\u00edderes necesitan creer en las habilidades de los estudiantes y darle urgencia a la mejor\u00eda de la escuela, deben tener la vocaci\u00f3n y motivaci\u00f3n para influir y cambiar la vida de los estudiantes","rel":"","context":"En \u00abEntrevistas\u00bb","block_context":{"text":"Entrevistas","link":"https:\/\/webdelmaestrocmf.com\/portal\/category\/noticias\/entrevistas\/"},"img":{"alt_text":"","src":"https:\/\/i0.wp.com\/webdelmaestrocmf.com\/portal\/wp-content\/uploads\/2022\/08\/1A-Banner-1-portada-imagen-10-1-copia-39.jpg?resize=350%2C200&ssl=1","width":350,"height":200,"srcset":"https:\/\/i0.wp.com\/webdelmaestrocmf.com\/portal\/wp-content\/uploads\/2022\/08\/1A-Banner-1-portada-imagen-10-1-copia-39.jpg?resize=350%2C200&ssl=1 1x, https:\/\/i0.wp.com\/webdelmaestrocmf.com\/portal\/wp-content\/uploads\/2022\/08\/1A-Banner-1-portada-imagen-10-1-copia-39.jpg?resize=525%2C300&ssl=1 1.5x, https:\/\/i0.wp.com\/webdelmaestrocmf.com\/portal\/wp-content\/uploads\/2022\/08\/1A-Banner-1-portada-imagen-10-1-copia-39.jpg?resize=700%2C400&ssl=1 2x"},"classes":[]},{"id":74014,"url":"https:\/\/webdelmaestrocmf.com\/portal\/una-direccion-escolar-para-el-cambio-del-liderazgo-transformacional-al-liderazgo-distribuido\/","url_meta":{"origin":33318,"position":4},"title":"La necesidad por conseguir un modelo de direcci\u00f3n que contribuya a conseguir una escuela de calidad para todos","author":"Web del Maestro CMF","date":"25 enero, 2023","format":false,"excerpt":"En este art\u00edculo que destacamos se hace una revisi\u00f3n de la investigaci\u00f3n sobre direcci\u00f3n escolar para el cambio, partiendo de los primeros momentos de la investigaci\u00f3n y llegando a la promisoria idea del liderazgo distribuido. Con ello se busca poner en primer t\u00e9rmino del debate t\u00e9cnico y pol\u00edtico la necesidad\u2026","rel":"","context":"En \u00abDirector\u00bb","block_context":{"text":"Director","link":"https:\/\/webdelmaestrocmf.com\/portal\/category\/pedagogia\/director\/"},"img":{"alt_text":"","src":"https:\/\/i0.wp.com\/webdelmaestrocmf.com\/portal\/wp-content\/uploads\/2022\/02\/1-45.jpg?resize=350%2C200&ssl=1","width":350,"height":200,"srcset":"https:\/\/i0.wp.com\/webdelmaestrocmf.com\/portal\/wp-content\/uploads\/2022\/02\/1-45.jpg?resize=350%2C200&ssl=1 1x, https:\/\/i0.wp.com\/webdelmaestrocmf.com\/portal\/wp-content\/uploads\/2022\/02\/1-45.jpg?resize=525%2C300&ssl=1 1.5x, https:\/\/i0.wp.com\/webdelmaestrocmf.com\/portal\/wp-content\/uploads\/2022\/02\/1-45.jpg?resize=700%2C400&ssl=1 2x, https:\/\/i0.wp.com\/webdelmaestrocmf.com\/portal\/wp-content\/uploads\/2022\/02\/1-45.jpg?resize=1050%2C600&ssl=1 3x"},"classes":[]},{"id":78394,"url":"https:\/\/webdelmaestrocmf.com\/portal\/decalogo-del-directivo-escolar-promotor-de-ambientes-de-confianza\/","url_meta":{"origin":33318,"position":5},"title":"Dec\u00e1logo del directivo escolar promotor de ambientes de confianza","author":"Web del Maestro CMF","date":"10 julio, 2022","format":false,"excerpt":"\u00bfTe han nombrado director\/a de la escuela este a\u00f1o? En ese caso, seguro que tu mente ya ha estado d\u00e1ndole vueltas a c\u00f3mo puedes ejercer tu puesto con profesionalidad. Si bien la normativa se encarga de detallar cu\u00e1les son las competencias para dirigir escuelas, las dudas se centran en las\u2026","rel":"","context":"En \u00abDirector\u00bb","block_context":{"text":"Director","link":"https:\/\/webdelmaestrocmf.com\/portal\/category\/pedagogia\/director\/"},"img":{"alt_text":"","src":"https:\/\/i0.wp.com\/webdelmaestrocmf.com\/portal\/wp-content\/uploads\/2022\/07\/1a-13.jpg?resize=350%2C200&ssl=1","width":350,"height":200,"srcset":"https:\/\/i0.wp.com\/webdelmaestrocmf.com\/portal\/wp-content\/uploads\/2022\/07\/1a-13.jpg?resize=350%2C200&ssl=1 1x, https:\/\/i0.wp.com\/webdelmaestrocmf.com\/portal\/wp-content\/uploads\/2022\/07\/1a-13.jpg?resize=525%2C300&ssl=1 1.5x, https:\/\/i0.wp.com\/webdelmaestrocmf.com\/portal\/wp-content\/uploads\/2022\/07\/1a-13.jpg?resize=700%2C400&ssl=1 2x"},"classes":[]}],"_links":{"self":[{"href":"https:\/\/webdelmaestrocmf.com\/portal\/wp-json\/wp\/v2\/posts\/33318","targetHints":{"allow":["GET"]}}],"collection":[{"href":"https:\/\/webdelmaestrocmf.com\/portal\/wp-json\/wp\/v2\/posts"}],"about":[{"href":"https:\/\/webdelmaestrocmf.com\/portal\/wp-json\/wp\/v2\/types\/post"}],"author":[{"embeddable":true,"href":"https:\/\/webdelmaestrocmf.com\/portal\/wp-json\/wp\/v2\/users\/1"}],"replies":[{"embeddable":true,"href":"https:\/\/webdelmaestrocmf.com\/portal\/wp-json\/wp\/v2\/comments?post=33318"}],"version-history":[{"count":0,"href":"https:\/\/webdelmaestrocmf.com\/portal\/wp-json\/wp\/v2\/posts\/33318\/revisions"}],"wp:featuredmedia":[{"embeddable":true,"href":"https:\/\/webdelmaestrocmf.com\/portal\/wp-json\/wp\/v2\/media\/87300"}],"wp:attachment":[{"href":"https:\/\/webdelmaestrocmf.com\/portal\/wp-json\/wp\/v2\/media?parent=33318"}],"wp:term":[{"taxonomy":"category","embeddable":true,"href":"https:\/\/webdelmaestrocmf.com\/portal\/wp-json\/wp\/v2\/categories?post=33318"},{"taxonomy":"post_tag","embeddable":true,"href":"https:\/\/webdelmaestrocmf.com\/portal\/wp-json\/wp\/v2\/tags?post=33318"}],"curies":[{"name":"wp","href":"https:\/\/api.w.org\/{rel}","templated":true}]}}