{"id":32475,"date":"2024-02-26T23:00:01","date_gmt":"2024-02-27T02:00:01","guid":{"rendered":"http:\/\/webdelmaestrocmf.com\/portal\/?p=32475"},"modified":"2024-02-26T23:21:18","modified_gmt":"2024-02-27T02:21:18","slug":"el-primero-que-tiene-que-ir-feliz-a-la-escuela-es-el-maestro","status":"publish","type":"post","link":"https:\/\/webdelmaestrocmf.com\/portal\/el-primero-que-tiene-que-ir-feliz-a-la-escuela-es-el-maestro\/","title":{"rendered":"Alicia Tojeiro: El primero que tiene que ir feliz a la escuela es el maestro"},"content":{"rendered":"<p style=\"text-align: justify;\"><strong>La satisfacci\u00f3n laboral es un componente central del desarrollo profesional de los profesores, ya que impacta en elementos tan relevantes como la retenci\u00f3n docente y la calidad del proceso educativo.<\/strong><!--more--><\/p>\n<p style=\"text-align: justify;\">Lamentablemente, conocer y comprender los factores que inciden en la satisfacci\u00f3n docente y elaborar medidas para mejorarla ha sido un tema poco estudiado dada la compleja interacci\u00f3n de factores individuales y contextuales que se ponen en juego, pues la satisfacci\u00f3n laboral no depende s\u00f3lo de la salud f\u00edsica del docente, sino tambi\u00e9n de la relaci\u00f3n con los pares y jefaturas. (<a href=\"http:\/\/www.eligeeducar.cl\/mejorar-la-felicidad-docente-dice-la-evidencia-4\" target=\"_blank\" rel=\"noopener noreferrer\">Elige Educar)<\/a><\/p>\n<p style=\"text-align: justify;\">En el siguiente art\u00edculo\u00a0<strong>\u00abEl primero que tiene que ser feliz es el maestro\u00bb<\/strong> que compartimos con motivos educativos y pastorales, fue escrito por <strong>Loreto Silvoso<\/strong> y se public\u00f3 en el peri\u00f3dico <a href=\"http:\/\/www.elvocero.com\" target=\"_blank\" rel=\"noopener noreferrer\"><strong>La Voz de Galicia<\/strong> <\/a>.\u00a0Silvoso comparte con sus lectores la historia de una de las nominadas para ser Educadora del A\u00f1o de Espa\u00f1a, <strong>Alicia Tojeiro,<\/strong> y les confesamos que lo primero que nos cautiv\u00f3 fue el t\u00edtulo del art\u00edculo. Es que siempre hemos pensado y, de hecho, lo hemos expresado en diversos art\u00edculos que llevamos compartiendo con ustedes, que el primero que debe ser feliz en un sal\u00f3n de clase es el maestro.<\/p>\n<p>Esperamos que el siguiente art\u00edculo sirva de reflexi\u00f3n para toda la comunidad docente.<\/p>\n<h2 style=\"text-align: left;\"><strong>El primero que tiene que ir feliz a la escuela es el maestro<\/strong><\/h2>\n<p style=\"text-align: justify;\">Esta buscadora de alegr\u00eda cree que \u00absin motivaci\u00f3n, no hay manera de aprender.<\/p>\n<p style=\"text-align: justify;\">Alicia Tojeiro (Vigo, 1978) es esa profesora de la que todos hablan bien. Se siente tan afortunada con la nominaci\u00f3n a mejor profesora de Espa\u00f1a en los Premios Educa, que es como si ya le hubieran dado el premio.<\/p>\n<h2 style=\"text-align: left;\"><strong>\u00bfLa clave es la motivaci\u00f3n?<\/strong><\/h2>\n<p style=\"text-align: justify;\">S\u00ed. El primero que tiene que ir feliz a la escuela es el maestro, porque, si no, no puedes contagiar nada. Sin alegr\u00eda y motivaci\u00f3n, no hay manera de aprender.<\/p>\n<h2 style=\"text-align: left;\"><strong>Este a\u00f1o es la \u00fanica nominada de colegio p\u00fablico de primaria en la provincia de A Coru\u00f1a. \u00bfLos profes de la p\u00fablica se lo curran tanto como los de la privada?<\/strong><\/h2>\n<p style=\"text-align: justify;\">No es problema de que el maestro no trabaje. El tema son las condiciones de trabajo. Tenemos muchos alumnos por aula y mucha falta de recursos, tanto personales como materiales. Y hay una sobrecarga de contenidos.<\/p>\n<p>Tema relacionado: <a href=\"https:\/\/webdelmaestrocmf.com\/portal\/es-lo-mismo-estar-alegre-que-ser-feliz-la-alegria-se-siente-la-felicidad-se-piensa\/\" target=\"_top\" rel=\"noopener\">\u00bfEs lo mismo estar alegre que ser feliz? La alegr\u00eda se siente, la felicidad se piensa<\/a><\/p>\n<h2 style=\"text-align: left;\"><strong>\u00bfY de contenidos repetitivos?<\/strong><\/h2>\n<p style=\"text-align: justify;\">S\u00ed, es tal cantidad de presi\u00f3n la que sentimos, que salir de eso es complicado. Todos trabajamos mucho y dedicamos muchas horas. El sistema educativo, tal y como est\u00e1, no funciona; pero hay que arriesgarse y cambiarlo.<\/p>\n<h2 style=\"text-align: left;\"><strong>\u00bfQu\u00e9 no funciona?<\/strong><\/h2>\n<p style=\"text-align: justify;\">Lo de clasificar a los alumnos en funci\u00f3n de la edad. El curr\u00edculo est\u00e1 muy cerrado y se pierden todos los talentos. Hay una presi\u00f3n que no te permite perder ni 5 minutos y hay que pedir a la escuela que escuche. No se puede ser maestro sin escuchar. Tienes que conocer a tu alumnado, \u00a1pero no hay tiempo!<\/p>\n<h2 style=\"text-align: left;\"><strong>\u00bfQu\u00e9 tipo de maestra es usted?<\/strong><\/h2>\n<p style=\"text-align: justify;\">No soy una maestra que ense\u00f1e solo los contenidos.<\/p>\n<h2 style=\"text-align: left;\"><strong>\u00bfC\u00f3mo le gusta ense\u00f1ar?<\/strong><\/h2>\n<p style=\"text-align: justify;\">Intento plantearme para qu\u00e9 estoy en la escuela, a qu\u00e9 vengo.<\/p>\n<h2 style=\"text-align: left;\"><strong>\u00bfCu\u00e1l es su respuesta a eso?<\/strong><\/h2>\n<p style=\"text-align: justify;\">Vengo a ayudar a crecer. No me limito solo al libro. Es lo que hay detr\u00e1s. Una labor ampl\u00edsima.<\/p>\n<h2 style=\"text-align: left;\"><strong>\u00bfC\u00f3mo son sus alumnos?<\/strong><\/h2>\n<p style=\"text-align: justify;\">Quiero alumnos que sean emp\u00e1ticos, que aprendan a trabajar en equipo, que no se rindan ante las adversidades&#8230; Y quiero que entiendan que solo si sigues aprendes. Hay que esforzarse.<\/p>\n<h2 style=\"text-align: left;\"><strong>Lleva veinte a\u00f1os dando clase. \u00bfC\u00f3mo han cambiado los ni\u00f1os?<\/strong><\/h2>\n<p style=\"text-align: justify;\">La tendencia es a que no sepan resolver sus problemas, a que est\u00e9n acostumbrados a crear poco y a que sean poco emp\u00e1ticos. Si no se trabaja con una metodolog\u00eda inclusiva, estamos creando una sociedad fragmentada. Si ahora entendemos que todo el mundo tiene algo que aportar, el d\u00eda de ma\u00f1ana no habr\u00e1 tal discriminaci\u00f3n. Nosotros, en el aula, hacemos el ejercicio de decir: Yo soy Alicia y se me da bien esto. Tambi\u00e9n soy Alicia y se me da fatal esto otro. No pasa nada. Estoy aqu\u00ed para aprender.<\/p>\n<p><img loading=\"lazy\" decoding=\"async\" class=\"alignnone size-large wp-image-67910\" src=\"https:\/\/webdelmaestrocmf.com\/portal\/wp-content\/uploads\/2019\/05\/1-11-1024x600.jpeg\" alt=\"\" width=\"1024\" height=\"600\" srcset=\"https:\/\/webdelmaestrocmf.com\/portal\/wp-content\/uploads\/2019\/05\/1-11-1024x600.jpeg 1024w, https:\/\/webdelmaestrocmf.com\/portal\/wp-content\/uploads\/2019\/05\/1-11-300x176.jpeg 300w, https:\/\/webdelmaestrocmf.com\/portal\/wp-content\/uploads\/2019\/05\/1-11-768x450.jpeg 768w, https:\/\/webdelmaestrocmf.com\/portal\/wp-content\/uploads\/2019\/05\/1-11-110x64.jpeg 110w, https:\/\/webdelmaestrocmf.com\/portal\/wp-content\/uploads\/2019\/05\/1-11-200x117.jpeg 200w, https:\/\/webdelmaestrocmf.com\/portal\/wp-content\/uploads\/2019\/05\/1-11-380x223.jpeg 380w, https:\/\/webdelmaestrocmf.com\/portal\/wp-content\/uploads\/2019\/05\/1-11-255x149.jpeg 255w, https:\/\/webdelmaestrocmf.com\/portal\/wp-content\/uploads\/2019\/05\/1-11-550x322.jpeg 550w, https:\/\/webdelmaestrocmf.com\/portal\/wp-content\/uploads\/2019\/05\/1-11-800x469.jpeg 800w, https:\/\/webdelmaestrocmf.com\/portal\/wp-content\/uploads\/2019\/05\/1-11-1160x679.jpeg 1160w, https:\/\/webdelmaestrocmf.com\/portal\/wp-content\/uploads\/2019\/05\/1-11-220x129.jpeg 220w, https:\/\/webdelmaestrocmf.com\/portal\/wp-content\/uploads\/2019\/05\/1-11-400x234.jpeg 400w, https:\/\/webdelmaestrocmf.com\/portal\/wp-content\/uploads\/2019\/05\/1-11-760x445.jpeg 760w, https:\/\/webdelmaestrocmf.com\/portal\/wp-content\/uploads\/2019\/05\/1-11-510x299.jpeg 510w, https:\/\/webdelmaestrocmf.com\/portal\/wp-content\/uploads\/2019\/05\/1-11-600x351.jpeg 600w, https:\/\/webdelmaestrocmf.com\/portal\/wp-content\/uploads\/2019\/05\/1-11-1100x644.jpeg 1100w, https:\/\/webdelmaestrocmf.com\/portal\/wp-content\/uploads\/2019\/05\/1-11.jpeg 1366w\" sizes=\"auto, (max-width: 1024px) 100vw, 1024px\" \/><\/p>\n<h2 style=\"text-align: left;\"><strong>Empez\u00f3 dando clase en infantil.<\/strong><\/h2>\n<p style=\"text-align: justify;\">Y me pas\u00e9 a primaria por rebeli\u00f3n contra el sistema. No puede haber una ruptura entre las etapas. En infantil atendemos mucho m\u00e1s al alumno como persona, pero llegamos a primaria y parece que nos olvidamos. Cuanto m\u00e1s subes en las etapas educativas, menos innovaci\u00f3n hay.<\/p>\n<h2 style=\"text-align: left;\"><strong>As\u00ed que decidi\u00f3 seguir con los mismos alumnos.<\/strong><\/h2>\n<p style=\"text-align: justify;\">S\u00ed. Lo hice y me dec\u00edan: \u00abEn primaria no se puede\u00bb. Tambi\u00e9n me dec\u00edan antes: \u00abAy, claro, ahora porque tienes 12 alumnos; cuando tengas 25, ver\u00e1s\u00bb. Luego fue \u00abCuando llegues a primaria, olv\u00eddate\u00bb.<\/p>\n<h2 style=\"text-align: left;\"><strong>Pero lleg\u00f3 a primaria y usted sigui\u00f3 siendo innovadora.<\/strong><\/h2>\n<p style=\"text-align: justify;\">Pero es que claro que se puede. \u00bfC\u00f3mo no se va a poder?<\/p>\n<div class=\"pk-content-block pk-block-bg pk-block-bg-inverse\" style=\"text-align: center;\">\u00abSi ya estaba motivada antes, \u00a1ahora que se preparen!\u00bb<\/div>\n<p style=\"text-align: justify;\">Cada lunes por la ma\u00f1ana, Alicia Tojeiro convierte a sus alumnos en periodistas. De su aula, los chavales salen informados y formados, preparados para integrarse en la conversaci\u00f3n global. Esta vez la noticia es que su profesora favorita ha sido nominada a la mejor docente de Espa\u00f1a.<\/p>\n<p>Tema relacionado:<a href=\"https:\/\/webdelmaestrocmf.com\/portal\/estudiante-8-formas-de-hacer-feliz-a-tu-maestro\/\" target=\"_top\" rel=\"noopener\">Estudiante: 8 formas de hacer feliz a tu maestro<\/a><\/p>\n<h2 style=\"text-align: left;\"><strong>\u00bfC\u00f3mo reaccion\u00f3 la clase?<\/strong><\/h2>\n<p style=\"text-align: justify;\">Hubo uno que pregunt\u00f3 qu\u00e9 es docente [risas], pero se alegraron mucho todos. Les pregunt\u00e9 por qu\u00e9 cre\u00edan que me hab\u00edan nominado.<\/p>\n<h2 style=\"text-align: left;\"><strong>\u00bfQu\u00e9 contestaron?<\/strong><\/h2>\n<p style=\"text-align: justify;\">Porque he trabajado mucho, porque siempre busco soluciones creativas a los problemas del aula y porque nunca me rindo.<\/p>\n<h2 style=\"text-align: left;\"><strong>Tres claves que la definen bien.<\/strong><\/h2>\n<p style=\"text-align: justify;\">Y que tambi\u00e9n pueden ser nuestros objetivos a conseguir para toda la clase. Eso les dije.<\/p>\n<h2 style=\"text-align: left;\"><strong>\u00bfC\u00f3mo se enter\u00f3 de la nominaci\u00f3n?<\/strong><\/h2>\n<p style=\"text-align: justify;\">Fue un fin de semana en el que yo estaba en un congreso de altas capacidades. Era uno de esos d\u00edas en que te lo replanteas todo porque no puedes m\u00e1s. Estaba muy cansada.<\/p>\n<h2 style=\"text-align: left;\"><strong>\u00bfLa llamaron?<\/strong><\/h2>\n<p style=\"text-align: justify;\">Recib\u00ed un mensaje en el m\u00f3vil. O\u00ed el rip-rip, lo le\u00ed y por poco me da un ataque de locura. Locura de alegr\u00eda, eh&#8230; \u00a1Son taaantos a\u00f1os d\u00e1ndolo todo\u2026!<\/p>\n<h2 style=\"text-align: left;\"><strong>\u00bfSe emocion\u00f3?<\/strong><\/h2>\n<p style=\"text-align: justify;\">S\u00ed. Tuve que leer el mensaje varias veces, como cuando lees el test de embarazo y te da positivo. Pens\u00e9 qu\u00e9 suerte tengo. Si yo ya estaba motivada antes, \u00a1ahora que se preparen! [Risas]<\/p>\n<h2 style=\"text-align: left;\"><strong>Me da que para usted la sola nominaci\u00f3n es el mejor premio.<\/strong><\/h2>\n<p style=\"text-align: justify;\">Para m\u00ed esto es un sue\u00f1o del que no quiero despertar.<\/p>\n<p>Tema relacionado: <a href=\"https:\/\/webdelmaestrocmf.com\/portal\/alicia-tojeiro-rios-los-mejores-profesores-ven-clave-la-empatia-en-la-ensenanza\/\" target=\"_top\" rel=\"noopener\">Alicia Tojeiro R\u00edos: La escuela que hace falta es la de la humanidad, la de los valores, la escuela del respeto, la empat\u00eda<\/a><\/p>\n<h2 style=\"text-align: left;\"><strong>\u00bfSe puede aprender pas\u00e1ndolo bien?<\/strong><\/h2>\n<p style=\"text-align: justify;\">\u00a1Claro! Aprender es maravilloso y puede ser s\u00faper divertido. Pero no puede haber educaci\u00f3n sin las familias. Es imposible.<\/p>\n<p><strong>Este contenido ha sido publicado originalmente por La Voz de Galicia en la siguiente direcci\u00f3n: <a href=\"http:\/\/lavozdegalicia.es\" target=\"_blank\" rel=\"noopener noreferrer\">lavozdegalicia.es<\/a><\/strong><\/p>\n<p class=\"p1\">\t\t<div class=\"pk-inline-posts\">\n\t\t\t\n\t\t\t<div class=\"pk-inline-posts-container pk-inline-posts-template-list\"\n\t\t\t\tdata-columns=\"1\">\n\t\t\t\t\t\t<article id=\"post-37424\" class=\"post-37424 post type-post status-publish format-standard has-post-thumbnail category-entrevistas category-noticias tag-desarrollo tag-heckman tag-james tag-leer tag-ninos cs-entry cs-video-wrap\">\n\t\t\t<div class=\"pk-post-outer\">\n\n\t\t\t\t\t\t\t\t<div class=\"pk-post-inner\">\n\t\t\t\t\t<div class=\"entry-thumbnail\">\n\t\t\t\t\t\t<div class=\"pk-overlay pk-overlay-ratio pk-ratio-landscape\">\n\t\t\t\t\t\t\t<div class=\"pk-overlay-background\">\n\t\t\t\t\t\t\t\t<a href=\"https:\/\/webdelmaestrocmf.com\/portal\/james-heckman-leerles-a-los-ninos-tiene-un-impacto-enorme-en-su-desarrollo\/\" class=\"pk-overlay-link\">\n\t\t\t\t\t\t\t\t\t<img loading=\"lazy\" decoding=\"async\" width=\"300\" height=\"225\" src=\"https:\/\/webdelmaestrocmf.com\/portal\/wp-content\/uploads\/2023\/01\/1AA-Banner-1-portada-imagen-10-1-copia-3-300x225.webp\" class=\"attachment-pk-thumbnail size-pk-thumbnail wp-post-image\" alt=\"\" \/>\t\t\t\t\t\t\t\t<\/a>\n\t\t\t\t\t\t\t<\/div>\n\t\t\t\t\t\t<\/div>\n\t\t\t\t\t<\/div>\n\t\t\t\t<\/div>\n\t\t\t\t\n\t\t\t\t<div class=\"pk-post-inner\">\n\t\t\t\t\t<header>\n\t\t\t\t\t\t<h3 class=\"pk-title\"><a href=\"https:\/\/webdelmaestrocmf.com\/portal\/james-heckman-leerles-a-los-ninos-tiene-un-impacto-enorme-en-su-desarrollo\/\" rel=\"bookmark\">James Heckman: Leerles a los ni\u00f1os tiene un impacto enorme en su desarrollo<\/a><\/h3>\t\t\t\t\t<\/header><!-- .entry-header -->\n\t\t\t\t<\/div><!-- .post-inner -->\n\n\t\t\t<\/div><!-- .post-outer -->\n\t\t<\/article>\n\t\t\t<article id=\"post-55421\" class=\"post-55421 post type-post status-publish format-standard has-post-thumbnail category-entrevistas category-noticias tag-ayudar tag-buena tag-debe tag-lider tag-pasion tag-persona tag-tener tag-victor-kuppers cs-entry cs-video-wrap\">\n\t\t\t<div class=\"pk-post-outer\">\n\n\t\t\t\t\t\t\t\t<div class=\"pk-post-inner\">\n\t\t\t\t\t<div class=\"entry-thumbnail\">\n\t\t\t\t\t\t<div class=\"pk-overlay pk-overlay-ratio pk-ratio-landscape\">\n\t\t\t\t\t\t\t<div class=\"pk-overlay-background\">\n\t\t\t\t\t\t\t\t<a href=\"https:\/\/webdelmaestrocmf.com\/portal\/victor-kuppers-un-lider-debe-ser-buena-persona-y-tener-pasion-por-ayudar\/\" class=\"pk-overlay-link\">\n\t\t\t\t\t\t\t\t\t<img loading=\"lazy\" decoding=\"async\" width=\"300\" height=\"225\" src=\"https:\/\/webdelmaestrocmf.com\/portal\/wp-content\/uploads\/2020\/12\/1AA-Banner-1-portada-imagen-10-1-copia-3-300x225.webp\" class=\"attachment-pk-thumbnail size-pk-thumbnail wp-post-image\" alt=\"\" \/>\t\t\t\t\t\t\t\t<\/a>\n\t\t\t\t\t\t\t<\/div>\n\t\t\t\t\t\t<\/div>\n\t\t\t\t\t<\/div>\n\t\t\t\t<\/div>\n\t\t\t\t\n\t\t\t\t<div class=\"pk-post-inner\">\n\t\t\t\t\t<header>\n\t\t\t\t\t\t<h3 class=\"pk-title\"><a href=\"https:\/\/webdelmaestrocmf.com\/portal\/victor-kuppers-un-lider-debe-ser-buena-persona-y-tener-pasion-por-ayudar\/\" rel=\"bookmark\">V\u00edctor K\u00fcppers: Un l\u00edder debe ser buena persona y tener pasi\u00f3n por ayudar<\/a><\/h3>\t\t\t\t\t<\/header><!-- .entry-header -->\n\t\t\t\t<\/div><!-- .post-inner -->\n\n\t\t\t<\/div><!-- .post-outer -->\n\t\t<\/article>\n\t\t\t<article id=\"post-118242\" class=\"post-118242 post type-post status-publish format-standard has-post-thumbnail category-entrevistas category-noticias tag-adolescencia tag-autoridad tag-convivencia-escolar tag-disciplina tag-docentes tag-educacion tag-escuela tag-familia tag-infancia tag-valores cs-entry cs-video-wrap\">\n\t\t\t<div class=\"pk-post-outer\">\n\n\t\t\t\t\t\t\t\t<div class=\"pk-post-inner\">\n\t\t\t\t\t<div class=\"entry-thumbnail\">\n\t\t\t\t\t\t<div class=\"pk-overlay pk-overlay-ratio pk-ratio-landscape\">\n\t\t\t\t\t\t\t<div class=\"pk-overlay-background\">\n\t\t\t\t\t\t\t\t<a href=\"https:\/\/webdelmaestrocmf.com\/portal\/emilio-calatayud-los-padres-tenemos-la-obligacion-de-devolver-el-prestigio-a-los-maestros\/\" class=\"pk-overlay-link\">\n\t\t\t\t\t\t\t\t\t<img loading=\"lazy\" decoding=\"async\" width=\"300\" height=\"225\" src=\"https:\/\/webdelmaestrocmf.com\/portal\/wp-content\/uploads\/2026\/04\/1-61-300x225.jpg\" class=\"attachment-pk-thumbnail size-pk-thumbnail wp-post-image\" alt=\"\" \/>\t\t\t\t\t\t\t\t<\/a>\n\t\t\t\t\t\t\t<\/div>\n\t\t\t\t\t\t<\/div>\n\t\t\t\t\t<\/div>\n\t\t\t\t<\/div>\n\t\t\t\t\n\t\t\t\t<div class=\"pk-post-inner\">\n\t\t\t\t\t<header>\n\t\t\t\t\t\t<h3 class=\"pk-title\"><a href=\"https:\/\/webdelmaestrocmf.com\/portal\/emilio-calatayud-los-padres-tenemos-la-obligacion-de-devolver-el-prestigio-a-los-maestros\/\" rel=\"bookmark\">Emilio Calatayud: \u00abLos padres tenemos la obligaci\u00f3n de devolver el prestigio a los maestros\u00bb<\/a><\/h3>\t\t\t\t\t<\/header><!-- .entry-header -->\n\t\t\t\t<\/div><!-- .post-inner -->\n\n\t\t\t<\/div><!-- .post-outer -->\n\t\t<\/article>\n\t\t\t\t<\/div>\n\t\t<\/div>\n\t\t<\/p>\n<figure class=\" media hor hor \"><a href=\"https:\/\/www.lavozdegalicia.es\/noticia\/coruna\/2018\/10\/07\/profesora-colegio-isidro-parga-pondal-santa-cruz-nominada-mejor-docente-espana-premios-educa-abanca-primero-ir-feliz-escuela-maestro\/0003_201810H7C12991.htm#\"><span class=\"embed-responsive embed-responsive-16by9\"><picture><source srcset=\"https:\/\/i.avoz.es\/sc\/LwMvX92-qyQUlEeksiQVdugsNOk=\/450x\/2018\/10\/07\/00121538863561580378727\/Foto\/photo1.jpg\" type=\"image\/webp\" media=\"(max-width: 480px)\" \/><source srcset=\"https:\/\/i.avoz.es\/sc\/LwMvX92-qyQUlEeksiQVdugsNOk=\/450x\/2018\/10\/07\/00121538863561580378727\/Foto\/photo1.jpg\" media=\"(max-width: 480px)\" \/><\/picture><\/span><\/a><\/figure>\n","protected":false},"excerpt":{"rendered":"La satisfacci\u00f3n laboral es un componente central del desarrollo profesional de los profesores, ya que impacta en elementos&hellip;","protected":false},"author":1,"featured_media":104335,"comment_status":"open","ping_status":"closed","sticky":false,"template":"","format":"standard","meta":{"csco_display_header_overlay":false,"csco_singular_sidebar":"disabled","csco_page_header_type":"large","csco_page_load_nextpost":"default","csco_post_video_location":[],"csco_post_video_location_hash":"","csco_post_video_url":"","csco_post_video_bg_start_time":0,"csco_post_video_bg_end_time":0,"csco_post_video_bg_volume":false,"_jetpack_memberships_contains_paid_content":false,"footnotes":""},"categories":[48,47],"tags":[3708,3893,228,1828,216,3894],"class_list":{"0":"post-32475","1":"post","2":"type-post","3":"status-publish","4":"format-standard","5":"has-post-thumbnail","7":"category-entrevistas","8":"category-noticias","9":"tag-alicia","10":"tag-alicia-tojeiro","11":"tag-escuela","12":"tag-feliz","13":"tag-maestro","14":"tag-tojeiro","15":"cs-entry","16":"cs-video-wrap"},"yoast_head":"<!-- This site is optimized with the Yoast SEO plugin v27.5 - https:\/\/yoast.com\/product\/yoast-seo-wordpress\/ -->\n<title>Alicia Tojeiro: El primero que tiene que ir feliz a la escuela es el maestro - 2026<\/title>\n<meta name=\"description\" content=\"S\u00ed. El primero que tiene que ir feliz a la escuela es el maestro, porque, si no, no puedes contagiar nada. Sin alegr\u00eda y motivaci\u00f3n...\" \/>\n<meta name=\"robots\" content=\"index, follow, max-snippet:-1, max-image-preview:large, max-video-preview:-1\" \/>\n<link rel=\"canonical\" href=\"https:\/\/webdelmaestrocmf.com\/portal\/el-primero-que-tiene-que-ir-feliz-a-la-escuela-es-el-maestro\/\" \/>\n<meta property=\"og:locale\" content=\"es_ES\" \/>\n<meta property=\"og:type\" content=\"article\" \/>\n<meta property=\"og:title\" content=\"Alicia Tojeiro: El primero que tiene que ir feliz a la escuela es el maestro - 2026\" \/>\n<meta property=\"og:description\" content=\"S\u00ed. El primero que tiene que ir feliz a la escuela es el maestro, porque, si no, no puedes contagiar nada. Sin alegr\u00eda y motivaci\u00f3n...\" \/>\n<meta property=\"og:url\" content=\"https:\/\/webdelmaestrocmf.com\/portal\/el-primero-que-tiene-que-ir-feliz-a-la-escuela-es-el-maestro\/\" \/>\n<meta property=\"og:site_name\" content=\"Web del Maestro CMF\" \/>\n<meta property=\"article:publisher\" content=\"https:\/\/www.facebook.com\/WebdelMaestroCMF\/\" \/>\n<meta property=\"article:author\" content=\"https:\/\/www.facebook.com\/WebdelMaestroCMF\/\" \/>\n<meta property=\"article:published_time\" content=\"2024-02-27T02:00:01+00:00\" \/>\n<meta property=\"article:modified_time\" content=\"2024-02-27T02:21:18+00:00\" \/>\n<meta property=\"og:image\" content=\"https:\/\/webdelmaestrocmf.com\/portal\/wp-content\/uploads\/2019\/05\/Banner-1-portada-imagen-10-1-24.jpg\" \/>\n\t<meta property=\"og:image:width\" content=\"1024\" \/>\n\t<meta property=\"og:image:height\" content=\"1024\" \/>\n\t<meta property=\"og:image:type\" content=\"image\/jpeg\" \/>\n<meta name=\"author\" content=\"Web del Maestro CMF\" \/>\n<meta name=\"twitter:card\" content=\"summary_large_image\" \/>\n<meta name=\"twitter:creator\" content=\"@cmf_w\" \/>\n<meta name=\"twitter:site\" content=\"@cmf_w\" \/>\n<script type=\"application\/ld+json\" class=\"yoast-schema-graph\">{\"@context\":\"https:\\\/\\\/schema.org\",\"@graph\":[{\"@type\":\"ScholarlyArticle\",\"@id\":\"https:\\\/\\\/webdelmaestrocmf.com\\\/portal\\\/el-primero-que-tiene-que-ir-feliz-a-la-escuela-es-el-maestro\\\/#article\",\"isPartOf\":{\"@id\":\"https:\\\/\\\/webdelmaestrocmf.com\\\/portal\\\/el-primero-que-tiene-que-ir-feliz-a-la-escuela-es-el-maestro\\\/\"},\"author\":{\"name\":\"Web del Maestro CMF\",\"@id\":\"https:\\\/\\\/webdelmaestrocmf.com\\\/portal\\\/#\\\/schema\\\/person\\\/1072a2ed7bd960df8ef99a551fa35dc5\"},\"headline\":\"Alicia Tojeiro: El primero que tiene que ir feliz a la escuela es el maestro\",\"datePublished\":\"2024-02-27T02:00:01+00:00\",\"dateModified\":\"2024-02-27T02:21:18+00:00\",\"mainEntityOfPage\":{\"@id\":\"https:\\\/\\\/webdelmaestrocmf.com\\\/portal\\\/el-primero-que-tiene-que-ir-feliz-a-la-escuela-es-el-maestro\\\/\"},\"wordCount\":1232,\"commentCount\":1,\"publisher\":{\"@id\":\"https:\\\/\\\/webdelmaestrocmf.com\\\/portal\\\/#organization\"},\"image\":{\"@id\":\"https:\\\/\\\/webdelmaestrocmf.com\\\/portal\\\/el-primero-que-tiene-que-ir-feliz-a-la-escuela-es-el-maestro\\\/#primaryimage\"},\"thumbnailUrl\":\"https:\\\/\\\/webdelmaestrocmf.com\\\/portal\\\/wp-content\\\/uploads\\\/2019\\\/05\\\/Banner-1-portada-imagen-10-1-24.jpg\",\"keywords\":[\"ALICIA\",\"Alicia Tojeiro\",\"escuela\",\"FELIZ\",\"Maestro\",\"Tojeiro\"],\"articleSection\":[\"Entrevistas\",\"Noticias\"],\"inLanguage\":\"es\",\"potentialAction\":[{\"@type\":\"CommentAction\",\"name\":\"Comment\",\"target\":[\"https:\\\/\\\/webdelmaestrocmf.com\\\/portal\\\/el-primero-que-tiene-que-ir-feliz-a-la-escuela-es-el-maestro\\\/#respond\"]}]},{\"@type\":\"WebPage\",\"@id\":\"https:\\\/\\\/webdelmaestrocmf.com\\\/portal\\\/el-primero-que-tiene-que-ir-feliz-a-la-escuela-es-el-maestro\\\/\",\"url\":\"https:\\\/\\\/webdelmaestrocmf.com\\\/portal\\\/el-primero-que-tiene-que-ir-feliz-a-la-escuela-es-el-maestro\\\/\",\"name\":\"Alicia Tojeiro: El primero que tiene que ir feliz a la escuela es el maestro - 2026\",\"isPartOf\":{\"@id\":\"https:\\\/\\\/webdelmaestrocmf.com\\\/portal\\\/#website\"},\"primaryImageOfPage\":{\"@id\":\"https:\\\/\\\/webdelmaestrocmf.com\\\/portal\\\/el-primero-que-tiene-que-ir-feliz-a-la-escuela-es-el-maestro\\\/#primaryimage\"},\"image\":{\"@id\":\"https:\\\/\\\/webdelmaestrocmf.com\\\/portal\\\/el-primero-que-tiene-que-ir-feliz-a-la-escuela-es-el-maestro\\\/#primaryimage\"},\"thumbnailUrl\":\"https:\\\/\\\/webdelmaestrocmf.com\\\/portal\\\/wp-content\\\/uploads\\\/2019\\\/05\\\/Banner-1-portada-imagen-10-1-24.jpg\",\"datePublished\":\"2024-02-27T02:00:01+00:00\",\"dateModified\":\"2024-02-27T02:21:18+00:00\",\"description\":\"S\u00ed. El primero que tiene que ir feliz a la escuela es el maestro, porque, si no, no puedes contagiar nada. Sin alegr\u00eda y motivaci\u00f3n...\",\"breadcrumb\":{\"@id\":\"https:\\\/\\\/webdelmaestrocmf.com\\\/portal\\\/el-primero-que-tiene-que-ir-feliz-a-la-escuela-es-el-maestro\\\/#breadcrumb\"},\"inLanguage\":\"es\",\"potentialAction\":[{\"@type\":\"ReadAction\",\"target\":[\"https:\\\/\\\/webdelmaestrocmf.com\\\/portal\\\/el-primero-que-tiene-que-ir-feliz-a-la-escuela-es-el-maestro\\\/\"]}]},{\"@type\":\"ImageObject\",\"inLanguage\":\"es\",\"@id\":\"https:\\\/\\\/webdelmaestrocmf.com\\\/portal\\\/el-primero-que-tiene-que-ir-feliz-a-la-escuela-es-el-maestro\\\/#primaryimage\",\"url\":\"https:\\\/\\\/webdelmaestrocmf.com\\\/portal\\\/wp-content\\\/uploads\\\/2019\\\/05\\\/Banner-1-portada-imagen-10-1-24.jpg\",\"contentUrl\":\"https:\\\/\\\/webdelmaestrocmf.com\\\/portal\\\/wp-content\\\/uploads\\\/2019\\\/05\\\/Banner-1-portada-imagen-10-1-24.jpg\",\"width\":1024,\"height\":1024},{\"@type\":\"BreadcrumbList\",\"@id\":\"https:\\\/\\\/webdelmaestrocmf.com\\\/portal\\\/el-primero-que-tiene-que-ir-feliz-a-la-escuela-es-el-maestro\\\/#breadcrumb\",\"itemListElement\":[{\"@type\":\"ListItem\",\"position\":1,\"name\":\"Portada\",\"item\":\"https:\\\/\\\/webdelmaestrocmf.com\\\/portal\\\/\"},{\"@type\":\"ListItem\",\"position\":2,\"name\":\"Noticias\",\"item\":\"https:\\\/\\\/webdelmaestrocmf.com\\\/portal\\\/category\\\/noticias\\\/\"},{\"@type\":\"ListItem\",\"position\":3,\"name\":\"Alicia Tojeiro: El primero que tiene que ir feliz a la escuela es el maestro\"}]},{\"@type\":\"WebSite\",\"@id\":\"https:\\\/\\\/webdelmaestrocmf.com\\\/portal\\\/#website\",\"url\":\"https:\\\/\\\/webdelmaestrocmf.com\\\/portal\\\/\",\"name\":\"Web del Maestro CMF\",\"description\":\"Maestros al servicio de la educaci\u00f3n\",\"publisher\":{\"@id\":\"https:\\\/\\\/webdelmaestrocmf.com\\\/portal\\\/#organization\"},\"alternateName\":\"WMCMF\",\"potentialAction\":[{\"@type\":\"SearchAction\",\"target\":{\"@type\":\"EntryPoint\",\"urlTemplate\":\"https:\\\/\\\/webdelmaestrocmf.com\\\/portal\\\/?s={search_term_string}\"},\"query-input\":{\"@type\":\"PropertyValueSpecification\",\"valueRequired\":true,\"valueName\":\"search_term_string\"}}],\"inLanguage\":\"es\"},{\"@type\":\"Organization\",\"@id\":\"https:\\\/\\\/webdelmaestrocmf.com\\\/portal\\\/#organization\",\"name\":\"Web del Maestro CMF\",\"alternateName\":\"WMCMF\",\"url\":\"https:\\\/\\\/webdelmaestrocmf.com\\\/portal\\\/\",\"logo\":{\"@type\":\"ImageObject\",\"inLanguage\":\"es\",\"@id\":\"https:\\\/\\\/webdelmaestrocmf.com\\\/portal\\\/#\\\/schema\\\/logo\\\/image\\\/\",\"url\":\"https:\\\/\\\/webdelmaestrocmf.com\\\/portal\\\/wp-content\\\/uploads\\\/2023\\\/01\\\/logo-wmcmf-2.png\",\"contentUrl\":\"https:\\\/\\\/webdelmaestrocmf.com\\\/portal\\\/wp-content\\\/uploads\\\/2023\\\/01\\\/logo-wmcmf-2.png\",\"width\":200,\"height\":60,\"caption\":\"Web del Maestro CMF\"},\"image\":{\"@id\":\"https:\\\/\\\/webdelmaestrocmf.com\\\/portal\\\/#\\\/schema\\\/logo\\\/image\\\/\"},\"sameAs\":[\"https:\\\/\\\/www.facebook.com\\\/WebdelMaestroCMF\\\/\",\"https:\\\/\\\/x.com\\\/cmf_w\",\"https:\\\/\\\/www.pinterest.com\\\/WMCMF\\\/\",\"https:\\\/\\\/www.linkedin.com\\\/company\\\/web-del-maestro-cmf\\\/\",\"https:\\\/\\\/www.instagram.com\\\/wmcmf\\\/\",\"https:\\\/\\\/www.youtube.com\\\/channel\\\/UCDPSvjbdodE5sHnC3OxutHw\",\"https:\\\/\\\/mastodon.social\\\/@wmcmf\",\"https:\\\/\\\/www.tiktok.com\\\/@webdelmaestrocmf\"]},{\"@type\":\"Person\",\"@id\":\"https:\\\/\\\/webdelmaestrocmf.com\\\/portal\\\/#\\\/schema\\\/person\\\/1072a2ed7bd960df8ef99a551fa35dc5\",\"name\":\"Web del Maestro CMF\",\"image\":{\"@type\":\"ImageObject\",\"inLanguage\":\"es\",\"@id\":\"https:\\\/\\\/secure.gravatar.com\\\/avatar\\\/23291dd5b5ae1077dcff3dbb04c3e02bd28403fa75af6d8787d5e97c5bbbe30b?s=96&d=mm&r=g\",\"url\":\"https:\\\/\\\/secure.gravatar.com\\\/avatar\\\/23291dd5b5ae1077dcff3dbb04c3e02bd28403fa75af6d8787d5e97c5bbbe30b?s=96&d=mm&r=g\",\"contentUrl\":\"https:\\\/\\\/secure.gravatar.com\\\/avatar\\\/23291dd5b5ae1077dcff3dbb04c3e02bd28403fa75af6d8787d5e97c5bbbe30b?s=96&d=mm&r=g\",\"caption\":\"Web del Maestro CMF\"},\"description\":\"Esta Web se cre\u00f3 sin fines de lucro, con fines educativos, cient\u00edficos y acad\u00e9micos, para personas que tengan dificultades y\\\/o inconvenientes en visualizar el material original. El objetivo es entregar recursos, compartir experiencias y materiales que ayuden a los padres de familia, maestros y estudiantes en su actualizaci\u00f3n y formaci\u00f3n permanente, en bien de la Educaci\u00f3n.\",\"sameAs\":[\"http:\\\/\\\/webdelmaestrocmf.com\\\/portal\",\"https:\\\/\\\/www.facebook.com\\\/WebdelMaestroCMF\\\/\",\"https:\\\/\\\/www.instagram.com\\\/wmcmf\\\/\",\"https:\\\/\\\/cl.linkedin.com\\\/company\\\/web-del-maestro-cmf\",\"https:\\\/\\\/www.pinterest.com\\\/WMCMF\\\/publicaciones\\\/\",\"https:\\\/\\\/x.com\\\/cmf_w\",\"https:\\\/\\\/www.youtube.com\\\/@WMCMF\"]}]}<\/script>\n<!-- \/ Yoast SEO plugin. -->","yoast_head_json":{"title":"Alicia Tojeiro: El primero que tiene que ir feliz a la escuela es el maestro - 2026","description":"S\u00ed. El primero que tiene que ir feliz a la escuela es el maestro, porque, si no, no puedes contagiar nada. Sin alegr\u00eda y motivaci\u00f3n...","robots":{"index":"index","follow":"follow","max-snippet":"max-snippet:-1","max-image-preview":"max-image-preview:large","max-video-preview":"max-video-preview:-1"},"canonical":"https:\/\/webdelmaestrocmf.com\/portal\/el-primero-que-tiene-que-ir-feliz-a-la-escuela-es-el-maestro\/","og_locale":"es_ES","og_type":"article","og_title":"Alicia Tojeiro: El primero que tiene que ir feliz a la escuela es el maestro - 2026","og_description":"S\u00ed. El primero que tiene que ir feliz a la escuela es el maestro, porque, si no, no puedes contagiar nada. Sin alegr\u00eda y motivaci\u00f3n...","og_url":"https:\/\/webdelmaestrocmf.com\/portal\/el-primero-que-tiene-que-ir-feliz-a-la-escuela-es-el-maestro\/","og_site_name":"Web del Maestro CMF","article_publisher":"https:\/\/www.facebook.com\/WebdelMaestroCMF\/","article_author":"https:\/\/www.facebook.com\/WebdelMaestroCMF\/","article_published_time":"2024-02-27T02:00:01+00:00","article_modified_time":"2024-02-27T02:21:18+00:00","og_image":[{"width":1024,"height":1024,"url":"https:\/\/webdelmaestrocmf.com\/portal\/wp-content\/uploads\/2019\/05\/Banner-1-portada-imagen-10-1-24.jpg","type":"image\/jpeg"}],"author":"Web del Maestro CMF","twitter_card":"summary_large_image","twitter_creator":"@cmf_w","twitter_site":"@cmf_w","schema":{"@context":"https:\/\/schema.org","@graph":[{"@type":"ScholarlyArticle","@id":"https:\/\/webdelmaestrocmf.com\/portal\/el-primero-que-tiene-que-ir-feliz-a-la-escuela-es-el-maestro\/#article","isPartOf":{"@id":"https:\/\/webdelmaestrocmf.com\/portal\/el-primero-que-tiene-que-ir-feliz-a-la-escuela-es-el-maestro\/"},"author":{"name":"Web del Maestro CMF","@id":"https:\/\/webdelmaestrocmf.com\/portal\/#\/schema\/person\/1072a2ed7bd960df8ef99a551fa35dc5"},"headline":"Alicia Tojeiro: El primero que tiene que ir feliz a la escuela es el maestro","datePublished":"2024-02-27T02:00:01+00:00","dateModified":"2024-02-27T02:21:18+00:00","mainEntityOfPage":{"@id":"https:\/\/webdelmaestrocmf.com\/portal\/el-primero-que-tiene-que-ir-feliz-a-la-escuela-es-el-maestro\/"},"wordCount":1232,"commentCount":1,"publisher":{"@id":"https:\/\/webdelmaestrocmf.com\/portal\/#organization"},"image":{"@id":"https:\/\/webdelmaestrocmf.com\/portal\/el-primero-que-tiene-que-ir-feliz-a-la-escuela-es-el-maestro\/#primaryimage"},"thumbnailUrl":"https:\/\/webdelmaestrocmf.com\/portal\/wp-content\/uploads\/2019\/05\/Banner-1-portada-imagen-10-1-24.jpg","keywords":["ALICIA","Alicia Tojeiro","escuela","FELIZ","Maestro","Tojeiro"],"articleSection":["Entrevistas","Noticias"],"inLanguage":"es","potentialAction":[{"@type":"CommentAction","name":"Comment","target":["https:\/\/webdelmaestrocmf.com\/portal\/el-primero-que-tiene-que-ir-feliz-a-la-escuela-es-el-maestro\/#respond"]}]},{"@type":"WebPage","@id":"https:\/\/webdelmaestrocmf.com\/portal\/el-primero-que-tiene-que-ir-feliz-a-la-escuela-es-el-maestro\/","url":"https:\/\/webdelmaestrocmf.com\/portal\/el-primero-que-tiene-que-ir-feliz-a-la-escuela-es-el-maestro\/","name":"Alicia Tojeiro: El primero que tiene que ir feliz a la escuela es el maestro - 2026","isPartOf":{"@id":"https:\/\/webdelmaestrocmf.com\/portal\/#website"},"primaryImageOfPage":{"@id":"https:\/\/webdelmaestrocmf.com\/portal\/el-primero-que-tiene-que-ir-feliz-a-la-escuela-es-el-maestro\/#primaryimage"},"image":{"@id":"https:\/\/webdelmaestrocmf.com\/portal\/el-primero-que-tiene-que-ir-feliz-a-la-escuela-es-el-maestro\/#primaryimage"},"thumbnailUrl":"https:\/\/webdelmaestrocmf.com\/portal\/wp-content\/uploads\/2019\/05\/Banner-1-portada-imagen-10-1-24.jpg","datePublished":"2024-02-27T02:00:01+00:00","dateModified":"2024-02-27T02:21:18+00:00","description":"S\u00ed. El primero que tiene que ir feliz a la escuela es el maestro, porque, si no, no puedes contagiar nada. Sin alegr\u00eda y motivaci\u00f3n...","breadcrumb":{"@id":"https:\/\/webdelmaestrocmf.com\/portal\/el-primero-que-tiene-que-ir-feliz-a-la-escuela-es-el-maestro\/#breadcrumb"},"inLanguage":"es","potentialAction":[{"@type":"ReadAction","target":["https:\/\/webdelmaestrocmf.com\/portal\/el-primero-que-tiene-que-ir-feliz-a-la-escuela-es-el-maestro\/"]}]},{"@type":"ImageObject","inLanguage":"es","@id":"https:\/\/webdelmaestrocmf.com\/portal\/el-primero-que-tiene-que-ir-feliz-a-la-escuela-es-el-maestro\/#primaryimage","url":"https:\/\/webdelmaestrocmf.com\/portal\/wp-content\/uploads\/2019\/05\/Banner-1-portada-imagen-10-1-24.jpg","contentUrl":"https:\/\/webdelmaestrocmf.com\/portal\/wp-content\/uploads\/2019\/05\/Banner-1-portada-imagen-10-1-24.jpg","width":1024,"height":1024},{"@type":"BreadcrumbList","@id":"https:\/\/webdelmaestrocmf.com\/portal\/el-primero-que-tiene-que-ir-feliz-a-la-escuela-es-el-maestro\/#breadcrumb","itemListElement":[{"@type":"ListItem","position":1,"name":"Portada","item":"https:\/\/webdelmaestrocmf.com\/portal\/"},{"@type":"ListItem","position":2,"name":"Noticias","item":"https:\/\/webdelmaestrocmf.com\/portal\/category\/noticias\/"},{"@type":"ListItem","position":3,"name":"Alicia Tojeiro: El primero que tiene que ir feliz a la escuela es el maestro"}]},{"@type":"WebSite","@id":"https:\/\/webdelmaestrocmf.com\/portal\/#website","url":"https:\/\/webdelmaestrocmf.com\/portal\/","name":"Web del Maestro CMF","description":"Maestros al servicio de la educaci\u00f3n","publisher":{"@id":"https:\/\/webdelmaestrocmf.com\/portal\/#organization"},"alternateName":"WMCMF","potentialAction":[{"@type":"SearchAction","target":{"@type":"EntryPoint","urlTemplate":"https:\/\/webdelmaestrocmf.com\/portal\/?s={search_term_string}"},"query-input":{"@type":"PropertyValueSpecification","valueRequired":true,"valueName":"search_term_string"}}],"inLanguage":"es"},{"@type":"Organization","@id":"https:\/\/webdelmaestrocmf.com\/portal\/#organization","name":"Web del Maestro CMF","alternateName":"WMCMF","url":"https:\/\/webdelmaestrocmf.com\/portal\/","logo":{"@type":"ImageObject","inLanguage":"es","@id":"https:\/\/webdelmaestrocmf.com\/portal\/#\/schema\/logo\/image\/","url":"https:\/\/webdelmaestrocmf.com\/portal\/wp-content\/uploads\/2023\/01\/logo-wmcmf-2.png","contentUrl":"https:\/\/webdelmaestrocmf.com\/portal\/wp-content\/uploads\/2023\/01\/logo-wmcmf-2.png","width":200,"height":60,"caption":"Web del Maestro CMF"},"image":{"@id":"https:\/\/webdelmaestrocmf.com\/portal\/#\/schema\/logo\/image\/"},"sameAs":["https:\/\/www.facebook.com\/WebdelMaestroCMF\/","https:\/\/x.com\/cmf_w","https:\/\/www.pinterest.com\/WMCMF\/","https:\/\/www.linkedin.com\/company\/web-del-maestro-cmf\/","https:\/\/www.instagram.com\/wmcmf\/","https:\/\/www.youtube.com\/channel\/UCDPSvjbdodE5sHnC3OxutHw","https:\/\/mastodon.social\/@wmcmf","https:\/\/www.tiktok.com\/@webdelmaestrocmf"]},{"@type":"Person","@id":"https:\/\/webdelmaestrocmf.com\/portal\/#\/schema\/person\/1072a2ed7bd960df8ef99a551fa35dc5","name":"Web del Maestro CMF","image":{"@type":"ImageObject","inLanguage":"es","@id":"https:\/\/secure.gravatar.com\/avatar\/23291dd5b5ae1077dcff3dbb04c3e02bd28403fa75af6d8787d5e97c5bbbe30b?s=96&d=mm&r=g","url":"https:\/\/secure.gravatar.com\/avatar\/23291dd5b5ae1077dcff3dbb04c3e02bd28403fa75af6d8787d5e97c5bbbe30b?s=96&d=mm&r=g","contentUrl":"https:\/\/secure.gravatar.com\/avatar\/23291dd5b5ae1077dcff3dbb04c3e02bd28403fa75af6d8787d5e97c5bbbe30b?s=96&d=mm&r=g","caption":"Web del Maestro CMF"},"description":"Esta Web se cre\u00f3 sin fines de lucro, con fines educativos, cient\u00edficos y acad\u00e9micos, para personas que tengan dificultades y\/o inconvenientes en visualizar el material original. El objetivo es entregar recursos, compartir experiencias y materiales que ayuden a los padres de familia, maestros y estudiantes en su actualizaci\u00f3n y formaci\u00f3n permanente, en bien de la Educaci\u00f3n.","sameAs":["http:\/\/webdelmaestrocmf.com\/portal","https:\/\/www.facebook.com\/WebdelMaestroCMF\/","https:\/\/www.instagram.com\/wmcmf\/","https:\/\/cl.linkedin.com\/company\/web-del-maestro-cmf","https:\/\/www.pinterest.com\/WMCMF\/publicaciones\/","https:\/\/x.com\/cmf_w","https:\/\/www.youtube.com\/@WMCMF"]}]}},"jetpack_featured_media_url":"https:\/\/webdelmaestrocmf.com\/portal\/wp-content\/uploads\/2019\/05\/Banner-1-portada-imagen-10-1-24.jpg","jetpack_sharing_enabled":true,"jetpack-related-posts":[{"id":75063,"url":"https:\/\/webdelmaestrocmf.com\/portal\/alicia-tojeiro-rios-los-mejores-profesores-ven-clave-la-empatia-en-la-ensenanza\/","url_meta":{"origin":32475,"position":0},"title":"Alicia Tojeiro R\u00edos: La escuela que hace falta es la de la humanidad, la de los valores, la escuela del respeto, la empat\u00eda","author":"Web del Maestro CMF","date":"9 febrero, 2023","format":false,"excerpt":"Alicia Tojeiro R\u00edos\u00a0 (Vigo, Espa\u00f1a, 1978), hizo estudios de Magisterio y co\u00admenz\u00f3 su trabajo docente como maestra especialista en Educaci\u00f3n Infantil y Primaria. Despu\u00e9s de obtener un m\u00e1ster en Atenci\u00f3n Temprana, contin\u00faa participando en trabajos por proyectos, sobre la inteligencia emocional, la filosof\u00eda para ni\u00f1os, el aprendizaje constructivista, la neurociencia\u2026","rel":"","context":"En \u00abEntrevistas\u00bb","block_context":{"text":"Entrevistas","link":"https:\/\/webdelmaestrocmf.com\/portal\/category\/noticias\/entrevistas\/"},"img":{"alt_text":"","src":"https:\/\/i0.wp.com\/webdelmaestrocmf.com\/portal\/wp-content\/uploads\/2022\/09\/1-77.jpg?resize=350%2C200&ssl=1","width":350,"height":200,"srcset":"https:\/\/i0.wp.com\/webdelmaestrocmf.com\/portal\/wp-content\/uploads\/2022\/09\/1-77.jpg?resize=350%2C200&ssl=1 1x, https:\/\/i0.wp.com\/webdelmaestrocmf.com\/portal\/wp-content\/uploads\/2022\/09\/1-77.jpg?resize=525%2C300&ssl=1 1.5x, https:\/\/i0.wp.com\/webdelmaestrocmf.com\/portal\/wp-content\/uploads\/2022\/09\/1-77.jpg?resize=700%2C400&ssl=1 2x"},"classes":[]},{"id":102060,"url":"https:\/\/webdelmaestrocmf.com\/portal\/las-6-claves-para-que-el-docente-sea-feliz-en-el-aula\/","url_meta":{"origin":32475,"position":1},"title":"Claves para que el docente sea feliz en el aula","author":"Web del Maestro CMF","date":"3 enero, 2024","format":false,"excerpt":"La importancia de la felicidad del docente no puede subestimarse cuando se trata del rendimiento y bienestar de los estudiantes. Un educador feliz no solo es m\u00e1s motivado y entusiasta, sino que tambi\u00e9n contribuye a un ambiente de aprendizaje m\u00e1s positivo. Aqu\u00ed, exploraremos seis claves esenciales para asegurar la felicidad\u2026","rel":"","context":"En \u00abDocentes\u00bb","block_context":{"text":"Docentes","link":"https:\/\/webdelmaestrocmf.com\/portal\/category\/pedagogia\/docentes\/"},"img":{"alt_text":"docente sea feliz en el aula","src":"https:\/\/i0.wp.com\/webdelmaestrocmf.com\/portal\/wp-content\/uploads\/2024\/01\/B-dibujos-1-5-1.webp?resize=350%2C200&ssl=1","width":350,"height":200,"srcset":"https:\/\/i0.wp.com\/webdelmaestrocmf.com\/portal\/wp-content\/uploads\/2024\/01\/B-dibujos-1-5-1.webp?resize=350%2C200&ssl=1 1x, https:\/\/i0.wp.com\/webdelmaestrocmf.com\/portal\/wp-content\/uploads\/2024\/01\/B-dibujos-1-5-1.webp?resize=525%2C300&ssl=1 1.5x, https:\/\/i0.wp.com\/webdelmaestrocmf.com\/portal\/wp-content\/uploads\/2024\/01\/B-dibujos-1-5-1.webp?resize=700%2C400&ssl=1 2x"},"classes":[]},{"id":112599,"url":"https:\/\/webdelmaestrocmf.com\/portal\/colombia-lidera-el-ranking-mundial-de-felicidad-docente\/","url_meta":{"origin":32475,"position":2},"title":"Colombia lidera el ranking mundial de felicidad docente","author":"Web del Maestro CMF","date":"14 octubre, 2025","format":false,"excerpt":"Colombia lidera la felicidad docente mundial: nueve de cada diez maestros volver\u00edan a ense\u00f1ar, reflejando bienestar, vocaci\u00f3n y reconocimiento social.","rel":"","context":"En \u00abNoticias Internacionales\u00bb","block_context":{"text":"Noticias Internacionales","link":"https:\/\/webdelmaestrocmf.com\/portal\/category\/noticias-internacionales\/"},"img":{"alt_text":"","src":"https:\/\/i0.wp.com\/webdelmaestrocmf.com\/portal\/wp-content\/uploads\/2025\/10\/1A-Banner-1-portada-imagen-10-1-copia-1-4.jpg?resize=350%2C200&ssl=1","width":350,"height":200,"srcset":"https:\/\/i0.wp.com\/webdelmaestrocmf.com\/portal\/wp-content\/uploads\/2025\/10\/1A-Banner-1-portada-imagen-10-1-copia-1-4.jpg?resize=350%2C200&ssl=1 1x, https:\/\/i0.wp.com\/webdelmaestrocmf.com\/portal\/wp-content\/uploads\/2025\/10\/1A-Banner-1-portada-imagen-10-1-copia-1-4.jpg?resize=525%2C300&ssl=1 1.5x, https:\/\/i0.wp.com\/webdelmaestrocmf.com\/portal\/wp-content\/uploads\/2025\/10\/1A-Banner-1-portada-imagen-10-1-copia-1-4.jpg?resize=700%2C400&ssl=1 2x"},"classes":[]},{"id":89806,"url":"https:\/\/webdelmaestrocmf.com\/portal\/papa-francisco-pongamos-la-dignidad-de-la-persona-por-encima-de-todo\/","url_meta":{"origin":32475,"position":3},"title":"Papa Francisco: Pongamos la dignidad de la persona por encima de todo","author":"Web del Maestro CMF","date":"4 junio, 2023","format":false,"excerpt":"El Papa Francisco, en su mensaje de junio del a\u00f1o 2023 pide que los cristianos recemos por la abolici\u00f3n de la tortura, como aquellas pr\u00e1cticas \u201csofisticadas\u201d o que intencionalmente aplican un trato degradante, la anulaci\u00f3n de los sentidos, ... para obtener informaci\u00f3n o de conseguir \"pruebas\" para esclarecer un delito.\u2026","rel":"","context":"En \u00abMundo cart\u00f3lico\u00bb","block_context":{"text":"Mundo cart\u00f3lico","link":"https:\/\/webdelmaestrocmf.com\/portal\/category\/pastoral\/"},"img":{"alt_text":"","src":"https:\/\/i0.wp.com\/webdelmaestrocmf.com\/portal\/wp-content\/uploads\/2023\/06\/A12B3C4D.jpg?resize=350%2C200&ssl=1","width":350,"height":200,"srcset":"https:\/\/i0.wp.com\/webdelmaestrocmf.com\/portal\/wp-content\/uploads\/2023\/06\/A12B3C4D.jpg?resize=350%2C200&ssl=1 1x, https:\/\/i0.wp.com\/webdelmaestrocmf.com\/portal\/wp-content\/uploads\/2023\/06\/A12B3C4D.jpg?resize=525%2C300&ssl=1 1.5x, https:\/\/i0.wp.com\/webdelmaestrocmf.com\/portal\/wp-content\/uploads\/2023\/06\/A12B3C4D.jpg?resize=700%2C400&ssl=1 2x"},"classes":[]},{"id":94936,"url":"https:\/\/webdelmaestrocmf.com\/portal\/si-quieres-ser-un-profesional-bien-remunerado-no-elijas-ser-profesor\/","url_meta":{"origin":32475,"position":4},"title":"Si quieres ser un profesional bien remunerado, no elijas ser profesor","author":"Web del Maestro CMF","date":"30 junio, 2025","format":false,"excerpt":"Seg\u00fan un estudio de la OCDE, el porcentaje de maestros satisfechos con su trabajo pas\u00f3 del 42% en 2019 al 38% en 2020, al 36% en 2021 y al 34% en 2022","rel":"","context":"En \u00abNoticias Internacionales\u00bb","block_context":{"text":"Noticias Internacionales","link":"https:\/\/webdelmaestrocmf.com\/portal\/category\/noticias-internacionales\/"},"img":{"alt_text":"","src":"https:\/\/i0.wp.com\/webdelmaestrocmf.com\/portal\/wp-content\/uploads\/2023\/09\/Banner-1-portada-imagen-10-1-27.jpg?resize=350%2C200&ssl=1","width":350,"height":200,"srcset":"https:\/\/i0.wp.com\/webdelmaestrocmf.com\/portal\/wp-content\/uploads\/2023\/09\/Banner-1-portada-imagen-10-1-27.jpg?resize=350%2C200&ssl=1 1x, https:\/\/i0.wp.com\/webdelmaestrocmf.com\/portal\/wp-content\/uploads\/2023\/09\/Banner-1-portada-imagen-10-1-27.jpg?resize=525%2C300&ssl=1 1.5x, https:\/\/i0.wp.com\/webdelmaestrocmf.com\/portal\/wp-content\/uploads\/2023\/09\/Banner-1-portada-imagen-10-1-27.jpg?resize=700%2C400&ssl=1 2x"},"classes":[]},{"id":116729,"url":"https:\/\/webdelmaestrocmf.com\/portal\/maestro-lo-dice-claro-nunca-tuve-fines-de-semana-enteros-sin-hacer-nada-es-un-sistema-que-te-aplasta-con-una-demanda-permanente\/","url_meta":{"origin":32475,"position":5},"title":"Maestro lo dice claro: \u00abNunca tuve fines de semana enteros sin hacer nada. Es un sistema que te aplasta con una demanda permanente\u00bb.","author":"Web del Maestro CMF","date":"21 marzo, 2026","format":false,"excerpt":"Un sistema educativo que no descansa exige docentes sin pausas: sin fines de semana libres, con demandas constantes que agotan, presionan y terminan desgastando profundamente la vocaci\u00f3n y la vida personal.","rel":"","context":"En \u00abNoticias Internacionales\u00bb","block_context":{"text":"Noticias Internacionales","link":"https:\/\/webdelmaestrocmf.com\/portal\/category\/noticias-internacionales\/"},"img":{"alt_text":"","src":"https:\/\/i0.wp.com\/webdelmaestrocmf.com\/portal\/wp-content\/uploads\/2026\/03\/1AA-Banner-1-portada-imagen-10-1-copia-14.webp?resize=350%2C200&ssl=1","width":350,"height":200,"srcset":"https:\/\/i0.wp.com\/webdelmaestrocmf.com\/portal\/wp-content\/uploads\/2026\/03\/1AA-Banner-1-portada-imagen-10-1-copia-14.webp?resize=350%2C200&ssl=1 1x, https:\/\/i0.wp.com\/webdelmaestrocmf.com\/portal\/wp-content\/uploads\/2026\/03\/1AA-Banner-1-portada-imagen-10-1-copia-14.webp?resize=525%2C300&ssl=1 1.5x, https:\/\/i0.wp.com\/webdelmaestrocmf.com\/portal\/wp-content\/uploads\/2026\/03\/1AA-Banner-1-portada-imagen-10-1-copia-14.webp?resize=700%2C400&ssl=1 2x, https:\/\/i0.wp.com\/webdelmaestrocmf.com\/portal\/wp-content\/uploads\/2026\/03\/1AA-Banner-1-portada-imagen-10-1-copia-14.webp?resize=1050%2C600&ssl=1 3x"},"classes":[]}],"_links":{"self":[{"href":"https:\/\/webdelmaestrocmf.com\/portal\/wp-json\/wp\/v2\/posts\/32475","targetHints":{"allow":["GET"]}}],"collection":[{"href":"https:\/\/webdelmaestrocmf.com\/portal\/wp-json\/wp\/v2\/posts"}],"about":[{"href":"https:\/\/webdelmaestrocmf.com\/portal\/wp-json\/wp\/v2\/types\/post"}],"author":[{"embeddable":true,"href":"https:\/\/webdelmaestrocmf.com\/portal\/wp-json\/wp\/v2\/users\/1"}],"replies":[{"embeddable":true,"href":"https:\/\/webdelmaestrocmf.com\/portal\/wp-json\/wp\/v2\/comments?post=32475"}],"version-history":[{"count":0,"href":"https:\/\/webdelmaestrocmf.com\/portal\/wp-json\/wp\/v2\/posts\/32475\/revisions"}],"wp:featuredmedia":[{"embeddable":true,"href":"https:\/\/webdelmaestrocmf.com\/portal\/wp-json\/wp\/v2\/media\/104335"}],"wp:attachment":[{"href":"https:\/\/webdelmaestrocmf.com\/portal\/wp-json\/wp\/v2\/media?parent=32475"}],"wp:term":[{"taxonomy":"category","embeddable":true,"href":"https:\/\/webdelmaestrocmf.com\/portal\/wp-json\/wp\/v2\/categories?post=32475"},{"taxonomy":"post_tag","embeddable":true,"href":"https:\/\/webdelmaestrocmf.com\/portal\/wp-json\/wp\/v2\/tags?post=32475"}],"curies":[{"name":"wp","href":"https:\/\/api.w.org\/{rel}","templated":true}]}}