{"id":32266,"date":"2022-03-30T01:12:31","date_gmt":"2022-03-30T04:12:31","guid":{"rendered":"http:\/\/webdelmaestrocmf.com\/portal\/?p=32266"},"modified":"2025-07-03T00:06:52","modified_gmt":"2025-07-03T04:06:52","slug":"los-ninos-aprenden-a-regular-sus-emociones-a-traves-de-los-modelos-que-ven-en-sus-padres","status":"publish","type":"post","link":"https:\/\/webdelmaestrocmf.com\/portal\/los-ninos-aprenden-a-regular-sus-emociones-a-traves-de-los-modelos-que-ven-en-sus-padres\/","title":{"rendered":"\u00c1lvaro Bilbao: Los ni\u00f1os aprenden a regular sus emociones a trav\u00e9s de los modelos que ven en sus padres"},"content":{"rendered":"<p style=\"text-align: justify;\">El neurospic\u00f3logo espa\u00f1ol, \u00c1lvaro Bilbao, es doctor en Psicolog\u00eda de la Salud se form\u00f3 en el Hospital Johns Hopkins de Baltimore (USA) y en el Royal Hospital for Neurodisability de Londres. Ha dedicado varios a\u00f1os de mi vida a investigar las claves del cuidado del cerebro y a divulgar sus conocimientos y experiencia a trav\u00e9s de libros y colaboraciones con distintos medios de comunicaci\u00f3n, y por medio de conferencias y entrevistas que manifiestan que es un excelente comunicador con singulares aptitudes pedag\u00f3gicas.<\/p>\n<p><!--more--><\/p>\n<p style=\"text-align: justify;\">Consideramos que sus intervenciones sobre el tema de la educaci\u00f3n, contienen importantes aportes sobre el manejo de las nuevas t\u00e9cnicas de trabajo en el aula, centradas en el <strong>funcionamiento del cerebro de nuestros estudiantes<\/strong>, orientando sobre <strong>el nuevo papel del educador <\/strong>en el proceso de la ense\u00f1anza \u2013 aprendizaje.<\/p>\n<p style=\"text-align: justify;\">Es una exigencia el conocer el avance de la neuroeducaci\u00f3n, para respetar y potenciar las diferencias gen\u00e9ticas de cada ni\u00f1o y ni\u00f1a, ayudando a construir mejores cerebros y a modular sus rasgos, fomentando la confianza en ellos mismos. Les sugerimos la lectura de: <a href=\"http:\/\/webdelmaestrocmf.com\/portal\/seis-errores-la-educacion-pueden-limitar-desarrollo-las-capacidades-los-estudiantes\/\" target=\"_blank\" rel=\"noopener\"><strong>SEIS ERRORES EN LA EDUCACI\u00d3N QUE PUEDEN LIMITAR EL DESARROLLO DE LAS CAPACIDADES DE LOS ESTUDIANTES.<\/strong><\/a><\/p>\n<p style=\"text-align: justify;\">Siguiendo con nuestra serie APRENDAMOS JUNTOS, PARA SUMAR POR LA EDUCACI\u00d3N, compartimos por motivos \u00fanicamente educativos, parte de la publicaci\u00f3n de El Pa\u00eds (Espa\u00f1a), BBVA y Editorial Santillana, en la cual el neuropsic\u00f3logo \u00c1lvaro Bilbao responde a Mar\u00eda Luisa Moreno, madre de familia,<\/p>\n<p style=\"text-align: justify;\">sobre la importancia de <strong>los l\u00edmites con normas<\/strong>, el uso de los <strong>dispositivos tecnol\u00f3gicos<\/strong>, el menejo de las <strong>tareas escolares<\/strong> en casa, <strong>el juego<\/strong> y el aprendizaje, el tiempo de recreos y el sue\u00f1o de los ni\u00f1os(as), la protecci\u00f3n y la sobreprotecci\u00f3n, la <strong>empat\u00eda<\/strong>, las <strong>relaciones<\/strong> entre hermanos, la <strong>suspensi\u00f3n o reprobaci\u00f3n<\/strong> de asignaturas y algunos consejos sobre el proceso del aprendizaje. Compartimos los enlaces para el video completo y el momento m\u00e1s destacado, as\u00ed como partes del di\u00e1logo, que recomendamos leer en la fuente original. Que sea esta publicaci\u00f3n una invitaci\u00f3n a seguir entusiasmados en nuestra formaci\u00f3n permanente. Hacemos presente que las letras en negritas y cursivas son nuestras.<\/p>\n<h5>MAR\u00cdA LUISA MORENO: \u2026 \u00bfQu\u00e9 otro recurso tengo al castigo?<\/h5>\n<p style=\"text-align: justify;\"><strong>\u00c1LVARO BILBAO:<\/strong> \u201cYo siempre os digo a los padres una cosa: <strong>si los castigos fueran eficaces, los ni\u00f1os a los que m\u00e1s se les castiga ser\u00edan los ni\u00f1os que mejor se portan<\/strong>, y todos sabemos que es todo lo contrario, \u00bfno? Entonces hay muchas alternativas a los castigos que son mucho m\u00e1s pedag\u00f3gicas y con las que los ni\u00f1os aprenden mucho m\u00e1s. La primera de ellas ser\u00eda poner l\u00edmites. <strong>Poner l\u00edmites quiere decir que explicamos al ni\u00f1o lo que no queremos que haga antes de que ocurra<\/strong>. De esa manera estamos previniendo que el ni\u00f1o desarrolle ciertas conexiones o ciertos patrones neurocerebrales que lo que van a provocar es que repita ese comportamiento negativo. <strong>Cuando lo frenamos antes de que ocurra estamos previniendo.<\/strong> Por eso es importante que los padres tengamos l\u00edmites. Esos l\u00edmites se pueden traducir en normas, y la <strong>diferencia entre una norma y un castigo<\/strong> es que el castigo viene a posteriori, mientras que la norma suele venir de antemano. Y a partir de que el ni\u00f1o tiene ya tres o cuatro a\u00f1os lo podemos fijar en familia. [\u2026] <strong>las normas se estructuran en la misma parte del cerebro<\/strong>, que es la corteza frontal. Por eso, cuando ponemos normas a los ni\u00f1os y hacemos que se respeten, estamos ayud\u00e1ndoles a desarrollar pues esa corteza frontal. [\u2026]\u201d.<\/p>\n<h5>\u00bfPOR QU\u00c9 MI HIJO NUNCA SE QUIERE IR A DORMIR?\u00a0(MOMENTO DESTACADO 5\u00b424\u201d)<\/h5>\n<p><iframe loading=\"lazy\" src=\"https:\/\/www.youtube.com\/embed\/8b595jZcMz0\" width=\"100%\" height=\"400\" frameborder=\"0\" allowfullscreen=\"allowfullscreen\"><span data-mce-type=\"bookmark\" style=\"display: inline-block; width: 0px; overflow: hidden; line-height: 0;\" class=\"mce_SELRES_start\">\ufeff<\/span><span data-mce-type=\"bookmark\" style=\"display: inline-block; width: 0px; overflow: hidden; line-height: 0;\" class=\"mce_SELRES_start\">\ufeff<\/span><\/iframe><\/p>\n<h5>MAR\u00cdA LUISA MORENO: \u2026 Tengo dos preguntas que hacerte, la primera: \u00bfhasta qu\u00e9 punto le puede estar afectando a ese desarrollo que necesita su cerebro, cuando ella pasa muchas horas delante de las pantallas?, y segundo: \u00bfc\u00f3mo puedo cortarle el tiempo de pantalla sin que ella lo perciba como un castigo?<\/h5>\n<p style=\"text-align: justify;\"><strong>\u00c1LVARO BILBAO: <\/strong>\u201c[\u2026]\u00a0es importante que los padres sepan pues que <strong>las nuevas tecnolog\u00edas no son inocuas<\/strong> para los ni\u00f1os peque\u00f1os, sino que est\u00e1n interaccionando de una manera muy r\u00e1pida y muy intensa con el cerebro de nuestros hijos. [\u2026] lo primero que tienen que hacer, antes de que est\u00e9 el dispositivo, que sea un videojuego, una tablet, un tel\u00e9fono, es <strong>poner unas normas para que el ni\u00f1o las respete<\/strong>, porque si introducimos normas podemos tener una oportunidad para que el ni\u00f1o aprenda a tener autocontrol cuando respete esas normas, \u00bfno? [\u2026] decirle pues que <strong>vais a limitar un poquito<\/strong> m\u00e1s el uso de las tecnolog\u00edas. Siempre <strong>despu\u00e9s de que haga sus tareas del cole<\/strong>, siempre <strong>despu\u00e9s de que haya sido responsable<\/strong> y se haya hecho su cama, haya puesto o colaborado a poner la mesa para cenar y siempre pues que haya tenido tambi\u00e9n tiempo durante ese d\u00eda de correr, de saltar y de jugar a otro tipo de juegos, porque sabemos que ese otro tipo de juegos son m\u00e1s beneficiosos para el cerebro. [\u2026]\u201d.<\/p>\n<h5>ENTENDER EL CEREBRO DE LOS NI\u00d1OS PARA EDUCAR MEJOR\u00a0(VIDEO COMPLETO 45\u00b4 03\u201d)<\/h5>\n<p><iframe loading=\"lazy\" src=\"https:\/\/www.youtube.com\/embed\/pQEAY0nDZ3g\" width=\"100%\" height=\"400\" frameborder=\"0\" allowfullscreen=\"allowfullscreen\"><span data-mce-type=\"bookmark\" style=\"display: inline-block; width: 0px; overflow: hidden; line-height: 0;\" class=\"mce_SELRES_start\">\ufeff<\/span><span data-mce-type=\"bookmark\" style=\"display: inline-block; width: 0px; overflow: hidden; line-height: 0;\" class=\"mce_SELRES_start\">\ufeff<\/span><\/iframe><\/p>\n<h5>MAR\u00cdA LUISA MORENO: \u2026 \u00bfEn qu\u00e9 momento es protecci\u00f3n o pasamos a la sobreprotecci\u00f3n y en qu\u00e9 momento es autoestima o egocentrismo a lo que les estamos llevando?<\/h5>\n<p style=\"text-align: justify;\"><strong>\u00c1LVARO BILBAO: <\/strong>\u201c[\u2026] hay un estudio muy bonito que dice que <strong>los ni\u00f1os que est\u00e1n m\u00e1s sobreprotegidos toman peores decisiones respecto a su futuro profesional<\/strong> y acaban siendo adultos que trabajan en trabajos con los que se sienten insatisfechos, porque los padres metieron demasiada mano en influir, en opinar sobre lo que el ni\u00f1o ten\u00eda que decidir. Y suelen ser ni\u00f1os, o adolescentes, que durante toda su infancia han tenido ese componente de sobreprotecci\u00f3n de los padres. [\u2026] La sobreprotecci\u00f3n es cuando asistimos al ni\u00f1o en demasiadas <strong>cosas que el ni\u00f1o no nos pide<\/strong>. [\u2026] Y, por lo tanto, es importante que nosotros sepamos estar calmados y enfadarnos, pero <strong>enfadarnos de una manera tranquila y positiva<\/strong>, cuando haga falta y saber mantener la calma cuando la cosa no va con nosotros, [\u2026]\u201d.<\/p>\n<h5>MAR\u00cdA LUISA MORENO: \u2026 \u00bfc\u00f3mo podemos ayudarles a estudiar mejor? \u00bfQu\u00e9 herramientas o de qu\u00e9 manera les podemos ayudar a mejorar su manera de estudiar?<\/h5>\n<p style=\"text-align: justify;\"><strong>\u00c1LVARO BILBAO: <\/strong>\u201c[\u2026] Una de las cosas m\u00e1s importantes que sabemos es que <strong>el aprendizaje m\u00e1s importante que hace nuestro cerebro es a nivel visual<\/strong>. [\u2026] Si introducimos claves visuales como infogr\u00e1ficos, como el subrayado en distintos colores, dibujos que nos permitan entender mejor la materia, todo eso <strong>va a ayudar a que el ni\u00f1o pues recuerde mucho mejor la informaci\u00f3n<\/strong> el d\u00eda del examen. En realidad, <strong>sabemos que a los ni\u00f1os no les cuesta mucho trabajo aprender,<\/strong> lo que les <strong>cuesta trabajo es recordar lo que han aprendido<\/strong>, porque el cerebro aprende gran cantidad de informaci\u00f3n, que est\u00e1 expuesto a ella. [\u2026] hay tres efectos que la neurociencia ha puesto de manifiesto que ayudan mucho a que los ni\u00f1os aprendan. El primero es <strong>el efecto autogeneraci\u00f3n<\/strong>. Cuando un ni\u00f1o escribe, toma sus propias notas, cuando hace sus propios esquemas, [\u2026] El segundo efecto es <strong>el efecto espaciado<\/strong>. Cuando los ni\u00f1os o los adolescentes se ponen a estudiar y, despu\u00e9s de estudiar un rato, tienen un periodo de descanso, [\u2026]\u00a0Y la tercera clave es lo que llamamos el <strong>efecto generaci\u00f3n<\/strong>. [\u2026] consiste en que nos tomemos la lecci\u00f3n a nosotros mismos, es decir, que repasemos un tema, hagamos nuestro esquema, hagamos esos dibujos que nos ayudan tanto y, despu\u00e9s de hacer esos dibujos, tapemos el libro e intentemos recordarlo, que nos tomemos la lecci\u00f3n a nosotros mismos, porque sabemos que de esa manera estamos incidiendo no tanto en el aprendizaje, [\u2026]\u201d.<\/p>\n<p style=\"text-align: justify;\">La transcripci\u00f3n completa de este di\u00e1logo lo puede Usted leer aqu\u00ed<strong>: <a href=\"https:\/\/aprendemosjuntos.elpais.com\/especial\/entender-el-cerebro-de-los-ninos-para-educar-mejor-alvaro-bilbao\/\" target=\"_blank\" rel=\"noopener\">L\u00cdMITES MEJOR QUE CASTIGOS<\/a><\/strong><\/p>\n<p style=\"text-align: justify;\">Quiz\u00e1 le pueda interesar nuestra publicaci\u00f3n anterior: <a href=\"http:\/\/webdelmaestrocmf.com\/portal\/25-consejos-alvaro-bilbao-los-dialogue-hijos-estudiantes\/\" target=\"_blank\" rel=\"noopener\"><strong>25 CONSEJOS DE \u00c1LVARO BILBAO, PARA QUE LOS DIALOGUE CON SUS HIJOS Y\/O ESTUDIANTES.<\/strong><\/a><\/p>\n<p style=\"text-align: justify;\">Esta publicaci\u00f3n corresponde a<a href=\"http:\/\/webdelmaestrocmf.com\/portal\/serie-de-videos-aprendamos-juntos-para-sumar-por-la-educacion\/\" target=\"_blank\" rel=\"noopener\"><strong> SERIE DE VIDEOS: APRENDAMOS JUNTOS, PARA SUMAR POR LA EDUCACI\u00d3N<\/strong><\/a><\/p>\n<p style=\"text-align: center;\">\u201cEl camino para desarrollar plenamente el cerebro de un ni\u00f1o no es enchufarle a una tableta, sino facilitar su desarrollo natural. Tenemos ni\u00f1os que saben pasar con el dedo una tableta, pero no hacer la voltereta. Es importante confiar en el ni\u00f1o, en que \u00e9l va a encontrar su camino\u201d.<\/p>\n<p style=\"text-align: right;\"><strong>REDACCI\u00d3N WEB DEL MAESTRO CMF<\/strong><\/p>\n\t\t<div class=\"pk-inline-posts\">\n\t\t\t\n\t\t\t<div class=\"pk-inline-posts-container pk-inline-posts-template-list\"\n\t\t\t\tdata-columns=\"1\">\n\t\t\t\t\t\t<article id=\"post-27298\" class=\"post-27298 post type-post status-publish format-video has-post-thumbnail category-charlas tag-educacion tag-mar-romera tag-siglo-veintiuno post_format-post-format-video cs-entry cs-video-wrap\">\n\t\t\t<div class=\"pk-post-outer\">\n\n\t\t\t\t\t\t\t\t<div class=\"pk-post-inner\">\n\t\t\t\t\t<div class=\"entry-thumbnail\">\n\t\t\t\t\t\t<div class=\"pk-overlay pk-overlay-ratio pk-ratio-landscape\">\n\t\t\t\t\t\t\t<div class=\"pk-overlay-background\">\n\t\t\t\t\t\t\t\t<a href=\"https:\/\/webdelmaestrocmf.com\/portal\/la-educacion-del-siglo-veintiuno-es-la-educacion-que-se-ocupa-del-ser-no-del-saber\/\" class=\"pk-overlay-link\">\n\t\t\t\t\t\t\t\t\t<img loading=\"lazy\" decoding=\"async\" width=\"300\" height=\"150\" src=\"https:\/\/webdelmaestrocmf.com\/portal\/wp-content\/uploads\/2018\/04\/1-14.jpg\" class=\"attachment-pk-thumbnail size-pk-thumbnail wp-post-image\" alt=\"\" srcset=\"https:\/\/webdelmaestrocmf.com\/portal\/wp-content\/uploads\/2018\/04\/1-14.jpg 800w, https:\/\/webdelmaestrocmf.com\/portal\/wp-content\/uploads\/2018\/04\/1-14-300x150.jpg 300w, https:\/\/webdelmaestrocmf.com\/portal\/wp-content\/uploads\/2018\/04\/1-14-768x384.jpg 768w\" sizes=\"auto, (max-width: 300px) 100vw, 300px\" \/>\t\t\t\t\t\t\t\t<\/a>\n\t\t\t\t\t\t\t<\/div>\n\t\t\t\t\t\t<\/div>\n\t\t\t\t\t<\/div>\n\t\t\t\t<\/div>\n\t\t\t\t\n\t\t\t\t<div class=\"pk-post-inner\">\n\t\t\t\t\t<header>\n\t\t\t\t\t\t<h3 class=\"pk-title\"><a href=\"https:\/\/webdelmaestrocmf.com\/portal\/la-educacion-del-siglo-veintiuno-es-la-educacion-que-se-ocupa-del-ser-no-del-saber\/\" rel=\"bookmark\">Mar Romera: La educaci\u00f3n del siglo veintiuno es la educaci\u00f3n que se ocupa del ser, no del saber<\/a><\/h3>\t\t\t\t\t<\/header><!-- .entry-header -->\n\t\t\t\t<\/div><!-- .post-inner -->\n\n\t\t\t<\/div><!-- .post-outer -->\n\t\t<\/article>\n\t\t\t<article id=\"post-38356\" class=\"post-38356 post type-post status-publish format-video has-post-thumbnail category-charlas tag-limites tag-necesitan-pautas tag-ninos tag-normas post_format-post-format-video cs-entry cs-video-wrap\">\n\t\t\t<div class=\"pk-post-outer\">\n\n\t\t\t\t\t\t\t\t<div class=\"pk-post-inner\">\n\t\t\t\t\t<div class=\"entry-thumbnail\">\n\t\t\t\t\t\t<div class=\"pk-overlay pk-overlay-ratio pk-ratio-landscape\">\n\t\t\t\t\t\t\t<div class=\"pk-overlay-background\">\n\t\t\t\t\t\t\t\t<a href=\"https:\/\/webdelmaestrocmf.com\/portal\/todos-los-ninos-necesitan-pautas-normas-limites-es-un-error-no-ponerselas\/\" class=\"pk-overlay-link\">\n\t\t\t\t\t\t\t\t\t<img loading=\"lazy\" decoding=\"async\" width=\"300\" height=\"225\" src=\"https:\/\/webdelmaestrocmf.com\/portal\/wp-content\/uploads\/2023\/01\/1AA-Banner-1-portada-imagen-10-1-copia-10-300x225.webp\" class=\"attachment-pk-thumbnail size-pk-thumbnail wp-post-image\" alt=\"\" \/>\t\t\t\t\t\t\t\t<\/a>\n\t\t\t\t\t\t\t<\/div>\n\t\t\t\t\t\t<\/div>\n\t\t\t\t\t<\/div>\n\t\t\t\t<\/div>\n\t\t\t\t\n\t\t\t\t<div class=\"pk-post-inner\">\n\t\t\t\t\t<header>\n\t\t\t\t\t\t<h3 class=\"pk-title\"><a href=\"https:\/\/webdelmaestrocmf.com\/portal\/todos-los-ninos-necesitan-pautas-normas-limites-es-un-error-no-ponerselas\/\" rel=\"bookmark\">Mar\u00eda Jes\u00fas \u00c1lava Reyes: Todos los ni\u00f1os necesitan pautas, normas, l\u00edmites, es un error no pon\u00e9rselas<\/a><\/h3>\t\t\t\t\t<\/header><!-- .entry-header -->\n\t\t\t\t<\/div><!-- .post-inner -->\n\n\t\t\t<\/div><!-- .post-outer -->\n\t\t<\/article>\n\t\t\t<article id=\"post-118817\" class=\"post-118817 post type-post status-publish format-standard has-post-thumbnail category-charlas tag-adolescencia tag-autoridad-parental tag-convivencia-escolar tag-crianza tag-educacion-emocional-2 tag-limites tag-maria-velasco tag-padres-e-hijos tag-psicologia-infantil tag-salud-mental cs-entry cs-video-wrap\">\n\t\t\t<div class=\"pk-post-outer\">\n\n\t\t\t\t\t\t\t\t<div class=\"pk-post-inner\">\n\t\t\t\t\t<div class=\"entry-thumbnail\">\n\t\t\t\t\t\t<div class=\"pk-overlay pk-overlay-ratio pk-ratio-landscape\">\n\t\t\t\t\t\t\t<div class=\"pk-overlay-background\">\n\t\t\t\t\t\t\t\t<a href=\"https:\/\/webdelmaestrocmf.com\/portal\/maria-velasco-yo-aconsejo-a-los-padres-de-adolescentes-que-no-intenten-ser-los-colegas-de-sus-hijos-porque-ellos-ya-tienen-muchos-amigos-pero-una-madre-y-un-padre-solamente-tienen-uno\/\" class=\"pk-overlay-link\">\n\t\t\t\t\t\t\t\t\t<img loading=\"lazy\" decoding=\"async\" width=\"300\" height=\"225\" src=\"https:\/\/webdelmaestrocmf.com\/portal\/wp-content\/uploads\/2026\/05\/1AA-Banner-1-portada-imagen-10-1-copia-4-1-300x225.webp\" class=\"attachment-pk-thumbnail size-pk-thumbnail wp-post-image\" alt=\"\" \/>\t\t\t\t\t\t\t\t<\/a>\n\t\t\t\t\t\t\t<\/div>\n\t\t\t\t\t\t<\/div>\n\t\t\t\t\t<\/div>\n\t\t\t\t<\/div>\n\t\t\t\t\n\t\t\t\t<div class=\"pk-post-inner\">\n\t\t\t\t\t<header>\n\t\t\t\t\t\t<h3 class=\"pk-title\"><a href=\"https:\/\/webdelmaestrocmf.com\/portal\/maria-velasco-yo-aconsejo-a-los-padres-de-adolescentes-que-no-intenten-ser-los-colegas-de-sus-hijos-porque-ellos-ya-tienen-muchos-amigos-pero-una-madre-y-un-padre-solamente-tienen-uno\/\" rel=\"bookmark\">Mar\u00eda Velasco: Yo aconsejo a los padres de adolescentes que no intenten ser los colegas de sus hijos, porque ellos ya tienen muchos amigos, pero una madre y un padre solamente tienen uno<\/a><\/h3>\t\t\t\t\t<\/header><!-- .entry-header -->\n\t\t\t\t<\/div><!-- .post-inner -->\n\n\t\t\t<\/div><!-- .post-outer -->\n\t\t<\/article>\n\t\t\t\t<\/div>\n\t\t<\/div>\n\t\t\n","protected":false},"excerpt":{"rendered":"El neurospic\u00f3logo espa\u00f1ol, \u00c1lvaro Bilbao, es doctor en Psicolog\u00eda de la Salud se form\u00f3 en el Hospital Johns&hellip;","protected":false},"author":1,"featured_media":107371,"comment_status":"open","ping_status":"closed","sticky":false,"template":"","format":"video","meta":{"_jetpack_newsletter_access":"","_jetpack_dont_email_post_to_subs":false,"_jetpack_newsletter_tier_id":0,"_jetpack_memberships_contains_paywalled_content":false,"csco_display_header_overlay":false,"csco_singular_sidebar":"disabled","csco_page_header_type":"large","csco_page_load_nextpost":"default","csco_post_video_location":[],"csco_post_video_location_hash":"","csco_post_video_url":"","csco_post_video_bg_start_time":0,"csco_post_video_bg_end_time":0,"csco_post_video_bg_volume":false,"_jetpack_feature_clip_id":0,"_jetpack_memberships_contains_paid_content":false,"footnotes":"","jetpack_post_was_ever_published":false},"categories":[3453],"tags":[3876,1109,3461,3465,3459,3877,606,608,2169,3456,272,3604,1253,2773],"class_list":["post-32266","post","type-post","status-publish","format-video","has-post-thumbnail","category-charlas","tag-alvaro","tag-alvaro-bilbao","tag-aprendamos-juntos","tag-aprendemos","tag-bbva","tag-bilbao","tag-disciplina","tag-escolar","tag-fracaso","tag-juntos","tag-neuroeducacion","tag-sumar-educacion","tag-tarea","tag-videos","post_format-post-format-video","cs-entry","cs-video-wrap"],"yoast_head":"<!-- This site is optimized with the Yoast SEO plugin v28.4 - https:\/\/yoast.com\/product\/yoast-seo-wordpress\/ -->\n<title>\u00c1lvaro Bilbao: Los ni\u00f1os aprenden a regular sus emociones a trav\u00e9s de los modelos que ven en sus padres - 2026<\/title>\n<meta name=\"description\" content=\"Si cuando nuestro hijo est\u00e1 enrabietado nosotros nos enrabietamos con \u00e9l, pues \u00e9l aprende que cuando uno se frustra se enrabieta.\" \/>\n<meta name=\"robots\" content=\"index, follow, max-snippet:-1, max-image-preview:large, max-video-preview:-1\" \/>\n<link rel=\"canonical\" href=\"https:\/\/webdelmaestrocmf.com\/portal\/los-ninos-aprenden-a-regular-sus-emociones-a-traves-de-los-modelos-que-ven-en-sus-padres\/\" \/>\n<meta property=\"og:locale\" content=\"es_ES\" \/>\n<meta property=\"og:type\" content=\"article\" \/>\n<meta property=\"og:title\" content=\"\u00c1lvaro Bilbao: Los ni\u00f1os aprenden a regular sus emociones a trav\u00e9s de los modelos que ven en sus padres - 2026\" \/>\n<meta property=\"og:description\" content=\"Si cuando nuestro hijo est\u00e1 enrabietado nosotros nos enrabietamos con \u00e9l, pues \u00e9l aprende que cuando uno se frustra se enrabieta.\" \/>\n<meta property=\"og:url\" content=\"https:\/\/webdelmaestrocmf.com\/portal\/los-ninos-aprenden-a-regular-sus-emociones-a-traves-de-los-modelos-que-ven-en-sus-padres\/\" \/>\n<meta property=\"og:site_name\" content=\"Web del Maestro CMF\" \/>\n<meta property=\"article:publisher\" content=\"https:\/\/www.facebook.com\/WebdelMaestroCMF\/\" \/>\n<meta property=\"article:author\" content=\"https:\/\/www.facebook.com\/WebdelMaestroCMF\/\" \/>\n<meta property=\"article:published_time\" content=\"2022-03-30T04:12:31+00:00\" \/>\n<meta property=\"article:modified_time\" content=\"2025-07-03T04:06:52+00:00\" \/>\n<meta property=\"og:image\" content=\"https:\/\/webdelmaestrocmf.com\/portal\/wp-content\/uploads\/2022\/03\/1A-Banner-1-portada-imagen-10-1-7.jpg\" \/>\n\t<meta property=\"og:image:width\" content=\"1024\" \/>\n\t<meta property=\"og:image:height\" content=\"1024\" \/>\n\t<meta property=\"og:image:type\" content=\"image\/jpeg\" \/>\n<meta name=\"author\" content=\"Web del Maestro CMF\" \/>\n<meta name=\"twitter:card\" content=\"summary_large_image\" \/>\n<meta name=\"twitter:creator\" content=\"@cmf_w\" \/>\n<meta name=\"twitter:site\" content=\"@cmf_w\" \/>\n<script type=\"application\/ld+json\" class=\"yoast-schema-graph\">{\"@context\":\"https:\\\/\\\/schema.org\",\"@graph\":[{\"@type\":\"ScholarlyArticle\",\"@id\":\"https:\\\/\\\/webdelmaestrocmf.com\\\/portal\\\/los-ninos-aprenden-a-regular-sus-emociones-a-traves-de-los-modelos-que-ven-en-sus-padres\\\/#article\",\"isPartOf\":{\"@id\":\"https:\\\/\\\/webdelmaestrocmf.com\\\/portal\\\/los-ninos-aprenden-a-regular-sus-emociones-a-traves-de-los-modelos-que-ven-en-sus-padres\\\/\"},\"author\":{\"name\":\"Web del Maestro CMF\",\"@id\":\"https:\\\/\\\/webdelmaestrocmf.com\\\/portal\\\/#\\\/schema\\\/person\\\/1072a2ed7bd960df8ef99a551fa35dc5\"},\"headline\":\"\u00c1lvaro Bilbao: Los ni\u00f1os aprenden a regular sus emociones a trav\u00e9s de los modelos que ven en sus padres\",\"datePublished\":\"2022-03-30T04:12:31+00:00\",\"dateModified\":\"2025-07-03T04:06:52+00:00\",\"mainEntityOfPage\":{\"@id\":\"https:\\\/\\\/webdelmaestrocmf.com\\\/portal\\\/los-ninos-aprenden-a-regular-sus-emociones-a-traves-de-los-modelos-que-ven-en-sus-padres\\\/\"},\"wordCount\":1472,\"commentCount\":0,\"publisher\":{\"@id\":\"https:\\\/\\\/webdelmaestrocmf.com\\\/portal\\\/#organization\"},\"image\":{\"@id\":\"https:\\\/\\\/webdelmaestrocmf.com\\\/portal\\\/los-ninos-aprenden-a-regular-sus-emociones-a-traves-de-los-modelos-que-ven-en-sus-padres\\\/#primaryimage\"},\"thumbnailUrl\":\"https:\\\/\\\/webdelmaestrocmf.com\\\/portal\\\/wp-content\\\/uploads\\\/2022\\\/03\\\/1A-Banner-1-portada-imagen-10-1-7.jpg\",\"keywords\":[\"\u00c1LVARO\",\"\u00c1lvaro Bilbao\",\"APRENDAMOS JUNTOS\",\"APRENDEMOS\",\"BBVA\",\"BILBAO\",\"DISCIPLINA\",\"ESCOLAR\",\"FRACASO\",\"JUNTOS\",\"Neuroeducaci\u00f3n\",\"SUMAR EDUCACI\u00d3N\",\"TAREA\",\"VIDEOS\"],\"articleSection\":[\"Charlas\"],\"inLanguage\":\"es\",\"potentialAction\":[{\"@type\":\"CommentAction\",\"name\":\"Comment\",\"target\":[\"https:\\\/\\\/webdelmaestrocmf.com\\\/portal\\\/los-ninos-aprenden-a-regular-sus-emociones-a-traves-de-los-modelos-que-ven-en-sus-padres\\\/#respond\"]}]},{\"@type\":\"WebPage\",\"@id\":\"https:\\\/\\\/webdelmaestrocmf.com\\\/portal\\\/los-ninos-aprenden-a-regular-sus-emociones-a-traves-de-los-modelos-que-ven-en-sus-padres\\\/\",\"url\":\"https:\\\/\\\/webdelmaestrocmf.com\\\/portal\\\/los-ninos-aprenden-a-regular-sus-emociones-a-traves-de-los-modelos-que-ven-en-sus-padres\\\/\",\"name\":\"\u00c1lvaro Bilbao: Los ni\u00f1os aprenden a regular sus emociones a trav\u00e9s de los modelos que ven en sus padres - 2026\",\"isPartOf\":{\"@id\":\"https:\\\/\\\/webdelmaestrocmf.com\\\/portal\\\/#website\"},\"primaryImageOfPage\":{\"@id\":\"https:\\\/\\\/webdelmaestrocmf.com\\\/portal\\\/los-ninos-aprenden-a-regular-sus-emociones-a-traves-de-los-modelos-que-ven-en-sus-padres\\\/#primaryimage\"},\"image\":{\"@id\":\"https:\\\/\\\/webdelmaestrocmf.com\\\/portal\\\/los-ninos-aprenden-a-regular-sus-emociones-a-traves-de-los-modelos-que-ven-en-sus-padres\\\/#primaryimage\"},\"thumbnailUrl\":\"https:\\\/\\\/webdelmaestrocmf.com\\\/portal\\\/wp-content\\\/uploads\\\/2022\\\/03\\\/1A-Banner-1-portada-imagen-10-1-7.jpg\",\"datePublished\":\"2022-03-30T04:12:31+00:00\",\"dateModified\":\"2025-07-03T04:06:52+00:00\",\"description\":\"Si cuando nuestro hijo est\u00e1 enrabietado nosotros nos enrabietamos con \u00e9l, pues \u00e9l aprende que cuando uno se frustra se enrabieta.\",\"breadcrumb\":{\"@id\":\"https:\\\/\\\/webdelmaestrocmf.com\\\/portal\\\/los-ninos-aprenden-a-regular-sus-emociones-a-traves-de-los-modelos-que-ven-en-sus-padres\\\/#breadcrumb\"},\"inLanguage\":\"es\",\"potentialAction\":[{\"@type\":\"ReadAction\",\"target\":[\"https:\\\/\\\/webdelmaestrocmf.com\\\/portal\\\/los-ninos-aprenden-a-regular-sus-emociones-a-traves-de-los-modelos-que-ven-en-sus-padres\\\/\"]}]},{\"@type\":\"ImageObject\",\"inLanguage\":\"es\",\"@id\":\"https:\\\/\\\/webdelmaestrocmf.com\\\/portal\\\/los-ninos-aprenden-a-regular-sus-emociones-a-traves-de-los-modelos-que-ven-en-sus-padres\\\/#primaryimage\",\"url\":\"https:\\\/\\\/webdelmaestrocmf.com\\\/portal\\\/wp-content\\\/uploads\\\/2022\\\/03\\\/1A-Banner-1-portada-imagen-10-1-7.jpg\",\"contentUrl\":\"https:\\\/\\\/webdelmaestrocmf.com\\\/portal\\\/wp-content\\\/uploads\\\/2022\\\/03\\\/1A-Banner-1-portada-imagen-10-1-7.jpg\",\"width\":1024,\"height\":1024},{\"@type\":\"BreadcrumbList\",\"@id\":\"https:\\\/\\\/webdelmaestrocmf.com\\\/portal\\\/los-ninos-aprenden-a-regular-sus-emociones-a-traves-de-los-modelos-que-ven-en-sus-padres\\\/#breadcrumb\",\"itemListElement\":[{\"@type\":\"ListItem\",\"position\":1,\"name\":\"Portada\",\"item\":\"https:\\\/\\\/webdelmaestrocmf.com\\\/portal\\\/\"},{\"@type\":\"ListItem\",\"position\":2,\"name\":\"Charlas\",\"item\":\"https:\\\/\\\/webdelmaestrocmf.com\\\/portal\\\/category\\\/charlas\\\/\"},{\"@type\":\"ListItem\",\"position\":3,\"name\":\"\u00c1lvaro Bilbao: Los ni\u00f1os aprenden a regular sus emociones a trav\u00e9s de los modelos que ven en sus padres\"}]},{\"@type\":\"WebSite\",\"@id\":\"https:\\\/\\\/webdelmaestrocmf.com\\\/portal\\\/#website\",\"url\":\"https:\\\/\\\/webdelmaestrocmf.com\\\/portal\\\/\",\"name\":\"Web del Maestro CMF\",\"description\":\"Maestros al servicio de la educaci\u00f3n\",\"publisher\":{\"@id\":\"https:\\\/\\\/webdelmaestrocmf.com\\\/portal\\\/#organization\"},\"alternateName\":\"WMCMF\",\"potentialAction\":[{\"@type\":\"SearchAction\",\"target\":{\"@type\":\"EntryPoint\",\"urlTemplate\":\"https:\\\/\\\/webdelmaestrocmf.com\\\/portal\\\/?s={search_term_string}\"},\"query-input\":{\"@type\":\"PropertyValueSpecification\",\"valueRequired\":true,\"valueName\":\"search_term_string\"}}],\"inLanguage\":\"es\"},{\"@type\":\"Organization\",\"@id\":\"https:\\\/\\\/webdelmaestrocmf.com\\\/portal\\\/#organization\",\"name\":\"Web del Maestro CMF\",\"alternateName\":\"WMCMF\",\"url\":\"https:\\\/\\\/webdelmaestrocmf.com\\\/portal\\\/\",\"logo\":{\"@type\":\"ImageObject\",\"inLanguage\":\"es\",\"@id\":\"https:\\\/\\\/webdelmaestrocmf.com\\\/portal\\\/#\\\/schema\\\/logo\\\/image\\\/\",\"url\":\"https:\\\/\\\/webdelmaestrocmf.com\\\/portal\\\/wp-content\\\/uploads\\\/2023\\\/01\\\/logo-wmcmf-2.png\",\"contentUrl\":\"https:\\\/\\\/webdelmaestrocmf.com\\\/portal\\\/wp-content\\\/uploads\\\/2023\\\/01\\\/logo-wmcmf-2.png\",\"width\":200,\"height\":60,\"caption\":\"Web del Maestro CMF\"},\"image\":{\"@id\":\"https:\\\/\\\/webdelmaestrocmf.com\\\/portal\\\/#\\\/schema\\\/logo\\\/image\\\/\"},\"sameAs\":[\"https:\\\/\\\/www.facebook.com\\\/WebdelMaestroCMF\\\/\",\"https:\\\/\\\/x.com\\\/cmf_w\",\"https:\\\/\\\/www.pinterest.com\\\/WMCMF\\\/\",\"https:\\\/\\\/www.linkedin.com\\\/company\\\/web-del-maestro-cmf\\\/\",\"https:\\\/\\\/www.instagram.com\\\/wmcmf\\\/\",\"https:\\\/\\\/www.youtube.com\\\/channel\\\/UCDPSvjbdodE5sHnC3OxutHw\",\"https:\\\/\\\/mastodon.social\\\/@wmcmf\",\"https:\\\/\\\/www.tiktok.com\\\/@webdelmaestrocmf\"]},{\"@type\":\"Person\",\"@id\":\"https:\\\/\\\/webdelmaestrocmf.com\\\/portal\\\/#\\\/schema\\\/person\\\/1072a2ed7bd960df8ef99a551fa35dc5\",\"name\":\"Web del Maestro CMF\",\"image\":{\"@type\":\"ImageObject\",\"inLanguage\":\"es\",\"@id\":\"https:\\\/\\\/secure.gravatar.com\\\/avatar\\\/23291dd5b5ae1077dcff3dbb04c3e02bd28403fa75af6d8787d5e97c5bbbe30b?s=96&d=mm&r=g\",\"url\":\"https:\\\/\\\/secure.gravatar.com\\\/avatar\\\/23291dd5b5ae1077dcff3dbb04c3e02bd28403fa75af6d8787d5e97c5bbbe30b?s=96&d=mm&r=g\",\"contentUrl\":\"https:\\\/\\\/secure.gravatar.com\\\/avatar\\\/23291dd5b5ae1077dcff3dbb04c3e02bd28403fa75af6d8787d5e97c5bbbe30b?s=96&d=mm&r=g\",\"caption\":\"Web del Maestro CMF\"},\"description\":\"Esta Web se cre\u00f3 sin fines de lucro, con fines educativos, cient\u00edficos y acad\u00e9micos, para personas que tengan dificultades y\\\/o inconvenientes en visualizar el material original. El objetivo es entregar recursos, compartir experiencias y materiales que ayuden a los padres de familia, maestros y estudiantes en su actualizaci\u00f3n y formaci\u00f3n permanente, en bien de la Educaci\u00f3n.\",\"sameAs\":[\"http:\\\/\\\/webdelmaestrocmf.com\\\/portal\",\"https:\\\/\\\/www.facebook.com\\\/WebdelMaestroCMF\\\/\",\"https:\\\/\\\/www.instagram.com\\\/wmcmf\\\/\",\"https:\\\/\\\/cl.linkedin.com\\\/company\\\/web-del-maestro-cmf\",\"https:\\\/\\\/www.pinterest.com\\\/WMCMF\\\/publicaciones\\\/\",\"https:\\\/\\\/x.com\\\/cmf_w\",\"https:\\\/\\\/www.youtube.com\\\/@WMCMF\"]}]}<\/script>\n<!-- \/ Yoast SEO plugin. -->","yoast_head_json":{"title":"\u00c1lvaro Bilbao: Los ni\u00f1os aprenden a regular sus emociones a trav\u00e9s de los modelos que ven en sus padres - 2026","description":"Si cuando nuestro hijo est\u00e1 enrabietado nosotros nos enrabietamos con \u00e9l, pues \u00e9l aprende que cuando uno se frustra se enrabieta.","robots":{"index":"index","follow":"follow","max-snippet":"max-snippet:-1","max-image-preview":"max-image-preview:large","max-video-preview":"max-video-preview:-1"},"canonical":"https:\/\/webdelmaestrocmf.com\/portal\/los-ninos-aprenden-a-regular-sus-emociones-a-traves-de-los-modelos-que-ven-en-sus-padres\/","og_locale":"es_ES","og_type":"article","og_title":"\u00c1lvaro Bilbao: Los ni\u00f1os aprenden a regular sus emociones a trav\u00e9s de los modelos que ven en sus padres - 2026","og_description":"Si cuando nuestro hijo est\u00e1 enrabietado nosotros nos enrabietamos con \u00e9l, pues \u00e9l aprende que cuando uno se frustra se enrabieta.","og_url":"https:\/\/webdelmaestrocmf.com\/portal\/los-ninos-aprenden-a-regular-sus-emociones-a-traves-de-los-modelos-que-ven-en-sus-padres\/","og_site_name":"Web del Maestro CMF","article_publisher":"https:\/\/www.facebook.com\/WebdelMaestroCMF\/","article_author":"https:\/\/www.facebook.com\/WebdelMaestroCMF\/","article_published_time":"2022-03-30T04:12:31+00:00","article_modified_time":"2025-07-03T04:06:52+00:00","og_image":[{"width":1024,"height":1024,"url":"https:\/\/webdelmaestrocmf.com\/portal\/wp-content\/uploads\/2022\/03\/1A-Banner-1-portada-imagen-10-1-7.jpg","type":"image\/jpeg"}],"author":"Web del Maestro CMF","twitter_card":"summary_large_image","twitter_creator":"@cmf_w","twitter_site":"@cmf_w","schema":{"@context":"https:\/\/schema.org","@graph":[{"@type":"ScholarlyArticle","@id":"https:\/\/webdelmaestrocmf.com\/portal\/los-ninos-aprenden-a-regular-sus-emociones-a-traves-de-los-modelos-que-ven-en-sus-padres\/#article","isPartOf":{"@id":"https:\/\/webdelmaestrocmf.com\/portal\/los-ninos-aprenden-a-regular-sus-emociones-a-traves-de-los-modelos-que-ven-en-sus-padres\/"},"author":{"name":"Web del Maestro CMF","@id":"https:\/\/webdelmaestrocmf.com\/portal\/#\/schema\/person\/1072a2ed7bd960df8ef99a551fa35dc5"},"headline":"\u00c1lvaro Bilbao: Los ni\u00f1os aprenden a regular sus emociones a trav\u00e9s de los modelos que ven en sus padres","datePublished":"2022-03-30T04:12:31+00:00","dateModified":"2025-07-03T04:06:52+00:00","mainEntityOfPage":{"@id":"https:\/\/webdelmaestrocmf.com\/portal\/los-ninos-aprenden-a-regular-sus-emociones-a-traves-de-los-modelos-que-ven-en-sus-padres\/"},"wordCount":1472,"commentCount":0,"publisher":{"@id":"https:\/\/webdelmaestrocmf.com\/portal\/#organization"},"image":{"@id":"https:\/\/webdelmaestrocmf.com\/portal\/los-ninos-aprenden-a-regular-sus-emociones-a-traves-de-los-modelos-que-ven-en-sus-padres\/#primaryimage"},"thumbnailUrl":"https:\/\/webdelmaestrocmf.com\/portal\/wp-content\/uploads\/2022\/03\/1A-Banner-1-portada-imagen-10-1-7.jpg","keywords":["\u00c1LVARO","\u00c1lvaro Bilbao","APRENDAMOS JUNTOS","APRENDEMOS","BBVA","BILBAO","DISCIPLINA","ESCOLAR","FRACASO","JUNTOS","Neuroeducaci\u00f3n","SUMAR EDUCACI\u00d3N","TAREA","VIDEOS"],"articleSection":["Charlas"],"inLanguage":"es","potentialAction":[{"@type":"CommentAction","name":"Comment","target":["https:\/\/webdelmaestrocmf.com\/portal\/los-ninos-aprenden-a-regular-sus-emociones-a-traves-de-los-modelos-que-ven-en-sus-padres\/#respond"]}]},{"@type":"WebPage","@id":"https:\/\/webdelmaestrocmf.com\/portal\/los-ninos-aprenden-a-regular-sus-emociones-a-traves-de-los-modelos-que-ven-en-sus-padres\/","url":"https:\/\/webdelmaestrocmf.com\/portal\/los-ninos-aprenden-a-regular-sus-emociones-a-traves-de-los-modelos-que-ven-en-sus-padres\/","name":"\u00c1lvaro Bilbao: Los ni\u00f1os aprenden a regular sus emociones a trav\u00e9s de los modelos que ven en sus padres - 2026","isPartOf":{"@id":"https:\/\/webdelmaestrocmf.com\/portal\/#website"},"primaryImageOfPage":{"@id":"https:\/\/webdelmaestrocmf.com\/portal\/los-ninos-aprenden-a-regular-sus-emociones-a-traves-de-los-modelos-que-ven-en-sus-padres\/#primaryimage"},"image":{"@id":"https:\/\/webdelmaestrocmf.com\/portal\/los-ninos-aprenden-a-regular-sus-emociones-a-traves-de-los-modelos-que-ven-en-sus-padres\/#primaryimage"},"thumbnailUrl":"https:\/\/webdelmaestrocmf.com\/portal\/wp-content\/uploads\/2022\/03\/1A-Banner-1-portada-imagen-10-1-7.jpg","datePublished":"2022-03-30T04:12:31+00:00","dateModified":"2025-07-03T04:06:52+00:00","description":"Si cuando nuestro hijo est\u00e1 enrabietado nosotros nos enrabietamos con \u00e9l, pues \u00e9l aprende que cuando uno se frustra se enrabieta.","breadcrumb":{"@id":"https:\/\/webdelmaestrocmf.com\/portal\/los-ninos-aprenden-a-regular-sus-emociones-a-traves-de-los-modelos-que-ven-en-sus-padres\/#breadcrumb"},"inLanguage":"es","potentialAction":[{"@type":"ReadAction","target":["https:\/\/webdelmaestrocmf.com\/portal\/los-ninos-aprenden-a-regular-sus-emociones-a-traves-de-los-modelos-que-ven-en-sus-padres\/"]}]},{"@type":"ImageObject","inLanguage":"es","@id":"https:\/\/webdelmaestrocmf.com\/portal\/los-ninos-aprenden-a-regular-sus-emociones-a-traves-de-los-modelos-que-ven-en-sus-padres\/#primaryimage","url":"https:\/\/webdelmaestrocmf.com\/portal\/wp-content\/uploads\/2022\/03\/1A-Banner-1-portada-imagen-10-1-7.jpg","contentUrl":"https:\/\/webdelmaestrocmf.com\/portal\/wp-content\/uploads\/2022\/03\/1A-Banner-1-portada-imagen-10-1-7.jpg","width":1024,"height":1024},{"@type":"BreadcrumbList","@id":"https:\/\/webdelmaestrocmf.com\/portal\/los-ninos-aprenden-a-regular-sus-emociones-a-traves-de-los-modelos-que-ven-en-sus-padres\/#breadcrumb","itemListElement":[{"@type":"ListItem","position":1,"name":"Portada","item":"https:\/\/webdelmaestrocmf.com\/portal\/"},{"@type":"ListItem","position":2,"name":"Charlas","item":"https:\/\/webdelmaestrocmf.com\/portal\/category\/charlas\/"},{"@type":"ListItem","position":3,"name":"\u00c1lvaro Bilbao: Los ni\u00f1os aprenden a regular sus emociones a trav\u00e9s de los modelos que ven en sus padres"}]},{"@type":"WebSite","@id":"https:\/\/webdelmaestrocmf.com\/portal\/#website","url":"https:\/\/webdelmaestrocmf.com\/portal\/","name":"Web del Maestro CMF","description":"Maestros al servicio de la educaci\u00f3n","publisher":{"@id":"https:\/\/webdelmaestrocmf.com\/portal\/#organization"},"alternateName":"WMCMF","potentialAction":[{"@type":"SearchAction","target":{"@type":"EntryPoint","urlTemplate":"https:\/\/webdelmaestrocmf.com\/portal\/?s={search_term_string}"},"query-input":{"@type":"PropertyValueSpecification","valueRequired":true,"valueName":"search_term_string"}}],"inLanguage":"es"},{"@type":"Organization","@id":"https:\/\/webdelmaestrocmf.com\/portal\/#organization","name":"Web del Maestro CMF","alternateName":"WMCMF","url":"https:\/\/webdelmaestrocmf.com\/portal\/","logo":{"@type":"ImageObject","inLanguage":"es","@id":"https:\/\/webdelmaestrocmf.com\/portal\/#\/schema\/logo\/image\/","url":"https:\/\/webdelmaestrocmf.com\/portal\/wp-content\/uploads\/2023\/01\/logo-wmcmf-2.png","contentUrl":"https:\/\/webdelmaestrocmf.com\/portal\/wp-content\/uploads\/2023\/01\/logo-wmcmf-2.png","width":200,"height":60,"caption":"Web del Maestro CMF"},"image":{"@id":"https:\/\/webdelmaestrocmf.com\/portal\/#\/schema\/logo\/image\/"},"sameAs":["https:\/\/www.facebook.com\/WebdelMaestroCMF\/","https:\/\/x.com\/cmf_w","https:\/\/www.pinterest.com\/WMCMF\/","https:\/\/www.linkedin.com\/company\/web-del-maestro-cmf\/","https:\/\/www.instagram.com\/wmcmf\/","https:\/\/www.youtube.com\/channel\/UCDPSvjbdodE5sHnC3OxutHw","https:\/\/mastodon.social\/@wmcmf","https:\/\/www.tiktok.com\/@webdelmaestrocmf"]},{"@type":"Person","@id":"https:\/\/webdelmaestrocmf.com\/portal\/#\/schema\/person\/1072a2ed7bd960df8ef99a551fa35dc5","name":"Web del Maestro CMF","image":{"@type":"ImageObject","inLanguage":"es","@id":"https:\/\/secure.gravatar.com\/avatar\/23291dd5b5ae1077dcff3dbb04c3e02bd28403fa75af6d8787d5e97c5bbbe30b?s=96&d=mm&r=g","url":"https:\/\/secure.gravatar.com\/avatar\/23291dd5b5ae1077dcff3dbb04c3e02bd28403fa75af6d8787d5e97c5bbbe30b?s=96&d=mm&r=g","contentUrl":"https:\/\/secure.gravatar.com\/avatar\/23291dd5b5ae1077dcff3dbb04c3e02bd28403fa75af6d8787d5e97c5bbbe30b?s=96&d=mm&r=g","caption":"Web del Maestro CMF"},"description":"Esta Web se cre\u00f3 sin fines de lucro, con fines educativos, cient\u00edficos y acad\u00e9micos, para personas que tengan dificultades y\/o inconvenientes en visualizar el material original. El objetivo es entregar recursos, compartir experiencias y materiales que ayuden a los padres de familia, maestros y estudiantes en su actualizaci\u00f3n y formaci\u00f3n permanente, en bien de la Educaci\u00f3n.","sameAs":["http:\/\/webdelmaestrocmf.com\/portal","https:\/\/www.facebook.com\/WebdelMaestroCMF\/","https:\/\/www.instagram.com\/wmcmf\/","https:\/\/cl.linkedin.com\/company\/web-del-maestro-cmf","https:\/\/www.pinterest.com\/WMCMF\/publicaciones\/","https:\/\/x.com\/cmf_w","https:\/\/www.youtube.com\/@WMCMF"]}]}},"jetpack_sharing_enabled":true,"jetpack-related-posts":[{"id":23791,"url":"https:\/\/webdelmaestrocmf.com\/portal\/siempre-mejor-leer-cuento-papel-estar-mirando-una-pantalla\/","url_meta":{"origin":32266,"position":0},"title":"\u00c1lvaro Bilbao: Siempre es mejor leer un cuento en papel que estar mirando una pantalla","author":"Web del Maestro CMF","date":"2 agosto, 2023","format":false,"excerpt":"Leer en papel mejora la comprensi\u00f3n, la memoria y la concentraci\u00f3n, mientras que las pantallas favorecen la distracci\u00f3n y la lectura superficial, afectando el aprendizaje profundo en estudiantes de todas las edades.","rel":"","context":"En \u00abEntrevistas\u00bb","block_context":{"text":"Entrevistas","link":"https:\/\/webdelmaestrocmf.com\/portal\/category\/noticias\/entrevistas\/"},"img":{"alt_text":"Bilbao","src":"https:\/\/i0.wp.com\/webdelmaestrocmf.com\/portal\/wp-content\/uploads\/2017\/11\/A12B3C4D-13.jpg?resize=350%2C200&ssl=1","width":350,"height":200,"srcset":"https:\/\/i0.wp.com\/webdelmaestrocmf.com\/portal\/wp-content\/uploads\/2017\/11\/A12B3C4D-13.jpg?resize=350%2C200&ssl=1 1x, https:\/\/i0.wp.com\/webdelmaestrocmf.com\/portal\/wp-content\/uploads\/2017\/11\/A12B3C4D-13.jpg?resize=525%2C300&ssl=1 1.5x, https:\/\/i0.wp.com\/webdelmaestrocmf.com\/portal\/wp-content\/uploads\/2017\/11\/A12B3C4D-13.jpg?resize=700%2C400&ssl=1 2x"},"classes":[]},{"id":92287,"url":"https:\/\/webdelmaestrocmf.com\/portal\/alvaro-bilbao-quiza-no-podemos-cambiar-la-sociedad-en-la-que-vivimos-pero-si-quitarle-el-movil-al-nino\/","url_meta":{"origin":32266,"position":1},"title":"\u00c1lvaro Bilbao: Quiz\u00e1 no podemos cambiar la sociedad en la que vivimos, pero si quitarle el m\u00f3vil al ni\u00f1o","author":"Web del Maestro CMF","date":"15 agosto, 2023","format":false,"excerpt":"El doctor en Psicolog\u00eda por la Universidad de Deusto y licenciado en Neuropsicolog\u00eda por el Hospital Johns Hopkins de Baltimore, \u00c1lvaro Bilbao (Bilbao, 1976), declara que se form\u00f3 en Programaci\u00f3n Neuroling\u00fc\u00edstica y en Disciplina Positiva, -que \u00e9l llama comunicaci\u00f3n y educaci\u00f3n positiva-, y que le ha ayudado conectar mejor con\u2026","rel":"","context":"En \u00abEntrevistas\u00bb","block_context":{"text":"Entrevistas","link":"https:\/\/webdelmaestrocmf.com\/portal\/category\/noticias\/entrevistas\/"},"img":{"alt_text":"\u00c1lvaro Bilbao","src":"https:\/\/i0.wp.com\/webdelmaestrocmf.com\/portal\/wp-content\/uploads\/2023\/08\/A12B3C4D-10-1.jpg?resize=350%2C200&ssl=1","width":350,"height":200,"srcset":"https:\/\/i0.wp.com\/webdelmaestrocmf.com\/portal\/wp-content\/uploads\/2023\/08\/A12B3C4D-10-1.jpg?resize=350%2C200&ssl=1 1x, https:\/\/i0.wp.com\/webdelmaestrocmf.com\/portal\/wp-content\/uploads\/2023\/08\/A12B3C4D-10-1.jpg?resize=525%2C300&ssl=1 1.5x, https:\/\/i0.wp.com\/webdelmaestrocmf.com\/portal\/wp-content\/uploads\/2023\/08\/A12B3C4D-10-1.jpg?resize=700%2C400&ssl=1 2x"},"classes":[]},{"id":73741,"url":"https:\/\/webdelmaestrocmf.com\/portal\/alvaro-bilbao-es-importante-que-los-ninos-pasen-los-seis-primeros-anos-de-su-vida-sin-tecnologia\/","url_meta":{"origin":32266,"position":2},"title":"\u00c1lvaro Bilbao: Es importante que los ni\u00f1os pasen los seis primeros a\u00f1os de su vida sin tecnolog\u00eda","author":"Web del Maestro CMF","date":"17 julio, 2022","format":false,"excerpt":"El neuropsic\u00f3logo \u00c1lvaro Bilbao (Bilbao, 1976) obtuvo su t\u00edtulo profesional en la Universidad de Deusto (Espa\u00f1a) y es licenciado por el Hospital Johns Hopkins de Baltimore (USA) y el Royal Hospital for Neurodisability (Inglaterra). Es conferenciante, formador y escritor, desde su experiencia que de esposo y padre -seg\u00fan afirma en\u2026","rel":"","context":"En \u00abEntrevistas\u00bb","block_context":{"text":"Entrevistas","link":"https:\/\/webdelmaestrocmf.com\/portal\/category\/noticias\/entrevistas\/"},"img":{"alt_text":"","src":"https:\/\/i0.wp.com\/webdelmaestrocmf.com\/portal\/wp-content\/uploads\/2022\/01\/2-8.jpg?resize=350%2C200&ssl=1","width":350,"height":200,"srcset":"https:\/\/i0.wp.com\/webdelmaestrocmf.com\/portal\/wp-content\/uploads\/2022\/01\/2-8.jpg?resize=350%2C200&ssl=1 1x, https:\/\/i0.wp.com\/webdelmaestrocmf.com\/portal\/wp-content\/uploads\/2022\/01\/2-8.jpg?resize=525%2C300&ssl=1 1.5x, https:\/\/i0.wp.com\/webdelmaestrocmf.com\/portal\/wp-content\/uploads\/2022\/01\/2-8.jpg?resize=700%2C400&ssl=1 2x, https:\/\/i0.wp.com\/webdelmaestrocmf.com\/portal\/wp-content\/uploads\/2022\/01\/2-8.jpg?resize=1050%2C600&ssl=1 3x"},"classes":[]},{"id":111128,"url":"https:\/\/webdelmaestrocmf.com\/portal\/alvaro-bilbao-si-no-pones-normas-el-nino-crecera-con-mucha-falta-de-confianza-sin-saber-resolver-problemas-ni-respetar-normas-sociales\/","url_meta":{"origin":32266,"position":3},"title":"\u00c1lvaro Bilbao: \u201cSi no pones normas, el ni\u00f1o crecer\u00e1 con mucha falta de confianza, sin saber resolver problemas ni respetar normas sociales\u201d","author":"Web del Maestro CMF","date":"11 julio, 2025","format":false,"excerpt":"El autor de \u2018El cerebro del ni\u00f1o explicado a los padres\u2019 alerta de un modelo de crianza desequilibrado: \u201cHemos olvidado que a los ni\u00f1os hay que educarlos\u201d","rel":"","context":"En \u00abEntrevistas\u00bb","block_context":{"text":"Entrevistas","link":"https:\/\/webdelmaestrocmf.com\/portal\/category\/noticias\/entrevistas\/"},"img":{"alt_text":"","src":"https:\/\/i0.wp.com\/webdelmaestrocmf.com\/portal\/wp-content\/uploads\/2025\/07\/1A-Banner-1-portada-imagen-10-1-copia-41.webp?resize=350%2C200&ssl=1","width":350,"height":200,"srcset":"https:\/\/i0.wp.com\/webdelmaestrocmf.com\/portal\/wp-content\/uploads\/2025\/07\/1A-Banner-1-portada-imagen-10-1-copia-41.webp?resize=350%2C200&ssl=1 1x, https:\/\/i0.wp.com\/webdelmaestrocmf.com\/portal\/wp-content\/uploads\/2025\/07\/1A-Banner-1-portada-imagen-10-1-copia-41.webp?resize=525%2C300&ssl=1 1.5x, https:\/\/i0.wp.com\/webdelmaestrocmf.com\/portal\/wp-content\/uploads\/2025\/07\/1A-Banner-1-portada-imagen-10-1-copia-41.webp?resize=700%2C400&ssl=1 2x"},"classes":[]},{"id":109269,"url":"https:\/\/webdelmaestrocmf.com\/portal\/alvaro-bilbao-hemos-olvidado-que-a-los-ninos-hay-que-educarlos-y-que-necesitan-normas\/","url_meta":{"origin":32266,"position":4},"title":"\u00c1lvaro Bilbao: \u00abHemos olvidado que a los ni\u00f1os hay que educarlos y que necesitan normas\u00bb","author":"Web del Maestro CMF","date":"9 junio, 2025","format":false,"excerpt":"\u00c1lvaro Bilbao advierte que educar no significa elegir entre afecto o disciplina, sino encontrar equilibrio. Los ni\u00f1os necesitan amor, pero tambi\u00e9n l\u00edmites claros que les ayuden a desarrollar seguridad, autonom\u00eda y convivencia social.","rel":"","context":"En \u00abEntrevistas\u00bb","block_context":{"text":"Entrevistas","link":"https:\/\/webdelmaestrocmf.com\/portal\/category\/noticias\/entrevistas\/"},"img":{"alt_text":"","src":"https:\/\/i0.wp.com\/webdelmaestrocmf.com\/portal\/wp-content\/uploads\/2025\/06\/1A-Banner-1-portada-imagen-10-1-27.jpg?resize=350%2C200&ssl=1","width":350,"height":200,"srcset":"https:\/\/i0.wp.com\/webdelmaestrocmf.com\/portal\/wp-content\/uploads\/2025\/06\/1A-Banner-1-portada-imagen-10-1-27.jpg?resize=350%2C200&ssl=1 1x, https:\/\/i0.wp.com\/webdelmaestrocmf.com\/portal\/wp-content\/uploads\/2025\/06\/1A-Banner-1-portada-imagen-10-1-27.jpg?resize=525%2C300&ssl=1 1.5x, https:\/\/i0.wp.com\/webdelmaestrocmf.com\/portal\/wp-content\/uploads\/2025\/06\/1A-Banner-1-portada-imagen-10-1-27.jpg?resize=700%2C400&ssl=1 2x"},"classes":[]},{"id":83553,"url":"https:\/\/webdelmaestrocmf.com\/portal\/curso-educar-en-positivo-con-alvaro-bilbao\/","url_meta":{"origin":32266,"position":5},"title":"El mejor curso de educaci\u00f3n y disciplina positiva con \u00c1lvaro Bilbao","author":"Web del Maestro CMF","date":"30 enero, 2023","format":false,"excerpt":"Devuelve la calma a tu casa con la certeza de saber que est\u00e1s haciendo lo mejor para ellos. En esta formaci\u00f3n, pongo a tu servicio mis m\u00e1s de 20 a\u00f1os de experiencia como neuropsic\u00f3logo infantil y 9 a\u00f1os como pap\u00e1 de tres ni\u00f1os peque\u00f1os. Voy a ayudarte a poner en\u2026","rel":"","context":"En \u00abCursos\u00bb","block_context":{"text":"Cursos","link":"https:\/\/webdelmaestrocmf.com\/portal\/category\/cursos\/"},"img":{"alt_text":"","src":"https:\/\/i0.wp.com\/webdelmaestrocmf.com\/portal\/wp-content\/uploads\/2023\/01\/1-79.jpg?resize=350%2C200&ssl=1","width":350,"height":200,"srcset":"https:\/\/i0.wp.com\/webdelmaestrocmf.com\/portal\/wp-content\/uploads\/2023\/01\/1-79.jpg?resize=350%2C200&ssl=1 1x, https:\/\/i0.wp.com\/webdelmaestrocmf.com\/portal\/wp-content\/uploads\/2023\/01\/1-79.jpg?resize=525%2C300&ssl=1 1.5x, https:\/\/i0.wp.com\/webdelmaestrocmf.com\/portal\/wp-content\/uploads\/2023\/01\/1-79.jpg?resize=700%2C400&ssl=1 2x"},"classes":[]}],"jetpack_featured_media_url":"https:\/\/webdelmaestrocmf.com\/portal\/wp-content\/uploads\/2022\/03\/1A-Banner-1-portada-imagen-10-1-7.jpg","_links":{"self":[{"href":"https:\/\/webdelmaestrocmf.com\/portal\/wp-json\/wp\/v2\/posts\/32266","targetHints":{"allow":["GET"]}}],"collection":[{"href":"https:\/\/webdelmaestrocmf.com\/portal\/wp-json\/wp\/v2\/posts"}],"about":[{"href":"https:\/\/webdelmaestrocmf.com\/portal\/wp-json\/wp\/v2\/types\/post"}],"author":[{"embeddable":true,"href":"https:\/\/webdelmaestrocmf.com\/portal\/wp-json\/wp\/v2\/users\/1"}],"replies":[{"embeddable":true,"href":"https:\/\/webdelmaestrocmf.com\/portal\/wp-json\/wp\/v2\/comments?post=32266"}],"version-history":[{"count":1,"href":"https:\/\/webdelmaestrocmf.com\/portal\/wp-json\/wp\/v2\/posts\/32266\/revisions"}],"predecessor-version":[{"id":110834,"href":"https:\/\/webdelmaestrocmf.com\/portal\/wp-json\/wp\/v2\/posts\/32266\/revisions\/110834"}],"wp:featuredmedia":[{"embeddable":true,"href":"https:\/\/webdelmaestrocmf.com\/portal\/wp-json\/wp\/v2\/media\/107371"}],"wp:attachment":[{"href":"https:\/\/webdelmaestrocmf.com\/portal\/wp-json\/wp\/v2\/media?parent=32266"}],"wp:term":[{"taxonomy":"category","embeddable":true,"href":"https:\/\/webdelmaestrocmf.com\/portal\/wp-json\/wp\/v2\/categories?post=32266"},{"taxonomy":"post_tag","embeddable":true,"href":"https:\/\/webdelmaestrocmf.com\/portal\/wp-json\/wp\/v2\/tags?post=32266"}],"curies":[{"name":"wp","href":"https:\/\/api.w.org\/{rel}","templated":true}]}}