{"id":32223,"date":"2020-01-08T20:11:44","date_gmt":"2020-01-08T23:11:44","guid":{"rendered":"http:\/\/webdelmaestrocmf.com\/portal\/?p=32223"},"modified":"2022-07-26T10:29:01","modified_gmt":"2022-07-26T14:29:01","slug":"libros-de-inteligencia-emocional-para-tutores-de-inicial-primaria-secundaria-y-bachiller-gratis","status":"publish","type":"post","link":"https:\/\/webdelmaestrocmf.com\/portal\/libros-de-inteligencia-emocional-para-tutores-de-inicial-primaria-secundaria-y-bachiller-gratis\/","title":{"rendered":"Libros sobre Inteligencia Emocional para tutores de inicial, primaria, secundaria y bachiller"},"content":{"rendered":"<h5 style=\"text-align: justify;\">En el siglo XXI, el rol del profesor no se limita a la transmisi\u00f3n de conocimientos subido a un atril impartiendo clases magistrales, sino que los profesionales de la educaci\u00f3n actual deben promover\u00a0<strong>un nuevo perfil del docente<\/strong>\u00a0debido a los cambios sociales y econ\u00f3micos en los que estamos sumergidos.<\/h5>\n<p><!--more--><\/p>\n<h5 style=\"text-align: justify;\">Para ello, el profesor debe incorporar las competencias emocionales exigibles como modelo y promotor del desarrollo de la\u00a0inteligencia emocional. En la sociedad actual al profesor se le pide, por parte de la comunidad educativa, que disponga de ciertos rasgos emocionales que formen parte de su perfil profesional.\u00a0<span id=\"more-95971\"><\/span>Estas funciones emocionales, en la vida diaria de un centro escolar, ya suelen llevarse a la pr\u00e1ctica en las interacciones docentes del profesor con el alumnado o incluso con los dem\u00e1s agentes educativos del Centro.<\/h5>\n<p style=\"text-align: justify;\"><a href=\"http:\/\/webdelmaestrocmf.com\/portal\/sin-educacion-emocional-no-sirve-saber-resolver-ecuaciones\/\" target=\"_blank\" rel=\"noopener noreferrer\">Rafael Bisquerra<\/a>, director del\u00a0Posgrado en Educaci\u00f3n Emocional de la UB\u00a0e investigador del GROP.\u00a0fue uno de los encargados de coordinar los cursos, as\u00ed como de elaborar\u00a014 manuales que est\u00e1n disponibles para cualquier docente\u00a0con decenas de actividades para aplicar en el aula.<\/p>\n<p style=\"text-align: justify;\">El programa elaborado por la Diputaci\u00f3n de Gipuzkoa con el fin de lograr que el alumnado al acabar su proceso de formaci\u00f3n acad\u00e9mica, haya adquirido tambi\u00e9n, competencias emocionales que le permitan aumentar su nivel de bienestar personal y convertirse en personas responsables, comprometidas y cooperadoras.<\/p>\n<p style=\"text-align: justify;\">Este es un programa pr\u00e1ctico y orientativo, as\u00ed como transversal, para el desarrollo de la Inteligencia emocional desde la acci\u00f3n tutorial.<\/p>\n<p><img loading=\"lazy\" decoding=\"async\" class=\"alignnone wp-image-34520\" src=\"http:\/\/webdelmaestrocmf.com\/portal\/wp-content\/uploads\/2018\/10\/2-23.jpg\" alt=\"\" width=\"930\" height=\"671\" srcset=\"https:\/\/webdelmaestrocmf.com\/portal\/wp-content\/uploads\/2018\/10\/2-23.jpg 574w, https:\/\/webdelmaestrocmf.com\/portal\/wp-content\/uploads\/2018\/10\/2-23-300x216.jpg 300w\" sizes=\"auto, (max-width: 930px) 100vw, 930px\" \/><\/p>\n<p class=\"p1\" style=\"text-align: center;\">Recomendamos a la Comunidad Educativa Digital tener en cuenta que, el enlace y\/o la carpeta en donde est\u00e1n alojados los libros, recursos y\/o materiales, no es administrado por la Web del Maestro CMF, pueda ser que en cuesti\u00f3n de d\u00edas (o seg\u00fan el tiempo transcurrido desde su publicaci\u00f3n), los enlaces no funcionen y el material ya no se encuentre disponible. Gracias por su comprensi\u00f3n.<\/p>\n<h5 class=\"detalle_enlaces_documento\">1. INFANTIL<\/h5>\n<ul class=\"lista_enlaces_documento\">\n<li><a href=\"http:\/\/www.eskolabakegune.euskadi.net\/c\/document_library\/get_file?uuid=bf7dec04-b087-4ce9-9273-2cd15ae0c260&amp;groupId=2211625\" target=\"_blank\" rel=\"noopener noreferrer\">Infantil 3-4 a\u00f1os<\/a><\/li>\n<li><a href=\"http:\/\/www.eskolabakegune.euskadi.net\/c\/document_library\/get_file?uuid=2d8e2cd6-46c4-4aa3-aee1-b2eaa8730ceb&amp;groupId=2211625\" target=\"_blank\" rel=\"noopener noreferrer\">Infantil 5 a\u00f1os<\/a><\/li>\n<\/ul>\n<h5 class=\"detalle_enlaces_documento\">2. PRIMARIA<\/h5>\n<ul>\n<li><a href=\"http:\/\/www.eskolabakegune.euskadi.net\/c\/document_library\/get_file?uuid=13a3cfc4-adcc-4fcf-a539-c7fc8649af86&amp;groupId=2211625\" target=\"_blank\" rel=\"noopener noreferrer\">Fichas Primaria 6-8<\/a><\/li>\n<li><a href=\"http:\/\/www.eskolabakegune.euskadi.net\/c\/document_library\/get_file?uuid=d48ee442-4aca-4463-9b20-1fa512aa2673&amp;groupId=2211625\" target=\"_blank\" rel=\"noopener noreferrer\">Fichas Primaria 8-10<\/a><\/li>\n<li><a href=\"http:\/\/www.eskolabakegune.euskadi.net\/c\/document_library\/get_file?uuid=681f9fd4-b1e0-4cdc-a009-7254dcdc5365&amp;groupId=2211625\" target=\"_blank\" rel=\"noopener noreferrer\">Fichas Primaria 10-12<\/a><\/li>\n<li><a href=\"http:\/\/www.eskolabakegune.euskadi.net\/c\/document_library\/get_file?uuid=cd88bb4e-fea6-49f5-ad16-902b9550e003&amp;groupId=2211625\" target=\"_blank\" rel=\"noopener noreferrer\">Primaria 6-8<\/a><\/li>\n<li><a href=\"http:\/\/www.eskolabakegune.euskadi.net\/c\/document_library\/get_file?uuid=dd863b75-6fe0-4f15-8401-c69f216f17ac&amp;groupId=2211625\" target=\"_blank\" rel=\"noopener noreferrer\">Primaria 8-10<\/a><\/li>\n<li><a href=\"http:\/\/www.eskolabakegune.euskadi.net\/c\/document_library\/get_file?uuid=ae91a1bc-61e9-4585-8953-56dcc8715c46&amp;groupId=2211625\" target=\"_blank\" rel=\"noopener noreferrer\">Primaria 10-12<\/a><\/li>\n<\/ul>\n<h5 class=\"detalle_enlaces_documento\">3. SECUNDARIA<\/h5>\n<ul class=\"lista_enlaces_documento\">\n<li><a href=\"http:\/\/www.eskolabakegune.euskadi.net\/c\/document_library\/get_file?uuid=5f5947e9-f5ed-4400-b48f-92d6eaccd5b0&amp;groupId=2211625\" target=\"_blank\" rel=\"noopener noreferrer\">Fichas secundaria 12-14<\/a><\/li>\n<li><a href=\"http:\/\/www.eskolabakegune.euskadi.net\/c\/document_library\/get_file?uuid=40ec61cc-be22-4dc9-b987-b60aaef80874&amp;groupId=2211625\" target=\"_blank\" rel=\"noopener noreferrer\">Fichas secundaria 14-16<\/a><\/li>\n<li><a href=\"http:\/\/www.eskolabakegune.euskadi.net\/c\/document_library\/get_file?uuid=bab135eb-9cb7-4f32-aa8d-290d7ed8f5f7&amp;groupId=2211625\" target=\"_blank\" rel=\"noopener noreferrer\">Secundaria 12-14 a\u00f1os<\/a><\/li>\n<li><a href=\"http:\/\/www.eskolabakegune.euskadi.net\/c\/document_library\/get_file?uuid=bc51e1db-5caa-4633-b460-6ecdb2e3a442&amp;groupId=2211625\" target=\"_blank\" rel=\"noopener noreferrer\">Secundaria 14-16 a\u00f1os<\/a><\/li>\n<\/ul>\n<h5 class=\"detalle_enlaces_documento\">4. BACHILLER<\/h5>\n<ul class=\"lista_enlaces_documento\">\n<li><a href=\"http:\/\/www.eskolabakegune.euskadi.net\/c\/document_library\/get_file?uuid=2b2908b7-4a64-47d2-8e13-e4142afb35e2&amp;groupId=2211625\" target=\"_blank\" rel=\"noopener noreferrer\">Fichas Bachiller<\/a><\/li>\n<li><a href=\"http:\/\/www.eskolabakegune.euskadi.eus\/c\/document_library\/get_file?uuid=3909783f-7236-4ed6-9a8c-0b4350d5b04a&amp;groupId=2211625\" target=\"_blank\" rel=\"noopener noreferrer\">Bachiller<\/a><\/li>\n<\/ul>\n<p><img loading=\"lazy\" decoding=\"async\" class=\"alignnone wp-image-32228\" src=\"http:\/\/webdelmaestrocmf.com\/portal\/wp-content\/uploads\/2018\/10\/1-23.jpg\" alt=\"\" width=\"913\" height=\"518\" srcset=\"https:\/\/webdelmaestrocmf.com\/portal\/wp-content\/uploads\/2018\/10\/1-23.jpg 800w, https:\/\/webdelmaestrocmf.com\/portal\/wp-content\/uploads\/2018\/10\/1-23-300x170.jpg 300w, https:\/\/webdelmaestrocmf.com\/portal\/wp-content\/uploads\/2018\/10\/1-23-768x436.jpg 768w\" sizes=\"auto, (max-width: 913px) 100vw, 913px\" \/><\/p>\n<p><strong>Este contenido ha sido publicado originalmente por\u00a0Eskolabakegune en la siguiente direcci\u00f3n:\u00a0<a href=\"http:\/\/eskolabakegune.euskadi.eus\" target=\"_blank\" rel=\"noopener noreferrer\">eskolabakegune.euskadi.eus<\/a><\/strong><\/p>\n<h3>ENLACE DE LECTURA:<\/h3>\n<p style=\"text-align: center;\">\u00a1Comparte y as\u00ed m\u00e1s docentes utilizar\u00e1n estos recursos\u00a0gratis! Muchas gracias.<\/p>\n<p class=\"p1\" style=\"text-align: center;\">ENLACE 1<span style=\"color: #000000;\">: <a style=\"color: #000000;\" href=\"https:\/\/infolibros.org\/libros-pdf-gratis\/superacion-personal\/inteligencia-emocional\/\" target=\"_blank\" rel=\"noopener noreferrer\">LIBROS DE INTELIGENCIA EMOCIONAL PARA TUTORES<\/a><\/span><\/p>\n\t\t<div class=\"pk-inline-posts\">\n\t\t\t\n\t\t\t<div class=\"pk-inline-posts-container pk-inline-posts-template-list\"\n\t\t\t\tdata-columns=\"1\">\n\t\t\t\t\t\t<article id=\"post-99551\" class=\"post-99551 post type-post status-publish format-standard has-post-thumbnail category-libros category-pedagogia tag-actitudes-de-los-buenos-maestros tag-buenos-maestros tag-buenos-profesores tag-ejemplos-de-los-buenos-maestros tag-habilidades-de-los-buenos-maestros cs-entry cs-video-wrap\">\n\t\t\t<div class=\"pk-post-outer\">\n\n\t\t\t\t\t\t\t\t<div class=\"pk-post-inner\">\n\t\t\t\t\t<div class=\"entry-thumbnail\">\n\t\t\t\t\t\t<div class=\"pk-overlay pk-overlay-ratio pk-ratio-landscape\">\n\t\t\t\t\t\t\t<div class=\"pk-overlay-background\">\n\t\t\t\t\t\t\t\t<a href=\"https:\/\/webdelmaestrocmf.com\/portal\/como-son-y-que-hacen-los-buenos-maestros\/\" class=\"pk-overlay-link\">\n\t\t\t\t\t\t\t\t\t<img loading=\"lazy\" decoding=\"async\" width=\"300\" height=\"225\" src=\"https:\/\/webdelmaestrocmf.com\/portal\/wp-content\/uploads\/2025\/07\/1AA-Banner-1-portada-imagen-10-1-copia-1-300x225.webp\" class=\"attachment-pk-thumbnail size-pk-thumbnail wp-post-image\" alt=\"\" \/>\t\t\t\t\t\t\t\t<\/a>\n\t\t\t\t\t\t\t<\/div>\n\t\t\t\t\t\t<\/div>\n\t\t\t\t\t<\/div>\n\t\t\t\t<\/div>\n\t\t\t\t\n\t\t\t\t<div class=\"pk-post-inner\">\n\t\t\t\t\t<header>\n\t\t\t\t\t\t<h3 class=\"pk-title\"><a href=\"https:\/\/webdelmaestrocmf.com\/portal\/como-son-y-que-hacen-los-buenos-maestros\/\" rel=\"bookmark\">C\u00f3mo son y qu\u00e9 hacen los buenos maestros<\/a><\/h3>\t\t\t\t\t<\/header><!-- .entry-header -->\n\t\t\t\t<\/div><!-- .post-inner -->\n\n\t\t\t<\/div><!-- .post-outer -->\n\t\t<\/article>\n\t\t\t\t<\/div>\n\t\t<\/div>\n\t\t\n","protected":false},"excerpt":{"rendered":"En el siglo XXI, el rol del profesor no se limita a la transmisi\u00f3n de conocimientos subido a&hellip;","protected":false},"author":1,"featured_media":43314,"comment_status":"open","ping_status":"closed","sticky":false,"template":"","format":"standard","meta":{"_jetpack_newsletter_access":"","_jetpack_dont_email_post_to_subs":false,"_jetpack_newsletter_tier_id":0,"_jetpack_memberships_contains_paywalled_content":false,"csco_display_header_overlay":false,"csco_singular_sidebar":"default","csco_page_header_type":"default","csco_page_load_nextpost":"default","csco_post_video_location":[],"csco_post_video_location_hash":"","csco_post_video_url":"","csco_post_video_bg_start_time":0,"csco_post_video_bg_end_time":0,"csco_post_video_bg_volume":false,"_jetpack_feature_clip_id":0,"_jetpack_memberships_contains_paid_content":false,"footnotes":"","jetpack_post_was_ever_published":false},"categories":[599,504,735],"tags":[3873,399,688,3387,387,629,2587,714,3872],"class_list":["post-32223","post","type-post","status-publish","format-standard","has-post-thumbnail","category-inteligencia-emocional-educacion-y-familia","category-libros","category-pedagogia","tag-bachiller","tag-emocional","tag-gratis","tag-inicial","tag-inteligencia","tag-libros","tag-primaria","tag-secundaria","tag-tutores","cs-entry","cs-video-wrap"],"yoast_head":"<!-- This site is optimized with the Yoast SEO plugin v28.1 - https:\/\/yoast.com\/product\/yoast-seo-wordpress\/ -->\n<title>Libros sobre Inteligencia Emocional para tutores de inicial, primaria, secundaria y bachiller - 2026<\/title>\n<meta name=\"description\" content=\"Son 14 libros que est\u00e1n disponibles para cualquier docente\u00a0con decenas de actividades para aplicar en el aula.\" \/>\n<meta name=\"robots\" content=\"index, follow, max-snippet:-1, max-image-preview:large, max-video-preview:-1\" \/>\n<link rel=\"canonical\" href=\"https:\/\/webdelmaestrocmf.com\/portal\/libros-de-inteligencia-emocional-para-tutores-de-inicial-primaria-secundaria-y-bachiller-gratis\/\" \/>\n<meta property=\"og:locale\" content=\"es_ES\" \/>\n<meta property=\"og:type\" content=\"article\" \/>\n<meta property=\"og:title\" content=\"Libros sobre Inteligencia Emocional para tutores de inicial, primaria, secundaria y bachiller - 2026\" \/>\n<meta property=\"og:description\" content=\"Son 14 libros que est\u00e1n disponibles para cualquier docente\u00a0con decenas de actividades para aplicar en el aula.\" \/>\n<meta property=\"og:url\" content=\"https:\/\/webdelmaestrocmf.com\/portal\/libros-de-inteligencia-emocional-para-tutores-de-inicial-primaria-secundaria-y-bachiller-gratis\/\" \/>\n<meta property=\"og:site_name\" content=\"Web del Maestro CMF\" \/>\n<meta property=\"article:publisher\" content=\"https:\/\/www.facebook.com\/WebdelMaestroCMF\/\" \/>\n<meta property=\"article:author\" content=\"https:\/\/www.facebook.com\/WebdelMaestroCMF\/\" \/>\n<meta property=\"article:published_time\" content=\"2020-01-08T23:11:44+00:00\" \/>\n<meta property=\"article:modified_time\" content=\"2022-07-26T14:29:01+00:00\" \/>\n<meta property=\"og:image\" content=\"https:\/\/i0.wp.com\/webdelmaestrocmf.com\/portal\/wp-content\/uploads\/2020\/01\/1-16.jpg?fit=1100%2C680&ssl=1\" \/>\n\t<meta property=\"og:image:width\" content=\"1100\" \/>\n\t<meta property=\"og:image:height\" content=\"680\" \/>\n\t<meta property=\"og:image:type\" content=\"image\/jpeg\" \/>\n<meta name=\"author\" content=\"Web del Maestro CMF\" \/>\n<meta name=\"twitter:card\" content=\"summary_large_image\" \/>\n<meta name=\"twitter:creator\" content=\"@cmf_w\" \/>\n<meta name=\"twitter:site\" content=\"@cmf_w\" \/>\n<script type=\"application\/ld+json\" class=\"yoast-schema-graph\">{\"@context\":\"https:\\\/\\\/schema.org\",\"@graph\":[{\"@type\":\"ScholarlyArticle\",\"@id\":\"https:\\\/\\\/webdelmaestrocmf.com\\\/portal\\\/libros-de-inteligencia-emocional-para-tutores-de-inicial-primaria-secundaria-y-bachiller-gratis\\\/#article\",\"isPartOf\":{\"@id\":\"https:\\\/\\\/webdelmaestrocmf.com\\\/portal\\\/libros-de-inteligencia-emocional-para-tutores-de-inicial-primaria-secundaria-y-bachiller-gratis\\\/\"},\"author\":{\"name\":\"Web del Maestro CMF\",\"@id\":\"https:\\\/\\\/webdelmaestrocmf.com\\\/portal\\\/#\\\/schema\\\/person\\\/1072a2ed7bd960df8ef99a551fa35dc5\"},\"headline\":\"Libros sobre Inteligencia Emocional para tutores de inicial, primaria, secundaria y bachiller\",\"datePublished\":\"2020-01-08T23:11:44+00:00\",\"dateModified\":\"2022-07-26T14:29:01+00:00\",\"mainEntityOfPage\":{\"@id\":\"https:\\\/\\\/webdelmaestrocmf.com\\\/portal\\\/libros-de-inteligencia-emocional-para-tutores-de-inicial-primaria-secundaria-y-bachiller-gratis\\\/\"},\"wordCount\":424,\"commentCount\":0,\"publisher\":{\"@id\":\"https:\\\/\\\/webdelmaestrocmf.com\\\/portal\\\/#organization\"},\"image\":{\"@id\":\"https:\\\/\\\/webdelmaestrocmf.com\\\/portal\\\/libros-de-inteligencia-emocional-para-tutores-de-inicial-primaria-secundaria-y-bachiller-gratis\\\/#primaryimage\"},\"thumbnailUrl\":\"https:\\\/\\\/webdelmaestrocmf.com\\\/portal\\\/wp-content\\\/uploads\\\/2020\\\/01\\\/1-16.jpg\",\"keywords\":[\"BACHILLER\",\"EMOCIONAL\",\"gratis\",\"INICIAL\",\"INTELIGENCIA\",\"Libros\",\"PRIMARIA\",\"SECUNDARIA\",\"TUTORES\"],\"articleSection\":[\"Inteligencia Emocional\",\"Libros\",\"Recursos\"],\"inLanguage\":\"es\",\"potentialAction\":[{\"@type\":\"CommentAction\",\"name\":\"Comment\",\"target\":[\"https:\\\/\\\/webdelmaestrocmf.com\\\/portal\\\/libros-de-inteligencia-emocional-para-tutores-de-inicial-primaria-secundaria-y-bachiller-gratis\\\/#respond\"]}]},{\"@type\":\"WebPage\",\"@id\":\"https:\\\/\\\/webdelmaestrocmf.com\\\/portal\\\/libros-de-inteligencia-emocional-para-tutores-de-inicial-primaria-secundaria-y-bachiller-gratis\\\/\",\"url\":\"https:\\\/\\\/webdelmaestrocmf.com\\\/portal\\\/libros-de-inteligencia-emocional-para-tutores-de-inicial-primaria-secundaria-y-bachiller-gratis\\\/\",\"name\":\"Libros sobre Inteligencia Emocional para tutores de inicial, primaria, secundaria y bachiller - 2026\",\"isPartOf\":{\"@id\":\"https:\\\/\\\/webdelmaestrocmf.com\\\/portal\\\/#website\"},\"primaryImageOfPage\":{\"@id\":\"https:\\\/\\\/webdelmaestrocmf.com\\\/portal\\\/libros-de-inteligencia-emocional-para-tutores-de-inicial-primaria-secundaria-y-bachiller-gratis\\\/#primaryimage\"},\"image\":{\"@id\":\"https:\\\/\\\/webdelmaestrocmf.com\\\/portal\\\/libros-de-inteligencia-emocional-para-tutores-de-inicial-primaria-secundaria-y-bachiller-gratis\\\/#primaryimage\"},\"thumbnailUrl\":\"https:\\\/\\\/webdelmaestrocmf.com\\\/portal\\\/wp-content\\\/uploads\\\/2020\\\/01\\\/1-16.jpg\",\"datePublished\":\"2020-01-08T23:11:44+00:00\",\"dateModified\":\"2022-07-26T14:29:01+00:00\",\"description\":\"Son 14 libros que est\u00e1n disponibles para cualquier docente\u00a0con decenas de actividades para aplicar en el aula.\",\"breadcrumb\":{\"@id\":\"https:\\\/\\\/webdelmaestrocmf.com\\\/portal\\\/libros-de-inteligencia-emocional-para-tutores-de-inicial-primaria-secundaria-y-bachiller-gratis\\\/#breadcrumb\"},\"inLanguage\":\"es\",\"potentialAction\":[{\"@type\":\"ReadAction\",\"target\":[\"https:\\\/\\\/webdelmaestrocmf.com\\\/portal\\\/libros-de-inteligencia-emocional-para-tutores-de-inicial-primaria-secundaria-y-bachiller-gratis\\\/\"]}]},{\"@type\":\"ImageObject\",\"inLanguage\":\"es\",\"@id\":\"https:\\\/\\\/webdelmaestrocmf.com\\\/portal\\\/libros-de-inteligencia-emocional-para-tutores-de-inicial-primaria-secundaria-y-bachiller-gratis\\\/#primaryimage\",\"url\":\"https:\\\/\\\/webdelmaestrocmf.com\\\/portal\\\/wp-content\\\/uploads\\\/2020\\\/01\\\/1-16.jpg\",\"contentUrl\":\"https:\\\/\\\/webdelmaestrocmf.com\\\/portal\\\/wp-content\\\/uploads\\\/2020\\\/01\\\/1-16.jpg\",\"width\":1100,\"height\":680},{\"@type\":\"BreadcrumbList\",\"@id\":\"https:\\\/\\\/webdelmaestrocmf.com\\\/portal\\\/libros-de-inteligencia-emocional-para-tutores-de-inicial-primaria-secundaria-y-bachiller-gratis\\\/#breadcrumb\",\"itemListElement\":[{\"@type\":\"ListItem\",\"position\":1,\"name\":\"Portada\",\"item\":\"https:\\\/\\\/webdelmaestrocmf.com\\\/portal\\\/\"},{\"@type\":\"ListItem\",\"position\":2,\"name\":\"Recursos\",\"item\":\"https:\\\/\\\/webdelmaestrocmf.com\\\/portal\\\/category\\\/pedagogia\\\/\"},{\"@type\":\"ListItem\",\"position\":3,\"name\":\"Libros sobre Inteligencia Emocional para tutores de inicial, primaria, secundaria y bachiller\"}]},{\"@type\":\"WebSite\",\"@id\":\"https:\\\/\\\/webdelmaestrocmf.com\\\/portal\\\/#website\",\"url\":\"https:\\\/\\\/webdelmaestrocmf.com\\\/portal\\\/\",\"name\":\"Web del Maestro CMF\",\"description\":\"Maestros al servicio de la educaci\u00f3n\",\"publisher\":{\"@id\":\"https:\\\/\\\/webdelmaestrocmf.com\\\/portal\\\/#organization\"},\"alternateName\":\"WMCMF\",\"potentialAction\":[{\"@type\":\"SearchAction\",\"target\":{\"@type\":\"EntryPoint\",\"urlTemplate\":\"https:\\\/\\\/webdelmaestrocmf.com\\\/portal\\\/?s={search_term_string}\"},\"query-input\":{\"@type\":\"PropertyValueSpecification\",\"valueRequired\":true,\"valueName\":\"search_term_string\"}}],\"inLanguage\":\"es\"},{\"@type\":\"Organization\",\"@id\":\"https:\\\/\\\/webdelmaestrocmf.com\\\/portal\\\/#organization\",\"name\":\"Web del Maestro CMF\",\"alternateName\":\"WMCMF\",\"url\":\"https:\\\/\\\/webdelmaestrocmf.com\\\/portal\\\/\",\"logo\":{\"@type\":\"ImageObject\",\"inLanguage\":\"es\",\"@id\":\"https:\\\/\\\/webdelmaestrocmf.com\\\/portal\\\/#\\\/schema\\\/logo\\\/image\\\/\",\"url\":\"https:\\\/\\\/webdelmaestrocmf.com\\\/portal\\\/wp-content\\\/uploads\\\/2023\\\/01\\\/logo-wmcmf-2.png\",\"contentUrl\":\"https:\\\/\\\/webdelmaestrocmf.com\\\/portal\\\/wp-content\\\/uploads\\\/2023\\\/01\\\/logo-wmcmf-2.png\",\"width\":200,\"height\":60,\"caption\":\"Web del Maestro CMF\"},\"image\":{\"@id\":\"https:\\\/\\\/webdelmaestrocmf.com\\\/portal\\\/#\\\/schema\\\/logo\\\/image\\\/\"},\"sameAs\":[\"https:\\\/\\\/www.facebook.com\\\/WebdelMaestroCMF\\\/\",\"https:\\\/\\\/x.com\\\/cmf_w\",\"https:\\\/\\\/www.pinterest.com\\\/WMCMF\\\/\",\"https:\\\/\\\/www.linkedin.com\\\/company\\\/web-del-maestro-cmf\\\/\",\"https:\\\/\\\/www.instagram.com\\\/wmcmf\\\/\",\"https:\\\/\\\/www.youtube.com\\\/channel\\\/UCDPSvjbdodE5sHnC3OxutHw\",\"https:\\\/\\\/mastodon.social\\\/@wmcmf\",\"https:\\\/\\\/www.tiktok.com\\\/@webdelmaestrocmf\"]},{\"@type\":\"Person\",\"@id\":\"https:\\\/\\\/webdelmaestrocmf.com\\\/portal\\\/#\\\/schema\\\/person\\\/1072a2ed7bd960df8ef99a551fa35dc5\",\"name\":\"Web del Maestro CMF\",\"image\":{\"@type\":\"ImageObject\",\"inLanguage\":\"es\",\"@id\":\"https:\\\/\\\/secure.gravatar.com\\\/avatar\\\/23291dd5b5ae1077dcff3dbb04c3e02bd28403fa75af6d8787d5e97c5bbbe30b?s=96&d=mm&r=g\",\"url\":\"https:\\\/\\\/secure.gravatar.com\\\/avatar\\\/23291dd5b5ae1077dcff3dbb04c3e02bd28403fa75af6d8787d5e97c5bbbe30b?s=96&d=mm&r=g\",\"contentUrl\":\"https:\\\/\\\/secure.gravatar.com\\\/avatar\\\/23291dd5b5ae1077dcff3dbb04c3e02bd28403fa75af6d8787d5e97c5bbbe30b?s=96&d=mm&r=g\",\"caption\":\"Web del Maestro CMF\"},\"description\":\"Esta Web se cre\u00f3 sin fines de lucro, con fines educativos, cient\u00edficos y acad\u00e9micos, para personas que tengan dificultades y\\\/o inconvenientes en visualizar el material original. El objetivo es entregar recursos, compartir experiencias y materiales que ayuden a los padres de familia, maestros y estudiantes en su actualizaci\u00f3n y formaci\u00f3n permanente, en bien de la Educaci\u00f3n.\",\"sameAs\":[\"http:\\\/\\\/webdelmaestrocmf.com\\\/portal\",\"https:\\\/\\\/www.facebook.com\\\/WebdelMaestroCMF\\\/\",\"https:\\\/\\\/www.instagram.com\\\/wmcmf\\\/\",\"https:\\\/\\\/cl.linkedin.com\\\/company\\\/web-del-maestro-cmf\",\"https:\\\/\\\/www.pinterest.com\\\/WMCMF\\\/publicaciones\\\/\",\"https:\\\/\\\/x.com\\\/cmf_w\",\"https:\\\/\\\/www.youtube.com\\\/@WMCMF\"]}]}<\/script>\n<!-- \/ Yoast SEO plugin. -->","yoast_head_json":{"title":"Libros sobre Inteligencia Emocional para tutores de inicial, primaria, secundaria y bachiller - 2026","description":"Son 14 libros que est\u00e1n disponibles para cualquier docente\u00a0con decenas de actividades para aplicar en el aula.","robots":{"index":"index","follow":"follow","max-snippet":"max-snippet:-1","max-image-preview":"max-image-preview:large","max-video-preview":"max-video-preview:-1"},"canonical":"https:\/\/webdelmaestrocmf.com\/portal\/libros-de-inteligencia-emocional-para-tutores-de-inicial-primaria-secundaria-y-bachiller-gratis\/","og_locale":"es_ES","og_type":"article","og_title":"Libros sobre Inteligencia Emocional para tutores de inicial, primaria, secundaria y bachiller - 2026","og_description":"Son 14 libros que est\u00e1n disponibles para cualquier docente\u00a0con decenas de actividades para aplicar en el aula.","og_url":"https:\/\/webdelmaestrocmf.com\/portal\/libros-de-inteligencia-emocional-para-tutores-de-inicial-primaria-secundaria-y-bachiller-gratis\/","og_site_name":"Web del Maestro CMF","article_publisher":"https:\/\/www.facebook.com\/WebdelMaestroCMF\/","article_author":"https:\/\/www.facebook.com\/WebdelMaestroCMF\/","article_published_time":"2020-01-08T23:11:44+00:00","article_modified_time":"2022-07-26T14:29:01+00:00","og_image":[{"width":1100,"height":680,"url":"https:\/\/i0.wp.com\/webdelmaestrocmf.com\/portal\/wp-content\/uploads\/2020\/01\/1-16.jpg?fit=1100%2C680&ssl=1","type":"image\/jpeg"}],"author":"Web del Maestro CMF","twitter_card":"summary_large_image","twitter_creator":"@cmf_w","twitter_site":"@cmf_w","schema":{"@context":"https:\/\/schema.org","@graph":[{"@type":"ScholarlyArticle","@id":"https:\/\/webdelmaestrocmf.com\/portal\/libros-de-inteligencia-emocional-para-tutores-de-inicial-primaria-secundaria-y-bachiller-gratis\/#article","isPartOf":{"@id":"https:\/\/webdelmaestrocmf.com\/portal\/libros-de-inteligencia-emocional-para-tutores-de-inicial-primaria-secundaria-y-bachiller-gratis\/"},"author":{"name":"Web del Maestro CMF","@id":"https:\/\/webdelmaestrocmf.com\/portal\/#\/schema\/person\/1072a2ed7bd960df8ef99a551fa35dc5"},"headline":"Libros sobre Inteligencia Emocional para tutores de inicial, primaria, secundaria y bachiller","datePublished":"2020-01-08T23:11:44+00:00","dateModified":"2022-07-26T14:29:01+00:00","mainEntityOfPage":{"@id":"https:\/\/webdelmaestrocmf.com\/portal\/libros-de-inteligencia-emocional-para-tutores-de-inicial-primaria-secundaria-y-bachiller-gratis\/"},"wordCount":424,"commentCount":0,"publisher":{"@id":"https:\/\/webdelmaestrocmf.com\/portal\/#organization"},"image":{"@id":"https:\/\/webdelmaestrocmf.com\/portal\/libros-de-inteligencia-emocional-para-tutores-de-inicial-primaria-secundaria-y-bachiller-gratis\/#primaryimage"},"thumbnailUrl":"https:\/\/webdelmaestrocmf.com\/portal\/wp-content\/uploads\/2020\/01\/1-16.jpg","keywords":["BACHILLER","EMOCIONAL","gratis","INICIAL","INTELIGENCIA","Libros","PRIMARIA","SECUNDARIA","TUTORES"],"articleSection":["Inteligencia Emocional","Libros","Recursos"],"inLanguage":"es","potentialAction":[{"@type":"CommentAction","name":"Comment","target":["https:\/\/webdelmaestrocmf.com\/portal\/libros-de-inteligencia-emocional-para-tutores-de-inicial-primaria-secundaria-y-bachiller-gratis\/#respond"]}]},{"@type":"WebPage","@id":"https:\/\/webdelmaestrocmf.com\/portal\/libros-de-inteligencia-emocional-para-tutores-de-inicial-primaria-secundaria-y-bachiller-gratis\/","url":"https:\/\/webdelmaestrocmf.com\/portal\/libros-de-inteligencia-emocional-para-tutores-de-inicial-primaria-secundaria-y-bachiller-gratis\/","name":"Libros sobre Inteligencia Emocional para tutores de inicial, primaria, secundaria y bachiller - 2026","isPartOf":{"@id":"https:\/\/webdelmaestrocmf.com\/portal\/#website"},"primaryImageOfPage":{"@id":"https:\/\/webdelmaestrocmf.com\/portal\/libros-de-inteligencia-emocional-para-tutores-de-inicial-primaria-secundaria-y-bachiller-gratis\/#primaryimage"},"image":{"@id":"https:\/\/webdelmaestrocmf.com\/portal\/libros-de-inteligencia-emocional-para-tutores-de-inicial-primaria-secundaria-y-bachiller-gratis\/#primaryimage"},"thumbnailUrl":"https:\/\/webdelmaestrocmf.com\/portal\/wp-content\/uploads\/2020\/01\/1-16.jpg","datePublished":"2020-01-08T23:11:44+00:00","dateModified":"2022-07-26T14:29:01+00:00","description":"Son 14 libros que est\u00e1n disponibles para cualquier docente\u00a0con decenas de actividades para aplicar en el aula.","breadcrumb":{"@id":"https:\/\/webdelmaestrocmf.com\/portal\/libros-de-inteligencia-emocional-para-tutores-de-inicial-primaria-secundaria-y-bachiller-gratis\/#breadcrumb"},"inLanguage":"es","potentialAction":[{"@type":"ReadAction","target":["https:\/\/webdelmaestrocmf.com\/portal\/libros-de-inteligencia-emocional-para-tutores-de-inicial-primaria-secundaria-y-bachiller-gratis\/"]}]},{"@type":"ImageObject","inLanguage":"es","@id":"https:\/\/webdelmaestrocmf.com\/portal\/libros-de-inteligencia-emocional-para-tutores-de-inicial-primaria-secundaria-y-bachiller-gratis\/#primaryimage","url":"https:\/\/webdelmaestrocmf.com\/portal\/wp-content\/uploads\/2020\/01\/1-16.jpg","contentUrl":"https:\/\/webdelmaestrocmf.com\/portal\/wp-content\/uploads\/2020\/01\/1-16.jpg","width":1100,"height":680},{"@type":"BreadcrumbList","@id":"https:\/\/webdelmaestrocmf.com\/portal\/libros-de-inteligencia-emocional-para-tutores-de-inicial-primaria-secundaria-y-bachiller-gratis\/#breadcrumb","itemListElement":[{"@type":"ListItem","position":1,"name":"Portada","item":"https:\/\/webdelmaestrocmf.com\/portal\/"},{"@type":"ListItem","position":2,"name":"Recursos","item":"https:\/\/webdelmaestrocmf.com\/portal\/category\/pedagogia\/"},{"@type":"ListItem","position":3,"name":"Libros sobre Inteligencia Emocional para tutores de inicial, primaria, secundaria y bachiller"}]},{"@type":"WebSite","@id":"https:\/\/webdelmaestrocmf.com\/portal\/#website","url":"https:\/\/webdelmaestrocmf.com\/portal\/","name":"Web del Maestro CMF","description":"Maestros al servicio de la educaci\u00f3n","publisher":{"@id":"https:\/\/webdelmaestrocmf.com\/portal\/#organization"},"alternateName":"WMCMF","potentialAction":[{"@type":"SearchAction","target":{"@type":"EntryPoint","urlTemplate":"https:\/\/webdelmaestrocmf.com\/portal\/?s={search_term_string}"},"query-input":{"@type":"PropertyValueSpecification","valueRequired":true,"valueName":"search_term_string"}}],"inLanguage":"es"},{"@type":"Organization","@id":"https:\/\/webdelmaestrocmf.com\/portal\/#organization","name":"Web del Maestro CMF","alternateName":"WMCMF","url":"https:\/\/webdelmaestrocmf.com\/portal\/","logo":{"@type":"ImageObject","inLanguage":"es","@id":"https:\/\/webdelmaestrocmf.com\/portal\/#\/schema\/logo\/image\/","url":"https:\/\/webdelmaestrocmf.com\/portal\/wp-content\/uploads\/2023\/01\/logo-wmcmf-2.png","contentUrl":"https:\/\/webdelmaestrocmf.com\/portal\/wp-content\/uploads\/2023\/01\/logo-wmcmf-2.png","width":200,"height":60,"caption":"Web del Maestro CMF"},"image":{"@id":"https:\/\/webdelmaestrocmf.com\/portal\/#\/schema\/logo\/image\/"},"sameAs":["https:\/\/www.facebook.com\/WebdelMaestroCMF\/","https:\/\/x.com\/cmf_w","https:\/\/www.pinterest.com\/WMCMF\/","https:\/\/www.linkedin.com\/company\/web-del-maestro-cmf\/","https:\/\/www.instagram.com\/wmcmf\/","https:\/\/www.youtube.com\/channel\/UCDPSvjbdodE5sHnC3OxutHw","https:\/\/mastodon.social\/@wmcmf","https:\/\/www.tiktok.com\/@webdelmaestrocmf"]},{"@type":"Person","@id":"https:\/\/webdelmaestrocmf.com\/portal\/#\/schema\/person\/1072a2ed7bd960df8ef99a551fa35dc5","name":"Web del Maestro CMF","image":{"@type":"ImageObject","inLanguage":"es","@id":"https:\/\/secure.gravatar.com\/avatar\/23291dd5b5ae1077dcff3dbb04c3e02bd28403fa75af6d8787d5e97c5bbbe30b?s=96&d=mm&r=g","url":"https:\/\/secure.gravatar.com\/avatar\/23291dd5b5ae1077dcff3dbb04c3e02bd28403fa75af6d8787d5e97c5bbbe30b?s=96&d=mm&r=g","contentUrl":"https:\/\/secure.gravatar.com\/avatar\/23291dd5b5ae1077dcff3dbb04c3e02bd28403fa75af6d8787d5e97c5bbbe30b?s=96&d=mm&r=g","caption":"Web del Maestro CMF"},"description":"Esta Web se cre\u00f3 sin fines de lucro, con fines educativos, cient\u00edficos y acad\u00e9micos, para personas que tengan dificultades y\/o inconvenientes en visualizar el material original. El objetivo es entregar recursos, compartir experiencias y materiales que ayuden a los padres de familia, maestros y estudiantes en su actualizaci\u00f3n y formaci\u00f3n permanente, en bien de la Educaci\u00f3n.","sameAs":["http:\/\/webdelmaestrocmf.com\/portal","https:\/\/www.facebook.com\/WebdelMaestroCMF\/","https:\/\/www.instagram.com\/wmcmf\/","https:\/\/cl.linkedin.com\/company\/web-del-maestro-cmf","https:\/\/www.pinterest.com\/WMCMF\/publicaciones\/","https:\/\/x.com\/cmf_w","https:\/\/www.youtube.com\/@WMCMF"]}]}},"jetpack_featured_media_url":"https:\/\/webdelmaestrocmf.com\/portal\/wp-content\/uploads\/2020\/01\/1-16.jpg","jetpack_sharing_enabled":true,"jetpack-related-posts":[{"id":10445,"url":"https:\/\/webdelmaestrocmf.com\/portal\/daniel-goleman-los-ninos-aprenden-la-inteligencia-emocional-en-la-vida-real\/","url_meta":{"origin":32223,"position":0},"title":"Daniel Goleman: Los ni\u00f1os aprenden la inteligencia emocional en la vida real","author":"Web del Maestro CMF","date":"29 diciembre, 2018","format":false,"excerpt":"Daniel Goleman\u00a0(Stockton,\u00a07 de marzo\u00a0de\u00a01946) es un\u00a0psic\u00f3logo,\u00a0periodista\u00a0y\u00a0escritor\u00a0estadounidense. Adquiri\u00f3 fama\u00a0mundial\u00a0a partir de la publicaci\u00f3n de su libro\u00a0Emotional Intelligence\u00a0(en espa\u00f1ol\u00a0Inteligencia emocional) en 1995. Editado por primera vez en 1995, el libro\u00a0Inteligencia emocional\u00a0se mantuvo durante un a\u00f1o y medio en la lista de los libros m\u00e1s vendidos del\u00a0The New York Times. Seg\u00fan la p\u00e1gina\u2026","rel":"","context":"En \u00abEntrevistas\u00bb","block_context":{"text":"Entrevistas","link":"https:\/\/webdelmaestrocmf.com\/portal\/category\/noticias\/entrevistas\/"},"img":{"alt_text":"","src":"https:\/\/i0.wp.com\/webdelmaestrocmf.com\/portal\/wp-content\/uploads\/2018\/03\/1-25.jpg?resize=350%2C200&ssl=1","width":350,"height":200,"srcset":"https:\/\/i0.wp.com\/webdelmaestrocmf.com\/portal\/wp-content\/uploads\/2018\/03\/1-25.jpg?resize=350%2C200&ssl=1 1x, https:\/\/i0.wp.com\/webdelmaestrocmf.com\/portal\/wp-content\/uploads\/2018\/03\/1-25.jpg?resize=525%2C300&ssl=1 1.5x, https:\/\/i0.wp.com\/webdelmaestrocmf.com\/portal\/wp-content\/uploads\/2018\/03\/1-25.jpg?resize=700%2C400&ssl=1 2x"},"classes":[]},{"id":98052,"url":"https:\/\/webdelmaestrocmf.com\/portal\/educacion-emocional-por-que-es-importante-y-como-implementarla-en-primaria-y-secundaria\/","url_meta":{"origin":32223,"position":1},"title":"Educaci\u00f3n emocional: descarga el cuaderno de regulaci\u00f3n emocional para primaria, herramientas pr\u00e1cticas para secundaria y una gu\u00eda completa para el docente","author":"Web del Maestro CMF","date":"19 abril, 2026","format":false,"excerpt":"Ayuda al ni\u00f1o a reconocer, expresar y regular sus emociones, mejorar su atenci\u00f3n y autocontrol, reducir el estr\u00e9s, fortalecer la autoestima y desarrollar habilidades sociales mediante actividades pr\u00e1cticas y reflexivas","rel":"","context":"En \u00abEducaci\u00f3n Emocional\u00bb","block_context":{"text":"Educaci\u00f3n Emocional","link":"https:\/\/webdelmaestrocmf.com\/portal\/category\/pedagogia\/educacion-emocional\/"},"img":{"alt_text":"","src":"https:\/\/i0.wp.com\/webdelmaestrocmf.com\/portal\/wp-content\/uploads\/2026\/03\/1AA-Banner-1-portada-imagen-10-1-copia-1-6.webp?resize=350%2C200&ssl=1","width":350,"height":200,"srcset":"https:\/\/i0.wp.com\/webdelmaestrocmf.com\/portal\/wp-content\/uploads\/2026\/03\/1AA-Banner-1-portada-imagen-10-1-copia-1-6.webp?resize=350%2C200&ssl=1 1x, https:\/\/i0.wp.com\/webdelmaestrocmf.com\/portal\/wp-content\/uploads\/2026\/03\/1AA-Banner-1-portada-imagen-10-1-copia-1-6.webp?resize=525%2C300&ssl=1 1.5x, https:\/\/i0.wp.com\/webdelmaestrocmf.com\/portal\/wp-content\/uploads\/2026\/03\/1AA-Banner-1-portada-imagen-10-1-copia-1-6.webp?resize=700%2C400&ssl=1 2x, https:\/\/i0.wp.com\/webdelmaestrocmf.com\/portal\/wp-content\/uploads\/2026\/03\/1AA-Banner-1-portada-imagen-10-1-copia-1-6.webp?resize=1050%2C600&ssl=1 3x"},"classes":[]},{"id":28523,"url":"https:\/\/webdelmaestrocmf.com\/portal\/libro-para-docentes-y-psicologos-educacion-emocional-en-20-lecciones\/","url_meta":{"origin":32223,"position":2},"title":"Libro para docentes: Educaci\u00f3n emocional en 20 lecciones","author":"Web del Maestro CMF","date":"13 enero, 2024","format":false,"excerpt":"Educaci\u00f3n emocional en 20 lecciones es un libro del autor espa\u00f1ol Efra\u00edn Bartolom\u00e9, publicado en 2013. El libro est\u00e1 dirigido a un p\u00fablico general y tiene como objetivo ense\u00f1ar a las personas a gestionar sus emociones de forma saludable. El libro se divide en 20 lecciones, cada una de las\u2026","rel":"","context":"En \u00abLibros\u00bb","block_context":{"text":"Libros","link":"https:\/\/webdelmaestrocmf.com\/portal\/category\/pedagogia\/libros\/"},"img":{"alt_text":"libro Educaci\u00f3n emocional","src":"https:\/\/i0.wp.com\/webdelmaestrocmf.com\/portal\/wp-content\/uploads\/2021\/06\/Bannerdd-1-portada-imagen-0.jpg?resize=350%2C200&ssl=1","width":350,"height":200,"srcset":"https:\/\/i0.wp.com\/webdelmaestrocmf.com\/portal\/wp-content\/uploads\/2021\/06\/Bannerdd-1-portada-imagen-0.jpg?resize=350%2C200&ssl=1 1x, https:\/\/i0.wp.com\/webdelmaestrocmf.com\/portal\/wp-content\/uploads\/2021\/06\/Bannerdd-1-portada-imagen-0.jpg?resize=525%2C300&ssl=1 1.5x, https:\/\/i0.wp.com\/webdelmaestrocmf.com\/portal\/wp-content\/uploads\/2021\/06\/Bannerdd-1-portada-imagen-0.jpg?resize=700%2C400&ssl=1 2x"},"classes":[]},{"id":42076,"url":"https:\/\/webdelmaestrocmf.com\/portal\/tiene-usted-como-profesor-una-inteligencia-emocional-desarrollada-cuatro-indicadores-de-su-posesion-o-carencia\/","url_meta":{"origin":32223,"position":3},"title":"\u00bfTiene usted, como profesor, una inteligencia emocional desarrollada? Cuatro indicadores de su posesi\u00f3n o carencia","author":"Web del Maestro CMF","date":"7 octubre, 2024","format":false,"excerpt":"El rol y la imagen del maestro \u201cfue hace tiempo fuente de autoridad y el docente estaba investido as\u00ed de una autoridad instituida, pero actualmente, el rol del docente es cuestionado y as\u00ed tambi\u00e9n su autoridad. Es as\u00ed que los docentes, deben ahora demostrar idoneidad y justificar su autoridad, necesitan\u2026","rel":"","context":"En \u00abYo opino - WMCMF\u00bb","block_context":{"text":"Yo opino - WMCMF","link":"https:\/\/webdelmaestrocmf.com\/portal\/category\/jamb\/"},"img":{"alt_text":"","src":"https:\/\/i0.wp.com\/webdelmaestrocmf.com\/portal\/wp-content\/uploads\/2019\/11\/Banner-1-portada-imagen-10-1-24.jpg?resize=350%2C200&ssl=1","width":350,"height":200,"srcset":"https:\/\/i0.wp.com\/webdelmaestrocmf.com\/portal\/wp-content\/uploads\/2019\/11\/Banner-1-portada-imagen-10-1-24.jpg?resize=350%2C200&ssl=1 1x, https:\/\/i0.wp.com\/webdelmaestrocmf.com\/portal\/wp-content\/uploads\/2019\/11\/Banner-1-portada-imagen-10-1-24.jpg?resize=525%2C300&ssl=1 1.5x, https:\/\/i0.wp.com\/webdelmaestrocmf.com\/portal\/wp-content\/uploads\/2019\/11\/Banner-1-portada-imagen-10-1-24.jpg?resize=700%2C400&ssl=1 2x"},"classes":[]},{"id":13205,"url":"https:\/\/webdelmaestrocmf.com\/portal\/profesor-emocionalmente-inteligente\/","url_meta":{"origin":32223,"position":4},"title":"\u00bfEres un profesor emocionalmente inteligente?","author":"Web del Maestro CMF","date":"6 enero, 2020","format":false,"excerpt":"El manejo de las emociones, como todo ser humano, necesita una especial atenci\u00f3n en el desempe\u00f1o docente, pues no s\u00f3lo interact\u00faa como informante de ciencias o formante en valores, sino que sus expresiones reflejar\u00e1n siempre ese estado interior, para lo cual se nos sugieren cinco habilidades y competencias que se\u2026","rel":"","context":"En \u00abInteligencia Emocional\u00bb","block_context":{"text":"Inteligencia Emocional","link":"https:\/\/webdelmaestrocmf.com\/portal\/category\/pedagogia\/inteligencia-emocional-educacion-y-familia\/"},"img":{"alt_text":"profesor emocionalmente inteligente","src":"https:\/\/i0.wp.com\/webdelmaestrocmf.com\/portal\/wp-content\/uploads\/2020\/01\/Banner-1-portada-imagen-10-25.jpg?resize=350%2C200&ssl=1","width":350,"height":200,"srcset":"https:\/\/i0.wp.com\/webdelmaestrocmf.com\/portal\/wp-content\/uploads\/2020\/01\/Banner-1-portada-imagen-10-25.jpg?resize=350%2C200&ssl=1 1x, https:\/\/i0.wp.com\/webdelmaestrocmf.com\/portal\/wp-content\/uploads\/2020\/01\/Banner-1-portada-imagen-10-25.jpg?resize=525%2C300&ssl=1 1.5x, https:\/\/i0.wp.com\/webdelmaestrocmf.com\/portal\/wp-content\/uploads\/2020\/01\/Banner-1-portada-imagen-10-25.jpg?resize=700%2C400&ssl=1 2x"},"classes":[]},{"id":42381,"url":"https:\/\/webdelmaestrocmf.com\/portal\/el-aprendizaje-social-y-emocional-que-es-la-nueva-imagen-de-la-inteligencia-emocional\/","url_meta":{"origin":32223,"position":5},"title":"Daniel Goleman: El aprendizaje social y emocional, es la nueva imagen de la inteligencia emocional","author":"Web del Maestro CMF","date":"22 junio, 2021","format":"video","excerpt":"Daniel Goleman (Stockton, USA, 1946) es un psic\u00f3logo, periodista y escritor estadounidense, hijo de Fay Goleman, profesora de sociolog\u00eda en la Universidad del Pac\u00edfico e Irving Goleman, profesor de humanidades en el Stockton College. \u201cEstudi\u00f3 en la India utilizando una beca predoctoral de Harvard y una beca postdoctoral del Consejo\u2026","rel":"","context":"En \u00abCharlas\u00bb","block_context":{"text":"Charlas","link":"https:\/\/webdelmaestrocmf.com\/portal\/category\/charlas\/"},"img":{"alt_text":"Daniel Goleman","src":"https:\/\/i0.wp.com\/webdelmaestrocmf.com\/portal\/wp-content\/uploads\/2019\/12\/1-copia-16.jpg?resize=350%2C200&ssl=1","width":350,"height":200,"srcset":"https:\/\/i0.wp.com\/webdelmaestrocmf.com\/portal\/wp-content\/uploads\/2019\/12\/1-copia-16.jpg?resize=350%2C200&ssl=1 1x, https:\/\/i0.wp.com\/webdelmaestrocmf.com\/portal\/wp-content\/uploads\/2019\/12\/1-copia-16.jpg?resize=525%2C300&ssl=1 1.5x, https:\/\/i0.wp.com\/webdelmaestrocmf.com\/portal\/wp-content\/uploads\/2019\/12\/1-copia-16.jpg?resize=700%2C400&ssl=1 2x, https:\/\/i0.wp.com\/webdelmaestrocmf.com\/portal\/wp-content\/uploads\/2019\/12\/1-copia-16.jpg?resize=1050%2C600&ssl=1 3x"},"classes":[]}],"_links":{"self":[{"href":"https:\/\/webdelmaestrocmf.com\/portal\/wp-json\/wp\/v2\/posts\/32223","targetHints":{"allow":["GET"]}}],"collection":[{"href":"https:\/\/webdelmaestrocmf.com\/portal\/wp-json\/wp\/v2\/posts"}],"about":[{"href":"https:\/\/webdelmaestrocmf.com\/portal\/wp-json\/wp\/v2\/types\/post"}],"author":[{"embeddable":true,"href":"https:\/\/webdelmaestrocmf.com\/portal\/wp-json\/wp\/v2\/users\/1"}],"replies":[{"embeddable":true,"href":"https:\/\/webdelmaestrocmf.com\/portal\/wp-json\/wp\/v2\/comments?post=32223"}],"version-history":[{"count":0,"href":"https:\/\/webdelmaestrocmf.com\/portal\/wp-json\/wp\/v2\/posts\/32223\/revisions"}],"wp:featuredmedia":[{"embeddable":true,"href":"https:\/\/webdelmaestrocmf.com\/portal\/wp-json\/wp\/v2\/media\/43314"}],"wp:attachment":[{"href":"https:\/\/webdelmaestrocmf.com\/portal\/wp-json\/wp\/v2\/media?parent=32223"}],"wp:term":[{"taxonomy":"category","embeddable":true,"href":"https:\/\/webdelmaestrocmf.com\/portal\/wp-json\/wp\/v2\/categories?post=32223"},{"taxonomy":"post_tag","embeddable":true,"href":"https:\/\/webdelmaestrocmf.com\/portal\/wp-json\/wp\/v2\/tags?post=32223"}],"curies":[{"name":"wp","href":"https:\/\/api.w.org\/{rel}","templated":true}]}}