{"id":31576,"date":"2019-09-17T19:25:46","date_gmt":"2019-09-17T22:25:46","guid":{"rendered":"http:\/\/webdelmaestrocmf.com\/portal\/?p=31576"},"modified":"2019-12-29T20:02:29","modified_gmt":"2019-12-29T23:02:29","slug":"un-fascinante-cortometraje-para-ensenar-la-actitud-positiva-y-once-consejos-para-conseguirla","status":"publish","type":"post","link":"https:\/\/webdelmaestrocmf.com\/portal\/un-fascinante-cortometraje-para-ensenar-la-actitud-positiva-y-once-consejos-para-conseguirla\/","title":{"rendered":"Un fascinante cortometraje para ense\u00f1ar la actitud positiva en la educaci\u00f3n y once consejos para conseguirla"},"content":{"rendered":"<h5 style=\"text-align: justify;\">Los educadores, y en especial los padres de familia y profesores, <strong>ense\u00f1amos a aprender<\/strong>, con variadas metodolog\u00edas y recursos, pero <strong>permanentemente lo hacemos por medio de nuestra manera de actuar<\/strong>, de reaccionar frente a cualquier est\u00edmulo que surge en el aula o fuera de ella. La mayor parte de ocasiones en que los educadores respondemos p\u00fablicamente, es frente a los hijos y\/o estudiantes. <strong>Nuestras actitudes trasparentan o revelan<\/strong> \u2013opinan los especialistas- <strong>nuestra identidad y personalidad<\/strong>. Esas reacciones externas o actitudes de comportamiento nacen de las experiencias y <strong>no se tornan autom\u00e1ticamente en conducta habitual<\/strong>, sino que responden a <strong>factores internos y\/o externos que, en el proceso de socializaci\u00f3n, alcanzan la madurez, la responsabilidad de elegir el saber comportarse<\/strong>.<\/h5>\n<p><!--more--><\/p>\n<p style=\"text-align: justify;\">Las actitudes, como respuesta, var\u00eda de persona a persona, y se convierte en un desaf\u00edo para encontrar y manifestar la actitud m\u00e1s conveniente, oportuna y eficaz. No es tan f\u00e1cil (como puede parecer), y m\u00e1s sabiendo que debemos ser transparentes y honestos por <strong>la influencia que ejercemos en los ni\u00f1os y j\u00f3venes<\/strong>. As\u00ed mismo, determinadas actitudes de los profesores como respuestas adecuadas o inadecuadas a situaciones que se generan en el aula y\/o la escuela, pueden <strong>incidir positiva o negativamente sobre el ambiente<\/strong> necesario para la ense\u00f1anza &#8211; aprendizaje.<\/p>\n<p><img loading=\"lazy\" decoding=\"async\" class=\"alignnone wp-image-31582\" src=\"http:\/\/webdelmaestrocmf.com\/portal\/wp-content\/uploads\/2018\/09\/1-35.jpg\" alt=\"\" width=\"900\" height=\"506\" srcset=\"https:\/\/webdelmaestrocmf.com\/portal\/wp-content\/uploads\/2018\/09\/1-35.jpg 800w, https:\/\/webdelmaestrocmf.com\/portal\/wp-content\/uploads\/2018\/09\/1-35-300x169.jpg 300w, https:\/\/webdelmaestrocmf.com\/portal\/wp-content\/uploads\/2018\/09\/1-35-768x432.jpg 768w\" sizes=\"auto, (max-width: 900px) 100vw, 900px\" \/><\/p>\n<p style=\"text-align: justify;\">La actitud de un educador <strong>es siempre un estilo de ense\u00f1ar<\/strong>, porque manifiesta el estado de \u00e1nimo de una personalidad \u00fanica. \u201cSi los estudiantes perciben que el profesor tiene una actitud que refleja que \u201cse preocupa y tiene inter\u00e9s por ellos\u201d probablemente los estudiantes presten m\u00e1s atenci\u00f3n a las clases y aprendan m\u00e1s. Parece importante, por lo tanto, determinar <strong>c\u00f3mo los profesores pueden adoptar esa actitud <\/strong>y lo que es m\u00e1s importante c\u00f3mo transmitirla de forma que los alumnos lo perciban as\u00ed\u201d (cf INED 21, \u201c\u00bfC\u00f3mo perciben los estudiantes universitarios las actitudes del profesor?\u201d). Pero \u00bfreflejan las actitudes la personalidad? La psicolog\u00eda social, considera a <strong>la actitud como una respuesta de nuestra personalidad<\/strong>. Y el licenciado en pedagog\u00eda \u00c1lvaro Tineo, nos aclara la relaci\u00f3n entre actitud y personalidad: \u201cEl ser humano <strong>ha nacido para ser adaptable<\/strong>, es decir, para saberse amoldar a cada situaci\u00f3n y cambiar su actitud en funci\u00f3n de lo que est\u00e9 ocurriendo a nuestro alrededor\u201d, por lo tanto \u201c<strong>la actitud cambia, la personalidad no<\/strong>. Y por cambiar nuestra actitud, jam\u00e1s estaremos cambiando nuestra personalidad\u201d. <a href=\"http:\/\/www.alvarotineo.com\/blog\/personalidad-y-actitud\/\" target=\"_blank\" rel=\"noopener noreferrer\"><strong>PERSONALIDAD Y ACTITUD.<\/strong><\/a><\/p>\n<p style=\"text-align: justify;\">Para reflexionar sobre la importancia de nuestras actitudes, y porqu\u00e9 <strong>debemos actuar con la mayor cantidad de elementos de juicio<\/strong>, es que compartimos, por motivos \u00fanicamente educativos<strong>, <\/strong>un video de animaci\u00f3n<strong> (\u201cUna<\/strong> <strong>historia de Joy<\/strong>\u201d), que la empresa <strong>JD.com<\/strong>, conocida como la empresa Jingdong, dedicada al comercio electr\u00f3nico con sede central en Beijing (China), ha lanzado y colgado en YouTube para celebrar el \u201cA\u00f1o del Perro\u201d (2018). Esperamos que <strong>el cambio de actitud de Joy, al conocer una realidad que no conoc\u00eda<\/strong>, sea \u00fatil como recurso educativo.<\/p>\n<h5><strong>JOY AND HERON\u00a0<\/strong>(4\u00b414\u201d)<\/h5>\n<p><iframe loading=\"lazy\" src=\"https:\/\/www.youtube.com\/embed\/ZQGuVKHtrxc\" width=\"100%\" height=\"400\" frameborder=\"0\" allowfullscreen=\"allowfullscreen\"><span data-mce-type=\"bookmark\" style=\"display: inline-block; width: 0px; overflow: hidden; line-height: 0;\" class=\"mce_SELRES_start\">\ufeff<\/span><span data-mce-type=\"bookmark\" style=\"display: inline-block; width: 0px; overflow: hidden; line-height: 0;\" class=\"mce_SELRES_start\">\ufeff<\/span><\/iframe><\/p>\n<p style=\"text-align: justify;\">Consideramos importante para nuestra formaci\u00f3n permanente, el no olvidar que <strong>un cambio de actitud <\/strong>(como la tenida por Joy<strong>) es una decisi\u00f3n personal, <\/strong>asumida en primera persona. Toda <strong>perspectiva negativa de la vida puede tener consecuencias graves<\/strong> para la <strong>salud<\/strong>, las <strong>relaciones<\/strong> y los <strong>sentimientos de satisfacci\u00f3n <\/strong>en la vida. Los profesores necesitamos cuidar y tener un control muy especial de nuestras actitudes. Nuestro servicio \u201ces de mucha responsabilidad, en ocasiones no reconocido y en el que los resultados no siempre son observables a corto plazo\u201d. <strong>Necesitamos contar con recursos que nos permitan atender a los estudiantes sin descuidar nuestra salud interior<\/strong>. Las actitudes negativas son manifestaciones de personalidades negativas, y son las que algunos especialistas llaman personas intoxicadas, y que se hacen y hacen tanto da\u00f1o en los ambientes educativos. <a href=\"http:\/\/webdelmaestrocmf.com\/portal\/los-docentes-toxicos-desgastantes-contagian-negatividad\/\" target=\"_blank\" rel=\"noopener noreferrer\"><strong>LOS DOCENTES T\u00d3XICOS SON DESGASTANTES Y CONTAGIAN SU NEGATIVIDAD.<\/strong><\/a><\/p>\n<p style=\"text-align: justify;\">El <strong>proceso de madurez es permanente en las relaciones<\/strong> sociales, y dentro de las cuales est\u00e1 las relaciones profesores \u2013 estudiantes, sabemos que dura toda la vida, y por lo tanto necesita ser atendido y cuidado. Nos permitimos compartir ONCE CONSEJOS o INDICACIONES o RECOMENDACIONES, quiz\u00e1 <strong>algunos sean nuevos, otros ya conquistados o en proceso de desarrollo<\/strong>; esperando les sean \u00fatiles:<\/p>\n<ol style=\"text-align: justify;\">\n<li><strong>NO PIENSES DEMASIADO EN EL PASADO O EL FUTURO<\/strong>. Si tratas de desarrollar una nueva actitud, <strong>mant\u00e9n tu atenci\u00f3n en el momento presente<\/strong>. Cuando te encuentres preocup\u00e1ndote por el futuro o repasando momentos dif\u00edciles del pasado, regresa tu atenci\u00f3n al momento presente.<\/li>\n<li><strong>DESHAZTE DE LA NEGATIVIDAD EN TU VIDA<\/strong>. Si hay personas, actividades o situaciones en tu vida que continuamente <strong>te provocan estr\u00e9s<\/strong>, <strong>ansiedad, molestia, incomodidad, malestar<\/strong>, \u2026 es posible que necesites abandonarlas. Un cambio de actitud depende de vivir un nuevo tipo de vida.<\/li>\n<li><strong>ASEG\u00daRATE DE QUE TUS RELACIONES SEAN SALUDABLES<\/strong>. Una relaci\u00f3n saludable debe ser positiva y hacer que <strong>te sientas mejor contigo mismo<\/strong>. Si te sientes presionado para hacer cosas que no quieres hacer, tienes miedo de las consecuencias de no estar de acuerdo, si son frecuentes las discusiones y que involucran gritos o violencia f\u00edsica, es posible que esas relaciones no sean saludables. Esto afectar\u00e1 tu actitud negativamente<\/li>\n<li><strong>BUSCA LAS COSAS POSITIVAS<\/strong>. <strong>Siempre hay algo<\/strong> en cualquier situaci\u00f3n que vale la pena elogiar. Pero para desarrollar una actitud positiva debes <strong>esforzarte a notar lo bueno<\/strong>. Comparte tus observaciones positivas con los dem\u00e1s y gu\u00e1rdate los comentarios negativos para ti.<\/li>\n<li><strong>S\u00c9 AMABLE CON LOS DEM\u00c1S<\/strong>. Una de las maneras m\u00e1s r\u00e1pidas para sentirte mejor es ser amable con otras personas. <strong>Detalles de cortes\u00eda, amabilidad y atenci\u00f3n <\/strong>aumentar\u00e1 tu positivismo.<\/li>\n<li><strong>ESCRIBE UNA LISTA DE GRATITUD DIARIA<\/strong>. Cada d\u00eda tiene algo por lo cual estar agradecido, pero algunos d\u00edas la gratitud es m\u00e1s dif\u00edcil de encontrar que otros. <strong>Para desarrollar la disciplina de encontrar gratitud<\/strong> incluso en los d\u00edas m\u00e1s dif\u00edciles, practica escribiendo una lista diaria.<\/li>\n<li><strong>PRACTICA LA MEDITACI\u00d3N O REFLEXI\u00d3N PERSONAL<\/strong>. Practicar la \u201cintrospecci\u00f3n\u201d o \u201c<strong>mirar en el interior\u201d<\/strong> deliberadamente coloca la mente en el momento presente, lo que es vital para cultivar una actitud positiva. Encuentra tiempos <strong>para darte \u201cvacaciones instant\u00e1neas\u201d,<\/strong> y tendr\u00e1s como resultado una diferencia en tu actitud<\/li>\n<li><strong>DEJA DE QUEJARTE<\/strong>. Pasa m\u00e1s tiempo <strong>reconociendo los buenos aspectos de tu vida<\/strong>. Presta m\u00e1s atenci\u00f3n conscientemente a las cosas positivas que notes, permitiendo que las cosas buenas se vuelvan buenas experiencias.<\/li>\n<li><strong>PASA M\u00c1S TIEMPO CON PERSONAS POSITIVAS<\/strong>. Si hay personas en tu vida que te hacen sentir in\u00fatil, arruinado, improductivo o deprimido, <strong>es posible que necesites pasar menos tiempo con ellas<\/strong> si tratas de desarrollar una nueva actitud. T\u00f3mate tiempo para leer noticias inspiradoras. Ponte en una dieta de \u201cpositivismo\u201d y minimiza la cantidad de negatividad que internalizas al d\u00eda.<\/li>\n<li><strong>TRATA DE RESPONDER, NO REACCIONAR.<\/strong> Cuando est\u00e9s en una situaci\u00f3n estresante, piensa en ello, <strong>usa la raz\u00f3n para encontrar una soluci\u00f3n y haz lo que tenga sentido.<\/strong> Cuando reaccionas, omites la etapa de razonamiento y respondes autom\u00e1ticamente. Esto solo sirve para causar m\u00e1s problemas y frustraci\u00f3n<\/li>\n<li><strong>ENCUENTRA LO QUE TE HACE FELIZ.<\/strong>Eso suena f\u00e1cil, pero podr\u00eda ser algo a lo que no est\u00e1s acostumbrado a prestar atenci\u00f3n. Trata de hacer una <strong>lista de cosas que haces todos los d\u00edas<\/strong> (o la mayor\u00eda de los d\u00edas), luego haz una segunda lista de cosas que te hagan feliz. Compara tus listas y observa qu\u00e9 cambios puedes hacer para incluir m\u00e1s felicidad,<\/li>\n<\/ol>\n<p style=\"text-align: justify;\">Sabemos que aqu\u00ed no se agotan los caminos, porque en educaci\u00f3n, la \u00faltima palabra todav\u00eda no est\u00e1 dicha, lo m\u00e1s motivante en la tarea educativa es que <strong>podemos encontrar nuevos y mejores caminos<\/strong>.\u00a0 Esta publicaci\u00f3n ha sido libremente recopilada y abreviada de diversos art\u00edculos, teniendo como fuente principal la publicaci\u00f3n de WIKIHOW; <a href=\"https:\/\/es.wikihow.com\/cambiar-de-actitud\" target=\"_blank\" rel=\"noopener noreferrer\"><strong>C\u00d3MO CAMBIAR DE ACTITUD.<\/strong><\/a><\/p>\n<p><img loading=\"lazy\" decoding=\"async\" class=\"alignnone size-full wp-image-31583\" src=\"http:\/\/webdelmaestrocmf.com\/portal\/wp-content\/uploads\/2018\/09\/1-36.jpg\" alt=\"\" width=\"1000\" height=\"450\" srcset=\"https:\/\/webdelmaestrocmf.com\/portal\/wp-content\/uploads\/2018\/09\/1-36.jpg 1000w, https:\/\/webdelmaestrocmf.com\/portal\/wp-content\/uploads\/2018\/09\/1-36-300x135.jpg 300w, https:\/\/webdelmaestrocmf.com\/portal\/wp-content\/uploads\/2018\/09\/1-36-768x346.jpg 768w\" sizes=\"auto, (max-width: 1000px) 100vw, 1000px\" \/><\/p>\n<p style=\"text-align: center;\"><em>\u201cDebido a nuestra actitud, decidimos leer o no leer. Por nuestra actitud, decidimos intentar o darnos por vencidos. Por nuestra actitud, nos culpamos a nosotros mismos por nuestros errores, o culpamos tontamente a otros. Nuestra actitud determina si amamos u odiamos, decimos la verdad o mentimos, actuamos o posponemos, avanzamos o retrocedemos; y por nuestra propia actitud, nosotros, y s\u00f3lo nosotros, decidimos si tendremos \u00e9xito o fallaremos\u201d<\/em> (Jim Rohn).<\/p>\n<p style=\"text-align: right;\"><strong>REDACCI\u00d3N WEB DEL MAESTRO CMF<\/strong><\/p>\n\t\t<div class=\"pk-inline-posts\">\n\t\t\t\n\t\t\t<div class=\"pk-inline-posts-container pk-inline-posts-template-list\"\n\t\t\t\tdata-columns=\"1\">\n\t\t\t\t\t\t<article id=\"post-118333\" class=\"post-118333 post type-post status-publish format-standard has-post-thumbnail category-jamb tag-apego tag-crianza tag-docentes tag-educacion tag-escuela tag-familia tag-infancia tag-responsabilidad tag-vinculo cs-entry cs-video-wrap\">\n\t\t\t<div class=\"pk-post-outer\">\n\n\t\t\t\t\t\t\t\t<div class=\"pk-post-inner\">\n\t\t\t\t\t<div class=\"entry-thumbnail\">\n\t\t\t\t\t\t<div class=\"pk-overlay pk-overlay-ratio pk-ratio-landscape\">\n\t\t\t\t\t\t\t<div class=\"pk-overlay-background\">\n\t\t\t\t\t\t\t\t<a href=\"https:\/\/webdelmaestrocmf.com\/portal\/el-sistema-nos-rompe-a-todos-y-a-los-ninos-primero\/\" class=\"pk-overlay-link\">\n\t\t\t\t\t\t\t\t\t<img loading=\"lazy\" decoding=\"async\" width=\"300\" height=\"225\" src=\"https:\/\/webdelmaestrocmf.com\/portal\/wp-content\/uploads\/2026\/04\/1AA-Banner-1-portada-imagen-10-1-copia-2-300x225.jpg\" class=\"attachment-pk-thumbnail size-pk-thumbnail wp-post-image\" alt=\"\" \/>\t\t\t\t\t\t\t\t<\/a>\n\t\t\t\t\t\t\t<\/div>\n\t\t\t\t\t\t<\/div>\n\t\t\t\t\t<\/div>\n\t\t\t\t<\/div>\n\t\t\t\t\n\t\t\t\t<div class=\"pk-post-inner\">\n\t\t\t\t\t<header>\n\t\t\t\t\t\t<h3 class=\"pk-title\"><a href=\"https:\/\/webdelmaestrocmf.com\/portal\/el-sistema-nos-rompe-a-todos-y-a-los-ninos-primero\/\" rel=\"bookmark\">El sistema nos rompe a todos\u2026 y a los ni\u00f1os primero<\/a><\/h3>\t\t\t\t\t<\/header><!-- .entry-header -->\n\t\t\t\t<\/div><!-- .post-inner -->\n\n\t\t\t<\/div><!-- .post-outer -->\n\t\t<\/article>\n\t\t\t\t<\/div>\n\t\t<\/div>\n\t\t\n","protected":false},"excerpt":{"rendered":"Los educadores, y en especial los padres de familia y profesores, ense\u00f1amos a aprender, con variadas metodolog\u00edas y&hellip;","protected":false},"author":2,"featured_media":43097,"comment_status":"open","ping_status":"closed","sticky":false,"template":"","format":"standard","meta":{"csco_display_header_overlay":false,"csco_singular_sidebar":"default","csco_page_header_type":"default","csco_page_load_nextpost":"default","csco_post_video_location":[],"csco_post_video_location_hash":"","csco_post_video_url":"","csco_post_video_bg_start_time":0,"csco_post_video_bg_end_time":0,"csco_post_video_bg_volume":false,"_jetpack_memberships_contains_paid_content":false,"footnotes":""},"categories":[61],"tags":[579,2147,1011,55,399,333,3829,2689,3828,3827,2996,2497,2773],"class_list":{"0":"post-31576","1":"post","2":"type-post","3":"status-publish","4":"format-standard","5":"has-post-thumbnail","7":"category-jamb","8":"tag-actitudes","9":"tag-convivencia","10":"tag-corto","11":"tag-educacion","12":"tag-emocional","13":"tag-formacion","14":"tag-heron","15":"tag-humanas","16":"tag-joy","17":"tag-joy-and-heron","18":"tag-permanente","19":"tag-relaciones","20":"tag-videos","21":"cs-entry","22":"cs-video-wrap"},"yoast_head":"<!-- This site is optimized with the Yoast SEO plugin v27.5 - https:\/\/yoast.com\/product\/yoast-seo-wordpress\/ -->\n<title>Un fascinante cortometraje para ense\u00f1ar la actitud positiva en la educaci\u00f3n y once consejos para conseguirla - 2026<\/title>\n<meta name=\"description\" content=\"Comunidad de Maestros, Docentes y Profesores, en donde encontrar\u00e1s material, informaci\u00f3n y noticias del \u00e1mbito nacional y mundial.\" \/>\n<meta name=\"robots\" content=\"index, follow, max-snippet:-1, max-image-preview:large, max-video-preview:-1\" \/>\n<link rel=\"canonical\" href=\"https:\/\/webdelmaestrocmf.com\/portal\/un-fascinante-cortometraje-para-ensenar-la-actitud-positiva-y-once-consejos-para-conseguirla\/\" \/>\n<meta property=\"og:locale\" content=\"es_ES\" \/>\n<meta property=\"og:type\" content=\"article\" \/>\n<meta property=\"og:title\" content=\"Un fascinante cortometraje para ense\u00f1ar la actitud positiva en la educaci\u00f3n y once consejos para conseguirla - 2026\" \/>\n<meta property=\"og:description\" content=\"Comunidad de Maestros, Docentes y Profesores, en donde encontrar\u00e1s material, informaci\u00f3n y noticias del \u00e1mbito nacional y mundial.\" \/>\n<meta property=\"og:url\" content=\"https:\/\/webdelmaestrocmf.com\/portal\/un-fascinante-cortometraje-para-ensenar-la-actitud-positiva-y-once-consejos-para-conseguirla\/\" \/>\n<meta property=\"og:site_name\" content=\"Web del Maestro CMF\" \/>\n<meta property=\"article:publisher\" content=\"https:\/\/www.facebook.com\/WebdelMaestroCMF\/\" \/>\n<meta property=\"article:author\" content=\"https:\/\/www.facebook.com\/WebdelMaestroCMF\/\" \/>\n<meta property=\"article:published_time\" content=\"2019-09-17T22:25:46+00:00\" \/>\n<meta property=\"article:modified_time\" content=\"2019-12-29T23:02:29+00:00\" \/>\n<meta property=\"og:image\" content=\"https:\/\/i0.wp.com\/webdelmaestrocmf.com\/portal\/wp-content\/uploads\/2018\/09\/1-122.jpg?fit=1100%2C680&ssl=1\" \/>\n\t<meta property=\"og:image:width\" content=\"1100\" \/>\n\t<meta property=\"og:image:height\" content=\"680\" \/>\n\t<meta property=\"og:image:type\" content=\"image\/jpeg\" \/>\n<meta name=\"author\" content=\"Web del Maestro CMF\" \/>\n<meta name=\"twitter:card\" content=\"summary_large_image\" \/>\n<meta name=\"twitter:creator\" content=\"@cmf_w\" \/>\n<meta name=\"twitter:site\" content=\"@cmf_w\" \/>\n<script type=\"application\/ld+json\" class=\"yoast-schema-graph\">{\"@context\":\"https:\\\/\\\/schema.org\",\"@graph\":[{\"@type\":\"ScholarlyArticle\",\"@id\":\"https:\\\/\\\/webdelmaestrocmf.com\\\/portal\\\/un-fascinante-cortometraje-para-ensenar-la-actitud-positiva-y-once-consejos-para-conseguirla\\\/#article\",\"isPartOf\":{\"@id\":\"https:\\\/\\\/webdelmaestrocmf.com\\\/portal\\\/un-fascinante-cortometraje-para-ensenar-la-actitud-positiva-y-once-consejos-para-conseguirla\\\/\"},\"author\":{\"name\":\"Web del Maestro CMF\",\"@id\":\"https:\\\/\\\/webdelmaestrocmf.com\\\/portal\\\/#\\\/schema\\\/person\\\/ebc57e23d318c9c4270c6f41367015b5\"},\"headline\":\"Un fascinante cortometraje para ense\u00f1ar la actitud positiva en la educaci\u00f3n y once consejos para conseguirla\",\"datePublished\":\"2019-09-17T22:25:46+00:00\",\"dateModified\":\"2019-12-29T23:02:29+00:00\",\"mainEntityOfPage\":{\"@id\":\"https:\\\/\\\/webdelmaestrocmf.com\\\/portal\\\/un-fascinante-cortometraje-para-ensenar-la-actitud-positiva-y-once-consejos-para-conseguirla\\\/\"},\"wordCount\":1440,\"commentCount\":1,\"publisher\":{\"@id\":\"https:\\\/\\\/webdelmaestrocmf.com\\\/portal\\\/#organization\"},\"image\":{\"@id\":\"https:\\\/\\\/webdelmaestrocmf.com\\\/portal\\\/un-fascinante-cortometraje-para-ensenar-la-actitud-positiva-y-once-consejos-para-conseguirla\\\/#primaryimage\"},\"thumbnailUrl\":\"https:\\\/\\\/webdelmaestrocmf.com\\\/portal\\\/wp-content\\\/uploads\\\/2018\\\/09\\\/1-122.jpg\",\"keywords\":[\"ACTITUDES\",\"CONVIVENCIA\",\"CORTO\",\"EDUCACI\u00d3N\",\"EMOCIONAL\",\"FORMACI\u00d3N\",\"HERON\",\"HUMANAS\",\"JOY\",\"JOY AND HERON\",\"PERMANENTE\",\"RELACIONES\",\"VIDEOS\"],\"articleSection\":[\"Yo opino - WMCMF\"],\"inLanguage\":\"es\",\"potentialAction\":[{\"@type\":\"CommentAction\",\"name\":\"Comment\",\"target\":[\"https:\\\/\\\/webdelmaestrocmf.com\\\/portal\\\/un-fascinante-cortometraje-para-ensenar-la-actitud-positiva-y-once-consejos-para-conseguirla\\\/#respond\"]}]},{\"@type\":\"WebPage\",\"@id\":\"https:\\\/\\\/webdelmaestrocmf.com\\\/portal\\\/un-fascinante-cortometraje-para-ensenar-la-actitud-positiva-y-once-consejos-para-conseguirla\\\/\",\"url\":\"https:\\\/\\\/webdelmaestrocmf.com\\\/portal\\\/un-fascinante-cortometraje-para-ensenar-la-actitud-positiva-y-once-consejos-para-conseguirla\\\/\",\"name\":\"Un fascinante cortometraje para ense\u00f1ar la actitud positiva en la educaci\u00f3n y once consejos para conseguirla - 2026\",\"isPartOf\":{\"@id\":\"https:\\\/\\\/webdelmaestrocmf.com\\\/portal\\\/#website\"},\"primaryImageOfPage\":{\"@id\":\"https:\\\/\\\/webdelmaestrocmf.com\\\/portal\\\/un-fascinante-cortometraje-para-ensenar-la-actitud-positiva-y-once-consejos-para-conseguirla\\\/#primaryimage\"},\"image\":{\"@id\":\"https:\\\/\\\/webdelmaestrocmf.com\\\/portal\\\/un-fascinante-cortometraje-para-ensenar-la-actitud-positiva-y-once-consejos-para-conseguirla\\\/#primaryimage\"},\"thumbnailUrl\":\"https:\\\/\\\/webdelmaestrocmf.com\\\/portal\\\/wp-content\\\/uploads\\\/2018\\\/09\\\/1-122.jpg\",\"datePublished\":\"2019-09-17T22:25:46+00:00\",\"dateModified\":\"2019-12-29T23:02:29+00:00\",\"description\":\"Comunidad de Maestros, Docentes y Profesores, en donde encontrar\u00e1s material, informaci\u00f3n y noticias del \u00e1mbito nacional y mundial.\",\"breadcrumb\":{\"@id\":\"https:\\\/\\\/webdelmaestrocmf.com\\\/portal\\\/un-fascinante-cortometraje-para-ensenar-la-actitud-positiva-y-once-consejos-para-conseguirla\\\/#breadcrumb\"},\"inLanguage\":\"es\",\"potentialAction\":[{\"@type\":\"ReadAction\",\"target\":[\"https:\\\/\\\/webdelmaestrocmf.com\\\/portal\\\/un-fascinante-cortometraje-para-ensenar-la-actitud-positiva-y-once-consejos-para-conseguirla\\\/\"]}]},{\"@type\":\"ImageObject\",\"inLanguage\":\"es\",\"@id\":\"https:\\\/\\\/webdelmaestrocmf.com\\\/portal\\\/un-fascinante-cortometraje-para-ensenar-la-actitud-positiva-y-once-consejos-para-conseguirla\\\/#primaryimage\",\"url\":\"https:\\\/\\\/webdelmaestrocmf.com\\\/portal\\\/wp-content\\\/uploads\\\/2018\\\/09\\\/1-122.jpg\",\"contentUrl\":\"https:\\\/\\\/webdelmaestrocmf.com\\\/portal\\\/wp-content\\\/uploads\\\/2018\\\/09\\\/1-122.jpg\",\"width\":1100,\"height\":680},{\"@type\":\"BreadcrumbList\",\"@id\":\"https:\\\/\\\/webdelmaestrocmf.com\\\/portal\\\/un-fascinante-cortometraje-para-ensenar-la-actitud-positiva-y-once-consejos-para-conseguirla\\\/#breadcrumb\",\"itemListElement\":[{\"@type\":\"ListItem\",\"position\":1,\"name\":\"Portada\",\"item\":\"https:\\\/\\\/webdelmaestrocmf.com\\\/portal\\\/\"},{\"@type\":\"ListItem\",\"position\":2,\"name\":\"Yo opino - WMCMF\",\"item\":\"https:\\\/\\\/webdelmaestrocmf.com\\\/portal\\\/category\\\/jamb\\\/\"},{\"@type\":\"ListItem\",\"position\":3,\"name\":\"Un fascinante cortometraje para ense\u00f1ar la actitud positiva en la educaci\u00f3n y once consejos para conseguirla\"}]},{\"@type\":\"WebSite\",\"@id\":\"https:\\\/\\\/webdelmaestrocmf.com\\\/portal\\\/#website\",\"url\":\"https:\\\/\\\/webdelmaestrocmf.com\\\/portal\\\/\",\"name\":\"Web del Maestro CMF\",\"description\":\"Maestros al servicio de la educaci\u00f3n\",\"publisher\":{\"@id\":\"https:\\\/\\\/webdelmaestrocmf.com\\\/portal\\\/#organization\"},\"alternateName\":\"WMCMF\",\"potentialAction\":[{\"@type\":\"SearchAction\",\"target\":{\"@type\":\"EntryPoint\",\"urlTemplate\":\"https:\\\/\\\/webdelmaestrocmf.com\\\/portal\\\/?s={search_term_string}\"},\"query-input\":{\"@type\":\"PropertyValueSpecification\",\"valueRequired\":true,\"valueName\":\"search_term_string\"}}],\"inLanguage\":\"es\"},{\"@type\":\"Organization\",\"@id\":\"https:\\\/\\\/webdelmaestrocmf.com\\\/portal\\\/#organization\",\"name\":\"Web del Maestro CMF\",\"alternateName\":\"WMCMF\",\"url\":\"https:\\\/\\\/webdelmaestrocmf.com\\\/portal\\\/\",\"logo\":{\"@type\":\"ImageObject\",\"inLanguage\":\"es\",\"@id\":\"https:\\\/\\\/webdelmaestrocmf.com\\\/portal\\\/#\\\/schema\\\/logo\\\/image\\\/\",\"url\":\"https:\\\/\\\/webdelmaestrocmf.com\\\/portal\\\/wp-content\\\/uploads\\\/2023\\\/01\\\/logo-wmcmf-2.png\",\"contentUrl\":\"https:\\\/\\\/webdelmaestrocmf.com\\\/portal\\\/wp-content\\\/uploads\\\/2023\\\/01\\\/logo-wmcmf-2.png\",\"width\":200,\"height\":60,\"caption\":\"Web del Maestro CMF\"},\"image\":{\"@id\":\"https:\\\/\\\/webdelmaestrocmf.com\\\/portal\\\/#\\\/schema\\\/logo\\\/image\\\/\"},\"sameAs\":[\"https:\\\/\\\/www.facebook.com\\\/WebdelMaestroCMF\\\/\",\"https:\\\/\\\/x.com\\\/cmf_w\",\"https:\\\/\\\/www.pinterest.com\\\/WMCMF\\\/\",\"https:\\\/\\\/www.linkedin.com\\\/company\\\/web-del-maestro-cmf\\\/\",\"https:\\\/\\\/www.instagram.com\\\/wmcmf\\\/\",\"https:\\\/\\\/www.youtube.com\\\/channel\\\/UCDPSvjbdodE5sHnC3OxutHw\",\"https:\\\/\\\/mastodon.social\\\/@wmcmf\",\"https:\\\/\\\/www.tiktok.com\\\/@webdelmaestrocmf\"]},{\"@type\":\"Person\",\"@id\":\"https:\\\/\\\/webdelmaestrocmf.com\\\/portal\\\/#\\\/schema\\\/person\\\/ebc57e23d318c9c4270c6f41367015b5\",\"name\":\"Web del Maestro CMF\",\"image\":{\"@type\":\"ImageObject\",\"inLanguage\":\"es\",\"@id\":\"https:\\\/\\\/secure.gravatar.com\\\/avatar\\\/718b2df46e711f63dc8c16a160d16cc0104e961fe3c231eaaed2426975fc5e2d?s=96&d=mm&r=g\",\"url\":\"https:\\\/\\\/secure.gravatar.com\\\/avatar\\\/718b2df46e711f63dc8c16a160d16cc0104e961fe3c231eaaed2426975fc5e2d?s=96&d=mm&r=g\",\"contentUrl\":\"https:\\\/\\\/secure.gravatar.com\\\/avatar\\\/718b2df46e711f63dc8c16a160d16cc0104e961fe3c231eaaed2426975fc5e2d?s=96&d=mm&r=g\",\"caption\":\"Web del Maestro CMF\"},\"description\":\"Esta Web se cre\u00f3 sin fines de lucro, con fines educativos, cient\u00edficos y acad\u00e9micos, para personas que tengan dificultades y\\\/o inconvenientes en visualizar el material original. El objetivo es entregar recursos, compartir experiencias y materiales que ayuden a los padres de familia, maestros y estudiantes en su actualizaci\u00f3n y formaci\u00f3n permanente, en bien de la Educaci\u00f3n.\",\"sameAs\":[\"http:\\\/\\\/webdelmaestrocmf.com\\\/portal\",\"https:\\\/\\\/www.facebook.com\\\/WebdelMaestroCMF\\\/\",\"https:\\\/\\\/www.instagram.com\\\/wmcmf\\\/\",\"https:\\\/\\\/cl.linkedin.com\\\/company\\\/web-del-maestro-cmf\",\"https:\\\/\\\/www.pinterest.com\\\/WMCMF\\\/publicaciones\\\/\",\"https:\\\/\\\/x.com\\\/cmf_w\",\"https:\\\/\\\/www.youtube.com\\\/@WMCMF\"]}]}<\/script>\n<!-- \/ Yoast SEO plugin. -->","yoast_head_json":{"title":"Un fascinante cortometraje para ense\u00f1ar la actitud positiva en la educaci\u00f3n y once consejos para conseguirla - 2026","description":"Comunidad de Maestros, Docentes y Profesores, en donde encontrar\u00e1s material, informaci\u00f3n y noticias del \u00e1mbito nacional y mundial.","robots":{"index":"index","follow":"follow","max-snippet":"max-snippet:-1","max-image-preview":"max-image-preview:large","max-video-preview":"max-video-preview:-1"},"canonical":"https:\/\/webdelmaestrocmf.com\/portal\/un-fascinante-cortometraje-para-ensenar-la-actitud-positiva-y-once-consejos-para-conseguirla\/","og_locale":"es_ES","og_type":"article","og_title":"Un fascinante cortometraje para ense\u00f1ar la actitud positiva en la educaci\u00f3n y once consejos para conseguirla - 2026","og_description":"Comunidad de Maestros, Docentes y Profesores, en donde encontrar\u00e1s material, informaci\u00f3n y noticias del \u00e1mbito nacional y mundial.","og_url":"https:\/\/webdelmaestrocmf.com\/portal\/un-fascinante-cortometraje-para-ensenar-la-actitud-positiva-y-once-consejos-para-conseguirla\/","og_site_name":"Web del Maestro CMF","article_publisher":"https:\/\/www.facebook.com\/WebdelMaestroCMF\/","article_author":"https:\/\/www.facebook.com\/WebdelMaestroCMF\/","article_published_time":"2019-09-17T22:25:46+00:00","article_modified_time":"2019-12-29T23:02:29+00:00","og_image":[{"width":1100,"height":680,"url":"https:\/\/i0.wp.com\/webdelmaestrocmf.com\/portal\/wp-content\/uploads\/2018\/09\/1-122.jpg?fit=1100%2C680&ssl=1","type":"image\/jpeg"}],"author":"Web del Maestro CMF","twitter_card":"summary_large_image","twitter_creator":"@cmf_w","twitter_site":"@cmf_w","schema":{"@context":"https:\/\/schema.org","@graph":[{"@type":"ScholarlyArticle","@id":"https:\/\/webdelmaestrocmf.com\/portal\/un-fascinante-cortometraje-para-ensenar-la-actitud-positiva-y-once-consejos-para-conseguirla\/#article","isPartOf":{"@id":"https:\/\/webdelmaestrocmf.com\/portal\/un-fascinante-cortometraje-para-ensenar-la-actitud-positiva-y-once-consejos-para-conseguirla\/"},"author":{"name":"Web del Maestro CMF","@id":"https:\/\/webdelmaestrocmf.com\/portal\/#\/schema\/person\/ebc57e23d318c9c4270c6f41367015b5"},"headline":"Un fascinante cortometraje para ense\u00f1ar la actitud positiva en la educaci\u00f3n y once consejos para conseguirla","datePublished":"2019-09-17T22:25:46+00:00","dateModified":"2019-12-29T23:02:29+00:00","mainEntityOfPage":{"@id":"https:\/\/webdelmaestrocmf.com\/portal\/un-fascinante-cortometraje-para-ensenar-la-actitud-positiva-y-once-consejos-para-conseguirla\/"},"wordCount":1440,"commentCount":1,"publisher":{"@id":"https:\/\/webdelmaestrocmf.com\/portal\/#organization"},"image":{"@id":"https:\/\/webdelmaestrocmf.com\/portal\/un-fascinante-cortometraje-para-ensenar-la-actitud-positiva-y-once-consejos-para-conseguirla\/#primaryimage"},"thumbnailUrl":"https:\/\/webdelmaestrocmf.com\/portal\/wp-content\/uploads\/2018\/09\/1-122.jpg","keywords":["ACTITUDES","CONVIVENCIA","CORTO","EDUCACI\u00d3N","EMOCIONAL","FORMACI\u00d3N","HERON","HUMANAS","JOY","JOY AND HERON","PERMANENTE","RELACIONES","VIDEOS"],"articleSection":["Yo opino - WMCMF"],"inLanguage":"es","potentialAction":[{"@type":"CommentAction","name":"Comment","target":["https:\/\/webdelmaestrocmf.com\/portal\/un-fascinante-cortometraje-para-ensenar-la-actitud-positiva-y-once-consejos-para-conseguirla\/#respond"]}]},{"@type":"WebPage","@id":"https:\/\/webdelmaestrocmf.com\/portal\/un-fascinante-cortometraje-para-ensenar-la-actitud-positiva-y-once-consejos-para-conseguirla\/","url":"https:\/\/webdelmaestrocmf.com\/portal\/un-fascinante-cortometraje-para-ensenar-la-actitud-positiva-y-once-consejos-para-conseguirla\/","name":"Un fascinante cortometraje para ense\u00f1ar la actitud positiva en la educaci\u00f3n y once consejos para conseguirla - 2026","isPartOf":{"@id":"https:\/\/webdelmaestrocmf.com\/portal\/#website"},"primaryImageOfPage":{"@id":"https:\/\/webdelmaestrocmf.com\/portal\/un-fascinante-cortometraje-para-ensenar-la-actitud-positiva-y-once-consejos-para-conseguirla\/#primaryimage"},"image":{"@id":"https:\/\/webdelmaestrocmf.com\/portal\/un-fascinante-cortometraje-para-ensenar-la-actitud-positiva-y-once-consejos-para-conseguirla\/#primaryimage"},"thumbnailUrl":"https:\/\/webdelmaestrocmf.com\/portal\/wp-content\/uploads\/2018\/09\/1-122.jpg","datePublished":"2019-09-17T22:25:46+00:00","dateModified":"2019-12-29T23:02:29+00:00","description":"Comunidad de Maestros, Docentes y Profesores, en donde encontrar\u00e1s material, informaci\u00f3n y noticias del \u00e1mbito nacional y mundial.","breadcrumb":{"@id":"https:\/\/webdelmaestrocmf.com\/portal\/un-fascinante-cortometraje-para-ensenar-la-actitud-positiva-y-once-consejos-para-conseguirla\/#breadcrumb"},"inLanguage":"es","potentialAction":[{"@type":"ReadAction","target":["https:\/\/webdelmaestrocmf.com\/portal\/un-fascinante-cortometraje-para-ensenar-la-actitud-positiva-y-once-consejos-para-conseguirla\/"]}]},{"@type":"ImageObject","inLanguage":"es","@id":"https:\/\/webdelmaestrocmf.com\/portal\/un-fascinante-cortometraje-para-ensenar-la-actitud-positiva-y-once-consejos-para-conseguirla\/#primaryimage","url":"https:\/\/webdelmaestrocmf.com\/portal\/wp-content\/uploads\/2018\/09\/1-122.jpg","contentUrl":"https:\/\/webdelmaestrocmf.com\/portal\/wp-content\/uploads\/2018\/09\/1-122.jpg","width":1100,"height":680},{"@type":"BreadcrumbList","@id":"https:\/\/webdelmaestrocmf.com\/portal\/un-fascinante-cortometraje-para-ensenar-la-actitud-positiva-y-once-consejos-para-conseguirla\/#breadcrumb","itemListElement":[{"@type":"ListItem","position":1,"name":"Portada","item":"https:\/\/webdelmaestrocmf.com\/portal\/"},{"@type":"ListItem","position":2,"name":"Yo opino - WMCMF","item":"https:\/\/webdelmaestrocmf.com\/portal\/category\/jamb\/"},{"@type":"ListItem","position":3,"name":"Un fascinante cortometraje para ense\u00f1ar la actitud positiva en la educaci\u00f3n y once consejos para conseguirla"}]},{"@type":"WebSite","@id":"https:\/\/webdelmaestrocmf.com\/portal\/#website","url":"https:\/\/webdelmaestrocmf.com\/portal\/","name":"Web del Maestro CMF","description":"Maestros al servicio de la educaci\u00f3n","publisher":{"@id":"https:\/\/webdelmaestrocmf.com\/portal\/#organization"},"alternateName":"WMCMF","potentialAction":[{"@type":"SearchAction","target":{"@type":"EntryPoint","urlTemplate":"https:\/\/webdelmaestrocmf.com\/portal\/?s={search_term_string}"},"query-input":{"@type":"PropertyValueSpecification","valueRequired":true,"valueName":"search_term_string"}}],"inLanguage":"es"},{"@type":"Organization","@id":"https:\/\/webdelmaestrocmf.com\/portal\/#organization","name":"Web del Maestro CMF","alternateName":"WMCMF","url":"https:\/\/webdelmaestrocmf.com\/portal\/","logo":{"@type":"ImageObject","inLanguage":"es","@id":"https:\/\/webdelmaestrocmf.com\/portal\/#\/schema\/logo\/image\/","url":"https:\/\/webdelmaestrocmf.com\/portal\/wp-content\/uploads\/2023\/01\/logo-wmcmf-2.png","contentUrl":"https:\/\/webdelmaestrocmf.com\/portal\/wp-content\/uploads\/2023\/01\/logo-wmcmf-2.png","width":200,"height":60,"caption":"Web del Maestro CMF"},"image":{"@id":"https:\/\/webdelmaestrocmf.com\/portal\/#\/schema\/logo\/image\/"},"sameAs":["https:\/\/www.facebook.com\/WebdelMaestroCMF\/","https:\/\/x.com\/cmf_w","https:\/\/www.pinterest.com\/WMCMF\/","https:\/\/www.linkedin.com\/company\/web-del-maestro-cmf\/","https:\/\/www.instagram.com\/wmcmf\/","https:\/\/www.youtube.com\/channel\/UCDPSvjbdodE5sHnC3OxutHw","https:\/\/mastodon.social\/@wmcmf","https:\/\/www.tiktok.com\/@webdelmaestrocmf"]},{"@type":"Person","@id":"https:\/\/webdelmaestrocmf.com\/portal\/#\/schema\/person\/ebc57e23d318c9c4270c6f41367015b5","name":"Web del Maestro CMF","image":{"@type":"ImageObject","inLanguage":"es","@id":"https:\/\/secure.gravatar.com\/avatar\/718b2df46e711f63dc8c16a160d16cc0104e961fe3c231eaaed2426975fc5e2d?s=96&d=mm&r=g","url":"https:\/\/secure.gravatar.com\/avatar\/718b2df46e711f63dc8c16a160d16cc0104e961fe3c231eaaed2426975fc5e2d?s=96&d=mm&r=g","contentUrl":"https:\/\/secure.gravatar.com\/avatar\/718b2df46e711f63dc8c16a160d16cc0104e961fe3c231eaaed2426975fc5e2d?s=96&d=mm&r=g","caption":"Web del Maestro CMF"},"description":"Esta Web se cre\u00f3 sin fines de lucro, con fines educativos, cient\u00edficos y acad\u00e9micos, para personas que tengan dificultades y\/o inconvenientes en visualizar el material original. El objetivo es entregar recursos, compartir experiencias y materiales que ayuden a los padres de familia, maestros y estudiantes en su actualizaci\u00f3n y formaci\u00f3n permanente, en bien de la Educaci\u00f3n.","sameAs":["http:\/\/webdelmaestrocmf.com\/portal","https:\/\/www.facebook.com\/WebdelMaestroCMF\/","https:\/\/www.instagram.com\/wmcmf\/","https:\/\/cl.linkedin.com\/company\/web-del-maestro-cmf","https:\/\/www.pinterest.com\/WMCMF\/publicaciones\/","https:\/\/x.com\/cmf_w","https:\/\/www.youtube.com\/@WMCMF"]}]}},"jetpack_featured_media_url":"https:\/\/webdelmaestrocmf.com\/portal\/wp-content\/uploads\/2018\/09\/1-122.jpg","jetpack_sharing_enabled":true,"jetpack-related-posts":[{"id":16649,"url":"https:\/\/webdelmaestrocmf.com\/portal\/la-tarea-docente-frente-la-educacion-ambiental\/","url_meta":{"origin":31576,"position":0},"title":"La tarea docente frente a la educaci\u00f3n ambiental","author":"Web del Maestro CMF","date":"20 octubre, 2021","format":false,"excerpt":"La educaci\u00f3n ambiental es \u00abla acci\u00f3n educativa permanente por la cual la comunidad educativa tiende a tomar conciencia de su realidad global, del tipo de relaciones que los hombres establecen entre s\u00ed y con la naturaleza, de los problemas derivados de dichas relaciones y sus causas profundas. Ella desarrolla mediante\u2026","rel":"","context":"En \u00abYo opino - WMCMF\u00bb","block_context":{"text":"Yo opino - WMCMF","link":"https:\/\/webdelmaestrocmf.com\/portal\/category\/jamb\/"},"img":{"alt_text":"","src":"https:\/\/i0.wp.com\/webdelmaestrocmf.com\/portal\/wp-content\/uploads\/2023\/03\/A12B3C4D-54.jpg?resize=350%2C200&ssl=1","width":350,"height":200,"srcset":"https:\/\/i0.wp.com\/webdelmaestrocmf.com\/portal\/wp-content\/uploads\/2023\/03\/A12B3C4D-54.jpg?resize=350%2C200&ssl=1 1x, https:\/\/i0.wp.com\/webdelmaestrocmf.com\/portal\/wp-content\/uploads\/2023\/03\/A12B3C4D-54.jpg?resize=525%2C300&ssl=1 1.5x, https:\/\/i0.wp.com\/webdelmaestrocmf.com\/portal\/wp-content\/uploads\/2023\/03\/A12B3C4D-54.jpg?resize=700%2C400&ssl=1 2x"},"classes":[]},{"id":60672,"url":"https:\/\/webdelmaestrocmf.com\/portal\/miguel-angel-cornejo-el-maestro-es-polifacetico-en-un-mismo-dia-es-consejero-politico-padre-adoptivo-recadero-prestamista-detective-enfermero\/","url_meta":{"origin":31576,"position":1},"title":"El maestro es polifac\u00e9tico, en un mismo d\u00eda es consejero, pol\u00edtico, padre adoptivo, recadero, prestamista, detective, enfermero, &#8230;","author":"Web del Maestro CMF","date":"12 febrero, 2024","format":false,"excerpt":"Para los que estamos en el mundo educativo, sabemos muy bien que el logro de los objetivos acad\u00e9micos, se ha debido en mucho a la creatividad y el empe\u00f1o de los profesores. La mayor\u00eda de los profesores han respondido al desaf\u00edo de la educaci\u00f3n a distancia, con mucha creatividad, optimismo,\u2026","rel":"","context":"En \u00abYo opino - WMCMF\u00bb","block_context":{"text":"Yo opino - WMCMF","link":"https:\/\/webdelmaestrocmf.com\/portal\/category\/jamb\/"},"img":{"alt_text":"maestro","src":"https:\/\/i0.wp.com\/webdelmaestrocmf.com\/portal\/wp-content\/uploads\/2022\/08\/Banner-1-portada-imagen-10-1-2-1.jpg?resize=350%2C200&ssl=1","width":350,"height":200,"srcset":"https:\/\/i0.wp.com\/webdelmaestrocmf.com\/portal\/wp-content\/uploads\/2022\/08\/Banner-1-portada-imagen-10-1-2-1.jpg?resize=350%2C200&ssl=1 1x, https:\/\/i0.wp.com\/webdelmaestrocmf.com\/portal\/wp-content\/uploads\/2022\/08\/Banner-1-portada-imagen-10-1-2-1.jpg?resize=525%2C300&ssl=1 1.5x, https:\/\/i0.wp.com\/webdelmaestrocmf.com\/portal\/wp-content\/uploads\/2022\/08\/Banner-1-portada-imagen-10-1-2-1.jpg?resize=700%2C400&ssl=1 2x"},"classes":[]},{"id":14394,"url":"https:\/\/webdelmaestrocmf.com\/portal\/la-eficiencia-docente-cinco-caracteristicas-ineludibles-recomendado\/","url_meta":{"origin":31576,"position":2},"title":"La eficiencia docente: Cinco caracter\u00edsticas ineludibles","author":"Web del Maestro CMF","date":"12 junio, 2021","format":false,"excerpt":"La publicaci\u00f3n de CHICAGO TRIBUNE (Illinois, USA), es la fuente del art\u00edculo que compartimos con fines \u00fanicamente educativos \u2013 pastorales, y que indica cinco caracter\u00edsticas que se requieren para ejercer bien y con entusiasmo la tarea docente. La palabra eficacia (quiz\u00e1 por la traducci\u00f3n) est\u00e1 asociada al logro de los\u2026","rel":"","context":"En \u00abDocentes\u00bb","block_context":{"text":"Docentes","link":"https:\/\/webdelmaestrocmf.com\/portal\/category\/pedagogia\/docentes\/"},"img":{"alt_text":"","src":"https:\/\/i0.wp.com\/webdelmaestrocmf.com\/portal\/wp-content\/uploads\/2021\/06\/Banner-1-portada-imagen-10-1-6.jpg?resize=350%2C200&ssl=1","width":350,"height":200,"srcset":"https:\/\/i0.wp.com\/webdelmaestrocmf.com\/portal\/wp-content\/uploads\/2021\/06\/Banner-1-portada-imagen-10-1-6.jpg?resize=350%2C200&ssl=1 1x, https:\/\/i0.wp.com\/webdelmaestrocmf.com\/portal\/wp-content\/uploads\/2021\/06\/Banner-1-portada-imagen-10-1-6.jpg?resize=525%2C300&ssl=1 1.5x, https:\/\/i0.wp.com\/webdelmaestrocmf.com\/portal\/wp-content\/uploads\/2021\/06\/Banner-1-portada-imagen-10-1-6.jpg?resize=700%2C400&ssl=1 2x"},"classes":[]},{"id":21529,"url":"https:\/\/webdelmaestrocmf.com\/portal\/tarea-los-educadores-frente-al-enfado-ninos-adultos-parte-i\/","url_meta":{"origin":31576,"position":3},"title":"Tarea de los educadores frente al enfado de ni\u00f1os (y de algunos adultos) &#8211; Parte I","author":"Web del Maestro CMF","date":"27 agosto, 2017","format":false,"excerpt":"La educaci\u00f3n emocional no puede dejarse de lado en una educaci\u00f3n integral, \u201cmuchos de los problemas de los adultos se deben a las dificultades en la regulaci\u00f3n de las emociones y eso no se ense\u00f1a en la escuela\u201d, sostiene Rafael Guerrero; y Francisco Javier Flores propone \u201cque los colegios se\u2026","rel":"","context":"En \u00abYo opino - WMCMF\u00bb","block_context":{"text":"Yo opino - WMCMF","link":"https:\/\/webdelmaestrocmf.com\/portal\/category\/jamb\/"},"img":{"alt_text":"","src":"https:\/\/i0.wp.com\/webdelmaestrocmf.com\/portal\/wp-content\/uploads\/2017\/08\/a2.jpg?resize=350%2C200&ssl=1","width":350,"height":200,"srcset":"https:\/\/i0.wp.com\/webdelmaestrocmf.com\/portal\/wp-content\/uploads\/2017\/08\/a2.jpg?resize=350%2C200&ssl=1 1x, https:\/\/i0.wp.com\/webdelmaestrocmf.com\/portal\/wp-content\/uploads\/2017\/08\/a2.jpg?resize=525%2C300&ssl=1 1.5x, https:\/\/i0.wp.com\/webdelmaestrocmf.com\/portal\/wp-content\/uploads\/2017\/08\/a2.jpg?resize=700%2C400&ssl=1 2x, https:\/\/i0.wp.com\/webdelmaestrocmf.com\/portal\/wp-content\/uploads\/2017\/08\/a2.jpg?resize=1050%2C600&ssl=1 3x"},"classes":[]},{"id":43715,"url":"https:\/\/webdelmaestrocmf.com\/portal\/si-usted-no-cree-en-la-necesidad-de-la-formacion-permanente-no-sirve-para-ser-docente-iii-parte\/","url_meta":{"origin":31576,"position":4},"title":"Si usted no cree en la necesidad de la formaci\u00f3n permanente, no sirve para ser docente (III parte)","author":"Web del Maestro CMF","date":"27 enero, 2020","format":false,"excerpt":"El futuro de la educaci\u00f3n y la tarea docente siempre depender\u00e1 del hoy, porque el final siempre es consecuencia del principio. La educaci\u00f3n de ma\u00f1ana depende de lo que hagamos o dejemos de hacer hoy.\u00a0 Como profesores que nos ha tocado vivir el Siglo XXI, no debemos olvidar que \u201cen\u2026","rel":"","context":"En \u00abYo opino - WMCMF\u00bb","block_context":{"text":"Yo opino - WMCMF","link":"https:\/\/webdelmaestrocmf.com\/portal\/category\/jamb\/"},"img":{"alt_text":"","src":"https:\/\/i0.wp.com\/webdelmaestrocmf.com\/portal\/wp-content\/uploads\/2020\/01\/2-25.jpg?resize=350%2C200&ssl=1","width":350,"height":200,"srcset":"https:\/\/i0.wp.com\/webdelmaestrocmf.com\/portal\/wp-content\/uploads\/2020\/01\/2-25.jpg?resize=350%2C200&ssl=1 1x, https:\/\/i0.wp.com\/webdelmaestrocmf.com\/portal\/wp-content\/uploads\/2020\/01\/2-25.jpg?resize=525%2C300&ssl=1 1.5x, https:\/\/i0.wp.com\/webdelmaestrocmf.com\/portal\/wp-content\/uploads\/2020\/01\/2-25.jpg?resize=700%2C400&ssl=1 2x, https:\/\/i0.wp.com\/webdelmaestrocmf.com\/portal\/wp-content\/uploads\/2020\/01\/2-25.jpg?resize=1050%2C600&ssl=1 3x"},"classes":[]},{"id":44319,"url":"https:\/\/webdelmaestrocmf.com\/portal\/si-usted-no-cree-en-la-necesidad-de-la-formacion-permanente-no-sirve-para-ser-docente-parte-final\/","url_meta":{"origin":31576,"position":5},"title":"Si usted no cree en la necesidad de la formaci\u00f3n permanente, no sirve para ser docente (Parte final)","author":"Web del Maestro CMF","date":"15 febrero, 2020","format":false,"excerpt":"Hasta aqu\u00ed hemos visto que \u201clos profesores tenemos que estar atentos a los cambios, porque no somos piezas de museo, sino seres humanos \u2013 con valores y trascendencia- que asumimos ser corresponsables de la generaci\u00f3n, crecimiento y estabilizaci\u00f3n de \u201cuna escuela abierta para todos los alumnos, ya sea que vivan\u2026","rel":"","context":"En \u00abYo opino - WMCMF\u00bb","block_context":{"text":"Yo opino - WMCMF","link":"https:\/\/webdelmaestrocmf.com\/portal\/category\/jamb\/"},"img":{"alt_text":"","src":"https:\/\/i0.wp.com\/webdelmaestrocmf.com\/portal\/wp-content\/uploads\/2020\/02\/1-32.jpg?resize=350%2C200&ssl=1","width":350,"height":200,"srcset":"https:\/\/i0.wp.com\/webdelmaestrocmf.com\/portal\/wp-content\/uploads\/2020\/02\/1-32.jpg?resize=350%2C200&ssl=1 1x, https:\/\/i0.wp.com\/webdelmaestrocmf.com\/portal\/wp-content\/uploads\/2020\/02\/1-32.jpg?resize=525%2C300&ssl=1 1.5x, https:\/\/i0.wp.com\/webdelmaestrocmf.com\/portal\/wp-content\/uploads\/2020\/02\/1-32.jpg?resize=700%2C400&ssl=1 2x, https:\/\/i0.wp.com\/webdelmaestrocmf.com\/portal\/wp-content\/uploads\/2020\/02\/1-32.jpg?resize=1050%2C600&ssl=1 3x"},"classes":[]}],"_links":{"self":[{"href":"https:\/\/webdelmaestrocmf.com\/portal\/wp-json\/wp\/v2\/posts\/31576","targetHints":{"allow":["GET"]}}],"collection":[{"href":"https:\/\/webdelmaestrocmf.com\/portal\/wp-json\/wp\/v2\/posts"}],"about":[{"href":"https:\/\/webdelmaestrocmf.com\/portal\/wp-json\/wp\/v2\/types\/post"}],"author":[{"embeddable":true,"href":"https:\/\/webdelmaestrocmf.com\/portal\/wp-json\/wp\/v2\/users\/2"}],"replies":[{"embeddable":true,"href":"https:\/\/webdelmaestrocmf.com\/portal\/wp-json\/wp\/v2\/comments?post=31576"}],"version-history":[{"count":0,"href":"https:\/\/webdelmaestrocmf.com\/portal\/wp-json\/wp\/v2\/posts\/31576\/revisions"}],"wp:featuredmedia":[{"embeddable":true,"href":"https:\/\/webdelmaestrocmf.com\/portal\/wp-json\/wp\/v2\/media\/43097"}],"wp:attachment":[{"href":"https:\/\/webdelmaestrocmf.com\/portal\/wp-json\/wp\/v2\/media?parent=31576"}],"wp:term":[{"taxonomy":"category","embeddable":true,"href":"https:\/\/webdelmaestrocmf.com\/portal\/wp-json\/wp\/v2\/categories?post=31576"},{"taxonomy":"post_tag","embeddable":true,"href":"https:\/\/webdelmaestrocmf.com\/portal\/wp-json\/wp\/v2\/tags?post=31576"}],"curies":[{"name":"wp","href":"https:\/\/api.w.org\/{rel}","templated":true}]}}