{"id":31343,"date":"2021-10-03T18:30:21","date_gmt":"2021-10-03T21:30:21","guid":{"rendered":"http:\/\/webdelmaestrocmf.com\/portal\/?p=31343"},"modified":"2021-10-03T18:38:18","modified_gmt":"2021-10-03T21:38:18","slug":"la-tarea-docente-es-proclive-a-sufrir-algun-trastorno-de-ansiedad-causas-y-consejos-para-controlarla","status":"publish","type":"post","link":"https:\/\/webdelmaestrocmf.com\/portal\/la-tarea-docente-es-proclive-a-sufrir-algun-trastorno-de-ansiedad-causas-y-consejos-para-controlarla\/","title":{"rendered":"La tarea docente es proclive a sufrir trastornos de ansiedad"},"content":{"rendered":"<h5 style=\"text-align: justify;\">Dicen los expertos que, en m\u00e1s de una ocasi\u00f3n y a muchas personas, el hablar en p\u00fablico, el tener pr\u00f3ximamente una evaluaci\u00f3n o examen, encontrarse frente a inesperadas situaciones sociales, o enfrentarse a un contexto que les resulta amenazante, <strong>enciende ordinariamente una reacci\u00f3n de alerta<\/strong> que activan sus capacidades cognitivas, fisiol\u00f3gicas y conductuales. Las reacciones suelen englobar distintas respuestas emocionales, por lo cual \u201ces fundamental una <strong>preparaci\u00f3n para actuar de acuerdo con la valoraci\u00f3n<\/strong> que hacemos del est\u00edmulo que la produce.<\/h5>\n<p><!--more--><\/p>\n<h5 style=\"text-align: justify;\"><strong>Son reacciones autom\u00e1ticas, inconscientes e involuntarias<\/strong> y, en consecuencia, intentar controlar su aparici\u00f3n es una tarea in\u00fatil. Por eso el Dr. Jos\u00e9 Antonio Garc\u00eda Higuera nos recomienda: <strong>\u201cno se trata de controlar las emociones, sino que ellas no te controlen a ti\u201d<\/strong>. Por ejemplo, si colgando un cuadro nos machacamos un dedo con el martillo, el enfado est\u00e1 asegurado y, muy probablemente lanzaremos algunas palabras en tono alto. Si nos dejamos llevar por el enfado podemos liarnos a martillazos con el cuadro y con la pared. Sin embargo, lo que m\u00e1s nos interesa hacer es, sintiendo el enfado, correr a curar el dedo. Es un ejemplo de que no se trata de evitar el enfado, sino de no dejarnos llevar por \u00e9l. Con otras emociones como la ansiedad, la tristeza, la alegr\u00eda, etc. ocurre lo mismo\u201d.<\/h5>\n<p style=\"text-align: justify;\">Todos los seres humanos estamos expuestos a sentirnos ansiosos, unos m\u00e1s que otros. La ansiedad forma parte de la vida, y es un estado que se caracteriza por una <strong>gran inquietud, una intensa excitaci\u00f3n y una extrema inseguridad<\/strong>. Suele terminar poco tiempo despu\u00e9s de que se salga de la situaci\u00f3n que la provoc\u00f3. <strong>Este tipo de ansiedad es \u00fatil <\/strong>y puede permitirnos estar m\u00e1s alerta o ser m\u00e1s cuidadosos. \u201cLa respuesta que genera la ansiedad en una persona son: <strong>huir o luchar<\/strong>\u201d. \u201cSeg\u00fan estudios realizados por psiquiatras, <strong>cierto grado de ansiedad es bueno,<\/strong> colabora positivamente en <strong>la formaci\u00f3n del car\u00e1cter<\/strong>, permite <strong>ampliar los conocimientos<\/strong> y <strong>reforzar la creatividad<\/strong>, ya que las experiencias que nos hayan marcado nos permiten tener una noci\u00f3n de aquello de lo que debemos protegernos y discernir qu\u00e9 cosas no pueden da\u00f1arnos\u201d. <a href=\"https:\/\/definicion.de\/ansiedad\/\" target=\"_blank\" rel=\"noopener noreferrer\"><strong>DEFINICI\u00d3N DE ANSIEDAD.<\/strong><\/a><\/p>\n<p style=\"text-align: justify;\">Seg\u00fan el Centro de Estudios Especializados en Trastornos de Ansiedad (CEETA), hoy el ejercer la tarea docente est\u00e1 calificada como una de las profesiones en la que, quienes la ejercen, est\u00e1n proclives a sufrir alg\u00fan trastorno de ansiedad. \u201cEsto se debe en parte, a que la tarea docente implica muchas veces estar en contacto con ni\u00f1os o adolescentes en los cuales la falta de l\u00edmites est\u00e1 al orden del d\u00eda. A esto se suma la alta responsabilidad con la que carga la persona, que tiene a su cargo el cuidado y la educaci\u00f3n de menores, la alta carga horaria y los bajos salarios\u201d, sostiene la Licenciada Gabriela Mart\u00ednez Castro.<\/p>\n<p style=\"text-align: justify;\">Aparte de las circunstancias o entornos dif\u00edciles, puede tambi\u00e9n existir que el docente tenga una <strong>predisposici\u00f3n gen\u00e9tica <\/strong>a sufrir alg\u00fan tipo de trastorno de ansiedad, que en determinada situaci\u00f3n o hecho puntual se desencadena <strong>la ansiedad como trastorno<\/strong>. Y que precisar\u00e1 una <strong>ayuda profesional a tiempo<\/strong>. En ambos casos, dicen los expertos, que podr\u00eda dejar consecuencias desde el punto de vista psicol\u00f3gico y\/o biol\u00f3gico, \u201cya que por lo general quien lo sufre teme volver a padecerlo\u201d. Les recomendamos la lectura de este art\u00edculo: <a href=\"https:\/\/www.ceeta.org\/2015\/06\/08\/los-docentes-tienen-una-alta-propension-a-sufrir-trastornos-de-ansiedad\/\" target=\"_blank\" rel=\"noopener noreferrer\"><strong>LOS DOCENTES TIENEN UNA ALTA PROPENSI\u00d3N A SUFRIR TRASTORNOS DE ANSIEDAD.<\/strong><\/a><\/p>\n<p style=\"text-align: justify;\">Sabiendo que la labor docente es una <strong>actividad de alto compromiso humano y social<\/strong>, en cuyas manos est\u00e1 la formaci\u00f3n de los recursos humanos, <strong>germen del futuro de cualquier sociedad<\/strong>. Que su labor va m\u00e1s all\u00e1 de la transmisi\u00f3n de los conocimientos cient\u00edficos, culturales, pol\u00edticos, \u00e9ticos-morales, econ\u00f3micos, religiosos y sociales; y que la raz\u00f3n \u00faltima de su quehacer es lograr que <strong>los estudiantes aprendan a aprender desde una posici\u00f3n cr\u00edtica <\/strong>en la b\u00fasqueda de mayores conocimientos hasta llegar a la verdad. Consideramos que es necesario tener profesores emocionalmente maduros, capaces de desarrollar una educaci\u00f3n que ense\u00f1e a sobrevolar sobre los desaf\u00edos educativos, y active la inteligencia de los estudiantes.<\/p>\n<p style=\"text-align: justify;\">El Portal \u00c1frica Urbano, publica un art\u00edculo en el cual se afirma que existen estudios que revelan que el <strong>mundo de la docencia<\/strong> <strong>existen niveles de estr\u00e9s y angustia elevados<\/strong> que pueden <strong>degenerar en cuadros de ansiedad<\/strong>: trastorno de ansiedad generalizada, crisis de angustia, trastornos obsesivos, o. s\u00edndrome de burn-out\u201d; causado fundamentalmente por los constantes <strong>cambios en las leyes educativas,<\/strong> por las <strong>interferencias en su labor<\/strong> docente, <strong>incertidumbre en sus<\/strong> <strong>funciones<\/strong>, el tener que <strong>multiplicarse dentro del aula<\/strong>, excesivas <strong>cargas administrativas<\/strong>, \u2026 que los lleva a sentirse expuestos a las cr\u00edticas de padres de familia, estudiantes, u otros compa\u00f1eros, generando \u201cun estado de alerta sostenida que les lleva <strong>a momentos de angustia y ansiedad<\/strong>. Se sienten en el punto de mira, juzgados, analizados\u201d. \u00bfLe es familiar este contexto laboral en alguna instituci\u00f3n educativa? \u00bfConoce a alg\u00fan(a) profesor(a) que le ha contado cualquiera de estas condiciones de su entorno laboral? <a href=\"http:\/\/www.africaurbano.com\/2014\/12\/11\/ansiedad-entre-docentes\/\" target=\"_blank\" rel=\"noopener noreferrer\"><strong>ANSIEDAD ENTRE LOS DOCENTES.<\/strong><\/a><\/p>\n<p style=\"text-align: justify;\">Entonces, \u00bfC\u00f3mo no dar importancia a ese saber manejar convenientemente la ansiedad docente? El fil\u00f3sofo griego Plat\u00f3n ya nos adelant\u00f3 que \u201ctodo aprendizaje tiene una base emocional\u201d; y el motor de la vocaci\u00f3n docente es una formaci\u00f3n permanente con una revisi\u00f3n y reflexi\u00f3n emocional madura, que <strong>no est\u00e1 libre de frustraciones, miedos y fracasos<\/strong>.<\/p>\n<p style=\"text-align: justify;\">El profesor necesita ser un experto en manejar correcta y efectivamente sus emociones, como el de la ansiedad; preparado no s\u00f3lo en lo cognitivo, sino con un alto desarrollo emocional y social. La tarea docente obliga \u2013parangonando a Ralph W. Emerson- estar conquistando todos los d\u00edas alg\u00fan miedo.<\/p>\n<p><img loading=\"lazy\" decoding=\"async\" class=\"alignnone size-full wp-image-68784\" src=\"https:\/\/webdelmaestrocmf.com\/portal\/wp-content\/uploads\/2019\/07\/1-131.jpg\" alt=\"\" width=\"711\" height=\"700\" srcset=\"https:\/\/webdelmaestrocmf.com\/portal\/wp-content\/uploads\/2019\/07\/1-131.jpg 711w, https:\/\/webdelmaestrocmf.com\/portal\/wp-content\/uploads\/2019\/07\/1-131-300x295.jpg 300w, https:\/\/webdelmaestrocmf.com\/portal\/wp-content\/uploads\/2019\/07\/1-131-80x80.jpg 80w, https:\/\/webdelmaestrocmf.com\/portal\/wp-content\/uploads\/2019\/07\/1-131-110x108.jpg 110w, https:\/\/webdelmaestrocmf.com\/portal\/wp-content\/uploads\/2019\/07\/1-131-200x197.jpg 200w, https:\/\/webdelmaestrocmf.com\/portal\/wp-content\/uploads\/2019\/07\/1-131-380x374.jpg 380w, https:\/\/webdelmaestrocmf.com\/portal\/wp-content\/uploads\/2019\/07\/1-131-255x251.jpg 255w, https:\/\/webdelmaestrocmf.com\/portal\/wp-content\/uploads\/2019\/07\/1-131-550x541.jpg 550w, https:\/\/webdelmaestrocmf.com\/portal\/wp-content\/uploads\/2019\/07\/1-131-220x217.jpg 220w, https:\/\/webdelmaestrocmf.com\/portal\/wp-content\/uploads\/2019\/07\/1-131-400x394.jpg 400w, https:\/\/webdelmaestrocmf.com\/portal\/wp-content\/uploads\/2019\/07\/1-131-510x502.jpg 510w, https:\/\/webdelmaestrocmf.com\/portal\/wp-content\/uploads\/2019\/07\/1-131-600x591.jpg 600w\" sizes=\"auto, (max-width: 711px) 100vw, 711px\" \/><\/p>\n<p style=\"text-align: justify;\">Muchos consideramos o hemos considerado que las emociones tales como, ansiedad, miedo, arrebato, tristeza\u2026etc. son malas, pero \u00bfes realmente cierto?, \u00bfson malas las emociones negativas? La respuesta es no. <strong>Las emociones, tanto negativas como positivas,<\/strong> son adaptativas ya que nos ayudan a responder de la manera m\u00e1s adecuada ante las situaciones que se nos plantean en la vida. [\u2026] Sin embargo, puede tener lugar un desajuste en cuanto a la frecuencia, la duraci\u00f3n o la intensidad de las mismas. En ese caso estar\u00edamos hablando de emociones perjudiciales. \u00bfPodemos los docentes controlar nuestras emociones negativas?\u201d. La psic\u00f3loga Beatriz M\u00e1rquez, <strong>experta en intervenci\u00f3n en ansiedad <\/strong>y estr\u00e9s nos ofrece algunos consejos:<\/p>\n<ol style=\"text-align: justify;\">\n<li><strong>Es importante que identifiquemos le emoci\u00f3n<\/strong> que estamos sintiendo, el significado de la misma y su funci\u00f3n, tanto en nosotros como en los dem\u00e1s.<\/li>\n<li>Para regular nuestras emociones es importante que nos centremos en <strong>cuidar <\/strong>aspectos relacionados con <strong>la alimentaci\u00f3n, el sue\u00f1o, el ejercicio f\u00edsico, las amistades y el apoyo social<\/strong>.<\/li>\n<li>Es importante que aceptemos las emociones, y nos demos cuenta de que nosotros <strong>no somos la emoci\u00f3n que sentimos<\/strong>, por tanto, no tenemos por qu\u00e9 actuar seg\u00fan dicha emoci\u00f3n. Aceptar la emoci\u00f3n implica que disminuya el miedo a experimentar emociones dolorosas.<\/li>\n<li>Manejar emociones negativas, <strong>actuando de manera opuesta a la emoci\u00f3n que estamos sintiendo<\/strong>. As\u00ed, por ejemplo, ante la verg\u00fcenza, la ansiedad o el miedo actuar\u00edamos con acercamiento, ante la tristeza con la activaci\u00f3n, y ante la ira con la evitaci\u00f3n.<\/li>\n<li>Es importante que construyamos una lista de objetivos vitales y de los pasos a seguir para conseguir dichos objetivos y que <strong>las emociones negativas experimentadas no sean un impedimento<\/strong> para llevar a cabo las acciones que nos acercan a nuestras metas\u201d. <a href=\"https:\/\/definicion.de\/ansiedad\/\" target=\"_blank\" rel=\"noopener noreferrer\"><strong>\u00bfQU\u00c9 SON LAS EMOCIONES?, \u00bfES MALO SENTIR ANSIEDAD, MIEDO, IRA\u2026?, \u00bfPODEMOS CONTROLARLAS?<\/strong><\/a><\/li>\n<\/ol>\n<p style=\"text-align: justify;\">Algunos especialistas especializados en el manejo de la ansiedad de los docentes, nos dicen que la <strong>educaci\u00f3n socioemocional<\/strong>, que debe darse desde la formaci\u00f3n inicial docente, debe incluir <strong>la pr\u00e1ctica del Mindfullnes o Atenci\u00f3n Plena<\/strong>. \u00c9sta \u201cayuda a los profesores a <strong>reducir su estr\u00e9s<\/strong>, les <strong>proporciona estrategias<\/strong> para manejar el aula, <strong>mejora su<\/strong> <strong>autoestima<\/strong>, ayuda a tener una <strong>visi\u00f3n hol\u00edstica del curr\u00edculo<\/strong> <strong>y de los conceptos<\/strong> claves que tienen que ense\u00f1ar a los ni\u00f1os y <strong>disminuye la sensaci\u00f3n de agobio<\/strong> por los contenidos a ense\u00f1ar\u201d (Albrecht, Albrecht y Cohen, 2012).<\/p>\n<p>Art\u00edculo relacionado:<\/p>\n<p><iframe loading=\"lazy\" class=\"wp-embedded-content\" title=\"\u00abLa salud laboral de los docentes y el Mindfulness\u00bb \u2014 Web del Maestro CMF\" src=\"https:\/\/webdelmaestrocmf.com\/portal\/la-salud-laboral-de-los-docentes-y-el-mindfullness\/embed\/\" width=\"100%\" height=\"100\" frameborder=\"0\" marginwidth=\"0\" marginheight=\"0\" scrolling=\"no\" sandbox=\"allow-scripts\"><span data-mce-type=\"bookmark\" style=\"display: inline-block; width: 0px; overflow: hidden; line-height: 0;\" class=\"mce_SELRES_start\">\ufeff<\/span><\/iframe><\/p>\n<p style=\"text-align: justify;\">En el especializado portal de Mindful Science, se nos dice que <strong>todos podemos recuperar el equilibrio y vivir de forma m\u00e1s cordial, humana, afectuosa,<\/strong> \u2026 (incluidos los profesores) ante las situaciones de ansiedad. Por estas razones compartimos, por motivos \u00fanicamente educativos \u2013 pastorales, este video, en que su director Jorge Benito, autor del libro <em>Educar para Sanar<\/em>, nos ofrece algunas orientaciones, esperando tengamos el tiempo de visualizarlo, y quiz\u00e1 socializarlo, para optimizar nuestra madurez emocional y nuestra tarea docente.<\/p>\n<p><strong>4 SENCILLOS CONSEJOS PARA REDUCIR TU ANSIEDAD<\/strong><\/p>\n<p><iframe loading=\"lazy\" style=\"border: none; overflow: hidden;\" src=\"https:\/\/www.facebook.com\/plugins\/video.php?href=https%3A%2F%2Fwww.facebook.com%2Fmindfulsciencees%2Fvideos%2F403797213358836%2F&amp;show_text=0&amp;width=560\" width=\"100%\" height=\"400\" frameborder=\"0\" scrolling=\"no\" allowfullscreen=\"allowfullscreen\"><span data-mce-type=\"bookmark\" style=\"display: inline-block; width: 0px; overflow: hidden; line-height: 0;\" class=\"mce_SELRES_start\">\ufeff<\/span><span data-mce-type=\"bookmark\" style=\"display: inline-block; width: 0px; overflow: hidden; line-height: 0;\" class=\"mce_SELRES_start\">\ufeff<\/span><\/iframe><\/p>\n<p style=\"text-align: justify;\">Sobre este tema, el Instituto de Bienestar y Desarrollo Personal (IBYDAL), nos dice que la <strong>pr\u00e1ctica regular de Mindfulness \u201c<\/strong>proporciona a los docentes estrategias para gestionar situaciones problem\u00e1ticas y tiene <strong>efectos positivos <\/strong>sobre su <strong>salud mental<\/strong>, su <strong>calidad de vida<\/strong> y su <strong>bienestar<\/strong>. Repercutiendo todo ello en su labor docente y en la mejora de las relaciones con sus estudiantes y compa\u00f1eros, lo que abona un entorno educativo \u00f3ptimo para el aprendizaje\u201d. <a href=\"https:\/\/www.ibydal.com\/educaci%C3%B3n\/mindfulness-para-docentes\/\" target=\"_blank\" rel=\"noopener noreferrer\"><strong>MINDFULNESS PARA DOCENTES.<\/strong><\/a><\/p>\n<p style=\"text-align: justify;\">Despu\u00e9s de estas consideraciones sobre <strong>c\u00f3mo gestionar la ansiedad en los docentes<\/strong>, creemos que todos estamos llamados a conocer, estudiar, reflexionar y prevenir la aparici\u00f3n y consecuencias de esta emoci\u00f3n. Debemos ser conscientes que si bien algunos(as) tienen una enorme <strong>capacidad para adaptarse positivamente a situaciones adversas<\/strong>, para lo cual no todos hemos recibido la misma formaci\u00f3n inicial docente y ni tenemos las habilidades para <strong>recuperarnos frente a la adversidad; <\/strong>se hace necesario y saludable el lograr corregir deficiencias de la formaci\u00f3n inicial, mejorar la formaci\u00f3n permanente, consolidar una s\u00f3lida autoestima, desarrollar un esp\u00edritu creativo y cr\u00edtico, revalorizar la tarea docente y disponer profesores emocionalmente expertos y competentes.<\/p>\n<p style=\"text-align: justify;\">\u201cLa tarea docente requiere de <strong>gran dedicaci\u00f3n y esfuerzo <\/strong>por parte de quien la ejerce\u201d, por lo cual sus <strong>actitudes<\/strong> sus <strong>emociones, perspectivas, y expectativas<\/strong> \u201cse integran al proceso de ense\u00f1anza brindando un car\u00e1cter particular a la <strong>experiencia \u00e1ulica<\/strong>, donde <strong>el estudiante no recibir\u00e1 tan s\u00f3lo los contenidos<\/strong>, ya que el proceso comunicacional integra factores que van m\u00e1s all\u00e1 del desarrollo de los saberes y se comprende la presencia de valores y actitudes que acompa\u00f1an a los mismos\u201d. Consideramos que es muy importante que todos los profesores <strong>estemos prevenidos acerca de la ansiedad<\/strong> que, como emoci\u00f3n, podr\u00eda sobrevenir frente a la gran responsabilidad, dedicaci\u00f3n y esfuerzo que nos exige <strong>esta labor que solo es posible realizarla con aut\u00e9ntica vocaci\u00f3n<\/strong>.<\/p>\n<p>Articulo relacionado:<\/p>\n<p><iframe loading=\"lazy\" class=\"wp-embedded-content\" title=\"\u00ab15 consejos para prevenir el estr\u00e9s de la vida docente\u00bb \u2014 Web del Maestro CMF\" src=\"https:\/\/webdelmaestrocmf.com\/portal\/15-consejos-prevenir-estres-la-vida-docente\/embed\/\" width=\"100%\" height=\"100\" frameborder=\"0\" marginwidth=\"0\" marginheight=\"0\" scrolling=\"no\" sandbox=\"allow-scripts\"><span data-mce-type=\"bookmark\" style=\"display: inline-block; width: 0px; overflow: hidden; line-height: 0;\" class=\"mce_SELRES_start\">\ufeff<\/span><\/iframe><\/p>\n<p style=\"text-align: center;\"><em>\u201cDominar el mundo emocional es especialmente dif\u00edcil porque estas habilidades deben ejercitarse en aquellos momentos en que las personas se encuentran en peores condiciones para asimilar informaci\u00f3n y aprender h\u00e1bitos de respuesta nuevos, es decir, cuando tienen problemas\u201d<\/em> (Daniel Goleman).<\/p>\n<p style=\"text-align: right;\"><strong>REDACCI\u00d3N WEB DEL MAESTRO CMF<\/strong><\/p>\n\t\t<div class=\"pk-inline-posts\">\n\t\t\t\n\t\t\t<div class=\"pk-inline-posts-container pk-inline-posts-template-list\"\n\t\t\t\tdata-columns=\"1\">\n\t\t\t\t\t\t<article id=\"post-17756\" class=\"post-17756 post type-post status-publish format-standard has-post-thumbnail category-jamb tag-dia tag-dia-del-trabajo tag-jorge-bergoglio tag-maestros tag-trabajo cs-entry cs-video-wrap\">\n\t\t\t<div class=\"pk-post-outer\">\n\n\t\t\t\t\t\t\t\t<div class=\"pk-post-inner\">\n\t\t\t\t\t<div class=\"entry-thumbnail\">\n\t\t\t\t\t\t<div class=\"pk-overlay pk-overlay-ratio pk-ratio-landscape\">\n\t\t\t\t\t\t\t<div class=\"pk-overlay-background\">\n\t\t\t\t\t\t\t\t<a href=\"https:\/\/webdelmaestrocmf.com\/portal\/dia-del-trabajo-maestros-gracias-lo-hacen\/\" class=\"pk-overlay-link\">\n\t\t\t\t\t\t\t\t\t<img loading=\"lazy\" decoding=\"async\" width=\"300\" height=\"225\" src=\"https:\/\/webdelmaestrocmf.com\/portal\/wp-content\/uploads\/2023\/05\/Banner-1-portada-imagen-10-1-55-300x225.jpg\" class=\"attachment-pk-thumbnail size-pk-thumbnail wp-post-image\" alt=\"d\u00eda del trabajo\" \/>\t\t\t\t\t\t\t\t<\/a>\n\t\t\t\t\t\t\t<\/div>\n\t\t\t\t\t\t<\/div>\n\t\t\t\t\t<\/div>\n\t\t\t\t<\/div>\n\t\t\t\t\n\t\t\t\t<div class=\"pk-post-inner\">\n\t\t\t\t\t<header>\n\t\t\t\t\t\t<h3 class=\"pk-title\"><a href=\"https:\/\/webdelmaestrocmf.com\/portal\/dia-del-trabajo-maestros-gracias-lo-hacen\/\" rel=\"bookmark\">D\u00eda Internacional de los Trabajadores: Maestros, \u00a1gracias por lo que hacen!<\/a><\/h3>\t\t\t\t\t<\/header><!-- .entry-header -->\n\t\t\t\t<\/div><!-- .post-inner -->\n\n\t\t\t<\/div><!-- .post-outer -->\n\t\t<\/article>\n\t\t\t\t<\/div>\n\t\t<\/div>\n\t\t\n","protected":false},"excerpt":{"rendered":"Dicen los expertos que, en m\u00e1s de una ocasi\u00f3n y a muchas personas, el hablar en p\u00fablico, el&hellip;","protected":false},"author":2,"featured_media":68787,"comment_status":"open","ping_status":"closed","sticky":false,"template":"","format":"standard","meta":{"csco_display_header_overlay":false,"csco_singular_sidebar":"default","csco_page_header_type":"default","csco_page_load_nextpost":"default","csco_post_video_location":[],"csco_post_video_location_hash":"","csco_post_video_url":"","csco_post_video_bg_start_time":0,"csco_post_video_bg_end_time":0,"csco_post_video_bg_volume":false,"_jetpack_memberships_contains_paid_content":false,"footnotes":""},"categories":[61],"tags":[3471,3601,3815,52,399,682,387,2499],"class_list":{"0":"post-31343","1":"post","2":"type-post","3":"status-publish","4":"format-standard","5":"has-post-thumbnail","7":"category-jamb","8":"tag-ansiedad","9":"tag-atencion-plena","10":"tag-conciencia-plena","11":"tag-docente","12":"tag-emocional","13":"tag-estres","14":"tag-inteligencia","15":"tag-mindfulness","16":"cs-entry","17":"cs-video-wrap"},"yoast_head":"<!-- This site is optimized with the Yoast SEO plugin v27.5 - https:\/\/yoast.com\/product\/yoast-seo-wordpress\/ -->\n<title>La tarea docente es proclive a sufrir trastornos de ansiedad - 2026<\/title>\n<meta name=\"description\" content=\"Dicen los expertos que, en m\u00e1s de una ocasi\u00f3n y a muchas personas, el hablar en p\u00fablico, el tener por pr\u00f3ximamente una evaluaci\u00f3n o examen...\" \/>\n<meta name=\"robots\" content=\"index, follow, max-snippet:-1, max-image-preview:large, max-video-preview:-1\" \/>\n<link rel=\"canonical\" href=\"https:\/\/webdelmaestrocmf.com\/portal\/la-tarea-docente-es-proclive-a-sufrir-algun-trastorno-de-ansiedad-causas-y-consejos-para-controlarla\/\" \/>\n<meta property=\"og:locale\" content=\"es_ES\" \/>\n<meta property=\"og:type\" content=\"article\" \/>\n<meta property=\"og:title\" content=\"La tarea docente es proclive a sufrir trastornos de ansiedad - 2026\" \/>\n<meta property=\"og:description\" content=\"Dicen los expertos que, en m\u00e1s de una ocasi\u00f3n y a muchas personas, el hablar en p\u00fablico, el tener por pr\u00f3ximamente una evaluaci\u00f3n o examen...\" \/>\n<meta property=\"og:url\" content=\"https:\/\/webdelmaestrocmf.com\/portal\/la-tarea-docente-es-proclive-a-sufrir-algun-trastorno-de-ansiedad-causas-y-consejos-para-controlarla\/\" \/>\n<meta property=\"og:site_name\" content=\"Web del Maestro CMF\" \/>\n<meta property=\"article:publisher\" content=\"https:\/\/www.facebook.com\/WebdelMaestroCMF\/\" \/>\n<meta property=\"article:author\" content=\"https:\/\/www.facebook.com\/WebdelMaestroCMF\/\" \/>\n<meta property=\"article:published_time\" content=\"2021-10-03T21:30:21+00:00\" \/>\n<meta property=\"article:modified_time\" content=\"2021-10-03T21:38:18+00:00\" \/>\n<meta property=\"og:image\" content=\"https:\/\/i0.wp.com\/webdelmaestrocmf.com\/portal\/wp-content\/uploads\/2021\/10\/1-19.jpg?fit=1100%2C680&ssl=1\" \/>\n\t<meta property=\"og:image:width\" content=\"1100\" \/>\n\t<meta property=\"og:image:height\" content=\"680\" \/>\n\t<meta property=\"og:image:type\" content=\"image\/jpeg\" \/>\n<meta name=\"author\" content=\"Web del Maestro CMF\" \/>\n<meta name=\"twitter:card\" content=\"summary_large_image\" \/>\n<meta name=\"twitter:creator\" content=\"@cmf_w\" \/>\n<meta name=\"twitter:site\" content=\"@cmf_w\" \/>\n<script type=\"application\/ld+json\" class=\"yoast-schema-graph\">{\"@context\":\"https:\\\/\\\/schema.org\",\"@graph\":[{\"@type\":\"ScholarlyArticle\",\"@id\":\"https:\\\/\\\/webdelmaestrocmf.com\\\/portal\\\/la-tarea-docente-es-proclive-a-sufrir-algun-trastorno-de-ansiedad-causas-y-consejos-para-controlarla\\\/#article\",\"isPartOf\":{\"@id\":\"https:\\\/\\\/webdelmaestrocmf.com\\\/portal\\\/la-tarea-docente-es-proclive-a-sufrir-algun-trastorno-de-ansiedad-causas-y-consejos-para-controlarla\\\/\"},\"author\":{\"name\":\"Web del Maestro CMF\",\"@id\":\"https:\\\/\\\/webdelmaestrocmf.com\\\/portal\\\/#\\\/schema\\\/person\\\/ebc57e23d318c9c4270c6f41367015b5\"},\"headline\":\"La tarea docente es proclive a sufrir trastornos de ansiedad\",\"datePublished\":\"2021-10-03T21:30:21+00:00\",\"dateModified\":\"2021-10-03T21:38:18+00:00\",\"mainEntityOfPage\":{\"@id\":\"https:\\\/\\\/webdelmaestrocmf.com\\\/portal\\\/la-tarea-docente-es-proclive-a-sufrir-algun-trastorno-de-ansiedad-causas-y-consejos-para-controlarla\\\/\"},\"wordCount\":1895,\"commentCount\":0,\"publisher\":{\"@id\":\"https:\\\/\\\/webdelmaestrocmf.com\\\/portal\\\/#organization\"},\"image\":{\"@id\":\"https:\\\/\\\/webdelmaestrocmf.com\\\/portal\\\/la-tarea-docente-es-proclive-a-sufrir-algun-trastorno-de-ansiedad-causas-y-consejos-para-controlarla\\\/#primaryimage\"},\"thumbnailUrl\":\"https:\\\/\\\/webdelmaestrocmf.com\\\/portal\\\/wp-content\\\/uploads\\\/2021\\\/10\\\/1-19.jpg\",\"keywords\":[\"ANSIEDAD\",\"ATENCI\u00d3N PLENA\",\"CONCIENCIA PLENA\",\"DOCENTE\",\"EMOCIONAL\",\"ESTR\u00c9S\",\"INTELIGENCIA\",\"MINDFULNESS\"],\"articleSection\":[\"Yo opino - WMCMF\"],\"inLanguage\":\"es\",\"potentialAction\":[{\"@type\":\"CommentAction\",\"name\":\"Comment\",\"target\":[\"https:\\\/\\\/webdelmaestrocmf.com\\\/portal\\\/la-tarea-docente-es-proclive-a-sufrir-algun-trastorno-de-ansiedad-causas-y-consejos-para-controlarla\\\/#respond\"]}]},{\"@type\":\"WebPage\",\"@id\":\"https:\\\/\\\/webdelmaestrocmf.com\\\/portal\\\/la-tarea-docente-es-proclive-a-sufrir-algun-trastorno-de-ansiedad-causas-y-consejos-para-controlarla\\\/\",\"url\":\"https:\\\/\\\/webdelmaestrocmf.com\\\/portal\\\/la-tarea-docente-es-proclive-a-sufrir-algun-trastorno-de-ansiedad-causas-y-consejos-para-controlarla\\\/\",\"name\":\"La tarea docente es proclive a sufrir trastornos de ansiedad - 2026\",\"isPartOf\":{\"@id\":\"https:\\\/\\\/webdelmaestrocmf.com\\\/portal\\\/#website\"},\"primaryImageOfPage\":{\"@id\":\"https:\\\/\\\/webdelmaestrocmf.com\\\/portal\\\/la-tarea-docente-es-proclive-a-sufrir-algun-trastorno-de-ansiedad-causas-y-consejos-para-controlarla\\\/#primaryimage\"},\"image\":{\"@id\":\"https:\\\/\\\/webdelmaestrocmf.com\\\/portal\\\/la-tarea-docente-es-proclive-a-sufrir-algun-trastorno-de-ansiedad-causas-y-consejos-para-controlarla\\\/#primaryimage\"},\"thumbnailUrl\":\"https:\\\/\\\/webdelmaestrocmf.com\\\/portal\\\/wp-content\\\/uploads\\\/2021\\\/10\\\/1-19.jpg\",\"datePublished\":\"2021-10-03T21:30:21+00:00\",\"dateModified\":\"2021-10-03T21:38:18+00:00\",\"description\":\"Dicen los expertos que, en m\u00e1s de una ocasi\u00f3n y a muchas personas, el hablar en p\u00fablico, el tener por pr\u00f3ximamente una evaluaci\u00f3n o examen...\",\"breadcrumb\":{\"@id\":\"https:\\\/\\\/webdelmaestrocmf.com\\\/portal\\\/la-tarea-docente-es-proclive-a-sufrir-algun-trastorno-de-ansiedad-causas-y-consejos-para-controlarla\\\/#breadcrumb\"},\"inLanguage\":\"es\",\"potentialAction\":[{\"@type\":\"ReadAction\",\"target\":[\"https:\\\/\\\/webdelmaestrocmf.com\\\/portal\\\/la-tarea-docente-es-proclive-a-sufrir-algun-trastorno-de-ansiedad-causas-y-consejos-para-controlarla\\\/\"]}]},{\"@type\":\"ImageObject\",\"inLanguage\":\"es\",\"@id\":\"https:\\\/\\\/webdelmaestrocmf.com\\\/portal\\\/la-tarea-docente-es-proclive-a-sufrir-algun-trastorno-de-ansiedad-causas-y-consejos-para-controlarla\\\/#primaryimage\",\"url\":\"https:\\\/\\\/webdelmaestrocmf.com\\\/portal\\\/wp-content\\\/uploads\\\/2021\\\/10\\\/1-19.jpg\",\"contentUrl\":\"https:\\\/\\\/webdelmaestrocmf.com\\\/portal\\\/wp-content\\\/uploads\\\/2021\\\/10\\\/1-19.jpg\",\"width\":1100,\"height\":680},{\"@type\":\"BreadcrumbList\",\"@id\":\"https:\\\/\\\/webdelmaestrocmf.com\\\/portal\\\/la-tarea-docente-es-proclive-a-sufrir-algun-trastorno-de-ansiedad-causas-y-consejos-para-controlarla\\\/#breadcrumb\",\"itemListElement\":[{\"@type\":\"ListItem\",\"position\":1,\"name\":\"Portada\",\"item\":\"https:\\\/\\\/webdelmaestrocmf.com\\\/portal\\\/\"},{\"@type\":\"ListItem\",\"position\":2,\"name\":\"Yo opino - WMCMF\",\"item\":\"https:\\\/\\\/webdelmaestrocmf.com\\\/portal\\\/category\\\/jamb\\\/\"},{\"@type\":\"ListItem\",\"position\":3,\"name\":\"La tarea docente es proclive a sufrir trastornos de ansiedad\"}]},{\"@type\":\"WebSite\",\"@id\":\"https:\\\/\\\/webdelmaestrocmf.com\\\/portal\\\/#website\",\"url\":\"https:\\\/\\\/webdelmaestrocmf.com\\\/portal\\\/\",\"name\":\"Web del Maestro CMF\",\"description\":\"Maestros al servicio de la educaci\u00f3n\",\"publisher\":{\"@id\":\"https:\\\/\\\/webdelmaestrocmf.com\\\/portal\\\/#organization\"},\"alternateName\":\"WMCMF\",\"potentialAction\":[{\"@type\":\"SearchAction\",\"target\":{\"@type\":\"EntryPoint\",\"urlTemplate\":\"https:\\\/\\\/webdelmaestrocmf.com\\\/portal\\\/?s={search_term_string}\"},\"query-input\":{\"@type\":\"PropertyValueSpecification\",\"valueRequired\":true,\"valueName\":\"search_term_string\"}}],\"inLanguage\":\"es\"},{\"@type\":\"Organization\",\"@id\":\"https:\\\/\\\/webdelmaestrocmf.com\\\/portal\\\/#organization\",\"name\":\"Web del Maestro CMF\",\"alternateName\":\"WMCMF\",\"url\":\"https:\\\/\\\/webdelmaestrocmf.com\\\/portal\\\/\",\"logo\":{\"@type\":\"ImageObject\",\"inLanguage\":\"es\",\"@id\":\"https:\\\/\\\/webdelmaestrocmf.com\\\/portal\\\/#\\\/schema\\\/logo\\\/image\\\/\",\"url\":\"https:\\\/\\\/webdelmaestrocmf.com\\\/portal\\\/wp-content\\\/uploads\\\/2023\\\/01\\\/logo-wmcmf-2.png\",\"contentUrl\":\"https:\\\/\\\/webdelmaestrocmf.com\\\/portal\\\/wp-content\\\/uploads\\\/2023\\\/01\\\/logo-wmcmf-2.png\",\"width\":200,\"height\":60,\"caption\":\"Web del Maestro CMF\"},\"image\":{\"@id\":\"https:\\\/\\\/webdelmaestrocmf.com\\\/portal\\\/#\\\/schema\\\/logo\\\/image\\\/\"},\"sameAs\":[\"https:\\\/\\\/www.facebook.com\\\/WebdelMaestroCMF\\\/\",\"https:\\\/\\\/x.com\\\/cmf_w\",\"https:\\\/\\\/www.pinterest.com\\\/WMCMF\\\/\",\"https:\\\/\\\/www.linkedin.com\\\/company\\\/web-del-maestro-cmf\\\/\",\"https:\\\/\\\/www.instagram.com\\\/wmcmf\\\/\",\"https:\\\/\\\/www.youtube.com\\\/channel\\\/UCDPSvjbdodE5sHnC3OxutHw\",\"https:\\\/\\\/mastodon.social\\\/@wmcmf\",\"https:\\\/\\\/www.tiktok.com\\\/@webdelmaestrocmf\"]},{\"@type\":\"Person\",\"@id\":\"https:\\\/\\\/webdelmaestrocmf.com\\\/portal\\\/#\\\/schema\\\/person\\\/ebc57e23d318c9c4270c6f41367015b5\",\"name\":\"Web del Maestro CMF\",\"image\":{\"@type\":\"ImageObject\",\"inLanguage\":\"es\",\"@id\":\"https:\\\/\\\/secure.gravatar.com\\\/avatar\\\/718b2df46e711f63dc8c16a160d16cc0104e961fe3c231eaaed2426975fc5e2d?s=96&d=mm&r=g\",\"url\":\"https:\\\/\\\/secure.gravatar.com\\\/avatar\\\/718b2df46e711f63dc8c16a160d16cc0104e961fe3c231eaaed2426975fc5e2d?s=96&d=mm&r=g\",\"contentUrl\":\"https:\\\/\\\/secure.gravatar.com\\\/avatar\\\/718b2df46e711f63dc8c16a160d16cc0104e961fe3c231eaaed2426975fc5e2d?s=96&d=mm&r=g\",\"caption\":\"Web del Maestro CMF\"},\"description\":\"Esta Web se cre\u00f3 sin fines de lucro, con fines educativos, cient\u00edficos y acad\u00e9micos, para personas que tengan dificultades y\\\/o inconvenientes en visualizar el material original. El objetivo es entregar recursos, compartir experiencias y materiales que ayuden a los padres de familia, maestros y estudiantes en su actualizaci\u00f3n y formaci\u00f3n permanente, en bien de la Educaci\u00f3n.\",\"sameAs\":[\"http:\\\/\\\/webdelmaestrocmf.com\\\/portal\",\"https:\\\/\\\/www.facebook.com\\\/WebdelMaestroCMF\\\/\",\"https:\\\/\\\/www.instagram.com\\\/wmcmf\\\/\",\"https:\\\/\\\/cl.linkedin.com\\\/company\\\/web-del-maestro-cmf\",\"https:\\\/\\\/www.pinterest.com\\\/WMCMF\\\/publicaciones\\\/\",\"https:\\\/\\\/x.com\\\/cmf_w\",\"https:\\\/\\\/www.youtube.com\\\/@WMCMF\"]}]}<\/script>\n<!-- \/ Yoast SEO plugin. -->","yoast_head_json":{"title":"La tarea docente es proclive a sufrir trastornos de ansiedad - 2026","description":"Dicen los expertos que, en m\u00e1s de una ocasi\u00f3n y a muchas personas, el hablar en p\u00fablico, el tener por pr\u00f3ximamente una evaluaci\u00f3n o examen...","robots":{"index":"index","follow":"follow","max-snippet":"max-snippet:-1","max-image-preview":"max-image-preview:large","max-video-preview":"max-video-preview:-1"},"canonical":"https:\/\/webdelmaestrocmf.com\/portal\/la-tarea-docente-es-proclive-a-sufrir-algun-trastorno-de-ansiedad-causas-y-consejos-para-controlarla\/","og_locale":"es_ES","og_type":"article","og_title":"La tarea docente es proclive a sufrir trastornos de ansiedad - 2026","og_description":"Dicen los expertos que, en m\u00e1s de una ocasi\u00f3n y a muchas personas, el hablar en p\u00fablico, el tener por pr\u00f3ximamente una evaluaci\u00f3n o examen...","og_url":"https:\/\/webdelmaestrocmf.com\/portal\/la-tarea-docente-es-proclive-a-sufrir-algun-trastorno-de-ansiedad-causas-y-consejos-para-controlarla\/","og_site_name":"Web del Maestro CMF","article_publisher":"https:\/\/www.facebook.com\/WebdelMaestroCMF\/","article_author":"https:\/\/www.facebook.com\/WebdelMaestroCMF\/","article_published_time":"2021-10-03T21:30:21+00:00","article_modified_time":"2021-10-03T21:38:18+00:00","og_image":[{"width":1100,"height":680,"url":"https:\/\/i0.wp.com\/webdelmaestrocmf.com\/portal\/wp-content\/uploads\/2021\/10\/1-19.jpg?fit=1100%2C680&ssl=1","type":"image\/jpeg"}],"author":"Web del Maestro CMF","twitter_card":"summary_large_image","twitter_creator":"@cmf_w","twitter_site":"@cmf_w","schema":{"@context":"https:\/\/schema.org","@graph":[{"@type":"ScholarlyArticle","@id":"https:\/\/webdelmaestrocmf.com\/portal\/la-tarea-docente-es-proclive-a-sufrir-algun-trastorno-de-ansiedad-causas-y-consejos-para-controlarla\/#article","isPartOf":{"@id":"https:\/\/webdelmaestrocmf.com\/portal\/la-tarea-docente-es-proclive-a-sufrir-algun-trastorno-de-ansiedad-causas-y-consejos-para-controlarla\/"},"author":{"name":"Web del Maestro CMF","@id":"https:\/\/webdelmaestrocmf.com\/portal\/#\/schema\/person\/ebc57e23d318c9c4270c6f41367015b5"},"headline":"La tarea docente es proclive a sufrir trastornos de ansiedad","datePublished":"2021-10-03T21:30:21+00:00","dateModified":"2021-10-03T21:38:18+00:00","mainEntityOfPage":{"@id":"https:\/\/webdelmaestrocmf.com\/portal\/la-tarea-docente-es-proclive-a-sufrir-algun-trastorno-de-ansiedad-causas-y-consejos-para-controlarla\/"},"wordCount":1895,"commentCount":0,"publisher":{"@id":"https:\/\/webdelmaestrocmf.com\/portal\/#organization"},"image":{"@id":"https:\/\/webdelmaestrocmf.com\/portal\/la-tarea-docente-es-proclive-a-sufrir-algun-trastorno-de-ansiedad-causas-y-consejos-para-controlarla\/#primaryimage"},"thumbnailUrl":"https:\/\/webdelmaestrocmf.com\/portal\/wp-content\/uploads\/2021\/10\/1-19.jpg","keywords":["ANSIEDAD","ATENCI\u00d3N PLENA","CONCIENCIA PLENA","DOCENTE","EMOCIONAL","ESTR\u00c9S","INTELIGENCIA","MINDFULNESS"],"articleSection":["Yo opino - WMCMF"],"inLanguage":"es","potentialAction":[{"@type":"CommentAction","name":"Comment","target":["https:\/\/webdelmaestrocmf.com\/portal\/la-tarea-docente-es-proclive-a-sufrir-algun-trastorno-de-ansiedad-causas-y-consejos-para-controlarla\/#respond"]}]},{"@type":"WebPage","@id":"https:\/\/webdelmaestrocmf.com\/portal\/la-tarea-docente-es-proclive-a-sufrir-algun-trastorno-de-ansiedad-causas-y-consejos-para-controlarla\/","url":"https:\/\/webdelmaestrocmf.com\/portal\/la-tarea-docente-es-proclive-a-sufrir-algun-trastorno-de-ansiedad-causas-y-consejos-para-controlarla\/","name":"La tarea docente es proclive a sufrir trastornos de ansiedad - 2026","isPartOf":{"@id":"https:\/\/webdelmaestrocmf.com\/portal\/#website"},"primaryImageOfPage":{"@id":"https:\/\/webdelmaestrocmf.com\/portal\/la-tarea-docente-es-proclive-a-sufrir-algun-trastorno-de-ansiedad-causas-y-consejos-para-controlarla\/#primaryimage"},"image":{"@id":"https:\/\/webdelmaestrocmf.com\/portal\/la-tarea-docente-es-proclive-a-sufrir-algun-trastorno-de-ansiedad-causas-y-consejos-para-controlarla\/#primaryimage"},"thumbnailUrl":"https:\/\/webdelmaestrocmf.com\/portal\/wp-content\/uploads\/2021\/10\/1-19.jpg","datePublished":"2021-10-03T21:30:21+00:00","dateModified":"2021-10-03T21:38:18+00:00","description":"Dicen los expertos que, en m\u00e1s de una ocasi\u00f3n y a muchas personas, el hablar en p\u00fablico, el tener por pr\u00f3ximamente una evaluaci\u00f3n o examen...","breadcrumb":{"@id":"https:\/\/webdelmaestrocmf.com\/portal\/la-tarea-docente-es-proclive-a-sufrir-algun-trastorno-de-ansiedad-causas-y-consejos-para-controlarla\/#breadcrumb"},"inLanguage":"es","potentialAction":[{"@type":"ReadAction","target":["https:\/\/webdelmaestrocmf.com\/portal\/la-tarea-docente-es-proclive-a-sufrir-algun-trastorno-de-ansiedad-causas-y-consejos-para-controlarla\/"]}]},{"@type":"ImageObject","inLanguage":"es","@id":"https:\/\/webdelmaestrocmf.com\/portal\/la-tarea-docente-es-proclive-a-sufrir-algun-trastorno-de-ansiedad-causas-y-consejos-para-controlarla\/#primaryimage","url":"https:\/\/webdelmaestrocmf.com\/portal\/wp-content\/uploads\/2021\/10\/1-19.jpg","contentUrl":"https:\/\/webdelmaestrocmf.com\/portal\/wp-content\/uploads\/2021\/10\/1-19.jpg","width":1100,"height":680},{"@type":"BreadcrumbList","@id":"https:\/\/webdelmaestrocmf.com\/portal\/la-tarea-docente-es-proclive-a-sufrir-algun-trastorno-de-ansiedad-causas-y-consejos-para-controlarla\/#breadcrumb","itemListElement":[{"@type":"ListItem","position":1,"name":"Portada","item":"https:\/\/webdelmaestrocmf.com\/portal\/"},{"@type":"ListItem","position":2,"name":"Yo opino - WMCMF","item":"https:\/\/webdelmaestrocmf.com\/portal\/category\/jamb\/"},{"@type":"ListItem","position":3,"name":"La tarea docente es proclive a sufrir trastornos de ansiedad"}]},{"@type":"WebSite","@id":"https:\/\/webdelmaestrocmf.com\/portal\/#website","url":"https:\/\/webdelmaestrocmf.com\/portal\/","name":"Web del Maestro CMF","description":"Maestros al servicio de la educaci\u00f3n","publisher":{"@id":"https:\/\/webdelmaestrocmf.com\/portal\/#organization"},"alternateName":"WMCMF","potentialAction":[{"@type":"SearchAction","target":{"@type":"EntryPoint","urlTemplate":"https:\/\/webdelmaestrocmf.com\/portal\/?s={search_term_string}"},"query-input":{"@type":"PropertyValueSpecification","valueRequired":true,"valueName":"search_term_string"}}],"inLanguage":"es"},{"@type":"Organization","@id":"https:\/\/webdelmaestrocmf.com\/portal\/#organization","name":"Web del Maestro CMF","alternateName":"WMCMF","url":"https:\/\/webdelmaestrocmf.com\/portal\/","logo":{"@type":"ImageObject","inLanguage":"es","@id":"https:\/\/webdelmaestrocmf.com\/portal\/#\/schema\/logo\/image\/","url":"https:\/\/webdelmaestrocmf.com\/portal\/wp-content\/uploads\/2023\/01\/logo-wmcmf-2.png","contentUrl":"https:\/\/webdelmaestrocmf.com\/portal\/wp-content\/uploads\/2023\/01\/logo-wmcmf-2.png","width":200,"height":60,"caption":"Web del Maestro CMF"},"image":{"@id":"https:\/\/webdelmaestrocmf.com\/portal\/#\/schema\/logo\/image\/"},"sameAs":["https:\/\/www.facebook.com\/WebdelMaestroCMF\/","https:\/\/x.com\/cmf_w","https:\/\/www.pinterest.com\/WMCMF\/","https:\/\/www.linkedin.com\/company\/web-del-maestro-cmf\/","https:\/\/www.instagram.com\/wmcmf\/","https:\/\/www.youtube.com\/channel\/UCDPSvjbdodE5sHnC3OxutHw","https:\/\/mastodon.social\/@wmcmf","https:\/\/www.tiktok.com\/@webdelmaestrocmf"]},{"@type":"Person","@id":"https:\/\/webdelmaestrocmf.com\/portal\/#\/schema\/person\/ebc57e23d318c9c4270c6f41367015b5","name":"Web del Maestro CMF","image":{"@type":"ImageObject","inLanguage":"es","@id":"https:\/\/secure.gravatar.com\/avatar\/718b2df46e711f63dc8c16a160d16cc0104e961fe3c231eaaed2426975fc5e2d?s=96&d=mm&r=g","url":"https:\/\/secure.gravatar.com\/avatar\/718b2df46e711f63dc8c16a160d16cc0104e961fe3c231eaaed2426975fc5e2d?s=96&d=mm&r=g","contentUrl":"https:\/\/secure.gravatar.com\/avatar\/718b2df46e711f63dc8c16a160d16cc0104e961fe3c231eaaed2426975fc5e2d?s=96&d=mm&r=g","caption":"Web del Maestro CMF"},"description":"Esta Web se cre\u00f3 sin fines de lucro, con fines educativos, cient\u00edficos y acad\u00e9micos, para personas que tengan dificultades y\/o inconvenientes en visualizar el material original. El objetivo es entregar recursos, compartir experiencias y materiales que ayuden a los padres de familia, maestros y estudiantes en su actualizaci\u00f3n y formaci\u00f3n permanente, en bien de la Educaci\u00f3n.","sameAs":["http:\/\/webdelmaestrocmf.com\/portal","https:\/\/www.facebook.com\/WebdelMaestroCMF\/","https:\/\/www.instagram.com\/wmcmf\/","https:\/\/cl.linkedin.com\/company\/web-del-maestro-cmf","https:\/\/www.pinterest.com\/WMCMF\/publicaciones\/","https:\/\/x.com\/cmf_w","https:\/\/www.youtube.com\/@WMCMF"]}]}},"jetpack_featured_media_url":"https:\/\/webdelmaestrocmf.com\/portal\/wp-content\/uploads\/2021\/10\/1-19.jpg","jetpack_sharing_enabled":true,"jetpack-related-posts":[{"id":53846,"url":"https:\/\/webdelmaestrocmf.com\/portal\/cuatro-signos-y-tres-habilidades-que-manifiestan-una-alta-inteligencia-emocional-docente\/","url_meta":{"origin":31343,"position":0},"title":"Cuatro signos y tres habilidades que manifiestan una alta inteligencia emocional docente","author":"Web del Maestro CMF","date":"1 noviembre, 2020","format":false,"excerpt":"Los profesores aprendemos en la formaci\u00f3n inicial docente el uso \u00f3ptimo de todas nuestras capacidades y la adquisici\u00f3n de \u201cnuevas competencias personales, sociales y profesionales para poder conseguir un desempe\u00f1o efectivo y afrontar los continuos cambios\u201d que se nos ir\u00e1n imponiendo en desarrollo de nuestra tarea docente en el aula.\u2026","rel":"","context":"En \u00abYo opino - WMCMF\u00bb","block_context":{"text":"Yo opino - WMCMF","link":"https:\/\/webdelmaestrocmf.com\/portal\/category\/jamb\/"},"img":{"alt_text":"","src":"https:\/\/i0.wp.com\/webdelmaestrocmf.com\/portal\/wp-content\/uploads\/2020\/11\/1-11.jpg?resize=350%2C200&ssl=1","width":350,"height":200,"srcset":"https:\/\/i0.wp.com\/webdelmaestrocmf.com\/portal\/wp-content\/uploads\/2020\/11\/1-11.jpg?resize=350%2C200&ssl=1 1x, https:\/\/i0.wp.com\/webdelmaestrocmf.com\/portal\/wp-content\/uploads\/2020\/11\/1-11.jpg?resize=525%2C300&ssl=1 1.5x, https:\/\/i0.wp.com\/webdelmaestrocmf.com\/portal\/wp-content\/uploads\/2020\/11\/1-11.jpg?resize=700%2C400&ssl=1 2x, https:\/\/i0.wp.com\/webdelmaestrocmf.com\/portal\/wp-content\/uploads\/2020\/11\/1-11.jpg?resize=1050%2C600&ssl=1 3x"},"classes":[]},{"id":111824,"url":"https:\/\/webdelmaestrocmf.com\/portal\/docente-jala-la-oreja-a-un-estudiante-en-plena-clase-y-genera-debate-en-redes-que-te-pasa-a-mi-respetame\/","url_meta":{"origin":31343,"position":1},"title":"Docente jala la oreja a un estudiante en plena clase y genera debate en redes: \u00bfQu\u00e9 te pasa? \u00a1A m\u00ed, resp\u00e9tame!","author":"Web del Maestro CMF","date":"8 agosto, 2025","format":false,"excerpt":"Una docente en Salta fue grabada jalando la oreja a un estudiante, generando debate sobre los l\u00edmites de la autoridad en el aula.","rel":"","context":"En \u00abNoticias Internacionales\u00bb","block_context":{"text":"Noticias Internacionales","link":"https:\/\/webdelmaestrocmf.com\/portal\/category\/noticias-internacionales\/"},"img":{"alt_text":"","src":"https:\/\/i0.wp.com\/webdelmaestrocmf.com\/portal\/wp-content\/uploads\/2025\/08\/1A-Banner-1-portada-imagen-10-1-copia-2025-08-08T165948.629.webp?resize=350%2C200&ssl=1","width":350,"height":200,"srcset":"https:\/\/i0.wp.com\/webdelmaestrocmf.com\/portal\/wp-content\/uploads\/2025\/08\/1A-Banner-1-portada-imagen-10-1-copia-2025-08-08T165948.629.webp?resize=350%2C200&ssl=1 1x, https:\/\/i0.wp.com\/webdelmaestrocmf.com\/portal\/wp-content\/uploads\/2025\/08\/1A-Banner-1-portada-imagen-10-1-copia-2025-08-08T165948.629.webp?resize=525%2C300&ssl=1 1.5x, https:\/\/i0.wp.com\/webdelmaestrocmf.com\/portal\/wp-content\/uploads\/2025\/08\/1A-Banner-1-portada-imagen-10-1-copia-2025-08-08T165948.629.webp?resize=700%2C400&ssl=1 2x"},"classes":[]},{"id":50373,"url":"https:\/\/webdelmaestrocmf.com\/portal\/las-huellas-que-deja-el-covid-19-la-educacion-a-distancia-y-el-confinamiento-en-la-salud-emocional-y-mental-de-los-profesores-parte-ii\/","url_meta":{"origin":31343,"position":2},"title":"Equilibrio emocional y la salud mental de los docentes (Parte II)","author":"Web del Maestro CMF","date":"14 diciembre, 2025","format":false,"excerpt":"Como expusimos en la Parte I, del equilibrio emocional y la salud mental del profesor, depende mucho su efectividad y afectividad docente porque su trabajo no es solo transmitir contenidos, sino tambi\u00e9n guiar, motivar y acompa\u00f1ar a sus estudiantes en su desarrollo. La importancia de la salud emocional del docente,\u2026","rel":"","context":"En \u00abYo opino - WMCMF\u00bb","block_context":{"text":"Yo opino - WMCMF","link":"https:\/\/webdelmaestrocmf.com\/portal\/category\/jamb\/"},"img":{"alt_text":"","src":"https:\/\/i0.wp.com\/webdelmaestrocmf.com\/portal\/wp-content\/uploads\/2020\/08\/1A-Banner-1-portada-imagen-10-1-copia-5.webp?resize=350%2C200&ssl=1","width":350,"height":200,"srcset":"https:\/\/i0.wp.com\/webdelmaestrocmf.com\/portal\/wp-content\/uploads\/2020\/08\/1A-Banner-1-portada-imagen-10-1-copia-5.webp?resize=350%2C200&ssl=1 1x, https:\/\/i0.wp.com\/webdelmaestrocmf.com\/portal\/wp-content\/uploads\/2020\/08\/1A-Banner-1-portada-imagen-10-1-copia-5.webp?resize=525%2C300&ssl=1 1.5x, https:\/\/i0.wp.com\/webdelmaestrocmf.com\/portal\/wp-content\/uploads\/2020\/08\/1A-Banner-1-portada-imagen-10-1-copia-5.webp?resize=700%2C400&ssl=1 2x"},"classes":[]},{"id":42076,"url":"https:\/\/webdelmaestrocmf.com\/portal\/tiene-usted-como-profesor-una-inteligencia-emocional-desarrollada-cuatro-indicadores-de-su-posesion-o-carencia\/","url_meta":{"origin":31343,"position":3},"title":"\u00bfTiene usted, como profesor, una inteligencia emocional desarrollada? Cuatro indicadores de su posesi\u00f3n o carencia","author":"Web del Maestro CMF","date":"7 octubre, 2024","format":false,"excerpt":"El rol y la imagen del maestro \u201cfue hace tiempo fuente de autoridad y el docente estaba investido as\u00ed de una autoridad instituida, pero actualmente, el rol del docente es cuestionado y as\u00ed tambi\u00e9n su autoridad. Es as\u00ed que los docentes, deben ahora demostrar idoneidad y justificar su autoridad, necesitan\u2026","rel":"","context":"En \u00abYo opino - WMCMF\u00bb","block_context":{"text":"Yo opino - WMCMF","link":"https:\/\/webdelmaestrocmf.com\/portal\/category\/jamb\/"},"img":{"alt_text":"","src":"https:\/\/i0.wp.com\/webdelmaestrocmf.com\/portal\/wp-content\/uploads\/2019\/11\/Banner-1-portada-imagen-10-1-24.jpg?resize=350%2C200&ssl=1","width":350,"height":200,"srcset":"https:\/\/i0.wp.com\/webdelmaestrocmf.com\/portal\/wp-content\/uploads\/2019\/11\/Banner-1-portada-imagen-10-1-24.jpg?resize=350%2C200&ssl=1 1x, https:\/\/i0.wp.com\/webdelmaestrocmf.com\/portal\/wp-content\/uploads\/2019\/11\/Banner-1-portada-imagen-10-1-24.jpg?resize=525%2C300&ssl=1 1.5x, https:\/\/i0.wp.com\/webdelmaestrocmf.com\/portal\/wp-content\/uploads\/2019\/11\/Banner-1-portada-imagen-10-1-24.jpg?resize=700%2C400&ssl=1 2x"},"classes":[]},{"id":66089,"url":"https:\/\/webdelmaestrocmf.com\/portal\/mario-schiavelli-la-atencion-plena\/","url_meta":{"origin":31343,"position":4},"title":"[Mario Schiavelli] La atenci\u00f3n plena","author":"Web del Maestro CMF","date":"2 agosto, 2021","format":false,"excerpt":"\u201cSi quieres dominar la ansiedad de la vida, vive el momento, vive en la respiraci\u00f3n\u201d. (Amit Ray) Hemos le\u00eddo a menudo sobre c\u00f3mo la Atenci\u00f3n Plena (Mindfulness) es buena para nosotros los adultos, pero no sabemos si funciona para los ni\u00f1os. La ense\u00f1anza de la Atenci\u00f3n Plena a los ni\u00f1os\u2026","rel":"","context":"En \u00abZ-Colaboradores\u00bb","block_context":{"text":"Z-Colaboradores","link":"https:\/\/webdelmaestrocmf.com\/portal\/category\/colaborador\/"},"img":{"alt_text":"","src":"https:\/\/i0.wp.com\/webdelmaestrocmf.com\/portal\/wp-content\/uploads\/2021\/08\/1-10.jpg?resize=350%2C200&ssl=1","width":350,"height":200,"srcset":"https:\/\/i0.wp.com\/webdelmaestrocmf.com\/portal\/wp-content\/uploads\/2021\/08\/1-10.jpg?resize=350%2C200&ssl=1 1x, https:\/\/i0.wp.com\/webdelmaestrocmf.com\/portal\/wp-content\/uploads\/2021\/08\/1-10.jpg?resize=525%2C300&ssl=1 1.5x, https:\/\/i0.wp.com\/webdelmaestrocmf.com\/portal\/wp-content\/uploads\/2021\/08\/1-10.jpg?resize=700%2C400&ssl=1 2x, https:\/\/i0.wp.com\/webdelmaestrocmf.com\/portal\/wp-content\/uploads\/2021\/08\/1-10.jpg?resize=1050%2C600&ssl=1 3x"},"classes":[]},{"id":108700,"url":"https:\/\/webdelmaestrocmf.com\/portal\/el-cerebro-en-meditacion-como-cambian-nuestras-redes-neuronales-segun-el-tipo-de-atencion\/","url_meta":{"origin":31343,"position":5},"title":"El cerebro en meditaci\u00f3n: c\u00f3mo cambian nuestras redes neuronales seg\u00fan el tipo de atenci\u00f3n","author":"Web del Maestro CMF","date":"7 abril, 2025","format":false,"excerpt":"Durante siglos, las pr\u00e1cticas contemplativas como la meditaci\u00f3n fueron vistas como t\u00e9cnicas espirituales o filos\u00f3ficas, dif\u00edciles de medir desde una perspectiva cient\u00edfica. Sin embargo, en las \u00faltimas d\u00e9cadas, los avances en neuroimagen han permitido abrir una ventana fascinante hacia el cerebro humano en estado meditativo. Hoy, la ciencia puede demostrar\u2026","rel":"","context":"En \u00abAtenci\u00f3n\u00bb","block_context":{"text":"Atenci\u00f3n","link":"https:\/\/webdelmaestrocmf.com\/portal\/category\/pedagogia\/atencion\/"},"img":{"alt_text":"","src":"https:\/\/i0.wp.com\/webdelmaestrocmf.com\/portal\/wp-content\/uploads\/2025\/04\/1A-Banner-1-portada-imagen-10-1-47.jpg?resize=350%2C200&ssl=1","width":350,"height":200,"srcset":"https:\/\/i0.wp.com\/webdelmaestrocmf.com\/portal\/wp-content\/uploads\/2025\/04\/1A-Banner-1-portada-imagen-10-1-47.jpg?resize=350%2C200&ssl=1 1x, https:\/\/i0.wp.com\/webdelmaestrocmf.com\/portal\/wp-content\/uploads\/2025\/04\/1A-Banner-1-portada-imagen-10-1-47.jpg?resize=525%2C300&ssl=1 1.5x, https:\/\/i0.wp.com\/webdelmaestrocmf.com\/portal\/wp-content\/uploads\/2025\/04\/1A-Banner-1-portada-imagen-10-1-47.jpg?resize=700%2C400&ssl=1 2x"},"classes":[]}],"_links":{"self":[{"href":"https:\/\/webdelmaestrocmf.com\/portal\/wp-json\/wp\/v2\/posts\/31343","targetHints":{"allow":["GET"]}}],"collection":[{"href":"https:\/\/webdelmaestrocmf.com\/portal\/wp-json\/wp\/v2\/posts"}],"about":[{"href":"https:\/\/webdelmaestrocmf.com\/portal\/wp-json\/wp\/v2\/types\/post"}],"author":[{"embeddable":true,"href":"https:\/\/webdelmaestrocmf.com\/portal\/wp-json\/wp\/v2\/users\/2"}],"replies":[{"embeddable":true,"href":"https:\/\/webdelmaestrocmf.com\/portal\/wp-json\/wp\/v2\/comments?post=31343"}],"version-history":[{"count":0,"href":"https:\/\/webdelmaestrocmf.com\/portal\/wp-json\/wp\/v2\/posts\/31343\/revisions"}],"wp:featuredmedia":[{"embeddable":true,"href":"https:\/\/webdelmaestrocmf.com\/portal\/wp-json\/wp\/v2\/media\/68787"}],"wp:attachment":[{"href":"https:\/\/webdelmaestrocmf.com\/portal\/wp-json\/wp\/v2\/media?parent=31343"}],"wp:term":[{"taxonomy":"category","embeddable":true,"href":"https:\/\/webdelmaestrocmf.com\/portal\/wp-json\/wp\/v2\/categories?post=31343"},{"taxonomy":"post_tag","embeddable":true,"href":"https:\/\/webdelmaestrocmf.com\/portal\/wp-json\/wp\/v2\/tags?post=31343"}],"curies":[{"name":"wp","href":"https:\/\/api.w.org\/{rel}","templated":true}]}}