{"id":30620,"date":"2020-02-10T18:20:16","date_gmt":"2020-02-10T21:20:16","guid":{"rendered":"http:\/\/webdelmaestrocmf.com\/portal\/?p=30620"},"modified":"2023-10-10T23:38:56","modified_gmt":"2023-10-11T02:38:56","slug":"elementos-de-la-planeacion-y-evaluacion","status":"publish","type":"post","link":"https:\/\/webdelmaestrocmf.com\/portal\/elementos-de-la-planeacion-y-evaluacion\/","title":{"rendered":"Elementos de la planeaci\u00f3n y evaluaci\u00f3n"},"content":{"rendered":"<p style=\"text-align: justify;\"><strong>Este planteamiento contiene la organizaci\u00f3n que se debe tomar en cuenta en la planificaci\u00f3n, las orientaciones did\u00e1cticas, la evaluaci\u00f3n, los procesos que tienen lugar en la escuela, las pr\u00e1cticas pedag\u00f3gicas en el aula y el curr\u00edculo. Para lograr un aprendizaje profundo, situado y significativo se parte de un principio de pol\u00edtica p\u00fablica: ubicar al centro escolar como el eje de todas las acciones de las autoridades educativas, los recursos, apoyos y acompa\u00f1amientos que la escuela necesita: esto conforme al lema Escuela al centro.<\/strong><\/p>\n<p><!--more--><\/p>\n<p style=\"text-align: justify;\">Este nuevo enfoque del Programa rescata el principio de educaci\u00f3n inclusiva con equidad y reconoce que para recuperarlo y llevarlo a la pr\u00e1ctica<strong> \u201c[&#8230;] todos los elementos del modelo educativo \u2013curr\u00edculo, directores, docentes, padres de padres de familia, infraestructura, presupuesto, procesos, flujos de informaci\u00f3n, entre otros\u201d<\/strong> (SEP, 2016 a 19)\u2013 han de responder a este principio. Conforme a este, ocupan el primer lugar la poblaci\u00f3n ind\u00edgena, las personas con discapacidad y la poblaci\u00f3n en situaci\u00f3n vulnerable. De esta manera surge la necesidad de que el docente cuente con herramientas para el dise\u00f1o de la Planificaci\u00f3n y Evaluaci\u00f3n de este nuevo planteamiento pedag\u00f3gico se\u00f1alando que el curr\u00edculo vigente:<\/p>\n<p style=\"text-align: justify;\">Se enfoca de manera muy puntual en la ense\u00f1anza (Intervenci\u00f3n Docente), el aprendizaje es activo, autorregulado, dirigido a metas, situado, colaborativo y facilita los procesos personales de construcci\u00f3n de significados y conocimientos (SEP, 2016b: 33; SEP, 2016a: 50). Para ello se propone que el docente al dise\u00f1ar la Planificaci\u00f3n tome en cuenta los 14 principios pedag\u00f3gicos para transformar su pr\u00e1ctica y cumpla plenamente su papel en el proceso educativo al poner en marcha los objetivos anteriores, este Plan plantea un conjunto de principios pedag\u00f3gicos, que forman parte del Modelo Educativo del 2017. Y tenga en cuenta \/los cuatro planteamientos pedag\u00f3gicos, que de manera l\u00f3gica y fundamentada sustente la planeaci\u00f3n de las dos primeras semanas (diagnostica) y el resto del periodo escolar.<\/p>\n<h5 style=\"text-align: justify;\"><strong>Planteamientos pedag\u00f3gicos<\/strong><\/h5>\n<h5 style=\"text-align: justify;\"><strong>Aprendizaje Profundo:<\/strong><\/h5>\n<p style=\"text-align: justify;\">Es indudable que propiciar pr\u00e1cticas docentes orientadas a que los alumnos logren el aprendizaje profundo, necesariamente demanda reestructurar o redise\u00f1ar <strong>\u201cla organizaci\u00f3n y los procesos que tienen lugar en la escuela, las pr\u00e1cticas pedag\u00f3gicas en el aula y el curr\u00edculo\u201d<\/strong> (SEP, 2016a: 18), Sin duda, la estructura curricular actual, los aprendizajes esperados han de abordarse en un tiempo y de manera gradual , adem\u00e1s de otros condicionantes de la cultura y organizaci\u00f3n escolar para avanzar en la incorporaci\u00f3n de dicho enfoque se requiere reformular la actual estructura curricular para que, en lugar de coartar, propicie que los docentes realicen las adaptaciones curriculares que favorezcan los aprendizajes clave y significativos mediante actividades de aprendizaje no limitadas a recircular la informaci\u00f3n, sino orientadas a que el alumno analice, explique causas, relacione, formule hip\u00f3tesis, entre otras.<\/p>\n<h5 style=\"text-align: justify;\"><strong>Aprendizaje Significativo:<\/strong><\/h5>\n<p style=\"text-align: justify;\">El principio m\u00e1s relevante del aprendizaje significativo es que todo conocimiento nuevo se debe relacionar con el anterior.<strong> \u201cel factor m\u00e1s importante que influye en el aprendizaje es lo que el alumno ya sabe.\u00a0Aver\u00edg\u00fcese esto y ens\u00e9\u00f1ese en consecuencia\u201d<\/strong> (Ausubel, Novak y Hanesian, 1983, citado por Mart\u00ed, Onrubia, 2002: 6). Aunque este principio es f\u00e1cil de entender, desarrollar en una actividad de ense\u00f1anza aprendizaje <strong>\u201cel factor m\u00e1s importante\u201d<\/strong>, requiere habilidades espec\u00edficas del profesor, entre otras, indagar cu\u00e1l es ese nivel de aprendizaje que tiene el grupo de alumnos y cu\u00e1les son las concepciones alternativas que poseen, pero tambi\u00e9n necesita competencias para modificar su plan de trabajo y las estrategias de aprendizaje previamente definidas. Suponiendo que esto fuera posible, \u00bfde cu\u00e1nto tiempo dispone el profesor para identificar los conocimientos previos y desarrollar la nueva estrategia de aprendizaje? Siguiendo con este enfoque, la actividad debe contener tales caracter\u00edsticas que tiene que generar en el alumno un inter\u00e9s <strong>\u201cpara relacionar sustancial y no arbitrariamente el nuevo material con su estructura cognoscitiva\u201d<\/strong> (Ausubel, 1983).<\/p>\n<h5 style=\"text-align: justify;\"><strong>Aprendizaje Situado:<\/strong><\/h5>\n<p style=\"text-align: justify;\">El aprendizaje situado no solo tiene que ver con los esquemas y los conocimientos previos y con involucrar al alumno en actividades de aprendizaje orientadas a la reflexi\u00f3n, al an\u00e1lisis y al procesamiento complejo (aunque tambi\u00e9n lo hace); sino que, de manera primordial, este enfoque tiene que ver con el contexto y con la realidad en la que el alumno crece y se desenvuelve. Soler (2006: 61) considera que el aprendizaje situado ocurre cuando la actividad cognoscitiva se da dentro de una pr\u00e1ctica contextualizada, situada y culturalmente significativa. Esto significa que se trata de ir m\u00e1s all\u00e1 de presentar ante un grupo <strong>\u201corganizadores avanzados\u201d<\/strong> de un tema y de involucrarlos en actividades de aprendizaje en equipo. El aprendizaje situado ocurre mediante pr\u00e1cticas educativas aut\u00e9nticas, que sean coherentes, significativas y propositivas (D\u00edaz Barriga, 2003: 3). En este enfoque, lo nodal es que el profesor dise\u00f1e ambientes de aprendizaje o involucre a los alumnos en contextos pertinentes. Para ello recupera principios vigotskianos del aprendizaje sociocultural ya que la cognici\u00f3n situada parte<strong> \u201c&#8230; de la premisa de que el conocimiento es situado, es parte y producto de la actividad, el contexto y la cultura en que se desarrolla y utiliza\u201d<\/strong> (D\u00edaz Barriga, 2003: 3). La clave es que en todas las situaciones educativas en\u00a0que participan los alumnos aprendan en un contexto pertinente <strong>\u201cse trata de una experiencia que involucra el pensamiento, la afectividad y la acci\u00f3n\u201d<\/strong> (Baquero, 2002, citado por D\u00edaz Barriga, 2006: 19).<\/p>\n<p><a href=\"http:\/\/webdelmaestrocmf.com\/portal\/wp-content\/uploads\/2018\/08\/1-78.jpg\" target=\"_blank\" rel=\"noopener noreferrer\"><img loading=\"lazy\" decoding=\"async\" class=\"alignnone size-full wp-image-30624\" src=\"http:\/\/webdelmaestrocmf.com\/portal\/wp-content\/uploads\/2018\/08\/1-77.jpg\" alt=\"\" width=\"900\" height=\"558\" srcset=\"https:\/\/webdelmaestrocmf.com\/portal\/wp-content\/uploads\/2018\/08\/1-77.jpg 900w, https:\/\/webdelmaestrocmf.com\/portal\/wp-content\/uploads\/2018\/08\/1-77-300x186.jpg 300w, https:\/\/webdelmaestrocmf.com\/portal\/wp-content\/uploads\/2018\/08\/1-77-768x476.jpg 768w\" sizes=\"auto, (max-width: 900px) 100vw, 900px\" \/><\/a><\/p>\n<h5 style=\"text-align: justify;\"><strong>Aprendizaje Socioemocional:<\/strong><\/h5>\n<p style=\"text-align: justify;\">En la Propuesta Curricular 2016 se establece, junto con los Aprendizajes Clave y la Autonom\u00eda Curricular, un tercer eje denominado Desarrollo Personal y Social. Se reconoce que para un pleno\u00a0desarrollo del alumno o bien para su formaci\u00f3n integral, necesariamente se tiene que favorecer el desarrollo de las habilidades socioemocionales, lo cual debe estar reflejado en el curr\u00edculo. La justificaci\u00f3n es que <strong>\u201cLos aprendizajes adquieren sentido cuando verdaderamente contribuyen al pleno desarrollo personal y social de los individuos\u201d,<\/strong> para lo cual se incluyen las siguientes dimensiones: Apertura\u00a0Intelectual, Sentido de Responsabilidad, Conocimiento de S\u00ed Mismos y Trabajo en Equipo y Colaboraci\u00f3n (SEP, 2016: 15-16). La competencia clave relacionada con\u00a0el desarrollo de las habilidades socioemocionales de los ni\u00f1os y los adolescentes\u00a0es <strong>\u201caprender a convivir\u201d<\/strong> (ib\u00edd.: 48-49), junto con<strong> \u201caprender a aprender\u201d.<\/strong> Se aclara que<strong> \u201cun curr\u00edculo de aprendizajes clave y \u00e1reas del desarrollo personal y social, como el que se plantea en este documento, dar\u00e1 pie a la atenci\u00f3n debida a los procesos simult\u00e1neos de aprender a aprender y a convivir\u201d<\/strong> (SEP, 2016b: 29-30). Los aprendizajes o habilidades socioemocionales que se espera que los alumnos desarrollen son:<\/p>\n<ul style=\"text-align: justify;\">\n<li>Autoconciencia<\/li>\n<li>Autogesti\u00f3n<\/li>\n<li>Conciencia social<\/li>\n<li>Habilidades\u00a0para relacionarse con otros<\/li>\n<li>Toma de decisiones responsables.<\/li>\n<\/ul>\n<p style=\"text-align: justify;\">Este documento pretende dotar al maestro de herramientas para el dise\u00f1o y\u00a0elaboraci\u00f3n de la planeaci\u00f3n did\u00e1ctica que contemple los elementos que\u00a0intervendr\u00e1n en el proceso de ense\u00f1anza-aprendizaje organizados de tal manera que faciliten el desarrollo de las estructuras cognoscitivas, la adquisici\u00f3n de habilidades y modificaci\u00f3n de actitudes de los alumnos en el tiempo disponiblE\u00a0 para un curso dentro de un plan de estudios.<\/p>\n<p><strong>RASGOS DEL PERFIL DE EGRESO:<\/strong><\/p>\n<p style=\"text-align: justify;\">La planeaci\u00f3n es una herramienta fundamental de la pr\u00e1ctica docente, pues requiere que el profesor conozca y domine lo siguiente: El perfil de egreso de un nivel escolar define el logro educativo que un estudiante debe alcanzar al t\u00e9rmino de ese nivel y lo expresa en <strong>\u201crasgos deseables\u201d.<\/strong> Dicho logro no es resultado del trabajo del estudiante al final del trayecto, sino el resultado de su aprendizaje progresivo a lo largo de los niveles educativos previos.<\/p>\n<p><img loading=\"lazy\" decoding=\"async\" class=\"alignnone wp-image-30622 size-full\" src=\"http:\/\/webdelmaestrocmf.com\/portal\/wp-content\/uploads\/2018\/08\/1-76.jpg\" alt=\"evaluaci\u00f3n\" width=\"900\" height=\"890\" srcset=\"https:\/\/webdelmaestrocmf.com\/portal\/wp-content\/uploads\/2018\/08\/1-76.jpg 900w, https:\/\/webdelmaestrocmf.com\/portal\/wp-content\/uploads\/2018\/08\/1-76-300x297.jpg 300w, https:\/\/webdelmaestrocmf.com\/portal\/wp-content\/uploads\/2018\/08\/1-76-768x759.jpg 768w, https:\/\/webdelmaestrocmf.com\/portal\/wp-content\/uploads\/2018\/08\/1-76-109x109.jpg 109w, https:\/\/webdelmaestrocmf.com\/portal\/wp-content\/uploads\/2018\/08\/1-76-100x100.jpg 100w, https:\/\/webdelmaestrocmf.com\/portal\/wp-content\/uploads\/2018\/08\/1-76-65x65.jpg 65w\" sizes=\"auto, (max-width: 900px) 100vw, 900px\" \/> <img loading=\"lazy\" decoding=\"async\" class=\"alignnone wp-image-30623 size-full\" src=\"http:\/\/webdelmaestrocmf.com\/portal\/wp-content\/uploads\/2018\/08\/2-10.jpg\" alt=\"evaluaci\u00f3n\" width=\"900\" height=\"758\" srcset=\"https:\/\/webdelmaestrocmf.com\/portal\/wp-content\/uploads\/2018\/08\/2-10.jpg 900w, https:\/\/webdelmaestrocmf.com\/portal\/wp-content\/uploads\/2018\/08\/2-10-300x253.jpg 300w, https:\/\/webdelmaestrocmf.com\/portal\/wp-content\/uploads\/2018\/08\/2-10-768x647.jpg 768w\" sizes=\"auto, (max-width: 900px) 100vw, 900px\" \/><\/p>\n<p style=\"text-align: center;\">Recomendamos a la Comunidad Educativa Digital tener en cuenta que el enlace y\/o la carpeta donde est\u00e9n alojados los libros, recursos y\/o materiales no es administrado por la Web del Maestro CMF. Puede ser que en cuesti\u00f3n de d\u00edas (o seg\u00fan el tiempo transcurrido desde su publicaci\u00f3n), los enlaces dejen de funcionar y el material ya no est\u00e9 disponible. Gracias por su comprensi\u00f3n.<\/p>\n<p style=\"text-align: center;\"><strong>ENLACE DE LECTURA:<\/strong> 1. <a href=\"https:\/\/mega.nz\/folder\/OiQn1YBL#-ADyKj-WWemzqZu9GloEgA\" target=\"_blank\" rel=\"noopener\">EVALUAR Y PLANEAR<\/a><\/p>\n<p style=\"text-align: center;\"><strong>Si te sirvi\u00f3 el material, ap\u00f3yanos con un clic. Nos ayudar\u00e1 a mantener el servicio. \u00a1Comparte y as\u00ed m\u00e1s docentes utilizar\u00e1n estos recursos gratis! Muchas gracias.<\/strong><\/p>\n<p><img decoding=\"async\" src=\"https:\/\/webdelmaestrocmf.com\/portal\/wp-content\/uploads\/2023\/04\/banner_des.png\" \/><\/p>\n\t\t<div class=\"pk-inline-posts\">\n\t\t\t\n\t\t\t<div class=\"pk-inline-posts-container pk-inline-posts-template-list\"\n\t\t\t\tdata-columns=\"1\">\n\t\t\t\t\t\t<article id=\"post-101267\" class=\"post-101267 post type-post status-publish format-standard has-post-thumbnail category-calculo category-descargas-manuales-pdf category-pedagogia tag-calculo tag-desarrollar tag-guia tag-mental tag-ninos cs-entry cs-video-wrap\">\n\t\t\t<div class=\"pk-post-outer\">\n\n\t\t\t\t\t\t\t\t<div class=\"pk-post-inner\">\n\t\t\t\t\t<div class=\"entry-thumbnail\">\n\t\t\t\t\t\t<div class=\"pk-overlay pk-overlay-ratio pk-ratio-landscape\">\n\t\t\t\t\t\t\t<div class=\"pk-overlay-background\">\n\t\t\t\t\t\t\t\t<a href=\"https:\/\/webdelmaestrocmf.com\/portal\/guia-para-desarrollar-el-calculo-mental-en-ninos\/\" class=\"pk-overlay-link\">\n\t\t\t\t\t\t\t\t\t<img loading=\"lazy\" decoding=\"async\" width=\"300\" height=\"225\" src=\"https:\/\/webdelmaestrocmf.com\/portal\/wp-content\/uploads\/2023\/11\/1AA-Banner-1-portada-imagen-10-1-copia-1-300x225.webp\" class=\"attachment-pk-thumbnail size-pk-thumbnail wp-post-image\" alt=\"\" \/>\t\t\t\t\t\t\t\t<\/a>\n\t\t\t\t\t\t\t<\/div>\n\t\t\t\t\t\t<\/div>\n\t\t\t\t\t<\/div>\n\t\t\t\t<\/div>\n\t\t\t\t\n\t\t\t\t<div class=\"pk-post-inner\">\n\t\t\t\t\t<header>\n\t\t\t\t\t\t<h3 class=\"pk-title\"><a href=\"https:\/\/webdelmaestrocmf.com\/portal\/guia-para-desarrollar-el-calculo-mental-en-ninos\/\" rel=\"bookmark\">Gu\u00eda pr\u00e1ctica para desarrollar el c\u00e1lculo mental en ni\u00f1os: descarga los tres cuadernillos de c\u00e1lculo mental<\/a><\/h3>\t\t\t\t\t<\/header><!-- .entry-header -->\n\t\t\t\t<\/div><!-- .post-inner -->\n\n\t\t\t<\/div><!-- .post-outer -->\n\t\t<\/article>\n\t\t\t<article id=\"post-95551\" class=\"post-95551 post type-post status-publish format-standard has-post-thumbnail category-deficit-de-atencion category-descargas-manuales-pdf category-pedagogia tag-actividades-al-aire-libre tag-actividades-en-casa tag-actividades-escolares tag-ambiente-de-aprendizaje tag-atencion tag-atencion-plena tag-comprension-lectora tag-concentracion tag-desarrollo-cognitivo tag-educacion tag-ejercicios-de-atencion tag-ejercicios-de-respiracion tag-estrategias-educativas tag-habilidades-de-atencio tag-herramientas-visuales tag-juegos-de-atencion tag-juegos-de-mesa tag-lectura-conjunta tag-limitar-tiempo-de-pantalla tag-mindfulness tag-ninos-distraidos tag-organizacion tag-pausas-activas tag-rompecabezas tag-rutinas tag-tareas-domesticas tag-tdah tag-tecnicas-de-concentracion tag-tiempo-de-silencio cs-entry cs-video-wrap\">\n\t\t\t<div class=\"pk-post-outer\">\n\n\t\t\t\t\t\t\t\t<div class=\"pk-post-inner\">\n\t\t\t\t\t<div class=\"entry-thumbnail\">\n\t\t\t\t\t\t<div class=\"pk-overlay pk-overlay-ratio pk-ratio-landscape\">\n\t\t\t\t\t\t\t<div class=\"pk-overlay-background\">\n\t\t\t\t\t\t\t\t<a href=\"https:\/\/webdelmaestrocmf.com\/portal\/como-educar-a-ninos-distraidos-o-despistados-que-se-puede-hacer-en-clase\/\" class=\"pk-overlay-link\">\n\t\t\t\t\t\t\t\t\t<img loading=\"lazy\" decoding=\"async\" width=\"300\" height=\"225\" src=\"https:\/\/webdelmaestrocmf.com\/portal\/wp-content\/uploads\/2023\/09\/1A-Banner-1-portada-imagen-10-1-copia-1-300x225.jpg\" class=\"attachment-pk-thumbnail size-pk-thumbnail wp-post-image\" alt=\"\" \/>\t\t\t\t\t\t\t\t<\/a>\n\t\t\t\t\t\t\t<\/div>\n\t\t\t\t\t\t<\/div>\n\t\t\t\t\t<\/div>\n\t\t\t\t<\/div>\n\t\t\t\t\n\t\t\t\t<div class=\"pk-post-inner\">\n\t\t\t\t\t<header>\n\t\t\t\t\t\t<h3 class=\"pk-title\"><a href=\"https:\/\/webdelmaestrocmf.com\/portal\/como-educar-a-ninos-distraidos-o-despistados-que-se-puede-hacer-en-clase\/\" rel=\"bookmark\">C\u00f3mo educar a ni\u00f1os distra\u00eddos o despistados. \u00bfQu\u00e9 se puede hacer en clase? Descarga las 80 actividades para trabajar la atenci\u00f3n en clases<\/a><\/h3>\t\t\t\t\t<\/header><!-- .entry-header -->\n\t\t\t\t<\/div><!-- .post-inner -->\n\n\t\t\t<\/div><!-- .post-outer -->\n\t\t<\/article>\n\t\t\t<article id=\"post-20592\" class=\"post-20592 post type-post status-publish format-standard has-post-thumbnail category-descarga category-descargas-manuales-pdf category-estres category-pedagogia tag-docentes tag-educadores tag-guia tag-mindfulness tag-practica cs-entry cs-video-wrap\">\n\t\t\t<div class=\"pk-post-outer\">\n\n\t\t\t\t\t\t\t\t<div class=\"pk-post-inner\">\n\t\t\t\t\t<div class=\"entry-thumbnail\">\n\t\t\t\t\t\t<div class=\"pk-overlay pk-overlay-ratio pk-ratio-landscape\">\n\t\t\t\t\t\t\t<div class=\"pk-overlay-background\">\n\t\t\t\t\t\t\t\t<a href=\"https:\/\/webdelmaestrocmf.com\/portal\/mindfulness-guia-practica-docentes-educadores\/\" class=\"pk-overlay-link\">\n\t\t\t\t\t\t\t\t\t<img loading=\"lazy\" decoding=\"async\" width=\"300\" height=\"225\" src=\"https:\/\/webdelmaestrocmf.com\/portal\/wp-content\/uploads\/2020\/03\/1AA-Banner-1-portada-imagen-10-1-copia-4-300x225.webp\" class=\"attachment-pk-thumbnail size-pk-thumbnail wp-post-image\" alt=\"\" \/>\t\t\t\t\t\t\t\t<\/a>\n\t\t\t\t\t\t\t<\/div>\n\t\t\t\t\t\t<\/div>\n\t\t\t\t\t<\/div>\n\t\t\t\t<\/div>\n\t\t\t\t\n\t\t\t\t<div class=\"pk-post-inner\">\n\t\t\t\t\t<header>\n\t\t\t\t\t\t<h3 class=\"pk-title\"><a href=\"https:\/\/webdelmaestrocmf.com\/portal\/mindfulness-guia-practica-docentes-educadores\/\" rel=\"bookmark\">Mindfulness: Gu\u00eda pr\u00e1ctica para docentes y educadores<\/a><\/h3>\t\t\t\t\t<\/header><!-- .entry-header -->\n\t\t\t\t<\/div><!-- .post-inner -->\n\n\t\t\t<\/div><!-- .post-outer -->\n\t\t<\/article>\n\t\t\t\t<\/div>\n\t\t<\/div>\n\t\t\n","protected":false},"excerpt":{"rendered":"Este planteamiento contiene la organizaci\u00f3n que se debe tomar en cuenta en la planificaci\u00f3n, las orientaciones did\u00e1cticas, la&hellip;","protected":false},"author":1,"featured_media":44153,"comment_status":"open","ping_status":"closed","sticky":false,"template":"","format":"standard","meta":{"csco_display_header_overlay":false,"csco_singular_sidebar":"default","csco_page_header_type":"default","csco_page_load_nextpost":"default","csco_post_video_location":[],"csco_post_video_location_hash":"","csco_post_video_url":"","csco_post_video_bg_start_time":0,"csco_post_video_bg_end_time":0,"csco_post_video_bg_volume":false,"_jetpack_memberships_contains_paid_content":false,"footnotes":""},"categories":[2004,735],"tags":[2601,1278,2020],"class_list":{"0":"post-30620","1":"post","2":"type-post","3":"status-publish","4":"format-standard","5":"has-post-thumbnail","7":"category-descargas-manuales-pdf","8":"category-pedagogia","9":"tag-elementos","10":"tag-evaluacion","11":"tag-planeacion","12":"cs-entry","13":"cs-video-wrap"},"yoast_head":"<!-- This site is optimized with the Yoast SEO plugin v27.5 - https:\/\/yoast.com\/product\/yoast-seo-wordpress\/ -->\n<title>Elementos de la planeaci\u00f3n y evaluaci\u00f3n - 2026<\/title>\n<meta name=\"description\" content=\"Este planteamiento contiene la organizaci\u00f3n que se debe tomar en cuenta en la planificaci\u00f3n, las orientaciones did\u00e1cticas, la evaluaci\u00f3n...\" \/>\n<meta name=\"robots\" content=\"index, follow, max-snippet:-1, max-image-preview:large, max-video-preview:-1\" \/>\n<link rel=\"canonical\" href=\"https:\/\/webdelmaestrocmf.com\/portal\/elementos-de-la-planeacion-y-evaluacion\/\" \/>\n<meta property=\"og:locale\" content=\"es_ES\" \/>\n<meta property=\"og:type\" content=\"article\" \/>\n<meta property=\"og:title\" content=\"Elementos de la planeaci\u00f3n y evaluaci\u00f3n - 2026\" \/>\n<meta property=\"og:description\" content=\"Este planteamiento contiene la organizaci\u00f3n que se debe tomar en cuenta en la planificaci\u00f3n, las orientaciones did\u00e1cticas, la evaluaci\u00f3n...\" \/>\n<meta property=\"og:url\" content=\"https:\/\/webdelmaestrocmf.com\/portal\/elementos-de-la-planeacion-y-evaluacion\/\" \/>\n<meta property=\"og:site_name\" content=\"Web del Maestro CMF\" \/>\n<meta property=\"article:publisher\" content=\"https:\/\/www.facebook.com\/WebdelMaestroCMF\/\" \/>\n<meta property=\"article:author\" content=\"https:\/\/www.facebook.com\/WebdelMaestroCMF\/\" \/>\n<meta property=\"article:published_time\" content=\"2020-02-10T21:20:16+00:00\" \/>\n<meta property=\"article:modified_time\" content=\"2023-10-11T02:38:56+00:00\" \/>\n<meta property=\"og:image\" content=\"https:\/\/i0.wp.com\/webdelmaestrocmf.com\/portal\/wp-content\/uploads\/2018\/08\/1-166.jpg?fit=1100%2C680&ssl=1\" \/>\n\t<meta property=\"og:image:width\" content=\"1100\" \/>\n\t<meta property=\"og:image:height\" content=\"680\" \/>\n\t<meta property=\"og:image:type\" content=\"image\/jpeg\" \/>\n<meta name=\"author\" content=\"Web del Maestro CMF\" \/>\n<meta name=\"twitter:card\" content=\"summary_large_image\" \/>\n<meta name=\"twitter:creator\" content=\"@cmf_w\" \/>\n<meta name=\"twitter:site\" content=\"@cmf_w\" \/>\n<script type=\"application\/ld+json\" class=\"yoast-schema-graph\">{\"@context\":\"https:\\\/\\\/schema.org\",\"@graph\":[{\"@type\":\"ScholarlyArticle\",\"@id\":\"https:\\\/\\\/webdelmaestrocmf.com\\\/portal\\\/elementos-de-la-planeacion-y-evaluacion\\\/#article\",\"isPartOf\":{\"@id\":\"https:\\\/\\\/webdelmaestrocmf.com\\\/portal\\\/elementos-de-la-planeacion-y-evaluacion\\\/\"},\"author\":{\"name\":\"Web del Maestro CMF\",\"@id\":\"https:\\\/\\\/webdelmaestrocmf.com\\\/portal\\\/#\\\/schema\\\/person\\\/1072a2ed7bd960df8ef99a551fa35dc5\"},\"headline\":\"Elementos de la planeaci\u00f3n y evaluaci\u00f3n\",\"datePublished\":\"2020-02-10T21:20:16+00:00\",\"dateModified\":\"2023-10-11T02:38:56+00:00\",\"mainEntityOfPage\":{\"@id\":\"https:\\\/\\\/webdelmaestrocmf.com\\\/portal\\\/elementos-de-la-planeacion-y-evaluacion\\\/\"},\"wordCount\":1402,\"commentCount\":0,\"publisher\":{\"@id\":\"https:\\\/\\\/webdelmaestrocmf.com\\\/portal\\\/#organization\"},\"image\":{\"@id\":\"https:\\\/\\\/webdelmaestrocmf.com\\\/portal\\\/elementos-de-la-planeacion-y-evaluacion\\\/#primaryimage\"},\"thumbnailUrl\":\"https:\\\/\\\/webdelmaestrocmf.com\\\/portal\\\/wp-content\\\/uploads\\\/2018\\\/08\\\/1-166.jpg\",\"keywords\":[\"ELEMENTOS\",\"EVALUACI\u00d3N\",\"PLANEACI\u00d3N\"],\"articleSection\":[\"Descargas Manuales PDF\",\"Recursos\"],\"inLanguage\":\"es\",\"potentialAction\":[{\"@type\":\"CommentAction\",\"name\":\"Comment\",\"target\":[\"https:\\\/\\\/webdelmaestrocmf.com\\\/portal\\\/elementos-de-la-planeacion-y-evaluacion\\\/#respond\"]}]},{\"@type\":\"WebPage\",\"@id\":\"https:\\\/\\\/webdelmaestrocmf.com\\\/portal\\\/elementos-de-la-planeacion-y-evaluacion\\\/\",\"url\":\"https:\\\/\\\/webdelmaestrocmf.com\\\/portal\\\/elementos-de-la-planeacion-y-evaluacion\\\/\",\"name\":\"Elementos de la planeaci\u00f3n y evaluaci\u00f3n - 2026\",\"isPartOf\":{\"@id\":\"https:\\\/\\\/webdelmaestrocmf.com\\\/portal\\\/#website\"},\"primaryImageOfPage\":{\"@id\":\"https:\\\/\\\/webdelmaestrocmf.com\\\/portal\\\/elementos-de-la-planeacion-y-evaluacion\\\/#primaryimage\"},\"image\":{\"@id\":\"https:\\\/\\\/webdelmaestrocmf.com\\\/portal\\\/elementos-de-la-planeacion-y-evaluacion\\\/#primaryimage\"},\"thumbnailUrl\":\"https:\\\/\\\/webdelmaestrocmf.com\\\/portal\\\/wp-content\\\/uploads\\\/2018\\\/08\\\/1-166.jpg\",\"datePublished\":\"2020-02-10T21:20:16+00:00\",\"dateModified\":\"2023-10-11T02:38:56+00:00\",\"description\":\"Este planteamiento contiene la organizaci\u00f3n que se debe tomar en cuenta en la planificaci\u00f3n, las orientaciones did\u00e1cticas, la evaluaci\u00f3n...\",\"breadcrumb\":{\"@id\":\"https:\\\/\\\/webdelmaestrocmf.com\\\/portal\\\/elementos-de-la-planeacion-y-evaluacion\\\/#breadcrumb\"},\"inLanguage\":\"es\",\"potentialAction\":[{\"@type\":\"ReadAction\",\"target\":[\"https:\\\/\\\/webdelmaestrocmf.com\\\/portal\\\/elementos-de-la-planeacion-y-evaluacion\\\/\"]}]},{\"@type\":\"ImageObject\",\"inLanguage\":\"es\",\"@id\":\"https:\\\/\\\/webdelmaestrocmf.com\\\/portal\\\/elementos-de-la-planeacion-y-evaluacion\\\/#primaryimage\",\"url\":\"https:\\\/\\\/webdelmaestrocmf.com\\\/portal\\\/wp-content\\\/uploads\\\/2018\\\/08\\\/1-166.jpg\",\"contentUrl\":\"https:\\\/\\\/webdelmaestrocmf.com\\\/portal\\\/wp-content\\\/uploads\\\/2018\\\/08\\\/1-166.jpg\",\"width\":1100,\"height\":680},{\"@type\":\"BreadcrumbList\",\"@id\":\"https:\\\/\\\/webdelmaestrocmf.com\\\/portal\\\/elementos-de-la-planeacion-y-evaluacion\\\/#breadcrumb\",\"itemListElement\":[{\"@type\":\"ListItem\",\"position\":1,\"name\":\"Portada\",\"item\":\"https:\\\/\\\/webdelmaestrocmf.com\\\/portal\\\/\"},{\"@type\":\"ListItem\",\"position\":2,\"name\":\"Recursos\",\"item\":\"https:\\\/\\\/webdelmaestrocmf.com\\\/portal\\\/category\\\/pedagogia\\\/\"},{\"@type\":\"ListItem\",\"position\":3,\"name\":\"Elementos de la planeaci\u00f3n y evaluaci\u00f3n\"}]},{\"@type\":\"WebSite\",\"@id\":\"https:\\\/\\\/webdelmaestrocmf.com\\\/portal\\\/#website\",\"url\":\"https:\\\/\\\/webdelmaestrocmf.com\\\/portal\\\/\",\"name\":\"Web del Maestro CMF\",\"description\":\"Maestros al servicio de la educaci\u00f3n\",\"publisher\":{\"@id\":\"https:\\\/\\\/webdelmaestrocmf.com\\\/portal\\\/#organization\"},\"alternateName\":\"WMCMF\",\"potentialAction\":[{\"@type\":\"SearchAction\",\"target\":{\"@type\":\"EntryPoint\",\"urlTemplate\":\"https:\\\/\\\/webdelmaestrocmf.com\\\/portal\\\/?s={search_term_string}\"},\"query-input\":{\"@type\":\"PropertyValueSpecification\",\"valueRequired\":true,\"valueName\":\"search_term_string\"}}],\"inLanguage\":\"es\"},{\"@type\":\"Organization\",\"@id\":\"https:\\\/\\\/webdelmaestrocmf.com\\\/portal\\\/#organization\",\"name\":\"Web del Maestro CMF\",\"alternateName\":\"WMCMF\",\"url\":\"https:\\\/\\\/webdelmaestrocmf.com\\\/portal\\\/\",\"logo\":{\"@type\":\"ImageObject\",\"inLanguage\":\"es\",\"@id\":\"https:\\\/\\\/webdelmaestrocmf.com\\\/portal\\\/#\\\/schema\\\/logo\\\/image\\\/\",\"url\":\"https:\\\/\\\/webdelmaestrocmf.com\\\/portal\\\/wp-content\\\/uploads\\\/2023\\\/01\\\/logo-wmcmf-2.png\",\"contentUrl\":\"https:\\\/\\\/webdelmaestrocmf.com\\\/portal\\\/wp-content\\\/uploads\\\/2023\\\/01\\\/logo-wmcmf-2.png\",\"width\":200,\"height\":60,\"caption\":\"Web del Maestro CMF\"},\"image\":{\"@id\":\"https:\\\/\\\/webdelmaestrocmf.com\\\/portal\\\/#\\\/schema\\\/logo\\\/image\\\/\"},\"sameAs\":[\"https:\\\/\\\/www.facebook.com\\\/WebdelMaestroCMF\\\/\",\"https:\\\/\\\/x.com\\\/cmf_w\",\"https:\\\/\\\/www.pinterest.com\\\/WMCMF\\\/\",\"https:\\\/\\\/www.linkedin.com\\\/company\\\/web-del-maestro-cmf\\\/\",\"https:\\\/\\\/www.instagram.com\\\/wmcmf\\\/\",\"https:\\\/\\\/www.youtube.com\\\/channel\\\/UCDPSvjbdodE5sHnC3OxutHw\",\"https:\\\/\\\/mastodon.social\\\/@wmcmf\",\"https:\\\/\\\/www.tiktok.com\\\/@webdelmaestrocmf\"]},{\"@type\":\"Person\",\"@id\":\"https:\\\/\\\/webdelmaestrocmf.com\\\/portal\\\/#\\\/schema\\\/person\\\/1072a2ed7bd960df8ef99a551fa35dc5\",\"name\":\"Web del Maestro CMF\",\"image\":{\"@type\":\"ImageObject\",\"inLanguage\":\"es\",\"@id\":\"https:\\\/\\\/secure.gravatar.com\\\/avatar\\\/23291dd5b5ae1077dcff3dbb04c3e02bd28403fa75af6d8787d5e97c5bbbe30b?s=96&d=mm&r=g\",\"url\":\"https:\\\/\\\/secure.gravatar.com\\\/avatar\\\/23291dd5b5ae1077dcff3dbb04c3e02bd28403fa75af6d8787d5e97c5bbbe30b?s=96&d=mm&r=g\",\"contentUrl\":\"https:\\\/\\\/secure.gravatar.com\\\/avatar\\\/23291dd5b5ae1077dcff3dbb04c3e02bd28403fa75af6d8787d5e97c5bbbe30b?s=96&d=mm&r=g\",\"caption\":\"Web del Maestro CMF\"},\"description\":\"Esta Web se cre\u00f3 sin fines de lucro, con fines educativos, cient\u00edficos y acad\u00e9micos, para personas que tengan dificultades y\\\/o inconvenientes en visualizar el material original. El objetivo es entregar recursos, compartir experiencias y materiales que ayuden a los padres de familia, maestros y estudiantes en su actualizaci\u00f3n y formaci\u00f3n permanente, en bien de la Educaci\u00f3n.\",\"sameAs\":[\"http:\\\/\\\/webdelmaestrocmf.com\\\/portal\",\"https:\\\/\\\/www.facebook.com\\\/WebdelMaestroCMF\\\/\",\"https:\\\/\\\/www.instagram.com\\\/wmcmf\\\/\",\"https:\\\/\\\/cl.linkedin.com\\\/company\\\/web-del-maestro-cmf\",\"https:\\\/\\\/www.pinterest.com\\\/WMCMF\\\/publicaciones\\\/\",\"https:\\\/\\\/x.com\\\/cmf_w\",\"https:\\\/\\\/www.youtube.com\\\/@WMCMF\"]}]}<\/script>\n<!-- \/ Yoast SEO plugin. -->","yoast_head_json":{"title":"Elementos de la planeaci\u00f3n y evaluaci\u00f3n - 2026","description":"Este planteamiento contiene la organizaci\u00f3n que se debe tomar en cuenta en la planificaci\u00f3n, las orientaciones did\u00e1cticas, la evaluaci\u00f3n...","robots":{"index":"index","follow":"follow","max-snippet":"max-snippet:-1","max-image-preview":"max-image-preview:large","max-video-preview":"max-video-preview:-1"},"canonical":"https:\/\/webdelmaestrocmf.com\/portal\/elementos-de-la-planeacion-y-evaluacion\/","og_locale":"es_ES","og_type":"article","og_title":"Elementos de la planeaci\u00f3n y evaluaci\u00f3n - 2026","og_description":"Este planteamiento contiene la organizaci\u00f3n que se debe tomar en cuenta en la planificaci\u00f3n, las orientaciones did\u00e1cticas, la evaluaci\u00f3n...","og_url":"https:\/\/webdelmaestrocmf.com\/portal\/elementos-de-la-planeacion-y-evaluacion\/","og_site_name":"Web del Maestro CMF","article_publisher":"https:\/\/www.facebook.com\/WebdelMaestroCMF\/","article_author":"https:\/\/www.facebook.com\/WebdelMaestroCMF\/","article_published_time":"2020-02-10T21:20:16+00:00","article_modified_time":"2023-10-11T02:38:56+00:00","og_image":[{"width":1100,"height":680,"url":"https:\/\/i0.wp.com\/webdelmaestrocmf.com\/portal\/wp-content\/uploads\/2018\/08\/1-166.jpg?fit=1100%2C680&ssl=1","type":"image\/jpeg"}],"author":"Web del Maestro CMF","twitter_card":"summary_large_image","twitter_creator":"@cmf_w","twitter_site":"@cmf_w","schema":{"@context":"https:\/\/schema.org","@graph":[{"@type":"ScholarlyArticle","@id":"https:\/\/webdelmaestrocmf.com\/portal\/elementos-de-la-planeacion-y-evaluacion\/#article","isPartOf":{"@id":"https:\/\/webdelmaestrocmf.com\/portal\/elementos-de-la-planeacion-y-evaluacion\/"},"author":{"name":"Web del Maestro CMF","@id":"https:\/\/webdelmaestrocmf.com\/portal\/#\/schema\/person\/1072a2ed7bd960df8ef99a551fa35dc5"},"headline":"Elementos de la planeaci\u00f3n y evaluaci\u00f3n","datePublished":"2020-02-10T21:20:16+00:00","dateModified":"2023-10-11T02:38:56+00:00","mainEntityOfPage":{"@id":"https:\/\/webdelmaestrocmf.com\/portal\/elementos-de-la-planeacion-y-evaluacion\/"},"wordCount":1402,"commentCount":0,"publisher":{"@id":"https:\/\/webdelmaestrocmf.com\/portal\/#organization"},"image":{"@id":"https:\/\/webdelmaestrocmf.com\/portal\/elementos-de-la-planeacion-y-evaluacion\/#primaryimage"},"thumbnailUrl":"https:\/\/webdelmaestrocmf.com\/portal\/wp-content\/uploads\/2018\/08\/1-166.jpg","keywords":["ELEMENTOS","EVALUACI\u00d3N","PLANEACI\u00d3N"],"articleSection":["Descargas Manuales PDF","Recursos"],"inLanguage":"es","potentialAction":[{"@type":"CommentAction","name":"Comment","target":["https:\/\/webdelmaestrocmf.com\/portal\/elementos-de-la-planeacion-y-evaluacion\/#respond"]}]},{"@type":"WebPage","@id":"https:\/\/webdelmaestrocmf.com\/portal\/elementos-de-la-planeacion-y-evaluacion\/","url":"https:\/\/webdelmaestrocmf.com\/portal\/elementos-de-la-planeacion-y-evaluacion\/","name":"Elementos de la planeaci\u00f3n y evaluaci\u00f3n - 2026","isPartOf":{"@id":"https:\/\/webdelmaestrocmf.com\/portal\/#website"},"primaryImageOfPage":{"@id":"https:\/\/webdelmaestrocmf.com\/portal\/elementos-de-la-planeacion-y-evaluacion\/#primaryimage"},"image":{"@id":"https:\/\/webdelmaestrocmf.com\/portal\/elementos-de-la-planeacion-y-evaluacion\/#primaryimage"},"thumbnailUrl":"https:\/\/webdelmaestrocmf.com\/portal\/wp-content\/uploads\/2018\/08\/1-166.jpg","datePublished":"2020-02-10T21:20:16+00:00","dateModified":"2023-10-11T02:38:56+00:00","description":"Este planteamiento contiene la organizaci\u00f3n que se debe tomar en cuenta en la planificaci\u00f3n, las orientaciones did\u00e1cticas, la evaluaci\u00f3n...","breadcrumb":{"@id":"https:\/\/webdelmaestrocmf.com\/portal\/elementos-de-la-planeacion-y-evaluacion\/#breadcrumb"},"inLanguage":"es","potentialAction":[{"@type":"ReadAction","target":["https:\/\/webdelmaestrocmf.com\/portal\/elementos-de-la-planeacion-y-evaluacion\/"]}]},{"@type":"ImageObject","inLanguage":"es","@id":"https:\/\/webdelmaestrocmf.com\/portal\/elementos-de-la-planeacion-y-evaluacion\/#primaryimage","url":"https:\/\/webdelmaestrocmf.com\/portal\/wp-content\/uploads\/2018\/08\/1-166.jpg","contentUrl":"https:\/\/webdelmaestrocmf.com\/portal\/wp-content\/uploads\/2018\/08\/1-166.jpg","width":1100,"height":680},{"@type":"BreadcrumbList","@id":"https:\/\/webdelmaestrocmf.com\/portal\/elementos-de-la-planeacion-y-evaluacion\/#breadcrumb","itemListElement":[{"@type":"ListItem","position":1,"name":"Portada","item":"https:\/\/webdelmaestrocmf.com\/portal\/"},{"@type":"ListItem","position":2,"name":"Recursos","item":"https:\/\/webdelmaestrocmf.com\/portal\/category\/pedagogia\/"},{"@type":"ListItem","position":3,"name":"Elementos de la planeaci\u00f3n y evaluaci\u00f3n"}]},{"@type":"WebSite","@id":"https:\/\/webdelmaestrocmf.com\/portal\/#website","url":"https:\/\/webdelmaestrocmf.com\/portal\/","name":"Web del Maestro CMF","description":"Maestros al servicio de la educaci\u00f3n","publisher":{"@id":"https:\/\/webdelmaestrocmf.com\/portal\/#organization"},"alternateName":"WMCMF","potentialAction":[{"@type":"SearchAction","target":{"@type":"EntryPoint","urlTemplate":"https:\/\/webdelmaestrocmf.com\/portal\/?s={search_term_string}"},"query-input":{"@type":"PropertyValueSpecification","valueRequired":true,"valueName":"search_term_string"}}],"inLanguage":"es"},{"@type":"Organization","@id":"https:\/\/webdelmaestrocmf.com\/portal\/#organization","name":"Web del Maestro CMF","alternateName":"WMCMF","url":"https:\/\/webdelmaestrocmf.com\/portal\/","logo":{"@type":"ImageObject","inLanguage":"es","@id":"https:\/\/webdelmaestrocmf.com\/portal\/#\/schema\/logo\/image\/","url":"https:\/\/webdelmaestrocmf.com\/portal\/wp-content\/uploads\/2023\/01\/logo-wmcmf-2.png","contentUrl":"https:\/\/webdelmaestrocmf.com\/portal\/wp-content\/uploads\/2023\/01\/logo-wmcmf-2.png","width":200,"height":60,"caption":"Web del Maestro CMF"},"image":{"@id":"https:\/\/webdelmaestrocmf.com\/portal\/#\/schema\/logo\/image\/"},"sameAs":["https:\/\/www.facebook.com\/WebdelMaestroCMF\/","https:\/\/x.com\/cmf_w","https:\/\/www.pinterest.com\/WMCMF\/","https:\/\/www.linkedin.com\/company\/web-del-maestro-cmf\/","https:\/\/www.instagram.com\/wmcmf\/","https:\/\/www.youtube.com\/channel\/UCDPSvjbdodE5sHnC3OxutHw","https:\/\/mastodon.social\/@wmcmf","https:\/\/www.tiktok.com\/@webdelmaestrocmf"]},{"@type":"Person","@id":"https:\/\/webdelmaestrocmf.com\/portal\/#\/schema\/person\/1072a2ed7bd960df8ef99a551fa35dc5","name":"Web del Maestro CMF","image":{"@type":"ImageObject","inLanguage":"es","@id":"https:\/\/secure.gravatar.com\/avatar\/23291dd5b5ae1077dcff3dbb04c3e02bd28403fa75af6d8787d5e97c5bbbe30b?s=96&d=mm&r=g","url":"https:\/\/secure.gravatar.com\/avatar\/23291dd5b5ae1077dcff3dbb04c3e02bd28403fa75af6d8787d5e97c5bbbe30b?s=96&d=mm&r=g","contentUrl":"https:\/\/secure.gravatar.com\/avatar\/23291dd5b5ae1077dcff3dbb04c3e02bd28403fa75af6d8787d5e97c5bbbe30b?s=96&d=mm&r=g","caption":"Web del Maestro CMF"},"description":"Esta Web se cre\u00f3 sin fines de lucro, con fines educativos, cient\u00edficos y acad\u00e9micos, para personas que tengan dificultades y\/o inconvenientes en visualizar el material original. El objetivo es entregar recursos, compartir experiencias y materiales que ayuden a los padres de familia, maestros y estudiantes en su actualizaci\u00f3n y formaci\u00f3n permanente, en bien de la Educaci\u00f3n.","sameAs":["http:\/\/webdelmaestrocmf.com\/portal","https:\/\/www.facebook.com\/WebdelMaestroCMF\/","https:\/\/www.instagram.com\/wmcmf\/","https:\/\/cl.linkedin.com\/company\/web-del-maestro-cmf","https:\/\/www.pinterest.com\/WMCMF\/publicaciones\/","https:\/\/x.com\/cmf_w","https:\/\/www.youtube.com\/@WMCMF"]}]}},"jetpack_featured_media_url":"https:\/\/webdelmaestrocmf.com\/portal\/wp-content\/uploads\/2018\/08\/1-166.jpg","jetpack_sharing_enabled":true,"jetpack-related-posts":[{"id":94285,"url":"https:\/\/webdelmaestrocmf.com\/portal\/planeacion-analitica-de-primero-a-sexto-de-primaria-semanal-ciclo-2023-2024\/","url_meta":{"origin":30620,"position":0},"title":"Planeaci\u00f3n Anal\u00edtica de Primero a Sexto de Primaria semanal, ciclo 2023 &#8211; 2024","author":"Web del Maestro CMF","date":"6 septiembre, 2023","format":false,"excerpt":"La ense\u00f1anza efectiva es un pilar fundamental en la formaci\u00f3n de los estudiantes, y para lograrlo, los docentes desempe\u00f1an un papel crucial. La planeaci\u00f3n anal\u00edtica se presenta como un proceso esencial que permite a los educadores estructurar su trabajo de manera sistem\u00e1tica y eficiente. En el contexto de la educaci\u00f3n\u2026","rel":"","context":"En \u00abPlaneaci\u00f3n\u00bb","block_context":{"text":"Planeaci\u00f3n","link":"https:\/\/webdelmaestrocmf.com\/portal\/category\/pedagogia\/planeacion\/"},"img":{"alt_text":"Planeaci\u00f3n Anal\u00edtica","src":"https:\/\/i0.wp.com\/webdelmaestrocmf.com\/portal\/wp-content\/uploads\/2023\/09\/A12B3C4D-29.jpg?resize=350%2C200&ssl=1","width":350,"height":200,"srcset":"https:\/\/i0.wp.com\/webdelmaestrocmf.com\/portal\/wp-content\/uploads\/2023\/09\/A12B3C4D-29.jpg?resize=350%2C200&ssl=1 1x, https:\/\/i0.wp.com\/webdelmaestrocmf.com\/portal\/wp-content\/uploads\/2023\/09\/A12B3C4D-29.jpg?resize=525%2C300&ssl=1 1.5x, https:\/\/i0.wp.com\/webdelmaestrocmf.com\/portal\/wp-content\/uploads\/2023\/09\/A12B3C4D-29.jpg?resize=700%2C400&ssl=1 2x"},"classes":[]},{"id":103804,"url":"https:\/\/webdelmaestrocmf.com\/portal\/programacion-anual-y-curricular-2024-todas-las-areas-y-niveles\/","url_meta":{"origin":30620,"position":1},"title":"Programaci\u00f3n Anual y Curricular 2024 | Todas las \u00c1reas y niveles","author":"Web del Maestro CMF","date":"14 febrero, 2024","format":false,"excerpt":"Con gran entusiasmo, les presentamos la Programaci\u00f3n Curricular Anual 2024, una apuesta innovadora por la educaci\u00f3n del futuro, donde la tecnolog\u00eda, la flexibilidad y la evaluaci\u00f3n personalizada se unen para crear experiencias de aprendizaje inigualables. La Programaci\u00f3n Anual (PA) es un documento fundamental en la planificaci\u00f3n educativa del Per\u00fa. Es\u2026","rel":"","context":"En \u00abDescargas Manuales PDF\u00bb","block_context":{"text":"Descargas Manuales PDF","link":"https:\/\/webdelmaestrocmf.com\/portal\/category\/pedagogia\/descargas-manuales-pdf\/"},"img":{"alt_text":"PROGRAMACI\u00d3N","src":"https:\/\/i0.wp.com\/webdelmaestrocmf.com\/portal\/wp-content\/uploads\/2024\/02\/Banner-1-portada-imagen-10-1-8-2.jpg?resize=350%2C200&ssl=1","width":350,"height":200,"srcset":"https:\/\/i0.wp.com\/webdelmaestrocmf.com\/portal\/wp-content\/uploads\/2024\/02\/Banner-1-portada-imagen-10-1-8-2.jpg?resize=350%2C200&ssl=1 1x, https:\/\/i0.wp.com\/webdelmaestrocmf.com\/portal\/wp-content\/uploads\/2024\/02\/Banner-1-portada-imagen-10-1-8-2.jpg?resize=525%2C300&ssl=1 1.5x, https:\/\/i0.wp.com\/webdelmaestrocmf.com\/portal\/wp-content\/uploads\/2024\/02\/Banner-1-portada-imagen-10-1-8-2.jpg?resize=700%2C400&ssl=1 2x"},"classes":[]},{"id":114129,"url":"https:\/\/webdelmaestrocmf.com\/portal\/como-elaborar-el-programa-de-mejora-continua-en-la-escuela\/","url_meta":{"origin":30620,"position":2},"title":"\u00bfC\u00f3mo elaborar el Programa de Mejora Continua en la escuela?","author":"Web del Maestro CMF","date":"17 diciembre, 2025","format":false,"excerpt":"El Programa de Mejora Continua es una herramienta clave para que las escuelas analicen su realidad, identifiquen problem\u00e1ticas prioritarias y planifiquen acciones concretas orientadas a mejorar la calidad educativa mediante el trabajo colaborativo del Consejo T\u00e9cnico Escolar.","rel":"","context":"En \u00abInforme\u00bb","block_context":{"text":"Informe","link":"https:\/\/webdelmaestrocmf.com\/portal\/category\/pedagogia\/informe\/"},"img":{"alt_text":"","src":"https:\/\/i0.wp.com\/webdelmaestrocmf.com\/portal\/wp-content\/uploads\/2025\/12\/1A-Banner-1-portada-imagen-10-1-copia-5-1.webp?resize=350%2C200&ssl=1","width":350,"height":200,"srcset":"https:\/\/i0.wp.com\/webdelmaestrocmf.com\/portal\/wp-content\/uploads\/2025\/12\/1A-Banner-1-portada-imagen-10-1-copia-5-1.webp?resize=350%2C200&ssl=1 1x, https:\/\/i0.wp.com\/webdelmaestrocmf.com\/portal\/wp-content\/uploads\/2025\/12\/1A-Banner-1-portada-imagen-10-1-copia-5-1.webp?resize=525%2C300&ssl=1 1.5x, https:\/\/i0.wp.com\/webdelmaestrocmf.com\/portal\/wp-content\/uploads\/2025\/12\/1A-Banner-1-portada-imagen-10-1-copia-5-1.webp?resize=700%2C400&ssl=1 2x"},"classes":[]},{"id":101044,"url":"https:\/\/webdelmaestrocmf.com\/portal\/consejo-tecnico-escolar-tercera-sesion-ordinaria\/","url_meta":{"origin":30620,"position":3},"title":"Consejo T\u00e9cnico Escolar: Tercera sesi\u00f3n ordinaria","author":"Web del Maestro CMF","date":"25 noviembre, 2023","format":false,"excerpt":"Lleg\u00f3 noviembre, y tambi\u00e9n la Tercera sesi\u00f3n ordinaria del Consejo T\u00e9cnico Escolar. Se desarrollaran temas como la planificaci\u00f3n did\u00e1ctica y la evaluaci\u00f3n formativa. El Plan y los Programas de Estudio de la Nueva Escuela Mexicana forman un curr\u00edculo integrado que conecta contenidos a trav\u00e9s de los ejes articuladores que vinculas\u2026","rel":"","context":"En \u00abConsejo T\u00e9cnico Escolar\u00bb","block_context":{"text":"Consejo T\u00e9cnico Escolar","link":"https:\/\/webdelmaestrocmf.com\/portal\/category\/pedagogia\/consejo-tecnico-escolar\/"},"img":{"alt_text":"Consejo T\u00e9cnico Escolar","src":"https:\/\/i0.wp.com\/webdelmaestrocmf.com\/portal\/wp-content\/uploads\/2023\/11\/A12B3C4D-2-1-1.jpg?resize=350%2C200&ssl=1","width":350,"height":200,"srcset":"https:\/\/i0.wp.com\/webdelmaestrocmf.com\/portal\/wp-content\/uploads\/2023\/11\/A12B3C4D-2-1-1.jpg?resize=350%2C200&ssl=1 1x, https:\/\/i0.wp.com\/webdelmaestrocmf.com\/portal\/wp-content\/uploads\/2023\/11\/A12B3C4D-2-1-1.jpg?resize=525%2C300&ssl=1 1.5x, https:\/\/i0.wp.com\/webdelmaestrocmf.com\/portal\/wp-content\/uploads\/2023\/11\/A12B3C4D-2-1-1.jpg?resize=700%2C400&ssl=1 2x"},"classes":[]},{"id":22156,"url":"https:\/\/webdelmaestrocmf.com\/portal\/planeacion-anual-competencias\/","url_meta":{"origin":30620,"position":4},"title":"Planeaci\u00f3n Anual por Competencias: 1000 actividades distribuidas","author":"Web del Maestro CMF","date":"5 mayo, 2024","format":false,"excerpt":"Una obra para que la docente de preescolar resuelva con mayor facilidad sus necesidades b\u00e1sicas en cuanto planeaci\u00f3n mensual y contenidos. Facilitar la realizaci\u00f3n de la pr\u00e1ctica docente de la maestra de preescolar, reconociendo la importancia de la evaluaci\u00f3n como elemento formativo. 1000 actividades basadas en las competencias que marca\u2026","rel":"","context":"En \u00abLas m\u00e1s vistas\u00bb","block_context":{"text":"Las m\u00e1s vistas","link":"https:\/\/webdelmaestrocmf.com\/portal\/category\/pedagogia\/visitadas\/"},"img":{"alt_text":"","src":"https:\/\/i0.wp.com\/webdelmaestrocmf.com\/portal\/wp-content\/uploads\/2020\/03\/Banner-1-portada-imagen-10-1-80.jpg?resize=350%2C200&ssl=1","width":350,"height":200,"srcset":"https:\/\/i0.wp.com\/webdelmaestrocmf.com\/portal\/wp-content\/uploads\/2020\/03\/Banner-1-portada-imagen-10-1-80.jpg?resize=350%2C200&ssl=1 1x, https:\/\/i0.wp.com\/webdelmaestrocmf.com\/portal\/wp-content\/uploads\/2020\/03\/Banner-1-portada-imagen-10-1-80.jpg?resize=525%2C300&ssl=1 1.5x, https:\/\/i0.wp.com\/webdelmaestrocmf.com\/portal\/wp-content\/uploads\/2020\/03\/Banner-1-portada-imagen-10-1-80.jpg?resize=700%2C400&ssl=1 2x"},"classes":[]},{"id":28710,"url":"https:\/\/webdelmaestrocmf.com\/portal\/principios-pedagogicos-esenciales-para-la-docencia\/","url_meta":{"origin":30620,"position":5},"title":"Principios Pedag\u00f3gicos esenciales para la docencia","author":"Web del Maestro CMF","date":"6 septiembre, 2024","format":false,"excerpt":"Los principios pedag\u00f3gicos son condiciones esenciales para la implementaci\u00f3n del curr\u00edculo, la transformaci\u00f3n de la pr\u00e1ctica docente, el logro de los aprendizajes y la mejora de la calidad educativa. El\u00a0Nuevo Modelo Educativo\u00a0trae consigo una serie de cambios en la ense\u00f1anza. Uno de los principales ejes del\u00a0Nuevo Modelo Educativo\u00a0son los\u00a0Aprendizajes Clave.\u2026","rel":"","context":"En \u00abDocentes\u00bb","block_context":{"text":"Docentes","link":"https:\/\/webdelmaestrocmf.com\/portal\/category\/pedagogia\/docentes\/"},"img":{"alt_text":"","src":"https:\/\/i0.wp.com\/webdelmaestrocmf.com\/portal\/wp-content\/uploads\/2020\/06\/Banner-1-portada-imagen-10-1.png?resize=350%2C200&ssl=1","width":350,"height":200,"srcset":"https:\/\/i0.wp.com\/webdelmaestrocmf.com\/portal\/wp-content\/uploads\/2020\/06\/Banner-1-portada-imagen-10-1.png?resize=350%2C200&ssl=1 1x, https:\/\/i0.wp.com\/webdelmaestrocmf.com\/portal\/wp-content\/uploads\/2020\/06\/Banner-1-portada-imagen-10-1.png?resize=525%2C300&ssl=1 1.5x, https:\/\/i0.wp.com\/webdelmaestrocmf.com\/portal\/wp-content\/uploads\/2020\/06\/Banner-1-portada-imagen-10-1.png?resize=700%2C400&ssl=1 2x"},"classes":[]}],"_links":{"self":[{"href":"https:\/\/webdelmaestrocmf.com\/portal\/wp-json\/wp\/v2\/posts\/30620","targetHints":{"allow":["GET"]}}],"collection":[{"href":"https:\/\/webdelmaestrocmf.com\/portal\/wp-json\/wp\/v2\/posts"}],"about":[{"href":"https:\/\/webdelmaestrocmf.com\/portal\/wp-json\/wp\/v2\/types\/post"}],"author":[{"embeddable":true,"href":"https:\/\/webdelmaestrocmf.com\/portal\/wp-json\/wp\/v2\/users\/1"}],"replies":[{"embeddable":true,"href":"https:\/\/webdelmaestrocmf.com\/portal\/wp-json\/wp\/v2\/comments?post=30620"}],"version-history":[{"count":0,"href":"https:\/\/webdelmaestrocmf.com\/portal\/wp-json\/wp\/v2\/posts\/30620\/revisions"}],"wp:featuredmedia":[{"embeddable":true,"href":"https:\/\/webdelmaestrocmf.com\/portal\/wp-json\/wp\/v2\/media\/44153"}],"wp:attachment":[{"href":"https:\/\/webdelmaestrocmf.com\/portal\/wp-json\/wp\/v2\/media?parent=30620"}],"wp:term":[{"taxonomy":"category","embeddable":true,"href":"https:\/\/webdelmaestrocmf.com\/portal\/wp-json\/wp\/v2\/categories?post=30620"},{"taxonomy":"post_tag","embeddable":true,"href":"https:\/\/webdelmaestrocmf.com\/portal\/wp-json\/wp\/v2\/tags?post=30620"}],"curies":[{"name":"wp","href":"https:\/\/api.w.org\/{rel}","templated":true}]}}