{"id":30320,"date":"2018-08-12T20:46:20","date_gmt":"2018-08-12T23:46:20","guid":{"rendered":"http:\/\/webdelmaestrocmf.com\/portal\/?p=30320"},"modified":"2022-03-13T22:29:37","modified_gmt":"2022-03-14T01:29:37","slug":"que-es-el-apego-trastornado","status":"publish","type":"post","link":"https:\/\/webdelmaestrocmf.com\/portal\/que-es-el-apego-trastornado\/","title":{"rendered":"\u00bfQu\u00e9 es el apego trastornado? Aprender y saber ense\u00f1ar a \u201ccerrar c\u00edrculos"},"content":{"rendered":"<h5 style=\"text-align: justify;\">Los especialistas sostienen que muchas <strong>perturbaciones interiores o trastornos de la personalidad<\/strong> est\u00e1n relacionadas con alg\u00fan <strong>problema de apego <\/strong>(Greengerg, Speltz y DeKliyen, Spender, Scott, Van Ijzendoorn). No obstante que el apego es ese v\u00ednculo emocional que se establece entre un beb\u00e9 o ni\u00f1o y un adulto cuidador, es necesario que madure, se desarrolle correctamente y sea \u00fatil. \u00c9ste trastorno es \u2013 seg\u00fan el Doctor en psicolog\u00eda, especialista en Terapia Cognitiva y Magister en Bio\u00e9tica, el italiano Walter Riso- <strong>el principal motivo de sufrimiento de la humanidad<\/strong>, hasta el punto que cree que se deber\u00edan hacer campa\u00f1as de <strong>prevenci\u00f3n durante el ciclo educativo<\/strong>: desde primaria hasta los doctorados. El psic\u00f3logo tiene claro que, <strong>si consideras que algo o alguien en tu vida es indispensable para tu felicidad<\/strong>, tienes un grave problema porque \u201cest\u00e1s a la sombra de tu amo\u201d (LA VANGUARDIA).<\/h5>\n<p><!--more--><\/p>\n<p style=\"text-align: justify;\">Pero resulta que \u201cen m\u00faltiples ocasiones escuchamos hablar de esta palabra [o] la utilizamos en diversos contextos y para un gran n\u00famero de circunstancias. [\u2026] y no es de extra\u00f1ar que se use de un modo inadecuado\u201d. Como educadores -padres y\/o profesores- necesitamos saber que <strong>el apego es \u201cun v\u00ednculo obsesivo con un objeto, idea o persona <\/strong>que se fundamenta en cuatro creencias falsas: <strong>que es permanente, que te va a hacer feliz, que te va a dar seguridad total y que dar\u00e1 sentido a tu vida<\/strong>. Cuando tienes un v\u00ednculo de este tipo no est\u00e1s preparado para la p\u00e9rdida y no aceptas el desprendimiento\u201d (Walter Riso). \u00a0La psic\u00f3loga espa\u00f1ola, Roc\u00edo Pescador Garc\u00eda, se pregunta <strong>\u00bfPuedo transformar mi estilo de apego inseguro en un estilo seguro?<\/strong>, y nos responde que s\u00ed, pero \u201cse necesita hacer un trabajo para reparar, ya que con un apego inseguro se destruye parte del sistema que regula la seguridad\u201d. Si desea ampliar este, y otros conceptos relacionados, le sugerimos la lectura de: <a href=\"https:\/\/www.psicomaster.es\/el-apego-el-origen-de-muchos-problemas-psicologicos\/\" target=\"_blank\" rel=\"noopener\"><strong>EL APEGO: EL ORIGEN DE MUCHOS PROBLEMAS PSICOL\u00d3GICOS.<\/strong><\/a><\/p>\n<p><img loading=\"lazy\" decoding=\"async\" class=\"alignnone size-full wp-image-30327\" src=\"http:\/\/webdelmaestrocmf.com\/portal\/wp-content\/uploads\/2018\/08\/1-44.jpg\" alt=\"\" width=\"1100\" height=\"680\" srcset=\"https:\/\/webdelmaestrocmf.com\/portal\/wp-content\/uploads\/2018\/08\/1-44.jpg 1100w, https:\/\/webdelmaestrocmf.com\/portal\/wp-content\/uploads\/2018\/08\/1-44-300x185.jpg 300w, https:\/\/webdelmaestrocmf.com\/portal\/wp-content\/uploads\/2018\/08\/1-44-768x475.jpg 768w, https:\/\/webdelmaestrocmf.com\/portal\/wp-content\/uploads\/2018\/08\/1-44-1024x633.jpg 1024w, https:\/\/webdelmaestrocmf.com\/portal\/wp-content\/uploads\/2018\/08\/1-44-600x371.jpg 600w\" sizes=\"auto, (max-width: 1100px) 100vw, 1100px\" \/><\/p>\n<p style=\"text-align: justify;\">Las personas que desarrollan un <strong>\u201capego desorganizado o perturbado<\/strong>\u201d, que pueden llegar a nuestras escuelas, sentarse enfrente de nosotros, participar de nuestras actividades escolares, y \u201cnecesitan que los dem\u00e1s satisfagan sus necesidades. Si ven que el otro no puede hacerlo, <strong>intentan contener las emociones<\/strong>, pero cuando salen lo hacen de forma exagerada y descontrolada. [\u2026] son estudiantes que en su]\u00a0vida adulta <strong>pueden desarrollar trastorno l\u00edmite de la personalidad o trastorno histri\u00f3nico<\/strong>. Tienden a generar dependencia emocional, ya que las mismas personas que les cuidan son quienes les hacen sufrir y se aferran a ellas como tabla de salvaci\u00f3n\u201d. <a href=\"https:\/\/www.mundopsicologos.com\/articulos\/que-es-el-apego-en-el-adulto\" target=\"_blank\" rel=\"noopener\"><strong>\u00bfQU\u00c9 ES EL APEGO EN EL ADULTO?<\/strong><\/a><\/p>\n<p style=\"text-align: justify;\">Aqu\u00ed entendemos el apego como <strong>adicciones a situaciones, a cosas o personas<\/strong>, pero no a sustancias psicoactivas; porque hay apegos que est\u00e1n bien vistos socialmente. Quienes maduran sus apegos infantiles son personas que se arriesgan \u201cque tienen <strong>m\u00e1s tolerancia al dolor y a la frustraci\u00f3n<\/strong>, esto las fortalece y las lleva a sentirse capaces y fuertes de enfrentar los cambios que se generan. Las personas que <strong>se arriesgan<\/strong> a probar cosas diferentes con frecuencia encuentran pasatiempos y distracciones que favorecen NO estar enfocados solamente a lo que hace o deja de hacer la pareja, o el hijo o la hermana o\u2026 etc., [es una \u00a0la persona que explora y logra] <strong>abrir su panorama y observar alternativas diferentes<\/strong> de hacer las cosas por lo que se vuelve flexible. Y por \u00faltimo <strong>se pierde esa actitud de miedo-culto a la autoridad<\/strong> que impide explorar y que ayuda a ver otras opciones y a contemplar que nadie tiene la \u00faltima palabra, OJO no estoy proponiendo anarqu\u00eda, solo que puedas contemplar que es posible romper algunas reglas sin consecuencias fatales, por ejemplo, pisar el pasto\u201d. <a href=\"https:\/\/mundoehijos.com\/2014\/04\/28\/resumen-del-libro-amar-o-depender-walter-riso\/\" target=\"_blank\" rel=\"noopener\"><strong>RESUMEN DEL LIBRO \u201cAMAR O DEPENDER\u201d WALTER RISO.<\/strong><\/a><\/p>\n<p style=\"text-align: justify;\">Compartimos con Ustedes, (por motivos \u00fanicamente educativos \u2013 pastorales), para su reflexi\u00f3n personal y el di\u00e1logo en la comunidad educativa, el video colgado por <strong>jmagago<\/strong> en YouTube con el mensaje atribuido a Paulo Coelho, esperando les sirva de recurso para profundizar en su tarea docente, al tratar este tema.<\/p>\n<h5><strong>CERRANDO ETAPAS<\/strong><\/h5>\n<p><iframe loading=\"lazy\" src=\"https:\/\/www.youtube.com\/embed\/kifShU0vHII\" width=\"100%\" height=\"400\" frameborder=\"0\" allowfullscreen=\"allowfullscreen\"><span data-mce-type=\"bookmark\" style=\"display: inline-block; width: 0px; overflow: hidden; line-height: 0;\" class=\"mce_SELRES_start\">\ufeff<\/span><span data-mce-type=\"bookmark\" style=\"display: inline-block; width: 0px; overflow: hidden; line-height: 0;\" class=\"mce_SELRES_start\">\ufeff<\/span><\/iframe><\/p>\n<h5><strong>CERRANDO C\u00cdRCULOS<\/strong><\/h5>\n<p style=\"text-align: justify;\"><em>\u201cSiempre es preciso saber cu\u00e1ndo se acaba una etapa de la vida. Si insistes en permanecer en ella m\u00e1s all\u00e1 del tiempo necesario, pierdes la alegr\u00eda y el sentido del resto. Cerrando c\u00edrculos, o cerrando puertas, o cerrando cap\u00edtulos, como quieras llamarlo. Lo importante es poder cerrarlos, y dejar ir momentos de la vida que se van clausurando.<\/em><\/p>\n<p style=\"text-align: justify;\"><em>\u00bfTermin\u00f3 tu trabajo?, \u00bfSe acab\u00f3 tu relaci\u00f3n?, \u00bfYa no vives m\u00e1s en esa casa?, \u00bfDebes irte de viaje?, \u00bfLa relaci\u00f3n se acab\u00f3? Puedes pasarte mucho tiempo de tu presente \u201crevolc\u00e1ndote\u201d en los porqu\u00e9s, en devolver el cassette y tratar de entender por qu\u00e9 sucedi\u00f3 tal o cual hecho. El desgaste va a ser infinito, porque en la vida, t\u00fa, yo, tu amigo, tus hijos, tus hermanos, todos y todas estamos encaminados hacia ir cerrando cap\u00edtulos, ir dando vuelta a la hoja, a terminar con etapas, o con momentos de la vida y seguir adelante.<\/em><\/p>\n<p style=\"text-align: justify;\"><em>No podemos estar en el presente a\u00f1orando el pasado. Ni siquiera pregunt\u00e1ndonos porqu\u00e9. Lo que sucedi\u00f3, sucedi\u00f3, y hay que soltarlo, hay que desprenderse.<\/em><\/p>\n<p style=\"text-align: justify;\"><em>No podemos ser ni\u00f1os eternos, ni adolescentes tard\u00edos, ni empleados de empresas inexistentes. \u00a1Los hechos pasan y hay que dejarlos ir!<\/em><\/p>\n<p style=\"text-align: justify;\"><em>Por eso, a veces es tan importante destruir recuerdos, regalar presentes, cambiar de casa, romper papeles, tirar documentos, y vender o regalar libros.<\/em><\/p>\n<p style=\"text-align: justify;\"><em>Dejar ir, soltar, desprenderse. En la vida nadie juega con las cartas marcadas, y hay que aprender a perder y a ganar. Hay que dejar ir, hay que dar vuelta a la hoja, hay que vivir s\u00f3lo lo que tenemos en el presente\u2026<\/em><\/p>\n<p style=\"text-align: justify;\"><em>El pasado ya pas\u00f3. No esperes que te lo devuelvan, no esperes que te reconozcan, no esperes que alguna vez se den cuenta de qui\u00e9n eres t\u00fa\u2026 Suelta el resentimiento. El prender \u201ctu televisor personal\u201d para darle y darle al asunto, lo \u00fanico que consigue es da\u00f1arte lentamente, envenenarte y amargarte.<\/em><\/p>\n<p style=\"text-align: justify;\"><em>La vida est\u00e1 para adelante, nunca para atr\u00e1s. \u00bfNoviazgos o amistades que no clausuran?, \u00bfPosibilidades de regresar? (\u00bfa qu\u00e9?), \u00bfNecesidad de aclaraciones?, \u00bfPalabras que no se dijeron?, \u00bfSilencios que lo invadieron? Si puedes enfrentarlos ya y ahora, hazlo, si no, d\u00e9jalos ir, cierra cap\u00edtulos. Dite a ti mismo que no, que no vuelven. Pero no por orgullo ni soberbia, sino, porque t\u00fa ya no encajas all\u00ed\u00ad en ese lugar, en ese coraz\u00f3n, en esa habitaci\u00f3n, en esa casa, en esa oficina, en ese oficio.<\/em><\/p>\n<p style=\"text-align: justify;\"><em>T\u00fa ya no eres el mismo que fuiste hace dos d\u00edas, hace tres meses, hace un a\u00f1o. Por lo tanto, no hay nada a qu\u00e9 volver.<\/em><\/p>\n<p style=\"text-align: justify;\"><em>Cierra la puerta, da vuelta a la hoja, cierra el c\u00edrculo\u201d.<\/em> <a href=\"http:\/\/paulocoelhoblog.com\/2012\/12\/15\/cerrando-circulos\/\" target=\"_blank\" rel=\"noopener\"><strong>PAULO COELHO.<\/strong><\/a><\/p>\n<p style=\"text-align: justify;\"><em>\u201cSentarse a llorar ante el primer tropiezo y querer que la vida sea gratificante las veinticuatro horas es definitivamente infantil\u201d (Walter Riso).<\/em><\/p>\n<p style=\"text-align: right;\"><strong>REDACCI\u00d3N WEB DEL MAESTRO CMF<\/strong><\/p>\n\t\t<div class=\"pk-inline-posts\">\n\t\t\t\n\t\t\t<div class=\"pk-inline-posts-container pk-inline-posts-template-list\"\n\t\t\t\tdata-columns=\"1\">\n\t\t\t\t\t\t<article id=\"post-26784\" class=\"post-26784 post type-post status-publish format-video has-post-thumbnail category-noticias-educacion tag-envidia tag-sindrome tag-solomon post_format-post-format-video cs-entry cs-video-wrap\">\n\t\t\t<div class=\"pk-post-outer\">\n\n\t\t\t\t\t\t\t\t<div class=\"pk-post-inner\">\n\t\t\t\t\t<div class=\"entry-thumbnail\">\n\t\t\t\t\t\t<div class=\"pk-overlay pk-overlay-ratio pk-ratio-landscape\">\n\t\t\t\t\t\t\t<div class=\"pk-overlay-background\">\n\t\t\t\t\t\t\t\t<a href=\"https:\/\/webdelmaestrocmf.com\/portal\/la-envidia-y-el-sindrome-de-solomon\/\" class=\"pk-overlay-link\">\n\t\t\t\t\t\t\t\t\t<img loading=\"lazy\" decoding=\"async\" width=\"300\" height=\"225\" src=\"https:\/\/webdelmaestrocmf.com\/portal\/wp-content\/uploads\/2021\/03\/1A-Banner-1-portada-imagen-10-1-copia-300x225.webp\" class=\"attachment-pk-thumbnail size-pk-thumbnail wp-post-image\" alt=\"\" \/>\t\t\t\t\t\t\t\t<\/a>\n\t\t\t\t\t\t\t<\/div>\n\t\t\t\t\t\t<\/div>\n\t\t\t\t\t<\/div>\n\t\t\t\t<\/div>\n\t\t\t\t\n\t\t\t\t<div class=\"pk-post-inner\">\n\t\t\t\t\t<header>\n\t\t\t\t\t\t<h3 class=\"pk-title\"><a href=\"https:\/\/webdelmaestrocmf.com\/portal\/la-envidia-y-el-sindrome-de-solomon\/\" rel=\"bookmark\">La envidia y el s\u00edndrome de solomon<\/a><\/h3>\t\t\t\t\t<\/header><!-- .entry-header -->\n\t\t\t\t<\/div><!-- .post-inner -->\n\n\t\t\t<\/div><!-- .post-outer -->\n\t\t<\/article>\n\t\t\t\t<\/div>\n\t\t<\/div>\n\t\t\n","protected":false},"excerpt":{"rendered":"Los especialistas sostienen que muchas perturbaciones interiores o trastornos de la personalidad est\u00e1n relacionadas con alg\u00fan problema de&hellip;","protected":false},"author":2,"featured_media":30328,"comment_status":"open","ping_status":"closed","sticky":false,"template":"","format":"standard","meta":{"csco_display_header_overlay":false,"csco_singular_sidebar":"default","csco_page_header_type":"default","csco_page_load_nextpost":"default","csco_post_video_location":[],"csco_post_video_location_hash":"","csco_post_video_url":"","csco_post_video_bg_start_time":0,"csco_post_video_bg_end_time":0,"csco_post_video_bg_volume":false,"_jetpack_memberships_contains_paid_content":false,"footnotes":""},"categories":[3721],"tags":[3677,3728,2932,531,1284,3729],"class_list":{"0":"post-30320","1":"post","2":"type-post","3":"status-publish","4":"format-standard","5":"has-post-thumbnail","7":"category-noticias-educacion","8":"tag-apego","9":"tag-coelho","10":"tag-personalidad","11":"tag-trastornos","12":"tag-video","13":"tag-walter-riso","14":"cs-entry","15":"cs-video-wrap"},"yoast_head":"<!-- This site is optimized with the Yoast SEO plugin v27.5 - https:\/\/yoast.com\/product\/yoast-seo-wordpress\/ -->\n<title>\u00bfQu\u00e9 es el apego trastornado? Aprender y saber ense\u00f1ar a \u201ccerrar c\u00edrculos - 2026<\/title>\n<meta name=\"description\" content=\"Los especialistas sostienen que muchas perturbaciones interiores o trastornos de la personalidad est\u00e1n relacionadas...\" \/>\n<meta name=\"robots\" content=\"index, follow, max-snippet:-1, max-image-preview:large, max-video-preview:-1\" \/>\n<link rel=\"canonical\" href=\"https:\/\/webdelmaestrocmf.com\/portal\/que-es-el-apego-trastornado\/\" \/>\n<meta property=\"og:locale\" content=\"es_ES\" \/>\n<meta property=\"og:type\" content=\"article\" \/>\n<meta property=\"og:title\" content=\"\u00bfQu\u00e9 es el apego trastornado? Aprender y saber ense\u00f1ar a \u201ccerrar c\u00edrculos - 2026\" \/>\n<meta property=\"og:description\" content=\"Los especialistas sostienen que muchas perturbaciones interiores o trastornos de la personalidad est\u00e1n relacionadas...\" \/>\n<meta property=\"og:url\" content=\"https:\/\/webdelmaestrocmf.com\/portal\/que-es-el-apego-trastornado\/\" \/>\n<meta property=\"og:site_name\" content=\"Web del Maestro CMF\" \/>\n<meta property=\"article:publisher\" content=\"https:\/\/www.facebook.com\/WebdelMaestroCMF\/\" \/>\n<meta property=\"article:author\" content=\"https:\/\/www.facebook.com\/WebdelMaestroCMF\/\" \/>\n<meta property=\"article:published_time\" content=\"2018-08-12T23:46:20+00:00\" \/>\n<meta property=\"article:modified_time\" content=\"2022-03-14T01:29:37+00:00\" \/>\n<meta property=\"og:image\" content=\"https:\/\/i0.wp.com\/webdelmaestrocmf.com\/portal\/wp-content\/uploads\/2018\/08\/2-2.jpg?fit=1100%2C680&ssl=1\" \/>\n\t<meta property=\"og:image:width\" content=\"1100\" \/>\n\t<meta property=\"og:image:height\" content=\"680\" \/>\n\t<meta property=\"og:image:type\" content=\"image\/jpeg\" \/>\n<meta name=\"author\" content=\"Web del Maestro CMF\" \/>\n<meta name=\"twitter:card\" content=\"summary_large_image\" \/>\n<meta name=\"twitter:creator\" content=\"@cmf_w\" \/>\n<meta name=\"twitter:site\" content=\"@cmf_w\" \/>\n<script type=\"application\/ld+json\" class=\"yoast-schema-graph\">{\"@context\":\"https:\\\/\\\/schema.org\",\"@graph\":[{\"@type\":\"ScholarlyArticle\",\"@id\":\"https:\\\/\\\/webdelmaestrocmf.com\\\/portal\\\/que-es-el-apego-trastornado\\\/#article\",\"isPartOf\":{\"@id\":\"https:\\\/\\\/webdelmaestrocmf.com\\\/portal\\\/que-es-el-apego-trastornado\\\/\"},\"author\":{\"name\":\"Web del Maestro CMF\",\"@id\":\"https:\\\/\\\/webdelmaestrocmf.com\\\/portal\\\/#\\\/schema\\\/person\\\/ebc57e23d318c9c4270c6f41367015b5\"},\"headline\":\"\u00bfQu\u00e9 es el apego trastornado? Aprender y saber ense\u00f1ar a \u201ccerrar c\u00edrculos\",\"datePublished\":\"2018-08-12T23:46:20+00:00\",\"dateModified\":\"2022-03-14T01:29:37+00:00\",\"mainEntityOfPage\":{\"@id\":\"https:\\\/\\\/webdelmaestrocmf.com\\\/portal\\\/que-es-el-apego-trastornado\\\/\"},\"wordCount\":1203,\"commentCount\":0,\"publisher\":{\"@id\":\"https:\\\/\\\/webdelmaestrocmf.com\\\/portal\\\/#organization\"},\"image\":{\"@id\":\"https:\\\/\\\/webdelmaestrocmf.com\\\/portal\\\/que-es-el-apego-trastornado\\\/#primaryimage\"},\"thumbnailUrl\":\"https:\\\/\\\/webdelmaestrocmf.com\\\/portal\\\/wp-content\\\/uploads\\\/2018\\\/08\\\/2-2.jpg\",\"keywords\":[\"APEGO\",\"COELHO\",\"PERSONALIDAD\",\"TRASTORNOS\",\"video\",\"WALTER RISO\"],\"articleSection\":[\"INTER\u00c9S\"],\"inLanguage\":\"es\",\"potentialAction\":[{\"@type\":\"CommentAction\",\"name\":\"Comment\",\"target\":[\"https:\\\/\\\/webdelmaestrocmf.com\\\/portal\\\/que-es-el-apego-trastornado\\\/#respond\"]}]},{\"@type\":\"WebPage\",\"@id\":\"https:\\\/\\\/webdelmaestrocmf.com\\\/portal\\\/que-es-el-apego-trastornado\\\/\",\"url\":\"https:\\\/\\\/webdelmaestrocmf.com\\\/portal\\\/que-es-el-apego-trastornado\\\/\",\"name\":\"\u00bfQu\u00e9 es el apego trastornado? Aprender y saber ense\u00f1ar a \u201ccerrar c\u00edrculos - 2026\",\"isPartOf\":{\"@id\":\"https:\\\/\\\/webdelmaestrocmf.com\\\/portal\\\/#website\"},\"primaryImageOfPage\":{\"@id\":\"https:\\\/\\\/webdelmaestrocmf.com\\\/portal\\\/que-es-el-apego-trastornado\\\/#primaryimage\"},\"image\":{\"@id\":\"https:\\\/\\\/webdelmaestrocmf.com\\\/portal\\\/que-es-el-apego-trastornado\\\/#primaryimage\"},\"thumbnailUrl\":\"https:\\\/\\\/webdelmaestrocmf.com\\\/portal\\\/wp-content\\\/uploads\\\/2018\\\/08\\\/2-2.jpg\",\"datePublished\":\"2018-08-12T23:46:20+00:00\",\"dateModified\":\"2022-03-14T01:29:37+00:00\",\"description\":\"Los especialistas sostienen que muchas perturbaciones interiores o trastornos de la personalidad est\u00e1n relacionadas...\",\"breadcrumb\":{\"@id\":\"https:\\\/\\\/webdelmaestrocmf.com\\\/portal\\\/que-es-el-apego-trastornado\\\/#breadcrumb\"},\"inLanguage\":\"es\",\"potentialAction\":[{\"@type\":\"ReadAction\",\"target\":[\"https:\\\/\\\/webdelmaestrocmf.com\\\/portal\\\/que-es-el-apego-trastornado\\\/\"]}]},{\"@type\":\"ImageObject\",\"inLanguage\":\"es\",\"@id\":\"https:\\\/\\\/webdelmaestrocmf.com\\\/portal\\\/que-es-el-apego-trastornado\\\/#primaryimage\",\"url\":\"https:\\\/\\\/webdelmaestrocmf.com\\\/portal\\\/wp-content\\\/uploads\\\/2018\\\/08\\\/2-2.jpg\",\"contentUrl\":\"https:\\\/\\\/webdelmaestrocmf.com\\\/portal\\\/wp-content\\\/uploads\\\/2018\\\/08\\\/2-2.jpg\",\"width\":1100,\"height\":680},{\"@type\":\"BreadcrumbList\",\"@id\":\"https:\\\/\\\/webdelmaestrocmf.com\\\/portal\\\/que-es-el-apego-trastornado\\\/#breadcrumb\",\"itemListElement\":[{\"@type\":\"ListItem\",\"position\":1,\"name\":\"Portada\",\"item\":\"https:\\\/\\\/webdelmaestrocmf.com\\\/portal\\\/\"},{\"@type\":\"ListItem\",\"position\":2,\"name\":\"INTER\u00c9S\",\"item\":\"https:\\\/\\\/webdelmaestrocmf.com\\\/portal\\\/category\\\/noticias-educacion\\\/\"},{\"@type\":\"ListItem\",\"position\":3,\"name\":\"\u00bfQu\u00e9 es el apego trastornado? Aprender y saber ense\u00f1ar a \u201ccerrar c\u00edrculos\"}]},{\"@type\":\"WebSite\",\"@id\":\"https:\\\/\\\/webdelmaestrocmf.com\\\/portal\\\/#website\",\"url\":\"https:\\\/\\\/webdelmaestrocmf.com\\\/portal\\\/\",\"name\":\"Web del Maestro CMF\",\"description\":\"Maestros al servicio de la educaci\u00f3n\",\"publisher\":{\"@id\":\"https:\\\/\\\/webdelmaestrocmf.com\\\/portal\\\/#organization\"},\"alternateName\":\"WMCMF\",\"potentialAction\":[{\"@type\":\"SearchAction\",\"target\":{\"@type\":\"EntryPoint\",\"urlTemplate\":\"https:\\\/\\\/webdelmaestrocmf.com\\\/portal\\\/?s={search_term_string}\"},\"query-input\":{\"@type\":\"PropertyValueSpecification\",\"valueRequired\":true,\"valueName\":\"search_term_string\"}}],\"inLanguage\":\"es\"},{\"@type\":\"Organization\",\"@id\":\"https:\\\/\\\/webdelmaestrocmf.com\\\/portal\\\/#organization\",\"name\":\"Web del Maestro CMF\",\"alternateName\":\"WMCMF\",\"url\":\"https:\\\/\\\/webdelmaestrocmf.com\\\/portal\\\/\",\"logo\":{\"@type\":\"ImageObject\",\"inLanguage\":\"es\",\"@id\":\"https:\\\/\\\/webdelmaestrocmf.com\\\/portal\\\/#\\\/schema\\\/logo\\\/image\\\/\",\"url\":\"https:\\\/\\\/webdelmaestrocmf.com\\\/portal\\\/wp-content\\\/uploads\\\/2023\\\/01\\\/logo-wmcmf-2.png\",\"contentUrl\":\"https:\\\/\\\/webdelmaestrocmf.com\\\/portal\\\/wp-content\\\/uploads\\\/2023\\\/01\\\/logo-wmcmf-2.png\",\"width\":200,\"height\":60,\"caption\":\"Web del Maestro CMF\"},\"image\":{\"@id\":\"https:\\\/\\\/webdelmaestrocmf.com\\\/portal\\\/#\\\/schema\\\/logo\\\/image\\\/\"},\"sameAs\":[\"https:\\\/\\\/www.facebook.com\\\/WebdelMaestroCMF\\\/\",\"https:\\\/\\\/x.com\\\/cmf_w\",\"https:\\\/\\\/www.pinterest.com\\\/WMCMF\\\/\",\"https:\\\/\\\/www.linkedin.com\\\/company\\\/web-del-maestro-cmf\\\/\",\"https:\\\/\\\/www.instagram.com\\\/wmcmf\\\/\",\"https:\\\/\\\/www.youtube.com\\\/channel\\\/UCDPSvjbdodE5sHnC3OxutHw\",\"https:\\\/\\\/mastodon.social\\\/@wmcmf\",\"https:\\\/\\\/www.tiktok.com\\\/@webdelmaestrocmf\"]},{\"@type\":\"Person\",\"@id\":\"https:\\\/\\\/webdelmaestrocmf.com\\\/portal\\\/#\\\/schema\\\/person\\\/ebc57e23d318c9c4270c6f41367015b5\",\"name\":\"Web del Maestro CMF\",\"image\":{\"@type\":\"ImageObject\",\"inLanguage\":\"es\",\"@id\":\"https:\\\/\\\/secure.gravatar.com\\\/avatar\\\/718b2df46e711f63dc8c16a160d16cc0104e961fe3c231eaaed2426975fc5e2d?s=96&d=mm&r=g\",\"url\":\"https:\\\/\\\/secure.gravatar.com\\\/avatar\\\/718b2df46e711f63dc8c16a160d16cc0104e961fe3c231eaaed2426975fc5e2d?s=96&d=mm&r=g\",\"contentUrl\":\"https:\\\/\\\/secure.gravatar.com\\\/avatar\\\/718b2df46e711f63dc8c16a160d16cc0104e961fe3c231eaaed2426975fc5e2d?s=96&d=mm&r=g\",\"caption\":\"Web del Maestro CMF\"},\"description\":\"Esta Web se cre\u00f3 sin fines de lucro, con fines educativos, cient\u00edficos y acad\u00e9micos, para personas que tengan dificultades y\\\/o inconvenientes en visualizar el material original. El objetivo es entregar recursos, compartir experiencias y materiales que ayuden a los padres de familia, maestros y estudiantes en su actualizaci\u00f3n y formaci\u00f3n permanente, en bien de la Educaci\u00f3n.\",\"sameAs\":[\"http:\\\/\\\/webdelmaestrocmf.com\\\/portal\",\"https:\\\/\\\/www.facebook.com\\\/WebdelMaestroCMF\\\/\",\"https:\\\/\\\/www.instagram.com\\\/wmcmf\\\/\",\"https:\\\/\\\/cl.linkedin.com\\\/company\\\/web-del-maestro-cmf\",\"https:\\\/\\\/www.pinterest.com\\\/WMCMF\\\/publicaciones\\\/\",\"https:\\\/\\\/x.com\\\/cmf_w\",\"https:\\\/\\\/www.youtube.com\\\/@WMCMF\"]}]}<\/script>\n<!-- \/ Yoast SEO plugin. -->","yoast_head_json":{"title":"\u00bfQu\u00e9 es el apego trastornado? Aprender y saber ense\u00f1ar a \u201ccerrar c\u00edrculos - 2026","description":"Los especialistas sostienen que muchas perturbaciones interiores o trastornos de la personalidad est\u00e1n relacionadas...","robots":{"index":"index","follow":"follow","max-snippet":"max-snippet:-1","max-image-preview":"max-image-preview:large","max-video-preview":"max-video-preview:-1"},"canonical":"https:\/\/webdelmaestrocmf.com\/portal\/que-es-el-apego-trastornado\/","og_locale":"es_ES","og_type":"article","og_title":"\u00bfQu\u00e9 es el apego trastornado? Aprender y saber ense\u00f1ar a \u201ccerrar c\u00edrculos - 2026","og_description":"Los especialistas sostienen que muchas perturbaciones interiores o trastornos de la personalidad est\u00e1n relacionadas...","og_url":"https:\/\/webdelmaestrocmf.com\/portal\/que-es-el-apego-trastornado\/","og_site_name":"Web del Maestro CMF","article_publisher":"https:\/\/www.facebook.com\/WebdelMaestroCMF\/","article_author":"https:\/\/www.facebook.com\/WebdelMaestroCMF\/","article_published_time":"2018-08-12T23:46:20+00:00","article_modified_time":"2022-03-14T01:29:37+00:00","og_image":[{"width":1100,"height":680,"url":"https:\/\/i0.wp.com\/webdelmaestrocmf.com\/portal\/wp-content\/uploads\/2018\/08\/2-2.jpg?fit=1100%2C680&ssl=1","type":"image\/jpeg"}],"author":"Web del Maestro CMF","twitter_card":"summary_large_image","twitter_creator":"@cmf_w","twitter_site":"@cmf_w","schema":{"@context":"https:\/\/schema.org","@graph":[{"@type":"ScholarlyArticle","@id":"https:\/\/webdelmaestrocmf.com\/portal\/que-es-el-apego-trastornado\/#article","isPartOf":{"@id":"https:\/\/webdelmaestrocmf.com\/portal\/que-es-el-apego-trastornado\/"},"author":{"name":"Web del Maestro CMF","@id":"https:\/\/webdelmaestrocmf.com\/portal\/#\/schema\/person\/ebc57e23d318c9c4270c6f41367015b5"},"headline":"\u00bfQu\u00e9 es el apego trastornado? Aprender y saber ense\u00f1ar a \u201ccerrar c\u00edrculos","datePublished":"2018-08-12T23:46:20+00:00","dateModified":"2022-03-14T01:29:37+00:00","mainEntityOfPage":{"@id":"https:\/\/webdelmaestrocmf.com\/portal\/que-es-el-apego-trastornado\/"},"wordCount":1203,"commentCount":0,"publisher":{"@id":"https:\/\/webdelmaestrocmf.com\/portal\/#organization"},"image":{"@id":"https:\/\/webdelmaestrocmf.com\/portal\/que-es-el-apego-trastornado\/#primaryimage"},"thumbnailUrl":"https:\/\/webdelmaestrocmf.com\/portal\/wp-content\/uploads\/2018\/08\/2-2.jpg","keywords":["APEGO","COELHO","PERSONALIDAD","TRASTORNOS","video","WALTER RISO"],"articleSection":["INTER\u00c9S"],"inLanguage":"es","potentialAction":[{"@type":"CommentAction","name":"Comment","target":["https:\/\/webdelmaestrocmf.com\/portal\/que-es-el-apego-trastornado\/#respond"]}]},{"@type":"WebPage","@id":"https:\/\/webdelmaestrocmf.com\/portal\/que-es-el-apego-trastornado\/","url":"https:\/\/webdelmaestrocmf.com\/portal\/que-es-el-apego-trastornado\/","name":"\u00bfQu\u00e9 es el apego trastornado? Aprender y saber ense\u00f1ar a \u201ccerrar c\u00edrculos - 2026","isPartOf":{"@id":"https:\/\/webdelmaestrocmf.com\/portal\/#website"},"primaryImageOfPage":{"@id":"https:\/\/webdelmaestrocmf.com\/portal\/que-es-el-apego-trastornado\/#primaryimage"},"image":{"@id":"https:\/\/webdelmaestrocmf.com\/portal\/que-es-el-apego-trastornado\/#primaryimage"},"thumbnailUrl":"https:\/\/webdelmaestrocmf.com\/portal\/wp-content\/uploads\/2018\/08\/2-2.jpg","datePublished":"2018-08-12T23:46:20+00:00","dateModified":"2022-03-14T01:29:37+00:00","description":"Los especialistas sostienen que muchas perturbaciones interiores o trastornos de la personalidad est\u00e1n relacionadas...","breadcrumb":{"@id":"https:\/\/webdelmaestrocmf.com\/portal\/que-es-el-apego-trastornado\/#breadcrumb"},"inLanguage":"es","potentialAction":[{"@type":"ReadAction","target":["https:\/\/webdelmaestrocmf.com\/portal\/que-es-el-apego-trastornado\/"]}]},{"@type":"ImageObject","inLanguage":"es","@id":"https:\/\/webdelmaestrocmf.com\/portal\/que-es-el-apego-trastornado\/#primaryimage","url":"https:\/\/webdelmaestrocmf.com\/portal\/wp-content\/uploads\/2018\/08\/2-2.jpg","contentUrl":"https:\/\/webdelmaestrocmf.com\/portal\/wp-content\/uploads\/2018\/08\/2-2.jpg","width":1100,"height":680},{"@type":"BreadcrumbList","@id":"https:\/\/webdelmaestrocmf.com\/portal\/que-es-el-apego-trastornado\/#breadcrumb","itemListElement":[{"@type":"ListItem","position":1,"name":"Portada","item":"https:\/\/webdelmaestrocmf.com\/portal\/"},{"@type":"ListItem","position":2,"name":"INTER\u00c9S","item":"https:\/\/webdelmaestrocmf.com\/portal\/category\/noticias-educacion\/"},{"@type":"ListItem","position":3,"name":"\u00bfQu\u00e9 es el apego trastornado? Aprender y saber ense\u00f1ar a \u201ccerrar c\u00edrculos"}]},{"@type":"WebSite","@id":"https:\/\/webdelmaestrocmf.com\/portal\/#website","url":"https:\/\/webdelmaestrocmf.com\/portal\/","name":"Web del Maestro CMF","description":"Maestros al servicio de la educaci\u00f3n","publisher":{"@id":"https:\/\/webdelmaestrocmf.com\/portal\/#organization"},"alternateName":"WMCMF","potentialAction":[{"@type":"SearchAction","target":{"@type":"EntryPoint","urlTemplate":"https:\/\/webdelmaestrocmf.com\/portal\/?s={search_term_string}"},"query-input":{"@type":"PropertyValueSpecification","valueRequired":true,"valueName":"search_term_string"}}],"inLanguage":"es"},{"@type":"Organization","@id":"https:\/\/webdelmaestrocmf.com\/portal\/#organization","name":"Web del Maestro CMF","alternateName":"WMCMF","url":"https:\/\/webdelmaestrocmf.com\/portal\/","logo":{"@type":"ImageObject","inLanguage":"es","@id":"https:\/\/webdelmaestrocmf.com\/portal\/#\/schema\/logo\/image\/","url":"https:\/\/webdelmaestrocmf.com\/portal\/wp-content\/uploads\/2023\/01\/logo-wmcmf-2.png","contentUrl":"https:\/\/webdelmaestrocmf.com\/portal\/wp-content\/uploads\/2023\/01\/logo-wmcmf-2.png","width":200,"height":60,"caption":"Web del Maestro CMF"},"image":{"@id":"https:\/\/webdelmaestrocmf.com\/portal\/#\/schema\/logo\/image\/"},"sameAs":["https:\/\/www.facebook.com\/WebdelMaestroCMF\/","https:\/\/x.com\/cmf_w","https:\/\/www.pinterest.com\/WMCMF\/","https:\/\/www.linkedin.com\/company\/web-del-maestro-cmf\/","https:\/\/www.instagram.com\/wmcmf\/","https:\/\/www.youtube.com\/channel\/UCDPSvjbdodE5sHnC3OxutHw","https:\/\/mastodon.social\/@wmcmf","https:\/\/www.tiktok.com\/@webdelmaestrocmf"]},{"@type":"Person","@id":"https:\/\/webdelmaestrocmf.com\/portal\/#\/schema\/person\/ebc57e23d318c9c4270c6f41367015b5","name":"Web del Maestro CMF","image":{"@type":"ImageObject","inLanguage":"es","@id":"https:\/\/secure.gravatar.com\/avatar\/718b2df46e711f63dc8c16a160d16cc0104e961fe3c231eaaed2426975fc5e2d?s=96&d=mm&r=g","url":"https:\/\/secure.gravatar.com\/avatar\/718b2df46e711f63dc8c16a160d16cc0104e961fe3c231eaaed2426975fc5e2d?s=96&d=mm&r=g","contentUrl":"https:\/\/secure.gravatar.com\/avatar\/718b2df46e711f63dc8c16a160d16cc0104e961fe3c231eaaed2426975fc5e2d?s=96&d=mm&r=g","caption":"Web del Maestro CMF"},"description":"Esta Web se cre\u00f3 sin fines de lucro, con fines educativos, cient\u00edficos y acad\u00e9micos, para personas que tengan dificultades y\/o inconvenientes en visualizar el material original. El objetivo es entregar recursos, compartir experiencias y materiales que ayuden a los padres de familia, maestros y estudiantes en su actualizaci\u00f3n y formaci\u00f3n permanente, en bien de la Educaci\u00f3n.","sameAs":["http:\/\/webdelmaestrocmf.com\/portal","https:\/\/www.facebook.com\/WebdelMaestroCMF\/","https:\/\/www.instagram.com\/wmcmf\/","https:\/\/cl.linkedin.com\/company\/web-del-maestro-cmf","https:\/\/www.pinterest.com\/WMCMF\/publicaciones\/","https:\/\/x.com\/cmf_w","https:\/\/www.youtube.com\/@WMCMF"]}]}},"jetpack_featured_media_url":"https:\/\/webdelmaestrocmf.com\/portal\/wp-content\/uploads\/2018\/08\/2-2.jpg","jetpack_sharing_enabled":true,"jetpack-related-posts":[{"id":29480,"url":"https:\/\/webdelmaestrocmf.com\/portal\/papa-francisco-quien-tenga-apego-a-las-cosas-materiales-no-se-meta-en-politica\/","url_meta":{"origin":30320,"position":0},"title":"Papa Francisco: Quien tenga apego a las cosas materiales, no se meta en pol\u00edtica","author":"Web del Maestro CMF","date":"26 julio, 2018","format":false,"excerpt":"El Papa Francisco afirma que \u201cla sed del apego a las riquezas no termina nunca. Si tienes el coraz\u00f3n apegado a las riquezas \u2013cuando se tienen tantas\u2013 quieres m\u00e1s. Y esto es el dios de la persona que est\u00e1 apegada a las riquezas\u201d. (19\/10\/2015). \u201cEl apego a lo que amamos,\u2026","rel":"","context":"En \u00abInformativo\u00bb","block_context":{"text":"Informativo","link":"https:\/\/webdelmaestrocmf.com\/portal\/category\/noticias\/informativo\/"},"img":{"alt_text":"","src":"https:\/\/i0.wp.com\/webdelmaestrocmf.com\/portal\/wp-content\/uploads\/2018\/02\/franciscopapa.jpg?resize=350%2C200&ssl=1","width":350,"height":200,"srcset":"https:\/\/i0.wp.com\/webdelmaestrocmf.com\/portal\/wp-content\/uploads\/2018\/02\/franciscopapa.jpg?resize=350%2C200&ssl=1 1x, https:\/\/i0.wp.com\/webdelmaestrocmf.com\/portal\/wp-content\/uploads\/2018\/02\/franciscopapa.jpg?resize=525%2C300&ssl=1 1.5x, https:\/\/i0.wp.com\/webdelmaestrocmf.com\/portal\/wp-content\/uploads\/2018\/02\/franciscopapa.jpg?resize=700%2C400&ssl=1 2x"},"classes":[]},{"id":38651,"url":"https:\/\/webdelmaestrocmf.com\/portal\/rafael-guerrero-los-educadores-sin-recursos-ni-estrategias-suficientes-en-educacion-emocional-son-analfabetos-emocionales\/","url_meta":{"origin":30320,"position":1},"title":"Rafael Guerrero: Los educadores sin recursos ni estrategias suficientes en educaci\u00f3n emocional, son \u00abanalfabetos emocionales\u00bb","author":"Web del Maestro CMF","date":"2 agosto, 2019","format":false,"excerpt":"El licenciado en Psicolog\u00eda Cl\u00ednica y de la Salud por la Universidad Complutense de Madrid (UCM) Rafael Guerrero Tom\u00e1s, de nacionalidad espa\u00f1ola, es tambi\u00e9n Doctor en Educaci\u00f3n, experto en trastornos del aprendizaje y problemas de conducta, y se ha desempe\u00f1ado como profesor y orientador escolar. Es autor de los libros:\u2026","rel":"","context":"En \u00abEntrevistas\u00bb","block_context":{"text":"Entrevistas","link":"https:\/\/webdelmaestrocmf.com\/portal\/category\/noticias\/entrevistas\/"},"img":{"alt_text":"","src":"https:\/\/i0.wp.com\/webdelmaestrocmf.com\/portal\/wp-content\/uploads\/2019\/08\/2.jpg?resize=350%2C200&ssl=1","width":350,"height":200,"srcset":"https:\/\/i0.wp.com\/webdelmaestrocmf.com\/portal\/wp-content\/uploads\/2019\/08\/2.jpg?resize=350%2C200&ssl=1 1x, https:\/\/i0.wp.com\/webdelmaestrocmf.com\/portal\/wp-content\/uploads\/2019\/08\/2.jpg?resize=525%2C300&ssl=1 1.5x, https:\/\/i0.wp.com\/webdelmaestrocmf.com\/portal\/wp-content\/uploads\/2019\/08\/2.jpg?resize=700%2C400&ssl=1 2x, https:\/\/i0.wp.com\/webdelmaestrocmf.com\/portal\/wp-content\/uploads\/2019\/08\/2.jpg?resize=1050%2C600&ssl=1 3x"},"classes":[]},{"id":44394,"url":"https:\/\/webdelmaestrocmf.com\/portal\/jorge-barudy-las-neuronas-espejo-se-recuperan-en-ambientes-amorosos-donde-fluye-la-empatia\/","url_meta":{"origin":30320,"position":2},"title":"Jorge Barudy: Las neuronas espejo se recuperan en ambientes amorosos, donde fluye la empat\u00eda","author":"Web del Maestro CMF","date":"22 noviembre, 2024","format":false,"excerpt":"El Neuropsiquiatra chileno formado en B\u00e9lgica, residente en Espa\u00f1a y especialista en psiquiatr\u00eda infantil y familiar, Jorge Barudy es entrevistado por el psic\u00f3logo Jos\u00e9 Luis Gonzalo Marrod\u00e1n, para el Blog Buenos Tratos, por ABC (Espa\u00f1a) y por el periodista David Noriega para EL DIARIO (Espa\u00f1a), sobre temas que, como docentes,\u2026","rel":"","context":"En \u00abEntrevistas\u00bb","block_context":{"text":"Entrevistas","link":"https:\/\/webdelmaestrocmf.com\/portal\/category\/noticias\/entrevistas\/"},"img":{"alt_text":"","src":"https:\/\/i0.wp.com\/webdelmaestrocmf.com\/portal\/wp-content\/uploads\/2020\/07\/1-23.jpg?resize=350%2C200&ssl=1","width":350,"height":200,"srcset":"https:\/\/i0.wp.com\/webdelmaestrocmf.com\/portal\/wp-content\/uploads\/2020\/07\/1-23.jpg?resize=350%2C200&ssl=1 1x, https:\/\/i0.wp.com\/webdelmaestrocmf.com\/portal\/wp-content\/uploads\/2020\/07\/1-23.jpg?resize=525%2C300&ssl=1 1.5x, https:\/\/i0.wp.com\/webdelmaestrocmf.com\/portal\/wp-content\/uploads\/2020\/07\/1-23.jpg?resize=700%2C400&ssl=1 2x"},"classes":[]},{"id":75455,"url":"https:\/\/webdelmaestrocmf.com\/portal\/el-uso-abusivo-de-los-dispositivos-tecnologicos-disminuye-la-capacidad-de-concentracion\/","url_meta":{"origin":30320,"position":3},"title":"Rafa Guerrero: El uso abusivo de los dispositivos tecnol\u00f3gicos disminuye la capacidad de concentraci\u00f3n","author":"Web del Maestro CMF","date":"30 marzo, 2023","format":"video","excerpt":"El experto en inteligencia emocional, Rafa Guerrero, es Doctor en Educaci\u00f3n, licenciado en Psicolog\u00eda Cl\u00ednica y de la Salud por la Universidad Complutense de Madrid (UCM), experto en Psicolog\u00eda Educativa, M\u00e1ster en Psicoterapia Breve, experto en TDAH, trastornos del aprendizaje y problemas de conducta, en Psicoterapia Breve con ni\u00f1os y\u2026","rel":"","context":"En \u00abCharlas\u00bb","block_context":{"text":"Charlas","link":"https:\/\/webdelmaestrocmf.com\/portal\/category\/charlas\/"},"img":{"alt_text":"","src":"https:\/\/i0.wp.com\/webdelmaestrocmf.com\/portal\/wp-content\/uploads\/2022\/03\/Banner-Facebook-2023-5.jpg?resize=350%2C200&ssl=1","width":350,"height":200,"srcset":"https:\/\/i0.wp.com\/webdelmaestrocmf.com\/portal\/wp-content\/uploads\/2022\/03\/Banner-Facebook-2023-5.jpg?resize=350%2C200&ssl=1 1x, https:\/\/i0.wp.com\/webdelmaestrocmf.com\/portal\/wp-content\/uploads\/2022\/03\/Banner-Facebook-2023-5.jpg?resize=525%2C300&ssl=1 1.5x, https:\/\/i0.wp.com\/webdelmaestrocmf.com\/portal\/wp-content\/uploads\/2022\/03\/Banner-Facebook-2023-5.jpg?resize=700%2C400&ssl=1 2x"},"classes":[]},{"id":64620,"url":"https:\/\/webdelmaestrocmf.com\/portal\/que-es-la-flexibilidad-cognitiva-y-por-que-es-clave-para-el-aprendizaje-y-la-creatividad\/","url_meta":{"origin":30320,"position":4},"title":"Qu\u00e9 es la \u00abflexibilidad cognitiva\u00bb y por qu\u00e9 es clave para el aprendizaje y la creatividad","author":"Web del Maestro CMF","date":"1 julio, 2021","format":false,"excerpt":"El coeficiente intelectual (CI) a menudo es aclamado como un motor fundamental del \u00e9xito, especialmente en campos como la ciencia, la innovaci\u00f3n y la tecnolog\u00eda. De hecho, muchas personas sienten una fascinaci\u00f3n infinita por las puntuaciones de coeficiente intelectual de las personas famosas. Pero la verdad es que algunos de\u2026","rel":"","context":"En \u00abPedagog\u00eda\u00bb","block_context":{"text":"Pedagog\u00eda","link":"https:\/\/webdelmaestrocmf.com\/portal\/category\/pedagogia\/educacion-pedagogia\/"},"img":{"alt_text":"","src":"https:\/\/i0.wp.com\/webdelmaestrocmf.com\/portal\/wp-content\/uploads\/2021\/07\/1-6.jpeg?resize=350%2C200&ssl=1","width":350,"height":200,"srcset":"https:\/\/i0.wp.com\/webdelmaestrocmf.com\/portal\/wp-content\/uploads\/2021\/07\/1-6.jpeg?resize=350%2C200&ssl=1 1x, https:\/\/i0.wp.com\/webdelmaestrocmf.com\/portal\/wp-content\/uploads\/2021\/07\/1-6.jpeg?resize=525%2C300&ssl=1 1.5x, https:\/\/i0.wp.com\/webdelmaestrocmf.com\/portal\/wp-content\/uploads\/2021\/07\/1-6.jpeg?resize=700%2C400&ssl=1 2x, https:\/\/i0.wp.com\/webdelmaestrocmf.com\/portal\/wp-content\/uploads\/2021\/07\/1-6.jpeg?resize=1050%2C600&ssl=1 3x"},"classes":[]},{"id":109187,"url":"https:\/\/webdelmaestrocmf.com\/portal\/erica-komisar-un-padre-sano-tiene-autoestima-controla-sus-emociones-es-empatico-y-cria-hijos-sanos\/","url_meta":{"origin":30320,"position":5},"title":"Erica Komisar: \u00abUn padre sano tiene autoestima, controla sus emociones, es emp\u00e1tico y cr\u00eda hijos sanos\u00bb","author":"Web del Maestro CMF","date":"5 junio, 2025","format":false,"excerpt":"\u00bfQu\u00e9 significa realmente ser un padre sano? \u00bfPor qu\u00e9 los problemas emocionales de los adultos impactan tan profundamente en los hijos? \u00bfQu\u00e9 relaci\u00f3n existe entre el estr\u00e9s, el TDAH y la crianza? Erica Komisar, psic\u00f3loga y psicoanalista con m\u00e1s de 40 a\u00f1os de experiencia cl\u00ednica, lleva d\u00e9cadas abordando estas preguntas.\u2026","rel":"","context":"En \u00abEntrevistas\u00bb","block_context":{"text":"Entrevistas","link":"https:\/\/webdelmaestrocmf.com\/portal\/category\/noticias\/entrevistas\/"},"img":{"alt_text":"","src":"https:\/\/i0.wp.com\/webdelmaestrocmf.com\/portal\/wp-content\/uploads\/2025\/06\/1A-Banner-1-portada-imagen-10-1-1-1.jpg?resize=350%2C200&ssl=1","width":350,"height":200,"srcset":"https:\/\/i0.wp.com\/webdelmaestrocmf.com\/portal\/wp-content\/uploads\/2025\/06\/1A-Banner-1-portada-imagen-10-1-1-1.jpg?resize=350%2C200&ssl=1 1x, https:\/\/i0.wp.com\/webdelmaestrocmf.com\/portal\/wp-content\/uploads\/2025\/06\/1A-Banner-1-portada-imagen-10-1-1-1.jpg?resize=525%2C300&ssl=1 1.5x, https:\/\/i0.wp.com\/webdelmaestrocmf.com\/portal\/wp-content\/uploads\/2025\/06\/1A-Banner-1-portada-imagen-10-1-1-1.jpg?resize=700%2C400&ssl=1 2x"},"classes":[]}],"_links":{"self":[{"href":"https:\/\/webdelmaestrocmf.com\/portal\/wp-json\/wp\/v2\/posts\/30320","targetHints":{"allow":["GET"]}}],"collection":[{"href":"https:\/\/webdelmaestrocmf.com\/portal\/wp-json\/wp\/v2\/posts"}],"about":[{"href":"https:\/\/webdelmaestrocmf.com\/portal\/wp-json\/wp\/v2\/types\/post"}],"author":[{"embeddable":true,"href":"https:\/\/webdelmaestrocmf.com\/portal\/wp-json\/wp\/v2\/users\/2"}],"replies":[{"embeddable":true,"href":"https:\/\/webdelmaestrocmf.com\/portal\/wp-json\/wp\/v2\/comments?post=30320"}],"version-history":[{"count":0,"href":"https:\/\/webdelmaestrocmf.com\/portal\/wp-json\/wp\/v2\/posts\/30320\/revisions"}],"wp:featuredmedia":[{"embeddable":true,"href":"https:\/\/webdelmaestrocmf.com\/portal\/wp-json\/wp\/v2\/media\/30328"}],"wp:attachment":[{"href":"https:\/\/webdelmaestrocmf.com\/portal\/wp-json\/wp\/v2\/media?parent=30320"}],"wp:term":[{"taxonomy":"category","embeddable":true,"href":"https:\/\/webdelmaestrocmf.com\/portal\/wp-json\/wp\/v2\/categories?post=30320"},{"taxonomy":"post_tag","embeddable":true,"href":"https:\/\/webdelmaestrocmf.com\/portal\/wp-json\/wp\/v2\/tags?post=30320"}],"curies":[{"name":"wp","href":"https:\/\/api.w.org\/{rel}","templated":true}]}}