{"id":30131,"date":"2018-08-08T12:35:51","date_gmt":"2018-08-08T16:35:51","guid":{"rendered":"http:\/\/webdelmaestrocmf.com\/portal\/?p=30131"},"modified":"2022-08-15T22:01:51","modified_gmt":"2022-08-16T02:01:51","slug":"trastorno-de-deficit-de-atencion-en-adultos-tdah-un-problema-que-se-esta-diagnosticando-con-frecuencia","status":"publish","type":"post","link":"https:\/\/webdelmaestrocmf.com\/portal\/trastorno-de-deficit-de-atencion-en-adultos-tdah-un-problema-que-se-esta-diagnosticando-con-frecuencia\/","title":{"rendered":"Trastorno de d\u00e9ficit de atenci\u00f3n en adultos: un problema que se est\u00e1 diagnosticando con frecuencia"},"content":{"rendered":"<h5 style=\"text-align: justify;\">La Fundaci\u00f3n CADAH (Cantabria Ayuda al D\u00e9ficit de Atenci\u00f3n e Hiperactividad),\u00a0 nos dice que \u201clos ni\u00f1os con TDAH a menudo presentan <strong>necesidades educativas espec\u00edficas<\/strong>, y por ello es <strong>fundamental coordinar el trabajo<\/strong> de los ni\u00f1os en el aula con servicios de apoyo y orientaci\u00f3n que sirvan de gu\u00eda para la labor escolar con ellos. (Miranda et al, 1999), pues \u201clas investigaciones actuales muestran que <strong>hasta un 70 por ciento <\/strong>de los ni\u00f1os que presentaban TDAH en la infancia <strong>contin\u00faan teniendo dificultades en la vida adulta\u201d, <\/strong>y se presentan \u201calteraciones en el rendimiento acad\u00e9mico, la adaptaci\u00f3n al medio laboral, las relaciones interpersonales, los problemas en la conducci\u00f3n de veh\u00edculos, as\u00ed como en el estado mental y un elevado riesgo de consumo de sustancias t\u00f3xicas\u201d.<a href=\"https:\/\/www.fundacioncadah.org\/web\/articulo\/tdah-en-adultos.html\" target=\"_blank\" rel=\"noopener\"> <strong>\u00bfC\u00d3MO RECONOCER A UN ADULTO CON TDAH?<\/strong><\/a><\/h5>\n<p><!--more--><\/p>\n<p style=\"text-align: justify;\">El Trastorno de D\u00e9ficit de Atenci\u00f3n e Hiperactividad (TDAH) es un trastorno del desarrollo que en la mayor\u00eda de los casos <strong>se pone de manifiesto en la ni\u00f1ez o en la adolescencia<\/strong>., y en los adultos es diferente.<\/p>\n<p style=\"text-align: justify;\">\u201cEn parte porque hay una <strong>notable reducci\u00f3n de la sintomatolog\u00eda hiperactiva<\/strong> respecto al d\u00e9ficit de atenci\u00f3n. En el paso de la infancia a la edad adulta, disminuyen los s\u00edntomas de hiperactividad que se pueden manifestar en inquietud, mientras que <strong>los s\u00edntomas de inatenci\u00f3n <\/strong>se suelen manifestar en dificultades a la hora de llevar a cabo tareas como problemas de atenci\u00f3n y concentraci\u00f3n, desorganizaci\u00f3n e incapacidad para organizar trabajos o tareas, dificultad para iniciar y finalizar proyectos, problemas de gesti\u00f3n del tiempo, facilidad para olvidarse de las cosas (cumplir plazos de entrega, centrarse en una tarea concreta\u2026) que pueden afectar su funcionalidad en varios aspectos de la vida\u201d. <a href=\"http:\/\/www.tdahytu.es\/tdah-en-adultos\/\" target=\"_blank\" rel=\"noopener\"><strong>TDAH EN ADULTOS.<\/strong><\/a><\/p>\n<p style=\"text-align: justify;\">Como educadores, debemos conocer que seg\u00fan algunos especialistas una vez diagnosticado el <a href=\"http:\/\/webdelmaestrocmf.com\/portal\/historia-de-un-nino-diagnosticado-con-tdah-informacion-basica\/\" target=\"_blank\" rel=\"noopener\">TDAH en nuestros ni\u00f1os y j\u00f3venes<\/a>, dos de cada tres (66%), se curan del todo con un tratamiento m\u00e9dico integral. Para otros contin\u00faa en la edad adulta. Sin embargo, todos coinciden que sabiendo apoyarles en el desarrollo de sus fortalezas, estructurar sus entornos y utilizar medicamentos cuando es necesario, al llegar a la vida adulta con TDAH pueden tener vidas muy productivas. Incluso llegan a ser muy eficientes en algunas profesiones, por tener un patr\u00f3n de comportamiento con un alto nivel de energ\u00eda puede ser una ventaja.\u00a0<a href=\"https:\/\/www.healthychildren.org\/spanish\/health-issues\/conditions\/adhd\/paginas\/treatment-of-adhd-and-related-disorders.aspx\" target=\"_blank\" rel=\"noopener\"><strong>TRATAMIENTO Y PRON\u00d3STICO PARA LOS NI\u00d1OS CON TDAH.<\/strong><\/a><\/p>\n<p><iframe loading=\"lazy\" src=\"https:\/\/www.youtube.com\/embed\/NLoFQtpN5Zw\" width=\"100%\" height=\"400\" frameborder=\"0\" allowfullscreen=\"allowfullscreen\"><span data-mce-type=\"bookmark\" style=\"display: inline-block; width: 0px; overflow: hidden; line-height: 0;\" class=\"mce_SELRES_start\">\ufeff<\/span><span data-mce-type=\"bookmark\" style=\"display: inline-block; width: 0px; overflow: hidden; line-height: 0;\" class=\"mce_SELRES_start\">\ufeff<\/span><\/iframe><\/p>\n<p style=\"text-align: justify;\">Por motivos \u00fanicamente educativos, compartimos el enlace colgado en YouTube por REDACCI\u00d3N M\u00c9DICA, como un apoyo a tarea educativa escolar (sobre todo en aquellos lugares donde no es tan f\u00e1cil encontrar especialistas) por ser un canal serio que recoge los v\u00eddeos generados por la web de informaci\u00f3n en redes sociales. <a href=\"https:\/\/www.redaccionmedica.com\/\" target=\"_blank\" rel=\"noopener\"><strong>REDACCI\u00d3N M\u00c9DICA.<\/strong><\/a><\/p>\n<p style=\"text-align: right;\"><strong>REDACCI\u00d3N WEB DEL MAESTRO CMF<\/strong><\/p>\n\t\t<div class=\"pk-inline-posts\">\n\t\t\t\n\t\t\t<div class=\"pk-inline-posts-container pk-inline-posts-template-list\"\n\t\t\t\tdata-columns=\"1\">\n\t\t\t\t\t\t<article id=\"post-26784\" class=\"post-26784 post type-post status-publish format-video has-post-thumbnail category-noticias-educacion tag-envidia tag-sindrome tag-solomon post_format-post-format-video cs-entry cs-video-wrap\">\n\t\t\t<div class=\"pk-post-outer\">\n\n\t\t\t\t\t\t\t\t<div class=\"pk-post-inner\">\n\t\t\t\t\t<div class=\"entry-thumbnail\">\n\t\t\t\t\t\t<div class=\"pk-overlay pk-overlay-ratio pk-ratio-landscape\">\n\t\t\t\t\t\t\t<div class=\"pk-overlay-background\">\n\t\t\t\t\t\t\t\t<a href=\"https:\/\/webdelmaestrocmf.com\/portal\/la-envidia-y-el-sindrome-de-solomon\/\" class=\"pk-overlay-link\">\n\t\t\t\t\t\t\t\t\t<img loading=\"lazy\" decoding=\"async\" width=\"300\" height=\"225\" src=\"https:\/\/webdelmaestrocmf.com\/portal\/wp-content\/uploads\/2021\/03\/1A-Banner-1-portada-imagen-10-1-copia-300x225.webp\" class=\"attachment-pk-thumbnail size-pk-thumbnail wp-post-image\" alt=\"\" \/>\t\t\t\t\t\t\t\t<\/a>\n\t\t\t\t\t\t\t<\/div>\n\t\t\t\t\t\t<\/div>\n\t\t\t\t\t<\/div>\n\t\t\t\t<\/div>\n\t\t\t\t\n\t\t\t\t<div class=\"pk-post-inner\">\n\t\t\t\t\t<header>\n\t\t\t\t\t\t<h3 class=\"pk-title\"><a href=\"https:\/\/webdelmaestrocmf.com\/portal\/la-envidia-y-el-sindrome-de-solomon\/\" rel=\"bookmark\">La envidia y el s\u00edndrome de solomon<\/a><\/h3>\t\t\t\t\t<\/header><!-- .entry-header -->\n\t\t\t\t<\/div><!-- .post-inner -->\n\n\t\t\t<\/div><!-- .post-outer -->\n\t\t<\/article>\n\t\t\t\t<\/div>\n\t\t<\/div>\n\t\t\n","protected":false},"excerpt":{"rendered":"La Fundaci\u00f3n CADAH (Cantabria Ayuda al D\u00e9ficit de Atenci\u00f3n e Hiperactividad),\u00a0 nos dice que \u201clos ni\u00f1os con TDAH&hellip;","protected":false},"author":2,"featured_media":79466,"comment_status":"open","ping_status":"closed","sticky":false,"template":"","format":"standard","meta":{"csco_display_header_overlay":false,"csco_singular_sidebar":"default","csco_page_header_type":"default","csco_page_load_nextpost":"default","csco_post_video_location":[],"csco_post_video_location_hash":"","csco_post_video_url":"","csco_post_video_bg_start_time":0,"csco_post_video_bg_end_time":0,"csco_post_video_bg_volume":false,"_jetpack_memberships_contains_paid_content":false,"footnotes":""},"categories":[3721],"tags":[1016,691,2099,1000],"class_list":{"0":"post-30131","1":"post","2":"type-post","3":"status-publish","4":"format-standard","5":"has-post-thumbnail","7":"category-noticias-educacion","8":"tag-adultos","9":"tag-atencion","10":"tag-deficit","11":"tag-trastorno","12":"cs-entry","13":"cs-video-wrap"},"yoast_head":"<!-- This site is optimized with the Yoast SEO plugin v27.5 - https:\/\/yoast.com\/product\/yoast-seo-wordpress\/ -->\n<title>Trastorno de d\u00e9ficit de atenci\u00f3n en adultos: un problema que se est\u00e1 diagnosticando con frecuencia - 2026<\/title>\n<meta name=\"description\" content=\"El Trastorno de D\u00e9ficit de Atenci\u00f3n e Hiperactividad (TDAH) es un trastorno del desarrollo que en la mayor\u00eda de...\" \/>\n<meta name=\"robots\" content=\"index, follow, max-snippet:-1, max-image-preview:large, max-video-preview:-1\" \/>\n<link rel=\"canonical\" href=\"https:\/\/webdelmaestrocmf.com\/portal\/trastorno-de-deficit-de-atencion-en-adultos-tdah-un-problema-que-se-esta-diagnosticando-con-frecuencia\/\" \/>\n<meta property=\"og:locale\" content=\"es_ES\" \/>\n<meta property=\"og:type\" content=\"article\" \/>\n<meta property=\"og:title\" content=\"Trastorno de d\u00e9ficit de atenci\u00f3n en adultos: un problema que se est\u00e1 diagnosticando con frecuencia - 2026\" \/>\n<meta property=\"og:description\" content=\"El Trastorno de D\u00e9ficit de Atenci\u00f3n e Hiperactividad (TDAH) es un trastorno del desarrollo que en la mayor\u00eda de...\" \/>\n<meta property=\"og:url\" content=\"https:\/\/webdelmaestrocmf.com\/portal\/trastorno-de-deficit-de-atencion-en-adultos-tdah-un-problema-que-se-esta-diagnosticando-con-frecuencia\/\" \/>\n<meta property=\"og:site_name\" content=\"Web del Maestro CMF\" \/>\n<meta property=\"article:publisher\" content=\"https:\/\/www.facebook.com\/WebdelMaestroCMF\/\" \/>\n<meta property=\"article:author\" content=\"https:\/\/www.facebook.com\/WebdelMaestroCMF\/\" \/>\n<meta property=\"article:published_time\" content=\"2018-08-08T16:35:51+00:00\" \/>\n<meta property=\"article:modified_time\" content=\"2022-08-16T02:01:51+00:00\" \/>\n<meta property=\"og:image\" content=\"https:\/\/i0.wp.com\/webdelmaestrocmf.com\/portal\/wp-content\/uploads\/2018\/08\/1-3.jpg?fit=900%2C556&ssl=1\" \/>\n\t<meta property=\"og:image:width\" content=\"900\" \/>\n\t<meta property=\"og:image:height\" content=\"556\" \/>\n\t<meta property=\"og:image:type\" content=\"image\/jpeg\" \/>\n<meta name=\"author\" content=\"Web del Maestro CMF\" \/>\n<meta name=\"twitter:card\" content=\"summary_large_image\" \/>\n<meta name=\"twitter:creator\" content=\"@cmf_w\" \/>\n<meta name=\"twitter:site\" content=\"@cmf_w\" \/>\n<script type=\"application\/ld+json\" class=\"yoast-schema-graph\">{\"@context\":\"https:\\\/\\\/schema.org\",\"@graph\":[{\"@type\":\"ScholarlyArticle\",\"@id\":\"https:\\\/\\\/webdelmaestrocmf.com\\\/portal\\\/trastorno-de-deficit-de-atencion-en-adultos-tdah-un-problema-que-se-esta-diagnosticando-con-frecuencia\\\/#article\",\"isPartOf\":{\"@id\":\"https:\\\/\\\/webdelmaestrocmf.com\\\/portal\\\/trastorno-de-deficit-de-atencion-en-adultos-tdah-un-problema-que-se-esta-diagnosticando-con-frecuencia\\\/\"},\"author\":{\"name\":\"Web del Maestro CMF\",\"@id\":\"https:\\\/\\\/webdelmaestrocmf.com\\\/portal\\\/#\\\/schema\\\/person\\\/ebc57e23d318c9c4270c6f41367015b5\"},\"headline\":\"Trastorno de d\u00e9ficit de atenci\u00f3n en adultos: un problema que se est\u00e1 diagnosticando con frecuencia\",\"datePublished\":\"2018-08-08T16:35:51+00:00\",\"dateModified\":\"2022-08-16T02:01:51+00:00\",\"mainEntityOfPage\":{\"@id\":\"https:\\\/\\\/webdelmaestrocmf.com\\\/portal\\\/trastorno-de-deficit-de-atencion-en-adultos-tdah-un-problema-que-se-esta-diagnosticando-con-frecuencia\\\/\"},\"wordCount\":506,\"commentCount\":0,\"publisher\":{\"@id\":\"https:\\\/\\\/webdelmaestrocmf.com\\\/portal\\\/#organization\"},\"image\":{\"@id\":\"https:\\\/\\\/webdelmaestrocmf.com\\\/portal\\\/trastorno-de-deficit-de-atencion-en-adultos-tdah-un-problema-que-se-esta-diagnosticando-con-frecuencia\\\/#primaryimage\"},\"thumbnailUrl\":\"https:\\\/\\\/webdelmaestrocmf.com\\\/portal\\\/wp-content\\\/uploads\\\/2018\\\/08\\\/1-3.jpg\",\"keywords\":[\"ADULTOS\",\"ATENCI\u00d3N\",\"D\u00c9FICIT\",\"TRASTORNO\"],\"articleSection\":[\"INTER\u00c9S\"],\"inLanguage\":\"es\",\"potentialAction\":[{\"@type\":\"CommentAction\",\"name\":\"Comment\",\"target\":[\"https:\\\/\\\/webdelmaestrocmf.com\\\/portal\\\/trastorno-de-deficit-de-atencion-en-adultos-tdah-un-problema-que-se-esta-diagnosticando-con-frecuencia\\\/#respond\"]}]},{\"@type\":\"WebPage\",\"@id\":\"https:\\\/\\\/webdelmaestrocmf.com\\\/portal\\\/trastorno-de-deficit-de-atencion-en-adultos-tdah-un-problema-que-se-esta-diagnosticando-con-frecuencia\\\/\",\"url\":\"https:\\\/\\\/webdelmaestrocmf.com\\\/portal\\\/trastorno-de-deficit-de-atencion-en-adultos-tdah-un-problema-que-se-esta-diagnosticando-con-frecuencia\\\/\",\"name\":\"Trastorno de d\u00e9ficit de atenci\u00f3n en adultos: un problema que se est\u00e1 diagnosticando con frecuencia - 2026\",\"isPartOf\":{\"@id\":\"https:\\\/\\\/webdelmaestrocmf.com\\\/portal\\\/#website\"},\"primaryImageOfPage\":{\"@id\":\"https:\\\/\\\/webdelmaestrocmf.com\\\/portal\\\/trastorno-de-deficit-de-atencion-en-adultos-tdah-un-problema-que-se-esta-diagnosticando-con-frecuencia\\\/#primaryimage\"},\"image\":{\"@id\":\"https:\\\/\\\/webdelmaestrocmf.com\\\/portal\\\/trastorno-de-deficit-de-atencion-en-adultos-tdah-un-problema-que-se-esta-diagnosticando-con-frecuencia\\\/#primaryimage\"},\"thumbnailUrl\":\"https:\\\/\\\/webdelmaestrocmf.com\\\/portal\\\/wp-content\\\/uploads\\\/2018\\\/08\\\/1-3.jpg\",\"datePublished\":\"2018-08-08T16:35:51+00:00\",\"dateModified\":\"2022-08-16T02:01:51+00:00\",\"description\":\"El Trastorno de D\u00e9ficit de Atenci\u00f3n e Hiperactividad (TDAH) es un trastorno del desarrollo que en la mayor\u00eda de...\",\"breadcrumb\":{\"@id\":\"https:\\\/\\\/webdelmaestrocmf.com\\\/portal\\\/trastorno-de-deficit-de-atencion-en-adultos-tdah-un-problema-que-se-esta-diagnosticando-con-frecuencia\\\/#breadcrumb\"},\"inLanguage\":\"es\",\"potentialAction\":[{\"@type\":\"ReadAction\",\"target\":[\"https:\\\/\\\/webdelmaestrocmf.com\\\/portal\\\/trastorno-de-deficit-de-atencion-en-adultos-tdah-un-problema-que-se-esta-diagnosticando-con-frecuencia\\\/\"]}]},{\"@type\":\"ImageObject\",\"inLanguage\":\"es\",\"@id\":\"https:\\\/\\\/webdelmaestrocmf.com\\\/portal\\\/trastorno-de-deficit-de-atencion-en-adultos-tdah-un-problema-que-se-esta-diagnosticando-con-frecuencia\\\/#primaryimage\",\"url\":\"https:\\\/\\\/webdelmaestrocmf.com\\\/portal\\\/wp-content\\\/uploads\\\/2018\\\/08\\\/1-3.jpg\",\"contentUrl\":\"https:\\\/\\\/webdelmaestrocmf.com\\\/portal\\\/wp-content\\\/uploads\\\/2018\\\/08\\\/1-3.jpg\",\"width\":900,\"height\":556},{\"@type\":\"BreadcrumbList\",\"@id\":\"https:\\\/\\\/webdelmaestrocmf.com\\\/portal\\\/trastorno-de-deficit-de-atencion-en-adultos-tdah-un-problema-que-se-esta-diagnosticando-con-frecuencia\\\/#breadcrumb\",\"itemListElement\":[{\"@type\":\"ListItem\",\"position\":1,\"name\":\"Portada\",\"item\":\"https:\\\/\\\/webdelmaestrocmf.com\\\/portal\\\/\"},{\"@type\":\"ListItem\",\"position\":2,\"name\":\"INTER\u00c9S\",\"item\":\"https:\\\/\\\/webdelmaestrocmf.com\\\/portal\\\/category\\\/noticias-educacion\\\/\"},{\"@type\":\"ListItem\",\"position\":3,\"name\":\"Trastorno de d\u00e9ficit de atenci\u00f3n en adultos: un problema que se est\u00e1 diagnosticando con frecuencia\"}]},{\"@type\":\"WebSite\",\"@id\":\"https:\\\/\\\/webdelmaestrocmf.com\\\/portal\\\/#website\",\"url\":\"https:\\\/\\\/webdelmaestrocmf.com\\\/portal\\\/\",\"name\":\"Web del Maestro CMF\",\"description\":\"Maestros al servicio de la educaci\u00f3n\",\"publisher\":{\"@id\":\"https:\\\/\\\/webdelmaestrocmf.com\\\/portal\\\/#organization\"},\"alternateName\":\"WMCMF\",\"potentialAction\":[{\"@type\":\"SearchAction\",\"target\":{\"@type\":\"EntryPoint\",\"urlTemplate\":\"https:\\\/\\\/webdelmaestrocmf.com\\\/portal\\\/?s={search_term_string}\"},\"query-input\":{\"@type\":\"PropertyValueSpecification\",\"valueRequired\":true,\"valueName\":\"search_term_string\"}}],\"inLanguage\":\"es\"},{\"@type\":\"Organization\",\"@id\":\"https:\\\/\\\/webdelmaestrocmf.com\\\/portal\\\/#organization\",\"name\":\"Web del Maestro CMF\",\"alternateName\":\"WMCMF\",\"url\":\"https:\\\/\\\/webdelmaestrocmf.com\\\/portal\\\/\",\"logo\":{\"@type\":\"ImageObject\",\"inLanguage\":\"es\",\"@id\":\"https:\\\/\\\/webdelmaestrocmf.com\\\/portal\\\/#\\\/schema\\\/logo\\\/image\\\/\",\"url\":\"https:\\\/\\\/webdelmaestrocmf.com\\\/portal\\\/wp-content\\\/uploads\\\/2023\\\/01\\\/logo-wmcmf-2.png\",\"contentUrl\":\"https:\\\/\\\/webdelmaestrocmf.com\\\/portal\\\/wp-content\\\/uploads\\\/2023\\\/01\\\/logo-wmcmf-2.png\",\"width\":200,\"height\":60,\"caption\":\"Web del Maestro CMF\"},\"image\":{\"@id\":\"https:\\\/\\\/webdelmaestrocmf.com\\\/portal\\\/#\\\/schema\\\/logo\\\/image\\\/\"},\"sameAs\":[\"https:\\\/\\\/www.facebook.com\\\/WebdelMaestroCMF\\\/\",\"https:\\\/\\\/x.com\\\/cmf_w\",\"https:\\\/\\\/www.pinterest.com\\\/WMCMF\\\/\",\"https:\\\/\\\/www.linkedin.com\\\/company\\\/web-del-maestro-cmf\\\/\",\"https:\\\/\\\/www.instagram.com\\\/wmcmf\\\/\",\"https:\\\/\\\/www.youtube.com\\\/channel\\\/UCDPSvjbdodE5sHnC3OxutHw\",\"https:\\\/\\\/mastodon.social\\\/@wmcmf\",\"https:\\\/\\\/www.tiktok.com\\\/@webdelmaestrocmf\"]},{\"@type\":\"Person\",\"@id\":\"https:\\\/\\\/webdelmaestrocmf.com\\\/portal\\\/#\\\/schema\\\/person\\\/ebc57e23d318c9c4270c6f41367015b5\",\"name\":\"Web del Maestro CMF\",\"image\":{\"@type\":\"ImageObject\",\"inLanguage\":\"es\",\"@id\":\"https:\\\/\\\/secure.gravatar.com\\\/avatar\\\/718b2df46e711f63dc8c16a160d16cc0104e961fe3c231eaaed2426975fc5e2d?s=96&d=mm&r=g\",\"url\":\"https:\\\/\\\/secure.gravatar.com\\\/avatar\\\/718b2df46e711f63dc8c16a160d16cc0104e961fe3c231eaaed2426975fc5e2d?s=96&d=mm&r=g\",\"contentUrl\":\"https:\\\/\\\/secure.gravatar.com\\\/avatar\\\/718b2df46e711f63dc8c16a160d16cc0104e961fe3c231eaaed2426975fc5e2d?s=96&d=mm&r=g\",\"caption\":\"Web del Maestro CMF\"},\"description\":\"Esta Web se cre\u00f3 sin fines de lucro, con fines educativos, cient\u00edficos y acad\u00e9micos, para personas que tengan dificultades y\\\/o inconvenientes en visualizar el material original. El objetivo es entregar recursos, compartir experiencias y materiales que ayuden a los padres de familia, maestros y estudiantes en su actualizaci\u00f3n y formaci\u00f3n permanente, en bien de la Educaci\u00f3n.\",\"sameAs\":[\"http:\\\/\\\/webdelmaestrocmf.com\\\/portal\",\"https:\\\/\\\/www.facebook.com\\\/WebdelMaestroCMF\\\/\",\"https:\\\/\\\/www.instagram.com\\\/wmcmf\\\/\",\"https:\\\/\\\/cl.linkedin.com\\\/company\\\/web-del-maestro-cmf\",\"https:\\\/\\\/www.pinterest.com\\\/WMCMF\\\/publicaciones\\\/\",\"https:\\\/\\\/x.com\\\/cmf_w\",\"https:\\\/\\\/www.youtube.com\\\/@WMCMF\"]}]}<\/script>\n<!-- \/ Yoast SEO plugin. -->","yoast_head_json":{"title":"Trastorno de d\u00e9ficit de atenci\u00f3n en adultos: un problema que se est\u00e1 diagnosticando con frecuencia - 2026","description":"El Trastorno de D\u00e9ficit de Atenci\u00f3n e Hiperactividad (TDAH) es un trastorno del desarrollo que en la mayor\u00eda de...","robots":{"index":"index","follow":"follow","max-snippet":"max-snippet:-1","max-image-preview":"max-image-preview:large","max-video-preview":"max-video-preview:-1"},"canonical":"https:\/\/webdelmaestrocmf.com\/portal\/trastorno-de-deficit-de-atencion-en-adultos-tdah-un-problema-que-se-esta-diagnosticando-con-frecuencia\/","og_locale":"es_ES","og_type":"article","og_title":"Trastorno de d\u00e9ficit de atenci\u00f3n en adultos: un problema que se est\u00e1 diagnosticando con frecuencia - 2026","og_description":"El Trastorno de D\u00e9ficit de Atenci\u00f3n e Hiperactividad (TDAH) es un trastorno del desarrollo que en la mayor\u00eda de...","og_url":"https:\/\/webdelmaestrocmf.com\/portal\/trastorno-de-deficit-de-atencion-en-adultos-tdah-un-problema-que-se-esta-diagnosticando-con-frecuencia\/","og_site_name":"Web del Maestro CMF","article_publisher":"https:\/\/www.facebook.com\/WebdelMaestroCMF\/","article_author":"https:\/\/www.facebook.com\/WebdelMaestroCMF\/","article_published_time":"2018-08-08T16:35:51+00:00","article_modified_time":"2022-08-16T02:01:51+00:00","og_image":[{"width":900,"height":556,"url":"https:\/\/i0.wp.com\/webdelmaestrocmf.com\/portal\/wp-content\/uploads\/2018\/08\/1-3.jpg?fit=900%2C556&ssl=1","type":"image\/jpeg"}],"author":"Web del Maestro CMF","twitter_card":"summary_large_image","twitter_creator":"@cmf_w","twitter_site":"@cmf_w","schema":{"@context":"https:\/\/schema.org","@graph":[{"@type":"ScholarlyArticle","@id":"https:\/\/webdelmaestrocmf.com\/portal\/trastorno-de-deficit-de-atencion-en-adultos-tdah-un-problema-que-se-esta-diagnosticando-con-frecuencia\/#article","isPartOf":{"@id":"https:\/\/webdelmaestrocmf.com\/portal\/trastorno-de-deficit-de-atencion-en-adultos-tdah-un-problema-que-se-esta-diagnosticando-con-frecuencia\/"},"author":{"name":"Web del Maestro CMF","@id":"https:\/\/webdelmaestrocmf.com\/portal\/#\/schema\/person\/ebc57e23d318c9c4270c6f41367015b5"},"headline":"Trastorno de d\u00e9ficit de atenci\u00f3n en adultos: un problema que se est\u00e1 diagnosticando con frecuencia","datePublished":"2018-08-08T16:35:51+00:00","dateModified":"2022-08-16T02:01:51+00:00","mainEntityOfPage":{"@id":"https:\/\/webdelmaestrocmf.com\/portal\/trastorno-de-deficit-de-atencion-en-adultos-tdah-un-problema-que-se-esta-diagnosticando-con-frecuencia\/"},"wordCount":506,"commentCount":0,"publisher":{"@id":"https:\/\/webdelmaestrocmf.com\/portal\/#organization"},"image":{"@id":"https:\/\/webdelmaestrocmf.com\/portal\/trastorno-de-deficit-de-atencion-en-adultos-tdah-un-problema-que-se-esta-diagnosticando-con-frecuencia\/#primaryimage"},"thumbnailUrl":"https:\/\/webdelmaestrocmf.com\/portal\/wp-content\/uploads\/2018\/08\/1-3.jpg","keywords":["ADULTOS","ATENCI\u00d3N","D\u00c9FICIT","TRASTORNO"],"articleSection":["INTER\u00c9S"],"inLanguage":"es","potentialAction":[{"@type":"CommentAction","name":"Comment","target":["https:\/\/webdelmaestrocmf.com\/portal\/trastorno-de-deficit-de-atencion-en-adultos-tdah-un-problema-que-se-esta-diagnosticando-con-frecuencia\/#respond"]}]},{"@type":"WebPage","@id":"https:\/\/webdelmaestrocmf.com\/portal\/trastorno-de-deficit-de-atencion-en-adultos-tdah-un-problema-que-se-esta-diagnosticando-con-frecuencia\/","url":"https:\/\/webdelmaestrocmf.com\/portal\/trastorno-de-deficit-de-atencion-en-adultos-tdah-un-problema-que-se-esta-diagnosticando-con-frecuencia\/","name":"Trastorno de d\u00e9ficit de atenci\u00f3n en adultos: un problema que se est\u00e1 diagnosticando con frecuencia - 2026","isPartOf":{"@id":"https:\/\/webdelmaestrocmf.com\/portal\/#website"},"primaryImageOfPage":{"@id":"https:\/\/webdelmaestrocmf.com\/portal\/trastorno-de-deficit-de-atencion-en-adultos-tdah-un-problema-que-se-esta-diagnosticando-con-frecuencia\/#primaryimage"},"image":{"@id":"https:\/\/webdelmaestrocmf.com\/portal\/trastorno-de-deficit-de-atencion-en-adultos-tdah-un-problema-que-se-esta-diagnosticando-con-frecuencia\/#primaryimage"},"thumbnailUrl":"https:\/\/webdelmaestrocmf.com\/portal\/wp-content\/uploads\/2018\/08\/1-3.jpg","datePublished":"2018-08-08T16:35:51+00:00","dateModified":"2022-08-16T02:01:51+00:00","description":"El Trastorno de D\u00e9ficit de Atenci\u00f3n e Hiperactividad (TDAH) es un trastorno del desarrollo que en la mayor\u00eda de...","breadcrumb":{"@id":"https:\/\/webdelmaestrocmf.com\/portal\/trastorno-de-deficit-de-atencion-en-adultos-tdah-un-problema-que-se-esta-diagnosticando-con-frecuencia\/#breadcrumb"},"inLanguage":"es","potentialAction":[{"@type":"ReadAction","target":["https:\/\/webdelmaestrocmf.com\/portal\/trastorno-de-deficit-de-atencion-en-adultos-tdah-un-problema-que-se-esta-diagnosticando-con-frecuencia\/"]}]},{"@type":"ImageObject","inLanguage":"es","@id":"https:\/\/webdelmaestrocmf.com\/portal\/trastorno-de-deficit-de-atencion-en-adultos-tdah-un-problema-que-se-esta-diagnosticando-con-frecuencia\/#primaryimage","url":"https:\/\/webdelmaestrocmf.com\/portal\/wp-content\/uploads\/2018\/08\/1-3.jpg","contentUrl":"https:\/\/webdelmaestrocmf.com\/portal\/wp-content\/uploads\/2018\/08\/1-3.jpg","width":900,"height":556},{"@type":"BreadcrumbList","@id":"https:\/\/webdelmaestrocmf.com\/portal\/trastorno-de-deficit-de-atencion-en-adultos-tdah-un-problema-que-se-esta-diagnosticando-con-frecuencia\/#breadcrumb","itemListElement":[{"@type":"ListItem","position":1,"name":"Portada","item":"https:\/\/webdelmaestrocmf.com\/portal\/"},{"@type":"ListItem","position":2,"name":"INTER\u00c9S","item":"https:\/\/webdelmaestrocmf.com\/portal\/category\/noticias-educacion\/"},{"@type":"ListItem","position":3,"name":"Trastorno de d\u00e9ficit de atenci\u00f3n en adultos: un problema que se est\u00e1 diagnosticando con frecuencia"}]},{"@type":"WebSite","@id":"https:\/\/webdelmaestrocmf.com\/portal\/#website","url":"https:\/\/webdelmaestrocmf.com\/portal\/","name":"Web del Maestro CMF","description":"Maestros al servicio de la educaci\u00f3n","publisher":{"@id":"https:\/\/webdelmaestrocmf.com\/portal\/#organization"},"alternateName":"WMCMF","potentialAction":[{"@type":"SearchAction","target":{"@type":"EntryPoint","urlTemplate":"https:\/\/webdelmaestrocmf.com\/portal\/?s={search_term_string}"},"query-input":{"@type":"PropertyValueSpecification","valueRequired":true,"valueName":"search_term_string"}}],"inLanguage":"es"},{"@type":"Organization","@id":"https:\/\/webdelmaestrocmf.com\/portal\/#organization","name":"Web del Maestro CMF","alternateName":"WMCMF","url":"https:\/\/webdelmaestrocmf.com\/portal\/","logo":{"@type":"ImageObject","inLanguage":"es","@id":"https:\/\/webdelmaestrocmf.com\/portal\/#\/schema\/logo\/image\/","url":"https:\/\/webdelmaestrocmf.com\/portal\/wp-content\/uploads\/2023\/01\/logo-wmcmf-2.png","contentUrl":"https:\/\/webdelmaestrocmf.com\/portal\/wp-content\/uploads\/2023\/01\/logo-wmcmf-2.png","width":200,"height":60,"caption":"Web del Maestro CMF"},"image":{"@id":"https:\/\/webdelmaestrocmf.com\/portal\/#\/schema\/logo\/image\/"},"sameAs":["https:\/\/www.facebook.com\/WebdelMaestroCMF\/","https:\/\/x.com\/cmf_w","https:\/\/www.pinterest.com\/WMCMF\/","https:\/\/www.linkedin.com\/company\/web-del-maestro-cmf\/","https:\/\/www.instagram.com\/wmcmf\/","https:\/\/www.youtube.com\/channel\/UCDPSvjbdodE5sHnC3OxutHw","https:\/\/mastodon.social\/@wmcmf","https:\/\/www.tiktok.com\/@webdelmaestrocmf"]},{"@type":"Person","@id":"https:\/\/webdelmaestrocmf.com\/portal\/#\/schema\/person\/ebc57e23d318c9c4270c6f41367015b5","name":"Web del Maestro CMF","image":{"@type":"ImageObject","inLanguage":"es","@id":"https:\/\/secure.gravatar.com\/avatar\/718b2df46e711f63dc8c16a160d16cc0104e961fe3c231eaaed2426975fc5e2d?s=96&d=mm&r=g","url":"https:\/\/secure.gravatar.com\/avatar\/718b2df46e711f63dc8c16a160d16cc0104e961fe3c231eaaed2426975fc5e2d?s=96&d=mm&r=g","contentUrl":"https:\/\/secure.gravatar.com\/avatar\/718b2df46e711f63dc8c16a160d16cc0104e961fe3c231eaaed2426975fc5e2d?s=96&d=mm&r=g","caption":"Web del Maestro CMF"},"description":"Esta Web se cre\u00f3 sin fines de lucro, con fines educativos, cient\u00edficos y acad\u00e9micos, para personas que tengan dificultades y\/o inconvenientes en visualizar el material original. El objetivo es entregar recursos, compartir experiencias y materiales que ayuden a los padres de familia, maestros y estudiantes en su actualizaci\u00f3n y formaci\u00f3n permanente, en bien de la Educaci\u00f3n.","sameAs":["http:\/\/webdelmaestrocmf.com\/portal","https:\/\/www.facebook.com\/WebdelMaestroCMF\/","https:\/\/www.instagram.com\/wmcmf\/","https:\/\/cl.linkedin.com\/company\/web-del-maestro-cmf","https:\/\/www.pinterest.com\/WMCMF\/publicaciones\/","https:\/\/x.com\/cmf_w","https:\/\/www.youtube.com\/@WMCMF"]}]}},"jetpack_featured_media_url":"https:\/\/webdelmaestrocmf.com\/portal\/wp-content\/uploads\/2018\/08\/1-3.jpg","jetpack_sharing_enabled":true,"jetpack-related-posts":[{"id":17446,"url":"https:\/\/webdelmaestrocmf.com\/portal\/trastorno-deficit-atencion-tdah-problema-no-una-enfermedad\/","url_meta":{"origin":30131,"position":0},"title":"El Trastorno por d\u00e9ficit de atenci\u00f3n (TDAH) es un problema, no una enfermedad","author":"Web del Maestro CMF","date":"30 agosto, 2018","format":false,"excerpt":"Marino P\u00e9rez \u00c1lvarez, Catedr\u00e1tico de Psicolog\u00eda (Universidad de Oviedo). Especialista en Psicolog\u00eda Cl\u00ednica. Pionero en Terapias Contextuales y autor de numerosas publicaciones, entre las que cabe destacar Las ra\u00edces de la Psicopatolog\u00eda Moderna, Las Terapias de Tercera Generaci\u00f3n como Terapias Contextuales y El Mito del Cerebro Creador. Sus trabajos est\u00e1n\u2026","rel":"","context":"En \u00abEducaci\u00f3n\u00bb","block_context":{"text":"Educaci\u00f3n","link":"https:\/\/webdelmaestrocmf.com\/portal\/category\/noticias\/educacion-noticias\/"},"img":{"alt_text":"","src":"https:\/\/i0.wp.com\/webdelmaestrocmf.com\/portal\/wp-content\/uploads\/2018\/08\/1AA-Banner-1-portada-imagen-10-1-copia-6.webp?resize=350%2C200&ssl=1","width":350,"height":200,"srcset":"https:\/\/i0.wp.com\/webdelmaestrocmf.com\/portal\/wp-content\/uploads\/2018\/08\/1AA-Banner-1-portada-imagen-10-1-copia-6.webp?resize=350%2C200&ssl=1 1x, https:\/\/i0.wp.com\/webdelmaestrocmf.com\/portal\/wp-content\/uploads\/2018\/08\/1AA-Banner-1-portada-imagen-10-1-copia-6.webp?resize=525%2C300&ssl=1 1.5x, https:\/\/i0.wp.com\/webdelmaestrocmf.com\/portal\/wp-content\/uploads\/2018\/08\/1AA-Banner-1-portada-imagen-10-1-copia-6.webp?resize=700%2C400&ssl=1 2x, https:\/\/i0.wp.com\/webdelmaestrocmf.com\/portal\/wp-content\/uploads\/2018\/08\/1AA-Banner-1-portada-imagen-10-1-copia-6.webp?resize=1050%2C600&ssl=1 3x"},"classes":[]},{"id":8534,"url":"https:\/\/webdelmaestrocmf.com\/portal\/historia-de-un-nino-diagnosticado-con-tdah-informacion-basica\/","url_meta":{"origin":30131,"position":1},"title":"C\u00f3mo se comporta un ni\u00f1o con TDAH con su familia, amigos y en el colegio","author":"Web del Maestro CMF","date":"10 agosto, 2018","format":false,"excerpt":"\u00bfQu\u00e9 profesor no ha tenido la experiencia de un ni\u00f1o en clase que continuamente hace ruido, se distrae con facilidad, interrumpe las exposiciones, es muy olvidadizo, no parece importarle las normas,\u2026?. Podr\u00eda estar frente a un caso de Trastorno\u00a0 por d\u00e9ficit de atenci\u00f3n e hiperactividad, o TDAH.\u00a0Siempre la detecci\u00f3n de\u2026","rel":"","context":"En \u00abEducaci\u00f3n y Familia\u00bb","block_context":{"text":"Educaci\u00f3n y Familia","link":"https:\/\/webdelmaestrocmf.com\/portal\/category\/pedagogia\/educacion-y-familia\/"},"img":{"alt_text":"","src":"https:\/\/i0.wp.com\/webdelmaestrocmf.com\/portal\/wp-content\/uploads\/2018\/08\/1REW.jpg?resize=350%2C200&ssl=1","width":350,"height":200,"srcset":"https:\/\/i0.wp.com\/webdelmaestrocmf.com\/portal\/wp-content\/uploads\/2018\/08\/1REW.jpg?resize=350%2C200&ssl=1 1x, https:\/\/i0.wp.com\/webdelmaestrocmf.com\/portal\/wp-content\/uploads\/2018\/08\/1REW.jpg?resize=525%2C300&ssl=1 1.5x, https:\/\/i0.wp.com\/webdelmaestrocmf.com\/portal\/wp-content\/uploads\/2018\/08\/1REW.jpg?resize=700%2C400&ssl=1 2x, https:\/\/i0.wp.com\/webdelmaestrocmf.com\/portal\/wp-content\/uploads\/2018\/08\/1REW.jpg?resize=1050%2C600&ssl=1 3x"},"classes":[]},{"id":36391,"url":"https:\/\/webdelmaestrocmf.com\/portal\/que-son-los-trastornos-dis\/","url_meta":{"origin":30131,"position":2},"title":"Qu\u00e9 son los trastornos DIS y c\u00f3mo diferenciarse: Dislexia, Dispraxia, Disgraf\u00eda, Disortograf\u00eda, Disfasia, etc","author":"Web del Maestro CMF","date":"2 mayo, 2020","format":false,"excerpt":"La expresi\u00f3n\u00a0 \u00abproblemas espec\u00edficos del lenguaje y del aprendizaje\u00bb reagrupa los problemas llamados \u201cDIS\u201d: dislexia, dispraxia, as\u00ed como ciertas manifestaciones inducidas por estos problemas \u00a0como la discalculia, disgraf\u00eda, disfasia o la disortograf\u00eda. Estos problemas DIS no son pasajeros y constituyen una verdadero desaf\u00edo educativo. El objetivo es permitir al ni\u00f1o\u2026","rel":"","context":"En \u00abDislexia\u00bb","block_context":{"text":"Dislexia","link":"https:\/\/webdelmaestrocmf.com\/portal\/category\/pedagogia\/dislexia\/"},"img":{"alt_text":"","src":"https:\/\/i0.wp.com\/webdelmaestrocmf.com\/portal\/wp-content\/uploads\/2020\/05\/Banner-1-portada-imagen-10-1-27.jpg?resize=350%2C200&ssl=1","width":350,"height":200,"srcset":"https:\/\/i0.wp.com\/webdelmaestrocmf.com\/portal\/wp-content\/uploads\/2020\/05\/Banner-1-portada-imagen-10-1-27.jpg?resize=350%2C200&ssl=1 1x, https:\/\/i0.wp.com\/webdelmaestrocmf.com\/portal\/wp-content\/uploads\/2020\/05\/Banner-1-portada-imagen-10-1-27.jpg?resize=525%2C300&ssl=1 1.5x, https:\/\/i0.wp.com\/webdelmaestrocmf.com\/portal\/wp-content\/uploads\/2020\/05\/Banner-1-portada-imagen-10-1-27.jpg?resize=700%2C400&ssl=1 2x"},"classes":[]},{"id":32762,"url":"https:\/\/webdelmaestrocmf.com\/portal\/tipos-de-tdah-caracteristicas-causas-y-sintomas\/","url_meta":{"origin":30131,"position":3},"title":"Causas, caracter\u00edsticas, s\u00edntomas y tipos de TDAH que todo docente deber\u00eda conocer e identificar","author":"Web del Maestro CMF","date":"9 diciembre, 2019","format":false,"excerpt":"Hoy en d\u00eda todo el mundo conoce el\u00a0Trastorno por D\u00e9ficit de Atenci\u00f3n con\/sin Hiperactividad. Su incidencia oscila entre un\u00a05\u00a0y un\u00a020%\u00a0de la poblaci\u00f3n infantil, aunque es cierto que muchos casos no se llegan a diagnosticar. Debido a su aumento en los \u00faltimos a\u00f1os, es uno de los trastornos mentales m\u00e1s preocupantes\u2026","rel":"","context":"En \u00abRecursos\u00bb","block_context":{"text":"Recursos","link":"https:\/\/webdelmaestrocmf.com\/portal\/category\/pedagogia\/"},"img":{"alt_text":"","src":"https:\/\/i0.wp.com\/webdelmaestrocmf.com\/portal\/wp-content\/uploads\/2018\/11\/1-111.jpg?resize=350%2C200&ssl=1","width":350,"height":200,"srcset":"https:\/\/i0.wp.com\/webdelmaestrocmf.com\/portal\/wp-content\/uploads\/2018\/11\/1-111.jpg?resize=350%2C200&ssl=1 1x, https:\/\/i0.wp.com\/webdelmaestrocmf.com\/portal\/wp-content\/uploads\/2018\/11\/1-111.jpg?resize=525%2C300&ssl=1 1.5x, https:\/\/i0.wp.com\/webdelmaestrocmf.com\/portal\/wp-content\/uploads\/2018\/11\/1-111.jpg?resize=700%2C400&ssl=1 2x, https:\/\/i0.wp.com\/webdelmaestrocmf.com\/portal\/wp-content\/uploads\/2018\/11\/1-111.jpg?resize=1050%2C600&ssl=1 3x"},"classes":[]},{"id":84388,"url":"https:\/\/webdelmaestrocmf.com\/portal\/como-se-realiza-un-diagnostico-de-tdah-y-por-que-es-importante-para-un-docente-conocer-detectar-y-gestionar-el-tdah\/","url_meta":{"origin":30131,"position":4},"title":"C\u00f3mo se realiza un diagn\u00f3stico de TDAH y por qu\u00e9 es importante para un docente conocer, detectar y gestionar el TDAH","author":"Web del Maestro CMF","date":"18 febrero, 2023","format":false,"excerpt":"Saber hacer un diagn\u00f3stico de TDAH a tiempo es fundamental para el buen desarrollo de los ni\u00f1os y ni\u00f1as que lo sufren. Aprende, pues, a detectar los s\u00edntomas a tiempo. El trastorno por d\u00e9ficit de atenci\u00f3n e hiperactividad (TDAH) es uno de los trastornos del\u00a0neurodesarrollo m\u00e1s frecuentes de la ni\u00f1ez.\u2026","rel":"","context":"En \u00abRecursos\u00bb","block_context":{"text":"Recursos","link":"https:\/\/webdelmaestrocmf.com\/portal\/category\/pedagogia\/"},"img":{"alt_text":"","src":"https:\/\/i0.wp.com\/webdelmaestrocmf.com\/portal\/wp-content\/uploads\/2023\/02\/1-19.jpeg?resize=350%2C200&ssl=1","width":350,"height":200,"srcset":"https:\/\/i0.wp.com\/webdelmaestrocmf.com\/portal\/wp-content\/uploads\/2023\/02\/1-19.jpeg?resize=350%2C200&ssl=1 1x, https:\/\/i0.wp.com\/webdelmaestrocmf.com\/portal\/wp-content\/uploads\/2023\/02\/1-19.jpeg?resize=525%2C300&ssl=1 1.5x, https:\/\/i0.wp.com\/webdelmaestrocmf.com\/portal\/wp-content\/uploads\/2023\/02\/1-19.jpeg?resize=700%2C400&ssl=1 2x"},"classes":[]},{"id":93426,"url":"https:\/\/webdelmaestrocmf.com\/portal\/dinamicas-para-estudiantes-con-trastorno-por-deficit-de-atencion-e-hiperactividad-tdah\/","url_meta":{"origin":30131,"position":5},"title":"Descraga las din\u00e1micas para estudiantes con Trastorno por D\u00e9ficit de Atenci\u00f3n e Hiperactividad (TDAH)","author":"Web del Maestro CMF","date":"28 octubre, 2024","format":false,"excerpt":"El Trastorno por D\u00e9ficit de Atenci\u00f3n e Hiperactividad (TDAH) es una condici\u00f3n neuropsiqui\u00e1trica que afecta a ni\u00f1os y adultos en todo el mundo. Siendo uno de los trastornos m\u00e1s comunes en la infancia, el TDAH se caracteriza por la dificultad en mantener la atenci\u00f3n, la impulsividad y la hiperactividad. A\u2026","rel":"","context":"En \u00abRecursos\u00bb","block_context":{"text":"Recursos","link":"https:\/\/webdelmaestrocmf.com\/portal\/category\/pedagogia\/"},"img":{"alt_text":"","src":"https:\/\/i0.wp.com\/webdelmaestrocmf.com\/portal\/wp-content\/uploads\/2023\/08\/Banner-1-portada-imagen-10-1-7.jpg?resize=350%2C200&ssl=1","width":350,"height":200,"srcset":"https:\/\/i0.wp.com\/webdelmaestrocmf.com\/portal\/wp-content\/uploads\/2023\/08\/Banner-1-portada-imagen-10-1-7.jpg?resize=350%2C200&ssl=1 1x, https:\/\/i0.wp.com\/webdelmaestrocmf.com\/portal\/wp-content\/uploads\/2023\/08\/Banner-1-portada-imagen-10-1-7.jpg?resize=525%2C300&ssl=1 1.5x, https:\/\/i0.wp.com\/webdelmaestrocmf.com\/portal\/wp-content\/uploads\/2023\/08\/Banner-1-portada-imagen-10-1-7.jpg?resize=700%2C400&ssl=1 2x"},"classes":[]}],"_links":{"self":[{"href":"https:\/\/webdelmaestrocmf.com\/portal\/wp-json\/wp\/v2\/posts\/30131","targetHints":{"allow":["GET"]}}],"collection":[{"href":"https:\/\/webdelmaestrocmf.com\/portal\/wp-json\/wp\/v2\/posts"}],"about":[{"href":"https:\/\/webdelmaestrocmf.com\/portal\/wp-json\/wp\/v2\/types\/post"}],"author":[{"embeddable":true,"href":"https:\/\/webdelmaestrocmf.com\/portal\/wp-json\/wp\/v2\/users\/2"}],"replies":[{"embeddable":true,"href":"https:\/\/webdelmaestrocmf.com\/portal\/wp-json\/wp\/v2\/comments?post=30131"}],"version-history":[{"count":0,"href":"https:\/\/webdelmaestrocmf.com\/portal\/wp-json\/wp\/v2\/posts\/30131\/revisions"}],"wp:featuredmedia":[{"embeddable":true,"href":"https:\/\/webdelmaestrocmf.com\/portal\/wp-json\/wp\/v2\/media\/79466"}],"wp:attachment":[{"href":"https:\/\/webdelmaestrocmf.com\/portal\/wp-json\/wp\/v2\/media?parent=30131"}],"wp:term":[{"taxonomy":"category","embeddable":true,"href":"https:\/\/webdelmaestrocmf.com\/portal\/wp-json\/wp\/v2\/categories?post=30131"},{"taxonomy":"post_tag","embeddable":true,"href":"https:\/\/webdelmaestrocmf.com\/portal\/wp-json\/wp\/v2\/tags?post=30131"}],"curies":[{"name":"wp","href":"https:\/\/api.w.org\/{rel}","templated":true}]}}