{"id":29610,"date":"2018-07-30T16:29:44","date_gmt":"2018-07-30T20:29:44","guid":{"rendered":"http:\/\/webdelmaestrocmf.com\/portal\/?p=29610"},"modified":"2020-01-04T00:05:42","modified_gmt":"2020-01-04T03:05:42","slug":"elvira-zorrero-lara-evaluacion-reflejo-de-la-realidad","status":"publish","type":"post","link":"https:\/\/webdelmaestrocmf.com\/portal\/elvira-zorrero-lara-evaluacion-reflejo-de-la-realidad\/","title":{"rendered":"[Elvira Zorrero] Evaluaci\u00f3n, reflejo de la realidad"},"content":{"rendered":"<h5 style=\"text-align: justify;\">Todos hemos escuchado la frase <strong>\u201cEvaluar es para mejorar\u201d<\/strong> y queda claro que una evaluaci\u00f3n es una ventana a la realidad. Pero por si misma no conduce a la mejora. En el \u00e1rea de la educaci\u00f3n, el tema de la evaluaci\u00f3n es muy extenso y abarca varios aspectos tales como: la forma, el contenido, los resultados y el plan de acci\u00f3n para mejorar.<\/h5>\n<h5 style=\"text-align: justify;\">En nuestros d\u00edas, en M\u00e9xico cada instituci\u00f3n educativa realiza sus propias evaluaciones las cuales en su mayor\u00eda est\u00e1n centradas en medir lo que fue ense\u00f1ado por el docente. Y en muy pocas ocasiones se da una retroalimentaci\u00f3n a los alumnos sobre sus \u00e1reas de oportunidad. Sin embargo, la evaluaci\u00f3n deber\u00eda medir la capacidad que tienen los alumnos para usar el conocimiento y las destrezas adquiridas para resolver problemas.<\/h5>\n<p><!--more--><\/p>\n<p style=\"text-align: justify;\">Mientras tanto cada tres a\u00f1os, desde el a\u00f1o 2000, M\u00e9xico al igual que otros pa\u00edses, son evaluados en materia educativa por la Organizaci\u00f3n para la Cooperaci\u00f3n y Desarrollo Econ\u00f3mico <strong>(OCDE)<\/strong> a trav\u00e9s del Programa para la Evaluaci\u00f3n Internacional de los Estudiantes conocida por sus siglas como <strong>PISA<\/strong>, con la finalidad de identificar \u00e1reas de oportunidad y a su vez \u00e9stas sean la base para el dise\u00f1o de pol\u00edticas y programas educativos.<\/p>\n<p style=\"text-align: justify;\">Debido a que la prueba <strong>PISA<\/strong> es una evaluaci\u00f3n a gran escala, esto significa que es aplicada a nivel internacional y a j\u00f3venes que se encuentre entre los 15 a\u00f1os tres meses a 16 a\u00f1os dos meses y que est\u00e9n cursando al menos el primer grado de educaci\u00f3n secundaria. Los resultados son agrupados en seis niveles previendo que los alumnos ubicados en el nivel m\u00e1s alto tienen el potencial para en un futuro ocupar puestos de liderazgo en cualquier \u00e1mbito. Mientras que los estudiantes ubicados en los niveles m\u00e1s bajos carecen de las competencias necesarias para en un futuro acceder a estudios superiores.<\/p>\n<p style=\"text-align: justify;\">Las \u00e1reas de lectura, matem\u00e1ticas y ciencias son las que eval\u00faa la prueba PISA, cabe mencionar que en cada ciclo de aplicaci\u00f3n de la prueba se enfatiza una \u00e1rea o competencias diferente y tambi\u00e9n se recopila informaci\u00f3n sobre las actitudes y motivaci\u00f3n de los estudiantes, la cual se enfoca en la soluci\u00f3n de problemas de forma colaborativa.<\/p>\n<p><img loading=\"lazy\" decoding=\"async\" class=\"alignnone size-full wp-image-29615\" src=\"http:\/\/webdelmaestrocmf.com\/portal\/wp-content\/uploads\/2018\/07\/1-99.jpg\" alt=\"\" width=\"1212\" height=\"667\" srcset=\"https:\/\/webdelmaestrocmf.com\/portal\/wp-content\/uploads\/2018\/07\/1-99.jpg 1212w, https:\/\/webdelmaestrocmf.com\/portal\/wp-content\/uploads\/2018\/07\/1-99-300x165.jpg 300w, https:\/\/webdelmaestrocmf.com\/portal\/wp-content\/uploads\/2018\/07\/1-99-768x423.jpg 768w, https:\/\/webdelmaestrocmf.com\/portal\/wp-content\/uploads\/2018\/07\/1-99-1024x564.jpg 1024w, https:\/\/webdelmaestrocmf.com\/portal\/wp-content\/uploads\/2018\/07\/1-99-600x330.jpg 600w\" sizes=\"auto, (max-width: 1212px) 100vw, 1212px\" \/><\/p>\n<p style=\"text-align: justify;\">Los resultados de M\u00e9xico en la evaluaci\u00f3n <strong>PISA<\/strong> no han mostrado mejora tanto en lectura como en ciencias, sin embargo, en matem\u00e1ticas hay una tendencia al alza. Conviene subrayar que los resultados obtenidos en el 2015 reflejaron la realidad, el 48% de los estudiantes mexicanos no alcanzan el nivel m\u00ednimo se\u00f1alado por la <strong>OCDE<\/strong>. Varios pa\u00edses tales como Alemania y Corea han mostrado que se puede mejorar significativamente los resultados de la evaluaci\u00f3n <strong>PISA.<\/strong><\/p>\n<p style=\"text-align: justify;\">En el presente a\u00f1o, se eval\u00faa la competencia global como un dominio nuevo, lo cual significa que se medir\u00e1 el conocimiento, las habilidades y las actitudes de los estudiantes; innovaci\u00f3n, la apertura, la flexibilidad y la resiliencia, aspectos que todo joven debe tener para interactuar, comunicar, estudiar, trabajar y poder vivir en \u00e9ste mundo global.<\/p>\n<p style=\"text-align: justify;\">En definitiva, la evaluaci\u00f3n no conduce a la mejora, pero nos permite ver la realidad, en consecuencia, nosotros como sociedad debemos cuestionarnos sobre qu\u00e9 tanto cada uno de nosotros contribuimos para obtener resultados m\u00e1s satisfactorios, es evidente la necesidad de enriquecer lo que pasa en los salones de clase, lo que se le pide a los alumnos y la vinculaci\u00f3n del conocimiento con la vida real. Del mismo modo todos como sociedad podemos mejorar los resultados de la prueba PISA, ya que la educaci\u00f3n debe ser vista como el impacto acumulado de experiencias desde la infancia tanto dentro como fuera de las escuelas.<\/p>\n<ul>\n<li style=\"text-align: justify;\">INEE (s\/f).\u00a0<em>Medias y porcentajes en PISA. Un primer paso para su comprensi\u00f3n.<\/em>\u00a0Textos de divulgaci\u00f3n. M\u00e9xico: INEE.<\/li>\n<li style=\"text-align: justify;\">OCDE (s\/f)\u00a0<em>Programa para la Evaluaci\u00f3n Internacional de Alumnos (PISA). PISA 2012. Resultados. M\u00e9xico.<\/em>\u00a0Nota pa\u00eds. Disponible en: <a href=\"https:\/\/www.oecd.org\/pisa\/keyfindings\/PISA-2012-results-mexico-ESP.pdf\" target=\"_blank\" rel=\"noopener noreferrer\">www.oecd.org<\/a><\/li>\n<li><em>Programa para la Evaluaci\u00f3n Internacional de Alumnos (PISA). PISA 2015. Resultados. M\u00e9xico.<\/em>\u00a0Nota pa\u00eds. Disponible en:\u00a0<a href=\"https:\/\/www.oecd.org\/pisa\/PISA-2015-Mexico-ESP.pdf\" target=\"_blank\" rel=\"noopener noreferrer\">www.oecd.org<\/a><\/li>\n<\/ul>\n<table border=\"0\" width=\"100%\" cellspacing=\"10\" cellpadding=\"10\">\n<tbody>\n<tr>\n<td width=\"30%\"><img loading=\"lazy\" decoding=\"async\" class=\"size-full wp-image-28927 aligncenter\" src=\"http:\/\/webdelmaestrocmf.com\/portal\/wp-content\/uploads\/2018\/07\/1.jpg\" alt=\"\" width=\"200\" height=\"200\" srcset=\"https:\/\/webdelmaestrocmf.com\/portal\/wp-content\/uploads\/2018\/07\/1.jpg 200w, https:\/\/webdelmaestrocmf.com\/portal\/wp-content\/uploads\/2018\/07\/1-150x150.jpg 150w, https:\/\/webdelmaestrocmf.com\/portal\/wp-content\/uploads\/2018\/07\/1-109x109.jpg 109w, https:\/\/webdelmaestrocmf.com\/portal\/wp-content\/uploads\/2018\/07\/1-100x100.jpg 100w, https:\/\/webdelmaestrocmf.com\/portal\/wp-content\/uploads\/2018\/07\/1-65x65.jpg 65w, https:\/\/webdelmaestrocmf.com\/portal\/wp-content\/uploads\/2018\/07\/1-144x144.jpg 144w\" sizes=\"auto, (max-width: 200px) 100vw, 200px\" \/><\/p>\n<p style=\"text-align: center;\"><strong>M. Ed. Elvira Zorrero Lara, <\/strong><strong>Guadalajara &#8211; M\u00e9xico.<br \/>\n<\/strong>Actualmente estudiando el doctorado en educaci\u00f3n, con m\u00e1s de 22 a\u00f1os de experiencia en la educaci\u00f3n he sido docente desde preescolares hasta nivel universitario actualmente asesoro instituciones educativas e imparto capacitaciones.<br \/>\nSoy articulista de la revista Alma Mater de la Universidad Aut\u00f3noma de Guadalajara.<br \/>\n<strong>E-mail:<\/strong> <a href=\"mailto:ezorrero@gmail.com\">ezorrero@gmail.co<\/a><br \/>\n<strong>Twitter:<\/strong> <a href=\"https:\/\/twitter.com\/ezorrero\" target=\"_blank\" rel=\"noopener noreferrer\">@ezorrero<\/a><a href=\"mailto:achapa01@hotmail.com\" target=\"_blank\" rel=\"noopener noreferrer\"><br \/>\n<\/a><\/p>\n<\/td>\n<\/tr>\n<\/tbody>\n<\/table>\n\t\t<div class=\"pk-inline-posts\">\n\t\t\t\n\t\t\t<div class=\"pk-inline-posts-container pk-inline-posts-template-list\"\n\t\t\t\tdata-columns=\"1\">\n\t\t\t\t\t\t<article id=\"post-55271\" class=\"post-55271 post type-post status-publish format-standard has-post-thumbnail category-colaborador category-z-colaboradores-elvira-zorrero tag-beneficia tag-contagia tag-curiosidad tag-fuentes tag-interes tag-motivacion tag-motivacion-decision cs-entry cs-video-wrap\">\n\t\t\t<div class=\"pk-post-outer\">\n\n\t\t\t\t\t\t\t\t<div class=\"pk-post-inner\">\n\t\t\t\t\t<div class=\"entry-thumbnail\">\n\t\t\t\t\t\t<div class=\"pk-overlay pk-overlay-ratio pk-ratio-landscape\">\n\t\t\t\t\t\t\t<div class=\"pk-overlay-background\">\n\t\t\t\t\t\t\t\t<a href=\"https:\/\/webdelmaestrocmf.com\/portal\/elvira-zorrero-curiosidad-e-interes-fuentes-de-motivacion-motivacion-una-decision-que-beneficia-y-contagia\/\" class=\"pk-overlay-link\">\n\t\t\t\t\t\t\t\t\t<img loading=\"lazy\" decoding=\"async\" width=\"300\" height=\"225\" src=\"https:\/\/webdelmaestrocmf.com\/portal\/wp-content\/uploads\/2020\/11\/1-copia-76-300x225.jpg\" class=\"attachment-pk-thumbnail size-pk-thumbnail wp-post-image\" alt=\"\" srcset=\"https:\/\/webdelmaestrocmf.com\/portal\/wp-content\/uploads\/2020\/11\/1-copia-76-300x225.jpg 300w, https:\/\/webdelmaestrocmf.com\/portal\/wp-content\/uploads\/2020\/11\/1-copia-76-600x450.jpg 600w\" sizes=\"auto, (max-width: 300px) 100vw, 300px\" \/>\t\t\t\t\t\t\t\t<\/a>\n\t\t\t\t\t\t\t<\/div>\n\t\t\t\t\t\t<\/div>\n\t\t\t\t\t<\/div>\n\t\t\t\t<\/div>\n\t\t\t\t\n\t\t\t\t<div class=\"pk-post-inner\">\n\t\t\t\t\t<header>\n\t\t\t\t\t\t<h3 class=\"pk-title\"><a href=\"https:\/\/webdelmaestrocmf.com\/portal\/elvira-zorrero-curiosidad-e-interes-fuentes-de-motivacion-motivacion-una-decision-que-beneficia-y-contagia\/\" rel=\"bookmark\">[Elvira Zorrero] Curiosidad e inter\u00e9s, fuentes de motivaci\u00f3n \/ Motivaci\u00f3n; una decisi\u00f3n que beneficia y contagia<\/a><\/h3>\t\t\t\t\t<\/header><!-- .entry-header -->\n\t\t\t\t<\/div><!-- .post-inner -->\n\n\t\t\t<\/div><!-- .post-outer -->\n\t\t<\/article>\n\t\t\t\t<\/div>\n\t\t<\/div>\n\t\t\n","protected":false},"excerpt":{"rendered":"Todos hemos escuchado la frase \u201cEvaluar es para mejorar\u201d y queda claro que una evaluaci\u00f3n es una ventana&hellip;","protected":false},"author":1,"featured_media":29613,"comment_status":"open","ping_status":"closed","sticky":false,"template":"","format":"standard","meta":{"csco_display_header_overlay":false,"csco_singular_sidebar":"default","csco_page_header_type":"default","csco_page_load_nextpost":"default","csco_post_video_location":[],"csco_post_video_location_hash":"","csco_post_video_url":"","csco_post_video_bg_start_time":0,"csco_post_video_bg_end_time":0,"csco_post_video_bg_volume":false,"_jetpack_memberships_contains_paid_content":false,"footnotes":""},"categories":[1790,3629],"tags":[3688,1278,2157,320],"class_list":{"0":"post-29610","1":"post","2":"type-post","3":"status-publish","4":"format-standard","5":"has-post-thumbnail","7":"category-colaborador","8":"category-z-colaboradores-elvira-zorrero","9":"tag-elvira-zorrero","10":"tag-evaluacion","11":"tag-realidad","12":"tag-reflejo","13":"cs-entry","14":"cs-video-wrap"},"yoast_head":"<!-- This site is optimized with the Yoast SEO plugin v27.5 - https:\/\/yoast.com\/product\/yoast-seo-wordpress\/ -->\n<title>[Elvira Zorrero] Evaluaci\u00f3n, reflejo de la realidad - 2026<\/title>\n<meta name=\"description\" content=\"Todos hemos escuchado la frase \u201cEvaluar es para mejorar\u201d y queda claro que una evaluaci\u00f3n es una ventana a la realidad. Pero por si misma no conduce a la mejora. En el \u00e1rea de la educaci\u00f3n, el tema de la evaluaci\u00f3n es muy extenso y abarca varios aspectos tales como: la forma, el contenido, los resultados y el plan de acci\u00f3n para mejorar.\" \/>\n<meta name=\"robots\" content=\"index, follow, max-snippet:-1, max-image-preview:large, max-video-preview:-1\" \/>\n<link rel=\"canonical\" href=\"https:\/\/webdelmaestrocmf.com\/portal\/elvira-zorrero-lara-evaluacion-reflejo-de-la-realidad\/\" \/>\n<meta property=\"og:locale\" content=\"es_ES\" \/>\n<meta property=\"og:type\" content=\"article\" \/>\n<meta property=\"og:title\" content=\"[Elvira Zorrero] Evaluaci\u00f3n, reflejo de la realidad - 2026\" \/>\n<meta property=\"og:description\" content=\"Todos hemos escuchado la frase \u201cEvaluar es para mejorar\u201d y queda claro que una evaluaci\u00f3n es una ventana a la realidad. Pero por si misma no conduce a la mejora. En el \u00e1rea de la educaci\u00f3n, el tema de la evaluaci\u00f3n es muy extenso y abarca varios aspectos tales como: la forma, el contenido, los resultados y el plan de acci\u00f3n para mejorar.\" \/>\n<meta property=\"og:url\" content=\"https:\/\/webdelmaestrocmf.com\/portal\/elvira-zorrero-lara-evaluacion-reflejo-de-la-realidad\/\" \/>\n<meta property=\"og:site_name\" content=\"Web del Maestro CMF\" \/>\n<meta property=\"article:publisher\" content=\"https:\/\/www.facebook.com\/WebdelMaestroCMF\/\" \/>\n<meta property=\"article:author\" content=\"https:\/\/www.facebook.com\/WebdelMaestroCMF\/\" \/>\n<meta property=\"article:published_time\" content=\"2018-07-30T20:29:44+00:00\" \/>\n<meta property=\"article:modified_time\" content=\"2020-01-04T03:05:42+00:00\" \/>\n<meta property=\"og:image\" content=\"https:\/\/i0.wp.com\/webdelmaestrocmf.com\/portal\/wp-content\/uploads\/2018\/07\/1-98.jpg?fit=1100%2C680&ssl=1\" \/>\n\t<meta property=\"og:image:width\" content=\"1100\" \/>\n\t<meta property=\"og:image:height\" content=\"680\" \/>\n\t<meta property=\"og:image:type\" content=\"image\/jpeg\" \/>\n<meta name=\"author\" content=\"Web del Maestro CMF\" \/>\n<meta name=\"twitter:card\" content=\"summary_large_image\" \/>\n<meta name=\"twitter:creator\" content=\"@cmf_w\" \/>\n<meta name=\"twitter:site\" content=\"@cmf_w\" \/>\n<script type=\"application\/ld+json\" class=\"yoast-schema-graph\">{\"@context\":\"https:\\\/\\\/schema.org\",\"@graph\":[{\"@type\":\"ScholarlyArticle\",\"@id\":\"https:\\\/\\\/webdelmaestrocmf.com\\\/portal\\\/elvira-zorrero-lara-evaluacion-reflejo-de-la-realidad\\\/#article\",\"isPartOf\":{\"@id\":\"https:\\\/\\\/webdelmaestrocmf.com\\\/portal\\\/elvira-zorrero-lara-evaluacion-reflejo-de-la-realidad\\\/\"},\"author\":{\"name\":\"Web del Maestro CMF\",\"@id\":\"https:\\\/\\\/webdelmaestrocmf.com\\\/portal\\\/#\\\/schema\\\/person\\\/1072a2ed7bd960df8ef99a551fa35dc5\"},\"headline\":\"[Elvira Zorrero] Evaluaci\u00f3n, reflejo de la realidad\",\"datePublished\":\"2018-07-30T20:29:44+00:00\",\"dateModified\":\"2020-01-04T03:05:42+00:00\",\"mainEntityOfPage\":{\"@id\":\"https:\\\/\\\/webdelmaestrocmf.com\\\/portal\\\/elvira-zorrero-lara-evaluacion-reflejo-de-la-realidad\\\/\"},\"wordCount\":782,\"commentCount\":0,\"publisher\":{\"@id\":\"https:\\\/\\\/webdelmaestrocmf.com\\\/portal\\\/#organization\"},\"image\":{\"@id\":\"https:\\\/\\\/webdelmaestrocmf.com\\\/portal\\\/elvira-zorrero-lara-evaluacion-reflejo-de-la-realidad\\\/#primaryimage\"},\"thumbnailUrl\":\"https:\\\/\\\/webdelmaestrocmf.com\\\/portal\\\/wp-content\\\/uploads\\\/2018\\\/07\\\/1-98.jpg\",\"keywords\":[\"ELVIRA ZORRERO\",\"EVALUACI\u00d3N\",\"REALIDAD\",\"REFLEJO\"],\"articleSection\":[\"Z-Colaboradores\",\"Z-Colaboradores-Elvira-Zorrero\"],\"inLanguage\":\"es\",\"potentialAction\":[{\"@type\":\"CommentAction\",\"name\":\"Comment\",\"target\":[\"https:\\\/\\\/webdelmaestrocmf.com\\\/portal\\\/elvira-zorrero-lara-evaluacion-reflejo-de-la-realidad\\\/#respond\"]}]},{\"@type\":\"WebPage\",\"@id\":\"https:\\\/\\\/webdelmaestrocmf.com\\\/portal\\\/elvira-zorrero-lara-evaluacion-reflejo-de-la-realidad\\\/\",\"url\":\"https:\\\/\\\/webdelmaestrocmf.com\\\/portal\\\/elvira-zorrero-lara-evaluacion-reflejo-de-la-realidad\\\/\",\"name\":\"[Elvira Zorrero] Evaluaci\u00f3n, reflejo de la realidad - 2026\",\"isPartOf\":{\"@id\":\"https:\\\/\\\/webdelmaestrocmf.com\\\/portal\\\/#website\"},\"primaryImageOfPage\":{\"@id\":\"https:\\\/\\\/webdelmaestrocmf.com\\\/portal\\\/elvira-zorrero-lara-evaluacion-reflejo-de-la-realidad\\\/#primaryimage\"},\"image\":{\"@id\":\"https:\\\/\\\/webdelmaestrocmf.com\\\/portal\\\/elvira-zorrero-lara-evaluacion-reflejo-de-la-realidad\\\/#primaryimage\"},\"thumbnailUrl\":\"https:\\\/\\\/webdelmaestrocmf.com\\\/portal\\\/wp-content\\\/uploads\\\/2018\\\/07\\\/1-98.jpg\",\"datePublished\":\"2018-07-30T20:29:44+00:00\",\"dateModified\":\"2020-01-04T03:05:42+00:00\",\"description\":\"Todos hemos escuchado la frase \u201cEvaluar es para mejorar\u201d y queda claro que una evaluaci\u00f3n es una ventana a la realidad. Pero por si misma no conduce a la mejora. En el \u00e1rea de la educaci\u00f3n, el tema de la evaluaci\u00f3n es muy extenso y abarca varios aspectos tales como: la forma, el contenido, los resultados y el plan de acci\u00f3n para mejorar.\",\"breadcrumb\":{\"@id\":\"https:\\\/\\\/webdelmaestrocmf.com\\\/portal\\\/elvira-zorrero-lara-evaluacion-reflejo-de-la-realidad\\\/#breadcrumb\"},\"inLanguage\":\"es\",\"potentialAction\":[{\"@type\":\"ReadAction\",\"target\":[\"https:\\\/\\\/webdelmaestrocmf.com\\\/portal\\\/elvira-zorrero-lara-evaluacion-reflejo-de-la-realidad\\\/\"]}]},{\"@type\":\"ImageObject\",\"inLanguage\":\"es\",\"@id\":\"https:\\\/\\\/webdelmaestrocmf.com\\\/portal\\\/elvira-zorrero-lara-evaluacion-reflejo-de-la-realidad\\\/#primaryimage\",\"url\":\"https:\\\/\\\/webdelmaestrocmf.com\\\/portal\\\/wp-content\\\/uploads\\\/2018\\\/07\\\/1-98.jpg\",\"contentUrl\":\"https:\\\/\\\/webdelmaestrocmf.com\\\/portal\\\/wp-content\\\/uploads\\\/2018\\\/07\\\/1-98.jpg\",\"width\":1100,\"height\":680},{\"@type\":\"BreadcrumbList\",\"@id\":\"https:\\\/\\\/webdelmaestrocmf.com\\\/portal\\\/elvira-zorrero-lara-evaluacion-reflejo-de-la-realidad\\\/#breadcrumb\",\"itemListElement\":[{\"@type\":\"ListItem\",\"position\":1,\"name\":\"Portada\",\"item\":\"https:\\\/\\\/webdelmaestrocmf.com\\\/portal\\\/\"},{\"@type\":\"ListItem\",\"position\":2,\"name\":\"Z-Colaboradores\",\"item\":\"https:\\\/\\\/webdelmaestrocmf.com\\\/portal\\\/category\\\/colaborador\\\/\"},{\"@type\":\"ListItem\",\"position\":3,\"name\":\"Z-Colaboradores-Elvira-Zorrero\",\"item\":\"https:\\\/\\\/webdelmaestrocmf.com\\\/portal\\\/category\\\/colaborador\\\/z-colaboradores-elvira-zorrero\\\/\"},{\"@type\":\"ListItem\",\"position\":4,\"name\":\"[Elvira Zorrero] Evaluaci\u00f3n, reflejo de la realidad\"}]},{\"@type\":\"WebSite\",\"@id\":\"https:\\\/\\\/webdelmaestrocmf.com\\\/portal\\\/#website\",\"url\":\"https:\\\/\\\/webdelmaestrocmf.com\\\/portal\\\/\",\"name\":\"Web del Maestro CMF\",\"description\":\"Maestros al servicio de la educaci\u00f3n\",\"publisher\":{\"@id\":\"https:\\\/\\\/webdelmaestrocmf.com\\\/portal\\\/#organization\"},\"alternateName\":\"WMCMF\",\"potentialAction\":[{\"@type\":\"SearchAction\",\"target\":{\"@type\":\"EntryPoint\",\"urlTemplate\":\"https:\\\/\\\/webdelmaestrocmf.com\\\/portal\\\/?s={search_term_string}\"},\"query-input\":{\"@type\":\"PropertyValueSpecification\",\"valueRequired\":true,\"valueName\":\"search_term_string\"}}],\"inLanguage\":\"es\"},{\"@type\":\"Organization\",\"@id\":\"https:\\\/\\\/webdelmaestrocmf.com\\\/portal\\\/#organization\",\"name\":\"Web del Maestro CMF\",\"alternateName\":\"WMCMF\",\"url\":\"https:\\\/\\\/webdelmaestrocmf.com\\\/portal\\\/\",\"logo\":{\"@type\":\"ImageObject\",\"inLanguage\":\"es\",\"@id\":\"https:\\\/\\\/webdelmaestrocmf.com\\\/portal\\\/#\\\/schema\\\/logo\\\/image\\\/\",\"url\":\"https:\\\/\\\/webdelmaestrocmf.com\\\/portal\\\/wp-content\\\/uploads\\\/2023\\\/01\\\/logo-wmcmf-2.png\",\"contentUrl\":\"https:\\\/\\\/webdelmaestrocmf.com\\\/portal\\\/wp-content\\\/uploads\\\/2023\\\/01\\\/logo-wmcmf-2.png\",\"width\":200,\"height\":60,\"caption\":\"Web del Maestro CMF\"},\"image\":{\"@id\":\"https:\\\/\\\/webdelmaestrocmf.com\\\/portal\\\/#\\\/schema\\\/logo\\\/image\\\/\"},\"sameAs\":[\"https:\\\/\\\/www.facebook.com\\\/WebdelMaestroCMF\\\/\",\"https:\\\/\\\/x.com\\\/cmf_w\",\"https:\\\/\\\/www.pinterest.com\\\/WMCMF\\\/\",\"https:\\\/\\\/www.linkedin.com\\\/company\\\/web-del-maestro-cmf\\\/\",\"https:\\\/\\\/www.instagram.com\\\/wmcmf\\\/\",\"https:\\\/\\\/www.youtube.com\\\/channel\\\/UCDPSvjbdodE5sHnC3OxutHw\",\"https:\\\/\\\/mastodon.social\\\/@wmcmf\",\"https:\\\/\\\/www.tiktok.com\\\/@webdelmaestrocmf\"]},{\"@type\":\"Person\",\"@id\":\"https:\\\/\\\/webdelmaestrocmf.com\\\/portal\\\/#\\\/schema\\\/person\\\/1072a2ed7bd960df8ef99a551fa35dc5\",\"name\":\"Web del Maestro CMF\",\"image\":{\"@type\":\"ImageObject\",\"inLanguage\":\"es\",\"@id\":\"https:\\\/\\\/secure.gravatar.com\\\/avatar\\\/23291dd5b5ae1077dcff3dbb04c3e02bd28403fa75af6d8787d5e97c5bbbe30b?s=96&d=mm&r=g\",\"url\":\"https:\\\/\\\/secure.gravatar.com\\\/avatar\\\/23291dd5b5ae1077dcff3dbb04c3e02bd28403fa75af6d8787d5e97c5bbbe30b?s=96&d=mm&r=g\",\"contentUrl\":\"https:\\\/\\\/secure.gravatar.com\\\/avatar\\\/23291dd5b5ae1077dcff3dbb04c3e02bd28403fa75af6d8787d5e97c5bbbe30b?s=96&d=mm&r=g\",\"caption\":\"Web del Maestro CMF\"},\"description\":\"Esta Web se cre\u00f3 sin fines de lucro, con fines educativos, cient\u00edficos y acad\u00e9micos, para personas que tengan dificultades y\\\/o inconvenientes en visualizar el material original. El objetivo es entregar recursos, compartir experiencias y materiales que ayuden a los padres de familia, maestros y estudiantes en su actualizaci\u00f3n y formaci\u00f3n permanente, en bien de la Educaci\u00f3n.\",\"sameAs\":[\"http:\\\/\\\/webdelmaestrocmf.com\\\/portal\",\"https:\\\/\\\/www.facebook.com\\\/WebdelMaestroCMF\\\/\",\"https:\\\/\\\/www.instagram.com\\\/wmcmf\\\/\",\"https:\\\/\\\/cl.linkedin.com\\\/company\\\/web-del-maestro-cmf\",\"https:\\\/\\\/www.pinterest.com\\\/WMCMF\\\/publicaciones\\\/\",\"https:\\\/\\\/x.com\\\/cmf_w\",\"https:\\\/\\\/www.youtube.com\\\/@WMCMF\"]}]}<\/script>\n<!-- \/ Yoast SEO plugin. -->","yoast_head_json":{"title":"[Elvira Zorrero] Evaluaci\u00f3n, reflejo de la realidad - 2026","description":"Todos hemos escuchado la frase \u201cEvaluar es para mejorar\u201d y queda claro que una evaluaci\u00f3n es una ventana a la realidad. Pero por si misma no conduce a la mejora. En el \u00e1rea de la educaci\u00f3n, el tema de la evaluaci\u00f3n es muy extenso y abarca varios aspectos tales como: la forma, el contenido, los resultados y el plan de acci\u00f3n para mejorar.","robots":{"index":"index","follow":"follow","max-snippet":"max-snippet:-1","max-image-preview":"max-image-preview:large","max-video-preview":"max-video-preview:-1"},"canonical":"https:\/\/webdelmaestrocmf.com\/portal\/elvira-zorrero-lara-evaluacion-reflejo-de-la-realidad\/","og_locale":"es_ES","og_type":"article","og_title":"[Elvira Zorrero] Evaluaci\u00f3n, reflejo de la realidad - 2026","og_description":"Todos hemos escuchado la frase \u201cEvaluar es para mejorar\u201d y queda claro que una evaluaci\u00f3n es una ventana a la realidad. Pero por si misma no conduce a la mejora. En el \u00e1rea de la educaci\u00f3n, el tema de la evaluaci\u00f3n es muy extenso y abarca varios aspectos tales como: la forma, el contenido, los resultados y el plan de acci\u00f3n para mejorar.","og_url":"https:\/\/webdelmaestrocmf.com\/portal\/elvira-zorrero-lara-evaluacion-reflejo-de-la-realidad\/","og_site_name":"Web del Maestro CMF","article_publisher":"https:\/\/www.facebook.com\/WebdelMaestroCMF\/","article_author":"https:\/\/www.facebook.com\/WebdelMaestroCMF\/","article_published_time":"2018-07-30T20:29:44+00:00","article_modified_time":"2020-01-04T03:05:42+00:00","og_image":[{"width":1100,"height":680,"url":"https:\/\/i0.wp.com\/webdelmaestrocmf.com\/portal\/wp-content\/uploads\/2018\/07\/1-98.jpg?fit=1100%2C680&ssl=1","type":"image\/jpeg"}],"author":"Web del Maestro CMF","twitter_card":"summary_large_image","twitter_creator":"@cmf_w","twitter_site":"@cmf_w","schema":{"@context":"https:\/\/schema.org","@graph":[{"@type":"ScholarlyArticle","@id":"https:\/\/webdelmaestrocmf.com\/portal\/elvira-zorrero-lara-evaluacion-reflejo-de-la-realidad\/#article","isPartOf":{"@id":"https:\/\/webdelmaestrocmf.com\/portal\/elvira-zorrero-lara-evaluacion-reflejo-de-la-realidad\/"},"author":{"name":"Web del Maestro CMF","@id":"https:\/\/webdelmaestrocmf.com\/portal\/#\/schema\/person\/1072a2ed7bd960df8ef99a551fa35dc5"},"headline":"[Elvira Zorrero] Evaluaci\u00f3n, reflejo de la realidad","datePublished":"2018-07-30T20:29:44+00:00","dateModified":"2020-01-04T03:05:42+00:00","mainEntityOfPage":{"@id":"https:\/\/webdelmaestrocmf.com\/portal\/elvira-zorrero-lara-evaluacion-reflejo-de-la-realidad\/"},"wordCount":782,"commentCount":0,"publisher":{"@id":"https:\/\/webdelmaestrocmf.com\/portal\/#organization"},"image":{"@id":"https:\/\/webdelmaestrocmf.com\/portal\/elvira-zorrero-lara-evaluacion-reflejo-de-la-realidad\/#primaryimage"},"thumbnailUrl":"https:\/\/webdelmaestrocmf.com\/portal\/wp-content\/uploads\/2018\/07\/1-98.jpg","keywords":["ELVIRA ZORRERO","EVALUACI\u00d3N","REALIDAD","REFLEJO"],"articleSection":["Z-Colaboradores","Z-Colaboradores-Elvira-Zorrero"],"inLanguage":"es","potentialAction":[{"@type":"CommentAction","name":"Comment","target":["https:\/\/webdelmaestrocmf.com\/portal\/elvira-zorrero-lara-evaluacion-reflejo-de-la-realidad\/#respond"]}]},{"@type":"WebPage","@id":"https:\/\/webdelmaestrocmf.com\/portal\/elvira-zorrero-lara-evaluacion-reflejo-de-la-realidad\/","url":"https:\/\/webdelmaestrocmf.com\/portal\/elvira-zorrero-lara-evaluacion-reflejo-de-la-realidad\/","name":"[Elvira Zorrero] Evaluaci\u00f3n, reflejo de la realidad - 2026","isPartOf":{"@id":"https:\/\/webdelmaestrocmf.com\/portal\/#website"},"primaryImageOfPage":{"@id":"https:\/\/webdelmaestrocmf.com\/portal\/elvira-zorrero-lara-evaluacion-reflejo-de-la-realidad\/#primaryimage"},"image":{"@id":"https:\/\/webdelmaestrocmf.com\/portal\/elvira-zorrero-lara-evaluacion-reflejo-de-la-realidad\/#primaryimage"},"thumbnailUrl":"https:\/\/webdelmaestrocmf.com\/portal\/wp-content\/uploads\/2018\/07\/1-98.jpg","datePublished":"2018-07-30T20:29:44+00:00","dateModified":"2020-01-04T03:05:42+00:00","description":"Todos hemos escuchado la frase \u201cEvaluar es para mejorar\u201d y queda claro que una evaluaci\u00f3n es una ventana a la realidad. Pero por si misma no conduce a la mejora. En el \u00e1rea de la educaci\u00f3n, el tema de la evaluaci\u00f3n es muy extenso y abarca varios aspectos tales como: la forma, el contenido, los resultados y el plan de acci\u00f3n para mejorar.","breadcrumb":{"@id":"https:\/\/webdelmaestrocmf.com\/portal\/elvira-zorrero-lara-evaluacion-reflejo-de-la-realidad\/#breadcrumb"},"inLanguage":"es","potentialAction":[{"@type":"ReadAction","target":["https:\/\/webdelmaestrocmf.com\/portal\/elvira-zorrero-lara-evaluacion-reflejo-de-la-realidad\/"]}]},{"@type":"ImageObject","inLanguage":"es","@id":"https:\/\/webdelmaestrocmf.com\/portal\/elvira-zorrero-lara-evaluacion-reflejo-de-la-realidad\/#primaryimage","url":"https:\/\/webdelmaestrocmf.com\/portal\/wp-content\/uploads\/2018\/07\/1-98.jpg","contentUrl":"https:\/\/webdelmaestrocmf.com\/portal\/wp-content\/uploads\/2018\/07\/1-98.jpg","width":1100,"height":680},{"@type":"BreadcrumbList","@id":"https:\/\/webdelmaestrocmf.com\/portal\/elvira-zorrero-lara-evaluacion-reflejo-de-la-realidad\/#breadcrumb","itemListElement":[{"@type":"ListItem","position":1,"name":"Portada","item":"https:\/\/webdelmaestrocmf.com\/portal\/"},{"@type":"ListItem","position":2,"name":"Z-Colaboradores","item":"https:\/\/webdelmaestrocmf.com\/portal\/category\/colaborador\/"},{"@type":"ListItem","position":3,"name":"Z-Colaboradores-Elvira-Zorrero","item":"https:\/\/webdelmaestrocmf.com\/portal\/category\/colaborador\/z-colaboradores-elvira-zorrero\/"},{"@type":"ListItem","position":4,"name":"[Elvira Zorrero] Evaluaci\u00f3n, reflejo de la realidad"}]},{"@type":"WebSite","@id":"https:\/\/webdelmaestrocmf.com\/portal\/#website","url":"https:\/\/webdelmaestrocmf.com\/portal\/","name":"Web del Maestro CMF","description":"Maestros al servicio de la educaci\u00f3n","publisher":{"@id":"https:\/\/webdelmaestrocmf.com\/portal\/#organization"},"alternateName":"WMCMF","potentialAction":[{"@type":"SearchAction","target":{"@type":"EntryPoint","urlTemplate":"https:\/\/webdelmaestrocmf.com\/portal\/?s={search_term_string}"},"query-input":{"@type":"PropertyValueSpecification","valueRequired":true,"valueName":"search_term_string"}}],"inLanguage":"es"},{"@type":"Organization","@id":"https:\/\/webdelmaestrocmf.com\/portal\/#organization","name":"Web del Maestro CMF","alternateName":"WMCMF","url":"https:\/\/webdelmaestrocmf.com\/portal\/","logo":{"@type":"ImageObject","inLanguage":"es","@id":"https:\/\/webdelmaestrocmf.com\/portal\/#\/schema\/logo\/image\/","url":"https:\/\/webdelmaestrocmf.com\/portal\/wp-content\/uploads\/2023\/01\/logo-wmcmf-2.png","contentUrl":"https:\/\/webdelmaestrocmf.com\/portal\/wp-content\/uploads\/2023\/01\/logo-wmcmf-2.png","width":200,"height":60,"caption":"Web del Maestro CMF"},"image":{"@id":"https:\/\/webdelmaestrocmf.com\/portal\/#\/schema\/logo\/image\/"},"sameAs":["https:\/\/www.facebook.com\/WebdelMaestroCMF\/","https:\/\/x.com\/cmf_w","https:\/\/www.pinterest.com\/WMCMF\/","https:\/\/www.linkedin.com\/company\/web-del-maestro-cmf\/","https:\/\/www.instagram.com\/wmcmf\/","https:\/\/www.youtube.com\/channel\/UCDPSvjbdodE5sHnC3OxutHw","https:\/\/mastodon.social\/@wmcmf","https:\/\/www.tiktok.com\/@webdelmaestrocmf"]},{"@type":"Person","@id":"https:\/\/webdelmaestrocmf.com\/portal\/#\/schema\/person\/1072a2ed7bd960df8ef99a551fa35dc5","name":"Web del Maestro CMF","image":{"@type":"ImageObject","inLanguage":"es","@id":"https:\/\/secure.gravatar.com\/avatar\/23291dd5b5ae1077dcff3dbb04c3e02bd28403fa75af6d8787d5e97c5bbbe30b?s=96&d=mm&r=g","url":"https:\/\/secure.gravatar.com\/avatar\/23291dd5b5ae1077dcff3dbb04c3e02bd28403fa75af6d8787d5e97c5bbbe30b?s=96&d=mm&r=g","contentUrl":"https:\/\/secure.gravatar.com\/avatar\/23291dd5b5ae1077dcff3dbb04c3e02bd28403fa75af6d8787d5e97c5bbbe30b?s=96&d=mm&r=g","caption":"Web del Maestro CMF"},"description":"Esta Web se cre\u00f3 sin fines de lucro, con fines educativos, cient\u00edficos y acad\u00e9micos, para personas que tengan dificultades y\/o inconvenientes en visualizar el material original. El objetivo es entregar recursos, compartir experiencias y materiales que ayuden a los padres de familia, maestros y estudiantes en su actualizaci\u00f3n y formaci\u00f3n permanente, en bien de la Educaci\u00f3n.","sameAs":["http:\/\/webdelmaestrocmf.com\/portal","https:\/\/www.facebook.com\/WebdelMaestroCMF\/","https:\/\/www.instagram.com\/wmcmf\/","https:\/\/cl.linkedin.com\/company\/web-del-maestro-cmf","https:\/\/www.pinterest.com\/WMCMF\/publicaciones\/","https:\/\/x.com\/cmf_w","https:\/\/www.youtube.com\/@WMCMF"]}]}},"jetpack_featured_media_url":"https:\/\/webdelmaestrocmf.com\/portal\/wp-content\/uploads\/2018\/07\/1-98.jpg","jetpack_sharing_enabled":true,"jetpack-related-posts":[{"id":45967,"url":"https:\/\/webdelmaestrocmf.com\/portal\/elvira-zorrero-el-dia-que-la-educacion-se-enriquecio-a-causa-del-covid-19\/","url_meta":{"origin":29610,"position":0},"title":"[Elvira Zorrero] El d\u00eda que la educaci\u00f3n se enriqueci\u00f3 a causa del COVID-19","author":"Web del Maestro CMF","date":"30 marzo, 2020","format":false,"excerpt":"El coronavirus ya sea en mayor o menor medida ha trastocado nuestra vida, todos hemos tenido que modificar nuestro comportamiento social,\u00a0 forma en la que compramos, como nos divertimos, la convivencia, el modo y frecuencia de lavarnos las manos, la manera en la que trabajamos, en la que aprendemos,\u00a0 \u00a0por\u2026","rel":"","context":"En \u00abZ-Colaboradores\u00bb","block_context":{"text":"Z-Colaboradores","link":"https:\/\/webdelmaestrocmf.com\/portal\/category\/colaborador\/"},"img":{"alt_text":"","src":"https:\/\/i0.wp.com\/webdelmaestrocmf.com\/portal\/wp-content\/uploads\/2020\/03\/4a-14.jpg?resize=350%2C200&ssl=1","width":350,"height":200,"srcset":"https:\/\/i0.wp.com\/webdelmaestrocmf.com\/portal\/wp-content\/uploads\/2020\/03\/4a-14.jpg?resize=350%2C200&ssl=1 1x, https:\/\/i0.wp.com\/webdelmaestrocmf.com\/portal\/wp-content\/uploads\/2020\/03\/4a-14.jpg?resize=525%2C300&ssl=1 1.5x, https:\/\/i0.wp.com\/webdelmaestrocmf.com\/portal\/wp-content\/uploads\/2020\/03\/4a-14.jpg?resize=700%2C400&ssl=1 2x, https:\/\/i0.wp.com\/webdelmaestrocmf.com\/portal\/wp-content\/uploads\/2020\/03\/4a-14.jpg?resize=1050%2C600&ssl=1 3x"},"classes":[]},{"id":55003,"url":"https:\/\/webdelmaestrocmf.com\/portal\/elvira-zorrero-la-reflexion-como-base-del-cambio\/","url_meta":{"origin":29610,"position":1},"title":"[Elvira Zorrero] La reflexi\u00f3n como base del cambio","author":"Web del Maestro CMF","date":"22 noviembre, 2020","format":false,"excerpt":"Un viaje, enamorase de alguien, correr un marat\u00f3n, graduarse, son experiencias inolvidables que marcan nuestra vida. \u00a0Desde mediados de marzo del presente a\u00f1o, la vida de la mayor\u00eda de las personas ha sido diferente a lo que sol\u00eda ser, la rutina se transform\u00f3 y de un d\u00eda a otro, muchos\u2026","rel":"","context":"En \u00abZ-Colaboradores\u00bb","block_context":{"text":"Z-Colaboradores","link":"https:\/\/webdelmaestrocmf.com\/portal\/category\/colaborador\/"},"img":{"alt_text":"","src":"https:\/\/i0.wp.com\/webdelmaestrocmf.com\/portal\/wp-content\/uploads\/2020\/11\/1-copia-64.jpg?resize=350%2C200&ssl=1","width":350,"height":200,"srcset":"https:\/\/i0.wp.com\/webdelmaestrocmf.com\/portal\/wp-content\/uploads\/2020\/11\/1-copia-64.jpg?resize=350%2C200&ssl=1 1x, https:\/\/i0.wp.com\/webdelmaestrocmf.com\/portal\/wp-content\/uploads\/2020\/11\/1-copia-64.jpg?resize=525%2C300&ssl=1 1.5x, https:\/\/i0.wp.com\/webdelmaestrocmf.com\/portal\/wp-content\/uploads\/2020\/11\/1-copia-64.jpg?resize=700%2C400&ssl=1 2x, https:\/\/i0.wp.com\/webdelmaestrocmf.com\/portal\/wp-content\/uploads\/2020\/11\/1-copia-64.jpg?resize=1050%2C600&ssl=1 3x"},"classes":[]},{"id":43170,"url":"https:\/\/webdelmaestrocmf.com\/portal\/elvira-zorrero-propositos-del-2020-para-la-educacion\/","url_meta":{"origin":29610,"position":2},"title":"[Elvira Zorrero] Prop\u00f3sitos del 2020 para la educaci\u00f3n","author":"Web del Maestro CMF","date":"3 enero, 2020","format":false,"excerpt":"El inicio de un a\u00f1o es la oportunidad perfecta para establecer objetivos los cuales en la mayor\u00eda de los casos cada persona es responsable para lograrlos, sin embargo, en el \u00e1rea educativa no sucede de esa manera, ya que una persona no puede establecer los objetivos y mucho menos lograrlos\u2026","rel":"","context":"En \u00abZ-Colaboradores\u00bb","block_context":{"text":"Z-Colaboradores","link":"https:\/\/webdelmaestrocmf.com\/portal\/category\/colaborador\/"},"img":{"alt_text":"","src":"https:\/\/i0.wp.com\/webdelmaestrocmf.com\/portal\/wp-content\/uploads\/2020\/01\/2-2.jpg?resize=350%2C200&ssl=1","width":350,"height":200,"srcset":"https:\/\/i0.wp.com\/webdelmaestrocmf.com\/portal\/wp-content\/uploads\/2020\/01\/2-2.jpg?resize=350%2C200&ssl=1 1x, https:\/\/i0.wp.com\/webdelmaestrocmf.com\/portal\/wp-content\/uploads\/2020\/01\/2-2.jpg?resize=525%2C300&ssl=1 1.5x, https:\/\/i0.wp.com\/webdelmaestrocmf.com\/portal\/wp-content\/uploads\/2020\/01\/2-2.jpg?resize=700%2C400&ssl=1 2x, https:\/\/i0.wp.com\/webdelmaestrocmf.com\/portal\/wp-content\/uploads\/2020\/01\/2-2.jpg?resize=1050%2C600&ssl=1 3x"},"classes":[]},{"id":55271,"url":"https:\/\/webdelmaestrocmf.com\/portal\/elvira-zorrero-curiosidad-e-interes-fuentes-de-motivacion-motivacion-una-decision-que-beneficia-y-contagia\/","url_meta":{"origin":29610,"position":3},"title":"[Elvira Zorrero] Curiosidad e inter\u00e9s, fuentes de motivaci\u00f3n \/ Motivaci\u00f3n; una decisi\u00f3n que beneficia y contagia","author":"Web del Maestro CMF","date":"27 noviembre, 2020","format":false,"excerpt":"Cada generaci\u00f3n tiene grandes retos a vencer, en el \u00e1mbito laboral algunas tuvieron que adecuarse al uso de otro idioma, otros a implementar la tecnolog\u00eda, varios m\u00e1s a trabajar con personas de otras partes del mundo, entre otras. Hoy en d\u00eda, es com\u00fan escuchar que tanto los padres de familia,\u2026","rel":"","context":"En \u00abZ-Colaboradores\u00bb","block_context":{"text":"Z-Colaboradores","link":"https:\/\/webdelmaestrocmf.com\/portal\/category\/colaborador\/"},"img":{"alt_text":"","src":"https:\/\/i0.wp.com\/webdelmaestrocmf.com\/portal\/wp-content\/uploads\/2020\/11\/1-copia-76.jpg?resize=350%2C200&ssl=1","width":350,"height":200,"srcset":"https:\/\/i0.wp.com\/webdelmaestrocmf.com\/portal\/wp-content\/uploads\/2020\/11\/1-copia-76.jpg?resize=350%2C200&ssl=1 1x, https:\/\/i0.wp.com\/webdelmaestrocmf.com\/portal\/wp-content\/uploads\/2020\/11\/1-copia-76.jpg?resize=525%2C300&ssl=1 1.5x, https:\/\/i0.wp.com\/webdelmaestrocmf.com\/portal\/wp-content\/uploads\/2020\/11\/1-copia-76.jpg?resize=700%2C400&ssl=1 2x, https:\/\/i0.wp.com\/webdelmaestrocmf.com\/portal\/wp-content\/uploads\/2020\/11\/1-copia-76.jpg?resize=1050%2C600&ssl=1 3x"},"classes":[]},{"id":48597,"url":"https:\/\/webdelmaestrocmf.com\/portal\/elvira-zorrero-el-maestro-y-la-creatividad\/","url_meta":{"origin":29610,"position":4},"title":"[Elvira Zorrero] El maestro y la creatividad","author":"Web del Maestro CMF","date":"2 julio, 2020","format":false,"excerpt":"Todos podemos coincidir \u00a0\u00a0en que existe una gran demanda por tener nuevas soluciones y encontrar formas distintas de hacer las cosas tanto para la vida personal, acad\u00e9mica y laboral. Para muestra de lo anterior, est\u00e1 todo \u00a0lo que hemos vivido\u00a0 en las \u00faltimas semanas, sin lugar a duda han cambiado\u2026","rel":"","context":"En \u00abZ-Colaboradores\u00bb","block_context":{"text":"Z-Colaboradores","link":"https:\/\/webdelmaestrocmf.com\/portal\/category\/colaborador\/"},"img":{"alt_text":"","src":"https:\/\/i0.wp.com\/webdelmaestrocmf.com\/portal\/wp-content\/uploads\/2020\/07\/1-copia.jpg?resize=350%2C200&ssl=1","width":350,"height":200,"srcset":"https:\/\/i0.wp.com\/webdelmaestrocmf.com\/portal\/wp-content\/uploads\/2020\/07\/1-copia.jpg?resize=350%2C200&ssl=1 1x, https:\/\/i0.wp.com\/webdelmaestrocmf.com\/portal\/wp-content\/uploads\/2020\/07\/1-copia.jpg?resize=525%2C300&ssl=1 1.5x, https:\/\/i0.wp.com\/webdelmaestrocmf.com\/portal\/wp-content\/uploads\/2020\/07\/1-copia.jpg?resize=700%2C400&ssl=1 2x, https:\/\/i0.wp.com\/webdelmaestrocmf.com\/portal\/wp-content\/uploads\/2020\/07\/1-copia.jpg?resize=1050%2C600&ssl=1 3x"},"classes":[]},{"id":28923,"url":"https:\/\/webdelmaestrocmf.com\/portal\/elvira-zorrero-lara-es-posible-garantizar-la-educacion\/","url_meta":{"origin":29610,"position":5},"title":"[Elvira Zorrero Lara]  \u00bfEs posible garantizar la educaci\u00f3n?","author":"Web del Maestro CMF","date":"4 julio, 2018","format":false,"excerpt":"En semanas pasadas, una amiga compr\u00f3 un coche, al cual le dieron siete a\u00f1os de garant\u00eda. Esto me hizo reflexionar sobre la posibilidad de garantizar la educaci\u00f3n. En el caso de la formaci\u00f3n acad\u00e9mica no se puede garantizar como un autom\u00f3vil, no obstante vale la pena considerarlo como objetivo para\u2026","rel":"","context":"En \u00abZ-Colaboradores\u00bb","block_context":{"text":"Z-Colaboradores","link":"https:\/\/webdelmaestrocmf.com\/portal\/category\/colaborador\/"},"img":{"alt_text":"","src":"https:\/\/i0.wp.com\/webdelmaestrocmf.com\/portal\/wp-content\/uploads\/2018\/07\/1-1.jpg?resize=350%2C200&ssl=1","width":350,"height":200,"srcset":"https:\/\/i0.wp.com\/webdelmaestrocmf.com\/portal\/wp-content\/uploads\/2018\/07\/1-1.jpg?resize=350%2C200&ssl=1 1x, https:\/\/i0.wp.com\/webdelmaestrocmf.com\/portal\/wp-content\/uploads\/2018\/07\/1-1.jpg?resize=525%2C300&ssl=1 1.5x, https:\/\/i0.wp.com\/webdelmaestrocmf.com\/portal\/wp-content\/uploads\/2018\/07\/1-1.jpg?resize=700%2C400&ssl=1 2x, https:\/\/i0.wp.com\/webdelmaestrocmf.com\/portal\/wp-content\/uploads\/2018\/07\/1-1.jpg?resize=1050%2C600&ssl=1 3x"},"classes":[]}],"_links":{"self":[{"href":"https:\/\/webdelmaestrocmf.com\/portal\/wp-json\/wp\/v2\/posts\/29610","targetHints":{"allow":["GET"]}}],"collection":[{"href":"https:\/\/webdelmaestrocmf.com\/portal\/wp-json\/wp\/v2\/posts"}],"about":[{"href":"https:\/\/webdelmaestrocmf.com\/portal\/wp-json\/wp\/v2\/types\/post"}],"author":[{"embeddable":true,"href":"https:\/\/webdelmaestrocmf.com\/portal\/wp-json\/wp\/v2\/users\/1"}],"replies":[{"embeddable":true,"href":"https:\/\/webdelmaestrocmf.com\/portal\/wp-json\/wp\/v2\/comments?post=29610"}],"version-history":[{"count":0,"href":"https:\/\/webdelmaestrocmf.com\/portal\/wp-json\/wp\/v2\/posts\/29610\/revisions"}],"wp:featuredmedia":[{"embeddable":true,"href":"https:\/\/webdelmaestrocmf.com\/portal\/wp-json\/wp\/v2\/media\/29613"}],"wp:attachment":[{"href":"https:\/\/webdelmaestrocmf.com\/portal\/wp-json\/wp\/v2\/media?parent=29610"}],"wp:term":[{"taxonomy":"category","embeddable":true,"href":"https:\/\/webdelmaestrocmf.com\/portal\/wp-json\/wp\/v2\/categories?post=29610"},{"taxonomy":"post_tag","embeddable":true,"href":"https:\/\/webdelmaestrocmf.com\/portal\/wp-json\/wp\/v2\/tags?post=29610"}],"curies":[{"name":"wp","href":"https:\/\/api.w.org\/{rel}","templated":true}]}}