{"id":29595,"date":"2018-07-30T15:56:46","date_gmt":"2018-07-30T19:56:46","guid":{"rendered":"http:\/\/webdelmaestrocmf.com\/portal\/?p=29595"},"modified":"2019-09-12T10:22:49","modified_gmt":"2019-09-12T13:22:49","slug":"rosy-cisneros-inteligencia-emocional-autoevaluarse-para-crear-los-diplomas-de-fin-de-ciclo-escolar","status":"publish","type":"post","link":"https:\/\/webdelmaestrocmf.com\/portal\/rosy-cisneros-inteligencia-emocional-autoevaluarse-para-crear-los-diplomas-de-fin-de-ciclo-escolar\/","title":{"rendered":"[Rosy Cisneros] Inteligencia Emocional: Autoevaluarse para crear los diplomas de fin de ciclo escolar"},"content":{"rendered":"<h5 style=\"text-align: justify;\">Desarrollar la Inteligencia Emocional deber\u00eda ser una de las prioridades educativas, la capacidad de auto observarse y estar consciente de los avances que se tienen es en verdad la base para desarrollar hombres y mujeres plenos y por lo tanto exitosos.<\/h5>\n<h5 style=\"text-align: justify;\">Hay muchas formas de llevar actividades para lograr este objetivo y hoy comparto una de las cuales nos da la certeza de que el avance es muy eficaz.<\/h5>\n<p><!--more--><\/p>\n<p style=\"text-align: justify;\">Esta actividad consiste en permitir que cada chico se autoeval\u00fae y pueda de esta forma, redactar su propio diploma, todo lo que \u00e9l mismo reconoce en el \u00e1mbito acad\u00e9mico y emocional, es plasmado en un reconocimiento oficial, mismo que lee a sus padres justo en la ceremonia de cierre de ciclo escolar.<\/p>\n<p style=\"text-align: justify;\">Me permito compartir de algunos diplomas, tan solo los aspectos del desarrollo de habilidades socio-emocionales para poder <strong>\u201csaborear\u201d<\/strong> la capacidad de autogestionar sus emociones.<\/p>\n<p style=\"text-align: justify;\">En especial quiero hacer hincapi\u00e9 en la forma de auto-observarse de los chicos en edad de la pubertad, me parece que, con estas bases emocionales, su tr\u00e1nsito por la adolescencia ser\u00e1 m\u00e1s consciente y con menos repercusiones que pudieran hacer dif\u00edcil este periodo de su desarrollo.<\/p>\n<p style=\"text-align: justify;\">Me siento muy feliz de todos mis logros, en especial de haber aprendido a leer. El evento en cual destaqu\u00e9 fue Futbol y me siento muy contento de haber participado. Me emociona y me siento muy feliz cuando vengo camino a la escuela porque s\u00e9 que ser\u00e1 un buen d\u00eda. <strong>(Sebasti\u00e1n Santiago Aguilar 6 a\u00f1os).<\/strong><\/p>\n<p style=\"text-align: justify;\">Me siento muy feliz porque es muy divertido tener nuevos amigos con quien jugar y aprender juntos. Lo que m\u00e1s me gust\u00f3 en este a\u00f1o fue cuando salimos a saltar en el trampol\u00edn y me divert\u00ed mucho con todos mis compa\u00f1eros. Soy muy buena trabajando porque me puedo concentrar. Me siento muy contenta por todos mis logros de este a\u00f1o ya que aprend\u00ed muchas cosas con mis maestras, por ejemplo aprend\u00ed a leer y a escribir. <strong>(Victoria Cernuda Arizpe, 6 a\u00f1os)<\/strong><\/p>\n<p style=\"text-align: justify;\">Me siento orgulloso de pertenecer a esta escuela donde aprendemos jugando y esto me hace feliz, no como en otras escuelas que dan mucho trabajo y no juegan.<strong> (John Bryan Bola Ayala, 7 a\u00f1os).<\/strong><\/p>\n<p style=\"text-align: justify;\">Me siento orgulloso de mi porque logr\u00e9 bailar mejor y cantar canciones que logramos aprendernos; soy mejor en Ingl\u00e9s ahora. Lo que m\u00e1s me gust\u00f3 este a\u00f1o fue jugar quemados con mis maestras. Destaqu\u00e9 en los festivales ya que me encant\u00f3 participar en todo. Estoy muy contento de todo lo que he logrado este a\u00f1o y s\u00e9 que vendr\u00e1n cosas mejores porque soy un ni\u00f1o muy inteligente.<strong> (Luis Gerardo Hern\u00e1ndez L\u00f3pez, 7 a\u00f1os).<\/strong><\/p>\n<p style=\"text-align: justify;\">Me siento muy orgullosa de m\u00ed misma por ser mejor cada d\u00eda. Este a\u00f1o aprend\u00ed a contar el dinero americano. Mi gran logro este a\u00f1o fue sacarme muchos dieces. Me sent\u00ed muy feliz de haber participado en la Feria de las Ciencias. Siento mucha alegr\u00eda de venir todos los d\u00edas al Colegio M\u00e9xico. <strong>(Karla Eliza Herrera Moreno, 7 a\u00f1os).<\/strong><\/p>\n<p style=\"text-align: justify;\">Estoy orgulloso por ser muy bueno en Matem\u00e1ticas, Espa\u00f1ol y Computaci\u00f3n, Este a\u00f1o aprend\u00ed a hacer una mermelada y a forrar cajas para regalos. Uno de mis mayores logros fue aprender a hacer operaciones con puntos decimales y ejercicios con fracciones. Cuando voy camino a la escuela me siento muy feliz y contento porque se voy a aprender cosas nuevas y me divierto. Me sent\u00ed muy nervioso en la Feria de las Ciencias pero todo sali\u00f3 muy bien. <strong>(Refugio Arellano Hern\u00e1ndez, 9 a\u00f1os).<\/strong><\/p>\n<p style=\"text-align: justify;\">Me siento orgulloso por ser un buen ni\u00f1o, he aprendido a hacer nuevos amigos y eso me pone muy contento. Aprend\u00ed a compartir mis colores, a jugar con las regletas para hacer fracciones y a jugar quemados. Logr\u00e9 cumplir mis promesas y he perfeccionado mis conocimientos estudiando y ech\u00e1ndole muchas ganas, adem\u00e1s hago mis tareas solito. <strong>(\u00c1ngel Joaqu\u00edn L\u00f3pez Puga, 9 a\u00f1os).<\/strong><\/p>\n<p><img loading=\"lazy\" decoding=\"async\" class=\"alignnone size-full wp-image-29600\" src=\"http:\/\/webdelmaestrocmf.com\/portal\/wp-content\/uploads\/2018\/07\/1-97.jpg\" alt=\"\" width=\"1100\" height=\"680\" srcset=\"https:\/\/webdelmaestrocmf.com\/portal\/wp-content\/uploads\/2018\/07\/1-97.jpg 1100w, https:\/\/webdelmaestrocmf.com\/portal\/wp-content\/uploads\/2018\/07\/1-97-300x185.jpg 300w, https:\/\/webdelmaestrocmf.com\/portal\/wp-content\/uploads\/2018\/07\/1-97-768x475.jpg 768w, https:\/\/webdelmaestrocmf.com\/portal\/wp-content\/uploads\/2018\/07\/1-97-1024x633.jpg 1024w, https:\/\/webdelmaestrocmf.com\/portal\/wp-content\/uploads\/2018\/07\/1-97-600x371.jpg 600w\" sizes=\"auto, (max-width: 1100px) 100vw, 1100px\" \/><\/p>\n<p style=\"text-align: justify;\">Antes era un ni\u00f1o muy t\u00edmido, hablaba poco con mis compa\u00f1eros, hasta el punto de llegar a ignorarlos; pero despu\u00e9s tuve el valor y la confianza de aceptar las invitaciones de mis amigos para participar en los juegos de f\u00fatbol haci\u00e9ndome sentir seguro de m\u00ed mismo. <strong>(Roberto Abrego Ambriz, 11 a\u00f1os).<\/strong><\/p>\n<p style=\"text-align: justify;\">Estoy orgulloso porque siento que ahora soy m\u00e1s sociable y tengo m\u00e1s amigos, ya que antes era un ni\u00f1o muy callado que pasaba desapercibido en el grupo. <strong>(Jorge Eduardo Andrade \u00c1lvarez, 11 a\u00f1os).<\/strong><\/p>\n<p style=\"text-align: justify;\">En este a\u00f1o tuve muchos sentimientos encontrados como: la nostalgia, felicidad, enojo e impotencia por mi forma de ser. En este a\u00f1o di un gran salto en mi forma de actuar porque me atrev\u00ed a ser yo misma <strong>(Diana Fernanda C\u00e1rdenas Jim\u00e9nez, 12 a\u00f1os).<\/strong><\/p>\n<p style=\"text-align: justify;\">Me siento orgullosa porque este a\u00f1o he aprendido a defender mis derechos y a expresar mis emociones e inconformidades, tambi\u00e9n he visto en m\u00ed, el deseo de ayudar a quien lo necesite o cuando alguien se encuentra en problemas dando consejos o simplemente empatizar con la persona.\u00a0<strong> (Amy Monserrat Carre\u00f3n R\u00edos, 12 a\u00f1os).<\/strong><\/p>\n<p style=\"text-align: justify;\">Estoy orgulloso y feliz porque ampli\u00e9 mi c\u00edrculo de amistades, estoy aprendiendo a controlar mi enojo porque antes me peleaba a golpes cuando me hac\u00edan enojar y feliz porque ahora me integran en sus equipos, ya que antes me exclu\u00edan de los grupos de trabajo. <strong>(Jes\u00fas Rams\u00e9s Castillo Morales, 12 a\u00f1os).<\/strong><\/p>\n<p style=\"text-align: justify;\">Estoy orgullosa porque he aprendido a expresar mis sentimientos y emociones que anteriormente callaba por miedo a que se molestaran conmigo; ahora se expresarme cuando no estoy de acuerdo en algo personal o de mis amistades.<strong> (Mar\u00eda Teresa Hinojosa Soto. 12 a\u00f1os).<\/strong><\/p>\n<p style=\"text-align: justify;\">Estoy orgulloso porque ya puedo defenderme solo, ya no lloro como antes, soy m\u00e1s sociable y por consiguiente tengo m\u00e1s amigos, ya no tengo miedo, adquir\u00ed mayor seguridad y confianza conmigo mismo.\u00a0<strong> (Luis Ernesto Luna Mart\u00ednez, 12 a\u00f1os).<\/strong><\/p>\n<p style=\"text-align: justify;\">Me siento orgullosa porque estoy aprendiendo a detectar algunas situaciones que me pueden ocasionar algunos problemas, haciendo que me aleje de dichos momentos, evitando as\u00ed, verme involucrada en situaciones inc\u00f3modas con mis compa\u00f1eras, tambi\u00e9n ya no soy tan presuntuosa como antes, ahora es m\u00e1s sencilla mi forma de ser. <strong>(Valeria Mart\u00ednez Medina, 12 a\u00f1os).<\/strong><\/p>\n<p style=\"text-align: justify;\">Estoy orgullosa porque estoy tratando de cambiar mi forma de ser, de ya no conflictuarme m\u00e1s con mis compa\u00f1eras y de llevar una bonita relaci\u00f3n a trav\u00e9s del di\u00e1logo para evitar los malos entendidos y he tratado de arreglar diferentes situaciones sin la ayuda de las maestras. <strong>(Danna Paola Quezada Uribe, 12 a\u00f1os).<\/strong><\/p>\n<p style=\"text-align: justify;\"><strong>Cesar Del \u00c1ngel Garc\u00eda Rivera\u00a0<\/strong>cada vez que se presentaba tareas, ex\u00e1menes, proyectos, siempre encontraba una soluci\u00f3n. Porque logr\u00e9 hacer v\u00ednculos sociales f\u00e1cilmente y porque s\u00e9 perfeccionarlos de manera sencilla. Porque este a\u00f1o me he conocido m\u00e1s emocionalmente. Porque nunca me di por vencido, por hacer nuevos amigos, me siento m\u00e1s abierto. Aprecio como mi relaci\u00f3n con los dem\u00e1s fue mejorando y mi c\u00edrculo social fue creciendo. Porque particip\u00e9 en eventos escolares. Mi relaci\u00f3n con los maestros progreso y estoy satisfecho por las cosas que han pasado este a\u00f1o que me han hecho mejorar como estudiante, como hijo y como persona.<strong> (Cesar Del \u00c1ngel+ Garc\u00eda Rivera, 13 a\u00f1os).<\/strong><\/p>\n<table style=\"font-family: -apple-system, BlinkMacSystemFont, 'Segoe UI', Roboto, 'Helvetica Neue', Arial, 'Noto Sans', sans-serif, 'Apple Color Emoji', 'Segoe UI Emoji', 'Segoe UI Symbol', 'Noto Color Emoji';\" border=\"0\" width=\"100%\" cellspacing=\"10\" cellpadding=\"10\">\n<tbody>\n<tr>\n<td style=\"text-align: center;\" width=\"30%\"><strong><img loading=\"lazy\" decoding=\"async\" class=\"size-full wp-image-26678 aligncenter\" src=\"http:\/\/webdelmaestrocmf.com\/portal\/wp-content\/uploads\/2017\/07\/Rosy-Cisneros-1.jpg\" alt=\"\" width=\"200\" height=\"200\" srcset=\"https:\/\/webdelmaestrocmf.com\/portal\/wp-content\/uploads\/2017\/07\/Rosy-Cisneros-1.jpg 200w, https:\/\/webdelmaestrocmf.com\/portal\/wp-content\/uploads\/2017\/07\/Rosy-Cisneros-1-150x150.jpg 150w, https:\/\/webdelmaestrocmf.com\/portal\/wp-content\/uploads\/2017\/07\/Rosy-Cisneros-1-144x144.jpg 144w\" sizes=\"auto, (max-width: 200px) 100vw, 200px\" \/><br \/>\nAutor: <\/strong>Profa. Dra. H.C. Rosalina Cisneros Blancas. M\u00e9xico. D.F.<strong><br \/>\n<\/strong>Neuroeducadora ECC, Educando con Cerebro y coraz\u00f3n<strong><br \/>\nCorreo electr\u00f3nico:<\/strong> <a href=\"mailto:rosyjcb4@yahoo.com.mx\">rosyjcb4@yahoo.com.mx<\/a><br \/>\n<strong>Cuenta de facebook:<\/strong> <a href=\"https:\/\/www.facebook.com\/rosycisnerosneuroeducadora\" target=\"_blank\" rel=\"noopener noreferrer\">rosycisnerosneuroeducadora<\/a><br \/>\n<strong>Web:<\/strong> <a href=\"http:\/\/www.rosycisneros.net\" target=\"_blank\" rel=\"noopener noreferrer\">rosycisneros.net<\/a><\/td>\n<\/tr>\n<\/tbody>\n<\/table>\n<p style=\"text-align: justify;\">.<\/p>\n\t\t<div class=\"pk-inline-posts\">\n\t\t\t\n\t\t\t<div class=\"pk-inline-posts-container pk-inline-posts-template-list\"\n\t\t\t\tdata-columns=\"1\">\n\t\t\t\t\t\t<article id=\"post-76027\" class=\"post-76027 post type-post status-publish format-standard has-post-thumbnail category-colaborador category-z-colaboradores-rosy-cisceros tag-impacto tag-mascarillas tag-pandemia tag-rosy-cisneros tag-secuelas tag-uso cs-entry cs-video-wrap\">\n\t\t\t<div class=\"pk-post-outer\">\n\n\t\t\t\t\t\t\t\t<div class=\"pk-post-inner\">\n\t\t\t\t\t<div class=\"entry-thumbnail\">\n\t\t\t\t\t\t<div class=\"pk-overlay pk-overlay-ratio pk-ratio-landscape\">\n\t\t\t\t\t\t\t<div class=\"pk-overlay-background\">\n\t\t\t\t\t\t\t\t<a href=\"https:\/\/webdelmaestrocmf.com\/portal\/rosy-cisneros-secuelas-de-la-pandemia-impacto-de-uso-de-mascarillas\/\" class=\"pk-overlay-link\">\n\t\t\t\t\t\t\t\t\t<img loading=\"lazy\" decoding=\"async\" width=\"300\" height=\"225\" src=\"https:\/\/webdelmaestrocmf.com\/portal\/wp-content\/uploads\/2022\/04\/1-8-300x225.jpg\" class=\"attachment-pk-thumbnail size-pk-thumbnail wp-post-image\" alt=\"\" \/>\t\t\t\t\t\t\t\t<\/a>\n\t\t\t\t\t\t\t<\/div>\n\t\t\t\t\t\t<\/div>\n\t\t\t\t\t<\/div>\n\t\t\t\t<\/div>\n\t\t\t\t\n\t\t\t\t<div class=\"pk-post-inner\">\n\t\t\t\t\t<header>\n\t\t\t\t\t\t<h3 class=\"pk-title\"><a href=\"https:\/\/webdelmaestrocmf.com\/portal\/rosy-cisneros-secuelas-de-la-pandemia-impacto-de-uso-de-mascarillas\/\" rel=\"bookmark\">[Rosy Cisneros] Secuelas de la pandemia: impacto de uso de mascarillas<\/a><\/h3>\t\t\t\t\t<\/header><!-- .entry-header -->\n\t\t\t\t<\/div><!-- .post-inner -->\n\n\t\t\t<\/div><!-- .post-outer -->\n\t\t<\/article>\n\t\t\t\t<\/div>\n\t\t<\/div>\n\t\t\n","protected":false},"excerpt":{"rendered":"Desarrollar la Inteligencia Emocional deber\u00eda ser una de las prioridades educativas, la capacidad de auto observarse y estar&hellip;","protected":false},"author":1,"featured_media":29598,"comment_status":"open","ping_status":"closed","sticky":false,"template":"","format":"standard","meta":{"csco_display_header_overlay":false,"csco_singular_sidebar":"default","csco_page_header_type":"default","csco_page_load_nextpost":"default","csco_post_video_location":[],"csco_post_video_location_hash":"","csco_post_video_url":"","csco_post_video_bg_start_time":0,"csco_post_video_bg_end_time":0,"csco_post_video_bg_volume":false,"_jetpack_memberships_contains_paid_content":false,"footnotes":""},"categories":[1790,2436],"tags":[3685,3687,3686,608,308,2437],"class_list":{"0":"post-29595","1":"post","2":"type-post","3":"status-publish","4":"format-standard","5":"has-post-thumbnail","7":"category-colaborador","8":"category-z-colaboradores-rosy-cisceros","9":"tag-autoevaluarse","10":"tag-ciclo","11":"tag-diplomas","12":"tag-escolar","13":"tag-inteligencia-emocional","14":"tag-rosy-cisneros","15":"cs-entry","16":"cs-video-wrap"},"yoast_head":"<!-- This site is optimized with the Yoast SEO plugin v27.5 - https:\/\/yoast.com\/product\/yoast-seo-wordpress\/ -->\n<title>[Rosy Cisneros] Inteligencia Emocional: Autoevaluarse para crear los diplomas de fin de ciclo escolar - 2026<\/title>\n<meta name=\"description\" content=\"Desarrollar la Inteligencia Emocional deber\u00eda ser una de las prioridades educativas, la capacidad de auto observarse y estar consciente de los avances que se tienen es en verdad la base para desarrollar hombres y mujeres plenos y por lo tanto exitosos.\" \/>\n<meta name=\"robots\" content=\"index, follow, max-snippet:-1, max-image-preview:large, max-video-preview:-1\" \/>\n<link rel=\"canonical\" href=\"https:\/\/webdelmaestrocmf.com\/portal\/rosy-cisneros-inteligencia-emocional-autoevaluarse-para-crear-los-diplomas-de-fin-de-ciclo-escolar\/\" \/>\n<meta property=\"og:locale\" content=\"es_ES\" \/>\n<meta property=\"og:type\" content=\"article\" \/>\n<meta property=\"og:title\" content=\"[Rosy Cisneros] Inteligencia Emocional: Autoevaluarse para crear los diplomas de fin de ciclo escolar - 2026\" \/>\n<meta property=\"og:description\" content=\"Desarrollar la Inteligencia Emocional deber\u00eda ser una de las prioridades educativas, la capacidad de auto observarse y estar consciente de los avances que se tienen es en verdad la base para desarrollar hombres y mujeres plenos y por lo tanto exitosos.\" \/>\n<meta property=\"og:url\" content=\"https:\/\/webdelmaestrocmf.com\/portal\/rosy-cisneros-inteligencia-emocional-autoevaluarse-para-crear-los-diplomas-de-fin-de-ciclo-escolar\/\" \/>\n<meta property=\"og:site_name\" content=\"Web del Maestro CMF\" \/>\n<meta property=\"article:publisher\" content=\"https:\/\/www.facebook.com\/WebdelMaestroCMF\/\" \/>\n<meta property=\"article:author\" content=\"https:\/\/www.facebook.com\/WebdelMaestroCMF\/\" \/>\n<meta property=\"article:published_time\" content=\"2018-07-30T19:56:46+00:00\" \/>\n<meta property=\"article:modified_time\" content=\"2019-09-12T13:22:49+00:00\" \/>\n<meta property=\"og:image\" content=\"https:\/\/i0.wp.com\/webdelmaestrocmf.com\/portal\/wp-content\/uploads\/2018\/07\/1-96.jpg?fit=1100%2C680&ssl=1\" \/>\n\t<meta property=\"og:image:width\" content=\"1100\" \/>\n\t<meta property=\"og:image:height\" content=\"680\" \/>\n\t<meta property=\"og:image:type\" content=\"image\/jpeg\" \/>\n<meta name=\"author\" content=\"Web del Maestro CMF\" \/>\n<meta name=\"twitter:card\" content=\"summary_large_image\" \/>\n<meta name=\"twitter:creator\" content=\"@cmf_w\" \/>\n<meta name=\"twitter:site\" content=\"@cmf_w\" \/>\n<script type=\"application\/ld+json\" class=\"yoast-schema-graph\">{\"@context\":\"https:\\\/\\\/schema.org\",\"@graph\":[{\"@type\":\"ScholarlyArticle\",\"@id\":\"https:\\\/\\\/webdelmaestrocmf.com\\\/portal\\\/rosy-cisneros-inteligencia-emocional-autoevaluarse-para-crear-los-diplomas-de-fin-de-ciclo-escolar\\\/#article\",\"isPartOf\":{\"@id\":\"https:\\\/\\\/webdelmaestrocmf.com\\\/portal\\\/rosy-cisneros-inteligencia-emocional-autoevaluarse-para-crear-los-diplomas-de-fin-de-ciclo-escolar\\\/\"},\"author\":{\"name\":\"Web del Maestro CMF\",\"@id\":\"https:\\\/\\\/webdelmaestrocmf.com\\\/portal\\\/#\\\/schema\\\/person\\\/1072a2ed7bd960df8ef99a551fa35dc5\"},\"headline\":\"[Rosy Cisneros] Inteligencia Emocional: Autoevaluarse para crear los diplomas de fin de ciclo escolar\",\"datePublished\":\"2018-07-30T19:56:46+00:00\",\"dateModified\":\"2019-09-12T13:22:49+00:00\",\"mainEntityOfPage\":{\"@id\":\"https:\\\/\\\/webdelmaestrocmf.com\\\/portal\\\/rosy-cisneros-inteligencia-emocional-autoevaluarse-para-crear-los-diplomas-de-fin-de-ciclo-escolar\\\/\"},\"wordCount\":1302,\"commentCount\":0,\"publisher\":{\"@id\":\"https:\\\/\\\/webdelmaestrocmf.com\\\/portal\\\/#organization\"},\"image\":{\"@id\":\"https:\\\/\\\/webdelmaestrocmf.com\\\/portal\\\/rosy-cisneros-inteligencia-emocional-autoevaluarse-para-crear-los-diplomas-de-fin-de-ciclo-escolar\\\/#primaryimage\"},\"thumbnailUrl\":\"https:\\\/\\\/webdelmaestrocmf.com\\\/portal\\\/wp-content\\\/uploads\\\/2018\\\/07\\\/1-96.jpg\",\"keywords\":[\"AUTOEVALUARSE\",\"CICLO\",\"DIPLOMAS\",\"ESCOLAR\",\"Inteligencia Emocional\",\"ROSY CISNEROS\"],\"articleSection\":[\"Z-Colaboradores\",\"Z-Colaboradores-Rosy-Cisneros\"],\"inLanguage\":\"es\",\"potentialAction\":[{\"@type\":\"CommentAction\",\"name\":\"Comment\",\"target\":[\"https:\\\/\\\/webdelmaestrocmf.com\\\/portal\\\/rosy-cisneros-inteligencia-emocional-autoevaluarse-para-crear-los-diplomas-de-fin-de-ciclo-escolar\\\/#respond\"]}]},{\"@type\":\"WebPage\",\"@id\":\"https:\\\/\\\/webdelmaestrocmf.com\\\/portal\\\/rosy-cisneros-inteligencia-emocional-autoevaluarse-para-crear-los-diplomas-de-fin-de-ciclo-escolar\\\/\",\"url\":\"https:\\\/\\\/webdelmaestrocmf.com\\\/portal\\\/rosy-cisneros-inteligencia-emocional-autoevaluarse-para-crear-los-diplomas-de-fin-de-ciclo-escolar\\\/\",\"name\":\"[Rosy Cisneros] Inteligencia Emocional: Autoevaluarse para crear los diplomas de fin de ciclo escolar - 2026\",\"isPartOf\":{\"@id\":\"https:\\\/\\\/webdelmaestrocmf.com\\\/portal\\\/#website\"},\"primaryImageOfPage\":{\"@id\":\"https:\\\/\\\/webdelmaestrocmf.com\\\/portal\\\/rosy-cisneros-inteligencia-emocional-autoevaluarse-para-crear-los-diplomas-de-fin-de-ciclo-escolar\\\/#primaryimage\"},\"image\":{\"@id\":\"https:\\\/\\\/webdelmaestrocmf.com\\\/portal\\\/rosy-cisneros-inteligencia-emocional-autoevaluarse-para-crear-los-diplomas-de-fin-de-ciclo-escolar\\\/#primaryimage\"},\"thumbnailUrl\":\"https:\\\/\\\/webdelmaestrocmf.com\\\/portal\\\/wp-content\\\/uploads\\\/2018\\\/07\\\/1-96.jpg\",\"datePublished\":\"2018-07-30T19:56:46+00:00\",\"dateModified\":\"2019-09-12T13:22:49+00:00\",\"description\":\"Desarrollar la Inteligencia Emocional deber\u00eda ser una de las prioridades educativas, la capacidad de auto observarse y estar consciente de los avances que se tienen es en verdad la base para desarrollar hombres y mujeres plenos y por lo tanto exitosos.\",\"breadcrumb\":{\"@id\":\"https:\\\/\\\/webdelmaestrocmf.com\\\/portal\\\/rosy-cisneros-inteligencia-emocional-autoevaluarse-para-crear-los-diplomas-de-fin-de-ciclo-escolar\\\/#breadcrumb\"},\"inLanguage\":\"es\",\"potentialAction\":[{\"@type\":\"ReadAction\",\"target\":[\"https:\\\/\\\/webdelmaestrocmf.com\\\/portal\\\/rosy-cisneros-inteligencia-emocional-autoevaluarse-para-crear-los-diplomas-de-fin-de-ciclo-escolar\\\/\"]}]},{\"@type\":\"ImageObject\",\"inLanguage\":\"es\",\"@id\":\"https:\\\/\\\/webdelmaestrocmf.com\\\/portal\\\/rosy-cisneros-inteligencia-emocional-autoevaluarse-para-crear-los-diplomas-de-fin-de-ciclo-escolar\\\/#primaryimage\",\"url\":\"https:\\\/\\\/webdelmaestrocmf.com\\\/portal\\\/wp-content\\\/uploads\\\/2018\\\/07\\\/1-96.jpg\",\"contentUrl\":\"https:\\\/\\\/webdelmaestrocmf.com\\\/portal\\\/wp-content\\\/uploads\\\/2018\\\/07\\\/1-96.jpg\",\"width\":1100,\"height\":680},{\"@type\":\"BreadcrumbList\",\"@id\":\"https:\\\/\\\/webdelmaestrocmf.com\\\/portal\\\/rosy-cisneros-inteligencia-emocional-autoevaluarse-para-crear-los-diplomas-de-fin-de-ciclo-escolar\\\/#breadcrumb\",\"itemListElement\":[{\"@type\":\"ListItem\",\"position\":1,\"name\":\"Portada\",\"item\":\"https:\\\/\\\/webdelmaestrocmf.com\\\/portal\\\/\"},{\"@type\":\"ListItem\",\"position\":2,\"name\":\"Z-Colaboradores\",\"item\":\"https:\\\/\\\/webdelmaestrocmf.com\\\/portal\\\/category\\\/colaborador\\\/\"},{\"@type\":\"ListItem\",\"position\":3,\"name\":\"[Rosy Cisneros] Inteligencia Emocional: Autoevaluarse para crear los diplomas de fin de ciclo escolar\"}]},{\"@type\":\"WebSite\",\"@id\":\"https:\\\/\\\/webdelmaestrocmf.com\\\/portal\\\/#website\",\"url\":\"https:\\\/\\\/webdelmaestrocmf.com\\\/portal\\\/\",\"name\":\"Web del Maestro CMF\",\"description\":\"Maestros al servicio de la educaci\u00f3n\",\"publisher\":{\"@id\":\"https:\\\/\\\/webdelmaestrocmf.com\\\/portal\\\/#organization\"},\"alternateName\":\"WMCMF\",\"potentialAction\":[{\"@type\":\"SearchAction\",\"target\":{\"@type\":\"EntryPoint\",\"urlTemplate\":\"https:\\\/\\\/webdelmaestrocmf.com\\\/portal\\\/?s={search_term_string}\"},\"query-input\":{\"@type\":\"PropertyValueSpecification\",\"valueRequired\":true,\"valueName\":\"search_term_string\"}}],\"inLanguage\":\"es\"},{\"@type\":\"Organization\",\"@id\":\"https:\\\/\\\/webdelmaestrocmf.com\\\/portal\\\/#organization\",\"name\":\"Web del Maestro CMF\",\"alternateName\":\"WMCMF\",\"url\":\"https:\\\/\\\/webdelmaestrocmf.com\\\/portal\\\/\",\"logo\":{\"@type\":\"ImageObject\",\"inLanguage\":\"es\",\"@id\":\"https:\\\/\\\/webdelmaestrocmf.com\\\/portal\\\/#\\\/schema\\\/logo\\\/image\\\/\",\"url\":\"https:\\\/\\\/webdelmaestrocmf.com\\\/portal\\\/wp-content\\\/uploads\\\/2023\\\/01\\\/logo-wmcmf-2.png\",\"contentUrl\":\"https:\\\/\\\/webdelmaestrocmf.com\\\/portal\\\/wp-content\\\/uploads\\\/2023\\\/01\\\/logo-wmcmf-2.png\",\"width\":200,\"height\":60,\"caption\":\"Web del Maestro CMF\"},\"image\":{\"@id\":\"https:\\\/\\\/webdelmaestrocmf.com\\\/portal\\\/#\\\/schema\\\/logo\\\/image\\\/\"},\"sameAs\":[\"https:\\\/\\\/www.facebook.com\\\/WebdelMaestroCMF\\\/\",\"https:\\\/\\\/x.com\\\/cmf_w\",\"https:\\\/\\\/www.pinterest.com\\\/WMCMF\\\/\",\"https:\\\/\\\/www.linkedin.com\\\/company\\\/web-del-maestro-cmf\\\/\",\"https:\\\/\\\/www.instagram.com\\\/wmcmf\\\/\",\"https:\\\/\\\/www.youtube.com\\\/channel\\\/UCDPSvjbdodE5sHnC3OxutHw\",\"https:\\\/\\\/mastodon.social\\\/@wmcmf\",\"https:\\\/\\\/www.tiktok.com\\\/@webdelmaestrocmf\"]},{\"@type\":\"Person\",\"@id\":\"https:\\\/\\\/webdelmaestrocmf.com\\\/portal\\\/#\\\/schema\\\/person\\\/1072a2ed7bd960df8ef99a551fa35dc5\",\"name\":\"Web del Maestro CMF\",\"image\":{\"@type\":\"ImageObject\",\"inLanguage\":\"es\",\"@id\":\"https:\\\/\\\/secure.gravatar.com\\\/avatar\\\/23291dd5b5ae1077dcff3dbb04c3e02bd28403fa75af6d8787d5e97c5bbbe30b?s=96&d=mm&r=g\",\"url\":\"https:\\\/\\\/secure.gravatar.com\\\/avatar\\\/23291dd5b5ae1077dcff3dbb04c3e02bd28403fa75af6d8787d5e97c5bbbe30b?s=96&d=mm&r=g\",\"contentUrl\":\"https:\\\/\\\/secure.gravatar.com\\\/avatar\\\/23291dd5b5ae1077dcff3dbb04c3e02bd28403fa75af6d8787d5e97c5bbbe30b?s=96&d=mm&r=g\",\"caption\":\"Web del Maestro CMF\"},\"description\":\"Esta Web se cre\u00f3 sin fines de lucro, con fines educativos, cient\u00edficos y acad\u00e9micos, para personas que tengan dificultades y\\\/o inconvenientes en visualizar el material original. El objetivo es entregar recursos, compartir experiencias y materiales que ayuden a los padres de familia, maestros y estudiantes en su actualizaci\u00f3n y formaci\u00f3n permanente, en bien de la Educaci\u00f3n.\",\"sameAs\":[\"http:\\\/\\\/webdelmaestrocmf.com\\\/portal\",\"https:\\\/\\\/www.facebook.com\\\/WebdelMaestroCMF\\\/\",\"https:\\\/\\\/www.instagram.com\\\/wmcmf\\\/\",\"https:\\\/\\\/cl.linkedin.com\\\/company\\\/web-del-maestro-cmf\",\"https:\\\/\\\/www.pinterest.com\\\/WMCMF\\\/publicaciones\\\/\",\"https:\\\/\\\/x.com\\\/cmf_w\",\"https:\\\/\\\/www.youtube.com\\\/@WMCMF\"]}]}<\/script>\n<!-- \/ Yoast SEO plugin. -->","yoast_head_json":{"title":"[Rosy Cisneros] Inteligencia Emocional: Autoevaluarse para crear los diplomas de fin de ciclo escolar - 2026","description":"Desarrollar la Inteligencia Emocional deber\u00eda ser una de las prioridades educativas, la capacidad de auto observarse y estar consciente de los avances que se tienen es en verdad la base para desarrollar hombres y mujeres plenos y por lo tanto exitosos.","robots":{"index":"index","follow":"follow","max-snippet":"max-snippet:-1","max-image-preview":"max-image-preview:large","max-video-preview":"max-video-preview:-1"},"canonical":"https:\/\/webdelmaestrocmf.com\/portal\/rosy-cisneros-inteligencia-emocional-autoevaluarse-para-crear-los-diplomas-de-fin-de-ciclo-escolar\/","og_locale":"es_ES","og_type":"article","og_title":"[Rosy Cisneros] Inteligencia Emocional: Autoevaluarse para crear los diplomas de fin de ciclo escolar - 2026","og_description":"Desarrollar la Inteligencia Emocional deber\u00eda ser una de las prioridades educativas, la capacidad de auto observarse y estar consciente de los avances que se tienen es en verdad la base para desarrollar hombres y mujeres plenos y por lo tanto exitosos.","og_url":"https:\/\/webdelmaestrocmf.com\/portal\/rosy-cisneros-inteligencia-emocional-autoevaluarse-para-crear-los-diplomas-de-fin-de-ciclo-escolar\/","og_site_name":"Web del Maestro CMF","article_publisher":"https:\/\/www.facebook.com\/WebdelMaestroCMF\/","article_author":"https:\/\/www.facebook.com\/WebdelMaestroCMF\/","article_published_time":"2018-07-30T19:56:46+00:00","article_modified_time":"2019-09-12T13:22:49+00:00","og_image":[{"width":1100,"height":680,"url":"https:\/\/i0.wp.com\/webdelmaestrocmf.com\/portal\/wp-content\/uploads\/2018\/07\/1-96.jpg?fit=1100%2C680&ssl=1","type":"image\/jpeg"}],"author":"Web del Maestro CMF","twitter_card":"summary_large_image","twitter_creator":"@cmf_w","twitter_site":"@cmf_w","schema":{"@context":"https:\/\/schema.org","@graph":[{"@type":"ScholarlyArticle","@id":"https:\/\/webdelmaestrocmf.com\/portal\/rosy-cisneros-inteligencia-emocional-autoevaluarse-para-crear-los-diplomas-de-fin-de-ciclo-escolar\/#article","isPartOf":{"@id":"https:\/\/webdelmaestrocmf.com\/portal\/rosy-cisneros-inteligencia-emocional-autoevaluarse-para-crear-los-diplomas-de-fin-de-ciclo-escolar\/"},"author":{"name":"Web del Maestro CMF","@id":"https:\/\/webdelmaestrocmf.com\/portal\/#\/schema\/person\/1072a2ed7bd960df8ef99a551fa35dc5"},"headline":"[Rosy Cisneros] Inteligencia Emocional: Autoevaluarse para crear los diplomas de fin de ciclo escolar","datePublished":"2018-07-30T19:56:46+00:00","dateModified":"2019-09-12T13:22:49+00:00","mainEntityOfPage":{"@id":"https:\/\/webdelmaestrocmf.com\/portal\/rosy-cisneros-inteligencia-emocional-autoevaluarse-para-crear-los-diplomas-de-fin-de-ciclo-escolar\/"},"wordCount":1302,"commentCount":0,"publisher":{"@id":"https:\/\/webdelmaestrocmf.com\/portal\/#organization"},"image":{"@id":"https:\/\/webdelmaestrocmf.com\/portal\/rosy-cisneros-inteligencia-emocional-autoevaluarse-para-crear-los-diplomas-de-fin-de-ciclo-escolar\/#primaryimage"},"thumbnailUrl":"https:\/\/webdelmaestrocmf.com\/portal\/wp-content\/uploads\/2018\/07\/1-96.jpg","keywords":["AUTOEVALUARSE","CICLO","DIPLOMAS","ESCOLAR","Inteligencia Emocional","ROSY CISNEROS"],"articleSection":["Z-Colaboradores","Z-Colaboradores-Rosy-Cisneros"],"inLanguage":"es","potentialAction":[{"@type":"CommentAction","name":"Comment","target":["https:\/\/webdelmaestrocmf.com\/portal\/rosy-cisneros-inteligencia-emocional-autoevaluarse-para-crear-los-diplomas-de-fin-de-ciclo-escolar\/#respond"]}]},{"@type":"WebPage","@id":"https:\/\/webdelmaestrocmf.com\/portal\/rosy-cisneros-inteligencia-emocional-autoevaluarse-para-crear-los-diplomas-de-fin-de-ciclo-escolar\/","url":"https:\/\/webdelmaestrocmf.com\/portal\/rosy-cisneros-inteligencia-emocional-autoevaluarse-para-crear-los-diplomas-de-fin-de-ciclo-escolar\/","name":"[Rosy Cisneros] Inteligencia Emocional: Autoevaluarse para crear los diplomas de fin de ciclo escolar - 2026","isPartOf":{"@id":"https:\/\/webdelmaestrocmf.com\/portal\/#website"},"primaryImageOfPage":{"@id":"https:\/\/webdelmaestrocmf.com\/portal\/rosy-cisneros-inteligencia-emocional-autoevaluarse-para-crear-los-diplomas-de-fin-de-ciclo-escolar\/#primaryimage"},"image":{"@id":"https:\/\/webdelmaestrocmf.com\/portal\/rosy-cisneros-inteligencia-emocional-autoevaluarse-para-crear-los-diplomas-de-fin-de-ciclo-escolar\/#primaryimage"},"thumbnailUrl":"https:\/\/webdelmaestrocmf.com\/portal\/wp-content\/uploads\/2018\/07\/1-96.jpg","datePublished":"2018-07-30T19:56:46+00:00","dateModified":"2019-09-12T13:22:49+00:00","description":"Desarrollar la Inteligencia Emocional deber\u00eda ser una de las prioridades educativas, la capacidad de auto observarse y estar consciente de los avances que se tienen es en verdad la base para desarrollar hombres y mujeres plenos y por lo tanto exitosos.","breadcrumb":{"@id":"https:\/\/webdelmaestrocmf.com\/portal\/rosy-cisneros-inteligencia-emocional-autoevaluarse-para-crear-los-diplomas-de-fin-de-ciclo-escolar\/#breadcrumb"},"inLanguage":"es","potentialAction":[{"@type":"ReadAction","target":["https:\/\/webdelmaestrocmf.com\/portal\/rosy-cisneros-inteligencia-emocional-autoevaluarse-para-crear-los-diplomas-de-fin-de-ciclo-escolar\/"]}]},{"@type":"ImageObject","inLanguage":"es","@id":"https:\/\/webdelmaestrocmf.com\/portal\/rosy-cisneros-inteligencia-emocional-autoevaluarse-para-crear-los-diplomas-de-fin-de-ciclo-escolar\/#primaryimage","url":"https:\/\/webdelmaestrocmf.com\/portal\/wp-content\/uploads\/2018\/07\/1-96.jpg","contentUrl":"https:\/\/webdelmaestrocmf.com\/portal\/wp-content\/uploads\/2018\/07\/1-96.jpg","width":1100,"height":680},{"@type":"BreadcrumbList","@id":"https:\/\/webdelmaestrocmf.com\/portal\/rosy-cisneros-inteligencia-emocional-autoevaluarse-para-crear-los-diplomas-de-fin-de-ciclo-escolar\/#breadcrumb","itemListElement":[{"@type":"ListItem","position":1,"name":"Portada","item":"https:\/\/webdelmaestrocmf.com\/portal\/"},{"@type":"ListItem","position":2,"name":"Z-Colaboradores","item":"https:\/\/webdelmaestrocmf.com\/portal\/category\/colaborador\/"},{"@type":"ListItem","position":3,"name":"[Rosy Cisneros] Inteligencia Emocional: Autoevaluarse para crear los diplomas de fin de ciclo escolar"}]},{"@type":"WebSite","@id":"https:\/\/webdelmaestrocmf.com\/portal\/#website","url":"https:\/\/webdelmaestrocmf.com\/portal\/","name":"Web del Maestro CMF","description":"Maestros al servicio de la educaci\u00f3n","publisher":{"@id":"https:\/\/webdelmaestrocmf.com\/portal\/#organization"},"alternateName":"WMCMF","potentialAction":[{"@type":"SearchAction","target":{"@type":"EntryPoint","urlTemplate":"https:\/\/webdelmaestrocmf.com\/portal\/?s={search_term_string}"},"query-input":{"@type":"PropertyValueSpecification","valueRequired":true,"valueName":"search_term_string"}}],"inLanguage":"es"},{"@type":"Organization","@id":"https:\/\/webdelmaestrocmf.com\/portal\/#organization","name":"Web del Maestro CMF","alternateName":"WMCMF","url":"https:\/\/webdelmaestrocmf.com\/portal\/","logo":{"@type":"ImageObject","inLanguage":"es","@id":"https:\/\/webdelmaestrocmf.com\/portal\/#\/schema\/logo\/image\/","url":"https:\/\/webdelmaestrocmf.com\/portal\/wp-content\/uploads\/2023\/01\/logo-wmcmf-2.png","contentUrl":"https:\/\/webdelmaestrocmf.com\/portal\/wp-content\/uploads\/2023\/01\/logo-wmcmf-2.png","width":200,"height":60,"caption":"Web del Maestro CMF"},"image":{"@id":"https:\/\/webdelmaestrocmf.com\/portal\/#\/schema\/logo\/image\/"},"sameAs":["https:\/\/www.facebook.com\/WebdelMaestroCMF\/","https:\/\/x.com\/cmf_w","https:\/\/www.pinterest.com\/WMCMF\/","https:\/\/www.linkedin.com\/company\/web-del-maestro-cmf\/","https:\/\/www.instagram.com\/wmcmf\/","https:\/\/www.youtube.com\/channel\/UCDPSvjbdodE5sHnC3OxutHw","https:\/\/mastodon.social\/@wmcmf","https:\/\/www.tiktok.com\/@webdelmaestrocmf"]},{"@type":"Person","@id":"https:\/\/webdelmaestrocmf.com\/portal\/#\/schema\/person\/1072a2ed7bd960df8ef99a551fa35dc5","name":"Web del Maestro CMF","image":{"@type":"ImageObject","inLanguage":"es","@id":"https:\/\/secure.gravatar.com\/avatar\/23291dd5b5ae1077dcff3dbb04c3e02bd28403fa75af6d8787d5e97c5bbbe30b?s=96&d=mm&r=g","url":"https:\/\/secure.gravatar.com\/avatar\/23291dd5b5ae1077dcff3dbb04c3e02bd28403fa75af6d8787d5e97c5bbbe30b?s=96&d=mm&r=g","contentUrl":"https:\/\/secure.gravatar.com\/avatar\/23291dd5b5ae1077dcff3dbb04c3e02bd28403fa75af6d8787d5e97c5bbbe30b?s=96&d=mm&r=g","caption":"Web del Maestro CMF"},"description":"Esta Web se cre\u00f3 sin fines de lucro, con fines educativos, cient\u00edficos y acad\u00e9micos, para personas que tengan dificultades y\/o inconvenientes en visualizar el material original. El objetivo es entregar recursos, compartir experiencias y materiales que ayuden a los padres de familia, maestros y estudiantes en su actualizaci\u00f3n y formaci\u00f3n permanente, en bien de la Educaci\u00f3n.","sameAs":["http:\/\/webdelmaestrocmf.com\/portal","https:\/\/www.facebook.com\/WebdelMaestroCMF\/","https:\/\/www.instagram.com\/wmcmf\/","https:\/\/cl.linkedin.com\/company\/web-del-maestro-cmf","https:\/\/www.pinterest.com\/WMCMF\/publicaciones\/","https:\/\/x.com\/cmf_w","https:\/\/www.youtube.com\/@WMCMF"]}]}},"jetpack_featured_media_url":"https:\/\/webdelmaestrocmf.com\/portal\/wp-content\/uploads\/2018\/07\/1-96.jpg","jetpack_sharing_enabled":true,"jetpack-related-posts":[{"id":48351,"url":"https:\/\/webdelmaestrocmf.com\/portal\/rosy-cisneros-autoevaluacion-de-ninos-y-jovenes-para-realizar-los-diplomas-de-fin-de-ano-escolar\/","url_meta":{"origin":29595,"position":0},"title":"[Rosy Cisneros] Autoevaluaci\u00f3n de ni\u00f1os y j\u00f3venes para realizar los diplomas de Fin de A\u00f1o Escolar","author":"Web del Maestro CMF","date":"24 junio, 2020","format":false,"excerpt":"De las cosas que m\u00e1s disfruto en una ceremonia de fin de ciclo, es escuchar las autoevaluaciones que se hacen los alumnos. Si, escuchaste bien, los diplomas los otorga el Colegio, pero los redactan los propios alumnos, en un ejercicio de autoevaluaci\u00f3n. La nueva forma de educar, no se parece\u2026","rel":"","context":"En \u00abZ-Colaboradores\u00bb","block_context":{"text":"Z-Colaboradores","link":"https:\/\/webdelmaestrocmf.com\/portal\/category\/colaborador\/"},"img":{"alt_text":"","src":"https:\/\/i0.wp.com\/webdelmaestrocmf.com\/portal\/wp-content\/uploads\/2020\/06\/2-54.jpg?resize=350%2C200&ssl=1","width":350,"height":200,"srcset":"https:\/\/i0.wp.com\/webdelmaestrocmf.com\/portal\/wp-content\/uploads\/2020\/06\/2-54.jpg?resize=350%2C200&ssl=1 1x, https:\/\/i0.wp.com\/webdelmaestrocmf.com\/portal\/wp-content\/uploads\/2020\/06\/2-54.jpg?resize=525%2C300&ssl=1 1.5x, https:\/\/i0.wp.com\/webdelmaestrocmf.com\/portal\/wp-content\/uploads\/2020\/06\/2-54.jpg?resize=700%2C400&ssl=1 2x, https:\/\/i0.wp.com\/webdelmaestrocmf.com\/portal\/wp-content\/uploads\/2020\/06\/2-54.jpg?resize=1050%2C600&ssl=1 3x"},"classes":[]},{"id":20235,"url":"https:\/\/webdelmaestrocmf.com\/portal\/rosy-cisneros-blancas-cambios-significativos-aplicando-la-neuroeducacion\/","url_meta":{"origin":29595,"position":1},"title":"[Rosy Cisneros] Certificaci\u00f3n como neuroeducadores","author":"Web del Maestro CMF","date":"6 julio, 2017","format":false,"excerpt":"La primera vez que escuch\u00e9 la palabra \u201cNeuroeducaci\u00f3n\u201d,\u00a0 fue en un congreso de Pedagog\u00eda 3000 en Argentina. Nunca imagin\u00e9 que las emociones de miedo, intriga y entusiasmo\u00a0 que sent\u00ed ese d\u00eda,\u00a0 iban a ser el motor de mi b\u00fasqueda para mejorar los procesos de los docentes. El compromiso fue tal,\u2026","rel":"","context":"En \u00abZ-Colaboradores\u00bb","block_context":{"text":"Z-Colaboradores","link":"https:\/\/webdelmaestrocmf.com\/portal\/category\/colaborador\/"},"img":{"alt_text":"","src":"https:\/\/i0.wp.com\/webdelmaestrocmf.com\/portal\/wp-content\/uploads\/2017\/07\/Neurociencia.jpg?resize=350%2C200&ssl=1","width":350,"height":200,"srcset":"https:\/\/i0.wp.com\/webdelmaestrocmf.com\/portal\/wp-content\/uploads\/2017\/07\/Neurociencia.jpg?resize=350%2C200&ssl=1 1x, https:\/\/i0.wp.com\/webdelmaestrocmf.com\/portal\/wp-content\/uploads\/2017\/07\/Neurociencia.jpg?resize=525%2C300&ssl=1 1.5x, https:\/\/i0.wp.com\/webdelmaestrocmf.com\/portal\/wp-content\/uploads\/2017\/07\/Neurociencia.jpg?resize=700%2C400&ssl=1 2x"},"classes":[]},{"id":76027,"url":"https:\/\/webdelmaestrocmf.com\/portal\/rosy-cisneros-secuelas-de-la-pandemia-impacto-de-uso-de-mascarillas\/","url_meta":{"origin":29595,"position":2},"title":"[Rosy Cisneros] Secuelas de la pandemia: impacto de uso de mascarillas","author":"Web del Maestro CMF","date":"6 abril, 2022","format":false,"excerpt":"Entre las m\u00faltiples secuelas que la pandemia ha dejado, entre ellas la deserci\u00f3n escolar, bajo nivel acad\u00e9mico, evidenciar los niveles socioecon\u00f3micos que no permiten el acceso a una educaci\u00f3n de calidad para toda la poblaci\u00f3n, los conflictos emocionales\u00a0generados por el encierro y la falta de actividades tan importantes para el\u2026","rel":"","context":"En \u00abZ-Colaboradores\u00bb","block_context":{"text":"Z-Colaboradores","link":"https:\/\/webdelmaestrocmf.com\/portal\/category\/colaborador\/"},"img":{"alt_text":"","src":"https:\/\/i0.wp.com\/webdelmaestrocmf.com\/portal\/wp-content\/uploads\/2022\/04\/1-8.jpg?resize=350%2C200&ssl=1","width":350,"height":200,"srcset":"https:\/\/i0.wp.com\/webdelmaestrocmf.com\/portal\/wp-content\/uploads\/2022\/04\/1-8.jpg?resize=350%2C200&ssl=1 1x, https:\/\/i0.wp.com\/webdelmaestrocmf.com\/portal\/wp-content\/uploads\/2022\/04\/1-8.jpg?resize=525%2C300&ssl=1 1.5x, https:\/\/i0.wp.com\/webdelmaestrocmf.com\/portal\/wp-content\/uploads\/2022\/04\/1-8.jpg?resize=700%2C400&ssl=1 2x, https:\/\/i0.wp.com\/webdelmaestrocmf.com\/portal\/wp-content\/uploads\/2022\/04\/1-8.jpg?resize=1050%2C600&ssl=1 3x"},"classes":[]},{"id":47106,"url":"https:\/\/webdelmaestrocmf.com\/portal\/rosy-cisneros-trabajemos-para-que-esta-crisis-valga-la-pena\/","url_meta":{"origin":29595,"position":3},"title":"[Rosy Cisneros] Trabajemos para que esta crisis valga la pena","author":"Web del Maestro CMF","date":"11 mayo, 2020","format":false,"excerpt":"Todos los maestros ya sab\u00edamos que las TIC estaban empujando la educaci\u00f3n hacia una nueva dimensi\u00f3n. Son herramientas muy importantes, pero nunca imaginamos que las ten\u00edamos que aprender a usar de un d\u00eda para otro. Esto nos ha llevado a trabajar m\u00e1s tiempo, con estr\u00e9s y sensaci\u00f3n de que tal\u2026","rel":"","context":"En \u00abZ-Colaboradores\u00bb","block_context":{"text":"Z-Colaboradores","link":"https:\/\/webdelmaestrocmf.com\/portal\/category\/colaborador\/"},"img":{"alt_text":"","src":"https:\/\/i0.wp.com\/webdelmaestrocmf.com\/portal\/wp-content\/uploads\/2020\/05\/1a-8.jpg?resize=350%2C200&ssl=1","width":350,"height":200,"srcset":"https:\/\/i0.wp.com\/webdelmaestrocmf.com\/portal\/wp-content\/uploads\/2020\/05\/1a-8.jpg?resize=350%2C200&ssl=1 1x, https:\/\/i0.wp.com\/webdelmaestrocmf.com\/portal\/wp-content\/uploads\/2020\/05\/1a-8.jpg?resize=525%2C300&ssl=1 1.5x, https:\/\/i0.wp.com\/webdelmaestrocmf.com\/portal\/wp-content\/uploads\/2020\/05\/1a-8.jpg?resize=700%2C400&ssl=1 2x, https:\/\/i0.wp.com\/webdelmaestrocmf.com\/portal\/wp-content\/uploads\/2020\/05\/1a-8.jpg?resize=1050%2C600&ssl=1 3x"},"classes":[]},{"id":40270,"url":"https:\/\/webdelmaestrocmf.com\/portal\/rosy-cisneros-dejas-huellas-o-cicatrices\/","url_meta":{"origin":29595,"position":4},"title":"[Rosy Cisneros] Dejas huellas o cicatrices","author":"Web del Maestro CMF","date":"12 septiembre, 2019","format":false,"excerpt":"Quienes somos maestros, sabemos que estar en un grupo es nuestra pasi\u00f3n. Esa adrenalina que fluye por tus venas cuando el primer d\u00eda de clases conoces a las almas que estar\u00e1n contigo por todo un ciclo. Cada alumno, con su mundo interior, con sus miedos y seguridades, sus fortalezas y\u2026","rel":"","context":"En \u00abZ-Colaboradores\u00bb","block_context":{"text":"Z-Colaboradores","link":"https:\/\/webdelmaestrocmf.com\/portal\/category\/colaborador\/"},"img":{"alt_text":"","src":"https:\/\/i0.wp.com\/webdelmaestrocmf.com\/portal\/wp-content\/uploads\/2019\/09\/1-28.jpg?resize=350%2C200&ssl=1","width":350,"height":200,"srcset":"https:\/\/i0.wp.com\/webdelmaestrocmf.com\/portal\/wp-content\/uploads\/2019\/09\/1-28.jpg?resize=350%2C200&ssl=1 1x, https:\/\/i0.wp.com\/webdelmaestrocmf.com\/portal\/wp-content\/uploads\/2019\/09\/1-28.jpg?resize=525%2C300&ssl=1 1.5x, https:\/\/i0.wp.com\/webdelmaestrocmf.com\/portal\/wp-content\/uploads\/2019\/09\/1-28.jpg?resize=700%2C400&ssl=1 2x, https:\/\/i0.wp.com\/webdelmaestrocmf.com\/portal\/wp-content\/uploads\/2019\/09\/1-28.jpg?resize=1050%2C600&ssl=1 3x"},"classes":[]},{"id":47405,"url":"https:\/\/webdelmaestrocmf.com\/portal\/rosy-cisneros-la-creatividad-es-como-un-musculo\/","url_meta":{"origin":29595,"position":5},"title":"[Rosy Cisneros] La creatividad es como un m\u00fasculo","author":"Web del Maestro CMF","date":"27 mayo, 2020","format":false,"excerpt":"Hace algunos d\u00edas, sal\u00ed a comprar v\u00edveres y empez\u00f3 a llover; las gotas ca\u00eda copiosamente y sent\u00ed tanta gratitud al prender el limpia parabrisas posterior para poder ver a trav\u00e9s de ese diluvio. Lo que record\u00e9 en ese momento fue un pasaje de mi infancia, justo ve\u00eda caer la lluvia\u2026","rel":"","context":"En \u00abZ-Colaboradores\u00bb","block_context":{"text":"Z-Colaboradores","link":"https:\/\/webdelmaestrocmf.com\/portal\/category\/colaborador\/"},"img":{"alt_text":"","src":"https:\/\/i0.wp.com\/webdelmaestrocmf.com\/portal\/wp-content\/uploads\/2020\/05\/1-34.jpg?resize=350%2C200&ssl=1","width":350,"height":200,"srcset":"https:\/\/i0.wp.com\/webdelmaestrocmf.com\/portal\/wp-content\/uploads\/2020\/05\/1-34.jpg?resize=350%2C200&ssl=1 1x, https:\/\/i0.wp.com\/webdelmaestrocmf.com\/portal\/wp-content\/uploads\/2020\/05\/1-34.jpg?resize=525%2C300&ssl=1 1.5x, https:\/\/i0.wp.com\/webdelmaestrocmf.com\/portal\/wp-content\/uploads\/2020\/05\/1-34.jpg?resize=700%2C400&ssl=1 2x, https:\/\/i0.wp.com\/webdelmaestrocmf.com\/portal\/wp-content\/uploads\/2020\/05\/1-34.jpg?resize=1050%2C600&ssl=1 3x"},"classes":[]}],"_links":{"self":[{"href":"https:\/\/webdelmaestrocmf.com\/portal\/wp-json\/wp\/v2\/posts\/29595","targetHints":{"allow":["GET"]}}],"collection":[{"href":"https:\/\/webdelmaestrocmf.com\/portal\/wp-json\/wp\/v2\/posts"}],"about":[{"href":"https:\/\/webdelmaestrocmf.com\/portal\/wp-json\/wp\/v2\/types\/post"}],"author":[{"embeddable":true,"href":"https:\/\/webdelmaestrocmf.com\/portal\/wp-json\/wp\/v2\/users\/1"}],"replies":[{"embeddable":true,"href":"https:\/\/webdelmaestrocmf.com\/portal\/wp-json\/wp\/v2\/comments?post=29595"}],"version-history":[{"count":0,"href":"https:\/\/webdelmaestrocmf.com\/portal\/wp-json\/wp\/v2\/posts\/29595\/revisions"}],"wp:featuredmedia":[{"embeddable":true,"href":"https:\/\/webdelmaestrocmf.com\/portal\/wp-json\/wp\/v2\/media\/29598"}],"wp:attachment":[{"href":"https:\/\/webdelmaestrocmf.com\/portal\/wp-json\/wp\/v2\/media?parent=29595"}],"wp:term":[{"taxonomy":"category","embeddable":true,"href":"https:\/\/webdelmaestrocmf.com\/portal\/wp-json\/wp\/v2\/categories?post=29595"},{"taxonomy":"post_tag","embeddable":true,"href":"https:\/\/webdelmaestrocmf.com\/portal\/wp-json\/wp\/v2\/tags?post=29595"}],"curies":[{"name":"wp","href":"https:\/\/api.w.org\/{rel}","templated":true}]}}