{"id":2947,"date":"2021-04-15T20:21:51","date_gmt":"2021-04-16T00:21:51","guid":{"rendered":"http:\/\/webdelmaestrocmf.com\/inicio\/?p=2947"},"modified":"2022-10-12T10:23:58","modified_gmt":"2022-10-12T13:23:58","slug":"los-siete-saberes-necesarios-para-la-educacion-del-futuro-i","status":"publish","type":"post","link":"https:\/\/webdelmaestrocmf.com\/portal\/los-siete-saberes-necesarios-para-la-educacion-del-futuro-i\/","title":{"rendered":"Los siete saberes necesarios para la educaci\u00f3n del futuro &#8211; (Parte I)"},"content":{"rendered":"<h5 style=\"text-align: justify;\">Para recordar la propuesta de <strong>Edgar Morin (Parte I).\u00a0\u00a0<\/strong>El soci\u00f3logo y antrop\u00f3logo franc\u00e9s, <strong>Edgar Morin\u00a0(Par\u00eds, 1921),<\/strong>\u00a0estudi\u00f3 la crisis interna del individuo y la comprensi\u00f3n del <strong>\u00abindividuo sociol\u00f3gico\u00bb<\/strong> a trav\u00e9s de lo que \u00e9l llama una <strong>\u00abinvestigaci\u00f3n\u00a0multidimensional\u00bb,<\/strong> es decir, utilizando los recursos de la sociolog\u00eda emp\u00edrica y de la observaci\u00f3n comprehensiva.<\/h5>\n<p><!--more--><\/p>\n<h5 style=\"text-align: justify;\">Fuertemente cr\u00edtico con los mass-media, ha analizado asimismo los fen\u00f3menos de propagaci\u00f3n de la opini\u00f3n[1], en su libro publicado por primera vez en 1999, en franc\u00e9s, con el t\u00edtulo original Les sept savoirs n\u00e9cessaires\u00a0 \u00e0 l\u2019education du futur (<strong>LOS SIETE SABERES NECESARIOS PARA LA EDUCACI\u00d3N DEL FUTURO<\/strong>) por la Organizaci\u00f3n de las Naciones Unidas para la Educaci\u00f3n, la Ciencia y la Cultura (UNESCO).<\/h5>\n<p style=\"text-align: justify;\">En su obra nos invita a la reflexi\u00f3n sobre la <strong>teor\u00eda de la complejidad<\/strong>, a repasar la organizaci\u00f3n del conocimiento y concebir una manera de reunir lo que hasta ahora ha estado separado, <strong>reformulando nuestras pol\u00edticas y programas educativos<\/strong>, de importancia suprema en nuestra educaci\u00f3n[2].<\/p>\n<ul>\n<li style=\"text-align: justify;\">Encontraremos su interesante estudio en<strong> <a href=\"http:\/\/www.ideassonline.org\/public\/pdf\/LosSieteSaberesNecesariosParaLaEdudelFuturo.pdf\" target=\"_blank\" rel=\"noopener noreferrer\">LOS SIETE SABERES NECESARIOS PARA LA EDUCACI\u00d3N DEL FUTURO<\/a><\/strong>, Paid\u00f3s Studio. Barcelona, 2001, en:<\/li>\n<\/ul>\n<p><span style=\"color: #000000;\">[1] <a style=\"color: #000000;\" href=\"http:\/\/www.biografiasyvidas.com\/biografia\/m\/morin.htm\" target=\"_blank\" rel=\"noopener noreferrer\">Cf BIOGRAF\u00cdAS Y VIDAS.<\/a><\/span><br \/>\n<span style=\"color: #000000;\"> [2] <a style=\"color: #000000;\" href=\"http:\/\/cisolog.com\/sociologia\/los-siete-saberes-necesarios-para-la-educacion-del-futuro\/\" target=\"_blank\" rel=\"noopener noreferrer\">cf RUCRESPO, LOS SIETE SABERES NECESARIOS PARA LA EDUCACI\u00d3N DEL FUTURO.<\/a><\/span><\/p>\n<p><img loading=\"lazy\" decoding=\"async\" class=\"alignnone wp-image-49708 size-full\" src=\"https:\/\/webdelmaestrocmf.com\/portal\/wp-content\/uploads\/2020\/03\/1-36.jpg\" alt=\"\" width=\"1706\" height=\"1016\" srcset=\"https:\/\/webdelmaestrocmf.com\/portal\/wp-content\/uploads\/2020\/03\/1-36.jpg 1706w, https:\/\/webdelmaestrocmf.com\/portal\/wp-content\/uploads\/2020\/03\/1-36-300x179.jpg 300w, https:\/\/webdelmaestrocmf.com\/portal\/wp-content\/uploads\/2020\/03\/1-36-1024x610.jpg 1024w, https:\/\/webdelmaestrocmf.com\/portal\/wp-content\/uploads\/2020\/03\/1-36-768x457.jpg 768w, https:\/\/webdelmaestrocmf.com\/portal\/wp-content\/uploads\/2020\/03\/1-36-1536x915.jpg 1536w, https:\/\/webdelmaestrocmf.com\/portal\/wp-content\/uploads\/2020\/03\/1-36-110x66.jpg 110w, https:\/\/webdelmaestrocmf.com\/portal\/wp-content\/uploads\/2020\/03\/1-36-200x119.jpg 200w, https:\/\/webdelmaestrocmf.com\/portal\/wp-content\/uploads\/2020\/03\/1-36-380x226.jpg 380w, https:\/\/webdelmaestrocmf.com\/portal\/wp-content\/uploads\/2020\/03\/1-36-255x152.jpg 255w, https:\/\/webdelmaestrocmf.com\/portal\/wp-content\/uploads\/2020\/03\/1-36-550x328.jpg 550w, https:\/\/webdelmaestrocmf.com\/portal\/wp-content\/uploads\/2020\/03\/1-36-800x476.jpg 800w, https:\/\/webdelmaestrocmf.com\/portal\/wp-content\/uploads\/2020\/03\/1-36-1160x691.jpg 1160w\" sizes=\"auto, (max-width: 1706px) 100vw, 1706px\" \/><\/p>\n<p style=\"text-align: right;\"><b>REDACCI\u00d3N WEB DEL MAESTRO CMF<\/b><\/p>\n<p style=\"text-align: center;\">Recomendamos a la Comunidad Educativa Digital tener en cuenta que, el enlace y\/o la carpeta en donde est\u00e1n alojados los libros, recursos y\/o materiales, no es administrado por la Web del Maestro CMF, pueda ser que en cuesti\u00f3n de d\u00edas (o seg\u00fan el tiempo transcurrido desde su publicaci\u00f3n), los enlaces no funcionen y el material ya no se encuentre disponible. Gracias por su comprensi\u00f3n.<\/p>\n<h3>ENLACE DE LECTURA:<\/h3>\n<p style=\"text-align: center;\">\u00a1Comparte y as\u00ed m\u00e1s docentes utilizar\u00e1n estos recursos\u00a0gratis! Muchas gracias.<\/p>\n<p style=\"text-align: center;\"><span style=\"color: #000000;\">ENLACE 1: <a style=\"color: #000000;\" href=\"http:\/\/unesdoc.unesco.org\/images\/0011\/001177\/117740so.pdf\" target=\"_blank\" rel=\"noopener noreferrer\">EL LIBRO LOS SIETE SABERES NECESARIOS PARA LA EDUCACI\u00d3N DEL FUTURO<\/a><br \/>\n<span style=\"color: #000000;\">ENLACE 2: <a style=\"color: #000000;\" href=\"http:\/\/www.ideassonline.org\/public\/pdf\/LosSieteSaberesNecesariosParaLaEdudelFuturo.pdf\" target=\"_blank\" rel=\"noopener noreferrer\">LOS SIETE SABERES NECESARIOS PARA LA EDUCACI\u00d3N DEL FUTURO<\/a><\/span><\/span><\/p>\n\t\t<div class=\"pk-inline-posts\">\n\t\t\t\n\t\t\t<div class=\"pk-inline-posts-container pk-inline-posts-template-list\"\n\t\t\t\tdata-columns=\"1\">\n\t\t\t\t\t\t<article id=\"post-17756\" class=\"post-17756 post type-post status-publish format-standard has-post-thumbnail category-jamb tag-dia tag-dia-del-trabajo tag-jorge-bergoglio tag-maestros tag-trabajo cs-entry cs-video-wrap\">\n\t\t\t<div class=\"pk-post-outer\">\n\n\t\t\t\t\t\t\t\t<div class=\"pk-post-inner\">\n\t\t\t\t\t<div class=\"entry-thumbnail\">\n\t\t\t\t\t\t<div class=\"pk-overlay pk-overlay-ratio pk-ratio-landscape\">\n\t\t\t\t\t\t\t<div class=\"pk-overlay-background\">\n\t\t\t\t\t\t\t\t<a href=\"https:\/\/webdelmaestrocmf.com\/portal\/dia-del-trabajo-maestros-gracias-lo-hacen\/\" class=\"pk-overlay-link\">\n\t\t\t\t\t\t\t\t\t<img loading=\"lazy\" decoding=\"async\" width=\"300\" height=\"225\" src=\"https:\/\/webdelmaestrocmf.com\/portal\/wp-content\/uploads\/2023\/05\/Banner-1-portada-imagen-10-1-55-300x225.jpg\" class=\"attachment-pk-thumbnail size-pk-thumbnail wp-post-image\" alt=\"d\u00eda del trabajo\" \/>\t\t\t\t\t\t\t\t<\/a>\n\t\t\t\t\t\t\t<\/div>\n\t\t\t\t\t\t<\/div>\n\t\t\t\t\t<\/div>\n\t\t\t\t<\/div>\n\t\t\t\t\n\t\t\t\t<div class=\"pk-post-inner\">\n\t\t\t\t\t<header>\n\t\t\t\t\t\t<h3 class=\"pk-title\"><a href=\"https:\/\/webdelmaestrocmf.com\/portal\/dia-del-trabajo-maestros-gracias-lo-hacen\/\" rel=\"bookmark\">D\u00eda Internacional de los Trabajadores: Maestros, \u00a1gracias por lo que hacen!<\/a><\/h3>\t\t\t\t\t<\/header><!-- .entry-header -->\n\t\t\t\t<\/div><!-- .post-inner -->\n\n\t\t\t<\/div><!-- .post-outer -->\n\t\t<\/article>\n\t\t\t\t<\/div>\n\t\t<\/div>\n\t\t\n","protected":false},"excerpt":{"rendered":"Para recordar la propuesta de Edgar Morin (Parte I).\u00a0\u00a0El soci\u00f3logo y antrop\u00f3logo franc\u00e9s, Edgar Morin\u00a0(Par\u00eds, 1921),\u00a0estudi\u00f3 la crisis&hellip;","protected":false},"author":2,"featured_media":59067,"comment_status":"open","ping_status":"open","sticky":false,"template":"","format":"standard","meta":{"csco_display_header_overlay":false,"csco_singular_sidebar":"default","csco_page_header_type":"default","csco_page_load_nextpost":"default","csco_post_video_location":[],"csco_post_video_location_hash":"","csco_post_video_url":"","csco_post_video_bg_start_time":0,"csco_post_video_bg_end_time":0,"csco_post_video_bg_volume":false,"_jetpack_memberships_contains_paid_content":false,"footnotes":""},"categories":[61],"tags":[89,90,91,92],"class_list":{"0":"post-2947","1":"post","2":"type-post","3":"status-publish","4":"format-standard","5":"has-post-thumbnail","7":"category-jamb","8":"tag-edgar-morin","9":"tag-educacion-del-futuro","10":"tag-reglas","11":"tag-sociedad","12":"cs-entry","13":"cs-video-wrap"},"yoast_head":"<!-- This site is optimized with the Yoast SEO plugin v27.5 - https:\/\/yoast.com\/product\/yoast-seo-wordpress\/ -->\n<title>Los siete saberes necesarios para la educaci\u00f3n del futuro - (Parte I)<\/title>\n<meta name=\"description\" content=\"El soci\u00f3logo y antrop\u00f3logo franc\u00e9s, Edgar Morin (Par\u00eds, 1921), estudi\u00f3 la crisis interna del individuo y la comprensi\u00f3n del \u00abindividuo...\" \/>\n<meta name=\"robots\" content=\"index, follow, max-snippet:-1, max-image-preview:large, max-video-preview:-1\" \/>\n<link rel=\"canonical\" href=\"https:\/\/webdelmaestrocmf.com\/portal\/los-siete-saberes-necesarios-para-la-educacion-del-futuro-i\/\" \/>\n<meta property=\"og:locale\" content=\"es_ES\" \/>\n<meta property=\"og:type\" content=\"article\" \/>\n<meta property=\"og:title\" content=\"Los siete saberes necesarios para la educaci\u00f3n del futuro - (Parte I)\" \/>\n<meta property=\"og:description\" content=\"El soci\u00f3logo y antrop\u00f3logo franc\u00e9s, Edgar Morin (Par\u00eds, 1921), estudi\u00f3 la crisis interna del individuo y la comprensi\u00f3n del \u00abindividuo...\" \/>\n<meta property=\"og:url\" content=\"https:\/\/webdelmaestrocmf.com\/portal\/los-siete-saberes-necesarios-para-la-educacion-del-futuro-i\/\" \/>\n<meta property=\"og:site_name\" content=\"Web del Maestro CMF\" \/>\n<meta property=\"article:publisher\" content=\"https:\/\/www.facebook.com\/WebdelMaestroCMF\/\" \/>\n<meta property=\"article:author\" content=\"https:\/\/www.facebook.com\/WebdelMaestroCMF\/\" \/>\n<meta property=\"article:published_time\" content=\"2021-04-16T00:21:51+00:00\" \/>\n<meta property=\"article:modified_time\" content=\"2022-10-12T13:23:58+00:00\" \/>\n<meta property=\"og:image\" content=\"https:\/\/i0.wp.com\/webdelmaestrocmf.com\/portal\/wp-content\/uploads\/2020\/08\/1-copia-99.jpg?fit=1100%2C680&ssl=1\" \/>\n\t<meta property=\"og:image:width\" content=\"1100\" \/>\n\t<meta property=\"og:image:height\" content=\"680\" \/>\n\t<meta property=\"og:image:type\" content=\"image\/jpeg\" \/>\n<meta name=\"author\" content=\"Web del Maestro CMF\" \/>\n<meta name=\"twitter:card\" content=\"summary_large_image\" \/>\n<meta name=\"twitter:creator\" content=\"@cmf_w\" \/>\n<meta name=\"twitter:site\" content=\"@cmf_w\" \/>\n<script type=\"application\/ld+json\" class=\"yoast-schema-graph\">{\"@context\":\"https:\\\/\\\/schema.org\",\"@graph\":[{\"@type\":\"ScholarlyArticle\",\"@id\":\"https:\\\/\\\/webdelmaestrocmf.com\\\/portal\\\/los-siete-saberes-necesarios-para-la-educacion-del-futuro-i\\\/#article\",\"isPartOf\":{\"@id\":\"https:\\\/\\\/webdelmaestrocmf.com\\\/portal\\\/los-siete-saberes-necesarios-para-la-educacion-del-futuro-i\\\/\"},\"author\":{\"name\":\"Web del Maestro CMF\",\"@id\":\"https:\\\/\\\/webdelmaestrocmf.com\\\/portal\\\/#\\\/schema\\\/person\\\/ebc57e23d318c9c4270c6f41367015b5\"},\"headline\":\"Los siete saberes necesarios para la educaci\u00f3n del futuro &#8211; (Parte I)\",\"datePublished\":\"2021-04-16T00:21:51+00:00\",\"dateModified\":\"2022-10-12T13:23:58+00:00\",\"mainEntityOfPage\":{\"@id\":\"https:\\\/\\\/webdelmaestrocmf.com\\\/portal\\\/los-siete-saberes-necesarios-para-la-educacion-del-futuro-i\\\/\"},\"wordCount\":356,\"commentCount\":1,\"publisher\":{\"@id\":\"https:\\\/\\\/webdelmaestrocmf.com\\\/portal\\\/#organization\"},\"image\":{\"@id\":\"https:\\\/\\\/webdelmaestrocmf.com\\\/portal\\\/los-siete-saberes-necesarios-para-la-educacion-del-futuro-i\\\/#primaryimage\"},\"thumbnailUrl\":\"https:\\\/\\\/webdelmaestrocmf.com\\\/portal\\\/wp-content\\\/uploads\\\/2020\\\/08\\\/1-copia-99.jpg\",\"keywords\":[\"Edgar Morin\",\"educaci\u00f3n del futuro\",\"reglas\",\"sociedad\"],\"articleSection\":[\"Yo opino - WMCMF\"],\"inLanguage\":\"es\",\"potentialAction\":[{\"@type\":\"CommentAction\",\"name\":\"Comment\",\"target\":[\"https:\\\/\\\/webdelmaestrocmf.com\\\/portal\\\/los-siete-saberes-necesarios-para-la-educacion-del-futuro-i\\\/#respond\"]}]},{\"@type\":\"WebPage\",\"@id\":\"https:\\\/\\\/webdelmaestrocmf.com\\\/portal\\\/los-siete-saberes-necesarios-para-la-educacion-del-futuro-i\\\/\",\"url\":\"https:\\\/\\\/webdelmaestrocmf.com\\\/portal\\\/los-siete-saberes-necesarios-para-la-educacion-del-futuro-i\\\/\",\"name\":\"Los siete saberes necesarios para la educaci\u00f3n del futuro - (Parte I)\",\"isPartOf\":{\"@id\":\"https:\\\/\\\/webdelmaestrocmf.com\\\/portal\\\/#website\"},\"primaryImageOfPage\":{\"@id\":\"https:\\\/\\\/webdelmaestrocmf.com\\\/portal\\\/los-siete-saberes-necesarios-para-la-educacion-del-futuro-i\\\/#primaryimage\"},\"image\":{\"@id\":\"https:\\\/\\\/webdelmaestrocmf.com\\\/portal\\\/los-siete-saberes-necesarios-para-la-educacion-del-futuro-i\\\/#primaryimage\"},\"thumbnailUrl\":\"https:\\\/\\\/webdelmaestrocmf.com\\\/portal\\\/wp-content\\\/uploads\\\/2020\\\/08\\\/1-copia-99.jpg\",\"datePublished\":\"2021-04-16T00:21:51+00:00\",\"dateModified\":\"2022-10-12T13:23:58+00:00\",\"description\":\"El soci\u00f3logo y antrop\u00f3logo franc\u00e9s, Edgar Morin (Par\u00eds, 1921), estudi\u00f3 la crisis interna del individuo y la comprensi\u00f3n del \u00abindividuo...\",\"breadcrumb\":{\"@id\":\"https:\\\/\\\/webdelmaestrocmf.com\\\/portal\\\/los-siete-saberes-necesarios-para-la-educacion-del-futuro-i\\\/#breadcrumb\"},\"inLanguage\":\"es\",\"potentialAction\":[{\"@type\":\"ReadAction\",\"target\":[\"https:\\\/\\\/webdelmaestrocmf.com\\\/portal\\\/los-siete-saberes-necesarios-para-la-educacion-del-futuro-i\\\/\"]}]},{\"@type\":\"ImageObject\",\"inLanguage\":\"es\",\"@id\":\"https:\\\/\\\/webdelmaestrocmf.com\\\/portal\\\/los-siete-saberes-necesarios-para-la-educacion-del-futuro-i\\\/#primaryimage\",\"url\":\"https:\\\/\\\/webdelmaestrocmf.com\\\/portal\\\/wp-content\\\/uploads\\\/2020\\\/08\\\/1-copia-99.jpg\",\"contentUrl\":\"https:\\\/\\\/webdelmaestrocmf.com\\\/portal\\\/wp-content\\\/uploads\\\/2020\\\/08\\\/1-copia-99.jpg\",\"width\":1100,\"height\":680},{\"@type\":\"BreadcrumbList\",\"@id\":\"https:\\\/\\\/webdelmaestrocmf.com\\\/portal\\\/los-siete-saberes-necesarios-para-la-educacion-del-futuro-i\\\/#breadcrumb\",\"itemListElement\":[{\"@type\":\"ListItem\",\"position\":1,\"name\":\"Portada\",\"item\":\"https:\\\/\\\/webdelmaestrocmf.com\\\/portal\\\/\"},{\"@type\":\"ListItem\",\"position\":2,\"name\":\"Yo opino - WMCMF\",\"item\":\"https:\\\/\\\/webdelmaestrocmf.com\\\/portal\\\/category\\\/jamb\\\/\"},{\"@type\":\"ListItem\",\"position\":3,\"name\":\"Los siete saberes necesarios para la educaci\u00f3n del futuro &#8211; (Parte I)\"}]},{\"@type\":\"WebSite\",\"@id\":\"https:\\\/\\\/webdelmaestrocmf.com\\\/portal\\\/#website\",\"url\":\"https:\\\/\\\/webdelmaestrocmf.com\\\/portal\\\/\",\"name\":\"Web del Maestro CMF\",\"description\":\"Maestros al servicio de la educaci\u00f3n\",\"publisher\":{\"@id\":\"https:\\\/\\\/webdelmaestrocmf.com\\\/portal\\\/#organization\"},\"alternateName\":\"WMCMF\",\"potentialAction\":[{\"@type\":\"SearchAction\",\"target\":{\"@type\":\"EntryPoint\",\"urlTemplate\":\"https:\\\/\\\/webdelmaestrocmf.com\\\/portal\\\/?s={search_term_string}\"},\"query-input\":{\"@type\":\"PropertyValueSpecification\",\"valueRequired\":true,\"valueName\":\"search_term_string\"}}],\"inLanguage\":\"es\"},{\"@type\":\"Organization\",\"@id\":\"https:\\\/\\\/webdelmaestrocmf.com\\\/portal\\\/#organization\",\"name\":\"Web del Maestro CMF\",\"alternateName\":\"WMCMF\",\"url\":\"https:\\\/\\\/webdelmaestrocmf.com\\\/portal\\\/\",\"logo\":{\"@type\":\"ImageObject\",\"inLanguage\":\"es\",\"@id\":\"https:\\\/\\\/webdelmaestrocmf.com\\\/portal\\\/#\\\/schema\\\/logo\\\/image\\\/\",\"url\":\"https:\\\/\\\/webdelmaestrocmf.com\\\/portal\\\/wp-content\\\/uploads\\\/2023\\\/01\\\/logo-wmcmf-2.png\",\"contentUrl\":\"https:\\\/\\\/webdelmaestrocmf.com\\\/portal\\\/wp-content\\\/uploads\\\/2023\\\/01\\\/logo-wmcmf-2.png\",\"width\":200,\"height\":60,\"caption\":\"Web del Maestro CMF\"},\"image\":{\"@id\":\"https:\\\/\\\/webdelmaestrocmf.com\\\/portal\\\/#\\\/schema\\\/logo\\\/image\\\/\"},\"sameAs\":[\"https:\\\/\\\/www.facebook.com\\\/WebdelMaestroCMF\\\/\",\"https:\\\/\\\/x.com\\\/cmf_w\",\"https:\\\/\\\/www.pinterest.com\\\/WMCMF\\\/\",\"https:\\\/\\\/www.linkedin.com\\\/company\\\/web-del-maestro-cmf\\\/\",\"https:\\\/\\\/www.instagram.com\\\/wmcmf\\\/\",\"https:\\\/\\\/www.youtube.com\\\/channel\\\/UCDPSvjbdodE5sHnC3OxutHw\",\"https:\\\/\\\/mastodon.social\\\/@wmcmf\",\"https:\\\/\\\/www.tiktok.com\\\/@webdelmaestrocmf\"]},{\"@type\":\"Person\",\"@id\":\"https:\\\/\\\/webdelmaestrocmf.com\\\/portal\\\/#\\\/schema\\\/person\\\/ebc57e23d318c9c4270c6f41367015b5\",\"name\":\"Web del Maestro CMF\",\"image\":{\"@type\":\"ImageObject\",\"inLanguage\":\"es\",\"@id\":\"https:\\\/\\\/secure.gravatar.com\\\/avatar\\\/718b2df46e711f63dc8c16a160d16cc0104e961fe3c231eaaed2426975fc5e2d?s=96&d=mm&r=g\",\"url\":\"https:\\\/\\\/secure.gravatar.com\\\/avatar\\\/718b2df46e711f63dc8c16a160d16cc0104e961fe3c231eaaed2426975fc5e2d?s=96&d=mm&r=g\",\"contentUrl\":\"https:\\\/\\\/secure.gravatar.com\\\/avatar\\\/718b2df46e711f63dc8c16a160d16cc0104e961fe3c231eaaed2426975fc5e2d?s=96&d=mm&r=g\",\"caption\":\"Web del Maestro CMF\"},\"description\":\"Esta Web se cre\u00f3 sin fines de lucro, con fines educativos, cient\u00edficos y acad\u00e9micos, para personas que tengan dificultades y\\\/o inconvenientes en visualizar el material original. El objetivo es entregar recursos, compartir experiencias y materiales que ayuden a los padres de familia, maestros y estudiantes en su actualizaci\u00f3n y formaci\u00f3n permanente, en bien de la Educaci\u00f3n.\",\"sameAs\":[\"http:\\\/\\\/webdelmaestrocmf.com\\\/portal\",\"https:\\\/\\\/www.facebook.com\\\/WebdelMaestroCMF\\\/\",\"https:\\\/\\\/www.instagram.com\\\/wmcmf\\\/\",\"https:\\\/\\\/cl.linkedin.com\\\/company\\\/web-del-maestro-cmf\",\"https:\\\/\\\/www.pinterest.com\\\/WMCMF\\\/publicaciones\\\/\",\"https:\\\/\\\/x.com\\\/cmf_w\",\"https:\\\/\\\/www.youtube.com\\\/@WMCMF\"]}]}<\/script>\n<!-- \/ Yoast SEO plugin. -->","yoast_head_json":{"title":"Los siete saberes necesarios para la educaci\u00f3n del futuro - (Parte I)","description":"El soci\u00f3logo y antrop\u00f3logo franc\u00e9s, Edgar Morin (Par\u00eds, 1921), estudi\u00f3 la crisis interna del individuo y la comprensi\u00f3n del \u00abindividuo...","robots":{"index":"index","follow":"follow","max-snippet":"max-snippet:-1","max-image-preview":"max-image-preview:large","max-video-preview":"max-video-preview:-1"},"canonical":"https:\/\/webdelmaestrocmf.com\/portal\/los-siete-saberes-necesarios-para-la-educacion-del-futuro-i\/","og_locale":"es_ES","og_type":"article","og_title":"Los siete saberes necesarios para la educaci\u00f3n del futuro - (Parte I)","og_description":"El soci\u00f3logo y antrop\u00f3logo franc\u00e9s, Edgar Morin (Par\u00eds, 1921), estudi\u00f3 la crisis interna del individuo y la comprensi\u00f3n del \u00abindividuo...","og_url":"https:\/\/webdelmaestrocmf.com\/portal\/los-siete-saberes-necesarios-para-la-educacion-del-futuro-i\/","og_site_name":"Web del Maestro CMF","article_publisher":"https:\/\/www.facebook.com\/WebdelMaestroCMF\/","article_author":"https:\/\/www.facebook.com\/WebdelMaestroCMF\/","article_published_time":"2021-04-16T00:21:51+00:00","article_modified_time":"2022-10-12T13:23:58+00:00","og_image":[{"width":1100,"height":680,"url":"https:\/\/i0.wp.com\/webdelmaestrocmf.com\/portal\/wp-content\/uploads\/2020\/08\/1-copia-99.jpg?fit=1100%2C680&ssl=1","type":"image\/jpeg"}],"author":"Web del Maestro CMF","twitter_card":"summary_large_image","twitter_creator":"@cmf_w","twitter_site":"@cmf_w","schema":{"@context":"https:\/\/schema.org","@graph":[{"@type":"ScholarlyArticle","@id":"https:\/\/webdelmaestrocmf.com\/portal\/los-siete-saberes-necesarios-para-la-educacion-del-futuro-i\/#article","isPartOf":{"@id":"https:\/\/webdelmaestrocmf.com\/portal\/los-siete-saberes-necesarios-para-la-educacion-del-futuro-i\/"},"author":{"name":"Web del Maestro CMF","@id":"https:\/\/webdelmaestrocmf.com\/portal\/#\/schema\/person\/ebc57e23d318c9c4270c6f41367015b5"},"headline":"Los siete saberes necesarios para la educaci\u00f3n del futuro &#8211; (Parte I)","datePublished":"2021-04-16T00:21:51+00:00","dateModified":"2022-10-12T13:23:58+00:00","mainEntityOfPage":{"@id":"https:\/\/webdelmaestrocmf.com\/portal\/los-siete-saberes-necesarios-para-la-educacion-del-futuro-i\/"},"wordCount":356,"commentCount":1,"publisher":{"@id":"https:\/\/webdelmaestrocmf.com\/portal\/#organization"},"image":{"@id":"https:\/\/webdelmaestrocmf.com\/portal\/los-siete-saberes-necesarios-para-la-educacion-del-futuro-i\/#primaryimage"},"thumbnailUrl":"https:\/\/webdelmaestrocmf.com\/portal\/wp-content\/uploads\/2020\/08\/1-copia-99.jpg","keywords":["Edgar Morin","educaci\u00f3n del futuro","reglas","sociedad"],"articleSection":["Yo opino - WMCMF"],"inLanguage":"es","potentialAction":[{"@type":"CommentAction","name":"Comment","target":["https:\/\/webdelmaestrocmf.com\/portal\/los-siete-saberes-necesarios-para-la-educacion-del-futuro-i\/#respond"]}]},{"@type":"WebPage","@id":"https:\/\/webdelmaestrocmf.com\/portal\/los-siete-saberes-necesarios-para-la-educacion-del-futuro-i\/","url":"https:\/\/webdelmaestrocmf.com\/portal\/los-siete-saberes-necesarios-para-la-educacion-del-futuro-i\/","name":"Los siete saberes necesarios para la educaci\u00f3n del futuro - (Parte I)","isPartOf":{"@id":"https:\/\/webdelmaestrocmf.com\/portal\/#website"},"primaryImageOfPage":{"@id":"https:\/\/webdelmaestrocmf.com\/portal\/los-siete-saberes-necesarios-para-la-educacion-del-futuro-i\/#primaryimage"},"image":{"@id":"https:\/\/webdelmaestrocmf.com\/portal\/los-siete-saberes-necesarios-para-la-educacion-del-futuro-i\/#primaryimage"},"thumbnailUrl":"https:\/\/webdelmaestrocmf.com\/portal\/wp-content\/uploads\/2020\/08\/1-copia-99.jpg","datePublished":"2021-04-16T00:21:51+00:00","dateModified":"2022-10-12T13:23:58+00:00","description":"El soci\u00f3logo y antrop\u00f3logo franc\u00e9s, Edgar Morin (Par\u00eds, 1921), estudi\u00f3 la crisis interna del individuo y la comprensi\u00f3n del \u00abindividuo...","breadcrumb":{"@id":"https:\/\/webdelmaestrocmf.com\/portal\/los-siete-saberes-necesarios-para-la-educacion-del-futuro-i\/#breadcrumb"},"inLanguage":"es","potentialAction":[{"@type":"ReadAction","target":["https:\/\/webdelmaestrocmf.com\/portal\/los-siete-saberes-necesarios-para-la-educacion-del-futuro-i\/"]}]},{"@type":"ImageObject","inLanguage":"es","@id":"https:\/\/webdelmaestrocmf.com\/portal\/los-siete-saberes-necesarios-para-la-educacion-del-futuro-i\/#primaryimage","url":"https:\/\/webdelmaestrocmf.com\/portal\/wp-content\/uploads\/2020\/08\/1-copia-99.jpg","contentUrl":"https:\/\/webdelmaestrocmf.com\/portal\/wp-content\/uploads\/2020\/08\/1-copia-99.jpg","width":1100,"height":680},{"@type":"BreadcrumbList","@id":"https:\/\/webdelmaestrocmf.com\/portal\/los-siete-saberes-necesarios-para-la-educacion-del-futuro-i\/#breadcrumb","itemListElement":[{"@type":"ListItem","position":1,"name":"Portada","item":"https:\/\/webdelmaestrocmf.com\/portal\/"},{"@type":"ListItem","position":2,"name":"Yo opino - WMCMF","item":"https:\/\/webdelmaestrocmf.com\/portal\/category\/jamb\/"},{"@type":"ListItem","position":3,"name":"Los siete saberes necesarios para la educaci\u00f3n del futuro &#8211; (Parte I)"}]},{"@type":"WebSite","@id":"https:\/\/webdelmaestrocmf.com\/portal\/#website","url":"https:\/\/webdelmaestrocmf.com\/portal\/","name":"Web del Maestro CMF","description":"Maestros al servicio de la educaci\u00f3n","publisher":{"@id":"https:\/\/webdelmaestrocmf.com\/portal\/#organization"},"alternateName":"WMCMF","potentialAction":[{"@type":"SearchAction","target":{"@type":"EntryPoint","urlTemplate":"https:\/\/webdelmaestrocmf.com\/portal\/?s={search_term_string}"},"query-input":{"@type":"PropertyValueSpecification","valueRequired":true,"valueName":"search_term_string"}}],"inLanguage":"es"},{"@type":"Organization","@id":"https:\/\/webdelmaestrocmf.com\/portal\/#organization","name":"Web del Maestro CMF","alternateName":"WMCMF","url":"https:\/\/webdelmaestrocmf.com\/portal\/","logo":{"@type":"ImageObject","inLanguage":"es","@id":"https:\/\/webdelmaestrocmf.com\/portal\/#\/schema\/logo\/image\/","url":"https:\/\/webdelmaestrocmf.com\/portal\/wp-content\/uploads\/2023\/01\/logo-wmcmf-2.png","contentUrl":"https:\/\/webdelmaestrocmf.com\/portal\/wp-content\/uploads\/2023\/01\/logo-wmcmf-2.png","width":200,"height":60,"caption":"Web del Maestro CMF"},"image":{"@id":"https:\/\/webdelmaestrocmf.com\/portal\/#\/schema\/logo\/image\/"},"sameAs":["https:\/\/www.facebook.com\/WebdelMaestroCMF\/","https:\/\/x.com\/cmf_w","https:\/\/www.pinterest.com\/WMCMF\/","https:\/\/www.linkedin.com\/company\/web-del-maestro-cmf\/","https:\/\/www.instagram.com\/wmcmf\/","https:\/\/www.youtube.com\/channel\/UCDPSvjbdodE5sHnC3OxutHw","https:\/\/mastodon.social\/@wmcmf","https:\/\/www.tiktok.com\/@webdelmaestrocmf"]},{"@type":"Person","@id":"https:\/\/webdelmaestrocmf.com\/portal\/#\/schema\/person\/ebc57e23d318c9c4270c6f41367015b5","name":"Web del Maestro CMF","image":{"@type":"ImageObject","inLanguage":"es","@id":"https:\/\/secure.gravatar.com\/avatar\/718b2df46e711f63dc8c16a160d16cc0104e961fe3c231eaaed2426975fc5e2d?s=96&d=mm&r=g","url":"https:\/\/secure.gravatar.com\/avatar\/718b2df46e711f63dc8c16a160d16cc0104e961fe3c231eaaed2426975fc5e2d?s=96&d=mm&r=g","contentUrl":"https:\/\/secure.gravatar.com\/avatar\/718b2df46e711f63dc8c16a160d16cc0104e961fe3c231eaaed2426975fc5e2d?s=96&d=mm&r=g","caption":"Web del Maestro CMF"},"description":"Esta Web se cre\u00f3 sin fines de lucro, con fines educativos, cient\u00edficos y acad\u00e9micos, para personas que tengan dificultades y\/o inconvenientes en visualizar el material original. El objetivo es entregar recursos, compartir experiencias y materiales que ayuden a los padres de familia, maestros y estudiantes en su actualizaci\u00f3n y formaci\u00f3n permanente, en bien de la Educaci\u00f3n.","sameAs":["http:\/\/webdelmaestrocmf.com\/portal","https:\/\/www.facebook.com\/WebdelMaestroCMF\/","https:\/\/www.instagram.com\/wmcmf\/","https:\/\/cl.linkedin.com\/company\/web-del-maestro-cmf","https:\/\/www.pinterest.com\/WMCMF\/publicaciones\/","https:\/\/x.com\/cmf_w","https:\/\/www.youtube.com\/@WMCMF"]}]}},"jetpack_featured_media_url":"https:\/\/webdelmaestrocmf.com\/portal\/wp-content\/uploads\/2020\/08\/1-copia-99.jpg","jetpack_sharing_enabled":true,"jetpack-related-posts":[{"id":14971,"url":"https:\/\/webdelmaestrocmf.com\/portal\/los-siete-saberes-necesarios-para-la-educacion-del-futuro-ii\/","url_meta":{"origin":2947,"position":0},"title":"Los siete saberes necesarios para la educaci\u00f3n del futuro &#8211; (Parte II)","author":"Web del Maestro CMF","date":"20 febrero, 2017","format":false,"excerpt":"Edgar Nahum nace en Par\u00eds, el 8 de Julio de 1921, bajo el seno de una familia de origen jud\u00edo sefard\u00ed. Su padre, Vidal Nahum, naci\u00f3 en 1894 en Sal\u00f3nica (Grecia) y, posteriormente, se naturaliza franc\u00e9s. Su madre fue Luna Beressi, quien sufr\u00eda de una seria lesi\u00f3n en el coraz\u00f3n\u2026","rel":"","context":"En \u00abYo opino - WMCMF\u00bb","block_context":{"text":"Yo opino - WMCMF","link":"https:\/\/webdelmaestrocmf.com\/portal\/category\/jamb\/"},"img":{"alt_text":"","src":"https:\/\/i0.wp.com\/webdelmaestrocmf.com\/portal\/wp-content\/uploads\/2020\/08\/1-copia-99.jpg?resize=350%2C200&ssl=1","width":350,"height":200,"srcset":"https:\/\/i0.wp.com\/webdelmaestrocmf.com\/portal\/wp-content\/uploads\/2020\/08\/1-copia-99.jpg?resize=350%2C200&ssl=1 1x, https:\/\/i0.wp.com\/webdelmaestrocmf.com\/portal\/wp-content\/uploads\/2020\/08\/1-copia-99.jpg?resize=525%2C300&ssl=1 1.5x, https:\/\/i0.wp.com\/webdelmaestrocmf.com\/portal\/wp-content\/uploads\/2020\/08\/1-copia-99.jpg?resize=700%2C400&ssl=1 2x, https:\/\/i0.wp.com\/webdelmaestrocmf.com\/portal\/wp-content\/uploads\/2020\/08\/1-copia-99.jpg?resize=1050%2C600&ssl=1 3x"},"classes":[]},{"id":28923,"url":"https:\/\/webdelmaestrocmf.com\/portal\/elvira-zorrero-lara-es-posible-garantizar-la-educacion\/","url_meta":{"origin":2947,"position":1},"title":"[Elvira Zorrero Lara]  \u00bfEs posible garantizar la educaci\u00f3n?","author":"Web del Maestro CMF","date":"4 julio, 2018","format":false,"excerpt":"En semanas pasadas, una amiga compr\u00f3 un coche, al cual le dieron siete a\u00f1os de garant\u00eda. Esto me hizo reflexionar sobre la posibilidad de garantizar la educaci\u00f3n. En el caso de la formaci\u00f3n acad\u00e9mica no se puede garantizar como un autom\u00f3vil, no obstante vale la pena considerarlo como objetivo para\u2026","rel":"","context":"En \u00abZ-Colaboradores\u00bb","block_context":{"text":"Z-Colaboradores","link":"https:\/\/webdelmaestrocmf.com\/portal\/category\/colaborador\/"},"img":{"alt_text":"","src":"https:\/\/i0.wp.com\/webdelmaestrocmf.com\/portal\/wp-content\/uploads\/2018\/07\/1-1.jpg?resize=350%2C200&ssl=1","width":350,"height":200,"srcset":"https:\/\/i0.wp.com\/webdelmaestrocmf.com\/portal\/wp-content\/uploads\/2018\/07\/1-1.jpg?resize=350%2C200&ssl=1 1x, https:\/\/i0.wp.com\/webdelmaestrocmf.com\/portal\/wp-content\/uploads\/2018\/07\/1-1.jpg?resize=525%2C300&ssl=1 1.5x, https:\/\/i0.wp.com\/webdelmaestrocmf.com\/portal\/wp-content\/uploads\/2018\/07\/1-1.jpg?resize=700%2C400&ssl=1 2x, https:\/\/i0.wp.com\/webdelmaestrocmf.com\/portal\/wp-content\/uploads\/2018\/07\/1-1.jpg?resize=1050%2C600&ssl=1 3x"},"classes":[]},{"id":80651,"url":"https:\/\/webdelmaestrocmf.com\/portal\/hemisferios-cerebrales-como-afectan-el-aprendizaje\/","url_meta":{"origin":2947,"position":2},"title":"Hemisferios cerebrales: \u00bfC\u00f3mo afectan el aprendizaje?","author":"Web del Maestro CMF","date":"6 noviembre, 2024","format":false,"excerpt":"Una relaci\u00f3n entre el intelecto y la emoci\u00f3n fue establecida por la Unesco y el pedagogo y fil\u00f3sofo franc\u00e9s Edgar Morin en el libro 'Los 7 saberes necesarios para la educaci\u00f3n del futuro'. A menudo se sostiene que para poder pensar \u201ccon cabeza fr\u00eda\u201d se deben dejar a un lado\u2026","rel":"","context":"En \u00abNeurociencia\u00bb","block_context":{"text":"Neurociencia","link":"https:\/\/webdelmaestrocmf.com\/portal\/category\/pedagogia\/neurociencia\/"},"img":{"alt_text":"","src":"https:\/\/i0.wp.com\/webdelmaestrocmf.com\/portal\/wp-content\/uploads\/2022\/11\/Banner-1-portada-imagen-10-1-28.jpg?resize=350%2C200&ssl=1","width":350,"height":200,"srcset":"https:\/\/i0.wp.com\/webdelmaestrocmf.com\/portal\/wp-content\/uploads\/2022\/11\/Banner-1-portada-imagen-10-1-28.jpg?resize=350%2C200&ssl=1 1x, https:\/\/i0.wp.com\/webdelmaestrocmf.com\/portal\/wp-content\/uploads\/2022\/11\/Banner-1-portada-imagen-10-1-28.jpg?resize=525%2C300&ssl=1 1.5x, https:\/\/i0.wp.com\/webdelmaestrocmf.com\/portal\/wp-content\/uploads\/2022\/11\/Banner-1-portada-imagen-10-1-28.jpg?resize=700%2C400&ssl=1 2x"},"classes":[]},{"id":9737,"url":"https:\/\/webdelmaestrocmf.com\/portal\/edgar-morin-los-6-tomos-del-metodo-descargar\/","url_meta":{"origin":2947,"position":3},"title":"Edgar Morin: Libro \u00abEl m\u00e9todo\u00bb","author":"Web del Maestro CMF","date":"18 enero, 2020","format":false,"excerpt":"Edgar Morin public\u00f3 en su p\u00e1gina oficial la descarga gratuita de los\u00a0seis tomos de \"El M\u00e9todo\" quien\u00a0ha dedicado su investigaci\u00f3n a la b\u00fasqueda de un \u00abm\u00e9todo\u00bb apto que ponga de manifiesto el desaf\u00edo de la complejidad que se impone tanto al conocimiento cient\u00edfico como al estudio de los problemas humanos,\u2026","rel":"","context":"En \u00abLas m\u00e1s vistas\u00bb","block_context":{"text":"Las m\u00e1s vistas","link":"https:\/\/webdelmaestrocmf.com\/portal\/category\/pedagogia\/visitadas\/"},"img":{"alt_text":"","src":"https:\/\/i0.wp.com\/webdelmaestrocmf.com\/portal\/wp-content\/uploads\/2020\/01\/1-copia-4.jpg?resize=350%2C200&ssl=1","width":350,"height":200,"srcset":"https:\/\/i0.wp.com\/webdelmaestrocmf.com\/portal\/wp-content\/uploads\/2020\/01\/1-copia-4.jpg?resize=350%2C200&ssl=1 1x, https:\/\/i0.wp.com\/webdelmaestrocmf.com\/portal\/wp-content\/uploads\/2020\/01\/1-copia-4.jpg?resize=525%2C300&ssl=1 1.5x, https:\/\/i0.wp.com\/webdelmaestrocmf.com\/portal\/wp-content\/uploads\/2020\/01\/1-copia-4.jpg?resize=700%2C400&ssl=1 2x, https:\/\/i0.wp.com\/webdelmaestrocmf.com\/portal\/wp-content\/uploads\/2020\/01\/1-copia-4.jpg?resize=1050%2C600&ssl=1 3x"},"classes":[]},{"id":47274,"url":"https:\/\/webdelmaestrocmf.com\/portal\/edinson-pedroza-maestros-y-maestras-ante-el-reto-de-la-pandemia-y-del-siglo-xxi\/","url_meta":{"origin":2947,"position":4},"title":"[Edinson Pedroza] Maestros y maestras ante el reto de la pandemia y del Siglo XXI","author":"Web del Maestro CMF","date":"18 mayo, 2020","format":false,"excerpt":"In memoriam a los docentes: Luc\u00eda M. V\u00e9lez Garc\u00eda y Mois\u00e9s Saade M\u00e1rquez. Maestros de maestros. Hace d\u00edas escrib\u00ed sobre la importancia que tienen los m\u00e9dicos para el pa\u00eds. Ellos son personas que se sacrifican, luchando cotidianamente contra la muerte, no obstante la discriminaci\u00f3n y \u00a0la intolerancia de desadaptados que,\u2026","rel":"","context":"En \u00abZ-Colaboradores\u00bb","block_context":{"text":"Z-Colaboradores","link":"https:\/\/webdelmaestrocmf.com\/portal\/category\/colaborador\/"},"img":{"alt_text":"","src":"https:\/\/i0.wp.com\/webdelmaestrocmf.com\/portal\/wp-content\/uploads\/2020\/05\/2a-47.jpg?resize=350%2C200&ssl=1","width":350,"height":200,"srcset":"https:\/\/i0.wp.com\/webdelmaestrocmf.com\/portal\/wp-content\/uploads\/2020\/05\/2a-47.jpg?resize=350%2C200&ssl=1 1x, https:\/\/i0.wp.com\/webdelmaestrocmf.com\/portal\/wp-content\/uploads\/2020\/05\/2a-47.jpg?resize=525%2C300&ssl=1 1.5x, https:\/\/i0.wp.com\/webdelmaestrocmf.com\/portal\/wp-content\/uploads\/2020\/05\/2a-47.jpg?resize=700%2C400&ssl=1 2x, https:\/\/i0.wp.com\/webdelmaestrocmf.com\/portal\/wp-content\/uploads\/2020\/05\/2a-47.jpg?resize=1050%2C600&ssl=1 3x"},"classes":[]},{"id":88313,"url":"https:\/\/webdelmaestrocmf.com\/portal\/el-miedo-como-factor-que-afecta-el-aprendizaje\/","url_meta":{"origin":2947,"position":5},"title":"El miedo del alumno al docente como factor que afecta el aprendizaje","author":"Web del Maestro CMF","date":"30 julio, 2023","format":false,"excerpt":"Muchos de los problemas emocionales de los ni\u00f1os pueden explicarse por los cambios complejos que se han producido en las pautas sociales en los \u00faltimos cuarenta a\u00f1os, la falta de respeto hacia las escuelas como fuente de autoridad, el miedo a los docentes, el tiempo cada vez m\u00e1s reducido que\u2026","rel":"","context":"En \u00abMiedo\u00bb","block_context":{"text":"Miedo","link":"https:\/\/webdelmaestrocmf.com\/portal\/category\/pedagogia\/miedo\/"},"img":{"alt_text":"miedo","src":"https:\/\/i0.wp.com\/webdelmaestrocmf.com\/portal\/wp-content\/uploads\/2023\/05\/A12B3C4D-47.jpg?resize=350%2C200&ssl=1","width":350,"height":200,"srcset":"https:\/\/i0.wp.com\/webdelmaestrocmf.com\/portal\/wp-content\/uploads\/2023\/05\/A12B3C4D-47.jpg?resize=350%2C200&ssl=1 1x, https:\/\/i0.wp.com\/webdelmaestrocmf.com\/portal\/wp-content\/uploads\/2023\/05\/A12B3C4D-47.jpg?resize=525%2C300&ssl=1 1.5x, https:\/\/i0.wp.com\/webdelmaestrocmf.com\/portal\/wp-content\/uploads\/2023\/05\/A12B3C4D-47.jpg?resize=700%2C400&ssl=1 2x"},"classes":[]}],"_links":{"self":[{"href":"https:\/\/webdelmaestrocmf.com\/portal\/wp-json\/wp\/v2\/posts\/2947","targetHints":{"allow":["GET"]}}],"collection":[{"href":"https:\/\/webdelmaestrocmf.com\/portal\/wp-json\/wp\/v2\/posts"}],"about":[{"href":"https:\/\/webdelmaestrocmf.com\/portal\/wp-json\/wp\/v2\/types\/post"}],"author":[{"embeddable":true,"href":"https:\/\/webdelmaestrocmf.com\/portal\/wp-json\/wp\/v2\/users\/2"}],"replies":[{"embeddable":true,"href":"https:\/\/webdelmaestrocmf.com\/portal\/wp-json\/wp\/v2\/comments?post=2947"}],"version-history":[{"count":0,"href":"https:\/\/webdelmaestrocmf.com\/portal\/wp-json\/wp\/v2\/posts\/2947\/revisions"}],"wp:featuredmedia":[{"embeddable":true,"href":"https:\/\/webdelmaestrocmf.com\/portal\/wp-json\/wp\/v2\/media\/59067"}],"wp:attachment":[{"href":"https:\/\/webdelmaestrocmf.com\/portal\/wp-json\/wp\/v2\/media?parent=2947"}],"wp:term":[{"taxonomy":"category","embeddable":true,"href":"https:\/\/webdelmaestrocmf.com\/portal\/wp-json\/wp\/v2\/categories?post=2947"},{"taxonomy":"post_tag","embeddable":true,"href":"https:\/\/webdelmaestrocmf.com\/portal\/wp-json\/wp\/v2\/tags?post=2947"}],"curies":[{"name":"wp","href":"https:\/\/api.w.org\/{rel}","templated":true}]}}