{"id":29380,"date":"2021-07-23T20:11:59","date_gmt":"2021-07-24T00:11:59","guid":{"rendered":"http:\/\/webdelmaestrocmf.com\/portal\/?p=29380"},"modified":"2023-09-19T17:25:58","modified_gmt":"2023-09-19T20:25:58","slug":"ejercicios-de-calculo-mental-para-preescolar-y-primaria-formato-pdf","status":"publish","type":"post","link":"https:\/\/webdelmaestrocmf.com\/portal\/ejercicios-de-calculo-mental-para-preescolar-y-primaria-formato-pdf\/","title":{"rendered":"Ejercicios de c\u00e1lculo mental para preescolar y primaria"},"content":{"rendered":"<p style=\"text-align: justify;\"><strong>Del c\u00e1lculo mental (CM) perdi\u00f3 su papel primordial debido a la llegada de las calculadoras, las computadoras y los tel\u00e9fonos celulares; sin embargo, en las \u00faltimas d\u00e9cadas ha recobrado su importancia como una actividad cognitiva reveladora en el proceso de ense\u00f1anza-aprendizaje temprano de las matem\u00e1ticas (Butlen &amp; P\u00e9zard, 1992; Beishuizen, 1993; G\u00f3mez, 1995; Siegler &amp; Shipley, 1995; Pochon, 1997; Askew, 1999 y 2004; Hidalgo, Maroto &amp; Palacios, 1999; Ortega &amp; Ortiz, 2002; Brissiaud, 2003). Butlen y P\u00e9zard (1992) plantean como su primera hip\u00f3tesis de trabajo el hecho que el CM constituye un dominio privilegiado para examinar las concepciones num\u00e9ricas de los alumnos y su disponibilidad.<\/strong><\/p>\n<p><!--more--><\/p>\n<p style=\"text-align: justify;\"><b>Esta vez compartimos con fines educativos unas excelentes actividades para practicar el c\u00e1lculo mental con los ni\u00f1os de preescolar y primaria.<\/b>\u00a0Los ejercicios aqu\u00ed propuestas son muy divertidos y llamativos para los peque\u00f1os, est\u00e1n ilustrados con\u00a0<b>dibujos<\/b>\u00a0a todo color lo cual los hace muy atractivos para ellos.<\/p>\n<p>Art\u00edculo relacionado: <a href=\"https:\/\/webdelmaestrocmf.com\/portal\/aplicaciones-para-mejorar-y-practicar-el-calculo-mental\/\" target=\"_blank\" rel=\"noopener\">Aplicaciones para mejorar y practicar el c\u00e1lculo mental<\/a><\/p>\n<p style=\"text-align: justify;\">Es un\u00a0<b>recurso educativo\u00a0<\/b>de gran relevancia y actualidad ayuda a los alumnos a desarrollar su capacidad matem\u00e1tica en la primera etapa de su\u00a0<b>educaci\u00f3n<\/b>.<\/p>\n<p>El c\u00e1lculo mental es una habilidad fundamental en el desarrollo matem\u00e1tico de los estudiantes. Ayuda a fortalecer la agilidad y rapidez en el c\u00e1lculo, permitiendo a los ni\u00f1os resolver problemas de manera eficaz. Para facilitar este proceso, hemos preparado una serie de ejercicios en formato PDF destinados a estudiantes de preescolar y primaria.<\/p>\n<h5><strong>Beneficios del C\u00e1lculo Mental<\/strong><\/h5>\n<p>El c\u00e1lculo mental no solo mejora las habilidades matem\u00e1ticas, sino que tambi\u00e9n ofrece una serie de beneficios adicionales:<\/p>\n<ol>\n<li><strong>Agilidad Mental:<\/strong> Los ni\u00f1os desarrollan la habilidad de realizar c\u00e1lculos de forma r\u00e1pida y precisa, lo que les permite abordar problemas de manera eficiente.<\/li>\n<li><strong>Desarrollo de Estrategias:<\/strong> Al practicar el c\u00e1lculo mental, los estudiantes desarrollan estrategias propias para abordar diferentes tipos de problemas matem\u00e1ticos.<\/li>\n<li><strong>Confianza en S\u00ed Mismos:<\/strong> Resolver problemas de c\u00e1lculo mental con \u00e9xito fortalece la confianza de los estudiantes en sus habilidades matem\u00e1ticas.<\/li>\n<li><strong>Aplicaci\u00f3n Pr\u00e1ctica:<\/strong> El c\u00e1lculo mental es una habilidad esencial en la vida cotidiana, desde calcular el cambio en una compra hasta resolver problemas de tiempo y distancia.<\/li>\n<\/ol>\n<h5><strong>Ejercicios de C\u00e1lculo Mental en Formato PDF<\/strong><\/h5>\n<p>Hemos preparado una serie de ejercicios que abarcan sumas, restas, multiplicaciones, y desaf\u00edos num\u00e9ricos espec\u00edficamente dise\u00f1ados para alumnos de preescolar y primaria. Estos ejercicios est\u00e1n disponibles en formato PDF para facilitar su distribuci\u00f3n y uso en el aula.<\/p>\n<h3 style=\"padding-left: 40px;\">Sumas<\/h3>\n<ol>\n<li style=\"list-style-type: none;\">\n<ol>\n<li>2 + 3 =<\/li>\n<li>1 + 4 =<\/li>\n<li>5 + 1 =<\/li>\n<li>3 + 2 =<\/li>\n<li>0 + 6 =<\/li>\n<\/ol>\n<\/li>\n<\/ol>\n<h3 style=\"padding-left: 40px;\">Restas<\/h3>\n<ol>\n<li style=\"list-style-type: none;\">\n<ol>\n<li>5 &#8211; 2 =<\/li>\n<li>4 &#8211; 1 =<\/li>\n<li>3 &#8211; 3 =<\/li>\n<li>6 &#8211; 4 =<\/li>\n<li>2 &#8211; 0 =<\/li>\n<\/ol>\n<\/li>\n<\/ol>\n<h3 style=\"padding-left: 40px;\">Multiplicaciones<\/h3>\n<ol>\n<li style=\"list-style-type: none;\">\n<ol>\n<li>2 x 3 =<\/li>\n<li>4 x 5 =<\/li>\n<li>3 x 2 =<\/li>\n<li>6 x 1 =<\/li>\n<li>0 x 6 =<\/li>\n<\/ol>\n<\/li>\n<\/ol>\n<h3 style=\"padding-left: 40px;\">Desaf\u00edos Num\u00e9ricos<\/h3>\n<ol>\n<li style=\"list-style-type: none;\">\n<ol>\n<li>\u00bfCu\u00e1l es el n\u00famero despu\u00e9s de 7?<\/li>\n<li>\u00bfCu\u00e1l es el n\u00famero antes de 9?<\/li>\n<li>\u00bfCu\u00e1l es el n\u00famero entre 2 y 4?<\/li>\n<li>\u00bfCu\u00e1l es el n\u00famero m\u00e1s grande que 5 pero m\u00e1s peque\u00f1o que 8?<\/li>\n<li>\u00bfCu\u00e1l es el resultado de 3 + 4 &#8211; 2?<\/li>\n<\/ol>\n<\/li>\n<\/ol>\n<h5><strong>C\u00f3mo Utilizar los Ejercicios<\/strong><\/h5>\n<p>Los ejercicios en formato PDF pueden imprimirse y distribuirse a los estudiantes. Tambi\u00e9n pueden proyectarse en el aula para realizar ejercicios en grupo. Se anima a los docentes a incorporar estos ejercicios en la rutina diaria para mejorar las habilidades de c\u00e1lculo mental de los estudiantes.<\/p>\n<h5><strong>Conclusi\u00f3n<\/strong><\/h5>\n<p>El c\u00e1lculo mental es una habilidad esencial en el desarrollo matem\u00e1tico de los estudiantes. Los ejercicios en formato PDF proporcionados aqu\u00ed son una herramienta valiosa para potenciar esta habilidad en alumnos de preescolar y primaria. Al fomentar el c\u00e1lculo mental, estamos preparando a nuestros estudiantes para enfrentar desaf\u00edos matem\u00e1ticos con confianza y agilidad.<\/p>\n<p>&nbsp;<\/p>\n<p><img loading=\"lazy\" decoding=\"async\" class=\"alignnone wp-image-68019 size-large\" src=\"https:\/\/webdelmaestrocmf.com\/portal\/wp-content\/uploads\/2018\/07\/1-5-1024x576.jpeg\" alt=\"c\u00e1lculo mental\" width=\"1024\" height=\"576\" srcset=\"https:\/\/webdelmaestrocmf.com\/portal\/wp-content\/uploads\/2018\/07\/1-5-1024x576.jpeg 1024w, https:\/\/webdelmaestrocmf.com\/portal\/wp-content\/uploads\/2018\/07\/1-5-300x169.jpeg 300w, https:\/\/webdelmaestrocmf.com\/portal\/wp-content\/uploads\/2018\/07\/1-5-768x432.jpeg 768w, https:\/\/webdelmaestrocmf.com\/portal\/wp-content\/uploads\/2018\/07\/1-5-110x62.jpeg 110w, https:\/\/webdelmaestrocmf.com\/portal\/wp-content\/uploads\/2018\/07\/1-5-200x113.jpeg 200w, https:\/\/webdelmaestrocmf.com\/portal\/wp-content\/uploads\/2018\/07\/1-5-380x214.jpeg 380w, https:\/\/webdelmaestrocmf.com\/portal\/wp-content\/uploads\/2018\/07\/1-5-255x143.jpeg 255w, https:\/\/webdelmaestrocmf.com\/portal\/wp-content\/uploads\/2018\/07\/1-5-550x309.jpeg 550w, https:\/\/webdelmaestrocmf.com\/portal\/wp-content\/uploads\/2018\/07\/1-5-800x450.jpeg 800w, https:\/\/webdelmaestrocmf.com\/portal\/wp-content\/uploads\/2018\/07\/1-5-1160x653.jpeg 1160w, https:\/\/webdelmaestrocmf.com\/portal\/wp-content\/uploads\/2018\/07\/1-5-220x124.jpeg 220w, https:\/\/webdelmaestrocmf.com\/portal\/wp-content\/uploads\/2018\/07\/1-5-400x225.jpeg 400w, https:\/\/webdelmaestrocmf.com\/portal\/wp-content\/uploads\/2018\/07\/1-5-760x428.jpeg 760w, https:\/\/webdelmaestrocmf.com\/portal\/wp-content\/uploads\/2018\/07\/1-5-510x287.jpeg 510w, https:\/\/webdelmaestrocmf.com\/portal\/wp-content\/uploads\/2018\/07\/1-5-600x338.jpeg 600w, https:\/\/webdelmaestrocmf.com\/portal\/wp-content\/uploads\/2018\/07\/1-5-1100x619.jpeg 1100w, https:\/\/webdelmaestrocmf.com\/portal\/wp-content\/uploads\/2018\/07\/1-5.jpeg 1440w\" sizes=\"auto, (max-width: 1024px) 100vw, 1024px\" \/> <img loading=\"lazy\" decoding=\"async\" class=\"alignnone size-large wp-image-68020\" src=\"https:\/\/webdelmaestrocmf.com\/portal\/wp-content\/uploads\/2018\/07\/2-1024x576.jpeg\" alt=\"\" width=\"1024\" height=\"576\" srcset=\"https:\/\/webdelmaestrocmf.com\/portal\/wp-content\/uploads\/2018\/07\/2-1024x576.jpeg 1024w, https:\/\/webdelmaestrocmf.com\/portal\/wp-content\/uploads\/2018\/07\/2-300x169.jpeg 300w, https:\/\/webdelmaestrocmf.com\/portal\/wp-content\/uploads\/2018\/07\/2-768x432.jpeg 768w, https:\/\/webdelmaestrocmf.com\/portal\/wp-content\/uploads\/2018\/07\/2-110x62.jpeg 110w, https:\/\/webdelmaestrocmf.com\/portal\/wp-content\/uploads\/2018\/07\/2-200x113.jpeg 200w, https:\/\/webdelmaestrocmf.com\/portal\/wp-content\/uploads\/2018\/07\/2-380x214.jpeg 380w, https:\/\/webdelmaestrocmf.com\/portal\/wp-content\/uploads\/2018\/07\/2-255x143.jpeg 255w, https:\/\/webdelmaestrocmf.com\/portal\/wp-content\/uploads\/2018\/07\/2-550x309.jpeg 550w, https:\/\/webdelmaestrocmf.com\/portal\/wp-content\/uploads\/2018\/07\/2-800x450.jpeg 800w, https:\/\/webdelmaestrocmf.com\/portal\/wp-content\/uploads\/2018\/07\/2-1160x653.jpeg 1160w, https:\/\/webdelmaestrocmf.com\/portal\/wp-content\/uploads\/2018\/07\/2-220x124.jpeg 220w, https:\/\/webdelmaestrocmf.com\/portal\/wp-content\/uploads\/2018\/07\/2-400x225.jpeg 400w, https:\/\/webdelmaestrocmf.com\/portal\/wp-content\/uploads\/2018\/07\/2-760x428.jpeg 760w, https:\/\/webdelmaestrocmf.com\/portal\/wp-content\/uploads\/2018\/07\/2-510x287.jpeg 510w, https:\/\/webdelmaestrocmf.com\/portal\/wp-content\/uploads\/2018\/07\/2-600x338.jpeg 600w, https:\/\/webdelmaestrocmf.com\/portal\/wp-content\/uploads\/2018\/07\/2-1100x619.jpeg 1100w, https:\/\/webdelmaestrocmf.com\/portal\/wp-content\/uploads\/2018\/07\/2.jpeg 1440w\" sizes=\"auto, (max-width: 1024px) 100vw, 1024px\" \/> <img loading=\"lazy\" decoding=\"async\" class=\"alignnone size-large wp-image-68021\" src=\"https:\/\/webdelmaestrocmf.com\/portal\/wp-content\/uploads\/2018\/07\/3-1024x576.jpeg\" alt=\"\" width=\"1024\" height=\"576\" srcset=\"https:\/\/webdelmaestrocmf.com\/portal\/wp-content\/uploads\/2018\/07\/3-1024x576.jpeg 1024w, https:\/\/webdelmaestrocmf.com\/portal\/wp-content\/uploads\/2018\/07\/3-300x169.jpeg 300w, https:\/\/webdelmaestrocmf.com\/portal\/wp-content\/uploads\/2018\/07\/3-768x432.jpeg 768w, https:\/\/webdelmaestrocmf.com\/portal\/wp-content\/uploads\/2018\/07\/3-110x62.jpeg 110w, https:\/\/webdelmaestrocmf.com\/portal\/wp-content\/uploads\/2018\/07\/3-200x113.jpeg 200w, https:\/\/webdelmaestrocmf.com\/portal\/wp-content\/uploads\/2018\/07\/3-380x214.jpeg 380w, https:\/\/webdelmaestrocmf.com\/portal\/wp-content\/uploads\/2018\/07\/3-255x143.jpeg 255w, https:\/\/webdelmaestrocmf.com\/portal\/wp-content\/uploads\/2018\/07\/3-550x309.jpeg 550w, https:\/\/webdelmaestrocmf.com\/portal\/wp-content\/uploads\/2018\/07\/3-800x450.jpeg 800w, https:\/\/webdelmaestrocmf.com\/portal\/wp-content\/uploads\/2018\/07\/3-1160x653.jpeg 1160w, https:\/\/webdelmaestrocmf.com\/portal\/wp-content\/uploads\/2018\/07\/3-220x124.jpeg 220w, https:\/\/webdelmaestrocmf.com\/portal\/wp-content\/uploads\/2018\/07\/3-400x225.jpeg 400w, https:\/\/webdelmaestrocmf.com\/portal\/wp-content\/uploads\/2018\/07\/3-760x428.jpeg 760w, https:\/\/webdelmaestrocmf.com\/portal\/wp-content\/uploads\/2018\/07\/3-510x287.jpeg 510w, https:\/\/webdelmaestrocmf.com\/portal\/wp-content\/uploads\/2018\/07\/3-600x338.jpeg 600w, https:\/\/webdelmaestrocmf.com\/portal\/wp-content\/uploads\/2018\/07\/3-1100x619.jpeg 1100w, https:\/\/webdelmaestrocmf.com\/portal\/wp-content\/uploads\/2018\/07\/3.jpeg 1440w\" sizes=\"auto, (max-width: 1024px) 100vw, 1024px\" \/> <img loading=\"lazy\" decoding=\"async\" class=\"alignnone size-large wp-image-68022\" src=\"https:\/\/webdelmaestrocmf.com\/portal\/wp-content\/uploads\/2018\/07\/4-1024x576.jpeg\" alt=\"\" width=\"1024\" height=\"576\" srcset=\"https:\/\/webdelmaestrocmf.com\/portal\/wp-content\/uploads\/2018\/07\/4-1024x576.jpeg 1024w, https:\/\/webdelmaestrocmf.com\/portal\/wp-content\/uploads\/2018\/07\/4-300x169.jpeg 300w, https:\/\/webdelmaestrocmf.com\/portal\/wp-content\/uploads\/2018\/07\/4-768x432.jpeg 768w, https:\/\/webdelmaestrocmf.com\/portal\/wp-content\/uploads\/2018\/07\/4-110x62.jpeg 110w, https:\/\/webdelmaestrocmf.com\/portal\/wp-content\/uploads\/2018\/07\/4-200x113.jpeg 200w, https:\/\/webdelmaestrocmf.com\/portal\/wp-content\/uploads\/2018\/07\/4-380x214.jpeg 380w, https:\/\/webdelmaestrocmf.com\/portal\/wp-content\/uploads\/2018\/07\/4-255x143.jpeg 255w, https:\/\/webdelmaestrocmf.com\/portal\/wp-content\/uploads\/2018\/07\/4-550x309.jpeg 550w, https:\/\/webdelmaestrocmf.com\/portal\/wp-content\/uploads\/2018\/07\/4-800x450.jpeg 800w, https:\/\/webdelmaestrocmf.com\/portal\/wp-content\/uploads\/2018\/07\/4-1160x653.jpeg 1160w, https:\/\/webdelmaestrocmf.com\/portal\/wp-content\/uploads\/2018\/07\/4-220x124.jpeg 220w, https:\/\/webdelmaestrocmf.com\/portal\/wp-content\/uploads\/2018\/07\/4-400x225.jpeg 400w, https:\/\/webdelmaestrocmf.com\/portal\/wp-content\/uploads\/2018\/07\/4-760x428.jpeg 760w, https:\/\/webdelmaestrocmf.com\/portal\/wp-content\/uploads\/2018\/07\/4-510x287.jpeg 510w, https:\/\/webdelmaestrocmf.com\/portal\/wp-content\/uploads\/2018\/07\/4-600x338.jpeg 600w, https:\/\/webdelmaestrocmf.com\/portal\/wp-content\/uploads\/2018\/07\/4-1100x619.jpeg 1100w, https:\/\/webdelmaestrocmf.com\/portal\/wp-content\/uploads\/2018\/07\/4.jpeg 1440w\" sizes=\"auto, (max-width: 1024px) 100vw, 1024px\" \/> <img loading=\"lazy\" decoding=\"async\" class=\"alignnone size-large wp-image-68023\" src=\"https:\/\/webdelmaestrocmf.com\/portal\/wp-content\/uploads\/2018\/07\/5-1-1024x576.jpeg\" alt=\"\" width=\"1024\" height=\"576\" srcset=\"https:\/\/webdelmaestrocmf.com\/portal\/wp-content\/uploads\/2018\/07\/5-1-1024x576.jpeg 1024w, https:\/\/webdelmaestrocmf.com\/portal\/wp-content\/uploads\/2018\/07\/5-1-300x169.jpeg 300w, https:\/\/webdelmaestrocmf.com\/portal\/wp-content\/uploads\/2018\/07\/5-1-768x432.jpeg 768w, https:\/\/webdelmaestrocmf.com\/portal\/wp-content\/uploads\/2018\/07\/5-1-110x62.jpeg 110w, https:\/\/webdelmaestrocmf.com\/portal\/wp-content\/uploads\/2018\/07\/5-1-200x113.jpeg 200w, https:\/\/webdelmaestrocmf.com\/portal\/wp-content\/uploads\/2018\/07\/5-1-380x214.jpeg 380w, https:\/\/webdelmaestrocmf.com\/portal\/wp-content\/uploads\/2018\/07\/5-1-255x143.jpeg 255w, https:\/\/webdelmaestrocmf.com\/portal\/wp-content\/uploads\/2018\/07\/5-1-550x309.jpeg 550w, https:\/\/webdelmaestrocmf.com\/portal\/wp-content\/uploads\/2018\/07\/5-1-800x450.jpeg 800w, https:\/\/webdelmaestrocmf.com\/portal\/wp-content\/uploads\/2018\/07\/5-1-1160x653.jpeg 1160w, https:\/\/webdelmaestrocmf.com\/portal\/wp-content\/uploads\/2018\/07\/5-1-220x124.jpeg 220w, https:\/\/webdelmaestrocmf.com\/portal\/wp-content\/uploads\/2018\/07\/5-1-400x225.jpeg 400w, https:\/\/webdelmaestrocmf.com\/portal\/wp-content\/uploads\/2018\/07\/5-1-760x428.jpeg 760w, https:\/\/webdelmaestrocmf.com\/portal\/wp-content\/uploads\/2018\/07\/5-1-510x287.jpeg 510w, https:\/\/webdelmaestrocmf.com\/portal\/wp-content\/uploads\/2018\/07\/5-1-600x338.jpeg 600w, https:\/\/webdelmaestrocmf.com\/portal\/wp-content\/uploads\/2018\/07\/5-1-1100x619.jpeg 1100w, https:\/\/webdelmaestrocmf.com\/portal\/wp-content\/uploads\/2018\/07\/5-1.jpeg 1440w\" sizes=\"auto, (max-width: 1024px) 100vw, 1024px\" \/> <img loading=\"lazy\" decoding=\"async\" class=\"alignnone size-large wp-image-68024\" src=\"https:\/\/webdelmaestrocmf.com\/portal\/wp-content\/uploads\/2018\/07\/6-1024x576.jpeg\" alt=\"\" width=\"1024\" height=\"576\" srcset=\"https:\/\/webdelmaestrocmf.com\/portal\/wp-content\/uploads\/2018\/07\/6-1024x576.jpeg 1024w, https:\/\/webdelmaestrocmf.com\/portal\/wp-content\/uploads\/2018\/07\/6-300x169.jpeg 300w, https:\/\/webdelmaestrocmf.com\/portal\/wp-content\/uploads\/2018\/07\/6-768x432.jpeg 768w, https:\/\/webdelmaestrocmf.com\/portal\/wp-content\/uploads\/2018\/07\/6-110x62.jpeg 110w, https:\/\/webdelmaestrocmf.com\/portal\/wp-content\/uploads\/2018\/07\/6-200x113.jpeg 200w, https:\/\/webdelmaestrocmf.com\/portal\/wp-content\/uploads\/2018\/07\/6-380x214.jpeg 380w, https:\/\/webdelmaestrocmf.com\/portal\/wp-content\/uploads\/2018\/07\/6-255x143.jpeg 255w, https:\/\/webdelmaestrocmf.com\/portal\/wp-content\/uploads\/2018\/07\/6-550x309.jpeg 550w, https:\/\/webdelmaestrocmf.com\/portal\/wp-content\/uploads\/2018\/07\/6-800x450.jpeg 800w, https:\/\/webdelmaestrocmf.com\/portal\/wp-content\/uploads\/2018\/07\/6-1160x653.jpeg 1160w, https:\/\/webdelmaestrocmf.com\/portal\/wp-content\/uploads\/2018\/07\/6-220x124.jpeg 220w, https:\/\/webdelmaestrocmf.com\/portal\/wp-content\/uploads\/2018\/07\/6-400x225.jpeg 400w, https:\/\/webdelmaestrocmf.com\/portal\/wp-content\/uploads\/2018\/07\/6-760x428.jpeg 760w, https:\/\/webdelmaestrocmf.com\/portal\/wp-content\/uploads\/2018\/07\/6-510x287.jpeg 510w, https:\/\/webdelmaestrocmf.com\/portal\/wp-content\/uploads\/2018\/07\/6-600x338.jpeg 600w, https:\/\/webdelmaestrocmf.com\/portal\/wp-content\/uploads\/2018\/07\/6-1100x619.jpeg 1100w, https:\/\/webdelmaestrocmf.com\/portal\/wp-content\/uploads\/2018\/07\/6.jpeg 1440w\" sizes=\"auto, (max-width: 1024px) 100vw, 1024px\" \/> <img loading=\"lazy\" decoding=\"async\" class=\"alignnone size-large wp-image-68025\" src=\"https:\/\/webdelmaestrocmf.com\/portal\/wp-content\/uploads\/2018\/07\/7-1024x576.jpeg\" alt=\"\" width=\"1024\" height=\"576\" srcset=\"https:\/\/webdelmaestrocmf.com\/portal\/wp-content\/uploads\/2018\/07\/7-1024x576.jpeg 1024w, https:\/\/webdelmaestrocmf.com\/portal\/wp-content\/uploads\/2018\/07\/7-300x169.jpeg 300w, https:\/\/webdelmaestrocmf.com\/portal\/wp-content\/uploads\/2018\/07\/7-768x432.jpeg 768w, https:\/\/webdelmaestrocmf.com\/portal\/wp-content\/uploads\/2018\/07\/7-110x62.jpeg 110w, https:\/\/webdelmaestrocmf.com\/portal\/wp-content\/uploads\/2018\/07\/7-200x113.jpeg 200w, https:\/\/webdelmaestrocmf.com\/portal\/wp-content\/uploads\/2018\/07\/7-380x214.jpeg 380w, https:\/\/webdelmaestrocmf.com\/portal\/wp-content\/uploads\/2018\/07\/7-255x143.jpeg 255w, https:\/\/webdelmaestrocmf.com\/portal\/wp-content\/uploads\/2018\/07\/7-550x309.jpeg 550w, https:\/\/webdelmaestrocmf.com\/portal\/wp-content\/uploads\/2018\/07\/7-800x450.jpeg 800w, https:\/\/webdelmaestrocmf.com\/portal\/wp-content\/uploads\/2018\/07\/7-1160x653.jpeg 1160w, https:\/\/webdelmaestrocmf.com\/portal\/wp-content\/uploads\/2018\/07\/7-220x124.jpeg 220w, https:\/\/webdelmaestrocmf.com\/portal\/wp-content\/uploads\/2018\/07\/7-400x225.jpeg 400w, https:\/\/webdelmaestrocmf.com\/portal\/wp-content\/uploads\/2018\/07\/7-760x428.jpeg 760w, https:\/\/webdelmaestrocmf.com\/portal\/wp-content\/uploads\/2018\/07\/7-510x287.jpeg 510w, https:\/\/webdelmaestrocmf.com\/portal\/wp-content\/uploads\/2018\/07\/7-600x338.jpeg 600w, https:\/\/webdelmaestrocmf.com\/portal\/wp-content\/uploads\/2018\/07\/7-1100x619.jpeg 1100w, https:\/\/webdelmaestrocmf.com\/portal\/wp-content\/uploads\/2018\/07\/7.jpeg 1440w\" sizes=\"auto, (max-width: 1024px) 100vw, 1024px\" \/> <img loading=\"lazy\" decoding=\"async\" class=\"alignnone size-large wp-image-68026\" src=\"https:\/\/webdelmaestrocmf.com\/portal\/wp-content\/uploads\/2018\/07\/8-1024x576.jpeg\" alt=\"\" width=\"1024\" height=\"576\" srcset=\"https:\/\/webdelmaestrocmf.com\/portal\/wp-content\/uploads\/2018\/07\/8-1024x576.jpeg 1024w, https:\/\/webdelmaestrocmf.com\/portal\/wp-content\/uploads\/2018\/07\/8-300x169.jpeg 300w, https:\/\/webdelmaestrocmf.com\/portal\/wp-content\/uploads\/2018\/07\/8-768x432.jpeg 768w, https:\/\/webdelmaestrocmf.com\/portal\/wp-content\/uploads\/2018\/07\/8-110x62.jpeg 110w, https:\/\/webdelmaestrocmf.com\/portal\/wp-content\/uploads\/2018\/07\/8-200x113.jpeg 200w, https:\/\/webdelmaestrocmf.com\/portal\/wp-content\/uploads\/2018\/07\/8-380x214.jpeg 380w, https:\/\/webdelmaestrocmf.com\/portal\/wp-content\/uploads\/2018\/07\/8-255x143.jpeg 255w, https:\/\/webdelmaestrocmf.com\/portal\/wp-content\/uploads\/2018\/07\/8-550x309.jpeg 550w, https:\/\/webdelmaestrocmf.com\/portal\/wp-content\/uploads\/2018\/07\/8-800x450.jpeg 800w, https:\/\/webdelmaestrocmf.com\/portal\/wp-content\/uploads\/2018\/07\/8-1160x653.jpeg 1160w, https:\/\/webdelmaestrocmf.com\/portal\/wp-content\/uploads\/2018\/07\/8-220x124.jpeg 220w, https:\/\/webdelmaestrocmf.com\/portal\/wp-content\/uploads\/2018\/07\/8-400x225.jpeg 400w, https:\/\/webdelmaestrocmf.com\/portal\/wp-content\/uploads\/2018\/07\/8-760x428.jpeg 760w, https:\/\/webdelmaestrocmf.com\/portal\/wp-content\/uploads\/2018\/07\/8-510x287.jpeg 510w, https:\/\/webdelmaestrocmf.com\/portal\/wp-content\/uploads\/2018\/07\/8-600x338.jpeg 600w, https:\/\/webdelmaestrocmf.com\/portal\/wp-content\/uploads\/2018\/07\/8-1100x619.jpeg 1100w, https:\/\/webdelmaestrocmf.com\/portal\/wp-content\/uploads\/2018\/07\/8.jpeg 1440w\" sizes=\"auto, (max-width: 1024px) 100vw, 1024px\" \/> <img loading=\"lazy\" decoding=\"async\" class=\"alignnone size-large wp-image-68027\" src=\"https:\/\/webdelmaestrocmf.com\/portal\/wp-content\/uploads\/2018\/07\/9-1024x576.jpeg\" alt=\"\" width=\"1024\" height=\"576\" srcset=\"https:\/\/webdelmaestrocmf.com\/portal\/wp-content\/uploads\/2018\/07\/9-1024x576.jpeg 1024w, https:\/\/webdelmaestrocmf.com\/portal\/wp-content\/uploads\/2018\/07\/9-300x169.jpeg 300w, https:\/\/webdelmaestrocmf.com\/portal\/wp-content\/uploads\/2018\/07\/9-768x432.jpeg 768w, https:\/\/webdelmaestrocmf.com\/portal\/wp-content\/uploads\/2018\/07\/9-110x62.jpeg 110w, https:\/\/webdelmaestrocmf.com\/portal\/wp-content\/uploads\/2018\/07\/9-200x113.jpeg 200w, https:\/\/webdelmaestrocmf.com\/portal\/wp-content\/uploads\/2018\/07\/9-380x214.jpeg 380w, https:\/\/webdelmaestrocmf.com\/portal\/wp-content\/uploads\/2018\/07\/9-255x143.jpeg 255w, https:\/\/webdelmaestrocmf.com\/portal\/wp-content\/uploads\/2018\/07\/9-550x309.jpeg 550w, https:\/\/webdelmaestrocmf.com\/portal\/wp-content\/uploads\/2018\/07\/9-800x450.jpeg 800w, https:\/\/webdelmaestrocmf.com\/portal\/wp-content\/uploads\/2018\/07\/9-1160x653.jpeg 1160w, https:\/\/webdelmaestrocmf.com\/portal\/wp-content\/uploads\/2018\/07\/9-220x124.jpeg 220w, https:\/\/webdelmaestrocmf.com\/portal\/wp-content\/uploads\/2018\/07\/9-400x225.jpeg 400w, https:\/\/webdelmaestrocmf.com\/portal\/wp-content\/uploads\/2018\/07\/9-760x428.jpeg 760w, https:\/\/webdelmaestrocmf.com\/portal\/wp-content\/uploads\/2018\/07\/9-510x287.jpeg 510w, https:\/\/webdelmaestrocmf.com\/portal\/wp-content\/uploads\/2018\/07\/9-600x338.jpeg 600w, https:\/\/webdelmaestrocmf.com\/portal\/wp-content\/uploads\/2018\/07\/9-1100x619.jpeg 1100w, https:\/\/webdelmaestrocmf.com\/portal\/wp-content\/uploads\/2018\/07\/9.jpeg 1440w\" sizes=\"auto, (max-width: 1024px) 100vw, 1024px\" \/> <img loading=\"lazy\" decoding=\"async\" class=\"alignnone size-large wp-image-68028\" src=\"https:\/\/webdelmaestrocmf.com\/portal\/wp-content\/uploads\/2018\/07\/10-1024x576.jpeg\" alt=\"\" width=\"1024\" height=\"576\" srcset=\"https:\/\/webdelmaestrocmf.com\/portal\/wp-content\/uploads\/2018\/07\/10-1024x576.jpeg 1024w, https:\/\/webdelmaestrocmf.com\/portal\/wp-content\/uploads\/2018\/07\/10-300x169.jpeg 300w, https:\/\/webdelmaestrocmf.com\/portal\/wp-content\/uploads\/2018\/07\/10-768x432.jpeg 768w, https:\/\/webdelmaestrocmf.com\/portal\/wp-content\/uploads\/2018\/07\/10-110x62.jpeg 110w, https:\/\/webdelmaestrocmf.com\/portal\/wp-content\/uploads\/2018\/07\/10-200x113.jpeg 200w, https:\/\/webdelmaestrocmf.com\/portal\/wp-content\/uploads\/2018\/07\/10-380x214.jpeg 380w, https:\/\/webdelmaestrocmf.com\/portal\/wp-content\/uploads\/2018\/07\/10-255x143.jpeg 255w, https:\/\/webdelmaestrocmf.com\/portal\/wp-content\/uploads\/2018\/07\/10-550x309.jpeg 550w, https:\/\/webdelmaestrocmf.com\/portal\/wp-content\/uploads\/2018\/07\/10-800x450.jpeg 800w, https:\/\/webdelmaestrocmf.com\/portal\/wp-content\/uploads\/2018\/07\/10-1160x653.jpeg 1160w, https:\/\/webdelmaestrocmf.com\/portal\/wp-content\/uploads\/2018\/07\/10-220x124.jpeg 220w, https:\/\/webdelmaestrocmf.com\/portal\/wp-content\/uploads\/2018\/07\/10-400x225.jpeg 400w, https:\/\/webdelmaestrocmf.com\/portal\/wp-content\/uploads\/2018\/07\/10-760x428.jpeg 760w, https:\/\/webdelmaestrocmf.com\/portal\/wp-content\/uploads\/2018\/07\/10-510x287.jpeg 510w, https:\/\/webdelmaestrocmf.com\/portal\/wp-content\/uploads\/2018\/07\/10-600x338.jpeg 600w, https:\/\/webdelmaestrocmf.com\/portal\/wp-content\/uploads\/2018\/07\/10-1100x619.jpeg 1100w, https:\/\/webdelmaestrocmf.com\/portal\/wp-content\/uploads\/2018\/07\/10.jpeg 1440w\" sizes=\"auto, (max-width: 1024px) 100vw, 1024px\" \/><\/p>\n<p style=\"text-align: center;\">Recomendamos a la Comunidad Educativa Digital tener en cuenta que, el enlace y\/o la carpeta en donde est\u00e1n alojados los libros, recursos y\/o materiales, no es administrado por la Web del Maestro CMF, pueda ser que en cuesti\u00f3n de d\u00edas (o seg\u00fan el tiempo transcurrido desde su publicaci\u00f3n), los enlaces no funcionen y el material ya no se encuentre disponible. Gracias por su comprensi\u00f3n.<\/p>\n<h3>ENLACE DE LECTURA:<\/h3>\n<p style=\"text-align: center;\">\u00a1Comparte y as\u00ed m\u00e1s docentes utilizar\u00e1n estos recursos\u00a0gratis! Muchas gracias.<\/p>\n<p style=\"text-align: center;\">ENLACE 1: <a href=\"http:\/\/escuelas.mendoza.gov.ar\/wp-content\/uploads\/sites\/22\/2015\/02\/C%C3%A1lculo-mental-2%C2%B0-ciclo-.pdf\" target=\"_blank\" rel=\"noopener noreferrer\">EJERCICIOS DE C\u00c1LCULO MENTAL PARA PREESCOLAR Y PRIMARIA FORMATO<\/a><br \/>\nENLACE 2: <a href=\"http:\/\/www.scielo.org.mx\/pdf\/relime\/v14n1\/v14n1a2.pdf\" target=\"_blank\" rel=\"noopener noreferrer\">ESTRATEGIAS COGNITIVAS PARA EL C\u00c1LCULO MENTAL<\/a><span style=\"color: #000000;\"><strong><br \/>\n<\/strong><\/span><\/p>\n\t\t<div class=\"pk-inline-posts\">\n\t\t\t\n\t\t\t<div class=\"pk-inline-posts-container pk-inline-posts-template-list\"\n\t\t\t\tdata-columns=\"1\">\n\t\t\t\t\t\t<article id=\"post-97826\" class=\"post-97826 post type-post status-publish format-standard has-post-thumbnail category-cuadernillos category-fichas category-razonamiento category-pedagogia tag-cuadernillos tag-fichas tag-oraciones-incompletas tag-trabajar-razonamiento tag-verbal cs-entry cs-video-wrap\">\n\t\t\t<div class=\"pk-post-outer\">\n\n\t\t\t\t\t\t\t\t<div class=\"pk-post-inner\">\n\t\t\t\t\t<div class=\"entry-thumbnail\">\n\t\t\t\t\t\t<div class=\"pk-overlay pk-overlay-ratio pk-ratio-landscape\">\n\t\t\t\t\t\t\t<div class=\"pk-overlay-background\">\n\t\t\t\t\t\t\t\t<a href=\"https:\/\/webdelmaestrocmf.com\/portal\/cuadernillos-y-fichas-para-trabajar-razonamiento-verbal-con-oraciones-incompletas-1o-al-6o-de-primaria\/\" class=\"pk-overlay-link\">\n\t\t\t\t\t\t\t\t\t<img loading=\"lazy\" decoding=\"async\" width=\"300\" height=\"225\" src=\"https:\/\/webdelmaestrocmf.com\/portal\/wp-content\/uploads\/2023\/10\/A12B3C4D-17-2-300x225.jpg\" class=\"attachment-pk-thumbnail size-pk-thumbnail wp-post-image\" alt=\"oraciones incompletas\" \/>\t\t\t\t\t\t\t\t<\/a>\n\t\t\t\t\t\t\t<\/div>\n\t\t\t\t\t\t<\/div>\n\t\t\t\t\t<\/div>\n\t\t\t\t<\/div>\n\t\t\t\t\n\t\t\t\t<div class=\"pk-post-inner\">\n\t\t\t\t\t<header>\n\t\t\t\t\t\t<h3 class=\"pk-title\"><a href=\"https:\/\/webdelmaestrocmf.com\/portal\/cuadernillos-y-fichas-para-trabajar-razonamiento-verbal-con-oraciones-incompletas-1o-al-6o-de-primaria\/\" rel=\"bookmark\">Cuadernillos y fichas oraciones incompletas: 1\u00ba al 6\u00ba<\/a><\/h3>\t\t\t\t\t<\/header><!-- .entry-header -->\n\t\t\t\t<\/div><!-- .post-inner -->\n\n\t\t\t<\/div><!-- .post-outer -->\n\t\t<\/article>\n\t\t\t<article id=\"post-96975\" class=\"post-96975 post type-post status-publish format-standard has-post-thumbnail category-cuadernillos category-razonamiento category-pedagogia tag-cuadernillos tag-grados tag-primaria tag-razonamiento tag-todos tag-verbal cs-entry cs-video-wrap\">\n\t\t\t<div class=\"pk-post-outer\">\n\n\t\t\t\t\t\t\t\t<div class=\"pk-post-inner\">\n\t\t\t\t\t<div class=\"entry-thumbnail\">\n\t\t\t\t\t\t<div class=\"pk-overlay pk-overlay-ratio pk-ratio-landscape\">\n\t\t\t\t\t\t\t<div class=\"pk-overlay-background\">\n\t\t\t\t\t\t\t\t<a href=\"https:\/\/webdelmaestrocmf.com\/portal\/cuadernillos-de-razonamiento-verbal-para-todos-los-grados-primaria\/\" class=\"pk-overlay-link\">\n\t\t\t\t\t\t\t\t\t<img loading=\"lazy\" decoding=\"async\" width=\"300\" height=\"225\" src=\"https:\/\/webdelmaestrocmf.com\/portal\/wp-content\/uploads\/2023\/10\/A12B3C4D-21-300x225.jpg\" class=\"attachment-pk-thumbnail size-pk-thumbnail wp-post-image\" alt=\"razonamiento verbal\" \/>\t\t\t\t\t\t\t\t<\/a>\n\t\t\t\t\t\t\t<\/div>\n\t\t\t\t\t\t<\/div>\n\t\t\t\t\t<\/div>\n\t\t\t\t<\/div>\n\t\t\t\t\n\t\t\t\t<div class=\"pk-post-inner\">\n\t\t\t\t\t<header>\n\t\t\t\t\t\t<h3 class=\"pk-title\"><a href=\"https:\/\/webdelmaestrocmf.com\/portal\/cuadernillos-de-razonamiento-verbal-para-todos-los-grados-primaria\/\" rel=\"bookmark\">Cuadernillos de razonamiento verbal para todos los grados primaria<\/a><\/h3>\t\t\t\t\t<\/header><!-- .entry-header -->\n\t\t\t\t<\/div><!-- .post-inner -->\n\n\t\t\t<\/div><!-- .post-outer -->\n\t\t<\/article>\n\t\t\t<article id=\"post-32453\" class=\"post-32453 post type-post status-publish format-standard has-post-thumbnail category-razonamiento category-pedagogia tag-desarrollar tag-logico tag-matematico tag-ninos tag-pensamiento cs-entry cs-video-wrap\">\n\t\t\t<div class=\"pk-post-outer\">\n\n\t\t\t\t\t\t\t\t<div class=\"pk-post-inner\">\n\t\t\t\t\t<div class=\"entry-thumbnail\">\n\t\t\t\t\t\t<div class=\"pk-overlay pk-overlay-ratio pk-ratio-landscape\">\n\t\t\t\t\t\t\t<div class=\"pk-overlay-background\">\n\t\t\t\t\t\t\t\t<a href=\"https:\/\/webdelmaestrocmf.com\/portal\/como-desarrollar-el-pensamiento-logico-matematico-en-los-ninos\/\" class=\"pk-overlay-link\">\n\t\t\t\t\t\t\t\t\t<img loading=\"lazy\" decoding=\"async\" width=\"300\" height=\"225\" src=\"https:\/\/webdelmaestrocmf.com\/portal\/wp-content\/uploads\/2018\/10\/A-copia-1-300x225.jpg\" class=\"attachment-pk-thumbnail size-pk-thumbnail wp-post-image\" alt=\"ni\u00f1os\" srcset=\"https:\/\/webdelmaestrocmf.com\/portal\/wp-content\/uploads\/2018\/10\/A-copia-1-300x225.jpg 300w, https:\/\/webdelmaestrocmf.com\/portal\/wp-content\/uploads\/2018\/10\/A-copia-1-600x450.jpg 600w\" sizes=\"auto, (max-width: 300px) 100vw, 300px\" \/>\t\t\t\t\t\t\t\t<\/a>\n\t\t\t\t\t\t\t<\/div>\n\t\t\t\t\t\t<\/div>\n\t\t\t\t\t<\/div>\n\t\t\t\t<\/div>\n\t\t\t\t\n\t\t\t\t<div class=\"pk-post-inner\">\n\t\t\t\t\t<header>\n\t\t\t\t\t\t<h3 class=\"pk-title\"><a href=\"https:\/\/webdelmaestrocmf.com\/portal\/como-desarrollar-el-pensamiento-logico-matematico-en-los-ninos\/\" rel=\"bookmark\">C\u00f3mo desarrollar el pensamiento l\u00f3gico matem\u00e1tico en los ni\u00f1os<\/a><\/h3>\t\t\t\t\t<\/header><!-- .entry-header -->\n\t\t\t\t<\/div><!-- .post-inner -->\n\n\t\t\t<\/div><!-- .post-outer -->\n\t\t<\/article>\n\t\t\t\t<\/div>\n\t\t<\/div>\n\t\t\n","protected":false},"excerpt":{"rendered":"Del c\u00e1lculo mental (CM) perdi\u00f3 su papel primordial debido a la llegada de las calculadoras, las computadoras y&hellip;","protected":false},"author":1,"featured_media":68030,"comment_status":"open","ping_status":"closed","sticky":false,"template":"","format":"standard","meta":{"csco_display_header_overlay":false,"csco_singular_sidebar":"default","csco_page_header_type":"default","csco_page_load_nextpost":"default","csco_post_video_location":[],"csco_post_video_location_hash":"","csco_post_video_url":"","csco_post_video_bg_start_time":0,"csco_post_video_bg_end_time":0,"csco_post_video_bg_volume":false,"_jetpack_memberships_contains_paid_content":false,"footnotes":""},"categories":[3040,735],"tags":[20935,20936,20928,20929,3670,13660,20937,16760,18040,20150,13866,18980,17248,3044,20934,20926,20930,17460,20927,15256,20164,20163,20162,18933,20931,577,19199,3671,20932,20933,2587,16426,3672,14756],"class_list":{"0":"post-29380","1":"post","2":"type-post","3":"status-publish","4":"format-standard","5":"has-post-thumbnail","7":"category-razonamiento","8":"category-pedagogia","9":"tag-actividades-de-calculo","10":"tag-actividades-para-el-aula","11":"tag-agilidad-mental","12":"tag-aprendizaje-matematico","13":"tag-calculo","14":"tag-calculo-mental","15":"tag-calculo-rapido","16":"tag-desarrollo-cognitivo","17":"tag-desarrollo-de-competencias","18":"tag-desarrollo-matematico","19":"tag-educacion-basica","20":"tag-educacion-preescolar","21":"tag-educacion-primaria","22":"tag-ejercicios","23":"tag-ejercicios-diarios","24":"tag-ejercicios-matematicos","25":"tag-ensenanza-de-matematicas","26":"tag-estimulacion-cognitiva","27":"tag-estrategias-de-calculo","28":"tag-estrategias-de-ensenanza","29":"tag-habilidades-de-multiplicacion","30":"tag-habilidades-de-resta","31":"tag-habilidades-de-suma","32":"tag-habilidades-numericas","33":"tag-hojas-de-ejercicios","34":"tag-matematicas","35":"tag-mejora-de-habilidades","36":"tag-mental","37":"tag-pdf-educativo","38":"tag-practica-matematica","39":"tag-primaria","40":"tag-recursos-educativos","41":"tag-reescolar","42":"tag-resolucion-de-problemas","43":"cs-entry","44":"cs-video-wrap"},"yoast_head":"<!-- This site is optimized with the Yoast SEO plugin v27.5 - https:\/\/yoast.com\/product\/yoast-seo-wordpress\/ -->\n<title>Ejercicios de c\u00e1lculo mental para preescolar y primaria formato PDF<\/title>\n<meta name=\"description\" content=\"Del c\u00e1lculo mental (CM) perdi\u00f3 su papel primordial debido a la llegada de las calculadoras, las computadoras y los tel\u00e9fonos...\" \/>\n<meta name=\"robots\" content=\"index, follow, max-snippet:-1, max-image-preview:large, max-video-preview:-1\" \/>\n<link rel=\"canonical\" href=\"https:\/\/webdelmaestrocmf.com\/portal\/ejercicios-de-calculo-mental-para-preescolar-y-primaria-formato-pdf\/\" \/>\n<meta property=\"og:locale\" content=\"es_ES\" \/>\n<meta property=\"og:type\" content=\"article\" \/>\n<meta property=\"og:title\" content=\"Ejercicios de c\u00e1lculo mental para preescolar y primaria formato PDF\" \/>\n<meta property=\"og:description\" content=\"Del c\u00e1lculo mental (CM) perdi\u00f3 su papel primordial debido a la llegada de las calculadoras, las computadoras y los tel\u00e9fonos...\" \/>\n<meta property=\"og:url\" content=\"https:\/\/webdelmaestrocmf.com\/portal\/ejercicios-de-calculo-mental-para-preescolar-y-primaria-formato-pdf\/\" \/>\n<meta property=\"og:site_name\" content=\"Web del Maestro CMF\" \/>\n<meta property=\"article:publisher\" content=\"https:\/\/www.facebook.com\/WebdelMaestroCMF\/\" \/>\n<meta property=\"article:author\" content=\"https:\/\/www.facebook.com\/WebdelMaestroCMF\/\" \/>\n<meta property=\"article:published_time\" content=\"2021-07-24T00:11:59+00:00\" \/>\n<meta property=\"article:modified_time\" content=\"2023-09-19T20:25:58+00:00\" \/>\n<meta property=\"og:image\" content=\"https:\/\/i0.wp.com\/webdelmaestrocmf.com\/portal\/wp-content\/uploads\/2018\/07\/1-173.jpg?fit=1100%2C680&ssl=1\" \/>\n\t<meta property=\"og:image:width\" content=\"1100\" \/>\n\t<meta property=\"og:image:height\" content=\"680\" \/>\n\t<meta property=\"og:image:type\" content=\"image\/jpeg\" \/>\n<meta name=\"author\" content=\"Web del Maestro CMF\" \/>\n<meta name=\"twitter:card\" content=\"summary_large_image\" \/>\n<meta name=\"twitter:creator\" content=\"@cmf_w\" \/>\n<meta name=\"twitter:site\" content=\"@cmf_w\" \/>\n<script type=\"application\/ld+json\" class=\"yoast-schema-graph\">{\"@context\":\"https:\\\/\\\/schema.org\",\"@graph\":[{\"@type\":\"ScholarlyArticle\",\"@id\":\"https:\\\/\\\/webdelmaestrocmf.com\\\/portal\\\/ejercicios-de-calculo-mental-para-preescolar-y-primaria-formato-pdf\\\/#article\",\"isPartOf\":{\"@id\":\"https:\\\/\\\/webdelmaestrocmf.com\\\/portal\\\/ejercicios-de-calculo-mental-para-preescolar-y-primaria-formato-pdf\\\/\"},\"author\":{\"name\":\"Web del Maestro CMF\",\"@id\":\"https:\\\/\\\/webdelmaestrocmf.com\\\/portal\\\/#\\\/schema\\\/person\\\/1072a2ed7bd960df8ef99a551fa35dc5\"},\"headline\":\"Ejercicios de c\u00e1lculo mental para preescolar y primaria\",\"datePublished\":\"2021-07-24T00:11:59+00:00\",\"dateModified\":\"2023-09-19T20:25:58+00:00\",\"mainEntityOfPage\":{\"@id\":\"https:\\\/\\\/webdelmaestrocmf.com\\\/portal\\\/ejercicios-de-calculo-mental-para-preescolar-y-primaria-formato-pdf\\\/\"},\"wordCount\":730,\"commentCount\":0,\"publisher\":{\"@id\":\"https:\\\/\\\/webdelmaestrocmf.com\\\/portal\\\/#organization\"},\"image\":{\"@id\":\"https:\\\/\\\/webdelmaestrocmf.com\\\/portal\\\/ejercicios-de-calculo-mental-para-preescolar-y-primaria-formato-pdf\\\/#primaryimage\"},\"thumbnailUrl\":\"https:\\\/\\\/webdelmaestrocmf.com\\\/portal\\\/wp-content\\\/uploads\\\/2018\\\/07\\\/1-173.jpg\",\"keywords\":[\"Actividades de C\u00e1lculo\",\"Actividades para el Aula\",\"Agilidad Mental\",\"Aprendizaje Matem\u00e1tico\",\"C\u00c1LCULO\",\"c\u00e1lculo mental\",\"C\u00e1lculo R\u00e1pido\",\"desarrollo cognitivo\",\"desarrollo de competencias\",\"Desarrollo matem\u00e1tico\",\"Educaci\u00f3n B\u00e1sica\",\"Educaci\u00f3n preescolar\",\"educaci\u00f3n primaria\",\"EJERCICIOS\",\"Ejercicios Diarios\",\"Ejercicios Matem\u00e1ticos\",\"Ense\u00f1anza de Matem\u00e1ticas\",\"Estimulaci\u00f3n cognitiva\",\"Estrategias de C\u00e1lculo\",\"estrategias de ense\u00f1anza\",\"Habilidades de multiplicaci\u00f3n\",\"Habilidades de resta\",\"Habilidades de suma\",\"Habilidades Num\u00e9ricas\",\"Hojas de Ejercicios\",\"matem\u00e1ticas\",\"Mejora de habilidades\",\"MENTAL\",\"PDF Educativo\",\"Pr\u00e1ctica Matem\u00e1tica\",\"PRIMARIA\",\"Recursos Educativos\",\"REESCOLAR\",\"resoluci\u00f3n de problemas\"],\"articleSection\":[\"Razonamiento\",\"Recursos\"],\"inLanguage\":\"es\",\"potentialAction\":[{\"@type\":\"CommentAction\",\"name\":\"Comment\",\"target\":[\"https:\\\/\\\/webdelmaestrocmf.com\\\/portal\\\/ejercicios-de-calculo-mental-para-preescolar-y-primaria-formato-pdf\\\/#respond\"]}]},{\"@type\":\"WebPage\",\"@id\":\"https:\\\/\\\/webdelmaestrocmf.com\\\/portal\\\/ejercicios-de-calculo-mental-para-preescolar-y-primaria-formato-pdf\\\/\",\"url\":\"https:\\\/\\\/webdelmaestrocmf.com\\\/portal\\\/ejercicios-de-calculo-mental-para-preescolar-y-primaria-formato-pdf\\\/\",\"name\":\"Ejercicios de c\u00e1lculo mental para preescolar y primaria formato PDF\",\"isPartOf\":{\"@id\":\"https:\\\/\\\/webdelmaestrocmf.com\\\/portal\\\/#website\"},\"primaryImageOfPage\":{\"@id\":\"https:\\\/\\\/webdelmaestrocmf.com\\\/portal\\\/ejercicios-de-calculo-mental-para-preescolar-y-primaria-formato-pdf\\\/#primaryimage\"},\"image\":{\"@id\":\"https:\\\/\\\/webdelmaestrocmf.com\\\/portal\\\/ejercicios-de-calculo-mental-para-preescolar-y-primaria-formato-pdf\\\/#primaryimage\"},\"thumbnailUrl\":\"https:\\\/\\\/webdelmaestrocmf.com\\\/portal\\\/wp-content\\\/uploads\\\/2018\\\/07\\\/1-173.jpg\",\"datePublished\":\"2021-07-24T00:11:59+00:00\",\"dateModified\":\"2023-09-19T20:25:58+00:00\",\"description\":\"Del c\u00e1lculo mental (CM) perdi\u00f3 su papel primordial debido a la llegada de las calculadoras, las computadoras y los tel\u00e9fonos...\",\"breadcrumb\":{\"@id\":\"https:\\\/\\\/webdelmaestrocmf.com\\\/portal\\\/ejercicios-de-calculo-mental-para-preescolar-y-primaria-formato-pdf\\\/#breadcrumb\"},\"inLanguage\":\"es\",\"potentialAction\":[{\"@type\":\"ReadAction\",\"target\":[\"https:\\\/\\\/webdelmaestrocmf.com\\\/portal\\\/ejercicios-de-calculo-mental-para-preescolar-y-primaria-formato-pdf\\\/\"]}]},{\"@type\":\"ImageObject\",\"inLanguage\":\"es\",\"@id\":\"https:\\\/\\\/webdelmaestrocmf.com\\\/portal\\\/ejercicios-de-calculo-mental-para-preescolar-y-primaria-formato-pdf\\\/#primaryimage\",\"url\":\"https:\\\/\\\/webdelmaestrocmf.com\\\/portal\\\/wp-content\\\/uploads\\\/2018\\\/07\\\/1-173.jpg\",\"contentUrl\":\"https:\\\/\\\/webdelmaestrocmf.com\\\/portal\\\/wp-content\\\/uploads\\\/2018\\\/07\\\/1-173.jpg\",\"width\":1100,\"height\":680},{\"@type\":\"BreadcrumbList\",\"@id\":\"https:\\\/\\\/webdelmaestrocmf.com\\\/portal\\\/ejercicios-de-calculo-mental-para-preescolar-y-primaria-formato-pdf\\\/#breadcrumb\",\"itemListElement\":[{\"@type\":\"ListItem\",\"position\":1,\"name\":\"Portada\",\"item\":\"https:\\\/\\\/webdelmaestrocmf.com\\\/portal\\\/\"},{\"@type\":\"ListItem\",\"position\":2,\"name\":\"Recursos\",\"item\":\"https:\\\/\\\/webdelmaestrocmf.com\\\/portal\\\/category\\\/pedagogia\\\/\"},{\"@type\":\"ListItem\",\"position\":3,\"name\":\"Ejercicios de c\u00e1lculo mental para preescolar y primaria\"}]},{\"@type\":\"WebSite\",\"@id\":\"https:\\\/\\\/webdelmaestrocmf.com\\\/portal\\\/#website\",\"url\":\"https:\\\/\\\/webdelmaestrocmf.com\\\/portal\\\/\",\"name\":\"Web del Maestro CMF\",\"description\":\"Maestros al servicio de la educaci\u00f3n\",\"publisher\":{\"@id\":\"https:\\\/\\\/webdelmaestrocmf.com\\\/portal\\\/#organization\"},\"alternateName\":\"WMCMF\",\"potentialAction\":[{\"@type\":\"SearchAction\",\"target\":{\"@type\":\"EntryPoint\",\"urlTemplate\":\"https:\\\/\\\/webdelmaestrocmf.com\\\/portal\\\/?s={search_term_string}\"},\"query-input\":{\"@type\":\"PropertyValueSpecification\",\"valueRequired\":true,\"valueName\":\"search_term_string\"}}],\"inLanguage\":\"es\"},{\"@type\":\"Organization\",\"@id\":\"https:\\\/\\\/webdelmaestrocmf.com\\\/portal\\\/#organization\",\"name\":\"Web del Maestro CMF\",\"alternateName\":\"WMCMF\",\"url\":\"https:\\\/\\\/webdelmaestrocmf.com\\\/portal\\\/\",\"logo\":{\"@type\":\"ImageObject\",\"inLanguage\":\"es\",\"@id\":\"https:\\\/\\\/webdelmaestrocmf.com\\\/portal\\\/#\\\/schema\\\/logo\\\/image\\\/\",\"url\":\"https:\\\/\\\/webdelmaestrocmf.com\\\/portal\\\/wp-content\\\/uploads\\\/2023\\\/01\\\/logo-wmcmf-2.png\",\"contentUrl\":\"https:\\\/\\\/webdelmaestrocmf.com\\\/portal\\\/wp-content\\\/uploads\\\/2023\\\/01\\\/logo-wmcmf-2.png\",\"width\":200,\"height\":60,\"caption\":\"Web del Maestro CMF\"},\"image\":{\"@id\":\"https:\\\/\\\/webdelmaestrocmf.com\\\/portal\\\/#\\\/schema\\\/logo\\\/image\\\/\"},\"sameAs\":[\"https:\\\/\\\/www.facebook.com\\\/WebdelMaestroCMF\\\/\",\"https:\\\/\\\/x.com\\\/cmf_w\",\"https:\\\/\\\/www.pinterest.com\\\/WMCMF\\\/\",\"https:\\\/\\\/www.linkedin.com\\\/company\\\/web-del-maestro-cmf\\\/\",\"https:\\\/\\\/www.instagram.com\\\/wmcmf\\\/\",\"https:\\\/\\\/www.youtube.com\\\/channel\\\/UCDPSvjbdodE5sHnC3OxutHw\",\"https:\\\/\\\/mastodon.social\\\/@wmcmf\",\"https:\\\/\\\/www.tiktok.com\\\/@webdelmaestrocmf\"]},{\"@type\":\"Person\",\"@id\":\"https:\\\/\\\/webdelmaestrocmf.com\\\/portal\\\/#\\\/schema\\\/person\\\/1072a2ed7bd960df8ef99a551fa35dc5\",\"name\":\"Web del Maestro CMF\",\"image\":{\"@type\":\"ImageObject\",\"inLanguage\":\"es\",\"@id\":\"https:\\\/\\\/secure.gravatar.com\\\/avatar\\\/23291dd5b5ae1077dcff3dbb04c3e02bd28403fa75af6d8787d5e97c5bbbe30b?s=96&d=mm&r=g\",\"url\":\"https:\\\/\\\/secure.gravatar.com\\\/avatar\\\/23291dd5b5ae1077dcff3dbb04c3e02bd28403fa75af6d8787d5e97c5bbbe30b?s=96&d=mm&r=g\",\"contentUrl\":\"https:\\\/\\\/secure.gravatar.com\\\/avatar\\\/23291dd5b5ae1077dcff3dbb04c3e02bd28403fa75af6d8787d5e97c5bbbe30b?s=96&d=mm&r=g\",\"caption\":\"Web del Maestro CMF\"},\"description\":\"Esta Web se cre\u00f3 sin fines de lucro, con fines educativos, cient\u00edficos y acad\u00e9micos, para personas que tengan dificultades y\\\/o inconvenientes en visualizar el material original. El objetivo es entregar recursos, compartir experiencias y materiales que ayuden a los padres de familia, maestros y estudiantes en su actualizaci\u00f3n y formaci\u00f3n permanente, en bien de la Educaci\u00f3n.\",\"sameAs\":[\"http:\\\/\\\/webdelmaestrocmf.com\\\/portal\",\"https:\\\/\\\/www.facebook.com\\\/WebdelMaestroCMF\\\/\",\"https:\\\/\\\/www.instagram.com\\\/wmcmf\\\/\",\"https:\\\/\\\/cl.linkedin.com\\\/company\\\/web-del-maestro-cmf\",\"https:\\\/\\\/www.pinterest.com\\\/WMCMF\\\/publicaciones\\\/\",\"https:\\\/\\\/x.com\\\/cmf_w\",\"https:\\\/\\\/www.youtube.com\\\/@WMCMF\"]}]}<\/script>\n<!-- \/ Yoast SEO plugin. -->","yoast_head_json":{"title":"Ejercicios de c\u00e1lculo mental para preescolar y primaria formato PDF","description":"Del c\u00e1lculo mental (CM) perdi\u00f3 su papel primordial debido a la llegada de las calculadoras, las computadoras y los tel\u00e9fonos...","robots":{"index":"index","follow":"follow","max-snippet":"max-snippet:-1","max-image-preview":"max-image-preview:large","max-video-preview":"max-video-preview:-1"},"canonical":"https:\/\/webdelmaestrocmf.com\/portal\/ejercicios-de-calculo-mental-para-preescolar-y-primaria-formato-pdf\/","og_locale":"es_ES","og_type":"article","og_title":"Ejercicios de c\u00e1lculo mental para preescolar y primaria formato PDF","og_description":"Del c\u00e1lculo mental (CM) perdi\u00f3 su papel primordial debido a la llegada de las calculadoras, las computadoras y los tel\u00e9fonos...","og_url":"https:\/\/webdelmaestrocmf.com\/portal\/ejercicios-de-calculo-mental-para-preescolar-y-primaria-formato-pdf\/","og_site_name":"Web del Maestro CMF","article_publisher":"https:\/\/www.facebook.com\/WebdelMaestroCMF\/","article_author":"https:\/\/www.facebook.com\/WebdelMaestroCMF\/","article_published_time":"2021-07-24T00:11:59+00:00","article_modified_time":"2023-09-19T20:25:58+00:00","og_image":[{"width":1100,"height":680,"url":"https:\/\/i0.wp.com\/webdelmaestrocmf.com\/portal\/wp-content\/uploads\/2018\/07\/1-173.jpg?fit=1100%2C680&ssl=1","type":"image\/jpeg"}],"author":"Web del Maestro CMF","twitter_card":"summary_large_image","twitter_creator":"@cmf_w","twitter_site":"@cmf_w","schema":{"@context":"https:\/\/schema.org","@graph":[{"@type":"ScholarlyArticle","@id":"https:\/\/webdelmaestrocmf.com\/portal\/ejercicios-de-calculo-mental-para-preescolar-y-primaria-formato-pdf\/#article","isPartOf":{"@id":"https:\/\/webdelmaestrocmf.com\/portal\/ejercicios-de-calculo-mental-para-preescolar-y-primaria-formato-pdf\/"},"author":{"name":"Web del Maestro CMF","@id":"https:\/\/webdelmaestrocmf.com\/portal\/#\/schema\/person\/1072a2ed7bd960df8ef99a551fa35dc5"},"headline":"Ejercicios de c\u00e1lculo mental para preescolar y primaria","datePublished":"2021-07-24T00:11:59+00:00","dateModified":"2023-09-19T20:25:58+00:00","mainEntityOfPage":{"@id":"https:\/\/webdelmaestrocmf.com\/portal\/ejercicios-de-calculo-mental-para-preescolar-y-primaria-formato-pdf\/"},"wordCount":730,"commentCount":0,"publisher":{"@id":"https:\/\/webdelmaestrocmf.com\/portal\/#organization"},"image":{"@id":"https:\/\/webdelmaestrocmf.com\/portal\/ejercicios-de-calculo-mental-para-preescolar-y-primaria-formato-pdf\/#primaryimage"},"thumbnailUrl":"https:\/\/webdelmaestrocmf.com\/portal\/wp-content\/uploads\/2018\/07\/1-173.jpg","keywords":["Actividades de C\u00e1lculo","Actividades para el Aula","Agilidad Mental","Aprendizaje Matem\u00e1tico","C\u00c1LCULO","c\u00e1lculo mental","C\u00e1lculo R\u00e1pido","desarrollo cognitivo","desarrollo de competencias","Desarrollo matem\u00e1tico","Educaci\u00f3n B\u00e1sica","Educaci\u00f3n preescolar","educaci\u00f3n primaria","EJERCICIOS","Ejercicios Diarios","Ejercicios Matem\u00e1ticos","Ense\u00f1anza de Matem\u00e1ticas","Estimulaci\u00f3n cognitiva","Estrategias de C\u00e1lculo","estrategias de ense\u00f1anza","Habilidades de multiplicaci\u00f3n","Habilidades de resta","Habilidades de suma","Habilidades Num\u00e9ricas","Hojas de Ejercicios","matem\u00e1ticas","Mejora de habilidades","MENTAL","PDF Educativo","Pr\u00e1ctica Matem\u00e1tica","PRIMARIA","Recursos Educativos","REESCOLAR","resoluci\u00f3n de problemas"],"articleSection":["Razonamiento","Recursos"],"inLanguage":"es","potentialAction":[{"@type":"CommentAction","name":"Comment","target":["https:\/\/webdelmaestrocmf.com\/portal\/ejercicios-de-calculo-mental-para-preescolar-y-primaria-formato-pdf\/#respond"]}]},{"@type":"WebPage","@id":"https:\/\/webdelmaestrocmf.com\/portal\/ejercicios-de-calculo-mental-para-preescolar-y-primaria-formato-pdf\/","url":"https:\/\/webdelmaestrocmf.com\/portal\/ejercicios-de-calculo-mental-para-preescolar-y-primaria-formato-pdf\/","name":"Ejercicios de c\u00e1lculo mental para preescolar y primaria formato PDF","isPartOf":{"@id":"https:\/\/webdelmaestrocmf.com\/portal\/#website"},"primaryImageOfPage":{"@id":"https:\/\/webdelmaestrocmf.com\/portal\/ejercicios-de-calculo-mental-para-preescolar-y-primaria-formato-pdf\/#primaryimage"},"image":{"@id":"https:\/\/webdelmaestrocmf.com\/portal\/ejercicios-de-calculo-mental-para-preescolar-y-primaria-formato-pdf\/#primaryimage"},"thumbnailUrl":"https:\/\/webdelmaestrocmf.com\/portal\/wp-content\/uploads\/2018\/07\/1-173.jpg","datePublished":"2021-07-24T00:11:59+00:00","dateModified":"2023-09-19T20:25:58+00:00","description":"Del c\u00e1lculo mental (CM) perdi\u00f3 su papel primordial debido a la llegada de las calculadoras, las computadoras y los tel\u00e9fonos...","breadcrumb":{"@id":"https:\/\/webdelmaestrocmf.com\/portal\/ejercicios-de-calculo-mental-para-preescolar-y-primaria-formato-pdf\/#breadcrumb"},"inLanguage":"es","potentialAction":[{"@type":"ReadAction","target":["https:\/\/webdelmaestrocmf.com\/portal\/ejercicios-de-calculo-mental-para-preescolar-y-primaria-formato-pdf\/"]}]},{"@type":"ImageObject","inLanguage":"es","@id":"https:\/\/webdelmaestrocmf.com\/portal\/ejercicios-de-calculo-mental-para-preescolar-y-primaria-formato-pdf\/#primaryimage","url":"https:\/\/webdelmaestrocmf.com\/portal\/wp-content\/uploads\/2018\/07\/1-173.jpg","contentUrl":"https:\/\/webdelmaestrocmf.com\/portal\/wp-content\/uploads\/2018\/07\/1-173.jpg","width":1100,"height":680},{"@type":"BreadcrumbList","@id":"https:\/\/webdelmaestrocmf.com\/portal\/ejercicios-de-calculo-mental-para-preescolar-y-primaria-formato-pdf\/#breadcrumb","itemListElement":[{"@type":"ListItem","position":1,"name":"Portada","item":"https:\/\/webdelmaestrocmf.com\/portal\/"},{"@type":"ListItem","position":2,"name":"Recursos","item":"https:\/\/webdelmaestrocmf.com\/portal\/category\/pedagogia\/"},{"@type":"ListItem","position":3,"name":"Ejercicios de c\u00e1lculo mental para preescolar y primaria"}]},{"@type":"WebSite","@id":"https:\/\/webdelmaestrocmf.com\/portal\/#website","url":"https:\/\/webdelmaestrocmf.com\/portal\/","name":"Web del Maestro CMF","description":"Maestros al servicio de la educaci\u00f3n","publisher":{"@id":"https:\/\/webdelmaestrocmf.com\/portal\/#organization"},"alternateName":"WMCMF","potentialAction":[{"@type":"SearchAction","target":{"@type":"EntryPoint","urlTemplate":"https:\/\/webdelmaestrocmf.com\/portal\/?s={search_term_string}"},"query-input":{"@type":"PropertyValueSpecification","valueRequired":true,"valueName":"search_term_string"}}],"inLanguage":"es"},{"@type":"Organization","@id":"https:\/\/webdelmaestrocmf.com\/portal\/#organization","name":"Web del Maestro CMF","alternateName":"WMCMF","url":"https:\/\/webdelmaestrocmf.com\/portal\/","logo":{"@type":"ImageObject","inLanguage":"es","@id":"https:\/\/webdelmaestrocmf.com\/portal\/#\/schema\/logo\/image\/","url":"https:\/\/webdelmaestrocmf.com\/portal\/wp-content\/uploads\/2023\/01\/logo-wmcmf-2.png","contentUrl":"https:\/\/webdelmaestrocmf.com\/portal\/wp-content\/uploads\/2023\/01\/logo-wmcmf-2.png","width":200,"height":60,"caption":"Web del Maestro CMF"},"image":{"@id":"https:\/\/webdelmaestrocmf.com\/portal\/#\/schema\/logo\/image\/"},"sameAs":["https:\/\/www.facebook.com\/WebdelMaestroCMF\/","https:\/\/x.com\/cmf_w","https:\/\/www.pinterest.com\/WMCMF\/","https:\/\/www.linkedin.com\/company\/web-del-maestro-cmf\/","https:\/\/www.instagram.com\/wmcmf\/","https:\/\/www.youtube.com\/channel\/UCDPSvjbdodE5sHnC3OxutHw","https:\/\/mastodon.social\/@wmcmf","https:\/\/www.tiktok.com\/@webdelmaestrocmf"]},{"@type":"Person","@id":"https:\/\/webdelmaestrocmf.com\/portal\/#\/schema\/person\/1072a2ed7bd960df8ef99a551fa35dc5","name":"Web del Maestro CMF","image":{"@type":"ImageObject","inLanguage":"es","@id":"https:\/\/secure.gravatar.com\/avatar\/23291dd5b5ae1077dcff3dbb04c3e02bd28403fa75af6d8787d5e97c5bbbe30b?s=96&d=mm&r=g","url":"https:\/\/secure.gravatar.com\/avatar\/23291dd5b5ae1077dcff3dbb04c3e02bd28403fa75af6d8787d5e97c5bbbe30b?s=96&d=mm&r=g","contentUrl":"https:\/\/secure.gravatar.com\/avatar\/23291dd5b5ae1077dcff3dbb04c3e02bd28403fa75af6d8787d5e97c5bbbe30b?s=96&d=mm&r=g","caption":"Web del Maestro CMF"},"description":"Esta Web se cre\u00f3 sin fines de lucro, con fines educativos, cient\u00edficos y acad\u00e9micos, para personas que tengan dificultades y\/o inconvenientes en visualizar el material original. El objetivo es entregar recursos, compartir experiencias y materiales que ayuden a los padres de familia, maestros y estudiantes en su actualizaci\u00f3n y formaci\u00f3n permanente, en bien de la Educaci\u00f3n.","sameAs":["http:\/\/webdelmaestrocmf.com\/portal","https:\/\/www.facebook.com\/WebdelMaestroCMF\/","https:\/\/www.instagram.com\/wmcmf\/","https:\/\/cl.linkedin.com\/company\/web-del-maestro-cmf","https:\/\/www.pinterest.com\/WMCMF\/publicaciones\/","https:\/\/x.com\/cmf_w","https:\/\/www.youtube.com\/@WMCMF"]}]}},"jetpack_featured_media_url":"https:\/\/webdelmaestrocmf.com\/portal\/wp-content\/uploads\/2018\/07\/1-173.jpg","jetpack_sharing_enabled":true,"jetpack-related-posts":[{"id":101267,"url":"https:\/\/webdelmaestrocmf.com\/portal\/guia-para-desarrollar-el-calculo-mental-en-ninos\/","url_meta":{"origin":29380,"position":0},"title":"Gu\u00eda pr\u00e1ctica para desarrollar el c\u00e1lculo mental en ni\u00f1os: descarga los tres cuadernillos de c\u00e1lculo mental","author":"Web del Maestro CMF","date":"28 abril, 2026","format":false,"excerpt":"El c\u00e1lculo mental fortalece la concentraci\u00f3n, el pensamiento l\u00f3gico y la agilidad num\u00e9rica. Con estrategias progresivas, juegos y pr\u00e1ctica diaria, los ni\u00f1os mejoran su rendimiento acad\u00e9mico y desarrollan habilidades \u00fatiles para resolver situaciones cotidianas.","rel":"","context":"En \u00abCalculo\u00bb","block_context":{"text":"Calculo","link":"https:\/\/webdelmaestrocmf.com\/portal\/category\/pedagogia\/calculo\/"},"img":{"alt_text":"","src":"https:\/\/i0.wp.com\/webdelmaestrocmf.com\/portal\/wp-content\/uploads\/2023\/11\/1AA-Banner-1-portada-imagen-10-1-copia-1.webp?resize=350%2C200&ssl=1","width":350,"height":200,"srcset":"https:\/\/i0.wp.com\/webdelmaestrocmf.com\/portal\/wp-content\/uploads\/2023\/11\/1AA-Banner-1-portada-imagen-10-1-copia-1.webp?resize=350%2C200&ssl=1 1x, https:\/\/i0.wp.com\/webdelmaestrocmf.com\/portal\/wp-content\/uploads\/2023\/11\/1AA-Banner-1-portada-imagen-10-1-copia-1.webp?resize=525%2C300&ssl=1 1.5x, https:\/\/i0.wp.com\/webdelmaestrocmf.com\/portal\/wp-content\/uploads\/2023\/11\/1AA-Banner-1-portada-imagen-10-1-copia-1.webp?resize=700%2C400&ssl=1 2x, https:\/\/i0.wp.com\/webdelmaestrocmf.com\/portal\/wp-content\/uploads\/2023\/11\/1AA-Banner-1-portada-imagen-10-1-copia-1.webp?resize=1050%2C600&ssl=1 3x"},"classes":[]},{"id":92549,"url":"https:\/\/webdelmaestrocmf.com\/portal\/cuadernillo-de-las-tablas-de-multiplicar\/","url_meta":{"origin":29380,"position":1},"title":"Cuadernillo de las tablas de multiplicar","author":"Web del Maestro CMF","date":"17 agosto, 2023","format":false,"excerpt":"El dominio de las matem\u00e1ticas es una habilidad esencial en la educaci\u00f3n de nuestros estudiantes, y las tablas de multiplicar son un pilar fundamental en este proceso. Es por eso que nos complace presentar el 'Cuadernillo de las Tablas de Multiplicar', un recurso educativo dise\u00f1ado para hacer que el aprendizaje\u2026","rel":"","context":"En \u00abDescargas Manuales PDF\u00bb","block_context":{"text":"Descargas Manuales PDF","link":"https:\/\/webdelmaestrocmf.com\/portal\/category\/pedagogia\/descargas-manuales-pdf\/"},"img":{"alt_text":"","src":"https:\/\/i0.wp.com\/webdelmaestrocmf.com\/portal\/wp-content\/uploads\/2023\/08\/A12B3C4D-3-2.jpg?resize=350%2C200&ssl=1","width":350,"height":200,"srcset":"https:\/\/i0.wp.com\/webdelmaestrocmf.com\/portal\/wp-content\/uploads\/2023\/08\/A12B3C4D-3-2.jpg?resize=350%2C200&ssl=1 1x, https:\/\/i0.wp.com\/webdelmaestrocmf.com\/portal\/wp-content\/uploads\/2023\/08\/A12B3C4D-3-2.jpg?resize=525%2C300&ssl=1 1.5x, https:\/\/i0.wp.com\/webdelmaestrocmf.com\/portal\/wp-content\/uploads\/2023\/08\/A12B3C4D-3-2.jpg?resize=700%2C400&ssl=1 2x"},"classes":[]},{"id":102950,"url":"https:\/\/webdelmaestrocmf.com\/portal\/nuevo-cuadernillo-de-sumas-con-llevadas-para-ninos\/","url_meta":{"origin":29380,"position":2},"title":"Nuevo cuadernillo de sumas con llevadas para ni\u00f1os","author":"Web del Maestro CMF","date":"22 enero, 2024","format":false,"excerpt":"Descubre un enfoque educativo innovador con nuestro nuevo cuadernillo, \"Aprende Sumas con Llevadas\". Este recurso ha sido dise\u00f1ado para proporcionar a los estudiantes una experiencia de aprendizaje atractiva y comprensible en el intrigante universo de las sumas con llevadas. Abordaremos este desaf\u00edo matem\u00e1tico paso a paso, brindando a los j\u00f3venes\u2026","rel":"","context":"En \u00abCuadernillos\u00bb","block_context":{"text":"Cuadernillos","link":"https:\/\/webdelmaestrocmf.com\/portal\/category\/pedagogia\/cuadernillos\/"},"img":{"alt_text":"sumas","src":"https:\/\/i0.wp.com\/webdelmaestrocmf.com\/portal\/wp-content\/uploads\/2024\/01\/Banner-1-portada-imagen-10-12.jpg?resize=350%2C200&ssl=1","width":350,"height":200,"srcset":"https:\/\/i0.wp.com\/webdelmaestrocmf.com\/portal\/wp-content\/uploads\/2024\/01\/Banner-1-portada-imagen-10-12.jpg?resize=350%2C200&ssl=1 1x, https:\/\/i0.wp.com\/webdelmaestrocmf.com\/portal\/wp-content\/uploads\/2024\/01\/Banner-1-portada-imagen-10-12.jpg?resize=525%2C300&ssl=1 1.5x, https:\/\/i0.wp.com\/webdelmaestrocmf.com\/portal\/wp-content\/uploads\/2024\/01\/Banner-1-portada-imagen-10-12.jpg?resize=700%2C400&ssl=1 2x"},"classes":[]},{"id":57476,"url":"https:\/\/webdelmaestrocmf.com\/portal\/estrategias-para-fortalecer-las-habilidades-basicas-lectura-escritura-y-el-calculo-mental-a-distancia\/","url_meta":{"origin":29380,"position":3},"title":"Estrategias para fortalecer las habilidades b\u00e1sicas lectura, escritura y el c\u00e1lculo mental","author":"Web del Maestro CMF","date":"31 marzo, 2022","format":false,"excerpt":"Es el caso de la Mejora de los aprendizajes con especial \u00e9nfasis en lectura, escritura y matem\u00e1ticas, ya que al tratarse de habilidades b\u00e1sicas para aprender a aprender, los alumnos que no logran dominarlas presentan grandes dificultades para adquirir otros conocimientos y, en general, su desarrollo acad\u00e9mico y personal se\u2026","rel":"","context":"En \u00abDescargas Manuales PDF\u00bb","block_context":{"text":"Descargas Manuales PDF","link":"https:\/\/webdelmaestrocmf.com\/portal\/category\/pedagogia\/descargas-manuales-pdf\/"},"img":{"alt_text":"Estrategias","src":"https:\/\/i0.wp.com\/webdelmaestrocmf.com\/portal\/wp-content\/uploads\/2021\/01\/1-102.jpg?resize=350%2C200&ssl=1","width":350,"height":200,"srcset":"https:\/\/i0.wp.com\/webdelmaestrocmf.com\/portal\/wp-content\/uploads\/2021\/01\/1-102.jpg?resize=350%2C200&ssl=1 1x, https:\/\/i0.wp.com\/webdelmaestrocmf.com\/portal\/wp-content\/uploads\/2021\/01\/1-102.jpg?resize=525%2C300&ssl=1 1.5x, https:\/\/i0.wp.com\/webdelmaestrocmf.com\/portal\/wp-content\/uploads\/2021\/01\/1-102.jpg?resize=700%2C400&ssl=1 2x, https:\/\/i0.wp.com\/webdelmaestrocmf.com\/portal\/wp-content\/uploads\/2021\/01\/1-102.jpg?resize=1050%2C600&ssl=1 3x"},"classes":[]},{"id":117458,"url":"https:\/\/webdelmaestrocmf.com\/portal\/matematicas-con-sentido-descarga-las-fichas-de-matematicas-y-futbol\/","url_meta":{"origin":29380,"position":4},"title":"Matem\u00e1ticas con sentido: Descarga las fichas de matem\u00e1ticas y f\u00fatbol","author":"Web del Maestro CMF","date":"8 abril, 2026","format":false,"excerpt":"Recurso educativo que integra f\u00fatbol y matem\u00e1ticas con fichas listas para usar. Desarrolla c\u00e1lculo mental, razonamiento l\u00f3gico y motivaci\u00f3n estudiantil, facilitando clases din\u00e1micas, pr\u00e1cticas y significativas desde el primer momento.","rel":"","context":"En \u00abDescarga\u00bb","block_context":{"text":"Descarga","link":"https:\/\/webdelmaestrocmf.com\/portal\/category\/descarga\/"},"img":{"alt_text":"","src":"https:\/\/i0.wp.com\/webdelmaestrocmf.com\/portal\/wp-content\/uploads\/2026\/04\/1AA-Banner-1-portada-imagen-10-1-copia-3.webp?resize=350%2C200&ssl=1","width":350,"height":200,"srcset":"https:\/\/i0.wp.com\/webdelmaestrocmf.com\/portal\/wp-content\/uploads\/2026\/04\/1AA-Banner-1-portada-imagen-10-1-copia-3.webp?resize=350%2C200&ssl=1 1x, https:\/\/i0.wp.com\/webdelmaestrocmf.com\/portal\/wp-content\/uploads\/2026\/04\/1AA-Banner-1-portada-imagen-10-1-copia-3.webp?resize=525%2C300&ssl=1 1.5x, https:\/\/i0.wp.com\/webdelmaestrocmf.com\/portal\/wp-content\/uploads\/2026\/04\/1AA-Banner-1-portada-imagen-10-1-copia-3.webp?resize=700%2C400&ssl=1 2x, https:\/\/i0.wp.com\/webdelmaestrocmf.com\/portal\/wp-content\/uploads\/2026\/04\/1AA-Banner-1-portada-imagen-10-1-copia-3.webp?resize=1050%2C600&ssl=1 3x"},"classes":[]},{"id":45867,"url":"https:\/\/webdelmaestrocmf.com\/portal\/500-actividades-para-trabajar-los-numeros-con-las-operaciones-basicas-de-la-matematica\/","url_meta":{"origin":29380,"position":5},"title":"500 actividades para trabajar los n\u00fameros con las operaciones b\u00e1sicas de la matem\u00e1tica","author":"Web del Maestro CMF","date":"27 marzo, 2020","format":false,"excerpt":"El aprendizaje de las operaciones b\u00e1sicas en nuestras aulas debe ser el resultado de la interacci\u00f3n entre las matem\u00e1ticas organizadas por la comunidad cient\u00edfica y los c\u00e1lculos como actividad humana. Es decir; el aprendizaje de las mismas es necesario que se oriente hacia la b\u00fasqueda de soluciones a las dificultades\u2026","rel":"","context":"En \u00abDescargas Manuales PDF\u00bb","block_context":{"text":"Descargas Manuales PDF","link":"https:\/\/webdelmaestrocmf.com\/portal\/category\/pedagogia\/descargas-manuales-pdf\/"},"img":{"alt_text":"operaciones b\u00e1sicas","src":"https:\/\/i0.wp.com\/webdelmaestrocmf.com\/portal\/wp-content\/uploads\/2020\/03\/4a-2.jpg?resize=350%2C200&ssl=1","width":350,"height":200,"srcset":"https:\/\/i0.wp.com\/webdelmaestrocmf.com\/portal\/wp-content\/uploads\/2020\/03\/4a-2.jpg?resize=350%2C200&ssl=1 1x, https:\/\/i0.wp.com\/webdelmaestrocmf.com\/portal\/wp-content\/uploads\/2020\/03\/4a-2.jpg?resize=525%2C300&ssl=1 1.5x, https:\/\/i0.wp.com\/webdelmaestrocmf.com\/portal\/wp-content\/uploads\/2020\/03\/4a-2.jpg?resize=700%2C400&ssl=1 2x, https:\/\/i0.wp.com\/webdelmaestrocmf.com\/portal\/wp-content\/uploads\/2020\/03\/4a-2.jpg?resize=1050%2C600&ssl=1 3x"},"classes":[]}],"_links":{"self":[{"href":"https:\/\/webdelmaestrocmf.com\/portal\/wp-json\/wp\/v2\/posts\/29380","targetHints":{"allow":["GET"]}}],"collection":[{"href":"https:\/\/webdelmaestrocmf.com\/portal\/wp-json\/wp\/v2\/posts"}],"about":[{"href":"https:\/\/webdelmaestrocmf.com\/portal\/wp-json\/wp\/v2\/types\/post"}],"author":[{"embeddable":true,"href":"https:\/\/webdelmaestrocmf.com\/portal\/wp-json\/wp\/v2\/users\/1"}],"replies":[{"embeddable":true,"href":"https:\/\/webdelmaestrocmf.com\/portal\/wp-json\/wp\/v2\/comments?post=29380"}],"version-history":[{"count":0,"href":"https:\/\/webdelmaestrocmf.com\/portal\/wp-json\/wp\/v2\/posts\/29380\/revisions"}],"wp:featuredmedia":[{"embeddable":true,"href":"https:\/\/webdelmaestrocmf.com\/portal\/wp-json\/wp\/v2\/media\/68030"}],"wp:attachment":[{"href":"https:\/\/webdelmaestrocmf.com\/portal\/wp-json\/wp\/v2\/media?parent=29380"}],"wp:term":[{"taxonomy":"category","embeddable":true,"href":"https:\/\/webdelmaestrocmf.com\/portal\/wp-json\/wp\/v2\/categories?post=29380"},{"taxonomy":"post_tag","embeddable":true,"href":"https:\/\/webdelmaestrocmf.com\/portal\/wp-json\/wp\/v2\/tags?post=29380"}],"curies":[{"name":"wp","href":"https:\/\/api.w.org\/{rel}","templated":true}]}}