{"id":29341,"date":"2018-07-22T21:01:34","date_gmt":"2018-07-23T01:01:34","guid":{"rendered":"http:\/\/webdelmaestrocmf.com\/portal\/?p=29341"},"modified":"2019-09-20T10:44:05","modified_gmt":"2019-09-20T13:44:05","slug":"la-nutricion-es-una-herramienta-tremendamente-valida-y-util-cuando-comes-con-tu-familia","status":"publish","type":"post","link":"https:\/\/webdelmaestrocmf.com\/portal\/la-nutricion-es-una-herramienta-tremendamente-valida-y-util-cuando-comes-con-tu-familia\/","title":{"rendered":"La nutrici\u00f3n es una herramienta tremendamente v\u00e1lida y \u00fatil cuando comes con tu familia"},"content":{"rendered":"<h5 style=\"text-align: justify;\">Con el t\u00edtulo de Master en Endocrinolog\u00eda Pediatrica y Nutrici\u00f3n en la Universitat Aut\u00f2noma de Barcelona (Espa\u00f1a), Javier Andres Blumenfeld Olivares, de nacionalidad chilena, tambi\u00e9n ha obtenido la Licenciatura en Medicina en la Universidad Complutense de Madrid(Espa\u00f1a). Su pensamiento, respecto a la educaci\u00f3n, relaciona la neuroeducaci\u00f3n y el <strong>aprendizaje por el placer y no por la obligaci\u00f3n<\/strong>: \u201cSi me gusta, mis motores de aprendizaje entienden m\u00e1s y eso <strong>permite que el aprendizaje llegue a una parte m\u00e1s profunda de mi cerebro<\/strong>\u201d, explicaba. Defiende adem\u00e1s la colaboraci\u00f3n frente a la competencia o el comp\u00e1s, entendido como el ritmo adecuado de ense\u00f1anza. En su opini\u00f3n, los colegios tienen que ser entornos \u201cdonde nos guste ir\u201d y a\u00f1ad\u00eda: \u201cLa \u00fanica revoluci\u00f3n pac\u00edfica que nos queda es la educaci\u00f3n\u201d. <a href=\"https:\/\/www.cuatro.com\/cintoraapiedecalle\/temporada-1\/t01xp02-malditos-deberes\/Javier-Blumenfeld-pediatra-habla-educacion_2_2150955229.html\" target=\"_blank\" rel=\"noopener noreferrer\"><strong>JAVIER BLUMENFELD, PEDIATRA, NOS HABLA DE LA NEUROEDUCACI\u00d3N.<\/strong><\/a><\/h5>\n<p><!--more--><\/p>\n<p style=\"text-align: justify;\">Les proponemos la lectura de un art\u00edculo publicado anteriormente sobre los aportes de la neuropsicolog\u00eda a la educaci\u00f3n desde un enfoque multidisciplinar: <a href=\"http:\/\/webdelmaestrocmf.com\/portal\/neurociencia-y-educacion-12-principios-que-todo-educador-deberia-conocer\/\" target=\"_blank\" rel=\"noopener noreferrer\"><strong>NEUROCIENCIA Y EDUCACI\u00d3N: 12 PRINCIPIOS QUE TODO EDUCADOR DEBER\u00cdA CONOCER.<\/strong><\/a><\/p>\n<p style=\"text-align: justify;\">Nos mueve <strong>a <\/strong>recomendar (como profesores), conocer la opini\u00f3n de Javier Blumenfeld, porque afirma la FAO, Organizaci\u00f3n de las Naciones Unidas para la Alimentaci\u00f3n y la Agricultura, que \u201c<strong>las escuelas son<\/strong> <strong>un entorno ideal para contribuir a la nutrici\u00f3n y el desarrollo infantil y juvenil<\/strong>. Los ni\u00f1os llegan a las escuelas a una edad a la cual se est\u00e1n creando sus <strong>h\u00e1bitos alimentarios y de salud.<\/strong> Las escuelas tambi\u00e9n influyen en las familias y la comunidad escolar, y pueden ser un medio para una mayor participaci\u00f3n de la comunidad\u201d. <a href=\"http:\/\/www.fao.org\/school-food\/es\/\" target=\"_blank\" rel=\"noopener noreferrer\"><strong>EL PAPEL DE LA FAO EN LA ALIMENTACI\u00d3N Y NUTRICI\u00d3N ESCOLAR.<\/strong><\/a><\/p>\n<p style=\"text-align: justify;\">Aunque <strong>los h\u00e1bitos nutricionales de los estudiantes los marcan los padres de familia<\/strong>; -nos dice la FAO-, <strong>los profesores no somos ajenos a la tarea de educar y \u201cpromover una mejora de la dieta y la nutrici\u00f3n a trav\u00e9s de las escuelas\u201d<\/strong>, ya que \u201cpuede generar beneficios en materia de salud y bienestar que se extienden m\u00e1s all\u00e1 de las aulas y llegan a los hogares y las comunidades. Vincular los <strong>programas de almuerzos escolares<\/strong> a la producci\u00f3n local de alimentos puede aumentar la participaci\u00f3n comunitaria, fortalecer y diversificar los sistemas alimentarios locales, y mejorar los medios de vida de los peque\u00f1os campesinos\u201d. Y mucho m\u00e1s al tratar la <strong>importancia de las relaciones en el momento de compartir los alimentos en el hogar<\/strong>.<\/p>\n<p style=\"text-align: justify;\">Para nuestra formaci\u00f3n permanente, <strong>desde un panorama y realidad educativa singular<\/strong>, que pueden ser muy diferente a nuestro entorno actual, consideramos importante conocer este di\u00e1logo sobre la nutrici\u00f3n escolar, ya que puede ense\u00f1arnos a <strong>conocer, reflexionar y ver en qu\u00e9 pueden ayudar esas experiencias en nuestra realidad<\/strong>. No olvidamos que el escritor franc\u00e9s Gustave Flaubert, nos dijo que <strong><em>\u201cla vida debe ser una incesante educaci\u00f3n\u201d<\/em><\/strong>, dejando de lado toda presunci\u00f3n intelectual de creer que uno lo sabe todo, o estar tan seguros que nada nuevo nos pueden ense\u00f1ar; que nos haga olvidar \u2013 parangonando a Voltaire- que podemos ser tan inteligentes que aprendemos de la experiencia\u00a0de los\u00a0dem\u00e1s.<\/p>\n<p style=\"text-align: justify;\">Gracias a las publicaciones del BBVA, El Pa\u00eds (Espa\u00f1a) y la Editorial Santillana, compartimos con fines \u00fanicamente educativos \u2013 pastorales, el video, con la parte m\u00e1s destacada y el video completo la pl\u00e1tica entre Javier Blumenfeld y una madre de familia, un estudiante y una profesora; y con el enlace para leer la trascripci\u00f3n completa del encuentro.<\/p>\n<p><img loading=\"lazy\" decoding=\"async\" class=\"alignnone size-full wp-image-29348\" src=\"http:\/\/webdelmaestrocmf.com\/portal\/wp-content\/uploads\/2018\/07\/1-58.jpg\" alt=\"\" width=\"900\" height=\"506\" srcset=\"https:\/\/webdelmaestrocmf.com\/portal\/wp-content\/uploads\/2018\/07\/1-58.jpg 900w, https:\/\/webdelmaestrocmf.com\/portal\/wp-content\/uploads\/2018\/07\/1-58-300x169.jpg 300w, https:\/\/webdelmaestrocmf.com\/portal\/wp-content\/uploads\/2018\/07\/1-58-768x432.jpg 768w, https:\/\/webdelmaestrocmf.com\/portal\/wp-content\/uploads\/2018\/07\/1-58-600x337.jpg 600w\" sizes=\"auto, (max-width: 900px) 100vw, 900px\" \/><\/p>\n<p style=\"text-align: justify;\">Nos hemos tomado la libertad de escoger algunas partes textuales, y resaltado con negritas del encuentro, como una <strong>invitaci\u00f3n para que Ustedes visualicen los videos, e ingresen a la transcripci\u00f3n completa<\/strong> (en el enlace final de esta publicaci\u00f3n); que bien nos pueden ser \u00fatiles, con nuestra capacidad creativa, sobre todo en la tarea de <strong>trabajar juntos la nutrici\u00f3n saludable<\/strong> de nuestros estudiantes, la escuela y las familias; porque, -como afirma Blumenfeld- \u201clas comidas y cenas familiares como \u201cla \u00faltima trinchera\u201d para no estar completamente mecanizados: <strong>el \u00faltimo espacio que nos queda para conversar y no perder nuestra humanizaci\u00f3n<\/strong>.<\/p>\n<p><strong>COMER JUNTOS EN FAMILIA ES M\u00c1S IMPORTANTE QUE NUNCA, <\/strong>(MOMENTO DESTACADO 5`58\u201d)<\/p>\n<p><iframe loading=\"lazy\" src=\"https:\/\/www.youtube.com\/embed\/7vDMakbYo6s\" width=\"100%\" height=\"400\" frameborder=\"0\" allowfullscreen=\"allowfullscreen\"><span data-mce-type=\"bookmark\" style=\"display: inline-block; width: 0px; overflow: hidden; line-height: 0;\" class=\"mce_SELRES_start\">\ufeff<\/span><span data-mce-type=\"bookmark\" style=\"display: inline-block; width: 0px; overflow: hidden; line-height: 0;\" class=\"mce_SELRES_start\">\ufeff<\/span><\/iframe><\/p>\n<h5><strong><em>\u00bfUna dieta infantil c\u00f3mo puede afectar al rendimiento?<\/em><\/strong><\/h5>\n<p style=\"text-align: justify;\"><strong>JAVIER BLUMENFELD: <\/strong>\u201cEl cerebro es como un motor, \u00bfvale? Este motor tiene una gasolina, por as\u00ed decirlo, que es un neurotransmisor que se llama dopamina. Tenemos que <strong>encontrar formas de rellenar constantemente la dopamina<\/strong>. Y para que este motor funcione, como somos cuerpos f\u00edsicos, sobre todo, tenemos que cuidar el cuerpo f\u00edsico, la funci\u00f3n ejecutiva, nuestro prefrontal hay que cuidarlo. \u00bfC\u00f3mo lo cuidamos? Lo cuidamos <strong>durmiendo bien<\/strong>. [\u2026] <strong>Y comiendo bien<\/strong>. [\u2026] la cocina saludable no tiene por qu\u00e9 ser compleja. De hecho, no lo es. El error b\u00e1sico es haber olvidado nuestros alimentos b\u00e1sicos y haberlos sustituido <strong>por alimentos procesados<\/strong>. Y es simplemente ir a un parque y ver cu\u00e1ntos ni\u00f1os est\u00e1n comiendo alimentos de bolsita y cu\u00e1ntos est\u00e1n comiendo fruta. [\u2026] Y <strong>la nutrici\u00f3n es una herramienta tremendamente v\u00e1lida y \u00fatil<\/strong> cuando comes con tu familia, cocinas con tu familia, cuando pasas m\u00e1s tiempo con tu familia, simplemente con ellos, con todo el resto del mundo desconectado, me parece que es una forma de proteger esta \u00faltima trinchera de la humanizaci\u00f3n que es la familia. [\u2026]\u201d.<\/p>\n<h5><strong><em>\u2026 A nuestras edades est\u00e1 habiendo mucha obsesi\u00f3n por la dieta. Entonces, eso a nivel del rendimiento que podamos tener o de nuestro estado an\u00edmico, \u00bfafecta de alg\u00fan modo?<\/em><\/strong><\/h5>\n<p style=\"text-align: justify;\"><strong>JAVIER BLUMENFELD: <\/strong>\u201cYo creo que la obsesi\u00f3n no es tanto por la dieta. Hay una cosa mucho m\u00e1s grave<strong>: la obsesi\u00f3n por la imagen<\/strong>. Y eso s\u00ed que me parece serio. No por el rendimiento acad\u00e9mico, sino por la sociedad que hacemos. Estamos impregnados de ese aparente \u00e9xito que da el ser m\u00e1s guapo o m\u00e1s guapa. Y me parece que le quita mucha profundidad a nuestra sociedad. Por eso me parece bien si se habla de una nutrici\u00f3n saludable, pero la obsesi\u00f3n para estar m\u00e1s guapo o guapa me parece muy pobre. [\u2026] Cuando estudias consumes mucho, <strong>el cerebro consume un mont\u00f3n de glu<\/strong>cosa. Y si t\u00fa tienes fruta al lado y est\u00e1s comiendo fruta despacito, cuando tienes hambre, como picoteo, tambi\u00e9n puede mejorar tu rendimiento. [\u2026] Nosotros tenemos muy mala educaci\u00f3n alimentaria. [\u2026] Y por eso es importante intentar volver un poco atr\u00e1s desde el punto de vista de cambiar nuestros h\u00e1bitos y empezar a comer las cosas saludables que nos rodean en vez de sumarnos a modas que no son saludables ni son necesarias\u201d.<\/p>\n<h5><strong>LA IMPORTANCIA DE LA NUTRICI\u00d3N EN LA EDUCACI\u00d3N\u00a0<\/strong>(VIDEO COMPLETO 15\u00b403\u201d)<\/h5>\n<p><iframe loading=\"lazy\" src=\"https:\/\/www.youtube.com\/embed\/f_O44hJN2GQ\" width=\"100%\" height=\"400\" frameborder=\"0\" allowfullscreen=\"allowfullscreen\"><span data-mce-type=\"bookmark\" style=\"display: inline-block; width: 0px; overflow: hidden; line-height: 0;\" class=\"mce_SELRES_start\">\ufeff<\/span><span data-mce-type=\"bookmark\" style=\"display: inline-block; width: 0px; overflow: hidden; line-height: 0;\" class=\"mce_SELRES_start\">\ufeff<\/span><\/iframe><\/p>\n<h5><strong><em>\u2026 En los coles, cada vez hay ni\u00f1os con m\u00e1s problemas de obesidad. \u00bfQu\u00e9 podemos hacer como padres, desde casa, y como docentes, en el cole, para solventar este problema?<\/em><\/strong><\/h5>\n<p style=\"text-align: justify;\"><strong>JAVIER BLUMENFELD: <\/strong>El problema real es <strong>la mala alimentaci\u00f3n generalizada <\/strong>que estamos teniendo en nuestra infancia y en nuestra sociedad. Hay muchos ni\u00f1os y adultos que no son obesos pero <strong>su alimentaci\u00f3n es p\u00e9sima<\/strong>. Es important\u00edsimo comer bien para que nuestros <strong>motores cerebrales funcionen de forma adecuada<\/strong>. Si no est\u00e1n bien engranados, si nos les damos alimento suficiente para que funcionen bien, la forma de generar conocimiento va a ser m\u00e1s complicada. Lo que se puede hacer es intentar meter m\u00e1s contenidos saludables de una forma m\u00e1s divertida. [\u2026]<\/p>\n<p style=\"text-align: justify;\">La transcripci\u00f3n completa de este conversatorio lo puede Usted leer aqu\u00ed<strong>: <a href=\"https:\/\/aprendemosjuntos.elpais.com\/especial\/nutricion-y-neuroeducacion-javier-blumenfeld\/\" target=\"_blank\" rel=\"noopener noreferrer\">COMER JUNTOS ES M\u00c1S IMPORTANTE QUE NUNCA<\/a><\/strong><\/p>\n<p style=\"text-align: justify;\">Esta publicaci\u00f3n corresponde a<a href=\"http:\/\/webdelmaestrocmf.com\/portal\/serie-de-videos-aprendamos-juntos-para-sumar-por-la-educacion\/\" target=\"_blank\" rel=\"noopener noreferrer\"><strong> SERIE DE VIDEOS: APRENDAMOS JUNTOS, PARA SUMAR POR LA EDUCACI\u00d3N<\/strong><\/a><\/p>\n<p style=\"text-align: justify;\"><em>\u201cMe gustar\u00eda intentar transmitir a todos los docentes que el cerebro es como un ordenador, es como una m\u00e1quina, que nosotros, cada vez que sabemos algo nuevo, en nuestros cerebros se genera una conexi\u00f3n nueva que antes no hab\u00eda.\u201d.<\/em><\/p>\n<p style=\"text-align: right;\"><strong>REDACCI\u00d3N WEB DEL MAESTRO CMF<\/strong><\/p>\n","protected":false},"excerpt":{"rendered":"Con el t\u00edtulo de Master en Endocrinolog\u00eda Pediatrica y Nutrici\u00f3n en la Universitat Aut\u00f2noma de Barcelona (Espa\u00f1a), Javier&hellip;","protected":false},"author":1,"featured_media":29347,"comment_status":"open","ping_status":"closed","sticky":false,"template":"","format":"standard","meta":{"csco_display_header_overlay":false,"csco_singular_sidebar":"disabled","csco_page_header_type":"standard","csco_page_load_nextpost":"default","csco_post_video_location":[],"csco_post_video_location_hash":"","csco_post_video_url":"","csco_post_video_bg_start_time":0,"csco_post_video_bg_end_time":0,"csco_post_video_bg_volume":false,"_jetpack_memberships_contains_paid_content":false,"footnotes":""},"categories":[3453],"tags":[1494,97,2317,3669],"class_list":{"0":"post-29341","1":"post","2":"type-post","3":"status-publish","4":"format-standard","5":"has-post-thumbnail","7":"category-charlas","8":"tag-comer","9":"tag-familia","10":"tag-herramienta","11":"tag-nutricion","12":"cs-entry","13":"cs-video-wrap"},"yoast_head":"<!-- This site is optimized with the Yoast SEO plugin v27.5 - https:\/\/yoast.com\/product\/yoast-seo-wordpress\/ -->\n<title>La nutrici\u00f3n es una herramienta tremendamente v\u00e1lida y \u00fatil cuando comes con tu familia<\/title>\n<meta name=\"description\" content=\"Su pensamiento, respecto a la educaci\u00f3n, relaciona la neuroeducaci\u00f3n y el aprendizaje por el placer y no por la obligaci\u00f3n: \u201cSi me gusta, mis motores...\" \/>\n<meta name=\"robots\" content=\"index, follow, max-snippet:-1, max-image-preview:large, max-video-preview:-1\" \/>\n<link rel=\"canonical\" href=\"https:\/\/webdelmaestrocmf.com\/portal\/la-nutricion-es-una-herramienta-tremendamente-valida-y-util-cuando-comes-con-tu-familia\/\" \/>\n<meta property=\"og:locale\" content=\"es_ES\" \/>\n<meta property=\"og:type\" content=\"article\" \/>\n<meta property=\"og:title\" content=\"La nutrici\u00f3n es una herramienta tremendamente v\u00e1lida y \u00fatil cuando comes con tu familia\" \/>\n<meta property=\"og:description\" content=\"Su pensamiento, respecto a la educaci\u00f3n, relaciona la neuroeducaci\u00f3n y el aprendizaje por el placer y no por la obligaci\u00f3n: \u201cSi me gusta, mis motores...\" \/>\n<meta property=\"og:url\" content=\"https:\/\/webdelmaestrocmf.com\/portal\/la-nutricion-es-una-herramienta-tremendamente-valida-y-util-cuando-comes-con-tu-familia\/\" \/>\n<meta property=\"og:site_name\" content=\"Web del Maestro CMF\" \/>\n<meta property=\"article:publisher\" content=\"https:\/\/www.facebook.com\/WebdelMaestroCMF\/\" \/>\n<meta property=\"article:author\" content=\"https:\/\/www.facebook.com\/WebdelMaestroCMF\/\" \/>\n<meta property=\"article:published_time\" content=\"2018-07-23T01:01:34+00:00\" \/>\n<meta property=\"article:modified_time\" content=\"2019-09-20T13:44:05+00:00\" \/>\n<meta property=\"og:image\" content=\"https:\/\/i0.wp.com\/webdelmaestrocmf.com\/portal\/wp-content\/uploads\/2018\/07\/1-55.jpg?fit=1100%2C680&ssl=1\" \/>\n\t<meta property=\"og:image:width\" content=\"1100\" \/>\n\t<meta property=\"og:image:height\" content=\"680\" \/>\n\t<meta property=\"og:image:type\" content=\"image\/jpeg\" \/>\n<meta name=\"author\" content=\"Web del Maestro CMF\" \/>\n<meta name=\"twitter:card\" content=\"summary_large_image\" \/>\n<meta name=\"twitter:creator\" content=\"@cmf_w\" \/>\n<meta name=\"twitter:site\" content=\"@cmf_w\" \/>\n<script type=\"application\/ld+json\" class=\"yoast-schema-graph\">{\"@context\":\"https:\\\/\\\/schema.org\",\"@graph\":[{\"@type\":\"ScholarlyArticle\",\"@id\":\"https:\\\/\\\/webdelmaestrocmf.com\\\/portal\\\/la-nutricion-es-una-herramienta-tremendamente-valida-y-util-cuando-comes-con-tu-familia\\\/#article\",\"isPartOf\":{\"@id\":\"https:\\\/\\\/webdelmaestrocmf.com\\\/portal\\\/la-nutricion-es-una-herramienta-tremendamente-valida-y-util-cuando-comes-con-tu-familia\\\/\"},\"author\":{\"name\":\"Web del Maestro CMF\",\"@id\":\"https:\\\/\\\/webdelmaestrocmf.com\\\/portal\\\/#\\\/schema\\\/person\\\/1072a2ed7bd960df8ef99a551fa35dc5\"},\"headline\":\"La nutrici\u00f3n es una herramienta tremendamente v\u00e1lida y \u00fatil cuando comes con tu familia\",\"datePublished\":\"2018-07-23T01:01:34+00:00\",\"dateModified\":\"2019-09-20T13:44:05+00:00\",\"mainEntityOfPage\":{\"@id\":\"https:\\\/\\\/webdelmaestrocmf.com\\\/portal\\\/la-nutricion-es-una-herramienta-tremendamente-valida-y-util-cuando-comes-con-tu-familia\\\/\"},\"wordCount\":1387,\"commentCount\":0,\"publisher\":{\"@id\":\"https:\\\/\\\/webdelmaestrocmf.com\\\/portal\\\/#organization\"},\"image\":{\"@id\":\"https:\\\/\\\/webdelmaestrocmf.com\\\/portal\\\/la-nutricion-es-una-herramienta-tremendamente-valida-y-util-cuando-comes-con-tu-familia\\\/#primaryimage\"},\"thumbnailUrl\":\"https:\\\/\\\/webdelmaestrocmf.com\\\/portal\\\/wp-content\\\/uploads\\\/2018\\\/07\\\/1-55.jpg\",\"keywords\":[\"COMER\",\"familia\",\"HERRAMIENTA\",\"NUTRICI\u00d3N\"],\"articleSection\":[\"Charlas\"],\"inLanguage\":\"es\",\"potentialAction\":[{\"@type\":\"CommentAction\",\"name\":\"Comment\",\"target\":[\"https:\\\/\\\/webdelmaestrocmf.com\\\/portal\\\/la-nutricion-es-una-herramienta-tremendamente-valida-y-util-cuando-comes-con-tu-familia\\\/#respond\"]}]},{\"@type\":\"WebPage\",\"@id\":\"https:\\\/\\\/webdelmaestrocmf.com\\\/portal\\\/la-nutricion-es-una-herramienta-tremendamente-valida-y-util-cuando-comes-con-tu-familia\\\/\",\"url\":\"https:\\\/\\\/webdelmaestrocmf.com\\\/portal\\\/la-nutricion-es-una-herramienta-tremendamente-valida-y-util-cuando-comes-con-tu-familia\\\/\",\"name\":\"La nutrici\u00f3n es una herramienta tremendamente v\u00e1lida y \u00fatil cuando comes con tu familia\",\"isPartOf\":{\"@id\":\"https:\\\/\\\/webdelmaestrocmf.com\\\/portal\\\/#website\"},\"primaryImageOfPage\":{\"@id\":\"https:\\\/\\\/webdelmaestrocmf.com\\\/portal\\\/la-nutricion-es-una-herramienta-tremendamente-valida-y-util-cuando-comes-con-tu-familia\\\/#primaryimage\"},\"image\":{\"@id\":\"https:\\\/\\\/webdelmaestrocmf.com\\\/portal\\\/la-nutricion-es-una-herramienta-tremendamente-valida-y-util-cuando-comes-con-tu-familia\\\/#primaryimage\"},\"thumbnailUrl\":\"https:\\\/\\\/webdelmaestrocmf.com\\\/portal\\\/wp-content\\\/uploads\\\/2018\\\/07\\\/1-55.jpg\",\"datePublished\":\"2018-07-23T01:01:34+00:00\",\"dateModified\":\"2019-09-20T13:44:05+00:00\",\"description\":\"Su pensamiento, respecto a la educaci\u00f3n, relaciona la neuroeducaci\u00f3n y el aprendizaje por el placer y no por la obligaci\u00f3n: \u201cSi me gusta, mis motores...\",\"breadcrumb\":{\"@id\":\"https:\\\/\\\/webdelmaestrocmf.com\\\/portal\\\/la-nutricion-es-una-herramienta-tremendamente-valida-y-util-cuando-comes-con-tu-familia\\\/#breadcrumb\"},\"inLanguage\":\"es\",\"potentialAction\":[{\"@type\":\"ReadAction\",\"target\":[\"https:\\\/\\\/webdelmaestrocmf.com\\\/portal\\\/la-nutricion-es-una-herramienta-tremendamente-valida-y-util-cuando-comes-con-tu-familia\\\/\"]}]},{\"@type\":\"ImageObject\",\"inLanguage\":\"es\",\"@id\":\"https:\\\/\\\/webdelmaestrocmf.com\\\/portal\\\/la-nutricion-es-una-herramienta-tremendamente-valida-y-util-cuando-comes-con-tu-familia\\\/#primaryimage\",\"url\":\"https:\\\/\\\/webdelmaestrocmf.com\\\/portal\\\/wp-content\\\/uploads\\\/2018\\\/07\\\/1-55.jpg\",\"contentUrl\":\"https:\\\/\\\/webdelmaestrocmf.com\\\/portal\\\/wp-content\\\/uploads\\\/2018\\\/07\\\/1-55.jpg\",\"width\":1100,\"height\":680},{\"@type\":\"BreadcrumbList\",\"@id\":\"https:\\\/\\\/webdelmaestrocmf.com\\\/portal\\\/la-nutricion-es-una-herramienta-tremendamente-valida-y-util-cuando-comes-con-tu-familia\\\/#breadcrumb\",\"itemListElement\":[{\"@type\":\"ListItem\",\"position\":1,\"name\":\"Portada\",\"item\":\"https:\\\/\\\/webdelmaestrocmf.com\\\/portal\\\/\"},{\"@type\":\"ListItem\",\"position\":2,\"name\":\"Charlas\",\"item\":\"https:\\\/\\\/webdelmaestrocmf.com\\\/portal\\\/category\\\/charlas\\\/\"},{\"@type\":\"ListItem\",\"position\":3,\"name\":\"La nutrici\u00f3n es una herramienta tremendamente v\u00e1lida y \u00fatil cuando comes con tu familia\"}]},{\"@type\":\"WebSite\",\"@id\":\"https:\\\/\\\/webdelmaestrocmf.com\\\/portal\\\/#website\",\"url\":\"https:\\\/\\\/webdelmaestrocmf.com\\\/portal\\\/\",\"name\":\"Web del Maestro CMF\",\"description\":\"Maestros al servicio de la educaci\u00f3n\",\"publisher\":{\"@id\":\"https:\\\/\\\/webdelmaestrocmf.com\\\/portal\\\/#organization\"},\"alternateName\":\"WMCMF\",\"potentialAction\":[{\"@type\":\"SearchAction\",\"target\":{\"@type\":\"EntryPoint\",\"urlTemplate\":\"https:\\\/\\\/webdelmaestrocmf.com\\\/portal\\\/?s={search_term_string}\"},\"query-input\":{\"@type\":\"PropertyValueSpecification\",\"valueRequired\":true,\"valueName\":\"search_term_string\"}}],\"inLanguage\":\"es\"},{\"@type\":\"Organization\",\"@id\":\"https:\\\/\\\/webdelmaestrocmf.com\\\/portal\\\/#organization\",\"name\":\"Web del Maestro CMF\",\"alternateName\":\"WMCMF\",\"url\":\"https:\\\/\\\/webdelmaestrocmf.com\\\/portal\\\/\",\"logo\":{\"@type\":\"ImageObject\",\"inLanguage\":\"es\",\"@id\":\"https:\\\/\\\/webdelmaestrocmf.com\\\/portal\\\/#\\\/schema\\\/logo\\\/image\\\/\",\"url\":\"https:\\\/\\\/webdelmaestrocmf.com\\\/portal\\\/wp-content\\\/uploads\\\/2023\\\/01\\\/logo-wmcmf-2.png\",\"contentUrl\":\"https:\\\/\\\/webdelmaestrocmf.com\\\/portal\\\/wp-content\\\/uploads\\\/2023\\\/01\\\/logo-wmcmf-2.png\",\"width\":200,\"height\":60,\"caption\":\"Web del Maestro CMF\"},\"image\":{\"@id\":\"https:\\\/\\\/webdelmaestrocmf.com\\\/portal\\\/#\\\/schema\\\/logo\\\/image\\\/\"},\"sameAs\":[\"https:\\\/\\\/www.facebook.com\\\/WebdelMaestroCMF\\\/\",\"https:\\\/\\\/x.com\\\/cmf_w\",\"https:\\\/\\\/www.pinterest.com\\\/WMCMF\\\/\",\"https:\\\/\\\/www.linkedin.com\\\/company\\\/web-del-maestro-cmf\\\/\",\"https:\\\/\\\/www.instagram.com\\\/wmcmf\\\/\",\"https:\\\/\\\/www.youtube.com\\\/channel\\\/UCDPSvjbdodE5sHnC3OxutHw\",\"https:\\\/\\\/mastodon.social\\\/@wmcmf\",\"https:\\\/\\\/www.tiktok.com\\\/@webdelmaestrocmf\"]},{\"@type\":\"Person\",\"@id\":\"https:\\\/\\\/webdelmaestrocmf.com\\\/portal\\\/#\\\/schema\\\/person\\\/1072a2ed7bd960df8ef99a551fa35dc5\",\"name\":\"Web del Maestro CMF\",\"image\":{\"@type\":\"ImageObject\",\"inLanguage\":\"es\",\"@id\":\"https:\\\/\\\/secure.gravatar.com\\\/avatar\\\/23291dd5b5ae1077dcff3dbb04c3e02bd28403fa75af6d8787d5e97c5bbbe30b?s=96&d=mm&r=g\",\"url\":\"https:\\\/\\\/secure.gravatar.com\\\/avatar\\\/23291dd5b5ae1077dcff3dbb04c3e02bd28403fa75af6d8787d5e97c5bbbe30b?s=96&d=mm&r=g\",\"contentUrl\":\"https:\\\/\\\/secure.gravatar.com\\\/avatar\\\/23291dd5b5ae1077dcff3dbb04c3e02bd28403fa75af6d8787d5e97c5bbbe30b?s=96&d=mm&r=g\",\"caption\":\"Web del Maestro CMF\"},\"description\":\"Esta Web se cre\u00f3 sin fines de lucro, con fines educativos, cient\u00edficos y acad\u00e9micos, para personas que tengan dificultades y\\\/o inconvenientes en visualizar el material original. El objetivo es entregar recursos, compartir experiencias y materiales que ayuden a los padres de familia, maestros y estudiantes en su actualizaci\u00f3n y formaci\u00f3n permanente, en bien de la Educaci\u00f3n.\",\"sameAs\":[\"http:\\\/\\\/webdelmaestrocmf.com\\\/portal\",\"https:\\\/\\\/www.facebook.com\\\/WebdelMaestroCMF\\\/\",\"https:\\\/\\\/www.instagram.com\\\/wmcmf\\\/\",\"https:\\\/\\\/cl.linkedin.com\\\/company\\\/web-del-maestro-cmf\",\"https:\\\/\\\/www.pinterest.com\\\/WMCMF\\\/publicaciones\\\/\",\"https:\\\/\\\/x.com\\\/cmf_w\",\"https:\\\/\\\/www.youtube.com\\\/@WMCMF\"]}]}<\/script>\n<!-- \/ Yoast SEO plugin. -->","yoast_head_json":{"title":"La nutrici\u00f3n es una herramienta tremendamente v\u00e1lida y \u00fatil cuando comes con tu familia","description":"Su pensamiento, respecto a la educaci\u00f3n, relaciona la neuroeducaci\u00f3n y el aprendizaje por el placer y no por la obligaci\u00f3n: \u201cSi me gusta, mis motores...","robots":{"index":"index","follow":"follow","max-snippet":"max-snippet:-1","max-image-preview":"max-image-preview:large","max-video-preview":"max-video-preview:-1"},"canonical":"https:\/\/webdelmaestrocmf.com\/portal\/la-nutricion-es-una-herramienta-tremendamente-valida-y-util-cuando-comes-con-tu-familia\/","og_locale":"es_ES","og_type":"article","og_title":"La nutrici\u00f3n es una herramienta tremendamente v\u00e1lida y \u00fatil cuando comes con tu familia","og_description":"Su pensamiento, respecto a la educaci\u00f3n, relaciona la neuroeducaci\u00f3n y el aprendizaje por el placer y no por la obligaci\u00f3n: \u201cSi me gusta, mis motores...","og_url":"https:\/\/webdelmaestrocmf.com\/portal\/la-nutricion-es-una-herramienta-tremendamente-valida-y-util-cuando-comes-con-tu-familia\/","og_site_name":"Web del Maestro CMF","article_publisher":"https:\/\/www.facebook.com\/WebdelMaestroCMF\/","article_author":"https:\/\/www.facebook.com\/WebdelMaestroCMF\/","article_published_time":"2018-07-23T01:01:34+00:00","article_modified_time":"2019-09-20T13:44:05+00:00","og_image":[{"width":1100,"height":680,"url":"https:\/\/i0.wp.com\/webdelmaestrocmf.com\/portal\/wp-content\/uploads\/2018\/07\/1-55.jpg?fit=1100%2C680&ssl=1","type":"image\/jpeg"}],"author":"Web del Maestro CMF","twitter_card":"summary_large_image","twitter_creator":"@cmf_w","twitter_site":"@cmf_w","schema":{"@context":"https:\/\/schema.org","@graph":[{"@type":"ScholarlyArticle","@id":"https:\/\/webdelmaestrocmf.com\/portal\/la-nutricion-es-una-herramienta-tremendamente-valida-y-util-cuando-comes-con-tu-familia\/#article","isPartOf":{"@id":"https:\/\/webdelmaestrocmf.com\/portal\/la-nutricion-es-una-herramienta-tremendamente-valida-y-util-cuando-comes-con-tu-familia\/"},"author":{"name":"Web del Maestro CMF","@id":"https:\/\/webdelmaestrocmf.com\/portal\/#\/schema\/person\/1072a2ed7bd960df8ef99a551fa35dc5"},"headline":"La nutrici\u00f3n es una herramienta tremendamente v\u00e1lida y \u00fatil cuando comes con tu familia","datePublished":"2018-07-23T01:01:34+00:00","dateModified":"2019-09-20T13:44:05+00:00","mainEntityOfPage":{"@id":"https:\/\/webdelmaestrocmf.com\/portal\/la-nutricion-es-una-herramienta-tremendamente-valida-y-util-cuando-comes-con-tu-familia\/"},"wordCount":1387,"commentCount":0,"publisher":{"@id":"https:\/\/webdelmaestrocmf.com\/portal\/#organization"},"image":{"@id":"https:\/\/webdelmaestrocmf.com\/portal\/la-nutricion-es-una-herramienta-tremendamente-valida-y-util-cuando-comes-con-tu-familia\/#primaryimage"},"thumbnailUrl":"https:\/\/webdelmaestrocmf.com\/portal\/wp-content\/uploads\/2018\/07\/1-55.jpg","keywords":["COMER","familia","HERRAMIENTA","NUTRICI\u00d3N"],"articleSection":["Charlas"],"inLanguage":"es","potentialAction":[{"@type":"CommentAction","name":"Comment","target":["https:\/\/webdelmaestrocmf.com\/portal\/la-nutricion-es-una-herramienta-tremendamente-valida-y-util-cuando-comes-con-tu-familia\/#respond"]}]},{"@type":"WebPage","@id":"https:\/\/webdelmaestrocmf.com\/portal\/la-nutricion-es-una-herramienta-tremendamente-valida-y-util-cuando-comes-con-tu-familia\/","url":"https:\/\/webdelmaestrocmf.com\/portal\/la-nutricion-es-una-herramienta-tremendamente-valida-y-util-cuando-comes-con-tu-familia\/","name":"La nutrici\u00f3n es una herramienta tremendamente v\u00e1lida y \u00fatil cuando comes con tu familia","isPartOf":{"@id":"https:\/\/webdelmaestrocmf.com\/portal\/#website"},"primaryImageOfPage":{"@id":"https:\/\/webdelmaestrocmf.com\/portal\/la-nutricion-es-una-herramienta-tremendamente-valida-y-util-cuando-comes-con-tu-familia\/#primaryimage"},"image":{"@id":"https:\/\/webdelmaestrocmf.com\/portal\/la-nutricion-es-una-herramienta-tremendamente-valida-y-util-cuando-comes-con-tu-familia\/#primaryimage"},"thumbnailUrl":"https:\/\/webdelmaestrocmf.com\/portal\/wp-content\/uploads\/2018\/07\/1-55.jpg","datePublished":"2018-07-23T01:01:34+00:00","dateModified":"2019-09-20T13:44:05+00:00","description":"Su pensamiento, respecto a la educaci\u00f3n, relaciona la neuroeducaci\u00f3n y el aprendizaje por el placer y no por la obligaci\u00f3n: \u201cSi me gusta, mis motores...","breadcrumb":{"@id":"https:\/\/webdelmaestrocmf.com\/portal\/la-nutricion-es-una-herramienta-tremendamente-valida-y-util-cuando-comes-con-tu-familia\/#breadcrumb"},"inLanguage":"es","potentialAction":[{"@type":"ReadAction","target":["https:\/\/webdelmaestrocmf.com\/portal\/la-nutricion-es-una-herramienta-tremendamente-valida-y-util-cuando-comes-con-tu-familia\/"]}]},{"@type":"ImageObject","inLanguage":"es","@id":"https:\/\/webdelmaestrocmf.com\/portal\/la-nutricion-es-una-herramienta-tremendamente-valida-y-util-cuando-comes-con-tu-familia\/#primaryimage","url":"https:\/\/webdelmaestrocmf.com\/portal\/wp-content\/uploads\/2018\/07\/1-55.jpg","contentUrl":"https:\/\/webdelmaestrocmf.com\/portal\/wp-content\/uploads\/2018\/07\/1-55.jpg","width":1100,"height":680},{"@type":"BreadcrumbList","@id":"https:\/\/webdelmaestrocmf.com\/portal\/la-nutricion-es-una-herramienta-tremendamente-valida-y-util-cuando-comes-con-tu-familia\/#breadcrumb","itemListElement":[{"@type":"ListItem","position":1,"name":"Portada","item":"https:\/\/webdelmaestrocmf.com\/portal\/"},{"@type":"ListItem","position":2,"name":"Charlas","item":"https:\/\/webdelmaestrocmf.com\/portal\/category\/charlas\/"},{"@type":"ListItem","position":3,"name":"La nutrici\u00f3n es una herramienta tremendamente v\u00e1lida y \u00fatil cuando comes con tu familia"}]},{"@type":"WebSite","@id":"https:\/\/webdelmaestrocmf.com\/portal\/#website","url":"https:\/\/webdelmaestrocmf.com\/portal\/","name":"Web del Maestro CMF","description":"Maestros al servicio de la educaci\u00f3n","publisher":{"@id":"https:\/\/webdelmaestrocmf.com\/portal\/#organization"},"alternateName":"WMCMF","potentialAction":[{"@type":"SearchAction","target":{"@type":"EntryPoint","urlTemplate":"https:\/\/webdelmaestrocmf.com\/portal\/?s={search_term_string}"},"query-input":{"@type":"PropertyValueSpecification","valueRequired":true,"valueName":"search_term_string"}}],"inLanguage":"es"},{"@type":"Organization","@id":"https:\/\/webdelmaestrocmf.com\/portal\/#organization","name":"Web del Maestro CMF","alternateName":"WMCMF","url":"https:\/\/webdelmaestrocmf.com\/portal\/","logo":{"@type":"ImageObject","inLanguage":"es","@id":"https:\/\/webdelmaestrocmf.com\/portal\/#\/schema\/logo\/image\/","url":"https:\/\/webdelmaestrocmf.com\/portal\/wp-content\/uploads\/2023\/01\/logo-wmcmf-2.png","contentUrl":"https:\/\/webdelmaestrocmf.com\/portal\/wp-content\/uploads\/2023\/01\/logo-wmcmf-2.png","width":200,"height":60,"caption":"Web del Maestro CMF"},"image":{"@id":"https:\/\/webdelmaestrocmf.com\/portal\/#\/schema\/logo\/image\/"},"sameAs":["https:\/\/www.facebook.com\/WebdelMaestroCMF\/","https:\/\/x.com\/cmf_w","https:\/\/www.pinterest.com\/WMCMF\/","https:\/\/www.linkedin.com\/company\/web-del-maestro-cmf\/","https:\/\/www.instagram.com\/wmcmf\/","https:\/\/www.youtube.com\/channel\/UCDPSvjbdodE5sHnC3OxutHw","https:\/\/mastodon.social\/@wmcmf","https:\/\/www.tiktok.com\/@webdelmaestrocmf"]},{"@type":"Person","@id":"https:\/\/webdelmaestrocmf.com\/portal\/#\/schema\/person\/1072a2ed7bd960df8ef99a551fa35dc5","name":"Web del Maestro CMF","image":{"@type":"ImageObject","inLanguage":"es","@id":"https:\/\/secure.gravatar.com\/avatar\/23291dd5b5ae1077dcff3dbb04c3e02bd28403fa75af6d8787d5e97c5bbbe30b?s=96&d=mm&r=g","url":"https:\/\/secure.gravatar.com\/avatar\/23291dd5b5ae1077dcff3dbb04c3e02bd28403fa75af6d8787d5e97c5bbbe30b?s=96&d=mm&r=g","contentUrl":"https:\/\/secure.gravatar.com\/avatar\/23291dd5b5ae1077dcff3dbb04c3e02bd28403fa75af6d8787d5e97c5bbbe30b?s=96&d=mm&r=g","caption":"Web del Maestro CMF"},"description":"Esta Web se cre\u00f3 sin fines de lucro, con fines educativos, cient\u00edficos y acad\u00e9micos, para personas que tengan dificultades y\/o inconvenientes en visualizar el material original. El objetivo es entregar recursos, compartir experiencias y materiales que ayuden a los padres de familia, maestros y estudiantes en su actualizaci\u00f3n y formaci\u00f3n permanente, en bien de la Educaci\u00f3n.","sameAs":["http:\/\/webdelmaestrocmf.com\/portal","https:\/\/www.facebook.com\/WebdelMaestroCMF\/","https:\/\/www.instagram.com\/wmcmf\/","https:\/\/cl.linkedin.com\/company\/web-del-maestro-cmf","https:\/\/www.pinterest.com\/WMCMF\/publicaciones\/","https:\/\/x.com\/cmf_w","https:\/\/www.youtube.com\/@WMCMF"]}]}},"jetpack_featured_media_url":"https:\/\/webdelmaestrocmf.com\/portal\/wp-content\/uploads\/2018\/07\/1-55.jpg","jetpack_sharing_enabled":true,"jetpack-related-posts":[{"id":45682,"url":"https:\/\/webdelmaestrocmf.com\/portal\/los-huertos-como-herramienta-pedagogica-material-de-descarga\/","url_meta":{"origin":29341,"position":0},"title":"Los huertos como herramienta pedag\u00f3gica: descarga el proyecto de huerto escolar","author":"Web del Maestro CMF","date":"5 abril, 2026","format":false,"excerpt":"Descarga proyectos de huerto escolar en Word y PDF con 100 ideas pr\u00e1cticas para todos los niveles. Recurso listo para aplicar que fomenta aprendizaje activo, conciencia ambiental y trabajo colaborativo.","rel":"","context":"En \u00abBienestar Familiar\u00bb","block_context":{"text":"Bienestar Familiar","link":"https:\/\/webdelmaestrocmf.com\/portal\/category\/pedagogia\/bienestar-familiar\/"},"img":{"alt_text":"","src":"https:\/\/i0.wp.com\/webdelmaestrocmf.com\/portal\/wp-content\/uploads\/2026\/04\/1AA-Banner-1-portada-imagen-10-1-copia-19.webp?resize=350%2C200&ssl=1","width":350,"height":200,"srcset":"https:\/\/i0.wp.com\/webdelmaestrocmf.com\/portal\/wp-content\/uploads\/2026\/04\/1AA-Banner-1-portada-imagen-10-1-copia-19.webp?resize=350%2C200&ssl=1 1x, https:\/\/i0.wp.com\/webdelmaestrocmf.com\/portal\/wp-content\/uploads\/2026\/04\/1AA-Banner-1-portada-imagen-10-1-copia-19.webp?resize=525%2C300&ssl=1 1.5x, https:\/\/i0.wp.com\/webdelmaestrocmf.com\/portal\/wp-content\/uploads\/2026\/04\/1AA-Banner-1-portada-imagen-10-1-copia-19.webp?resize=700%2C400&ssl=1 2x, https:\/\/i0.wp.com\/webdelmaestrocmf.com\/portal\/wp-content\/uploads\/2026\/04\/1AA-Banner-1-portada-imagen-10-1-copia-19.webp?resize=1050%2C600&ssl=1 3x"},"classes":[]},{"id":107867,"url":"https:\/\/webdelmaestrocmf.com\/portal\/las-7-materias-claves-que-deberian-ensenarse-en-la-escuela\/","url_meta":{"origin":29341,"position":1},"title":"Las 7 materias claves que deber\u00edan reforzar en la escuela","author":"Web del Maestro CMF","date":"7 febrero, 2025","format":false,"excerpt":"La educaci\u00f3n tiene el poder de cambiar sociedades, transformar vidas y definir el futuro de un pa\u00eds. Sin embargo, nuestros sistemas educativos siguen aferrados a modelos tradicionales que no preparan realmente a los estudiantes para la vida moderna. \u00bfQu\u00e9 pasar\u00eda si replante\u00e1ramos la ense\u00f1anza y nos enfoc\u00e1ramos en los temas\u2026","rel":"","context":"En \u00abCursos\u00bb","block_context":{"text":"Cursos","link":"https:\/\/webdelmaestrocmf.com\/portal\/category\/cursos\/"},"img":{"alt_text":"","src":"https:\/\/i0.wp.com\/webdelmaestrocmf.com\/portal\/wp-content\/uploads\/2025\/02\/1A-Banner-1-portada-imagen-10-1-2.jpg?resize=350%2C200&ssl=1","width":350,"height":200,"srcset":"https:\/\/i0.wp.com\/webdelmaestrocmf.com\/portal\/wp-content\/uploads\/2025\/02\/1A-Banner-1-portada-imagen-10-1-2.jpg?resize=350%2C200&ssl=1 1x, https:\/\/i0.wp.com\/webdelmaestrocmf.com\/portal\/wp-content\/uploads\/2025\/02\/1A-Banner-1-portada-imagen-10-1-2.jpg?resize=525%2C300&ssl=1 1.5x, https:\/\/i0.wp.com\/webdelmaestrocmf.com\/portal\/wp-content\/uploads\/2025\/02\/1A-Banner-1-portada-imagen-10-1-2.jpg?resize=700%2C400&ssl=1 2x"},"classes":[]},{"id":101379,"url":"https:\/\/webdelmaestrocmf.com\/portal\/que-es-un-huerto-escolar-creacion-y-manejo\/","url_meta":{"origin":29341,"position":2},"title":"\u00bfQu\u00e9 es un huerto escolar? \u00bfC\u00f3mo crearlo y manejarlo?","author":"Web del Maestro CMF","date":"15 enero, 2024","format":false,"excerpt":"Tener contacto con la naturaleza, crear un v\u00ednculo con lo natural, ense\u00f1ar a cultivarlo y protegerlo, puede ser una de las experiencias educativas m\u00e1s hermosas. Es por ello que queremos compartirles un manual de c\u00f3mo implementar un huerto escolar. Crear un huerto escolar con los alumnos nos brinda muchos beneficios,\u2026","rel":"","context":"En \u00abDescargas Manuales PDF\u00bb","block_context":{"text":"Descargas Manuales PDF","link":"https:\/\/webdelmaestrocmf.com\/portal\/category\/pedagogia\/descargas-manuales-pdf\/"},"img":{"alt_text":"","src":"https:\/\/i0.wp.com\/webdelmaestrocmf.com\/portal\/wp-content\/uploads\/2023\/12\/Banner-1-portada-imagen-10-17.jpg?resize=350%2C200&ssl=1","width":350,"height":200,"srcset":"https:\/\/i0.wp.com\/webdelmaestrocmf.com\/portal\/wp-content\/uploads\/2023\/12\/Banner-1-portada-imagen-10-17.jpg?resize=350%2C200&ssl=1 1x, https:\/\/i0.wp.com\/webdelmaestrocmf.com\/portal\/wp-content\/uploads\/2023\/12\/Banner-1-portada-imagen-10-17.jpg?resize=525%2C300&ssl=1 1.5x, https:\/\/i0.wp.com\/webdelmaestrocmf.com\/portal\/wp-content\/uploads\/2023\/12\/Banner-1-portada-imagen-10-17.jpg?resize=700%2C400&ssl=1 2x"},"classes":[]},{"id":95471,"url":"https:\/\/webdelmaestrocmf.com\/portal\/tecnicas-para-ayudar-a-sus-estudiantes-a-alcanzar-el-equilibrio-la-concentracion-y-mejorar-sus-habilidades-para-aprender-y-memorizar\/","url_meta":{"origin":29341,"position":3},"title":"T\u00e9cnicas para ayudar a sus estudiantes a alcanzar el equilibrio, la concentraci\u00f3n y mejorar sus habilidades para aprender y memorizar","author":"Web del Maestro CMF","date":"6 octubre, 2025","format":false,"excerpt":"Exploraremos una serie de t\u00e9cnicas efectivas dise\u00f1adas para ayudar a los educadores a guiar a sus estudiantes hacia el equilibrio, la concentraci\u00f3n y la mejora de sus habilidades de aprendizaje y memorizaci\u00f3n.","rel":"","context":"En \u00abEstudiantes\u00bb","block_context":{"text":"Estudiantes","link":"https:\/\/webdelmaestrocmf.com\/portal\/category\/pedagogia\/estudiantes\/"},"img":{"alt_text":"","src":"https:\/\/i0.wp.com\/webdelmaestrocmf.com\/portal\/wp-content\/uploads\/2023\/09\/1A-Banner-1-portada-imagen-10-1-copia-1.webp?resize=350%2C200&ssl=1","width":350,"height":200,"srcset":"https:\/\/i0.wp.com\/webdelmaestrocmf.com\/portal\/wp-content\/uploads\/2023\/09\/1A-Banner-1-portada-imagen-10-1-copia-1.webp?resize=350%2C200&ssl=1 1x, https:\/\/i0.wp.com\/webdelmaestrocmf.com\/portal\/wp-content\/uploads\/2023\/09\/1A-Banner-1-portada-imagen-10-1-copia-1.webp?resize=525%2C300&ssl=1 1.5x, https:\/\/i0.wp.com\/webdelmaestrocmf.com\/portal\/wp-content\/uploads\/2023\/09\/1A-Banner-1-portada-imagen-10-1-copia-1.webp?resize=700%2C400&ssl=1 2x"},"classes":[]},{"id":45446,"url":"https:\/\/webdelmaestrocmf.com\/portal\/10-perjuicios-ante-el-cierre-de-las-escuelas-a-causa-del-covid-19\/","url_meta":{"origin":29341,"position":4},"title":"10 perjuicios ante el cierre de las escuelas a causa del Covid 19","author":"Web del Maestro CMF","date":"14 marzo, 2020","format":false,"excerpt":"La experiencia de la interrupci\u00f3n de las actividades escolares por un per\u00edodo significativo, a trav\u00e9s de los a\u00f1os de servicio docente, no es nueva. De pa\u00eds a pa\u00eds variar\u00e1 si se cerraron las escuelas por motivos de huelgas, desastres climatol\u00f3gicos, conflictos sociales, acontecimientos territoriales excepcionales, etc. Pero es la primera\u2026","rel":"","context":"En \u00abYo opino - WMCMF\u00bb","block_context":{"text":"Yo opino - WMCMF","link":"https:\/\/webdelmaestrocmf.com\/portal\/category\/jamb\/"},"img":{"alt_text":"","src":"https:\/\/i0.wp.com\/webdelmaestrocmf.com\/portal\/wp-content\/uploads\/2020\/03\/1-13.jpg?resize=350%2C200&ssl=1","width":350,"height":200,"srcset":"https:\/\/i0.wp.com\/webdelmaestrocmf.com\/portal\/wp-content\/uploads\/2020\/03\/1-13.jpg?resize=350%2C200&ssl=1 1x, https:\/\/i0.wp.com\/webdelmaestrocmf.com\/portal\/wp-content\/uploads\/2020\/03\/1-13.jpg?resize=525%2C300&ssl=1 1.5x, https:\/\/i0.wp.com\/webdelmaestrocmf.com\/portal\/wp-content\/uploads\/2020\/03\/1-13.jpg?resize=700%2C400&ssl=1 2x, https:\/\/i0.wp.com\/webdelmaestrocmf.com\/portal\/wp-content\/uploads\/2020\/03\/1-13.jpg?resize=1050%2C600&ssl=1 3x"},"classes":[]},{"id":114907,"url":"https:\/\/webdelmaestrocmf.com\/portal\/descarga-la-boleta-de-autoevaluacion-para-padres-de-familia-una-herramienta-clave-para-fortalecer-el-vinculo-escuela-familia\/","url_meta":{"origin":29341,"position":5},"title":"Descarga la Boleta de autoevaluaci\u00f3n para padres de familia: una herramienta clave para fortalecer el v\u00ednculo escuela\u2013familia","author":"Web del Maestro CMF","date":"21 enero, 2026","format":false,"excerpt":"Herramienta pedag\u00f3gica que invita a los padres a reflexionar sobre su compromiso educativo y fortalecer la corresponsabilidad familia escuela hogar.","rel":"","context":"En \u00abDescargas Manuales PDF\u00bb","block_context":{"text":"Descargas Manuales PDF","link":"https:\/\/webdelmaestrocmf.com\/portal\/category\/pedagogia\/descargas-manuales-pdf\/"},"img":{"alt_text":"","src":"https:\/\/i0.wp.com\/webdelmaestrocmf.com\/portal\/wp-content\/uploads\/2026\/01\/1A-Banner-1-portada-imagen-10-1-copia-1-10.webp?resize=350%2C200&ssl=1","width":350,"height":200,"srcset":"https:\/\/i0.wp.com\/webdelmaestrocmf.com\/portal\/wp-content\/uploads\/2026\/01\/1A-Banner-1-portada-imagen-10-1-copia-1-10.webp?resize=350%2C200&ssl=1 1x, https:\/\/i0.wp.com\/webdelmaestrocmf.com\/portal\/wp-content\/uploads\/2026\/01\/1A-Banner-1-portada-imagen-10-1-copia-1-10.webp?resize=525%2C300&ssl=1 1.5x, https:\/\/i0.wp.com\/webdelmaestrocmf.com\/portal\/wp-content\/uploads\/2026\/01\/1A-Banner-1-portada-imagen-10-1-copia-1-10.webp?resize=700%2C400&ssl=1 2x"},"classes":[]}],"_links":{"self":[{"href":"https:\/\/webdelmaestrocmf.com\/portal\/wp-json\/wp\/v2\/posts\/29341","targetHints":{"allow":["GET"]}}],"collection":[{"href":"https:\/\/webdelmaestrocmf.com\/portal\/wp-json\/wp\/v2\/posts"}],"about":[{"href":"https:\/\/webdelmaestrocmf.com\/portal\/wp-json\/wp\/v2\/types\/post"}],"author":[{"embeddable":true,"href":"https:\/\/webdelmaestrocmf.com\/portal\/wp-json\/wp\/v2\/users\/1"}],"replies":[{"embeddable":true,"href":"https:\/\/webdelmaestrocmf.com\/portal\/wp-json\/wp\/v2\/comments?post=29341"}],"version-history":[{"count":0,"href":"https:\/\/webdelmaestrocmf.com\/portal\/wp-json\/wp\/v2\/posts\/29341\/revisions"}],"wp:featuredmedia":[{"embeddable":true,"href":"https:\/\/webdelmaestrocmf.com\/portal\/wp-json\/wp\/v2\/media\/29347"}],"wp:attachment":[{"href":"https:\/\/webdelmaestrocmf.com\/portal\/wp-json\/wp\/v2\/media?parent=29341"}],"wp:term":[{"taxonomy":"category","embeddable":true,"href":"https:\/\/webdelmaestrocmf.com\/portal\/wp-json\/wp\/v2\/categories?post=29341"},{"taxonomy":"post_tag","embeddable":true,"href":"https:\/\/webdelmaestrocmf.com\/portal\/wp-json\/wp\/v2\/tags?post=29341"}],"curies":[{"name":"wp","href":"https:\/\/api.w.org\/{rel}","templated":true}]}}