{"id":28960,"date":"2019-10-04T17:17:11","date_gmt":"2019-10-04T20:17:11","guid":{"rendered":"http:\/\/webdelmaestrocmf.com\/portal\/?p=28960"},"modified":"2019-10-04T23:10:26","modified_gmt":"2019-10-05T02:10:26","slug":"los-errores-son-maravillosas-oportunidades-de-aprendizaje","status":"publish","type":"post","link":"https:\/\/webdelmaestrocmf.com\/portal\/los-errores-son-maravillosas-oportunidades-de-aprendizaje\/","title":{"rendered":"Pilar Sanz: Los errores son maravillosas oportunidades de aprendizaje"},"content":{"rendered":"<h5 style=\"text-align: justify;\">La profesora y escritora espa\u00f1ola Pilar Sanz Cervera es Doctora en Educaci\u00f3n, Licenciada en Psicopedagog\u00eda, Maestra de Educaci\u00f3n Infantil, Master en Profesor de Educaci\u00f3n Secundaria (Especialidad orientaci\u00f3n educativa) y M\u00e1ster en Neurociencia Cognitiva. Ella sostiene que ella misma decide sonre\u00edr \u201cy de tanto sonre\u00edr, la vida me regala momentos m\u00e1gicos llenos de sonrisas. Y si a m\u00ed me est\u00e1 ocurriendo, si yo he podido superar momentos duros, y sonre\u00edr. T\u00fa, si t\u00fa quieres y as\u00ed lo decides, tambi\u00e9n puedes\u201d.<\/h5>\n<p><!--more--><\/p>\n<p style=\"text-align: justify;\">Actualmente es docente e investigadora de la Universidad de Valencia (Espa\u00f1a), impartiendo docencia a uno de los principales agentes del cambio, los futuros maestros. Y el inter\u00e9s de su investigaci\u00f3n se centra \u201cen el estudio de los ni\u00f1os con Necesidades Espec\u00edficas de Apoyo Educativo con el objetivo \u00faltimo de mejorar la prevenci\u00f3n e intervenci\u00f3n educativa de estos ni\u00f1os\u201d. Hace poco public\u00f3 su libro <strong><em>\u00a1Adultos despiertos, ni\u00f1@s felices!,<\/em><\/strong> en el que Pilar parte de su propia experiencia vital, integrando las potencialidades del desarrollo personal en el \u00e1mbito educativo.<\/p>\n<p><a href=\"https:\/\/webdelmaestrocmf.com\/portal\/wp-content\/uploads\/2018\/07\/1-160.jpg\"><img loading=\"lazy\" decoding=\"async\" class=\"alignnone size-full wp-image-41376\" src=\"https:\/\/webdelmaestrocmf.com\/portal\/wp-content\/uploads\/2018\/07\/1-160.jpg\" alt=\"\" width=\"1100\" height=\"680\" srcset=\"https:\/\/webdelmaestrocmf.com\/portal\/wp-content\/uploads\/2018\/07\/1-160.jpg 1100w, https:\/\/webdelmaestrocmf.com\/portal\/wp-content\/uploads\/2018\/07\/1-160-300x185.jpg 300w, https:\/\/webdelmaestrocmf.com\/portal\/wp-content\/uploads\/2018\/07\/1-160-768x475.jpg 768w, https:\/\/webdelmaestrocmf.com\/portal\/wp-content\/uploads\/2018\/07\/1-160-1024x633.jpg 1024w, https:\/\/webdelmaestrocmf.com\/portal\/wp-content\/uploads\/2018\/07\/1-160-110x68.jpg 110w, https:\/\/webdelmaestrocmf.com\/portal\/wp-content\/uploads\/2018\/07\/1-160-200x124.jpg 200w, https:\/\/webdelmaestrocmf.com\/portal\/wp-content\/uploads\/2018\/07\/1-160-380x235.jpg 380w, https:\/\/webdelmaestrocmf.com\/portal\/wp-content\/uploads\/2018\/07\/1-160-255x158.jpg 255w, https:\/\/webdelmaestrocmf.com\/portal\/wp-content\/uploads\/2018\/07\/1-160-550x340.jpg 550w, https:\/\/webdelmaestrocmf.com\/portal\/wp-content\/uploads\/2018\/07\/1-160-800x495.jpg 800w\" sizes=\"auto, (max-width: 1100px) 100vw, 1100px\" \/><\/a><\/p>\n<p style=\"text-align: justify;\">La profesora Pilar afirma que \u201cm\u00e1s all\u00e1 de ense\u00f1ar y aprender, <strong>EDUCAR<\/strong> requiere <strong>DESPERTAR<\/strong> de ese sue\u00f1o hipn\u00f3tico en el que vivimos&#8230; [\u2026] es posible cambiar esa realidad \u2026 \u201c. Para conocer su propuesta educativa les invitamos visualizar este video, colgado por ella en YouTube.<\/p>\n<h5><strong>\u00bfEN QU\u00c9 CONSISTE EL DESPERTAR DE LA EDUCACI\u00d3N?\u00a0<\/strong>(2\u00b450\u201d)<\/h5>\n<p><iframe loading=\"lazy\" src=\"https:\/\/www.youtube.com\/embed\/n4dIr0hyOK4\" width=\"100%\" height=\"400\" frameborder=\"0\" allowfullscreen=\"allowfullscreen\"><span data-mce-type=\"bookmark\" style=\"display: inline-block; width: 0px; overflow: hidden; line-height: 0;\" class=\"mce_SELRES_start\">\ufeff<\/span><span data-mce-type=\"bookmark\" style=\"display: inline-block; width: 0px; overflow: hidden; line-height: 0;\" class=\"mce_SELRES_start\">\ufeff<\/span><\/iframe><\/p>\n<p style=\"text-align: justify;\">El Pa\u00eds (Espa\u00f1a) publica una entrevista de Carlos Rivera a esta investigadora educativa de Educaci\u00f3n Infantil, que \u201cpretende ir m\u00e1s all\u00e1 de <strong>ense\u00f1ar a c\u00f3mo educar para dar con un m\u00e9todo<\/strong> que no se encuentra en manuales ni se puede estudiar en la Universidad\u201d. Y compartimos, por motivos \u00fanicamente educativos \u2013 pastorales tres preguntas de Carlos Rivera y las respuestas de Pilar Sanz, que consideramos nos revelan su propuesta sobre la educaci\u00f3n consciente, el c\u00f3mo sanar las heridas de la infancia, su opini\u00f3n sobre el sistema educativo y el no enfocar la educaci\u00f3n en el error de los ni\u00f1os(as).<\/p>\n<h5><strong>CARLOS RIVERA.<\/strong>\u00a0 <strong>\u00bfEn qu\u00e9 consiste exactamente la educaci\u00f3n consciente?<\/strong><\/h5>\n<p style=\"text-align: justify;\"><strong>PILAR SANZ.<\/strong> <em>La educaci\u00f3n consciente, desde mi propia experiencia y sentir, <strong>consiste en despertar, en darse cuenta, en experimentar esos momentos \u201caj\u00e1\u201d, conocidos tambi\u00e9n como momentos eureka.<\/strong> Esto implica reconocer todos esos <strong>patrones heredados<\/strong> que hemos aprendido a trav\u00e9s de la educaci\u00f3n que hemos recibido. Se trata de un \u201cpillarse\u201d continuamente al reproducir ciertas pautas de actuaci\u00f3n sobre c\u00f3mo nos educaron a nosotros mismos. <strong>Darnos cuenta ya es un paso muy importante y necesario<\/strong>, un punto de partida, a partir del cual poder transformar la realidad. No obstante, cabe evitar vivir ese darse cuenta como un reproche o castigo. Es necesario <strong>vivirlo desde la aceptaci\u00f3n y la comprensi\u00f3n<\/strong> de que nuestros antepasados lo hicieron lo mejor, que pudieron y supieron, al igual que nosotros tambi\u00e9n lo estamos haciendo, cada uno desde nuestro propio nivel de consciencia. <strong>Reconocer todo su trabajo y esfuerzo es un acto de amor<\/strong> que, en s\u00ed mismo, ya implica una transformaci\u00f3n en la educaci\u00f3n a nivel subconsciente.<\/em><\/p>\n<h5><strong>CARLOS RIVERA.<\/strong> <strong>\u00bfC\u00f3mo transmutar las HERIDAS de tu propia INFANCIA para poder educar de manera consciente?<\/strong><\/h5>\n<p style=\"text-align: justify;\"><strong>PILAR SANZ.<\/strong> <strong><em>Para poder transmutar las heridas de nuestra propia infancia<\/em><\/strong><em>, el primer paso consiste en <strong>escuchar a nuestro propio ni\u00f1o interior<\/strong>, un ni\u00f1o que tal vez est\u00e9 todav\u00eda asustado, puede que dolido, o incluso con tantos miedos, que no nos deje avanzar en nuestra vida actual. Todos, absolutamente todos, hemos sufrido a lo largo de nuestra infancia, y es por ello por lo que <strong>todos poseemos un ni\u00f1o herido en nuestro interior<\/strong>, que necesita de nuestra atenci\u00f3n. Sanar las heridas de la infancia <strong>es un acto de valent\u00eda en s\u00ed mismo<\/strong>, que no todo el mundo est\u00e1 dispuesto a realizar, puede que por miedo o tal vez por desconocimiento, de que detr\u00e1s de ese gran dolor, <strong>resurge una nueva vida<\/strong>, en la que todo es posible y los sue\u00f1os se cumplen. Son muchas las t\u00e9cnicas que se pueden utilizar para transmutar estas heridas, pero si tuviese que escoger alguna, me decantar\u00eda por el poder que conlleva <strong>el trabajo con el perd\u00f3n<\/strong>, sin lugar a duda.<\/em><\/p>\n<h5><strong>CARLOS RIVERA.<\/strong> <strong>\u00abConf\u00edo plenamente en que otra educaci\u00f3n es posible\u00bb, a partir de esta afirmaci\u00f3n, \u00bfqu\u00e9 crees que falla \u2026?<\/strong><strong><em>\u00a0<\/em><\/strong><\/h5>\n<p style=\"text-align: justify;\"><strong>PILAR SANZ.<\/strong> \u201c<em>La verdad es que no me gusta hablar de fallos por dos motivos principalmente: el primero de ellos porque <strong>criticando \u00fanicamente no se consiguen cambios<\/strong>, y el segundo motivo porque all\u00e1 donde prestamos nuestra atenci\u00f3n se expande. Poner el foco en todo aquello negativo hace que expandamos la energ\u00eda en esa direcci\u00f3n, y <strong>ya tenemos suficiente negatividad a nuestro alrededor<\/strong>. Considero que es m\u00e1s interesante hablar sobre lo que s\u00ed podemos cambiar, y <strong>empezar por realizar esos cambios<\/strong> desde este preciso momento, sin esperar cambios en la legislaci\u00f3n, ni tampoco en el hecho de disponer de m\u00e1s recursos. En la mayor\u00eda de ocasiones, nos adentramos en la cr\u00edtica y la lamentaci\u00f3n, y no nos damos cuenta de que pasa una generaci\u00f3n, y otra, y otra\u2026 y todo sigue igual. Tenemos mucho m\u00e1s poder de transformaci\u00f3n de lo que podemos llegar a imaginar. <strong>El principal cambio del sistema<\/strong>, desde mi propia experiencia, deber\u00eda centrarse en <strong>valorar todo aquello positivo de cada alumno,<\/strong> escuchar su propia voz, y considerar, en cada caso, sus propios anhelos para poder impulsarlos hacia su propia felicidad y autorrealizaci\u00f3n personal. Este cambio no requiere de recursos, ni siquiera de cambios en la propia legislaci\u00f3n. Este es un cambio mucho m\u00e1s profundo, <strong>un cambio de apertura de consciencias<\/strong>, de una nueva y necesaria mentalidad, de una actitud diferente, de un compromiso, y, en definitiva, de un querer ser, hacer, tener y contribuir\u201d.<\/em><\/p>\n<p><img loading=\"lazy\" decoding=\"async\" class=\"alignnone size-full wp-image-28963\" src=\"http:\/\/webdelmaestrocmf.com\/portal\/wp-content\/uploads\/2018\/07\/1-11.jpg\" alt=\"\" width=\"900\" height=\"507\" srcset=\"https:\/\/webdelmaestrocmf.com\/portal\/wp-content\/uploads\/2018\/07\/1-11.jpg 900w, https:\/\/webdelmaestrocmf.com\/portal\/wp-content\/uploads\/2018\/07\/1-11-300x169.jpg 300w, https:\/\/webdelmaestrocmf.com\/portal\/wp-content\/uploads\/2018\/07\/1-11-768x433.jpg 768w\" sizes=\"auto, (max-width: 900px) 100vw, 900px\" \/><\/p>\n<h5><strong>CARLOS RIVERA.<\/strong> <strong>Algunos padres parecen centrarse solo en recriminar a los ni\u00f1os lo malo, \u00bfC\u00f3mo permitir que los ni\u00f1os brillen con luz propia, equilibrando la balanza entre las cosas positivas y negativas del ni\u00f1o?<\/strong><\/h5>\n<p style=\"text-align: justify;\"><strong>PILAR SANZ.<\/strong> \u201c<em>Como comentaba anteriormente, es imposible brillar con luz propia cuando <strong>centramos toda nuestra atenci\u00f3n en todo aquello negativo<\/strong>, todo lo que el ni\u00f1o supuestamente no sabe y todos esos comportamientos que los adultos consideramos como poco deseables. Ese es el paradigma general que todav\u00eda prevalece en la actualidad, un paradigma caduco, que no nos ha aportado m\u00e1s que un sinf\u00edn de limitaciones, miedos y bloqueos varios. Si realmente deseamos que nuestros ni\u00f1os sean quienes han venido a ser, y que puedan expandir su luz, en su propio y \u00fanico brillo que nos caracteriza a cada uno, es esencial realizar un cambio de enfoque. Esto es focalizar nuestra atenci\u00f3n en todo aquello positivo, <strong>valorar todos esos aspectos que al ni\u00f1o se le dan bien, aquello con lo que disfruta, y celebrar sus propios \u00e9xitos,<\/strong> al igual que tambi\u00e9n debemos celebrar los nuestros. Por supuesto que tambi\u00e9n cabe trabajar sobre aquello que m\u00e1s esfuerzo conlleva, pero sin castigos ni recriminaciones. <strong>Los errores son maravillosas oportunidades de aprendizaje<\/strong>, que nos permiten crecer, y que por tanto tambi\u00e9n merecen ser celebrados. Es clave considerar que <strong>sin errores no habr\u00eda aprendizajes<\/strong>, de manera que la propia vida no tendr\u00eda sentido alguno. Todo empieza por uno mismo, as\u00ed que la clave principal consiste en ser un faro entre la oscuridad y, simplemente, permitirte brillar, porque <strong>cuando t\u00fa cambias, todo se transforma a tu alrededor<\/strong>, como por arte de magia, o tal vez ciencia ficci\u00f3n\u201d.<\/em><\/p>\n<p style=\"text-align: justify;\">La entrevista completa la puede Usted leer en: <a href=\"https:\/\/elpais.com\/elpais\/2018\/06\/12\/mamas_papas\/1528812216_293202.html\" target=\"_blank\" rel=\"noopener noreferrer\"><strong>\u201cLOS ERRORES DE LOS NI\u00d1OS SON OPORTUNIDADES DE APRENDER Y MERECEN SER CELEBRADOS, NO CASTIGADOS\u201d<\/strong><\/a><\/p>\n<p style=\"text-align: justify;\">Nos permitimos compartir cuatro reflexiones de la Profesora Pilar, que ella publica en su Blog, y que bien podr\u00edan servirnos como recursos para el di\u00e1logo en nuestra comunidad educativa:<\/p>\n<p style=\"text-align: justify;\">\u201cEl perd\u00f3n es una de esas ASIGNATURAS PENDIENTES que no se trabaja en las escuelas, al menos como se deber\u00eda trabajar, y tod@s hemos llevado arrastrando esta asignatura de un curso a otro, hasta el punto de NO SABER QU\u00c9 ES ESO DE PERDONAR\u2026\u201d (CUANDO EL <strong>PERD\u00d3N<\/strong> SE CONVIERTE EN <strong>LIBERACI\u00d3N<\/strong>)<\/p>\n<p style=\"text-align: justify;\">\u201cHe podido vislumbrar la preocupaci\u00f3n de muchos padres y tambi\u00e9n docentes, entre los que yo misma me incluyo, quienes tal vez sin darnos cuenta transmitimos un miedo infundado que entra en contrariedad con aquello que sinceramente deseamos\u2026\u201d (\u00bfPor qu\u00e9 tenemos tanto <strong>MIEDO A BRILLAR<\/strong>?).<\/p>\n<p style=\"text-align: justify;\">\u201cLa realidad es que reconocer p\u00fablicamente el hecho de haber sufrido acoso escolar despu\u00e9s de haber vivido toda una vida en silencio, adem\u00e1s de compartir el dolor que ocasiona la separaci\u00f3n de las dos personas m\u00e1s importantes en la vida de un ni\u00f1o, cuesta\u2026\u201d (EL DESPERTAR DE LA EDUCACI\u00d3N)<\/p>\n<p style=\"text-align: justify;\"><em>\u201cAhora comprendo que todo lo vivido fue necesario para mi propia evoluci\u00f3n, pero estoy segura de que muchos ni\u00f1os y familias pueden evitar mucho sufrimiento gracias a estos aprendizajes, ese es realmente EL GRAN PORQU\u00c9 DEL DESPERTAR DE LA EDUCACI\u00d3N<\/em>\u201d.<\/p>\n<p style=\"text-align: justify;\">Los datos de la profesora Sanz y los textos en comillas han sido tomados de su Portal: <a href=\"http:\/\/pilarsanzcervera.com\/\" target=\"_blank\" rel=\"noopener noreferrer\"><strong>\u00a1HOLA! SOY PILAR, DOCTORA EN EDUCACI\u00d3N Y ME DEDICO A LA INVESTIGACI\u00d3N Y FORMACI\u00d3N DE FAMILIAS Y MAESTROS.<\/strong><\/a><\/p>\n<p style=\"text-align: right;\"><strong>REDACCI\u00d3N WEB DEL MAESTRO CMF<\/strong><\/p>\n\t\t<div class=\"pk-inline-posts\">\n\t\t\t\n\t\t\t<div class=\"pk-inline-posts-container pk-inline-posts-template-list\"\n\t\t\t\tdata-columns=\"1\">\n\t\t\t\t\t\t<article id=\"post-118480\" class=\"post-118480 post type-post status-publish format-standard has-post-thumbnail category-entrevistas category-noticias tag-aprendizaje tag-autonomia-3 tag-desarrollo tag-docentes tag-educacion-2 tag-ensenanza-2 tag-escuela tag-infancia tag-juego tag-pedagogia-2 cs-entry cs-video-wrap\">\n\t\t\t<div class=\"pk-post-outer\">\n\n\t\t\t\t\t\t\t\t<div class=\"pk-post-inner\">\n\t\t\t\t\t<div class=\"entry-thumbnail\">\n\t\t\t\t\t\t<div class=\"pk-overlay pk-overlay-ratio pk-ratio-landscape\">\n\t\t\t\t\t\t\t<div class=\"pk-overlay-background\">\n\t\t\t\t\t\t\t\t<a href=\"https:\/\/webdelmaestrocmf.com\/portal\/francesco-tonucci-hoy-la-escuela-esta-asumiendo-un-error-fatal-que-es-hacer-mas-un-papel-de-ninera-que-de-estructura-educativa\/\" class=\"pk-overlay-link\">\n\t\t\t\t\t\t\t\t\t<img loading=\"lazy\" decoding=\"async\" width=\"300\" height=\"225\" src=\"https:\/\/webdelmaestrocmf.com\/portal\/wp-content\/uploads\/2026\/04\/1AA-Banner-1-portada-imagen-10-1-copia-2-9-300x225.webp\" class=\"attachment-pk-thumbnail size-pk-thumbnail wp-post-image\" alt=\"\" \/>\t\t\t\t\t\t\t\t<\/a>\n\t\t\t\t\t\t\t<\/div>\n\t\t\t\t\t\t<\/div>\n\t\t\t\t\t<\/div>\n\t\t\t\t<\/div>\n\t\t\t\t\n\t\t\t\t<div class=\"pk-post-inner\">\n\t\t\t\t\t<header>\n\t\t\t\t\t\t<h3 class=\"pk-title\"><a href=\"https:\/\/webdelmaestrocmf.com\/portal\/francesco-tonucci-hoy-la-escuela-esta-asumiendo-un-error-fatal-que-es-hacer-mas-un-papel-de-ninera-que-de-estructura-educativa\/\" rel=\"bookmark\">Francesco Tonucci: Hoy la escuela est\u00e1 asumiendo un error fatal que es hacer m\u00e1s un papel de ni\u00f1era que de estructura educativa<\/a><\/h3>\t\t\t\t\t<\/header><!-- .entry-header -->\n\t\t\t\t<\/div><!-- .post-inner -->\n\n\t\t\t<\/div><!-- .post-outer -->\n\t\t<\/article>\n\t\t\t\t<\/div>\n\t\t<\/div>\n\t\t\n","protected":false},"excerpt":{"rendered":"La profesora y escritora espa\u00f1ola Pilar Sanz Cervera es Doctora en Educaci\u00f3n, Licenciada en Psicopedagog\u00eda, Maestra de Educaci\u00f3n&hellip;","protected":false},"author":2,"featured_media":41377,"comment_status":"open","ping_status":"closed","sticky":false,"template":"","format":"standard","meta":{"csco_display_header_overlay":false,"csco_singular_sidebar":"disabled","csco_page_header_type":"standard","csco_page_load_nextpost":"default","csco_post_video_location":[],"csco_post_video_location_hash":"","csco_post_video_url":"","csco_post_video_bg_start_time":0,"csco_post_video_bg_end_time":0,"csco_post_video_bg_volume":false,"_jetpack_memberships_contains_paid_content":false,"footnotes":""},"categories":[48,47],"tags":[77,3636,3634,1855,3637,3638,3635,1284],"class_list":{"0":"post-28960","1":"post","2":"type-post","3":"status-publish","4":"format-standard","5":"has-post-thumbnail","7":"category-entrevistas","8":"category-noticias","9":"tag-aprendizaje","10":"tag-educacion-consciente","11":"tag-entrevistas","12":"tag-errores","13":"tag-maravillosas","14":"tag-oportunidades","15":"tag-pilar-sanz-cervera","16":"tag-video","17":"cs-entry","18":"cs-video-wrap"},"yoast_head":"<!-- This site is optimized with the Yoast SEO plugin v27.5 - https:\/\/yoast.com\/product\/yoast-seo-wordpress\/ -->\n<title>Pilar Sanz: Los errores son maravillosas oportunidades de aprendizaje - 2026<\/title>\n<meta name=\"description\" content=\"La profesora y escritora espa\u00f1ola Pilar Sanz Cervera es Doctora en Educaci\u00f3n, Licenciada en Psicopedagog\u00eda, Maestra de Educaci\u00f3n Infantil, Master...\" \/>\n<meta name=\"robots\" content=\"index, follow, max-snippet:-1, max-image-preview:large, max-video-preview:-1\" \/>\n<link rel=\"canonical\" href=\"https:\/\/webdelmaestrocmf.com\/portal\/los-errores-son-maravillosas-oportunidades-de-aprendizaje\/\" \/>\n<meta property=\"og:locale\" content=\"es_ES\" \/>\n<meta property=\"og:type\" content=\"article\" \/>\n<meta property=\"og:title\" content=\"Pilar Sanz: Los errores son maravillosas oportunidades de aprendizaje - 2026\" \/>\n<meta property=\"og:description\" content=\"La profesora y escritora espa\u00f1ola Pilar Sanz Cervera es Doctora en Educaci\u00f3n, Licenciada en Psicopedagog\u00eda, Maestra de Educaci\u00f3n Infantil, Master...\" \/>\n<meta property=\"og:url\" content=\"https:\/\/webdelmaestrocmf.com\/portal\/los-errores-son-maravillosas-oportunidades-de-aprendizaje\/\" \/>\n<meta property=\"og:site_name\" content=\"Web del Maestro CMF\" \/>\n<meta property=\"article:publisher\" content=\"https:\/\/www.facebook.com\/WebdelMaestroCMF\/\" \/>\n<meta property=\"article:author\" content=\"https:\/\/www.facebook.com\/WebdelMaestroCMF\/\" \/>\n<meta property=\"article:published_time\" content=\"2019-10-04T20:17:11+00:00\" \/>\n<meta property=\"article:modified_time\" content=\"2019-10-05T02:10:26+00:00\" \/>\n<meta property=\"og:image\" content=\"https:\/\/i0.wp.com\/webdelmaestrocmf.com\/portal\/wp-content\/uploads\/2018\/07\/2-13.jpg?fit=1100%2C680&ssl=1\" \/>\n\t<meta property=\"og:image:width\" content=\"1100\" \/>\n\t<meta property=\"og:image:height\" content=\"680\" \/>\n\t<meta property=\"og:image:type\" content=\"image\/jpeg\" \/>\n<meta name=\"author\" content=\"Web del Maestro CMF\" \/>\n<meta name=\"twitter:card\" content=\"summary_large_image\" \/>\n<meta name=\"twitter:creator\" content=\"@cmf_w\" \/>\n<meta name=\"twitter:site\" content=\"@cmf_w\" \/>\n<script type=\"application\/ld+json\" class=\"yoast-schema-graph\">{\"@context\":\"https:\\\/\\\/schema.org\",\"@graph\":[{\"@type\":\"ScholarlyArticle\",\"@id\":\"https:\\\/\\\/webdelmaestrocmf.com\\\/portal\\\/los-errores-son-maravillosas-oportunidades-de-aprendizaje\\\/#article\",\"isPartOf\":{\"@id\":\"https:\\\/\\\/webdelmaestrocmf.com\\\/portal\\\/los-errores-son-maravillosas-oportunidades-de-aprendizaje\\\/\"},\"author\":{\"name\":\"Web del Maestro CMF\",\"@id\":\"https:\\\/\\\/webdelmaestrocmf.com\\\/portal\\\/#\\\/schema\\\/person\\\/ebc57e23d318c9c4270c6f41367015b5\"},\"headline\":\"Pilar Sanz: Los errores son maravillosas oportunidades de aprendizaje\",\"datePublished\":\"2019-10-04T20:17:11+00:00\",\"dateModified\":\"2019-10-05T02:10:26+00:00\",\"mainEntityOfPage\":{\"@id\":\"https:\\\/\\\/webdelmaestrocmf.com\\\/portal\\\/los-errores-son-maravillosas-oportunidades-de-aprendizaje\\\/\"},\"wordCount\":1607,\"commentCount\":0,\"publisher\":{\"@id\":\"https:\\\/\\\/webdelmaestrocmf.com\\\/portal\\\/#organization\"},\"image\":{\"@id\":\"https:\\\/\\\/webdelmaestrocmf.com\\\/portal\\\/los-errores-son-maravillosas-oportunidades-de-aprendizaje\\\/#primaryimage\"},\"thumbnailUrl\":\"https:\\\/\\\/webdelmaestrocmf.com\\\/portal\\\/wp-content\\\/uploads\\\/2018\\\/07\\\/2-13.jpg\",\"keywords\":[\"aprendizaje\",\"EDUCACI\u00d3N CONSCIENTE\",\"ENTREVISTAS\",\"ERRORES\",\"MARAVILLOSAS\",\"OPORTUNIDADES\",\"PILAR SANZ CERVERA\",\"video\"],\"articleSection\":[\"Entrevistas\",\"Noticias\"],\"inLanguage\":\"es\",\"potentialAction\":[{\"@type\":\"CommentAction\",\"name\":\"Comment\",\"target\":[\"https:\\\/\\\/webdelmaestrocmf.com\\\/portal\\\/los-errores-son-maravillosas-oportunidades-de-aprendizaje\\\/#respond\"]}]},{\"@type\":\"WebPage\",\"@id\":\"https:\\\/\\\/webdelmaestrocmf.com\\\/portal\\\/los-errores-son-maravillosas-oportunidades-de-aprendizaje\\\/\",\"url\":\"https:\\\/\\\/webdelmaestrocmf.com\\\/portal\\\/los-errores-son-maravillosas-oportunidades-de-aprendizaje\\\/\",\"name\":\"Pilar Sanz: Los errores son maravillosas oportunidades de aprendizaje - 2026\",\"isPartOf\":{\"@id\":\"https:\\\/\\\/webdelmaestrocmf.com\\\/portal\\\/#website\"},\"primaryImageOfPage\":{\"@id\":\"https:\\\/\\\/webdelmaestrocmf.com\\\/portal\\\/los-errores-son-maravillosas-oportunidades-de-aprendizaje\\\/#primaryimage\"},\"image\":{\"@id\":\"https:\\\/\\\/webdelmaestrocmf.com\\\/portal\\\/los-errores-son-maravillosas-oportunidades-de-aprendizaje\\\/#primaryimage\"},\"thumbnailUrl\":\"https:\\\/\\\/webdelmaestrocmf.com\\\/portal\\\/wp-content\\\/uploads\\\/2018\\\/07\\\/2-13.jpg\",\"datePublished\":\"2019-10-04T20:17:11+00:00\",\"dateModified\":\"2019-10-05T02:10:26+00:00\",\"description\":\"La profesora y escritora espa\u00f1ola Pilar Sanz Cervera es Doctora en Educaci\u00f3n, Licenciada en Psicopedagog\u00eda, Maestra de Educaci\u00f3n Infantil, Master...\",\"breadcrumb\":{\"@id\":\"https:\\\/\\\/webdelmaestrocmf.com\\\/portal\\\/los-errores-son-maravillosas-oportunidades-de-aprendizaje\\\/#breadcrumb\"},\"inLanguage\":\"es\",\"potentialAction\":[{\"@type\":\"ReadAction\",\"target\":[\"https:\\\/\\\/webdelmaestrocmf.com\\\/portal\\\/los-errores-son-maravillosas-oportunidades-de-aprendizaje\\\/\"]}]},{\"@type\":\"ImageObject\",\"inLanguage\":\"es\",\"@id\":\"https:\\\/\\\/webdelmaestrocmf.com\\\/portal\\\/los-errores-son-maravillosas-oportunidades-de-aprendizaje\\\/#primaryimage\",\"url\":\"https:\\\/\\\/webdelmaestrocmf.com\\\/portal\\\/wp-content\\\/uploads\\\/2018\\\/07\\\/2-13.jpg\",\"contentUrl\":\"https:\\\/\\\/webdelmaestrocmf.com\\\/portal\\\/wp-content\\\/uploads\\\/2018\\\/07\\\/2-13.jpg\",\"width\":1100,\"height\":680},{\"@type\":\"BreadcrumbList\",\"@id\":\"https:\\\/\\\/webdelmaestrocmf.com\\\/portal\\\/los-errores-son-maravillosas-oportunidades-de-aprendizaje\\\/#breadcrumb\",\"itemListElement\":[{\"@type\":\"ListItem\",\"position\":1,\"name\":\"Portada\",\"item\":\"https:\\\/\\\/webdelmaestrocmf.com\\\/portal\\\/\"},{\"@type\":\"ListItem\",\"position\":2,\"name\":\"Noticias\",\"item\":\"https:\\\/\\\/webdelmaestrocmf.com\\\/portal\\\/category\\\/noticias\\\/\"},{\"@type\":\"ListItem\",\"position\":3,\"name\":\"Entrevistas\",\"item\":\"https:\\\/\\\/webdelmaestrocmf.com\\\/portal\\\/category\\\/noticias\\\/entrevistas\\\/\"},{\"@type\":\"ListItem\",\"position\":4,\"name\":\"Pilar Sanz: Los errores son maravillosas oportunidades de aprendizaje\"}]},{\"@type\":\"WebSite\",\"@id\":\"https:\\\/\\\/webdelmaestrocmf.com\\\/portal\\\/#website\",\"url\":\"https:\\\/\\\/webdelmaestrocmf.com\\\/portal\\\/\",\"name\":\"Web del Maestro CMF\",\"description\":\"Maestros al servicio de la educaci\u00f3n\",\"publisher\":{\"@id\":\"https:\\\/\\\/webdelmaestrocmf.com\\\/portal\\\/#organization\"},\"alternateName\":\"WMCMF\",\"potentialAction\":[{\"@type\":\"SearchAction\",\"target\":{\"@type\":\"EntryPoint\",\"urlTemplate\":\"https:\\\/\\\/webdelmaestrocmf.com\\\/portal\\\/?s={search_term_string}\"},\"query-input\":{\"@type\":\"PropertyValueSpecification\",\"valueRequired\":true,\"valueName\":\"search_term_string\"}}],\"inLanguage\":\"es\"},{\"@type\":\"Organization\",\"@id\":\"https:\\\/\\\/webdelmaestrocmf.com\\\/portal\\\/#organization\",\"name\":\"Web del Maestro CMF\",\"alternateName\":\"WMCMF\",\"url\":\"https:\\\/\\\/webdelmaestrocmf.com\\\/portal\\\/\",\"logo\":{\"@type\":\"ImageObject\",\"inLanguage\":\"es\",\"@id\":\"https:\\\/\\\/webdelmaestrocmf.com\\\/portal\\\/#\\\/schema\\\/logo\\\/image\\\/\",\"url\":\"https:\\\/\\\/webdelmaestrocmf.com\\\/portal\\\/wp-content\\\/uploads\\\/2023\\\/01\\\/logo-wmcmf-2.png\",\"contentUrl\":\"https:\\\/\\\/webdelmaestrocmf.com\\\/portal\\\/wp-content\\\/uploads\\\/2023\\\/01\\\/logo-wmcmf-2.png\",\"width\":200,\"height\":60,\"caption\":\"Web del Maestro CMF\"},\"image\":{\"@id\":\"https:\\\/\\\/webdelmaestrocmf.com\\\/portal\\\/#\\\/schema\\\/logo\\\/image\\\/\"},\"sameAs\":[\"https:\\\/\\\/www.facebook.com\\\/WebdelMaestroCMF\\\/\",\"https:\\\/\\\/x.com\\\/cmf_w\",\"https:\\\/\\\/www.pinterest.com\\\/WMCMF\\\/\",\"https:\\\/\\\/www.linkedin.com\\\/company\\\/web-del-maestro-cmf\\\/\",\"https:\\\/\\\/www.instagram.com\\\/wmcmf\\\/\",\"https:\\\/\\\/www.youtube.com\\\/channel\\\/UCDPSvjbdodE5sHnC3OxutHw\",\"https:\\\/\\\/mastodon.social\\\/@wmcmf\",\"https:\\\/\\\/www.tiktok.com\\\/@webdelmaestrocmf\"]},{\"@type\":\"Person\",\"@id\":\"https:\\\/\\\/webdelmaestrocmf.com\\\/portal\\\/#\\\/schema\\\/person\\\/ebc57e23d318c9c4270c6f41367015b5\",\"name\":\"Web del Maestro CMF\",\"image\":{\"@type\":\"ImageObject\",\"inLanguage\":\"es\",\"@id\":\"https:\\\/\\\/secure.gravatar.com\\\/avatar\\\/718b2df46e711f63dc8c16a160d16cc0104e961fe3c231eaaed2426975fc5e2d?s=96&d=mm&r=g\",\"url\":\"https:\\\/\\\/secure.gravatar.com\\\/avatar\\\/718b2df46e711f63dc8c16a160d16cc0104e961fe3c231eaaed2426975fc5e2d?s=96&d=mm&r=g\",\"contentUrl\":\"https:\\\/\\\/secure.gravatar.com\\\/avatar\\\/718b2df46e711f63dc8c16a160d16cc0104e961fe3c231eaaed2426975fc5e2d?s=96&d=mm&r=g\",\"caption\":\"Web del Maestro CMF\"},\"description\":\"Esta Web se cre\u00f3 sin fines de lucro, con fines educativos, cient\u00edficos y acad\u00e9micos, para personas que tengan dificultades y\\\/o inconvenientes en visualizar el material original. El objetivo es entregar recursos, compartir experiencias y materiales que ayuden a los padres de familia, maestros y estudiantes en su actualizaci\u00f3n y formaci\u00f3n permanente, en bien de la Educaci\u00f3n.\",\"sameAs\":[\"http:\\\/\\\/webdelmaestrocmf.com\\\/portal\",\"https:\\\/\\\/www.facebook.com\\\/WebdelMaestroCMF\\\/\",\"https:\\\/\\\/www.instagram.com\\\/wmcmf\\\/\",\"https:\\\/\\\/cl.linkedin.com\\\/company\\\/web-del-maestro-cmf\",\"https:\\\/\\\/www.pinterest.com\\\/WMCMF\\\/publicaciones\\\/\",\"https:\\\/\\\/x.com\\\/cmf_w\",\"https:\\\/\\\/www.youtube.com\\\/@WMCMF\"]}]}<\/script>\n<!-- \/ Yoast SEO plugin. -->","yoast_head_json":{"title":"Pilar Sanz: Los errores son maravillosas oportunidades de aprendizaje - 2026","description":"La profesora y escritora espa\u00f1ola Pilar Sanz Cervera es Doctora en Educaci\u00f3n, Licenciada en Psicopedagog\u00eda, Maestra de Educaci\u00f3n Infantil, Master...","robots":{"index":"index","follow":"follow","max-snippet":"max-snippet:-1","max-image-preview":"max-image-preview:large","max-video-preview":"max-video-preview:-1"},"canonical":"https:\/\/webdelmaestrocmf.com\/portal\/los-errores-son-maravillosas-oportunidades-de-aprendizaje\/","og_locale":"es_ES","og_type":"article","og_title":"Pilar Sanz: Los errores son maravillosas oportunidades de aprendizaje - 2026","og_description":"La profesora y escritora espa\u00f1ola Pilar Sanz Cervera es Doctora en Educaci\u00f3n, Licenciada en Psicopedagog\u00eda, Maestra de Educaci\u00f3n Infantil, Master...","og_url":"https:\/\/webdelmaestrocmf.com\/portal\/los-errores-son-maravillosas-oportunidades-de-aprendizaje\/","og_site_name":"Web del Maestro CMF","article_publisher":"https:\/\/www.facebook.com\/WebdelMaestroCMF\/","article_author":"https:\/\/www.facebook.com\/WebdelMaestroCMF\/","article_published_time":"2019-10-04T20:17:11+00:00","article_modified_time":"2019-10-05T02:10:26+00:00","og_image":[{"width":1100,"height":680,"url":"https:\/\/i0.wp.com\/webdelmaestrocmf.com\/portal\/wp-content\/uploads\/2018\/07\/2-13.jpg?fit=1100%2C680&ssl=1","type":"image\/jpeg"}],"author":"Web del Maestro CMF","twitter_card":"summary_large_image","twitter_creator":"@cmf_w","twitter_site":"@cmf_w","schema":{"@context":"https:\/\/schema.org","@graph":[{"@type":"ScholarlyArticle","@id":"https:\/\/webdelmaestrocmf.com\/portal\/los-errores-son-maravillosas-oportunidades-de-aprendizaje\/#article","isPartOf":{"@id":"https:\/\/webdelmaestrocmf.com\/portal\/los-errores-son-maravillosas-oportunidades-de-aprendizaje\/"},"author":{"name":"Web del Maestro CMF","@id":"https:\/\/webdelmaestrocmf.com\/portal\/#\/schema\/person\/ebc57e23d318c9c4270c6f41367015b5"},"headline":"Pilar Sanz: Los errores son maravillosas oportunidades de aprendizaje","datePublished":"2019-10-04T20:17:11+00:00","dateModified":"2019-10-05T02:10:26+00:00","mainEntityOfPage":{"@id":"https:\/\/webdelmaestrocmf.com\/portal\/los-errores-son-maravillosas-oportunidades-de-aprendizaje\/"},"wordCount":1607,"commentCount":0,"publisher":{"@id":"https:\/\/webdelmaestrocmf.com\/portal\/#organization"},"image":{"@id":"https:\/\/webdelmaestrocmf.com\/portal\/los-errores-son-maravillosas-oportunidades-de-aprendizaje\/#primaryimage"},"thumbnailUrl":"https:\/\/webdelmaestrocmf.com\/portal\/wp-content\/uploads\/2018\/07\/2-13.jpg","keywords":["aprendizaje","EDUCACI\u00d3N CONSCIENTE","ENTREVISTAS","ERRORES","MARAVILLOSAS","OPORTUNIDADES","PILAR SANZ CERVERA","video"],"articleSection":["Entrevistas","Noticias"],"inLanguage":"es","potentialAction":[{"@type":"CommentAction","name":"Comment","target":["https:\/\/webdelmaestrocmf.com\/portal\/los-errores-son-maravillosas-oportunidades-de-aprendizaje\/#respond"]}]},{"@type":"WebPage","@id":"https:\/\/webdelmaestrocmf.com\/portal\/los-errores-son-maravillosas-oportunidades-de-aprendizaje\/","url":"https:\/\/webdelmaestrocmf.com\/portal\/los-errores-son-maravillosas-oportunidades-de-aprendizaje\/","name":"Pilar Sanz: Los errores son maravillosas oportunidades de aprendizaje - 2026","isPartOf":{"@id":"https:\/\/webdelmaestrocmf.com\/portal\/#website"},"primaryImageOfPage":{"@id":"https:\/\/webdelmaestrocmf.com\/portal\/los-errores-son-maravillosas-oportunidades-de-aprendizaje\/#primaryimage"},"image":{"@id":"https:\/\/webdelmaestrocmf.com\/portal\/los-errores-son-maravillosas-oportunidades-de-aprendizaje\/#primaryimage"},"thumbnailUrl":"https:\/\/webdelmaestrocmf.com\/portal\/wp-content\/uploads\/2018\/07\/2-13.jpg","datePublished":"2019-10-04T20:17:11+00:00","dateModified":"2019-10-05T02:10:26+00:00","description":"La profesora y escritora espa\u00f1ola Pilar Sanz Cervera es Doctora en Educaci\u00f3n, Licenciada en Psicopedagog\u00eda, Maestra de Educaci\u00f3n Infantil, Master...","breadcrumb":{"@id":"https:\/\/webdelmaestrocmf.com\/portal\/los-errores-son-maravillosas-oportunidades-de-aprendizaje\/#breadcrumb"},"inLanguage":"es","potentialAction":[{"@type":"ReadAction","target":["https:\/\/webdelmaestrocmf.com\/portal\/los-errores-son-maravillosas-oportunidades-de-aprendizaje\/"]}]},{"@type":"ImageObject","inLanguage":"es","@id":"https:\/\/webdelmaestrocmf.com\/portal\/los-errores-son-maravillosas-oportunidades-de-aprendizaje\/#primaryimage","url":"https:\/\/webdelmaestrocmf.com\/portal\/wp-content\/uploads\/2018\/07\/2-13.jpg","contentUrl":"https:\/\/webdelmaestrocmf.com\/portal\/wp-content\/uploads\/2018\/07\/2-13.jpg","width":1100,"height":680},{"@type":"BreadcrumbList","@id":"https:\/\/webdelmaestrocmf.com\/portal\/los-errores-son-maravillosas-oportunidades-de-aprendizaje\/#breadcrumb","itemListElement":[{"@type":"ListItem","position":1,"name":"Portada","item":"https:\/\/webdelmaestrocmf.com\/portal\/"},{"@type":"ListItem","position":2,"name":"Noticias","item":"https:\/\/webdelmaestrocmf.com\/portal\/category\/noticias\/"},{"@type":"ListItem","position":3,"name":"Entrevistas","item":"https:\/\/webdelmaestrocmf.com\/portal\/category\/noticias\/entrevistas\/"},{"@type":"ListItem","position":4,"name":"Pilar Sanz: Los errores son maravillosas oportunidades de aprendizaje"}]},{"@type":"WebSite","@id":"https:\/\/webdelmaestrocmf.com\/portal\/#website","url":"https:\/\/webdelmaestrocmf.com\/portal\/","name":"Web del Maestro CMF","description":"Maestros al servicio de la educaci\u00f3n","publisher":{"@id":"https:\/\/webdelmaestrocmf.com\/portal\/#organization"},"alternateName":"WMCMF","potentialAction":[{"@type":"SearchAction","target":{"@type":"EntryPoint","urlTemplate":"https:\/\/webdelmaestrocmf.com\/portal\/?s={search_term_string}"},"query-input":{"@type":"PropertyValueSpecification","valueRequired":true,"valueName":"search_term_string"}}],"inLanguage":"es"},{"@type":"Organization","@id":"https:\/\/webdelmaestrocmf.com\/portal\/#organization","name":"Web del Maestro CMF","alternateName":"WMCMF","url":"https:\/\/webdelmaestrocmf.com\/portal\/","logo":{"@type":"ImageObject","inLanguage":"es","@id":"https:\/\/webdelmaestrocmf.com\/portal\/#\/schema\/logo\/image\/","url":"https:\/\/webdelmaestrocmf.com\/portal\/wp-content\/uploads\/2023\/01\/logo-wmcmf-2.png","contentUrl":"https:\/\/webdelmaestrocmf.com\/portal\/wp-content\/uploads\/2023\/01\/logo-wmcmf-2.png","width":200,"height":60,"caption":"Web del Maestro CMF"},"image":{"@id":"https:\/\/webdelmaestrocmf.com\/portal\/#\/schema\/logo\/image\/"},"sameAs":["https:\/\/www.facebook.com\/WebdelMaestroCMF\/","https:\/\/x.com\/cmf_w","https:\/\/www.pinterest.com\/WMCMF\/","https:\/\/www.linkedin.com\/company\/web-del-maestro-cmf\/","https:\/\/www.instagram.com\/wmcmf\/","https:\/\/www.youtube.com\/channel\/UCDPSvjbdodE5sHnC3OxutHw","https:\/\/mastodon.social\/@wmcmf","https:\/\/www.tiktok.com\/@webdelmaestrocmf"]},{"@type":"Person","@id":"https:\/\/webdelmaestrocmf.com\/portal\/#\/schema\/person\/ebc57e23d318c9c4270c6f41367015b5","name":"Web del Maestro CMF","image":{"@type":"ImageObject","inLanguage":"es","@id":"https:\/\/secure.gravatar.com\/avatar\/718b2df46e711f63dc8c16a160d16cc0104e961fe3c231eaaed2426975fc5e2d?s=96&d=mm&r=g","url":"https:\/\/secure.gravatar.com\/avatar\/718b2df46e711f63dc8c16a160d16cc0104e961fe3c231eaaed2426975fc5e2d?s=96&d=mm&r=g","contentUrl":"https:\/\/secure.gravatar.com\/avatar\/718b2df46e711f63dc8c16a160d16cc0104e961fe3c231eaaed2426975fc5e2d?s=96&d=mm&r=g","caption":"Web del Maestro CMF"},"description":"Esta Web se cre\u00f3 sin fines de lucro, con fines educativos, cient\u00edficos y acad\u00e9micos, para personas que tengan dificultades y\/o inconvenientes en visualizar el material original. El objetivo es entregar recursos, compartir experiencias y materiales que ayuden a los padres de familia, maestros y estudiantes en su actualizaci\u00f3n y formaci\u00f3n permanente, en bien de la Educaci\u00f3n.","sameAs":["http:\/\/webdelmaestrocmf.com\/portal","https:\/\/www.facebook.com\/WebdelMaestroCMF\/","https:\/\/www.instagram.com\/wmcmf\/","https:\/\/cl.linkedin.com\/company\/web-del-maestro-cmf","https:\/\/www.pinterest.com\/WMCMF\/publicaciones\/","https:\/\/x.com\/cmf_w","https:\/\/www.youtube.com\/@WMCMF"]}]}},"jetpack_featured_media_url":"https:\/\/webdelmaestrocmf.com\/portal\/wp-content\/uploads\/2018\/07\/2-13.jpg","jetpack_sharing_enabled":true,"jetpack-related-posts":[{"id":82995,"url":"https:\/\/webdelmaestrocmf.com\/portal\/estan-los-maestros-y-maestras-bien-formados-las-nuevas-generaciones-de-maestros-y-maestras-todavia-siguen-percibiendo-no-estar-bien-formados\/","url_meta":{"origin":28960,"position":0},"title":"\u00bfEst\u00e1n los maestros y maestras bien formados\u2026? Las nuevas generaciones de maestros y maestras todav\u00eda siguen percibiendo no estar bien formados","author":"Web del Maestro CMF","date":"29 junio, 2025","format":false,"excerpt":"Nos guste o no, seguimos obsesionados con acumular conocimientos, creyendo que eso transformar\u00e1 el sistema. Pero hoy, cualquier conocimiento est\u00e1 a un solo clic de distancia.","rel":"","context":"En \u00abDocentes\u00bb","block_context":{"text":"Docentes","link":"https:\/\/webdelmaestrocmf.com\/portal\/category\/pedagogia\/docentes\/"},"img":{"alt_text":"","src":"https:\/\/i0.wp.com\/webdelmaestrocmf.com\/portal\/wp-content\/uploads\/2023\/03\/1A-Banner-1-portada-imagen-10-1-copia-38.jpg?resize=350%2C200&ssl=1","width":350,"height":200,"srcset":"https:\/\/i0.wp.com\/webdelmaestrocmf.com\/portal\/wp-content\/uploads\/2023\/03\/1A-Banner-1-portada-imagen-10-1-copia-38.jpg?resize=350%2C200&ssl=1 1x, https:\/\/i0.wp.com\/webdelmaestrocmf.com\/portal\/wp-content\/uploads\/2023\/03\/1A-Banner-1-portada-imagen-10-1-copia-38.jpg?resize=525%2C300&ssl=1 1.5x, https:\/\/i0.wp.com\/webdelmaestrocmf.com\/portal\/wp-content\/uploads\/2023\/03\/1A-Banner-1-portada-imagen-10-1-copia-38.jpg?resize=700%2C400&ssl=1 2x"},"classes":[]},{"id":23098,"url":"https:\/\/webdelmaestrocmf.com\/portal\/solo-los-mejores-profesores-hacen-aprendizaje-este-vivo-suceda\/","url_meta":{"origin":28960,"position":1},"title":"Richard Gerver: solo los mejores profesores hacen que el aprendizaje est\u00e9 vivo y suceda","author":"Web del Maestro CMF","date":"21 julio, 2024","format":false,"excerpt":"El profesor, escritor y conferencista Richard Gerver (Londres, 1969), Doctor en Educaci\u00f3n, asesor del Gobierno brit\u00e1nico y disc\u00edpulo de Ken Robinson; es el autor del libro \u201cCreando las escuelas de ma\u00f1ana hoy\u201d, que es usado como un manual de referencia de innovaci\u00f3n educativa. En su obra plantea excluir la pasividad\u2026","rel":"","context":"En \u00abEntrevistas\u00bb","block_context":{"text":"Entrevistas","link":"https:\/\/webdelmaestrocmf.com\/portal\/category\/noticias\/entrevistas\/"},"img":{"alt_text":"Richard Gerver","src":"https:\/\/i0.wp.com\/webdelmaestrocmf.com\/portal\/wp-content\/uploads\/2018\/07\/A12B3C4D-55.jpg?resize=350%2C200&ssl=1","width":350,"height":200,"srcset":"https:\/\/i0.wp.com\/webdelmaestrocmf.com\/portal\/wp-content\/uploads\/2018\/07\/A12B3C4D-55.jpg?resize=350%2C200&ssl=1 1x, https:\/\/i0.wp.com\/webdelmaestrocmf.com\/portal\/wp-content\/uploads\/2018\/07\/A12B3C4D-55.jpg?resize=525%2C300&ssl=1 1.5x, https:\/\/i0.wp.com\/webdelmaestrocmf.com\/portal\/wp-content\/uploads\/2018\/07\/A12B3C4D-55.jpg?resize=700%2C400&ssl=1 2x"},"classes":[]},{"id":96305,"url":"https:\/\/webdelmaestrocmf.com\/portal\/jose-antonio-marina-el-buen-maestro-no-puede-cobrar-lo-mismo-que-el-malo\/","url_meta":{"origin":28960,"position":2},"title":"Jos\u00e9 Antonio Marina: El buen maestro no puede cobrar lo mismo que el malo","author":"Web del Maestro CMF","date":"30 septiembre, 2023","format":false,"excerpt":"un sistema educativo justo debe reconocer el m\u00e9rito, la calidad profesional y el impacto real que cada docente tiene en el aprendizaje de sus estudiantes.","rel":"","context":"En \u00abEntrevistas\u00bb","block_context":{"text":"Entrevistas","link":"https:\/\/webdelmaestrocmf.com\/portal\/category\/noticias\/entrevistas\/"},"img":{"alt_text":"Jos\u00e9 Antonio Marina","src":"https:\/\/i0.wp.com\/webdelmaestrocmf.com\/portal\/wp-content\/uploads\/2023\/09\/A12B3C4D-55.jpg?resize=350%2C200&ssl=1","width":350,"height":200,"srcset":"https:\/\/i0.wp.com\/webdelmaestrocmf.com\/portal\/wp-content\/uploads\/2023\/09\/A12B3C4D-55.jpg?resize=350%2C200&ssl=1 1x, https:\/\/i0.wp.com\/webdelmaestrocmf.com\/portal\/wp-content\/uploads\/2023\/09\/A12B3C4D-55.jpg?resize=525%2C300&ssl=1 1.5x, https:\/\/i0.wp.com\/webdelmaestrocmf.com\/portal\/wp-content\/uploads\/2023\/09\/A12B3C4D-55.jpg?resize=700%2C400&ssl=1 2x"},"classes":[]},{"id":102777,"url":"https:\/\/webdelmaestrocmf.com\/portal\/david-auris-el-pilar-ignorado-los-profesores-y-el-desarrollo-nacional\/","url_meta":{"origin":28960,"position":3},"title":"[David Auris] El pilar ignorado: los profesores y el desarrollo nacional","author":"Web del Maestro CMF","date":"18 enero, 2024","format":false,"excerpt":"En la actualidad, los educadores de diversas naciones hegem\u00f3nicas son los principales colaboradores y responsables del progreso, puesto que educan y estimulan la mente de los ni\u00f1os.\u00a0\u00a0No obstante, en varios pa\u00edses latinoamericanos, como el Per\u00fa, el profesorado es un pilar ignorado, lo que ha producido una brecha de conocimientos que\u2026","rel":"","context":"En \u00abZ-Colaborador-David-Auris\u00bb","block_context":{"text":"Z-Colaborador-David-Auris","link":"https:\/\/webdelmaestrocmf.com\/portal\/category\/colaborador\/z-colaborador-david-auris\/"},"img":{"alt_text":"profesores","src":"https:\/\/i0.wp.com\/webdelmaestrocmf.com\/portal\/wp-content\/uploads\/2024\/01\/Banner-1-portada-imagen-10-27.jpg?resize=350%2C200&ssl=1","width":350,"height":200,"srcset":"https:\/\/i0.wp.com\/webdelmaestrocmf.com\/portal\/wp-content\/uploads\/2024\/01\/Banner-1-portada-imagen-10-27.jpg?resize=350%2C200&ssl=1 1x, https:\/\/i0.wp.com\/webdelmaestrocmf.com\/portal\/wp-content\/uploads\/2024\/01\/Banner-1-portada-imagen-10-27.jpg?resize=525%2C300&ssl=1 1.5x, https:\/\/i0.wp.com\/webdelmaestrocmf.com\/portal\/wp-content\/uploads\/2024\/01\/Banner-1-portada-imagen-10-27.jpg?resize=700%2C400&ssl=1 2x"},"classes":[]},{"id":112988,"url":"https:\/\/webdelmaestrocmf.com\/portal\/daniel-wilson-debemos-repensar-los-deberes-escolares-para-recuperar-el-sentido-del-aprendizaje\/","url_meta":{"origin":28960,"position":4},"title":"Daniel Wilson: debemos repensar los deberes escolares para recuperar el sentido del aprendizaje","author":"Web del Maestro CMF","date":"31 octubre, 2025","format":false,"excerpt":"Daniel Wilson propone repensar los deberes escolares para que recuperen sentido, conecten con la vida real y fomenten el aprendizaje significativo.","rel":"","context":"En \u00abEntrevistas\u00bb","block_context":{"text":"Entrevistas","link":"https:\/\/webdelmaestrocmf.com\/portal\/category\/noticias\/entrevistas\/"},"img":{"alt_text":"","src":"https:\/\/i0.wp.com\/webdelmaestrocmf.com\/portal\/wp-content\/uploads\/2025\/10\/1A-Banner-1-porvvvtada-imagen-10-1-copia-24.jpg?resize=350%2C200&ssl=1","width":350,"height":200,"srcset":"https:\/\/i0.wp.com\/webdelmaestrocmf.com\/portal\/wp-content\/uploads\/2025\/10\/1A-Banner-1-porvvvtada-imagen-10-1-copia-24.jpg?resize=350%2C200&ssl=1 1x, https:\/\/i0.wp.com\/webdelmaestrocmf.com\/portal\/wp-content\/uploads\/2025\/10\/1A-Banner-1-porvvvtada-imagen-10-1-copia-24.jpg?resize=525%2C300&ssl=1 1.5x, https:\/\/i0.wp.com\/webdelmaestrocmf.com\/portal\/wp-content\/uploads\/2025\/10\/1A-Banner-1-porvvvtada-imagen-10-1-copia-24.jpg?resize=700%2C400&ssl=1 2x"},"classes":[]},{"id":118480,"url":"https:\/\/webdelmaestrocmf.com\/portal\/francesco-tonucci-hoy-la-escuela-esta-asumiendo-un-error-fatal-que-es-hacer-mas-un-papel-de-ninera-que-de-estructura-educativa\/","url_meta":{"origin":28960,"position":5},"title":"Francesco Tonucci: Hoy la escuela est\u00e1 asumiendo un error fatal que es hacer m\u00e1s un papel de ni\u00f1era que de estructura educativa","author":"Web del Maestro CMF","date":"6h ago","format":false,"excerpt":"La escuela debe centrarse en formar personas, no solo ense\u00f1ar contenidos, promoviendo autonom\u00eda, juego libre y experiencias reales que desarrollen habilidades para la vida m\u00e1s all\u00e1 del aula.","rel":"","context":"En \u00abEntrevistas\u00bb","block_context":{"text":"Entrevistas","link":"https:\/\/webdelmaestrocmf.com\/portal\/category\/noticias\/entrevistas\/"},"img":{"alt_text":"","src":"https:\/\/i0.wp.com\/webdelmaestrocmf.com\/portal\/wp-content\/uploads\/2026\/04\/1AA-Banner-1-portada-imagen-10-1-copia-2-9.webp?resize=350%2C200&ssl=1","width":350,"height":200,"srcset":"https:\/\/i0.wp.com\/webdelmaestrocmf.com\/portal\/wp-content\/uploads\/2026\/04\/1AA-Banner-1-portada-imagen-10-1-copia-2-9.webp?resize=350%2C200&ssl=1 1x, https:\/\/i0.wp.com\/webdelmaestrocmf.com\/portal\/wp-content\/uploads\/2026\/04\/1AA-Banner-1-portada-imagen-10-1-copia-2-9.webp?resize=525%2C300&ssl=1 1.5x, https:\/\/i0.wp.com\/webdelmaestrocmf.com\/portal\/wp-content\/uploads\/2026\/04\/1AA-Banner-1-portada-imagen-10-1-copia-2-9.webp?resize=700%2C400&ssl=1 2x, https:\/\/i0.wp.com\/webdelmaestrocmf.com\/portal\/wp-content\/uploads\/2026\/04\/1AA-Banner-1-portada-imagen-10-1-copia-2-9.webp?resize=1050%2C600&ssl=1 3x"},"classes":[]}],"_links":{"self":[{"href":"https:\/\/webdelmaestrocmf.com\/portal\/wp-json\/wp\/v2\/posts\/28960","targetHints":{"allow":["GET"]}}],"collection":[{"href":"https:\/\/webdelmaestrocmf.com\/portal\/wp-json\/wp\/v2\/posts"}],"about":[{"href":"https:\/\/webdelmaestrocmf.com\/portal\/wp-json\/wp\/v2\/types\/post"}],"author":[{"embeddable":true,"href":"https:\/\/webdelmaestrocmf.com\/portal\/wp-json\/wp\/v2\/users\/2"}],"replies":[{"embeddable":true,"href":"https:\/\/webdelmaestrocmf.com\/portal\/wp-json\/wp\/v2\/comments?post=28960"}],"version-history":[{"count":0,"href":"https:\/\/webdelmaestrocmf.com\/portal\/wp-json\/wp\/v2\/posts\/28960\/revisions"}],"wp:featuredmedia":[{"embeddable":true,"href":"https:\/\/webdelmaestrocmf.com\/portal\/wp-json\/wp\/v2\/media\/41377"}],"wp:attachment":[{"href":"https:\/\/webdelmaestrocmf.com\/portal\/wp-json\/wp\/v2\/media?parent=28960"}],"wp:term":[{"taxonomy":"category","embeddable":true,"href":"https:\/\/webdelmaestrocmf.com\/portal\/wp-json\/wp\/v2\/categories?post=28960"},{"taxonomy":"post_tag","embeddable":true,"href":"https:\/\/webdelmaestrocmf.com\/portal\/wp-json\/wp\/v2\/tags?post=28960"}],"curies":[{"name":"wp","href":"https:\/\/api.w.org\/{rel}","templated":true}]}}