{"id":28270,"date":"2018-05-26T11:35:56","date_gmt":"2018-05-26T15:35:56","guid":{"rendered":"http:\/\/webdelmaestrocmf.com\/portal\/?p=28270"},"modified":"2021-04-08T23:23:02","modified_gmt":"2021-04-09T03:23:02","slug":"como-hablar-con-los-ninos-en-lenguaje-positivo","status":"publish","type":"post","link":"https:\/\/webdelmaestrocmf.com\/portal\/como-hablar-con-los-ninos-en-lenguaje-positivo\/","title":{"rendered":"C\u00f3mo hablar con los ni\u00f1os en lenguaje positivo"},"content":{"rendered":"<h5 style=\"text-align: justify;\">El lenguaje positivo ayuda a mejorar la comunicaci\u00f3n y las relaciones con uno mismo y los dem\u00e1s, aseguran especialistas en neuroeducaci\u00f3n \u00bfCu\u00e1l es el lenguaje positivo? Aquel lenguaje ordinario que quita todas aquellas palabras ofensivas, palabras chocantes, groseras, dictatoriales y poco corteses; y usa t\u00e9rminos que transmiten cordialidad, tolerancia, aceptaci\u00f3n, empat\u00eda y entendimiento.\u00a0 Algo tan sencillo como no hacer da\u00f1o con nuestras palabras. Seg\u00fan el fil\u00f3sofo Luis Castellanos este lenguaje debe ser una de las claves de la nueva educaci\u00f3n. \u201cA trav\u00e9s del lenguaje se puede ver el tipo de vida de la persona que hay detr\u00e1s\u201d. <a href=\"http:\/\/webdelmaestrocmf.com\/portal\/cuando-le-demos-un-consejo-orden-o-sugerencia-al-nino-es-mejor-que-sea-en-lenguaje-positivo\/\" target=\"_blank\" rel=\"noopener\"><strong>CUANDO LE DEMOS UN CONSEJO, ORDEN O SUGERENCIA AL NI\u00d1O ES MEJOR QUE SEA EN LENGUAJE POSITIVO.<\/strong><\/a><\/h5>\n<p><!--more--><\/p>\n<p style=\"text-align: justify;\">La revista gratuita <a href=\"https:\/\/www.guiainfantil.com\/\" target=\"_blank\" rel=\"noopener\"><strong>GU\u00cdA INFANTIL<\/strong>,<\/a> publica unas l\u00e1minas con 10 frases con lenguaje positivo, que bien podr\u00edamos aplicar en el trato con nuestros estudiantes; y 10 frases con lenguaje negativo, que nos podr\u00edan ser \u00fatiles en el di\u00e1logo con los padres de familia, para que sus hijos vengan a la escuela con mayor \u201cenerg\u00eda positiva\u201d. Luego hay dos l\u00e1minas m\u00e1s que nos invitan a buscar que los ni\u00f1os sean felices, en lugar de insistir en que deben ser perfectos y a evitar comparaciones con otros ni\u00f1os. Y finalmente ejemplos de c\u00f3mo decir NO en forma positiva.<\/p>\n<p style=\"text-align: justify;\">El lenguaje positivo ayuda mucho a tomar posesi\u00f3n de nuestras palabras y aprender, con el tiempo y la pr\u00e1ctica, las t\u00e9cnicas y habilidades necesarias para lograr los objetivos que nos proponemos. Compartimos las im\u00e1genes de Gu\u00eda Infantil, por razones \u00fanicamente educativas \u2013 pastorales, porque nos pueden ayudar a nosotros como educadores, y para dialogar en los encuentros con los padres de familia. M\u00e1s aun sabiendo el impacto directo, que tiene el lenguaje, en la salud, el bienestar y en las relaciones interpersonales.<\/p>\n<div class=\"fb-post\" data-href=\"https:\/\/www.facebook.com\/media\/set\/?set=a.1418545311581293.1073741867.783143515121479&amp;type=3\" data-width=\"100%\" data-show-text=\"true\">\n<blockquote class=\"fb-xfbml-parse-ignore\" cite=\"https:\/\/www.facebook.com\/media\/set\/?set=a.1418545311581293.1073741867.783143515121479&amp;type=3\"><p>El lenguaje positivo ayuda a mejorar la comunicaci\u00f3n y las relaciones con uno mismo y los dem\u00e1s, aseguran especialistas&#8230;<\/p>\n<p>Publicado por <a href=\"https:\/\/www.facebook.com\/WebdelMaestroCMF\/\">Web del Maestro CMF<\/a> en\u00a0<a href=\"https:\/\/www.facebook.com\/media\/set\/?set=a.1418545311581293.1073741867.783143515121479&amp;type=3\">s\u00e1bado, 26 de mayo de 2018<\/a><\/p><\/blockquote>\n<\/div>\n<p style=\"text-align: justify;\">Recordemos que tan importante es el mensaje de lo que decimos, como la forma, la entonaci\u00f3n y los decibeles con que nosotros lo decimos. Necesitamos, para hablar en lenguaje positivo, ver el lado favorable para construir una mejor comunicaci\u00f3n con los estudiantes y los padres de familia. De nosotros, como padres y\/o profesores depende qu\u00e9 hacer.<\/p>\n<p style=\"text-align: right;\"><strong>REDACCI\u00d3N WEB DEL MAESTRO CMF<\/strong><\/p>\n\t\t<div class=\"pk-inline-posts\">\n\t\t\t\n\t\t\t<div class=\"pk-inline-posts-container pk-inline-posts-template-list\"\n\t\t\t\tdata-columns=\"1\">\n\t\t\t\t\t\t<article id=\"post-118333\" class=\"post-118333 post type-post status-publish format-standard has-post-thumbnail category-jamb tag-apego tag-crianza tag-docentes tag-educacion tag-escuela tag-familia tag-infancia tag-responsabilidad tag-vinculo cs-entry cs-video-wrap\">\n\t\t\t<div class=\"pk-post-outer\">\n\n\t\t\t\t\t\t\t\t<div class=\"pk-post-inner\">\n\t\t\t\t\t<div class=\"entry-thumbnail\">\n\t\t\t\t\t\t<div class=\"pk-overlay pk-overlay-ratio pk-ratio-landscape\">\n\t\t\t\t\t\t\t<div class=\"pk-overlay-background\">\n\t\t\t\t\t\t\t\t<a href=\"https:\/\/webdelmaestrocmf.com\/portal\/el-sistema-nos-rompe-a-todos-y-a-los-ninos-primero\/\" class=\"pk-overlay-link\">\n\t\t\t\t\t\t\t\t\t<img loading=\"lazy\" decoding=\"async\" width=\"300\" height=\"225\" src=\"https:\/\/webdelmaestrocmf.com\/portal\/wp-content\/uploads\/2026\/04\/1AA-Banner-1-portada-imagen-10-1-copia-2-300x225.jpg\" class=\"attachment-pk-thumbnail size-pk-thumbnail wp-post-image\" alt=\"\" \/>\t\t\t\t\t\t\t\t<\/a>\n\t\t\t\t\t\t\t<\/div>\n\t\t\t\t\t\t<\/div>\n\t\t\t\t\t<\/div>\n\t\t\t\t<\/div>\n\t\t\t\t\n\t\t\t\t<div class=\"pk-post-inner\">\n\t\t\t\t\t<header>\n\t\t\t\t\t\t<h3 class=\"pk-title\"><a href=\"https:\/\/webdelmaestrocmf.com\/portal\/el-sistema-nos-rompe-a-todos-y-a-los-ninos-primero\/\" rel=\"bookmark\">El sistema nos rompe a todos\u2026 y a los ni\u00f1os primero<\/a><\/h3>\t\t\t\t\t<\/header><!-- .entry-header -->\n\t\t\t\t<\/div><!-- .post-inner -->\n\n\t\t\t<\/div><!-- .post-outer -->\n\t\t<\/article>\n\t\t\t\t<\/div>\n\t\t<\/div>\n\t\t\n","protected":false},"excerpt":{"rendered":"El lenguaje positivo ayuda a mejorar la comunicaci\u00f3n y las relaciones con uno mismo y los dem\u00e1s, aseguran&hellip;","protected":false},"author":2,"featured_media":61555,"comment_status":"open","ping_status":"closed","sticky":false,"template":"","format":"standard","meta":{"csco_display_header_overlay":false,"csco_singular_sidebar":"default","csco_page_header_type":"default","csco_page_load_nextpost":"default","csco_post_video_location":[],"csco_post_video_location_hash":"","csco_post_video_url":"","csco_post_video_bg_start_time":0,"csco_post_video_bg_end_time":0,"csco_post_video_bg_volume":false,"_jetpack_memberships_contains_paid_content":false,"footnotes":""},"categories":[61],"tags":[3389,394,297,1695],"class_list":{"0":"post-28270","1":"post","2":"type-post","3":"status-publish","4":"format-standard","5":"has-post-thumbnail","7":"category-jamb","8":"tag-hablar","9":"tag-lenguaje","10":"tag-ninos","11":"tag-positivo","12":"cs-entry","13":"cs-video-wrap"},"yoast_head":"<!-- This site is optimized with the Yoast SEO plugin v27.5 - https:\/\/yoast.com\/product\/yoast-seo-wordpress\/ -->\n<title>C\u00f3mo hablar con los ni\u00f1os en lenguaje positivo - 2026<\/title>\n<meta name=\"description\" content=\"El lenguaje positivo ayuda a mejorar la comunicaci\u00f3n y las relaciones con uno mismo y los dem\u00e1s, aseguran especialistas en...\" \/>\n<meta name=\"robots\" content=\"index, follow, max-snippet:-1, max-image-preview:large, max-video-preview:-1\" \/>\n<link rel=\"canonical\" href=\"https:\/\/webdelmaestrocmf.com\/portal\/como-hablar-con-los-ninos-en-lenguaje-positivo\/\" \/>\n<meta property=\"og:locale\" content=\"es_ES\" \/>\n<meta property=\"og:type\" content=\"article\" \/>\n<meta property=\"og:title\" content=\"C\u00f3mo hablar con los ni\u00f1os en lenguaje positivo - 2026\" \/>\n<meta property=\"og:description\" content=\"El lenguaje positivo ayuda a mejorar la comunicaci\u00f3n y las relaciones con uno mismo y los dem\u00e1s, aseguran especialistas en...\" \/>\n<meta property=\"og:url\" content=\"https:\/\/webdelmaestrocmf.com\/portal\/como-hablar-con-los-ninos-en-lenguaje-positivo\/\" \/>\n<meta property=\"og:site_name\" content=\"Web del Maestro CMF\" \/>\n<meta property=\"article:publisher\" content=\"https:\/\/www.facebook.com\/WebdelMaestroCMF\/\" \/>\n<meta property=\"article:author\" content=\"https:\/\/www.facebook.com\/WebdelMaestroCMF\/\" \/>\n<meta property=\"article:published_time\" content=\"2018-05-26T15:35:56+00:00\" \/>\n<meta property=\"article:modified_time\" content=\"2021-04-09T03:23:02+00:00\" \/>\n<meta property=\"og:image\" content=\"https:\/\/i0.wp.com\/webdelmaestrocmf.com\/portal\/wp-content\/uploads\/2018\/05\/1-copia-3.jpg?fit=1100%2C680&ssl=1\" \/>\n\t<meta property=\"og:image:width\" content=\"1100\" \/>\n\t<meta property=\"og:image:height\" content=\"680\" \/>\n\t<meta property=\"og:image:type\" content=\"image\/jpeg\" \/>\n<meta name=\"author\" content=\"Web del Maestro CMF\" \/>\n<meta name=\"twitter:card\" content=\"summary_large_image\" \/>\n<meta name=\"twitter:creator\" content=\"@cmf_w\" \/>\n<meta name=\"twitter:site\" content=\"@cmf_w\" \/>\n<script type=\"application\/ld+json\" class=\"yoast-schema-graph\">{\"@context\":\"https:\\\/\\\/schema.org\",\"@graph\":[{\"@type\":\"ScholarlyArticle\",\"@id\":\"https:\\\/\\\/webdelmaestrocmf.com\\\/portal\\\/como-hablar-con-los-ninos-en-lenguaje-positivo\\\/#article\",\"isPartOf\":{\"@id\":\"https:\\\/\\\/webdelmaestrocmf.com\\\/portal\\\/como-hablar-con-los-ninos-en-lenguaje-positivo\\\/\"},\"author\":{\"name\":\"Web del Maestro CMF\",\"@id\":\"https:\\\/\\\/webdelmaestrocmf.com\\\/portal\\\/#\\\/schema\\\/person\\\/ebc57e23d318c9c4270c6f41367015b5\"},\"headline\":\"C\u00f3mo hablar con los ni\u00f1os en lenguaje positivo\",\"datePublished\":\"2018-05-26T15:35:56+00:00\",\"dateModified\":\"2021-04-09T03:23:02+00:00\",\"mainEntityOfPage\":{\"@id\":\"https:\\\/\\\/webdelmaestrocmf.com\\\/portal\\\/como-hablar-con-los-ninos-en-lenguaje-positivo\\\/\"},\"wordCount\":430,\"commentCount\":0,\"publisher\":{\"@id\":\"https:\\\/\\\/webdelmaestrocmf.com\\\/portal\\\/#organization\"},\"image\":{\"@id\":\"https:\\\/\\\/webdelmaestrocmf.com\\\/portal\\\/como-hablar-con-los-ninos-en-lenguaje-positivo\\\/#primaryimage\"},\"thumbnailUrl\":\"https:\\\/\\\/webdelmaestrocmf.com\\\/portal\\\/wp-content\\\/uploads\\\/2018\\\/05\\\/1-copia-3.jpg\",\"keywords\":[\"HABLAR\",\"LENGUAJE\",\"Ni\u00f1os\",\"POSITIVO\"],\"articleSection\":[\"Yo opino - WMCMF\"],\"inLanguage\":\"es\",\"potentialAction\":[{\"@type\":\"CommentAction\",\"name\":\"Comment\",\"target\":[\"https:\\\/\\\/webdelmaestrocmf.com\\\/portal\\\/como-hablar-con-los-ninos-en-lenguaje-positivo\\\/#respond\"]}]},{\"@type\":\"WebPage\",\"@id\":\"https:\\\/\\\/webdelmaestrocmf.com\\\/portal\\\/como-hablar-con-los-ninos-en-lenguaje-positivo\\\/\",\"url\":\"https:\\\/\\\/webdelmaestrocmf.com\\\/portal\\\/como-hablar-con-los-ninos-en-lenguaje-positivo\\\/\",\"name\":\"C\u00f3mo hablar con los ni\u00f1os en lenguaje positivo - 2026\",\"isPartOf\":{\"@id\":\"https:\\\/\\\/webdelmaestrocmf.com\\\/portal\\\/#website\"},\"primaryImageOfPage\":{\"@id\":\"https:\\\/\\\/webdelmaestrocmf.com\\\/portal\\\/como-hablar-con-los-ninos-en-lenguaje-positivo\\\/#primaryimage\"},\"image\":{\"@id\":\"https:\\\/\\\/webdelmaestrocmf.com\\\/portal\\\/como-hablar-con-los-ninos-en-lenguaje-positivo\\\/#primaryimage\"},\"thumbnailUrl\":\"https:\\\/\\\/webdelmaestrocmf.com\\\/portal\\\/wp-content\\\/uploads\\\/2018\\\/05\\\/1-copia-3.jpg\",\"datePublished\":\"2018-05-26T15:35:56+00:00\",\"dateModified\":\"2021-04-09T03:23:02+00:00\",\"description\":\"El lenguaje positivo ayuda a mejorar la comunicaci\u00f3n y las relaciones con uno mismo y los dem\u00e1s, aseguran especialistas en...\",\"breadcrumb\":{\"@id\":\"https:\\\/\\\/webdelmaestrocmf.com\\\/portal\\\/como-hablar-con-los-ninos-en-lenguaje-positivo\\\/#breadcrumb\"},\"inLanguage\":\"es\",\"potentialAction\":[{\"@type\":\"ReadAction\",\"target\":[\"https:\\\/\\\/webdelmaestrocmf.com\\\/portal\\\/como-hablar-con-los-ninos-en-lenguaje-positivo\\\/\"]}]},{\"@type\":\"ImageObject\",\"inLanguage\":\"es\",\"@id\":\"https:\\\/\\\/webdelmaestrocmf.com\\\/portal\\\/como-hablar-con-los-ninos-en-lenguaje-positivo\\\/#primaryimage\",\"url\":\"https:\\\/\\\/webdelmaestrocmf.com\\\/portal\\\/wp-content\\\/uploads\\\/2018\\\/05\\\/1-copia-3.jpg\",\"contentUrl\":\"https:\\\/\\\/webdelmaestrocmf.com\\\/portal\\\/wp-content\\\/uploads\\\/2018\\\/05\\\/1-copia-3.jpg\",\"width\":1100,\"height\":680},{\"@type\":\"BreadcrumbList\",\"@id\":\"https:\\\/\\\/webdelmaestrocmf.com\\\/portal\\\/como-hablar-con-los-ninos-en-lenguaje-positivo\\\/#breadcrumb\",\"itemListElement\":[{\"@type\":\"ListItem\",\"position\":1,\"name\":\"Portada\",\"item\":\"https:\\\/\\\/webdelmaestrocmf.com\\\/portal\\\/\"},{\"@type\":\"ListItem\",\"position\":2,\"name\":\"Yo opino - WMCMF\",\"item\":\"https:\\\/\\\/webdelmaestrocmf.com\\\/portal\\\/category\\\/jamb\\\/\"},{\"@type\":\"ListItem\",\"position\":3,\"name\":\"C\u00f3mo hablar con los ni\u00f1os en lenguaje positivo\"}]},{\"@type\":\"WebSite\",\"@id\":\"https:\\\/\\\/webdelmaestrocmf.com\\\/portal\\\/#website\",\"url\":\"https:\\\/\\\/webdelmaestrocmf.com\\\/portal\\\/\",\"name\":\"Web del Maestro CMF\",\"description\":\"Maestros al servicio de la educaci\u00f3n\",\"publisher\":{\"@id\":\"https:\\\/\\\/webdelmaestrocmf.com\\\/portal\\\/#organization\"},\"alternateName\":\"WMCMF\",\"potentialAction\":[{\"@type\":\"SearchAction\",\"target\":{\"@type\":\"EntryPoint\",\"urlTemplate\":\"https:\\\/\\\/webdelmaestrocmf.com\\\/portal\\\/?s={search_term_string}\"},\"query-input\":{\"@type\":\"PropertyValueSpecification\",\"valueRequired\":true,\"valueName\":\"search_term_string\"}}],\"inLanguage\":\"es\"},{\"@type\":\"Organization\",\"@id\":\"https:\\\/\\\/webdelmaestrocmf.com\\\/portal\\\/#organization\",\"name\":\"Web del Maestro CMF\",\"alternateName\":\"WMCMF\",\"url\":\"https:\\\/\\\/webdelmaestrocmf.com\\\/portal\\\/\",\"logo\":{\"@type\":\"ImageObject\",\"inLanguage\":\"es\",\"@id\":\"https:\\\/\\\/webdelmaestrocmf.com\\\/portal\\\/#\\\/schema\\\/logo\\\/image\\\/\",\"url\":\"https:\\\/\\\/webdelmaestrocmf.com\\\/portal\\\/wp-content\\\/uploads\\\/2023\\\/01\\\/logo-wmcmf-2.png\",\"contentUrl\":\"https:\\\/\\\/webdelmaestrocmf.com\\\/portal\\\/wp-content\\\/uploads\\\/2023\\\/01\\\/logo-wmcmf-2.png\",\"width\":200,\"height\":60,\"caption\":\"Web del Maestro CMF\"},\"image\":{\"@id\":\"https:\\\/\\\/webdelmaestrocmf.com\\\/portal\\\/#\\\/schema\\\/logo\\\/image\\\/\"},\"sameAs\":[\"https:\\\/\\\/www.facebook.com\\\/WebdelMaestroCMF\\\/\",\"https:\\\/\\\/x.com\\\/cmf_w\",\"https:\\\/\\\/www.pinterest.com\\\/WMCMF\\\/\",\"https:\\\/\\\/www.linkedin.com\\\/company\\\/web-del-maestro-cmf\\\/\",\"https:\\\/\\\/www.instagram.com\\\/wmcmf\\\/\",\"https:\\\/\\\/www.youtube.com\\\/channel\\\/UCDPSvjbdodE5sHnC3OxutHw\",\"https:\\\/\\\/mastodon.social\\\/@wmcmf\",\"https:\\\/\\\/www.tiktok.com\\\/@webdelmaestrocmf\"]},{\"@type\":\"Person\",\"@id\":\"https:\\\/\\\/webdelmaestrocmf.com\\\/portal\\\/#\\\/schema\\\/person\\\/ebc57e23d318c9c4270c6f41367015b5\",\"name\":\"Web del Maestro CMF\",\"image\":{\"@type\":\"ImageObject\",\"inLanguage\":\"es\",\"@id\":\"https:\\\/\\\/secure.gravatar.com\\\/avatar\\\/718b2df46e711f63dc8c16a160d16cc0104e961fe3c231eaaed2426975fc5e2d?s=96&d=mm&r=g\",\"url\":\"https:\\\/\\\/secure.gravatar.com\\\/avatar\\\/718b2df46e711f63dc8c16a160d16cc0104e961fe3c231eaaed2426975fc5e2d?s=96&d=mm&r=g\",\"contentUrl\":\"https:\\\/\\\/secure.gravatar.com\\\/avatar\\\/718b2df46e711f63dc8c16a160d16cc0104e961fe3c231eaaed2426975fc5e2d?s=96&d=mm&r=g\",\"caption\":\"Web del Maestro CMF\"},\"description\":\"Esta Web se cre\u00f3 sin fines de lucro, con fines educativos, cient\u00edficos y acad\u00e9micos, para personas que tengan dificultades y\\\/o inconvenientes en visualizar el material original. El objetivo es entregar recursos, compartir experiencias y materiales que ayuden a los padres de familia, maestros y estudiantes en su actualizaci\u00f3n y formaci\u00f3n permanente, en bien de la Educaci\u00f3n.\",\"sameAs\":[\"http:\\\/\\\/webdelmaestrocmf.com\\\/portal\",\"https:\\\/\\\/www.facebook.com\\\/WebdelMaestroCMF\\\/\",\"https:\\\/\\\/www.instagram.com\\\/wmcmf\\\/\",\"https:\\\/\\\/cl.linkedin.com\\\/company\\\/web-del-maestro-cmf\",\"https:\\\/\\\/www.pinterest.com\\\/WMCMF\\\/publicaciones\\\/\",\"https:\\\/\\\/x.com\\\/cmf_w\",\"https:\\\/\\\/www.youtube.com\\\/@WMCMF\"]}]}<\/script>\n<!-- \/ Yoast SEO plugin. -->","yoast_head_json":{"title":"C\u00f3mo hablar con los ni\u00f1os en lenguaje positivo - 2026","description":"El lenguaje positivo ayuda a mejorar la comunicaci\u00f3n y las relaciones con uno mismo y los dem\u00e1s, aseguran especialistas en...","robots":{"index":"index","follow":"follow","max-snippet":"max-snippet:-1","max-image-preview":"max-image-preview:large","max-video-preview":"max-video-preview:-1"},"canonical":"https:\/\/webdelmaestrocmf.com\/portal\/como-hablar-con-los-ninos-en-lenguaje-positivo\/","og_locale":"es_ES","og_type":"article","og_title":"C\u00f3mo hablar con los ni\u00f1os en lenguaje positivo - 2026","og_description":"El lenguaje positivo ayuda a mejorar la comunicaci\u00f3n y las relaciones con uno mismo y los dem\u00e1s, aseguran especialistas en...","og_url":"https:\/\/webdelmaestrocmf.com\/portal\/como-hablar-con-los-ninos-en-lenguaje-positivo\/","og_site_name":"Web del Maestro CMF","article_publisher":"https:\/\/www.facebook.com\/WebdelMaestroCMF\/","article_author":"https:\/\/www.facebook.com\/WebdelMaestroCMF\/","article_published_time":"2018-05-26T15:35:56+00:00","article_modified_time":"2021-04-09T03:23:02+00:00","og_image":[{"width":1100,"height":680,"url":"https:\/\/i0.wp.com\/webdelmaestrocmf.com\/portal\/wp-content\/uploads\/2018\/05\/1-copia-3.jpg?fit=1100%2C680&ssl=1","type":"image\/jpeg"}],"author":"Web del Maestro CMF","twitter_card":"summary_large_image","twitter_creator":"@cmf_w","twitter_site":"@cmf_w","schema":{"@context":"https:\/\/schema.org","@graph":[{"@type":"ScholarlyArticle","@id":"https:\/\/webdelmaestrocmf.com\/portal\/como-hablar-con-los-ninos-en-lenguaje-positivo\/#article","isPartOf":{"@id":"https:\/\/webdelmaestrocmf.com\/portal\/como-hablar-con-los-ninos-en-lenguaje-positivo\/"},"author":{"name":"Web del Maestro CMF","@id":"https:\/\/webdelmaestrocmf.com\/portal\/#\/schema\/person\/ebc57e23d318c9c4270c6f41367015b5"},"headline":"C\u00f3mo hablar con los ni\u00f1os en lenguaje positivo","datePublished":"2018-05-26T15:35:56+00:00","dateModified":"2021-04-09T03:23:02+00:00","mainEntityOfPage":{"@id":"https:\/\/webdelmaestrocmf.com\/portal\/como-hablar-con-los-ninos-en-lenguaje-positivo\/"},"wordCount":430,"commentCount":0,"publisher":{"@id":"https:\/\/webdelmaestrocmf.com\/portal\/#organization"},"image":{"@id":"https:\/\/webdelmaestrocmf.com\/portal\/como-hablar-con-los-ninos-en-lenguaje-positivo\/#primaryimage"},"thumbnailUrl":"https:\/\/webdelmaestrocmf.com\/portal\/wp-content\/uploads\/2018\/05\/1-copia-3.jpg","keywords":["HABLAR","LENGUAJE","Ni\u00f1os","POSITIVO"],"articleSection":["Yo opino - WMCMF"],"inLanguage":"es","potentialAction":[{"@type":"CommentAction","name":"Comment","target":["https:\/\/webdelmaestrocmf.com\/portal\/como-hablar-con-los-ninos-en-lenguaje-positivo\/#respond"]}]},{"@type":"WebPage","@id":"https:\/\/webdelmaestrocmf.com\/portal\/como-hablar-con-los-ninos-en-lenguaje-positivo\/","url":"https:\/\/webdelmaestrocmf.com\/portal\/como-hablar-con-los-ninos-en-lenguaje-positivo\/","name":"C\u00f3mo hablar con los ni\u00f1os en lenguaje positivo - 2026","isPartOf":{"@id":"https:\/\/webdelmaestrocmf.com\/portal\/#website"},"primaryImageOfPage":{"@id":"https:\/\/webdelmaestrocmf.com\/portal\/como-hablar-con-los-ninos-en-lenguaje-positivo\/#primaryimage"},"image":{"@id":"https:\/\/webdelmaestrocmf.com\/portal\/como-hablar-con-los-ninos-en-lenguaje-positivo\/#primaryimage"},"thumbnailUrl":"https:\/\/webdelmaestrocmf.com\/portal\/wp-content\/uploads\/2018\/05\/1-copia-3.jpg","datePublished":"2018-05-26T15:35:56+00:00","dateModified":"2021-04-09T03:23:02+00:00","description":"El lenguaje positivo ayuda a mejorar la comunicaci\u00f3n y las relaciones con uno mismo y los dem\u00e1s, aseguran especialistas en...","breadcrumb":{"@id":"https:\/\/webdelmaestrocmf.com\/portal\/como-hablar-con-los-ninos-en-lenguaje-positivo\/#breadcrumb"},"inLanguage":"es","potentialAction":[{"@type":"ReadAction","target":["https:\/\/webdelmaestrocmf.com\/portal\/como-hablar-con-los-ninos-en-lenguaje-positivo\/"]}]},{"@type":"ImageObject","inLanguage":"es","@id":"https:\/\/webdelmaestrocmf.com\/portal\/como-hablar-con-los-ninos-en-lenguaje-positivo\/#primaryimage","url":"https:\/\/webdelmaestrocmf.com\/portal\/wp-content\/uploads\/2018\/05\/1-copia-3.jpg","contentUrl":"https:\/\/webdelmaestrocmf.com\/portal\/wp-content\/uploads\/2018\/05\/1-copia-3.jpg","width":1100,"height":680},{"@type":"BreadcrumbList","@id":"https:\/\/webdelmaestrocmf.com\/portal\/como-hablar-con-los-ninos-en-lenguaje-positivo\/#breadcrumb","itemListElement":[{"@type":"ListItem","position":1,"name":"Portada","item":"https:\/\/webdelmaestrocmf.com\/portal\/"},{"@type":"ListItem","position":2,"name":"Yo opino - WMCMF","item":"https:\/\/webdelmaestrocmf.com\/portal\/category\/jamb\/"},{"@type":"ListItem","position":3,"name":"C\u00f3mo hablar con los ni\u00f1os en lenguaje positivo"}]},{"@type":"WebSite","@id":"https:\/\/webdelmaestrocmf.com\/portal\/#website","url":"https:\/\/webdelmaestrocmf.com\/portal\/","name":"Web del Maestro CMF","description":"Maestros al servicio de la educaci\u00f3n","publisher":{"@id":"https:\/\/webdelmaestrocmf.com\/portal\/#organization"},"alternateName":"WMCMF","potentialAction":[{"@type":"SearchAction","target":{"@type":"EntryPoint","urlTemplate":"https:\/\/webdelmaestrocmf.com\/portal\/?s={search_term_string}"},"query-input":{"@type":"PropertyValueSpecification","valueRequired":true,"valueName":"search_term_string"}}],"inLanguage":"es"},{"@type":"Organization","@id":"https:\/\/webdelmaestrocmf.com\/portal\/#organization","name":"Web del Maestro CMF","alternateName":"WMCMF","url":"https:\/\/webdelmaestrocmf.com\/portal\/","logo":{"@type":"ImageObject","inLanguage":"es","@id":"https:\/\/webdelmaestrocmf.com\/portal\/#\/schema\/logo\/image\/","url":"https:\/\/webdelmaestrocmf.com\/portal\/wp-content\/uploads\/2023\/01\/logo-wmcmf-2.png","contentUrl":"https:\/\/webdelmaestrocmf.com\/portal\/wp-content\/uploads\/2023\/01\/logo-wmcmf-2.png","width":200,"height":60,"caption":"Web del Maestro CMF"},"image":{"@id":"https:\/\/webdelmaestrocmf.com\/portal\/#\/schema\/logo\/image\/"},"sameAs":["https:\/\/www.facebook.com\/WebdelMaestroCMF\/","https:\/\/x.com\/cmf_w","https:\/\/www.pinterest.com\/WMCMF\/","https:\/\/www.linkedin.com\/company\/web-del-maestro-cmf\/","https:\/\/www.instagram.com\/wmcmf\/","https:\/\/www.youtube.com\/channel\/UCDPSvjbdodE5sHnC3OxutHw","https:\/\/mastodon.social\/@wmcmf","https:\/\/www.tiktok.com\/@webdelmaestrocmf"]},{"@type":"Person","@id":"https:\/\/webdelmaestrocmf.com\/portal\/#\/schema\/person\/ebc57e23d318c9c4270c6f41367015b5","name":"Web del Maestro CMF","image":{"@type":"ImageObject","inLanguage":"es","@id":"https:\/\/secure.gravatar.com\/avatar\/718b2df46e711f63dc8c16a160d16cc0104e961fe3c231eaaed2426975fc5e2d?s=96&d=mm&r=g","url":"https:\/\/secure.gravatar.com\/avatar\/718b2df46e711f63dc8c16a160d16cc0104e961fe3c231eaaed2426975fc5e2d?s=96&d=mm&r=g","contentUrl":"https:\/\/secure.gravatar.com\/avatar\/718b2df46e711f63dc8c16a160d16cc0104e961fe3c231eaaed2426975fc5e2d?s=96&d=mm&r=g","caption":"Web del Maestro CMF"},"description":"Esta Web se cre\u00f3 sin fines de lucro, con fines educativos, cient\u00edficos y acad\u00e9micos, para personas que tengan dificultades y\/o inconvenientes en visualizar el material original. El objetivo es entregar recursos, compartir experiencias y materiales que ayuden a los padres de familia, maestros y estudiantes en su actualizaci\u00f3n y formaci\u00f3n permanente, en bien de la Educaci\u00f3n.","sameAs":["http:\/\/webdelmaestrocmf.com\/portal","https:\/\/www.facebook.com\/WebdelMaestroCMF\/","https:\/\/www.instagram.com\/wmcmf\/","https:\/\/cl.linkedin.com\/company\/web-del-maestro-cmf","https:\/\/www.pinterest.com\/WMCMF\/publicaciones\/","https:\/\/x.com\/cmf_w","https:\/\/www.youtube.com\/@WMCMF"]}]}},"jetpack_featured_media_url":"https:\/\/webdelmaestrocmf.com\/portal\/wp-content\/uploads\/2018\/05\/1-copia-3.jpg","jetpack_sharing_enabled":true,"jetpack-related-posts":[{"id":100572,"url":"https:\/\/webdelmaestrocmf.com\/portal\/que-frases-jamas-hay-que-decirle-a-un-nino\/","url_meta":{"origin":28270,"position":0},"title":"\u00bfQu\u00e9 frases no se les deben decir a los ni\u00f1os?","author":"Web del Maestro CMF","date":"2 octubre, 2024","format":false,"excerpt":"El impacto de las palabras de los padres y docentes en la vida de los ni\u00f1os es profundo y duradero. Las expresiones positivas y alentadoras construyen cimientos s\u00f3lidos para la autoestima y la confianza en s\u00ed mismos, permitiendo a los ni\u00f1os enfrentar desaf\u00edos con valent\u00eda y explorar el mundo con\u2026","rel":"","context":"En \u00abNi\u00f1os\u00bb","block_context":{"text":"Ni\u00f1os","link":"https:\/\/webdelmaestrocmf.com\/portal\/category\/pedagogia\/ninos\/"},"img":{"alt_text":"","src":"https:\/\/i0.wp.com\/webdelmaestrocmf.com\/portal\/wp-content\/uploads\/2023\/11\/Banner-1-portada-imagen-10-1-8-2.jpg?resize=350%2C200&ssl=1","width":350,"height":200,"srcset":"https:\/\/i0.wp.com\/webdelmaestrocmf.com\/portal\/wp-content\/uploads\/2023\/11\/Banner-1-portada-imagen-10-1-8-2.jpg?resize=350%2C200&ssl=1 1x, https:\/\/i0.wp.com\/webdelmaestrocmf.com\/portal\/wp-content\/uploads\/2023\/11\/Banner-1-portada-imagen-10-1-8-2.jpg?resize=525%2C300&ssl=1 1.5x, https:\/\/i0.wp.com\/webdelmaestrocmf.com\/portal\/wp-content\/uploads\/2023\/11\/Banner-1-portada-imagen-10-1-8-2.jpg?resize=700%2C400&ssl=1 2x"},"classes":[]},{"id":27145,"url":"https:\/\/webdelmaestrocmf.com\/portal\/cuando-le-demos-un-consejo-orden-o-sugerencia-al-nino-es-mejor-que-sea-en-lenguaje-positivo\/","url_meta":{"origin":28270,"position":1},"title":"Carmen Fern\u00e1ndez: Cuando le demos un consejo, orden o sugerencia al ni\u00f1o es mejor que sea en lenguaje positivo","author":"Web del Maestro CMF","date":"6 abril, 2018","format":false,"excerpt":"Carmen Fern\u00e1ndez Rivas es una profesora espa\u00f1ola, especializada en Coaching (\u00abentrenamiento\u00bb) educativo y facilitadora \u2013 educadora en Disciplina Positiva para padres y profesores, no cree que exista alg\u00fan padre o madre (y por analog\u00eda, profesor(a)) \u201cque disfrute con el grito, con la amenaza, con el castigo o con el chantaje,\u2026","rel":"","context":"En \u00abEntrevistas\u00bb","block_context":{"text":"Entrevistas","link":"https:\/\/webdelmaestrocmf.com\/portal\/category\/noticias\/entrevistas\/"},"img":{"alt_text":"","src":"https:\/\/i0.wp.com\/webdelmaestrocmf.com\/portal\/wp-content\/uploads\/2019\/05\/2-53.jpg?resize=350%2C200&ssl=1","width":350,"height":200,"srcset":"https:\/\/i0.wp.com\/webdelmaestrocmf.com\/portal\/wp-content\/uploads\/2019\/05\/2-53.jpg?resize=350%2C200&ssl=1 1x, https:\/\/i0.wp.com\/webdelmaestrocmf.com\/portal\/wp-content\/uploads\/2019\/05\/2-53.jpg?resize=525%2C300&ssl=1 1.5x, https:\/\/i0.wp.com\/webdelmaestrocmf.com\/portal\/wp-content\/uploads\/2019\/05\/2-53.jpg?resize=700%2C400&ssl=1 2x, https:\/\/i0.wp.com\/webdelmaestrocmf.com\/portal\/wp-content\/uploads\/2019\/05\/2-53.jpg?resize=1050%2C600&ssl=1 3x"},"classes":[]},{"id":26974,"url":"https:\/\/webdelmaestrocmf.com\/portal\/cuatro-estrategias-y-seis-consejos-para-desarrollar-un-lenguaje-positivo\/","url_meta":{"origin":28270,"position":2},"title":"Cuatro estrategias y seis consejos para desarrollar un lenguaje positivo","author":"Web del Maestro CMF","date":"26 diciembre, 2018","format":false,"excerpt":"El hablar se define como \u201cla capacidad de comunicarse mediante sonidos articulados que tiene el ser humano\u201d, y por lo tanto se adquiere y se aprende el manejo y desarrollo de la costumbre de modular adecuadamente el tono, el ritmo y las inflexiones de la voz, pues de la potencia\u2026","rel":"","context":"En \u00abYo opino - WMCMF\u00bb","block_context":{"text":"Yo opino - WMCMF","link":"https:\/\/webdelmaestrocmf.com\/portal\/category\/jamb\/"},"img":{"alt_text":"","src":"https:\/\/i0.wp.com\/webdelmaestrocmf.com\/portal\/wp-content\/uploads\/2018\/12\/1-111.jpg?resize=350%2C200&ssl=1","width":350,"height":200,"srcset":"https:\/\/i0.wp.com\/webdelmaestrocmf.com\/portal\/wp-content\/uploads\/2018\/12\/1-111.jpg?resize=350%2C200&ssl=1 1x, https:\/\/i0.wp.com\/webdelmaestrocmf.com\/portal\/wp-content\/uploads\/2018\/12\/1-111.jpg?resize=525%2C300&ssl=1 1.5x, https:\/\/i0.wp.com\/webdelmaestrocmf.com\/portal\/wp-content\/uploads\/2018\/12\/1-111.jpg?resize=700%2C400&ssl=1 2x, https:\/\/i0.wp.com\/webdelmaestrocmf.com\/portal\/wp-content\/uploads\/2018\/12\/1-111.jpg?resize=1050%2C600&ssl=1 3x"},"classes":[]},{"id":94229,"url":"https:\/\/webdelmaestrocmf.com\/portal\/antes-de-aprender-a-leer-es-importante-que-el-alumno-desarrolle-las-siguientes-habilidades\/","url_meta":{"origin":28270,"position":3},"title":"Antes de aprender a leer, es importante que el alumno desarrolle las siguientes habilidades","author":"Web del Maestro CMF","date":"11 enero, 2024","format":false,"excerpt":"La alfabetizaci\u00f3n es un proceso complejo que requiere el desarrollo de una serie de habilidades y conocimientos. Antes de aprender a leer, los ni\u00f1os deben desarrollar una serie de habilidades b\u00e1sicas, como las habilidades motoras finas, las habilidades de lenguaje y las habilidades de memoria. Adem\u00e1s, los ni\u00f1os deben tener\u2026","rel":"","context":"En \u00abLeer\u00bb","block_context":{"text":"Leer","link":"https:\/\/webdelmaestrocmf.com\/portal\/category\/pedagogia\/leer\/"},"img":{"alt_text":"","src":"https:\/\/i0.wp.com\/webdelmaestrocmf.com\/portal\/wp-content\/uploads\/2023\/09\/Banner-1-portada-imagen-1.jpg?resize=350%2C200&ssl=1","width":350,"height":200,"srcset":"https:\/\/i0.wp.com\/webdelmaestrocmf.com\/portal\/wp-content\/uploads\/2023\/09\/Banner-1-portada-imagen-1.jpg?resize=350%2C200&ssl=1 1x, https:\/\/i0.wp.com\/webdelmaestrocmf.com\/portal\/wp-content\/uploads\/2023\/09\/Banner-1-portada-imagen-1.jpg?resize=525%2C300&ssl=1 1.5x, https:\/\/i0.wp.com\/webdelmaestrocmf.com\/portal\/wp-content\/uploads\/2023\/09\/Banner-1-portada-imagen-1.jpg?resize=700%2C400&ssl=1 2x"},"classes":[]},{"id":15297,"url":"https:\/\/webdelmaestrocmf.com\/portal\/no-castigues-con-el-silencio-porque-es-mas-peligroso-que-las-palabras\/","url_meta":{"origin":28270,"position":4},"title":"Luis Castellanos: No castigues con el silencio, porque es m\u00e1s peligroso que las palabras","author":"Web del Maestro CMF","date":"15 agosto, 2023","format":false,"excerpt":"En la entrevista a Luis Castellanos, realizada por Carlota Fominaya, y que publica ABC (Espa\u00f1a) se nos comparte que \u201clas funciones vitales del lenguaje positivo en nuestra mente ejercen una influencia creativa en las decisiones m\u00e1s profundas que tomamos\u201d. Castellanos, quien es Doctor en \u00e9tica y dirige El Jard\u00edn de\u2026","rel":"","context":"En \u00abEntrevistas\u00bb","block_context":{"text":"Entrevistas","link":"https:\/\/webdelmaestrocmf.com\/portal\/category\/noticias\/entrevistas\/"},"img":{"alt_text":"Castellanos","src":"https:\/\/i0.wp.com\/webdelmaestrocmf.com\/portal\/wp-content\/uploads\/2017\/02\/A12B3C4D-15.jpg?resize=350%2C200&ssl=1","width":350,"height":200,"srcset":"https:\/\/i0.wp.com\/webdelmaestrocmf.com\/portal\/wp-content\/uploads\/2017\/02\/A12B3C4D-15.jpg?resize=350%2C200&ssl=1 1x, https:\/\/i0.wp.com\/webdelmaestrocmf.com\/portal\/wp-content\/uploads\/2017\/02\/A12B3C4D-15.jpg?resize=525%2C300&ssl=1 1.5x, https:\/\/i0.wp.com\/webdelmaestrocmf.com\/portal\/wp-content\/uploads\/2017\/02\/A12B3C4D-15.jpg?resize=700%2C400&ssl=1 2x"},"classes":[]},{"id":16707,"url":"https:\/\/webdelmaestrocmf.com\/portal\/3-recomendaciones-desarrollar-mejores-habilidades-comunicacion-confianza\/","url_meta":{"origin":28270,"position":5},"title":"3 recomendaciones para desarrollar mejores habilidades de comunicaci\u00f3n y confianza","author":"Web del Maestro CMF","date":"4 abril, 2017","format":false,"excerpt":"Euroresidentes TV: \u00a1pasen y vean! es un canal con muchas y variadas tem\u00e1ticas y ha colgado el video: \u201cTres claves para superar el miedo de hablar en p\u00fablico\u201d con Andrea M\u00e9ndez. Nosotros compartimos este recurso, con fines \u00fanicamente educativos \u2013 pastorales, porque desde siempre ha sido y es una habilidad\u2026","rel":"","context":"En \u00abNoticias\u00bb","block_context":{"text":"Noticias","link":"https:\/\/webdelmaestrocmf.com\/portal\/category\/pedagogia\/noticias-pedagogia\/"},"img":{"alt_text":"comunicaci\u00f3n","src":"https:\/\/i0.wp.com\/webdelmaestrocmf.com\/portal\/wp-content\/uploads\/2017\/04\/A12B3C4D-2.jpg?resize=350%2C200&ssl=1","width":350,"height":200,"srcset":"https:\/\/i0.wp.com\/webdelmaestrocmf.com\/portal\/wp-content\/uploads\/2017\/04\/A12B3C4D-2.jpg?resize=350%2C200&ssl=1 1x, https:\/\/i0.wp.com\/webdelmaestrocmf.com\/portal\/wp-content\/uploads\/2017\/04\/A12B3C4D-2.jpg?resize=525%2C300&ssl=1 1.5x, https:\/\/i0.wp.com\/webdelmaestrocmf.com\/portal\/wp-content\/uploads\/2017\/04\/A12B3C4D-2.jpg?resize=700%2C400&ssl=1 2x"},"classes":[]}],"_links":{"self":[{"href":"https:\/\/webdelmaestrocmf.com\/portal\/wp-json\/wp\/v2\/posts\/28270","targetHints":{"allow":["GET"]}}],"collection":[{"href":"https:\/\/webdelmaestrocmf.com\/portal\/wp-json\/wp\/v2\/posts"}],"about":[{"href":"https:\/\/webdelmaestrocmf.com\/portal\/wp-json\/wp\/v2\/types\/post"}],"author":[{"embeddable":true,"href":"https:\/\/webdelmaestrocmf.com\/portal\/wp-json\/wp\/v2\/users\/2"}],"replies":[{"embeddable":true,"href":"https:\/\/webdelmaestrocmf.com\/portal\/wp-json\/wp\/v2\/comments?post=28270"}],"version-history":[{"count":0,"href":"https:\/\/webdelmaestrocmf.com\/portal\/wp-json\/wp\/v2\/posts\/28270\/revisions"}],"wp:featuredmedia":[{"embeddable":true,"href":"https:\/\/webdelmaestrocmf.com\/portal\/wp-json\/wp\/v2\/media\/61555"}],"wp:attachment":[{"href":"https:\/\/webdelmaestrocmf.com\/portal\/wp-json\/wp\/v2\/media?parent=28270"}],"wp:term":[{"taxonomy":"category","embeddable":true,"href":"https:\/\/webdelmaestrocmf.com\/portal\/wp-json\/wp\/v2\/categories?post=28270"},{"taxonomy":"post_tag","embeddable":true,"href":"https:\/\/webdelmaestrocmf.com\/portal\/wp-json\/wp\/v2\/tags?post=28270"}],"curies":[{"name":"wp","href":"https:\/\/api.w.org\/{rel}","templated":true}]}}