{"id":28153,"date":"2026-04-15T10:00:00","date_gmt":"2026-04-15T14:00:00","guid":{"rendered":"http:\/\/webdelmaestrocmf.com\/portal\/?p=28153"},"modified":"2026-04-15T11:06:21","modified_gmt":"2026-04-15T15:06:21","slug":"como-planificar-las-clases-de-manera-eficiente","status":"publish","type":"post","link":"https:\/\/webdelmaestrocmf.com\/portal\/como-planificar-las-clases-de-manera-eficiente\/","title":{"rendered":"C\u00f3mo planificar las clases de manera eficiente: descarga las mejores plantillas de planificaci\u00f3n de clases"},"content":{"rendered":"\n<p>Un profesor suele tener muchas clases a lo largo de un d\u00eda e incluso deben compatibilizar diferentes tipos de asignaturas. Por lo tanto, es un trabajo mucho m\u00e1s arduo de lo que se piensa, ya que para cada clase tienen que realizar una preparaci\u00f3n previa y organizar c\u00f3mo impartir\u00e1n la lecci\u00f3n.<\/p>\n\n\n\n<!--more-->\n\n\n\n<p>Una de las cosas que los estudiantes captan r\u00e1pidamente de una clase, es si el profesor la tiene preparada o est\u00e1 improvisando. Aunque la preparaci\u00f3n de una clase es importante para cualquier docente, \u00e9sta es trascendental para aquellos profesores que quieren cambiar su metodolog\u00eda. Por eso, Portal Educativo te ense\u00f1a a&nbsp;<strong>como planificar las clases de manera eficiente<\/strong>.<\/p>\n\n\n\n<p>Art\u00edculo relacionado: <a href=\"https:\/\/webdelmaestrocmf.com\/portal\/ayuda-docente-plan-clases-plan-sesion-aprendizaje\/\" target=\"_top\" rel=\"noopener\">C\u00f3mo hacer un plan de clases \/ Plan de sesi\u00f3n de aprendizaje<\/a><\/p>\n\n\n\n<h2 class=\"wp-block-heading\"><strong>\u00bfPor qu\u00e9 es necesario planificar las clases de manera eficiente?<\/strong><\/h2>\n\n\n\n<p>Porque garantiza los aprendizajes de los estudiantes y permite maximizar el uso del tiempo, definir los procesos y recursos necesarios para que los estudiantes logren los aprendizajes que deben alcanzar, recuerda planificar no deber\u00eda ser un tr\u00e1mite por m\u00e1s que se convierta en ello.<\/p>\n\n\n\n<h2 class=\"wp-block-heading\"><strong>Etapas que comprende la preparaci\u00f3n de la clase<\/strong><\/h2>\n\n\n\n<ul class=\"wp-block-list\">\n<li>Preparaci\u00f3n b\u00e1sica.<\/li>\n\n\n\n<li>Preparaci\u00f3n anterior a la planificaci\u00f3n de las clases.<\/li>\n\n\n\n<li>Preparaci\u00f3n o dise\u00f1o de las clases.<\/li>\n<\/ul>\n\n\n\n<h2 class=\"wp-block-heading\"><strong>Ideas para que tengas una planificaci\u00f3n perfecta de tu clase.<\/strong><\/h2>\n\n\n\n<ul class=\"wp-block-list\">\n<li>Conoce tu objetivo al inicio de cada clase.<\/li>\n\n\n\n<li>Escribe un resumen y expresa las ideas principales en la clase.<\/li>\n\n\n\n<li>Planifica una l\u00ednea de tiempo, haz calentamientos, presenta la informaci\u00f3n, haz din\u00e1micas con tus alumnos para que no se aburran de la clase.<\/li>\n\n\n\n<li>Llega a conocer a tus estudiantes, identifica claramente a qui\u00e9n estas educando o vayas a educar.<\/li>\n\n\n\n<li>Utiliza libros de gran importancia para ellos, si algo no entienden expl\u00edcales hasta hacerlos entender.<\/li>\n\n\n\n<li>Abarca una gran variedad de estilos de aprendizaje (ponerles videos de la clase).<\/li>\n\n\n\n<li>Haz una pr\u00e1ctica guiada, que los estudiantes que reciben la informaci\u00f3n tendr\u00e1n que aplicar una actividad que les permite poner ese conocimiento en acci\u00f3n.<\/li>\n\n\n\n<li>Revisa sus trabajos y eval\u00faa su progreso&nbsp;despu\u00e9s de cada clase. Eval\u00faalos.<\/li>\n\n\n\n<li>Finaliza la clase de forma concreta.<\/li>\n<\/ul>\n\n\n\n<h2 class=\"wp-block-heading\"><strong>\u00bfC\u00f3mo podemos planificar una clase de forma r\u00e1pida y eficiente?<\/strong><\/h2>\n\n\n\n<p>Pese a que ya te sabes el temario que debes impartir al dedillo y est\u00e9s capacitado para explicarlo en cualquier momento, no es conveniente dejar una clase a la improvisaci\u00f3n. Con el objetivo de atraer a los alumnos y proporcionarles la mejor experiencia de aprendizaje posible, es conveniente seguir las siguientes pautas:<\/p>\n\n\n\n<h3 class=\"wp-block-heading\"><strong>1. Prop\u00f3sito y cuadro completo<\/strong><\/h3>\n\n\n\n<p>Antes de nada, debes tener claro cu\u00e1l es el objetivo principal de la clase; es decir, planear qu\u00e9 partes del temario quieres ense\u00f1ar a los estudiantes y qu\u00e9 enfoque tomar\u00e1s para poder transmitirlo de la mejor forma posible. Para ello, puedes utilizar los mapas mentales de GoConqr, que permiten elaborar sencillos y atractivos esquemas en cuesti\u00f3n de muy pocos minutos. De este modo, tendr\u00e1s un esquema visualmente llamativo a tu alcance con el que podr\u00e1s valorar mejor el cuadro completo de la clase y el mensaje que quieres transmitir a tus alumnos.<\/p>\n\n\n\n<h3 class=\"wp-block-heading\">2. Gancho de la lecci\u00f3n<\/h3>\n\n\n\n<p>Es inevitable que en muchas ocasiones debas planear una clase cuyo temario es denso y aburrido. Por lo tanto, una vez tengas claro el mensaje y objetivo, debes pensar un gancho que motive a los alumnos y provoque que atiendan a tu discurso.<\/p>\n\n\n\n<figure class=\"wp-block-image\"><img decoding=\"async\" src=\"https:\/\/webdelmaestrocmf.com\/portal\/wp-content\/uploads\/2018\/05\/1-6.png\" alt=\"\" title=\"planificar una clase\"\/><\/figure>\n\n\n\n<p>Ese gancho puede ser una historia o an\u00e9cdota entretenida relacionada con la lecci\u00f3n, un breve v\u00eddeo que ilustre los conocimientos impartidos o unos juegos que generen competitividad entre los alumnos, entre otros. No debes ocupar demasiado tiempo en pensar el gancho, ya que muchas veces las cosas m\u00e1s simples son las que mayor efecto tienen en los estudiantes.<\/p>\n\n\n\n<h3 class=\"wp-block-heading\"><strong>3. Escribir los puntos clave<\/strong><\/h3>\n\n\n\n<p>Dedica un minuto para apuntar en un papel los conceptos clave que vas a tratar durante la clase. Para una tonter\u00eda, pero es un eficaz m\u00e9todo para no dejarte nada en el tintero y tener una gu\u00eda a la que recurrir en el caso de que te bloquees. Debes escribir aquellos aspectos de la lecci\u00f3n que m\u00e1s inter\u00e9s tienes en que los alumnos aprendan y que consideras m\u00e1s importante para su proceso de aprendizaje.<\/p>\n\n\n\n<h3 class=\"wp-block-heading\"><strong>4. Subrayar posibles dudas de los alumnos<\/strong><\/h3>\n\n\n\n<p>La tarea del docente no es solo explicar una lecci\u00f3n como si se tratase de un mon\u00f3logo, sino que debes estar constantemente respondiendo al feedback de los alumnos e interactuando con ellos. Por lo tanto, debes subrayar en los libros de texto que tienen los estudiantes aquellas partes que consideres que son m\u00e1s probables que encuentren dificultades para entender y levanten la mano para exponer sus dudas. No necesitar\u00e1s m\u00e1s de tres minutos para este proceso y te servir\u00e1 para estar m\u00e1s preparado en caso de que los estudiantes se muestren confundidos con tu lecci\u00f3n.<\/p>\n\n\n\n<h3 class=\"wp-block-heading\"><strong>5. Evaluaci\u00f3n grupal e individual<\/strong><\/h3>\n\n\n\n<p>Antes de entrar en el aula ya debes saber cu\u00e1les son las tareas que mandar\u00e1s hacer a los alumnos en casa al finalizar la clase. El proceso de evaluaci\u00f3n individual es uno de los m\u00e1s importantes en la educaci\u00f3n, por lo que es recomendable que revises los puntos clave de la lecci\u00f3n que has subrayado anteriormente, valores el mapa mental con el dibujo completo de la clase y plantees unas cuestiones relacionadas para poner a prueba el conocimiento de tus alumnos. Siguiendo estos pasos, no tardar\u00e1s m\u00e1s de quince minutos en planificar una clase tan entretenida como did\u00e1ctica para tus alumnos.<\/p>\n\n\n\n<p>Art\u00edculo relacionado: <a href=\"https:\/\/webdelmaestrocmf.com\/portal\/planificar-una-sesion-clase-plantilla-aplicacion\/\" target=\"_blank\" rel=\"noopener\">C\u00f3mo planificar una sesi\u00f3n de clase + plantilla de aplicaci\u00f3n<\/a><\/p>\n\n\n\n<figure class=\"wp-block-image\"><a href=\"https:\/\/webdelmaestrocmf.com\/portal\/wp-content\/uploads\/2018\/05\/1c.jpg\"><img decoding=\"async\" src=\"https:\/\/webdelmaestrocmf.com\/portal\/wp-content\/uploads\/2018\/05\/1c.jpg\" alt=\"clases\" title=\"Planificar una clase\"\/><\/a><\/figure>\n\n\n\n<p><\/p>\n\n\n\n<p><strong>C: Bloque<\/strong><\/p>\n\n\n\n<ul class=\"wp-block-list\">\n<li>\n<ul class=\"wp-block-list\">\n<li><strong>Funci\u00f3n:<\/strong> Este punto se utiliza para <strong>identificar y nombrar la unidad tem\u00e1tica<\/strong> que se va a trabajar en el curso. En este caso, el bloque se denomina \u00abRELACIONAS A LA \u00c9TICA CON LA CIENCIA Y LA TECNOLOG\u00cdA\u00bb.<\/li>\n\n\n\n<li><strong>Prop\u00f3sito:<\/strong> Sirve para organizar el contenido del curso en secciones m\u00e1s peque\u00f1as y manejables, facilitando as\u00ed la planificaci\u00f3n de las actividades y la evaluaci\u00f3n de los aprendizajes.<\/li>\n<\/ul>\n<\/li>\n<\/ul>\n\n\n\n<p><strong>D: Desempe\u00f1os al concluir el bloque<\/strong><\/p>\n\n\n\n<ul class=\"wp-block-list\">\n<li>\n<ul class=\"wp-block-list\">\n<li><strong>Funci\u00f3n:<\/strong> Aqu\u00ed se describen los <strong>conocimientos, habilidades y actitudes<\/strong> que se espera que los estudiantes adquieran al finalizar el bloque. Son como los objetivos espec\u00edficos que guiar\u00e1n todo el proceso de ense\u00f1anza-aprendizaje.<\/li>\n\n\n\n<li><strong>Prop\u00f3sito:<\/strong> Permite establecer claramente qu\u00e9 se quiere lograr con las actividades y evaluar si los estudiantes han alcanzado los objetivos propuestos.<\/li>\n<\/ul>\n<\/li>\n<\/ul>\n\n\n\n<p><strong>E: Instrumentos de evaluaci\u00f3n<\/strong><\/p>\n\n\n\n<ul class=\"wp-block-list\">\n<li>\n<ul class=\"wp-block-list\">\n<li><strong>Funci\u00f3n:<\/strong> En esta secci\u00f3n se enumeran los <strong>diferentes instrumentos que se utilizar\u00e1n para evaluar el aprendizaje de los estudiantes<\/strong>. Estos instrumentos pueden ser variados, como pruebas escritas, proyectos, exposiciones, portafolios, etc.<\/li>\n\n\n\n<li><strong>Prop\u00f3sito:<\/strong> Sirve para medir el progreso de los estudiantes, identificar sus fortalezas y debilidades, y proporcionar retroalimentaci\u00f3n para mejorar su aprendizaje.<\/li>\n<\/ul>\n<\/li>\n<\/ul>\n\n\n\n<p><strong>En resumen:<\/strong><\/p>\n\n\n\n<ul class=\"wp-block-list\">\n<li>\n<ul class=\"wp-block-list\">\n<li><strong>C<\/strong> define el tema a tratar.<\/li>\n\n\n\n<li><strong>D<\/strong> establece los objetivos de aprendizaje.<\/li>\n\n\n\n<li><strong>E<\/strong> especifica c\u00f3mo se evaluar\u00e1 el logro de esos objetivos.<\/li>\n<\/ul>\n<\/li>\n<\/ul>\n\n\n\n<p><strong>Estos tres elementos trabajan en conjunto para garantizar que el proceso de ense\u00f1anza-aprendizaje sea coherente, eficaz y orientado a resultados concretos.<\/strong><\/p>\n\n\n\n<p>Temas relacionado:<\/p>\n\n\n\n<ul class=\"wp-block-list\">\n<li><a href=\"https:\/\/webdelmaestrocmf.com\/portal\/mega-pack-de-materiales-para-el-nivel-de-primaria-2021-2022-planeaciones-guias-fichas-examenes-rubricas-etc\/\" target=\"_blank\" rel=\"noopener\">Mega pack de materiales para el nivel de Primaria: Planeaciones, gu\u00edas, fichas, ex\u00e1menes, r\u00fabricas, etc.<\/a><\/li>\n\n\n\n<li><a href=\"https:\/\/webdelmaestrocmf.com\/portal\/planeacion-anual-competencias\/\" target=\"_blank\" rel=\"noopener\">Planeaci\u00f3n Anual por Competencias: 1000 actividades distribuidas<\/a><\/li>\n\n\n\n<li><a href=\"https:\/\/webdelmaestrocmf.com\/portal\/como-incluir-la-evaluacion-diagnostica-la-formativa-y-la-sumativa-en-mi-planeacion\/\" target=\"_blank\" rel=\"noopener\">\u00bfC\u00f3mo incluir la evaluaci\u00f3n Diagn\u00f3stica, la Formativa y la Sumativa en mi Planeaci\u00f3n?<\/a><\/li>\n\n\n\n<li><a href=\"https:\/\/webdelmaestrocmf.com\/portal\/elementos-esenciales-para-una-planeacion-didactica-efectiva\/\" target=\"_blank\" rel=\"noopener\">Elementos Esenciales para una Planeaci\u00f3n Did\u00e1ctica Efectiva<\/a><\/li>\n<\/ul>\n\n\n\n<p><strong>Este contenido ha sido publicado originalmente por <a title=\"Ir a Universia\" href=\"http:\/\/noticias.universia.es\" target=\"_blank\" rel=\"noopener noreferrer\">Universia<\/a> (Espa\u00f1a) y&nbsp;<a title=\"Ir a goconqr\" href=\"http:\/\/goconqr.com\" target=\"_blank\" rel=\"noopener noreferrer\">Goconqr.<\/a><\/strong><\/p>\n\n\n\n<p class=\"has-text-align-center\"><strong>ENLACE DE LECTURA:<\/strong> 1. <a href=\"https:\/\/mega.nz\/folder\/2RcQkAQR#eOfmNGHrlX5beDaQQjjLUA\" target=\"_blank\" rel=\"noopener\">10 MODELOS EDITABLES DE PLANIFICACI\u00d3N DIAN DE CLASES<\/a> | 2. <a title=\"Ir a MEGA\" href=\"https:\/\/drive.google.com\/file\/d\/1v5cWb0nY58CiJTS_J7hmADqypDF4LP2B\/view\" target=\"_blank\" rel=\"noopener noreferrer\">C\u00d3MO PLANIFICAR LAS CLASES DE MANERA EFICIENTE<\/a> | 3. <a title=\"Ir a MEGA\" href=\"https:\/\/centroderecursos.educarchile.cl\/bitstream\/handle\/20.500.12246\/906\/anexo%20n12%20-%20Ejemplos%20de%20Planificacion%20de%20Experiencias%20de%20Aprendizaje.pdf?sequence=1&amp;isAllowed=y\" target=\"_blank\" rel=\"noopener noreferrer\">EJEMPLO EXPERIENCIA DE APRENDIZAJE<\/a><br><strong><span data-px-verified-attrs=\"style\">1 PLANIFICACI\u00d3N DIARIA DE CLASE (MODELO 1)<\/span><\/strong><br><span data-px-verified-attrs=\"style\">DESCARGAR:<a data-px-verified-attrs=\"style\" href=\"https:\/\/docs.google.com\/document\/d\/1J-7HadYPKkju342JbBYSUDQawASVLuLm\/edit?usp=sharing&amp;ouid=116839538856174728785&amp;rtpof=true&amp;sd=true\" target=\"_blank\" rel=\"noopener\">\u00a0OPCI\u00d3N A<\/a>\u00a0\/\u00a0<a data-px-verified-attrs=\"style\" href=\"https:\/\/mematerialeducativo.files.wordpress.com\/2023\/12\/1-planificacion-diario-modelo-1.docx\" target=\"_blank\" rel=\"noopener\">OPCI\u00d3N B<\/a>\u00a0<\/span><br><strong><span data-px-verified-attrs=\"style\">2 PLANIFICACI\u00d3N DIARIA DE CLASE (MODELO 2)<\/span><\/strong><br><span data-px-verified-attrs=\"style\">DESCARGAR:<a data-px-verified-attrs=\"style\" href=\"https:\/\/docs.google.com\/document\/d\/17E_QVhxmbKk8AEJNFHFxl83O2OPiGDTY\/edit?usp=sharing&amp;ouid=116839538856174728785&amp;rtpof=true&amp;sd=true\" target=\"_blank\" rel=\"noopener\">\u00a0OPCI\u00d3N A<\/a>\u00a0\/\u00a0<a data-px-verified-attrs=\"style\" href=\"https:\/\/mematerialeducativo.files.wordpress.com\/2023\/12\/2-planificacion-diario-modelo-2.docx\" target=\"_blank\" rel=\"noopener\">OPCI\u00d3N B<\/a> \u00a0<\/span><br><strong><span data-px-verified-attrs=\"style\">3 PLANIFICACI\u00d3N DIARIA DE CLASE (MODELO 3)<\/span><\/strong> <span data-px-verified-attrs=\"style\">DESCARGAR:\u00a0<a data-px-verified-attrs=\"style\" href=\"https:\/\/docs.google.com\/document\/d\/1pZXEfN8P4RV1oH8ZkGDC5-n0ok2RFu6K\/edit?usp=sharing&amp;ouid=116839538856174728785&amp;rtpof=true&amp;sd=true\" target=\"_blank\" rel=\"noopener\">OPCI\u00d3N A<\/a>\u00a0\/\u00a0<a data-px-verified-attrs=\"style\" href=\"https:\/\/mematerialeducativo.files.wordpress.com\/2023\/12\/2-planificacion-diario-modelo-2.docx\" target=\"_blank\" rel=\"noopener\">OPCI\u00d3N B<\/a> <\/span><br><strong><span data-px-verified-attrs=\"style\">4 PLANIFICACI\u00d3N DIARIA DE CLASE (MODELO 4)<\/span><\/strong> <span data-px-verified-attrs=\"style\">DESCARGAR:\u00a0<a data-px-verified-attrs=\"style\" href=\"https:\/\/docs.google.com\/document\/d\/1jKmynu_3rA-st-KcRNQ6Av4PwH5L2jg0\/edit?usp=sharing&amp;ouid=116839538856174728785&amp;rtpof=true&amp;sd=true\" target=\"_blank\" rel=\"noopener\">OPCI\u00d3N A<\/a>\u00a0\/\u00a0<a data-px-verified-attrs=\"style\" href=\"https:\/\/mematerialeducativo.files.wordpress.com\/2023\/12\/4-planificacion-diaria-de-clase-e28093-formato-docente-4.docx\" target=\"_blank\" rel=\"noopener\">OPCI\u00d3N B<\/a>\u00a0<\/span><br><strong><span data-px-verified-attrs=\"style\">5 PLANIFICACI\u00d3N DIARIA DE CLASE (MODELO 5)<\/span><\/strong><br><span data-px-verified-attrs=\"style\">DESCARGAR:\u00a0<a data-px-verified-attrs=\"style\" href=\"https:\/\/docs.google.com\/document\/d\/1QMOR-ieQ0PsdQ1WqmdrKO-_GlEIOEMsh\/edit?usp=sharing&amp;ouid=116839538856174728785&amp;rtpof=true&amp;sd=true\" target=\"_blank\" rel=\"noopener\">OPCI\u00d3N A<\/a>\u00a0\/\u00a0<a data-px-verified-attrs=\"style\" href=\"https:\/\/mematerialeducativo.files.wordpress.com\/2023\/12\/5-planificacion-diaria-de-futbol.-nivel-primario.docx\" target=\"_blank\" rel=\"noopener\">OPCI\u00d3N B<\/a> \u00a0<\/span><br><strong><span data-px-verified-attrs=\"style\">6 PLANIFICACI\u00d3N DIARIA DE CLASE (MODELO 6)<\/span><\/strong><br><span data-px-verified-attrs=\"style\">DESCARGAR:\u00a0<a data-px-verified-attrs=\"style\" href=\"https:\/\/docs.google.com\/document\/d\/1GHNGIh2FV6usYbOOJJFk3lbmxvekCYSE\/edit?usp=sharing&amp;ouid=116839538856174728785&amp;rtpof=true&amp;sd=true\" target=\"_blank\" rel=\"noopener\">OPCI\u00d3N A<\/a>\u00a0\/\u00a0<a data-px-verified-attrs=\"style\" href=\"https:\/\/mematerialeducativo.files.wordpress.com\/2023\/12\/6-planificacion-diaria.docx\" target=\"_blank\" rel=\"noopener\">OPCI\u00d3N B<\/a> \u00a0<\/span><br><strong><span data-px-verified-attrs=\"style\">7 PLANIFICACI\u00d3N DIARIA DE CLASE (MODELO 7)<\/span><\/strong> <span data-px-verified-attrs=\"style\">DESCARGAR:\u00a0<a data-px-verified-attrs=\"style\" href=\"https:\/\/docs.google.com\/document\/d\/1AdL0uIuSCXfzC9BQXeIpIlxtSzazRBYc\/edit?usp=sharing&amp;ouid=116839538856174728785&amp;rtpof=true&amp;sd=true\" target=\"_blank\" rel=\"noopener\">OPCI\u00d3N A<\/a>\u00a0\/\u00a0<a data-px-verified-attrs=\"style\" href=\"https:\/\/mematerialeducativo.files.wordpress.com\/2023\/12\/7-planificacion-diaria-informatica.docx\" target=\"_blank\" rel=\"noopener\">OPCI\u00d3N B<\/a> \u00a0<\/span><br><strong><span data-px-verified-attrs=\"style\">8 GUIA 1 PLANIFICACI\u00d3N DIARIA DE CLASE<\/span><\/strong><br><span data-px-verified-attrs=\"style\">DESCARGAR:\u00a0<a data-px-verified-attrs=\"style\" href=\"https:\/\/docs.google.com\/document\/d\/1jP8k6uDG8pU1IDP1mdTWYNan5Lr3Gpca\/edit?usp=sharing&amp;ouid=116839538856174728785&amp;rtpof=true&amp;sd=true\" target=\"_blank\" rel=\"noopener\">OPCI\u00d3N A<\/a>\u00a0\/\u00a0<a data-px-verified-attrs=\"style\" href=\"https:\/\/mematerialeducativo.files.wordpress.com\/2023\/12\/8-guia-1-pasos-para-planificar-una-clase.docx\" target=\"_blank\" rel=\"noopener\">OPCI\u00d3N B<\/a> \u00a0<\/span><br><strong><span data-px-verified-attrs=\"style\">9 GUIA 2 PLANIFICACI\u00d3N DIARIA DE CLASE<\/span><\/strong><br><span data-px-verified-attrs=\"style\">DESCARGAR:\u00a0<a data-px-verified-attrs=\"style\" href=\"https:\/\/docs.google.com\/document\/d\/1rAjKF2gmwMQWXrjQ72kOCAoddlynnBcF\/edit?usp=sharing&amp;ouid=116839538856174728785&amp;rtpof=true&amp;sd=true\" target=\"_blank\" rel=\"noopener\">OPCI\u00d3N A<\/a>\u00a0\/\u00a0<a data-px-verified-attrs=\"style\" href=\"https:\/\/mematerialeducativo.files.wordpress.com\/2023\/12\/9-guia-2-pasos-para-planificar-una-clase.docx\" target=\"_blank\" rel=\"noopener\">OPCI\u00d3N B<\/a> \u00a0<\/span><br><strong><span data-px-verified-attrs=\"style\">10 ESQUEMA PLANIFICACI\u00d3N DIARIA DE CLASE<\/span><\/strong><br><span data-px-verified-attrs=\"style\">DESCARGAR:\u00a0<a data-px-verified-attrs=\"style\" href=\"https:\/\/docs.google.com\/document\/d\/1mMpNAlf1UaWmVKOcUhAw6jfA-ukmb1lm\/edit?usp=sharing&amp;ouid=116839538856174728785&amp;rtpof=true&amp;sd=true\" target=\"_blank\" rel=\"noopener\">OPCI\u00d3N A<\/a>\u00a0\/\u00a0<a data-px-verified-attrs=\"style\" href=\"https:\/\/mematerialeducativo.files.wordpress.com\/2023\/12\/10-esquema-de-planificacion-del-nivel-primaria.docx\" target=\"_blank\" rel=\"noopener\">OPCI\u00d3N B<\/a>\u00a0<\/span><br>11. <a href=\"https:\/\/imageneseducativasgratis.wordpress.com\/wp-content\/uploads\/2025\/02\/01-1c2b0-2c2b0-3c2b0-4c2b0-planificacion-diario-arte.docx\">1\u00b0, 2\u00b0, 3\u00b0, 4\u00b0 Planificaci\u00f3n Diario ARTE<\/a> |\u00a0<a href=\"https:\/\/imageneseducativasgratis.wordpress.com\/wp-content\/uploads\/2025\/02\/02-1c2b0-planificacion-diaria.docx\">1\u00b0 planificaci\u00f3n-diaria<\/a> |\u00a0<a href=\"https:\/\/imageneseducativasgratis.wordpress.com\/wp-content\/uploads\/2025\/02\/03-4c2b0-planificacion-diaria-matematica.docx\">4\u00b0 Planificaci\u00f3n Diaria Matem\u00e1tica<\/a> |\u00a0<a href=\"https:\/\/imageneseducativasgratis.wordpress.com\/wp-content\/uploads\/2025\/02\/04-planificacion-diaria-nivel-inicial.docx\">Planificaci\u00f3n Diaria Nivel Inicial<\/a> |\u00a0<a href=\"https:\/\/imageneseducativasgratis.wordpress.com\/wp-content\/uploads\/2025\/02\/05-planificacion-diaria-secuencia-didactica.docx\">Planificaci\u00f3n Diaria Secuencia Did\u00e1ctica<\/a><\/p>\n\n\n\t\t<div class=\"pk-inline-posts\">\n\t\t\t\n\t\t\t<div class=\"pk-inline-posts-container pk-inline-posts-template-list\"\n\t\t\t\tdata-columns=\"1\">\n\t\t\t\t\t\t<article id=\"post-117746\" class=\"post-117746 post type-post status-publish format-standard has-post-thumbnail category-docentes category-pedagogia tag-bienestar-docente tag-clima-escolar tag-docentes tag-educacion-3 tag-gestion-educativa-3 tag-salud-mental-docente tag-sistema-educativo tag-sobrecarga-laboral tag-trabajo-docente tag-vocacion-docente-2 cs-entry cs-video-wrap\">\n\t\t\t<div class=\"pk-post-outer\">\n\n\t\t\t\t\t\t\t\t<div class=\"pk-post-inner\">\n\t\t\t\t\t<div class=\"entry-thumbnail\">\n\t\t\t\t\t\t<div class=\"pk-overlay pk-overlay-ratio pk-ratio-landscape\">\n\t\t\t\t\t\t\t<div class=\"pk-overlay-background\">\n\t\t\t\t\t\t\t\t<a href=\"https:\/\/webdelmaestrocmf.com\/portal\/la-mochila-invisible-del-docente-una-carga-que-el-sistema-aun-no-logra-ver\/\" class=\"pk-overlay-link\">\n\t\t\t\t\t\t\t\t\t<img loading=\"lazy\" decoding=\"async\" width=\"300\" height=\"225\" src=\"https:\/\/webdelmaestrocmf.com\/portal\/wp-content\/uploads\/2026\/04\/1AA-Banner-1-portada-imagen-10-1-copia-14-1-300x225.webp\" class=\"attachment-pk-thumbnail size-pk-thumbnail wp-post-image\" alt=\"\" \/>\t\t\t\t\t\t\t\t<\/a>\n\t\t\t\t\t\t\t<\/div>\n\t\t\t\t\t\t<\/div>\n\t\t\t\t\t<\/div>\n\t\t\t\t<\/div>\n\t\t\t\t\n\t\t\t\t<div class=\"pk-post-inner\">\n\t\t\t\t\t<header>\n\t\t\t\t\t\t<h3 class=\"pk-title\"><a href=\"https:\/\/webdelmaestrocmf.com\/portal\/la-mochila-invisible-del-docente-una-carga-que-el-sistema-aun-no-logra-ver\/\" rel=\"bookmark\">La mochila invisible del docente: una carga que el sistema a\u00fan no logra ver<\/a><\/h3>\t\t\t\t\t<\/header><!-- .entry-header -->\n\t\t\t\t<\/div><!-- .post-inner -->\n\n\t\t\t<\/div><!-- .post-outer -->\n\t\t<\/article>\n\t\t\t<article id=\"post-117526\" class=\"post-117526 post type-post status-publish format-standard has-post-thumbnail category-docentes category-pedagogia tag-aula tag-convivencia-escolar tag-docentes tag-educacion-2 tag-educacion-socioemocional tag-espacio-personal tag-limites tag-pedagogia-2 tag-vinculo-educativo cs-entry cs-video-wrap\">\n\t\t\t<div class=\"pk-post-outer\">\n\n\t\t\t\t\t\t\t\t<div class=\"pk-post-inner\">\n\t\t\t\t\t<div class=\"entry-thumbnail\">\n\t\t\t\t\t\t<div class=\"pk-overlay pk-overlay-ratio pk-ratio-landscape\">\n\t\t\t\t\t\t\t<div class=\"pk-overlay-background\">\n\t\t\t\t\t\t\t\t<a href=\"https:\/\/webdelmaestrocmf.com\/portal\/el-dilema-del-contacto-fisico-en-la-escuela-entre-el-vinculo-humano-y-la-responsabilidad-profesional-que-debe-hacer-el-docente\/\" class=\"pk-overlay-link\">\n\t\t\t\t\t\t\t\t\t<img loading=\"lazy\" decoding=\"async\" width=\"300\" height=\"225\" src=\"https:\/\/webdelmaestrocmf.com\/portal\/wp-content\/uploads\/2026\/04\/1AA-Banner-1-portada-imagen-10-1-copia-6-1-300x225.webp\" class=\"attachment-pk-thumbnail size-pk-thumbnail wp-post-image\" alt=\"\" \/>\t\t\t\t\t\t\t\t<\/a>\n\t\t\t\t\t\t\t<\/div>\n\t\t\t\t\t\t<\/div>\n\t\t\t\t\t<\/div>\n\t\t\t\t<\/div>\n\t\t\t\t\n\t\t\t\t<div class=\"pk-post-inner\">\n\t\t\t\t\t<header>\n\t\t\t\t\t\t<h3 class=\"pk-title\"><a href=\"https:\/\/webdelmaestrocmf.com\/portal\/el-dilema-del-contacto-fisico-en-la-escuela-entre-el-vinculo-humano-y-la-responsabilidad-profesional-que-debe-hacer-el-docente\/\" rel=\"bookmark\">El dilema del contacto f\u00edsico en la escuela: entre el v\u00ednculo humano y la responsabilidad profesional \u00bfQu\u00e9 debe hacer el docente?<\/a><\/h3>\t\t\t\t\t<\/header><!-- .entry-header -->\n\t\t\t\t<\/div><!-- .post-inner -->\n\n\t\t\t<\/div><!-- .post-outer -->\n\t\t<\/article>\n\t\t\t<article id=\"post-79287\" class=\"post-79287 post type-post status-publish format-standard has-post-thumbnail category-disciplina category-docentes category-pedagogia tag-clases tag-dar tag-no-quieren cs-entry cs-video-wrap\">\n\t\t\t<div class=\"pk-post-outer\">\n\n\t\t\t\t\t\t\t\t<div class=\"pk-post-inner\">\n\t\t\t\t\t<div class=\"entry-thumbnail\">\n\t\t\t\t\t\t<div class=\"pk-overlay pk-overlay-ratio pk-ratio-landscape\">\n\t\t\t\t\t\t\t<div class=\"pk-overlay-background\">\n\t\t\t\t\t\t\t\t<a href=\"https:\/\/webdelmaestrocmf.com\/portal\/como-dar-clase-a-los-que-no-quieren\/\" class=\"pk-overlay-link\">\n\t\t\t\t\t\t\t\t\t<img loading=\"lazy\" decoding=\"async\" width=\"300\" height=\"225\" src=\"https:\/\/webdelmaestrocmf.com\/portal\/wp-content\/uploads\/2022\/08\/1A-Banner-1-portada-imagen-10-1-80-300x225.jpg\" class=\"attachment-pk-thumbnail size-pk-thumbnail wp-post-image\" alt=\"\" \/>\t\t\t\t\t\t\t\t<\/a>\n\t\t\t\t\t\t\t<\/div>\n\t\t\t\t\t\t<\/div>\n\t\t\t\t\t<\/div>\n\t\t\t\t<\/div>\n\t\t\t\t\n\t\t\t\t<div class=\"pk-post-inner\">\n\t\t\t\t\t<header>\n\t\t\t\t\t\t<h3 class=\"pk-title\"><a href=\"https:\/\/webdelmaestrocmf.com\/portal\/como-dar-clase-a-los-que-no-quieren\/\" rel=\"bookmark\">C\u00f3mo dar clase a los que no quieren: descarga el libro<\/a><\/h3>\t\t\t\t\t<\/header><!-- .entry-header -->\n\t\t\t\t<\/div><!-- .post-inner -->\n\n\t\t\t<\/div><!-- .post-outer -->\n\t\t<\/article>\n\t\t\t\t<\/div>\n\t\t<\/div>\n\t\t\n","protected":false},"excerpt":{"rendered":"La planificaci\u00f3n de clases es fundamental para garantizar aprendizajes efectivos, optimizar el tiempo y organizar estrategias, recursos y evaluaci\u00f3n, evitando la improvisaci\u00f3n y favoreciendo una ense\u00f1anza estructurada, din\u00e1mica y centrada en el estudiante.","protected":false},"author":1,"featured_media":117781,"comment_status":"open","ping_status":"closed","sticky":false,"template":"","format":"standard","meta":{"csco_display_header_overlay":false,"csco_singular_sidebar":"default","csco_page_header_type":"default","csco_page_load_nextpost":"default","csco_post_video_location":[],"csco_post_video_location_hash":"","csco_post_video_url":"","csco_post_video_bg_start_time":0,"csco_post_video_bg_end_time":0,"csco_post_video_bg_volume":false,"_jetpack_memberships_contains_paid_content":false,"footnotes":""},"categories":[1269,570,735],"tags":[21796,16421,3655,634,16878,16448,18858,21793,3590,16515,15256,21798,19578,21347,16648,16422,3987,17628,21792,3523,21797,17430,18707,16627,21795,21794,17621,2725,15625,16675,20311,16301,19442,16469],"class_list":{"0":"post-28153","1":"post","2":"type-post","3":"status-publish","4":"format-standard","5":"has-post-thumbnail","7":"category-consejos","8":"category-docentes","9":"category-pedagogia","10":"tag-adaptacion-a-diversidad","11":"tag-adaptacion-curricular","12":"tag-aprendizaje-activo","13":"tag-clases","14":"tag-diseno-curricular","15":"tag-diseno-de-actividades","16":"tag-diseno-de-lecciones","17":"tag-diseno-de-unidades-didacticas","18":"tag-eficiente","19":"tag-enfoque-centrado-en-el-estudiante","20":"tag-estrategias-de-ensenanza","21":"tag-estrategias-de-ensenanza-efectiva","22":"tag-estrategias-de-instruccion","23":"tag-estrategias-de-participacion","24":"tag-evaluacion-autentica","25":"tag-evaluacion-del-aprendizaje","26":"tag-evaluacion-formativa","27":"tag-evaluacion-sumativa","28":"tag-instruccion-diferenciada","29":"tag-manera","30":"tag-medicion-del-progreso","31":"tag-metodologia-educativa","32":"tag-motivacion-del-estudiante","33":"tag-objetivos-de-aprendizaje","34":"tag-planificacion-a-corto-plazo","35":"tag-planificacion-a-largo-plazo","36":"tag-planificacion-de-clases","37":"tag-planificar","38":"tag-recursos-didacticos","39":"tag-retroalimentacion-formativa","40":"tag-secuencia-didactica","41":"tag-taxonomia-de-bloom","42":"tag-tecnicas-de-organizacion","43":"tag-uso-de-tecnologia-educativa","44":"cs-entry","45":"cs-video-wrap"},"yoast_head":"<!-- This site is optimized with the Yoast SEO plugin v27.5 - https:\/\/yoast.com\/product\/yoast-seo-wordpress\/ -->\n<title>C\u00f3mo planificar las clases de manera eficiente: descarga las mejores plantillas de planificaci\u00f3n de clases - 2026<\/title>\n<meta name=\"description\" content=\"Un profesor suele tener muchas clases a lo largo de un d\u00eda e incluso deben compatibilizar diferentes tipos de asignaturas. Por lo tanto, es...\" \/>\n<meta name=\"robots\" content=\"index, follow, max-snippet:-1, max-image-preview:large, max-video-preview:-1\" \/>\n<link rel=\"canonical\" href=\"https:\/\/webdelmaestrocmf.com\/portal\/como-planificar-las-clases-de-manera-eficiente\/\" \/>\n<meta property=\"og:locale\" content=\"es_ES\" \/>\n<meta property=\"og:type\" content=\"article\" \/>\n<meta property=\"og:title\" content=\"C\u00f3mo planificar las clases de manera eficiente: descarga las mejores plantillas de planificaci\u00f3n de clases - 2026\" \/>\n<meta property=\"og:description\" content=\"Un profesor suele tener muchas clases a lo largo de un d\u00eda e incluso deben compatibilizar diferentes tipos de asignaturas. Por lo tanto, es...\" \/>\n<meta property=\"og:url\" content=\"https:\/\/webdelmaestrocmf.com\/portal\/como-planificar-las-clases-de-manera-eficiente\/\" \/>\n<meta property=\"og:site_name\" content=\"Web del Maestro CMF\" \/>\n<meta property=\"article:publisher\" content=\"https:\/\/www.facebook.com\/WebdelMaestroCMF\/\" \/>\n<meta property=\"article:author\" content=\"https:\/\/www.facebook.com\/WebdelMaestroCMF\/\" \/>\n<meta property=\"article:published_time\" content=\"2026-04-15T14:00:00+00:00\" \/>\n<meta property=\"article:modified_time\" content=\"2026-04-15T15:06:21+00:00\" \/>\n<meta property=\"og:image\" content=\"https:\/\/webdelmaestrocmf.com\/portal\/wp-content\/uploads\/2026\/02\/1AA-Banner-1-portada-imagen-10-1-copia-16.webp\" \/>\n\t<meta property=\"og:image:width\" content=\"1200\" \/>\n\t<meta property=\"og:image:height\" content=\"675\" \/>\n\t<meta property=\"og:image:type\" content=\"image\/webp\" \/>\n<meta name=\"author\" content=\"Web del Maestro CMF\" \/>\n<meta name=\"twitter:card\" content=\"summary_large_image\" \/>\n<meta name=\"twitter:creator\" content=\"@cmf_w\" \/>\n<meta name=\"twitter:site\" content=\"@cmf_w\" \/>\n<script type=\"application\/ld+json\" class=\"yoast-schema-graph\">{\"@context\":\"https:\\\/\\\/schema.org\",\"@graph\":[{\"@type\":\"ScholarlyArticle\",\"@id\":\"https:\\\/\\\/webdelmaestrocmf.com\\\/portal\\\/como-planificar-las-clases-de-manera-eficiente\\\/#article\",\"isPartOf\":{\"@id\":\"https:\\\/\\\/webdelmaestrocmf.com\\\/portal\\\/como-planificar-las-clases-de-manera-eficiente\\\/\"},\"author\":{\"name\":\"Web del Maestro CMF\",\"@id\":\"https:\\\/\\\/webdelmaestrocmf.com\\\/portal\\\/#\\\/schema\\\/person\\\/1072a2ed7bd960df8ef99a551fa35dc5\"},\"headline\":\"C\u00f3mo planificar las clases de manera eficiente: descarga las mejores plantillas de planificaci\u00f3n de clases\",\"datePublished\":\"2026-04-15T14:00:00+00:00\",\"dateModified\":\"2026-04-15T15:06:21+00:00\",\"mainEntityOfPage\":{\"@id\":\"https:\\\/\\\/webdelmaestrocmf.com\\\/portal\\\/como-planificar-las-clases-de-manera-eficiente\\\/\"},\"wordCount\":1487,\"commentCount\":7,\"publisher\":{\"@id\":\"https:\\\/\\\/webdelmaestrocmf.com\\\/portal\\\/#organization\"},\"image\":{\"@id\":\"https:\\\/\\\/webdelmaestrocmf.com\\\/portal\\\/como-planificar-las-clases-de-manera-eficiente\\\/#primaryimage\"},\"thumbnailUrl\":\"https:\\\/\\\/webdelmaestrocmf.com\\\/portal\\\/wp-content\\\/uploads\\\/2026\\\/02\\\/1AA-Banner-1-portada-imagen-10-1-copia-16.webp\",\"keywords\":[\"Adaptaci\u00f3n a diversidad\",\"Adaptaci\u00f3n Curricular\",\"aprendizaje activo\",\"clases\",\"dise\u00f1o curricular\",\"Dise\u00f1o de actividades\",\"Dise\u00f1o de Lecciones\",\"Dise\u00f1o de unidades did\u00e1cticas\",\"EFICIENTE\",\"Enfoque centrado en el estudiante\",\"estrategias de ense\u00f1anza\",\"Estrategias de ense\u00f1anza efectiva.\",\"Estrategias de Instrucci\u00f3n\",\"Estrategias de participaci\u00f3n\",\"evaluaci\u00f3n aut\u00e9ntica\",\"Evaluaci\u00f3n del Aprendizaje\",\"evaluaci\u00f3n formativa\",\"evaluaci\u00f3n sumativa\",\"Instrucci\u00f3n diferenciada\",\"MANERA\",\"Medici\u00f3n del progreso\",\"Metodolog\u00eda educativa\",\"Motivaci\u00f3n del estudiante\",\"objetivos de aprendizaje\",\"Planificaci\u00f3n a corto plazo\",\"Planificaci\u00f3n a largo plazo\",\"planificaci\u00f3n de clases\",\"PLANIFICAR\",\"Recursos did\u00e1cticos\",\"Retroalimentaci\u00f3n formativa\",\"Secuencia did\u00e1ctica\",\"Taxonom\u00eda de Bloom\",\"T\u00e9cnicas de Organizaci\u00f3n\",\"Uso de tecnolog\u00eda educativa\"],\"articleSection\":[\"Consejos\",\"Docentes\",\"Recursos\"],\"inLanguage\":\"es\",\"potentialAction\":[{\"@type\":\"CommentAction\",\"name\":\"Comment\",\"target\":[\"https:\\\/\\\/webdelmaestrocmf.com\\\/portal\\\/como-planificar-las-clases-de-manera-eficiente\\\/#respond\"]}]},{\"@type\":\"WebPage\",\"@id\":\"https:\\\/\\\/webdelmaestrocmf.com\\\/portal\\\/como-planificar-las-clases-de-manera-eficiente\\\/\",\"url\":\"https:\\\/\\\/webdelmaestrocmf.com\\\/portal\\\/como-planificar-las-clases-de-manera-eficiente\\\/\",\"name\":\"C\u00f3mo planificar las clases de manera eficiente: descarga las mejores plantillas de planificaci\u00f3n de clases - 2026\",\"isPartOf\":{\"@id\":\"https:\\\/\\\/webdelmaestrocmf.com\\\/portal\\\/#website\"},\"primaryImageOfPage\":{\"@id\":\"https:\\\/\\\/webdelmaestrocmf.com\\\/portal\\\/como-planificar-las-clases-de-manera-eficiente\\\/#primaryimage\"},\"image\":{\"@id\":\"https:\\\/\\\/webdelmaestrocmf.com\\\/portal\\\/como-planificar-las-clases-de-manera-eficiente\\\/#primaryimage\"},\"thumbnailUrl\":\"https:\\\/\\\/webdelmaestrocmf.com\\\/portal\\\/wp-content\\\/uploads\\\/2026\\\/02\\\/1AA-Banner-1-portada-imagen-10-1-copia-16.webp\",\"datePublished\":\"2026-04-15T14:00:00+00:00\",\"dateModified\":\"2026-04-15T15:06:21+00:00\",\"description\":\"Un profesor suele tener muchas clases a lo largo de un d\u00eda e incluso deben compatibilizar diferentes tipos de asignaturas. Por lo tanto, es...\",\"breadcrumb\":{\"@id\":\"https:\\\/\\\/webdelmaestrocmf.com\\\/portal\\\/como-planificar-las-clases-de-manera-eficiente\\\/#breadcrumb\"},\"inLanguage\":\"es\",\"potentialAction\":[{\"@type\":\"ReadAction\",\"target\":[\"https:\\\/\\\/webdelmaestrocmf.com\\\/portal\\\/como-planificar-las-clases-de-manera-eficiente\\\/\"]}]},{\"@type\":\"ImageObject\",\"inLanguage\":\"es\",\"@id\":\"https:\\\/\\\/webdelmaestrocmf.com\\\/portal\\\/como-planificar-las-clases-de-manera-eficiente\\\/#primaryimage\",\"url\":\"https:\\\/\\\/webdelmaestrocmf.com\\\/portal\\\/wp-content\\\/uploads\\\/2026\\\/02\\\/1AA-Banner-1-portada-imagen-10-1-copia-16.webp\",\"contentUrl\":\"https:\\\/\\\/webdelmaestrocmf.com\\\/portal\\\/wp-content\\\/uploads\\\/2026\\\/02\\\/1AA-Banner-1-portada-imagen-10-1-copia-16.webp\",\"width\":1200,\"height\":675},{\"@type\":\"BreadcrumbList\",\"@id\":\"https:\\\/\\\/webdelmaestrocmf.com\\\/portal\\\/como-planificar-las-clases-de-manera-eficiente\\\/#breadcrumb\",\"itemListElement\":[{\"@type\":\"ListItem\",\"position\":1,\"name\":\"Portada\",\"item\":\"https:\\\/\\\/webdelmaestrocmf.com\\\/portal\\\/\"},{\"@type\":\"ListItem\",\"position\":2,\"name\":\"Recursos\",\"item\":\"https:\\\/\\\/webdelmaestrocmf.com\\\/portal\\\/category\\\/pedagogia\\\/\"},{\"@type\":\"ListItem\",\"position\":3,\"name\":\"C\u00f3mo planificar las clases de manera eficiente: descarga las mejores plantillas de planificaci\u00f3n de clases\"}]},{\"@type\":\"WebSite\",\"@id\":\"https:\\\/\\\/webdelmaestrocmf.com\\\/portal\\\/#website\",\"url\":\"https:\\\/\\\/webdelmaestrocmf.com\\\/portal\\\/\",\"name\":\"Web del Maestro CMF\",\"description\":\"Maestros al servicio de la educaci\u00f3n\",\"publisher\":{\"@id\":\"https:\\\/\\\/webdelmaestrocmf.com\\\/portal\\\/#organization\"},\"alternateName\":\"WMCMF\",\"potentialAction\":[{\"@type\":\"SearchAction\",\"target\":{\"@type\":\"EntryPoint\",\"urlTemplate\":\"https:\\\/\\\/webdelmaestrocmf.com\\\/portal\\\/?s={search_term_string}\"},\"query-input\":{\"@type\":\"PropertyValueSpecification\",\"valueRequired\":true,\"valueName\":\"search_term_string\"}}],\"inLanguage\":\"es\"},{\"@type\":\"Organization\",\"@id\":\"https:\\\/\\\/webdelmaestrocmf.com\\\/portal\\\/#organization\",\"name\":\"Web del Maestro CMF\",\"alternateName\":\"WMCMF\",\"url\":\"https:\\\/\\\/webdelmaestrocmf.com\\\/portal\\\/\",\"logo\":{\"@type\":\"ImageObject\",\"inLanguage\":\"es\",\"@id\":\"https:\\\/\\\/webdelmaestrocmf.com\\\/portal\\\/#\\\/schema\\\/logo\\\/image\\\/\",\"url\":\"https:\\\/\\\/webdelmaestrocmf.com\\\/portal\\\/wp-content\\\/uploads\\\/2023\\\/01\\\/logo-wmcmf-2.png\",\"contentUrl\":\"https:\\\/\\\/webdelmaestrocmf.com\\\/portal\\\/wp-content\\\/uploads\\\/2023\\\/01\\\/logo-wmcmf-2.png\",\"width\":200,\"height\":60,\"caption\":\"Web del Maestro CMF\"},\"image\":{\"@id\":\"https:\\\/\\\/webdelmaestrocmf.com\\\/portal\\\/#\\\/schema\\\/logo\\\/image\\\/\"},\"sameAs\":[\"https:\\\/\\\/www.facebook.com\\\/WebdelMaestroCMF\\\/\",\"https:\\\/\\\/x.com\\\/cmf_w\",\"https:\\\/\\\/www.pinterest.com\\\/WMCMF\\\/\",\"https:\\\/\\\/www.linkedin.com\\\/company\\\/web-del-maestro-cmf\\\/\",\"https:\\\/\\\/www.instagram.com\\\/wmcmf\\\/\",\"https:\\\/\\\/www.youtube.com\\\/channel\\\/UCDPSvjbdodE5sHnC3OxutHw\",\"https:\\\/\\\/mastodon.social\\\/@wmcmf\",\"https:\\\/\\\/www.tiktok.com\\\/@webdelmaestrocmf\"]},{\"@type\":\"Person\",\"@id\":\"https:\\\/\\\/webdelmaestrocmf.com\\\/portal\\\/#\\\/schema\\\/person\\\/1072a2ed7bd960df8ef99a551fa35dc5\",\"name\":\"Web del Maestro CMF\",\"image\":{\"@type\":\"ImageObject\",\"inLanguage\":\"es\",\"@id\":\"https:\\\/\\\/secure.gravatar.com\\\/avatar\\\/23291dd5b5ae1077dcff3dbb04c3e02bd28403fa75af6d8787d5e97c5bbbe30b?s=96&d=mm&r=g\",\"url\":\"https:\\\/\\\/secure.gravatar.com\\\/avatar\\\/23291dd5b5ae1077dcff3dbb04c3e02bd28403fa75af6d8787d5e97c5bbbe30b?s=96&d=mm&r=g\",\"contentUrl\":\"https:\\\/\\\/secure.gravatar.com\\\/avatar\\\/23291dd5b5ae1077dcff3dbb04c3e02bd28403fa75af6d8787d5e97c5bbbe30b?s=96&d=mm&r=g\",\"caption\":\"Web del Maestro CMF\"},\"description\":\"Esta Web se cre\u00f3 sin fines de lucro, con fines educativos, cient\u00edficos y acad\u00e9micos, para personas que tengan dificultades y\\\/o inconvenientes en visualizar el material original. El objetivo es entregar recursos, compartir experiencias y materiales que ayuden a los padres de familia, maestros y estudiantes en su actualizaci\u00f3n y formaci\u00f3n permanente, en bien de la Educaci\u00f3n.\",\"sameAs\":[\"http:\\\/\\\/webdelmaestrocmf.com\\\/portal\",\"https:\\\/\\\/www.facebook.com\\\/WebdelMaestroCMF\\\/\",\"https:\\\/\\\/www.instagram.com\\\/wmcmf\\\/\",\"https:\\\/\\\/cl.linkedin.com\\\/company\\\/web-del-maestro-cmf\",\"https:\\\/\\\/www.pinterest.com\\\/WMCMF\\\/publicaciones\\\/\",\"https:\\\/\\\/x.com\\\/cmf_w\",\"https:\\\/\\\/www.youtube.com\\\/@WMCMF\"]}]}<\/script>\n<!-- \/ Yoast SEO plugin. -->","yoast_head_json":{"title":"C\u00f3mo planificar las clases de manera eficiente: descarga las mejores plantillas de planificaci\u00f3n de clases - 2026","description":"Un profesor suele tener muchas clases a lo largo de un d\u00eda e incluso deben compatibilizar diferentes tipos de asignaturas. Por lo tanto, es...","robots":{"index":"index","follow":"follow","max-snippet":"max-snippet:-1","max-image-preview":"max-image-preview:large","max-video-preview":"max-video-preview:-1"},"canonical":"https:\/\/webdelmaestrocmf.com\/portal\/como-planificar-las-clases-de-manera-eficiente\/","og_locale":"es_ES","og_type":"article","og_title":"C\u00f3mo planificar las clases de manera eficiente: descarga las mejores plantillas de planificaci\u00f3n de clases - 2026","og_description":"Un profesor suele tener muchas clases a lo largo de un d\u00eda e incluso deben compatibilizar diferentes tipos de asignaturas. Por lo tanto, es...","og_url":"https:\/\/webdelmaestrocmf.com\/portal\/como-planificar-las-clases-de-manera-eficiente\/","og_site_name":"Web del Maestro CMF","article_publisher":"https:\/\/www.facebook.com\/WebdelMaestroCMF\/","article_author":"https:\/\/www.facebook.com\/WebdelMaestroCMF\/","article_published_time":"2026-04-15T14:00:00+00:00","article_modified_time":"2026-04-15T15:06:21+00:00","og_image":[{"width":1200,"height":675,"url":"https:\/\/webdelmaestrocmf.com\/portal\/wp-content\/uploads\/2026\/02\/1AA-Banner-1-portada-imagen-10-1-copia-16.webp","type":"image\/webp"}],"author":"Web del Maestro CMF","twitter_card":"summary_large_image","twitter_creator":"@cmf_w","twitter_site":"@cmf_w","schema":{"@context":"https:\/\/schema.org","@graph":[{"@type":"ScholarlyArticle","@id":"https:\/\/webdelmaestrocmf.com\/portal\/como-planificar-las-clases-de-manera-eficiente\/#article","isPartOf":{"@id":"https:\/\/webdelmaestrocmf.com\/portal\/como-planificar-las-clases-de-manera-eficiente\/"},"author":{"name":"Web del Maestro CMF","@id":"https:\/\/webdelmaestrocmf.com\/portal\/#\/schema\/person\/1072a2ed7bd960df8ef99a551fa35dc5"},"headline":"C\u00f3mo planificar las clases de manera eficiente: descarga las mejores plantillas de planificaci\u00f3n de clases","datePublished":"2026-04-15T14:00:00+00:00","dateModified":"2026-04-15T15:06:21+00:00","mainEntityOfPage":{"@id":"https:\/\/webdelmaestrocmf.com\/portal\/como-planificar-las-clases-de-manera-eficiente\/"},"wordCount":1487,"commentCount":7,"publisher":{"@id":"https:\/\/webdelmaestrocmf.com\/portal\/#organization"},"image":{"@id":"https:\/\/webdelmaestrocmf.com\/portal\/como-planificar-las-clases-de-manera-eficiente\/#primaryimage"},"thumbnailUrl":"https:\/\/webdelmaestrocmf.com\/portal\/wp-content\/uploads\/2026\/02\/1AA-Banner-1-portada-imagen-10-1-copia-16.webp","keywords":["Adaptaci\u00f3n a diversidad","Adaptaci\u00f3n Curricular","aprendizaje activo","clases","dise\u00f1o curricular","Dise\u00f1o de actividades","Dise\u00f1o de Lecciones","Dise\u00f1o de unidades did\u00e1cticas","EFICIENTE","Enfoque centrado en el estudiante","estrategias de ense\u00f1anza","Estrategias de ense\u00f1anza efectiva.","Estrategias de Instrucci\u00f3n","Estrategias de participaci\u00f3n","evaluaci\u00f3n aut\u00e9ntica","Evaluaci\u00f3n del Aprendizaje","evaluaci\u00f3n formativa","evaluaci\u00f3n sumativa","Instrucci\u00f3n diferenciada","MANERA","Medici\u00f3n del progreso","Metodolog\u00eda educativa","Motivaci\u00f3n del estudiante","objetivos de aprendizaje","Planificaci\u00f3n a corto plazo","Planificaci\u00f3n a largo plazo","planificaci\u00f3n de clases","PLANIFICAR","Recursos did\u00e1cticos","Retroalimentaci\u00f3n formativa","Secuencia did\u00e1ctica","Taxonom\u00eda de Bloom","T\u00e9cnicas de Organizaci\u00f3n","Uso de tecnolog\u00eda educativa"],"articleSection":["Consejos","Docentes","Recursos"],"inLanguage":"es","potentialAction":[{"@type":"CommentAction","name":"Comment","target":["https:\/\/webdelmaestrocmf.com\/portal\/como-planificar-las-clases-de-manera-eficiente\/#respond"]}]},{"@type":"WebPage","@id":"https:\/\/webdelmaestrocmf.com\/portal\/como-planificar-las-clases-de-manera-eficiente\/","url":"https:\/\/webdelmaestrocmf.com\/portal\/como-planificar-las-clases-de-manera-eficiente\/","name":"C\u00f3mo planificar las clases de manera eficiente: descarga las mejores plantillas de planificaci\u00f3n de clases - 2026","isPartOf":{"@id":"https:\/\/webdelmaestrocmf.com\/portal\/#website"},"primaryImageOfPage":{"@id":"https:\/\/webdelmaestrocmf.com\/portal\/como-planificar-las-clases-de-manera-eficiente\/#primaryimage"},"image":{"@id":"https:\/\/webdelmaestrocmf.com\/portal\/como-planificar-las-clases-de-manera-eficiente\/#primaryimage"},"thumbnailUrl":"https:\/\/webdelmaestrocmf.com\/portal\/wp-content\/uploads\/2026\/02\/1AA-Banner-1-portada-imagen-10-1-copia-16.webp","datePublished":"2026-04-15T14:00:00+00:00","dateModified":"2026-04-15T15:06:21+00:00","description":"Un profesor suele tener muchas clases a lo largo de un d\u00eda e incluso deben compatibilizar diferentes tipos de asignaturas. Por lo tanto, es...","breadcrumb":{"@id":"https:\/\/webdelmaestrocmf.com\/portal\/como-planificar-las-clases-de-manera-eficiente\/#breadcrumb"},"inLanguage":"es","potentialAction":[{"@type":"ReadAction","target":["https:\/\/webdelmaestrocmf.com\/portal\/como-planificar-las-clases-de-manera-eficiente\/"]}]},{"@type":"ImageObject","inLanguage":"es","@id":"https:\/\/webdelmaestrocmf.com\/portal\/como-planificar-las-clases-de-manera-eficiente\/#primaryimage","url":"https:\/\/webdelmaestrocmf.com\/portal\/wp-content\/uploads\/2026\/02\/1AA-Banner-1-portada-imagen-10-1-copia-16.webp","contentUrl":"https:\/\/webdelmaestrocmf.com\/portal\/wp-content\/uploads\/2026\/02\/1AA-Banner-1-portada-imagen-10-1-copia-16.webp","width":1200,"height":675},{"@type":"BreadcrumbList","@id":"https:\/\/webdelmaestrocmf.com\/portal\/como-planificar-las-clases-de-manera-eficiente\/#breadcrumb","itemListElement":[{"@type":"ListItem","position":1,"name":"Portada","item":"https:\/\/webdelmaestrocmf.com\/portal\/"},{"@type":"ListItem","position":2,"name":"Recursos","item":"https:\/\/webdelmaestrocmf.com\/portal\/category\/pedagogia\/"},{"@type":"ListItem","position":3,"name":"C\u00f3mo planificar las clases de manera eficiente: descarga las mejores plantillas de planificaci\u00f3n de clases"}]},{"@type":"WebSite","@id":"https:\/\/webdelmaestrocmf.com\/portal\/#website","url":"https:\/\/webdelmaestrocmf.com\/portal\/","name":"Web del Maestro CMF","description":"Maestros al servicio de la educaci\u00f3n","publisher":{"@id":"https:\/\/webdelmaestrocmf.com\/portal\/#organization"},"alternateName":"WMCMF","potentialAction":[{"@type":"SearchAction","target":{"@type":"EntryPoint","urlTemplate":"https:\/\/webdelmaestrocmf.com\/portal\/?s={search_term_string}"},"query-input":{"@type":"PropertyValueSpecification","valueRequired":true,"valueName":"search_term_string"}}],"inLanguage":"es"},{"@type":"Organization","@id":"https:\/\/webdelmaestrocmf.com\/portal\/#organization","name":"Web del Maestro CMF","alternateName":"WMCMF","url":"https:\/\/webdelmaestrocmf.com\/portal\/","logo":{"@type":"ImageObject","inLanguage":"es","@id":"https:\/\/webdelmaestrocmf.com\/portal\/#\/schema\/logo\/image\/","url":"https:\/\/webdelmaestrocmf.com\/portal\/wp-content\/uploads\/2023\/01\/logo-wmcmf-2.png","contentUrl":"https:\/\/webdelmaestrocmf.com\/portal\/wp-content\/uploads\/2023\/01\/logo-wmcmf-2.png","width":200,"height":60,"caption":"Web del Maestro CMF"},"image":{"@id":"https:\/\/webdelmaestrocmf.com\/portal\/#\/schema\/logo\/image\/"},"sameAs":["https:\/\/www.facebook.com\/WebdelMaestroCMF\/","https:\/\/x.com\/cmf_w","https:\/\/www.pinterest.com\/WMCMF\/","https:\/\/www.linkedin.com\/company\/web-del-maestro-cmf\/","https:\/\/www.instagram.com\/wmcmf\/","https:\/\/www.youtube.com\/channel\/UCDPSvjbdodE5sHnC3OxutHw","https:\/\/mastodon.social\/@wmcmf","https:\/\/www.tiktok.com\/@webdelmaestrocmf"]},{"@type":"Person","@id":"https:\/\/webdelmaestrocmf.com\/portal\/#\/schema\/person\/1072a2ed7bd960df8ef99a551fa35dc5","name":"Web del Maestro CMF","image":{"@type":"ImageObject","inLanguage":"es","@id":"https:\/\/secure.gravatar.com\/avatar\/23291dd5b5ae1077dcff3dbb04c3e02bd28403fa75af6d8787d5e97c5bbbe30b?s=96&d=mm&r=g","url":"https:\/\/secure.gravatar.com\/avatar\/23291dd5b5ae1077dcff3dbb04c3e02bd28403fa75af6d8787d5e97c5bbbe30b?s=96&d=mm&r=g","contentUrl":"https:\/\/secure.gravatar.com\/avatar\/23291dd5b5ae1077dcff3dbb04c3e02bd28403fa75af6d8787d5e97c5bbbe30b?s=96&d=mm&r=g","caption":"Web del Maestro CMF"},"description":"Esta Web se cre\u00f3 sin fines de lucro, con fines educativos, cient\u00edficos y acad\u00e9micos, para personas que tengan dificultades y\/o inconvenientes en visualizar el material original. El objetivo es entregar recursos, compartir experiencias y materiales que ayuden a los padres de familia, maestros y estudiantes en su actualizaci\u00f3n y formaci\u00f3n permanente, en bien de la Educaci\u00f3n.","sameAs":["http:\/\/webdelmaestrocmf.com\/portal","https:\/\/www.facebook.com\/WebdelMaestroCMF\/","https:\/\/www.instagram.com\/wmcmf\/","https:\/\/cl.linkedin.com\/company\/web-del-maestro-cmf","https:\/\/www.pinterest.com\/WMCMF\/publicaciones\/","https:\/\/x.com\/cmf_w","https:\/\/www.youtube.com\/@WMCMF"]}]}},"jetpack_featured_media_url":"https:\/\/webdelmaestrocmf.com\/portal\/wp-content\/uploads\/2026\/02\/1AA-Banner-1-portada-imagen-10-1-copia-16.webp","jetpack_sharing_enabled":true,"jetpack-related-posts":[{"id":103694,"url":"https:\/\/webdelmaestrocmf.com\/portal\/3-plantillas-de-carpeta-pedagogica-para-educacion-primaria\/","url_meta":{"origin":28153,"position":0},"title":"3 plantillas de Carpeta Pedag\u00f3gica para Educaci\u00f3n Primaria","author":"Web del Maestro CMF","date":"11 febrero, 2024","format":false,"excerpt":"La carpeta pedag\u00f3gica es un instrumento fundamental para la planificaci\u00f3n y organizaci\u00f3n del proceso educativo en el nivel primario. Se trata de un repositorio que re\u00fane informaci\u00f3n vital sobre la planificaci\u00f3n curricular, las estrategias de ense\u00f1anza, el seguimiento del aprendizaje de los alumnos y la evaluaci\u00f3n de su progreso. Esta\u2026","rel":"","context":"En \u00abCarpeta\u00bb","block_context":{"text":"Carpeta","link":"https:\/\/webdelmaestrocmf.com\/portal\/category\/pedagogia\/carpeta\/"},"img":{"alt_text":"carpeta pedag\u00f3gica primaria","src":"https:\/\/i0.wp.com\/webdelmaestrocmf.com\/portal\/wp-content\/uploads\/2024\/02\/Banner-1-portada-imagen-10-1-11.jpg?resize=350%2C200&ssl=1","width":350,"height":200,"srcset":"https:\/\/i0.wp.com\/webdelmaestrocmf.com\/portal\/wp-content\/uploads\/2024\/02\/Banner-1-portada-imagen-10-1-11.jpg?resize=350%2C200&ssl=1 1x, https:\/\/i0.wp.com\/webdelmaestrocmf.com\/portal\/wp-content\/uploads\/2024\/02\/Banner-1-portada-imagen-10-1-11.jpg?resize=525%2C300&ssl=1 1.5x, https:\/\/i0.wp.com\/webdelmaestrocmf.com\/portal\/wp-content\/uploads\/2024\/02\/Banner-1-portada-imagen-10-1-11.jpg?resize=700%2C400&ssl=1 2x"},"classes":[]},{"id":94557,"url":"https:\/\/webdelmaestrocmf.com\/portal\/secuencias-didacticas-herramientas-indispensables-para-nuestra-planeacion-de-clases\/","url_meta":{"origin":28153,"position":1},"title":"Secuencias did\u00e1cticas: Herramientas indispensables para nuestra planeaci\u00f3n de clases","author":"Web del Maestro CMF","date":"10 septiembre, 2023","format":false,"excerpt":"La elaboraci\u00f3n de una secuencia did\u00e1ctica es una tarea fundamental en el proceso de ense\u00f1anza-aprendizaje. Esta herramienta pedag\u00f3gica permite a los docentes organizar las situaciones de aprendizaje de manera estructurada y efectiva. En este art\u00edculo, exploraremos qu\u00e9 es una secuencia did\u00e1ctica y destacaremos algunas herramientas indispensables para su planificaci\u00f3n en\u2026","rel":"","context":"En \u00abRecursos\u00bb","block_context":{"text":"Recursos","link":"https:\/\/webdelmaestrocmf.com\/portal\/category\/pedagogia\/"},"img":{"alt_text":"secuencia","src":"https:\/\/i0.wp.com\/webdelmaestrocmf.com\/portal\/wp-content\/uploads\/2023\/09\/A12B3C4D-12-1.jpg?resize=350%2C200&ssl=1","width":350,"height":200,"srcset":"https:\/\/i0.wp.com\/webdelmaestrocmf.com\/portal\/wp-content\/uploads\/2023\/09\/A12B3C4D-12-1.jpg?resize=350%2C200&ssl=1 1x, https:\/\/i0.wp.com\/webdelmaestrocmf.com\/portal\/wp-content\/uploads\/2023\/09\/A12B3C4D-12-1.jpg?resize=525%2C300&ssl=1 1.5x, https:\/\/i0.wp.com\/webdelmaestrocmf.com\/portal\/wp-content\/uploads\/2023\/09\/A12B3C4D-12-1.jpg?resize=700%2C400&ssl=1 2x"},"classes":[]},{"id":86404,"url":"https:\/\/webdelmaestrocmf.com\/portal\/como-planificar-y-evaluar-en-el-aula-propuestas-y-ejemplos\/","url_meta":{"origin":28153,"position":2},"title":"C\u00f3mo Planificar y Evaluar en el Aula (Propuestas y Ejemplos)","author":"Web del Maestro CMF","date":"28 marzo, 2023","format":false,"excerpt":"En el din\u00e1mico mundo de la educaci\u00f3n, la planificaci\u00f3n y evaluaci\u00f3n en el aula juegan un papel fundamental en el proceso de ense\u00f1anza-aprendizaje. Estas dos herramientas est\u00e1n intr\u00ednsecamente vinculadas y desempe\u00f1an un papel crucial en la creaci\u00f3n de experiencias educativas efectivas y significativas para los estudiantes. Una planificaci\u00f3n cuidadosa sienta\u2026","rel":"","context":"En \u00abLibros\u00bb","block_context":{"text":"Libros","link":"https:\/\/webdelmaestrocmf.com\/portal\/category\/pedagogia\/libros\/"},"img":{"alt_text":"Planificar y Evaluar","src":"https:\/\/i0.wp.com\/webdelmaestrocmf.com\/portal\/wp-content\/uploads\/2023\/03\/A12B3C4D-57.jpg?resize=350%2C200&ssl=1","width":350,"height":200,"srcset":"https:\/\/i0.wp.com\/webdelmaestrocmf.com\/portal\/wp-content\/uploads\/2023\/03\/A12B3C4D-57.jpg?resize=350%2C200&ssl=1 1x, https:\/\/i0.wp.com\/webdelmaestrocmf.com\/portal\/wp-content\/uploads\/2023\/03\/A12B3C4D-57.jpg?resize=525%2C300&ssl=1 1.5x, https:\/\/i0.wp.com\/webdelmaestrocmf.com\/portal\/wp-content\/uploads\/2023\/03\/A12B3C4D-57.jpg?resize=700%2C400&ssl=1 2x"},"classes":[]},{"id":102748,"url":"https:\/\/webdelmaestrocmf.com\/portal\/evaluacion-formativa-y-planificacion-curricular\/","url_meta":{"origin":28153,"position":3},"title":"Evaluaci\u00f3n formativa y Planificaci\u00f3n curricular","author":"Web del Maestro CMF","date":"18 enero, 2024","format":false,"excerpt":"Nos complace presentar dos gu\u00edas fundamentales que iluminan el sendero de la ense\u00f1anza: Evaluaci\u00f3n Formativa y Planificaci\u00f3n Curricular. Estas no son simples hojas de ruta; son br\u00fajulas cuidadosamente dise\u00f1adas para guiar a los docentes a trav\u00e9s de los terrenos desafiantes de la pr\u00e1ctica educativa. A medida que desentra\u00f1amos las complejidades\u2026","rel":"","context":"En \u00abevaluaci\u00f3n formativa\u00bb","block_context":{"text":"evaluaci\u00f3n formativa","link":"https:\/\/webdelmaestrocmf.com\/portal\/category\/pedagogia\/evaluar\/evaluacion-formativa-evaluar\/"},"img":{"alt_text":"Evaluaci\u00f3n formativa y Planificaci\u00f3n curricular","src":"https:\/\/i0.wp.com\/webdelmaestrocmf.com\/portal\/wp-content\/uploads\/2024\/01\/Banner-1-portada-imagen-10-19.jpg?resize=350%2C200&ssl=1","width":350,"height":200,"srcset":"https:\/\/i0.wp.com\/webdelmaestrocmf.com\/portal\/wp-content\/uploads\/2024\/01\/Banner-1-portada-imagen-10-19.jpg?resize=350%2C200&ssl=1 1x, https:\/\/i0.wp.com\/webdelmaestrocmf.com\/portal\/wp-content\/uploads\/2024\/01\/Banner-1-portada-imagen-10-19.jpg?resize=525%2C300&ssl=1 1.5x, https:\/\/i0.wp.com\/webdelmaestrocmf.com\/portal\/wp-content\/uploads\/2024\/01\/Banner-1-portada-imagen-10-19.jpg?resize=700%2C400&ssl=1 2x"},"classes":[]},{"id":89796,"url":"https:\/\/webdelmaestrocmf.com\/portal\/como-realizar-una-planeacion-secuencia-didactica-y-rubrica-en-10-minutos-con-chatgpt\/","url_meta":{"origin":28153,"position":4},"title":"C\u00f3mo realizar una Planeaci\u00f3n, Secuencia did\u00e1ctica y R\u00fabrica en 10 minutos con ChatGPT","author":"Web del Maestro CMF","date":"4 junio, 2023","format":false,"excerpt":"La planeaci\u00f3n y la secuencia did\u00e1ctica son dos conceptos clave en el \u00e1mbito educativo que se complementan para organizar y desarrollar el proceso de ense\u00f1anza-aprendizaje. A continuaci\u00f3n, te explico qu\u00e9 es cada uno y c\u00f3mo se relacionan: La planeaci\u00f3n educativa es un proceso mediante el cual los docentes establecen los\u2026","rel":"","context":"En \u00abPlaneaci\u00f3n\u00bb","block_context":{"text":"Planeaci\u00f3n","link":"https:\/\/webdelmaestrocmf.com\/portal\/category\/pedagogia\/planeacion\/"},"img":{"alt_text":"planeaci\u00f3n","src":"https:\/\/i0.wp.com\/webdelmaestrocmf.com\/portal\/wp-content\/uploads\/2023\/06\/A12B3C4D-2023-06-04T192402.177.jpg?resize=350%2C200&ssl=1","width":350,"height":200,"srcset":"https:\/\/i0.wp.com\/webdelmaestrocmf.com\/portal\/wp-content\/uploads\/2023\/06\/A12B3C4D-2023-06-04T192402.177.jpg?resize=350%2C200&ssl=1 1x, https:\/\/i0.wp.com\/webdelmaestrocmf.com\/portal\/wp-content\/uploads\/2023\/06\/A12B3C4D-2023-06-04T192402.177.jpg?resize=525%2C300&ssl=1 1.5x, https:\/\/i0.wp.com\/webdelmaestrocmf.com\/portal\/wp-content\/uploads\/2023\/06\/A12B3C4D-2023-06-04T192402.177.jpg?resize=700%2C400&ssl=1 2x"},"classes":[]},{"id":70960,"url":"https:\/\/webdelmaestrocmf.com\/portal\/unidades-didacticas-para-docentes-del-nivel-inicial-primaria-y-secundaria\/","url_meta":{"origin":28153,"position":5},"title":"Unidades did\u00e1cticas para docentes: Inicial, Primaria y Secundaria","author":"Web del Maestro CMF","date":"29 octubre, 2023","format":false,"excerpt":"En el \u00e1mbito educativo, la planificaci\u00f3n y dise\u00f1o de unidades did\u00e1cticas son elementos fundamentales para garantizar un aprendizaje efectivo de los estudiantes en las etapas de Educaci\u00f3n Inicial, Primaria y Secundaria. Los docentes desempe\u00f1an un papel crucial al crear estas unidades, ya que deben adaptar sus estrategias pedag\u00f3gicas a las\u2026","rel":"","context":"En \u00abDocentes\u00bb","block_context":{"text":"Docentes","link":"https:\/\/webdelmaestrocmf.com\/portal\/category\/pedagogia\/docentes\/"},"img":{"alt_text":"","src":"https:\/\/i0.wp.com\/webdelmaestrocmf.com\/portal\/wp-content\/uploads\/2023\/10\/Banner-1-portada-imagen-10-1-1.jpg?resize=350%2C200&ssl=1","width":350,"height":200,"srcset":"https:\/\/i0.wp.com\/webdelmaestrocmf.com\/portal\/wp-content\/uploads\/2023\/10\/Banner-1-portada-imagen-10-1-1.jpg?resize=350%2C200&ssl=1 1x, https:\/\/i0.wp.com\/webdelmaestrocmf.com\/portal\/wp-content\/uploads\/2023\/10\/Banner-1-portada-imagen-10-1-1.jpg?resize=525%2C300&ssl=1 1.5x, https:\/\/i0.wp.com\/webdelmaestrocmf.com\/portal\/wp-content\/uploads\/2023\/10\/Banner-1-portada-imagen-10-1-1.jpg?resize=700%2C400&ssl=1 2x"},"classes":[]}],"_links":{"self":[{"href":"https:\/\/webdelmaestrocmf.com\/portal\/wp-json\/wp\/v2\/posts\/28153","targetHints":{"allow":["GET"]}}],"collection":[{"href":"https:\/\/webdelmaestrocmf.com\/portal\/wp-json\/wp\/v2\/posts"}],"about":[{"href":"https:\/\/webdelmaestrocmf.com\/portal\/wp-json\/wp\/v2\/types\/post"}],"author":[{"embeddable":true,"href":"https:\/\/webdelmaestrocmf.com\/portal\/wp-json\/wp\/v2\/users\/1"}],"replies":[{"embeddable":true,"href":"https:\/\/webdelmaestrocmf.com\/portal\/wp-json\/wp\/v2\/comments?post=28153"}],"version-history":[{"count":6,"href":"https:\/\/webdelmaestrocmf.com\/portal\/wp-json\/wp\/v2\/posts\/28153\/revisions"}],"predecessor-version":[{"id":117784,"href":"https:\/\/webdelmaestrocmf.com\/portal\/wp-json\/wp\/v2\/posts\/28153\/revisions\/117784"}],"wp:featuredmedia":[{"embeddable":true,"href":"https:\/\/webdelmaestrocmf.com\/portal\/wp-json\/wp\/v2\/media\/117781"}],"wp:attachment":[{"href":"https:\/\/webdelmaestrocmf.com\/portal\/wp-json\/wp\/v2\/media?parent=28153"}],"wp:term":[{"taxonomy":"category","embeddable":true,"href":"https:\/\/webdelmaestrocmf.com\/portal\/wp-json\/wp\/v2\/categories?post=28153"},{"taxonomy":"post_tag","embeddable":true,"href":"https:\/\/webdelmaestrocmf.com\/portal\/wp-json\/wp\/v2\/tags?post=28153"}],"curies":[{"name":"wp","href":"https:\/\/api.w.org\/{rel}","templated":true}]}}