{"id":27618,"date":"2018-05-11T18:58:32","date_gmt":"2018-05-11T21:58:32","guid":{"rendered":"http:\/\/webdelmaestrocmf.com\/portal\/?p=27618"},"modified":"2018-12-23T01:15:06","modified_gmt":"2018-12-23T04:15:06","slug":"resumen-de-la-ley-general-del-servicio-profesional-docente","status":"publish","type":"post","link":"https:\/\/webdelmaestrocmf.com\/portal\/resumen-de-la-ley-general-del-servicio-profesional-docente\/","title":{"rendered":"RESUMEN DE LA LEY GENERAL DEL SERVICIO PROFESIONAL DOCENTE"},"content":{"rendered":"<h4 style=\"text-align: justify;\">La Ley desarrolla y reglamenta la Reforma Constitucional de los art\u00edculos 3\u00ba y 73.<\/h4>\n<h4 style=\"text-align: justify;\">Esta Reforma Constitucional da al Congreso la facultad para legislar sobre el ingreso, la promoci\u00f3n, el reconocimiento y la permanencia del personal con funciones de docencia, de direcci\u00f3n y de supervisi\u00f3n en la educaci\u00f3n b\u00e1sica y media superior p\u00fablica.<\/h4>\n<p><!--more--><\/p>\n<h3><strong>\u00bfQU\u00c9 OBJETO TIENE LA LGSPD?<\/strong><\/h3>\n<p><img loading=\"lazy\" decoding=\"async\" class=\"alignnone wp-image-27620\" src=\"http:\/\/webdelmaestrocmf.com\/portal\/wp-content\/uploads\/2018\/05\/1-9.jpg\" alt=\"\" width=\"912\" height=\"408\" srcset=\"https:\/\/webdelmaestrocmf.com\/portal\/wp-content\/uploads\/2018\/05\/1-9.jpg 800w, https:\/\/webdelmaestrocmf.com\/portal\/wp-content\/uploads\/2018\/05\/1-9-300x134.jpg 300w, https:\/\/webdelmaestrocmf.com\/portal\/wp-content\/uploads\/2018\/05\/1-9-768x344.jpg 768w\" sizes=\"auto, (max-width: 912px) 100vw, 912px\" \/><\/p>\n<h3>\u00bfEN D\u00d3NDE APLICA?<\/h3>\n<h4><strong>Generalidades:<\/strong><\/h4>\n<p style=\"text-align: justify;\">La Ley est\u00e1 construida sobre la base de la confianza en los maestros y considera su vocaci\u00f3n y potencial.\u00a0Se finca en la voluntad de que se encuentren preparados para responder mejor a las exigencias de nuestro tiempo.<\/p>\n<p style=\"text-align: justify;\">La Ley establece mecanismos de apoyo y plantea la evaluaci\u00f3n como un instrumento indispensable para mejorar la educaci\u00f3n.\u00a0As\u00ed mismos, para contar con bases objetivas para valorar el m\u00e9rito y conocer las necesidades que deben ser atendidas.<\/p>\n<p style=\"text-align: justify;\">La Ley asegura la igualdad de oportunidades.\u00a0Esto, con el fin de que sea el m\u00e9rito de la persona el que defina la obtenci\u00f3n de una plaza docente y el desarrollo de los maestros.<\/p>\n<p style=\"text-align: justify;\">La norma responde a los factores m\u00e1s relevantes del proceso educativo: la actividad docente y las funciones de direcci\u00f3n y supervisi\u00f3n.\u00a0Toma en cuenta que el buen desempe\u00f1o docente requiere de la concurrencia de los dem\u00e1s factores que intervienen en el proceso educativo, tales como padres de familia, espacios, planes, programas, m\u00e9todos, materiales y financiamiento, entre otros, indispensables para el logro de los fines de la educaci\u00f3n. La atenci\u00f3n de estos otros factores est\u00e1 prevista en la Ley General de Educaci\u00f3n y en otros programas y ordenamientos. El esfuerzo de las autoridades educativas y de la sociedad en su conjunto debe abarcar a este conjunto de factores. Ser\u00eda injusto e indebido pedir que los maestros lograran un \u00f3ptimo desempe\u00f1o sin que los otros factores fueran debidamente atendidos.<\/p>\n<p style=\"text-align: justify;\">Entre las principales ventajas de la Ley est\u00e1n nuevas opciones para el desarrollo profesional de los docentes.\u00a0Esto, mediante la pr\u00e1ctica de la evaluaci\u00f3n interna para favorecer el trabajo colegiado, el di\u00e1logo y la superaci\u00f3n; un esquema de acompa\u00f1amiento especializado para los docentes y una nueva concepci\u00f3n de la formaci\u00f3n continua, actualizaci\u00f3n y desarrollo profesional.<\/p>\n<p style=\"text-align: justify;\">La Ley establece reglas para propiciar evaluaciones justas que dignifiquen la profesi\u00f3n docente y ayuden a mejorar los procesos y resultados educativos del sistema.<\/p>\n<p style=\"text-align: justify;\">Las evaluaciones que se lleven a cabo conforme a la ley ser\u00e1n transparentes, objetivas y justas.\u00a0Ser\u00e1n dise\u00f1adas progresivamente seg\u00fan el calendario que el INEE establecer\u00e1 dentro de los 90 d\u00edas siguientes a la entrada en vigor de la ley.<\/p>\n<p style=\"text-align: justify;\">La calidad t\u00e9cnica del INEE ser\u00e1 conducente a que ese calendario permita la participaci\u00f3n de los maestros en la elaboraci\u00f3n de las propuestas de perfiles, par\u00e1metros e indicadores, as\u00ed como el necesario proceso de maduraci\u00f3n de los instrumentos de evaluaci\u00f3n.<\/p>\n<h4><strong>Ingreso:\u00a0<\/strong><\/h4>\n<p style=\"text-align: justify;\">Para el ingreso, la Ley precisa los t\u00e9rminos y criterios conforme a los que se llevar\u00e1n a cabo los concursos de oposici\u00f3n para el ingreso al servicio.\u00a0Asimismo, considera la introducci\u00f3n de nuevos instrumentos y etapas que permitan una valoraci\u00f3n m\u00e1s completa de los candidatos. Quienes resulten exitosos recibir\u00e1n, durante dos a\u00f1os, los apoyos pertinentes, adem\u00e1s del acompa\u00f1amiento de un tutor.<\/p>\n<h4><strong>Promoci\u00f3n:<\/strong><\/h4>\n<p style=\"text-align: justify;\">Para la promoci\u00f3n, se establece que la evaluaci\u00f3n es el criterio central para las promociones, en funci\u00f3n de los conocimientos y las capacidades de los aspirantes.\u00a0Adem\u00e1s de las promociones a cargos directivos y de supervisi\u00f3n mediante concursos de oposici\u00f3n, la Ley prev\u00e9 otras promociones para obtener incentivos adicionales, permanentes o temporales.<\/p>\n<p style=\"text-align: justify;\">Para el reconocimiento de los profesores, la Ley prev\u00e9 que el personal docente, directivo o de supervisi\u00f3n que destaque en su desempe\u00f1o pueda ser objeto de reconocimiento.\u00a0Esto mediante movimientos laterales que faciliten experiencias profesionales como por ejemplo la tutor\u00eda, la coordinaci\u00f3n de materias o de proyectos, la asesor\u00eda en apoyo a actividades de direcci\u00f3n a otras escuelas o la asesor\u00eda t\u00e9cnica pedag\u00f3gica de car\u00e1cter temporal.<\/p>\n<h4><strong>Permanencia:<\/strong><\/h4>\n<p style=\"text-align: justify;\">Para la permanencia, la Ley prev\u00e9 la aplicaci\u00f3n de una evaluaci\u00f3n integral que permita conocer el desempe\u00f1o de docentes, directivos y supervisores.\u00a0En caso de que se detecten insuficiencias, la Ley prev\u00e9 apoyos para cursar programas remediales y contempla varias oportunidades de evaluaci\u00f3n para mostrar que se cumple con las condiciones para la permanencia. Tambi\u00e9n contiene reglas con efectos diferenciados seg\u00fan se trate de personal de nuevo ingreso o de personal actualmente en servicio.<\/p>\n<p style=\"text-align: justify;\">La ley prev\u00e9 el establecimiento de un programa de regularizaci\u00f3n progresiva de plazas directivas.\u00a0Las personas que ejerzan funciones de direcci\u00f3n sin el nombramiento respectivo pueden recibir, en caso de obtener resultados suficientes en la evaluaci\u00f3n de su desempe\u00f1o, el nombramiento definitivo.<\/p>\n<h3><strong>OBJETIVOS DE LA LEY<\/strong><\/h3>\n<ul>\n<li style=\"text-align: justify;\">El fortalecimiento y la perdurabilidad de la educaci\u00f3n p\u00fablica, gratuita y laica;<\/li>\n<li style=\"text-align: justify;\">Institucionalizar el Servicio Profesional Docente, con el fin de contribuir a que la educaci\u00f3n b\u00e1sica y media superior que imparte el Estado alcance los niveles de calidad a que los mexicanos tienen derecho y con ello responder a una demanda insistente que la sociedad ha expresado de muy diversas maneras.<\/li>\n<li style=\"text-align: justify;\">Institucionalizar el Servicio Profesional Docente, con el fin de contribuir a que la educaci\u00f3n b\u00e1sica y media superior que imparte el Estado alcance los niveles de calidad a que los mexicanos tienen derecho y con ello responder a una demanda insistente que la sociedad ha expresado de muy diversas maneras;<\/li>\n<li style=\"text-align: justify;\">Establecer condiciones y apoyos que favorezcan el desarrollo profesional de cada maestro, al tiempo que estimulen su superaci\u00f3n y reconozcan el valor de sus aportaciones<\/li>\n<\/ul>\n<h3><strong>SUJETOS DE APLICACI\u00d3N<\/strong><\/h3>\n<ul>\n<li style=\"text-align: justify;\">Docentes de la Federaci\u00f3n, de los Estados, el Distrito Federal y Municipios.<\/li>\n<li style=\"text-align: justify;\">Personal con funciones de Direcci\u00f3n y Supervisi\u00f3n de la Federaci\u00f3n, los Estados, el Distrito Federal y los Municipios.<\/li>\n<li style=\"text-align: justify;\">Asesores T\u00e9cnicos Pedag\u00f3gicos en la Educaci\u00f3n B\u00e1sica y Media Superior que imparta el estado.<\/li>\n<\/ul>\n<p style=\"text-align: justify;\">**Esta Ley no aplica a las Universidades, al consejo nacional de fomento educativo y organismos que presten servicios equivalentes en las entidades federativas; ni a los Institutos de Educaci\u00f3n para Adultos Nacionales y Estatales.<\/p>\n<p><iframe loading=\"lazy\" src=\"https:\/\/www.youtube.com\/embed\/ughCKsvlIXY\" width=\"900\" height=\"400\" frameborder=\"0\" allowfullscreen=\"allowfullscreen\"><span data-mce-type=\"bookmark\" style=\"display: inline-block; width: 0px; overflow: hidden; line-height: 0;\" class=\"mce_SELRES_start\">\ufeff<\/span><span data-mce-type=\"bookmark\" style=\"display: inline-block; width: 0px; overflow: hidden; line-height: 0;\" class=\"mce_SELRES_start\">\ufeff<\/span><\/iframe><\/p>\n<h3><strong>PUNTOS PRINCIPALES<\/strong><\/h3>\n<ul>\n<li>Ingreso a servicio educativo b\u00e1sica:\u00a0Convocatoria, Evaluaci\u00f3n.<\/li>\n<li>Ingreso a servicio educativo media superior:\u00a0Convocatoria,\u00a0Evaluaci\u00f3n.<\/li>\n<li>Asignaci\u00f3n de plazas durante el ciclo escolar<\/li>\n<li>Promoci\u00f3n a cargo con funciones de director B\u00e1sica.<\/li>\n<li>Promoci\u00f3n a cargo con funciones de director Media Superior.<\/li>\n<li>Promoci\u00f3n a cargo con funciones de supervisor B\u00e1sica.<\/li>\n<li>Promoci\u00f3n a cargo con funciones de supervisor Media Superior.<\/li>\n<li>Asignaci\u00f3n de plazas vacantes durante el periodo escolar con funciones de director o supervisor.<\/li>\n<li>Permanencia en el servicio.<\/li>\n<li>Promociones.<\/li>\n<li>Formaci\u00f3n continua, actualizaci\u00f3n y desarrollo profesional.<\/li>\n<li>Derechos.<\/li>\n<li>Obligaciones.<\/li>\n<\/ul>\n<h2><strong>MATERIAL DE DESCARGA\u00a0<\/strong><\/h2>\n<p style=\"text-align: center;\">\u00a1Comparte y as\u00ed m\u00e1s docentes utilizar\u00e1n estos recursos\u00a0gratis! Muchas gracias.<\/p>\n<p style=\"text-align: center;\"><strong><span style=\"color: #000000;\">DESCARGA:\u00a0<a style=\"color: #000000;\" href=\"https:\/\/drive.google.com\/file\/d\/0B2K8LKbva6jwYWs5aGthR1lNeEU\/view\" target=\"_blank\" rel=\"noopener\">LEY GENERAL DE EDUCACI\u00d3N &#8211;\u00a0 ULTIMA REFORMA<\/a><\/span><\/strong><\/p>\n","protected":false},"excerpt":{"rendered":"La Ley desarrolla y reglamenta la Reforma Constitucional de los art\u00edculos 3\u00ba y 73. Esta Reforma Constitucional da&hellip;","protected":false},"author":1,"featured_media":27623,"comment_status":"open","ping_status":"closed","sticky":false,"template":"","format":"standard","meta":{"csco_display_header_overlay":false,"csco_singular_sidebar":"","csco_page_header_type":"","csco_page_load_nextpost":"","csco_post_video_location":[],"csco_post_video_location_hash":"","csco_post_video_url":"","csco_post_video_bg_start_time":0,"csco_post_video_bg_end_time":0,"csco_post_video_bg_volume":false,"_jetpack_memberships_contains_paid_content":false,"footnotes":""},"categories":[2004,735],"tags":[52,3542,3541,725,1510,3543],"class_list":{"0":"post-27618","1":"post","2":"type-post","3":"status-publish","4":"format-standard","5":"has-post-thumbnail","7":"category-descargas-manuales-pdf","8":"category-pedagogia","9":"tag-docente","10":"tag-general","11":"tag-ley","12":"tag-profesional","13":"tag-resumen","14":"tag-servicio","15":"cs-entry","16":"cs-video-wrap"},"yoast_head":"<!-- This site is optimized with the Yoast SEO plugin v27.5 - https:\/\/yoast.com\/product\/yoast-seo-wordpress\/ -->\n<title>RESUMEN DE LA LEY GENERAL DEL SERVICIO PROFESIONAL DOCENTE<\/title>\n<meta name=\"description\" content=\"La Ley desarrolla y reglamenta la Reforma Constitucional de los art\u00edculos 3\u00ba y 73.\u00a0 Esta Reforma Constitucional da al Congreso la facultad para legislar sobre el ingreso, la promoci\u00f3n, el reconocimiento y la permanencia del personal con...\" \/>\n<meta name=\"robots\" content=\"index, follow, max-snippet:-1, max-image-preview:large, max-video-preview:-1\" \/>\n<link rel=\"canonical\" href=\"https:\/\/webdelmaestrocmf.com\/portal\/resumen-de-la-ley-general-del-servicio-profesional-docente\/\" \/>\n<meta property=\"og:locale\" content=\"es_ES\" \/>\n<meta property=\"og:type\" content=\"article\" \/>\n<meta property=\"og:title\" content=\"RESUMEN DE LA LEY GENERAL DEL SERVICIO PROFESIONAL DOCENTE\" \/>\n<meta property=\"og:description\" content=\"La Ley desarrolla y reglamenta la Reforma Constitucional de los art\u00edculos 3\u00ba y 73.\u00a0 Esta Reforma Constitucional da al Congreso la facultad para legislar sobre el ingreso, la promoci\u00f3n, el reconocimiento y la permanencia del personal con...\" \/>\n<meta property=\"og:url\" content=\"https:\/\/webdelmaestrocmf.com\/portal\/resumen-de-la-ley-general-del-servicio-profesional-docente\/\" \/>\n<meta property=\"og:site_name\" content=\"Web del Maestro CMF\" \/>\n<meta property=\"article:publisher\" content=\"https:\/\/www.facebook.com\/WebdelMaestroCMF\/\" \/>\n<meta property=\"article:author\" content=\"https:\/\/www.facebook.com\/WebdelMaestroCMF\/\" \/>\n<meta property=\"article:published_time\" content=\"2018-05-11T21:58:32+00:00\" \/>\n<meta property=\"article:modified_time\" content=\"2018-12-23T04:15:06+00:00\" \/>\n<meta property=\"og:image\" content=\"https:\/\/i0.wp.com\/webdelmaestrocmf.com\/portal\/wp-content\/uploads\/2018\/05\/Ley.jpg?fit=1100%2C680&ssl=1\" \/>\n\t<meta property=\"og:image:width\" content=\"1100\" \/>\n\t<meta property=\"og:image:height\" content=\"680\" \/>\n\t<meta property=\"og:image:type\" content=\"image\/jpeg\" \/>\n<meta name=\"author\" content=\"Web del Maestro CMF\" \/>\n<meta name=\"twitter:card\" content=\"summary_large_image\" \/>\n<meta name=\"twitter:creator\" content=\"@cmf_w\" \/>\n<meta name=\"twitter:site\" content=\"@cmf_w\" \/>\n<script type=\"application\/ld+json\" class=\"yoast-schema-graph\">{\"@context\":\"https:\\\/\\\/schema.org\",\"@graph\":[{\"@type\":\"ScholarlyArticle\",\"@id\":\"https:\\\/\\\/webdelmaestrocmf.com\\\/portal\\\/resumen-de-la-ley-general-del-servicio-profesional-docente\\\/#article\",\"isPartOf\":{\"@id\":\"https:\\\/\\\/webdelmaestrocmf.com\\\/portal\\\/resumen-de-la-ley-general-del-servicio-profesional-docente\\\/\"},\"author\":{\"name\":\"Web del Maestro CMF\",\"@id\":\"https:\\\/\\\/webdelmaestrocmf.com\\\/portal\\\/#\\\/schema\\\/person\\\/1072a2ed7bd960df8ef99a551fa35dc5\"},\"headline\":\"RESUMEN DE LA LEY GENERAL DEL SERVICIO PROFESIONAL DOCENTE\",\"datePublished\":\"2018-05-11T21:58:32+00:00\",\"dateModified\":\"2018-12-23T04:15:06+00:00\",\"mainEntityOfPage\":{\"@id\":\"https:\\\/\\\/webdelmaestrocmf.com\\\/portal\\\/resumen-de-la-ley-general-del-servicio-profesional-docente\\\/\"},\"wordCount\":1206,\"commentCount\":0,\"publisher\":{\"@id\":\"https:\\\/\\\/webdelmaestrocmf.com\\\/portal\\\/#organization\"},\"image\":{\"@id\":\"https:\\\/\\\/webdelmaestrocmf.com\\\/portal\\\/resumen-de-la-ley-general-del-servicio-profesional-docente\\\/#primaryimage\"},\"thumbnailUrl\":\"https:\\\/\\\/webdelmaestrocmf.com\\\/portal\\\/wp-content\\\/uploads\\\/2018\\\/05\\\/Ley.jpg\",\"keywords\":[\"DOCENTE\",\"GENERAL\",\"LEY\",\"PROFESIONAL\",\"RESUMEN\",\"SERVICIO\"],\"articleSection\":[\"Descargas Manuales PDF\",\"Recursos\"],\"inLanguage\":\"es\",\"potentialAction\":[{\"@type\":\"CommentAction\",\"name\":\"Comment\",\"target\":[\"https:\\\/\\\/webdelmaestrocmf.com\\\/portal\\\/resumen-de-la-ley-general-del-servicio-profesional-docente\\\/#respond\"]}]},{\"@type\":\"WebPage\",\"@id\":\"https:\\\/\\\/webdelmaestrocmf.com\\\/portal\\\/resumen-de-la-ley-general-del-servicio-profesional-docente\\\/\",\"url\":\"https:\\\/\\\/webdelmaestrocmf.com\\\/portal\\\/resumen-de-la-ley-general-del-servicio-profesional-docente\\\/\",\"name\":\"RESUMEN DE LA LEY GENERAL DEL SERVICIO PROFESIONAL DOCENTE\",\"isPartOf\":{\"@id\":\"https:\\\/\\\/webdelmaestrocmf.com\\\/portal\\\/#website\"},\"primaryImageOfPage\":{\"@id\":\"https:\\\/\\\/webdelmaestrocmf.com\\\/portal\\\/resumen-de-la-ley-general-del-servicio-profesional-docente\\\/#primaryimage\"},\"image\":{\"@id\":\"https:\\\/\\\/webdelmaestrocmf.com\\\/portal\\\/resumen-de-la-ley-general-del-servicio-profesional-docente\\\/#primaryimage\"},\"thumbnailUrl\":\"https:\\\/\\\/webdelmaestrocmf.com\\\/portal\\\/wp-content\\\/uploads\\\/2018\\\/05\\\/Ley.jpg\",\"datePublished\":\"2018-05-11T21:58:32+00:00\",\"dateModified\":\"2018-12-23T04:15:06+00:00\",\"description\":\"La Ley desarrolla y reglamenta la Reforma Constitucional de los art\u00edculos 3\u00ba y 73.\u00a0 Esta Reforma Constitucional da al Congreso la facultad para legislar sobre el ingreso, la promoci\u00f3n, el reconocimiento y la permanencia del personal con...\",\"breadcrumb\":{\"@id\":\"https:\\\/\\\/webdelmaestrocmf.com\\\/portal\\\/resumen-de-la-ley-general-del-servicio-profesional-docente\\\/#breadcrumb\"},\"inLanguage\":\"es\",\"potentialAction\":[{\"@type\":\"ReadAction\",\"target\":[\"https:\\\/\\\/webdelmaestrocmf.com\\\/portal\\\/resumen-de-la-ley-general-del-servicio-profesional-docente\\\/\"]}]},{\"@type\":\"ImageObject\",\"inLanguage\":\"es\",\"@id\":\"https:\\\/\\\/webdelmaestrocmf.com\\\/portal\\\/resumen-de-la-ley-general-del-servicio-profesional-docente\\\/#primaryimage\",\"url\":\"https:\\\/\\\/webdelmaestrocmf.com\\\/portal\\\/wp-content\\\/uploads\\\/2018\\\/05\\\/Ley.jpg\",\"contentUrl\":\"https:\\\/\\\/webdelmaestrocmf.com\\\/portal\\\/wp-content\\\/uploads\\\/2018\\\/05\\\/Ley.jpg\",\"width\":1100,\"height\":680},{\"@type\":\"BreadcrumbList\",\"@id\":\"https:\\\/\\\/webdelmaestrocmf.com\\\/portal\\\/resumen-de-la-ley-general-del-servicio-profesional-docente\\\/#breadcrumb\",\"itemListElement\":[{\"@type\":\"ListItem\",\"position\":1,\"name\":\"Portada\",\"item\":\"https:\\\/\\\/webdelmaestrocmf.com\\\/portal\\\/\"},{\"@type\":\"ListItem\",\"position\":2,\"name\":\"Recursos\",\"item\":\"https:\\\/\\\/webdelmaestrocmf.com\\\/portal\\\/category\\\/pedagogia\\\/\"},{\"@type\":\"ListItem\",\"position\":3,\"name\":\"RESUMEN DE LA LEY GENERAL DEL SERVICIO PROFESIONAL DOCENTE\"}]},{\"@type\":\"WebSite\",\"@id\":\"https:\\\/\\\/webdelmaestrocmf.com\\\/portal\\\/#website\",\"url\":\"https:\\\/\\\/webdelmaestrocmf.com\\\/portal\\\/\",\"name\":\"Web del Maestro CMF\",\"description\":\"Maestros al servicio de la educaci\u00f3n\",\"publisher\":{\"@id\":\"https:\\\/\\\/webdelmaestrocmf.com\\\/portal\\\/#organization\"},\"alternateName\":\"WMCMF\",\"potentialAction\":[{\"@type\":\"SearchAction\",\"target\":{\"@type\":\"EntryPoint\",\"urlTemplate\":\"https:\\\/\\\/webdelmaestrocmf.com\\\/portal\\\/?s={search_term_string}\"},\"query-input\":{\"@type\":\"PropertyValueSpecification\",\"valueRequired\":true,\"valueName\":\"search_term_string\"}}],\"inLanguage\":\"es\"},{\"@type\":\"Organization\",\"@id\":\"https:\\\/\\\/webdelmaestrocmf.com\\\/portal\\\/#organization\",\"name\":\"Web del Maestro CMF\",\"alternateName\":\"WMCMF\",\"url\":\"https:\\\/\\\/webdelmaestrocmf.com\\\/portal\\\/\",\"logo\":{\"@type\":\"ImageObject\",\"inLanguage\":\"es\",\"@id\":\"https:\\\/\\\/webdelmaestrocmf.com\\\/portal\\\/#\\\/schema\\\/logo\\\/image\\\/\",\"url\":\"https:\\\/\\\/webdelmaestrocmf.com\\\/portal\\\/wp-content\\\/uploads\\\/2023\\\/01\\\/logo-wmcmf-2.png\",\"contentUrl\":\"https:\\\/\\\/webdelmaestrocmf.com\\\/portal\\\/wp-content\\\/uploads\\\/2023\\\/01\\\/logo-wmcmf-2.png\",\"width\":200,\"height\":60,\"caption\":\"Web del Maestro CMF\"},\"image\":{\"@id\":\"https:\\\/\\\/webdelmaestrocmf.com\\\/portal\\\/#\\\/schema\\\/logo\\\/image\\\/\"},\"sameAs\":[\"https:\\\/\\\/www.facebook.com\\\/WebdelMaestroCMF\\\/\",\"https:\\\/\\\/x.com\\\/cmf_w\",\"https:\\\/\\\/www.pinterest.com\\\/WMCMF\\\/\",\"https:\\\/\\\/www.linkedin.com\\\/company\\\/web-del-maestro-cmf\\\/\",\"https:\\\/\\\/www.instagram.com\\\/wmcmf\\\/\",\"https:\\\/\\\/www.youtube.com\\\/channel\\\/UCDPSvjbdodE5sHnC3OxutHw\",\"https:\\\/\\\/mastodon.social\\\/@wmcmf\",\"https:\\\/\\\/www.tiktok.com\\\/@webdelmaestrocmf\"]},{\"@type\":\"Person\",\"@id\":\"https:\\\/\\\/webdelmaestrocmf.com\\\/portal\\\/#\\\/schema\\\/person\\\/1072a2ed7bd960df8ef99a551fa35dc5\",\"name\":\"Web del Maestro CMF\",\"image\":{\"@type\":\"ImageObject\",\"inLanguage\":\"es\",\"@id\":\"https:\\\/\\\/secure.gravatar.com\\\/avatar\\\/23291dd5b5ae1077dcff3dbb04c3e02bd28403fa75af6d8787d5e97c5bbbe30b?s=96&d=mm&r=g\",\"url\":\"https:\\\/\\\/secure.gravatar.com\\\/avatar\\\/23291dd5b5ae1077dcff3dbb04c3e02bd28403fa75af6d8787d5e97c5bbbe30b?s=96&d=mm&r=g\",\"contentUrl\":\"https:\\\/\\\/secure.gravatar.com\\\/avatar\\\/23291dd5b5ae1077dcff3dbb04c3e02bd28403fa75af6d8787d5e97c5bbbe30b?s=96&d=mm&r=g\",\"caption\":\"Web del Maestro CMF\"},\"description\":\"Esta Web se cre\u00f3 sin fines de lucro, con fines educativos, cient\u00edficos y acad\u00e9micos, para personas que tengan dificultades y\\\/o inconvenientes en visualizar el material original. El objetivo es entregar recursos, compartir experiencias y materiales que ayuden a los padres de familia, maestros y estudiantes en su actualizaci\u00f3n y formaci\u00f3n permanente, en bien de la Educaci\u00f3n.\",\"sameAs\":[\"http:\\\/\\\/webdelmaestrocmf.com\\\/portal\",\"https:\\\/\\\/www.facebook.com\\\/WebdelMaestroCMF\\\/\",\"https:\\\/\\\/www.instagram.com\\\/wmcmf\\\/\",\"https:\\\/\\\/cl.linkedin.com\\\/company\\\/web-del-maestro-cmf\",\"https:\\\/\\\/www.pinterest.com\\\/WMCMF\\\/publicaciones\\\/\",\"https:\\\/\\\/x.com\\\/cmf_w\",\"https:\\\/\\\/www.youtube.com\\\/@WMCMF\"]}]}<\/script>\n<!-- \/ Yoast SEO plugin. -->","yoast_head_json":{"title":"RESUMEN DE LA LEY GENERAL DEL SERVICIO PROFESIONAL DOCENTE","description":"La Ley desarrolla y reglamenta la Reforma Constitucional de los art\u00edculos 3\u00ba y 73.\u00a0 Esta Reforma Constitucional da al Congreso la facultad para legislar sobre el ingreso, la promoci\u00f3n, el reconocimiento y la permanencia del personal con...","robots":{"index":"index","follow":"follow","max-snippet":"max-snippet:-1","max-image-preview":"max-image-preview:large","max-video-preview":"max-video-preview:-1"},"canonical":"https:\/\/webdelmaestrocmf.com\/portal\/resumen-de-la-ley-general-del-servicio-profesional-docente\/","og_locale":"es_ES","og_type":"article","og_title":"RESUMEN DE LA LEY GENERAL DEL SERVICIO PROFESIONAL DOCENTE","og_description":"La Ley desarrolla y reglamenta la Reforma Constitucional de los art\u00edculos 3\u00ba y 73.\u00a0 Esta Reforma Constitucional da al Congreso la facultad para legislar sobre el ingreso, la promoci\u00f3n, el reconocimiento y la permanencia del personal con...","og_url":"https:\/\/webdelmaestrocmf.com\/portal\/resumen-de-la-ley-general-del-servicio-profesional-docente\/","og_site_name":"Web del Maestro CMF","article_publisher":"https:\/\/www.facebook.com\/WebdelMaestroCMF\/","article_author":"https:\/\/www.facebook.com\/WebdelMaestroCMF\/","article_published_time":"2018-05-11T21:58:32+00:00","article_modified_time":"2018-12-23T04:15:06+00:00","og_image":[{"width":1100,"height":680,"url":"https:\/\/i0.wp.com\/webdelmaestrocmf.com\/portal\/wp-content\/uploads\/2018\/05\/Ley.jpg?fit=1100%2C680&ssl=1","type":"image\/jpeg"}],"author":"Web del Maestro CMF","twitter_card":"summary_large_image","twitter_creator":"@cmf_w","twitter_site":"@cmf_w","schema":{"@context":"https:\/\/schema.org","@graph":[{"@type":"ScholarlyArticle","@id":"https:\/\/webdelmaestrocmf.com\/portal\/resumen-de-la-ley-general-del-servicio-profesional-docente\/#article","isPartOf":{"@id":"https:\/\/webdelmaestrocmf.com\/portal\/resumen-de-la-ley-general-del-servicio-profesional-docente\/"},"author":{"name":"Web del Maestro CMF","@id":"https:\/\/webdelmaestrocmf.com\/portal\/#\/schema\/person\/1072a2ed7bd960df8ef99a551fa35dc5"},"headline":"RESUMEN DE LA LEY GENERAL DEL SERVICIO PROFESIONAL DOCENTE","datePublished":"2018-05-11T21:58:32+00:00","dateModified":"2018-12-23T04:15:06+00:00","mainEntityOfPage":{"@id":"https:\/\/webdelmaestrocmf.com\/portal\/resumen-de-la-ley-general-del-servicio-profesional-docente\/"},"wordCount":1206,"commentCount":0,"publisher":{"@id":"https:\/\/webdelmaestrocmf.com\/portal\/#organization"},"image":{"@id":"https:\/\/webdelmaestrocmf.com\/portal\/resumen-de-la-ley-general-del-servicio-profesional-docente\/#primaryimage"},"thumbnailUrl":"https:\/\/webdelmaestrocmf.com\/portal\/wp-content\/uploads\/2018\/05\/Ley.jpg","keywords":["DOCENTE","GENERAL","LEY","PROFESIONAL","RESUMEN","SERVICIO"],"articleSection":["Descargas Manuales PDF","Recursos"],"inLanguage":"es","potentialAction":[{"@type":"CommentAction","name":"Comment","target":["https:\/\/webdelmaestrocmf.com\/portal\/resumen-de-la-ley-general-del-servicio-profesional-docente\/#respond"]}]},{"@type":"WebPage","@id":"https:\/\/webdelmaestrocmf.com\/portal\/resumen-de-la-ley-general-del-servicio-profesional-docente\/","url":"https:\/\/webdelmaestrocmf.com\/portal\/resumen-de-la-ley-general-del-servicio-profesional-docente\/","name":"RESUMEN DE LA LEY GENERAL DEL SERVICIO PROFESIONAL DOCENTE","isPartOf":{"@id":"https:\/\/webdelmaestrocmf.com\/portal\/#website"},"primaryImageOfPage":{"@id":"https:\/\/webdelmaestrocmf.com\/portal\/resumen-de-la-ley-general-del-servicio-profesional-docente\/#primaryimage"},"image":{"@id":"https:\/\/webdelmaestrocmf.com\/portal\/resumen-de-la-ley-general-del-servicio-profesional-docente\/#primaryimage"},"thumbnailUrl":"https:\/\/webdelmaestrocmf.com\/portal\/wp-content\/uploads\/2018\/05\/Ley.jpg","datePublished":"2018-05-11T21:58:32+00:00","dateModified":"2018-12-23T04:15:06+00:00","description":"La Ley desarrolla y reglamenta la Reforma Constitucional de los art\u00edculos 3\u00ba y 73.\u00a0 Esta Reforma Constitucional da al Congreso la facultad para legislar sobre el ingreso, la promoci\u00f3n, el reconocimiento y la permanencia del personal con...","breadcrumb":{"@id":"https:\/\/webdelmaestrocmf.com\/portal\/resumen-de-la-ley-general-del-servicio-profesional-docente\/#breadcrumb"},"inLanguage":"es","potentialAction":[{"@type":"ReadAction","target":["https:\/\/webdelmaestrocmf.com\/portal\/resumen-de-la-ley-general-del-servicio-profesional-docente\/"]}]},{"@type":"ImageObject","inLanguage":"es","@id":"https:\/\/webdelmaestrocmf.com\/portal\/resumen-de-la-ley-general-del-servicio-profesional-docente\/#primaryimage","url":"https:\/\/webdelmaestrocmf.com\/portal\/wp-content\/uploads\/2018\/05\/Ley.jpg","contentUrl":"https:\/\/webdelmaestrocmf.com\/portal\/wp-content\/uploads\/2018\/05\/Ley.jpg","width":1100,"height":680},{"@type":"BreadcrumbList","@id":"https:\/\/webdelmaestrocmf.com\/portal\/resumen-de-la-ley-general-del-servicio-profesional-docente\/#breadcrumb","itemListElement":[{"@type":"ListItem","position":1,"name":"Portada","item":"https:\/\/webdelmaestrocmf.com\/portal\/"},{"@type":"ListItem","position":2,"name":"Recursos","item":"https:\/\/webdelmaestrocmf.com\/portal\/category\/pedagogia\/"},{"@type":"ListItem","position":3,"name":"RESUMEN DE LA LEY GENERAL DEL SERVICIO PROFESIONAL DOCENTE"}]},{"@type":"WebSite","@id":"https:\/\/webdelmaestrocmf.com\/portal\/#website","url":"https:\/\/webdelmaestrocmf.com\/portal\/","name":"Web del Maestro CMF","description":"Maestros al servicio de la educaci\u00f3n","publisher":{"@id":"https:\/\/webdelmaestrocmf.com\/portal\/#organization"},"alternateName":"WMCMF","potentialAction":[{"@type":"SearchAction","target":{"@type":"EntryPoint","urlTemplate":"https:\/\/webdelmaestrocmf.com\/portal\/?s={search_term_string}"},"query-input":{"@type":"PropertyValueSpecification","valueRequired":true,"valueName":"search_term_string"}}],"inLanguage":"es"},{"@type":"Organization","@id":"https:\/\/webdelmaestrocmf.com\/portal\/#organization","name":"Web del Maestro CMF","alternateName":"WMCMF","url":"https:\/\/webdelmaestrocmf.com\/portal\/","logo":{"@type":"ImageObject","inLanguage":"es","@id":"https:\/\/webdelmaestrocmf.com\/portal\/#\/schema\/logo\/image\/","url":"https:\/\/webdelmaestrocmf.com\/portal\/wp-content\/uploads\/2023\/01\/logo-wmcmf-2.png","contentUrl":"https:\/\/webdelmaestrocmf.com\/portal\/wp-content\/uploads\/2023\/01\/logo-wmcmf-2.png","width":200,"height":60,"caption":"Web del Maestro CMF"},"image":{"@id":"https:\/\/webdelmaestrocmf.com\/portal\/#\/schema\/logo\/image\/"},"sameAs":["https:\/\/www.facebook.com\/WebdelMaestroCMF\/","https:\/\/x.com\/cmf_w","https:\/\/www.pinterest.com\/WMCMF\/","https:\/\/www.linkedin.com\/company\/web-del-maestro-cmf\/","https:\/\/www.instagram.com\/wmcmf\/","https:\/\/www.youtube.com\/channel\/UCDPSvjbdodE5sHnC3OxutHw","https:\/\/mastodon.social\/@wmcmf","https:\/\/www.tiktok.com\/@webdelmaestrocmf"]},{"@type":"Person","@id":"https:\/\/webdelmaestrocmf.com\/portal\/#\/schema\/person\/1072a2ed7bd960df8ef99a551fa35dc5","name":"Web del Maestro CMF","image":{"@type":"ImageObject","inLanguage":"es","@id":"https:\/\/secure.gravatar.com\/avatar\/23291dd5b5ae1077dcff3dbb04c3e02bd28403fa75af6d8787d5e97c5bbbe30b?s=96&d=mm&r=g","url":"https:\/\/secure.gravatar.com\/avatar\/23291dd5b5ae1077dcff3dbb04c3e02bd28403fa75af6d8787d5e97c5bbbe30b?s=96&d=mm&r=g","contentUrl":"https:\/\/secure.gravatar.com\/avatar\/23291dd5b5ae1077dcff3dbb04c3e02bd28403fa75af6d8787d5e97c5bbbe30b?s=96&d=mm&r=g","caption":"Web del Maestro CMF"},"description":"Esta Web se cre\u00f3 sin fines de lucro, con fines educativos, cient\u00edficos y acad\u00e9micos, para personas que tengan dificultades y\/o inconvenientes en visualizar el material original. El objetivo es entregar recursos, compartir experiencias y materiales que ayuden a los padres de familia, maestros y estudiantes en su actualizaci\u00f3n y formaci\u00f3n permanente, en bien de la Educaci\u00f3n.","sameAs":["http:\/\/webdelmaestrocmf.com\/portal","https:\/\/www.facebook.com\/WebdelMaestroCMF\/","https:\/\/www.instagram.com\/wmcmf\/","https:\/\/cl.linkedin.com\/company\/web-del-maestro-cmf","https:\/\/www.pinterest.com\/WMCMF\/publicaciones\/","https:\/\/x.com\/cmf_w","https:\/\/www.youtube.com\/@WMCMF"]}]}},"jetpack_featured_media_url":"https:\/\/webdelmaestrocmf.com\/portal\/wp-content\/uploads\/2018\/05\/Ley.jpg","jetpack_sharing_enabled":true,"jetpack-related-posts":[{"id":56409,"url":"https:\/\/webdelmaestrocmf.com\/portal\/fernando-gamarra-aprobacion-de-la-asignacion-de-no-menos-del-6-del-pbi-para-educacion-peru\/","url_meta":{"origin":27618,"position":0},"title":"[Fernando Gamarra] Aprobaci\u00f3n de la asignaci\u00f3n de no menos del 6% del PBI para Educaci\u00f3n (Per\u00fa)","author":"Web del Maestro CMF","date":"27 diciembre, 2020","format":false,"excerpt":"El pleno del Congreso aprob\u00f3, el s\u00e1bado 19 de diciembre de 2020\u00a0 en segunda votaci\u00f3n, modificar la Constituci\u00f3n Pol\u00edtica del Per\u00fa a fin de que el Estado invierta anualmente en el sector Educaci\u00f3n no menos del 6% del Producto Bruto Interno (PBI). Por 94 votos a favor, 6 en contra\u2026","rel":"","context":"En \u00abZ-Colaborador-Fernando-Gamarra\u00bb","block_context":{"text":"Z-Colaborador-Fernando-Gamarra","link":"https:\/\/webdelmaestrocmf.com\/portal\/category\/colaborador\/z-colaborador-fernando-gamarra\/"},"img":{"alt_text":"","src":"https:\/\/i0.wp.com\/webdelmaestrocmf.com\/portal\/wp-content\/uploads\/2020\/12\/1-copia-73.jpg?resize=350%2C200&ssl=1","width":350,"height":200,"srcset":"https:\/\/i0.wp.com\/webdelmaestrocmf.com\/portal\/wp-content\/uploads\/2020\/12\/1-copia-73.jpg?resize=350%2C200&ssl=1 1x, https:\/\/i0.wp.com\/webdelmaestrocmf.com\/portal\/wp-content\/uploads\/2020\/12\/1-copia-73.jpg?resize=525%2C300&ssl=1 1.5x, https:\/\/i0.wp.com\/webdelmaestrocmf.com\/portal\/wp-content\/uploads\/2020\/12\/1-copia-73.jpg?resize=700%2C400&ssl=1 2x, https:\/\/i0.wp.com\/webdelmaestrocmf.com\/portal\/wp-content\/uploads\/2020\/12\/1-copia-73.jpg?resize=1050%2C600&ssl=1 3x"},"classes":[]},{"id":78673,"url":"https:\/\/webdelmaestrocmf.com\/portal\/fernando-gamarra-auxiliares-de-educacion-y-el-permiso-por-el-dia-del-maestro\/","url_meta":{"origin":27618,"position":1},"title":"[Fernando Gamarra] Auxiliares de Educaci\u00f3n y el permiso por el D\u00eda del Maestro","author":"Web del Maestro CMF","date":"19 julio, 2022","format":false,"excerpt":"La Segunda Disposici\u00f3n Complementaria, Final y Transitoria de la Ley N\u00ba 29944 regula la situaci\u00f3n jur\u00eddica de los Auxiliares de educaci\u00f3n, pues aqu\u00ed prescribe que los auxiliares de educaci\u00f3n se rigen por dicha ley en todo lo que les corresponda. Siendo as\u00ed, los Auxiliares de Educaci\u00f3n se rigen por las\u2026","rel":"","context":"En \u00abZ-Colaborador-Fernando-Gamarra\u00bb","block_context":{"text":"Z-Colaborador-Fernando-Gamarra","link":"https:\/\/webdelmaestrocmf.com\/portal\/category\/colaborador\/z-colaborador-fernando-gamarra\/"},"img":{"alt_text":"","src":"https:\/\/i0.wp.com\/webdelmaestrocmf.com\/portal\/wp-content\/uploads\/2022\/07\/1c-2.jpg?resize=350%2C200&ssl=1","width":350,"height":200,"srcset":"https:\/\/i0.wp.com\/webdelmaestrocmf.com\/portal\/wp-content\/uploads\/2022\/07\/1c-2.jpg?resize=350%2C200&ssl=1 1x, https:\/\/i0.wp.com\/webdelmaestrocmf.com\/portal\/wp-content\/uploads\/2022\/07\/1c-2.jpg?resize=525%2C300&ssl=1 1.5x, https:\/\/i0.wp.com\/webdelmaestrocmf.com\/portal\/wp-content\/uploads\/2022\/07\/1c-2.jpg?resize=700%2C400&ssl=1 2x"},"classes":[]},{"id":58169,"url":"https:\/\/webdelmaestrocmf.com\/portal\/compendio-normativo-2021-calendario-anual-de-los-procesos-de-seleccion-para-la-admision-la-promocion-y-el-reconocimiento-del-sistema-para-la-carrera-de-las-maestras-y-los-maestros-2021\/","url_meta":{"origin":27618,"position":2},"title":"Compendio Normativo 2021: Calendario anual de los procesos de selecci\u00f3n para la admisi\u00f3n, la promoci\u00f3n y el reconocimiento del Sistema para la Carrera de las Maestras y los Maestros, 2021","author":"Web del Maestro CMF","date":"22 enero, 2021","format":false,"excerpt":"La Secretar\u00eda de Educaci\u00f3n P\u00fablica de M\u00e9xico, a trav\u00e9s de la Unidad del Sistema para la Carrera de las Maestras y los Maestros USICAMM, public\u00f3 el presente Calendario anual de los procesos de selecci\u00f3n para la admisi\u00f3n, la promoci\u00f3n y el reconocimiento\u00a0del\u00a0Sistema para la Carrera de las Maestras y los\u2026","rel":"","context":"En \u00abExamen docente\u00bb","block_context":{"text":"Examen docente","link":"https:\/\/webdelmaestrocmf.com\/portal\/category\/pedagogia\/examen-docente\/"},"img":{"alt_text":"","src":"https:\/\/i0.wp.com\/webdelmaestrocmf.com\/portal\/wp-content\/uploads\/2021\/01\/1-155.jpg?resize=350%2C200&ssl=1","width":350,"height":200,"srcset":"https:\/\/i0.wp.com\/webdelmaestrocmf.com\/portal\/wp-content\/uploads\/2021\/01\/1-155.jpg?resize=350%2C200&ssl=1 1x, https:\/\/i0.wp.com\/webdelmaestrocmf.com\/portal\/wp-content\/uploads\/2021\/01\/1-155.jpg?resize=525%2C300&ssl=1 1.5x, https:\/\/i0.wp.com\/webdelmaestrocmf.com\/portal\/wp-content\/uploads\/2021\/01\/1-155.jpg?resize=700%2C400&ssl=1 2x, https:\/\/i0.wp.com\/webdelmaestrocmf.com\/portal\/wp-content\/uploads\/2021\/01\/1-155.jpg?resize=1050%2C600&ssl=1 3x"},"classes":[]},{"id":100384,"url":"https:\/\/webdelmaestrocmf.com\/portal\/fernando-gamarra-licencia-por-fallecimiento-de-un-familiar\/","url_meta":{"origin":27618,"position":3},"title":"[Fernando Gamarra] Licencia por fallecimiento de un familiar","author":"Web del Maestro CMF","date":"17 noviembre, 2023","format":false,"excerpt":"El estr\u00e9s se encuentra en todos los seres humanos, algunos lo han aprendido a manejar, otros est\u00e1n en ese proceso y muchos otros aun no sabes c\u00f3mo hacerlo. En el caso del estr\u00e9s laboral, \u00e9ste se produce cuando las exigencias del puesto de trabajo sobrepasan las que el trabajador puede\u2026","rel":"","context":"En \u00abZ-Colaborador_Juan_Carlos_Monsalve\u00bb","block_context":{"text":"Z-Colaborador_Juan_Carlos_Monsalve","link":"https:\/\/webdelmaestrocmf.com\/portal\/category\/colaborador\/colaborador_juan_carlos_monsalve\/"},"img":{"alt_text":"","src":"https:\/\/i0.wp.com\/webdelmaestrocmf.com\/portal\/wp-content\/uploads\/2023\/11\/A12B3C4D-8-4.jpg?resize=350%2C200&ssl=1","width":350,"height":200,"srcset":"https:\/\/i0.wp.com\/webdelmaestrocmf.com\/portal\/wp-content\/uploads\/2023\/11\/A12B3C4D-8-4.jpg?resize=350%2C200&ssl=1 1x, https:\/\/i0.wp.com\/webdelmaestrocmf.com\/portal\/wp-content\/uploads\/2023\/11\/A12B3C4D-8-4.jpg?resize=525%2C300&ssl=1 1.5x, https:\/\/i0.wp.com\/webdelmaestrocmf.com\/portal\/wp-content\/uploads\/2023\/11\/A12B3C4D-8-4.jpg?resize=700%2C400&ssl=1 2x"},"classes":[]},{"id":117956,"url":"https:\/\/webdelmaestrocmf.com\/portal\/bukele-firma-una-reforma-que-permite-prision-perpetua-para-menores-a-partir-de-los-12-anos-en-el-salvador\/","url_meta":{"origin":27618,"position":4},"title":"Bukele firma una reforma que permite prisi\u00f3n perpetua para menores a partir de los 12 a\u00f1os en El Salvador","author":"Web del Maestro CMF","date":"18 abril, 2026","format":false,"excerpt":"La prisi\u00f3n perpetua para menores desde los doce a\u00f1os reabre un debate crucial sobre justicia, infancia, prevenci\u00f3n y violencia, y obliga a preguntarnos si castigar m\u00e1s realmente resuelve el problema.","rel":"","context":"En \u00abNoticias Internacionales\u00bb","block_context":{"text":"Noticias Internacionales","link":"https:\/\/webdelmaestrocmf.com\/portal\/category\/noticias-internacionales\/"},"img":{"alt_text":"","src":"https:\/\/i0.wp.com\/webdelmaestrocmf.com\/portal\/wp-content\/uploads\/2026\/04\/1AA-Banner-1-portada-imagen-10-1-copia-1-5.webp?resize=350%2C200&ssl=1","width":350,"height":200,"srcset":"https:\/\/i0.wp.com\/webdelmaestrocmf.com\/portal\/wp-content\/uploads\/2026\/04\/1AA-Banner-1-portada-imagen-10-1-copia-1-5.webp?resize=350%2C200&ssl=1 1x, https:\/\/i0.wp.com\/webdelmaestrocmf.com\/portal\/wp-content\/uploads\/2026\/04\/1AA-Banner-1-portada-imagen-10-1-copia-1-5.webp?resize=525%2C300&ssl=1 1.5x, https:\/\/i0.wp.com\/webdelmaestrocmf.com\/portal\/wp-content\/uploads\/2026\/04\/1AA-Banner-1-portada-imagen-10-1-copia-1-5.webp?resize=700%2C400&ssl=1 2x, https:\/\/i0.wp.com\/webdelmaestrocmf.com\/portal\/wp-content\/uploads\/2026\/04\/1AA-Banner-1-portada-imagen-10-1-copia-1-5.webp?resize=1050%2C600&ssl=1 3x"},"classes":[]},{"id":84497,"url":"https:\/\/webdelmaestrocmf.com\/portal\/fernando-gamarra-descanso-vacacional-2023-de-los-profesores-del-area-de-gestion-pedagogica-peru\/","url_meta":{"origin":27618,"position":5},"title":"[Fernando Gamarra] Descanso vacacional 2023 de los profesores del \u00e1rea de gesti\u00f3n pedag\u00f3gica (Per\u00fa)","author":"Web del Maestro CMF","date":"20 febrero, 2023","format":false,"excerpt":"En cuanto al descanso vacacional anual remunerado se trata de un derecho de reconocimiento internacional a nivel de la normativa sobre derechos humanos y, a nivel constitucional el art\u00edculo 25\u00b0 ha establecido que\u00a0\"(...) Los trabajadores tienen derecho a descanso semanal y anual remunerados. Su disfrute y compensaci\u00f3n se regulan por\u2026","rel":"","context":"En \u00abZ-Colaborador-Fernando-Gamarra\u00bb","block_context":{"text":"Z-Colaborador-Fernando-Gamarra","link":"https:\/\/webdelmaestrocmf.com\/portal\/category\/colaborador\/z-colaborador-fernando-gamarra\/"},"img":{"alt_text":"","src":"https:\/\/i0.wp.com\/webdelmaestrocmf.com\/portal\/wp-content\/uploads\/2023\/02\/1abc-5.jpg?resize=350%2C200&ssl=1","width":350,"height":200,"srcset":"https:\/\/i0.wp.com\/webdelmaestrocmf.com\/portal\/wp-content\/uploads\/2023\/02\/1abc-5.jpg?resize=350%2C200&ssl=1 1x, https:\/\/i0.wp.com\/webdelmaestrocmf.com\/portal\/wp-content\/uploads\/2023\/02\/1abc-5.jpg?resize=525%2C300&ssl=1 1.5x, https:\/\/i0.wp.com\/webdelmaestrocmf.com\/portal\/wp-content\/uploads\/2023\/02\/1abc-5.jpg?resize=700%2C400&ssl=1 2x"},"classes":[]}],"_links":{"self":[{"href":"https:\/\/webdelmaestrocmf.com\/portal\/wp-json\/wp\/v2\/posts\/27618","targetHints":{"allow":["GET"]}}],"collection":[{"href":"https:\/\/webdelmaestrocmf.com\/portal\/wp-json\/wp\/v2\/posts"}],"about":[{"href":"https:\/\/webdelmaestrocmf.com\/portal\/wp-json\/wp\/v2\/types\/post"}],"author":[{"embeddable":true,"href":"https:\/\/webdelmaestrocmf.com\/portal\/wp-json\/wp\/v2\/users\/1"}],"replies":[{"embeddable":true,"href":"https:\/\/webdelmaestrocmf.com\/portal\/wp-json\/wp\/v2\/comments?post=27618"}],"version-history":[{"count":0,"href":"https:\/\/webdelmaestrocmf.com\/portal\/wp-json\/wp\/v2\/posts\/27618\/revisions"}],"wp:featuredmedia":[{"embeddable":true,"href":"https:\/\/webdelmaestrocmf.com\/portal\/wp-json\/wp\/v2\/media\/27623"}],"wp:attachment":[{"href":"https:\/\/webdelmaestrocmf.com\/portal\/wp-json\/wp\/v2\/media?parent=27618"}],"wp:term":[{"taxonomy":"category","embeddable":true,"href":"https:\/\/webdelmaestrocmf.com\/portal\/wp-json\/wp\/v2\/categories?post=27618"},{"taxonomy":"post_tag","embeddable":true,"href":"https:\/\/webdelmaestrocmf.com\/portal\/wp-json\/wp\/v2\/tags?post=27618"}],"curies":[{"name":"wp","href":"https:\/\/api.w.org\/{rel}","templated":true}]}}