{"id":27566,"date":"2024-03-03T10:00:13","date_gmt":"2024-03-03T13:00:13","guid":{"rendered":"http:\/\/webdelmaestrocmf.com\/portal\/?p=27566"},"modified":"2024-12-19T13:24:19","modified_gmt":"2024-12-19T16:24:19","slug":"neurociencia-y-educacion-12-principios-que-todo-educador-deberia-conocer","status":"publish","type":"post","link":"https:\/\/webdelmaestrocmf.com\/portal\/neurociencia-y-educacion-12-principios-que-todo-educador-deberia-conocer\/","title":{"rendered":"Neuroeducaci\u00f3n: Principios que todo educador deber\u00eda conocer"},"content":{"rendered":"<p style=\"text-align: justify;\"><strong>Emp\u00edricamente se sabe que ninguna innovaci\u00f3n en los m\u00e9todos de ense\u00f1anza tendr\u00e1 \u00e9xito si no se entiende la forma en que aprenden los estudiantes y el propio docente. No obstante, a pesar de los avances en curr\u00edculo educativo \u2026se desconoce fehacientemente c\u00f3mo aprenden los alumnos.<\/strong><\/p>\n<p><!--more--><\/p>\n<p style=\"text-align: justify;\">Como humanos, las emociones son reacciones inconscientes que la naturaleza ha ideado para garantizar la supervivencia, y que -por nuestro propio beneficio-, hemos de aprender a controlar (no reprimir). La neurociencia ha demostrado que las emociones mantienen la curiosidad, nos sirven para comunicarnos y son imprescindibles en los procesos de razonamiento y toma de decisiones, es decir, los procesos emocionales y los cognitivos son inseparables. Las emociones positivas facilitan la memoria y el aprendizaje, a la inversa, en el estr\u00e9s cr\u00f3nico la am\u00edgdala (una de las regiones cerebrales clave del sistema l\u00edmbico o \u201ccerebro emocional\u201d) dificulta el paso de informaci\u00f3n del hipocampo a la corteza prefrontal, sede de las funciones ejecutivas.<\/p>\n<p style=\"text-align: justify;\">La educaci\u00f3n es un fen\u00f3meno complejo, con m\u00faltiples aristas, abordado en su investigaci\u00f3n por diversas ciencias, y en cada una de ellas desde diferentes perspectivas epistemol\u00f3gicas y metodol\u00f3gicas: es una transdisciplina inacabada que siempre se enriquece con m\u00e1s y m\u00e1s aportes, e implica un proceso mental hol\u00edstico y complejo. Para su estudio, las ciencias de la educaci\u00f3n han tomado enfoques seg\u00fan sea su referente: tecnolog\u00eda, grado de conocimientos y\/o desarrollo de las numerosas variables incidentes. En este sentido -aunque muy recientes-, son prometedores los aportes de la neuropsicolog\u00eda o estudio del sistema nervioso desde un enfoque multidisciplinar, que intenta explicar la base funcional, la estructura ps\u00edquica y la sistematizaci\u00f3n sociocognitiva en todos sus aspectos -normales y patol\u00f3gicos-, abarcando los periodos evolutivos.<\/p>\n<p><img loading=\"lazy\" decoding=\"async\" class=\"alignnone size-full wp-image-43586\" src=\"https:\/\/webdelmaestrocmf.com\/portal\/wp-content\/uploads\/2018\/05\/1-146.jpg\" alt=\"\" width=\"1100\" height=\"680\" srcset=\"https:\/\/webdelmaestrocmf.com\/portal\/wp-content\/uploads\/2018\/05\/1-146.jpg 1100w, https:\/\/webdelmaestrocmf.com\/portal\/wp-content\/uploads\/2018\/05\/1-146-300x185.jpg 300w, https:\/\/webdelmaestrocmf.com\/portal\/wp-content\/uploads\/2018\/05\/1-146-1024x633.jpg 1024w, https:\/\/webdelmaestrocmf.com\/portal\/wp-content\/uploads\/2018\/05\/1-146-768x475.jpg 768w, https:\/\/webdelmaestrocmf.com\/portal\/wp-content\/uploads\/2018\/05\/1-146-110x68.jpg 110w, https:\/\/webdelmaestrocmf.com\/portal\/wp-content\/uploads\/2018\/05\/1-146-200x124.jpg 200w, https:\/\/webdelmaestrocmf.com\/portal\/wp-content\/uploads\/2018\/05\/1-146-380x235.jpg 380w, https:\/\/webdelmaestrocmf.com\/portal\/wp-content\/uploads\/2018\/05\/1-146-255x158.jpg 255w, https:\/\/webdelmaestrocmf.com\/portal\/wp-content\/uploads\/2018\/05\/1-146-550x340.jpg 550w, https:\/\/webdelmaestrocmf.com\/portal\/wp-content\/uploads\/2018\/05\/1-146-800x495.jpg 800w\" sizes=\"auto, (max-width: 1100px) 100vw, 1100px\" \/><\/p>\n<p style=\"text-align: center;\"><em>Para ver la presentaci\u00f3n en Prezi, haga click en este enlace: <a href=\"https:\/\/prezi.com\/r5y_oshnjv1m\/14-principios-pedagogicos\/\" target=\"_blank\" rel=\"noopener noreferrer\">14 Principios Pedag\u00f3gicos<\/a><\/em><\/p>\n<p style=\"text-align: justify;\">Las evidencias neurobiol\u00f3gicas sugieren que el aprendizaje, la atenci\u00f3n, la memoria, etc., est\u00e1n profundamente influidos por el proceso de la emoci\u00f3n, que com\u00fanmente se conoce como el pensamiento emocional. Existe una relaci\u00f3n muy estrecha entre los principios de neurociencia y educaci\u00f3n (neuroeducaci\u00f3n), por lo tanto, si entendemos la educaci\u00f3n como un proceso de aprendizaje para la vida, la educaci\u00f3n emocional resulta imprescindible porque contribuye al bienestar personal y social.<strong> (<a href=\"http:\/\/www.oei.es\/historico\/divulgacioncientifica\/?principios-de-neurociencia\" target=\"_blank\" rel=\"noopener noreferrer\">PRINCIPIOS DE NEUROCIENCIA: HERRAMIENTAS PARA OPTIMIZAR EL APRENDIZAJE<\/a>).<\/strong><\/p>\n<p>A continuaci\u00f3n compartimos el art\u00edculo del portal<strong> Elige Educar (Chile),<\/strong> escrito por <strong>Camila Londo\u00f1o<\/strong> y que nosotros lo compartimos con fines educativos para la comunidad docente.<\/p>\n<h2 class=\"entry-title fusion-post-title\">Neurociencia y educaci\u00f3n: 12 principios que todo educador deber\u00eda conocer<\/h2>\n<p style=\"text-align: justify;\">Para garantizar aprendizajes verdaderamente significativos, es indispensable entender qu\u00e9 sucede en el cerebro de una persona cuando est\u00e1 aprendiendo. Por ello, aqu\u00ed te contamos 12 principios que todo educador debe conocer.<\/p>\n<p style=\"text-align: justify;\">En su libro, Neurociencias y educaci\u00f3n: Gu\u00eda pr\u00e1ctica para padres y docentes, Marcela Garrido D\u00edaz intenta\u00a0<strong>responder la necesidad que tienen los padres y los educadores de entender c\u00f3mo funciona el cerebro.<\/strong>\u00a0En cuatro cap\u00edtulos, la autora habla de los componentes del cerebro, de los procesos de maduraci\u00f3n, del desarrollo arm\u00f3nico del cerebro y de algunos factores que inciden en dicho desarrollo. Adem\u00e1s, Garrido expone ejemplos para relevar la neurociencia como un elemento indispensable de la educaci\u00f3n y explica, en t\u00e9rminos simple, qu\u00e9 es el aprendizaje y c\u00f3mo ocurre \u00e9ste.<\/p>\n<p style=\"text-align: justify;\">Lo primero que explica la autora es que\u00a0<strong>el aprendizaje es un procesos en el cual se adquieren y se modifican algunos conocimientos,<\/strong>\u00a0valores, conductas, destrezas, habilidades y comportamientos, como resultado de una instrucci\u00f3n formal o informal, del estudio, la experiencia, el razonamiento y la formaci\u00f3n. Aunque no se sabe mucho de la neurofisiolog\u00eda del aprendizaje, menciona Garrido, s\u00ed existen algunos datos claves que permiten entender c\u00f3mo y cu\u00e1ndo sucede. Por ejemplo, se sabe que el cerebro est\u00e1 disponible para el aprendizaje en las primeras etapas de vida, momento en el cual, las neuronas se multiplican a gran velocidad. Se sabe que el aprendizaje est\u00e1 relacionado con la modificaci\u00f3n de conexiones sin\u00e1pticas. Sobre esto hay otros principios acerca del aprendizaje del cerebro que la autora explica en 12 puntos esenciales:<\/p>\n<h3 style=\"padding-left: 40px; text-align: left;\"><strong>1. El cerebro es un complejo sistema adaptativo<\/strong><\/h3>\n<p style=\"text-align: justify; padding-left: 40px;\">Una de las caracter\u00edsticas m\u00e1s poderosas del cerebro es la capacidad que tiene de adaptarse y funcionar en muchos niveles y de forma simult\u00e1nea. De forma continua e interactiva, en el cerebro operan cosas como pensamientos, emociones, imaginaci\u00f3n, predisposiciones y fisiolog\u00eda.<\/p>\n<h3 style=\"padding-left: 40px;\"><strong>2. El cerebro es social<\/strong><\/h3>\n<p style=\"text-align: justify; padding-left: 40px;\">En los primeros a\u00f1os de vida, el cerebro est\u00e1 en su estado m\u00e1s flexible y receptivo. \u00c9ste se configura a medida que interactuamos con el entorno y las personas. Esto quiere decir que el aprendizaje que ocurre en el cerebro est\u00e1 profundamente influido por la naturaleza de las relaciones sociales.<\/p>\n<h3 style=\"padding-left: 40px; text-align: left;\"><strong>3. La b\u00fasqueda de significado es innata<\/strong><\/h3>\n<p style=\"text-align: justify; padding-left: 40px;\">Buscar significado es encontrar sentido a nuestras experiencias. Esta b\u00fasqueda se orienta en la supervivencia y es algo b\u00e1sico para el cerebro. Adem\u00e1s est\u00e1 dirigida por nuestras metas y valores, y se ordena desde la necesidad de alimentarnos y encontrar seguridad, hasta la exploraci\u00f3n de nuestro potencial.<\/p>\n<h3 style=\"padding-left: 40px; text-align: left;\"><strong>4. La b\u00fasqueda de significado ocurre a trav\u00e9s de \u201cpautas\u201d<\/strong><\/h3>\n<p style=\"text-align: justify; padding-left: 40px;\">Las pautas son mapas esquem\u00e1ticos y tambi\u00e9n categor\u00edas innatas y adquiridas. El cerebro necesita y registra autom\u00e1ticamente lo familiar, y al mismo tiempo, busca y responde a nuevos est\u00edmulos. \u00c9ste intenta discernir y entender pautas a medida que ocurren y le da forma a nuevas pautas que son \u00fanicas y propias. Adem\u00e1s, se resiste a que le impongan cosas sin significado, es decir, cosas aisladas que no importan para quien est\u00e1 aprendiendo. Esto quiere decir que, en una educaci\u00f3n efectiva, se debe dar la oportunidad a los alumnos de que sus cerebros formulen sus propias pautas de entendimiento.<\/p>\n<h3 style=\"padding-left: 40px; text-align: left;\"><strong>5. Las emociones son cr\u00edticas para la elaboraci\u00f3n de pautas<\/strong><\/h3>\n<p style=\"text-align: justify; padding-left: 40px;\">Lo que aprendemos es influido y organizado por las emociones y otros elemento mentales que implican expectativas, prejuicios, autoestima e interacci\u00f3n social. Estas emociones se moldean unos a otros y no se separan y por esto, un clima emocional apropiado, es fundamental para el aprendizaje.<\/p>\n<h3 style=\"padding-left: 40px; text-align: left;\"><strong>6. El cerebro percibe simult\u00e1neamente<\/strong><\/h3>\n<p style=\"text-align: justify; padding-left: 40px;\">En una persona sana, los dos hemisferios cerebral interact\u00faan en cada actividad. Garrido explica que es importante reconocer esto para introducir proyectos o ideas que sean \u201cglobales\u201d desde el comienzo. Es decir que permitan que ambos hemisferios sigan interactuando.<\/p>\n<h3 style=\"padding-left: 40px; text-align: left;\"><strong>7. El aprendizaje implica dos tipos de atenci\u00f3n<\/strong><\/h3>\n<p style=\"text-align: justify; padding-left: 40px;\">Las dos atenciones son: la localizada y la perif\u00e9rica. Esto quiere decir que el cerebro absorbe informaci\u00f3n de lo que es consciente y de lo que est\u00e1 m\u00e1s all\u00e1 de su foco de atenci\u00f3n inmediato. Es, por lo tanto, fundamental que se preste atenci\u00f3n a todos los factores de un entorno educativo.<\/p>\n<h3 style=\"padding-left: 40px; text-align: left;\"><strong>8. El aprendizaje implica procesos conscientes e inconscientes<\/strong><\/h3>\n<p style=\"text-align: justify; padding-left: 40px;\">Gran parte del aprendizaje ocurre de una manera inconsciente. Esto significa que la comprensi\u00f3n de muchas cosas puede darse horas, semanas o meses m\u00e1s tarde despu\u00e9s de una clase. Es clave entonces, que los educadores faciliten ese procesamiento inconsciente que llega despu\u00e9s, convirti\u00e9ndolo en algo visible.<\/p>\n<h3 style=\"padding-left: 40px; text-align: left;\"><strong>9. Tenemos al menos, dos formas de organizar la memoria<\/strong><\/h3>\n<p style=\"text-align: justify; padding-left: 40px;\">La primera forma es un conjunto de sistemas que permiten recordar informaci\u00f3n relativamente no relacionada \u2013motivada por un premio y un castigo\u2013, y la segunda es una memoria espacial\/autobiogr\u00e1fica que no necesita ensayo y error y permite el recuerdo de experiencias. El aprendizaje significativo ocurre a trav\u00e9s de la combinaci\u00f3n de ambos enfoques de memoria.<\/p>\n<h3 style=\"padding-left: 40px; text-align: left;\"><strong>10. El aprendizaje es un proceso de desarrollo<\/strong><\/h3>\n<p style=\"text-align: justify; padding-left: 40px;\">El cerebro es \u201cpl\u00e1stico\u201d, esto quiere decir que es moldeado por la experiencia de la persona. Hay secuencias de desarrollo predeterminadas en un ni\u00f1o, incluida la ventana de oportunidades que asientan la estructura b\u00e1sica necesaria para el aprendizaje posterior. Al ser un proceso, el ser humano siempre es capaz de aprender m\u00e1s pues las neuronas contin\u00faan haciendo y reforzando conexiones neuronales a lo largo de toda la vida.<\/p>\n<h3 style=\"padding-left: 40px; text-align: left;\"><strong>11. El aprendizaje complejo se incrementa por el desaf\u00edo y se inhibe por la amenaza<\/strong><\/h3>\n<p style=\"text-align: justify; padding-left: 40px;\">El cerebro aprende de manera \u00f3ptima cuando es desafiado en un entorno que estimula el asumir riesgos. Sin embargo, ante una amenaza, se limita, se hace menos flexible. Por eso se debe crear un ambiente relajado con bajas amenazas y altos desaf\u00edos.<\/p>\n<h3 style=\"padding-left: 40px; text-align: left;\"><strong>12. Cada cerebro est\u00e1 organizado de manera \u00fanica<\/strong><\/h3>\n<p style=\"text-align: justify; padding-left: 40px;\">Todos tenemos el mismo sistema cerebral, sin embargo todos tenemos diferencias que son consecuencia de una herencia gen\u00e9tica o muchas veces del entorno. Esas diferencias se expresan en t\u00e9rminos de estilos de aprendizaje, talentos e inteligencias.<\/p>\n<p style=\"text-align: justify;\">Estos 12 puntos evidencian que la mente humana no s\u00f3lo es un m\u00fasculo, sino un \u00f3rgano que registra y aprovecha todo lo que experimenta y descubre. Teniendo en cuenta esto, padres y educadores pueden aprovechar dicha informaci\u00f3n para impulsar experiencias de aprendizaje significativo que tienen un gran impacto a nivel cerebral con el fin de potenciar el aprendizaje de todos y cada uno de ellos.<\/p>\n<h2 style=\"text-align: left;\" data-pm-slice=\"1 1 []\"><strong>La Neuroeducaci\u00f3n: Lo que dicen los neurocient\u00edficos sobre el aprendizaje en el aula<\/strong><\/h2>\n<p style=\"text-align: justify;\">La neuroeducaci\u00f3n, una disciplina que une los avances de la neurociencia con la pedagog\u00eda, ofrece nuevas perspectivas para transformar la educaci\u00f3n y mejorar el aprendizaje de los estudiantes. Esta aproximaci\u00f3n permite entender c\u00f3mo funciona el cerebro en el proceso de adquirir conocimientos, promoviendo pr\u00e1cticas m\u00e1s efectivas en las aulas. A continuaci\u00f3n, exploramos cinco principios clave respaldados por destacados neurocient\u00edficos.<\/p>\n<h3 style=\"padding-left: 40px; text-align: left;\"><strong>Neurociencia y aprendizaje activo<\/strong><\/h3>\n<p style=\"padding-left: 40px; text-align: justify;\">Seg\u00fan Judy Willis, neur\u00f3loga y educadora, las actividades pr\u00e1cticas y colaborativas son fundamentales para activar redes neuronales. Este enfoque no solo incrementa el nivel de compromiso de los estudiantes, sino que tambi\u00e9n favorece una retenci\u00f3n m\u00e1s duradera de los aprendizajes. Incorporar experiencias activas en el aula permite que los alumnos se conecten mejor con los contenidos y desarrollen habilidades de aplicaci\u00f3n en la vida real.<\/p>\n<h3 style=\"padding-left: 40px; text-align: justify;\">Importancia de las emociones<\/h3>\n<p style=\"padding-left: 40px; text-align: justify;\">Mary Helen Immordino-Yang destaca que las emociones desempe\u00f1an un papel esencial en la consolidaci\u00f3n de aprendizajes significativos. El cerebro conecta m\u00e1s profundamente con la informaci\u00f3n cuando esta tiene un valor personal para el estudiante. Por lo tanto, los docentes pueden dise\u00f1ar estrategias que conecten emocionalmente a los estudiantes con los contenidos, favoreciendo una comprensi\u00f3n m\u00e1s significativa y duradera.<\/p>\n<h3 style=\"padding-left: 40px; text-align: justify;\">Ritmos de atenci\u00f3n y descanso<\/h3>\n<p style=\"padding-left: 40px; text-align: justify;\">John Medina, autor de <em>Brain Rules<\/em>, explica que el cerebro humano solo puede mantener una atenci\u00f3n plena durante intervalos de 15 a 20 minutos. Las pausas activas son esenciales para renovar el enfoque y prevenir la fatiga mental. Incorporar descansos breves durante las sesiones de aprendizaje ayuda a los estudiantes a procesar la informaci\u00f3n y mantenerse concentrados.<\/p>\n<h3 style=\"padding-left: 40px; text-align: justify;\">Espacios flexibles y acogedores<\/h3>\n<p style=\"padding-left: 40px; text-align: justify;\">Eric Jensen, experto en neuroeducaci\u00f3n, subraya la importancia de los entornos c\u00f3modos y bien iluminados en el aprendizaje. Ambientes agradables no solo reducen el estr\u00e9s de los estudiantes, sino que tambi\u00e9n potencian su capacidad para absorber conocimientos. Adaptar los espacios escolares para que sean m\u00e1s acogedores puede marcar una gran diferencia en la experiencia educativa.<\/p>\n<h3 style=\"padding-left: 40px; text-align: justify;\">Repetici\u00f3n con prop\u00f3sito<\/h3>\n<p style=\"padding-left: 40px; text-align: justify;\">Stanislas Dehaene, neurocient\u00edfico experto en aprendizaje, resalta que la repetici\u00f3n espaciada es clave para reforzar la memoria a largo plazo. Explica que el cerebro necesita intervalos de descanso para consolidar los conocimientos adquiridos. Este principio puede ser aplicado mediante revisiones peri\u00f3dicas de los contenidos, permitiendo a los estudiantes construir una base s\u00f3lida de conocimientos.<\/p>\n<p style=\"text-align: justify;\">Integrar los principios de la neuroeducaci\u00f3n en las aulas no solo transforma c\u00f3mo ense\u00f1amos, sino tambi\u00e9n c\u00f3mo los estudiantes aprenden. Desde actividades colaborativas hasta la creaci\u00f3n de espacios acogedores, cada una de estas estrategias contribuye a un aprendizaje m\u00e1s efectivo y significativo, preparando a los estudiantes para enfrentar los desaf\u00edos del futuro.<\/p>\n<p><iframe loading=\"lazy\" src=\"https:\/\/drive.google.com\/file\/d\/14qaqIObLUu_uBNSqtAD24OCgXtWGwTGe\/preview\" width=\"100%\" height=\"480\"><\/iframe><\/p>\n<p><iframe loading=\"lazy\" src=\"https:\/\/drive.google.com\/file\/d\/1N_wHcCEOz1nbDBBZPFCOshGJtl6msfgE\/preview\" width=\"100%\" height=\"480\"><\/iframe><\/p>\n<p><strong>Este contenido ha sido publicado originalmente por\u00a0Elige Educar en la siguiente direcci\u00f3n:\u00a0<a href=\"http:\/\/www.eligeeducar.cl\/\" target=\"_blank\" rel=\"noopener noreferrer\">eligeeducar.cl<\/a><\/strong><\/p>\n<p style=\"text-align: center;\">ENLACE DE LECTURA:<a href=\"https:\/\/drive.google.com\/drive\/folders\/1ZL3nFOfsT8A1Fy_b0ZWA4x_qlhh8SrrF?usp=sharing\" target=\"_blank\" rel=\"noopener\"> MANUAL PARA DOCENTES SOBRE NEUROEDUCACI\u00d3N<\/a><\/p>\n\t\t<div class=\"pk-inline-posts\">\n\t\t\t\n\t\t\t<div class=\"pk-inline-posts-container pk-inline-posts-template-list\"\n\t\t\t\tdata-columns=\"1\">\n\t\t\t\t\t\t<article id=\"post-74079\" class=\"post-74079 post type-post status-publish format-standard has-post-thumbnail category-neurociencia category-pedagogia tag-clave tag-educativo tag-modelo tag-neuroeducacion tag-nuevo cs-entry cs-video-wrap\">\n\t\t\t<div class=\"pk-post-outer\">\n\n\t\t\t\t\t\t\t\t<div class=\"pk-post-inner\">\n\t\t\t\t\t<div class=\"entry-thumbnail\">\n\t\t\t\t\t\t<div class=\"pk-overlay pk-overlay-ratio pk-ratio-landscape\">\n\t\t\t\t\t\t\t<div class=\"pk-overlay-background\">\n\t\t\t\t\t\t\t\t<a href=\"https:\/\/webdelmaestrocmf.com\/portal\/es-la-neuroeducacion-la-clave-de-un-nuevo-modelo-educativo\/\" class=\"pk-overlay-link\">\n\t\t\t\t\t\t\t\t\t<img loading=\"lazy\" decoding=\"async\" width=\"300\" height=\"225\" src=\"https:\/\/webdelmaestrocmf.com\/portal\/wp-content\/uploads\/2022\/02\/1AA-Banner-1-portada-imagen-10-1-copia-1-300x225.webp\" class=\"attachment-pk-thumbnail size-pk-thumbnail wp-post-image\" alt=\"\" \/>\t\t\t\t\t\t\t\t<\/a>\n\t\t\t\t\t\t\t<\/div>\n\t\t\t\t\t\t<\/div>\n\t\t\t\t\t<\/div>\n\t\t\t\t<\/div>\n\t\t\t\t\n\t\t\t\t<div class=\"pk-post-inner\">\n\t\t\t\t\t<header>\n\t\t\t\t\t\t<h3 class=\"pk-title\"><a href=\"https:\/\/webdelmaestrocmf.com\/portal\/es-la-neuroeducacion-la-clave-de-un-nuevo-modelo-educativo\/\" rel=\"bookmark\">\u00bfEs la neuroeducaci\u00f3n la clave de un nuevo modelo educativo?<\/a><\/h3>\t\t\t\t\t<\/header><!-- .entry-header -->\n\t\t\t\t<\/div><!-- .post-inner -->\n\n\t\t\t<\/div><!-- .post-outer -->\n\t\t<\/article>\n\t\t\t<article id=\"post-22146\" class=\"post-22146 post type-post status-publish format-standard has-post-thumbnail category-neurociencia category-pedagogia tag-descarga tag-manual tag-neuroeducacion tag-pdf tag-practica tag-teoria cs-entry cs-video-wrap\">\n\t\t\t<div class=\"pk-post-outer\">\n\n\t\t\t\t\t\t\t\t<div class=\"pk-post-inner\">\n\t\t\t\t\t<div class=\"entry-thumbnail\">\n\t\t\t\t\t\t<div class=\"pk-overlay pk-overlay-ratio pk-ratio-landscape\">\n\t\t\t\t\t\t\t<div class=\"pk-overlay-background\">\n\t\t\t\t\t\t\t\t<a href=\"https:\/\/webdelmaestrocmf.com\/portal\/neuroeducacion-en-el-aula-de-la-teoria-a-la-practica\/\" class=\"pk-overlay-link\">\n\t\t\t\t\t\t\t\t\t<img loading=\"lazy\" decoding=\"async\" width=\"300\" height=\"225\" src=\"https:\/\/webdelmaestrocmf.com\/portal\/wp-content\/uploads\/2026\/03\/1AA-Banner-1-portada-imagen-10-1-copia-8-4-300x225.webp\" class=\"attachment-pk-thumbnail size-pk-thumbnail wp-post-image\" alt=\"\" \/>\t\t\t\t\t\t\t\t<\/a>\n\t\t\t\t\t\t\t<\/div>\n\t\t\t\t\t\t<\/div>\n\t\t\t\t\t<\/div>\n\t\t\t\t<\/div>\n\t\t\t\t\n\t\t\t\t<div class=\"pk-post-inner\">\n\t\t\t\t\t<header>\n\t\t\t\t\t\t<h3 class=\"pk-title\"><a href=\"https:\/\/webdelmaestrocmf.com\/portal\/neuroeducacion-en-el-aula-de-la-teoria-a-la-practica\/\" rel=\"bookmark\">Neuroeducaci\u00f3n en el aula: de la teor\u00eda a la pr\u00e1ctica. Actividades para estimulaci\u00f3n cognitiva con fichas | Libro PDF gratis<\/a><\/h3>\t\t\t\t\t<\/header><!-- .entry-header -->\n\t\t\t\t<\/div><!-- .post-inner -->\n\n\t\t\t<\/div><!-- .post-outer -->\n\t\t<\/article>\n\t\t\t<article id=\"post-115241\" class=\"post-115241 post type-post status-publish format-standard has-post-thumbnail category-neurociencia category-pedagogia tag-aprendizaje tag-atencion-2 tag-aula tag-autorregulacion tag-didactica-2 tag-neurociencia tag-neuroeducacion tag-practica-docente tag-redes-cerebrales cs-entry cs-video-wrap\">\n\t\t\t<div class=\"pk-post-outer\">\n\n\t\t\t\t\t\t\t\t<div class=\"pk-post-inner\">\n\t\t\t\t\t<div class=\"entry-thumbnail\">\n\t\t\t\t\t\t<div class=\"pk-overlay pk-overlay-ratio pk-ratio-landscape\">\n\t\t\t\t\t\t\t<div class=\"pk-overlay-background\">\n\t\t\t\t\t\t\t\t<a href=\"https:\/\/webdelmaestrocmf.com\/portal\/que-estamos-pidiendo-realmente-cuando-pedimos-atencion-en-el-aula\/\" class=\"pk-overlay-link\">\n\t\t\t\t\t\t\t\t\t<img loading=\"lazy\" decoding=\"async\" width=\"300\" height=\"225\" src=\"https:\/\/webdelmaestrocmf.com\/portal\/wp-content\/uploads\/2026\/02\/1A-Banner-1-portada-imagen-10-1-copia-300x225.jpg\" class=\"attachment-pk-thumbnail size-pk-thumbnail wp-post-image\" alt=\"\" \/>\t\t\t\t\t\t\t\t<\/a>\n\t\t\t\t\t\t\t<\/div>\n\t\t\t\t\t\t<\/div>\n\t\t\t\t\t<\/div>\n\t\t\t\t<\/div>\n\t\t\t\t\n\t\t\t\t<div class=\"pk-post-inner\">\n\t\t\t\t\t<header>\n\t\t\t\t\t\t<h3 class=\"pk-title\"><a href=\"https:\/\/webdelmaestrocmf.com\/portal\/que-estamos-pidiendo-realmente-cuando-pedimos-atencion-en-el-aula\/\" rel=\"bookmark\">\u00bfQu\u00e9 estamos pidiendo realmente cuando pedimos atenci\u00f3n en el aula?<\/a><\/h3>\t\t\t\t\t<\/header><!-- .entry-header -->\n\t\t\t\t<\/div><!-- .post-inner -->\n\n\t\t\t<\/div><!-- .post-outer -->\n\t\t<\/article>\n\t\t\t\t<\/div>\n\t\t<\/div>\n\t\t\n","protected":false},"excerpt":{"rendered":"Emp\u00edricamente se sabe que ninguna innovaci\u00f3n en los m\u00e9todos de ense\u00f1anza tendr\u00e1 \u00e9xito si no se entiende la&hellip;","protected":false},"author":1,"featured_media":104499,"comment_status":"open","ping_status":"closed","sticky":false,"template":"","format":"standard","meta":{"csco_display_header_overlay":false,"csco_singular_sidebar":"default","csco_page_header_type":"default","csco_page_load_nextpost":"default","csco_post_video_location":[],"csco_post_video_location_hash":"","csco_post_video_url":"","csco_post_video_bg_start_time":0,"csco_post_video_bg_end_time":0,"csco_post_video_bg_volume":false,"_jetpack_memberships_contains_paid_content":false,"footnotes":""},"categories":[1249,735],"tags":[55,1578,360,2534],"class_list":{"0":"post-27566","1":"post","2":"type-post","3":"status-publish","4":"format-standard","5":"has-post-thumbnail","7":"category-neurociencia","8":"category-pedagogia","9":"tag-educacion","10":"tag-educador","11":"tag-neurociencia","12":"tag-principios","13":"cs-entry","14":"cs-video-wrap"},"yoast_head":"<!-- This site is optimized with the Yoast SEO plugin v27.4 - https:\/\/yoast.com\/product\/yoast-seo-wordpress\/ -->\n<title>Principios de la neuroeducaci\u00f3n<\/title>\n<meta name=\"description\" content=\"Emp\u00edricamente se sabe que ninguna innovaci\u00f3n en los m\u00e9todos de ense\u00f1anza tendr\u00e1 \u00e9xito si no se entiende la forma en que...\" \/>\n<meta name=\"robots\" content=\"index, follow, max-snippet:-1, max-image-preview:large, max-video-preview:-1\" \/>\n<link rel=\"canonical\" href=\"https:\/\/webdelmaestrocmf.com\/portal\/neurociencia-y-educacion-12-principios-que-todo-educador-deberia-conocer\/\" \/>\n<meta property=\"og:locale\" content=\"es_ES\" \/>\n<meta property=\"og:type\" content=\"article\" \/>\n<meta property=\"og:title\" content=\"Principios de la neuroeducaci\u00f3n\" \/>\n<meta property=\"og:description\" content=\"Emp\u00edricamente se sabe que ninguna innovaci\u00f3n en los m\u00e9todos de ense\u00f1anza tendr\u00e1 \u00e9xito si no se entiende la forma en que...\" \/>\n<meta property=\"og:url\" content=\"https:\/\/webdelmaestrocmf.com\/portal\/neurociencia-y-educacion-12-principios-que-todo-educador-deberia-conocer\/\" \/>\n<meta property=\"og:site_name\" content=\"Web del Maestro CMF\" \/>\n<meta property=\"article:publisher\" content=\"https:\/\/www.facebook.com\/WebdelMaestroCMF\/\" \/>\n<meta property=\"article:author\" content=\"https:\/\/www.facebook.com\/WebdelMaestroCMF\/\" \/>\n<meta property=\"article:published_time\" content=\"2024-03-03T13:00:13+00:00\" \/>\n<meta property=\"article:modified_time\" content=\"2024-12-19T16:24:19+00:00\" \/>\n<meta property=\"og:image\" content=\"https:\/\/webdelmaestrocmf.com\/portal\/wp-content\/uploads\/2020\/01\/Banner-1-portada-imagen-10-1-8.jpg\" \/>\n\t<meta property=\"og:image:width\" content=\"1024\" \/>\n\t<meta property=\"og:image:height\" content=\"1024\" \/>\n\t<meta property=\"og:image:type\" content=\"image\/jpeg\" \/>\n<meta name=\"author\" content=\"Web del Maestro CMF\" \/>\n<meta name=\"twitter:card\" content=\"summary_large_image\" \/>\n<meta name=\"twitter:creator\" content=\"@cmf_w\" \/>\n<meta name=\"twitter:site\" content=\"@cmf_w\" \/>\n<meta name=\"twitter:label1\" content=\"Escrito por\" \/>\n\t<meta name=\"twitter:data1\" content=\"Web del Maestro CMF\" \/>\n\t<meta name=\"twitter:label2\" content=\"Tiempo de lectura\" \/>\n\t<meta name=\"twitter:data2\" content=\"10 minutos\" \/>\n<script type=\"application\/ld+json\" class=\"yoast-schema-graph\">{\"@context\":\"https:\\\/\\\/schema.org\",\"@graph\":[{\"@type\":\"ScholarlyArticle\",\"@id\":\"https:\\\/\\\/webdelmaestrocmf.com\\\/portal\\\/neurociencia-y-educacion-12-principios-que-todo-educador-deberia-conocer\\\/#article\",\"isPartOf\":{\"@id\":\"https:\\\/\\\/webdelmaestrocmf.com\\\/portal\\\/neurociencia-y-educacion-12-principios-que-todo-educador-deberia-conocer\\\/\"},\"author\":{\"name\":\"Web del Maestro CMF\",\"@id\":\"https:\\\/\\\/webdelmaestrocmf.com\\\/portal\\\/#\\\/schema\\\/person\\\/1072a2ed7bd960df8ef99a551fa35dc5\"},\"headline\":\"Neuroeducaci\u00f3n: Principios que todo educador deber\u00eda conocer\",\"datePublished\":\"2024-03-03T13:00:13+00:00\",\"dateModified\":\"2024-12-19T16:24:19+00:00\",\"mainEntityOfPage\":{\"@id\":\"https:\\\/\\\/webdelmaestrocmf.com\\\/portal\\\/neurociencia-y-educacion-12-principios-que-todo-educador-deberia-conocer\\\/\"},\"wordCount\":2057,\"commentCount\":1,\"publisher\":{\"@id\":\"https:\\\/\\\/webdelmaestrocmf.com\\\/portal\\\/#organization\"},\"image\":{\"@id\":\"https:\\\/\\\/webdelmaestrocmf.com\\\/portal\\\/neurociencia-y-educacion-12-principios-que-todo-educador-deberia-conocer\\\/#primaryimage\"},\"thumbnailUrl\":\"https:\\\/\\\/webdelmaestrocmf.com\\\/portal\\\/wp-content\\\/uploads\\\/2020\\\/01\\\/Banner-1-portada-imagen-10-1-8.jpg\",\"keywords\":[\"EDUCACI\u00d3N\",\"EDUCADOR\",\"neurociencia\",\"PRINCIPIOS\"],\"articleSection\":[\"Neurociencia\",\"Recursos\"],\"inLanguage\":\"es\",\"potentialAction\":[{\"@type\":\"CommentAction\",\"name\":\"Comment\",\"target\":[\"https:\\\/\\\/webdelmaestrocmf.com\\\/portal\\\/neurociencia-y-educacion-12-principios-que-todo-educador-deberia-conocer\\\/#respond\"]}]},{\"@type\":\"WebPage\",\"@id\":\"https:\\\/\\\/webdelmaestrocmf.com\\\/portal\\\/neurociencia-y-educacion-12-principios-que-todo-educador-deberia-conocer\\\/\",\"url\":\"https:\\\/\\\/webdelmaestrocmf.com\\\/portal\\\/neurociencia-y-educacion-12-principios-que-todo-educador-deberia-conocer\\\/\",\"name\":\"Principios de la neuroeducaci\u00f3n\",\"isPartOf\":{\"@id\":\"https:\\\/\\\/webdelmaestrocmf.com\\\/portal\\\/#website\"},\"primaryImageOfPage\":{\"@id\":\"https:\\\/\\\/webdelmaestrocmf.com\\\/portal\\\/neurociencia-y-educacion-12-principios-que-todo-educador-deberia-conocer\\\/#primaryimage\"},\"image\":{\"@id\":\"https:\\\/\\\/webdelmaestrocmf.com\\\/portal\\\/neurociencia-y-educacion-12-principios-que-todo-educador-deberia-conocer\\\/#primaryimage\"},\"thumbnailUrl\":\"https:\\\/\\\/webdelmaestrocmf.com\\\/portal\\\/wp-content\\\/uploads\\\/2020\\\/01\\\/Banner-1-portada-imagen-10-1-8.jpg\",\"datePublished\":\"2024-03-03T13:00:13+00:00\",\"dateModified\":\"2024-12-19T16:24:19+00:00\",\"description\":\"Emp\u00edricamente se sabe que ninguna innovaci\u00f3n en los m\u00e9todos de ense\u00f1anza tendr\u00e1 \u00e9xito si no se entiende la forma en que...\",\"breadcrumb\":{\"@id\":\"https:\\\/\\\/webdelmaestrocmf.com\\\/portal\\\/neurociencia-y-educacion-12-principios-que-todo-educador-deberia-conocer\\\/#breadcrumb\"},\"inLanguage\":\"es\",\"potentialAction\":[{\"@type\":\"ReadAction\",\"target\":[\"https:\\\/\\\/webdelmaestrocmf.com\\\/portal\\\/neurociencia-y-educacion-12-principios-que-todo-educador-deberia-conocer\\\/\"]}]},{\"@type\":\"ImageObject\",\"inLanguage\":\"es\",\"@id\":\"https:\\\/\\\/webdelmaestrocmf.com\\\/portal\\\/neurociencia-y-educacion-12-principios-que-todo-educador-deberia-conocer\\\/#primaryimage\",\"url\":\"https:\\\/\\\/webdelmaestrocmf.com\\\/portal\\\/wp-content\\\/uploads\\\/2020\\\/01\\\/Banner-1-portada-imagen-10-1-8.jpg\",\"contentUrl\":\"https:\\\/\\\/webdelmaestrocmf.com\\\/portal\\\/wp-content\\\/uploads\\\/2020\\\/01\\\/Banner-1-portada-imagen-10-1-8.jpg\",\"width\":1024,\"height\":1024},{\"@type\":\"BreadcrumbList\",\"@id\":\"https:\\\/\\\/webdelmaestrocmf.com\\\/portal\\\/neurociencia-y-educacion-12-principios-que-todo-educador-deberia-conocer\\\/#breadcrumb\",\"itemListElement\":[{\"@type\":\"ListItem\",\"position\":1,\"name\":\"Portada\",\"item\":\"https:\\\/\\\/webdelmaestrocmf.com\\\/portal\\\/\"},{\"@type\":\"ListItem\",\"position\":2,\"name\":\"Recursos\",\"item\":\"https:\\\/\\\/webdelmaestrocmf.com\\\/portal\\\/category\\\/pedagogia\\\/\"},{\"@type\":\"ListItem\",\"position\":3,\"name\":\"Neuroeducaci\u00f3n: Principios que todo educador deber\u00eda conocer\"}]},{\"@type\":\"WebSite\",\"@id\":\"https:\\\/\\\/webdelmaestrocmf.com\\\/portal\\\/#website\",\"url\":\"https:\\\/\\\/webdelmaestrocmf.com\\\/portal\\\/\",\"name\":\"Web del Maestro CMF\",\"description\":\"Maestros al servicio de la educaci\u00f3n\",\"publisher\":{\"@id\":\"https:\\\/\\\/webdelmaestrocmf.com\\\/portal\\\/#organization\"},\"alternateName\":\"WMCMF\",\"potentialAction\":[{\"@type\":\"SearchAction\",\"target\":{\"@type\":\"EntryPoint\",\"urlTemplate\":\"https:\\\/\\\/webdelmaestrocmf.com\\\/portal\\\/?s={search_term_string}\"},\"query-input\":{\"@type\":\"PropertyValueSpecification\",\"valueRequired\":true,\"valueName\":\"search_term_string\"}}],\"inLanguage\":\"es\"},{\"@type\":\"Organization\",\"@id\":\"https:\\\/\\\/webdelmaestrocmf.com\\\/portal\\\/#organization\",\"name\":\"Web del Maestro CMF\",\"alternateName\":\"WMCMF\",\"url\":\"https:\\\/\\\/webdelmaestrocmf.com\\\/portal\\\/\",\"logo\":{\"@type\":\"ImageObject\",\"inLanguage\":\"es\",\"@id\":\"https:\\\/\\\/webdelmaestrocmf.com\\\/portal\\\/#\\\/schema\\\/logo\\\/image\\\/\",\"url\":\"https:\\\/\\\/webdelmaestrocmf.com\\\/portal\\\/wp-content\\\/uploads\\\/2023\\\/01\\\/logo-wmcmf-2.png\",\"contentUrl\":\"https:\\\/\\\/webdelmaestrocmf.com\\\/portal\\\/wp-content\\\/uploads\\\/2023\\\/01\\\/logo-wmcmf-2.png\",\"width\":200,\"height\":60,\"caption\":\"Web del Maestro CMF\"},\"image\":{\"@id\":\"https:\\\/\\\/webdelmaestrocmf.com\\\/portal\\\/#\\\/schema\\\/logo\\\/image\\\/\"},\"sameAs\":[\"https:\\\/\\\/www.facebook.com\\\/WebdelMaestroCMF\\\/\",\"https:\\\/\\\/x.com\\\/cmf_w\",\"https:\\\/\\\/www.pinterest.com\\\/WMCMF\\\/\",\"https:\\\/\\\/www.linkedin.com\\\/company\\\/web-del-maestro-cmf\\\/\",\"https:\\\/\\\/www.instagram.com\\\/wmcmf\\\/\",\"https:\\\/\\\/www.youtube.com\\\/channel\\\/UCDPSvjbdodE5sHnC3OxutHw\",\"https:\\\/\\\/mastodon.social\\\/@wmcmf\",\"https:\\\/\\\/www.tiktok.com\\\/@webdelmaestrocmf\"]},{\"@type\":\"Person\",\"@id\":\"https:\\\/\\\/webdelmaestrocmf.com\\\/portal\\\/#\\\/schema\\\/person\\\/1072a2ed7bd960df8ef99a551fa35dc5\",\"name\":\"Web del Maestro CMF\",\"image\":{\"@type\":\"ImageObject\",\"inLanguage\":\"es\",\"@id\":\"https:\\\/\\\/secure.gravatar.com\\\/avatar\\\/23291dd5b5ae1077dcff3dbb04c3e02bd28403fa75af6d8787d5e97c5bbbe30b?s=96&d=mm&r=g\",\"url\":\"https:\\\/\\\/secure.gravatar.com\\\/avatar\\\/23291dd5b5ae1077dcff3dbb04c3e02bd28403fa75af6d8787d5e97c5bbbe30b?s=96&d=mm&r=g\",\"contentUrl\":\"https:\\\/\\\/secure.gravatar.com\\\/avatar\\\/23291dd5b5ae1077dcff3dbb04c3e02bd28403fa75af6d8787d5e97c5bbbe30b?s=96&d=mm&r=g\",\"caption\":\"Web del Maestro CMF\"},\"description\":\"Esta Web se cre\u00f3 sin fines de lucro, con fines educativos, cient\u00edficos y acad\u00e9micos, para personas que tengan dificultades y\\\/o inconvenientes en visualizar el material original. El objetivo es entregar recursos, compartir experiencias y materiales que ayuden a los padres de familia, maestros y estudiantes en su actualizaci\u00f3n y formaci\u00f3n permanente, en bien de la Educaci\u00f3n.\",\"sameAs\":[\"http:\\\/\\\/webdelmaestrocmf.com\\\/portal\",\"https:\\\/\\\/www.facebook.com\\\/WebdelMaestroCMF\\\/\",\"https:\\\/\\\/www.instagram.com\\\/wmcmf\\\/\",\"https:\\\/\\\/cl.linkedin.com\\\/company\\\/web-del-maestro-cmf\",\"https:\\\/\\\/www.pinterest.com\\\/WMCMF\\\/publicaciones\\\/\",\"https:\\\/\\\/x.com\\\/cmf_w\",\"https:\\\/\\\/www.youtube.com\\\/@WMCMF\"]}]}<\/script>\n<!-- \/ Yoast SEO plugin. -->","yoast_head_json":{"title":"Principios de la neuroeducaci\u00f3n","description":"Emp\u00edricamente se sabe que ninguna innovaci\u00f3n en los m\u00e9todos de ense\u00f1anza tendr\u00e1 \u00e9xito si no se entiende la forma en que...","robots":{"index":"index","follow":"follow","max-snippet":"max-snippet:-1","max-image-preview":"max-image-preview:large","max-video-preview":"max-video-preview:-1"},"canonical":"https:\/\/webdelmaestrocmf.com\/portal\/neurociencia-y-educacion-12-principios-que-todo-educador-deberia-conocer\/","og_locale":"es_ES","og_type":"article","og_title":"Principios de la neuroeducaci\u00f3n","og_description":"Emp\u00edricamente se sabe que ninguna innovaci\u00f3n en los m\u00e9todos de ense\u00f1anza tendr\u00e1 \u00e9xito si no se entiende la forma en que...","og_url":"https:\/\/webdelmaestrocmf.com\/portal\/neurociencia-y-educacion-12-principios-que-todo-educador-deberia-conocer\/","og_site_name":"Web del Maestro CMF","article_publisher":"https:\/\/www.facebook.com\/WebdelMaestroCMF\/","article_author":"https:\/\/www.facebook.com\/WebdelMaestroCMF\/","article_published_time":"2024-03-03T13:00:13+00:00","article_modified_time":"2024-12-19T16:24:19+00:00","og_image":[{"width":1024,"height":1024,"url":"https:\/\/webdelmaestrocmf.com\/portal\/wp-content\/uploads\/2020\/01\/Banner-1-portada-imagen-10-1-8.jpg","type":"image\/jpeg"}],"author":"Web del Maestro CMF","twitter_card":"summary_large_image","twitter_creator":"@cmf_w","twitter_site":"@cmf_w","twitter_misc":{"Escrito por":"Web del Maestro CMF","Tiempo de lectura":"10 minutos"},"schema":{"@context":"https:\/\/schema.org","@graph":[{"@type":"ScholarlyArticle","@id":"https:\/\/webdelmaestrocmf.com\/portal\/neurociencia-y-educacion-12-principios-que-todo-educador-deberia-conocer\/#article","isPartOf":{"@id":"https:\/\/webdelmaestrocmf.com\/portal\/neurociencia-y-educacion-12-principios-que-todo-educador-deberia-conocer\/"},"author":{"name":"Web del Maestro CMF","@id":"https:\/\/webdelmaestrocmf.com\/portal\/#\/schema\/person\/1072a2ed7bd960df8ef99a551fa35dc5"},"headline":"Neuroeducaci\u00f3n: Principios que todo educador deber\u00eda conocer","datePublished":"2024-03-03T13:00:13+00:00","dateModified":"2024-12-19T16:24:19+00:00","mainEntityOfPage":{"@id":"https:\/\/webdelmaestrocmf.com\/portal\/neurociencia-y-educacion-12-principios-que-todo-educador-deberia-conocer\/"},"wordCount":2057,"commentCount":1,"publisher":{"@id":"https:\/\/webdelmaestrocmf.com\/portal\/#organization"},"image":{"@id":"https:\/\/webdelmaestrocmf.com\/portal\/neurociencia-y-educacion-12-principios-que-todo-educador-deberia-conocer\/#primaryimage"},"thumbnailUrl":"https:\/\/webdelmaestrocmf.com\/portal\/wp-content\/uploads\/2020\/01\/Banner-1-portada-imagen-10-1-8.jpg","keywords":["EDUCACI\u00d3N","EDUCADOR","neurociencia","PRINCIPIOS"],"articleSection":["Neurociencia","Recursos"],"inLanguage":"es","potentialAction":[{"@type":"CommentAction","name":"Comment","target":["https:\/\/webdelmaestrocmf.com\/portal\/neurociencia-y-educacion-12-principios-que-todo-educador-deberia-conocer\/#respond"]}]},{"@type":"WebPage","@id":"https:\/\/webdelmaestrocmf.com\/portal\/neurociencia-y-educacion-12-principios-que-todo-educador-deberia-conocer\/","url":"https:\/\/webdelmaestrocmf.com\/portal\/neurociencia-y-educacion-12-principios-que-todo-educador-deberia-conocer\/","name":"Principios de la neuroeducaci\u00f3n","isPartOf":{"@id":"https:\/\/webdelmaestrocmf.com\/portal\/#website"},"primaryImageOfPage":{"@id":"https:\/\/webdelmaestrocmf.com\/portal\/neurociencia-y-educacion-12-principios-que-todo-educador-deberia-conocer\/#primaryimage"},"image":{"@id":"https:\/\/webdelmaestrocmf.com\/portal\/neurociencia-y-educacion-12-principios-que-todo-educador-deberia-conocer\/#primaryimage"},"thumbnailUrl":"https:\/\/webdelmaestrocmf.com\/portal\/wp-content\/uploads\/2020\/01\/Banner-1-portada-imagen-10-1-8.jpg","datePublished":"2024-03-03T13:00:13+00:00","dateModified":"2024-12-19T16:24:19+00:00","description":"Emp\u00edricamente se sabe que ninguna innovaci\u00f3n en los m\u00e9todos de ense\u00f1anza tendr\u00e1 \u00e9xito si no se entiende la forma en que...","breadcrumb":{"@id":"https:\/\/webdelmaestrocmf.com\/portal\/neurociencia-y-educacion-12-principios-que-todo-educador-deberia-conocer\/#breadcrumb"},"inLanguage":"es","potentialAction":[{"@type":"ReadAction","target":["https:\/\/webdelmaestrocmf.com\/portal\/neurociencia-y-educacion-12-principios-que-todo-educador-deberia-conocer\/"]}]},{"@type":"ImageObject","inLanguage":"es","@id":"https:\/\/webdelmaestrocmf.com\/portal\/neurociencia-y-educacion-12-principios-que-todo-educador-deberia-conocer\/#primaryimage","url":"https:\/\/webdelmaestrocmf.com\/portal\/wp-content\/uploads\/2020\/01\/Banner-1-portada-imagen-10-1-8.jpg","contentUrl":"https:\/\/webdelmaestrocmf.com\/portal\/wp-content\/uploads\/2020\/01\/Banner-1-portada-imagen-10-1-8.jpg","width":1024,"height":1024},{"@type":"BreadcrumbList","@id":"https:\/\/webdelmaestrocmf.com\/portal\/neurociencia-y-educacion-12-principios-que-todo-educador-deberia-conocer\/#breadcrumb","itemListElement":[{"@type":"ListItem","position":1,"name":"Portada","item":"https:\/\/webdelmaestrocmf.com\/portal\/"},{"@type":"ListItem","position":2,"name":"Recursos","item":"https:\/\/webdelmaestrocmf.com\/portal\/category\/pedagogia\/"},{"@type":"ListItem","position":3,"name":"Neuroeducaci\u00f3n: Principios que todo educador deber\u00eda conocer"}]},{"@type":"WebSite","@id":"https:\/\/webdelmaestrocmf.com\/portal\/#website","url":"https:\/\/webdelmaestrocmf.com\/portal\/","name":"Web del Maestro CMF","description":"Maestros al servicio de la educaci\u00f3n","publisher":{"@id":"https:\/\/webdelmaestrocmf.com\/portal\/#organization"},"alternateName":"WMCMF","potentialAction":[{"@type":"SearchAction","target":{"@type":"EntryPoint","urlTemplate":"https:\/\/webdelmaestrocmf.com\/portal\/?s={search_term_string}"},"query-input":{"@type":"PropertyValueSpecification","valueRequired":true,"valueName":"search_term_string"}}],"inLanguage":"es"},{"@type":"Organization","@id":"https:\/\/webdelmaestrocmf.com\/portal\/#organization","name":"Web del Maestro CMF","alternateName":"WMCMF","url":"https:\/\/webdelmaestrocmf.com\/portal\/","logo":{"@type":"ImageObject","inLanguage":"es","@id":"https:\/\/webdelmaestrocmf.com\/portal\/#\/schema\/logo\/image\/","url":"https:\/\/webdelmaestrocmf.com\/portal\/wp-content\/uploads\/2023\/01\/logo-wmcmf-2.png","contentUrl":"https:\/\/webdelmaestrocmf.com\/portal\/wp-content\/uploads\/2023\/01\/logo-wmcmf-2.png","width":200,"height":60,"caption":"Web del Maestro CMF"},"image":{"@id":"https:\/\/webdelmaestrocmf.com\/portal\/#\/schema\/logo\/image\/"},"sameAs":["https:\/\/www.facebook.com\/WebdelMaestroCMF\/","https:\/\/x.com\/cmf_w","https:\/\/www.pinterest.com\/WMCMF\/","https:\/\/www.linkedin.com\/company\/web-del-maestro-cmf\/","https:\/\/www.instagram.com\/wmcmf\/","https:\/\/www.youtube.com\/channel\/UCDPSvjbdodE5sHnC3OxutHw","https:\/\/mastodon.social\/@wmcmf","https:\/\/www.tiktok.com\/@webdelmaestrocmf"]},{"@type":"Person","@id":"https:\/\/webdelmaestrocmf.com\/portal\/#\/schema\/person\/1072a2ed7bd960df8ef99a551fa35dc5","name":"Web del Maestro CMF","image":{"@type":"ImageObject","inLanguage":"es","@id":"https:\/\/secure.gravatar.com\/avatar\/23291dd5b5ae1077dcff3dbb04c3e02bd28403fa75af6d8787d5e97c5bbbe30b?s=96&d=mm&r=g","url":"https:\/\/secure.gravatar.com\/avatar\/23291dd5b5ae1077dcff3dbb04c3e02bd28403fa75af6d8787d5e97c5bbbe30b?s=96&d=mm&r=g","contentUrl":"https:\/\/secure.gravatar.com\/avatar\/23291dd5b5ae1077dcff3dbb04c3e02bd28403fa75af6d8787d5e97c5bbbe30b?s=96&d=mm&r=g","caption":"Web del Maestro CMF"},"description":"Esta Web se cre\u00f3 sin fines de lucro, con fines educativos, cient\u00edficos y acad\u00e9micos, para personas que tengan dificultades y\/o inconvenientes en visualizar el material original. El objetivo es entregar recursos, compartir experiencias y materiales que ayuden a los padres de familia, maestros y estudiantes en su actualizaci\u00f3n y formaci\u00f3n permanente, en bien de la Educaci\u00f3n.","sameAs":["http:\/\/webdelmaestrocmf.com\/portal","https:\/\/www.facebook.com\/WebdelMaestroCMF\/","https:\/\/www.instagram.com\/wmcmf\/","https:\/\/cl.linkedin.com\/company\/web-del-maestro-cmf","https:\/\/www.pinterest.com\/WMCMF\/publicaciones\/","https:\/\/x.com\/cmf_w","https:\/\/www.youtube.com\/@WMCMF"]}]}},"jetpack_featured_media_url":"https:\/\/webdelmaestrocmf.com\/portal\/wp-content\/uploads\/2020\/01\/Banner-1-portada-imagen-10-1-8.jpg","jetpack_sharing_enabled":true,"jetpack-related-posts":[{"id":21491,"url":"https:\/\/webdelmaestrocmf.com\/portal\/aprenden-los-ninos\/","url_meta":{"origin":27566,"position":0},"title":"C\u00f3mo aprenden los ni\u00f1os","author":"Web del Maestro CMF","date":"25 febrero, 2025","format":false,"excerpt":"Comprendiendo el proceso de aprendizaje en los ni\u00f1os, nos adentramos en un fen\u00f3meno intrigante que ha capturado la atenci\u00f3n de padres, educadores y cient\u00edficos a lo largo de la historia. La capacidad asombrosa de los ni\u00f1os para adquirir conocimientos y habilidades a un ritmo acelerado no solo es notable, sino\u2026","rel":"","context":"En \u00abNeurociencia\u00bb","block_context":{"text":"Neurociencia","link":"https:\/\/webdelmaestrocmf.com\/portal\/category\/pedagogia\/neurociencia\/"},"img":{"alt_text":"","src":"https:\/\/i0.wp.com\/webdelmaestrocmf.com\/portal\/wp-content\/uploads\/2021\/04\/Banner-1-portada-imagen-10-1-23.jpg?resize=350%2C200&ssl=1","width":350,"height":200,"srcset":"https:\/\/i0.wp.com\/webdelmaestrocmf.com\/portal\/wp-content\/uploads\/2021\/04\/Banner-1-portada-imagen-10-1-23.jpg?resize=350%2C200&ssl=1 1x, https:\/\/i0.wp.com\/webdelmaestrocmf.com\/portal\/wp-content\/uploads\/2021\/04\/Banner-1-portada-imagen-10-1-23.jpg?resize=525%2C300&ssl=1 1.5x, https:\/\/i0.wp.com\/webdelmaestrocmf.com\/portal\/wp-content\/uploads\/2021\/04\/Banner-1-portada-imagen-10-1-23.jpg?resize=700%2C400&ssl=1 2x"},"classes":[]},{"id":41767,"url":"https:\/\/webdelmaestrocmf.com\/portal\/la-programacion-de-aula-desde-los-principios-de-la-neurociencia\/","url_meta":{"origin":27566,"position":1},"title":"La Programaci\u00f3n de aula desde los principios de la Neurociencia","author":"Web del Maestro CMF","date":"11 noviembre, 2023","format":false,"excerpt":"La neurociencia educativa es una disciplina que estudia c\u00f3mo el cerebro aprende. Los avances en este campo nos han proporcionado una mejor comprensi\u00f3n de los procesos cognitivos que subyacen al aprendizaje. Esta comprensi\u00f3n puede ayudarnos a mejorar la programaci\u00f3n de aula para que sea m\u00e1s efectiva. En el presente art\u00edculo,\u2026","rel":"","context":"En \u00abNeurociencia\u00bb","block_context":{"text":"Neurociencia","link":"https:\/\/webdelmaestrocmf.com\/portal\/category\/pedagogia\/neurociencia\/"},"img":{"alt_text":"principios de la neurociencia","src":"https:\/\/i0.wp.com\/webdelmaestrocmf.com\/portal\/wp-content\/uploads\/2023\/11\/A12B3C4D-5-2.jpg?resize=350%2C200&ssl=1","width":350,"height":200,"srcset":"https:\/\/i0.wp.com\/webdelmaestrocmf.com\/portal\/wp-content\/uploads\/2023\/11\/A12B3C4D-5-2.jpg?resize=350%2C200&ssl=1 1x, https:\/\/i0.wp.com\/webdelmaestrocmf.com\/portal\/wp-content\/uploads\/2023\/11\/A12B3C4D-5-2.jpg?resize=525%2C300&ssl=1 1.5x, https:\/\/i0.wp.com\/webdelmaestrocmf.com\/portal\/wp-content\/uploads\/2023\/11\/A12B3C4D-5-2.jpg?resize=700%2C400&ssl=1 2x"},"classes":[]},{"id":112604,"url":"https:\/\/webdelmaestrocmf.com\/portal\/la-neurociencia-la-tecnologia-y-la-educacion\/","url_meta":{"origin":27566,"position":2},"title":"La neurociencia, la tecnolog\u00eda y la educaci\u00f3n","author":"Web del Maestro CMF","date":"15 octubre, 2025","format":false,"excerpt":"El funcionamiento del cerebro durante los procesos de aprendizaje es un campo fascinante que la neurociencia aplicada a la educaci\u00f3n estudia y que puede ser de utilidad para implementar estrategias y m\u00e9todos de ense\u00f1anza.","rel":"","context":"En \u00abNeurociencia\u00bb","block_context":{"text":"Neurociencia","link":"https:\/\/webdelmaestrocmf.com\/portal\/category\/pedagogia\/neurociencia\/"},"img":{"alt_text":"","src":"https:\/\/i0.wp.com\/webdelmaestrocmf.com\/portal\/wp-content\/uploads\/2025\/10\/1A-Banner-1-portada-imagen-10-1-copia-9.webp?resize=350%2C200&ssl=1","width":350,"height":200,"srcset":"https:\/\/i0.wp.com\/webdelmaestrocmf.com\/portal\/wp-content\/uploads\/2025\/10\/1A-Banner-1-portada-imagen-10-1-copia-9.webp?resize=350%2C200&ssl=1 1x, https:\/\/i0.wp.com\/webdelmaestrocmf.com\/portal\/wp-content\/uploads\/2025\/10\/1A-Banner-1-portada-imagen-10-1-copia-9.webp?resize=525%2C300&ssl=1 1.5x, https:\/\/i0.wp.com\/webdelmaestrocmf.com\/portal\/wp-content\/uploads\/2025\/10\/1A-Banner-1-portada-imagen-10-1-copia-9.webp?resize=700%2C400&ssl=1 2x"},"classes":[]},{"id":86556,"url":"https:\/\/webdelmaestrocmf.com\/portal\/neurociencia-y-neuroaprendizaje-nivelar-estados-emocionales-y-crear-un-aula-con-cerebro\/","url_meta":{"origin":27566,"position":3},"title":"Neurociencia y Neuroaprendizaje: Nivelar estados emocionales y crear un aula con cerebro","author":"Web del Maestro CMF","date":"2 abril, 2023","format":false,"excerpt":"Nivelar estados emocionales y crear un aula con cerebro es una danza constante entre las emociones y el aprendizaje. En este libro te encontrar\u00e1s con concepciones de las neurociencias y el neuroaprendizaje que te acercar\u00e1n a comprender de una manera m\u00e1s clara y sencilla por qu\u00e9, a veces, nuestros alumnos\u2026","rel":"","context":"En \u00abLibros\u00bb","block_context":{"text":"Libros","link":"https:\/\/webdelmaestrocmf.com\/portal\/category\/pedagogia\/libros\/"},"img":{"alt_text":"","src":"https:\/\/i0.wp.com\/webdelmaestrocmf.com\/portal\/wp-content\/uploads\/2023\/04\/A12B3C4D-67.jpg?resize=350%2C200&ssl=1","width":350,"height":200,"srcset":"https:\/\/i0.wp.com\/webdelmaestrocmf.com\/portal\/wp-content\/uploads\/2023\/04\/A12B3C4D-67.jpg?resize=350%2C200&ssl=1 1x, https:\/\/i0.wp.com\/webdelmaestrocmf.com\/portal\/wp-content\/uploads\/2023\/04\/A12B3C4D-67.jpg?resize=525%2C300&ssl=1 1.5x, https:\/\/i0.wp.com\/webdelmaestrocmf.com\/portal\/wp-content\/uploads\/2023\/04\/A12B3C4D-67.jpg?resize=700%2C400&ssl=1 2x"},"classes":[]},{"id":49791,"url":"https:\/\/webdelmaestrocmf.com\/portal\/seminario-de-neurociencias-y-educacion-comprender-los-procesos-de-aprendizaje-para-la-innovacion-pedagogica\/","url_meta":{"origin":27566,"position":4},"title":"Seminario de Neurociencias y Educaci\u00f3n: Comprender los procesos de aprendizaje, para la innovaci\u00f3n pedag\u00f3gica","author":"Web del Maestro CMF","date":"6 agosto, 2020","format":false,"excerpt":"Si te interesa conocer m\u00e1s sobre la relaci\u00f3n entre neurociencias y aprendizaje, participa en nuestro concurso y asiste a este evento formativo organizado por Fundaci\u00f3n Educacional Seminarium. El portal EducarChile est\u00e1 ofreciendo un curso de actualizaci\u00f3n \"Seminario de Neurociencias y Educaci\u00f3n: Comprender los procesos de aprendizaje, para la innovaci\u00f3n pedag\u00f3gica\".\u2026","rel":"","context":"En \u00abCursos\u00bb","block_context":{"text":"Cursos","link":"https:\/\/webdelmaestrocmf.com\/portal\/category\/cursos\/"},"img":{"alt_text":"","src":"https:\/\/i0.wp.com\/webdelmaestrocmf.com\/portal\/wp-content\/uploads\/2020\/08\/1-30.jpg?resize=350%2C200&ssl=1","width":350,"height":200,"srcset":"https:\/\/i0.wp.com\/webdelmaestrocmf.com\/portal\/wp-content\/uploads\/2020\/08\/1-30.jpg?resize=350%2C200&ssl=1 1x, https:\/\/i0.wp.com\/webdelmaestrocmf.com\/portal\/wp-content\/uploads\/2020\/08\/1-30.jpg?resize=525%2C300&ssl=1 1.5x, https:\/\/i0.wp.com\/webdelmaestrocmf.com\/portal\/wp-content\/uploads\/2020\/08\/1-30.jpg?resize=700%2C400&ssl=1 2x, https:\/\/i0.wp.com\/webdelmaestrocmf.com\/portal\/wp-content\/uploads\/2020\/08\/1-30.jpg?resize=1050%2C600&ssl=1 3x"},"classes":[]},{"id":110580,"url":"https:\/\/webdelmaestrocmf.com\/portal\/francisco-mora-es-momento-de-replantear-las-clases-de-50-minutos\/","url_meta":{"origin":27566,"position":5},"title":"Francisco Mora: Es momento de replantear las clases de 50 minutos","author":"Web del Maestro CMF","date":"26 junio, 2025","format":false,"excerpt":"El doctor en Medicina apuesta por cambiar las metodolog\u00edas pero pide cautela ante la aplicaci\u00f3n de la neurociencia a la educaci\u00f3n. \u00bfY si el problema no es el alumno, sino la clase de 50 minutos?","rel":"","context":"En \u00abEntrevistas\u00bb","block_context":{"text":"Entrevistas","link":"https:\/\/webdelmaestrocmf.com\/portal\/category\/noticias\/entrevistas\/"},"img":{"alt_text":"","src":"https:\/\/i0.wp.com\/webdelmaestrocmf.com\/portal\/wp-content\/uploads\/2025\/06\/1A-Banner-1-portada-imagen-10-1-copia-1-1.webp?resize=350%2C200&ssl=1","width":350,"height":200,"srcset":"https:\/\/i0.wp.com\/webdelmaestrocmf.com\/portal\/wp-content\/uploads\/2025\/06\/1A-Banner-1-portada-imagen-10-1-copia-1-1.webp?resize=350%2C200&ssl=1 1x, https:\/\/i0.wp.com\/webdelmaestrocmf.com\/portal\/wp-content\/uploads\/2025\/06\/1A-Banner-1-portada-imagen-10-1-copia-1-1.webp?resize=525%2C300&ssl=1 1.5x, https:\/\/i0.wp.com\/webdelmaestrocmf.com\/portal\/wp-content\/uploads\/2025\/06\/1A-Banner-1-portada-imagen-10-1-copia-1-1.webp?resize=700%2C400&ssl=1 2x"},"classes":[]}],"_links":{"self":[{"href":"https:\/\/webdelmaestrocmf.com\/portal\/wp-json\/wp\/v2\/posts\/27566","targetHints":{"allow":["GET"]}}],"collection":[{"href":"https:\/\/webdelmaestrocmf.com\/portal\/wp-json\/wp\/v2\/posts"}],"about":[{"href":"https:\/\/webdelmaestrocmf.com\/portal\/wp-json\/wp\/v2\/types\/post"}],"author":[{"embeddable":true,"href":"https:\/\/webdelmaestrocmf.com\/portal\/wp-json\/wp\/v2\/users\/1"}],"replies":[{"embeddable":true,"href":"https:\/\/webdelmaestrocmf.com\/portal\/wp-json\/wp\/v2\/comments?post=27566"}],"version-history":[{"count":0,"href":"https:\/\/webdelmaestrocmf.com\/portal\/wp-json\/wp\/v2\/posts\/27566\/revisions"}],"wp:featuredmedia":[{"embeddable":true,"href":"https:\/\/webdelmaestrocmf.com\/portal\/wp-json\/wp\/v2\/media\/104499"}],"wp:attachment":[{"href":"https:\/\/webdelmaestrocmf.com\/portal\/wp-json\/wp\/v2\/media?parent=27566"}],"wp:term":[{"taxonomy":"category","embeddable":true,"href":"https:\/\/webdelmaestrocmf.com\/portal\/wp-json\/wp\/v2\/categories?post=27566"},{"taxonomy":"post_tag","embeddable":true,"href":"https:\/\/webdelmaestrocmf.com\/portal\/wp-json\/wp\/v2\/tags?post=27566"}],"curies":[{"name":"wp","href":"https:\/\/api.w.org\/{rel}","templated":true}]}}