{"id":27379,"date":"2023-11-13T00:46:47","date_gmt":"2023-11-13T03:46:47","guid":{"rendered":"http:\/\/webdelmaestrocmf.com\/portal\/?p=27379"},"modified":"2023-11-15T01:04:42","modified_gmt":"2023-11-15T04:04:42","slug":"los-padres-estamos-acostumbrados-a-dirigir-completamente-su-vida-sin-dejarles-ni-siquiera-reflexionar","status":"publish","type":"post","link":"https:\/\/webdelmaestrocmf.com\/portal\/los-padres-estamos-acostumbrados-a-dirigir-completamente-su-vida-sin-dejarles-ni-siquiera-reflexionar\/","title":{"rendered":"Patricia Ram\u00edrez: Tenemos que empezar por pensar que los padres no son perfectos"},"content":{"rendered":"<p style=\"text-align: justify;\"><strong>Patricia Ram\u00edrez Loeffler es Licenciada en Psicolog\u00eda, M\u00e1ster en psicolog\u00eda cl\u00ednica y de la salud y doctorado en el Departamento de personalidad, evaluaci\u00f3n y tratamiento psicol\u00f3gico de la Universidad de Granada. Naci\u00f3 en Zaragoza, Espa\u00f1a en 1971. Es codirectora del M\u00e1ster de psicolog\u00eda y coaching deportivo de la UCAM (Universidad Cat\u00f3lica de Murcia). Ha escrito libros Es autora de libros, en los que aborda temas como la adolescencia, la comunicaci\u00f3n entre padres e hijos o la convivencia en la familia, y entre los que destacan: \u201cCuenta Contigo\u201d, \u201cAutoay\u00fadate\u201d, \u201cEntr\u00e9nate para la vida\u201d y \u201cGesti\u00f3n y Control del Estr\u00e9s\u201d.<\/strong><\/p>\n<p><!--more--><\/p>\n<p style=\"text-align: justify;\">Colabora en diferentes medios de comunicaci\u00f3n. Si especial afecto a la docencia la ha llevado a ser una gran conferencista sobre temas de optimismo y actitud, personalidad autot\u00e9lica, cohesi\u00f3n y trabajo en equipo, valores del deporte de alto rendimiento aplicados a la empresa, saber competir en el deporte y en la vida, resiliencia, liderazgo, gesti\u00f3n del talento, entrenarse para la vida, etc.Psicolog\u00eda cl\u00ednica y de la salud. Tutora del pr\u00e1cticum de la Facultad de Psicolog\u00eda de la Universidad de Granada (Espa\u00f1a).<\/p>\n<p>Art\u00edculo relacionado: <a href=\"https:\/\/webdelmaestrocmf.com\/portal\/tips-para-lograr-que-su-hijo-ame-la-lectura-descarga-pdf\/\" target=\"_top\" rel=\"noopener\">Tips para lograr que su hijo ame y no odie la lectura<\/a><\/p>\n<p style=\"text-align: justify;\">La profesora Ram\u00edrez, se dirige a los padres de familia y les dice que sus hijos son fruto de lo sobre ellos se proyecta, de la <strong>educaci\u00f3n en valores<\/strong>, de lo que traen en su peque\u00f1a mochila, de lo que van interiorizando de sus iguales, <strong>sus maestros y otras fuentes de influencia<\/strong>. \u201cHay padres que educaron con ejemplaridad, y aun as\u00ed sali\u00f3 mal porque <strong>no todo es controlable<\/strong>. Pero si genera un ambiente de comunicaci\u00f3n, confianza y seguridad, aumenta la probabilidad de reducir conflictos\u201d. [\u2026] <strong>Inculque un h\u00e1bito de estudio<\/strong> desde primaria. Y convierta este h\u00e1bito en innegociable. Priorice en casa el deber por encima del placer. Eduque en valores, no hay recompensa sin esfuerzo. Si lo aprenden desde peque\u00f1os, ser\u00e1 m\u00e1s sencillo que lo sigan respetando y aceptando de adolescentes.<a href=\"https:\/\/elpais.com\/elpais\/2013\/11\/15\/eps\/1384536841_892415.html\" target=\"_blank\" rel=\"noopener\"><strong> TENGO UN HIJO ADOLESCENTE.<\/strong><\/a><\/p>\n<h3 style=\"text-align: left;\"><strong>C\u00d3MO MEJORAR LA COMUNICACI\u00d3N CON TUS HIJOS ADOLESCENTES (MOMENTO DESTACADO 5\u00b453\u201d)<\/strong><\/h3>\n<p><a href=\"https:\/\/www.youtube.com\/watch?v=q01tGOj1kqA\" target=\"_blank\" rel=\"noopener\" data-wplink-edit=\"true\"><img loading=\"lazy\" decoding=\"async\" class=\"alignnone size-large wp-image-100059\" src=\"https:\/\/webdelmaestrocmf.com\/portal\/wp-content\/uploads\/2022\/02\/Captura-de-Pantalla-2023-11-13-a-las-00.51.46-1-1024x606.webp\" alt=\"\" width=\"1024\" height=\"606\" srcset=\"https:\/\/webdelmaestrocmf.com\/portal\/wp-content\/uploads\/2022\/02\/Captura-de-Pantalla-2023-11-13-a-las-00.51.46-1-1024x606.webp 1024w, https:\/\/webdelmaestrocmf.com\/portal\/wp-content\/uploads\/2022\/02\/Captura-de-Pantalla-2023-11-13-a-las-00.51.46-1-300x178.webp 300w, https:\/\/webdelmaestrocmf.com\/portal\/wp-content\/uploads\/2022\/02\/Captura-de-Pantalla-2023-11-13-a-las-00.51.46-1-768x455.webp 768w, https:\/\/webdelmaestrocmf.com\/portal\/wp-content\/uploads\/2022\/02\/Captura-de-Pantalla-2023-11-13-a-las-00.51.46-1-380x225.webp 380w, https:\/\/webdelmaestrocmf.com\/portal\/wp-content\/uploads\/2022\/02\/Captura-de-Pantalla-2023-11-13-a-las-00.51.46-1-550x326.webp 550w, https:\/\/webdelmaestrocmf.com\/portal\/wp-content\/uploads\/2022\/02\/Captura-de-Pantalla-2023-11-13-a-las-00.51.46-1-800x474.webp 800w, https:\/\/webdelmaestrocmf.com\/portal\/wp-content\/uploads\/2022\/02\/Captura-de-Pantalla-2023-11-13-a-las-00.51.46-1-1160x687.webp 1160w, https:\/\/webdelmaestrocmf.com\/portal\/wp-content\/uploads\/2022\/02\/Captura-de-Pantalla-2023-11-13-a-las-00.51.46-1.webp 1344w\" sizes=\"auto, (max-width: 1024px) 100vw, 1024px\" \/><\/a><\/p>\n<p style=\"text-align: justify;\">Continuando con nuestra serie \u201cAPRENDAMOS JUNTOS, PARA SUMAR POR LA EDUCACI\u00d3N\u201d, compartimos, con fines \u00fanicamente educativos \u2013 pastorales, la publicaci\u00f3n del Proyecto Aprendemos Juntos de la BBVA y El Pa\u00eds (Espa\u00f1a). nos ofrece un material para padres de familia y para profesores sobre algunas \u201cclaves para resolver problemas de comunicaci\u00f3n entre padres e hijos y nos da consejos muy \u00fatiles para saber gestionar situaciones dif\u00edciles en la adolescencia\u201d. Resumimos algunas partes de la trascripci\u00f3n de las preguntas y respuestas, as\u00ed como dejamos anotado que los resaltados en negritas, es nuestro.<\/p>\n<h3 style=\"text-align: left;\"><strong>En los centros educativos, hay un abandono importante de la actividad f\u00edsica y deportiva de los adolescentes. Una parte profesional importante tuya ha pasado por deportes de \u00e9lite, como el Betis de f\u00fatbol, el Mallorca, \u00bfqu\u00e9 hacemos para motivarles?<\/strong><\/h3>\n<p style=\"text-align: justify;\">Patricia Ram\u00edrez: \u201cYo creo que no existen alumnos que est\u00e9n desmotivados, sino que <strong>hace falta buscar la manera de sacar esa motivaci\u00f3n<\/strong>, y para m\u00ed es importante que la gente joven se divierta con el deporte. [\u2026] Para m\u00ed <strong>es una asignatura tan importante como las Matem\u00e1ticas o como la Lengua,<\/strong> porque los datos cient\u00edficos del beneficio que provoca, no solamente en lo que es la educaci\u00f3n en valores variables, como la cooperaci\u00f3n, la comunicaci\u00f3n, la disciplina, adem\u00e1s de esos valores, tambi\u00e9n sabemos que <strong>fomenta la concentraci\u00f3n, la atenci\u00f3n, que ayuda a estudiar<\/strong>, que ayuda a que las personas se eduquen en la disciplina y el ser voluntarioso. [\u2026]\u201d.<\/p>\n<p><img loading=\"lazy\" decoding=\"async\" class=\"alignnone wp-image-100056\" src=\"https:\/\/webdelmaestrocmf.com\/portal\/wp-content\/uploads\/2022\/02\/1w.jpeg\" alt=\"\" width=\"856\" height=\"482\" srcset=\"https:\/\/webdelmaestrocmf.com\/portal\/wp-content\/uploads\/2022\/02\/1w.jpeg 620w, https:\/\/webdelmaestrocmf.com\/portal\/wp-content\/uploads\/2022\/02\/1w-300x169.jpeg 300w, https:\/\/webdelmaestrocmf.com\/portal\/wp-content\/uploads\/2022\/02\/1w-380x214.jpeg 380w, https:\/\/webdelmaestrocmf.com\/portal\/wp-content\/uploads\/2022\/02\/1w-550x310.jpeg 550w\" sizes=\"auto, (max-width: 856px) 100vw, 856px\" \/><\/p>\n<h3 style=\"text-align: left;\"><strong>\u00bfQu\u00e9 valores importantes, tres o cuatro, destacar\u00edas principalmente en la educaci\u00f3n?<\/strong><\/h3>\n<p style=\"text-align: justify;\">Patricia Ram\u00edrez: \u201cPara m\u00ed es important\u00edsimo <strong>educar en el esfuerzo<\/strong>. [\u2026] es fundamental, porque una persona para tener \u00e9xito en la vida va a tener que esforzarse, va a tener que esforzarse en el trabajo, va a tener que esforzarse en su relaci\u00f3n de pareja, en su convivencia, en todo. El esfuerzo es fundamental. [\u2026] Es important\u00edsimo <strong>educar en el respeto<\/strong>. El centro educativo y la casa tienen que ser un lugar en el que se aprenda a respetar. El respeto es un valor indispensable para la sana convivencia. <strong>La disciplina<\/strong>, el tener unos horarios, el tener un orden, el tener unas rutinas, sin disciplina la gente no consigue los objetivos, porque una persona disciplinada se entrena en autocontrol y fuerza de voluntad, que son important\u00edsimos para el \u00e9xito profesional. [\u2026] la capacidad de tener <strong>autocontrol y disciplina<\/strong> tiene un \u00e9xito mayor en la vida que la propia inteligencia. As\u00ed que <strong>educar en la disciplina<\/strong>, para m\u00ed, es un valor fundamental\u201d.<\/p>\n<h3 style=\"text-align: left;\"><strong>Como padre, creo que no debemos recurrir al castigo. \u00bfT\u00fa crees que son efectivos? \u00bfC\u00f3mo puedo hacer yo con mi hijo para solucionar este tipo de problemas?<\/strong><\/h3>\n<p style=\"text-align: justify;\">Patricia Ram\u00edrez: \u201c\u2026los padres tenemos que educarnos, reeducarnos. \u00bfEl castigo es efectivo? S\u00ed. El castigo es efectivo, no nos vamos a enga\u00f1ar. Pero, los da\u00f1os colaterales del castigo son tremendos. [\u2026] <strong>Existen otras t\u00e9cnicas de aprendizaje<\/strong> que son mucho m\u00e1s efectivas. <strong>El primero, el refuerzo<\/strong>. Significa estar pendiente de todo lo que el chaval hace bien para reforzarlo y para dec\u00edrselo, [\u2026] El refuerzo tiene que estar basado en valores\u2026 [&#8230;] El refuerzo es un buen sistema para cambiar, pero hay otros. Hay uno que se llama la <strong>sobrecorrecci\u00f3n<\/strong>, que consiste, simplemente, en pedir al ni\u00f1o que repita lo mismo que ha hecho mal, pero de una forma adecuada. [\u2026] <strong>El aprendizaje por observaci\u00f3n<\/strong> lo trae un ni\u00f1o desde peque\u00f1o, y, si no queda otra alguna vez, en lugar de usar la palabra \u201ccastigo\u201d, a m\u00ed me gusta m\u00e1s \u201cconsecuencia\u201d. [\u2026]\u201d.<\/p>\n<h3 style=\"text-align: left;\"><strong>Yo te quer\u00eda preguntar con respecto al control que tienen los padres, por ejemplo, cuando sales con los amigos, si te vas de fiesta por salir un rato, te controlan demasiado, te mandan Whatsapps, y si no los lees, te llaman y llegas a pasar verg\u00fcenza. \u00bfQu\u00e9 piensas con respecto a esto?<\/strong><\/h3>\n<p style=\"text-align: justify;\">\u201c\u2026 \u00bfQu\u00e9 recomendar\u00eda a los padres? Que simplemente dijesen a los hijos: <strong>\u201cSi va a haber un cambio de planes, si vas a llegar m\u00e1s tarde u ocurre cualquier cosa, por favor, av\u00edsame\u201d<\/strong>, y que el hijo o la hija cojan ese compromiso de avisar. Tambi\u00e9n hay que <strong>ense\u00f1ar a los padres a que aguanten<\/strong> un poquito la ansiedad que supone no tener control sobre la situaci\u00f3n. [\u2026]\u201d.<\/p>\n<h3 style=\"text-align: left;\"><strong>Hay padres, por ejemplo, que te piden que hagas cosas que luego ellos no hacen. Te dicen que no cojas el m\u00f3vil cuando luego ellos lo est\u00e1n cogiendo todo el rato o cuando te dicen que no grites y luego est\u00e1n ellos tambi\u00e9n gritando, dando voces. \u00bfQu\u00e9 piensas respecto a esto?<\/strong><\/h3>\n<p style=\"text-align: justify;\">\u201c\u2026Tenemos que empezar por pensar que <strong>los padres no son perfectos<\/strong>, no somos perfectos y cometemos un mont\u00f3n de errores. Lo ideal ser\u00eda que el padre que comete ese error tuviese <strong>la nobleza de poder reconocerlo<\/strong>. Yo creo que cuando el padre reconoce un error delante del hijo y le pide perd\u00f3n, tambi\u00e9n est\u00e1 elaborando un <strong>modelo de conducta basado en la imperfecci\u00f3n<\/strong>, porque somos imperfetos, y eso es lo que tenemos que transmitir a los hijos. [\u2026] \u2026 No estar\u00eda mal decir a los hijos: <strong>\u201cCuando veas que hago algo que est\u00e1 mal, d\u00edmelo, porque a veces es un h\u00e1bito y no me doy cuenta\u201d.<\/strong> [\u2026] Cuando un padre reconoce un error delante de un hijo, se est\u00e1 convirtiendo en una persona humana y est\u00e1 empatizando mucho m\u00e1s con \u00e9l\u201d.<\/p>\n<h3 style=\"text-align: left;\"><strong>\u2026 tenemos que trabajar la autonom\u00eda. Pero, \u00bfen qu\u00e9 momento hay que trabajar esa autonom\u00eda, desde muy peque\u00f1o? \u00bfEn qu\u00e9 momento crees que es adecuado?<\/strong><\/h3>\n<p style=\"text-align: justify;\">\u201c\u2026ense\u00f1arle a tener obligaciones y, <strong>seg\u00fan la edad y seg\u00fan lo que el ni\u00f1o te va pidiendo<\/strong>, \u2026 Seg\u00fan la edad y lo que el ni\u00f1o te va solicitando t\u00fa tienes que soltar. [\u2026] \u2026 hay que <strong>ir dando peque\u00f1as obligaciones<\/strong> para que todos colaboren en casa y cada uno se responsabilice de lo suyo.\u201d<\/p>\n<h3 style=\"text-align: left;\"><strong>\u2026 \u00bfc\u00f3mo podemos implicar a las familias para que favorezcan esos procesos de aprendizaje, especialmente el de la autonom\u00eda, el que dec\u00edas antes de la capacidad de esfuerzo? \u00bfQu\u00e9 hacemos con esas familias que les est\u00e1n sobreprotegiendo?<\/strong><\/h3>\n<p style=\"text-align: justify;\">\u201c\u2026 lo primero que hay que hacer es <strong>darles informaci\u00f3n<\/strong>, y hay que decirles que <strong>la sobreprotecci\u00f3n<\/strong> que hacen con todo el cari\u00f1o del mundo, pensando que t\u00fa est\u00e1s evitando que tu hijo pase por una serie de emociones, como es el miedo, la frustraci\u00f3n, la ansiedad, son important\u00edsimas. Uno tiene que aprender a vivir con esas emociones y lo que hace <strong>la sobreprotecci\u00f3n es evitar ese paso<\/strong>. [\u2026] Cuando t\u00fa les hablas un poco de las consecuencias desastrosas en el futuro, <strong>los padres abren los ojos<\/strong>. Pero tienen que tener esa informaci\u00f3n, porque ellos creen que ahora lo est\u00e1n haciendo bien. [\u2026]\u201d.<\/p>\n<h3 style=\"text-align: left;\"><strong>LA PSIC\u00d3LOGA PATRICIA RAM\u00cdREZ OFRECE CLAVES PARA EDUCAR CON SERENIDAD\u00a0 (VIDEO COMPLETO 20\u00b447\u201d)<\/strong><\/h3>\n<p><a href=\"https:\/\/www.youtube.com\/watch?v=qYx2-8MjtHk\" target=\"_blank\" rel=\"noopener\"><img loading=\"lazy\" decoding=\"async\" class=\"alignnone size-large wp-image-100060\" src=\"https:\/\/webdelmaestrocmf.com\/portal\/wp-content\/uploads\/2022\/02\/Captura-de-Pantalla-2023-11-13-a-las-00.54.02-1024x599.webp\" alt=\"\" width=\"1024\" height=\"599\" srcset=\"https:\/\/webdelmaestrocmf.com\/portal\/wp-content\/uploads\/2022\/02\/Captura-de-Pantalla-2023-11-13-a-las-00.54.02-1024x599.webp 1024w, https:\/\/webdelmaestrocmf.com\/portal\/wp-content\/uploads\/2022\/02\/Captura-de-Pantalla-2023-11-13-a-las-00.54.02-300x176.webp 300w, https:\/\/webdelmaestrocmf.com\/portal\/wp-content\/uploads\/2022\/02\/Captura-de-Pantalla-2023-11-13-a-las-00.54.02-768x449.webp 768w, https:\/\/webdelmaestrocmf.com\/portal\/wp-content\/uploads\/2022\/02\/Captura-de-Pantalla-2023-11-13-a-las-00.54.02-380x222.webp 380w, https:\/\/webdelmaestrocmf.com\/portal\/wp-content\/uploads\/2022\/02\/Captura-de-Pantalla-2023-11-13-a-las-00.54.02-550x322.webp 550w, https:\/\/webdelmaestrocmf.com\/portal\/wp-content\/uploads\/2022\/02\/Captura-de-Pantalla-2023-11-13-a-las-00.54.02-800x468.webp 800w, https:\/\/webdelmaestrocmf.com\/portal\/wp-content\/uploads\/2022\/02\/Captura-de-Pantalla-2023-11-13-a-las-00.54.02-1160x679.webp 1160w, https:\/\/webdelmaestrocmf.com\/portal\/wp-content\/uploads\/2022\/02\/Captura-de-Pantalla-2023-11-13-a-las-00.54.02.webp 1350w\" sizes=\"auto, (max-width: 1024px) 100vw, 1024px\" \/><\/a><\/p>\n<h5>\u2026 Yo quer\u00eda saber qu\u00e9 opinas con respecto a esto, a las aplicaciones y las redes sociales y todo esto.<\/h5>\n<h3 style=\"text-align: left;\"><strong>\u201c[\u2026] Lo primero es la educaci\u00f3n en valores en casa. [\u2026] \u2026 tenemos que hablar m\u00e1s y juzgar menos. [\u2026]\u201d<\/strong><\/h3>\n<h5>\u2026 \u00bfc\u00f3mo puedo yo mejorar esa comunicaci\u00f3n con mi hijo?<\/h5>\n<p style=\"text-align: justify;\">\u201c\u2026no les est\u00e1s preguntando sobre las cosas que les interesan de verdad, les <strong>est\u00e1s preguntando sobre las cosas que te interesan a ti<\/strong>. Entonces, es dif\u00edcil que haya esa comunicaci\u00f3n. <strong>Lo primero es saber qu\u00e9 interesa a nuestros hijos para hablar de esos temas<\/strong>, lo segundo es <strong>compartir.<\/strong> [\u2026] Los padres estamos acostumbrados a decir: \u201cTienes que hacer esto, esto y esto\u201d, y a dirigir completamente su vida sin dejarles, ni siquiera, reflexionar. Todo eso corta la comunicaci\u00f3n\u201d.<\/p>\n<p style=\"text-align: justify;\">La transcripci\u00f3n completa de este conversatorio lo puede Usted leer aqu\u00ed: <a href=\"http:\/\/aprendemosjuntos.elpais.com\/especial\/como-mejorar-la-comunicacion-con-tus-hijos-adolescentes-patricia-ramirez\/\" target=\"_blank\" rel=\"noopener\"><strong>C\u00d3MO MEJORAR LA COMUNICACI\u00d3N CON TUS HIJOS ADOLESCENTES<\/strong><\/a><\/p>\n<p style=\"text-align: justify;\">Esta publicaci\u00f3n corresponde a<a href=\"http:\/\/webdelmaestrocmf.com\/portal\/serie-de-videos-aprendamos-juntos-para-sumar-por-la-educacion\/\" target=\"_blank\" rel=\"noopener\"><strong> SERIE DE VIDEOS: APRENDAMOS JUNTOS, PARA SUMAR POR LA EDUCACI\u00d3N<\/strong><\/a><\/p>\n<p style=\"text-align: center;\">\u201cUno est\u00e1 a diario en contacto con otros, desde la pareja a los hijos, pasando por los compa\u00f1eros de trabajo, el personal que le atiende en una ventanilla o el taxista que le lleva a su destino. De ah\u00ed la importancia de tener alrededor a gente de trato f\u00e1cil y poder entrenarse para ser uno de ellos. Es dif\u00edcil tener una vida de la que se sienta orgulloso y feliz si no la disfruta. Y si las relaciones sociales son estresantes, su vida tambi\u00e9n estar\u00e1 llena de tensiones\u201d.<\/p>\n<p style=\"text-align: right;\"><strong>REDACCI\u00d3N WEB DEL MAESTRO CMF<\/strong><\/p>\n\t\t<div class=\"pk-inline-posts\">\n\t\t\t\n\t\t\t<div class=\"pk-inline-posts-container pk-inline-posts-template-list\"\n\t\t\t\tdata-columns=\"1\">\n\t\t\t\t\t\t<article id=\"post-95717\" class=\"post-95717 post type-post status-publish format-video has-post-thumbnail category-charlas tag-aprendamos-juntos tag-aprendemos-juntos-2030 tag-aprender tag-aprendizaje tag-bbva tag-calificacion-por-notas tag-cerebro tag-compresion tag-descanso tag-dislexia tag-dormir tag-entrevista tag-error tag-escritura tag-fonologia tag-lectura tag-lenguaje-oral tag-matematica tag-memoria tag-neurociencia tag-neurona tag-para-sumar-por-la-educacion tag-pensamiento tag-sinapsis tag-stanislas-dehaene tag-sueno tag-tecnologia tag-videos post_format-post-format-video cs-entry cs-video-wrap\">\n\t\t\t<div class=\"pk-post-outer\">\n\n\t\t\t\t\t\t\t\t<div class=\"pk-post-inner\">\n\t\t\t\t\t<div class=\"entry-thumbnail\">\n\t\t\t\t\t\t<div class=\"pk-overlay pk-overlay-ratio pk-ratio-landscape\">\n\t\t\t\t\t\t\t<div class=\"pk-overlay-background\">\n\t\t\t\t\t\t\t\t<a href=\"https:\/\/webdelmaestrocmf.com\/portal\/stanislas-dehaene-el-mayor-talento-de-un-profesor-es-ser-capaz-de-dirigir-la-atencion-del-alumno-hacia-el-nivel-correcto\/\" class=\"pk-overlay-link\">\n\t\t\t\t\t\t\t\t\t<img loading=\"lazy\" decoding=\"async\" width=\"300\" height=\"225\" src=\"https:\/\/webdelmaestrocmf.com\/portal\/wp-content\/uploads\/2024\/02\/1AA-Banner-1-portada-imagen-10-1-copia-300x225.webp\" class=\"attachment-pk-thumbnail size-pk-thumbnail wp-post-image\" alt=\"\" \/>\t\t\t\t\t\t\t\t<\/a>\n\t\t\t\t\t\t\t<\/div>\n\t\t\t\t\t\t<\/div>\n\t\t\t\t\t<\/div>\n\t\t\t\t<\/div>\n\t\t\t\t\n\t\t\t\t<div class=\"pk-post-inner\">\n\t\t\t\t\t<header>\n\t\t\t\t\t\t<h3 class=\"pk-title\"><a href=\"https:\/\/webdelmaestrocmf.com\/portal\/stanislas-dehaene-el-mayor-talento-de-un-profesor-es-ser-capaz-de-dirigir-la-atencion-del-alumno-hacia-el-nivel-correcto\/\" rel=\"bookmark\">Stanislas Dehaene: El mayor talento de un profesor es ser capaz de dirigir la atenci\u00f3n del alumno, hacia el nivel correcto<\/a><\/h3>\t\t\t\t\t<\/header><!-- .entry-header -->\n\t\t\t\t<\/div><!-- .post-inner -->\n\n\t\t\t<\/div><!-- .post-outer -->\n\t\t<\/article>\n\t\t\t<article id=\"post-98898\" class=\"post-98898 post type-post status-publish format-video has-post-thumbnail category-charlas tag-duermen-poco tag-estudiantes tag-estudiantes-que-duermen-poco tag-javier-albares tag-problemas-escolares post_format-post-format-video cs-entry cs-video-wrap\">\n\t\t\t<div class=\"pk-post-outer\">\n\n\t\t\t\t\t\t\t\t<div class=\"pk-post-inner\">\n\t\t\t\t\t<div class=\"entry-thumbnail\">\n\t\t\t\t\t\t<div class=\"pk-overlay pk-overlay-ratio pk-ratio-landscape\">\n\t\t\t\t\t\t\t<div class=\"pk-overlay-background\">\n\t\t\t\t\t\t\t\t<a href=\"https:\/\/webdelmaestrocmf.com\/portal\/javier-albares-los-estudiantes-que-duermen-poco-tienen-muchisimos-mas-problemas-escolares\/\" class=\"pk-overlay-link\">\n\t\t\t\t\t\t\t\t\t<img loading=\"lazy\" decoding=\"async\" width=\"300\" height=\"225\" src=\"https:\/\/webdelmaestrocmf.com\/portal\/wp-content\/uploads\/2023\/10\/A12B3C4D-4-2-300x225.jpg\" class=\"attachment-pk-thumbnail size-pk-thumbnail wp-post-image\" alt=\"Javier Albares\" \/>\t\t\t\t\t\t\t\t<\/a>\n\t\t\t\t\t\t\t<\/div>\n\t\t\t\t\t\t<\/div>\n\t\t\t\t\t<\/div>\n\t\t\t\t<\/div>\n\t\t\t\t\n\t\t\t\t<div class=\"pk-post-inner\">\n\t\t\t\t\t<header>\n\t\t\t\t\t\t<h3 class=\"pk-title\"><a href=\"https:\/\/webdelmaestrocmf.com\/portal\/javier-albares-los-estudiantes-que-duermen-poco-tienen-muchisimos-mas-problemas-escolares\/\" rel=\"bookmark\">Javier Albares: Los estudiantes que duermen poco, tienen much\u00edsimos m\u00e1s problemas escolares<\/a><\/h3>\t\t\t\t\t<\/header><!-- .entry-header -->\n\t\t\t\t<\/div><!-- .post-inner -->\n\n\t\t\t<\/div><!-- .post-outer -->\n\t\t<\/article>\n\t\t\t<article id=\"post-77345\" class=\"post-77345 post type-post status-publish format-video has-post-thumbnail category-charlas tag-amor tag-antonio-rios-sarrio tag-autoridad tag-hijo post_format-post-format-video cs-entry cs-video-wrap\">\n\t\t\t<div class=\"pk-post-outer\">\n\n\t\t\t\t\t\t\t\t<div class=\"pk-post-inner\">\n\t\t\t\t\t<div class=\"entry-thumbnail\">\n\t\t\t\t\t\t<div class=\"pk-overlay pk-overlay-ratio pk-ratio-landscape\">\n\t\t\t\t\t\t\t<div class=\"pk-overlay-background\">\n\t\t\t\t\t\t\t\t<a href=\"https:\/\/webdelmaestrocmf.com\/portal\/mucho-amor-eso-no-puede-faltar-nunca-en-la-vida-de-un-hijo-y-mucha-autoridad\/\" class=\"pk-overlay-link\">\n\t\t\t\t\t\t\t\t\t<img loading=\"lazy\" decoding=\"async\" width=\"300\" height=\"225\" src=\"https:\/\/webdelmaestrocmf.com\/portal\/wp-content\/uploads\/2025\/06\/1AA-Banner-1-portada-imagen-10-1-copia-5-300x225.webp\" class=\"attachment-pk-thumbnail size-pk-thumbnail wp-post-image\" alt=\"\" \/>\t\t\t\t\t\t\t\t<\/a>\n\t\t\t\t\t\t\t<\/div>\n\t\t\t\t\t\t<\/div>\n\t\t\t\t\t<\/div>\n\t\t\t\t<\/div>\n\t\t\t\t\n\t\t\t\t<div class=\"pk-post-inner\">\n\t\t\t\t\t<header>\n\t\t\t\t\t\t<h3 class=\"pk-title\"><a href=\"https:\/\/webdelmaestrocmf.com\/portal\/mucho-amor-eso-no-puede-faltar-nunca-en-la-vida-de-un-hijo-y-mucha-autoridad\/\" rel=\"bookmark\">Antonio R\u00edos: Mucho amor, eso no puede faltar nunca en la vida de un hijo, y mucha autoridad<\/a><\/h3>\t\t\t\t\t<\/header><!-- .entry-header -->\n\t\t\t\t<\/div><!-- .post-inner -->\n\n\t\t\t<\/div><!-- .post-outer -->\n\t\t<\/article>\n\t\t\t\t<\/div>\n\t\t<\/div>\n\t\t\n","protected":false},"excerpt":{"rendered":"Patricia Ram\u00edrez Loeffler es Licenciada en Psicolog\u00eda, M\u00e1ster en psicolog\u00eda cl\u00ednica y de la salud y doctorado en&hellip;","protected":false},"author":1,"featured_media":100055,"comment_status":"open","ping_status":"closed","sticky":false,"template":"","format":"video","meta":{"csco_display_header_overlay":false,"csco_singular_sidebar":"disabled","csco_page_header_type":"large","csco_page_load_nextpost":"default","csco_post_video_location":["large-header"],"csco_post_video_location_hash":"dtydeu5gd49loz8kaqd","csco_post_video_url":"https:\/\/www.youtube.com\/watch?v=q01tGOj1kqA","csco_post_video_bg_start_time":5,"csco_post_video_bg_end_time":300,"csco_post_video_bg_volume":false,"_jetpack_memberships_contains_paid_content":false,"footnotes":""},"categories":[3453],"tags":[14612,14148,4089,5616,311,184,14611,1015],"class_list":{"0":"post-27379","1":"post","2":"type-post","3":"status-publish","4":"format-video","5":"has-post-thumbnail","7":"category-charlas","8":"tag-acostumbrados","9":"tag-completamente","10":"tag-dirigir","11":"tag-estamos","12":"tag-hijos","13":"tag-padres","14":"tag-patricia-ramirez-loeffler","15":"tag-vida","16":"post_format-post-format-video","17":"cs-entry","18":"cs-video-wrap"},"yoast_head":"<!-- This site is optimized with the Yoast SEO plugin v27.5 - https:\/\/yoast.com\/product\/yoast-seo-wordpress\/ -->\n<title>Patricia Ram\u00edrez: Tenemos que empezar por pensar que los padres no son perfectos - 2026<\/title>\n<meta name=\"description\" content=\"Patricia Ram\u00edrez Loeffler es Licenciada en Psicolog\u00eda, M\u00e1ster en psicolog\u00eda cl\u00ednica y de la salud y doctorado en el Departamento de...\" \/>\n<meta name=\"robots\" content=\"index, follow, max-snippet:-1, max-image-preview:large, max-video-preview:-1\" \/>\n<link rel=\"canonical\" href=\"https:\/\/webdelmaestrocmf.com\/portal\/los-padres-estamos-acostumbrados-a-dirigir-completamente-su-vida-sin-dejarles-ni-siquiera-reflexionar\/\" \/>\n<meta property=\"og:locale\" content=\"es_ES\" \/>\n<meta property=\"og:type\" content=\"article\" \/>\n<meta property=\"og:title\" content=\"Patricia Ram\u00edrez: Tenemos que empezar por pensar que los padres no son perfectos - 2026\" \/>\n<meta property=\"og:description\" content=\"Patricia Ram\u00edrez Loeffler es Licenciada en Psicolog\u00eda, M\u00e1ster en psicolog\u00eda cl\u00ednica y de la salud y doctorado en el Departamento de...\" \/>\n<meta property=\"og:url\" content=\"https:\/\/webdelmaestrocmf.com\/portal\/los-padres-estamos-acostumbrados-a-dirigir-completamente-su-vida-sin-dejarles-ni-siquiera-reflexionar\/\" \/>\n<meta property=\"og:site_name\" content=\"Web del Maestro CMF\" \/>\n<meta property=\"article:publisher\" content=\"https:\/\/www.facebook.com\/WebdelMaestroCMF\/\" \/>\n<meta property=\"article:author\" content=\"https:\/\/www.facebook.com\/WebdelMaestroCMF\/\" \/>\n<meta property=\"article:published_time\" content=\"2023-11-13T03:46:47+00:00\" \/>\n<meta property=\"article:modified_time\" content=\"2023-11-15T04:04:42+00:00\" \/>\n<meta property=\"og:image\" content=\"https:\/\/webdelmaestrocmf.com\/portal\/wp-content\/uploads\/2022\/02\/A12B3C4D-2.jpg\" \/>\n\t<meta property=\"og:image:width\" content=\"900\" \/>\n\t<meta property=\"og:image:height\" content=\"556\" \/>\n\t<meta property=\"og:image:type\" content=\"image\/jpeg\" \/>\n<meta name=\"author\" content=\"Web del Maestro CMF\" \/>\n<meta name=\"twitter:card\" content=\"summary_large_image\" \/>\n<meta name=\"twitter:creator\" content=\"@cmf_w\" \/>\n<meta name=\"twitter:site\" content=\"@cmf_w\" \/>\n<script type=\"application\/ld+json\" class=\"yoast-schema-graph\">{\"@context\":\"https:\\\/\\\/schema.org\",\"@graph\":[{\"@type\":\"ScholarlyArticle\",\"@id\":\"https:\\\/\\\/webdelmaestrocmf.com\\\/portal\\\/los-padres-estamos-acostumbrados-a-dirigir-completamente-su-vida-sin-dejarles-ni-siquiera-reflexionar\\\/#article\",\"isPartOf\":{\"@id\":\"https:\\\/\\\/webdelmaestrocmf.com\\\/portal\\\/los-padres-estamos-acostumbrados-a-dirigir-completamente-su-vida-sin-dejarles-ni-siquiera-reflexionar\\\/\"},\"author\":{\"name\":\"Web del Maestro CMF\",\"@id\":\"https:\\\/\\\/webdelmaestrocmf.com\\\/portal\\\/#\\\/schema\\\/person\\\/1072a2ed7bd960df8ef99a551fa35dc5\"},\"headline\":\"Patricia Ram\u00edrez: Tenemos que empezar por pensar que los padres no son perfectos\",\"datePublished\":\"2023-11-13T03:46:47+00:00\",\"dateModified\":\"2023-11-15T04:04:42+00:00\",\"mainEntityOfPage\":{\"@id\":\"https:\\\/\\\/webdelmaestrocmf.com\\\/portal\\\/los-padres-estamos-acostumbrados-a-dirigir-completamente-su-vida-sin-dejarles-ni-siquiera-reflexionar\\\/\"},\"wordCount\":1832,\"commentCount\":0,\"publisher\":{\"@id\":\"https:\\\/\\\/webdelmaestrocmf.com\\\/portal\\\/#organization\"},\"image\":{\"@id\":\"https:\\\/\\\/webdelmaestrocmf.com\\\/portal\\\/los-padres-estamos-acostumbrados-a-dirigir-completamente-su-vida-sin-dejarles-ni-siquiera-reflexionar\\\/#primaryimage\"},\"thumbnailUrl\":\"https:\\\/\\\/webdelmaestrocmf.com\\\/portal\\\/wp-content\\\/uploads\\\/2022\\\/02\\\/A12B3C4D-2.jpg\",\"keywords\":[\"acostumbrados\",\"completamente\",\"DIRIGIR\",\"estamos\",\"hijos\",\"padres\",\"Patricia Ram\u00edrez Loeffler\",\"vida\"],\"articleSection\":[\"Charlas\"],\"inLanguage\":\"es\",\"potentialAction\":[{\"@type\":\"CommentAction\",\"name\":\"Comment\",\"target\":[\"https:\\\/\\\/webdelmaestrocmf.com\\\/portal\\\/los-padres-estamos-acostumbrados-a-dirigir-completamente-su-vida-sin-dejarles-ni-siquiera-reflexionar\\\/#respond\"]}]},{\"@type\":\"WebPage\",\"@id\":\"https:\\\/\\\/webdelmaestrocmf.com\\\/portal\\\/los-padres-estamos-acostumbrados-a-dirigir-completamente-su-vida-sin-dejarles-ni-siquiera-reflexionar\\\/\",\"url\":\"https:\\\/\\\/webdelmaestrocmf.com\\\/portal\\\/los-padres-estamos-acostumbrados-a-dirigir-completamente-su-vida-sin-dejarles-ni-siquiera-reflexionar\\\/\",\"name\":\"Patricia Ram\u00edrez: Tenemos que empezar por pensar que los padres no son perfectos - 2026\",\"isPartOf\":{\"@id\":\"https:\\\/\\\/webdelmaestrocmf.com\\\/portal\\\/#website\"},\"primaryImageOfPage\":{\"@id\":\"https:\\\/\\\/webdelmaestrocmf.com\\\/portal\\\/los-padres-estamos-acostumbrados-a-dirigir-completamente-su-vida-sin-dejarles-ni-siquiera-reflexionar\\\/#primaryimage\"},\"image\":{\"@id\":\"https:\\\/\\\/webdelmaestrocmf.com\\\/portal\\\/los-padres-estamos-acostumbrados-a-dirigir-completamente-su-vida-sin-dejarles-ni-siquiera-reflexionar\\\/#primaryimage\"},\"thumbnailUrl\":\"https:\\\/\\\/webdelmaestrocmf.com\\\/portal\\\/wp-content\\\/uploads\\\/2022\\\/02\\\/A12B3C4D-2.jpg\",\"datePublished\":\"2023-11-13T03:46:47+00:00\",\"dateModified\":\"2023-11-15T04:04:42+00:00\",\"description\":\"Patricia Ram\u00edrez Loeffler es Licenciada en Psicolog\u00eda, M\u00e1ster en psicolog\u00eda cl\u00ednica y de la salud y doctorado en el Departamento de...\",\"breadcrumb\":{\"@id\":\"https:\\\/\\\/webdelmaestrocmf.com\\\/portal\\\/los-padres-estamos-acostumbrados-a-dirigir-completamente-su-vida-sin-dejarles-ni-siquiera-reflexionar\\\/#breadcrumb\"},\"inLanguage\":\"es\",\"potentialAction\":[{\"@type\":\"ReadAction\",\"target\":[\"https:\\\/\\\/webdelmaestrocmf.com\\\/portal\\\/los-padres-estamos-acostumbrados-a-dirigir-completamente-su-vida-sin-dejarles-ni-siquiera-reflexionar\\\/\"]}]},{\"@type\":\"ImageObject\",\"inLanguage\":\"es\",\"@id\":\"https:\\\/\\\/webdelmaestrocmf.com\\\/portal\\\/los-padres-estamos-acostumbrados-a-dirigir-completamente-su-vida-sin-dejarles-ni-siquiera-reflexionar\\\/#primaryimage\",\"url\":\"https:\\\/\\\/webdelmaestrocmf.com\\\/portal\\\/wp-content\\\/uploads\\\/2022\\\/02\\\/A12B3C4D-2.jpg\",\"contentUrl\":\"https:\\\/\\\/webdelmaestrocmf.com\\\/portal\\\/wp-content\\\/uploads\\\/2022\\\/02\\\/A12B3C4D-2.jpg\",\"width\":900,\"height\":556},{\"@type\":\"BreadcrumbList\",\"@id\":\"https:\\\/\\\/webdelmaestrocmf.com\\\/portal\\\/los-padres-estamos-acostumbrados-a-dirigir-completamente-su-vida-sin-dejarles-ni-siquiera-reflexionar\\\/#breadcrumb\",\"itemListElement\":[{\"@type\":\"ListItem\",\"position\":1,\"name\":\"Portada\",\"item\":\"https:\\\/\\\/webdelmaestrocmf.com\\\/portal\\\/\"},{\"@type\":\"ListItem\",\"position\":2,\"name\":\"Charlas\",\"item\":\"https:\\\/\\\/webdelmaestrocmf.com\\\/portal\\\/category\\\/charlas\\\/\"},{\"@type\":\"ListItem\",\"position\":3,\"name\":\"Patricia Ram\u00edrez: Tenemos que empezar por pensar que los padres no son perfectos\"}]},{\"@type\":\"WebSite\",\"@id\":\"https:\\\/\\\/webdelmaestrocmf.com\\\/portal\\\/#website\",\"url\":\"https:\\\/\\\/webdelmaestrocmf.com\\\/portal\\\/\",\"name\":\"Web del Maestro CMF\",\"description\":\"Maestros al servicio de la educaci\u00f3n\",\"publisher\":{\"@id\":\"https:\\\/\\\/webdelmaestrocmf.com\\\/portal\\\/#organization\"},\"alternateName\":\"WMCMF\",\"potentialAction\":[{\"@type\":\"SearchAction\",\"target\":{\"@type\":\"EntryPoint\",\"urlTemplate\":\"https:\\\/\\\/webdelmaestrocmf.com\\\/portal\\\/?s={search_term_string}\"},\"query-input\":{\"@type\":\"PropertyValueSpecification\",\"valueRequired\":true,\"valueName\":\"search_term_string\"}}],\"inLanguage\":\"es\"},{\"@type\":\"Organization\",\"@id\":\"https:\\\/\\\/webdelmaestrocmf.com\\\/portal\\\/#organization\",\"name\":\"Web del Maestro CMF\",\"alternateName\":\"WMCMF\",\"url\":\"https:\\\/\\\/webdelmaestrocmf.com\\\/portal\\\/\",\"logo\":{\"@type\":\"ImageObject\",\"inLanguage\":\"es\",\"@id\":\"https:\\\/\\\/webdelmaestrocmf.com\\\/portal\\\/#\\\/schema\\\/logo\\\/image\\\/\",\"url\":\"https:\\\/\\\/webdelmaestrocmf.com\\\/portal\\\/wp-content\\\/uploads\\\/2023\\\/01\\\/logo-wmcmf-2.png\",\"contentUrl\":\"https:\\\/\\\/webdelmaestrocmf.com\\\/portal\\\/wp-content\\\/uploads\\\/2023\\\/01\\\/logo-wmcmf-2.png\",\"width\":200,\"height\":60,\"caption\":\"Web del Maestro CMF\"},\"image\":{\"@id\":\"https:\\\/\\\/webdelmaestrocmf.com\\\/portal\\\/#\\\/schema\\\/logo\\\/image\\\/\"},\"sameAs\":[\"https:\\\/\\\/www.facebook.com\\\/WebdelMaestroCMF\\\/\",\"https:\\\/\\\/x.com\\\/cmf_w\",\"https:\\\/\\\/www.pinterest.com\\\/WMCMF\\\/\",\"https:\\\/\\\/www.linkedin.com\\\/company\\\/web-del-maestro-cmf\\\/\",\"https:\\\/\\\/www.instagram.com\\\/wmcmf\\\/\",\"https:\\\/\\\/www.youtube.com\\\/channel\\\/UCDPSvjbdodE5sHnC3OxutHw\",\"https:\\\/\\\/mastodon.social\\\/@wmcmf\",\"https:\\\/\\\/www.tiktok.com\\\/@webdelmaestrocmf\"]},{\"@type\":\"Person\",\"@id\":\"https:\\\/\\\/webdelmaestrocmf.com\\\/portal\\\/#\\\/schema\\\/person\\\/1072a2ed7bd960df8ef99a551fa35dc5\",\"name\":\"Web del Maestro CMF\",\"image\":{\"@type\":\"ImageObject\",\"inLanguage\":\"es\",\"@id\":\"https:\\\/\\\/secure.gravatar.com\\\/avatar\\\/23291dd5b5ae1077dcff3dbb04c3e02bd28403fa75af6d8787d5e97c5bbbe30b?s=96&d=mm&r=g\",\"url\":\"https:\\\/\\\/secure.gravatar.com\\\/avatar\\\/23291dd5b5ae1077dcff3dbb04c3e02bd28403fa75af6d8787d5e97c5bbbe30b?s=96&d=mm&r=g\",\"contentUrl\":\"https:\\\/\\\/secure.gravatar.com\\\/avatar\\\/23291dd5b5ae1077dcff3dbb04c3e02bd28403fa75af6d8787d5e97c5bbbe30b?s=96&d=mm&r=g\",\"caption\":\"Web del Maestro CMF\"},\"description\":\"Esta Web se cre\u00f3 sin fines de lucro, con fines educativos, cient\u00edficos y acad\u00e9micos, para personas que tengan dificultades y\\\/o inconvenientes en visualizar el material original. El objetivo es entregar recursos, compartir experiencias y materiales que ayuden a los padres de familia, maestros y estudiantes en su actualizaci\u00f3n y formaci\u00f3n permanente, en bien de la Educaci\u00f3n.\",\"sameAs\":[\"http:\\\/\\\/webdelmaestrocmf.com\\\/portal\",\"https:\\\/\\\/www.facebook.com\\\/WebdelMaestroCMF\\\/\",\"https:\\\/\\\/www.instagram.com\\\/wmcmf\\\/\",\"https:\\\/\\\/cl.linkedin.com\\\/company\\\/web-del-maestro-cmf\",\"https:\\\/\\\/www.pinterest.com\\\/WMCMF\\\/publicaciones\\\/\",\"https:\\\/\\\/x.com\\\/cmf_w\",\"https:\\\/\\\/www.youtube.com\\\/@WMCMF\"]}]}<\/script>\n<!-- \/ Yoast SEO plugin. -->","yoast_head_json":{"title":"Patricia Ram\u00edrez: Tenemos que empezar por pensar que los padres no son perfectos - 2026","description":"Patricia Ram\u00edrez Loeffler es Licenciada en Psicolog\u00eda, M\u00e1ster en psicolog\u00eda cl\u00ednica y de la salud y doctorado en el Departamento de...","robots":{"index":"index","follow":"follow","max-snippet":"max-snippet:-1","max-image-preview":"max-image-preview:large","max-video-preview":"max-video-preview:-1"},"canonical":"https:\/\/webdelmaestrocmf.com\/portal\/los-padres-estamos-acostumbrados-a-dirigir-completamente-su-vida-sin-dejarles-ni-siquiera-reflexionar\/","og_locale":"es_ES","og_type":"article","og_title":"Patricia Ram\u00edrez: Tenemos que empezar por pensar que los padres no son perfectos - 2026","og_description":"Patricia Ram\u00edrez Loeffler es Licenciada en Psicolog\u00eda, M\u00e1ster en psicolog\u00eda cl\u00ednica y de la salud y doctorado en el Departamento de...","og_url":"https:\/\/webdelmaestrocmf.com\/portal\/los-padres-estamos-acostumbrados-a-dirigir-completamente-su-vida-sin-dejarles-ni-siquiera-reflexionar\/","og_site_name":"Web del Maestro CMF","article_publisher":"https:\/\/www.facebook.com\/WebdelMaestroCMF\/","article_author":"https:\/\/www.facebook.com\/WebdelMaestroCMF\/","article_published_time":"2023-11-13T03:46:47+00:00","article_modified_time":"2023-11-15T04:04:42+00:00","og_image":[{"width":900,"height":556,"url":"https:\/\/webdelmaestrocmf.com\/portal\/wp-content\/uploads\/2022\/02\/A12B3C4D-2.jpg","type":"image\/jpeg"}],"author":"Web del Maestro CMF","twitter_card":"summary_large_image","twitter_creator":"@cmf_w","twitter_site":"@cmf_w","schema":{"@context":"https:\/\/schema.org","@graph":[{"@type":"ScholarlyArticle","@id":"https:\/\/webdelmaestrocmf.com\/portal\/los-padres-estamos-acostumbrados-a-dirigir-completamente-su-vida-sin-dejarles-ni-siquiera-reflexionar\/#article","isPartOf":{"@id":"https:\/\/webdelmaestrocmf.com\/portal\/los-padres-estamos-acostumbrados-a-dirigir-completamente-su-vida-sin-dejarles-ni-siquiera-reflexionar\/"},"author":{"name":"Web del Maestro CMF","@id":"https:\/\/webdelmaestrocmf.com\/portal\/#\/schema\/person\/1072a2ed7bd960df8ef99a551fa35dc5"},"headline":"Patricia Ram\u00edrez: Tenemos que empezar por pensar que los padres no son perfectos","datePublished":"2023-11-13T03:46:47+00:00","dateModified":"2023-11-15T04:04:42+00:00","mainEntityOfPage":{"@id":"https:\/\/webdelmaestrocmf.com\/portal\/los-padres-estamos-acostumbrados-a-dirigir-completamente-su-vida-sin-dejarles-ni-siquiera-reflexionar\/"},"wordCount":1832,"commentCount":0,"publisher":{"@id":"https:\/\/webdelmaestrocmf.com\/portal\/#organization"},"image":{"@id":"https:\/\/webdelmaestrocmf.com\/portal\/los-padres-estamos-acostumbrados-a-dirigir-completamente-su-vida-sin-dejarles-ni-siquiera-reflexionar\/#primaryimage"},"thumbnailUrl":"https:\/\/webdelmaestrocmf.com\/portal\/wp-content\/uploads\/2022\/02\/A12B3C4D-2.jpg","keywords":["acostumbrados","completamente","DIRIGIR","estamos","hijos","padres","Patricia Ram\u00edrez Loeffler","vida"],"articleSection":["Charlas"],"inLanguage":"es","potentialAction":[{"@type":"CommentAction","name":"Comment","target":["https:\/\/webdelmaestrocmf.com\/portal\/los-padres-estamos-acostumbrados-a-dirigir-completamente-su-vida-sin-dejarles-ni-siquiera-reflexionar\/#respond"]}]},{"@type":"WebPage","@id":"https:\/\/webdelmaestrocmf.com\/portal\/los-padres-estamos-acostumbrados-a-dirigir-completamente-su-vida-sin-dejarles-ni-siquiera-reflexionar\/","url":"https:\/\/webdelmaestrocmf.com\/portal\/los-padres-estamos-acostumbrados-a-dirigir-completamente-su-vida-sin-dejarles-ni-siquiera-reflexionar\/","name":"Patricia Ram\u00edrez: Tenemos que empezar por pensar que los padres no son perfectos - 2026","isPartOf":{"@id":"https:\/\/webdelmaestrocmf.com\/portal\/#website"},"primaryImageOfPage":{"@id":"https:\/\/webdelmaestrocmf.com\/portal\/los-padres-estamos-acostumbrados-a-dirigir-completamente-su-vida-sin-dejarles-ni-siquiera-reflexionar\/#primaryimage"},"image":{"@id":"https:\/\/webdelmaestrocmf.com\/portal\/los-padres-estamos-acostumbrados-a-dirigir-completamente-su-vida-sin-dejarles-ni-siquiera-reflexionar\/#primaryimage"},"thumbnailUrl":"https:\/\/webdelmaestrocmf.com\/portal\/wp-content\/uploads\/2022\/02\/A12B3C4D-2.jpg","datePublished":"2023-11-13T03:46:47+00:00","dateModified":"2023-11-15T04:04:42+00:00","description":"Patricia Ram\u00edrez Loeffler es Licenciada en Psicolog\u00eda, M\u00e1ster en psicolog\u00eda cl\u00ednica y de la salud y doctorado en el Departamento de...","breadcrumb":{"@id":"https:\/\/webdelmaestrocmf.com\/portal\/los-padres-estamos-acostumbrados-a-dirigir-completamente-su-vida-sin-dejarles-ni-siquiera-reflexionar\/#breadcrumb"},"inLanguage":"es","potentialAction":[{"@type":"ReadAction","target":["https:\/\/webdelmaestrocmf.com\/portal\/los-padres-estamos-acostumbrados-a-dirigir-completamente-su-vida-sin-dejarles-ni-siquiera-reflexionar\/"]}]},{"@type":"ImageObject","inLanguage":"es","@id":"https:\/\/webdelmaestrocmf.com\/portal\/los-padres-estamos-acostumbrados-a-dirigir-completamente-su-vida-sin-dejarles-ni-siquiera-reflexionar\/#primaryimage","url":"https:\/\/webdelmaestrocmf.com\/portal\/wp-content\/uploads\/2022\/02\/A12B3C4D-2.jpg","contentUrl":"https:\/\/webdelmaestrocmf.com\/portal\/wp-content\/uploads\/2022\/02\/A12B3C4D-2.jpg","width":900,"height":556},{"@type":"BreadcrumbList","@id":"https:\/\/webdelmaestrocmf.com\/portal\/los-padres-estamos-acostumbrados-a-dirigir-completamente-su-vida-sin-dejarles-ni-siquiera-reflexionar\/#breadcrumb","itemListElement":[{"@type":"ListItem","position":1,"name":"Portada","item":"https:\/\/webdelmaestrocmf.com\/portal\/"},{"@type":"ListItem","position":2,"name":"Charlas","item":"https:\/\/webdelmaestrocmf.com\/portal\/category\/charlas\/"},{"@type":"ListItem","position":3,"name":"Patricia Ram\u00edrez: Tenemos que empezar por pensar que los padres no son perfectos"}]},{"@type":"WebSite","@id":"https:\/\/webdelmaestrocmf.com\/portal\/#website","url":"https:\/\/webdelmaestrocmf.com\/portal\/","name":"Web del Maestro CMF","description":"Maestros al servicio de la educaci\u00f3n","publisher":{"@id":"https:\/\/webdelmaestrocmf.com\/portal\/#organization"},"alternateName":"WMCMF","potentialAction":[{"@type":"SearchAction","target":{"@type":"EntryPoint","urlTemplate":"https:\/\/webdelmaestrocmf.com\/portal\/?s={search_term_string}"},"query-input":{"@type":"PropertyValueSpecification","valueRequired":true,"valueName":"search_term_string"}}],"inLanguage":"es"},{"@type":"Organization","@id":"https:\/\/webdelmaestrocmf.com\/portal\/#organization","name":"Web del Maestro CMF","alternateName":"WMCMF","url":"https:\/\/webdelmaestrocmf.com\/portal\/","logo":{"@type":"ImageObject","inLanguage":"es","@id":"https:\/\/webdelmaestrocmf.com\/portal\/#\/schema\/logo\/image\/","url":"https:\/\/webdelmaestrocmf.com\/portal\/wp-content\/uploads\/2023\/01\/logo-wmcmf-2.png","contentUrl":"https:\/\/webdelmaestrocmf.com\/portal\/wp-content\/uploads\/2023\/01\/logo-wmcmf-2.png","width":200,"height":60,"caption":"Web del Maestro CMF"},"image":{"@id":"https:\/\/webdelmaestrocmf.com\/portal\/#\/schema\/logo\/image\/"},"sameAs":["https:\/\/www.facebook.com\/WebdelMaestroCMF\/","https:\/\/x.com\/cmf_w","https:\/\/www.pinterest.com\/WMCMF\/","https:\/\/www.linkedin.com\/company\/web-del-maestro-cmf\/","https:\/\/www.instagram.com\/wmcmf\/","https:\/\/www.youtube.com\/channel\/UCDPSvjbdodE5sHnC3OxutHw","https:\/\/mastodon.social\/@wmcmf","https:\/\/www.tiktok.com\/@webdelmaestrocmf"]},{"@type":"Person","@id":"https:\/\/webdelmaestrocmf.com\/portal\/#\/schema\/person\/1072a2ed7bd960df8ef99a551fa35dc5","name":"Web del Maestro CMF","image":{"@type":"ImageObject","inLanguage":"es","@id":"https:\/\/secure.gravatar.com\/avatar\/23291dd5b5ae1077dcff3dbb04c3e02bd28403fa75af6d8787d5e97c5bbbe30b?s=96&d=mm&r=g","url":"https:\/\/secure.gravatar.com\/avatar\/23291dd5b5ae1077dcff3dbb04c3e02bd28403fa75af6d8787d5e97c5bbbe30b?s=96&d=mm&r=g","contentUrl":"https:\/\/secure.gravatar.com\/avatar\/23291dd5b5ae1077dcff3dbb04c3e02bd28403fa75af6d8787d5e97c5bbbe30b?s=96&d=mm&r=g","caption":"Web del Maestro CMF"},"description":"Esta Web se cre\u00f3 sin fines de lucro, con fines educativos, cient\u00edficos y acad\u00e9micos, para personas que tengan dificultades y\/o inconvenientes en visualizar el material original. El objetivo es entregar recursos, compartir experiencias y materiales que ayuden a los padres de familia, maestros y estudiantes en su actualizaci\u00f3n y formaci\u00f3n permanente, en bien de la Educaci\u00f3n.","sameAs":["http:\/\/webdelmaestrocmf.com\/portal","https:\/\/www.facebook.com\/WebdelMaestroCMF\/","https:\/\/www.instagram.com\/wmcmf\/","https:\/\/cl.linkedin.com\/company\/web-del-maestro-cmf","https:\/\/www.pinterest.com\/WMCMF\/publicaciones\/","https:\/\/x.com\/cmf_w","https:\/\/www.youtube.com\/@WMCMF"]}]}},"jetpack_featured_media_url":"https:\/\/webdelmaestrocmf.com\/portal\/wp-content\/uploads\/2022\/02\/A12B3C4D-2.jpg","jetpack_sharing_enabled":true,"jetpack-related-posts":[{"id":15409,"url":"https:\/\/webdelmaestrocmf.com\/portal\/trabajar-subconsciente-educar-positivo-los-ninos\/","url_meta":{"origin":27379,"position":0},"title":"Sugerencias para la formaci\u00f3n del subconsciente y educar en positivo a los ni\u00f1os","author":"Web del Maestro CMF","date":"29 septiembre, 2021","format":false,"excerpt":"Los expertos de la Universidad de Londres opinan que es muy importante \u201destablecer una buena rutina para dormir en los primeros a\u00f1os\u201d de vida, y\u00a0 el portal Hacer Familia, en una publicaci\u00f3n de Patricia Palacios con el asesoramiento de\u00a0Antonio Estefan\u00eda, agrega que un ni\u00f1o \u201cjam\u00e1s se debe acostar triste, enfadado\u2026","rel":"","context":"En \u00abPsicolog\u00eda\u00bb","block_context":{"text":"Psicolog\u00eda","link":"https:\/\/webdelmaestrocmf.com\/portal\/category\/pedagogia\/picologia\/"},"img":{"alt_text":"","src":"https:\/\/i0.wp.com\/webdelmaestrocmf.com\/portal\/wp-content\/uploads\/2017\/03\/1jpg-16-1.jpg?resize=350%2C200&ssl=1","width":350,"height":200,"srcset":"https:\/\/i0.wp.com\/webdelmaestrocmf.com\/portal\/wp-content\/uploads\/2017\/03\/1jpg-16-1.jpg?resize=350%2C200&ssl=1 1x, https:\/\/i0.wp.com\/webdelmaestrocmf.com\/portal\/wp-content\/uploads\/2017\/03\/1jpg-16-1.jpg?resize=525%2C300&ssl=1 1.5x, https:\/\/i0.wp.com\/webdelmaestrocmf.com\/portal\/wp-content\/uploads\/2017\/03\/1jpg-16-1.jpg?resize=700%2C400&ssl=1 2x, https:\/\/i0.wp.com\/webdelmaestrocmf.com\/portal\/wp-content\/uploads\/2017\/03\/1jpg-16-1.jpg?resize=1050%2C600&ssl=1 3x"},"classes":[]},{"id":68610,"url":"https:\/\/webdelmaestrocmf.com\/portal\/patricia-de-diego-los-ninos-que-no-reciban-de-sus-padres-un-desarrollo-emocional-idoneo-manifestaran-grandes-carencias-en-la-edad-adulta\/","url_meta":{"origin":27379,"position":1},"title":"Patricia De Diego: Los ni\u00f1os que no reciban de sus padres un desarrollo emocional id\u00f3neo, manifestar\u00e1n grandes carencias en la edad adulta","author":"Web del Maestro CMF","date":"15 enero, 2024","format":false,"excerpt":"La licenciada en pedagog\u00eda y redactora Ana M. Longo, realiz\u00f3 una entrevista a Patricia de Diego Garc\u00eda, Coaching por la New York University (USA) y en Parenting Educator por la NYS New York State Parenting Education Partnership; autora de la coleccio\u0301n de cuatro libros llamada \u201cMi viaje hacia la adolescencia\u201d\u2026","rel":"","context":"En \u00abEntrevistas\u00bb","block_context":{"text":"Entrevistas","link":"https:\/\/webdelmaestrocmf.com\/portal\/category\/noticias\/entrevistas\/"},"img":{"alt_text":"","src":"https:\/\/i0.wp.com\/webdelmaestrocmf.com\/portal\/wp-content\/uploads\/2023\/07\/PATRICIA-DE-DIEGO-GARCIA-kM0H-1248x698%40abc.jpg?resize=350%2C200&ssl=1","width":350,"height":200,"srcset":"https:\/\/i0.wp.com\/webdelmaestrocmf.com\/portal\/wp-content\/uploads\/2023\/07\/PATRICIA-DE-DIEGO-GARCIA-kM0H-1248x698%40abc.jpg?resize=350%2C200&ssl=1 1x, https:\/\/i0.wp.com\/webdelmaestrocmf.com\/portal\/wp-content\/uploads\/2023\/07\/PATRICIA-DE-DIEGO-GARCIA-kM0H-1248x698%40abc.jpg?resize=525%2C300&ssl=1 1.5x, https:\/\/i0.wp.com\/webdelmaestrocmf.com\/portal\/wp-content\/uploads\/2023\/07\/PATRICIA-DE-DIEGO-GARCIA-kM0H-1248x698%40abc.jpg?resize=700%2C400&ssl=1 2x, https:\/\/i0.wp.com\/webdelmaestrocmf.com\/portal\/wp-content\/uploads\/2023\/07\/PATRICIA-DE-DIEGO-GARCIA-kM0H-1248x698%40abc.jpg?resize=1050%2C600&ssl=1 3x"},"classes":[]},{"id":77345,"url":"https:\/\/webdelmaestrocmf.com\/portal\/mucho-amor-eso-no-puede-faltar-nunca-en-la-vida-de-un-hijo-y-mucha-autoridad\/","url_meta":{"origin":27379,"position":2},"title":"Antonio R\u00edos: Mucho amor, eso no puede faltar nunca en la vida de un hijo, y mucha autoridad","author":"Web del Maestro CMF","date":"16 marzo, 2026","format":"video","excerpt":"Educar a un hijo adolescente exige comprender una verdad fundamental: la educaci\u00f3n se construye con dos pilares inseparables, el amor y la autoridad. El afecto les brinda seguridad emocional y fortalece el v\u00ednculo familiar, mientras que los l\u00edmites, las normas y la orientaci\u00f3n de los adultos les ofrecen contenci\u00f3n y\u2026","rel":"","context":"En \u00abCharlas\u00bb","block_context":{"text":"Charlas","link":"https:\/\/webdelmaestrocmf.com\/portal\/category\/charlas\/"},"img":{"alt_text":"","src":"https:\/\/i0.wp.com\/webdelmaestrocmf.com\/portal\/wp-content\/uploads\/2025\/06\/1AA-Banner-1-portada-imagen-10-1-copia-5.webp?resize=350%2C200&ssl=1","width":350,"height":200,"srcset":"https:\/\/i0.wp.com\/webdelmaestrocmf.com\/portal\/wp-content\/uploads\/2025\/06\/1AA-Banner-1-portada-imagen-10-1-copia-5.webp?resize=350%2C200&ssl=1 1x, https:\/\/i0.wp.com\/webdelmaestrocmf.com\/portal\/wp-content\/uploads\/2025\/06\/1AA-Banner-1-portada-imagen-10-1-copia-5.webp?resize=525%2C300&ssl=1 1.5x, https:\/\/i0.wp.com\/webdelmaestrocmf.com\/portal\/wp-content\/uploads\/2025\/06\/1AA-Banner-1-portada-imagen-10-1-copia-5.webp?resize=700%2C400&ssl=1 2x, https:\/\/i0.wp.com\/webdelmaestrocmf.com\/portal\/wp-content\/uploads\/2025\/06\/1AA-Banner-1-portada-imagen-10-1-copia-5.webp?resize=1050%2C600&ssl=1 3x"},"classes":[]},{"id":59774,"url":"https:\/\/webdelmaestrocmf.com\/portal\/emilio-calatayud-si-nos-poneis-limites-a-vuestros-hijos-al-final-se-los-pondran-la-vida-o-la-ley\/","url_meta":{"origin":27379,"position":3},"title":"Emilio Calatayud: Si no ponen l\u00edmites a sus hijos al final se los pondr\u00e1n la vida o la ley","author":"Web del Maestro CMF","date":"23 febrero, 2025","format":false,"excerpt":"Criar sin l\u00edmites ni exigencia genera hijos dependientes, inseguros y poco aut\u00f3nomos. Educar implica poner normas claras, formar car\u00e1cter y preparar para la vida real, no evitar el esfuerzo ni la frustraci\u00f3n.","rel":"","context":"En \u00abEntrevistas\u00bb","block_context":{"text":"Entrevistas","link":"https:\/\/webdelmaestrocmf.com\/portal\/category\/noticias\/entrevistas\/"},"img":{"alt_text":"","src":"https:\/\/i0.wp.com\/webdelmaestrocmf.com\/portal\/wp-content\/uploads\/2021\/02\/1A-Banner-1-portada-imagen-10-1-copia-3.webp?resize=350%2C200&ssl=1","width":350,"height":200,"srcset":"https:\/\/i0.wp.com\/webdelmaestrocmf.com\/portal\/wp-content\/uploads\/2021\/02\/1A-Banner-1-portada-imagen-10-1-copia-3.webp?resize=350%2C200&ssl=1 1x, https:\/\/i0.wp.com\/webdelmaestrocmf.com\/portal\/wp-content\/uploads\/2021\/02\/1A-Banner-1-portada-imagen-10-1-copia-3.webp?resize=525%2C300&ssl=1 1.5x, https:\/\/i0.wp.com\/webdelmaestrocmf.com\/portal\/wp-content\/uploads\/2021\/02\/1A-Banner-1-portada-imagen-10-1-copia-3.webp?resize=700%2C400&ssl=1 2x"},"classes":[]},{"id":82487,"url":"https:\/\/webdelmaestrocmf.com\/portal\/alberto-soler-ahora-las-familias-crian-y-educan-a-sus-hijos-desde-la-soledad\/","url_meta":{"origin":27379,"position":4},"title":"Alberto Soler: Ahora las familias cr\u00edan y educan a sus hijos desde la soledad","author":"Web del Maestro CMF","date":"8 enero, 2023","format":false,"excerpt":"Las familias hoy educan en soledad, con menos apoyo social y m\u00e1s presi\u00f3n. El exceso de informaci\u00f3n confunde, dificulta decisiones y agrava el aislamiento en la crianza.","rel":"","context":"En \u00abEntrevistas\u00bb","block_context":{"text":"Entrevistas","link":"https:\/\/webdelmaestrocmf.com\/portal\/category\/noticias\/entrevistas\/"},"img":{"alt_text":"","src":"https:\/\/i0.wp.com\/webdelmaestrocmf.com\/portal\/wp-content\/uploads\/2023\/01\/1A-Banner-1-portada-imagen-10-1-21.jpg?resize=350%2C200&ssl=1","width":350,"height":200,"srcset":"https:\/\/i0.wp.com\/webdelmaestrocmf.com\/portal\/wp-content\/uploads\/2023\/01\/1A-Banner-1-portada-imagen-10-1-21.jpg?resize=350%2C200&ssl=1 1x, https:\/\/i0.wp.com\/webdelmaestrocmf.com\/portal\/wp-content\/uploads\/2023\/01\/1A-Banner-1-portada-imagen-10-1-21.jpg?resize=525%2C300&ssl=1 1.5x, https:\/\/i0.wp.com\/webdelmaestrocmf.com\/portal\/wp-content\/uploads\/2023\/01\/1A-Banner-1-portada-imagen-10-1-21.jpg?resize=700%2C400&ssl=1 2x"},"classes":[]},{"id":27511,"url":"https:\/\/webdelmaestrocmf.com\/portal\/el-mayor-premio-para-un-nino-y-para-una-nina-es-la-atencion-de-sus-padres\/","url_meta":{"origin":27379,"position":5},"title":"Silvia \u00c1lava Sordo: Los deberes escolares siempre son responsabilidad de los estudiantes, nunca de los padres","author":"Web del Maestro CMF","date":"7 noviembre, 2023","format":"video","excerpt":"Silvia \u00c1lava Sordo, naci\u00f3 en Valladolid, Espa\u00f1a, es licenciada en psicolog\u00eda por la Universidad Aut\u00f3noma de Madrid. Es especialista en Psicolog\u00eda Cl\u00ednica y de la Salud y en Psicolog\u00eda Educativa. Ella afirma que \u201ces fundamental, que tanto los padres como los profesores trabajen en el equipo. El objetivo de la\u2026","rel":"","context":"En \u00abCharlas\u00bb","block_context":{"text":"Charlas","link":"https:\/\/webdelmaestrocmf.com\/portal\/category\/charlas\/"},"img":{"alt_text":"Silvia \u00c1lava Sordo","src":"https:\/\/i0.wp.com\/webdelmaestrocmf.com\/portal\/wp-content\/uploads\/2022\/09\/A12B3C4D-16.jpg?resize=350%2C200&ssl=1","width":350,"height":200,"srcset":"https:\/\/i0.wp.com\/webdelmaestrocmf.com\/portal\/wp-content\/uploads\/2022\/09\/A12B3C4D-16.jpg?resize=350%2C200&ssl=1 1x, https:\/\/i0.wp.com\/webdelmaestrocmf.com\/portal\/wp-content\/uploads\/2022\/09\/A12B3C4D-16.jpg?resize=525%2C300&ssl=1 1.5x, https:\/\/i0.wp.com\/webdelmaestrocmf.com\/portal\/wp-content\/uploads\/2022\/09\/A12B3C4D-16.jpg?resize=700%2C400&ssl=1 2x"},"classes":[]}],"_links":{"self":[{"href":"https:\/\/webdelmaestrocmf.com\/portal\/wp-json\/wp\/v2\/posts\/27379","targetHints":{"allow":["GET"]}}],"collection":[{"href":"https:\/\/webdelmaestrocmf.com\/portal\/wp-json\/wp\/v2\/posts"}],"about":[{"href":"https:\/\/webdelmaestrocmf.com\/portal\/wp-json\/wp\/v2\/types\/post"}],"author":[{"embeddable":true,"href":"https:\/\/webdelmaestrocmf.com\/portal\/wp-json\/wp\/v2\/users\/1"}],"replies":[{"embeddable":true,"href":"https:\/\/webdelmaestrocmf.com\/portal\/wp-json\/wp\/v2\/comments?post=27379"}],"version-history":[{"count":0,"href":"https:\/\/webdelmaestrocmf.com\/portal\/wp-json\/wp\/v2\/posts\/27379\/revisions"}],"wp:featuredmedia":[{"embeddable":true,"href":"https:\/\/webdelmaestrocmf.com\/portal\/wp-json\/wp\/v2\/media\/100055"}],"wp:attachment":[{"href":"https:\/\/webdelmaestrocmf.com\/portal\/wp-json\/wp\/v2\/media?parent=27379"}],"wp:term":[{"taxonomy":"category","embeddable":true,"href":"https:\/\/webdelmaestrocmf.com\/portal\/wp-json\/wp\/v2\/categories?post=27379"},{"taxonomy":"post_tag","embeddable":true,"href":"https:\/\/webdelmaestrocmf.com\/portal\/wp-json\/wp\/v2\/tags?post=27379"}],"curies":[{"name":"wp","href":"https:\/\/api.w.org\/{rel}","templated":true}]}}