{"id":27265,"date":"2018-04-18T09:04:01","date_gmt":"2018-04-18T12:04:01","guid":{"rendered":"http:\/\/webdelmaestrocmf.com\/portal\/?p=27265"},"modified":"2021-10-27T15:51:08","modified_gmt":"2021-10-27T18:51:08","slug":"heriberto-prieto-la-mensajeria-instantaneos-una-necesidad-selectiva-para-la-comunidad-escolar","status":"publish","type":"post","link":"https:\/\/webdelmaestrocmf.com\/portal\/heriberto-prieto-la-mensajeria-instantaneos-una-necesidad-selectiva-para-la-comunidad-escolar\/","title":{"rendered":"[Heriberto Prieto] La mensajer\u00eda instant\u00e1nea es una necesidad selectiva para la comunidad escolar"},"content":{"rendered":"<h5 style=\"text-align: justify;\">El primer paso para llevar a cabo la formaci\u00f3n de los estudiantes en la integraci\u00f3n de las Tecnolog\u00edas de la Informaci\u00f3n y Comunicaci\u00f3n (TIC), es el seguimiento de sus aprendizajes, con el empleo de aplicaciones de comunicaci\u00f3n.<\/h5>\n<p><!--more--><\/p>\n<h5 style=\"text-align: justify;\">El uso de las tecnolog\u00edas y sus aplicaciones (apps del ingl\u00e9s application) es una tarea formativa a los usuarios en la que se requiere de un espacio separado para dosificar los contenidos y la manera de comunicarse, en este caso entre los miembros de una comunidad virtual.<\/h5>\n<p style=\"text-align: justify;\">La mensajer\u00eda instant\u00e1nea es una necesidad selectiva para el servicio educativo por la vinculaci\u00f3n entre profesores, alumnos y padres de familia (comunidad escolar) despu\u00e9s del horario de clase en la que, para el seguimiento de las tareas escolares, se hace necesario el apoyo de las TIC, que se extiende el espacio y tiempo de atenci\u00f3n, con ciertas regulaciones para su uso.<\/p>\n<p style=\"text-align: justify;\">El empleo de las aplicaciones de la mensajer\u00eda instant\u00e1nea por las redes sociales como <em>Whatsapp, Messenger de Facebook y Hangouts de Google <\/em>son un gran aporte por la disponibilidad, soluciones y capacidad, que continuamente sorprende con las nuevas funciones en seguridad, selectividad, privacidad y seguimiento de las actividades que conllevan a redes m\u00e1s restrictivas y protegidas a prueba de errores accidentales o malintencionados.<\/p>\n<p style=\"text-align: justify;\">Podemos detectar que existen condiciones en cada una de las aplicaciones para que puedan ser usadas con fines educativos. Por ejemplo, requieren del n\u00famero de celular o acceder a un perfil personal vinculado a la red de contactos lo que los dejan al descubierto. \u00a0Para respaldar el derecho a la protecci\u00f3n de datos de la comunidad escolar y especialmente de los alumnos su informaci\u00f3n personal es indispensable de brindarles apps que les den un espacio virtual seguro y accesible.<\/p>\n<p style=\"text-align: justify;\">Con la finalidad de extender la orientaci\u00f3n de las asignaturas o tarea con las redes de comunicaci\u00f3n en funci\u00f3n de sus intereses o necesidades, se ampl\u00eda el horario de atenci\u00f3n al que se crean o agregan a diversos grupos de clase (asignaturas o tareas extraescolares). Pero estando entre m\u00faltiples colectividades o grupos ajenos a una clase\u00a0en una misma app (whatsapp, etc.) se dificulta la atenci\u00f3n para mantener comunicaci\u00f3n con otros, generando el env\u00edo de mensajes extra\u00f1os que pueden ocasionar malentendidos u ofensas o simplemente (al calor de la charla) dirigirse al grupo de la misma forma como lo hace con otro contacto perdiendo la seriedad del mismo grupo de conversaci\u00f3n.<\/p>\n<p style=\"text-align: justify;\">Para mantenerlos atentos y enfocados se debe crear espacios exclusivos para evitar distractores y confusi\u00f3n. \u00a0Usar aplicaciones de comunicaci\u00f3n como la mensajer\u00eda instant\u00e1nea diferente a las redes sociales que conocemos com\u00fanmente y que se desarrollan espec\u00edficamente para uso educativo. Para este caso se emplea la aplicaci\u00f3n de <em>Remind,<\/em> es una aplicaci\u00f3n gratuita de mensajer\u00eda instant\u00e1nea espec\u00edfica para el \u00e1mbito educativo nacida en 2011, que ofrece todas las ventajas ya mencionadas, pero de la que no debemos olvidar establecer un reglamento y la habilidad de comunicarse eficazmente sobre el uso de los grupos de trabajo. Disponible en versiones web, Android y iOS.<\/p>\n<p style=\"text-align: justify;\">Esta aplicaci\u00f3n permite al docente enviar avisos a la clase, que reciben como SMS, email o notificaci\u00f3n en el smartphone o web, lo que favorece que se adapte a todas las necesidades y realidades de aula. Los avisos permiten adjuntar archivos y clips de voz, pudiendo ser programados para una fecha concreta y revisando en el momento las respuestas de estudiantes y familias.<\/p>\n<p style=\"text-align: justify;\">Usar Remind que tiene una funci\u00f3n multidispositivos ofreciendo ventajas para todos los usuarios como: Bases de Datos \u00danica, con la misma en los distintos modos de comunicaci\u00f3n; el ahorro de tiempo, con avisos de manera instant\u00e1nea; mantener el contacto directo, con sus regulaciones para su uso; planificaci\u00f3n de la comunicaci\u00f3n, programando avisos y mensajes para su env\u00edo; comunicaci\u00f3n unificada, de avisos en distinto formato y archivos; la seguridad, con privacidad y confidencialidad de datos; acceso \u00fanico a informaci\u00f3n; Feedback (del ingl\u00e9s que significa retroalimentaci\u00f3n) inmediato, respondiendo a los alumnos y padres de forma r\u00e1pida y oportuna.<\/p>\n<p style=\"text-align: justify;\">La gran fortaleza de elegir una aplicaci\u00f3n de comunicaci\u00f3n instant\u00e1nea es formar parte de una colectividad virtual espec\u00edfica \u00fanica para la comunidad escolar con sus caracter\u00edsticas culturales en las que se propicia la educaci\u00f3n digital en el uso correcto de la conectividad social.<\/p>\n<h4 style=\"text-align: justify;\"><b>REFERENCIA<\/b><\/h4>\n<ul>\n<li><span style=\"font-weight: 400;\">N\/a (4\/04\/2018). REMIND: EL WHATSAPP ESPEC\u00cdFICO DE LAS COMUNIDADES EDUCATIVAS. <\/span><i><span style=\"font-weight: 400;\">Proyecta.<\/span><\/i><span style=\"font-weight: 400;\"> Recuperado de \u00a0\u00a0\u00a0<\/span><a href=\"http:\/\/www.plataformaproyecta.org\/es\/recursos-educativos\/remind-el-whatsapp-especifico-de-las-comunidades-educativas\"><span style=\"font-weight: 400;\">http:\/\/www.plataformaproyecta.org\/<\/span><\/a><\/li>\n<li><a href=\"https:\/\/www.educaciontrespuntocero.com\/author\/andrea-giraldez\"><span style=\"font-weight: 400;\">Gir\u00e1ldez<\/span><\/a> <a href=\"https:\/\/www.educaciontrespuntocero.com\/author\/andrea-giraldez\"><span style=\"font-weight: 400;\">A<\/span><\/a><span style=\"font-weight: 400;\">. (6\/02\/2018). Comunicaci\u00f3n eficaz en el aula (I): \u00bfImporta lo que d\u00e9cimos?. <\/span><i><span style=\"font-weight: 400;\">Educaci\u00f3n 3.0.<\/span><\/i><span style=\"font-weight: 400;\"> Recuperado de <\/span><a href=\"https:\/\/www.educaciontrespuntocero.com\/noticias\/comunicacion-eficaz-aula\/71767.html?utm_source=ReviveOldPost&amp;utm_medium=social&amp;utm_campaign=ReviveOldPost\"><span style=\"font-weight: 400;\">https:\/\/www.educaciontrespuntocero.com\/<\/span><\/a><\/li>\n<li><span style=\"font-weight: 400;\">Prieto, H. (19\/12\/2017). \u00a0Resistencia a la Integraci\u00f3n de las TICS o Condiciones de Carencia en el Contexto Social. <\/span><i><span style=\"font-weight: 400;\">Web del Maestro CMF.<\/span><\/i><span style=\"font-weight: 400;\"> Recuperado de <\/span><a href=\"http:\/\/webdelmaestrocmf.com\/portal\/resistencia-a-la-integracion-de-las-tics-o-condiciones-de-carencia-en-el-contexto-social\/\"><span style=\"font-weight: 400;\">http:\/\/webdelmaestrocmf.com\/<\/span><\/a><\/li>\n<li><span style=\"font-weight: 400;\">N\/a (01\/12\/2017). \u00bfES WHATSAPP REALMENTE UNA RED SOCIAL?. <\/span><i><span style=\"font-weight: 400;\">Mundo Marketing.com.<\/span><\/i><span style=\"font-weight: 400;\"> Recuperado de <\/span><a href=\"https:\/\/www.mundomarketing.com\/es-realmente-whatsapp-una-red-social\/\"><span style=\"font-weight: 400;\">https:\/\/www.mundomarketing.com\/<\/span><\/a><\/li>\n<li><span style=\"font-weight: 400;\">Guti\u00e9rrez, A. (16\/02\/2015). Remind, la red social para maestros, estudiantes y padres. Recuperado de\u00a0<\/span><a href=\"https:\/\/www.google.com.mx\/amp\/s\/alejandropgutierrez.wordpress.com\/2015\/02\/16\/remind-la-red-social-para-maestros-estudiantes-y-padres\/amp\/\"><span style=\"font-weight: 400;\">https:\/\/www.google.com.mx\/<\/span><\/a><\/li>\n<li><span style=\"font-weight: 400;\">N\/a (<\/span><span style=\"font-weight: 400;\">27\/01\/2015). C\u00f3mo funciona Remind, el WhatsApp de profesores y alumnos. <\/span><i><span style=\"font-weight: 400;\">Practicopedia.<\/span><\/i><span style=\"font-weight: 400;\"> Recuperado de <\/span><a href=\"http:\/\/internet-y-ordenadores.practicopedia.lainformacion.com\/aplicaciones-android\/como-funciona-remind-el-whatsapp-de-profesores-y-alumnos-22450\"><span style=\"font-weight: 400;\">http:\/\/internet-y-ordenadores.practicopedia.lainformacion.com\/<\/span><\/a><\/li>\n<li><span style=\"font-weight: 400;\">Araya, R. (10\/\/10\/12). Conectividad social: reflexiones sobre los conceptos de comunidad virtuales y portales ciudadanos desde una visi\u00f3n social sobre Internet. Recuperado de <\/span><a href=\"https:\/\/xfenix.files.wordpress.com\/2008\/11\/conectividad-social-final1.doc\"><span style=\"font-weight: 400;\">https:\/\/xfenix.files.wordpress.com\/<\/span><\/a><\/li>\n<li><span style=\"font-weight: 400;\">N\/a (s.f). Dec\u00e1logo para fomentar la protecci\u00f3n de datos en los centros escolares. <\/span><i><span style=\"font-weight: 400;\">Educaci\u00f3n 3.0.<\/span><\/i><span style=\"font-weight: 400;\"> Recuperado de <\/span><a href=\"https:\/\/www.educaciontrespuntocero.com\/noticias\/decalogo-proteccion-datos-centros\/74072.html?utm_source=ReviveOldPost&amp;utm_medium=social&amp;utm_campaign=ReviveOldPost\"><span style=\"font-weight: 400;\">https:\/\/www.educaciontrespuntocero.com\/<\/span><\/a><\/li>\n<li><span style=\"font-weight: 400;\">N\/a (s.f). Herramientas para iniciarse en el aprendizaje m\u00f3vil. <\/span><i><span style=\"font-weight: 400;\">aulaPlaneta.<\/span><\/i><span style=\"font-weight: 400;\"> Recuperado de <\/span><a href=\"http:\/\/www.aulaplaneta.com\/2018\/03\/27\/recursos-tic\/herramientas-para-iniciarse-en-el-aprendizaje-movil\/\"><span style=\"font-weight: 400;\">http:\/\/www.aulaplaneta.com\/2<\/span><\/a><\/li>\n<\/ul>\n<p style=\"text-align: justify;\"><strong>NOTA DE REDACCI\u00d3N<\/strong>: La Web del Maestro CMF publica los textos originales de su autor, no necesariamente coincide con lo expuesto en el tema, no se hace responsable de las opiniones expresadas, y no promociona ning\u00fan producto, servicio, marca o empresa. Sugerimos a nuestros lectores conocer la identidad de la fuente o de su autor o autores, para tener mayores elementos de juicio y la pertinencia a su realidad educativa.<\/p>\n<table class=\" alignleft\" border=\"0\" width=\"100%\" cellspacing=\"10\" cellpadding=\"10\">\n<tbody>\n<tr>\n<td style=\"text-align: center;\" width=\"30%\"><strong><img loading=\"lazy\" decoding=\"async\" class=\"size-full wp-image-53975 aligncenter\" src=\"https:\/\/webdelmaestrocmf.com\/portal\/wp-content\/uploads\/2020\/11\/2-copia.jpg\" alt=\"\" width=\"200\" height=\"200\" srcset=\"https:\/\/webdelmaestrocmf.com\/portal\/wp-content\/uploads\/2020\/11\/2-copia.jpg 200w, https:\/\/webdelmaestrocmf.com\/portal\/wp-content\/uploads\/2020\/11\/2-copia-150x150.jpg 150w, https:\/\/webdelmaestrocmf.com\/portal\/wp-content\/uploads\/2020\/11\/2-copia-80x80.jpg 80w, https:\/\/webdelmaestrocmf.com\/portal\/wp-content\/uploads\/2020\/11\/2-copia-110x110.jpg 110w, https:\/\/webdelmaestrocmf.com\/portal\/wp-content\/uploads\/2020\/11\/2-copia-160x160.jpg 160w\" sizes=\"auto, (max-width: 200px) 100vw, 200px\" \/><br \/>\nAutor: <\/strong>Heriberto Prieto Zamudio. Orizaba, Veracruz, M\u00e9xico<strong><br \/>\nProfesor <\/strong>de Bachillerato General Estatal en la Mixteca Poblana.<strong><br \/>\n<\/strong>Administrador del Grupo de Facebook Formadores del Cambio.<br \/>\n<strong>Co-Fundador <\/strong>de la iniciativa social iberoamericana <strong><a href=\"http:\/\/www.competenciadigitalcero.com\/\" target=\"_blank\" rel=\"noopener noreferrer\">www.CompetenciaDigitalCero.com<\/a><\/strong>, que conforma una comunidad de pr\u00e1ctica solidaria para reducir la brecha en el uso de tecnolog\u00edas digitales en los espacios educativos.<strong><br \/>\nEmail: <\/strong><a href=\"mailto:heribertopz21@gmail.com\">heribertopz21@gmail.com<\/a><a href=\"mailto:heribertopz21@gmail.com\"><br \/>\n<\/a><strong>Web:<\/strong> <a href=\"https:\/\/heribertoprietozamudio.wordpress.com\/\">heribertoprietozamudio.wordpress.com<\/a><br \/>\n<strong>Twitter:\u00a0<\/strong><a href=\"https:\/\/twitter.com\/@heribertopz21\" target=\"_blank\" rel=\"noopener noreferrer\">@heribertopz21<\/a><strong><br \/>\n<\/strong><\/td>\n<\/tr>\n<\/tbody>\n<\/table>\n<p style=\"text-align: left;\">.<\/p>\n\t\t<div class=\"pk-inline-posts\">\n\t\t\t\n\t\t\t<div class=\"pk-inline-posts-container pk-inline-posts-template-list\"\n\t\t\t\tdata-columns=\"1\">\n\t\t\t\t\t\t<article id=\"post-73710\" class=\"post-73710 post type-post status-publish format-standard has-post-thumbnail category-z-colaborador-heriberto-prieto category-colaborador tag-acaso tag-correcto tag-evaluas tag-heriberto-prieto tag-redes tag-sociales tag-voto cs-entry cs-video-wrap\">\n\t\t\t<div class=\"pk-post-outer\">\n\n\t\t\t\t\t\t\t\t<div class=\"pk-post-inner\">\n\t\t\t\t\t<div class=\"entry-thumbnail\">\n\t\t\t\t\t\t<div class=\"pk-overlay pk-overlay-ratio pk-ratio-landscape\">\n\t\t\t\t\t\t\t<div class=\"pk-overlay-background\">\n\t\t\t\t\t\t\t\t<a href=\"https:\/\/webdelmaestrocmf.com\/portal\/heriberto-prieto-evaluas-por-voto-en-redes-sociales-acaso-es-correcto\/\" class=\"pk-overlay-link\">\n\t\t\t\t\t\t\t\t\t<img loading=\"lazy\" decoding=\"async\" width=\"300\" height=\"225\" src=\"https:\/\/webdelmaestrocmf.com\/portal\/wp-content\/uploads\/2022\/01\/1-173-300x225.jpg\" class=\"attachment-pk-thumbnail size-pk-thumbnail wp-post-image\" alt=\"\" \/>\t\t\t\t\t\t\t\t<\/a>\n\t\t\t\t\t\t\t<\/div>\n\t\t\t\t\t\t<\/div>\n\t\t\t\t\t<\/div>\n\t\t\t\t<\/div>\n\t\t\t\t\n\t\t\t\t<div class=\"pk-post-inner\">\n\t\t\t\t\t<header>\n\t\t\t\t\t\t<h3 class=\"pk-title\"><a href=\"https:\/\/webdelmaestrocmf.com\/portal\/heriberto-prieto-evaluas-por-voto-en-redes-sociales-acaso-es-correcto\/\" rel=\"bookmark\">[Heriberto Prieto] Eval\u00faas por Voto en Redes Sociales. \u00bfAcaso es correcto?<\/a><\/h3>\t\t\t\t\t<\/header><!-- .entry-header -->\n\t\t\t\t<\/div><!-- .post-inner -->\n\n\t\t\t<\/div><!-- .post-outer -->\n\t\t<\/article>\n\t\t\t\t<\/div>\n\t\t<\/div>\n\t\t\n","protected":false},"excerpt":{"rendered":"El primer paso para llevar a cabo la formaci\u00f3n de los estudiantes en la integraci\u00f3n de las Tecnolog\u00edas&hellip;","protected":false},"author":1,"featured_media":27268,"comment_status":"open","ping_status":"closed","sticky":false,"template":"","format":"standard","meta":{"csco_display_header_overlay":false,"csco_singular_sidebar":"default","csco_page_header_type":"default","csco_page_load_nextpost":"default","csco_post_video_location":[],"csco_post_video_location_hash":"","csco_post_video_url":"","csco_post_video_bg_start_time":0,"csco_post_video_bg_end_time":0,"csco_post_video_bg_volume":false,"_jetpack_memberships_contains_paid_content":false,"footnotes":""},"categories":[2043,1790],"tags":[1558,608,2038,3481,3480,2510,3482],"class_list":{"0":"post-27265","1":"post","2":"type-post","3":"status-publish","4":"format-standard","5":"has-post-thumbnail","7":"category-z-colaborador-heriberto-prieto","8":"category-colaborador","9":"tag-comunidad","10":"tag-escolar","11":"tag-heriberto-prieto","12":"tag-instantaneos","13":"tag-mensajeria","14":"tag-necesidad","15":"tag-selectiva","16":"cs-entry","17":"cs-video-wrap"},"yoast_head":"<!-- This site is optimized with the Yoast SEO plugin v27.5 - https:\/\/yoast.com\/product\/yoast-seo-wordpress\/ -->\n<title>[Heriberto Prieto] La mensajer\u00eda instant\u00e1nea es una necesidad selectiva para la comunidad escolar<\/title>\n<meta name=\"description\" content=\"El primer paso para llevar a cabo la formaci\u00f3n de los estudiantes en la integraci\u00f3n de las Tecnolog\u00edas de la Informaci\u00f3n...\" \/>\n<meta name=\"robots\" content=\"index, follow, max-snippet:-1, max-image-preview:large, max-video-preview:-1\" \/>\n<link rel=\"canonical\" href=\"https:\/\/webdelmaestrocmf.com\/portal\/heriberto-prieto-la-mensajeria-instantaneos-una-necesidad-selectiva-para-la-comunidad-escolar\/\" \/>\n<meta property=\"og:locale\" content=\"es_ES\" \/>\n<meta property=\"og:type\" content=\"article\" \/>\n<meta property=\"og:title\" content=\"[Heriberto Prieto] La mensajer\u00eda instant\u00e1nea es una necesidad selectiva para la comunidad escolar\" \/>\n<meta property=\"og:description\" content=\"El primer paso para llevar a cabo la formaci\u00f3n de los estudiantes en la integraci\u00f3n de las Tecnolog\u00edas de la Informaci\u00f3n...\" \/>\n<meta property=\"og:url\" content=\"https:\/\/webdelmaestrocmf.com\/portal\/heriberto-prieto-la-mensajeria-instantaneos-una-necesidad-selectiva-para-la-comunidad-escolar\/\" \/>\n<meta property=\"og:site_name\" content=\"Web del Maestro CMF\" \/>\n<meta property=\"article:publisher\" content=\"https:\/\/www.facebook.com\/WebdelMaestroCMF\/\" \/>\n<meta property=\"article:author\" content=\"https:\/\/www.facebook.com\/WebdelMaestroCMF\/\" \/>\n<meta property=\"article:published_time\" content=\"2018-04-18T12:04:01+00:00\" \/>\n<meta property=\"article:modified_time\" content=\"2021-10-27T18:51:08+00:00\" \/>\n<meta property=\"og:image\" content=\"https:\/\/i0.wp.com\/webdelmaestrocmf.com\/portal\/wp-content\/uploads\/2018\/04\/mensajes.jpg?fit=1100%2C680&ssl=1\" \/>\n\t<meta property=\"og:image:width\" content=\"1100\" \/>\n\t<meta property=\"og:image:height\" content=\"680\" \/>\n\t<meta property=\"og:image:type\" content=\"image\/jpeg\" \/>\n<meta name=\"author\" content=\"Web del Maestro CMF\" \/>\n<meta name=\"twitter:card\" content=\"summary_large_image\" \/>\n<meta name=\"twitter:creator\" content=\"@cmf_w\" \/>\n<meta name=\"twitter:site\" content=\"@cmf_w\" \/>\n<script type=\"application\/ld+json\" class=\"yoast-schema-graph\">{\"@context\":\"https:\\\/\\\/schema.org\",\"@graph\":[{\"@type\":\"ScholarlyArticle\",\"@id\":\"https:\\\/\\\/webdelmaestrocmf.com\\\/portal\\\/heriberto-prieto-la-mensajeria-instantaneos-una-necesidad-selectiva-para-la-comunidad-escolar\\\/#article\",\"isPartOf\":{\"@id\":\"https:\\\/\\\/webdelmaestrocmf.com\\\/portal\\\/heriberto-prieto-la-mensajeria-instantaneos-una-necesidad-selectiva-para-la-comunidad-escolar\\\/\"},\"author\":{\"name\":\"Web del Maestro CMF\",\"@id\":\"https:\\\/\\\/webdelmaestrocmf.com\\\/portal\\\/#\\\/schema\\\/person\\\/1072a2ed7bd960df8ef99a551fa35dc5\"},\"headline\":\"[Heriberto Prieto] La mensajer\u00eda instant\u00e1nea es una necesidad selectiva para la comunidad escolar\",\"datePublished\":\"2018-04-18T12:04:01+00:00\",\"dateModified\":\"2021-10-27T18:51:08+00:00\",\"mainEntityOfPage\":{\"@id\":\"https:\\\/\\\/webdelmaestrocmf.com\\\/portal\\\/heriberto-prieto-la-mensajeria-instantaneos-una-necesidad-selectiva-para-la-comunidad-escolar\\\/\"},\"wordCount\":1113,\"commentCount\":0,\"publisher\":{\"@id\":\"https:\\\/\\\/webdelmaestrocmf.com\\\/portal\\\/#organization\"},\"image\":{\"@id\":\"https:\\\/\\\/webdelmaestrocmf.com\\\/portal\\\/heriberto-prieto-la-mensajeria-instantaneos-una-necesidad-selectiva-para-la-comunidad-escolar\\\/#primaryimage\"},\"thumbnailUrl\":\"https:\\\/\\\/webdelmaestrocmf.com\\\/portal\\\/wp-content\\\/uploads\\\/2018\\\/04\\\/mensajes.jpg\",\"keywords\":[\"COMUNIDAD\",\"ESCOLAR\",\"HERIBERTO PRIETO\",\"INSTANT\u00c1NEOS\",\"MENSAJER\u00cdA\",\"NECESIDAD\",\"SELECTIVA\"],\"articleSection\":[\"Z-Colaborador-Heriberto-Prieto\",\"Z-Colaboradores\"],\"inLanguage\":\"es\",\"potentialAction\":[{\"@type\":\"CommentAction\",\"name\":\"Comment\",\"target\":[\"https:\\\/\\\/webdelmaestrocmf.com\\\/portal\\\/heriberto-prieto-la-mensajeria-instantaneos-una-necesidad-selectiva-para-la-comunidad-escolar\\\/#respond\"]}]},{\"@type\":\"WebPage\",\"@id\":\"https:\\\/\\\/webdelmaestrocmf.com\\\/portal\\\/heriberto-prieto-la-mensajeria-instantaneos-una-necesidad-selectiva-para-la-comunidad-escolar\\\/\",\"url\":\"https:\\\/\\\/webdelmaestrocmf.com\\\/portal\\\/heriberto-prieto-la-mensajeria-instantaneos-una-necesidad-selectiva-para-la-comunidad-escolar\\\/\",\"name\":\"[Heriberto Prieto] La mensajer\u00eda instant\u00e1nea es una necesidad selectiva para la comunidad escolar\",\"isPartOf\":{\"@id\":\"https:\\\/\\\/webdelmaestrocmf.com\\\/portal\\\/#website\"},\"primaryImageOfPage\":{\"@id\":\"https:\\\/\\\/webdelmaestrocmf.com\\\/portal\\\/heriberto-prieto-la-mensajeria-instantaneos-una-necesidad-selectiva-para-la-comunidad-escolar\\\/#primaryimage\"},\"image\":{\"@id\":\"https:\\\/\\\/webdelmaestrocmf.com\\\/portal\\\/heriberto-prieto-la-mensajeria-instantaneos-una-necesidad-selectiva-para-la-comunidad-escolar\\\/#primaryimage\"},\"thumbnailUrl\":\"https:\\\/\\\/webdelmaestrocmf.com\\\/portal\\\/wp-content\\\/uploads\\\/2018\\\/04\\\/mensajes.jpg\",\"datePublished\":\"2018-04-18T12:04:01+00:00\",\"dateModified\":\"2021-10-27T18:51:08+00:00\",\"description\":\"El primer paso para llevar a cabo la formaci\u00f3n de los estudiantes en la integraci\u00f3n de las Tecnolog\u00edas de la Informaci\u00f3n...\",\"breadcrumb\":{\"@id\":\"https:\\\/\\\/webdelmaestrocmf.com\\\/portal\\\/heriberto-prieto-la-mensajeria-instantaneos-una-necesidad-selectiva-para-la-comunidad-escolar\\\/#breadcrumb\"},\"inLanguage\":\"es\",\"potentialAction\":[{\"@type\":\"ReadAction\",\"target\":[\"https:\\\/\\\/webdelmaestrocmf.com\\\/portal\\\/heriberto-prieto-la-mensajeria-instantaneos-una-necesidad-selectiva-para-la-comunidad-escolar\\\/\"]}]},{\"@type\":\"ImageObject\",\"inLanguage\":\"es\",\"@id\":\"https:\\\/\\\/webdelmaestrocmf.com\\\/portal\\\/heriberto-prieto-la-mensajeria-instantaneos-una-necesidad-selectiva-para-la-comunidad-escolar\\\/#primaryimage\",\"url\":\"https:\\\/\\\/webdelmaestrocmf.com\\\/portal\\\/wp-content\\\/uploads\\\/2018\\\/04\\\/mensajes.jpg\",\"contentUrl\":\"https:\\\/\\\/webdelmaestrocmf.com\\\/portal\\\/wp-content\\\/uploads\\\/2018\\\/04\\\/mensajes.jpg\",\"width\":1100,\"height\":680},{\"@type\":\"BreadcrumbList\",\"@id\":\"https:\\\/\\\/webdelmaestrocmf.com\\\/portal\\\/heriberto-prieto-la-mensajeria-instantaneos-una-necesidad-selectiva-para-la-comunidad-escolar\\\/#breadcrumb\",\"itemListElement\":[{\"@type\":\"ListItem\",\"position\":1,\"name\":\"Portada\",\"item\":\"https:\\\/\\\/webdelmaestrocmf.com\\\/portal\\\/\"},{\"@type\":\"ListItem\",\"position\":2,\"name\":\"Z-Colaboradores\",\"item\":\"https:\\\/\\\/webdelmaestrocmf.com\\\/portal\\\/category\\\/colaborador\\\/\"},{\"@type\":\"ListItem\",\"position\":3,\"name\":\"[Heriberto Prieto] La mensajer\u00eda instant\u00e1nea es una necesidad selectiva para la comunidad escolar\"}]},{\"@type\":\"WebSite\",\"@id\":\"https:\\\/\\\/webdelmaestrocmf.com\\\/portal\\\/#website\",\"url\":\"https:\\\/\\\/webdelmaestrocmf.com\\\/portal\\\/\",\"name\":\"Web del Maestro CMF\",\"description\":\"Maestros al servicio de la educaci\u00f3n\",\"publisher\":{\"@id\":\"https:\\\/\\\/webdelmaestrocmf.com\\\/portal\\\/#organization\"},\"alternateName\":\"WMCMF\",\"potentialAction\":[{\"@type\":\"SearchAction\",\"target\":{\"@type\":\"EntryPoint\",\"urlTemplate\":\"https:\\\/\\\/webdelmaestrocmf.com\\\/portal\\\/?s={search_term_string}\"},\"query-input\":{\"@type\":\"PropertyValueSpecification\",\"valueRequired\":true,\"valueName\":\"search_term_string\"}}],\"inLanguage\":\"es\"},{\"@type\":\"Organization\",\"@id\":\"https:\\\/\\\/webdelmaestrocmf.com\\\/portal\\\/#organization\",\"name\":\"Web del Maestro CMF\",\"alternateName\":\"WMCMF\",\"url\":\"https:\\\/\\\/webdelmaestrocmf.com\\\/portal\\\/\",\"logo\":{\"@type\":\"ImageObject\",\"inLanguage\":\"es\",\"@id\":\"https:\\\/\\\/webdelmaestrocmf.com\\\/portal\\\/#\\\/schema\\\/logo\\\/image\\\/\",\"url\":\"https:\\\/\\\/webdelmaestrocmf.com\\\/portal\\\/wp-content\\\/uploads\\\/2023\\\/01\\\/logo-wmcmf-2.png\",\"contentUrl\":\"https:\\\/\\\/webdelmaestrocmf.com\\\/portal\\\/wp-content\\\/uploads\\\/2023\\\/01\\\/logo-wmcmf-2.png\",\"width\":200,\"height\":60,\"caption\":\"Web del Maestro CMF\"},\"image\":{\"@id\":\"https:\\\/\\\/webdelmaestrocmf.com\\\/portal\\\/#\\\/schema\\\/logo\\\/image\\\/\"},\"sameAs\":[\"https:\\\/\\\/www.facebook.com\\\/WebdelMaestroCMF\\\/\",\"https:\\\/\\\/x.com\\\/cmf_w\",\"https:\\\/\\\/www.pinterest.com\\\/WMCMF\\\/\",\"https:\\\/\\\/www.linkedin.com\\\/company\\\/web-del-maestro-cmf\\\/\",\"https:\\\/\\\/www.instagram.com\\\/wmcmf\\\/\",\"https:\\\/\\\/www.youtube.com\\\/channel\\\/UCDPSvjbdodE5sHnC3OxutHw\",\"https:\\\/\\\/mastodon.social\\\/@wmcmf\",\"https:\\\/\\\/www.tiktok.com\\\/@webdelmaestrocmf\"]},{\"@type\":\"Person\",\"@id\":\"https:\\\/\\\/webdelmaestrocmf.com\\\/portal\\\/#\\\/schema\\\/person\\\/1072a2ed7bd960df8ef99a551fa35dc5\",\"name\":\"Web del Maestro CMF\",\"image\":{\"@type\":\"ImageObject\",\"inLanguage\":\"es\",\"@id\":\"https:\\\/\\\/secure.gravatar.com\\\/avatar\\\/23291dd5b5ae1077dcff3dbb04c3e02bd28403fa75af6d8787d5e97c5bbbe30b?s=96&d=mm&r=g\",\"url\":\"https:\\\/\\\/secure.gravatar.com\\\/avatar\\\/23291dd5b5ae1077dcff3dbb04c3e02bd28403fa75af6d8787d5e97c5bbbe30b?s=96&d=mm&r=g\",\"contentUrl\":\"https:\\\/\\\/secure.gravatar.com\\\/avatar\\\/23291dd5b5ae1077dcff3dbb04c3e02bd28403fa75af6d8787d5e97c5bbbe30b?s=96&d=mm&r=g\",\"caption\":\"Web del Maestro CMF\"},\"description\":\"Esta Web se cre\u00f3 sin fines de lucro, con fines educativos, cient\u00edficos y acad\u00e9micos, para personas que tengan dificultades y\\\/o inconvenientes en visualizar el material original. El objetivo es entregar recursos, compartir experiencias y materiales que ayuden a los padres de familia, maestros y estudiantes en su actualizaci\u00f3n y formaci\u00f3n permanente, en bien de la Educaci\u00f3n.\",\"sameAs\":[\"http:\\\/\\\/webdelmaestrocmf.com\\\/portal\",\"https:\\\/\\\/www.facebook.com\\\/WebdelMaestroCMF\\\/\",\"https:\\\/\\\/www.instagram.com\\\/wmcmf\\\/\",\"https:\\\/\\\/cl.linkedin.com\\\/company\\\/web-del-maestro-cmf\",\"https:\\\/\\\/www.pinterest.com\\\/WMCMF\\\/publicaciones\\\/\",\"https:\\\/\\\/x.com\\\/cmf_w\",\"https:\\\/\\\/www.youtube.com\\\/@WMCMF\"]}]}<\/script>\n<!-- \/ Yoast SEO plugin. -->","yoast_head_json":{"title":"[Heriberto Prieto] La mensajer\u00eda instant\u00e1nea es una necesidad selectiva para la comunidad escolar","description":"El primer paso para llevar a cabo la formaci\u00f3n de los estudiantes en la integraci\u00f3n de las Tecnolog\u00edas de la Informaci\u00f3n...","robots":{"index":"index","follow":"follow","max-snippet":"max-snippet:-1","max-image-preview":"max-image-preview:large","max-video-preview":"max-video-preview:-1"},"canonical":"https:\/\/webdelmaestrocmf.com\/portal\/heriberto-prieto-la-mensajeria-instantaneos-una-necesidad-selectiva-para-la-comunidad-escolar\/","og_locale":"es_ES","og_type":"article","og_title":"[Heriberto Prieto] La mensajer\u00eda instant\u00e1nea es una necesidad selectiva para la comunidad escolar","og_description":"El primer paso para llevar a cabo la formaci\u00f3n de los estudiantes en la integraci\u00f3n de las Tecnolog\u00edas de la Informaci\u00f3n...","og_url":"https:\/\/webdelmaestrocmf.com\/portal\/heriberto-prieto-la-mensajeria-instantaneos-una-necesidad-selectiva-para-la-comunidad-escolar\/","og_site_name":"Web del Maestro CMF","article_publisher":"https:\/\/www.facebook.com\/WebdelMaestroCMF\/","article_author":"https:\/\/www.facebook.com\/WebdelMaestroCMF\/","article_published_time":"2018-04-18T12:04:01+00:00","article_modified_time":"2021-10-27T18:51:08+00:00","og_image":[{"width":1100,"height":680,"url":"https:\/\/i0.wp.com\/webdelmaestrocmf.com\/portal\/wp-content\/uploads\/2018\/04\/mensajes.jpg?fit=1100%2C680&ssl=1","type":"image\/jpeg"}],"author":"Web del Maestro CMF","twitter_card":"summary_large_image","twitter_creator":"@cmf_w","twitter_site":"@cmf_w","schema":{"@context":"https:\/\/schema.org","@graph":[{"@type":"ScholarlyArticle","@id":"https:\/\/webdelmaestrocmf.com\/portal\/heriberto-prieto-la-mensajeria-instantaneos-una-necesidad-selectiva-para-la-comunidad-escolar\/#article","isPartOf":{"@id":"https:\/\/webdelmaestrocmf.com\/portal\/heriberto-prieto-la-mensajeria-instantaneos-una-necesidad-selectiva-para-la-comunidad-escolar\/"},"author":{"name":"Web del Maestro CMF","@id":"https:\/\/webdelmaestrocmf.com\/portal\/#\/schema\/person\/1072a2ed7bd960df8ef99a551fa35dc5"},"headline":"[Heriberto Prieto] La mensajer\u00eda instant\u00e1nea es una necesidad selectiva para la comunidad escolar","datePublished":"2018-04-18T12:04:01+00:00","dateModified":"2021-10-27T18:51:08+00:00","mainEntityOfPage":{"@id":"https:\/\/webdelmaestrocmf.com\/portal\/heriberto-prieto-la-mensajeria-instantaneos-una-necesidad-selectiva-para-la-comunidad-escolar\/"},"wordCount":1113,"commentCount":0,"publisher":{"@id":"https:\/\/webdelmaestrocmf.com\/portal\/#organization"},"image":{"@id":"https:\/\/webdelmaestrocmf.com\/portal\/heriberto-prieto-la-mensajeria-instantaneos-una-necesidad-selectiva-para-la-comunidad-escolar\/#primaryimage"},"thumbnailUrl":"https:\/\/webdelmaestrocmf.com\/portal\/wp-content\/uploads\/2018\/04\/mensajes.jpg","keywords":["COMUNIDAD","ESCOLAR","HERIBERTO PRIETO","INSTANT\u00c1NEOS","MENSAJER\u00cdA","NECESIDAD","SELECTIVA"],"articleSection":["Z-Colaborador-Heriberto-Prieto","Z-Colaboradores"],"inLanguage":"es","potentialAction":[{"@type":"CommentAction","name":"Comment","target":["https:\/\/webdelmaestrocmf.com\/portal\/heriberto-prieto-la-mensajeria-instantaneos-una-necesidad-selectiva-para-la-comunidad-escolar\/#respond"]}]},{"@type":"WebPage","@id":"https:\/\/webdelmaestrocmf.com\/portal\/heriberto-prieto-la-mensajeria-instantaneos-una-necesidad-selectiva-para-la-comunidad-escolar\/","url":"https:\/\/webdelmaestrocmf.com\/portal\/heriberto-prieto-la-mensajeria-instantaneos-una-necesidad-selectiva-para-la-comunidad-escolar\/","name":"[Heriberto Prieto] La mensajer\u00eda instant\u00e1nea es una necesidad selectiva para la comunidad escolar","isPartOf":{"@id":"https:\/\/webdelmaestrocmf.com\/portal\/#website"},"primaryImageOfPage":{"@id":"https:\/\/webdelmaestrocmf.com\/portal\/heriberto-prieto-la-mensajeria-instantaneos-una-necesidad-selectiva-para-la-comunidad-escolar\/#primaryimage"},"image":{"@id":"https:\/\/webdelmaestrocmf.com\/portal\/heriberto-prieto-la-mensajeria-instantaneos-una-necesidad-selectiva-para-la-comunidad-escolar\/#primaryimage"},"thumbnailUrl":"https:\/\/webdelmaestrocmf.com\/portal\/wp-content\/uploads\/2018\/04\/mensajes.jpg","datePublished":"2018-04-18T12:04:01+00:00","dateModified":"2021-10-27T18:51:08+00:00","description":"El primer paso para llevar a cabo la formaci\u00f3n de los estudiantes en la integraci\u00f3n de las Tecnolog\u00edas de la Informaci\u00f3n...","breadcrumb":{"@id":"https:\/\/webdelmaestrocmf.com\/portal\/heriberto-prieto-la-mensajeria-instantaneos-una-necesidad-selectiva-para-la-comunidad-escolar\/#breadcrumb"},"inLanguage":"es","potentialAction":[{"@type":"ReadAction","target":["https:\/\/webdelmaestrocmf.com\/portal\/heriberto-prieto-la-mensajeria-instantaneos-una-necesidad-selectiva-para-la-comunidad-escolar\/"]}]},{"@type":"ImageObject","inLanguage":"es","@id":"https:\/\/webdelmaestrocmf.com\/portal\/heriberto-prieto-la-mensajeria-instantaneos-una-necesidad-selectiva-para-la-comunidad-escolar\/#primaryimage","url":"https:\/\/webdelmaestrocmf.com\/portal\/wp-content\/uploads\/2018\/04\/mensajes.jpg","contentUrl":"https:\/\/webdelmaestrocmf.com\/portal\/wp-content\/uploads\/2018\/04\/mensajes.jpg","width":1100,"height":680},{"@type":"BreadcrumbList","@id":"https:\/\/webdelmaestrocmf.com\/portal\/heriberto-prieto-la-mensajeria-instantaneos-una-necesidad-selectiva-para-la-comunidad-escolar\/#breadcrumb","itemListElement":[{"@type":"ListItem","position":1,"name":"Portada","item":"https:\/\/webdelmaestrocmf.com\/portal\/"},{"@type":"ListItem","position":2,"name":"Z-Colaboradores","item":"https:\/\/webdelmaestrocmf.com\/portal\/category\/colaborador\/"},{"@type":"ListItem","position":3,"name":"[Heriberto Prieto] La mensajer\u00eda instant\u00e1nea es una necesidad selectiva para la comunidad escolar"}]},{"@type":"WebSite","@id":"https:\/\/webdelmaestrocmf.com\/portal\/#website","url":"https:\/\/webdelmaestrocmf.com\/portal\/","name":"Web del Maestro CMF","description":"Maestros al servicio de la educaci\u00f3n","publisher":{"@id":"https:\/\/webdelmaestrocmf.com\/portal\/#organization"},"alternateName":"WMCMF","potentialAction":[{"@type":"SearchAction","target":{"@type":"EntryPoint","urlTemplate":"https:\/\/webdelmaestrocmf.com\/portal\/?s={search_term_string}"},"query-input":{"@type":"PropertyValueSpecification","valueRequired":true,"valueName":"search_term_string"}}],"inLanguage":"es"},{"@type":"Organization","@id":"https:\/\/webdelmaestrocmf.com\/portal\/#organization","name":"Web del Maestro CMF","alternateName":"WMCMF","url":"https:\/\/webdelmaestrocmf.com\/portal\/","logo":{"@type":"ImageObject","inLanguage":"es","@id":"https:\/\/webdelmaestrocmf.com\/portal\/#\/schema\/logo\/image\/","url":"https:\/\/webdelmaestrocmf.com\/portal\/wp-content\/uploads\/2023\/01\/logo-wmcmf-2.png","contentUrl":"https:\/\/webdelmaestrocmf.com\/portal\/wp-content\/uploads\/2023\/01\/logo-wmcmf-2.png","width":200,"height":60,"caption":"Web del Maestro CMF"},"image":{"@id":"https:\/\/webdelmaestrocmf.com\/portal\/#\/schema\/logo\/image\/"},"sameAs":["https:\/\/www.facebook.com\/WebdelMaestroCMF\/","https:\/\/x.com\/cmf_w","https:\/\/www.pinterest.com\/WMCMF\/","https:\/\/www.linkedin.com\/company\/web-del-maestro-cmf\/","https:\/\/www.instagram.com\/wmcmf\/","https:\/\/www.youtube.com\/channel\/UCDPSvjbdodE5sHnC3OxutHw","https:\/\/mastodon.social\/@wmcmf","https:\/\/www.tiktok.com\/@webdelmaestrocmf"]},{"@type":"Person","@id":"https:\/\/webdelmaestrocmf.com\/portal\/#\/schema\/person\/1072a2ed7bd960df8ef99a551fa35dc5","name":"Web del Maestro CMF","image":{"@type":"ImageObject","inLanguage":"es","@id":"https:\/\/secure.gravatar.com\/avatar\/23291dd5b5ae1077dcff3dbb04c3e02bd28403fa75af6d8787d5e97c5bbbe30b?s=96&d=mm&r=g","url":"https:\/\/secure.gravatar.com\/avatar\/23291dd5b5ae1077dcff3dbb04c3e02bd28403fa75af6d8787d5e97c5bbbe30b?s=96&d=mm&r=g","contentUrl":"https:\/\/secure.gravatar.com\/avatar\/23291dd5b5ae1077dcff3dbb04c3e02bd28403fa75af6d8787d5e97c5bbbe30b?s=96&d=mm&r=g","caption":"Web del Maestro CMF"},"description":"Esta Web se cre\u00f3 sin fines de lucro, con fines educativos, cient\u00edficos y acad\u00e9micos, para personas que tengan dificultades y\/o inconvenientes en visualizar el material original. El objetivo es entregar recursos, compartir experiencias y materiales que ayuden a los padres de familia, maestros y estudiantes en su actualizaci\u00f3n y formaci\u00f3n permanente, en bien de la Educaci\u00f3n.","sameAs":["http:\/\/webdelmaestrocmf.com\/portal","https:\/\/www.facebook.com\/WebdelMaestroCMF\/","https:\/\/www.instagram.com\/wmcmf\/","https:\/\/cl.linkedin.com\/company\/web-del-maestro-cmf","https:\/\/www.pinterest.com\/WMCMF\/publicaciones\/","https:\/\/x.com\/cmf_w","https:\/\/www.youtube.com\/@WMCMF"]}]}},"jetpack_featured_media_url":"https:\/\/webdelmaestrocmf.com\/portal\/wp-content\/uploads\/2018\/04\/mensajes.jpg","jetpack_sharing_enabled":true,"jetpack-related-posts":[{"id":64729,"url":"https:\/\/webdelmaestrocmf.com\/portal\/heriberto-prieto-aprendizajes-con-el-uso-de-las-tecnologias-durante-la-pandemia-avance-o-retroceso\/","url_meta":{"origin":27265,"position":0},"title":"[Heriberto Prieto] Aprendizajes con el uso de las tecnolog\u00edas durante la pandemia: \u00bfAvance o retroceso?","author":"Web del Maestro CMF","date":"4 julio, 2021","format":false,"excerpt":"Antes de la pandemia por el COVID el uso de dispositivos y las tecnolog\u00edas (de la comunicaci\u00f3n) era un m\u00e9todo opcional para estudiantes y profesores (en casi todos los sectores y niveles educativos) en zonas urbanas y semiurbanas en niveles de alta marginaci\u00f3n. Se proyectaba que habr\u00eda un oportunidades de\u2026","rel":"","context":"En \u00abZ-Colaborador-Heriberto-Prieto\u00bb","block_context":{"text":"Z-Colaborador-Heriberto-Prieto","link":"https:\/\/webdelmaestrocmf.com\/portal\/category\/colaborador\/z-colaborador-heriberto-prieto\/"},"img":{"alt_text":"","src":"https:\/\/i0.wp.com\/webdelmaestrocmf.com\/portal\/wp-content\/uploads\/2021\/07\/1-6.jpg?resize=350%2C200&ssl=1","width":350,"height":200,"srcset":"https:\/\/i0.wp.com\/webdelmaestrocmf.com\/portal\/wp-content\/uploads\/2021\/07\/1-6.jpg?resize=350%2C200&ssl=1 1x, https:\/\/i0.wp.com\/webdelmaestrocmf.com\/portal\/wp-content\/uploads\/2021\/07\/1-6.jpg?resize=525%2C300&ssl=1 1.5x, https:\/\/i0.wp.com\/webdelmaestrocmf.com\/portal\/wp-content\/uploads\/2021\/07\/1-6.jpg?resize=700%2C400&ssl=1 2x, https:\/\/i0.wp.com\/webdelmaestrocmf.com\/portal\/wp-content\/uploads\/2021\/07\/1-6.jpg?resize=1050%2C600&ssl=1 3x"},"classes":[]},{"id":57569,"url":"https:\/\/webdelmaestrocmf.com\/portal\/heriberto-prieto-perdidas-de-aprendizajes-tu-futuro-es-incierto\/","url_meta":{"origin":27265,"position":1},"title":"[Heriberto Prieto] P\u00e9rdidas de Aprendizajes: \u00bfTu futuro es incierto?","author":"Web del Maestro CMF","date":"13 enero, 2021","format":false,"excerpt":"Las autoridades educativas implementaron pol\u00edticas para evitar un apag\u00f3n educativo. Ante ello los alumnos dejaron de estudiar por la\u00a0pandemia del Covid-19, las causas del abandono fue por protecci\u00f3n a su salud y otros por no adaptase al cambio de educaci\u00f3n a distancia, pero de los inscritos predominaron aquellos sin el\u2026","rel":"","context":"En \u00abZ-Colaborador-Heriberto-Prieto\u00bb","block_context":{"text":"Z-Colaborador-Heriberto-Prieto","link":"https:\/\/webdelmaestrocmf.com\/portal\/category\/colaborador\/z-colaborador-heriberto-prieto\/"},"img":{"alt_text":"","src":"https:\/\/i0.wp.com\/webdelmaestrocmf.com\/portal\/wp-content\/uploads\/2021\/01\/1-copia-80.jpg?resize=350%2C200&ssl=1","width":350,"height":200,"srcset":"https:\/\/i0.wp.com\/webdelmaestrocmf.com\/portal\/wp-content\/uploads\/2021\/01\/1-copia-80.jpg?resize=350%2C200&ssl=1 1x, https:\/\/i0.wp.com\/webdelmaestrocmf.com\/portal\/wp-content\/uploads\/2021\/01\/1-copia-80.jpg?resize=525%2C300&ssl=1 1.5x, https:\/\/i0.wp.com\/webdelmaestrocmf.com\/portal\/wp-content\/uploads\/2021\/01\/1-copia-80.jpg?resize=700%2C400&ssl=1 2x, https:\/\/i0.wp.com\/webdelmaestrocmf.com\/portal\/wp-content\/uploads\/2021\/01\/1-copia-80.jpg?resize=1050%2C600&ssl=1 3x"},"classes":[]},{"id":56342,"url":"https:\/\/webdelmaestrocmf.com\/portal\/heriberto-prieto-el-docente-en-la-pandemia-en-el-ojo-del-huracan\/","url_meta":{"origin":27265,"position":2},"title":"[Heriberto Prieto] El docente en la pandemia en el ojo del hurac\u00e1n","author":"Web del Maestro CMF","date":"26 diciembre, 2020","format":false,"excerpt":"Comienza la jornada una clase online a la vez que dar\u00e1 el maestro o maestra en un horario fijado con previo acuerdo y conocimiento de alumnos y padres de familia, se activa la videollamada, comienza la clase, al parecer todo marchar\u00eda sin novedad \u00bfsi, todos est\u00e1n bien? Tambi\u00e9n, es un\u2026","rel":"","context":"En \u00abZ-Colaborador-Heriberto-Prieto\u00bb","block_context":{"text":"Z-Colaborador-Heriberto-Prieto","link":"https:\/\/webdelmaestrocmf.com\/portal\/category\/colaborador\/z-colaborador-heriberto-prieto\/"},"img":{"alt_text":"","src":"https:\/\/i0.wp.com\/webdelmaestrocmf.com\/portal\/wp-content\/uploads\/2020\/12\/1-copia-66.jpg?resize=350%2C200&ssl=1","width":350,"height":200,"srcset":"https:\/\/i0.wp.com\/webdelmaestrocmf.com\/portal\/wp-content\/uploads\/2020\/12\/1-copia-66.jpg?resize=350%2C200&ssl=1 1x, https:\/\/i0.wp.com\/webdelmaestrocmf.com\/portal\/wp-content\/uploads\/2020\/12\/1-copia-66.jpg?resize=525%2C300&ssl=1 1.5x, https:\/\/i0.wp.com\/webdelmaestrocmf.com\/portal\/wp-content\/uploads\/2020\/12\/1-copia-66.jpg?resize=700%2C400&ssl=1 2x, https:\/\/i0.wp.com\/webdelmaestrocmf.com\/portal\/wp-content\/uploads\/2020\/12\/1-copia-66.jpg?resize=1050%2C600&ssl=1 3x"},"classes":[]},{"id":54506,"url":"https:\/\/webdelmaestrocmf.com\/portal\/heriberto-prieto-que-pasa-con-los-estudios-con-la-educacion-a-distancia\/","url_meta":{"origin":27265,"position":3},"title":"[Heriberto Prieto] \u00bfQu\u00e9 pasa con los estudios con la educaci\u00f3n a distancia?","author":"Web del Maestro CMF","date":"13 noviembre, 2020","format":false,"excerpt":"La situaci\u00f3n que actualmente surgi\u00f3 en el sistema escolarizado de pasar de la modalidad educativa presencial a distancia se debe a la pandemia del COVID-19, motivo por el cual la gran mayor\u00eda realiza sus estudios en la modalidad online,\u00a0 en los cuales existen preguntas como por ejemplo \u00bfQu\u00e9 tecnolog\u00edas digitales\u2026","rel":"","context":"En \u00abZ-Colaborador-Heriberto-Prieto\u00bb","block_context":{"text":"Z-Colaborador-Heriberto-Prieto","link":"https:\/\/webdelmaestrocmf.com\/portal\/category\/colaborador\/z-colaborador-heriberto-prieto\/"},"img":{"alt_text":"","src":"https:\/\/i0.wp.com\/webdelmaestrocmf.com\/portal\/wp-content\/uploads\/2020\/11\/1-copia-41.jpg?resize=350%2C200&ssl=1","width":350,"height":200,"srcset":"https:\/\/i0.wp.com\/webdelmaestrocmf.com\/portal\/wp-content\/uploads\/2020\/11\/1-copia-41.jpg?resize=350%2C200&ssl=1 1x, https:\/\/i0.wp.com\/webdelmaestrocmf.com\/portal\/wp-content\/uploads\/2020\/11\/1-copia-41.jpg?resize=525%2C300&ssl=1 1.5x, https:\/\/i0.wp.com\/webdelmaestrocmf.com\/portal\/wp-content\/uploads\/2020\/11\/1-copia-41.jpg?resize=700%2C400&ssl=1 2x, https:\/\/i0.wp.com\/webdelmaestrocmf.com\/portal\/wp-content\/uploads\/2020\/11\/1-copia-41.jpg?resize=1050%2C600&ssl=1 3x"},"classes":[]},{"id":56902,"url":"https:\/\/webdelmaestrocmf.com\/portal\/heriberto-prieto-reciben-beca-en-media-superior-cuidado-con-las-estafas\/","url_meta":{"origin":27265,"position":4},"title":"[Heriberto Prieto] Reciben Beca en Media Superior: Cuidado con las Estafas","author":"Web del Maestro CMF","date":"4 enero, 2021","format":false,"excerpt":"[M\u00e9xico] El recibir la beca se ha convertido en el momento m\u00e1s esperado para los estudiantes de nivel medio superior durante esta pandemia por el COVIT-19.\u00a0 Pero \u00bfqu\u00e9 cuidados se deben tener para no ser v\u00edctima de la delincuencia cibern\u00e9tica? Como alumno es un momento de gran alegr\u00eda saber que\u2026","rel":"","context":"En \u00abZ-Colaborador-Heriberto-Prieto\u00bb","block_context":{"text":"Z-Colaborador-Heriberto-Prieto","link":"https:\/\/webdelmaestrocmf.com\/portal\/category\/colaborador\/z-colaborador-heriberto-prieto\/"},"img":{"alt_text":"","src":"https:\/\/i0.wp.com\/webdelmaestrocmf.com\/portal\/wp-content\/uploads\/2021\/01\/1-copia-18.jpg?resize=350%2C200&ssl=1","width":350,"height":200,"srcset":"https:\/\/i0.wp.com\/webdelmaestrocmf.com\/portal\/wp-content\/uploads\/2021\/01\/1-copia-18.jpg?resize=350%2C200&ssl=1 1x, https:\/\/i0.wp.com\/webdelmaestrocmf.com\/portal\/wp-content\/uploads\/2021\/01\/1-copia-18.jpg?resize=525%2C300&ssl=1 1.5x, https:\/\/i0.wp.com\/webdelmaestrocmf.com\/portal\/wp-content\/uploads\/2021\/01\/1-copia-18.jpg?resize=700%2C400&ssl=1 2x, https:\/\/i0.wp.com\/webdelmaestrocmf.com\/portal\/wp-content\/uploads\/2021\/01\/1-copia-18.jpg?resize=1050%2C600&ssl=1 3x"},"classes":[]},{"id":59358,"url":"https:\/\/webdelmaestrocmf.com\/portal\/heriberto-prieto-habia-una-vez-un-virus-videojuego-de-aprendizaje-del-coronavirus\/","url_meta":{"origin":27265,"position":5},"title":"[Heriberto Prieto] Hab\u00eda una vez un Virus: Videojuego de Aprendizaje del Coronavirus","author":"Web del Maestro CMF","date":"15 febrero, 2021","format":false,"excerpt":"El Coronavirus vino a cambiar nuestro modo de vida, al quedarnos en el confinamiento. Las alternativas de aprendizaje que se dieron fue el uso de los medios de comunicaci\u00f3n y el internet en el que todo parec\u00eda estar en un sal\u00f3n de clases pero sentado por largo periodo desde casa.\u2026","rel":"","context":"En \u00abZ-Colaborador-Heriberto-Prieto\u00bb","block_context":{"text":"Z-Colaborador-Heriberto-Prieto","link":"https:\/\/webdelmaestrocmf.com\/portal\/category\/colaborador\/z-colaborador-heriberto-prieto\/"},"img":{"alt_text":"","src":"https:\/\/i0.wp.com\/webdelmaestrocmf.com\/portal\/wp-content\/uploads\/2021\/02\/1-copia-46.jpg?resize=350%2C200&ssl=1","width":350,"height":200,"srcset":"https:\/\/i0.wp.com\/webdelmaestrocmf.com\/portal\/wp-content\/uploads\/2021\/02\/1-copia-46.jpg?resize=350%2C200&ssl=1 1x, https:\/\/i0.wp.com\/webdelmaestrocmf.com\/portal\/wp-content\/uploads\/2021\/02\/1-copia-46.jpg?resize=525%2C300&ssl=1 1.5x, https:\/\/i0.wp.com\/webdelmaestrocmf.com\/portal\/wp-content\/uploads\/2021\/02\/1-copia-46.jpg?resize=700%2C400&ssl=1 2x, https:\/\/i0.wp.com\/webdelmaestrocmf.com\/portal\/wp-content\/uploads\/2021\/02\/1-copia-46.jpg?resize=1050%2C600&ssl=1 3x"},"classes":[]}],"_links":{"self":[{"href":"https:\/\/webdelmaestrocmf.com\/portal\/wp-json\/wp\/v2\/posts\/27265","targetHints":{"allow":["GET"]}}],"collection":[{"href":"https:\/\/webdelmaestrocmf.com\/portal\/wp-json\/wp\/v2\/posts"}],"about":[{"href":"https:\/\/webdelmaestrocmf.com\/portal\/wp-json\/wp\/v2\/types\/post"}],"author":[{"embeddable":true,"href":"https:\/\/webdelmaestrocmf.com\/portal\/wp-json\/wp\/v2\/users\/1"}],"replies":[{"embeddable":true,"href":"https:\/\/webdelmaestrocmf.com\/portal\/wp-json\/wp\/v2\/comments?post=27265"}],"version-history":[{"count":0,"href":"https:\/\/webdelmaestrocmf.com\/portal\/wp-json\/wp\/v2\/posts\/27265\/revisions"}],"wp:featuredmedia":[{"embeddable":true,"href":"https:\/\/webdelmaestrocmf.com\/portal\/wp-json\/wp\/v2\/media\/27268"}],"wp:attachment":[{"href":"https:\/\/webdelmaestrocmf.com\/portal\/wp-json\/wp\/v2\/media?parent=27265"}],"wp:term":[{"taxonomy":"category","embeddable":true,"href":"https:\/\/webdelmaestrocmf.com\/portal\/wp-json\/wp\/v2\/categories?post=27265"},{"taxonomy":"post_tag","embeddable":true,"href":"https:\/\/webdelmaestrocmf.com\/portal\/wp-json\/wp\/v2\/tags?post=27265"}],"curies":[{"name":"wp","href":"https:\/\/api.w.org\/{rel}","templated":true}]}}