{"id":27169,"date":"2021-11-07T00:40:40","date_gmt":"2021-11-07T03:40:40","guid":{"rendered":"http:\/\/webdelmaestrocmf.com\/portal\/?p=27169"},"modified":"2021-11-07T22:08:08","modified_gmt":"2021-11-08T01:08:08","slug":"el-profesor-guia-debe-confiar-en-sus-alumnos-y-conocerlos-respetando-sus-ritmos-y-maneras-de-aprender","status":"publish","type":"post","link":"https:\/\/webdelmaestrocmf.com\/portal\/el-profesor-guia-debe-confiar-en-sus-alumnos-y-conocerlos-respetando-sus-ritmos-y-maneras-de-aprender\/","title":{"rendered":"Mar\u00eda Palacios: El profesor gu\u00eda debe confiar en sus alumnos y conocerlos, respetando sus ritmos y maneras de aprender"},"content":{"rendered":"<h5 style=\"text-align: justify;\">La Mag\u00edster en Psicopedagog\u00eda y Licenciada en Ciencias de la Educaci\u00f3n, Mar\u00eda Palacios Almendro, de nacionalidad peruana (Sullana, Piura), profesora en el Colegio\u00a0Nuestra Se\u00f1ora de Lourdes (Piura), capacitadora regional y colaboradora en su \u201cAlma Mater\u201d, la Universidad de Piura; particip\u00f3 y gan\u00f3 el concurso de Innovaci\u00f3n Educativa 2017, organizado por la Fundaci\u00f3n Telef\u00f3nica \u2013 Educared, con el proyecto: <strong>\u201c<\/strong><strong>Leer es crecer<\/strong>\u201d, un programa que promueve el h\u00e1bito lector entre los estudiantes del colegio Mar\u00eda Montessori, de manera interactiva.<\/h5>\n<p><!--more--><\/p>\n<p style=\"text-align: justify;\">Mar\u00eda Palacios explica que el proyecto plantea el <strong>uso de estrategias de animaci\u00f3n a la lectura para fomentar el h\u00e1bito lector y fortalecer habilidades de comprensi\u00f3n lectora<\/strong> en ni\u00f1os, adolescentes y j\u00f3venes. Estas estrategias son utilizadas durante todo el proceso de lectura (antes, durante y despu\u00e9s) donde tambi\u00e9n <strong>se inserta el uso de la tecnolog\u00eda<\/strong> (TIC).<\/p>\n<h5 style=\"text-align: left;\"><a href=\"http:\/\/www.fundaciontelefonica.com.pe\/2018\/03\/28\/la-educacion-trasnforma-la-sociedad\/\" target=\"_blank\" rel=\"noopener\">EL ARMA M\u00c1S PODEROSA (#MAESTROSQUETRAFORMAN).<\/a><\/h5>\n<p style=\"text-align: justify;\">La profesora Palacios ha logrado mejorar su pr\u00e1ctica educativa, crecer junto a sus alumnos y colegas, pues tiene el deseo de cambiar la educaci\u00f3n en su regi\u00f3n y pa\u00eds desde el fomento de la lectura. Para lograrlo desarrolla talleres con docentes compartiendo su experiencia y apoy\u00e1ndolos para que sean creativos indistintamente del contexto de su escuela, ya que \u201cpara innovar no necesitamos solamente la tecnolog\u00eda, sino generar ideas con los recursos que encuentres, plasmarlas con tus alumnos y que ellos con su creatividad y protagonismo hagan suyas para su aprendizaje significativo\u201d, afirma.<\/p>\n<p><a href=\"https:\/\/webdelmaestrocmf.com\/portal\/wp-content\/uploads\/2018\/04\/1-47.jpg\"><img loading=\"lazy\" decoding=\"async\" class=\"alignnone size-full wp-image-70716\" src=\"https:\/\/webdelmaestrocmf.com\/portal\/wp-content\/uploads\/2018\/04\/1-47.jpg\" alt=\"\" width=\"1100\" height=\"680\" srcset=\"https:\/\/webdelmaestrocmf.com\/portal\/wp-content\/uploads\/2018\/04\/1-47.jpg 1100w, https:\/\/webdelmaestrocmf.com\/portal\/wp-content\/uploads\/2018\/04\/1-47-300x185.jpg 300w, https:\/\/webdelmaestrocmf.com\/portal\/wp-content\/uploads\/2018\/04\/1-47-1024x633.jpg 1024w, https:\/\/webdelmaestrocmf.com\/portal\/wp-content\/uploads\/2018\/04\/1-47-768x475.jpg 768w, https:\/\/webdelmaestrocmf.com\/portal\/wp-content\/uploads\/2018\/04\/1-47-110x68.jpg 110w, https:\/\/webdelmaestrocmf.com\/portal\/wp-content\/uploads\/2018\/04\/1-47-200x124.jpg 200w, https:\/\/webdelmaestrocmf.com\/portal\/wp-content\/uploads\/2018\/04\/1-47-380x235.jpg 380w, https:\/\/webdelmaestrocmf.com\/portal\/wp-content\/uploads\/2018\/04\/1-47-255x158.jpg 255w, https:\/\/webdelmaestrocmf.com\/portal\/wp-content\/uploads\/2018\/04\/1-47-550x340.jpg 550w, https:\/\/webdelmaestrocmf.com\/portal\/wp-content\/uploads\/2018\/04\/1-47-800x495.jpg 800w\" sizes=\"auto, (max-width: 1100px) 100vw, 1100px\" \/><\/a><\/p>\n<p style=\"text-align: justify;\">La profesora Palacios desde hace ya cuatro a\u00f1os viene impulsando este tipo de proyectos que han logrado impactar en su labor docente, al igual que sus investigaciones que han sido expuestas y compartidas en diferentes eventos acad\u00e9micos nacionales e internacionales en Cuba, Chile, M\u00e9xico, Colombia, Costa Rica y Ecuador, y recientemente ha obtenido el Premio Internacional Grandes Mujeres, Argentina 2018 y Premio Estrella del Sur, Uruguay 2018.<\/p>\n<p style=\"text-align: justify;\">Compartimos con Ustedes, la entrevista que amablemente ha concedido a la WEB DEL MAESTRO CMF.<\/p>\n<h5>WMCMF: \u00bfPor qu\u00e9 es importante la tecnolog\u00eda aplicada a la educaci\u00f3n? \u00bfes posible en cualquier escuela de su ciudad?<\/h5>\n<p style=\"text-align: justify;\"><strong>MAR\u00cdA PALACIOS ALMENDRO:<\/strong> Siempre considerar\u00e9 a la tecnolog\u00eda como un gran instrumento <strong>para potenciar la educaci\u00f3n y mejorar nuestra pr\u00e1ctica docente<\/strong>. Por ello el maestro debe ser un conocedor de estas herramientas para aplicarlas de manera efectiva y creativa.<\/p>\n<p style=\"text-align: justify;\">\u201cLa tecnolog\u00eda hoy es una aliada para fomentar la lectura. Nos propusimos que los alumnos lean, pero hicimos toda una <strong>estrategia a trav\u00e9s de la tecnolog\u00eda<\/strong>, para que despierten su gusto por los libros. Por eso tambi\u00e9n se realiz\u00f3 una <strong>campa\u00f1a Transmedia<\/strong> (uso de diferentes plataformas virtuales para fomentar la lectura). Los estudiantes tambi\u00e9n elaboraron sus propios videos que fortalecieron la campa\u00f1a de \u201cLeer es crecer\u201d, jornadas de lectura, entre otras iniciativas\u201d.<\/p>\n<p style=\"text-align: justify;\">Por otra parte, es cierto que en el pa\u00eds hay muchas escuelas que todav\u00eda no cuentan con este tipo de accesos al uso de la tecnolog\u00eda y de cierta forma limita a unas escuelas respecto a otras. No obstante, cada d\u00eda podemos acercar a los estudiantes a estos medios que en el mundo globalizado existen, y <strong>lo podemos hacer si el profesor es creativo e innovador desde su aula.<\/strong> Conozco la experiencia de una escuela rural en Cusco del profesor Rub\u00e9n Centeno que utiliza y realiza televisi\u00f3n en vivo donde los alumnos difunden temas educativos que aprenden en esta escuela. Sin duda, <strong>cuando no hay medios, hay m\u00e1s creatividad <\/strong>y todo se ve como una gran oportunidad para crecer e impactar en la vida de los alumnos. Tambi\u00e9n lo podemos hacer usando un celular sencillo, una radio, etc.<\/p>\n<h5>WMCMF: \u00bfPor qu\u00e9 y c\u00f3mo us\u00f3 los recursos digitales para mejorar la lectura de sus estudiantes?<\/h5>\n<p style=\"text-align: justify;\"><strong>MAR\u00cdA PALACIOS ALMENDRO:<\/strong> Durante el desarrollo del proyecto, vi necesario la creaci\u00f3n de un espacio en un <strong>blog institucional<\/strong>, sitio web que me permiti\u00f3 actualizar todas las novedades, intereses, actividades, etc. en torno al fomento de la lectura, as\u00ed como brindar la <strong>oportunidad de interactuar con mis estudiantes.<\/strong> Adem\u00e1s, cre\u00e9 una p\u00e1gina en Facebook y una cuenta de Instagram para compartir informaci\u00f3n con la comunidad educativa sobre la lectura.<\/p>\n<p style=\"text-align: justify;\">En el blog se evidencia cada una de las etapas del proyecto trabajadas durante el a\u00f1o, desde la animaci\u00f3n y sensibilizaci\u00f3n a la lectura (publicaci\u00f3n de videos, booktr\u00e1iler, audiolibros, entre otros), hasta la publicaci\u00f3n de las diferentes actividades y producciones de los estudiantes, como por ejemplo la aparici\u00f3n de booktubers cuyo mensaje se centra en cr\u00edticas sobre los libros le\u00eddos). Gracias a este espacio, los alumnos pudieron interactuar entre s\u00ed y continuar fomentando la lectura en toda la comunidad educativa.<\/p>\n<p><img loading=\"lazy\" decoding=\"async\" class=\"alignnone wp-image-27171\" src=\"http:\/\/webdelmaestrocmf.com\/portal\/wp-content\/uploads\/2018\/04\/1.jpeg\" alt=\"\" width=\"903\" height=\"518\" srcset=\"https:\/\/webdelmaestrocmf.com\/portal\/wp-content\/uploads\/2018\/04\/1.jpeg 620w, https:\/\/webdelmaestrocmf.com\/portal\/wp-content\/uploads\/2018\/04\/1-300x172.jpeg 300w\" sizes=\"auto, (max-width: 903px) 100vw, 903px\" \/><\/p>\n<h5>WMCMF: \u00bfC\u00f3mo pasar de ser un \u201cdictador\u201d de clase a un gu\u00eda de los estudiantes, un motivar de estudiantes?<\/h5>\n<p style=\"text-align: justify;\"><strong>MAR\u00cdA PALACIOS ALMENDRO:<\/strong> La clave es tener claro que los protagonistas del proceso educativo son tus estudiantes. Cuando sucede as\u00ed, sabes que <strong>ellos son los llamados a construir su aprendizaje<\/strong>, creando proyectos, preguntando y cuestionando siempre; debatiendo, reflexionando, etc. Entonces, nosotros los docentes estamos all\u00ed para brindarles las herramientas b\u00e1sicas para su formaci\u00f3n, porque ellos ya no solo necesitan a un docto en una materia, sino a <strong>un motivador<\/strong>, <strong>gu\u00eda, coach que conf\u00ede en ellos<\/strong> y logre sacar lo mejor desde sus potencialidades, habilidades y talentos propios. Por eso, el maestro tambi\u00e9n hace el papel de psic\u00f3logo, orientador y es un <strong>referente de valores y virtudes<\/strong> capaz de hacer so\u00f1ar despiertos a sus peque\u00f1os y adolescentes alumnos.<\/p>\n<h5>WMCMF: \u00bfQu\u00e9 es para Usted educaci\u00f3n personalizada? \u00bfporqu\u00e9 es importante? \u00bfQu\u00e9 es ser un profesor gu\u00eda?<\/h5>\n<p style=\"text-align: justify;\"><strong>MAR\u00cdA PALACIOS ALMENDRO:<\/strong> La educaci\u00f3n personalizada es la que se centra en la persona (en todas sus dimensiones), en cada uno de nuestros estudiantes y como tal atiende a sus necesidades, potencialidades, etc., y de esta manera <strong>empoderarlo y hacerlo protagonista de su aprendizaje<\/strong>.<\/p>\n<p style=\"text-align: justify;\">El profesor gu\u00eda tiene esa funci\u00f3n, porque debe confiar en sus alumnos y conocerlos, respetando sus ritmos y maneras de aprender.<\/p>\n<h5>WMCMF: \u00bfEst\u00e1n preparados los antiguos y nuevos profesores para \u201cacercarse\u201d a la realidad de cada uno de sus estudiantes?<\/h5>\n<p style=\"text-align: justify;\"><strong>MAR\u00cdA PALACIOS ALMENDRO:<\/strong> Cuando eres <strong>un maestro por vocaci\u00f3n<\/strong> tienes ese don que vas desarrollando a medida que pasan los a\u00f1os sin dejar de perder la ilusi\u00f3n de cuando comenzaron a ser maestros. Es cierto que cuando un docente <strong>cae en la rutina y se autolimita<\/strong> pierde de vista a quienes son los protagonistas de la educaci\u00f3n. Tambi\u00e9n es cierto que necesitan ser capacitados, no solo en temas pedag\u00f3gicos, sino tambi\u00e9n en otro tipo de habilidades, como las blandas y de liderazgo.<\/p>\n<p style=\"text-align: justify;\">S\u00e9 que en el mundo actual el reto de ser maestros es cada vez mayor y <strong>necesitamos mantenernos firmes<\/strong>. No obstante, la ilusi\u00f3n de serlo nos mantiene siempre vivos y apasionados para afrontarlo, exigiendo, pero tambi\u00e9n siendo flexibles y m\u00e1s creativos en nuestras clases; <strong>escuchando m\u00e1s y hablando menos,<\/strong> predicando con el ejemplo sin recurrir a la dureza; siendo l\u00edderes y confiables, siendo <strong>m\u00e1s humanos y menos instructores.<\/strong><\/p>\n<p style=\"text-align: justify;\">Es verdad que nuestros alumnos nos prueban de todas las maneras posibles, de ah\u00ed que llevamos en nuestra frente las palabras sabias: <strong>paciencia y buen humor<\/strong>; gracias a estas dos formulitas m\u00e1gicas nuestro d\u00eda a d\u00eda es m\u00e1s llevadero. Y, aun as\u00ed, es fascinante ense\u00f1ar.<\/p>\n<p style=\"text-align: justify;\"><strong>Tratemos de redescubrir nuestra vocaci\u00f3n<\/strong>, de mirar a nuestros alumnos con amor y esperanza para sacar lo mejor de ellos y aliviar sus pesares. Realmente cuando nos dedicamos a hacerlo <strong>quedamos maravillados de todo lo que nos pueden ense\u00f1ar<\/strong>. Hay que recordar que esa es nuestra meta a largo plazo: <strong>si ellos son felices, nosotros tambi\u00e9n lo seremos. <\/strong><\/p>\n<h5 style=\"text-align: left;\">WMCMF: \u00bfQu\u00e9 estrategias nuevas o mejoradas aplica en sus clases, y qu\u00e9 resultados le han dado?<\/h5>\n<p style=\"text-align: justify;\"><strong>MAR\u00cdA PALACIOS ALMENDRO:<\/strong> Las estrategias no tienen nada de extraordinarias y son las que otros maestros tambi\u00e9n aplican o se han aplicado durante a\u00f1os; pero ahora tengo presente y <strong>las he aplicado despu\u00e9s de hacer un diagn\u00f3stico inicial de mis estudiantes<\/strong> y conocerlos un poco para ajustar las estrategias de acuerdo a sus necesidades y objetivos que busco lograr en mi curso. La lectura en voz alta y emocional es una de ellas, porque tambi\u00e9n desarrollan la escucha activa y comprensi\u00f3n de lo le\u00eddo. <strong>Utilizo mucho los medios virtuales <\/strong>como plataformas, las redes, foros para que comenten e interact\u00faen mis estudiantes; planteamiento de casos y, especialmente, escritura creativa y elaboraci\u00f3n de producciones diversas (literarias y no literarias de las obras le\u00eddas).<\/p>\n<p style=\"text-align: justify;\">Adem\u00e1s, gracias a mis viajes he compartido experiencias con otros colegas que son exitosas y me han permitido tambi\u00e9n aplicarlas en mi escuela, tales como la <strong>elaboraci\u00f3n de proyectos<\/strong> por parte de los estudiantes, entre otras.<\/p>\n<h5 style=\"text-align: left;\">WMCMF: \u00bfC\u00f3mo cree que debe ser la educaci\u00f3n en su comunidad educativa, en su ciudad y en su pa\u00eds para ser \u201cla mejor arma\u201d para el cambio?<\/h5>\n<p style=\"text-align: justify;\"><strong>MAR\u00cdA PALACIOS ALMENDRO:<\/strong> <strong>Debe ser transformadora de vida y de sociedades<\/strong>, y parte del querer ser mejor cada d\u00eda. Tambi\u00e9n depende mucho del <strong>cambio de paradigmas<\/strong> y del mismo sistema educativo que ha limitado hasta el d\u00eda de hoy a muchos docentes que potencialmente son geniales; pero que se ven <strong>desanimados por pol\u00edticas educativas que no son coherentes<\/strong> con los fines educativos; por eso la educaci\u00f3n tambi\u00e9n es un tema del estado (mejores remuneraciones a los docentes, sistema educativo acorde a las necesidades de los estudiantes, importancia a las habilidades blandas y de liderazgo estudiantil, di\u00e1logos estudiantes a nivel local, regional y nacional). Siempre hay mucho por hacer en este campo y <strong>hay que tener claro hacia d\u00f3nde queremos ir.<\/strong><\/p>\n<p style=\"text-align: justify;\">La carrera de educaci\u00f3n es apasionante, pero <strong>profundamente \u00e9tica<\/strong>, porque tratamos de ayudar a ni\u00f1os, adolescentes y j\u00f3venes, quienes est\u00e1n deseosos de aprender nuevas cosas, de compartir sus sue\u00f1os, sentimientos, alegr\u00edas, decepciones, dudas, valores, anhelos, victorias y ca\u00eddas.<\/p>\n<h5 style=\"text-align: left;\">WMCMF: En Per\u00fa \u00bfHay una buena educaci\u00f3n inicial docente? \u00bfCu\u00e1les son sus fortalezas y cu\u00e1les sus deficiencias?<\/h5>\n<p style=\"text-align: justify;\"><strong>MAR\u00cdA PALACIOS ALMENDRO:<\/strong> Falta mucho para dar un salto de calidad, porque <strong>no hay estabilidad de propuestas y pol\u00edticas educativas<\/strong> que cada a\u00f1o han confundido m\u00e1s a los docentes. Es cierto que muchos maestros buscan de manera personal capacitarse, aprender y compartir sus experiencias para mejorar su pr\u00e1ctica, pero tambi\u00e9n es cierto que falta apoyo y mayor difusi\u00f3n de las buenas pr\u00e1cticas docentes y resultados exitosos.<\/p>\n<p style=\"text-align: justify;\">Ella termin\u00f3 su entrevista dici\u00e9ndonos: \u201cCierro y lo hago, como en otras ocasiones, con las palabras de mi gran maestra y amiga, In\u00e9s Arteaga: \u201cLa verdadera tarea educativa es aquella que se brinda con amor, entusiasmo, ilusi\u00f3n y creatividad\u201d.<\/p>\n<p style=\"text-align: justify;\"><strong>REDACCI\u00d3N WMCMF<\/strong>: Agradecemos la gentileza de educadora generosa y so\u00f1adora de una educaci\u00f3n mejor para construir un mundo mejor. Los resaltados en negritas son nuestros.<\/p>\n<p style=\"text-align: right;\"><strong>REDACCI\u00d3N WEB DEL MAESTRO CMF<\/strong><\/p>\n\t\t<div class=\"pk-inline-posts\">\n\t\t\t\n\t\t\t<div class=\"pk-inline-posts-container pk-inline-posts-template-list\"\n\t\t\t\tdata-columns=\"1\">\n\t\t\t\t\t\t<article id=\"post-118510\" class=\"post-118510 post type-post status-publish format-standard has-post-thumbnail category-entrevistas category-noticias tag-aprendizaje tag-aula tag-docentes tag-educacion-2 tag-estudiantes tag-filosofia-2 tag-formacion-2 tag-inteligencia tag-jose-antonio-marina tag-pedagogia-2 tag-pensamiento-critico-2 cs-entry cs-video-wrap\">\n\t\t\t<div class=\"pk-post-outer\">\n\n\t\t\t\t\t\t\t\t<div class=\"pk-post-inner\">\n\t\t\t\t\t<div class=\"entry-thumbnail\">\n\t\t\t\t\t\t<div class=\"pk-overlay pk-overlay-ratio pk-ratio-landscape\">\n\t\t\t\t\t\t\t<div class=\"pk-overlay-background\">\n\t\t\t\t\t\t\t\t<a href=\"https:\/\/webdelmaestrocmf.com\/portal\/jose-antonio-marina-si-no-teneis-pensamiento-critico-o-si-no-hay-pensamiento-critico-la-manipulacion-va-a-ser-muy-sencilla\/\" class=\"pk-overlay-link\">\n\t\t\t\t\t\t\t\t\t<img loading=\"lazy\" decoding=\"async\" width=\"300\" height=\"225\" src=\"https:\/\/webdelmaestrocmf.com\/portal\/wp-content\/uploads\/2026\/04\/1AA-Banner-1-portada-imagen-10-1-copia-5-6-300x225.webp\" class=\"attachment-pk-thumbnail size-pk-thumbnail wp-post-image\" alt=\"\" \/>\t\t\t\t\t\t\t\t<\/a>\n\t\t\t\t\t\t\t<\/div>\n\t\t\t\t\t\t<\/div>\n\t\t\t\t\t<\/div>\n\t\t\t\t<\/div>\n\t\t\t\t\n\t\t\t\t<div class=\"pk-post-inner\">\n\t\t\t\t\t<header>\n\t\t\t\t\t\t<h3 class=\"pk-title\"><a href=\"https:\/\/webdelmaestrocmf.com\/portal\/jose-antonio-marina-si-no-teneis-pensamiento-critico-o-si-no-hay-pensamiento-critico-la-manipulacion-va-a-ser-muy-sencilla\/\" rel=\"bookmark\">Jos\u00e9 Antonio Marina: Si no ten\u00e9is pensamiento cr\u00edtico, o si no hay pensamiento cr\u00edtico, la manipulaci\u00f3n va a ser muy sencilla<\/a><\/h3>\t\t\t\t\t<\/header><!-- .entry-header -->\n\t\t\t\t<\/div><!-- .post-inner -->\n\n\t\t\t<\/div><!-- .post-outer -->\n\t\t<\/article>\n\t\t\t\t<\/div>\n\t\t<\/div>\n\t\t\n","protected":false},"excerpt":{"rendered":"La Mag\u00edster en Psicopedagog\u00eda y Licenciada en Ciencias de la Educaci\u00f3n, Mar\u00eda Palacios Almendro, de nacionalidad peruana (Sullana,&hellip;","protected":false},"author":1,"featured_media":70717,"comment_status":"open","ping_status":"closed","sticky":false,"template":"","format":"standard","meta":{"csco_display_header_overlay":false,"csco_singular_sidebar":"disabled","csco_page_header_type":"standard","csco_page_load_nextpost":"default","csco_post_video_location":[],"csco_post_video_location_hash":"","csco_post_video_url":"","csco_post_video_bg_start_time":0,"csco_post_video_bg_end_time":0,"csco_post_video_bg_volume":false,"_jetpack_memberships_contains_paid_content":false,"footnotes":""},"categories":[48,47],"tags":[284,2942,3450,3451,3452],"class_list":{"0":"post-27169","1":"post","2":"type-post","3":"status-publish","4":"format-standard","5":"has-post-thumbnail","7":"category-entrevistas","8":"category-noticias","9":"tag-entrevista","10":"tag-innovacion-educativa","11":"tag-maria-palacios-almendro","12":"tag-tarea-docente","13":"tag-telefonica","14":"cs-entry","15":"cs-video-wrap"},"yoast_head":"<!-- This site is optimized with the Yoast SEO plugin v27.5 - https:\/\/yoast.com\/product\/yoast-seo-wordpress\/ -->\n<title>Mar\u00eda Palacios: El profesor gu\u00eda debe confiar en sus alumnos y conocerlos, respetando sus ritmos y maneras de aprender<\/title>\n<meta name=\"description\" content=\"Mar\u00eda Palacios explica que el proyecto plantea el uso de estrategias de animaci\u00f3n a la lectura para fomentar el h\u00e1bito lector y...\" \/>\n<meta name=\"robots\" content=\"index, follow, max-snippet:-1, max-image-preview:large, max-video-preview:-1\" \/>\n<link rel=\"canonical\" href=\"https:\/\/webdelmaestrocmf.com\/portal\/el-profesor-guia-debe-confiar-en-sus-alumnos-y-conocerlos-respetando-sus-ritmos-y-maneras-de-aprender\/\" \/>\n<meta property=\"og:locale\" content=\"es_ES\" \/>\n<meta property=\"og:type\" content=\"article\" \/>\n<meta property=\"og:title\" content=\"Mar\u00eda Palacios: El profesor gu\u00eda debe confiar en sus alumnos y conocerlos, respetando sus ritmos y maneras de aprender\" \/>\n<meta property=\"og:description\" content=\"Mar\u00eda Palacios explica que el proyecto plantea el uso de estrategias de animaci\u00f3n a la lectura para fomentar el h\u00e1bito lector y...\" \/>\n<meta property=\"og:url\" content=\"https:\/\/webdelmaestrocmf.com\/portal\/el-profesor-guia-debe-confiar-en-sus-alumnos-y-conocerlos-respetando-sus-ritmos-y-maneras-de-aprender\/\" \/>\n<meta property=\"og:site_name\" content=\"Web del Maestro CMF\" \/>\n<meta property=\"article:publisher\" content=\"https:\/\/www.facebook.com\/WebdelMaestroCMF\/\" \/>\n<meta property=\"article:author\" content=\"https:\/\/www.facebook.com\/WebdelMaestroCMF\/\" \/>\n<meta property=\"article:published_time\" content=\"2021-11-07T03:40:40+00:00\" \/>\n<meta property=\"article:modified_time\" content=\"2021-11-08T01:08:08+00:00\" \/>\n<meta property=\"og:image\" content=\"https:\/\/i0.wp.com\/webdelmaestrocmf.com\/portal\/wp-content\/uploads\/2018\/04\/2-5.jpg?fit=1100%2C680&ssl=1\" \/>\n\t<meta property=\"og:image:width\" content=\"1100\" \/>\n\t<meta property=\"og:image:height\" content=\"680\" \/>\n\t<meta property=\"og:image:type\" content=\"image\/jpeg\" \/>\n<meta name=\"author\" content=\"Web del Maestro CMF\" \/>\n<meta name=\"twitter:card\" content=\"summary_large_image\" \/>\n<meta name=\"twitter:creator\" content=\"@cmf_w\" \/>\n<meta name=\"twitter:site\" content=\"@cmf_w\" \/>\n<script type=\"application\/ld+json\" class=\"yoast-schema-graph\">{\"@context\":\"https:\\\/\\\/schema.org\",\"@graph\":[{\"@type\":\"ScholarlyArticle\",\"@id\":\"https:\\\/\\\/webdelmaestrocmf.com\\\/portal\\\/el-profesor-guia-debe-confiar-en-sus-alumnos-y-conocerlos-respetando-sus-ritmos-y-maneras-de-aprender\\\/#article\",\"isPartOf\":{\"@id\":\"https:\\\/\\\/webdelmaestrocmf.com\\\/portal\\\/el-profesor-guia-debe-confiar-en-sus-alumnos-y-conocerlos-respetando-sus-ritmos-y-maneras-de-aprender\\\/\"},\"author\":{\"name\":\"Web del Maestro CMF\",\"@id\":\"https:\\\/\\\/webdelmaestrocmf.com\\\/portal\\\/#\\\/schema\\\/person\\\/1072a2ed7bd960df8ef99a551fa35dc5\"},\"headline\":\"Mar\u00eda Palacios: El profesor gu\u00eda debe confiar en sus alumnos y conocerlos, respetando sus ritmos y maneras de aprender\",\"datePublished\":\"2021-11-07T03:40:40+00:00\",\"dateModified\":\"2021-11-08T01:08:08+00:00\",\"mainEntityOfPage\":{\"@id\":\"https:\\\/\\\/webdelmaestrocmf.com\\\/portal\\\/el-profesor-guia-debe-confiar-en-sus-alumnos-y-conocerlos-respetando-sus-ritmos-y-maneras-de-aprender\\\/\"},\"wordCount\":1921,\"commentCount\":0,\"publisher\":{\"@id\":\"https:\\\/\\\/webdelmaestrocmf.com\\\/portal\\\/#organization\"},\"image\":{\"@id\":\"https:\\\/\\\/webdelmaestrocmf.com\\\/portal\\\/el-profesor-guia-debe-confiar-en-sus-alumnos-y-conocerlos-respetando-sus-ritmos-y-maneras-de-aprender\\\/#primaryimage\"},\"thumbnailUrl\":\"https:\\\/\\\/webdelmaestrocmf.com\\\/portal\\\/wp-content\\\/uploads\\\/2018\\\/04\\\/2-5.jpg\",\"keywords\":[\"Entrevista\",\"INNOVACI\u00d3N EDUCATIVA\",\"MAR\u00cdA PALACIOS ALMENDRO\",\"TAREA DOCENTE\",\"TELEF\u00d3NICA\"],\"articleSection\":[\"Entrevistas\",\"Noticias\"],\"inLanguage\":\"es\",\"potentialAction\":[{\"@type\":\"CommentAction\",\"name\":\"Comment\",\"target\":[\"https:\\\/\\\/webdelmaestrocmf.com\\\/portal\\\/el-profesor-guia-debe-confiar-en-sus-alumnos-y-conocerlos-respetando-sus-ritmos-y-maneras-de-aprender\\\/#respond\"]}]},{\"@type\":\"WebPage\",\"@id\":\"https:\\\/\\\/webdelmaestrocmf.com\\\/portal\\\/el-profesor-guia-debe-confiar-en-sus-alumnos-y-conocerlos-respetando-sus-ritmos-y-maneras-de-aprender\\\/\",\"url\":\"https:\\\/\\\/webdelmaestrocmf.com\\\/portal\\\/el-profesor-guia-debe-confiar-en-sus-alumnos-y-conocerlos-respetando-sus-ritmos-y-maneras-de-aprender\\\/\",\"name\":\"Mar\u00eda Palacios: El profesor gu\u00eda debe confiar en sus alumnos y conocerlos, respetando sus ritmos y maneras de aprender\",\"isPartOf\":{\"@id\":\"https:\\\/\\\/webdelmaestrocmf.com\\\/portal\\\/#website\"},\"primaryImageOfPage\":{\"@id\":\"https:\\\/\\\/webdelmaestrocmf.com\\\/portal\\\/el-profesor-guia-debe-confiar-en-sus-alumnos-y-conocerlos-respetando-sus-ritmos-y-maneras-de-aprender\\\/#primaryimage\"},\"image\":{\"@id\":\"https:\\\/\\\/webdelmaestrocmf.com\\\/portal\\\/el-profesor-guia-debe-confiar-en-sus-alumnos-y-conocerlos-respetando-sus-ritmos-y-maneras-de-aprender\\\/#primaryimage\"},\"thumbnailUrl\":\"https:\\\/\\\/webdelmaestrocmf.com\\\/portal\\\/wp-content\\\/uploads\\\/2018\\\/04\\\/2-5.jpg\",\"datePublished\":\"2021-11-07T03:40:40+00:00\",\"dateModified\":\"2021-11-08T01:08:08+00:00\",\"description\":\"Mar\u00eda Palacios explica que el proyecto plantea el uso de estrategias de animaci\u00f3n a la lectura para fomentar el h\u00e1bito lector y...\",\"breadcrumb\":{\"@id\":\"https:\\\/\\\/webdelmaestrocmf.com\\\/portal\\\/el-profesor-guia-debe-confiar-en-sus-alumnos-y-conocerlos-respetando-sus-ritmos-y-maneras-de-aprender\\\/#breadcrumb\"},\"inLanguage\":\"es\",\"potentialAction\":[{\"@type\":\"ReadAction\",\"target\":[\"https:\\\/\\\/webdelmaestrocmf.com\\\/portal\\\/el-profesor-guia-debe-confiar-en-sus-alumnos-y-conocerlos-respetando-sus-ritmos-y-maneras-de-aprender\\\/\"]}]},{\"@type\":\"ImageObject\",\"inLanguage\":\"es\",\"@id\":\"https:\\\/\\\/webdelmaestrocmf.com\\\/portal\\\/el-profesor-guia-debe-confiar-en-sus-alumnos-y-conocerlos-respetando-sus-ritmos-y-maneras-de-aprender\\\/#primaryimage\",\"url\":\"https:\\\/\\\/webdelmaestrocmf.com\\\/portal\\\/wp-content\\\/uploads\\\/2018\\\/04\\\/2-5.jpg\",\"contentUrl\":\"https:\\\/\\\/webdelmaestrocmf.com\\\/portal\\\/wp-content\\\/uploads\\\/2018\\\/04\\\/2-5.jpg\",\"width\":1100,\"height\":680},{\"@type\":\"BreadcrumbList\",\"@id\":\"https:\\\/\\\/webdelmaestrocmf.com\\\/portal\\\/el-profesor-guia-debe-confiar-en-sus-alumnos-y-conocerlos-respetando-sus-ritmos-y-maneras-de-aprender\\\/#breadcrumb\",\"itemListElement\":[{\"@type\":\"ListItem\",\"position\":1,\"name\":\"Portada\",\"item\":\"https:\\\/\\\/webdelmaestrocmf.com\\\/portal\\\/\"},{\"@type\":\"ListItem\",\"position\":2,\"name\":\"Noticias\",\"item\":\"https:\\\/\\\/webdelmaestrocmf.com\\\/portal\\\/category\\\/noticias\\\/\"},{\"@type\":\"ListItem\",\"position\":3,\"name\":\"Mar\u00eda Palacios: El profesor gu\u00eda debe confiar en sus alumnos y conocerlos, respetando sus ritmos y maneras de aprender\"}]},{\"@type\":\"WebSite\",\"@id\":\"https:\\\/\\\/webdelmaestrocmf.com\\\/portal\\\/#website\",\"url\":\"https:\\\/\\\/webdelmaestrocmf.com\\\/portal\\\/\",\"name\":\"Web del Maestro CMF\",\"description\":\"Maestros al servicio de la educaci\u00f3n\",\"publisher\":{\"@id\":\"https:\\\/\\\/webdelmaestrocmf.com\\\/portal\\\/#organization\"},\"alternateName\":\"WMCMF\",\"potentialAction\":[{\"@type\":\"SearchAction\",\"target\":{\"@type\":\"EntryPoint\",\"urlTemplate\":\"https:\\\/\\\/webdelmaestrocmf.com\\\/portal\\\/?s={search_term_string}\"},\"query-input\":{\"@type\":\"PropertyValueSpecification\",\"valueRequired\":true,\"valueName\":\"search_term_string\"}}],\"inLanguage\":\"es\"},{\"@type\":\"Organization\",\"@id\":\"https:\\\/\\\/webdelmaestrocmf.com\\\/portal\\\/#organization\",\"name\":\"Web del Maestro CMF\",\"alternateName\":\"WMCMF\",\"url\":\"https:\\\/\\\/webdelmaestrocmf.com\\\/portal\\\/\",\"logo\":{\"@type\":\"ImageObject\",\"inLanguage\":\"es\",\"@id\":\"https:\\\/\\\/webdelmaestrocmf.com\\\/portal\\\/#\\\/schema\\\/logo\\\/image\\\/\",\"url\":\"https:\\\/\\\/webdelmaestrocmf.com\\\/portal\\\/wp-content\\\/uploads\\\/2023\\\/01\\\/logo-wmcmf-2.png\",\"contentUrl\":\"https:\\\/\\\/webdelmaestrocmf.com\\\/portal\\\/wp-content\\\/uploads\\\/2023\\\/01\\\/logo-wmcmf-2.png\",\"width\":200,\"height\":60,\"caption\":\"Web del Maestro CMF\"},\"image\":{\"@id\":\"https:\\\/\\\/webdelmaestrocmf.com\\\/portal\\\/#\\\/schema\\\/logo\\\/image\\\/\"},\"sameAs\":[\"https:\\\/\\\/www.facebook.com\\\/WebdelMaestroCMF\\\/\",\"https:\\\/\\\/x.com\\\/cmf_w\",\"https:\\\/\\\/www.pinterest.com\\\/WMCMF\\\/\",\"https:\\\/\\\/www.linkedin.com\\\/company\\\/web-del-maestro-cmf\\\/\",\"https:\\\/\\\/www.instagram.com\\\/wmcmf\\\/\",\"https:\\\/\\\/www.youtube.com\\\/channel\\\/UCDPSvjbdodE5sHnC3OxutHw\",\"https:\\\/\\\/mastodon.social\\\/@wmcmf\",\"https:\\\/\\\/www.tiktok.com\\\/@webdelmaestrocmf\"]},{\"@type\":\"Person\",\"@id\":\"https:\\\/\\\/webdelmaestrocmf.com\\\/portal\\\/#\\\/schema\\\/person\\\/1072a2ed7bd960df8ef99a551fa35dc5\",\"name\":\"Web del Maestro CMF\",\"image\":{\"@type\":\"ImageObject\",\"inLanguage\":\"es\",\"@id\":\"https:\\\/\\\/secure.gravatar.com\\\/avatar\\\/23291dd5b5ae1077dcff3dbb04c3e02bd28403fa75af6d8787d5e97c5bbbe30b?s=96&d=mm&r=g\",\"url\":\"https:\\\/\\\/secure.gravatar.com\\\/avatar\\\/23291dd5b5ae1077dcff3dbb04c3e02bd28403fa75af6d8787d5e97c5bbbe30b?s=96&d=mm&r=g\",\"contentUrl\":\"https:\\\/\\\/secure.gravatar.com\\\/avatar\\\/23291dd5b5ae1077dcff3dbb04c3e02bd28403fa75af6d8787d5e97c5bbbe30b?s=96&d=mm&r=g\",\"caption\":\"Web del Maestro CMF\"},\"description\":\"Esta Web se cre\u00f3 sin fines de lucro, con fines educativos, cient\u00edficos y acad\u00e9micos, para personas que tengan dificultades y\\\/o inconvenientes en visualizar el material original. El objetivo es entregar recursos, compartir experiencias y materiales que ayuden a los padres de familia, maestros y estudiantes en su actualizaci\u00f3n y formaci\u00f3n permanente, en bien de la Educaci\u00f3n.\",\"sameAs\":[\"http:\\\/\\\/webdelmaestrocmf.com\\\/portal\",\"https:\\\/\\\/www.facebook.com\\\/WebdelMaestroCMF\\\/\",\"https:\\\/\\\/www.instagram.com\\\/wmcmf\\\/\",\"https:\\\/\\\/cl.linkedin.com\\\/company\\\/web-del-maestro-cmf\",\"https:\\\/\\\/www.pinterest.com\\\/WMCMF\\\/publicaciones\\\/\",\"https:\\\/\\\/x.com\\\/cmf_w\",\"https:\\\/\\\/www.youtube.com\\\/@WMCMF\"]}]}<\/script>\n<!-- \/ Yoast SEO plugin. -->","yoast_head_json":{"title":"Mar\u00eda Palacios: El profesor gu\u00eda debe confiar en sus alumnos y conocerlos, respetando sus ritmos y maneras de aprender","description":"Mar\u00eda Palacios explica que el proyecto plantea el uso de estrategias de animaci\u00f3n a la lectura para fomentar el h\u00e1bito lector y...","robots":{"index":"index","follow":"follow","max-snippet":"max-snippet:-1","max-image-preview":"max-image-preview:large","max-video-preview":"max-video-preview:-1"},"canonical":"https:\/\/webdelmaestrocmf.com\/portal\/el-profesor-guia-debe-confiar-en-sus-alumnos-y-conocerlos-respetando-sus-ritmos-y-maneras-de-aprender\/","og_locale":"es_ES","og_type":"article","og_title":"Mar\u00eda Palacios: El profesor gu\u00eda debe confiar en sus alumnos y conocerlos, respetando sus ritmos y maneras de aprender","og_description":"Mar\u00eda Palacios explica que el proyecto plantea el uso de estrategias de animaci\u00f3n a la lectura para fomentar el h\u00e1bito lector y...","og_url":"https:\/\/webdelmaestrocmf.com\/portal\/el-profesor-guia-debe-confiar-en-sus-alumnos-y-conocerlos-respetando-sus-ritmos-y-maneras-de-aprender\/","og_site_name":"Web del Maestro CMF","article_publisher":"https:\/\/www.facebook.com\/WebdelMaestroCMF\/","article_author":"https:\/\/www.facebook.com\/WebdelMaestroCMF\/","article_published_time":"2021-11-07T03:40:40+00:00","article_modified_time":"2021-11-08T01:08:08+00:00","og_image":[{"width":1100,"height":680,"url":"https:\/\/i0.wp.com\/webdelmaestrocmf.com\/portal\/wp-content\/uploads\/2018\/04\/2-5.jpg?fit=1100%2C680&ssl=1","type":"image\/jpeg"}],"author":"Web del Maestro CMF","twitter_card":"summary_large_image","twitter_creator":"@cmf_w","twitter_site":"@cmf_w","schema":{"@context":"https:\/\/schema.org","@graph":[{"@type":"ScholarlyArticle","@id":"https:\/\/webdelmaestrocmf.com\/portal\/el-profesor-guia-debe-confiar-en-sus-alumnos-y-conocerlos-respetando-sus-ritmos-y-maneras-de-aprender\/#article","isPartOf":{"@id":"https:\/\/webdelmaestrocmf.com\/portal\/el-profesor-guia-debe-confiar-en-sus-alumnos-y-conocerlos-respetando-sus-ritmos-y-maneras-de-aprender\/"},"author":{"name":"Web del Maestro CMF","@id":"https:\/\/webdelmaestrocmf.com\/portal\/#\/schema\/person\/1072a2ed7bd960df8ef99a551fa35dc5"},"headline":"Mar\u00eda Palacios: El profesor gu\u00eda debe confiar en sus alumnos y conocerlos, respetando sus ritmos y maneras de aprender","datePublished":"2021-11-07T03:40:40+00:00","dateModified":"2021-11-08T01:08:08+00:00","mainEntityOfPage":{"@id":"https:\/\/webdelmaestrocmf.com\/portal\/el-profesor-guia-debe-confiar-en-sus-alumnos-y-conocerlos-respetando-sus-ritmos-y-maneras-de-aprender\/"},"wordCount":1921,"commentCount":0,"publisher":{"@id":"https:\/\/webdelmaestrocmf.com\/portal\/#organization"},"image":{"@id":"https:\/\/webdelmaestrocmf.com\/portal\/el-profesor-guia-debe-confiar-en-sus-alumnos-y-conocerlos-respetando-sus-ritmos-y-maneras-de-aprender\/#primaryimage"},"thumbnailUrl":"https:\/\/webdelmaestrocmf.com\/portal\/wp-content\/uploads\/2018\/04\/2-5.jpg","keywords":["Entrevista","INNOVACI\u00d3N EDUCATIVA","MAR\u00cdA PALACIOS ALMENDRO","TAREA DOCENTE","TELEF\u00d3NICA"],"articleSection":["Entrevistas","Noticias"],"inLanguage":"es","potentialAction":[{"@type":"CommentAction","name":"Comment","target":["https:\/\/webdelmaestrocmf.com\/portal\/el-profesor-guia-debe-confiar-en-sus-alumnos-y-conocerlos-respetando-sus-ritmos-y-maneras-de-aprender\/#respond"]}]},{"@type":"WebPage","@id":"https:\/\/webdelmaestrocmf.com\/portal\/el-profesor-guia-debe-confiar-en-sus-alumnos-y-conocerlos-respetando-sus-ritmos-y-maneras-de-aprender\/","url":"https:\/\/webdelmaestrocmf.com\/portal\/el-profesor-guia-debe-confiar-en-sus-alumnos-y-conocerlos-respetando-sus-ritmos-y-maneras-de-aprender\/","name":"Mar\u00eda Palacios: El profesor gu\u00eda debe confiar en sus alumnos y conocerlos, respetando sus ritmos y maneras de aprender","isPartOf":{"@id":"https:\/\/webdelmaestrocmf.com\/portal\/#website"},"primaryImageOfPage":{"@id":"https:\/\/webdelmaestrocmf.com\/portal\/el-profesor-guia-debe-confiar-en-sus-alumnos-y-conocerlos-respetando-sus-ritmos-y-maneras-de-aprender\/#primaryimage"},"image":{"@id":"https:\/\/webdelmaestrocmf.com\/portal\/el-profesor-guia-debe-confiar-en-sus-alumnos-y-conocerlos-respetando-sus-ritmos-y-maneras-de-aprender\/#primaryimage"},"thumbnailUrl":"https:\/\/webdelmaestrocmf.com\/portal\/wp-content\/uploads\/2018\/04\/2-5.jpg","datePublished":"2021-11-07T03:40:40+00:00","dateModified":"2021-11-08T01:08:08+00:00","description":"Mar\u00eda Palacios explica que el proyecto plantea el uso de estrategias de animaci\u00f3n a la lectura para fomentar el h\u00e1bito lector y...","breadcrumb":{"@id":"https:\/\/webdelmaestrocmf.com\/portal\/el-profesor-guia-debe-confiar-en-sus-alumnos-y-conocerlos-respetando-sus-ritmos-y-maneras-de-aprender\/#breadcrumb"},"inLanguage":"es","potentialAction":[{"@type":"ReadAction","target":["https:\/\/webdelmaestrocmf.com\/portal\/el-profesor-guia-debe-confiar-en-sus-alumnos-y-conocerlos-respetando-sus-ritmos-y-maneras-de-aprender\/"]}]},{"@type":"ImageObject","inLanguage":"es","@id":"https:\/\/webdelmaestrocmf.com\/portal\/el-profesor-guia-debe-confiar-en-sus-alumnos-y-conocerlos-respetando-sus-ritmos-y-maneras-de-aprender\/#primaryimage","url":"https:\/\/webdelmaestrocmf.com\/portal\/wp-content\/uploads\/2018\/04\/2-5.jpg","contentUrl":"https:\/\/webdelmaestrocmf.com\/portal\/wp-content\/uploads\/2018\/04\/2-5.jpg","width":1100,"height":680},{"@type":"BreadcrumbList","@id":"https:\/\/webdelmaestrocmf.com\/portal\/el-profesor-guia-debe-confiar-en-sus-alumnos-y-conocerlos-respetando-sus-ritmos-y-maneras-de-aprender\/#breadcrumb","itemListElement":[{"@type":"ListItem","position":1,"name":"Portada","item":"https:\/\/webdelmaestrocmf.com\/portal\/"},{"@type":"ListItem","position":2,"name":"Noticias","item":"https:\/\/webdelmaestrocmf.com\/portal\/category\/noticias\/"},{"@type":"ListItem","position":3,"name":"Mar\u00eda Palacios: El profesor gu\u00eda debe confiar en sus alumnos y conocerlos, respetando sus ritmos y maneras de aprender"}]},{"@type":"WebSite","@id":"https:\/\/webdelmaestrocmf.com\/portal\/#website","url":"https:\/\/webdelmaestrocmf.com\/portal\/","name":"Web del Maestro CMF","description":"Maestros al servicio de la educaci\u00f3n","publisher":{"@id":"https:\/\/webdelmaestrocmf.com\/portal\/#organization"},"alternateName":"WMCMF","potentialAction":[{"@type":"SearchAction","target":{"@type":"EntryPoint","urlTemplate":"https:\/\/webdelmaestrocmf.com\/portal\/?s={search_term_string}"},"query-input":{"@type":"PropertyValueSpecification","valueRequired":true,"valueName":"search_term_string"}}],"inLanguage":"es"},{"@type":"Organization","@id":"https:\/\/webdelmaestrocmf.com\/portal\/#organization","name":"Web del Maestro CMF","alternateName":"WMCMF","url":"https:\/\/webdelmaestrocmf.com\/portal\/","logo":{"@type":"ImageObject","inLanguage":"es","@id":"https:\/\/webdelmaestrocmf.com\/portal\/#\/schema\/logo\/image\/","url":"https:\/\/webdelmaestrocmf.com\/portal\/wp-content\/uploads\/2023\/01\/logo-wmcmf-2.png","contentUrl":"https:\/\/webdelmaestrocmf.com\/portal\/wp-content\/uploads\/2023\/01\/logo-wmcmf-2.png","width":200,"height":60,"caption":"Web del Maestro CMF"},"image":{"@id":"https:\/\/webdelmaestrocmf.com\/portal\/#\/schema\/logo\/image\/"},"sameAs":["https:\/\/www.facebook.com\/WebdelMaestroCMF\/","https:\/\/x.com\/cmf_w","https:\/\/www.pinterest.com\/WMCMF\/","https:\/\/www.linkedin.com\/company\/web-del-maestro-cmf\/","https:\/\/www.instagram.com\/wmcmf\/","https:\/\/www.youtube.com\/channel\/UCDPSvjbdodE5sHnC3OxutHw","https:\/\/mastodon.social\/@wmcmf","https:\/\/www.tiktok.com\/@webdelmaestrocmf"]},{"@type":"Person","@id":"https:\/\/webdelmaestrocmf.com\/portal\/#\/schema\/person\/1072a2ed7bd960df8ef99a551fa35dc5","name":"Web del Maestro CMF","image":{"@type":"ImageObject","inLanguage":"es","@id":"https:\/\/secure.gravatar.com\/avatar\/23291dd5b5ae1077dcff3dbb04c3e02bd28403fa75af6d8787d5e97c5bbbe30b?s=96&d=mm&r=g","url":"https:\/\/secure.gravatar.com\/avatar\/23291dd5b5ae1077dcff3dbb04c3e02bd28403fa75af6d8787d5e97c5bbbe30b?s=96&d=mm&r=g","contentUrl":"https:\/\/secure.gravatar.com\/avatar\/23291dd5b5ae1077dcff3dbb04c3e02bd28403fa75af6d8787d5e97c5bbbe30b?s=96&d=mm&r=g","caption":"Web del Maestro CMF"},"description":"Esta Web se cre\u00f3 sin fines de lucro, con fines educativos, cient\u00edficos y acad\u00e9micos, para personas que tengan dificultades y\/o inconvenientes en visualizar el material original. El objetivo es entregar recursos, compartir experiencias y materiales que ayuden a los padres de familia, maestros y estudiantes en su actualizaci\u00f3n y formaci\u00f3n permanente, en bien de la Educaci\u00f3n.","sameAs":["http:\/\/webdelmaestrocmf.com\/portal","https:\/\/www.facebook.com\/WebdelMaestroCMF\/","https:\/\/www.instagram.com\/wmcmf\/","https:\/\/cl.linkedin.com\/company\/web-del-maestro-cmf","https:\/\/www.pinterest.com\/WMCMF\/publicaciones\/","https:\/\/x.com\/cmf_w","https:\/\/www.youtube.com\/@WMCMF"]}]}},"jetpack_featured_media_url":"https:\/\/webdelmaestrocmf.com\/portal\/wp-content\/uploads\/2018\/04\/2-5.jpg","jetpack_sharing_enabled":true,"jetpack-related-posts":[{"id":28876,"url":"https:\/\/webdelmaestrocmf.com\/portal\/maria-palacios-almendro-necesitamos-maestros-formados-para-humanizar-la-educacion\/","url_meta":{"origin":27169,"position":0},"title":"[Mar\u00eda Palacios] Necesitamos maestros formados para humanizar la educaci\u00f3n","author":"Web del Maestro CMF","date":"19 junio, 2018","format":false,"excerpt":"Actualmente, no basta ser un maestro preparado, galardonado o un especialista en alguna materia o estudio. Entonces, \u00bfcorresponder\u00e1 revisar los modelos educativos o los curr\u00edculos nacionales de un pa\u00eds?, \u00bfbastar\u00e1 con invertir en infraestructura, capacitaciones t\u00e9cnicas, pedag\u00f3gicas o aumentar los sueldos a los maestros? Definitivamente, los aspectos anteriores son necesarios\u2026","rel":"","context":"En \u00abZ-Colaboradores\u00bb","block_context":{"text":"Z-Colaboradores","link":"https:\/\/webdelmaestrocmf.com\/portal\/category\/colaborador\/"},"img":{"alt_text":"","src":"https:\/\/i0.wp.com\/webdelmaestrocmf.com\/portal\/wp-content\/uploads\/2018\/06\/1-55.jpg?resize=350%2C200&ssl=1","width":350,"height":200,"srcset":"https:\/\/i0.wp.com\/webdelmaestrocmf.com\/portal\/wp-content\/uploads\/2018\/06\/1-55.jpg?resize=350%2C200&ssl=1 1x, https:\/\/i0.wp.com\/webdelmaestrocmf.com\/portal\/wp-content\/uploads\/2018\/06\/1-55.jpg?resize=525%2C300&ssl=1 1.5x, https:\/\/i0.wp.com\/webdelmaestrocmf.com\/portal\/wp-content\/uploads\/2018\/06\/1-55.jpg?resize=700%2C400&ssl=1 2x, https:\/\/i0.wp.com\/webdelmaestrocmf.com\/portal\/wp-content\/uploads\/2018\/06\/1-55.jpg?resize=1050%2C600&ssl=1 3x"},"classes":[]},{"id":46619,"url":"https:\/\/webdelmaestrocmf.com\/portal\/maria-palacios-hablar-de-un-libro-es-como-hablar-de-un-nuevo-amigo-feliz-dia-del-libro\/","url_meta":{"origin":27169,"position":1},"title":"[Mar\u00eda Palacios] Hablar de un libro es como hablar de un nuevo amigo (Feliz d\u00eda del libro)","author":"Web del Maestro CMF","date":"23 abril, 2020","format":false,"excerpt":"Cuando hablamos de libros, hablamos de crear v\u00ednculos, tal como le sucedi\u00f3 al Principito con el zorro en la obra del franc\u00e9s Exup\u00e9ry. Entonces decidimos interesarnos por el otro, por conocer sus gustos, anhelos, sue\u00f1os,\u00a0virtudes, defectos y, sobre todo, qu\u00e9 es aquello que hace posible pensar en una buena amistad.\u2026","rel":"","context":"En \u00abZ-Colaboradores\u00bb","block_context":{"text":"Z-Colaboradores","link":"https:\/\/webdelmaestrocmf.com\/portal\/category\/colaborador\/"},"img":{"alt_text":"","src":"https:\/\/i0.wp.com\/webdelmaestrocmf.com\/portal\/wp-content\/uploads\/2020\/04\/2-1.jpg?resize=350%2C200&ssl=1","width":350,"height":200,"srcset":"https:\/\/i0.wp.com\/webdelmaestrocmf.com\/portal\/wp-content\/uploads\/2020\/04\/2-1.jpg?resize=350%2C200&ssl=1 1x, https:\/\/i0.wp.com\/webdelmaestrocmf.com\/portal\/wp-content\/uploads\/2020\/04\/2-1.jpg?resize=525%2C300&ssl=1 1.5x, https:\/\/i0.wp.com\/webdelmaestrocmf.com\/portal\/wp-content\/uploads\/2020\/04\/2-1.jpg?resize=700%2C400&ssl=1 2x, https:\/\/i0.wp.com\/webdelmaestrocmf.com\/portal\/wp-content\/uploads\/2020\/04\/2-1.jpg?resize=1050%2C600&ssl=1 3x"},"classes":[]},{"id":78175,"url":"https:\/\/webdelmaestrocmf.com\/portal\/maria-palacios-maestros-por-vocacion-del-siglo-xxi\/","url_meta":{"origin":27169,"position":2},"title":"[Mar\u00eda Palacios] Maestros por vocaci\u00f3n del Siglo XXI","author":"Web del Maestro CMF","date":"5 julio, 2022","format":false,"excerpt":"Los maestros por vocaci\u00f3n asumen con actitud positiva, discreta, incluso estoica, todo tipo de circunstancias y realidades que les toca afrontar. Los maestros por vocaci\u00f3n no saben a qu\u00e9 hora se despiertan o acuestan, porque pueden pasar horas de horas, buscando el material id\u00f3neo para sus clases, pensando en cada\u2026","rel":"","context":"En \u00abZ-Colaboradores\u00bb","block_context":{"text":"Z-Colaboradores","link":"https:\/\/webdelmaestrocmf.com\/portal\/category\/colaborador\/"},"img":{"alt_text":"","src":"https:\/\/i0.wp.com\/webdelmaestrocmf.com\/portal\/wp-content\/uploads\/2022\/07\/1.jpg?resize=350%2C200&ssl=1","width":350,"height":200,"srcset":"https:\/\/i0.wp.com\/webdelmaestrocmf.com\/portal\/wp-content\/uploads\/2022\/07\/1.jpg?resize=350%2C200&ssl=1 1x, https:\/\/i0.wp.com\/webdelmaestrocmf.com\/portal\/wp-content\/uploads\/2022\/07\/1.jpg?resize=525%2C300&ssl=1 1.5x, https:\/\/i0.wp.com\/webdelmaestrocmf.com\/portal\/wp-content\/uploads\/2022\/07\/1.jpg?resize=700%2C400&ssl=1 2x"},"classes":[]},{"id":45779,"url":"https:\/\/webdelmaestrocmf.com\/portal\/maria-palacios-conectar-con-las-personas\/","url_meta":{"origin":27169,"position":3},"title":"[Mar\u00eda Palacios] Conectar con las personas","author":"Web del Maestro CMF","date":"23 marzo, 2020","format":false,"excerpt":"Actualmente, hablamos de innovaci\u00f3n, tecnolog\u00edas, nuevos paradigmas en la educaci\u00f3n, entre otros temas que nos han llevado a reflexionar sobre nuestra pr\u00e1ctica educativa y asumir nuevos retos y desaf\u00edos. Paredes (2005), sostiene que son pertinentes cinco principios para hacer efectiva la alfabetizaci\u00f3n con y para las TIC: antes que las\u2026","rel":"","context":"En \u00abZ-Colaboradores\u00bb","block_context":{"text":"Z-Colaboradores","link":"https:\/\/webdelmaestrocmf.com\/portal\/category\/colaborador\/"},"img":{"alt_text":"","src":"https:\/\/i0.wp.com\/webdelmaestrocmf.com\/portal\/wp-content\/uploads\/2020\/03\/c1-1.jpg?resize=350%2C200&ssl=1","width":350,"height":200,"srcset":"https:\/\/i0.wp.com\/webdelmaestrocmf.com\/portal\/wp-content\/uploads\/2020\/03\/c1-1.jpg?resize=350%2C200&ssl=1 1x, https:\/\/i0.wp.com\/webdelmaestrocmf.com\/portal\/wp-content\/uploads\/2020\/03\/c1-1.jpg?resize=525%2C300&ssl=1 1.5x, https:\/\/i0.wp.com\/webdelmaestrocmf.com\/portal\/wp-content\/uploads\/2020\/03\/c1-1.jpg?resize=700%2C400&ssl=1 2x, https:\/\/i0.wp.com\/webdelmaestrocmf.com\/portal\/wp-content\/uploads\/2020\/03\/c1-1.jpg?resize=1050%2C600&ssl=1 3x"},"classes":[]},{"id":30693,"url":"https:\/\/webdelmaestrocmf.com\/portal\/maria-palacios-conectar-con-nuestros-estudiantes\/","url_meta":{"origin":27169,"position":4},"title":"[Mar\u00eda Palacios] Conectar con nuestros estudiantes","author":"Web del Maestro CMF","date":"21 agosto, 2018","format":false,"excerpt":"Actualmente, hablamos de innovaci\u00f3n, tecnolog\u00edas, nuevos paradigmas en la educaci\u00f3n, entre otros temas que nos han llevado a reflexionar sobre nuestra pr\u00e1ctica educativa y asumir nuevos retos y desaf\u00edos. Por eso, la tecnolog\u00eda debe considerarse una aliada para desarrollar habilidades y competencias en el proceso de aprendizaje de los estudiantes,\u2026","rel":"","context":"En \u00abZ-Colaboradores\u00bb","block_context":{"text":"Z-Colaboradores","link":"https:\/\/webdelmaestrocmf.com\/portal\/category\/colaborador\/"},"img":{"alt_text":"","src":"https:\/\/i0.wp.com\/webdelmaestrocmf.com\/portal\/wp-content\/uploads\/2018\/08\/1-84.jpg?resize=350%2C200&ssl=1","width":350,"height":200,"srcset":"https:\/\/i0.wp.com\/webdelmaestrocmf.com\/portal\/wp-content\/uploads\/2018\/08\/1-84.jpg?resize=350%2C200&ssl=1 1x, https:\/\/i0.wp.com\/webdelmaestrocmf.com\/portal\/wp-content\/uploads\/2018\/08\/1-84.jpg?resize=525%2C300&ssl=1 1.5x, https:\/\/i0.wp.com\/webdelmaestrocmf.com\/portal\/wp-content\/uploads\/2018\/08\/1-84.jpg?resize=700%2C400&ssl=1 2x, https:\/\/i0.wp.com\/webdelmaestrocmf.com\/portal\/wp-content\/uploads\/2018\/08\/1-84.jpg?resize=1050%2C600&ssl=1 3x"},"classes":[]},{"id":46152,"url":"https:\/\/webdelmaestrocmf.com\/portal\/maria-palacios-que-hacen-los-maestros-en-cuarentena\/","url_meta":{"origin":27169,"position":5},"title":"[Mar\u00eda Palacios] \u00bfQu\u00e9 hacen los maestros en cuarentena?","author":"Web del Maestro CMF","date":"5 abril, 2020","format":false,"excerpt":"Los maestros en cuarentena asumen con actitud positiva y discreta todo tipo de circunstancias. Los maestros en cuarentena, si son madres o padres, tienen un doble reto, porque nunca les sobrar\u00e1 tiempo para atender todos sus quehaceres y actividades laborales. Los maestros en cuarentena comienzan desde cero sus programaciones, porque\u2026","rel":"","context":"En \u00abZ-Colaboradores\u00bb","block_context":{"text":"Z-Colaboradores","link":"https:\/\/webdelmaestrocmf.com\/portal\/category\/colaborador\/"},"img":{"alt_text":"","src":"https:\/\/i0.wp.com\/webdelmaestrocmf.com\/portal\/wp-content\/uploads\/2020\/04\/3-14.jpg?resize=350%2C200&ssl=1","width":350,"height":200,"srcset":"https:\/\/i0.wp.com\/webdelmaestrocmf.com\/portal\/wp-content\/uploads\/2020\/04\/3-14.jpg?resize=350%2C200&ssl=1 1x, https:\/\/i0.wp.com\/webdelmaestrocmf.com\/portal\/wp-content\/uploads\/2020\/04\/3-14.jpg?resize=525%2C300&ssl=1 1.5x, https:\/\/i0.wp.com\/webdelmaestrocmf.com\/portal\/wp-content\/uploads\/2020\/04\/3-14.jpg?resize=700%2C400&ssl=1 2x, https:\/\/i0.wp.com\/webdelmaestrocmf.com\/portal\/wp-content\/uploads\/2020\/04\/3-14.jpg?resize=1050%2C600&ssl=1 3x"},"classes":[]}],"_links":{"self":[{"href":"https:\/\/webdelmaestrocmf.com\/portal\/wp-json\/wp\/v2\/posts\/27169","targetHints":{"allow":["GET"]}}],"collection":[{"href":"https:\/\/webdelmaestrocmf.com\/portal\/wp-json\/wp\/v2\/posts"}],"about":[{"href":"https:\/\/webdelmaestrocmf.com\/portal\/wp-json\/wp\/v2\/types\/post"}],"author":[{"embeddable":true,"href":"https:\/\/webdelmaestrocmf.com\/portal\/wp-json\/wp\/v2\/users\/1"}],"replies":[{"embeddable":true,"href":"https:\/\/webdelmaestrocmf.com\/portal\/wp-json\/wp\/v2\/comments?post=27169"}],"version-history":[{"count":0,"href":"https:\/\/webdelmaestrocmf.com\/portal\/wp-json\/wp\/v2\/posts\/27169\/revisions"}],"wp:featuredmedia":[{"embeddable":true,"href":"https:\/\/webdelmaestrocmf.com\/portal\/wp-json\/wp\/v2\/media\/70717"}],"wp:attachment":[{"href":"https:\/\/webdelmaestrocmf.com\/portal\/wp-json\/wp\/v2\/media?parent=27169"}],"wp:term":[{"taxonomy":"category","embeddable":true,"href":"https:\/\/webdelmaestrocmf.com\/portal\/wp-json\/wp\/v2\/categories?post=27169"},{"taxonomy":"post_tag","embeddable":true,"href":"https:\/\/webdelmaestrocmf.com\/portal\/wp-json\/wp\/v2\/tags?post=27169"}],"curies":[{"name":"wp","href":"https:\/\/api.w.org\/{rel}","templated":true}]}}