{"id":27137,"date":"2018-04-04T23:09:26","date_gmt":"2018-04-05T02:09:26","guid":{"rendered":"http:\/\/webdelmaestrocmf.com\/portal\/?p=27137"},"modified":"2025-07-14T20:05:14","modified_gmt":"2025-07-15T00:05:14","slug":"grupos-de-whatsapp-pesadilla-para-docentes-y-alumnos","status":"publish","type":"post","link":"https:\/\/webdelmaestrocmf.com\/portal\/grupos-de-whatsapp-pesadilla-para-docentes-y-alumnos\/","title":{"rendered":"Grupos de padres en WhatsApp: Ayuda o pesadilla para docentes"},"content":{"rendered":"\n<h5 class=\"wp-block-heading\"><\/h5>\n\n\n\n<p>Los grupos de mensajer\u00eda de WhatsApp entre padres y madres se han integrado con fuerza a la vida escolar. Lo que en un inicio parec\u00eda una soluci\u00f3n pr\u00e1ctica para mejorar la comunicaci\u00f3n entre las familias y coordinar asuntos escolares, se ha transformado \u2014en muchos casos\u2014 en un foco de conflicto, especialmente para los docentes.<\/p>\n\n\n\n<h2 class=\"wp-block-heading\"><strong>Un nuevo \u201cpatio de vecinos\u201d digital<\/strong><\/h2>\n\n\n\n<p>Lo que antes eran comentarios ocasionales en la puerta del colegio, ahora se ha convertido en una conversaci\u00f3n constante y sin filtros. A trav\u00e9s de los grupos de WhatsApp, algunos padres y madres opinan sobre todo: tareas, m\u00e9todos de ense\u00f1anza, sanciones, incluso decisiones pedag\u00f3gicas. A veces con buena intenci\u00f3n; otras, no tanto.<\/p>\n\n\n\n<p>El portal <em>El Mundo<\/em> (Espa\u00f1a) public\u00f3 un art\u00edculo de Noe de la Torre titulado <em>\u201cGrupos de padres en WhatsApp, nuevo conflicto con los profesores\u201d<\/em>, en el que se da cuenta de c\u00f3mo estas plataformas digitales pueden convertirse en espacios donde se gestan campa\u00f1as de desprestigio que afectan el honor y la integridad profesional de los docentes.<\/p>\n\n\n\n<p>Seg\u00fan datos del sindicato ANPE (Asociaci\u00f3n Nacional de Profesorado Estatal), ha aumentado el n\u00famero de denuncias de profesores por la r\u00e1pida difusi\u00f3n de acusaciones infundadas en estos grupos. Lo que empieza como una queja puede, en minutos, convertirse en un rumor colectivo, y en algunos casos, terminar en denuncias formales ante directivos, supervisores o incluso autoridades judiciales.<\/p>\n\n\n\n<h2 class=\"wp-block-heading\"><strong>Cuando la cr\u00edtica se vuelve acoso<\/strong><\/h2>\n\n\n\n<p>To\u00f1i Qui\u00f1ones, experta en tecnolog\u00edas aplicadas a la educaci\u00f3n, se\u00f1ala un punto delicado: hay padres que utilizan el grupo como una forma de presi\u00f3n social contra un docente, exponiendo su desacuerdo con alguna acci\u00f3n educativa, buscando adhesi\u00f3n de otros apoderados y generando una ola de cr\u00edticas sin contexto ni fundamento.<\/p>\n\n\n\n<p>\u201cConversaciones que se van de las manos\u201d, como las describe Qui\u00f1ones, pueden llegar a instancias graves, incluso afectar la salud emocional del docente implicado. Lo m\u00e1s preocupante es que todo ocurre sin mediaci\u00f3n institucional y muchas veces sin derecho a r\u00e9plica.<\/p>\n\n\n\n<p>Albert Gimeno, director de la ONG <em>Padres 2.0<\/em>, especializada en protecci\u00f3n infantil en internet, lo resume con claridad: cualquier mensaje ofensivo contra un profesor puede ser capturado y usado como prueba ante la justicia. \u201cPiensa antes de compartir\u201d, es su lema, recordando que hay l\u00edmites legales que protegen el honor de las personas.<\/p>\n\n\n\n<figure class=\"wp-block-image size-full is-resized\"><img loading=\"lazy\" decoding=\"async\" width=\"577\" height=\"498\" src=\"https:\/\/webdelmaestrocmf.com\/portal\/wp-content\/uploads\/2018\/04\/Captura-de-pantalla-2025-07-14-200119.jpg\" alt=\"\" class=\"wp-image-111214\" style=\"width:688px;height:auto\" srcset=\"https:\/\/webdelmaestrocmf.com\/portal\/wp-content\/uploads\/2018\/04\/Captura-de-pantalla-2025-07-14-200119.jpg 577w, https:\/\/webdelmaestrocmf.com\/portal\/wp-content\/uploads\/2018\/04\/Captura-de-pantalla-2025-07-14-200119-300x259.jpg 300w, https:\/\/webdelmaestrocmf.com\/portal\/wp-content\/uploads\/2018\/04\/Captura-de-pantalla-2025-07-14-200119-332x287.jpg 332w\" sizes=\"auto, (max-width: 577px) 100vw, 577px\" \/><\/figure>\n\n\n\n<h2 class=\"wp-block-heading\"><strong>No es la herramienta, es el uso que se le da<\/strong><\/h2>\n\n\n\n<p>Tanto Gimeno como Qui\u00f1ones coinciden en un punto esencial: el problema no es WhatsApp, sino el uso inadecuado que algunos hacen de \u00e9l. La cr\u00edtica o la duda son leg\u00edtimas, pero deben canalizarse de manera directa, respetuosa y privada. Resolver diferencias cara a cara sigue siendo la mejor opci\u00f3n.<\/p>\n\n\n\n<p>Adem\u00e1s, ambos expertos recuerdan un punto clave: los ni\u00f1os observan e imitan. Un grupo de WhatsApp conflictivo entre apoderados puede reflejarse en el comportamiento de los alumnos en el aula, provocando tensi\u00f3n hacia el docente o entre compa\u00f1eros.<\/p>\n\n\n\n<h2 class=\"wp-block-heading\"><strong>Ventajas que no hay que perder de vista<\/strong><\/h2>\n\n\n\n<p>Pese a los riesgos, los grupos de WhatsApp tambi\u00e9n pueden ser una herramienta \u00fatil si se usan con responsabilidad. Algunas de sus <strong>ventajas reales<\/strong> son:<\/p>\n\n\n\n<ul class=\"wp-block-list\">\n<li>Facilitan la <strong>coordinaci\u00f3n r\u00e1pida<\/strong> para tareas, actividades o eventos escolares.<\/li>\n\n\n\n<li>Permiten <strong>comunicar avisos urgentes<\/strong> o recordatorios de forma directa.<\/li>\n\n\n\n<li>Fomentan el <strong>apoyo entre familias<\/strong>, especialmente en casos de enfermedad o imprevistos.<\/li>\n\n\n\n<li>Sirven para <strong>promover acuerdos comunes<\/strong>, como normas de uso del celular, alimentaci\u00f3n saludable o seguridad escolar.<\/li>\n<\/ul>\n\n\n\n<h2 class=\"wp-block-heading\"><strong>Riesgos que deben regularse<\/strong><\/h2>\n\n\n\n<p>Pero estas ventajas se diluyen cuando el grupo se usa sin l\u00edmites. Algunas <strong>desventajas frecuentes<\/strong> que los docentes rechazan abiertamente incluyen:<\/p>\n\n\n\n<ul class=\"wp-block-list\">\n<li><strong>Mensajes a cualquier hora<\/strong>, incluso en la noche, feriados o vacaciones.<\/li>\n\n\n\n<li><strong>Difusi\u00f3n de rumores<\/strong>, que se expanden sin posibilidad de verificar su veracidad.<\/li>\n\n\n\n<li><strong>Presi\u00f3n colectiva sobre decisiones pedag\u00f3gicas<\/strong>, que terminan afectando la autonom\u00eda profesional del docente.<\/li>\n\n\n\n<li><strong>Falta de respeto o acusaciones p\u00fablicas<\/strong>, que vulneran la dignidad y los derechos del educador.<\/li>\n\n\n\n<li><strong>Confusi\u00f3n sobre el rol del grupo<\/strong>, que termina siendo un espacio de quejas m\u00e1s que de colaboraci\u00f3n.<\/li>\n<\/ul>\n\n\n\n<h2 class=\"wp-block-heading\"><strong>\u00bfQu\u00e9 hacer para evitar conflictos?<\/strong><\/h2>\n\n\n\n<p>Los especialistas recomiendan tomar medidas claras:<\/p>\n\n\n\n<ul class=\"wp-block-list\">\n<li><strong>Establecer normas de uso<\/strong> desde el inicio del a\u00f1o escolar: horarios, temas permitidos y tono de conversaci\u00f3n.<\/li>\n\n\n\n<li><strong>Nombrar administradores responsables<\/strong>, que puedan intervenir en caso de conflictos o eliminar a quienes incumplen las reglas.<\/li>\n\n\n\n<li><strong>Derivar los temas sensibles<\/strong> a canales formales, como entrevistas personales o reuniones con el equipo directivo.<\/li>\n\n\n\n<li><strong>Promover la corresponsabilidad<\/strong>, entendiendo que padres y docentes deben actuar como aliados, no como adversarios.<\/li>\n<\/ul>\n\n\n\n<h2 class=\"wp-block-heading\"><strong>Conclusi\u00f3n<\/strong><\/h2>\n\n\n\n<p>Los grupos de WhatsApp no son un enemigo, pero s\u00ed pueden convertirse en una trampa cuando se usan sin respeto, sin reglas y sin conciencia del impacto que pueden tener. La escuela debe seguir siendo un espacio de di\u00e1logo constructivo, donde cada actor \u2014familia, docente, directivo\u2014 sepa cu\u00e1l es su rol y act\u00fae con responsabilidad.<\/p>\n\n\n\n<p>Usar bien la tecnolog\u00eda es parte de educar. Y educar tambi\u00e9n significa saber comunicarse con respeto, dentro y fuera de la pantalla.<\/p>\n\n\n\n<p class=\"has-text-align-right\"><strong><span class=\"last-child first-child\">Es<\/span>Redacci\u00f3n | Web del Maestro CMF<\/strong><\/p>\n\n\n\t\t<div class=\"pk-inline-posts\">\n\t\t\t\n\t\t\t<div class=\"pk-inline-posts-container pk-inline-posts-template-list\"\n\t\t\t\tdata-columns=\"1\">\n\t\t\t\t\t\t<article id=\"post-118381\" class=\"post-118381 post type-post status-publish format-standard has-post-thumbnail category-bienestar-familiar category-pedagogia tag-aprendizaje tag-autonomia-3 tag-crianza-consciente tag-desarrollo-infantil tag-docentes tag-educacion-infantil tag-empatia-2 tag-funciones-ejecutivas tag-padres tag-responsabilidad cs-entry cs-video-wrap\">\n\t\t\t<div class=\"pk-post-outer\">\n\n\t\t\t\t\t\t\t\t<div class=\"pk-post-inner\">\n\t\t\t\t\t<div class=\"entry-thumbnail\">\n\t\t\t\t\t\t<div class=\"pk-overlay pk-overlay-ratio pk-ratio-landscape\">\n\t\t\t\t\t\t\t<div class=\"pk-overlay-background\">\n\t\t\t\t\t\t\t\t<a href=\"https:\/\/webdelmaestrocmf.com\/portal\/si-tu-hijo-hace-estas-3-cosas-felicidades-tienes-un-hijo-listo-para-toda-la-vida\/\" class=\"pk-overlay-link\">\n\t\t\t\t\t\t\t\t\t<img loading=\"lazy\" decoding=\"async\" width=\"300\" height=\"225\" src=\"https:\/\/webdelmaestrocmf.com\/portal\/wp-content\/uploads\/2026\/04\/1AA-Banner-1-portada-imagen-10-1-copia-3-7-300x225.webp\" class=\"attachment-pk-thumbnail size-pk-thumbnail wp-post-image\" alt=\"\" \/>\t\t\t\t\t\t\t\t<\/a>\n\t\t\t\t\t\t\t<\/div>\n\t\t\t\t\t\t<\/div>\n\t\t\t\t\t<\/div>\n\t\t\t\t<\/div>\n\t\t\t\t\n\t\t\t\t<div class=\"pk-post-inner\">\n\t\t\t\t\t<header>\n\t\t\t\t\t\t<h3 class=\"pk-title\"><a href=\"https:\/\/webdelmaestrocmf.com\/portal\/si-tu-hijo-hace-estas-3-cosas-felicidades-tienes-un-hijo-listo-para-toda-la-vida\/\" rel=\"bookmark\">Si tu hijo hace estas 3 cosas, felicidades: tienes un hijo listo para toda la vida<\/a><\/h3>\t\t\t\t\t<\/header><!-- .entry-header -->\n\t\t\t\t<\/div><!-- .post-inner -->\n\n\t\t\t<\/div><!-- .post-outer -->\n\t\t<\/article>\n\t\t\t<article id=\"post-118371\" class=\"post-118371 post type-post status-publish format-standard has-post-thumbnail category-bienestar-familiar category-pedagogia tag-aprendizaje-social tag-bienestar-infantil tag-conducta-infantil tag-crianza-consciente tag-desarrollo-infantil tag-disciplina-positiva-2 tag-educacion-emocional-3 tag-regulacion-emocional-2 tag-rol-docente tag-vinculo-afectivo-2 cs-entry cs-video-wrap\">\n\t\t\t<div class=\"pk-post-outer\">\n\n\t\t\t\t\t\t\t\t<div class=\"pk-post-inner\">\n\t\t\t\t\t<div class=\"entry-thumbnail\">\n\t\t\t\t\t\t<div class=\"pk-overlay pk-overlay-ratio pk-ratio-landscape\">\n\t\t\t\t\t\t\t<div class=\"pk-overlay-background\">\n\t\t\t\t\t\t\t\t<a href=\"https:\/\/webdelmaestrocmf.com\/portal\/no-importa-si-grita-papa-o-mama-importa-la-frecuencia-y-la-huella-que-deja-en-el-nino\/\" class=\"pk-overlay-link\">\n\t\t\t\t\t\t\t\t\t<img loading=\"lazy\" decoding=\"async\" width=\"300\" height=\"225\" src=\"https:\/\/webdelmaestrocmf.com\/portal\/wp-content\/uploads\/2026\/04\/1AA-Banner-1-portada-imagen-10-1-copia-2-8-300x225.webp\" class=\"attachment-pk-thumbnail size-pk-thumbnail wp-post-image\" alt=\"\" \/>\t\t\t\t\t\t\t\t<\/a>\n\t\t\t\t\t\t\t<\/div>\n\t\t\t\t\t\t<\/div>\n\t\t\t\t\t<\/div>\n\t\t\t\t<\/div>\n\t\t\t\t\n\t\t\t\t<div class=\"pk-post-inner\">\n\t\t\t\t\t<header>\n\t\t\t\t\t\t<h3 class=\"pk-title\"><a href=\"https:\/\/webdelmaestrocmf.com\/portal\/no-importa-si-grita-papa-o-mama-importa-la-frecuencia-y-la-huella-que-deja-en-el-nino\/\" rel=\"bookmark\">No importa si grita pap\u00e1 o mam\u00e1\u2026 importa la frecuencia y la huella que deja en el ni\u00f1o<\/a><\/h3>\t\t\t\t\t<\/header><!-- .entry-header -->\n\t\t\t\t<\/div><!-- .post-inner -->\n\n\t\t\t<\/div><!-- .post-outer -->\n\t\t<\/article>\n\t\t\t<article id=\"post-38151\" class=\"post-38151 post type-post status-publish format-standard has-post-thumbnail category-bienestar-familiar category-pedagogia tag-alumno tag-construccion tag-educar tag-ensenar tag-escuela tag-familia tag-hijo cs-entry cs-video-wrap\">\n\t\t\t<div class=\"pk-post-outer\">\n\n\t\t\t\t\t\t\t\t<div class=\"pk-post-inner\">\n\t\t\t\t\t<div class=\"entry-thumbnail\">\n\t\t\t\t\t\t<div class=\"pk-overlay pk-overlay-ratio pk-ratio-landscape\">\n\t\t\t\t\t\t\t<div class=\"pk-overlay-background\">\n\t\t\t\t\t\t\t\t<a href=\"https:\/\/webdelmaestrocmf.com\/portal\/la-construccion-de-un-hijo-alumno-la-familia-tiene-que-educar-para-que-la-escuela-pueda-ensenar\/\" class=\"pk-overlay-link\">\n\t\t\t\t\t\t\t\t\t<img loading=\"lazy\" decoding=\"async\" width=\"300\" height=\"225\" src=\"https:\/\/webdelmaestrocmf.com\/portal\/wp-content\/uploads\/2026\/04\/1AA-Banner-1-portada-imagen-10-1-copia-7-3-300x225.webp\" class=\"attachment-pk-thumbnail size-pk-thumbnail wp-post-image\" alt=\"\" \/>\t\t\t\t\t\t\t\t<\/a>\n\t\t\t\t\t\t\t<\/div>\n\t\t\t\t\t\t<\/div>\n\t\t\t\t\t<\/div>\n\t\t\t\t<\/div>\n\t\t\t\t\n\t\t\t\t<div class=\"pk-post-inner\">\n\t\t\t\t\t<header>\n\t\t\t\t\t\t<h3 class=\"pk-title\"><a href=\"https:\/\/webdelmaestrocmf.com\/portal\/la-construccion-de-un-hijo-alumno-la-familia-tiene-que-educar-para-que-la-escuela-pueda-ensenar\/\" rel=\"bookmark\">La familia tiene que educar para que la escuela pueda ense\u00f1ar<\/a><\/h3>\t\t\t\t\t<\/header><!-- .entry-header -->\n\t\t\t\t<\/div><!-- .post-inner -->\n\n\t\t\t<\/div><!-- .post-outer -->\n\t\t<\/article>\n\t\t\t\t<\/div>\n\t\t<\/div>\n\t\t\n","protected":false},"excerpt":{"rendered":"Los grupos de WhatsApp entre apoderados, que nacieron para mejorar la comunicaci\u00f3n escolar, se han convertido en muchos casos en espacios de rumores, presiones y conflictos hacia los docentes","protected":false},"author":1,"featured_media":111216,"comment_status":"open","ping_status":"closed","sticky":false,"template":"","format":"standard","meta":{"csco_display_header_overlay":false,"csco_singular_sidebar":"default","csco_page_header_type":"default","csco_page_load_nextpost":"default","csco_post_video_location":[],"csco_post_video_location_hash":"","csco_post_video_url":"","csco_post_video_bg_start_time":0,"csco_post_video_bg_end_time":0,"csco_post_video_bg_volume":false,"_jetpack_memberships_contains_paid_content":false,"footnotes":""},"categories":[464,735],"tags":[299,58,1992,717,820],"class_list":{"0":"post-27137","1":"post","2":"type-post","3":"status-publish","4":"format-standard","5":"has-post-thumbnail","7":"category-bienestar-familiar","8":"category-pedagogia","9":"tag-alumnos","10":"tag-docentes","11":"tag-grupos","12":"tag-pesadilla","13":"tag-whatsapp","14":"cs-entry","15":"cs-video-wrap"},"yoast_head":"<!-- This site is optimized with the Yoast SEO plugin v27.5 - https:\/\/yoast.com\/product\/yoast-seo-wordpress\/ -->\n<title>Grupos de padres en whatsapp: Ayuda o pesadilla para docentes<\/title>\n<meta name=\"description\" content=\"Los grupos de mensajer\u00eda de WhatsApp entre padres y madres se han integrado con fuerza a la vida escolar. Lo que en un inicio...\" \/>\n<meta name=\"robots\" content=\"index, follow, max-snippet:-1, max-image-preview:large, max-video-preview:-1\" \/>\n<link rel=\"canonical\" href=\"https:\/\/webdelmaestrocmf.com\/portal\/grupos-de-whatsapp-pesadilla-para-docentes-y-alumnos\/\" \/>\n<meta property=\"og:locale\" content=\"es_ES\" \/>\n<meta property=\"og:type\" content=\"article\" \/>\n<meta property=\"og:title\" content=\"Grupos de padres en whatsapp: Ayuda o pesadilla para docentes\" \/>\n<meta property=\"og:description\" content=\"Los grupos de mensajer\u00eda de WhatsApp entre padres y madres se han integrado con fuerza a la vida escolar. Lo que en un inicio...\" \/>\n<meta property=\"og:url\" content=\"https:\/\/webdelmaestrocmf.com\/portal\/grupos-de-whatsapp-pesadilla-para-docentes-y-alumnos\/\" \/>\n<meta property=\"og:site_name\" content=\"Web del Maestro CMF\" \/>\n<meta property=\"article:publisher\" content=\"https:\/\/www.facebook.com\/WebdelMaestroCMF\/\" \/>\n<meta property=\"article:author\" content=\"https:\/\/www.facebook.com\/WebdelMaestroCMF\/\" \/>\n<meta property=\"article:published_time\" content=\"2018-04-05T02:09:26+00:00\" \/>\n<meta property=\"article:modified_time\" content=\"2025-07-15T00:05:14+00:00\" \/>\n<meta property=\"og:image\" content=\"https:\/\/webdelmaestrocmf.com\/portal\/wp-content\/uploads\/2018\/04\/1A-Banner-1-portada-imagen-10-1-copia-66.jpg\" \/>\n\t<meta property=\"og:image:width\" content=\"1003\" \/>\n\t<meta property=\"og:image:height\" content=\"667\" \/>\n\t<meta property=\"og:image:type\" content=\"image\/jpeg\" \/>\n<meta name=\"author\" content=\"Web del Maestro CMF\" \/>\n<meta name=\"twitter:card\" content=\"summary_large_image\" \/>\n<meta name=\"twitter:creator\" content=\"@cmf_w\" \/>\n<meta name=\"twitter:site\" content=\"@cmf_w\" \/>\n<script type=\"application\/ld+json\" class=\"yoast-schema-graph\">{\"@context\":\"https:\\\/\\\/schema.org\",\"@graph\":[{\"@type\":\"ScholarlyArticle\",\"@id\":\"https:\\\/\\\/webdelmaestrocmf.com\\\/portal\\\/grupos-de-whatsapp-pesadilla-para-docentes-y-alumnos\\\/#article\",\"isPartOf\":{\"@id\":\"https:\\\/\\\/webdelmaestrocmf.com\\\/portal\\\/grupos-de-whatsapp-pesadilla-para-docentes-y-alumnos\\\/\"},\"author\":{\"name\":\"Web del Maestro CMF\",\"@id\":\"https:\\\/\\\/webdelmaestrocmf.com\\\/portal\\\/#\\\/schema\\\/person\\\/1072a2ed7bd960df8ef99a551fa35dc5\"},\"headline\":\"Grupos de padres en WhatsApp: Ayuda o pesadilla para docentes\",\"datePublished\":\"2018-04-05T02:09:26+00:00\",\"dateModified\":\"2025-07-15T00:05:14+00:00\",\"mainEntityOfPage\":{\"@id\":\"https:\\\/\\\/webdelmaestrocmf.com\\\/portal\\\/grupos-de-whatsapp-pesadilla-para-docentes-y-alumnos\\\/\"},\"wordCount\":883,\"commentCount\":0,\"publisher\":{\"@id\":\"https:\\\/\\\/webdelmaestrocmf.com\\\/portal\\\/#organization\"},\"image\":{\"@id\":\"https:\\\/\\\/webdelmaestrocmf.com\\\/portal\\\/grupos-de-whatsapp-pesadilla-para-docentes-y-alumnos\\\/#primaryimage\"},\"thumbnailUrl\":\"https:\\\/\\\/webdelmaestrocmf.com\\\/portal\\\/wp-content\\\/uploads\\\/2018\\\/04\\\/1A-Banner-1-portada-imagen-10-1-copia-66.jpg\",\"keywords\":[\"alumnos\",\"DOCENTES\",\"GRUPOS\",\"PESADILLA\",\"WHATSAPP\"],\"articleSection\":[\"Bienestar Familiar\",\"Recursos\"],\"inLanguage\":\"es\",\"potentialAction\":[{\"@type\":\"CommentAction\",\"name\":\"Comment\",\"target\":[\"https:\\\/\\\/webdelmaestrocmf.com\\\/portal\\\/grupos-de-whatsapp-pesadilla-para-docentes-y-alumnos\\\/#respond\"]}]},{\"@type\":\"WebPage\",\"@id\":\"https:\\\/\\\/webdelmaestrocmf.com\\\/portal\\\/grupos-de-whatsapp-pesadilla-para-docentes-y-alumnos\\\/\",\"url\":\"https:\\\/\\\/webdelmaestrocmf.com\\\/portal\\\/grupos-de-whatsapp-pesadilla-para-docentes-y-alumnos\\\/\",\"name\":\"Grupos de padres en whatsapp: Ayuda o pesadilla para docentes\",\"isPartOf\":{\"@id\":\"https:\\\/\\\/webdelmaestrocmf.com\\\/portal\\\/#website\"},\"primaryImageOfPage\":{\"@id\":\"https:\\\/\\\/webdelmaestrocmf.com\\\/portal\\\/grupos-de-whatsapp-pesadilla-para-docentes-y-alumnos\\\/#primaryimage\"},\"image\":{\"@id\":\"https:\\\/\\\/webdelmaestrocmf.com\\\/portal\\\/grupos-de-whatsapp-pesadilla-para-docentes-y-alumnos\\\/#primaryimage\"},\"thumbnailUrl\":\"https:\\\/\\\/webdelmaestrocmf.com\\\/portal\\\/wp-content\\\/uploads\\\/2018\\\/04\\\/1A-Banner-1-portada-imagen-10-1-copia-66.jpg\",\"datePublished\":\"2018-04-05T02:09:26+00:00\",\"dateModified\":\"2025-07-15T00:05:14+00:00\",\"description\":\"Los grupos de mensajer\u00eda de WhatsApp entre padres y madres se han integrado con fuerza a la vida escolar. Lo que en un inicio...\",\"breadcrumb\":{\"@id\":\"https:\\\/\\\/webdelmaestrocmf.com\\\/portal\\\/grupos-de-whatsapp-pesadilla-para-docentes-y-alumnos\\\/#breadcrumb\"},\"inLanguage\":\"es\",\"potentialAction\":[{\"@type\":\"ReadAction\",\"target\":[\"https:\\\/\\\/webdelmaestrocmf.com\\\/portal\\\/grupos-de-whatsapp-pesadilla-para-docentes-y-alumnos\\\/\"]}]},{\"@type\":\"ImageObject\",\"inLanguage\":\"es\",\"@id\":\"https:\\\/\\\/webdelmaestrocmf.com\\\/portal\\\/grupos-de-whatsapp-pesadilla-para-docentes-y-alumnos\\\/#primaryimage\",\"url\":\"https:\\\/\\\/webdelmaestrocmf.com\\\/portal\\\/wp-content\\\/uploads\\\/2018\\\/04\\\/1A-Banner-1-portada-imagen-10-1-copia-66.jpg\",\"contentUrl\":\"https:\\\/\\\/webdelmaestrocmf.com\\\/portal\\\/wp-content\\\/uploads\\\/2018\\\/04\\\/1A-Banner-1-portada-imagen-10-1-copia-66.jpg\",\"width\":1003,\"height\":667},{\"@type\":\"BreadcrumbList\",\"@id\":\"https:\\\/\\\/webdelmaestrocmf.com\\\/portal\\\/grupos-de-whatsapp-pesadilla-para-docentes-y-alumnos\\\/#breadcrumb\",\"itemListElement\":[{\"@type\":\"ListItem\",\"position\":1,\"name\":\"Portada\",\"item\":\"https:\\\/\\\/webdelmaestrocmf.com\\\/portal\\\/\"},{\"@type\":\"ListItem\",\"position\":2,\"name\":\"Recursos\",\"item\":\"https:\\\/\\\/webdelmaestrocmf.com\\\/portal\\\/category\\\/pedagogia\\\/\"},{\"@type\":\"ListItem\",\"position\":3,\"name\":\"Grupos de padres en WhatsApp: Ayuda o pesadilla para docentes\"}]},{\"@type\":\"WebSite\",\"@id\":\"https:\\\/\\\/webdelmaestrocmf.com\\\/portal\\\/#website\",\"url\":\"https:\\\/\\\/webdelmaestrocmf.com\\\/portal\\\/\",\"name\":\"Web del Maestro CMF\",\"description\":\"Maestros al servicio de la educaci\u00f3n\",\"publisher\":{\"@id\":\"https:\\\/\\\/webdelmaestrocmf.com\\\/portal\\\/#organization\"},\"alternateName\":\"WMCMF\",\"potentialAction\":[{\"@type\":\"SearchAction\",\"target\":{\"@type\":\"EntryPoint\",\"urlTemplate\":\"https:\\\/\\\/webdelmaestrocmf.com\\\/portal\\\/?s={search_term_string}\"},\"query-input\":{\"@type\":\"PropertyValueSpecification\",\"valueRequired\":true,\"valueName\":\"search_term_string\"}}],\"inLanguage\":\"es\"},{\"@type\":\"Organization\",\"@id\":\"https:\\\/\\\/webdelmaestrocmf.com\\\/portal\\\/#organization\",\"name\":\"Web del Maestro CMF\",\"alternateName\":\"WMCMF\",\"url\":\"https:\\\/\\\/webdelmaestrocmf.com\\\/portal\\\/\",\"logo\":{\"@type\":\"ImageObject\",\"inLanguage\":\"es\",\"@id\":\"https:\\\/\\\/webdelmaestrocmf.com\\\/portal\\\/#\\\/schema\\\/logo\\\/image\\\/\",\"url\":\"https:\\\/\\\/webdelmaestrocmf.com\\\/portal\\\/wp-content\\\/uploads\\\/2023\\\/01\\\/logo-wmcmf-2.png\",\"contentUrl\":\"https:\\\/\\\/webdelmaestrocmf.com\\\/portal\\\/wp-content\\\/uploads\\\/2023\\\/01\\\/logo-wmcmf-2.png\",\"width\":200,\"height\":60,\"caption\":\"Web del Maestro CMF\"},\"image\":{\"@id\":\"https:\\\/\\\/webdelmaestrocmf.com\\\/portal\\\/#\\\/schema\\\/logo\\\/image\\\/\"},\"sameAs\":[\"https:\\\/\\\/www.facebook.com\\\/WebdelMaestroCMF\\\/\",\"https:\\\/\\\/x.com\\\/cmf_w\",\"https:\\\/\\\/www.pinterest.com\\\/WMCMF\\\/\",\"https:\\\/\\\/www.linkedin.com\\\/company\\\/web-del-maestro-cmf\\\/\",\"https:\\\/\\\/www.instagram.com\\\/wmcmf\\\/\",\"https:\\\/\\\/www.youtube.com\\\/channel\\\/UCDPSvjbdodE5sHnC3OxutHw\",\"https:\\\/\\\/mastodon.social\\\/@wmcmf\",\"https:\\\/\\\/www.tiktok.com\\\/@webdelmaestrocmf\"]},{\"@type\":\"Person\",\"@id\":\"https:\\\/\\\/webdelmaestrocmf.com\\\/portal\\\/#\\\/schema\\\/person\\\/1072a2ed7bd960df8ef99a551fa35dc5\",\"name\":\"Web del Maestro CMF\",\"image\":{\"@type\":\"ImageObject\",\"inLanguage\":\"es\",\"@id\":\"https:\\\/\\\/secure.gravatar.com\\\/avatar\\\/23291dd5b5ae1077dcff3dbb04c3e02bd28403fa75af6d8787d5e97c5bbbe30b?s=96&d=mm&r=g\",\"url\":\"https:\\\/\\\/secure.gravatar.com\\\/avatar\\\/23291dd5b5ae1077dcff3dbb04c3e02bd28403fa75af6d8787d5e97c5bbbe30b?s=96&d=mm&r=g\",\"contentUrl\":\"https:\\\/\\\/secure.gravatar.com\\\/avatar\\\/23291dd5b5ae1077dcff3dbb04c3e02bd28403fa75af6d8787d5e97c5bbbe30b?s=96&d=mm&r=g\",\"caption\":\"Web del Maestro CMF\"},\"description\":\"Esta Web se cre\u00f3 sin fines de lucro, con fines educativos, cient\u00edficos y acad\u00e9micos, para personas que tengan dificultades y\\\/o inconvenientes en visualizar el material original. El objetivo es entregar recursos, compartir experiencias y materiales que ayuden a los padres de familia, maestros y estudiantes en su actualizaci\u00f3n y formaci\u00f3n permanente, en bien de la Educaci\u00f3n.\",\"sameAs\":[\"http:\\\/\\\/webdelmaestrocmf.com\\\/portal\",\"https:\\\/\\\/www.facebook.com\\\/WebdelMaestroCMF\\\/\",\"https:\\\/\\\/www.instagram.com\\\/wmcmf\\\/\",\"https:\\\/\\\/cl.linkedin.com\\\/company\\\/web-del-maestro-cmf\",\"https:\\\/\\\/www.pinterest.com\\\/WMCMF\\\/publicaciones\\\/\",\"https:\\\/\\\/x.com\\\/cmf_w\",\"https:\\\/\\\/www.youtube.com\\\/@WMCMF\"]}]}<\/script>\n<!-- \/ Yoast SEO plugin. -->","yoast_head_json":{"title":"Grupos de padres en whatsapp: Ayuda o pesadilla para docentes","description":"Los grupos de mensajer\u00eda de WhatsApp entre padres y madres se han integrado con fuerza a la vida escolar. Lo que en un inicio...","robots":{"index":"index","follow":"follow","max-snippet":"max-snippet:-1","max-image-preview":"max-image-preview:large","max-video-preview":"max-video-preview:-1"},"canonical":"https:\/\/webdelmaestrocmf.com\/portal\/grupos-de-whatsapp-pesadilla-para-docentes-y-alumnos\/","og_locale":"es_ES","og_type":"article","og_title":"Grupos de padres en whatsapp: Ayuda o pesadilla para docentes","og_description":"Los grupos de mensajer\u00eda de WhatsApp entre padres y madres se han integrado con fuerza a la vida escolar. Lo que en un inicio...","og_url":"https:\/\/webdelmaestrocmf.com\/portal\/grupos-de-whatsapp-pesadilla-para-docentes-y-alumnos\/","og_site_name":"Web del Maestro CMF","article_publisher":"https:\/\/www.facebook.com\/WebdelMaestroCMF\/","article_author":"https:\/\/www.facebook.com\/WebdelMaestroCMF\/","article_published_time":"2018-04-05T02:09:26+00:00","article_modified_time":"2025-07-15T00:05:14+00:00","og_image":[{"width":1003,"height":667,"url":"https:\/\/webdelmaestrocmf.com\/portal\/wp-content\/uploads\/2018\/04\/1A-Banner-1-portada-imagen-10-1-copia-66.jpg","type":"image\/jpeg"}],"author":"Web del Maestro CMF","twitter_card":"summary_large_image","twitter_creator":"@cmf_w","twitter_site":"@cmf_w","schema":{"@context":"https:\/\/schema.org","@graph":[{"@type":"ScholarlyArticle","@id":"https:\/\/webdelmaestrocmf.com\/portal\/grupos-de-whatsapp-pesadilla-para-docentes-y-alumnos\/#article","isPartOf":{"@id":"https:\/\/webdelmaestrocmf.com\/portal\/grupos-de-whatsapp-pesadilla-para-docentes-y-alumnos\/"},"author":{"name":"Web del Maestro CMF","@id":"https:\/\/webdelmaestrocmf.com\/portal\/#\/schema\/person\/1072a2ed7bd960df8ef99a551fa35dc5"},"headline":"Grupos de padres en WhatsApp: Ayuda o pesadilla para docentes","datePublished":"2018-04-05T02:09:26+00:00","dateModified":"2025-07-15T00:05:14+00:00","mainEntityOfPage":{"@id":"https:\/\/webdelmaestrocmf.com\/portal\/grupos-de-whatsapp-pesadilla-para-docentes-y-alumnos\/"},"wordCount":883,"commentCount":0,"publisher":{"@id":"https:\/\/webdelmaestrocmf.com\/portal\/#organization"},"image":{"@id":"https:\/\/webdelmaestrocmf.com\/portal\/grupos-de-whatsapp-pesadilla-para-docentes-y-alumnos\/#primaryimage"},"thumbnailUrl":"https:\/\/webdelmaestrocmf.com\/portal\/wp-content\/uploads\/2018\/04\/1A-Banner-1-portada-imagen-10-1-copia-66.jpg","keywords":["alumnos","DOCENTES","GRUPOS","PESADILLA","WHATSAPP"],"articleSection":["Bienestar Familiar","Recursos"],"inLanguage":"es","potentialAction":[{"@type":"CommentAction","name":"Comment","target":["https:\/\/webdelmaestrocmf.com\/portal\/grupos-de-whatsapp-pesadilla-para-docentes-y-alumnos\/#respond"]}]},{"@type":"WebPage","@id":"https:\/\/webdelmaestrocmf.com\/portal\/grupos-de-whatsapp-pesadilla-para-docentes-y-alumnos\/","url":"https:\/\/webdelmaestrocmf.com\/portal\/grupos-de-whatsapp-pesadilla-para-docentes-y-alumnos\/","name":"Grupos de padres en whatsapp: Ayuda o pesadilla para docentes","isPartOf":{"@id":"https:\/\/webdelmaestrocmf.com\/portal\/#website"},"primaryImageOfPage":{"@id":"https:\/\/webdelmaestrocmf.com\/portal\/grupos-de-whatsapp-pesadilla-para-docentes-y-alumnos\/#primaryimage"},"image":{"@id":"https:\/\/webdelmaestrocmf.com\/portal\/grupos-de-whatsapp-pesadilla-para-docentes-y-alumnos\/#primaryimage"},"thumbnailUrl":"https:\/\/webdelmaestrocmf.com\/portal\/wp-content\/uploads\/2018\/04\/1A-Banner-1-portada-imagen-10-1-copia-66.jpg","datePublished":"2018-04-05T02:09:26+00:00","dateModified":"2025-07-15T00:05:14+00:00","description":"Los grupos de mensajer\u00eda de WhatsApp entre padres y madres se han integrado con fuerza a la vida escolar. Lo que en un inicio...","breadcrumb":{"@id":"https:\/\/webdelmaestrocmf.com\/portal\/grupos-de-whatsapp-pesadilla-para-docentes-y-alumnos\/#breadcrumb"},"inLanguage":"es","potentialAction":[{"@type":"ReadAction","target":["https:\/\/webdelmaestrocmf.com\/portal\/grupos-de-whatsapp-pesadilla-para-docentes-y-alumnos\/"]}]},{"@type":"ImageObject","inLanguage":"es","@id":"https:\/\/webdelmaestrocmf.com\/portal\/grupos-de-whatsapp-pesadilla-para-docentes-y-alumnos\/#primaryimage","url":"https:\/\/webdelmaestrocmf.com\/portal\/wp-content\/uploads\/2018\/04\/1A-Banner-1-portada-imagen-10-1-copia-66.jpg","contentUrl":"https:\/\/webdelmaestrocmf.com\/portal\/wp-content\/uploads\/2018\/04\/1A-Banner-1-portada-imagen-10-1-copia-66.jpg","width":1003,"height":667},{"@type":"BreadcrumbList","@id":"https:\/\/webdelmaestrocmf.com\/portal\/grupos-de-whatsapp-pesadilla-para-docentes-y-alumnos\/#breadcrumb","itemListElement":[{"@type":"ListItem","position":1,"name":"Portada","item":"https:\/\/webdelmaestrocmf.com\/portal\/"},{"@type":"ListItem","position":2,"name":"Recursos","item":"https:\/\/webdelmaestrocmf.com\/portal\/category\/pedagogia\/"},{"@type":"ListItem","position":3,"name":"Grupos de padres en WhatsApp: Ayuda o pesadilla para docentes"}]},{"@type":"WebSite","@id":"https:\/\/webdelmaestrocmf.com\/portal\/#website","url":"https:\/\/webdelmaestrocmf.com\/portal\/","name":"Web del Maestro CMF","description":"Maestros al servicio de la educaci\u00f3n","publisher":{"@id":"https:\/\/webdelmaestrocmf.com\/portal\/#organization"},"alternateName":"WMCMF","potentialAction":[{"@type":"SearchAction","target":{"@type":"EntryPoint","urlTemplate":"https:\/\/webdelmaestrocmf.com\/portal\/?s={search_term_string}"},"query-input":{"@type":"PropertyValueSpecification","valueRequired":true,"valueName":"search_term_string"}}],"inLanguage":"es"},{"@type":"Organization","@id":"https:\/\/webdelmaestrocmf.com\/portal\/#organization","name":"Web del Maestro CMF","alternateName":"WMCMF","url":"https:\/\/webdelmaestrocmf.com\/portal\/","logo":{"@type":"ImageObject","inLanguage":"es","@id":"https:\/\/webdelmaestrocmf.com\/portal\/#\/schema\/logo\/image\/","url":"https:\/\/webdelmaestrocmf.com\/portal\/wp-content\/uploads\/2023\/01\/logo-wmcmf-2.png","contentUrl":"https:\/\/webdelmaestrocmf.com\/portal\/wp-content\/uploads\/2023\/01\/logo-wmcmf-2.png","width":200,"height":60,"caption":"Web del Maestro CMF"},"image":{"@id":"https:\/\/webdelmaestrocmf.com\/portal\/#\/schema\/logo\/image\/"},"sameAs":["https:\/\/www.facebook.com\/WebdelMaestroCMF\/","https:\/\/x.com\/cmf_w","https:\/\/www.pinterest.com\/WMCMF\/","https:\/\/www.linkedin.com\/company\/web-del-maestro-cmf\/","https:\/\/www.instagram.com\/wmcmf\/","https:\/\/www.youtube.com\/channel\/UCDPSvjbdodE5sHnC3OxutHw","https:\/\/mastodon.social\/@wmcmf","https:\/\/www.tiktok.com\/@webdelmaestrocmf"]},{"@type":"Person","@id":"https:\/\/webdelmaestrocmf.com\/portal\/#\/schema\/person\/1072a2ed7bd960df8ef99a551fa35dc5","name":"Web del Maestro CMF","image":{"@type":"ImageObject","inLanguage":"es","@id":"https:\/\/secure.gravatar.com\/avatar\/23291dd5b5ae1077dcff3dbb04c3e02bd28403fa75af6d8787d5e97c5bbbe30b?s=96&d=mm&r=g","url":"https:\/\/secure.gravatar.com\/avatar\/23291dd5b5ae1077dcff3dbb04c3e02bd28403fa75af6d8787d5e97c5bbbe30b?s=96&d=mm&r=g","contentUrl":"https:\/\/secure.gravatar.com\/avatar\/23291dd5b5ae1077dcff3dbb04c3e02bd28403fa75af6d8787d5e97c5bbbe30b?s=96&d=mm&r=g","caption":"Web del Maestro CMF"},"description":"Esta Web se cre\u00f3 sin fines de lucro, con fines educativos, cient\u00edficos y acad\u00e9micos, para personas que tengan dificultades y\/o inconvenientes en visualizar el material original. El objetivo es entregar recursos, compartir experiencias y materiales que ayuden a los padres de familia, maestros y estudiantes en su actualizaci\u00f3n y formaci\u00f3n permanente, en bien de la Educaci\u00f3n.","sameAs":["http:\/\/webdelmaestrocmf.com\/portal","https:\/\/www.facebook.com\/WebdelMaestroCMF\/","https:\/\/www.instagram.com\/wmcmf\/","https:\/\/cl.linkedin.com\/company\/web-del-maestro-cmf","https:\/\/www.pinterest.com\/WMCMF\/publicaciones\/","https:\/\/x.com\/cmf_w","https:\/\/www.youtube.com\/@WMCMF"]}]}},"jetpack_featured_media_url":"https:\/\/webdelmaestrocmf.com\/portal\/wp-content\/uploads\/2018\/04\/1A-Banner-1-portada-imagen-10-1-copia-66.jpg","jetpack_sharing_enabled":true,"jetpack-related-posts":[{"id":45352,"url":"https:\/\/webdelmaestrocmf.com\/portal\/padres-insoportables-la-vieja-pesadilla-y-desafio-diario-de-los-docentes\/","url_meta":{"origin":27137,"position":0},"title":"\u00abPadres\u00bb insoportables: La vieja pesadilla y desaf\u00edo diario de los maestros en confinamiento","author":"Web del Maestro CMF","date":"3 noviembre, 2025","format":false,"excerpt":"Muchos docentes enfrentan padres conflictivos que cuestionan todo, interfieren en su labor y dificultan la relaci\u00f3n educativa basada en confianza.","rel":"","context":"En \u00abBienestar Familiar\u00bb","block_context":{"text":"Bienestar Familiar","link":"https:\/\/webdelmaestrocmf.com\/portal\/category\/pedagogia\/bienestar-familiar\/"},"img":{"alt_text":"","src":"https:\/\/i0.wp.com\/webdelmaestrocmf.com\/portal\/wp-content\/uploads\/2022\/04\/1A-Banner-1-portada-imagen-10-1-copia.jpg?resize=350%2C200&ssl=1","width":350,"height":200,"srcset":"https:\/\/i0.wp.com\/webdelmaestrocmf.com\/portal\/wp-content\/uploads\/2022\/04\/1A-Banner-1-portada-imagen-10-1-copia.jpg?resize=350%2C200&ssl=1 1x, https:\/\/i0.wp.com\/webdelmaestrocmf.com\/portal\/wp-content\/uploads\/2022\/04\/1A-Banner-1-portada-imagen-10-1-copia.jpg?resize=525%2C300&ssl=1 1.5x, https:\/\/i0.wp.com\/webdelmaestrocmf.com\/portal\/wp-content\/uploads\/2022\/04\/1A-Banner-1-portada-imagen-10-1-copia.jpg?resize=700%2C400&ssl=1 2x"},"classes":[]},{"id":66383,"url":"https:\/\/webdelmaestrocmf.com\/portal\/normas-de-buen-uso-de-grupos-de-whatsapp-del-colegio\/","url_meta":{"origin":27137,"position":1},"title":"Normas de buen uso de Grupos de Whatsapp del colegio","author":"Web del Maestro CMF","date":"9 agosto, 2021","format":false,"excerpt":"El uso de la tecnolog\u00eda es fundamental en la forma de vida actual. Es casi imposible pensar que haya personas que no tengan y\/o no utilicen televisores, computadores, Tablet y, especialmente, tel\u00e9fonos celulares inteligentes, conocidos como Smartphones. Estos \u00faltimos, son dispositivos que la gran mayor\u00eda de la poblaci\u00f3n utiliza casi\u2026","rel":"","context":"En \u00abSoftware\u00bb","block_context":{"text":"Software","link":"https:\/\/webdelmaestrocmf.com\/portal\/category\/tecnologia\/software\/"},"img":{"alt_text":"","src":"https:\/\/i0.wp.com\/webdelmaestrocmf.com\/portal\/wp-content\/uploads\/2021\/08\/1-63.jpg?resize=350%2C200&ssl=1","width":350,"height":200,"srcset":"https:\/\/i0.wp.com\/webdelmaestrocmf.com\/portal\/wp-content\/uploads\/2021\/08\/1-63.jpg?resize=350%2C200&ssl=1 1x, https:\/\/i0.wp.com\/webdelmaestrocmf.com\/portal\/wp-content\/uploads\/2021\/08\/1-63.jpg?resize=525%2C300&ssl=1 1.5x, https:\/\/i0.wp.com\/webdelmaestrocmf.com\/portal\/wp-content\/uploads\/2021\/08\/1-63.jpg?resize=700%2C400&ssl=1 2x, https:\/\/i0.wp.com\/webdelmaestrocmf.com\/portal\/wp-content\/uploads\/2021\/08\/1-63.jpg?resize=1050%2C600&ssl=1 3x"},"classes":[]},{"id":53796,"url":"https:\/\/webdelmaestrocmf.com\/portal\/nuevos-tips-para-usar-whatsapp-en-tus-clases-virtuales-para-alumnos-y-padres-de-familia\/","url_meta":{"origin":27137,"position":2},"title":"Nuevos tips para usar WhatsApp en tus clases virtuales para alumnos y padres de familia","author":"Web del Maestro CMF","date":"1 noviembre, 2020","format":false,"excerpt":"Una de las primeras medidas que se tomaron en cuanto el Coronavirus empez\u00f3 a descontrolarse fue la de cerrar las escuelas en muchos pa\u00edses. Millones de escolares se quedaron de repente sin lecciones, y cientos de miles de profesores sin clases que dar. Ambos bandos deben permanecer en sus casas.\u2026","rel":"","context":"En \u00abSoftware\u00bb","block_context":{"text":"Software","link":"https:\/\/webdelmaestrocmf.com\/portal\/category\/tecnologia\/software\/"},"img":{"alt_text":"","src":"https:\/\/i0.wp.com\/webdelmaestrocmf.com\/portal\/wp-content\/uploads\/2020\/11\/1-7.jpg?resize=350%2C200&ssl=1","width":350,"height":200,"srcset":"https:\/\/i0.wp.com\/webdelmaestrocmf.com\/portal\/wp-content\/uploads\/2020\/11\/1-7.jpg?resize=350%2C200&ssl=1 1x, https:\/\/i0.wp.com\/webdelmaestrocmf.com\/portal\/wp-content\/uploads\/2020\/11\/1-7.jpg?resize=525%2C300&ssl=1 1.5x, https:\/\/i0.wp.com\/webdelmaestrocmf.com\/portal\/wp-content\/uploads\/2020\/11\/1-7.jpg?resize=700%2C400&ssl=1 2x, https:\/\/i0.wp.com\/webdelmaestrocmf.com\/portal\/wp-content\/uploads\/2020\/11\/1-7.jpg?resize=1050%2C600&ssl=1 3x"},"classes":[]},{"id":50408,"url":"https:\/\/webdelmaestrocmf.com\/portal\/como-calificar-tareas-y-evaluar-por-whatsapp\/","url_meta":{"origin":27137,"position":3},"title":"C\u00f3mo calificar tareas y evaluar por WhatsApp","author":"Web del Maestro CMF","date":"24 agosto, 2020","format":false,"excerpt":"Cualquiera que sea su actitud hacia la tecnolog\u00eda, la mayor\u00eda de los docentes est\u00e1n por lo menos algo familiarizados con el uso del WhatsApp. Quiz\u00e1 usted como muchos otros profesores, ya lo utilizan para mantenerse en contacto con amigos y familiares. Esto significa que ya dio el primer gran paso\u2026","rel":"","context":"En \u00abRedes Sociales\u00bb","block_context":{"text":"Redes Sociales","link":"https:\/\/webdelmaestrocmf.com\/portal\/category\/tecnologia\/redes-sociales\/"},"img":{"alt_text":"","src":"https:\/\/i0.wp.com\/webdelmaestrocmf.com\/portal\/wp-content\/uploads\/2020\/08\/1-129.jpg?resize=350%2C200&ssl=1","width":350,"height":200,"srcset":"https:\/\/i0.wp.com\/webdelmaestrocmf.com\/portal\/wp-content\/uploads\/2020\/08\/1-129.jpg?resize=350%2C200&ssl=1 1x, https:\/\/i0.wp.com\/webdelmaestrocmf.com\/portal\/wp-content\/uploads\/2020\/08\/1-129.jpg?resize=525%2C300&ssl=1 1.5x, https:\/\/i0.wp.com\/webdelmaestrocmf.com\/portal\/wp-content\/uploads\/2020\/08\/1-129.jpg?resize=700%2C400&ssl=1 2x, https:\/\/i0.wp.com\/webdelmaestrocmf.com\/portal\/wp-content\/uploads\/2020\/08\/1-129.jpg?resize=1050%2C600&ssl=1 3x"},"classes":[]},{"id":12219,"url":"https:\/\/webdelmaestrocmf.com\/portal\/papis-insoportables-la-nueva-pesadilla-de-los-docentes\/","url_meta":{"origin":27137,"position":4},"title":"Padres insoportables: \u00bfUn viejo o un nuevo desaf\u00edo\u2026 o simplemente otra prueba de paciencia para los docentes?","author":"Web del Maestro CMF","date":"17 diciembre, 2018","format":false,"excerpt":"C\u00f3mo detectar cuando mam\u00e1s y pap\u00e1s interfieren en el rol del docente y perjudican la formaci\u00f3n de sus hijos. La disputa de competencias entre un profesional y otros adultos se traslada a la escuela. Mariela es maestra de educaci\u00f3n inicial y trabaja enun jard\u00edn de infantes privado de Barrio Norte.\u2026","rel":"","context":"En \u00abConsejos\u00bb","block_context":{"text":"Consejos","link":"https:\/\/webdelmaestrocmf.com\/portal\/category\/pedagogia\/consejos\/"},"img":{"alt_text":"","src":"https:\/\/i0.wp.com\/webdelmaestrocmf.com\/portal\/wp-content\/uploads\/2018\/12\/1A-Banner-1-portada-imagen-10-1-4.jpg?resize=350%2C200&ssl=1","width":350,"height":200,"srcset":"https:\/\/i0.wp.com\/webdelmaestrocmf.com\/portal\/wp-content\/uploads\/2018\/12\/1A-Banner-1-portada-imagen-10-1-4.jpg?resize=350%2C200&ssl=1 1x, https:\/\/i0.wp.com\/webdelmaestrocmf.com\/portal\/wp-content\/uploads\/2018\/12\/1A-Banner-1-portada-imagen-10-1-4.jpg?resize=525%2C300&ssl=1 1.5x, https:\/\/i0.wp.com\/webdelmaestrocmf.com\/portal\/wp-content\/uploads\/2018\/12\/1A-Banner-1-portada-imagen-10-1-4.jpg?resize=700%2C400&ssl=1 2x"},"classes":[]},{"id":49738,"url":"https:\/\/webdelmaestrocmf.com\/portal\/23-consejos-y-estrategias-para-dar-clases-por-whatsapp\/","url_meta":{"origin":27137,"position":5},"title":"23 Consejos y estrategias para dar clases por WhatsApp","author":"Web del Maestro CMF","date":"4 agosto, 2020","format":false,"excerpt":"Muchas personas en el mundo est\u00e1n realizando una cuarentena obligatoria como parte de las medidas adoptadas por sus gobiernos a fin de que no se expanda el virus covid-19, conocido tambi\u00e9n como el coronavirus. Es por ello que usuarios est\u00e1n usando diversas redes sociales para poder comunicarse, una de ellas\u2026","rel":"","context":"En \u00abSoftware\u00bb","block_context":{"text":"Software","link":"https:\/\/webdelmaestrocmf.com\/portal\/category\/tecnologia\/software\/"},"img":{"alt_text":"","src":"https:\/\/i0.wp.com\/webdelmaestrocmf.com\/portal\/wp-content\/uploads\/2020\/08\/1-25.jpg?resize=350%2C200&ssl=1","width":350,"height":200,"srcset":"https:\/\/i0.wp.com\/webdelmaestrocmf.com\/portal\/wp-content\/uploads\/2020\/08\/1-25.jpg?resize=350%2C200&ssl=1 1x, https:\/\/i0.wp.com\/webdelmaestrocmf.com\/portal\/wp-content\/uploads\/2020\/08\/1-25.jpg?resize=525%2C300&ssl=1 1.5x, https:\/\/i0.wp.com\/webdelmaestrocmf.com\/portal\/wp-content\/uploads\/2020\/08\/1-25.jpg?resize=700%2C400&ssl=1 2x, https:\/\/i0.wp.com\/webdelmaestrocmf.com\/portal\/wp-content\/uploads\/2020\/08\/1-25.jpg?resize=1050%2C600&ssl=1 3x"},"classes":[]}],"_links":{"self":[{"href":"https:\/\/webdelmaestrocmf.com\/portal\/wp-json\/wp\/v2\/posts\/27137","targetHints":{"allow":["GET"]}}],"collection":[{"href":"https:\/\/webdelmaestrocmf.com\/portal\/wp-json\/wp\/v2\/posts"}],"about":[{"href":"https:\/\/webdelmaestrocmf.com\/portal\/wp-json\/wp\/v2\/types\/post"}],"author":[{"embeddable":true,"href":"https:\/\/webdelmaestrocmf.com\/portal\/wp-json\/wp\/v2\/users\/1"}],"replies":[{"embeddable":true,"href":"https:\/\/webdelmaestrocmf.com\/portal\/wp-json\/wp\/v2\/comments?post=27137"}],"version-history":[{"count":2,"href":"https:\/\/webdelmaestrocmf.com\/portal\/wp-json\/wp\/v2\/posts\/27137\/revisions"}],"predecessor-version":[{"id":111217,"href":"https:\/\/webdelmaestrocmf.com\/portal\/wp-json\/wp\/v2\/posts\/27137\/revisions\/111217"}],"wp:featuredmedia":[{"embeddable":true,"href":"https:\/\/webdelmaestrocmf.com\/portal\/wp-json\/wp\/v2\/media\/111216"}],"wp:attachment":[{"href":"https:\/\/webdelmaestrocmf.com\/portal\/wp-json\/wp\/v2\/media?parent=27137"}],"wp:term":[{"taxonomy":"category","embeddable":true,"href":"https:\/\/webdelmaestrocmf.com\/portal\/wp-json\/wp\/v2\/categories?post=27137"},{"taxonomy":"post_tag","embeddable":true,"href":"https:\/\/webdelmaestrocmf.com\/portal\/wp-json\/wp\/v2\/tags?post=27137"}],"curies":[{"name":"wp","href":"https:\/\/api.w.org\/{rel}","templated":true}]}}