{"id":26917,"date":"2018-03-15T19:35:01","date_gmt":"2018-03-15T22:35:01","guid":{"rendered":"http:\/\/webdelmaestrocmf.com\/portal\/?p=26917"},"modified":"2023-03-17T20:20:24","modified_gmt":"2023-03-17T23:20:24","slug":"lou-de-pixar-un-inteligente-corto-de-animacion-contra-el-acoso-escolar","status":"publish","type":"post","link":"https:\/\/webdelmaestrocmf.com\/portal\/lou-de-pixar-un-inteligente-corto-de-animacion-contra-el-acoso-escolar\/","title":{"rendered":"\u201cLou\u201d: un brillante corto de Pixar para reflexionar sobre el bullying en las escuelas"},"content":{"rendered":"<h5 style=\"text-align: justify;\">Como educadores, el hablar sobre el acoso escolar, cada d\u00eda se hace m\u00e1s corriente y habitual como una problem\u00e1tica social que sufren miles de ni\u00f1os y adolescentes. Se hace ineludible, como padres de familia, profesores y estudiantes, el conocer y dialogar sobre este comportamiento agresivo y no deseado en el ambiente escolar. Sabemos que, tanto los ni\u00f1os y j\u00f3venes que son acosados, como los que acosan pueden padecer problemas que no son tan evidentes al principio, pero pueden marcar para siempre.<\/h5>\n<p><!--more--><\/p>\n<p style=\"text-align: justify;\">El director Dave Mullins (que ha participado en proyectos como \u00abMonstruos S.A\u00bb, \u00abBuscando a Nemo\u00bb, \u00abLos Incre\u00edbles\u00bb o la trilog\u00eda de \u00abCars\u00bb), realiz\u00f3 con Pixar Animation Studios de la mano de Walt Disney, LOU, el corto, de seis minutos de duraci\u00f3n, que se centra en el patio de una escuela sobre la conducta de un ni\u00f1o que se dedica a robar los juguetes y a molestar al resto compa\u00f1eros. Invitando a los espectadores a reflexionar sobre qu\u00e9 o cu\u00e1les son las vivencias que llevan a un ni\u00f1o a abusar de otros.<\/p>\n<p><img loading=\"lazy\" decoding=\"async\" class=\" wp-image-63073\" src=\"https:\/\/webdelmaestrocmf.com\/portal\/wp-content\/uploads\/2018\/03\/1-65.jpg\" alt=\"\" width=\"760\" height=\"449\" srcset=\"https:\/\/webdelmaestrocmf.com\/portal\/wp-content\/uploads\/2018\/03\/1-65.jpg 640w, https:\/\/webdelmaestrocmf.com\/portal\/wp-content\/uploads\/2018\/03\/1-65-300x177.jpg 300w, https:\/\/webdelmaestrocmf.com\/portal\/wp-content\/uploads\/2018\/03\/1-65-110x65.jpg 110w, https:\/\/webdelmaestrocmf.com\/portal\/wp-content\/uploads\/2018\/03\/1-65-200x118.jpg 200w, https:\/\/webdelmaestrocmf.com\/portal\/wp-content\/uploads\/2018\/03\/1-65-380x224.jpg 380w, https:\/\/webdelmaestrocmf.com\/portal\/wp-content\/uploads\/2018\/03\/1-65-255x151.jpg 255w, https:\/\/webdelmaestrocmf.com\/portal\/wp-content\/uploads\/2018\/03\/1-65-550x325.jpg 550w, https:\/\/webdelmaestrocmf.com\/portal\/wp-content\/uploads\/2018\/03\/1-65-220x130.jpg 220w, https:\/\/webdelmaestrocmf.com\/portal\/wp-content\/uploads\/2018\/03\/1-65-400x236.jpg 400w, https:\/\/webdelmaestrocmf.com\/portal\/wp-content\/uploads\/2018\/03\/1-65-510x301.jpg 510w, https:\/\/webdelmaestrocmf.com\/portal\/wp-content\/uploads\/2018\/03\/1-65-600x354.jpg 600w\" sizes=\"auto, (max-width: 760px) 100vw, 760px\" \/><\/p>\n<p>Lou es un monstruo \u201cque vive en el ba\u00fal de objetos perdidos y al que los ni\u00f1os no ven, se plantea darle una lecci\u00f3n para que cambie su comportamiento. La historia, cautivadora, tambi\u00e9n trata de enfocar los motivos que llevan a un ni\u00f1o a acosar a otros\u201d<span style=\"color: #000000;\"> <strong><a style=\"color: #000000;\" href=\"http:\/\/www.abc.es\/play\/cine\/noticias\/abci-corto-pixar-bullying-lou-201803131239_noticia.html\" target=\"_blank\" rel=\"noopener noreferrer\">EL POTENTE Y ORIGINAL MENSAJE CONTRA EL BULLYING DEL \u00daLTIMO CORTO DE PIXAR.<\/a><\/strong><\/span><\/p>\n<p style=\"text-align: justify;\">Por motivos \u00fanicamente educativos \u2013 pastorales, compartimos este recurso para que visualizado y dialogado en nuestra comunidad educativa (o en los hogares) nos ayuden a consolidar una convivencia escolar sana.<\/p>\n<p><iframe loading=\"lazy\" title=\"\u3010Special Collection\u3011Lost and Found (LOU) Disney Short Film \u5931\u7269\u62db\u9886 | Bed Time Story | Learn English\" width=\"1200\" height=\"675\" src=\"https:\/\/www.youtube.com\/embed\/RiSfamuSvIg?feature=oembed\" frameborder=\"0\" allow=\"accelerometer; autoplay; clipboard-write; encrypted-media; gyroscope; picture-in-picture; web-share\" allowfullscreen><\/iframe><\/p>\n<p><strong>\u00a1Comparte y as\u00ed m\u00e1s docentes utilizar\u00e1n estos recursos\u00a0gratis! Muchas gracias.<\/strong><\/p>\n\t\t<div class=\"pk-inline-posts\">\n\t\t\t\n\t\t\t<div class=\"pk-inline-posts-container pk-inline-posts-template-list\"\n\t\t\t\tdata-columns=\"1\">\n\t\t\t\t\t\t<article id=\"post-66850\" class=\"post-66850 post type-post status-publish format-standard has-post-thumbnail category-peliculas category-pedagogia tag-aqui-estamos tag-escuchar tag-hermosa tag-invita tag-pelicula tag-planeta tag-tierra cs-entry cs-video-wrap\">\n\t\t\t<div class=\"pk-post-outer\">\n\n\t\t\t\t\t\t\t\t<div class=\"pk-post-inner\">\n\t\t\t\t\t<div class=\"entry-thumbnail\">\n\t\t\t\t\t\t<div class=\"pk-overlay pk-overlay-ratio pk-ratio-landscape\">\n\t\t\t\t\t\t\t<div class=\"pk-overlay-background\">\n\t\t\t\t\t\t\t\t<a href=\"https:\/\/webdelmaestrocmf.com\/portal\/aqui-estamos-una-hermosa-pelicula-que-nos-invita-a-escuchar-al-planeta-tierra\/\" class=\"pk-overlay-link\">\n\t\t\t\t\t\t\t\t\t<img loading=\"lazy\" decoding=\"async\" width=\"300\" height=\"225\" src=\"https:\/\/webdelmaestrocmf.com\/portal\/wp-content\/uploads\/2021\/08\/1a-15-300x225.jpg\" class=\"attachment-pk-thumbnail size-pk-thumbnail wp-post-image\" alt=\"\" srcset=\"https:\/\/webdelmaestrocmf.com\/portal\/wp-content\/uploads\/2021\/08\/1a-15-300x225.jpg 300w, https:\/\/webdelmaestrocmf.com\/portal\/wp-content\/uploads\/2021\/08\/1a-15-600x450.jpg 600w\" sizes=\"auto, (max-width: 300px) 100vw, 300px\" \/>\t\t\t\t\t\t\t\t<\/a>\n\t\t\t\t\t\t\t<\/div>\n\t\t\t\t\t\t<\/div>\n\t\t\t\t\t<\/div>\n\t\t\t\t<\/div>\n\t\t\t\t\n\t\t\t\t<div class=\"pk-post-inner\">\n\t\t\t\t\t<header>\n\t\t\t\t\t\t<h3 class=\"pk-title\"><a href=\"https:\/\/webdelmaestrocmf.com\/portal\/aqui-estamos-una-hermosa-pelicula-que-nos-invita-a-escuchar-al-planeta-tierra\/\" rel=\"bookmark\">\u00abAqu\u00ed estamos\u00bb, una hermosa pel\u00edcula que nos invita a escuchar al planeta Tierra | Descarga las 50 fichas para colorear en el d\u00eda de la tierra<\/a><\/h3>\t\t\t\t\t<\/header><!-- .entry-header -->\n\t\t\t\t<\/div><!-- .post-inner -->\n\n\t\t\t<\/div><!-- .post-outer -->\n\t\t<\/article>\n\t\t\t\t<\/div>\n\t\t<\/div>\n\t\t\n","protected":false},"excerpt":{"rendered":"Como educadores, el hablar sobre el acoso escolar, cada d\u00eda se hace m\u00e1s corriente y habitual como una&hellip;","protected":false},"author":1,"featured_media":42927,"comment_status":"open","ping_status":"closed","sticky":false,"template":"","format":"video","meta":{"csco_display_header_overlay":false,"csco_singular_sidebar":"default","csco_page_header_type":"default","csco_page_load_nextpost":"default","csco_post_video_location":[],"csco_post_video_location_hash":"","csco_post_video_url":"","csco_post_video_bg_start_time":0,"csco_post_video_bg_end_time":0,"csco_post_video_bg_volume":false,"_jetpack_memberships_contains_paid_content":false,"footnotes":""},"categories":[644,735],"tags":[1705,3421,1011,3420,608,1668,3419],"class_list":{"0":"post-26917","1":"post","2":"type-post","3":"status-publish","4":"format-video","5":"has-post-thumbnail","7":"category-peliculas","8":"category-pedagogia","9":"tag-acoso","10":"tag-animacion","11":"tag-corto","12":"tag-de-pixar","13":"tag-escolar","14":"tag-inteligente","15":"tag-lou","16":"post_format-post-format-video","17":"cs-entry","18":"cs-video-wrap"},"yoast_head":"<!-- This site is optimized with the Yoast SEO plugin v27.5 - https:\/\/yoast.com\/product\/yoast-seo-wordpress\/ -->\n<title>\u201cLou\u201d: un brillante corto de Pixar para reflexionar sobre el bullying en las escuelas<\/title>\n<meta name=\"description\" content=\"Pixar tambi\u00e9n quiere plantarle cara al acoso escolar. As\u00ed lo ha demostrado con\u00a0\u00abLou\u00bb, su \u00faltimo cortometraje\u00a0y que plantea un curioso...\" \/>\n<meta name=\"robots\" content=\"index, follow, max-snippet:-1, max-image-preview:large, max-video-preview:-1\" \/>\n<link rel=\"canonical\" href=\"https:\/\/webdelmaestrocmf.com\/portal\/lou-de-pixar-un-inteligente-corto-de-animacion-contra-el-acoso-escolar\/\" \/>\n<meta property=\"og:locale\" content=\"es_ES\" \/>\n<meta property=\"og:type\" content=\"article\" \/>\n<meta property=\"og:title\" content=\"\u201cLou\u201d: un brillante corto de Pixar para reflexionar sobre el bullying en las escuelas\" \/>\n<meta property=\"og:description\" content=\"Pixar tambi\u00e9n quiere plantarle cara al acoso escolar. As\u00ed lo ha demostrado con\u00a0\u00abLou\u00bb, su \u00faltimo cortometraje\u00a0y que plantea un curioso...\" \/>\n<meta property=\"og:url\" content=\"https:\/\/webdelmaestrocmf.com\/portal\/lou-de-pixar-un-inteligente-corto-de-animacion-contra-el-acoso-escolar\/\" \/>\n<meta property=\"og:site_name\" content=\"Web del Maestro CMF\" \/>\n<meta property=\"article:publisher\" content=\"https:\/\/www.facebook.com\/WebdelMaestroCMF\/\" \/>\n<meta property=\"article:author\" content=\"https:\/\/www.facebook.com\/WebdelMaestroCMF\/\" \/>\n<meta property=\"article:published_time\" content=\"2018-03-15T22:35:01+00:00\" \/>\n<meta property=\"article:modified_time\" content=\"2023-03-17T23:20:24+00:00\" \/>\n<meta property=\"og:image\" content=\"https:\/\/i0.wp.com\/webdelmaestrocmf.com\/portal\/wp-content\/uploads\/2018\/03\/1-55.jpg?fit=1100%2C680&ssl=1\" \/>\n\t<meta property=\"og:image:width\" content=\"1100\" \/>\n\t<meta property=\"og:image:height\" content=\"680\" \/>\n\t<meta property=\"og:image:type\" content=\"image\/jpeg\" \/>\n<meta name=\"author\" content=\"Web del Maestro CMF\" \/>\n<meta name=\"twitter:card\" content=\"summary_large_image\" \/>\n<meta name=\"twitter:creator\" content=\"@cmf_w\" \/>\n<meta name=\"twitter:site\" content=\"@cmf_w\" \/>\n<script type=\"application\/ld+json\" class=\"yoast-schema-graph\">{\"@context\":\"https:\\\/\\\/schema.org\",\"@graph\":[{\"@type\":\"ScholarlyArticle\",\"@id\":\"https:\\\/\\\/webdelmaestrocmf.com\\\/portal\\\/lou-de-pixar-un-inteligente-corto-de-animacion-contra-el-acoso-escolar\\\/#article\",\"isPartOf\":{\"@id\":\"https:\\\/\\\/webdelmaestrocmf.com\\\/portal\\\/lou-de-pixar-un-inteligente-corto-de-animacion-contra-el-acoso-escolar\\\/\"},\"author\":{\"name\":\"Web del Maestro CMF\",\"@id\":\"https:\\\/\\\/webdelmaestrocmf.com\\\/portal\\\/#\\\/schema\\\/person\\\/1072a2ed7bd960df8ef99a551fa35dc5\"},\"headline\":\"\u201cLou\u201d: un brillante corto de Pixar para reflexionar sobre el bullying en las escuelas\",\"datePublished\":\"2018-03-15T22:35:01+00:00\",\"dateModified\":\"2023-03-17T23:20:24+00:00\",\"mainEntityOfPage\":{\"@id\":\"https:\\\/\\\/webdelmaestrocmf.com\\\/portal\\\/lou-de-pixar-un-inteligente-corto-de-animacion-contra-el-acoso-escolar\\\/\"},\"wordCount\":313,\"commentCount\":0,\"publisher\":{\"@id\":\"https:\\\/\\\/webdelmaestrocmf.com\\\/portal\\\/#organization\"},\"image\":{\"@id\":\"https:\\\/\\\/webdelmaestrocmf.com\\\/portal\\\/lou-de-pixar-un-inteligente-corto-de-animacion-contra-el-acoso-escolar\\\/#primaryimage\"},\"thumbnailUrl\":\"https:\\\/\\\/webdelmaestrocmf.com\\\/portal\\\/wp-content\\\/uploads\\\/2018\\\/03\\\/1-55.jpg\",\"keywords\":[\"ACOSO\",\"ANIMACI\u00d3N\",\"CORTO\",\"DE PIXAR\",\"ESCOLAR\",\"INTELIGENTE\",\"LOU\"],\"articleSection\":[\"Pel\u00edculas\",\"Recursos\"],\"inLanguage\":\"es\",\"potentialAction\":[{\"@type\":\"CommentAction\",\"name\":\"Comment\",\"target\":[\"https:\\\/\\\/webdelmaestrocmf.com\\\/portal\\\/lou-de-pixar-un-inteligente-corto-de-animacion-contra-el-acoso-escolar\\\/#respond\"]}]},{\"@type\":\"WebPage\",\"@id\":\"https:\\\/\\\/webdelmaestrocmf.com\\\/portal\\\/lou-de-pixar-un-inteligente-corto-de-animacion-contra-el-acoso-escolar\\\/\",\"url\":\"https:\\\/\\\/webdelmaestrocmf.com\\\/portal\\\/lou-de-pixar-un-inteligente-corto-de-animacion-contra-el-acoso-escolar\\\/\",\"name\":\"\u201cLou\u201d: un brillante corto de Pixar para reflexionar sobre el bullying en las escuelas\",\"isPartOf\":{\"@id\":\"https:\\\/\\\/webdelmaestrocmf.com\\\/portal\\\/#website\"},\"primaryImageOfPage\":{\"@id\":\"https:\\\/\\\/webdelmaestrocmf.com\\\/portal\\\/lou-de-pixar-un-inteligente-corto-de-animacion-contra-el-acoso-escolar\\\/#primaryimage\"},\"image\":{\"@id\":\"https:\\\/\\\/webdelmaestrocmf.com\\\/portal\\\/lou-de-pixar-un-inteligente-corto-de-animacion-contra-el-acoso-escolar\\\/#primaryimage\"},\"thumbnailUrl\":\"https:\\\/\\\/webdelmaestrocmf.com\\\/portal\\\/wp-content\\\/uploads\\\/2018\\\/03\\\/1-55.jpg\",\"datePublished\":\"2018-03-15T22:35:01+00:00\",\"dateModified\":\"2023-03-17T23:20:24+00:00\",\"description\":\"Pixar tambi\u00e9n quiere plantarle cara al acoso escolar. As\u00ed lo ha demostrado con\u00a0\u00abLou\u00bb, su \u00faltimo cortometraje\u00a0y que plantea un curioso...\",\"breadcrumb\":{\"@id\":\"https:\\\/\\\/webdelmaestrocmf.com\\\/portal\\\/lou-de-pixar-un-inteligente-corto-de-animacion-contra-el-acoso-escolar\\\/#breadcrumb\"},\"inLanguage\":\"es\",\"potentialAction\":[{\"@type\":\"ReadAction\",\"target\":[\"https:\\\/\\\/webdelmaestrocmf.com\\\/portal\\\/lou-de-pixar-un-inteligente-corto-de-animacion-contra-el-acoso-escolar\\\/\"]}]},{\"@type\":\"ImageObject\",\"inLanguage\":\"es\",\"@id\":\"https:\\\/\\\/webdelmaestrocmf.com\\\/portal\\\/lou-de-pixar-un-inteligente-corto-de-animacion-contra-el-acoso-escolar\\\/#primaryimage\",\"url\":\"https:\\\/\\\/webdelmaestrocmf.com\\\/portal\\\/wp-content\\\/uploads\\\/2018\\\/03\\\/1-55.jpg\",\"contentUrl\":\"https:\\\/\\\/webdelmaestrocmf.com\\\/portal\\\/wp-content\\\/uploads\\\/2018\\\/03\\\/1-55.jpg\",\"width\":1100,\"height\":680},{\"@type\":\"BreadcrumbList\",\"@id\":\"https:\\\/\\\/webdelmaestrocmf.com\\\/portal\\\/lou-de-pixar-un-inteligente-corto-de-animacion-contra-el-acoso-escolar\\\/#breadcrumb\",\"itemListElement\":[{\"@type\":\"ListItem\",\"position\":1,\"name\":\"Portada\",\"item\":\"https:\\\/\\\/webdelmaestrocmf.com\\\/portal\\\/\"},{\"@type\":\"ListItem\",\"position\":2,\"name\":\"Recursos\",\"item\":\"https:\\\/\\\/webdelmaestrocmf.com\\\/portal\\\/category\\\/pedagogia\\\/\"},{\"@type\":\"ListItem\",\"position\":3,\"name\":\"\u201cLou\u201d: un brillante corto de Pixar para reflexionar sobre el bullying en las escuelas\"}]},{\"@type\":\"WebSite\",\"@id\":\"https:\\\/\\\/webdelmaestrocmf.com\\\/portal\\\/#website\",\"url\":\"https:\\\/\\\/webdelmaestrocmf.com\\\/portal\\\/\",\"name\":\"Web del Maestro CMF\",\"description\":\"Maestros al servicio de la educaci\u00f3n\",\"publisher\":{\"@id\":\"https:\\\/\\\/webdelmaestrocmf.com\\\/portal\\\/#organization\"},\"alternateName\":\"WMCMF\",\"potentialAction\":[{\"@type\":\"SearchAction\",\"target\":{\"@type\":\"EntryPoint\",\"urlTemplate\":\"https:\\\/\\\/webdelmaestrocmf.com\\\/portal\\\/?s={search_term_string}\"},\"query-input\":{\"@type\":\"PropertyValueSpecification\",\"valueRequired\":true,\"valueName\":\"search_term_string\"}}],\"inLanguage\":\"es\"},{\"@type\":\"Organization\",\"@id\":\"https:\\\/\\\/webdelmaestrocmf.com\\\/portal\\\/#organization\",\"name\":\"Web del Maestro CMF\",\"alternateName\":\"WMCMF\",\"url\":\"https:\\\/\\\/webdelmaestrocmf.com\\\/portal\\\/\",\"logo\":{\"@type\":\"ImageObject\",\"inLanguage\":\"es\",\"@id\":\"https:\\\/\\\/webdelmaestrocmf.com\\\/portal\\\/#\\\/schema\\\/logo\\\/image\\\/\",\"url\":\"https:\\\/\\\/webdelmaestrocmf.com\\\/portal\\\/wp-content\\\/uploads\\\/2023\\\/01\\\/logo-wmcmf-2.png\",\"contentUrl\":\"https:\\\/\\\/webdelmaestrocmf.com\\\/portal\\\/wp-content\\\/uploads\\\/2023\\\/01\\\/logo-wmcmf-2.png\",\"width\":200,\"height\":60,\"caption\":\"Web del Maestro CMF\"},\"image\":{\"@id\":\"https:\\\/\\\/webdelmaestrocmf.com\\\/portal\\\/#\\\/schema\\\/logo\\\/image\\\/\"},\"sameAs\":[\"https:\\\/\\\/www.facebook.com\\\/WebdelMaestroCMF\\\/\",\"https:\\\/\\\/x.com\\\/cmf_w\",\"https:\\\/\\\/www.pinterest.com\\\/WMCMF\\\/\",\"https:\\\/\\\/www.linkedin.com\\\/company\\\/web-del-maestro-cmf\\\/\",\"https:\\\/\\\/www.instagram.com\\\/wmcmf\\\/\",\"https:\\\/\\\/www.youtube.com\\\/channel\\\/UCDPSvjbdodE5sHnC3OxutHw\",\"https:\\\/\\\/mastodon.social\\\/@wmcmf\",\"https:\\\/\\\/www.tiktok.com\\\/@webdelmaestrocmf\"]},{\"@type\":\"Person\",\"@id\":\"https:\\\/\\\/webdelmaestrocmf.com\\\/portal\\\/#\\\/schema\\\/person\\\/1072a2ed7bd960df8ef99a551fa35dc5\",\"name\":\"Web del Maestro CMF\",\"image\":{\"@type\":\"ImageObject\",\"inLanguage\":\"es\",\"@id\":\"https:\\\/\\\/secure.gravatar.com\\\/avatar\\\/23291dd5b5ae1077dcff3dbb04c3e02bd28403fa75af6d8787d5e97c5bbbe30b?s=96&d=mm&r=g\",\"url\":\"https:\\\/\\\/secure.gravatar.com\\\/avatar\\\/23291dd5b5ae1077dcff3dbb04c3e02bd28403fa75af6d8787d5e97c5bbbe30b?s=96&d=mm&r=g\",\"contentUrl\":\"https:\\\/\\\/secure.gravatar.com\\\/avatar\\\/23291dd5b5ae1077dcff3dbb04c3e02bd28403fa75af6d8787d5e97c5bbbe30b?s=96&d=mm&r=g\",\"caption\":\"Web del Maestro CMF\"},\"description\":\"Esta Web se cre\u00f3 sin fines de lucro, con fines educativos, cient\u00edficos y acad\u00e9micos, para personas que tengan dificultades y\\\/o inconvenientes en visualizar el material original. El objetivo es entregar recursos, compartir experiencias y materiales que ayuden a los padres de familia, maestros y estudiantes en su actualizaci\u00f3n y formaci\u00f3n permanente, en bien de la Educaci\u00f3n.\",\"sameAs\":[\"http:\\\/\\\/webdelmaestrocmf.com\\\/portal\",\"https:\\\/\\\/www.facebook.com\\\/WebdelMaestroCMF\\\/\",\"https:\\\/\\\/www.instagram.com\\\/wmcmf\\\/\",\"https:\\\/\\\/cl.linkedin.com\\\/company\\\/web-del-maestro-cmf\",\"https:\\\/\\\/www.pinterest.com\\\/WMCMF\\\/publicaciones\\\/\",\"https:\\\/\\\/x.com\\\/cmf_w\",\"https:\\\/\\\/www.youtube.com\\\/@WMCMF\"]}]}<\/script>\n<!-- \/ Yoast SEO plugin. -->","yoast_head_json":{"title":"\u201cLou\u201d: un brillante corto de Pixar para reflexionar sobre el bullying en las escuelas","description":"Pixar tambi\u00e9n quiere plantarle cara al acoso escolar. As\u00ed lo ha demostrado con\u00a0\u00abLou\u00bb, su \u00faltimo cortometraje\u00a0y que plantea un curioso...","robots":{"index":"index","follow":"follow","max-snippet":"max-snippet:-1","max-image-preview":"max-image-preview:large","max-video-preview":"max-video-preview:-1"},"canonical":"https:\/\/webdelmaestrocmf.com\/portal\/lou-de-pixar-un-inteligente-corto-de-animacion-contra-el-acoso-escolar\/","og_locale":"es_ES","og_type":"article","og_title":"\u201cLou\u201d: un brillante corto de Pixar para reflexionar sobre el bullying en las escuelas","og_description":"Pixar tambi\u00e9n quiere plantarle cara al acoso escolar. As\u00ed lo ha demostrado con\u00a0\u00abLou\u00bb, su \u00faltimo cortometraje\u00a0y que plantea un curioso...","og_url":"https:\/\/webdelmaestrocmf.com\/portal\/lou-de-pixar-un-inteligente-corto-de-animacion-contra-el-acoso-escolar\/","og_site_name":"Web del Maestro CMF","article_publisher":"https:\/\/www.facebook.com\/WebdelMaestroCMF\/","article_author":"https:\/\/www.facebook.com\/WebdelMaestroCMF\/","article_published_time":"2018-03-15T22:35:01+00:00","article_modified_time":"2023-03-17T23:20:24+00:00","og_image":[{"width":1100,"height":680,"url":"https:\/\/i0.wp.com\/webdelmaestrocmf.com\/portal\/wp-content\/uploads\/2018\/03\/1-55.jpg?fit=1100%2C680&ssl=1","type":"image\/jpeg"}],"author":"Web del Maestro CMF","twitter_card":"summary_large_image","twitter_creator":"@cmf_w","twitter_site":"@cmf_w","schema":{"@context":"https:\/\/schema.org","@graph":[{"@type":"ScholarlyArticle","@id":"https:\/\/webdelmaestrocmf.com\/portal\/lou-de-pixar-un-inteligente-corto-de-animacion-contra-el-acoso-escolar\/#article","isPartOf":{"@id":"https:\/\/webdelmaestrocmf.com\/portal\/lou-de-pixar-un-inteligente-corto-de-animacion-contra-el-acoso-escolar\/"},"author":{"name":"Web del Maestro CMF","@id":"https:\/\/webdelmaestrocmf.com\/portal\/#\/schema\/person\/1072a2ed7bd960df8ef99a551fa35dc5"},"headline":"\u201cLou\u201d: un brillante corto de Pixar para reflexionar sobre el bullying en las escuelas","datePublished":"2018-03-15T22:35:01+00:00","dateModified":"2023-03-17T23:20:24+00:00","mainEntityOfPage":{"@id":"https:\/\/webdelmaestrocmf.com\/portal\/lou-de-pixar-un-inteligente-corto-de-animacion-contra-el-acoso-escolar\/"},"wordCount":313,"commentCount":0,"publisher":{"@id":"https:\/\/webdelmaestrocmf.com\/portal\/#organization"},"image":{"@id":"https:\/\/webdelmaestrocmf.com\/portal\/lou-de-pixar-un-inteligente-corto-de-animacion-contra-el-acoso-escolar\/#primaryimage"},"thumbnailUrl":"https:\/\/webdelmaestrocmf.com\/portal\/wp-content\/uploads\/2018\/03\/1-55.jpg","keywords":["ACOSO","ANIMACI\u00d3N","CORTO","DE PIXAR","ESCOLAR","INTELIGENTE","LOU"],"articleSection":["Pel\u00edculas","Recursos"],"inLanguage":"es","potentialAction":[{"@type":"CommentAction","name":"Comment","target":["https:\/\/webdelmaestrocmf.com\/portal\/lou-de-pixar-un-inteligente-corto-de-animacion-contra-el-acoso-escolar\/#respond"]}]},{"@type":"WebPage","@id":"https:\/\/webdelmaestrocmf.com\/portal\/lou-de-pixar-un-inteligente-corto-de-animacion-contra-el-acoso-escolar\/","url":"https:\/\/webdelmaestrocmf.com\/portal\/lou-de-pixar-un-inteligente-corto-de-animacion-contra-el-acoso-escolar\/","name":"\u201cLou\u201d: un brillante corto de Pixar para reflexionar sobre el bullying en las escuelas","isPartOf":{"@id":"https:\/\/webdelmaestrocmf.com\/portal\/#website"},"primaryImageOfPage":{"@id":"https:\/\/webdelmaestrocmf.com\/portal\/lou-de-pixar-un-inteligente-corto-de-animacion-contra-el-acoso-escolar\/#primaryimage"},"image":{"@id":"https:\/\/webdelmaestrocmf.com\/portal\/lou-de-pixar-un-inteligente-corto-de-animacion-contra-el-acoso-escolar\/#primaryimage"},"thumbnailUrl":"https:\/\/webdelmaestrocmf.com\/portal\/wp-content\/uploads\/2018\/03\/1-55.jpg","datePublished":"2018-03-15T22:35:01+00:00","dateModified":"2023-03-17T23:20:24+00:00","description":"Pixar tambi\u00e9n quiere plantarle cara al acoso escolar. As\u00ed lo ha demostrado con\u00a0\u00abLou\u00bb, su \u00faltimo cortometraje\u00a0y que plantea un curioso...","breadcrumb":{"@id":"https:\/\/webdelmaestrocmf.com\/portal\/lou-de-pixar-un-inteligente-corto-de-animacion-contra-el-acoso-escolar\/#breadcrumb"},"inLanguage":"es","potentialAction":[{"@type":"ReadAction","target":["https:\/\/webdelmaestrocmf.com\/portal\/lou-de-pixar-un-inteligente-corto-de-animacion-contra-el-acoso-escolar\/"]}]},{"@type":"ImageObject","inLanguage":"es","@id":"https:\/\/webdelmaestrocmf.com\/portal\/lou-de-pixar-un-inteligente-corto-de-animacion-contra-el-acoso-escolar\/#primaryimage","url":"https:\/\/webdelmaestrocmf.com\/portal\/wp-content\/uploads\/2018\/03\/1-55.jpg","contentUrl":"https:\/\/webdelmaestrocmf.com\/portal\/wp-content\/uploads\/2018\/03\/1-55.jpg","width":1100,"height":680},{"@type":"BreadcrumbList","@id":"https:\/\/webdelmaestrocmf.com\/portal\/lou-de-pixar-un-inteligente-corto-de-animacion-contra-el-acoso-escolar\/#breadcrumb","itemListElement":[{"@type":"ListItem","position":1,"name":"Portada","item":"https:\/\/webdelmaestrocmf.com\/portal\/"},{"@type":"ListItem","position":2,"name":"Recursos","item":"https:\/\/webdelmaestrocmf.com\/portal\/category\/pedagogia\/"},{"@type":"ListItem","position":3,"name":"\u201cLou\u201d: un brillante corto de Pixar para reflexionar sobre el bullying en las escuelas"}]},{"@type":"WebSite","@id":"https:\/\/webdelmaestrocmf.com\/portal\/#website","url":"https:\/\/webdelmaestrocmf.com\/portal\/","name":"Web del Maestro CMF","description":"Maestros al servicio de la educaci\u00f3n","publisher":{"@id":"https:\/\/webdelmaestrocmf.com\/portal\/#organization"},"alternateName":"WMCMF","potentialAction":[{"@type":"SearchAction","target":{"@type":"EntryPoint","urlTemplate":"https:\/\/webdelmaestrocmf.com\/portal\/?s={search_term_string}"},"query-input":{"@type":"PropertyValueSpecification","valueRequired":true,"valueName":"search_term_string"}}],"inLanguage":"es"},{"@type":"Organization","@id":"https:\/\/webdelmaestrocmf.com\/portal\/#organization","name":"Web del Maestro CMF","alternateName":"WMCMF","url":"https:\/\/webdelmaestrocmf.com\/portal\/","logo":{"@type":"ImageObject","inLanguage":"es","@id":"https:\/\/webdelmaestrocmf.com\/portal\/#\/schema\/logo\/image\/","url":"https:\/\/webdelmaestrocmf.com\/portal\/wp-content\/uploads\/2023\/01\/logo-wmcmf-2.png","contentUrl":"https:\/\/webdelmaestrocmf.com\/portal\/wp-content\/uploads\/2023\/01\/logo-wmcmf-2.png","width":200,"height":60,"caption":"Web del Maestro CMF"},"image":{"@id":"https:\/\/webdelmaestrocmf.com\/portal\/#\/schema\/logo\/image\/"},"sameAs":["https:\/\/www.facebook.com\/WebdelMaestroCMF\/","https:\/\/x.com\/cmf_w","https:\/\/www.pinterest.com\/WMCMF\/","https:\/\/www.linkedin.com\/company\/web-del-maestro-cmf\/","https:\/\/www.instagram.com\/wmcmf\/","https:\/\/www.youtube.com\/channel\/UCDPSvjbdodE5sHnC3OxutHw","https:\/\/mastodon.social\/@wmcmf","https:\/\/www.tiktok.com\/@webdelmaestrocmf"]},{"@type":"Person","@id":"https:\/\/webdelmaestrocmf.com\/portal\/#\/schema\/person\/1072a2ed7bd960df8ef99a551fa35dc5","name":"Web del Maestro CMF","image":{"@type":"ImageObject","inLanguage":"es","@id":"https:\/\/secure.gravatar.com\/avatar\/23291dd5b5ae1077dcff3dbb04c3e02bd28403fa75af6d8787d5e97c5bbbe30b?s=96&d=mm&r=g","url":"https:\/\/secure.gravatar.com\/avatar\/23291dd5b5ae1077dcff3dbb04c3e02bd28403fa75af6d8787d5e97c5bbbe30b?s=96&d=mm&r=g","contentUrl":"https:\/\/secure.gravatar.com\/avatar\/23291dd5b5ae1077dcff3dbb04c3e02bd28403fa75af6d8787d5e97c5bbbe30b?s=96&d=mm&r=g","caption":"Web del Maestro CMF"},"description":"Esta Web se cre\u00f3 sin fines de lucro, con fines educativos, cient\u00edficos y acad\u00e9micos, para personas que tengan dificultades y\/o inconvenientes en visualizar el material original. El objetivo es entregar recursos, compartir experiencias y materiales que ayuden a los padres de familia, maestros y estudiantes en su actualizaci\u00f3n y formaci\u00f3n permanente, en bien de la Educaci\u00f3n.","sameAs":["http:\/\/webdelmaestrocmf.com\/portal","https:\/\/www.facebook.com\/WebdelMaestroCMF\/","https:\/\/www.instagram.com\/wmcmf\/","https:\/\/cl.linkedin.com\/company\/web-del-maestro-cmf","https:\/\/www.pinterest.com\/WMCMF\/publicaciones\/","https:\/\/x.com\/cmf_w","https:\/\/www.youtube.com\/@WMCMF"]}]}},"jetpack_featured_media_url":"https:\/\/webdelmaestrocmf.com\/portal\/wp-content\/uploads\/2018\/03\/1-55.jpg","jetpack_sharing_enabled":true,"jetpack-related-posts":[{"id":8854,"url":"https:\/\/webdelmaestrocmf.com\/portal\/me-di-por-vencido-la-estremecedora-carta-de-un-nino-antes-de-suicidarse-por-bullying\/","url_meta":{"origin":26917,"position":0},"title":"\u00abMe di por vencido\u00bb: Carta de un ni\u00f1o antes de suicidarse por bullying","author":"Web del Maestro CMF","date":"12 julio, 2019","format":false,"excerpt":"El tr\u00e1gico caso de Daniel Fitzpatrick, un ni\u00f1o de 13 a\u00f1os que se quit\u00f3 la vida debido al acoso escolar que sufri\u00f3, pone de manifiesto la cruda realidad del bullying y la necesidad de abordar este tema de manera seria y efectiva. El acoso escolar es un problema que afecta\u2026","rel":"","context":"En \u00abBullying acoso\u00bb","block_context":{"text":"Bullying acoso","link":"https:\/\/webdelmaestrocmf.com\/portal\/category\/pedagogia\/bullying-acoso\/"},"img":{"alt_text":"","src":"https:\/\/i0.wp.com\/webdelmaestrocmf.com\/portal\/wp-content\/uploads\/2019\/07\/A12B3C4D-7.jpg?resize=350%2C200&ssl=1","width":350,"height":200,"srcset":"https:\/\/i0.wp.com\/webdelmaestrocmf.com\/portal\/wp-content\/uploads\/2019\/07\/A12B3C4D-7.jpg?resize=350%2C200&ssl=1 1x, https:\/\/i0.wp.com\/webdelmaestrocmf.com\/portal\/wp-content\/uploads\/2019\/07\/A12B3C4D-7.jpg?resize=525%2C300&ssl=1 1.5x, https:\/\/i0.wp.com\/webdelmaestrocmf.com\/portal\/wp-content\/uploads\/2019\/07\/A12B3C4D-7.jpg?resize=700%2C400&ssl=1 2x"},"classes":[]},{"id":84871,"url":"https:\/\/webdelmaestrocmf.com\/portal\/carmen-alemany-acoso-escolar-y-si-mi-hijo-es-el-acosador-a\/","url_meta":{"origin":26917,"position":1},"title":"[Carmen Alemany] Acoso escolar. \u00bfY si mi hijo es el acosador\/a?","author":"Web del Maestro CMF","date":"27 febrero, 2023","format":false,"excerpt":"El acoso escolar no es cosa de ni\u00f1os El acoso escolar es un fen\u00f3meno muy frecuente en nuestros centros educativos y que puede causar graves da\u00f1os a las v\u00edctimas. Seg\u00fan el\u00a0IV Informe de la Fundaci\u00f3n Anar y la Fundaci\u00f3n Mutua Madrile\u00f1a\u00a0sobre acoso escolar, entre los motivos que los alumnos alegan\u2026","rel":"","context":"En \u00abZ-Colaborador-Carmen Alemany\u00bb","block_context":{"text":"Z-Colaborador-Carmen Alemany","link":"https:\/\/webdelmaestrocmf.com\/portal\/category\/colaborador\/z-colaborador-carmen-alemany\/"},"img":{"alt_text":"","src":"https:\/\/i0.wp.com\/webdelmaestrocmf.com\/portal\/wp-content\/uploads\/2023\/02\/a1bc-3.jpg?resize=350%2C200&ssl=1","width":350,"height":200,"srcset":"https:\/\/i0.wp.com\/webdelmaestrocmf.com\/portal\/wp-content\/uploads\/2023\/02\/a1bc-3.jpg?resize=350%2C200&ssl=1 1x, https:\/\/i0.wp.com\/webdelmaestrocmf.com\/portal\/wp-content\/uploads\/2023\/02\/a1bc-3.jpg?resize=525%2C300&ssl=1 1.5x, https:\/\/i0.wp.com\/webdelmaestrocmf.com\/portal\/wp-content\/uploads\/2023\/02\/a1bc-3.jpg?resize=700%2C400&ssl=1 2x"},"classes":[]},{"id":103344,"url":"https:\/\/webdelmaestrocmf.com\/portal\/acoso-y-ciberacoso-escolar-aprender-y-mejorar\/","url_meta":{"origin":26917,"position":2},"title":"Acoso y ciberacoso escolar: aprender y mejorar","author":"Web del Maestro CMF","date":"1 febrero, 2024","format":false,"excerpt":"Seg\u00fan la Organizaci\u00f3n Mundial de la Salud (OMS), Espa\u00f1a es uno de los pa\u00edses europeos con m\u00e1s incidencia de acoso escolar, y que contrasta con la percepci\u00f3n que los alumnos tienen de lo que ocurre en su entorno, que 7 de cada 10 ni\u00f1os sufren a diario alg\u00fan tipo de\u2026","rel":"","context":"En \u00abYo opino - WMCMF\u00bb","block_context":{"text":"Yo opino - WMCMF","link":"https:\/\/webdelmaestrocmf.com\/portal\/category\/jamb\/"},"img":{"alt_text":"Acoso escolar","src":"https:\/\/i0.wp.com\/webdelmaestrocmf.com\/portal\/wp-content\/uploads\/2024\/02\/Acoso-escolar.jpg?resize=350%2C200&ssl=1","width":350,"height":200,"srcset":"https:\/\/i0.wp.com\/webdelmaestrocmf.com\/portal\/wp-content\/uploads\/2024\/02\/Acoso-escolar.jpg?resize=350%2C200&ssl=1 1x, https:\/\/i0.wp.com\/webdelmaestrocmf.com\/portal\/wp-content\/uploads\/2024\/02\/Acoso-escolar.jpg?resize=525%2C300&ssl=1 1.5x, https:\/\/i0.wp.com\/webdelmaestrocmf.com\/portal\/wp-content\/uploads\/2024\/02\/Acoso-escolar.jpg?resize=700%2C400&ssl=1 2x"},"classes":[]},{"id":42267,"url":"https:\/\/webdelmaestrocmf.com\/portal\/seis-factores-y-ocho-recomendaciones-para-erradicar-el-acoso-escolar\/","url_meta":{"origin":26917,"position":3},"title":"Seis factores y ocho recomendaciones para erradicar el acoso escolar","author":"Web del Maestro CMF","date":"29 noviembre, 2020","format":false,"excerpt":"La UNESCO ha publicado un informe con datos cuantitativos y cualitativos extra\u00eddos de una serie de encuestas elaboradas en 144 pa\u00edses y territorios, que han intentado e intentan acabar con el acoso escolar. En esas estad\u00edsticas se confirma que \u201ccasi uno de cada tres estudiantes (32%) ha sido intimidado por\u2026","rel":"","context":"En \u00abYo opino - WMCMF\u00bb","block_context":{"text":"Yo opino - WMCMF","link":"https:\/\/webdelmaestrocmf.com\/portal\/category\/jamb\/"},"img":{"alt_text":"","src":"https:\/\/i0.wp.com\/webdelmaestrocmf.com\/portal\/wp-content\/uploads\/2019\/11\/1-153.jpg?resize=350%2C200&ssl=1","width":350,"height":200,"srcset":"https:\/\/i0.wp.com\/webdelmaestrocmf.com\/portal\/wp-content\/uploads\/2019\/11\/1-153.jpg?resize=350%2C200&ssl=1 1x, https:\/\/i0.wp.com\/webdelmaestrocmf.com\/portal\/wp-content\/uploads\/2019\/11\/1-153.jpg?resize=525%2C300&ssl=1 1.5x, https:\/\/i0.wp.com\/webdelmaestrocmf.com\/portal\/wp-content\/uploads\/2019\/11\/1-153.jpg?resize=700%2C400&ssl=1 2x, https:\/\/i0.wp.com\/webdelmaestrocmf.com\/portal\/wp-content\/uploads\/2019\/11\/1-153.jpg?resize=1050%2C600&ssl=1 3x"},"classes":[]},{"id":27211,"url":"https:\/\/webdelmaestrocmf.com\/portal\/se-necesita-poner-mas-recursos-para-la-prevencion-del-acoso-escolar-una-planificacion-mas-sistematica-de-como-evitar-la-situacion\/","url_meta":{"origin":26917,"position":4},"title":"Se necesita poner m\u00e1s recursos para la prevenci\u00f3n del acoso escolar, una planificaci\u00f3n m\u00e1s sistem\u00e1tica de c\u00f3mo evitar la situaci\u00f3n","author":"Web del Maestro CMF","date":"12 abril, 2018","format":"video","excerpt":"La Doctora en Ciencias de la Educaci\u00f3n, Tiina M\u00e4kel\u00e4, de nacionalidad finlandesa, nos traer\u00e1 inmediatamente las referencias de las pruebas PISA (de hace ya algunos a\u00f1os), es la coordinadora de KiVa del Instituto Escalae, que desarrolla proyectos relacionados a los ambientes de aprendizaje, la tecnolog\u00eda, la globalizaci\u00f3n y la contextualizaci\u00f3n\u2026","rel":"","context":"En \u00abCharlas\u00bb","block_context":{"text":"Charlas","link":"https:\/\/webdelmaestrocmf.com\/portal\/category\/charlas\/"},"img":{"alt_text":"","src":"https:\/\/i0.wp.com\/webdelmaestrocmf.com\/portal\/wp-content\/uploads\/2018\/04\/Tinna.jpg?resize=350%2C200&ssl=1","width":350,"height":200,"srcset":"https:\/\/i0.wp.com\/webdelmaestrocmf.com\/portal\/wp-content\/uploads\/2018\/04\/Tinna.jpg?resize=350%2C200&ssl=1 1x, https:\/\/i0.wp.com\/webdelmaestrocmf.com\/portal\/wp-content\/uploads\/2018\/04\/Tinna.jpg?resize=525%2C300&ssl=1 1.5x, https:\/\/i0.wp.com\/webdelmaestrocmf.com\/portal\/wp-content\/uploads\/2018\/04\/Tinna.jpg?resize=700%2C400&ssl=1 2x, https:\/\/i0.wp.com\/webdelmaestrocmf.com\/portal\/wp-content\/uploads\/2018\/04\/Tinna.jpg?resize=1050%2C600&ssl=1 3x"},"classes":[]},{"id":17828,"url":"https:\/\/webdelmaestrocmf.com\/portal\/si-no-somos-parte-de-la-solucion-somos-parte-del-acoso-escolar\/","url_meta":{"origin":26917,"position":5},"title":"Charla TED: si no somos parte de la soluci\u00f3n, somos parte del acoso escolar","author":"Web del Maestro CMF","date":"6 mayo, 2017","format":false,"excerpt":"En la lucha contra el acoso escolar, es esencial comprender que nuestra pasividad o indiferencia no es una opci\u00f3n. El acoso escolar es un problema grave que afecta a numerosos estudiantes en todo el mundo, dejando cicatrices emocionales y socavando su bienestar. Si no estamos dispuestos a formar parte de\u2026","rel":"","context":"En \u00abPersona\u00bb","block_context":{"text":"Persona","link":"https:\/\/webdelmaestrocmf.com\/portal\/category\/video\/persona\/"},"img":{"alt_text":"","src":"https:\/\/i0.wp.com\/webdelmaestrocmf.com\/portal\/wp-content\/uploads\/2017\/05\/A12B3C4D-19.jpg?resize=350%2C200&ssl=1","width":350,"height":200,"srcset":"https:\/\/i0.wp.com\/webdelmaestrocmf.com\/portal\/wp-content\/uploads\/2017\/05\/A12B3C4D-19.jpg?resize=350%2C200&ssl=1 1x, https:\/\/i0.wp.com\/webdelmaestrocmf.com\/portal\/wp-content\/uploads\/2017\/05\/A12B3C4D-19.jpg?resize=525%2C300&ssl=1 1.5x, https:\/\/i0.wp.com\/webdelmaestrocmf.com\/portal\/wp-content\/uploads\/2017\/05\/A12B3C4D-19.jpg?resize=700%2C400&ssl=1 2x"},"classes":[]}],"_links":{"self":[{"href":"https:\/\/webdelmaestrocmf.com\/portal\/wp-json\/wp\/v2\/posts\/26917","targetHints":{"allow":["GET"]}}],"collection":[{"href":"https:\/\/webdelmaestrocmf.com\/portal\/wp-json\/wp\/v2\/posts"}],"about":[{"href":"https:\/\/webdelmaestrocmf.com\/portal\/wp-json\/wp\/v2\/types\/post"}],"author":[{"embeddable":true,"href":"https:\/\/webdelmaestrocmf.com\/portal\/wp-json\/wp\/v2\/users\/1"}],"replies":[{"embeddable":true,"href":"https:\/\/webdelmaestrocmf.com\/portal\/wp-json\/wp\/v2\/comments?post=26917"}],"version-history":[{"count":0,"href":"https:\/\/webdelmaestrocmf.com\/portal\/wp-json\/wp\/v2\/posts\/26917\/revisions"}],"wp:featuredmedia":[{"embeddable":true,"href":"https:\/\/webdelmaestrocmf.com\/portal\/wp-json\/wp\/v2\/media\/42927"}],"wp:attachment":[{"href":"https:\/\/webdelmaestrocmf.com\/portal\/wp-json\/wp\/v2\/media?parent=26917"}],"wp:term":[{"taxonomy":"category","embeddable":true,"href":"https:\/\/webdelmaestrocmf.com\/portal\/wp-json\/wp\/v2\/categories?post=26917"},{"taxonomy":"post_tag","embeddable":true,"href":"https:\/\/webdelmaestrocmf.com\/portal\/wp-json\/wp\/v2\/tags?post=26917"}],"curies":[{"name":"wp","href":"https:\/\/api.w.org\/{rel}","templated":true}]}}