{"id":26740,"date":"2018-03-04T00:15:18","date_gmt":"2018-03-04T03:15:18","guid":{"rendered":"http:\/\/webdelmaestrocmf.com\/portal\/?p=26740"},"modified":"2021-10-14T23:02:14","modified_gmt":"2021-10-15T02:02:14","slug":"chile-elimina-la-repitencia-automatica-la-eximicion-asignaturas-modulos","status":"publish","type":"post","link":"https:\/\/webdelmaestrocmf.com\/portal\/chile-elimina-la-repitencia-automatica-la-eximicion-asignaturas-modulos\/","title":{"rendered":"CHILE ELIMINA LA REPITENCIA AUTOM\u00c1TICA Y LA EXIMICI\u00d3N DE ASIGNATURAS O M\u00d3DULOS"},"content":{"rendered":"<h4 style=\"text-align: justify;\">Como educadores, siempre estamos atentos a los cambios, propuestas o experiencias educativas como lo hicimos en anteriores publicaciones: las \u201cescuela ch\u00e1rter\u201d en USA, el m\u00e9todo phenomenon learning en las escuelas de Finlandia, el m\u00e9todo Singapur, el sistema de ense\u00f1anza de la Escuela Evang\u00e9lica Berl\u00edn Centro, el dejar los celulares o m\u00f3viles en los casilleros, al ingresar al colegio en Francia, \u2026 y ahora la propuesta de Chile de eliminar la repitencia autom\u00e1tica y la eximici\u00f3n de asignaturas o m\u00f3dulos, no tan com\u00fan en muchos pa\u00edses.<\/h4>\n<p><!--more--><\/p>\n<p style=\"text-align: justify;\"><strong>PUBLICACIONES RELACIONADAS:<\/strong><\/p>\n<ul style=\"text-align: justify;\">\n<li><a href=\"http:\/\/webdelmaestrocmf.com\/portal\/finlandia-primer-analisis-metodo-phenomenon-learning\/\" target=\"_blank\" rel=\"noopener\">FINLANDIA: \u00bfQU\u00c9 ES \u201cAPRENDER A PENSAR, APRENDER A ENTENDER\u201d?<\/a><\/li>\n<li><a href=\"http:\/\/webdelmaestrocmf.com\/portal\/la-escuela-calificada-como-la-mas-adelantada-de-alemania-propone-metodos-alternativos-a-montessori-y-steiner\/\" target=\"_blank\" rel=\"noopener\">LA ESCUELA CALIFICADA COMO LA M\u00c1S ADELANTADA DE ALEMANIA, PROPONE M\u00c9TODOS ALTERNATIVOS A MONTESSORI Y STEINER<\/a><\/li>\n<li><a href=\"http:\/\/webdelmaestrocmf.com\/portal\/francia-se-prohibe-uso-celulares-moviles-los-colegios\/\" target=\"_blank\" rel=\"noopener\">EN FRANCIA SE PROHIBE EL USO DE CELULARES O M\u00d3VILES EN LOS COLEGIOS<\/a><\/li>\n<\/ul>\n<p style=\"text-align: justify;\">En Chile, a partir del 2019, los estudiantes ya no repetir\u00e1n de curso inmediatamente si no cumplen los criterios de asistencia y\/o de notas\u201d; y ning\u00fan estudiante con dificultades dejar\u00e1 de participar \u201cen las oportunidades de aprendizaje y evaluaci\u00f3n en el \u00e1rea del cual es eximida o eximido\u201d. [En la educaci\u00f3n chilena \u201cse entiende por Eximici\u00f3n, el procedimiento de exenci\u00f3n de una asignatura. Esta medida permite al estudiante no participar del proceso lectivo\u201d]. De esta manera, al iniciar el a\u00f1o lectivo 2019, todos los establecimientos educativos chilenos contar\u00e1n con un Reglamento de Evaluaci\u00f3n actualizado y alineado con la nueva normativa. <a href=\"http:\/\/www.biobiochile.cl\/noticias\/nacional\/chile\/2018\/02\/17\/decreto-del-mineduc-elimina-repitencia-automatica-se-realizara-como-medida-excepcional.shtml\" target=\"_blank\" rel=\"noopener\">DECRETO DEL MINEDUC ELIMINA \u00abREPITENCIA AUTOM\u00c1TICA\u00bb: SE CONSIDERAR\u00c1 UNA MEDIDA EXCEPCIONAL.<\/a><\/p>\n<p style=\"text-align: justify;\">Con el fin de conocer y estar m\u00e1s informados, sobre el presente y el futuro de esta experiencia en la educaci\u00f3n de un pa\u00eds de Am\u00e9rica Latina, compartimos con Ustedes algunas opiniones y partes de las publicaciones, que esperamos nos ayuden a conocer, a cada uno seg\u00fan su inter\u00e9s, sobre este itinerario educativo respecto a los criterios de evaluaci\u00f3n y la eximici\u00f3n de una asignatura o sector de aprendizaje.<\/p>\n<p style=\"text-align: justify;\">El Consejo Nacional de Educaci\u00f3n (Cned) de Chile aprob\u00f3 a inicios de febrero del 2018 una propuesta del decreto del Ministerio de Educaci\u00f3n que, entre otras cosas, elimina la repitencia autom\u00e1tica y la eximici\u00f3n de asignaturas en todos los establecimientos escolares del pa\u00eds a partir de 2019. Para esto, partir del a\u00f1o 2018, el Ministerio de Educaci\u00f3n de Chile (Mineduc) entregar\u00e1 a los establecimientos orientaciones y recursos de apoyo que faciliten abordar las innovaciones que propone el decreto, con el fin de fortalecer las pr\u00e1cticas evaluativas que se desarrollan al interior de las comunidades educativas y los procesos de toma de decisiones relativos a la promoci\u00f3n de los y las estudiantes\u201d. Adem\u00e1s, en la primera semana de septiembre del 2018, habr\u00e1 una jornada para \u201cgenerar las reflexiones que ser\u00e1n insumo para la elaboraci\u00f3n del Reglamento de Evaluaci\u00f3n de cada establecimiento. De esta manera, a partir del a\u00f1o 2019, cuando entre en vigencia el nuevo Decreto de Evaluaci\u00f3n, Calificaci\u00f3n y Promoci\u00f3n, todos los establecimientos del pa\u00eds contar\u00e1n con un Reglamento de Evaluaci\u00f3n actualizado y alineado con la nueva normativa\u201d.<\/p>\n<p><img loading=\"lazy\" decoding=\"async\" class=\"alignnone size-full wp-image-26742\" src=\"http:\/\/webdelmaestrocmf.com\/portal\/wp-content\/uploads\/2018\/03\/2.jpg\" alt=\"\" width=\"1200\" height=\"675\" srcset=\"https:\/\/webdelmaestrocmf.com\/portal\/wp-content\/uploads\/2018\/03\/2.jpg 1200w, https:\/\/webdelmaestrocmf.com\/portal\/wp-content\/uploads\/2018\/03\/2-300x169.jpg 300w, https:\/\/webdelmaestrocmf.com\/portal\/wp-content\/uploads\/2018\/03\/2-768x432.jpg 768w, https:\/\/webdelmaestrocmf.com\/portal\/wp-content\/uploads\/2018\/03\/2-1024x576.jpg 1024w\" sizes=\"auto, (max-width: 1200px) 100vw, 1200px\" \/><\/p>\n<p style=\"text-align: justify;\">El Mineduc considera que la repitencia s\u00f3lo es una medida excepcional y foco de la educaci\u00f3n debe estar en el aprendizaje integral. E nuevo decreto introduce los siguientes cambios para los establecimientos educacionales:<\/p>\n<ul style=\"text-align: justify;\">\n<li>Fomentar la reflexi\u00f3n pedag\u00f3gica y colaborativa para tomar decisiones respecto de qu\u00e9, cu\u00e1ndo y cu\u00e1nto evaluar y calificar, y no solo tener en cuenta la cantidad de horas que tienen las asignaturas.<\/li>\n<li>En un marco de inclusi\u00f3n, en atenci\u00f3n a la diversidad y el resguardo del derecho a la educaci\u00f3n, se elimina la eximici\u00f3n de asignaturas o m\u00f3dulos. Se debe reemplazar, adaptar o adecuar las eximiciones con oportunidades de aprendizaje y evaluaci\u00f3n. En lugar de dejar de participar de los procesos de ense\u00f1anza-aprendizaje y evaluaci\u00f3n de una asignatura, el o la estudiante podr\u00e1 acercarse a esta \u00e1rea de una manera diferente que le permita aprender en funci\u00f3n de sus caracter\u00edsticas y necesidades.<\/li>\n<\/ul>\n<p style=\"text-align: justify;\">El Mineduc indica tambi\u00e9n, que la repitencia suele tener m\u00e1s efectos negativos que positivos, tanto para el desarrollo como para el aprendizaje, afecta seriamente los aspectos socioemocionales y aumenta las probabilidades de ausentismo y deserci\u00f3n. Por eso, la promoci\u00f3n o repitencia ser\u00e1 \u201cun an\u00e1lisis colectivo e integral de cada caso, en que la repitencia es entendida como medida excepcional y en que el centro est\u00e1 en proveer el mejor acompa\u00f1amiento posible a los y las estudiantes que hayan tenido mayores dificultades\u201d. <a href=\"https:\/\/www.mineduc.cl\/2018\/02\/16\/nuevo-decreto-permite-repitencia-sea-solo-una-medida-excepcional-foco-este-aprendizaje-integral\/\" target=\"_blank\" rel=\"noopener\">NUEVO DECRETO PERMITE QUE REPITENCIA SEA S\u00d3LO UNA MEDIDA EXCEPCIONAL Y FOCO EST\u00c9 EN EL APRENDIZAJE INTEGRAL.<\/a><\/p>\n<p style=\"text-align: justify;\">Con esta decisi\u00f3n se busca \u201cpromover la evaluaci\u00f3n centrada en el aprendizaje integral de las y los estudiantes y no s\u00f3lo en las calificaciones\u201d. Esta resoluci\u00f3n busca desterrar los efectos negativos tanto en el desarrollo del aprendizaje de los alumnos como en aspectos socioemocionales, y no evaluar a los estudiantes con el cumplir o no cumplir con una serie de reglas o exigencias acad\u00e9micas. <a href=\"http:\/\/www.t13.cl\/noticia\/nacional\/decreto-del-mineduc-elimina-repitencia-automatica-y-eximicion-ramos\" target=\"_blank\" rel=\"noopener\">DECRETO DEL MINEDUC ELIMINA LA \u00abREPITENCIA AUTOM\u00c1TICA\u00bb Y LA EXIMICI\u00d3N DE RAMOS.<\/a><\/p>\n<p style=\"text-align: justify;\">El Decreto de Evaluaci\u00f3n, Calificaci\u00f3n y Promoci\u00f3n, presentado por la Unidad de Curriculum y Evaluaci\u00f3n (UCE), tambi\u00e9n planifica entregar a las escuelas (como hemos destacado l\u00edneas arriba), las \u201corientaciones y recursos de apoyo que faciliten abordar las innovaciones que propone el decreto, con el fin de fortalecer las pr\u00e1cticas evaluativas que se desarrollan al interior de las comunidades educativas y los procesos de toma de decisiones relativos a la promoci\u00f3n de los y las estudiantes\u201d. <a href=\"http:\/\/www.cooperativa.cl\/noticias\/pais\/educacion\/colegios\/mineduc-elimino-la-repitencia-automatica-en-ensenanza-basica-y-media\/2018-02-17\/124620.html\" target=\"_blank\" rel=\"noopener\">MINEDUC ELIMIN\u00d3 LA REPITENCIA AUTOM\u00c1TICA EN ENSE\u00d1ANZA B\u00c1SICA Y MEDIA<\/a><\/p>\n<p style=\"text-align: justify;\">El ex ministro de educaci\u00f3n y profesor universitario Daniel Rodr\u00edguez, opina que \u00abhay evidencia internacional que, en t\u00e9rminos de logros de aprendizaje, afirman que repetir no tendr\u00eda efecto positivo en el aprendizaje ni un impacto directo en la evaluaci\u00f3n de los alumnos en pruebas estandarizadas\u00bb. \u00abEn principio es razonable que ahora la repitencia sea una decisi\u00f3n que se tome por un colectivo, por una junta de profesores, y que la decisi\u00f3n considere aspectos pedag\u00f3gicos, donde se analice caso por caso si efectivamente el estudiante debe repetir o no\u00bb. Aunque se corren algunos riesgos, como el que \u00abcada establecimiento tenga miedo de aplicar sus propias condiciones de repitencia por miedo a multas o supervisi\u00f3n de la Superintendencia, como sucede con la Ley de Inclusi\u00f3n\u00bb.<\/p>\n<p style=\"text-align: justify;\">Tambi\u00e9n el presidente del Colegio de Profesores, Mario Aguilar, ha opinado que no se ha especificado si en esta evaluaci\u00f3n se va a incluir un perfil pedag\u00f3gico. \u00abNo sabemos si esto estar\u00e1 contemplado en el decreto, porque a\u00fan se desconoce cu\u00e1l es su contenido espec\u00edfico\u00bb, [\u2026] \u00absi es verdad que es de car\u00e1cter pedag\u00f3gico, estamos de acuerdo que la decisi\u00f3n de la toma de la repitencia deba ser por parte del consejo de profesores y no quedar a priori establecido en una norma en base a cuestiones administrativas a como es hoy d\u00eda, como porcentaje de asistencia, o un guarismo en una calificaci\u00f3n\u00bb.\u00a0 \u00abPero s\u00ed, creemos que quienes saben si un estudiante pedag\u00f3gicamente est\u00e1 en condiciones de ser promovido o corresponde mejor que para su propio desarrollo que repita un nivel, es de quienes le hacen clases todos los d\u00edas y conocen al estudiante\u00bb.<\/p>\n<p style=\"text-align: justify;\">Por otro lado, Alejandra Arratia, coordinadora de la Unidad de Curr\u00edculum y Evaluaci\u00f3n del Mineduc, aclar\u00f3 que \u00abno se elimina la repitencia. En el mundo hay tres tipos de pol\u00edticas educativa sobre repitencia: en algunos se proh\u00edbe, en otro la repitencia es resultado de un proceso matem\u00e1tico (actualmente en Chile) y nosotros nos estamos moviendo a uno intermedio, que la repitencia es una decisi\u00f3n pedag\u00f3gica y no matem\u00e1tica, no se elimina la repitencia, se elimina la repitencia autom\u00e1tica\u00bb. [\u2026] \u00abla idea es prevenir la repitencia, y la evidencia mundial dice que no es de las mejores medidas pedag\u00f3gicas para facilitar el aprendizaje de los estudiantes porque tiene alto impacto socioemocional, el ni\u00f1o sale de su grupo de referencia, cae su autoestima y no tiene mucho impacto positivo en los aprendizajes y se relaciona altamente con la deserci\u00f3n y el fracaso escolar\u00bb. <a href=\"https:\/\/www.publimetro.cl\/cl\/noticias\/2018\/02\/19\/los-pro-los-del-nuevo-decreto-del-mineduc-elimina-la-repitencia-automatica.html\" target=\"_blank\" rel=\"noopener\">LOS PRO Y LOS CONTRA DEL NUEVO DECRETO DEL MINEDUC QUE ELIMINA LA REPITENCIA AUTOM\u00c1TICA.<\/a><\/p>\n<p style=\"text-align: justify;\">Recordemos la frase del escritor franc\u00e9s Alfred d&#8217;Houdetot: \u201cLa experiencia tiene la misma utilidad que un billete de loter\u00eda despu\u00e9s del sorteo\u201d.<\/p>\n<p style=\"text-align: right;\"><strong>REDACCI\u00d3N WEB DEL MAESTRO CMF<\/strong><\/p>\n","protected":false},"excerpt":{"rendered":"Como educadores, siempre estamos atentos a los cambios, propuestas o experiencias educativas como lo hicimos en anteriores publicaciones:&hellip;","protected":false},"author":2,"featured_media":26741,"comment_status":"open","ping_status":"closed","sticky":false,"template":"","format":"standard","meta":{"csco_display_header_overlay":false,"csco_singular_sidebar":"default","csco_page_header_type":"default","csco_page_load_nextpost":"default","csco_post_video_location":[],"csco_post_video_location_hash":"","csco_post_video_url":"","csco_post_video_bg_start_time":0,"csco_post_video_bg_end_time":0,"csco_post_video_bg_volume":false,"_jetpack_memberships_contains_paid_content":false,"footnotes":""},"categories":[6894],"tags":[166,220,1278,3405,3404,3403,2057,3406],"class_list":{"0":"post-26740","1":"post","2":"type-post","3":"status-publish","4":"format-standard","5":"has-post-thumbnail","7":"category-sin-categoria-es","8":"tag-chile","9":"tag-educativa","10":"tag-evaluacion","11":"tag-eximicion","12":"tag-mineduc","13":"tag-reforma","14":"tag-repetir","15":"tag-repitencia","16":"cs-entry","17":"cs-video-wrap"},"yoast_head":"<!-- This site is optimized with the Yoast SEO plugin v27.5 - https:\/\/yoast.com\/product\/yoast-seo-wordpress\/ -->\n<title>CHILE ELIMINA LA REPITENCIA AUTOM\u00c1TICA Y LA EXIMICI\u00d3N DE ASIGNATURAS O M\u00d3DULOS<\/title>\n<meta name=\"description\" content=\"El Consejo Nacional de Educaci\u00f3n (Cned) de Chile aprob\u00f3 a inicios de febrero del 2018 una propuesta del decreto del Ministerio de Educaci\u00f3n que, entre otras cosas, elimina la repitencia autom\u00e1tica y la eximici\u00f3n de asignaturas en todos los establecimientos escolares del pa\u00eds a partir de 2019.\" \/>\n<meta name=\"robots\" content=\"index, follow, max-snippet:-1, max-image-preview:large, max-video-preview:-1\" \/>\n<link rel=\"canonical\" href=\"https:\/\/webdelmaestrocmf.com\/portal\/chile-elimina-la-repitencia-automatica-la-eximicion-asignaturas-modulos\/\" \/>\n<meta property=\"og:locale\" content=\"es_ES\" \/>\n<meta property=\"og:type\" content=\"article\" \/>\n<meta property=\"og:title\" content=\"CHILE ELIMINA LA REPITENCIA AUTOM\u00c1TICA Y LA EXIMICI\u00d3N DE ASIGNATURAS O M\u00d3DULOS\" \/>\n<meta property=\"og:description\" content=\"El Consejo Nacional de Educaci\u00f3n (Cned) de Chile aprob\u00f3 a inicios de febrero del 2018 una propuesta del decreto del Ministerio de Educaci\u00f3n que, entre otras cosas, elimina la repitencia autom\u00e1tica y la eximici\u00f3n de asignaturas en todos los establecimientos escolares del pa\u00eds a partir de 2019.\" \/>\n<meta property=\"og:url\" content=\"https:\/\/webdelmaestrocmf.com\/portal\/chile-elimina-la-repitencia-automatica-la-eximicion-asignaturas-modulos\/\" \/>\n<meta property=\"og:site_name\" content=\"Web del Maestro CMF\" \/>\n<meta property=\"article:publisher\" content=\"https:\/\/www.facebook.com\/WebdelMaestroCMF\/\" \/>\n<meta property=\"article:author\" content=\"https:\/\/www.facebook.com\/WebdelMaestroCMF\/\" \/>\n<meta property=\"article:published_time\" content=\"2018-03-04T03:15:18+00:00\" \/>\n<meta property=\"article:modified_time\" content=\"2021-10-15T02:02:14+00:00\" \/>\n<meta property=\"og:image\" content=\"https:\/\/i0.wp.com\/webdelmaestrocmf.com\/portal\/wp-content\/uploads\/2018\/03\/Chile.jpg?fit=1100%2C680&ssl=1\" \/>\n\t<meta property=\"og:image:width\" content=\"1100\" \/>\n\t<meta property=\"og:image:height\" content=\"680\" \/>\n\t<meta property=\"og:image:type\" content=\"image\/jpeg\" \/>\n<meta name=\"author\" content=\"Web del Maestro CMF\" \/>\n<meta name=\"twitter:card\" content=\"summary_large_image\" \/>\n<meta name=\"twitter:creator\" content=\"@cmf_w\" \/>\n<meta name=\"twitter:site\" content=\"@cmf_w\" \/>\n<script type=\"application\/ld+json\" class=\"yoast-schema-graph\">{\"@context\":\"https:\\\/\\\/schema.org\",\"@graph\":[{\"@type\":\"ScholarlyArticle\",\"@id\":\"https:\\\/\\\/webdelmaestrocmf.com\\\/portal\\\/chile-elimina-la-repitencia-automatica-la-eximicion-asignaturas-modulos\\\/#article\",\"isPartOf\":{\"@id\":\"https:\\\/\\\/webdelmaestrocmf.com\\\/portal\\\/chile-elimina-la-repitencia-automatica-la-eximicion-asignaturas-modulos\\\/\"},\"author\":{\"name\":\"Web del Maestro CMF\",\"@id\":\"https:\\\/\\\/webdelmaestrocmf.com\\\/portal\\\/#\\\/schema\\\/person\\\/ebc57e23d318c9c4270c6f41367015b5\"},\"headline\":\"CHILE ELIMINA LA REPITENCIA AUTOM\u00c1TICA Y LA EXIMICI\u00d3N DE ASIGNATURAS O M\u00d3DULOS\",\"datePublished\":\"2018-03-04T03:15:18+00:00\",\"dateModified\":\"2021-10-15T02:02:14+00:00\",\"mainEntityOfPage\":{\"@id\":\"https:\\\/\\\/webdelmaestrocmf.com\\\/portal\\\/chile-elimina-la-repitencia-automatica-la-eximicion-asignaturas-modulos\\\/\"},\"wordCount\":1478,\"commentCount\":0,\"publisher\":{\"@id\":\"https:\\\/\\\/webdelmaestrocmf.com\\\/portal\\\/#organization\"},\"image\":{\"@id\":\"https:\\\/\\\/webdelmaestrocmf.com\\\/portal\\\/chile-elimina-la-repitencia-automatica-la-eximicion-asignaturas-modulos\\\/#primaryimage\"},\"thumbnailUrl\":\"https:\\\/\\\/webdelmaestrocmf.com\\\/portal\\\/wp-content\\\/uploads\\\/2018\\\/03\\\/Chile.jpg\",\"keywords\":[\"CHILE\",\"EDUCATIVA\",\"EVALUACI\u00d3N\",\"EXIMICI\u00d3N\",\"MINEDUC\",\"REFORMA\",\"REPETIR\",\"REPITENCIA\"],\"inLanguage\":\"es\",\"potentialAction\":[{\"@type\":\"CommentAction\",\"name\":\"Comment\",\"target\":[\"https:\\\/\\\/webdelmaestrocmf.com\\\/portal\\\/chile-elimina-la-repitencia-automatica-la-eximicion-asignaturas-modulos\\\/#respond\"]}]},{\"@type\":\"WebPage\",\"@id\":\"https:\\\/\\\/webdelmaestrocmf.com\\\/portal\\\/chile-elimina-la-repitencia-automatica-la-eximicion-asignaturas-modulos\\\/\",\"url\":\"https:\\\/\\\/webdelmaestrocmf.com\\\/portal\\\/chile-elimina-la-repitencia-automatica-la-eximicion-asignaturas-modulos\\\/\",\"name\":\"CHILE ELIMINA LA REPITENCIA AUTOM\u00c1TICA Y LA EXIMICI\u00d3N DE ASIGNATURAS O M\u00d3DULOS\",\"isPartOf\":{\"@id\":\"https:\\\/\\\/webdelmaestrocmf.com\\\/portal\\\/#website\"},\"primaryImageOfPage\":{\"@id\":\"https:\\\/\\\/webdelmaestrocmf.com\\\/portal\\\/chile-elimina-la-repitencia-automatica-la-eximicion-asignaturas-modulos\\\/#primaryimage\"},\"image\":{\"@id\":\"https:\\\/\\\/webdelmaestrocmf.com\\\/portal\\\/chile-elimina-la-repitencia-automatica-la-eximicion-asignaturas-modulos\\\/#primaryimage\"},\"thumbnailUrl\":\"https:\\\/\\\/webdelmaestrocmf.com\\\/portal\\\/wp-content\\\/uploads\\\/2018\\\/03\\\/Chile.jpg\",\"datePublished\":\"2018-03-04T03:15:18+00:00\",\"dateModified\":\"2021-10-15T02:02:14+00:00\",\"description\":\"El Consejo Nacional de Educaci\u00f3n (Cned) de Chile aprob\u00f3 a inicios de febrero del 2018 una propuesta del decreto del Ministerio de Educaci\u00f3n que, entre otras cosas, elimina la repitencia autom\u00e1tica y la eximici\u00f3n de asignaturas en todos los establecimientos escolares del pa\u00eds a partir de 2019.\",\"breadcrumb\":{\"@id\":\"https:\\\/\\\/webdelmaestrocmf.com\\\/portal\\\/chile-elimina-la-repitencia-automatica-la-eximicion-asignaturas-modulos\\\/#breadcrumb\"},\"inLanguage\":\"es\",\"potentialAction\":[{\"@type\":\"ReadAction\",\"target\":[\"https:\\\/\\\/webdelmaestrocmf.com\\\/portal\\\/chile-elimina-la-repitencia-automatica-la-eximicion-asignaturas-modulos\\\/\"]}]},{\"@type\":\"ImageObject\",\"inLanguage\":\"es\",\"@id\":\"https:\\\/\\\/webdelmaestrocmf.com\\\/portal\\\/chile-elimina-la-repitencia-automatica-la-eximicion-asignaturas-modulos\\\/#primaryimage\",\"url\":\"https:\\\/\\\/webdelmaestrocmf.com\\\/portal\\\/wp-content\\\/uploads\\\/2018\\\/03\\\/Chile.jpg\",\"contentUrl\":\"https:\\\/\\\/webdelmaestrocmf.com\\\/portal\\\/wp-content\\\/uploads\\\/2018\\\/03\\\/Chile.jpg\",\"width\":1100,\"height\":680},{\"@type\":\"BreadcrumbList\",\"@id\":\"https:\\\/\\\/webdelmaestrocmf.com\\\/portal\\\/chile-elimina-la-repitencia-automatica-la-eximicion-asignaturas-modulos\\\/#breadcrumb\",\"itemListElement\":[{\"@type\":\"ListItem\",\"position\":1,\"name\":\"Portada\",\"item\":\"https:\\\/\\\/webdelmaestrocmf.com\\\/portal\\\/\"},{\"@type\":\"ListItem\",\"position\":2,\"name\":\"Sin categor\u00eda\",\"item\":\"https:\\\/\\\/webdelmaestrocmf.com\\\/portal\\\/category\\\/sin-categoria-es\\\/\"},{\"@type\":\"ListItem\",\"position\":3,\"name\":\"CHILE ELIMINA LA REPITENCIA AUTOM\u00c1TICA Y LA EXIMICI\u00d3N DE ASIGNATURAS O M\u00d3DULOS\"}]},{\"@type\":\"WebSite\",\"@id\":\"https:\\\/\\\/webdelmaestrocmf.com\\\/portal\\\/#website\",\"url\":\"https:\\\/\\\/webdelmaestrocmf.com\\\/portal\\\/\",\"name\":\"Web del Maestro CMF\",\"description\":\"Maestros al servicio de la educaci\u00f3n\",\"publisher\":{\"@id\":\"https:\\\/\\\/webdelmaestrocmf.com\\\/portal\\\/#organization\"},\"alternateName\":\"WMCMF\",\"potentialAction\":[{\"@type\":\"SearchAction\",\"target\":{\"@type\":\"EntryPoint\",\"urlTemplate\":\"https:\\\/\\\/webdelmaestrocmf.com\\\/portal\\\/?s={search_term_string}\"},\"query-input\":{\"@type\":\"PropertyValueSpecification\",\"valueRequired\":true,\"valueName\":\"search_term_string\"}}],\"inLanguage\":\"es\"},{\"@type\":\"Organization\",\"@id\":\"https:\\\/\\\/webdelmaestrocmf.com\\\/portal\\\/#organization\",\"name\":\"Web del Maestro CMF\",\"alternateName\":\"WMCMF\",\"url\":\"https:\\\/\\\/webdelmaestrocmf.com\\\/portal\\\/\",\"logo\":{\"@type\":\"ImageObject\",\"inLanguage\":\"es\",\"@id\":\"https:\\\/\\\/webdelmaestrocmf.com\\\/portal\\\/#\\\/schema\\\/logo\\\/image\\\/\",\"url\":\"https:\\\/\\\/webdelmaestrocmf.com\\\/portal\\\/wp-content\\\/uploads\\\/2023\\\/01\\\/logo-wmcmf-2.png\",\"contentUrl\":\"https:\\\/\\\/webdelmaestrocmf.com\\\/portal\\\/wp-content\\\/uploads\\\/2023\\\/01\\\/logo-wmcmf-2.png\",\"width\":200,\"height\":60,\"caption\":\"Web del Maestro CMF\"},\"image\":{\"@id\":\"https:\\\/\\\/webdelmaestrocmf.com\\\/portal\\\/#\\\/schema\\\/logo\\\/image\\\/\"},\"sameAs\":[\"https:\\\/\\\/www.facebook.com\\\/WebdelMaestroCMF\\\/\",\"https:\\\/\\\/x.com\\\/cmf_w\",\"https:\\\/\\\/www.pinterest.com\\\/WMCMF\\\/\",\"https:\\\/\\\/www.linkedin.com\\\/company\\\/web-del-maestro-cmf\\\/\",\"https:\\\/\\\/www.instagram.com\\\/wmcmf\\\/\",\"https:\\\/\\\/www.youtube.com\\\/channel\\\/UCDPSvjbdodE5sHnC3OxutHw\",\"https:\\\/\\\/mastodon.social\\\/@wmcmf\",\"https:\\\/\\\/www.tiktok.com\\\/@webdelmaestrocmf\"]},{\"@type\":\"Person\",\"@id\":\"https:\\\/\\\/webdelmaestrocmf.com\\\/portal\\\/#\\\/schema\\\/person\\\/ebc57e23d318c9c4270c6f41367015b5\",\"name\":\"Web del Maestro CMF\",\"image\":{\"@type\":\"ImageObject\",\"inLanguage\":\"es\",\"@id\":\"https:\\\/\\\/secure.gravatar.com\\\/avatar\\\/718b2df46e711f63dc8c16a160d16cc0104e961fe3c231eaaed2426975fc5e2d?s=96&d=mm&r=g\",\"url\":\"https:\\\/\\\/secure.gravatar.com\\\/avatar\\\/718b2df46e711f63dc8c16a160d16cc0104e961fe3c231eaaed2426975fc5e2d?s=96&d=mm&r=g\",\"contentUrl\":\"https:\\\/\\\/secure.gravatar.com\\\/avatar\\\/718b2df46e711f63dc8c16a160d16cc0104e961fe3c231eaaed2426975fc5e2d?s=96&d=mm&r=g\",\"caption\":\"Web del Maestro CMF\"},\"description\":\"Esta Web se cre\u00f3 sin fines de lucro, con fines educativos, cient\u00edficos y acad\u00e9micos, para personas que tengan dificultades y\\\/o inconvenientes en visualizar el material original. El objetivo es entregar recursos, compartir experiencias y materiales que ayuden a los padres de familia, maestros y estudiantes en su actualizaci\u00f3n y formaci\u00f3n permanente, en bien de la Educaci\u00f3n.\",\"sameAs\":[\"http:\\\/\\\/webdelmaestrocmf.com\\\/portal\",\"https:\\\/\\\/www.facebook.com\\\/WebdelMaestroCMF\\\/\",\"https:\\\/\\\/www.instagram.com\\\/wmcmf\\\/\",\"https:\\\/\\\/cl.linkedin.com\\\/company\\\/web-del-maestro-cmf\",\"https:\\\/\\\/www.pinterest.com\\\/WMCMF\\\/publicaciones\\\/\",\"https:\\\/\\\/x.com\\\/cmf_w\",\"https:\\\/\\\/www.youtube.com\\\/@WMCMF\"]}]}<\/script>\n<!-- \/ Yoast SEO plugin. -->","yoast_head_json":{"title":"CHILE ELIMINA LA REPITENCIA AUTOM\u00c1TICA Y LA EXIMICI\u00d3N DE ASIGNATURAS O M\u00d3DULOS","description":"El Consejo Nacional de Educaci\u00f3n (Cned) de Chile aprob\u00f3 a inicios de febrero del 2018 una propuesta del decreto del Ministerio de Educaci\u00f3n que, entre otras cosas, elimina la repitencia autom\u00e1tica y la eximici\u00f3n de asignaturas en todos los establecimientos escolares del pa\u00eds a partir de 2019.","robots":{"index":"index","follow":"follow","max-snippet":"max-snippet:-1","max-image-preview":"max-image-preview:large","max-video-preview":"max-video-preview:-1"},"canonical":"https:\/\/webdelmaestrocmf.com\/portal\/chile-elimina-la-repitencia-automatica-la-eximicion-asignaturas-modulos\/","og_locale":"es_ES","og_type":"article","og_title":"CHILE ELIMINA LA REPITENCIA AUTOM\u00c1TICA Y LA EXIMICI\u00d3N DE ASIGNATURAS O M\u00d3DULOS","og_description":"El Consejo Nacional de Educaci\u00f3n (Cned) de Chile aprob\u00f3 a inicios de febrero del 2018 una propuesta del decreto del Ministerio de Educaci\u00f3n que, entre otras cosas, elimina la repitencia autom\u00e1tica y la eximici\u00f3n de asignaturas en todos los establecimientos escolares del pa\u00eds a partir de 2019.","og_url":"https:\/\/webdelmaestrocmf.com\/portal\/chile-elimina-la-repitencia-automatica-la-eximicion-asignaturas-modulos\/","og_site_name":"Web del Maestro CMF","article_publisher":"https:\/\/www.facebook.com\/WebdelMaestroCMF\/","article_author":"https:\/\/www.facebook.com\/WebdelMaestroCMF\/","article_published_time":"2018-03-04T03:15:18+00:00","article_modified_time":"2021-10-15T02:02:14+00:00","og_image":[{"width":1100,"height":680,"url":"https:\/\/i0.wp.com\/webdelmaestrocmf.com\/portal\/wp-content\/uploads\/2018\/03\/Chile.jpg?fit=1100%2C680&ssl=1","type":"image\/jpeg"}],"author":"Web del Maestro CMF","twitter_card":"summary_large_image","twitter_creator":"@cmf_w","twitter_site":"@cmf_w","schema":{"@context":"https:\/\/schema.org","@graph":[{"@type":"ScholarlyArticle","@id":"https:\/\/webdelmaestrocmf.com\/portal\/chile-elimina-la-repitencia-automatica-la-eximicion-asignaturas-modulos\/#article","isPartOf":{"@id":"https:\/\/webdelmaestrocmf.com\/portal\/chile-elimina-la-repitencia-automatica-la-eximicion-asignaturas-modulos\/"},"author":{"name":"Web del Maestro CMF","@id":"https:\/\/webdelmaestrocmf.com\/portal\/#\/schema\/person\/ebc57e23d318c9c4270c6f41367015b5"},"headline":"CHILE ELIMINA LA REPITENCIA AUTOM\u00c1TICA Y LA EXIMICI\u00d3N DE ASIGNATURAS O M\u00d3DULOS","datePublished":"2018-03-04T03:15:18+00:00","dateModified":"2021-10-15T02:02:14+00:00","mainEntityOfPage":{"@id":"https:\/\/webdelmaestrocmf.com\/portal\/chile-elimina-la-repitencia-automatica-la-eximicion-asignaturas-modulos\/"},"wordCount":1478,"commentCount":0,"publisher":{"@id":"https:\/\/webdelmaestrocmf.com\/portal\/#organization"},"image":{"@id":"https:\/\/webdelmaestrocmf.com\/portal\/chile-elimina-la-repitencia-automatica-la-eximicion-asignaturas-modulos\/#primaryimage"},"thumbnailUrl":"https:\/\/webdelmaestrocmf.com\/portal\/wp-content\/uploads\/2018\/03\/Chile.jpg","keywords":["CHILE","EDUCATIVA","EVALUACI\u00d3N","EXIMICI\u00d3N","MINEDUC","REFORMA","REPETIR","REPITENCIA"],"inLanguage":"es","potentialAction":[{"@type":"CommentAction","name":"Comment","target":["https:\/\/webdelmaestrocmf.com\/portal\/chile-elimina-la-repitencia-automatica-la-eximicion-asignaturas-modulos\/#respond"]}]},{"@type":"WebPage","@id":"https:\/\/webdelmaestrocmf.com\/portal\/chile-elimina-la-repitencia-automatica-la-eximicion-asignaturas-modulos\/","url":"https:\/\/webdelmaestrocmf.com\/portal\/chile-elimina-la-repitencia-automatica-la-eximicion-asignaturas-modulos\/","name":"CHILE ELIMINA LA REPITENCIA AUTOM\u00c1TICA Y LA EXIMICI\u00d3N DE ASIGNATURAS O M\u00d3DULOS","isPartOf":{"@id":"https:\/\/webdelmaestrocmf.com\/portal\/#website"},"primaryImageOfPage":{"@id":"https:\/\/webdelmaestrocmf.com\/portal\/chile-elimina-la-repitencia-automatica-la-eximicion-asignaturas-modulos\/#primaryimage"},"image":{"@id":"https:\/\/webdelmaestrocmf.com\/portal\/chile-elimina-la-repitencia-automatica-la-eximicion-asignaturas-modulos\/#primaryimage"},"thumbnailUrl":"https:\/\/webdelmaestrocmf.com\/portal\/wp-content\/uploads\/2018\/03\/Chile.jpg","datePublished":"2018-03-04T03:15:18+00:00","dateModified":"2021-10-15T02:02:14+00:00","description":"El Consejo Nacional de Educaci\u00f3n (Cned) de Chile aprob\u00f3 a inicios de febrero del 2018 una propuesta del decreto del Ministerio de Educaci\u00f3n que, entre otras cosas, elimina la repitencia autom\u00e1tica y la eximici\u00f3n de asignaturas en todos los establecimientos escolares del pa\u00eds a partir de 2019.","breadcrumb":{"@id":"https:\/\/webdelmaestrocmf.com\/portal\/chile-elimina-la-repitencia-automatica-la-eximicion-asignaturas-modulos\/#breadcrumb"},"inLanguage":"es","potentialAction":[{"@type":"ReadAction","target":["https:\/\/webdelmaestrocmf.com\/portal\/chile-elimina-la-repitencia-automatica-la-eximicion-asignaturas-modulos\/"]}]},{"@type":"ImageObject","inLanguage":"es","@id":"https:\/\/webdelmaestrocmf.com\/portal\/chile-elimina-la-repitencia-automatica-la-eximicion-asignaturas-modulos\/#primaryimage","url":"https:\/\/webdelmaestrocmf.com\/portal\/wp-content\/uploads\/2018\/03\/Chile.jpg","contentUrl":"https:\/\/webdelmaestrocmf.com\/portal\/wp-content\/uploads\/2018\/03\/Chile.jpg","width":1100,"height":680},{"@type":"BreadcrumbList","@id":"https:\/\/webdelmaestrocmf.com\/portal\/chile-elimina-la-repitencia-automatica-la-eximicion-asignaturas-modulos\/#breadcrumb","itemListElement":[{"@type":"ListItem","position":1,"name":"Portada","item":"https:\/\/webdelmaestrocmf.com\/portal\/"},{"@type":"ListItem","position":2,"name":"Sin categor\u00eda","item":"https:\/\/webdelmaestrocmf.com\/portal\/category\/sin-categoria-es\/"},{"@type":"ListItem","position":3,"name":"CHILE ELIMINA LA REPITENCIA AUTOM\u00c1TICA Y LA EXIMICI\u00d3N DE ASIGNATURAS O M\u00d3DULOS"}]},{"@type":"WebSite","@id":"https:\/\/webdelmaestrocmf.com\/portal\/#website","url":"https:\/\/webdelmaestrocmf.com\/portal\/","name":"Web del Maestro CMF","description":"Maestros al servicio de la educaci\u00f3n","publisher":{"@id":"https:\/\/webdelmaestrocmf.com\/portal\/#organization"},"alternateName":"WMCMF","potentialAction":[{"@type":"SearchAction","target":{"@type":"EntryPoint","urlTemplate":"https:\/\/webdelmaestrocmf.com\/portal\/?s={search_term_string}"},"query-input":{"@type":"PropertyValueSpecification","valueRequired":true,"valueName":"search_term_string"}}],"inLanguage":"es"},{"@type":"Organization","@id":"https:\/\/webdelmaestrocmf.com\/portal\/#organization","name":"Web del Maestro CMF","alternateName":"WMCMF","url":"https:\/\/webdelmaestrocmf.com\/portal\/","logo":{"@type":"ImageObject","inLanguage":"es","@id":"https:\/\/webdelmaestrocmf.com\/portal\/#\/schema\/logo\/image\/","url":"https:\/\/webdelmaestrocmf.com\/portal\/wp-content\/uploads\/2023\/01\/logo-wmcmf-2.png","contentUrl":"https:\/\/webdelmaestrocmf.com\/portal\/wp-content\/uploads\/2023\/01\/logo-wmcmf-2.png","width":200,"height":60,"caption":"Web del Maestro CMF"},"image":{"@id":"https:\/\/webdelmaestrocmf.com\/portal\/#\/schema\/logo\/image\/"},"sameAs":["https:\/\/www.facebook.com\/WebdelMaestroCMF\/","https:\/\/x.com\/cmf_w","https:\/\/www.pinterest.com\/WMCMF\/","https:\/\/www.linkedin.com\/company\/web-del-maestro-cmf\/","https:\/\/www.instagram.com\/wmcmf\/","https:\/\/www.youtube.com\/channel\/UCDPSvjbdodE5sHnC3OxutHw","https:\/\/mastodon.social\/@wmcmf","https:\/\/www.tiktok.com\/@webdelmaestrocmf"]},{"@type":"Person","@id":"https:\/\/webdelmaestrocmf.com\/portal\/#\/schema\/person\/ebc57e23d318c9c4270c6f41367015b5","name":"Web del Maestro CMF","image":{"@type":"ImageObject","inLanguage":"es","@id":"https:\/\/secure.gravatar.com\/avatar\/718b2df46e711f63dc8c16a160d16cc0104e961fe3c231eaaed2426975fc5e2d?s=96&d=mm&r=g","url":"https:\/\/secure.gravatar.com\/avatar\/718b2df46e711f63dc8c16a160d16cc0104e961fe3c231eaaed2426975fc5e2d?s=96&d=mm&r=g","contentUrl":"https:\/\/secure.gravatar.com\/avatar\/718b2df46e711f63dc8c16a160d16cc0104e961fe3c231eaaed2426975fc5e2d?s=96&d=mm&r=g","caption":"Web del Maestro CMF"},"description":"Esta Web se cre\u00f3 sin fines de lucro, con fines educativos, cient\u00edficos y acad\u00e9micos, para personas que tengan dificultades y\/o inconvenientes en visualizar el material original. El objetivo es entregar recursos, compartir experiencias y materiales que ayuden a los padres de familia, maestros y estudiantes en su actualizaci\u00f3n y formaci\u00f3n permanente, en bien de la Educaci\u00f3n.","sameAs":["http:\/\/webdelmaestrocmf.com\/portal","https:\/\/www.facebook.com\/WebdelMaestroCMF\/","https:\/\/www.instagram.com\/wmcmf\/","https:\/\/cl.linkedin.com\/company\/web-del-maestro-cmf","https:\/\/www.pinterest.com\/WMCMF\/publicaciones\/","https:\/\/x.com\/cmf_w","https:\/\/www.youtube.com\/@WMCMF"]}]}},"jetpack_featured_media_url":"https:\/\/webdelmaestrocmf.com\/portal\/wp-content\/uploads\/2018\/03\/Chile.jpg","jetpack_sharing_enabled":true,"jetpack-related-posts":[{"id":32901,"url":"https:\/\/webdelmaestrocmf.com\/portal\/si-el-alumno-no-rinde-en-el-ano-escolar-la-repitencia-es-la-mejor-opcion\/","url_meta":{"origin":26740,"position":0},"title":"\u00bfEs la repetici\u00f3n la mejor opci\u00f3n ante el bajo rendimiento escolar?","author":"Web del Maestro CMF","date":"10 diciembre, 2024","format":false,"excerpt":"Dependiendo de cada estudiante, la repetici\u00f3n de curso o repetir el a\u00f1o escolar, pueden ser considerada adecuada o resultar contraproducente. A la hora de tomar esta decisi\u00f3n, es fundamental analizar la personalidad del ni\u00f1o y las causas que motivan la recomendaci\u00f3n de repetir curso. Decidir si un hijo debe o\u2026","rel":"","context":"En \u00abDocentes\u00bb","block_context":{"text":"Docentes","link":"https:\/\/webdelmaestrocmf.com\/portal\/category\/pedagogia\/docentes\/"},"img":{"alt_text":"","src":"https:\/\/i0.wp.com\/webdelmaestrocmf.com\/portal\/wp-content\/uploads\/2019\/11\/Banner-1-portada-imagen-10-1-14.jpg?resize=350%2C200&ssl=1","width":350,"height":200,"srcset":"https:\/\/i0.wp.com\/webdelmaestrocmf.com\/portal\/wp-content\/uploads\/2019\/11\/Banner-1-portada-imagen-10-1-14.jpg?resize=350%2C200&ssl=1 1x, https:\/\/i0.wp.com\/webdelmaestrocmf.com\/portal\/wp-content\/uploads\/2019\/11\/Banner-1-portada-imagen-10-1-14.jpg?resize=525%2C300&ssl=1 1.5x, https:\/\/i0.wp.com\/webdelmaestrocmf.com\/portal\/wp-content\/uploads\/2019\/11\/Banner-1-portada-imagen-10-1-14.jpg?resize=700%2C400&ssl=1 2x"},"classes":[]},{"id":108868,"url":"https:\/\/webdelmaestrocmf.com\/portal\/condenan-por-primera-vez-a-alumno-que-agrede-a-un-profesor-docente-fue-golpeado-al-comunicarle-su-riesgo-de-repitencia\/","url_meta":{"origin":26740,"position":1},"title":"Condenan por primera vez a alumno que agrede a un profesor: Docente fue golpeado al comunicarle su riesgo de repitencia","author":"Web del Maestro CMF","date":"18 mayo, 2025","format":false,"excerpt":"La justicia chilena sent\u00f3 un precedente hist\u00f3rico: por primera vez en el pa\u00eds, un alumno fue declarado culpable por agredir a un docente. La decisi\u00f3n judicial llega en medio de una creciente preocupaci\u00f3n por los niveles de violencia que enfrentan los profesores dentro de las aulas. El caso que motiv\u00f3\u2026","rel":"","context":"En \u00abNoticias Internacionales\u00bb","block_context":{"text":"Noticias Internacionales","link":"https:\/\/webdelmaestrocmf.com\/portal\/category\/noticias-internacionales\/"},"img":{"alt_text":"","src":"https:\/\/i0.wp.com\/webdelmaestrocmf.com\/portal\/wp-content\/uploads\/2025\/05\/1A-Banner-1-portada-imagen-10-1-61.jpg?resize=350%2C200&ssl=1","width":350,"height":200,"srcset":"https:\/\/i0.wp.com\/webdelmaestrocmf.com\/portal\/wp-content\/uploads\/2025\/05\/1A-Banner-1-portada-imagen-10-1-61.jpg?resize=350%2C200&ssl=1 1x, https:\/\/i0.wp.com\/webdelmaestrocmf.com\/portal\/wp-content\/uploads\/2025\/05\/1A-Banner-1-portada-imagen-10-1-61.jpg?resize=525%2C300&ssl=1 1.5x, https:\/\/i0.wp.com\/webdelmaestrocmf.com\/portal\/wp-content\/uploads\/2025\/05\/1A-Banner-1-portada-imagen-10-1-61.jpg?resize=700%2C400&ssl=1 2x"},"classes":[]},{"id":19126,"url":"https:\/\/webdelmaestrocmf.com\/portal\/finlandia-primer-analisis-metodo-phenomenon-learning\/","url_meta":{"origin":26740,"position":2},"title":"Finlandia: \u00bfQu\u00e9 es \u201caprender a pensar, aprender a entender\u201d?","author":"Web del Maestro CMF","date":"5 diciembre, 2019","format":false,"excerpt":"Finlandia registrado como uno de los pa\u00edses que mejor ha gestionado la educaci\u00f3n, decidi\u00f3 (luego de experiencias previas) se aplicar\u00eda el \u201cphenomenon learning\u201d, que \u201cno es otro m\u00e9todo que la sustituci\u00f3n de las tradicionales asignaturas por proyectos y trabajos de investigaci\u00f3n\u201d, [\u2026] \u201clas clases ser\u00e1n desplazadas por proyectos tem\u00e1ticos en\u2026","rel":"","context":"En \u00abFinlandia\u00bb","block_context":{"text":"Finlandia","link":"https:\/\/webdelmaestrocmf.com\/portal\/category\/pedagogia\/finlandia\/"},"img":{"alt_text":"","src":"https:\/\/i0.wp.com\/webdelmaestrocmf.com\/portal\/wp-content\/uploads\/2019\/12\/a2.jpg?resize=350%2C200&ssl=1","width":350,"height":200,"srcset":"https:\/\/i0.wp.com\/webdelmaestrocmf.com\/portal\/wp-content\/uploads\/2019\/12\/a2.jpg?resize=350%2C200&ssl=1 1x, https:\/\/i0.wp.com\/webdelmaestrocmf.com\/portal\/wp-content\/uploads\/2019\/12\/a2.jpg?resize=525%2C300&ssl=1 1.5x, https:\/\/i0.wp.com\/webdelmaestrocmf.com\/portal\/wp-content\/uploads\/2019\/12\/a2.jpg?resize=700%2C400&ssl=1 2x, https:\/\/i0.wp.com\/webdelmaestrocmf.com\/portal\/wp-content\/uploads\/2019\/12\/a2.jpg?resize=1050%2C600&ssl=1 3x"},"classes":[]},{"id":23041,"url":"https:\/\/webdelmaestrocmf.com\/portal\/no-suficiente-garantizar-acceso-la-educacion-tenemos-empezar-poner-foco-la-calidad\/","url_meta":{"origin":26740,"position":3},"title":"NO ES SUFICIENTE CON GARANTIZAR EL ACCESO A LA EDUCACI\u00d3N, TENEMOS QUE EMPEZAR A PONER EL FOCO EN LA CALIDAD","author":"Web del Maestro CMF","date":"17 octubre, 2017","format":false,"excerpt":"Eevamaija Vuollo es finlandesa, tiene 26 a\u00f1os y es Mag\u00edster en Educaci\u00f3n Intercultural. En el 2016 gan\u00f3 el premio a la\u00a0mejor tesis de mag\u00edster\u00a0sobre educaci\u00f3n en Finlandia. Actualmente es investigadora en Educaci\u00f3n 2020 y realiz\u00f3 el estudio\u00a0\u201cMirar hacia afuera para cambiar hacia adentro: An\u00e1lisis de experiencia internacional para ampliar las\u2026","rel":"","context":"En \u00abSin categor\u00eda\u00bb","block_context":{"text":"Sin categor\u00eda","link":"https:\/\/webdelmaestrocmf.com\/portal\/category\/sin-categoria-es\/"},"img":{"alt_text":"","src":"https:\/\/i0.wp.com\/webdelmaestrocmf.com\/portal\/wp-content\/uploads\/2017\/10\/Eevamaija-Vuollo.jpg?resize=350%2C200&ssl=1","width":350,"height":200,"srcset":"https:\/\/i0.wp.com\/webdelmaestrocmf.com\/portal\/wp-content\/uploads\/2017\/10\/Eevamaija-Vuollo.jpg?resize=350%2C200&ssl=1 1x, https:\/\/i0.wp.com\/webdelmaestrocmf.com\/portal\/wp-content\/uploads\/2017\/10\/Eevamaija-Vuollo.jpg?resize=525%2C300&ssl=1 1.5x, https:\/\/i0.wp.com\/webdelmaestrocmf.com\/portal\/wp-content\/uploads\/2017\/10\/Eevamaija-Vuollo.jpg?resize=700%2C400&ssl=1 2x"},"classes":[]},{"id":74593,"url":"https:\/\/webdelmaestrocmf.com\/portal\/ana-borzone-las-escuelas-permiten-a-los-chicos-llegar-a-la-secundaria-sin-saber-leer-ni-escribir\/","url_meta":{"origin":26740,"position":4},"title":"Ana Borzone: Las escuelas permiten a los chicos llegar a la secundaria sin saber leer ni escribir","author":"Web del Maestro CMF","date":"19 junio, 2025","format":false,"excerpt":"Cuando se habla de la crisis de nuestra escuela, casi siempre se evocan motivos econ\u00f3micos -bajo presupuesto, ca\u00edda general de la econom\u00eda, pobreza, etc.- pero Ana Borzone, investigadora principal del Conicet que desde hace d\u00e9cadas coordina equipos que estudian los m\u00e9todos de ense\u00f1anza de la lectoescritura, apunta a una causa\u2026","rel":"","context":"En \u00abEntrevistas\u00bb","block_context":{"text":"Entrevistas","link":"https:\/\/webdelmaestrocmf.com\/portal\/category\/noticias\/entrevistas\/"},"img":{"alt_text":"","src":"https:\/\/i0.wp.com\/webdelmaestrocmf.com\/portal\/wp-content\/uploads\/2025\/06\/1A-Banner-1-portada-imagen-10-1-copia-28.jpg?resize=350%2C200&ssl=1","width":350,"height":200,"srcset":"https:\/\/i0.wp.com\/webdelmaestrocmf.com\/portal\/wp-content\/uploads\/2025\/06\/1A-Banner-1-portada-imagen-10-1-copia-28.jpg?resize=350%2C200&ssl=1 1x, https:\/\/i0.wp.com\/webdelmaestrocmf.com\/portal\/wp-content\/uploads\/2025\/06\/1A-Banner-1-portada-imagen-10-1-copia-28.jpg?resize=525%2C300&ssl=1 1.5x, https:\/\/i0.wp.com\/webdelmaestrocmf.com\/portal\/wp-content\/uploads\/2025\/06\/1A-Banner-1-portada-imagen-10-1-copia-28.jpg?resize=700%2C400&ssl=1 2x"},"classes":[]},{"id":10379,"url":"https:\/\/webdelmaestrocmf.com\/portal\/finlandia-se-convertira-en-el-primer-pais-en-cancelar-todas-las-asignaturas-escolares\/","url_meta":{"origin":26740,"position":5},"title":"Finlandia cancelar\u00e1 todas las asignaturas escolares","author":"Web del Maestro CMF","date":"16 noviembre, 2016","format":false,"excerpt":"El sistema educativo finland\u00e9s ha ganado reconocimiento internacional por su enfoque innovador y exitoso. A diferencia de muchos otros pa\u00edses, Finlandia se destaca por su \u00e9nfasis en la educaci\u00f3n hol\u00edstica y en el desarrollo de habilidades generales en lugar de centrarse \u00fanicamente en asignaturas espec\u00edficas. En Finlandia, el objetivo principal\u2026","rel":"","context":"En \u00abFinlandia\u00bb","block_context":{"text":"Finlandia","link":"https:\/\/webdelmaestrocmf.com\/portal\/category\/pedagogia\/finlandia\/"},"img":{"alt_text":"","src":"https:\/\/i0.wp.com\/webdelmaestrocmf.com\/portal\/wp-content\/uploads\/2016\/11\/A12B3C4D-12.jpg?resize=350%2C200&ssl=1","width":350,"height":200,"srcset":"https:\/\/i0.wp.com\/webdelmaestrocmf.com\/portal\/wp-content\/uploads\/2016\/11\/A12B3C4D-12.jpg?resize=350%2C200&ssl=1 1x, https:\/\/i0.wp.com\/webdelmaestrocmf.com\/portal\/wp-content\/uploads\/2016\/11\/A12B3C4D-12.jpg?resize=525%2C300&ssl=1 1.5x, https:\/\/i0.wp.com\/webdelmaestrocmf.com\/portal\/wp-content\/uploads\/2016\/11\/A12B3C4D-12.jpg?resize=700%2C400&ssl=1 2x"},"classes":[]}],"_links":{"self":[{"href":"https:\/\/webdelmaestrocmf.com\/portal\/wp-json\/wp\/v2\/posts\/26740","targetHints":{"allow":["GET"]}}],"collection":[{"href":"https:\/\/webdelmaestrocmf.com\/portal\/wp-json\/wp\/v2\/posts"}],"about":[{"href":"https:\/\/webdelmaestrocmf.com\/portal\/wp-json\/wp\/v2\/types\/post"}],"author":[{"embeddable":true,"href":"https:\/\/webdelmaestrocmf.com\/portal\/wp-json\/wp\/v2\/users\/2"}],"replies":[{"embeddable":true,"href":"https:\/\/webdelmaestrocmf.com\/portal\/wp-json\/wp\/v2\/comments?post=26740"}],"version-history":[{"count":0,"href":"https:\/\/webdelmaestrocmf.com\/portal\/wp-json\/wp\/v2\/posts\/26740\/revisions"}],"wp:featuredmedia":[{"embeddable":true,"href":"https:\/\/webdelmaestrocmf.com\/portal\/wp-json\/wp\/v2\/media\/26741"}],"wp:attachment":[{"href":"https:\/\/webdelmaestrocmf.com\/portal\/wp-json\/wp\/v2\/media?parent=26740"}],"wp:term":[{"taxonomy":"category","embeddable":true,"href":"https:\/\/webdelmaestrocmf.com\/portal\/wp-json\/wp\/v2\/categories?post=26740"},{"taxonomy":"post_tag","embeddable":true,"href":"https:\/\/webdelmaestrocmf.com\/portal\/wp-json\/wp\/v2\/tags?post=26740"}],"curies":[{"name":"wp","href":"https:\/\/api.w.org\/{rel}","templated":true}]}}