{"id":26683,"date":"2018-02-26T14:18:53","date_gmt":"2018-02-26T17:18:53","guid":{"rendered":"http:\/\/webdelmaestrocmf.com\/portal\/?p=26683"},"modified":"2019-09-12T10:26:49","modified_gmt":"2019-09-12T13:26:49","slug":"rosy-cisneros-neuroeducador-del-aprendizaje-una-fiesta","status":"publish","type":"post","link":"https:\/\/webdelmaestrocmf.com\/portal\/rosy-cisneros-neuroeducador-del-aprendizaje-una-fiesta\/","title":{"rendered":"[Rosy Cisneros] El neuroeducador hace del aprendizaje una fiesta"},"content":{"rendered":"<h5 style=\"text-align: justify;\">Imagina que tus maestros hubieran tenido esta consciencia, cu\u00e1ntos recuerdos y aprendizajes tendr\u00edas hoy y lo m\u00e1s importante, \u00bfc\u00f3mo los guardar\u00edas?<\/h5>\n<h5 style=\"text-align: justify;\">Estoy segura que ser\u00edan momentos de gratos recuerdos, llenos de color y emoci\u00f3n.<\/h5>\n<h5><!--more--><\/h5>\n<h5 style=\"text-align: justify;\">Sin embargo tal vez te hayan tocado maestros duros y despectivos, con poco inter\u00e9s en ti, tan solo su objetivo era que aprendieras, que lograras los que \u00e9l ten\u00eda que hacer para justificar lo que le pagaban, incluso adem\u00e1s de su poca empat\u00eda, estaba absorto en su propio mundo, sin importar que t\u00fa tambi\u00e9n lo necesitabas en el tuyo.<\/h5>\n<p style=\"text-align: justify;\">Y muchas personas defienden esta postura, era un buen maestro, pues lo que aprend\u00ed con sus m\u00e9todos no se me va a olvidar jam\u00e1s, ese borrador en mi cabeza va a ayudarme a que recuerde que \u00a08&#215;5 son 40,\u00a0 no que ahora, los maestros quieren jugar y que los ni\u00f1os se diviertan\u2026\u201d!qu\u00e9 p\u00e9rdida de tiempo!<\/p>\n<h4><strong>\u00bfHas escuchado alguna vez esto?<\/strong><\/h4>\n<p style=\"text-align: justify;\">O tal vez t\u00fa mismo lo has pensado\u2026?no es as\u00ed?<\/p>\n<p style=\"text-align: justify;\">Pues perm\u00edteme compartir puntos de vista que no se hab\u00edan tomado en cuenta, ya que gracias a la tecnolog\u00eda de la resonancia funcional \u00a0y las neuroim\u00e1genes con las que podemos analizar lo que sucede\u00a0 en el cerebro justo cuando se est\u00e1 viviendo una acci\u00f3n, se puede constatar, c\u00f3mo se activan zonas del cerebro que desencadenan grandes cantidades de hormonas y que dependiendo de la emoci\u00f3n o circunstancia que se viva, ser\u00e1n las que entren al torrente sangu\u00edneo.<\/p>\n<p style=\"text-align: justify;\">Si son de miedo o\u00a0 de defensa ante un maestro que sigue pensando que la letra con sangre entra, las hormonas que fluyan ser\u00e1n adrenalina y cortisol, que en grandes cantidades y de manera constante\u00a0 crean formas espec\u00edficas de pensamiento que quedar\u00e1n como carreteras de informaci\u00f3n permanente con las cuales, esa persona reaccionar\u00e1 en su vida y claro que no ser\u00e1 su mejor opci\u00f3n.<\/p>\n<p><img loading=\"lazy\" decoding=\"async\" class=\"alignnone size-full wp-image-26687\" src=\"http:\/\/webdelmaestrocmf.com\/portal\/wp-content\/uploads\/2018\/02\/530073143.jpg\" alt=\"\" width=\"1024\" height=\"683\" srcset=\"https:\/\/webdelmaestrocmf.com\/portal\/wp-content\/uploads\/2018\/02\/530073143.jpg 1024w, https:\/\/webdelmaestrocmf.com\/portal\/wp-content\/uploads\/2018\/02\/530073143-300x200.jpg 300w, https:\/\/webdelmaestrocmf.com\/portal\/wp-content\/uploads\/2018\/02\/530073143-768x512.jpg 768w\" sizes=\"auto, (max-width: 1024px) 100vw, 1024px\" \/><\/p>\n<p style=\"text-align: justify;\">As\u00ed que ahora podemos entender el porqu\u00e9\u00a0 de tantas personas con miedo a hablar en p\u00fablico, o miedo al juicio ajeno que se traduce en miedo al qu\u00e9 dir\u00e1n, a todos aquellos inseguros de lo que son y de lo que pueden hacer\u2026.ah! pero eso s\u00ed, con las tablas de multiplicar bien aprendidas!<\/p>\n<p style=\"text-align: justify;\">Si todos los maestros de hoy pudieran analizar todos los efectos negativos que tuvieron sobre la personalidad de los alumnos que lejos de disfrutar el aprender lo sufrieron, ahora estar\u00edan totalmente de acuerdo\u00a0 con esta frase que ha brotado desde el centro de mi ser: \u201cel maestro hace del aprendizaje una fiesta\u201d.<\/p>\n<p style=\"text-align: justify;\">Imagina una fiesta y las emociones que \u00e9sta nos ofrece: alegr\u00eda, placer, \u00a0deleite, sentirse bien, satisfacci\u00f3n con el presente.<\/p>\n<p style=\"text-align: justify;\">As\u00ed es que t\u00fa puedes hacer que tus alumnos vean y vivan la\u00a0 experiencia de aprender de esta forma y dejar que mientras lo hacen, la cascada sea de\u00a0 serotonina, dopamina y endorfina, hormonas de la alegr\u00eda y\u00a0 del placer \u00a0para que su personalidad se forme con todo lo que se requiere para ser una persona feliz, armoniosa y pr\u00f3spera.<\/p>\n<p style=\"text-align: justify;\">Con estos cambios en la forma de ense\u00f1ar, \u00a0la humanidad estar\u00e1 conformada por personas que disfruten la experiencia de la vida y habr\u00e1 m\u00e1s entendimiento entre unos y otros y tal vez, por qu\u00e9 no, se acaben las guerras, ya que en sus canales de pensamientos ya no querr\u00e1n competir sino compartir, ya no querr\u00e1n demostrar ser \u00a0los mejores sino reconocer que todos somos mejores, tal vez y por qu\u00e9 no este mundo sea el mundo que yo imagin\u00e9 desde que era una ni\u00f1a.<\/p>\n<p style=\"text-align: justify;\">As\u00ed es que hoy te invito a cambiar tus paradigmas educativos y convertirte en un\u00a0 nuevo maestro con una consciencia m\u00e1s luminosa\u00a0 para aportar tu granito de arena, haciendo\u00a0 de la educaci\u00f3n una fiesta y de este mundo un mundo mejor.<\/p>\n<table style=\"font-family: -apple-system, BlinkMacSystemFont, 'Segoe UI', Roboto, 'Helvetica Neue', Arial, 'Noto Sans', sans-serif, 'Apple Color Emoji', 'Segoe UI Emoji', 'Segoe UI Symbol', 'Noto Color Emoji';\" border=\"0\" width=\"100%\" cellspacing=\"10\" cellpadding=\"10\">\n<tbody>\n<tr>\n<td style=\"text-align: center;\" width=\"30%\"><strong><img loading=\"lazy\" decoding=\"async\" class=\"size-full wp-image-26678 aligncenter\" src=\"http:\/\/webdelmaestrocmf.com\/portal\/wp-content\/uploads\/2017\/07\/Rosy-Cisneros-1.jpg\" alt=\"\" width=\"200\" height=\"200\" srcset=\"https:\/\/webdelmaestrocmf.com\/portal\/wp-content\/uploads\/2017\/07\/Rosy-Cisneros-1.jpg 200w, https:\/\/webdelmaestrocmf.com\/portal\/wp-content\/uploads\/2017\/07\/Rosy-Cisneros-1-150x150.jpg 150w, https:\/\/webdelmaestrocmf.com\/portal\/wp-content\/uploads\/2017\/07\/Rosy-Cisneros-1-144x144.jpg 144w\" sizes=\"auto, (max-width: 200px) 100vw, 200px\" \/><br \/>\nAutor: <\/strong>Profa. Dra. H.C. Rosalina Cisneros Blancas. M\u00e9xico. D.F.<strong><br \/>\n<\/strong>Neuroeducadora ECC, Educando con Cerebro y coraz\u00f3n<strong><br \/>\nCorreo electr\u00f3nico:<\/strong> <a href=\"mailto:rosyjcb4@yahoo.com.mx\">rosyjcb4@yahoo.com.mx<\/a><br \/>\n<strong>Cuenta de facebook:<\/strong> <a href=\"https:\/\/www.facebook.com\/rosycisnerosneuroeducadora\" target=\"_blank\" rel=\"noopener noreferrer\">rosycisnerosneuroeducadora<\/a><br \/>\n<strong>Web:<\/strong> <a href=\"http:\/\/www.rosycisneros.net\" target=\"_blank\" rel=\"noopener noreferrer\">rosycisneros.net<\/a><\/td>\n<\/tr>\n<\/tbody>\n<\/table>\n<p style=\"text-align: justify;\">.<\/p>\n\t\t<div class=\"pk-inline-posts\">\n\t\t\t\n\t\t\t<div class=\"pk-inline-posts-container pk-inline-posts-template-list\"\n\t\t\t\tdata-columns=\"1\">\n\t\t\t\t\t\t<article id=\"post-76027\" class=\"post-76027 post type-post status-publish format-standard has-post-thumbnail category-colaborador category-z-colaboradores-rosy-cisceros tag-impacto tag-mascarillas tag-pandemia tag-rosy-cisneros tag-secuelas tag-uso cs-entry cs-video-wrap\">\n\t\t\t<div class=\"pk-post-outer\">\n\n\t\t\t\t\t\t\t\t<div class=\"pk-post-inner\">\n\t\t\t\t\t<div class=\"entry-thumbnail\">\n\t\t\t\t\t\t<div class=\"pk-overlay pk-overlay-ratio pk-ratio-landscape\">\n\t\t\t\t\t\t\t<div class=\"pk-overlay-background\">\n\t\t\t\t\t\t\t\t<a href=\"https:\/\/webdelmaestrocmf.com\/portal\/rosy-cisneros-secuelas-de-la-pandemia-impacto-de-uso-de-mascarillas\/\" class=\"pk-overlay-link\">\n\t\t\t\t\t\t\t\t\t<img loading=\"lazy\" decoding=\"async\" width=\"300\" height=\"225\" src=\"https:\/\/webdelmaestrocmf.com\/portal\/wp-content\/uploads\/2022\/04\/1-8-300x225.jpg\" class=\"attachment-pk-thumbnail size-pk-thumbnail wp-post-image\" alt=\"\" \/>\t\t\t\t\t\t\t\t<\/a>\n\t\t\t\t\t\t\t<\/div>\n\t\t\t\t\t\t<\/div>\n\t\t\t\t\t<\/div>\n\t\t\t\t<\/div>\n\t\t\t\t\n\t\t\t\t<div class=\"pk-post-inner\">\n\t\t\t\t\t<header>\n\t\t\t\t\t\t<h3 class=\"pk-title\"><a href=\"https:\/\/webdelmaestrocmf.com\/portal\/rosy-cisneros-secuelas-de-la-pandemia-impacto-de-uso-de-mascarillas\/\" rel=\"bookmark\">[Rosy Cisneros] Secuelas de la pandemia: impacto de uso de mascarillas<\/a><\/h3>\t\t\t\t\t<\/header><!-- .entry-header -->\n\t\t\t\t<\/div><!-- .post-inner -->\n\n\t\t\t<\/div><!-- .post-outer -->\n\t\t<\/article>\n\t\t\t\t<\/div>\n\t\t<\/div>\n\t\t\n","protected":false},"excerpt":{"rendered":"Imagina que tus maestros hubieran tenido esta consciencia, cu\u00e1ntos recuerdos y aprendizajes tendr\u00edas hoy y lo m\u00e1s importante,&hellip;","protected":false},"author":1,"featured_media":26686,"comment_status":"open","ping_status":"closed","sticky":false,"template":"","format":"standard","meta":{"csco_display_header_overlay":false,"csco_singular_sidebar":"default","csco_page_header_type":"default","csco_page_load_nextpost":"default","csco_post_video_location":[],"csco_post_video_location_hash":"","csco_post_video_url":"","csco_post_video_bg_start_time":0,"csco_post_video_bg_end_time":0,"csco_post_video_bg_volume":false,"_jetpack_memberships_contains_paid_content":false,"footnotes":""},"categories":[1790,2436],"tags":[77,3397,3396,2437],"class_list":{"0":"post-26683","1":"post","2":"type-post","3":"status-publish","4":"format-standard","5":"has-post-thumbnail","7":"category-colaborador","8":"category-z-colaboradores-rosy-cisceros","9":"tag-aprendizaje","10":"tag-fiesta","11":"tag-neuroeducador","12":"tag-rosy-cisneros","13":"cs-entry","14":"cs-video-wrap"},"yoast_head":"<!-- This site is optimized with the Yoast SEO plugin v27.5 - https:\/\/yoast.com\/product\/yoast-seo-wordpress\/ -->\n<title>[Rosy Cisneros] El neuroeducador hace del aprendizaje una fiesta<\/title>\n<meta name=\"description\" content=\"Imagina que tus maestros hubieran tenido esta consciencia, cu\u00e1ntos recuerdos y aprendizajes tendr\u00edas hoy y lo m\u00e1s importante, \u00bfc\u00f3mo los guardar\u00edas?\u00a0\u00a0\" \/>\n<meta name=\"robots\" content=\"index, follow, max-snippet:-1, max-image-preview:large, max-video-preview:-1\" \/>\n<link rel=\"canonical\" href=\"https:\/\/webdelmaestrocmf.com\/portal\/rosy-cisneros-neuroeducador-del-aprendizaje-una-fiesta\/\" \/>\n<meta property=\"og:locale\" content=\"es_ES\" \/>\n<meta property=\"og:type\" content=\"article\" \/>\n<meta property=\"og:title\" content=\"[Rosy Cisneros] El neuroeducador hace del aprendizaje una fiesta\" \/>\n<meta property=\"og:description\" content=\"Imagina que tus maestros hubieran tenido esta consciencia, cu\u00e1ntos recuerdos y aprendizajes tendr\u00edas hoy y lo m\u00e1s importante, \u00bfc\u00f3mo los guardar\u00edas?\u00a0\u00a0\" \/>\n<meta property=\"og:url\" content=\"https:\/\/webdelmaestrocmf.com\/portal\/rosy-cisneros-neuroeducador-del-aprendizaje-una-fiesta\/\" \/>\n<meta property=\"og:site_name\" content=\"Web del Maestro CMF\" \/>\n<meta property=\"article:publisher\" content=\"https:\/\/www.facebook.com\/WebdelMaestroCMF\/\" \/>\n<meta property=\"article:author\" content=\"https:\/\/www.facebook.com\/WebdelMaestroCMF\/\" \/>\n<meta property=\"article:published_time\" content=\"2018-02-26T17:18:53+00:00\" \/>\n<meta property=\"article:modified_time\" content=\"2019-09-12T13:26:49+00:00\" \/>\n<meta property=\"og:image\" content=\"https:\/\/i0.wp.com\/webdelmaestrocmf.com\/portal\/wp-content\/uploads\/2018\/02\/1-18.jpg?fit=1100%2C680&ssl=1\" \/>\n\t<meta property=\"og:image:width\" content=\"1100\" \/>\n\t<meta property=\"og:image:height\" content=\"680\" \/>\n\t<meta property=\"og:image:type\" content=\"image\/jpeg\" \/>\n<meta name=\"author\" content=\"Web del Maestro CMF\" \/>\n<meta name=\"twitter:card\" content=\"summary_large_image\" \/>\n<meta name=\"twitter:creator\" content=\"@cmf_w\" \/>\n<meta name=\"twitter:site\" content=\"@cmf_w\" \/>\n<script type=\"application\/ld+json\" class=\"yoast-schema-graph\">{\"@context\":\"https:\\\/\\\/schema.org\",\"@graph\":[{\"@type\":\"ScholarlyArticle\",\"@id\":\"https:\\\/\\\/webdelmaestrocmf.com\\\/portal\\\/rosy-cisneros-neuroeducador-del-aprendizaje-una-fiesta\\\/#article\",\"isPartOf\":{\"@id\":\"https:\\\/\\\/webdelmaestrocmf.com\\\/portal\\\/rosy-cisneros-neuroeducador-del-aprendizaje-una-fiesta\\\/\"},\"author\":{\"name\":\"Web del Maestro CMF\",\"@id\":\"https:\\\/\\\/webdelmaestrocmf.com\\\/portal\\\/#\\\/schema\\\/person\\\/1072a2ed7bd960df8ef99a551fa35dc5\"},\"headline\":\"[Rosy Cisneros] El neuroeducador hace del aprendizaje una fiesta\",\"datePublished\":\"2018-02-26T17:18:53+00:00\",\"dateModified\":\"2019-09-12T13:26:49+00:00\",\"mainEntityOfPage\":{\"@id\":\"https:\\\/\\\/webdelmaestrocmf.com\\\/portal\\\/rosy-cisneros-neuroeducador-del-aprendizaje-una-fiesta\\\/\"},\"wordCount\":704,\"commentCount\":0,\"publisher\":{\"@id\":\"https:\\\/\\\/webdelmaestrocmf.com\\\/portal\\\/#organization\"},\"image\":{\"@id\":\"https:\\\/\\\/webdelmaestrocmf.com\\\/portal\\\/rosy-cisneros-neuroeducador-del-aprendizaje-una-fiesta\\\/#primaryimage\"},\"thumbnailUrl\":\"https:\\\/\\\/webdelmaestrocmf.com\\\/portal\\\/wp-content\\\/uploads\\\/2018\\\/02\\\/1-18.jpg\",\"keywords\":[\"aprendizaje\",\"FIESTA\",\"NEUROEDUCADOR\",\"ROSY CISNEROS\"],\"articleSection\":[\"Z-Colaboradores\",\"Z-Colaboradores-Rosy-Cisneros\"],\"inLanguage\":\"es\",\"potentialAction\":[{\"@type\":\"CommentAction\",\"name\":\"Comment\",\"target\":[\"https:\\\/\\\/webdelmaestrocmf.com\\\/portal\\\/rosy-cisneros-neuroeducador-del-aprendizaje-una-fiesta\\\/#respond\"]}]},{\"@type\":\"WebPage\",\"@id\":\"https:\\\/\\\/webdelmaestrocmf.com\\\/portal\\\/rosy-cisneros-neuroeducador-del-aprendizaje-una-fiesta\\\/\",\"url\":\"https:\\\/\\\/webdelmaestrocmf.com\\\/portal\\\/rosy-cisneros-neuroeducador-del-aprendizaje-una-fiesta\\\/\",\"name\":\"[Rosy Cisneros] El neuroeducador hace del aprendizaje una fiesta\",\"isPartOf\":{\"@id\":\"https:\\\/\\\/webdelmaestrocmf.com\\\/portal\\\/#website\"},\"primaryImageOfPage\":{\"@id\":\"https:\\\/\\\/webdelmaestrocmf.com\\\/portal\\\/rosy-cisneros-neuroeducador-del-aprendizaje-una-fiesta\\\/#primaryimage\"},\"image\":{\"@id\":\"https:\\\/\\\/webdelmaestrocmf.com\\\/portal\\\/rosy-cisneros-neuroeducador-del-aprendizaje-una-fiesta\\\/#primaryimage\"},\"thumbnailUrl\":\"https:\\\/\\\/webdelmaestrocmf.com\\\/portal\\\/wp-content\\\/uploads\\\/2018\\\/02\\\/1-18.jpg\",\"datePublished\":\"2018-02-26T17:18:53+00:00\",\"dateModified\":\"2019-09-12T13:26:49+00:00\",\"description\":\"Imagina que tus maestros hubieran tenido esta consciencia, cu\u00e1ntos recuerdos y aprendizajes tendr\u00edas hoy y lo m\u00e1s importante, \u00bfc\u00f3mo los guardar\u00edas?\u00a0\u00a0\",\"breadcrumb\":{\"@id\":\"https:\\\/\\\/webdelmaestrocmf.com\\\/portal\\\/rosy-cisneros-neuroeducador-del-aprendizaje-una-fiesta\\\/#breadcrumb\"},\"inLanguage\":\"es\",\"potentialAction\":[{\"@type\":\"ReadAction\",\"target\":[\"https:\\\/\\\/webdelmaestrocmf.com\\\/portal\\\/rosy-cisneros-neuroeducador-del-aprendizaje-una-fiesta\\\/\"]}]},{\"@type\":\"ImageObject\",\"inLanguage\":\"es\",\"@id\":\"https:\\\/\\\/webdelmaestrocmf.com\\\/portal\\\/rosy-cisneros-neuroeducador-del-aprendizaje-una-fiesta\\\/#primaryimage\",\"url\":\"https:\\\/\\\/webdelmaestrocmf.com\\\/portal\\\/wp-content\\\/uploads\\\/2018\\\/02\\\/1-18.jpg\",\"contentUrl\":\"https:\\\/\\\/webdelmaestrocmf.com\\\/portal\\\/wp-content\\\/uploads\\\/2018\\\/02\\\/1-18.jpg\",\"width\":1100,\"height\":680},{\"@type\":\"BreadcrumbList\",\"@id\":\"https:\\\/\\\/webdelmaestrocmf.com\\\/portal\\\/rosy-cisneros-neuroeducador-del-aprendizaje-una-fiesta\\\/#breadcrumb\",\"itemListElement\":[{\"@type\":\"ListItem\",\"position\":1,\"name\":\"Portada\",\"item\":\"https:\\\/\\\/webdelmaestrocmf.com\\\/portal\\\/\"},{\"@type\":\"ListItem\",\"position\":2,\"name\":\"Z-Colaboradores\",\"item\":\"https:\\\/\\\/webdelmaestrocmf.com\\\/portal\\\/category\\\/colaborador\\\/\"},{\"@type\":\"ListItem\",\"position\":3,\"name\":\"[Rosy Cisneros] El neuroeducador hace del aprendizaje una fiesta\"}]},{\"@type\":\"WebSite\",\"@id\":\"https:\\\/\\\/webdelmaestrocmf.com\\\/portal\\\/#website\",\"url\":\"https:\\\/\\\/webdelmaestrocmf.com\\\/portal\\\/\",\"name\":\"Web del Maestro CMF\",\"description\":\"Maestros al servicio de la educaci\u00f3n\",\"publisher\":{\"@id\":\"https:\\\/\\\/webdelmaestrocmf.com\\\/portal\\\/#organization\"},\"alternateName\":\"WMCMF\",\"potentialAction\":[{\"@type\":\"SearchAction\",\"target\":{\"@type\":\"EntryPoint\",\"urlTemplate\":\"https:\\\/\\\/webdelmaestrocmf.com\\\/portal\\\/?s={search_term_string}\"},\"query-input\":{\"@type\":\"PropertyValueSpecification\",\"valueRequired\":true,\"valueName\":\"search_term_string\"}}],\"inLanguage\":\"es\"},{\"@type\":\"Organization\",\"@id\":\"https:\\\/\\\/webdelmaestrocmf.com\\\/portal\\\/#organization\",\"name\":\"Web del Maestro CMF\",\"alternateName\":\"WMCMF\",\"url\":\"https:\\\/\\\/webdelmaestrocmf.com\\\/portal\\\/\",\"logo\":{\"@type\":\"ImageObject\",\"inLanguage\":\"es\",\"@id\":\"https:\\\/\\\/webdelmaestrocmf.com\\\/portal\\\/#\\\/schema\\\/logo\\\/image\\\/\",\"url\":\"https:\\\/\\\/webdelmaestrocmf.com\\\/portal\\\/wp-content\\\/uploads\\\/2023\\\/01\\\/logo-wmcmf-2.png\",\"contentUrl\":\"https:\\\/\\\/webdelmaestrocmf.com\\\/portal\\\/wp-content\\\/uploads\\\/2023\\\/01\\\/logo-wmcmf-2.png\",\"width\":200,\"height\":60,\"caption\":\"Web del Maestro CMF\"},\"image\":{\"@id\":\"https:\\\/\\\/webdelmaestrocmf.com\\\/portal\\\/#\\\/schema\\\/logo\\\/image\\\/\"},\"sameAs\":[\"https:\\\/\\\/www.facebook.com\\\/WebdelMaestroCMF\\\/\",\"https:\\\/\\\/x.com\\\/cmf_w\",\"https:\\\/\\\/www.pinterest.com\\\/WMCMF\\\/\",\"https:\\\/\\\/www.linkedin.com\\\/company\\\/web-del-maestro-cmf\\\/\",\"https:\\\/\\\/www.instagram.com\\\/wmcmf\\\/\",\"https:\\\/\\\/www.youtube.com\\\/channel\\\/UCDPSvjbdodE5sHnC3OxutHw\",\"https:\\\/\\\/mastodon.social\\\/@wmcmf\",\"https:\\\/\\\/www.tiktok.com\\\/@webdelmaestrocmf\"]},{\"@type\":\"Person\",\"@id\":\"https:\\\/\\\/webdelmaestrocmf.com\\\/portal\\\/#\\\/schema\\\/person\\\/1072a2ed7bd960df8ef99a551fa35dc5\",\"name\":\"Web del Maestro CMF\",\"image\":{\"@type\":\"ImageObject\",\"inLanguage\":\"es\",\"@id\":\"https:\\\/\\\/secure.gravatar.com\\\/avatar\\\/23291dd5b5ae1077dcff3dbb04c3e02bd28403fa75af6d8787d5e97c5bbbe30b?s=96&d=mm&r=g\",\"url\":\"https:\\\/\\\/secure.gravatar.com\\\/avatar\\\/23291dd5b5ae1077dcff3dbb04c3e02bd28403fa75af6d8787d5e97c5bbbe30b?s=96&d=mm&r=g\",\"contentUrl\":\"https:\\\/\\\/secure.gravatar.com\\\/avatar\\\/23291dd5b5ae1077dcff3dbb04c3e02bd28403fa75af6d8787d5e97c5bbbe30b?s=96&d=mm&r=g\",\"caption\":\"Web del Maestro CMF\"},\"description\":\"Esta Web se cre\u00f3 sin fines de lucro, con fines educativos, cient\u00edficos y acad\u00e9micos, para personas que tengan dificultades y\\\/o inconvenientes en visualizar el material original. El objetivo es entregar recursos, compartir experiencias y materiales que ayuden a los padres de familia, maestros y estudiantes en su actualizaci\u00f3n y formaci\u00f3n permanente, en bien de la Educaci\u00f3n.\",\"sameAs\":[\"http:\\\/\\\/webdelmaestrocmf.com\\\/portal\",\"https:\\\/\\\/www.facebook.com\\\/WebdelMaestroCMF\\\/\",\"https:\\\/\\\/www.instagram.com\\\/wmcmf\\\/\",\"https:\\\/\\\/cl.linkedin.com\\\/company\\\/web-del-maestro-cmf\",\"https:\\\/\\\/www.pinterest.com\\\/WMCMF\\\/publicaciones\\\/\",\"https:\\\/\\\/x.com\\\/cmf_w\",\"https:\\\/\\\/www.youtube.com\\\/@WMCMF\"]}]}<\/script>\n<!-- \/ Yoast SEO plugin. -->","yoast_head_json":{"title":"[Rosy Cisneros] El neuroeducador hace del aprendizaje una fiesta","description":"Imagina que tus maestros hubieran tenido esta consciencia, cu\u00e1ntos recuerdos y aprendizajes tendr\u00edas hoy y lo m\u00e1s importante, \u00bfc\u00f3mo los guardar\u00edas?\u00a0\u00a0","robots":{"index":"index","follow":"follow","max-snippet":"max-snippet:-1","max-image-preview":"max-image-preview:large","max-video-preview":"max-video-preview:-1"},"canonical":"https:\/\/webdelmaestrocmf.com\/portal\/rosy-cisneros-neuroeducador-del-aprendizaje-una-fiesta\/","og_locale":"es_ES","og_type":"article","og_title":"[Rosy Cisneros] El neuroeducador hace del aprendizaje una fiesta","og_description":"Imagina que tus maestros hubieran tenido esta consciencia, cu\u00e1ntos recuerdos y aprendizajes tendr\u00edas hoy y lo m\u00e1s importante, \u00bfc\u00f3mo los guardar\u00edas?\u00a0\u00a0","og_url":"https:\/\/webdelmaestrocmf.com\/portal\/rosy-cisneros-neuroeducador-del-aprendizaje-una-fiesta\/","og_site_name":"Web del Maestro CMF","article_publisher":"https:\/\/www.facebook.com\/WebdelMaestroCMF\/","article_author":"https:\/\/www.facebook.com\/WebdelMaestroCMF\/","article_published_time":"2018-02-26T17:18:53+00:00","article_modified_time":"2019-09-12T13:26:49+00:00","og_image":[{"width":1100,"height":680,"url":"https:\/\/i0.wp.com\/webdelmaestrocmf.com\/portal\/wp-content\/uploads\/2018\/02\/1-18.jpg?fit=1100%2C680&ssl=1","type":"image\/jpeg"}],"author":"Web del Maestro CMF","twitter_card":"summary_large_image","twitter_creator":"@cmf_w","twitter_site":"@cmf_w","schema":{"@context":"https:\/\/schema.org","@graph":[{"@type":"ScholarlyArticle","@id":"https:\/\/webdelmaestrocmf.com\/portal\/rosy-cisneros-neuroeducador-del-aprendizaje-una-fiesta\/#article","isPartOf":{"@id":"https:\/\/webdelmaestrocmf.com\/portal\/rosy-cisneros-neuroeducador-del-aprendizaje-una-fiesta\/"},"author":{"name":"Web del Maestro CMF","@id":"https:\/\/webdelmaestrocmf.com\/portal\/#\/schema\/person\/1072a2ed7bd960df8ef99a551fa35dc5"},"headline":"[Rosy Cisneros] El neuroeducador hace del aprendizaje una fiesta","datePublished":"2018-02-26T17:18:53+00:00","dateModified":"2019-09-12T13:26:49+00:00","mainEntityOfPage":{"@id":"https:\/\/webdelmaestrocmf.com\/portal\/rosy-cisneros-neuroeducador-del-aprendizaje-una-fiesta\/"},"wordCount":704,"commentCount":0,"publisher":{"@id":"https:\/\/webdelmaestrocmf.com\/portal\/#organization"},"image":{"@id":"https:\/\/webdelmaestrocmf.com\/portal\/rosy-cisneros-neuroeducador-del-aprendizaje-una-fiesta\/#primaryimage"},"thumbnailUrl":"https:\/\/webdelmaestrocmf.com\/portal\/wp-content\/uploads\/2018\/02\/1-18.jpg","keywords":["aprendizaje","FIESTA","NEUROEDUCADOR","ROSY CISNEROS"],"articleSection":["Z-Colaboradores","Z-Colaboradores-Rosy-Cisneros"],"inLanguage":"es","potentialAction":[{"@type":"CommentAction","name":"Comment","target":["https:\/\/webdelmaestrocmf.com\/portal\/rosy-cisneros-neuroeducador-del-aprendizaje-una-fiesta\/#respond"]}]},{"@type":"WebPage","@id":"https:\/\/webdelmaestrocmf.com\/portal\/rosy-cisneros-neuroeducador-del-aprendizaje-una-fiesta\/","url":"https:\/\/webdelmaestrocmf.com\/portal\/rosy-cisneros-neuroeducador-del-aprendizaje-una-fiesta\/","name":"[Rosy Cisneros] El neuroeducador hace del aprendizaje una fiesta","isPartOf":{"@id":"https:\/\/webdelmaestrocmf.com\/portal\/#website"},"primaryImageOfPage":{"@id":"https:\/\/webdelmaestrocmf.com\/portal\/rosy-cisneros-neuroeducador-del-aprendizaje-una-fiesta\/#primaryimage"},"image":{"@id":"https:\/\/webdelmaestrocmf.com\/portal\/rosy-cisneros-neuroeducador-del-aprendizaje-una-fiesta\/#primaryimage"},"thumbnailUrl":"https:\/\/webdelmaestrocmf.com\/portal\/wp-content\/uploads\/2018\/02\/1-18.jpg","datePublished":"2018-02-26T17:18:53+00:00","dateModified":"2019-09-12T13:26:49+00:00","description":"Imagina que tus maestros hubieran tenido esta consciencia, cu\u00e1ntos recuerdos y aprendizajes tendr\u00edas hoy y lo m\u00e1s importante, \u00bfc\u00f3mo los guardar\u00edas?\u00a0\u00a0","breadcrumb":{"@id":"https:\/\/webdelmaestrocmf.com\/portal\/rosy-cisneros-neuroeducador-del-aprendizaje-una-fiesta\/#breadcrumb"},"inLanguage":"es","potentialAction":[{"@type":"ReadAction","target":["https:\/\/webdelmaestrocmf.com\/portal\/rosy-cisneros-neuroeducador-del-aprendizaje-una-fiesta\/"]}]},{"@type":"ImageObject","inLanguage":"es","@id":"https:\/\/webdelmaestrocmf.com\/portal\/rosy-cisneros-neuroeducador-del-aprendizaje-una-fiesta\/#primaryimage","url":"https:\/\/webdelmaestrocmf.com\/portal\/wp-content\/uploads\/2018\/02\/1-18.jpg","contentUrl":"https:\/\/webdelmaestrocmf.com\/portal\/wp-content\/uploads\/2018\/02\/1-18.jpg","width":1100,"height":680},{"@type":"BreadcrumbList","@id":"https:\/\/webdelmaestrocmf.com\/portal\/rosy-cisneros-neuroeducador-del-aprendizaje-una-fiesta\/#breadcrumb","itemListElement":[{"@type":"ListItem","position":1,"name":"Portada","item":"https:\/\/webdelmaestrocmf.com\/portal\/"},{"@type":"ListItem","position":2,"name":"Z-Colaboradores","item":"https:\/\/webdelmaestrocmf.com\/portal\/category\/colaborador\/"},{"@type":"ListItem","position":3,"name":"[Rosy Cisneros] El neuroeducador hace del aprendizaje una fiesta"}]},{"@type":"WebSite","@id":"https:\/\/webdelmaestrocmf.com\/portal\/#website","url":"https:\/\/webdelmaestrocmf.com\/portal\/","name":"Web del Maestro CMF","description":"Maestros al servicio de la educaci\u00f3n","publisher":{"@id":"https:\/\/webdelmaestrocmf.com\/portal\/#organization"},"alternateName":"WMCMF","potentialAction":[{"@type":"SearchAction","target":{"@type":"EntryPoint","urlTemplate":"https:\/\/webdelmaestrocmf.com\/portal\/?s={search_term_string}"},"query-input":{"@type":"PropertyValueSpecification","valueRequired":true,"valueName":"search_term_string"}}],"inLanguage":"es"},{"@type":"Organization","@id":"https:\/\/webdelmaestrocmf.com\/portal\/#organization","name":"Web del Maestro CMF","alternateName":"WMCMF","url":"https:\/\/webdelmaestrocmf.com\/portal\/","logo":{"@type":"ImageObject","inLanguage":"es","@id":"https:\/\/webdelmaestrocmf.com\/portal\/#\/schema\/logo\/image\/","url":"https:\/\/webdelmaestrocmf.com\/portal\/wp-content\/uploads\/2023\/01\/logo-wmcmf-2.png","contentUrl":"https:\/\/webdelmaestrocmf.com\/portal\/wp-content\/uploads\/2023\/01\/logo-wmcmf-2.png","width":200,"height":60,"caption":"Web del Maestro CMF"},"image":{"@id":"https:\/\/webdelmaestrocmf.com\/portal\/#\/schema\/logo\/image\/"},"sameAs":["https:\/\/www.facebook.com\/WebdelMaestroCMF\/","https:\/\/x.com\/cmf_w","https:\/\/www.pinterest.com\/WMCMF\/","https:\/\/www.linkedin.com\/company\/web-del-maestro-cmf\/","https:\/\/www.instagram.com\/wmcmf\/","https:\/\/www.youtube.com\/channel\/UCDPSvjbdodE5sHnC3OxutHw","https:\/\/mastodon.social\/@wmcmf","https:\/\/www.tiktok.com\/@webdelmaestrocmf"]},{"@type":"Person","@id":"https:\/\/webdelmaestrocmf.com\/portal\/#\/schema\/person\/1072a2ed7bd960df8ef99a551fa35dc5","name":"Web del Maestro CMF","image":{"@type":"ImageObject","inLanguage":"es","@id":"https:\/\/secure.gravatar.com\/avatar\/23291dd5b5ae1077dcff3dbb04c3e02bd28403fa75af6d8787d5e97c5bbbe30b?s=96&d=mm&r=g","url":"https:\/\/secure.gravatar.com\/avatar\/23291dd5b5ae1077dcff3dbb04c3e02bd28403fa75af6d8787d5e97c5bbbe30b?s=96&d=mm&r=g","contentUrl":"https:\/\/secure.gravatar.com\/avatar\/23291dd5b5ae1077dcff3dbb04c3e02bd28403fa75af6d8787d5e97c5bbbe30b?s=96&d=mm&r=g","caption":"Web del Maestro CMF"},"description":"Esta Web se cre\u00f3 sin fines de lucro, con fines educativos, cient\u00edficos y acad\u00e9micos, para personas que tengan dificultades y\/o inconvenientes en visualizar el material original. El objetivo es entregar recursos, compartir experiencias y materiales que ayuden a los padres de familia, maestros y estudiantes en su actualizaci\u00f3n y formaci\u00f3n permanente, en bien de la Educaci\u00f3n.","sameAs":["http:\/\/webdelmaestrocmf.com\/portal","https:\/\/www.facebook.com\/WebdelMaestroCMF\/","https:\/\/www.instagram.com\/wmcmf\/","https:\/\/cl.linkedin.com\/company\/web-del-maestro-cmf","https:\/\/www.pinterest.com\/WMCMF\/publicaciones\/","https:\/\/x.com\/cmf_w","https:\/\/www.youtube.com\/@WMCMF"]}]}},"jetpack_featured_media_url":"https:\/\/webdelmaestrocmf.com\/portal\/wp-content\/uploads\/2018\/02\/1-18.jpg","jetpack_sharing_enabled":true,"jetpack-related-posts":[{"id":20235,"url":"https:\/\/webdelmaestrocmf.com\/portal\/rosy-cisneros-blancas-cambios-significativos-aplicando-la-neuroeducacion\/","url_meta":{"origin":26683,"position":0},"title":"[Rosy Cisneros] Certificaci\u00f3n como neuroeducadores","author":"Web del Maestro CMF","date":"6 julio, 2017","format":false,"excerpt":"La primera vez que escuch\u00e9 la palabra \u201cNeuroeducaci\u00f3n\u201d,\u00a0 fue en un congreso de Pedagog\u00eda 3000 en Argentina. Nunca imagin\u00e9 que las emociones de miedo, intriga y entusiasmo\u00a0 que sent\u00ed ese d\u00eda,\u00a0 iban a ser el motor de mi b\u00fasqueda para mejorar los procesos de los docentes. El compromiso fue tal,\u2026","rel":"","context":"En \u00abZ-Colaboradores\u00bb","block_context":{"text":"Z-Colaboradores","link":"https:\/\/webdelmaestrocmf.com\/portal\/category\/colaborador\/"},"img":{"alt_text":"","src":"https:\/\/i0.wp.com\/webdelmaestrocmf.com\/portal\/wp-content\/uploads\/2017\/07\/Neurociencia.jpg?resize=350%2C200&ssl=1","width":350,"height":200,"srcset":"https:\/\/i0.wp.com\/webdelmaestrocmf.com\/portal\/wp-content\/uploads\/2017\/07\/Neurociencia.jpg?resize=350%2C200&ssl=1 1x, https:\/\/i0.wp.com\/webdelmaestrocmf.com\/portal\/wp-content\/uploads\/2017\/07\/Neurociencia.jpg?resize=525%2C300&ssl=1 1.5x, https:\/\/i0.wp.com\/webdelmaestrocmf.com\/portal\/wp-content\/uploads\/2017\/07\/Neurociencia.jpg?resize=700%2C400&ssl=1 2x"},"classes":[]},{"id":40270,"url":"https:\/\/webdelmaestrocmf.com\/portal\/rosy-cisneros-dejas-huellas-o-cicatrices\/","url_meta":{"origin":26683,"position":1},"title":"[Rosy Cisneros] Dejas huellas o cicatrices","author":"Web del Maestro CMF","date":"12 septiembre, 2019","format":false,"excerpt":"Quienes somos maestros, sabemos que estar en un grupo es nuestra pasi\u00f3n. Esa adrenalina que fluye por tus venas cuando el primer d\u00eda de clases conoces a las almas que estar\u00e1n contigo por todo un ciclo. Cada alumno, con su mundo interior, con sus miedos y seguridades, sus fortalezas y\u2026","rel":"","context":"En \u00abZ-Colaboradores\u00bb","block_context":{"text":"Z-Colaboradores","link":"https:\/\/webdelmaestrocmf.com\/portal\/category\/colaborador\/"},"img":{"alt_text":"","src":"https:\/\/i0.wp.com\/webdelmaestrocmf.com\/portal\/wp-content\/uploads\/2019\/09\/1-28.jpg?resize=350%2C200&ssl=1","width":350,"height":200,"srcset":"https:\/\/i0.wp.com\/webdelmaestrocmf.com\/portal\/wp-content\/uploads\/2019\/09\/1-28.jpg?resize=350%2C200&ssl=1 1x, https:\/\/i0.wp.com\/webdelmaestrocmf.com\/portal\/wp-content\/uploads\/2019\/09\/1-28.jpg?resize=525%2C300&ssl=1 1.5x, https:\/\/i0.wp.com\/webdelmaestrocmf.com\/portal\/wp-content\/uploads\/2019\/09\/1-28.jpg?resize=700%2C400&ssl=1 2x, https:\/\/i0.wp.com\/webdelmaestrocmf.com\/portal\/wp-content\/uploads\/2019\/09\/1-28.jpg?resize=1050%2C600&ssl=1 3x"},"classes":[]},{"id":47106,"url":"https:\/\/webdelmaestrocmf.com\/portal\/rosy-cisneros-trabajemos-para-que-esta-crisis-valga-la-pena\/","url_meta":{"origin":26683,"position":2},"title":"[Rosy Cisneros] Trabajemos para que esta crisis valga la pena","author":"Web del Maestro CMF","date":"11 mayo, 2020","format":false,"excerpt":"Todos los maestros ya sab\u00edamos que las TIC estaban empujando la educaci\u00f3n hacia una nueva dimensi\u00f3n. Son herramientas muy importantes, pero nunca imaginamos que las ten\u00edamos que aprender a usar de un d\u00eda para otro. Esto nos ha llevado a trabajar m\u00e1s tiempo, con estr\u00e9s y sensaci\u00f3n de que tal\u2026","rel":"","context":"En \u00abZ-Colaboradores\u00bb","block_context":{"text":"Z-Colaboradores","link":"https:\/\/webdelmaestrocmf.com\/portal\/category\/colaborador\/"},"img":{"alt_text":"","src":"https:\/\/i0.wp.com\/webdelmaestrocmf.com\/portal\/wp-content\/uploads\/2020\/05\/1a-8.jpg?resize=350%2C200&ssl=1","width":350,"height":200,"srcset":"https:\/\/i0.wp.com\/webdelmaestrocmf.com\/portal\/wp-content\/uploads\/2020\/05\/1a-8.jpg?resize=350%2C200&ssl=1 1x, https:\/\/i0.wp.com\/webdelmaestrocmf.com\/portal\/wp-content\/uploads\/2020\/05\/1a-8.jpg?resize=525%2C300&ssl=1 1.5x, https:\/\/i0.wp.com\/webdelmaestrocmf.com\/portal\/wp-content\/uploads\/2020\/05\/1a-8.jpg?resize=700%2C400&ssl=1 2x, https:\/\/i0.wp.com\/webdelmaestrocmf.com\/portal\/wp-content\/uploads\/2020\/05\/1a-8.jpg?resize=1050%2C600&ssl=1 3x"},"classes":[]},{"id":47405,"url":"https:\/\/webdelmaestrocmf.com\/portal\/rosy-cisneros-la-creatividad-es-como-un-musculo\/","url_meta":{"origin":26683,"position":3},"title":"[Rosy Cisneros] La creatividad es como un m\u00fasculo","author":"Web del Maestro CMF","date":"27 mayo, 2020","format":false,"excerpt":"Hace algunos d\u00edas, sal\u00ed a comprar v\u00edveres y empez\u00f3 a llover; las gotas ca\u00eda copiosamente y sent\u00ed tanta gratitud al prender el limpia parabrisas posterior para poder ver a trav\u00e9s de ese diluvio. Lo que record\u00e9 en ese momento fue un pasaje de mi infancia, justo ve\u00eda caer la lluvia\u2026","rel":"","context":"En \u00abZ-Colaboradores\u00bb","block_context":{"text":"Z-Colaboradores","link":"https:\/\/webdelmaestrocmf.com\/portal\/category\/colaborador\/"},"img":{"alt_text":"","src":"https:\/\/i0.wp.com\/webdelmaestrocmf.com\/portal\/wp-content\/uploads\/2020\/05\/1-34.jpg?resize=350%2C200&ssl=1","width":350,"height":200,"srcset":"https:\/\/i0.wp.com\/webdelmaestrocmf.com\/portal\/wp-content\/uploads\/2020\/05\/1-34.jpg?resize=350%2C200&ssl=1 1x, https:\/\/i0.wp.com\/webdelmaestrocmf.com\/portal\/wp-content\/uploads\/2020\/05\/1-34.jpg?resize=525%2C300&ssl=1 1.5x, https:\/\/i0.wp.com\/webdelmaestrocmf.com\/portal\/wp-content\/uploads\/2020\/05\/1-34.jpg?resize=700%2C400&ssl=1 2x, https:\/\/i0.wp.com\/webdelmaestrocmf.com\/portal\/wp-content\/uploads\/2020\/05\/1-34.jpg?resize=1050%2C600&ssl=1 3x"},"classes":[]},{"id":26677,"url":"https:\/\/webdelmaestrocmf.com\/portal\/rosy-cisneros-7-estrategias-integrar-alumnos-presentan-condiciones-especiales-salon-clases-la-escuela\/","url_meta":{"origin":26683,"position":4},"title":"[Rosy Cisneros] 7 estrategias para integrar alumnos que presentan condiciones especiales en el sal\u00f3n de clases y en la escuela","author":"Web del Maestro CMF","date":"26 febrero, 2018","format":false,"excerpt":"Muchas veces como maestros no sabemos manejar el proceso que deben llevar los alumnos para aceptar a ni\u00f1os que presentan diferentes situaciones especiales entre las cuales\u00a0 podr\u00edan ser ni\u00f1os con alguna discapacidad f\u00edsica, con alguna situaci\u00f3n social especial Si no tomamos en cuenta esta necesidad de crear un ambiente seguro\u2026","rel":"","context":"En \u00abZ-Colaboradores\u00bb","block_context":{"text":"Z-Colaboradores","link":"https:\/\/webdelmaestrocmf.com\/portal\/category\/colaborador\/"},"img":{"alt_text":"","src":"https:\/\/i0.wp.com\/webdelmaestrocmf.com\/portal\/wp-content\/uploads\/2018\/02\/1-16.jpg?resize=350%2C200&ssl=1","width":350,"height":200,"srcset":"https:\/\/i0.wp.com\/webdelmaestrocmf.com\/portal\/wp-content\/uploads\/2018\/02\/1-16.jpg?resize=350%2C200&ssl=1 1x, https:\/\/i0.wp.com\/webdelmaestrocmf.com\/portal\/wp-content\/uploads\/2018\/02\/1-16.jpg?resize=525%2C300&ssl=1 1.5x, https:\/\/i0.wp.com\/webdelmaestrocmf.com\/portal\/wp-content\/uploads\/2018\/02\/1-16.jpg?resize=700%2C400&ssl=1 2x, https:\/\/i0.wp.com\/webdelmaestrocmf.com\/portal\/wp-content\/uploads\/2018\/02\/1-16.jpg?resize=1050%2C600&ssl=1 3x"},"classes":[]},{"id":40695,"url":"https:\/\/webdelmaestrocmf.com\/portal\/rosy-cisneros-y-ahora-te-comparto-que-hemos-hecho-cuando-nos-enfrentamos-a-un-grupo-indisciplinado\/","url_meta":{"origin":26683,"position":5},"title":"[Rosy Cisneros] Y ahora te comparto: \u00bfQu\u00e9 hemos hecho cuando nos enfrentamos a un grupo indisciplinado?","author":"Web del Maestro CMF","date":"18 septiembre, 2019","format":false,"excerpt":"A lo largo de mis m\u00e1s de 35 a\u00f1os de maestra y directora, son muchas las historias que te podr\u00eda platicar de estos grupos que nos \u201csacan canas verdes\u201d como dec\u00eda la abuela. Salones ruidosos, que cuando m\u00e1s gritas, m\u00e1s conflictivos se vuelven; alumnos sin la menor intenci\u00f3n de poner\u2026","rel":"","context":"En \u00abZ-Colaboradores\u00bb","block_context":{"text":"Z-Colaboradores","link":"https:\/\/webdelmaestrocmf.com\/portal\/category\/colaborador\/"},"img":{"alt_text":"","src":"https:\/\/i0.wp.com\/webdelmaestrocmf.com\/portal\/wp-content\/uploads\/2019\/09\/2-14.jpg?resize=350%2C200&ssl=1","width":350,"height":200,"srcset":"https:\/\/i0.wp.com\/webdelmaestrocmf.com\/portal\/wp-content\/uploads\/2019\/09\/2-14.jpg?resize=350%2C200&ssl=1 1x, https:\/\/i0.wp.com\/webdelmaestrocmf.com\/portal\/wp-content\/uploads\/2019\/09\/2-14.jpg?resize=525%2C300&ssl=1 1.5x, https:\/\/i0.wp.com\/webdelmaestrocmf.com\/portal\/wp-content\/uploads\/2019\/09\/2-14.jpg?resize=700%2C400&ssl=1 2x, https:\/\/i0.wp.com\/webdelmaestrocmf.com\/portal\/wp-content\/uploads\/2019\/09\/2-14.jpg?resize=1050%2C600&ssl=1 3x"},"classes":[]}],"_links":{"self":[{"href":"https:\/\/webdelmaestrocmf.com\/portal\/wp-json\/wp\/v2\/posts\/26683","targetHints":{"allow":["GET"]}}],"collection":[{"href":"https:\/\/webdelmaestrocmf.com\/portal\/wp-json\/wp\/v2\/posts"}],"about":[{"href":"https:\/\/webdelmaestrocmf.com\/portal\/wp-json\/wp\/v2\/types\/post"}],"author":[{"embeddable":true,"href":"https:\/\/webdelmaestrocmf.com\/portal\/wp-json\/wp\/v2\/users\/1"}],"replies":[{"embeddable":true,"href":"https:\/\/webdelmaestrocmf.com\/portal\/wp-json\/wp\/v2\/comments?post=26683"}],"version-history":[{"count":0,"href":"https:\/\/webdelmaestrocmf.com\/portal\/wp-json\/wp\/v2\/posts\/26683\/revisions"}],"wp:featuredmedia":[{"embeddable":true,"href":"https:\/\/webdelmaestrocmf.com\/portal\/wp-json\/wp\/v2\/media\/26686"}],"wp:attachment":[{"href":"https:\/\/webdelmaestrocmf.com\/portal\/wp-json\/wp\/v2\/media?parent=26683"}],"wp:term":[{"taxonomy":"category","embeddable":true,"href":"https:\/\/webdelmaestrocmf.com\/portal\/wp-json\/wp\/v2\/categories?post=26683"},{"taxonomy":"post_tag","embeddable":true,"href":"https:\/\/webdelmaestrocmf.com\/portal\/wp-json\/wp\/v2\/tags?post=26683"}],"curies":[{"name":"wp","href":"https:\/\/api.w.org\/{rel}","templated":true}]}}