{"id":26113,"date":"2018-01-29T13:39:14","date_gmt":"2018-01-29T16:39:14","guid":{"rendered":"http:\/\/webdelmaestrocmf.com\/portal\/?p=26113"},"modified":"2020-07-15T19:20:23","modified_gmt":"2020-07-15T23:20:23","slug":"los-aprendizajes-clave","status":"publish","type":"post","link":"https:\/\/webdelmaestrocmf.com\/portal\/los-aprendizajes-clave\/","title":{"rendered":"\u00bfQu\u00e9 son los aprendizajes clave?"},"content":{"rendered":"<h5 style=\"text-align: justify;\">Un aprendizaje clave es un conjunto de conocimientos, pr\u00e1cticas, habilidades, actitudes y valores fundamentales que contribuyen sustancialmente al crecimiento integral del estudiante, los cuales se desarrollan espec\u00edficamente en la escuela y que, de no ser aprendidos, dejar\u00edan carencias dif\u00edciles de compensar en aspectos cruciales para su vida.<\/h5>\n<p><!--more--><\/p>\n<h5 style=\"text-align: justify;\">El logro de aprendizajes clave posibilita que la persona desarrolle un proyecto de vida y disminuye el riesgo de que sea excluida socialmente. En contraste, hay otros aprendizajes que, aunque contribuyan positivamente al desarrollo de la persona, pueden lograrse con posterioridad a la educaci\u00f3n b\u00e1sica o por v\u00edas distintas a las escolares.<\/h5>\n<p style=\"text-align: justify;\">Con base en esta definici\u00f3n y en las ideas desarrolladas en los apartados anteriores, este\u00a0<em>Plan<\/em>\u00a0plantea la organizaci\u00f3n de los contenidos program\u00e1ticos en tres componentes curriculares: Campos de Formaci\u00f3n Acad\u00e9mica; \u00c1reas de Desarrollo Personal y Social; y \u00c1mbitos de la Autonom\u00eda Curricular, a los que, en conjunto, se denomina\u00a0<em>Aprendizajes clave para la educaci\u00f3n integral<\/em>\u00a0y que se desglosan enseguida.<\/p>\n<h5 class=\"panel-title\"><strong>Campos de Formaci\u00f3n Acad\u00e9mica<\/strong><\/h5>\n<p style=\"text-align: justify;\">Este componente de observancia nacional est\u00e1 organizado en tres campos: Lenguaje y Comunicaci\u00f3n, Pensamiento Matem\u00e1tico y Exploraci\u00f3n y Comprensi\u00f3n del Mundo Natural y Social. Cada campo se organiza a su vez en asignaturas. Los tres Campos de Formaci\u00f3n Acad\u00e9mica aportan especialmente al desarrollo de la capacidad de aprender a aprender del alumno.<\/p>\n<h5><strong>\u00c1reas de Desarrollo Personal y Social<\/strong><\/h5>\n<p style=\"text-align: justify;\">Para que el alumno de educaci\u00f3n b\u00e1sica logre una formaci\u00f3n integral, la formaci\u00f3n acad\u00e9mica debe complementarse con el desarrollo de otras capacidades humanas. La escuela debe brindar oportunidades para que los estudiantes desarrollen su creatividad, la apreciaci\u00f3n y la expresi\u00f3n art\u00edsticas, ejerciten su cuerpo y lo mantengan saludable, y aprendan a reconocer y manejar sus emociones. Este componente curricular tambi\u00e9n es de observancia nacional y se organiza en tres \u00c1reas de Desarrollo: Artes, Educaci\u00f3n Socioemocional y Educaci\u00f3n F\u00edsica. Estas tres \u00e1reas no deben recibir el tratamiento de asignaturas. Requieren enfoques pedag\u00f3gicos espec\u00edficos y estrategias para evaluar los logros de los alumnos, distintas de las empleadas para valorar el desempe\u00f1o en los Campos de Formaci\u00f3n Acad\u00e9mica del primer componente. Las tres \u00e1reas aportan al desarrollo integral del educando y, especialmente, al desarrollo de las capacidades de aprender a ser y aprender a convivir.<\/p>\n<h5 class=\"panel-title\"><strong>\u00c1mbitos de la Autonom\u00eda Curricular<\/strong><\/h5>\n<p style=\"text-align: justify;\">La raz\u00f3n para estructurar el curr\u00edculo en tres componentes responde tanto a la naturaleza diferenciada de los aprendizajes propuestos en cada componente como a la especificidad de la gesti\u00f3n de cada espacio curricular. Es preciso hacer notar que la denominaci\u00f3n de los dos primeros se refiere al tipo de contenidos que cada uno abarca, mientras que el tercero se refiere espec\u00edficamente a las decisiones de gesti\u00f3n sobre los contenidos de ese componente. Si bien cada componente cuenta con espacios curriculares y tiempos lectivos espec\u00edficos, los tres interact\u00faan para formar integralmente al educando, como lo muestra el siguiente diagrama.<\/p>\n<p><iframe loading=\"lazy\" src=\"https:\/\/www.youtube.com\/embed\/gzJ_wFsDeME\" width=\"100%\" height=\"400\" frameborder=\"0\" allowfullscreen=\"allowfullscreen\"><span data-mce-type=\"bookmark\" style=\"display: inline-block; width: 0px; overflow: hidden; line-height: 0;\" class=\"mce_SELRES_start\">\ufeff<\/span><span data-mce-type=\"bookmark\" style=\"display: inline-block; width: 0px; overflow: hidden; line-height: 0;\" class=\"mce_SELRES_start\">\ufeff<\/span><\/iframe><\/p>\n<p><img loading=\"lazy\" decoding=\"async\" class=\"alignnone wp-image-49129 \" src=\"https:\/\/webdelmaestrocmf.com\/portal\/wp-content\/uploads\/2018\/01\/2-14.jpg\" alt=\"\" width=\"709\" height=\"709\" srcset=\"https:\/\/webdelmaestrocmf.com\/portal\/wp-content\/uploads\/2018\/01\/2-14.jpg 700w, https:\/\/webdelmaestrocmf.com\/portal\/wp-content\/uploads\/2018\/01\/2-14-300x300.jpg 300w, https:\/\/webdelmaestrocmf.com\/portal\/wp-content\/uploads\/2018\/01\/2-14-150x150.jpg 150w, https:\/\/webdelmaestrocmf.com\/portal\/wp-content\/uploads\/2018\/01\/2-14-80x80.jpg 80w, https:\/\/webdelmaestrocmf.com\/portal\/wp-content\/uploads\/2018\/01\/2-14-110x110.jpg 110w, https:\/\/webdelmaestrocmf.com\/portal\/wp-content\/uploads\/2018\/01\/2-14-200x200.jpg 200w, https:\/\/webdelmaestrocmf.com\/portal\/wp-content\/uploads\/2018\/01\/2-14-380x380.jpg 380w, https:\/\/webdelmaestrocmf.com\/portal\/wp-content\/uploads\/2018\/01\/2-14-255x255.jpg 255w, https:\/\/webdelmaestrocmf.com\/portal\/wp-content\/uploads\/2018\/01\/2-14-550x550.jpg 550w\" sizes=\"auto, (max-width: 709px) 100vw, 709px\" \/><\/p>\n<p align=\"center\"><em><strong>Componentes curriculares<\/strong><\/em><\/p>\n<p style=\"text-align: justify;\">El diagrama anterior, \u201cComponentes curriculares\u201d, representa en un esquema integrador los tres componentes curriculares y permite visualizar de manera gr\u00e1fica la articulaci\u00f3n del curr\u00edculo. Los tres son igualmente importantes y ning\u00fan componente debe tener primac\u00eda sobre los otros dos.<\/p>\n<p style=\"text-align: justify;\">El CTE ofrece un espacio importante para que los docentes de los tres componentes curriculares compartan en ese espacio colegiado sus objetivos, los analicen y los alineen.<\/p>\n<p><strong>Este contenido ha sido publicado originalmente por GOB.MX en la siguiente direcci\u00f3n:\u00a0<a href=\"https:\/\/www.gob.mx\/\" target=\"_blank\" rel=\"noopener noreferrer\">gob.mx<\/a><\/strong><\/p>\n\t\t<div class=\"pk-inline-posts\">\n\t\t\t\n\t\t\t<div class=\"pk-inline-posts-container pk-inline-posts-template-list\"\n\t\t\t\tdata-columns=\"1\">\n\t\t\t\t\t\t<article id=\"post-95717\" class=\"post-95717 post type-post status-publish format-video has-post-thumbnail category-charlas tag-aprendamos-juntos tag-aprendemos-juntos-2030 tag-aprender tag-aprendizaje tag-bbva tag-calificacion-por-notas tag-cerebro tag-compresion tag-descanso tag-dislexia tag-dormir tag-entrevista tag-error tag-escritura tag-fonologia tag-lectura tag-lenguaje-oral tag-matematica tag-memoria tag-neurociencia tag-neurona tag-para-sumar-por-la-educacion tag-pensamiento tag-sinapsis tag-stanislas-dehaene tag-sueno tag-tecnologia tag-videos post_format-post-format-video cs-entry cs-video-wrap\">\n\t\t\t<div class=\"pk-post-outer\">\n\n\t\t\t\t\t\t\t\t<div class=\"pk-post-inner\">\n\t\t\t\t\t<div class=\"entry-thumbnail\">\n\t\t\t\t\t\t<div class=\"pk-overlay pk-overlay-ratio pk-ratio-landscape\">\n\t\t\t\t\t\t\t<div class=\"pk-overlay-background\">\n\t\t\t\t\t\t\t\t<a href=\"https:\/\/webdelmaestrocmf.com\/portal\/stanislas-dehaene-el-mayor-talento-de-un-profesor-es-ser-capaz-de-dirigir-la-atencion-del-alumno-hacia-el-nivel-correcto\/\" class=\"pk-overlay-link\">\n\t\t\t\t\t\t\t\t\t<img loading=\"lazy\" decoding=\"async\" width=\"300\" height=\"225\" src=\"https:\/\/webdelmaestrocmf.com\/portal\/wp-content\/uploads\/2024\/02\/1AA-Banner-1-portada-imagen-10-1-copia-300x225.webp\" class=\"attachment-pk-thumbnail size-pk-thumbnail wp-post-image\" alt=\"\" \/>\t\t\t\t\t\t\t\t<\/a>\n\t\t\t\t\t\t\t<\/div>\n\t\t\t\t\t\t<\/div>\n\t\t\t\t\t<\/div>\n\t\t\t\t<\/div>\n\t\t\t\t\n\t\t\t\t<div class=\"pk-post-inner\">\n\t\t\t\t\t<header>\n\t\t\t\t\t\t<h3 class=\"pk-title\"><a href=\"https:\/\/webdelmaestrocmf.com\/portal\/stanislas-dehaene-el-mayor-talento-de-un-profesor-es-ser-capaz-de-dirigir-la-atencion-del-alumno-hacia-el-nivel-correcto\/\" rel=\"bookmark\">Stanislas Dehaene: El mayor talento de un profesor es ser capaz de dirigir la atenci\u00f3n del alumno, hacia el nivel correcto<\/a><\/h3>\t\t\t\t\t<\/header><!-- .entry-header -->\n\t\t\t\t<\/div><!-- .post-inner -->\n\n\t\t\t<\/div><!-- .post-outer -->\n\t\t<\/article>\n\t\t\t\t<\/div>\n\t\t<\/div>\n\t\t\n","protected":false},"excerpt":{"rendered":"Un aprendizaje clave es un conjunto de conocimientos, pr\u00e1cticas, habilidades, actitudes y valores fundamentales que contribuyen sustancialmente al&hellip;","protected":false},"author":1,"featured_media":49127,"comment_status":"open","ping_status":"closed","sticky":false,"template":"","format":"video","meta":{"csco_display_header_overlay":false,"csco_singular_sidebar":"default","csco_page_header_type":"default","csco_page_load_nextpost":"default","csco_post_video_location":[],"csco_post_video_location_hash":"","csco_post_video_url":"","csco_post_video_bg_start_time":0,"csco_post_video_bg_end_time":0,"csco_post_video_bg_volume":false,"_jetpack_memberships_contains_paid_content":false,"footnotes":""},"categories":[424,453],"tags":[2295,1788,3338,275,3339,773,333,915,552],"class_list":{"0":"post-26113","1":"post","2":"type-post","3":"status-publish","4":"format-video","5":"has-post-thumbnail","7":"category-video","8":"category-educacion-y-pedagogia","9":"tag-academica","10":"tag-aprendizajes","11":"tag-autonomia","12":"tag-clave","13":"tag-curricular","14":"tag-desarrollo","15":"tag-formacion","16":"tag-personal","17":"tag-social","18":"post_format-post-format-video","19":"cs-entry","20":"cs-video-wrap"},"yoast_head":"<!-- This site is optimized with the Yoast SEO plugin v27.4 - https:\/\/yoast.com\/product\/yoast-seo-wordpress\/ -->\n<title>\u00bfQu\u00e9 son los aprendizajes clave?<\/title>\n<meta name=\"description\" content=\"Un aprendizaje clave es un conjunto de conocimientos, pr\u00e1cticas, habilidades, actitudes y valores fundamentales que contribuyen sustancialmente...\" \/>\n<meta name=\"robots\" content=\"index, follow, max-snippet:-1, max-image-preview:large, max-video-preview:-1\" \/>\n<link rel=\"canonical\" href=\"https:\/\/webdelmaestrocmf.com\/portal\/los-aprendizajes-clave\/\" \/>\n<meta property=\"og:locale\" content=\"es_ES\" \/>\n<meta property=\"og:type\" content=\"article\" \/>\n<meta property=\"og:title\" content=\"\u00bfQu\u00e9 son los aprendizajes clave?\" \/>\n<meta property=\"og:description\" content=\"Un aprendizaje clave es un conjunto de conocimientos, pr\u00e1cticas, habilidades, actitudes y valores fundamentales que contribuyen sustancialmente...\" \/>\n<meta property=\"og:url\" content=\"https:\/\/webdelmaestrocmf.com\/portal\/los-aprendizajes-clave\/\" \/>\n<meta property=\"og:site_name\" content=\"Web del Maestro CMF\" \/>\n<meta property=\"article:publisher\" content=\"https:\/\/www.facebook.com\/WebdelMaestroCMF\/\" \/>\n<meta property=\"article:author\" content=\"https:\/\/www.facebook.com\/WebdelMaestroCMF\/\" \/>\n<meta property=\"article:published_time\" content=\"2018-01-29T16:39:14+00:00\" \/>\n<meta property=\"article:modified_time\" content=\"2020-07-15T23:20:23+00:00\" \/>\n<meta property=\"og:image\" content=\"https:\/\/i0.wp.com\/webdelmaestrocmf.com\/portal\/wp-content\/uploads\/2018\/01\/1-84.jpg?fit=1100%2C680&ssl=1\" \/>\n\t<meta property=\"og:image:width\" content=\"1100\" \/>\n\t<meta property=\"og:image:height\" content=\"680\" \/>\n\t<meta property=\"og:image:type\" content=\"image\/jpeg\" \/>\n<meta name=\"author\" content=\"Web del Maestro CMF\" \/>\n<meta name=\"twitter:card\" content=\"summary_large_image\" \/>\n<meta name=\"twitter:creator\" content=\"@cmf_w\" \/>\n<meta name=\"twitter:site\" content=\"@cmf_w\" \/>\n<meta name=\"twitter:label1\" content=\"Escrito por\" \/>\n\t<meta name=\"twitter:data1\" content=\"Web del Maestro CMF\" \/>\n\t<meta name=\"twitter:label2\" content=\"Tiempo de lectura\" \/>\n\t<meta name=\"twitter:data2\" content=\"3 minutos\" \/>\n<script type=\"application\/ld+json\" class=\"yoast-schema-graph\">{\"@context\":\"https:\\\/\\\/schema.org\",\"@graph\":[{\"@type\":\"ScholarlyArticle\",\"@id\":\"https:\\\/\\\/webdelmaestrocmf.com\\\/portal\\\/los-aprendizajes-clave\\\/#article\",\"isPartOf\":{\"@id\":\"https:\\\/\\\/webdelmaestrocmf.com\\\/portal\\\/los-aprendizajes-clave\\\/\"},\"author\":{\"name\":\"Web del Maestro CMF\",\"@id\":\"https:\\\/\\\/webdelmaestrocmf.com\\\/portal\\\/#\\\/schema\\\/person\\\/1072a2ed7bd960df8ef99a551fa35dc5\"},\"headline\":\"\u00bfQu\u00e9 son los aprendizajes clave?\",\"datePublished\":\"2018-01-29T16:39:14+00:00\",\"dateModified\":\"2020-07-15T23:20:23+00:00\",\"mainEntityOfPage\":{\"@id\":\"https:\\\/\\\/webdelmaestrocmf.com\\\/portal\\\/los-aprendizajes-clave\\\/\"},\"wordCount\":611,\"commentCount\":0,\"publisher\":{\"@id\":\"https:\\\/\\\/webdelmaestrocmf.com\\\/portal\\\/#organization\"},\"image\":{\"@id\":\"https:\\\/\\\/webdelmaestrocmf.com\\\/portal\\\/los-aprendizajes-clave\\\/#primaryimage\"},\"thumbnailUrl\":\"https:\\\/\\\/webdelmaestrocmf.com\\\/portal\\\/wp-content\\\/uploads\\\/2018\\\/01\\\/1-84.jpg\",\"keywords\":[\"ACAD\u00c9MICA\",\"APRENDIZAJES\",\"AUTONOM\u00cdA\",\"CLAVE\",\"CURRICULAR\",\"desarrollo\",\"FORMACI\u00d3N\",\"personal\",\"SOCIAL\"],\"articleSection\":[\"Video I\",\"Videos II\"],\"inLanguage\":\"es\",\"potentialAction\":[{\"@type\":\"CommentAction\",\"name\":\"Comment\",\"target\":[\"https:\\\/\\\/webdelmaestrocmf.com\\\/portal\\\/los-aprendizajes-clave\\\/#respond\"]}]},{\"@type\":\"WebPage\",\"@id\":\"https:\\\/\\\/webdelmaestrocmf.com\\\/portal\\\/los-aprendizajes-clave\\\/\",\"url\":\"https:\\\/\\\/webdelmaestrocmf.com\\\/portal\\\/los-aprendizajes-clave\\\/\",\"name\":\"\u00bfQu\u00e9 son los aprendizajes clave?\",\"isPartOf\":{\"@id\":\"https:\\\/\\\/webdelmaestrocmf.com\\\/portal\\\/#website\"},\"primaryImageOfPage\":{\"@id\":\"https:\\\/\\\/webdelmaestrocmf.com\\\/portal\\\/los-aprendizajes-clave\\\/#primaryimage\"},\"image\":{\"@id\":\"https:\\\/\\\/webdelmaestrocmf.com\\\/portal\\\/los-aprendizajes-clave\\\/#primaryimage\"},\"thumbnailUrl\":\"https:\\\/\\\/webdelmaestrocmf.com\\\/portal\\\/wp-content\\\/uploads\\\/2018\\\/01\\\/1-84.jpg\",\"datePublished\":\"2018-01-29T16:39:14+00:00\",\"dateModified\":\"2020-07-15T23:20:23+00:00\",\"description\":\"Un aprendizaje clave es un conjunto de conocimientos, pr\u00e1cticas, habilidades, actitudes y valores fundamentales que contribuyen sustancialmente...\",\"breadcrumb\":{\"@id\":\"https:\\\/\\\/webdelmaestrocmf.com\\\/portal\\\/los-aprendizajes-clave\\\/#breadcrumb\"},\"inLanguage\":\"es\",\"potentialAction\":[{\"@type\":\"ReadAction\",\"target\":[\"https:\\\/\\\/webdelmaestrocmf.com\\\/portal\\\/los-aprendizajes-clave\\\/\"]}]},{\"@type\":\"ImageObject\",\"inLanguage\":\"es\",\"@id\":\"https:\\\/\\\/webdelmaestrocmf.com\\\/portal\\\/los-aprendizajes-clave\\\/#primaryimage\",\"url\":\"https:\\\/\\\/webdelmaestrocmf.com\\\/portal\\\/wp-content\\\/uploads\\\/2018\\\/01\\\/1-84.jpg\",\"contentUrl\":\"https:\\\/\\\/webdelmaestrocmf.com\\\/portal\\\/wp-content\\\/uploads\\\/2018\\\/01\\\/1-84.jpg\",\"width\":1100,\"height\":680},{\"@type\":\"BreadcrumbList\",\"@id\":\"https:\\\/\\\/webdelmaestrocmf.com\\\/portal\\\/los-aprendizajes-clave\\\/#breadcrumb\",\"itemListElement\":[{\"@type\":\"ListItem\",\"position\":1,\"name\":\"Portada\",\"item\":\"https:\\\/\\\/webdelmaestrocmf.com\\\/portal\\\/\"},{\"@type\":\"ListItem\",\"position\":2,\"name\":\"Video I\",\"item\":\"https:\\\/\\\/webdelmaestrocmf.com\\\/portal\\\/category\\\/video\\\/\"},{\"@type\":\"ListItem\",\"position\":3,\"name\":\"\u00bfQu\u00e9 son los aprendizajes clave?\"}]},{\"@type\":\"WebSite\",\"@id\":\"https:\\\/\\\/webdelmaestrocmf.com\\\/portal\\\/#website\",\"url\":\"https:\\\/\\\/webdelmaestrocmf.com\\\/portal\\\/\",\"name\":\"Web del Maestro CMF\",\"description\":\"Maestros al servicio de la educaci\u00f3n\",\"publisher\":{\"@id\":\"https:\\\/\\\/webdelmaestrocmf.com\\\/portal\\\/#organization\"},\"alternateName\":\"WMCMF\",\"potentialAction\":[{\"@type\":\"SearchAction\",\"target\":{\"@type\":\"EntryPoint\",\"urlTemplate\":\"https:\\\/\\\/webdelmaestrocmf.com\\\/portal\\\/?s={search_term_string}\"},\"query-input\":{\"@type\":\"PropertyValueSpecification\",\"valueRequired\":true,\"valueName\":\"search_term_string\"}}],\"inLanguage\":\"es\"},{\"@type\":\"Organization\",\"@id\":\"https:\\\/\\\/webdelmaestrocmf.com\\\/portal\\\/#organization\",\"name\":\"Web del Maestro CMF\",\"alternateName\":\"WMCMF\",\"url\":\"https:\\\/\\\/webdelmaestrocmf.com\\\/portal\\\/\",\"logo\":{\"@type\":\"ImageObject\",\"inLanguage\":\"es\",\"@id\":\"https:\\\/\\\/webdelmaestrocmf.com\\\/portal\\\/#\\\/schema\\\/logo\\\/image\\\/\",\"url\":\"https:\\\/\\\/webdelmaestrocmf.com\\\/portal\\\/wp-content\\\/uploads\\\/2023\\\/01\\\/logo-wmcmf-2.png\",\"contentUrl\":\"https:\\\/\\\/webdelmaestrocmf.com\\\/portal\\\/wp-content\\\/uploads\\\/2023\\\/01\\\/logo-wmcmf-2.png\",\"width\":200,\"height\":60,\"caption\":\"Web del Maestro CMF\"},\"image\":{\"@id\":\"https:\\\/\\\/webdelmaestrocmf.com\\\/portal\\\/#\\\/schema\\\/logo\\\/image\\\/\"},\"sameAs\":[\"https:\\\/\\\/www.facebook.com\\\/WebdelMaestroCMF\\\/\",\"https:\\\/\\\/x.com\\\/cmf_w\",\"https:\\\/\\\/www.pinterest.com\\\/WMCMF\\\/\",\"https:\\\/\\\/www.linkedin.com\\\/company\\\/web-del-maestro-cmf\\\/\",\"https:\\\/\\\/www.instagram.com\\\/wmcmf\\\/\",\"https:\\\/\\\/www.youtube.com\\\/channel\\\/UCDPSvjbdodE5sHnC3OxutHw\",\"https:\\\/\\\/mastodon.social\\\/@wmcmf\",\"https:\\\/\\\/www.tiktok.com\\\/@webdelmaestrocmf\"]},{\"@type\":\"Person\",\"@id\":\"https:\\\/\\\/webdelmaestrocmf.com\\\/portal\\\/#\\\/schema\\\/person\\\/1072a2ed7bd960df8ef99a551fa35dc5\",\"name\":\"Web del Maestro CMF\",\"image\":{\"@type\":\"ImageObject\",\"inLanguage\":\"es\",\"@id\":\"https:\\\/\\\/secure.gravatar.com\\\/avatar\\\/23291dd5b5ae1077dcff3dbb04c3e02bd28403fa75af6d8787d5e97c5bbbe30b?s=96&d=mm&r=g\",\"url\":\"https:\\\/\\\/secure.gravatar.com\\\/avatar\\\/23291dd5b5ae1077dcff3dbb04c3e02bd28403fa75af6d8787d5e97c5bbbe30b?s=96&d=mm&r=g\",\"contentUrl\":\"https:\\\/\\\/secure.gravatar.com\\\/avatar\\\/23291dd5b5ae1077dcff3dbb04c3e02bd28403fa75af6d8787d5e97c5bbbe30b?s=96&d=mm&r=g\",\"caption\":\"Web del Maestro CMF\"},\"description\":\"Esta Web se cre\u00f3 sin fines de lucro, con fines educativos, cient\u00edficos y acad\u00e9micos, para personas que tengan dificultades y\\\/o inconvenientes en visualizar el material original. El objetivo es entregar recursos, compartir experiencias y materiales que ayuden a los padres de familia, maestros y estudiantes en su actualizaci\u00f3n y formaci\u00f3n permanente, en bien de la Educaci\u00f3n.\",\"sameAs\":[\"http:\\\/\\\/webdelmaestrocmf.com\\\/portal\",\"https:\\\/\\\/www.facebook.com\\\/WebdelMaestroCMF\\\/\",\"https:\\\/\\\/www.instagram.com\\\/wmcmf\\\/\",\"https:\\\/\\\/cl.linkedin.com\\\/company\\\/web-del-maestro-cmf\",\"https:\\\/\\\/www.pinterest.com\\\/WMCMF\\\/publicaciones\\\/\",\"https:\\\/\\\/x.com\\\/cmf_w\",\"https:\\\/\\\/www.youtube.com\\\/@WMCMF\"]}]}<\/script>\n<!-- \/ Yoast SEO plugin. -->","yoast_head_json":{"title":"\u00bfQu\u00e9 son los aprendizajes clave?","description":"Un aprendizaje clave es un conjunto de conocimientos, pr\u00e1cticas, habilidades, actitudes y valores fundamentales que contribuyen sustancialmente...","robots":{"index":"index","follow":"follow","max-snippet":"max-snippet:-1","max-image-preview":"max-image-preview:large","max-video-preview":"max-video-preview:-1"},"canonical":"https:\/\/webdelmaestrocmf.com\/portal\/los-aprendizajes-clave\/","og_locale":"es_ES","og_type":"article","og_title":"\u00bfQu\u00e9 son los aprendizajes clave?","og_description":"Un aprendizaje clave es un conjunto de conocimientos, pr\u00e1cticas, habilidades, actitudes y valores fundamentales que contribuyen sustancialmente...","og_url":"https:\/\/webdelmaestrocmf.com\/portal\/los-aprendizajes-clave\/","og_site_name":"Web del Maestro CMF","article_publisher":"https:\/\/www.facebook.com\/WebdelMaestroCMF\/","article_author":"https:\/\/www.facebook.com\/WebdelMaestroCMF\/","article_published_time":"2018-01-29T16:39:14+00:00","article_modified_time":"2020-07-15T23:20:23+00:00","og_image":[{"width":1100,"height":680,"url":"https:\/\/i0.wp.com\/webdelmaestrocmf.com\/portal\/wp-content\/uploads\/2018\/01\/1-84.jpg?fit=1100%2C680&ssl=1","type":"image\/jpeg"}],"author":"Web del Maestro CMF","twitter_card":"summary_large_image","twitter_creator":"@cmf_w","twitter_site":"@cmf_w","twitter_misc":{"Escrito por":"Web del Maestro CMF","Tiempo de lectura":"3 minutos"},"schema":{"@context":"https:\/\/schema.org","@graph":[{"@type":"ScholarlyArticle","@id":"https:\/\/webdelmaestrocmf.com\/portal\/los-aprendizajes-clave\/#article","isPartOf":{"@id":"https:\/\/webdelmaestrocmf.com\/portal\/los-aprendizajes-clave\/"},"author":{"name":"Web del Maestro CMF","@id":"https:\/\/webdelmaestrocmf.com\/portal\/#\/schema\/person\/1072a2ed7bd960df8ef99a551fa35dc5"},"headline":"\u00bfQu\u00e9 son los aprendizajes clave?","datePublished":"2018-01-29T16:39:14+00:00","dateModified":"2020-07-15T23:20:23+00:00","mainEntityOfPage":{"@id":"https:\/\/webdelmaestrocmf.com\/portal\/los-aprendizajes-clave\/"},"wordCount":611,"commentCount":0,"publisher":{"@id":"https:\/\/webdelmaestrocmf.com\/portal\/#organization"},"image":{"@id":"https:\/\/webdelmaestrocmf.com\/portal\/los-aprendizajes-clave\/#primaryimage"},"thumbnailUrl":"https:\/\/webdelmaestrocmf.com\/portal\/wp-content\/uploads\/2018\/01\/1-84.jpg","keywords":["ACAD\u00c9MICA","APRENDIZAJES","AUTONOM\u00cdA","CLAVE","CURRICULAR","desarrollo","FORMACI\u00d3N","personal","SOCIAL"],"articleSection":["Video I","Videos II"],"inLanguage":"es","potentialAction":[{"@type":"CommentAction","name":"Comment","target":["https:\/\/webdelmaestrocmf.com\/portal\/los-aprendizajes-clave\/#respond"]}]},{"@type":"WebPage","@id":"https:\/\/webdelmaestrocmf.com\/portal\/los-aprendizajes-clave\/","url":"https:\/\/webdelmaestrocmf.com\/portal\/los-aprendizajes-clave\/","name":"\u00bfQu\u00e9 son los aprendizajes clave?","isPartOf":{"@id":"https:\/\/webdelmaestrocmf.com\/portal\/#website"},"primaryImageOfPage":{"@id":"https:\/\/webdelmaestrocmf.com\/portal\/los-aprendizajes-clave\/#primaryimage"},"image":{"@id":"https:\/\/webdelmaestrocmf.com\/portal\/los-aprendizajes-clave\/#primaryimage"},"thumbnailUrl":"https:\/\/webdelmaestrocmf.com\/portal\/wp-content\/uploads\/2018\/01\/1-84.jpg","datePublished":"2018-01-29T16:39:14+00:00","dateModified":"2020-07-15T23:20:23+00:00","description":"Un aprendizaje clave es un conjunto de conocimientos, pr\u00e1cticas, habilidades, actitudes y valores fundamentales que contribuyen sustancialmente...","breadcrumb":{"@id":"https:\/\/webdelmaestrocmf.com\/portal\/los-aprendizajes-clave\/#breadcrumb"},"inLanguage":"es","potentialAction":[{"@type":"ReadAction","target":["https:\/\/webdelmaestrocmf.com\/portal\/los-aprendizajes-clave\/"]}]},{"@type":"ImageObject","inLanguage":"es","@id":"https:\/\/webdelmaestrocmf.com\/portal\/los-aprendizajes-clave\/#primaryimage","url":"https:\/\/webdelmaestrocmf.com\/portal\/wp-content\/uploads\/2018\/01\/1-84.jpg","contentUrl":"https:\/\/webdelmaestrocmf.com\/portal\/wp-content\/uploads\/2018\/01\/1-84.jpg","width":1100,"height":680},{"@type":"BreadcrumbList","@id":"https:\/\/webdelmaestrocmf.com\/portal\/los-aprendizajes-clave\/#breadcrumb","itemListElement":[{"@type":"ListItem","position":1,"name":"Portada","item":"https:\/\/webdelmaestrocmf.com\/portal\/"},{"@type":"ListItem","position":2,"name":"Video I","item":"https:\/\/webdelmaestrocmf.com\/portal\/category\/video\/"},{"@type":"ListItem","position":3,"name":"\u00bfQu\u00e9 son los aprendizajes clave?"}]},{"@type":"WebSite","@id":"https:\/\/webdelmaestrocmf.com\/portal\/#website","url":"https:\/\/webdelmaestrocmf.com\/portal\/","name":"Web del Maestro CMF","description":"Maestros al servicio de la educaci\u00f3n","publisher":{"@id":"https:\/\/webdelmaestrocmf.com\/portal\/#organization"},"alternateName":"WMCMF","potentialAction":[{"@type":"SearchAction","target":{"@type":"EntryPoint","urlTemplate":"https:\/\/webdelmaestrocmf.com\/portal\/?s={search_term_string}"},"query-input":{"@type":"PropertyValueSpecification","valueRequired":true,"valueName":"search_term_string"}}],"inLanguage":"es"},{"@type":"Organization","@id":"https:\/\/webdelmaestrocmf.com\/portal\/#organization","name":"Web del Maestro CMF","alternateName":"WMCMF","url":"https:\/\/webdelmaestrocmf.com\/portal\/","logo":{"@type":"ImageObject","inLanguage":"es","@id":"https:\/\/webdelmaestrocmf.com\/portal\/#\/schema\/logo\/image\/","url":"https:\/\/webdelmaestrocmf.com\/portal\/wp-content\/uploads\/2023\/01\/logo-wmcmf-2.png","contentUrl":"https:\/\/webdelmaestrocmf.com\/portal\/wp-content\/uploads\/2023\/01\/logo-wmcmf-2.png","width":200,"height":60,"caption":"Web del Maestro CMF"},"image":{"@id":"https:\/\/webdelmaestrocmf.com\/portal\/#\/schema\/logo\/image\/"},"sameAs":["https:\/\/www.facebook.com\/WebdelMaestroCMF\/","https:\/\/x.com\/cmf_w","https:\/\/www.pinterest.com\/WMCMF\/","https:\/\/www.linkedin.com\/company\/web-del-maestro-cmf\/","https:\/\/www.instagram.com\/wmcmf\/","https:\/\/www.youtube.com\/channel\/UCDPSvjbdodE5sHnC3OxutHw","https:\/\/mastodon.social\/@wmcmf","https:\/\/www.tiktok.com\/@webdelmaestrocmf"]},{"@type":"Person","@id":"https:\/\/webdelmaestrocmf.com\/portal\/#\/schema\/person\/1072a2ed7bd960df8ef99a551fa35dc5","name":"Web del Maestro CMF","image":{"@type":"ImageObject","inLanguage":"es","@id":"https:\/\/secure.gravatar.com\/avatar\/23291dd5b5ae1077dcff3dbb04c3e02bd28403fa75af6d8787d5e97c5bbbe30b?s=96&d=mm&r=g","url":"https:\/\/secure.gravatar.com\/avatar\/23291dd5b5ae1077dcff3dbb04c3e02bd28403fa75af6d8787d5e97c5bbbe30b?s=96&d=mm&r=g","contentUrl":"https:\/\/secure.gravatar.com\/avatar\/23291dd5b5ae1077dcff3dbb04c3e02bd28403fa75af6d8787d5e97c5bbbe30b?s=96&d=mm&r=g","caption":"Web del Maestro CMF"},"description":"Esta Web se cre\u00f3 sin fines de lucro, con fines educativos, cient\u00edficos y acad\u00e9micos, para personas que tengan dificultades y\/o inconvenientes en visualizar el material original. El objetivo es entregar recursos, compartir experiencias y materiales que ayuden a los padres de familia, maestros y estudiantes en su actualizaci\u00f3n y formaci\u00f3n permanente, en bien de la Educaci\u00f3n.","sameAs":["http:\/\/webdelmaestrocmf.com\/portal","https:\/\/www.facebook.com\/WebdelMaestroCMF\/","https:\/\/www.instagram.com\/wmcmf\/","https:\/\/cl.linkedin.com\/company\/web-del-maestro-cmf","https:\/\/www.pinterest.com\/WMCMF\/publicaciones\/","https:\/\/x.com\/cmf_w","https:\/\/www.youtube.com\/@WMCMF"]}]}},"jetpack_featured_media_url":"https:\/\/webdelmaestrocmf.com\/portal\/wp-content\/uploads\/2018\/01\/1-84.jpg","jetpack_sharing_enabled":true,"jetpack-related-posts":[{"id":102743,"url":"https:\/\/webdelmaestrocmf.com\/portal\/las-12-claves-del-aprendizaje\/","url_meta":{"origin":26113,"position":0},"title":"Las 12 claves del aprendizaje","author":"Web del Maestro CMF","date":"18 enero, 2024","format":false,"excerpt":"El aprendizaje, un fen\u00f3meno complejo y continuo, constituye el veh\u00edculo por el cual adquirimos conocimientos, habilidades y actitudes a lo largo de toda nuestra vida. Este proceso se despliega en m\u00faltiples formas, ya sea de manera formal a trav\u00e9s de instituciones educativas, o de forma informal, tejido en la trama\u2026","rel":"","context":"En \u00abAprendizaje\u00bb","block_context":{"text":"Aprendizaje","link":"https:\/\/webdelmaestrocmf.com\/portal\/category\/pedagogia\/aprendizaje\/"},"img":{"alt_text":"claves del aprendizaje","src":"https:\/\/i0.wp.com\/webdelmaestrocmf.com\/portal\/wp-content\/uploads\/2024\/01\/Banner-1-portada-imagen-10-2.jpg?resize=350%2C200&ssl=1","width":350,"height":200,"srcset":"https:\/\/i0.wp.com\/webdelmaestrocmf.com\/portal\/wp-content\/uploads\/2024\/01\/Banner-1-portada-imagen-10-2.jpg?resize=350%2C200&ssl=1 1x, https:\/\/i0.wp.com\/webdelmaestrocmf.com\/portal\/wp-content\/uploads\/2024\/01\/Banner-1-portada-imagen-10-2.jpg?resize=525%2C300&ssl=1 1.5x, https:\/\/i0.wp.com\/webdelmaestrocmf.com\/portal\/wp-content\/uploads\/2024\/01\/Banner-1-portada-imagen-10-2.jpg?resize=700%2C400&ssl=1 2x"},"classes":[]},{"id":61742,"url":"https:\/\/webdelmaestrocmf.com\/portal\/aprendizajes-clave-resumen-del-plan-y-programas-de-estudio\/","url_meta":{"origin":26113,"position":1},"title":"Aprendizajes clave: resumen del plan y programas de estudio","author":"Web del Maestro CMF","date":"14 abril, 2021","format":false,"excerpt":"Uno de los objetivos de la educaci\u00f3n es lograr una sociedad justa e incluyente, y para ello es necesario que los alumnos desarrollen competencias, actitudes, valores, habilidades y aprendizajes claves\u00a0para aplicarlos a lo largo de su vida. La educaci\u00f3n en M\u00e9xico ha tenido importantes cambios en los \u00faltimos a\u00f1os con\u2026","rel":"","context":"En \u00abAprendizaje clave\u00bb","block_context":{"text":"Aprendizaje clave","link":"https:\/\/webdelmaestrocmf.com\/portal\/category\/pedagogia\/aprendizaje-clave\/"},"img":{"alt_text":"","src":"https:\/\/i0.wp.com\/webdelmaestrocmf.com\/portal\/wp-content\/uploads\/2021\/04\/1-50.jpg?resize=350%2C200&ssl=1","width":350,"height":200,"srcset":"https:\/\/i0.wp.com\/webdelmaestrocmf.com\/portal\/wp-content\/uploads\/2021\/04\/1-50.jpg?resize=350%2C200&ssl=1 1x, https:\/\/i0.wp.com\/webdelmaestrocmf.com\/portal\/wp-content\/uploads\/2021\/04\/1-50.jpg?resize=525%2C300&ssl=1 1.5x, https:\/\/i0.wp.com\/webdelmaestrocmf.com\/portal\/wp-content\/uploads\/2021\/04\/1-50.jpg?resize=700%2C400&ssl=1 2x, https:\/\/i0.wp.com\/webdelmaestrocmf.com\/portal\/wp-content\/uploads\/2021\/04\/1-50.jpg?resize=1050%2C600&ssl=1 3x"},"classes":[]},{"id":101589,"url":"https:\/\/webdelmaestrocmf.com\/portal\/manual-de-orientaciones-para-la-evaluacion-de-competencias\/","url_meta":{"origin":26113,"position":2},"title":"Manual de orientaciones para la Evaluaci\u00f3n de Competencias","author":"Web del Maestro CMF","date":"10 diciembre, 2023","format":false,"excerpt":"La evaluaci\u00f3n de competencias en el \u00e1mbito educativo es esencial para medir el progreso de los estudiantes y su desarrollo integral. En este contexto, la evaluaci\u00f3n formativa al culminar el periodo lectivo se presenta como un elemento clave en el proceso de ense\u00f1anza y aprendizaje. Este enfoque busca no solo\u2026","rel":"","context":"En \u00abcompetencias\u00bb","block_context":{"text":"competencias","link":"https:\/\/webdelmaestrocmf.com\/portal\/category\/pedagogia\/evaluar\/competencias-evaluar\/"},"img":{"alt_text":"Evaluaci\u00f3n de Competencias","src":"https:\/\/i0.wp.com\/webdelmaestrocmf.com\/portal\/wp-content\/uploads\/2023\/12\/Evaluacion-de-Competencias-1.jpg?resize=350%2C200&ssl=1","width":350,"height":200,"srcset":"https:\/\/i0.wp.com\/webdelmaestrocmf.com\/portal\/wp-content\/uploads\/2023\/12\/Evaluacion-de-Competencias-1.jpg?resize=350%2C200&ssl=1 1x, https:\/\/i0.wp.com\/webdelmaestrocmf.com\/portal\/wp-content\/uploads\/2023\/12\/Evaluacion-de-Competencias-1.jpg?resize=525%2C300&ssl=1 1.5x, https:\/\/i0.wp.com\/webdelmaestrocmf.com\/portal\/wp-content\/uploads\/2023\/12\/Evaluacion-de-Competencias-1.jpg?resize=700%2C400&ssl=1 2x"},"classes":[]},{"id":107233,"url":"https:\/\/webdelmaestrocmf.com\/portal\/tipos-de-pedagogias-modernas-relevancia-y-el-rol-del-docente-moderno\/","url_meta":{"origin":26113,"position":3},"title":"Tipos de pedagog\u00edas, relevancia y el rol del docente moderno","author":"Web del Maestro CMF","date":"26 diciembre, 2024","format":false,"excerpt":"La pedagog\u00eda es la ciencia social que investiga y estudia las t\u00e9cnicas centradas en la educaci\u00f3n y la ense\u00f1anza. El objetivo principal de esta disciplina es optimizar y sistematizar m\u00e9todos educativos para mejorarlos, desarrollar el potencial humano y facilitar la trasmisi\u00f3n de conocimientos, valores, cultura o tradiciones. Su aplicaci\u00f3n es\u2026","rel":"","context":"En \u00abPedagog\u00eda\u00bb","block_context":{"text":"Pedagog\u00eda","link":"https:\/\/webdelmaestrocmf.com\/portal\/category\/pedagogia\/pedagogia-pedagogia\/"},"img":{"alt_text":"","src":"https:\/\/i0.wp.com\/webdelmaestrocmf.com\/portal\/wp-content\/uploads\/2024\/12\/Banner-1-portada-imagen-10-1-36.jpg?resize=350%2C200&ssl=1","width":350,"height":200,"srcset":"https:\/\/i0.wp.com\/webdelmaestrocmf.com\/portal\/wp-content\/uploads\/2024\/12\/Banner-1-portada-imagen-10-1-36.jpg?resize=350%2C200&ssl=1 1x, https:\/\/i0.wp.com\/webdelmaestrocmf.com\/portal\/wp-content\/uploads\/2024\/12\/Banner-1-portada-imagen-10-1-36.jpg?resize=525%2C300&ssl=1 1.5x, https:\/\/i0.wp.com\/webdelmaestrocmf.com\/portal\/wp-content\/uploads\/2024\/12\/Banner-1-portada-imagen-10-1-36.jpg?resize=700%2C400&ssl=1 2x"},"classes":[]},{"id":102922,"url":"https:\/\/webdelmaestrocmf.com\/portal\/metodologias-activas-los-siete-principios-del-aprendizaje\/","url_meta":{"origin":26113,"position":4},"title":"Descarga los Manuales metodolog\u00edas activas: 7 principios del aprendizaje","author":"Web del Maestro CMF","date":"24 marzo, 2026","format":false,"excerpt":"Las metodolog\u00edas activas destacan que el aprendizaje depende del conocimiento previo, la organizaci\u00f3n del saber, la motivaci\u00f3n, la pr\u00e1ctica con retroalimentaci\u00f3n, el clima del aula y la autorregulaci\u00f3n del estudiante.","rel":"","context":"En \u00abMetodolog\u00edas\u00bb","block_context":{"text":"Metodolog\u00edas","link":"https:\/\/webdelmaestrocmf.com\/portal\/category\/pedagogia\/metodologias\/"},"img":{"alt_text":"Metodolog\u00edas activas","src":"https:\/\/i0.wp.com\/webdelmaestrocmf.com\/portal\/wp-content\/uploads\/2024\/01\/Banner-1-portada-imagen-10-4.jpg?resize=350%2C200&ssl=1","width":350,"height":200,"srcset":"https:\/\/i0.wp.com\/webdelmaestrocmf.com\/portal\/wp-content\/uploads\/2024\/01\/Banner-1-portada-imagen-10-4.jpg?resize=350%2C200&ssl=1 1x, https:\/\/i0.wp.com\/webdelmaestrocmf.com\/portal\/wp-content\/uploads\/2024\/01\/Banner-1-portada-imagen-10-4.jpg?resize=525%2C300&ssl=1 1.5x, https:\/\/i0.wp.com\/webdelmaestrocmf.com\/portal\/wp-content\/uploads\/2024\/01\/Banner-1-portada-imagen-10-4.jpg?resize=700%2C400&ssl=1 2x"},"classes":[]},{"id":116639,"url":"https:\/\/webdelmaestrocmf.com\/portal\/manual-de-habilidades-socioemocionales-un-recurso-clave-para-la-educacion-integral\/","url_meta":{"origin":26113,"position":5},"title":"Descarga el \u00abManual de Habilidades Socioemocionales\u00bb: un recurso clave para la educaci\u00f3n integral","author":"Web del Maestro CMF","date":"19 marzo, 2026","format":false,"excerpt":"Manual educativo que fortalece habilidades socioemocionales en estudiantes, promoviendo autoconciencia, empat\u00eda y convivencia. Un recurso clave para docentes comprometidos con una educaci\u00f3n integral, humana y centrada en el desarrollo emocional.","rel":"","context":"En \u00abDescarga\u00bb","block_context":{"text":"Descarga","link":"https:\/\/webdelmaestrocmf.com\/portal\/category\/descarga\/"},"img":{"alt_text":"","src":"https:\/\/i0.wp.com\/webdelmaestrocmf.com\/portal\/wp-content\/uploads\/2026\/03\/1AA-Banner-1-portada-imagen-10-1-copia-17.webp?resize=350%2C200&ssl=1","width":350,"height":200,"srcset":"https:\/\/i0.wp.com\/webdelmaestrocmf.com\/portal\/wp-content\/uploads\/2026\/03\/1AA-Banner-1-portada-imagen-10-1-copia-17.webp?resize=350%2C200&ssl=1 1x, https:\/\/i0.wp.com\/webdelmaestrocmf.com\/portal\/wp-content\/uploads\/2026\/03\/1AA-Banner-1-portada-imagen-10-1-copia-17.webp?resize=525%2C300&ssl=1 1.5x, https:\/\/i0.wp.com\/webdelmaestrocmf.com\/portal\/wp-content\/uploads\/2026\/03\/1AA-Banner-1-portada-imagen-10-1-copia-17.webp?resize=700%2C400&ssl=1 2x, https:\/\/i0.wp.com\/webdelmaestrocmf.com\/portal\/wp-content\/uploads\/2026\/03\/1AA-Banner-1-portada-imagen-10-1-copia-17.webp?resize=1050%2C600&ssl=1 3x"},"classes":[]}],"_links":{"self":[{"href":"https:\/\/webdelmaestrocmf.com\/portal\/wp-json\/wp\/v2\/posts\/26113","targetHints":{"allow":["GET"]}}],"collection":[{"href":"https:\/\/webdelmaestrocmf.com\/portal\/wp-json\/wp\/v2\/posts"}],"about":[{"href":"https:\/\/webdelmaestrocmf.com\/portal\/wp-json\/wp\/v2\/types\/post"}],"author":[{"embeddable":true,"href":"https:\/\/webdelmaestrocmf.com\/portal\/wp-json\/wp\/v2\/users\/1"}],"replies":[{"embeddable":true,"href":"https:\/\/webdelmaestrocmf.com\/portal\/wp-json\/wp\/v2\/comments?post=26113"}],"version-history":[{"count":0,"href":"https:\/\/webdelmaestrocmf.com\/portal\/wp-json\/wp\/v2\/posts\/26113\/revisions"}],"wp:featuredmedia":[{"embeddable":true,"href":"https:\/\/webdelmaestrocmf.com\/portal\/wp-json\/wp\/v2\/media\/49127"}],"wp:attachment":[{"href":"https:\/\/webdelmaestrocmf.com\/portal\/wp-json\/wp\/v2\/media?parent=26113"}],"wp:term":[{"taxonomy":"category","embeddable":true,"href":"https:\/\/webdelmaestrocmf.com\/portal\/wp-json\/wp\/v2\/categories?post=26113"},{"taxonomy":"post_tag","embeddable":true,"href":"https:\/\/webdelmaestrocmf.com\/portal\/wp-json\/wp\/v2\/tags?post=26113"}],"curies":[{"name":"wp","href":"https:\/\/api.w.org\/{rel}","templated":true}]}}