{"id":26026,"date":"2021-10-02T21:13:08","date_gmt":"2021-10-03T00:13:08","guid":{"rendered":"http:\/\/webdelmaestrocmf.com\/portal\/?p=26026"},"modified":"2022-11-28T13:05:02","modified_gmt":"2022-11-28T16:05:02","slug":"mal-genio-los-ninos-sintoma-inteligencia","status":"publish","type":"post","link":"https:\/\/webdelmaestrocmf.com\/portal\/mal-genio-los-ninos-sintoma-inteligencia\/","title":{"rendered":"Estudio elaborado por la Universidad de Nueva Gales se\u00f1ala que \u201cel mal genio en los ni\u00f1os es s\u00edntoma de inteligencia\u201d"},"content":{"rendered":"<h5 style=\"text-align: justify;\">Los ni\u00f1os que tienen mal humor pueden ser dif\u00edciles de llevar. Y pueden ser un gran dolor de cabeza para sus padres. Sin embargo, seg\u00fan una nueva investigaci\u00f3n, el mal humor en los ni\u00f1os es una se\u00f1al de un alto cociente intelectual.<\/h5>\n<h5 style=\"text-align: justify;\">El estudio, elaborado por la Universidad de Nueva Gales del Sur, en Australia, se realiz\u00f3 sobre una serie de personas, manipulando su estado de \u00e1nimo. Para ello se les pidi\u00f3 que vieran algunas pel\u00edculas y se les pidi\u00f3 tambi\u00e9n que pensaran en hechos positivos y negativos de sus vidas. La conclusi\u00f3n fue: &#8211; La tristeza y el mal humor mejora la capacidad de juzgar a otros.<\/h5>\n<p>Compartimos con fines educativos &#8211; pastorales la publicaci\u00f3n del blog Padres e Hijos donde nos ayuda a\u00a0 c\u00f3mo podemos ayudar a un ni\u00f1o con mal genio.<\/p>\n<p><!--more--><\/p>\n<h5>Ni\u00f1os con mal genio son m\u00e1s inteligentes, seg\u00fan la ciencia<\/h5>\n<p style=\"text-align: justify;\">\u00bfSientes que<b>\u00a0tu hijo tiene mal genio<\/b>? Esto podr\u00eda ser una<b>\u00a0se\u00f1al de mayor inteligencia<\/b>. La\u00a0<b>Universidad de Nueva Gales del Sur<\/b>, Australia, realiz\u00f3 un estudio sobre el estado de \u00e1nimo de los peque\u00f1os, cuyo resultado fue que los ni\u00f1os con mal car\u00e1cter tienden a ser m\u00e1s inteligencia.<\/p>\n<p style=\"text-align: justify;\">Un ni\u00f1o que est\u00e1 de mal humor casi todo el tiempo puede convertirse en algo preocupante y hasta molesto para sus padres y otras personas de su entorno. No obstante, detr\u00e1s de esa actitud se esconde una personita ingeniosa.<\/p>\n<p><img loading=\"lazy\" decoding=\"async\" class=\"alignnone size-large wp-image-68764\" src=\"https:\/\/webdelmaestrocmf.com\/portal\/wp-content\/uploads\/2018\/01\/1-93-1024x534.jpg\" alt=\"\" width=\"1024\" height=\"534\" srcset=\"https:\/\/webdelmaestrocmf.com\/portal\/wp-content\/uploads\/2018\/01\/1-93-1024x534.jpg 1024w, https:\/\/webdelmaestrocmf.com\/portal\/wp-content\/uploads\/2018\/01\/1-93-300x157.jpg 300w, https:\/\/webdelmaestrocmf.com\/portal\/wp-content\/uploads\/2018\/01\/1-93-768x401.jpg 768w, https:\/\/webdelmaestrocmf.com\/portal\/wp-content\/uploads\/2018\/01\/1-93-110x57.jpg 110w, https:\/\/webdelmaestrocmf.com\/portal\/wp-content\/uploads\/2018\/01\/1-93-200x104.jpg 200w, https:\/\/webdelmaestrocmf.com\/portal\/wp-content\/uploads\/2018\/01\/1-93-380x198.jpg 380w, https:\/\/webdelmaestrocmf.com\/portal\/wp-content\/uploads\/2018\/01\/1-93-255x133.jpg 255w, https:\/\/webdelmaestrocmf.com\/portal\/wp-content\/uploads\/2018\/01\/1-93-550x287.jpg 550w, https:\/\/webdelmaestrocmf.com\/portal\/wp-content\/uploads\/2018\/01\/1-93-800x417.jpg 800w, https:\/\/webdelmaestrocmf.com\/portal\/wp-content\/uploads\/2018\/01\/1-93-220x115.jpg 220w, https:\/\/webdelmaestrocmf.com\/portal\/wp-content\/uploads\/2018\/01\/1-93-400x209.jpg 400w, https:\/\/webdelmaestrocmf.com\/portal\/wp-content\/uploads\/2018\/01\/1-93-760x397.jpg 760w, https:\/\/webdelmaestrocmf.com\/portal\/wp-content\/uploads\/2018\/01\/1-93-510x266.jpg 510w, https:\/\/webdelmaestrocmf.com\/portal\/wp-content\/uploads\/2018\/01\/1-93-600x313.jpg 600w, https:\/\/webdelmaestrocmf.com\/portal\/wp-content\/uploads\/2018\/01\/1-93.jpg 1100w\" sizes=\"auto, (max-width: 1024px) 100vw, 1024px\" \/><\/p>\n<p style=\"text-align: justify;\">El estudio consisti\u00f3 en pedirle a un grupo de personas, incluyendo ni\u00f1os, que vieran algunas pel\u00edculas que reflejaran hechos positivos y negativos de sus vidas. Los investigadores descubrieron que, al manipular sus sentimientos, los ni\u00f1os\u00a0mejoran la\u00a0<b>capacidad de juzgar a otros<\/b>\u00a0cuando est\u00e1n tristes o de mal humor,\u00a0incluyendo que\u00a0los estados de enfado incrementan la<b>\u00a0memoria<\/b>.<\/p>\n<p style=\"text-align: justify;\">Adem\u00e1s, el estudio demostr\u00f3 que el mal genio estimula la\u00a0<b>capacidad para argumentar<\/b>, al contrario de los ni\u00f1os optimistas, que tienen m\u00e1s facilidad para cooperar.<\/p>\n<p style=\"text-align: justify;\">Otro de los resultados fue que los ni\u00f1os malhumorados tienen un\u00a0<b>mejor proceso de informaci\u00f3n<\/b>\u00a0cuando se enfrentan a situaciones complicadas y se les da resolver situaciones de manera m\u00e1s \u00f3ptima.<\/p>\n<p><iframe loading=\"lazy\" title=\"YouTube video player\" src=\"https:\/\/www.youtube.com\/embed\/_lyO0M8s0eY\" width=\"100%\" height=\"400\" frameborder=\"0\" allowfullscreen=\"allowfullscreen\"><span data-mce-type=\"bookmark\" style=\"display: inline-block; width: 0px; overflow: hidden; line-height: 0;\" class=\"mce_SELRES_start\">\ufeff<\/span><\/iframe><\/p>\n<h5>C\u00f3mo ayudar a un ni\u00f1o con mal genio<\/h5>\n<p style=\"text-align: justify;\">Si tu peque\u00f1o tiene mal genio, puedes estimularlo pidi\u00e9ndole\u00a0<b>que exprese c\u00f3mo se siente<\/b>\u00a0con palabras, sin llegar a los gritos o a los golpes.<\/p>\n<p style=\"text-align: justify;\">Estos peque\u00f1os tienden a explotar f\u00e1cilmente. Sin alterarnos, hay que pedirle que se calme y que es muy importante\u00a0<b>que aprenda a adaptarse<\/b>\u00a0a ciertas personas o situaciones.<\/p>\n<p style=\"text-align: justify;\">Algo que puede servir para tranquilizarlo, es enviarlo unos momentos a su habitaci\u00f3n solo para que poco a poco se le baje el mal humor, explic\u00e1ndole que no le har\u00e1n caso hasta que se tranquilice.<\/p>\n<p style=\"text-align: justify;\">Tambi\u00e9n es importante no caer en su juego y\u00a0<b>mantener la calma<\/b>\u00a0todo el tiempo.<\/p>\n<p style=\"text-align: justify;\">Es vital que un ni\u00f1o con mal genio se mantenga\u00a0<b>distra\u00eddo<\/b>. Los rompecabezas son ideales para estimularlo y tranquilizarlo.<\/p>\n<p style=\"text-align: justify;\">Recuerda que necesitar\u00e1s un poco m\u00e1s de paciencia. Y siempre recuerda que\u00a0la personalidad de tu\u00a0<b>hijo<\/b>\u00a0puede traer cosas positivas para su desarrollo.<\/p>\n<p><strong>Este contenido ha sido publicado originalmente por Padres e Hijos en la siguiente\u00a0<a href=\"http:\/\/padresehijos.com.mx\" target=\"_blank\" rel=\"noopener\">padresehijos.com.mx<\/a><\/strong><\/p>\n\t\t<div class=\"pk-inline-posts\">\n\t\t\t\n\t\t\t<div class=\"pk-inline-posts-container pk-inline-posts-template-list\"\n\t\t\t\tdata-columns=\"1\">\n\t\t\t\t\t\t<article id=\"post-118381\" class=\"post-118381 post type-post status-publish format-standard has-post-thumbnail category-bienestar-familiar category-pedagogia tag-aprendizaje tag-autonomia-3 tag-crianza-consciente tag-desarrollo-infantil tag-docentes tag-educacion-infantil tag-empatia-2 tag-funciones-ejecutivas tag-padres tag-responsabilidad cs-entry cs-video-wrap\">\n\t\t\t<div class=\"pk-post-outer\">\n\n\t\t\t\t\t\t\t\t<div class=\"pk-post-inner\">\n\t\t\t\t\t<div class=\"entry-thumbnail\">\n\t\t\t\t\t\t<div class=\"pk-overlay pk-overlay-ratio pk-ratio-landscape\">\n\t\t\t\t\t\t\t<div class=\"pk-overlay-background\">\n\t\t\t\t\t\t\t\t<a href=\"https:\/\/webdelmaestrocmf.com\/portal\/si-tu-hijo-hace-estas-3-cosas-felicidades-tienes-un-hijo-listo-para-toda-la-vida\/\" class=\"pk-overlay-link\">\n\t\t\t\t\t\t\t\t\t<img loading=\"lazy\" decoding=\"async\" width=\"300\" height=\"225\" src=\"https:\/\/webdelmaestrocmf.com\/portal\/wp-content\/uploads\/2026\/04\/1AA-Banner-1-portada-imagen-10-1-copia-3-7-300x225.webp\" class=\"attachment-pk-thumbnail size-pk-thumbnail wp-post-image\" alt=\"\" \/>\t\t\t\t\t\t\t\t<\/a>\n\t\t\t\t\t\t\t<\/div>\n\t\t\t\t\t\t<\/div>\n\t\t\t\t\t<\/div>\n\t\t\t\t<\/div>\n\t\t\t\t\n\t\t\t\t<div class=\"pk-post-inner\">\n\t\t\t\t\t<header>\n\t\t\t\t\t\t<h3 class=\"pk-title\"><a href=\"https:\/\/webdelmaestrocmf.com\/portal\/si-tu-hijo-hace-estas-3-cosas-felicidades-tienes-un-hijo-listo-para-toda-la-vida\/\" rel=\"bookmark\">Si tu hijo hace estas 3 cosas, felicidades: tienes un hijo listo para toda la vida<\/a><\/h3>\t\t\t\t\t<\/header><!-- .entry-header -->\n\t\t\t\t<\/div><!-- .post-inner -->\n\n\t\t\t<\/div><!-- .post-outer -->\n\t\t<\/article>\n\t\t\t\t<\/div>\n\t\t<\/div>\n\t\t\n","protected":false},"excerpt":{"rendered":"Los ni\u00f1os que tienen mal humor pueden ser dif\u00edciles de llevar. Y pueden ser un gran dolor de&hellip;","protected":false},"author":1,"featured_media":68766,"comment_status":"open","ping_status":"closed","sticky":false,"template":"","format":"standard","meta":{"csco_display_header_overlay":false,"csco_singular_sidebar":"default","csco_page_header_type":"default","csco_page_load_nextpost":"default","csco_post_video_location":[],"csco_post_video_location_hash":"","csco_post_video_url":"","csco_post_video_bg_start_time":0,"csco_post_video_bg_end_time":0,"csco_post_video_bg_volume":false,"_jetpack_memberships_contains_paid_content":false,"footnotes":""},"categories":[464,735],"tags":[3327,3325,387,1379,297,3326],"class_list":{"0":"post-26026","1":"post","2":"type-post","3":"status-publish","4":"format-standard","5":"has-post-thumbnail","7":"category-bienestar-familiar","8":"category-pedagogia","9":"tag-enojados","10":"tag-genio","11":"tag-inteligencia","12":"tag-mal","13":"tag-ninos","14":"tag-sintoma","15":"cs-entry","16":"cs-video-wrap"},"yoast_head":"<!-- This site is optimized with the Yoast SEO plugin v27.5 - https:\/\/yoast.com\/product\/yoast-seo-wordpress\/ -->\n<title>El mal genio en los ni\u00f1os es s\u00edntoma de inteligencia<\/title>\n<meta name=\"description\" content=\"Estudios cient\u00edficos demuestran que el mal genio en los ni\u00f1os es se\u00f1al de mayor inteligencia. Descubre c\u00f3mo ayudarlo y motivarlo.\" \/>\n<meta name=\"robots\" content=\"index, follow, max-snippet:-1, max-image-preview:large, max-video-preview:-1\" \/>\n<link rel=\"canonical\" href=\"https:\/\/webdelmaestrocmf.com\/portal\/mal-genio-los-ninos-sintoma-inteligencia\/\" \/>\n<meta property=\"og:locale\" content=\"es_ES\" \/>\n<meta property=\"og:type\" content=\"article\" \/>\n<meta property=\"og:title\" content=\"El mal genio en los ni\u00f1os es s\u00edntoma de inteligencia\" \/>\n<meta property=\"og:description\" content=\"Estudios cient\u00edficos demuestran que el mal genio en los ni\u00f1os es se\u00f1al de mayor inteligencia. Descubre c\u00f3mo ayudarlo y motivarlo.\" \/>\n<meta property=\"og:url\" content=\"https:\/\/webdelmaestrocmf.com\/portal\/mal-genio-los-ninos-sintoma-inteligencia\/\" \/>\n<meta property=\"og:site_name\" content=\"Web del Maestro CMF\" \/>\n<meta property=\"article:publisher\" content=\"https:\/\/www.facebook.com\/WebdelMaestroCMF\/\" \/>\n<meta property=\"article:author\" content=\"https:\/\/www.facebook.com\/WebdelMaestroCMF\/\" \/>\n<meta property=\"article:published_time\" content=\"2021-10-03T00:13:08+00:00\" \/>\n<meta property=\"article:modified_time\" content=\"2022-11-28T16:05:02+00:00\" \/>\n<meta property=\"og:image\" content=\"https:\/\/i0.wp.com\/webdelmaestrocmf.com\/portal\/wp-content\/uploads\/2021\/10\/1-18.jpg?fit=1100%2C680&ssl=1\" \/>\n\t<meta property=\"og:image:width\" content=\"1100\" \/>\n\t<meta property=\"og:image:height\" content=\"680\" \/>\n\t<meta property=\"og:image:type\" content=\"image\/jpeg\" \/>\n<meta name=\"author\" content=\"Web del Maestro CMF\" \/>\n<meta name=\"twitter:card\" content=\"summary_large_image\" \/>\n<meta name=\"twitter:creator\" content=\"@cmf_w\" \/>\n<meta name=\"twitter:site\" content=\"@cmf_w\" \/>\n<script type=\"application\/ld+json\" class=\"yoast-schema-graph\">{\"@context\":\"https:\\\/\\\/schema.org\",\"@graph\":[{\"@type\":\"ScholarlyArticle\",\"@id\":\"https:\\\/\\\/webdelmaestrocmf.com\\\/portal\\\/mal-genio-los-ninos-sintoma-inteligencia\\\/#article\",\"isPartOf\":{\"@id\":\"https:\\\/\\\/webdelmaestrocmf.com\\\/portal\\\/mal-genio-los-ninos-sintoma-inteligencia\\\/\"},\"author\":{\"name\":\"Web del Maestro CMF\",\"@id\":\"https:\\\/\\\/webdelmaestrocmf.com\\\/portal\\\/#\\\/schema\\\/person\\\/1072a2ed7bd960df8ef99a551fa35dc5\"},\"headline\":\"Estudio elaborado por la Universidad de Nueva Gales se\u00f1ala que \u201cel mal genio en los ni\u00f1os es s\u00edntoma de inteligencia\u201d\",\"datePublished\":\"2021-10-03T00:13:08+00:00\",\"dateModified\":\"2022-11-28T16:05:02+00:00\",\"mainEntityOfPage\":{\"@id\":\"https:\\\/\\\/webdelmaestrocmf.com\\\/portal\\\/mal-genio-los-ninos-sintoma-inteligencia\\\/\"},\"wordCount\":588,\"commentCount\":0,\"publisher\":{\"@id\":\"https:\\\/\\\/webdelmaestrocmf.com\\\/portal\\\/#organization\"},\"image\":{\"@id\":\"https:\\\/\\\/webdelmaestrocmf.com\\\/portal\\\/mal-genio-los-ninos-sintoma-inteligencia\\\/#primaryimage\"},\"thumbnailUrl\":\"https:\\\/\\\/webdelmaestrocmf.com\\\/portal\\\/wp-content\\\/uploads\\\/2021\\\/10\\\/1-18.jpg\",\"keywords\":[\"ENOJADOS\",\"GENIO\",\"INTELIGENCIA\",\"mal\",\"Ni\u00f1os\",\"S\u00cdNTOMA\"],\"articleSection\":[\"Bienestar Familiar\",\"Recursos\"],\"inLanguage\":\"es\",\"potentialAction\":[{\"@type\":\"CommentAction\",\"name\":\"Comment\",\"target\":[\"https:\\\/\\\/webdelmaestrocmf.com\\\/portal\\\/mal-genio-los-ninos-sintoma-inteligencia\\\/#respond\"]}]},{\"@type\":\"WebPage\",\"@id\":\"https:\\\/\\\/webdelmaestrocmf.com\\\/portal\\\/mal-genio-los-ninos-sintoma-inteligencia\\\/\",\"url\":\"https:\\\/\\\/webdelmaestrocmf.com\\\/portal\\\/mal-genio-los-ninos-sintoma-inteligencia\\\/\",\"name\":\"El mal genio en los ni\u00f1os es s\u00edntoma de inteligencia\",\"isPartOf\":{\"@id\":\"https:\\\/\\\/webdelmaestrocmf.com\\\/portal\\\/#website\"},\"primaryImageOfPage\":{\"@id\":\"https:\\\/\\\/webdelmaestrocmf.com\\\/portal\\\/mal-genio-los-ninos-sintoma-inteligencia\\\/#primaryimage\"},\"image\":{\"@id\":\"https:\\\/\\\/webdelmaestrocmf.com\\\/portal\\\/mal-genio-los-ninos-sintoma-inteligencia\\\/#primaryimage\"},\"thumbnailUrl\":\"https:\\\/\\\/webdelmaestrocmf.com\\\/portal\\\/wp-content\\\/uploads\\\/2021\\\/10\\\/1-18.jpg\",\"datePublished\":\"2021-10-03T00:13:08+00:00\",\"dateModified\":\"2022-11-28T16:05:02+00:00\",\"description\":\"Estudios cient\u00edficos demuestran que el mal genio en los ni\u00f1os es se\u00f1al de mayor inteligencia. Descubre c\u00f3mo ayudarlo y motivarlo.\",\"breadcrumb\":{\"@id\":\"https:\\\/\\\/webdelmaestrocmf.com\\\/portal\\\/mal-genio-los-ninos-sintoma-inteligencia\\\/#breadcrumb\"},\"inLanguage\":\"es\",\"potentialAction\":[{\"@type\":\"ReadAction\",\"target\":[\"https:\\\/\\\/webdelmaestrocmf.com\\\/portal\\\/mal-genio-los-ninos-sintoma-inteligencia\\\/\"]}]},{\"@type\":\"ImageObject\",\"inLanguage\":\"es\",\"@id\":\"https:\\\/\\\/webdelmaestrocmf.com\\\/portal\\\/mal-genio-los-ninos-sintoma-inteligencia\\\/#primaryimage\",\"url\":\"https:\\\/\\\/webdelmaestrocmf.com\\\/portal\\\/wp-content\\\/uploads\\\/2021\\\/10\\\/1-18.jpg\",\"contentUrl\":\"https:\\\/\\\/webdelmaestrocmf.com\\\/portal\\\/wp-content\\\/uploads\\\/2021\\\/10\\\/1-18.jpg\",\"width\":1100,\"height\":680},{\"@type\":\"BreadcrumbList\",\"@id\":\"https:\\\/\\\/webdelmaestrocmf.com\\\/portal\\\/mal-genio-los-ninos-sintoma-inteligencia\\\/#breadcrumb\",\"itemListElement\":[{\"@type\":\"ListItem\",\"position\":1,\"name\":\"Portada\",\"item\":\"https:\\\/\\\/webdelmaestrocmf.com\\\/portal\\\/\"},{\"@type\":\"ListItem\",\"position\":2,\"name\":\"Recursos\",\"item\":\"https:\\\/\\\/webdelmaestrocmf.com\\\/portal\\\/category\\\/pedagogia\\\/\"},{\"@type\":\"ListItem\",\"position\":3,\"name\":\"Estudio elaborado por la Universidad de Nueva Gales se\u00f1ala que \u201cel mal genio en los ni\u00f1os es s\u00edntoma de inteligencia\u201d\"}]},{\"@type\":\"WebSite\",\"@id\":\"https:\\\/\\\/webdelmaestrocmf.com\\\/portal\\\/#website\",\"url\":\"https:\\\/\\\/webdelmaestrocmf.com\\\/portal\\\/\",\"name\":\"Web del Maestro CMF\",\"description\":\"Maestros al servicio de la educaci\u00f3n\",\"publisher\":{\"@id\":\"https:\\\/\\\/webdelmaestrocmf.com\\\/portal\\\/#organization\"},\"alternateName\":\"WMCMF\",\"potentialAction\":[{\"@type\":\"SearchAction\",\"target\":{\"@type\":\"EntryPoint\",\"urlTemplate\":\"https:\\\/\\\/webdelmaestrocmf.com\\\/portal\\\/?s={search_term_string}\"},\"query-input\":{\"@type\":\"PropertyValueSpecification\",\"valueRequired\":true,\"valueName\":\"search_term_string\"}}],\"inLanguage\":\"es\"},{\"@type\":\"Organization\",\"@id\":\"https:\\\/\\\/webdelmaestrocmf.com\\\/portal\\\/#organization\",\"name\":\"Web del Maestro CMF\",\"alternateName\":\"WMCMF\",\"url\":\"https:\\\/\\\/webdelmaestrocmf.com\\\/portal\\\/\",\"logo\":{\"@type\":\"ImageObject\",\"inLanguage\":\"es\",\"@id\":\"https:\\\/\\\/webdelmaestrocmf.com\\\/portal\\\/#\\\/schema\\\/logo\\\/image\\\/\",\"url\":\"https:\\\/\\\/webdelmaestrocmf.com\\\/portal\\\/wp-content\\\/uploads\\\/2023\\\/01\\\/logo-wmcmf-2.png\",\"contentUrl\":\"https:\\\/\\\/webdelmaestrocmf.com\\\/portal\\\/wp-content\\\/uploads\\\/2023\\\/01\\\/logo-wmcmf-2.png\",\"width\":200,\"height\":60,\"caption\":\"Web del Maestro CMF\"},\"image\":{\"@id\":\"https:\\\/\\\/webdelmaestrocmf.com\\\/portal\\\/#\\\/schema\\\/logo\\\/image\\\/\"},\"sameAs\":[\"https:\\\/\\\/www.facebook.com\\\/WebdelMaestroCMF\\\/\",\"https:\\\/\\\/x.com\\\/cmf_w\",\"https:\\\/\\\/www.pinterest.com\\\/WMCMF\\\/\",\"https:\\\/\\\/www.linkedin.com\\\/company\\\/web-del-maestro-cmf\\\/\",\"https:\\\/\\\/www.instagram.com\\\/wmcmf\\\/\",\"https:\\\/\\\/www.youtube.com\\\/channel\\\/UCDPSvjbdodE5sHnC3OxutHw\",\"https:\\\/\\\/mastodon.social\\\/@wmcmf\",\"https:\\\/\\\/www.tiktok.com\\\/@webdelmaestrocmf\"]},{\"@type\":\"Person\",\"@id\":\"https:\\\/\\\/webdelmaestrocmf.com\\\/portal\\\/#\\\/schema\\\/person\\\/1072a2ed7bd960df8ef99a551fa35dc5\",\"name\":\"Web del Maestro CMF\",\"image\":{\"@type\":\"ImageObject\",\"inLanguage\":\"es\",\"@id\":\"https:\\\/\\\/secure.gravatar.com\\\/avatar\\\/23291dd5b5ae1077dcff3dbb04c3e02bd28403fa75af6d8787d5e97c5bbbe30b?s=96&d=mm&r=g\",\"url\":\"https:\\\/\\\/secure.gravatar.com\\\/avatar\\\/23291dd5b5ae1077dcff3dbb04c3e02bd28403fa75af6d8787d5e97c5bbbe30b?s=96&d=mm&r=g\",\"contentUrl\":\"https:\\\/\\\/secure.gravatar.com\\\/avatar\\\/23291dd5b5ae1077dcff3dbb04c3e02bd28403fa75af6d8787d5e97c5bbbe30b?s=96&d=mm&r=g\",\"caption\":\"Web del Maestro CMF\"},\"description\":\"Esta Web se cre\u00f3 sin fines de lucro, con fines educativos, cient\u00edficos y acad\u00e9micos, para personas que tengan dificultades y\\\/o inconvenientes en visualizar el material original. El objetivo es entregar recursos, compartir experiencias y materiales que ayuden a los padres de familia, maestros y estudiantes en su actualizaci\u00f3n y formaci\u00f3n permanente, en bien de la Educaci\u00f3n.\",\"sameAs\":[\"http:\\\/\\\/webdelmaestrocmf.com\\\/portal\",\"https:\\\/\\\/www.facebook.com\\\/WebdelMaestroCMF\\\/\",\"https:\\\/\\\/www.instagram.com\\\/wmcmf\\\/\",\"https:\\\/\\\/cl.linkedin.com\\\/company\\\/web-del-maestro-cmf\",\"https:\\\/\\\/www.pinterest.com\\\/WMCMF\\\/publicaciones\\\/\",\"https:\\\/\\\/x.com\\\/cmf_w\",\"https:\\\/\\\/www.youtube.com\\\/@WMCMF\"]}]}<\/script>\n<!-- \/ Yoast SEO plugin. -->","yoast_head_json":{"title":"El mal genio en los ni\u00f1os es s\u00edntoma de inteligencia","description":"Estudios cient\u00edficos demuestran que el mal genio en los ni\u00f1os es se\u00f1al de mayor inteligencia. Descubre c\u00f3mo ayudarlo y motivarlo.","robots":{"index":"index","follow":"follow","max-snippet":"max-snippet:-1","max-image-preview":"max-image-preview:large","max-video-preview":"max-video-preview:-1"},"canonical":"https:\/\/webdelmaestrocmf.com\/portal\/mal-genio-los-ninos-sintoma-inteligencia\/","og_locale":"es_ES","og_type":"article","og_title":"El mal genio en los ni\u00f1os es s\u00edntoma de inteligencia","og_description":"Estudios cient\u00edficos demuestran que el mal genio en los ni\u00f1os es se\u00f1al de mayor inteligencia. Descubre c\u00f3mo ayudarlo y motivarlo.","og_url":"https:\/\/webdelmaestrocmf.com\/portal\/mal-genio-los-ninos-sintoma-inteligencia\/","og_site_name":"Web del Maestro CMF","article_publisher":"https:\/\/www.facebook.com\/WebdelMaestroCMF\/","article_author":"https:\/\/www.facebook.com\/WebdelMaestroCMF\/","article_published_time":"2021-10-03T00:13:08+00:00","article_modified_time":"2022-11-28T16:05:02+00:00","og_image":[{"width":1100,"height":680,"url":"https:\/\/i0.wp.com\/webdelmaestrocmf.com\/portal\/wp-content\/uploads\/2021\/10\/1-18.jpg?fit=1100%2C680&ssl=1","type":"image\/jpeg"}],"author":"Web del Maestro CMF","twitter_card":"summary_large_image","twitter_creator":"@cmf_w","twitter_site":"@cmf_w","schema":{"@context":"https:\/\/schema.org","@graph":[{"@type":"ScholarlyArticle","@id":"https:\/\/webdelmaestrocmf.com\/portal\/mal-genio-los-ninos-sintoma-inteligencia\/#article","isPartOf":{"@id":"https:\/\/webdelmaestrocmf.com\/portal\/mal-genio-los-ninos-sintoma-inteligencia\/"},"author":{"name":"Web del Maestro CMF","@id":"https:\/\/webdelmaestrocmf.com\/portal\/#\/schema\/person\/1072a2ed7bd960df8ef99a551fa35dc5"},"headline":"Estudio elaborado por la Universidad de Nueva Gales se\u00f1ala que \u201cel mal genio en los ni\u00f1os es s\u00edntoma de inteligencia\u201d","datePublished":"2021-10-03T00:13:08+00:00","dateModified":"2022-11-28T16:05:02+00:00","mainEntityOfPage":{"@id":"https:\/\/webdelmaestrocmf.com\/portal\/mal-genio-los-ninos-sintoma-inteligencia\/"},"wordCount":588,"commentCount":0,"publisher":{"@id":"https:\/\/webdelmaestrocmf.com\/portal\/#organization"},"image":{"@id":"https:\/\/webdelmaestrocmf.com\/portal\/mal-genio-los-ninos-sintoma-inteligencia\/#primaryimage"},"thumbnailUrl":"https:\/\/webdelmaestrocmf.com\/portal\/wp-content\/uploads\/2021\/10\/1-18.jpg","keywords":["ENOJADOS","GENIO","INTELIGENCIA","mal","Ni\u00f1os","S\u00cdNTOMA"],"articleSection":["Bienestar Familiar","Recursos"],"inLanguage":"es","potentialAction":[{"@type":"CommentAction","name":"Comment","target":["https:\/\/webdelmaestrocmf.com\/portal\/mal-genio-los-ninos-sintoma-inteligencia\/#respond"]}]},{"@type":"WebPage","@id":"https:\/\/webdelmaestrocmf.com\/portal\/mal-genio-los-ninos-sintoma-inteligencia\/","url":"https:\/\/webdelmaestrocmf.com\/portal\/mal-genio-los-ninos-sintoma-inteligencia\/","name":"El mal genio en los ni\u00f1os es s\u00edntoma de inteligencia","isPartOf":{"@id":"https:\/\/webdelmaestrocmf.com\/portal\/#website"},"primaryImageOfPage":{"@id":"https:\/\/webdelmaestrocmf.com\/portal\/mal-genio-los-ninos-sintoma-inteligencia\/#primaryimage"},"image":{"@id":"https:\/\/webdelmaestrocmf.com\/portal\/mal-genio-los-ninos-sintoma-inteligencia\/#primaryimage"},"thumbnailUrl":"https:\/\/webdelmaestrocmf.com\/portal\/wp-content\/uploads\/2021\/10\/1-18.jpg","datePublished":"2021-10-03T00:13:08+00:00","dateModified":"2022-11-28T16:05:02+00:00","description":"Estudios cient\u00edficos demuestran que el mal genio en los ni\u00f1os es se\u00f1al de mayor inteligencia. Descubre c\u00f3mo ayudarlo y motivarlo.","breadcrumb":{"@id":"https:\/\/webdelmaestrocmf.com\/portal\/mal-genio-los-ninos-sintoma-inteligencia\/#breadcrumb"},"inLanguage":"es","potentialAction":[{"@type":"ReadAction","target":["https:\/\/webdelmaestrocmf.com\/portal\/mal-genio-los-ninos-sintoma-inteligencia\/"]}]},{"@type":"ImageObject","inLanguage":"es","@id":"https:\/\/webdelmaestrocmf.com\/portal\/mal-genio-los-ninos-sintoma-inteligencia\/#primaryimage","url":"https:\/\/webdelmaestrocmf.com\/portal\/wp-content\/uploads\/2021\/10\/1-18.jpg","contentUrl":"https:\/\/webdelmaestrocmf.com\/portal\/wp-content\/uploads\/2021\/10\/1-18.jpg","width":1100,"height":680},{"@type":"BreadcrumbList","@id":"https:\/\/webdelmaestrocmf.com\/portal\/mal-genio-los-ninos-sintoma-inteligencia\/#breadcrumb","itemListElement":[{"@type":"ListItem","position":1,"name":"Portada","item":"https:\/\/webdelmaestrocmf.com\/portal\/"},{"@type":"ListItem","position":2,"name":"Recursos","item":"https:\/\/webdelmaestrocmf.com\/portal\/category\/pedagogia\/"},{"@type":"ListItem","position":3,"name":"Estudio elaborado por la Universidad de Nueva Gales se\u00f1ala que \u201cel mal genio en los ni\u00f1os es s\u00edntoma de inteligencia\u201d"}]},{"@type":"WebSite","@id":"https:\/\/webdelmaestrocmf.com\/portal\/#website","url":"https:\/\/webdelmaestrocmf.com\/portal\/","name":"Web del Maestro CMF","description":"Maestros al servicio de la educaci\u00f3n","publisher":{"@id":"https:\/\/webdelmaestrocmf.com\/portal\/#organization"},"alternateName":"WMCMF","potentialAction":[{"@type":"SearchAction","target":{"@type":"EntryPoint","urlTemplate":"https:\/\/webdelmaestrocmf.com\/portal\/?s={search_term_string}"},"query-input":{"@type":"PropertyValueSpecification","valueRequired":true,"valueName":"search_term_string"}}],"inLanguage":"es"},{"@type":"Organization","@id":"https:\/\/webdelmaestrocmf.com\/portal\/#organization","name":"Web del Maestro CMF","alternateName":"WMCMF","url":"https:\/\/webdelmaestrocmf.com\/portal\/","logo":{"@type":"ImageObject","inLanguage":"es","@id":"https:\/\/webdelmaestrocmf.com\/portal\/#\/schema\/logo\/image\/","url":"https:\/\/webdelmaestrocmf.com\/portal\/wp-content\/uploads\/2023\/01\/logo-wmcmf-2.png","contentUrl":"https:\/\/webdelmaestrocmf.com\/portal\/wp-content\/uploads\/2023\/01\/logo-wmcmf-2.png","width":200,"height":60,"caption":"Web del Maestro CMF"},"image":{"@id":"https:\/\/webdelmaestrocmf.com\/portal\/#\/schema\/logo\/image\/"},"sameAs":["https:\/\/www.facebook.com\/WebdelMaestroCMF\/","https:\/\/x.com\/cmf_w","https:\/\/www.pinterest.com\/WMCMF\/","https:\/\/www.linkedin.com\/company\/web-del-maestro-cmf\/","https:\/\/www.instagram.com\/wmcmf\/","https:\/\/www.youtube.com\/channel\/UCDPSvjbdodE5sHnC3OxutHw","https:\/\/mastodon.social\/@wmcmf","https:\/\/www.tiktok.com\/@webdelmaestrocmf"]},{"@type":"Person","@id":"https:\/\/webdelmaestrocmf.com\/portal\/#\/schema\/person\/1072a2ed7bd960df8ef99a551fa35dc5","name":"Web del Maestro CMF","image":{"@type":"ImageObject","inLanguage":"es","@id":"https:\/\/secure.gravatar.com\/avatar\/23291dd5b5ae1077dcff3dbb04c3e02bd28403fa75af6d8787d5e97c5bbbe30b?s=96&d=mm&r=g","url":"https:\/\/secure.gravatar.com\/avatar\/23291dd5b5ae1077dcff3dbb04c3e02bd28403fa75af6d8787d5e97c5bbbe30b?s=96&d=mm&r=g","contentUrl":"https:\/\/secure.gravatar.com\/avatar\/23291dd5b5ae1077dcff3dbb04c3e02bd28403fa75af6d8787d5e97c5bbbe30b?s=96&d=mm&r=g","caption":"Web del Maestro CMF"},"description":"Esta Web se cre\u00f3 sin fines de lucro, con fines educativos, cient\u00edficos y acad\u00e9micos, para personas que tengan dificultades y\/o inconvenientes en visualizar el material original. El objetivo es entregar recursos, compartir experiencias y materiales que ayuden a los padres de familia, maestros y estudiantes en su actualizaci\u00f3n y formaci\u00f3n permanente, en bien de la Educaci\u00f3n.","sameAs":["http:\/\/webdelmaestrocmf.com\/portal","https:\/\/www.facebook.com\/WebdelMaestroCMF\/","https:\/\/www.instagram.com\/wmcmf\/","https:\/\/cl.linkedin.com\/company\/web-del-maestro-cmf","https:\/\/www.pinterest.com\/WMCMF\/publicaciones\/","https:\/\/x.com\/cmf_w","https:\/\/www.youtube.com\/@WMCMF"]}]}},"jetpack_featured_media_url":"https:\/\/webdelmaestrocmf.com\/portal\/wp-content\/uploads\/2021\/10\/1-18.jpg","jetpack_sharing_enabled":true,"jetpack-related-posts":[{"id":62660,"url":"https:\/\/webdelmaestrocmf.com\/portal\/el-uso-de-estrategias-socioafectivas-la-importancia-de-sonreir-al-hacer-una-clase-virtual\/","url_meta":{"origin":26026,"position":0},"title":"La importancia de sonre\u00edr al hacer una clase","author":"Web del Maestro CMF","date":"12 agosto, 2023","format":false,"excerpt":"Sonre\u00edr es un acto simple pero poderoso que puede marcar una gran diferencia en la experiencia de aprendizaje, especialmente cuando damos una clase. La sonrisa es un lenguaje universal que trasciende barreras culturales y ling\u00fc\u00edsticas, y tiene la capacidad de crear un ambiente positivo y acogedor en el aula. En\u2026","rel":"","context":"En \u00abDocentes\u00bb","block_context":{"text":"Docentes","link":"https:\/\/webdelmaestrocmf.com\/portal\/category\/pedagogia\/docentes\/"},"img":{"alt_text":"sonre\u00edr clase","src":"https:\/\/i0.wp.com\/webdelmaestrocmf.com\/portal\/wp-content\/uploads\/2023\/08\/Banner-1-portada-imagen-10-8.jpg?resize=350%2C200&ssl=1","width":350,"height":200,"srcset":"https:\/\/i0.wp.com\/webdelmaestrocmf.com\/portal\/wp-content\/uploads\/2023\/08\/Banner-1-portada-imagen-10-8.jpg?resize=350%2C200&ssl=1 1x, https:\/\/i0.wp.com\/webdelmaestrocmf.com\/portal\/wp-content\/uploads\/2023\/08\/Banner-1-portada-imagen-10-8.jpg?resize=525%2C300&ssl=1 1.5x, https:\/\/i0.wp.com\/webdelmaestrocmf.com\/portal\/wp-content\/uploads\/2023\/08\/Banner-1-portada-imagen-10-8.jpg?resize=700%2C400&ssl=1 2x"},"classes":[]},{"id":75002,"url":"https:\/\/webdelmaestrocmf.com\/portal\/9-senales-de-que-a-un-nino-le-falta-inteligencia-emocional\/","url_meta":{"origin":26026,"position":1},"title":"9 se\u00f1ales de que a un ni\u00f1o le falta inteligencia emocional","author":"Web del Maestro CMF","date":"26 agosto, 2022","format":false,"excerpt":"Para poder detectar\u00a0problemas a nivel emocional en ni\u00f1os\u00a0y ni\u00f1as\u00a0es importante trabajar mucho la observaci\u00f3n. A menudo, un cambio de comportamiento en un ni\u00f1o puede estar desencadenado por alg\u00fan tipo de problema emocional. Te explicamos\u00a0cu\u00e1les son los principales s\u00edntomas de problemas emocionales en los ni\u00f1os, qu\u00e9 se\u00f1ales deben ponerte en alerta\u2026","rel":"","context":"En \u00abInteligencia Emocional\u00bb","block_context":{"text":"Inteligencia Emocional","link":"https:\/\/webdelmaestrocmf.com\/portal\/category\/pedagogia\/inteligencia-emocional-educacion-y-familia\/"},"img":{"alt_text":"","src":"https:\/\/i0.wp.com\/webdelmaestrocmf.com\/portal\/wp-content\/uploads\/2022\/03\/1a12-DESKTOP-DLIPULV-23.jpg?resize=350%2C200&ssl=1","width":350,"height":200,"srcset":"https:\/\/i0.wp.com\/webdelmaestrocmf.com\/portal\/wp-content\/uploads\/2022\/03\/1a12-DESKTOP-DLIPULV-23.jpg?resize=350%2C200&ssl=1 1x, https:\/\/i0.wp.com\/webdelmaestrocmf.com\/portal\/wp-content\/uploads\/2022\/03\/1a12-DESKTOP-DLIPULV-23.jpg?resize=525%2C300&ssl=1 1.5x, https:\/\/i0.wp.com\/webdelmaestrocmf.com\/portal\/wp-content\/uploads\/2022\/03\/1a12-DESKTOP-DLIPULV-23.jpg?resize=700%2C400&ssl=1 2x, https:\/\/i0.wp.com\/webdelmaestrocmf.com\/portal\/wp-content\/uploads\/2022\/03\/1a12-DESKTOP-DLIPULV-23.jpg?resize=1050%2C600&ssl=1 3x"},"classes":[]},{"id":10298,"url":"https:\/\/webdelmaestrocmf.com\/portal\/el-mal-humor-del-padre-causa-problemas-en-el-desarrollo-emocional-y-cognitivo-de-sus-hijos\/","url_meta":{"origin":26026,"position":2},"title":"Un padre enojado causa problemas en el desarrollo emocional y cognitivo","author":"Web del Maestro CMF","date":"29 junio, 2024","format":false,"excerpt":"\u201c\u00abPadre\u00bb es una palabra conocida por todos, una palabra universal. Indica una relaci\u00f3n fundamental cuya realidad es tan antigua como la historia del hombre. Hoy, sin embargo, se ha llegado a afirmar que nuestra sociedad es una \u00absociedad sin padres\u00bb.[\u2026] El problema de nuestros d\u00edas no parece ser ya tanto\u2026","rel":"","context":"En \u00abBienestar Familiar\u00bb","block_context":{"text":"Bienestar Familiar","link":"https:\/\/webdelmaestrocmf.com\/portal\/category\/pedagogia\/bienestar-familiar\/"},"img":{"alt_text":"padre","src":"https:\/\/i0.wp.com\/webdelmaestrocmf.com\/portal\/wp-content\/uploads\/2021\/07\/Banner-1-portada-imagen-10-1-2024-06-29T200116.622.jpg?resize=350%2C200&ssl=1","width":350,"height":200,"srcset":"https:\/\/i0.wp.com\/webdelmaestrocmf.com\/portal\/wp-content\/uploads\/2021\/07\/Banner-1-portada-imagen-10-1-2024-06-29T200116.622.jpg?resize=350%2C200&ssl=1 1x, https:\/\/i0.wp.com\/webdelmaestrocmf.com\/portal\/wp-content\/uploads\/2021\/07\/Banner-1-portada-imagen-10-1-2024-06-29T200116.622.jpg?resize=525%2C300&ssl=1 1.5x, https:\/\/i0.wp.com\/webdelmaestrocmf.com\/portal\/wp-content\/uploads\/2021\/07\/Banner-1-portada-imagen-10-1-2024-06-29T200116.622.jpg?resize=700%2C400&ssl=1 2x"},"classes":[]},{"id":16629,"url":"https:\/\/webdelmaestrocmf.com\/portal\/ignacio-sanchez-camara-los-malos-ejemplos-educativos\/","url_meta":{"origin":26026,"position":3},"title":"Los malos ejemplos educativos","author":"Web del Maestro CMF","date":"2 abril, 2017","format":"video","excerpt":"Ha publicado el Sitio Filosof\u00eda de M\u00e9xico (dedicado a la filosof\u00eda, la cr\u00edtica y el debate) un art\u00edculo de LA GACETA (Espa\u00f1a) del Profesor Ignacio S\u00e1nchez C\u00e1mara, ex rector de la Universidad de Valencia (Espa\u00f1a), y que compartimos con fines \u00fanicamente educativos, porque hace una interesante reflexi\u00f3n sobre los modelos\u2026","rel":"","context":"En \u00abNoticias\u00bb","block_context":{"text":"Noticias","link":"https:\/\/webdelmaestrocmf.com\/portal\/category\/pedagogia\/noticias-pedagogia\/"},"img":{"alt_text":"","src":"https:\/\/i0.wp.com\/webdelmaestrocmf.com\/portal\/wp-content\/uploads\/2017\/04\/1A-Banner-1-portada-imagen-10-1.jpg?resize=350%2C200&ssl=1","width":350,"height":200,"srcset":"https:\/\/i0.wp.com\/webdelmaestrocmf.com\/portal\/wp-content\/uploads\/2017\/04\/1A-Banner-1-portada-imagen-10-1.jpg?resize=350%2C200&ssl=1 1x, https:\/\/i0.wp.com\/webdelmaestrocmf.com\/portal\/wp-content\/uploads\/2017\/04\/1A-Banner-1-portada-imagen-10-1.jpg?resize=525%2C300&ssl=1 1.5x, https:\/\/i0.wp.com\/webdelmaestrocmf.com\/portal\/wp-content\/uploads\/2017\/04\/1A-Banner-1-portada-imagen-10-1.jpg?resize=700%2C400&ssl=1 2x"},"classes":[]},{"id":31996,"url":"https:\/\/webdelmaestrocmf.com\/portal\/sindrome-de-asperger-y-autismo-son-lo-mismo\/","url_meta":{"origin":26026,"position":4},"title":"S\u00edndrome de Asperger y Autismo, \u00bfSon lo mismo?","author":"Web del Maestro CMF","date":"15 enero, 2020","format":false,"excerpt":"El\u00a0S\u00edndrome de Asperger\u00a0es el nombre que recibe un grupo de conductas, considerado parte del\u00a0Trastorno del Espectro Autista, debido a las similitudes en cuanto a comportamientos y caracter\u00edsticas. Sin embargo, el\u00a0Autismo y Aspergerno son lo mismo, ya que las personas con el segundo pueden volverse adultos independientes, con mayor facilidad que\u2026","rel":"","context":"En \u00abBienestar Familiar\u00bb","block_context":{"text":"Bienestar Familiar","link":"https:\/\/webdelmaestrocmf.com\/portal\/category\/pedagogia\/bienestar-familiar\/"},"img":{"alt_text":"","src":"https:\/\/i0.wp.com\/webdelmaestrocmf.com\/portal\/wp-content\/uploads\/2020\/01\/1-1.jpeg?resize=350%2C200&ssl=1","width":350,"height":200,"srcset":"https:\/\/i0.wp.com\/webdelmaestrocmf.com\/portal\/wp-content\/uploads\/2020\/01\/1-1.jpeg?resize=350%2C200&ssl=1 1x, https:\/\/i0.wp.com\/webdelmaestrocmf.com\/portal\/wp-content\/uploads\/2020\/01\/1-1.jpeg?resize=525%2C300&ssl=1 1.5x, https:\/\/i0.wp.com\/webdelmaestrocmf.com\/portal\/wp-content\/uploads\/2020\/01\/1-1.jpeg?resize=700%2C400&ssl=1 2x, https:\/\/i0.wp.com\/webdelmaestrocmf.com\/portal\/wp-content\/uploads\/2020\/01\/1-1.jpeg?resize=1050%2C600&ssl=1 3x"},"classes":[]},{"id":22330,"url":"https:\/\/webdelmaestrocmf.com\/portal\/todos-los-ninos-entran-a-primaria-con-verdadero-deseo-de-aprender-y-salen-con-verdadero-deseo-de-aprobar\/","url_meta":{"origin":26026,"position":5},"title":"TODOS LOS NI\u00d1OS ENTRAN A PRIMARIA CON VERDADERO DESEO DE APRENDER Y SALEN CON VERDADERO DESEO DE APROBAR","author":"Web del Maestro CMF","date":"20 septiembre, 2017","format":false,"excerpt":"Jos\u00e9 Antonio Marina es catedr\u00e1tico excedente de filosof\u00eda en el instituto madrile\u00f1o de La Cabrera,\u00a0Doctor Honoris Causa\u00a0por la\u00a0Universidad Polit\u00e9cnica de Valencia, adem\u00e1s de conferenciante y floricultor. Estudi\u00f3 filosof\u00eda en la\u00a0Universidad Complutense de Madrid. Su labor investigadora se ha centrado en el estudio de la\u00a0inteligencia\u00a0y en especial de los mecanismos de\u2026","rel":"","context":"En \u00abSin categor\u00eda\u00bb","block_context":{"text":"Sin categor\u00eda","link":"https:\/\/webdelmaestrocmf.com\/portal\/category\/sin-categoria-es\/"},"img":{"alt_text":"","src":"https:\/\/i0.wp.com\/webdelmaestrocmf.com\/portal\/wp-content\/uploads\/2017\/09\/Jos%C3%A9-Marina.jpg?resize=350%2C200&ssl=1","width":350,"height":200,"srcset":"https:\/\/i0.wp.com\/webdelmaestrocmf.com\/portal\/wp-content\/uploads\/2017\/09\/Jos%C3%A9-Marina.jpg?resize=350%2C200&ssl=1 1x, https:\/\/i0.wp.com\/webdelmaestrocmf.com\/portal\/wp-content\/uploads\/2017\/09\/Jos%C3%A9-Marina.jpg?resize=525%2C300&ssl=1 1.5x, https:\/\/i0.wp.com\/webdelmaestrocmf.com\/portal\/wp-content\/uploads\/2017\/09\/Jos%C3%A9-Marina.jpg?resize=700%2C400&ssl=1 2x"},"classes":[]}],"_links":{"self":[{"href":"https:\/\/webdelmaestrocmf.com\/portal\/wp-json\/wp\/v2\/posts\/26026","targetHints":{"allow":["GET"]}}],"collection":[{"href":"https:\/\/webdelmaestrocmf.com\/portal\/wp-json\/wp\/v2\/posts"}],"about":[{"href":"https:\/\/webdelmaestrocmf.com\/portal\/wp-json\/wp\/v2\/types\/post"}],"author":[{"embeddable":true,"href":"https:\/\/webdelmaestrocmf.com\/portal\/wp-json\/wp\/v2\/users\/1"}],"replies":[{"embeddable":true,"href":"https:\/\/webdelmaestrocmf.com\/portal\/wp-json\/wp\/v2\/comments?post=26026"}],"version-history":[{"count":0,"href":"https:\/\/webdelmaestrocmf.com\/portal\/wp-json\/wp\/v2\/posts\/26026\/revisions"}],"wp:featuredmedia":[{"embeddable":true,"href":"https:\/\/webdelmaestrocmf.com\/portal\/wp-json\/wp\/v2\/media\/68766"}],"wp:attachment":[{"href":"https:\/\/webdelmaestrocmf.com\/portal\/wp-json\/wp\/v2\/media?parent=26026"}],"wp:term":[{"taxonomy":"category","embeddable":true,"href":"https:\/\/webdelmaestrocmf.com\/portal\/wp-json\/wp\/v2\/categories?post=26026"},{"taxonomy":"post_tag","embeddable":true,"href":"https:\/\/webdelmaestrocmf.com\/portal\/wp-json\/wp\/v2\/tags?post=26026"}],"curies":[{"name":"wp","href":"https:\/\/api.w.org\/{rel}","templated":true}]}}