{"id":25987,"date":"2024-11-12T01:33:59","date_gmt":"2024-11-12T04:33:59","guid":{"rendered":"http:\/\/webdelmaestrocmf.com\/portal\/?p=25987"},"modified":"2024-11-12T13:29:49","modified_gmt":"2024-11-12T16:29:49","slug":"de-que-sirve-el-profesor-y-umberto-eco-respondio-respondio","status":"publish","type":"post","link":"https:\/\/webdelmaestrocmf.com\/portal\/de-que-sirve-el-profesor-y-umberto-eco-respondio-respondio\/","title":{"rendered":"Umberto Eco: \u00bfDe qu\u00e9 sirve el profesor?"},"content":{"rendered":"<p style=\"text-align: justify;\">El escritor, cr\u00edtico literario y profesor de semi\u00f3tica Umberto Eco naci\u00f3 el 5 de enero de 1932 en Alessandria, una localidad cercana a Tur\u00edn<strong> (Italia)<\/strong>. Era hijo de Giovanna Bisio y del contable Giulio Eco. Fallece el19 de febrero de 2016.<!--more--><\/p>\n<p style=\"text-align: justify;\">Tras terminar sus estudios secundarios, Eco se traslad\u00f3 a la Universidad de Tur\u00edn para estudiar Derecho, carrera que abandon\u00f3 por la de Literatura y Filosof\u00eda Medieval, \u00e9poca hist\u00f3rica de la que se converti\u00f3 en un experto y que sirvi\u00f3 de base temporal para varias de sus futuras novelas.<\/p>\n<p style=\"text-align: justify;\">El portal\u00a0<strong>La Naci\u00f3n (Argentina)\u00a0<\/strong>publica una opini\u00f3n de<strong>\u00a0Umberto Eco, <\/strong>En dicha opini\u00f3n responde a la pregunta de un estudiante: <strong>\u201c\u00bfpara qu\u00e9 sirven los profesores?\u201d<\/strong> y Eco respondi\u00f3 con una carta de amor a los profesores.<\/p>\n<p style=\"text-align: justify;\">Compartimos parte de la publicaci\u00f3n con motivos \u00fanicamente educativos &#8211; pastorales.<\/p>\n<h2 class=\"titulo\" style=\"text-align: justify;\">\u00bfDe qu\u00e9 sirve el profesor?<\/h2>\n<p class=\"capital\" style=\"text-align: justify;\">En el alud de art\u00edculos sobre el matonismo en la escuela he le\u00eddo un episodio que, dentro de la esfera de la violencia, no definir\u00eda precisamente al m\u00e1ximo de la impertinencia&#8230; pero que se trata, sin embargo, de una impertinencia significativa. Relataba que un estudiante, para provocar a un profesor, le hab\u00eda dicho: <strong>\u00abDisculpe, pero en la \u00e9poca de Internet, usted, \u00bfpara qu\u00e9 sirve?\u00bb<\/strong><\/p>\n<p style=\"text-align: justify;\">El estudiante dec\u00eda una verdad a medias, que, entre otros, los mismos profesores dicen desde hace por lo menos veinte a\u00f1os, y es que antes la escuela deb\u00eda transmitir por cierto formaci\u00f3n pero sobre todo nociones, desde las tablas en la primaria, cu\u00e1l era la capital de Madagascar en la escuela media hasta los hechos de la guerra de los treinta a\u00f1os en la secundaria. Con la aparici\u00f3n, no digo de Internet, sino de la televisi\u00f3n e incluso de la radio, y hasta con la del cine, gran parte de estas nociones empezaron a ser absorbidas por los ni\u00f1os en la esfera de la vida extraescolar.<\/p>\n<p style=\"text-align: justify;\">De peque\u00f1o, mi padre no sab\u00eda que Hiroshima quedaba en Jap\u00f3n, que exist\u00eda Guadalcanal, ten\u00eda una idea imprecisa de Dresde y s\u00f3lo sab\u00eda de la India lo que hab\u00eda le\u00eddo en Salgari. Yo, que soy de la \u00e9poca de la guerra, aprend\u00ed esas cosas de la radio y las noticias cotidianas, mientras que mis hijos han visto en la televisi\u00f3n los fiordos noruegos, el desierto de Gobi, c\u00f3mo las abejas polinizan las flores, c\u00f3mo era un Tyrannosaurus rex y finalmente un ni\u00f1o de hoy lo sabe todo sobre el ozono, sobre los koalas, sobre Irak y sobre Afganist\u00e1n. Tal vez, un ni\u00f1o de hoy no sepa qu\u00e9 son exactamente las c\u00e9lulas madre, pero las ha escuchado nombrar, mientras que en mi \u00e9poca de eso no hablaba siquiera la profesora de ciencias naturales. Entonces, <strong>\u00bfde qu\u00e9 sirven hoy los profesores?<\/strong><\/p>\n<p><img loading=\"lazy\" decoding=\"async\" class=\"alignnone wp-image-25991\" src=\"http:\/\/webdelmaestrocmf.com\/portal\/wp-content\/uploads\/2018\/01\/1-31.jpg\" alt=\"\" width=\"966\" height=\"588\" srcset=\"https:\/\/webdelmaestrocmf.com\/portal\/wp-content\/uploads\/2018\/01\/1-31.jpg 800w, https:\/\/webdelmaestrocmf.com\/portal\/wp-content\/uploads\/2018\/01\/1-31-300x183.jpg 300w, https:\/\/webdelmaestrocmf.com\/portal\/wp-content\/uploads\/2018\/01\/1-31-768x468.jpg 768w\" sizes=\"auto, (max-width: 966px) 100vw, 966px\" \/><\/p>\n<p style=\"text-align: justify;\">He dicho que el estudiante dijo una verdad a medias, porque ante todo un docente, adem\u00e1s de informar, debe formar. Lo que hace que una clase sea una buena clase no es que se transmitan datos y datos, sino que se establezca un di\u00e1logo constante, una confrontaci\u00f3n de opiniones, una discusi\u00f3n sobre lo que se aprende en la escuela y lo que viene de afuera. Es cierto que lo que ocurre en Irak lo dice la televisi\u00f3n, pero por qu\u00e9 algo ocurre siempre ah\u00ed, desde la \u00e9poca de la civilizaci\u00f3n mesopot\u00e1mica, y no en Groenlandia, es algo que s\u00f3lo lo puede decir la escuela. Y si alguien objetase que a veces tambi\u00e9n hay personas autorizadas en Porta a Porta<strong> (programa televisivo italiano de an\u00e1lisis de temas de actualidad),<\/strong> es la escuela quien debe discutir Porta a Porta. Los medios de difusi\u00f3n masivos informan sobre muchas cosas y tambi\u00e9n transmiten valores, pero la escuela debe saber discutir la manera en la que los transmiten, y evaluar el tono y la fuerza de argumentaci\u00f3n de lo que aparecen en diarios, revistas y televisi\u00f3n. Y adem\u00e1s, hace falta verificar la informaci\u00f3n que transmiten los medios: por ejemplo,<strong> \u00bfqui\u00e9n sino un docente puede corregir la pronunciaci\u00f3n err\u00f3nea del ingl\u00e9s que cada uno cree haber aprendido de la televisi\u00f3n?<\/strong><\/p>\n<p style=\"text-align: justify;\">Pero el estudiante no le estaba diciendo al profesor que ya no lo necesitaba porque ahora exist\u00edan la radio y la televisi\u00f3n para decirle d\u00f3nde est\u00e1 Tombuct\u00fa o lo que se discute sobre la fusi\u00f3n fr\u00eda, es decir, no le estaba diciendo que su rol era cuestionado por discursos aislados, que circulan de manera casual y desordenado cada d\u00eda en diversos medios \u0096que sepamos mucho sobre Irak y poco sobre Siria depende de la buena o mala voluntad de Bush. El estudiante estaba dici\u00e9ndole que hoy existe Internet, la Gran Madre de todas las enciclopedias, donde se puede encontrar Siria, la fusi\u00f3n fr\u00eda, la guerra de los treinta a\u00f1os y la discusi\u00f3n infinita sobre el m\u00e1s alto de los n\u00fameros impares. Le estaba diciendo que la informaci\u00f3n que Internet pone a su disposici\u00f3n es inmensamente m\u00e1s amplia e incluso m\u00e1s profunda que aquella de la que dispone el profesor. Y omit\u00eda un punto importante: que Internet le dice <strong>\u00abcasi todo\u00bb,<\/strong> salvo c\u00f3mo buscar, filtrar, seleccionar, aceptar o rechazar toda esa informaci\u00f3n.<\/p>\n<p style=\"text-align: justify;\">Almacenar nueva informaci\u00f3n, cuando se tiene buena memoria, es algo de lo que todo el mundo es capaz. Pero decidir qu\u00e9 es lo que vale la pena recordar y qu\u00e9 no es un arte sutil. Esa es la diferencia entre los que han cursado estudios regularmente <strong>(aunque sea mal) y<\/strong> los autodidactas <strong>(aunque sean geniales).<\/strong><\/p>\n<p style=\"text-align: justify;\">El problema dram\u00e1tico es que por cierto a veces ni siquiera el profesor sabe ense\u00f1ar el arte de la selecci\u00f3n, al menos no en cada cap\u00edtulo del saber. Pero por lo menos sabe que deber\u00eda saberlo, y si no sabe dar instrucciones precisas sobre c\u00f3mo seleccionar, por lo menos puede ofrecerse como ejemplo, mostrando a alguien que se esfuerza por comparar y juzgar cada vez todo aquello que Internet pone a su disposici\u00f3n. Y tambi\u00e9n puede poner cotidianamente en escena el intento de reorganizar sistem\u00e1ticamente lo que Internet le transmite en orden alfab\u00e9tico, diciendo que existen Tamerl\u00e1n y monocotiled\u00f3neas pero no la relaci\u00f3n sistem\u00e1tica entre estas dos nociones.<\/p>\n<p style=\"text-align: justify;\">El sentido de esa relaci\u00f3n s\u00f3lo puede ofrecerlo la escuela, y si no sabe c\u00f3mo tendr\u00e1 que equiparse para hacerlo. Si no es as\u00ed, las tres I de Internet, Ingl\u00e9s e Instrucci\u00f3n seguir\u00e1n siendo solamente la primera parte de un rebuzno de asno que no asciende al cielo.<\/p>\n<p style=\"text-align: justify;\"><strong>Este contenido ha sido publicado originalmente por La Naci\u00f3n (Argentina) en la siguiente direcci\u00f3n:\u00a0<a href=\"http:\/\/lanacion.com.ar\" target=\"_blank\" rel=\"noopener\">lanacion.com.ar<\/a><\/strong><\/p>\n\t\t<div class=\"pk-inline-posts\">\n\t\t\t\n\t\t\t<div class=\"pk-inline-posts-container pk-inline-posts-template-list\"\n\t\t\t\tdata-columns=\"1\">\n\t\t\t\t\t\t<article id=\"post-55421\" class=\"post-55421 post type-post status-publish format-standard has-post-thumbnail category-entrevistas category-noticias tag-ayudar tag-buena tag-debe tag-lider tag-pasion tag-persona tag-tener tag-victor-kuppers cs-entry cs-video-wrap\">\n\t\t\t<div class=\"pk-post-outer\">\n\n\t\t\t\t\t\t\t\t<div class=\"pk-post-inner\">\n\t\t\t\t\t<div class=\"entry-thumbnail\">\n\t\t\t\t\t\t<div class=\"pk-overlay pk-overlay-ratio pk-ratio-landscape\">\n\t\t\t\t\t\t\t<div class=\"pk-overlay-background\">\n\t\t\t\t\t\t\t\t<a href=\"https:\/\/webdelmaestrocmf.com\/portal\/victor-kuppers-un-lider-debe-ser-buena-persona-y-tener-pasion-por-ayudar\/\" class=\"pk-overlay-link\">\n\t\t\t\t\t\t\t\t\t<img loading=\"lazy\" decoding=\"async\" width=\"300\" height=\"225\" src=\"https:\/\/webdelmaestrocmf.com\/portal\/wp-content\/uploads\/2020\/12\/1AA-Banner-1-portada-imagen-10-1-copia-3-300x225.webp\" class=\"attachment-pk-thumbnail size-pk-thumbnail wp-post-image\" alt=\"\" \/>\t\t\t\t\t\t\t\t<\/a>\n\t\t\t\t\t\t\t<\/div>\n\t\t\t\t\t\t<\/div>\n\t\t\t\t\t<\/div>\n\t\t\t\t<\/div>\n\t\t\t\t\n\t\t\t\t<div class=\"pk-post-inner\">\n\t\t\t\t\t<header>\n\t\t\t\t\t\t<h3 class=\"pk-title\"><a href=\"https:\/\/webdelmaestrocmf.com\/portal\/victor-kuppers-un-lider-debe-ser-buena-persona-y-tener-pasion-por-ayudar\/\" rel=\"bookmark\">V\u00edctor K\u00fcppers: Un l\u00edder debe ser buena persona y tener pasi\u00f3n por ayudar<\/a><\/h3>\t\t\t\t\t<\/header><!-- .entry-header -->\n\t\t\t\t<\/div><!-- .post-inner -->\n\n\t\t\t<\/div><!-- .post-outer -->\n\t\t<\/article>\n\t\t\t<article id=\"post-118242\" class=\"post-118242 post type-post status-publish format-standard has-post-thumbnail category-entrevistas category-noticias tag-adolescencia tag-autoridad tag-convivencia-escolar tag-disciplina tag-docentes tag-educacion-2 tag-escuela tag-familia tag-infancia tag-valores cs-entry cs-video-wrap\">\n\t\t\t<div class=\"pk-post-outer\">\n\n\t\t\t\t\t\t\t\t<div class=\"pk-post-inner\">\n\t\t\t\t\t<div class=\"entry-thumbnail\">\n\t\t\t\t\t\t<div class=\"pk-overlay pk-overlay-ratio pk-ratio-landscape\">\n\t\t\t\t\t\t\t<div class=\"pk-overlay-background\">\n\t\t\t\t\t\t\t\t<a href=\"https:\/\/webdelmaestrocmf.com\/portal\/emilio-calatayud-los-padres-tenemos-la-obligacion-de-devolver-el-prestigio-a-los-maestros\/\" class=\"pk-overlay-link\">\n\t\t\t\t\t\t\t\t\t<img loading=\"lazy\" decoding=\"async\" width=\"300\" height=\"225\" src=\"https:\/\/webdelmaestrocmf.com\/portal\/wp-content\/uploads\/2026\/04\/1-61-300x225.jpg\" class=\"attachment-pk-thumbnail size-pk-thumbnail wp-post-image\" alt=\"\" \/>\t\t\t\t\t\t\t\t<\/a>\n\t\t\t\t\t\t\t<\/div>\n\t\t\t\t\t\t<\/div>\n\t\t\t\t\t<\/div>\n\t\t\t\t<\/div>\n\t\t\t\t\n\t\t\t\t<div class=\"pk-post-inner\">\n\t\t\t\t\t<header>\n\t\t\t\t\t\t<h3 class=\"pk-title\"><a href=\"https:\/\/webdelmaestrocmf.com\/portal\/emilio-calatayud-los-padres-tenemos-la-obligacion-de-devolver-el-prestigio-a-los-maestros\/\" rel=\"bookmark\">Emilio Calatayud: \u00abLos padres tenemos la obligaci\u00f3n de devolver el prestigio a los maestros\u00bb<\/a><\/h3>\t\t\t\t\t<\/header><!-- .entry-header -->\n\t\t\t\t<\/div><!-- .post-inner -->\n\n\t\t\t<\/div><!-- .post-outer -->\n\t\t<\/article>\n\t\t\t<article id=\"post-118144\" class=\"post-118144 post type-post status-publish format-standard has-post-thumbnail category-entrevistas category-noticias tag-alfabetizacion-2 tag-aprendizaje tag-comprension-lectora tag-docentes tag-educacion-2 tag-ensenanza-2 tag-escuela tag-lenguaje tag-pedagogia-2 tag-pensamiento-critico-2 cs-entry cs-video-wrap\">\n\t\t\t<div class=\"pk-post-outer\">\n\n\t\t\t\t\t\t\t\t<div class=\"pk-post-inner\">\n\t\t\t\t\t<div class=\"entry-thumbnail\">\n\t\t\t\t\t\t<div class=\"pk-overlay pk-overlay-ratio pk-ratio-landscape\">\n\t\t\t\t\t\t\t<div class=\"pk-overlay-background\">\n\t\t\t\t\t\t\t\t<a href=\"https:\/\/webdelmaestrocmf.com\/portal\/gregorio-luri-para-fomentar-el-pensamiento-critico-garanticemos-que-todos-salen-de-la-secundaria-sabiendo-leer-y-escribir\/\" class=\"pk-overlay-link\">\n\t\t\t\t\t\t\t\t\t<img loading=\"lazy\" decoding=\"async\" width=\"300\" height=\"225\" src=\"https:\/\/webdelmaestrocmf.com\/portal\/wp-content\/uploads\/2026\/04\/Portada-articulos-1-300x225.jpg\" class=\"attachment-pk-thumbnail size-pk-thumbnail wp-post-image\" alt=\"\" \/>\t\t\t\t\t\t\t\t<\/a>\n\t\t\t\t\t\t\t<\/div>\n\t\t\t\t\t\t<\/div>\n\t\t\t\t\t<\/div>\n\t\t\t\t<\/div>\n\t\t\t\t\n\t\t\t\t<div class=\"pk-post-inner\">\n\t\t\t\t\t<header>\n\t\t\t\t\t\t<h3 class=\"pk-title\"><a href=\"https:\/\/webdelmaestrocmf.com\/portal\/gregorio-luri-para-fomentar-el-pensamiento-critico-garanticemos-que-todos-salen-de-la-secundaria-sabiendo-leer-y-escribir\/\" rel=\"bookmark\">Gregorio Luri: Para fomentar el pensamiento cr\u00edtico, garanticemos que todos salen de la secundaria sabiendo leer y escribir<\/a><\/h3>\t\t\t\t\t<\/header><!-- .entry-header -->\n\t\t\t\t<\/div><!-- .post-inner -->\n\n\t\t\t<\/div><!-- .post-outer -->\n\t\t<\/article>\n\t\t\t\t<\/div>\n\t\t<\/div>\n\t\t\n","protected":false},"excerpt":{"rendered":"El escritor, cr\u00edtico literario y profesor de semi\u00f3tica Umberto Eco naci\u00f3 el 5 de enero de 1932 en&hellip;","protected":false},"author":1,"featured_media":106897,"comment_status":"open","ping_status":"closed","sticky":false,"template":"","format":"standard","meta":{"csco_display_header_overlay":false,"csco_singular_sidebar":"disabled","csco_page_header_type":"large","csco_page_load_nextpost":"default","csco_post_video_location":[],"csco_post_video_location_hash":"","csco_post_video_url":"","csco_post_video_bg_start_time":0,"csco_post_video_bg_end_time":0,"csco_post_video_bg_volume":false,"_jetpack_memberships_contains_paid_content":false,"footnotes":""},"categories":[48,47,409],"tags":[3320,342,3319],"class_list":{"0":"post-25987","1":"post","2":"type-post","3":"status-publish","4":"format-standard","5":"has-post-thumbnail","7":"category-entrevistas","8":"category-noticias","9":"category-opinion","10":"tag-eco","11":"tag-profesor","12":"tag-umberto","13":"cs-entry","14":"cs-video-wrap"},"yoast_head":"<!-- This site is optimized with the Yoast SEO plugin v27.4 - https:\/\/yoast.com\/product\/yoast-seo-wordpress\/ -->\n<title>Umberto Eco: \u00bfDe qu\u00e9 sirve el profesor?<\/title>\n<meta name=\"description\" content=\"Un docente, adem\u00e1s de informar, debe formar. Lo que hace que una clase sea una buena clase no es que se transmitan datos y datos...\" \/>\n<meta name=\"robots\" content=\"index, follow, max-snippet:-1, max-image-preview:large, max-video-preview:-1\" \/>\n<link rel=\"canonical\" href=\"https:\/\/webdelmaestrocmf.com\/portal\/de-que-sirve-el-profesor-y-umberto-eco-respondio-respondio\/\" \/>\n<meta property=\"og:locale\" content=\"es_ES\" \/>\n<meta property=\"og:type\" content=\"article\" \/>\n<meta property=\"og:title\" content=\"Umberto Eco: \u00bfDe qu\u00e9 sirve el profesor?\" \/>\n<meta property=\"og:description\" content=\"Un docente, adem\u00e1s de informar, debe formar. Lo que hace que una clase sea una buena clase no es que se transmitan datos y datos...\" \/>\n<meta property=\"og:url\" content=\"https:\/\/webdelmaestrocmf.com\/portal\/de-que-sirve-el-profesor-y-umberto-eco-respondio-respondio\/\" \/>\n<meta property=\"og:site_name\" content=\"Web del Maestro CMF\" \/>\n<meta property=\"article:publisher\" content=\"https:\/\/www.facebook.com\/WebdelMaestroCMF\/\" \/>\n<meta property=\"article:author\" content=\"https:\/\/www.facebook.com\/WebdelMaestroCMF\/\" \/>\n<meta property=\"article:published_time\" content=\"2024-11-12T04:33:59+00:00\" \/>\n<meta property=\"article:modified_time\" content=\"2024-11-12T16:29:49+00:00\" \/>\n<meta property=\"og:image\" content=\"https:\/\/webdelmaestrocmf.com\/portal\/wp-content\/uploads\/2018\/01\/Banner-1-portada-imagen-10-1-3.jpg\" \/>\n\t<meta property=\"og:image:width\" content=\"1024\" \/>\n\t<meta property=\"og:image:height\" content=\"1024\" \/>\n\t<meta property=\"og:image:type\" content=\"image\/jpeg\" \/>\n<meta name=\"author\" content=\"Web del Maestro CMF\" \/>\n<meta name=\"twitter:card\" content=\"summary_large_image\" \/>\n<meta name=\"twitter:creator\" content=\"@cmf_w\" \/>\n<meta name=\"twitter:site\" content=\"@cmf_w\" \/>\n<meta name=\"twitter:label1\" content=\"Escrito por\" \/>\n\t<meta name=\"twitter:data1\" content=\"Web del Maestro CMF\" \/>\n\t<meta name=\"twitter:label2\" content=\"Tiempo de lectura\" \/>\n\t<meta name=\"twitter:data2\" content=\"6 minutos\" \/>\n<script type=\"application\/ld+json\" class=\"yoast-schema-graph\">{\"@context\":\"https:\\\/\\\/schema.org\",\"@graph\":[{\"@type\":\"ScholarlyArticle\",\"@id\":\"https:\\\/\\\/webdelmaestrocmf.com\\\/portal\\\/de-que-sirve-el-profesor-y-umberto-eco-respondio-respondio\\\/#article\",\"isPartOf\":{\"@id\":\"https:\\\/\\\/webdelmaestrocmf.com\\\/portal\\\/de-que-sirve-el-profesor-y-umberto-eco-respondio-respondio\\\/\"},\"author\":{\"name\":\"Web del Maestro CMF\",\"@id\":\"https:\\\/\\\/webdelmaestrocmf.com\\\/portal\\\/#\\\/schema\\\/person\\\/1072a2ed7bd960df8ef99a551fa35dc5\"},\"headline\":\"Umberto Eco: \u00bfDe qu\u00e9 sirve el profesor?\",\"datePublished\":\"2024-11-12T04:33:59+00:00\",\"dateModified\":\"2024-11-12T16:29:49+00:00\",\"mainEntityOfPage\":{\"@id\":\"https:\\\/\\\/webdelmaestrocmf.com\\\/portal\\\/de-que-sirve-el-profesor-y-umberto-eco-respondio-respondio\\\/\"},\"wordCount\":1175,\"commentCount\":0,\"publisher\":{\"@id\":\"https:\\\/\\\/webdelmaestrocmf.com\\\/portal\\\/#organization\"},\"image\":{\"@id\":\"https:\\\/\\\/webdelmaestrocmf.com\\\/portal\\\/de-que-sirve-el-profesor-y-umberto-eco-respondio-respondio\\\/#primaryimage\"},\"thumbnailUrl\":\"https:\\\/\\\/webdelmaestrocmf.com\\\/portal\\\/wp-content\\\/uploads\\\/2018\\\/01\\\/Banner-1-portada-imagen-10-1-3.jpg\",\"keywords\":[\"ECO\",\"profesor\",\"UMBERTO\"],\"articleSection\":[\"Entrevistas\",\"Noticias\",\"Opini\u00f3n\"],\"inLanguage\":\"es\",\"potentialAction\":[{\"@type\":\"CommentAction\",\"name\":\"Comment\",\"target\":[\"https:\\\/\\\/webdelmaestrocmf.com\\\/portal\\\/de-que-sirve-el-profesor-y-umberto-eco-respondio-respondio\\\/#respond\"]}]},{\"@type\":\"WebPage\",\"@id\":\"https:\\\/\\\/webdelmaestrocmf.com\\\/portal\\\/de-que-sirve-el-profesor-y-umberto-eco-respondio-respondio\\\/\",\"url\":\"https:\\\/\\\/webdelmaestrocmf.com\\\/portal\\\/de-que-sirve-el-profesor-y-umberto-eco-respondio-respondio\\\/\",\"name\":\"Umberto Eco: \u00bfDe qu\u00e9 sirve el profesor?\",\"isPartOf\":{\"@id\":\"https:\\\/\\\/webdelmaestrocmf.com\\\/portal\\\/#website\"},\"primaryImageOfPage\":{\"@id\":\"https:\\\/\\\/webdelmaestrocmf.com\\\/portal\\\/de-que-sirve-el-profesor-y-umberto-eco-respondio-respondio\\\/#primaryimage\"},\"image\":{\"@id\":\"https:\\\/\\\/webdelmaestrocmf.com\\\/portal\\\/de-que-sirve-el-profesor-y-umberto-eco-respondio-respondio\\\/#primaryimage\"},\"thumbnailUrl\":\"https:\\\/\\\/webdelmaestrocmf.com\\\/portal\\\/wp-content\\\/uploads\\\/2018\\\/01\\\/Banner-1-portada-imagen-10-1-3.jpg\",\"datePublished\":\"2024-11-12T04:33:59+00:00\",\"dateModified\":\"2024-11-12T16:29:49+00:00\",\"description\":\"Un docente, adem\u00e1s de informar, debe formar. Lo que hace que una clase sea una buena clase no es que se transmitan datos y datos...\",\"breadcrumb\":{\"@id\":\"https:\\\/\\\/webdelmaestrocmf.com\\\/portal\\\/de-que-sirve-el-profesor-y-umberto-eco-respondio-respondio\\\/#breadcrumb\"},\"inLanguage\":\"es\",\"potentialAction\":[{\"@type\":\"ReadAction\",\"target\":[\"https:\\\/\\\/webdelmaestrocmf.com\\\/portal\\\/de-que-sirve-el-profesor-y-umberto-eco-respondio-respondio\\\/\"]}]},{\"@type\":\"ImageObject\",\"inLanguage\":\"es\",\"@id\":\"https:\\\/\\\/webdelmaestrocmf.com\\\/portal\\\/de-que-sirve-el-profesor-y-umberto-eco-respondio-respondio\\\/#primaryimage\",\"url\":\"https:\\\/\\\/webdelmaestrocmf.com\\\/portal\\\/wp-content\\\/uploads\\\/2018\\\/01\\\/Banner-1-portada-imagen-10-1-3.jpg\",\"contentUrl\":\"https:\\\/\\\/webdelmaestrocmf.com\\\/portal\\\/wp-content\\\/uploads\\\/2018\\\/01\\\/Banner-1-portada-imagen-10-1-3.jpg\",\"width\":1024,\"height\":1024},{\"@type\":\"BreadcrumbList\",\"@id\":\"https:\\\/\\\/webdelmaestrocmf.com\\\/portal\\\/de-que-sirve-el-profesor-y-umberto-eco-respondio-respondio\\\/#breadcrumb\",\"itemListElement\":[{\"@type\":\"ListItem\",\"position\":1,\"name\":\"Portada\",\"item\":\"https:\\\/\\\/webdelmaestrocmf.com\\\/portal\\\/\"},{\"@type\":\"ListItem\",\"position\":2,\"name\":\"Noticias\",\"item\":\"https:\\\/\\\/webdelmaestrocmf.com\\\/portal\\\/category\\\/noticias\\\/\"},{\"@type\":\"ListItem\",\"position\":3,\"name\":\"Opini\u00f3n\",\"item\":\"https:\\\/\\\/webdelmaestrocmf.com\\\/portal\\\/category\\\/noticias\\\/opinion\\\/\"},{\"@type\":\"ListItem\",\"position\":4,\"name\":\"Umberto Eco: \u00bfDe qu\u00e9 sirve el profesor?\"}]},{\"@type\":\"WebSite\",\"@id\":\"https:\\\/\\\/webdelmaestrocmf.com\\\/portal\\\/#website\",\"url\":\"https:\\\/\\\/webdelmaestrocmf.com\\\/portal\\\/\",\"name\":\"Web del Maestro CMF\",\"description\":\"Maestros al servicio de la educaci\u00f3n\",\"publisher\":{\"@id\":\"https:\\\/\\\/webdelmaestrocmf.com\\\/portal\\\/#organization\"},\"alternateName\":\"WMCMF\",\"potentialAction\":[{\"@type\":\"SearchAction\",\"target\":{\"@type\":\"EntryPoint\",\"urlTemplate\":\"https:\\\/\\\/webdelmaestrocmf.com\\\/portal\\\/?s={search_term_string}\"},\"query-input\":{\"@type\":\"PropertyValueSpecification\",\"valueRequired\":true,\"valueName\":\"search_term_string\"}}],\"inLanguage\":\"es\"},{\"@type\":\"Organization\",\"@id\":\"https:\\\/\\\/webdelmaestrocmf.com\\\/portal\\\/#organization\",\"name\":\"Web del Maestro CMF\",\"alternateName\":\"WMCMF\",\"url\":\"https:\\\/\\\/webdelmaestrocmf.com\\\/portal\\\/\",\"logo\":{\"@type\":\"ImageObject\",\"inLanguage\":\"es\",\"@id\":\"https:\\\/\\\/webdelmaestrocmf.com\\\/portal\\\/#\\\/schema\\\/logo\\\/image\\\/\",\"url\":\"https:\\\/\\\/webdelmaestrocmf.com\\\/portal\\\/wp-content\\\/uploads\\\/2023\\\/01\\\/logo-wmcmf-2.png\",\"contentUrl\":\"https:\\\/\\\/webdelmaestrocmf.com\\\/portal\\\/wp-content\\\/uploads\\\/2023\\\/01\\\/logo-wmcmf-2.png\",\"width\":200,\"height\":60,\"caption\":\"Web del Maestro CMF\"},\"image\":{\"@id\":\"https:\\\/\\\/webdelmaestrocmf.com\\\/portal\\\/#\\\/schema\\\/logo\\\/image\\\/\"},\"sameAs\":[\"https:\\\/\\\/www.facebook.com\\\/WebdelMaestroCMF\\\/\",\"https:\\\/\\\/x.com\\\/cmf_w\",\"https:\\\/\\\/www.pinterest.com\\\/WMCMF\\\/\",\"https:\\\/\\\/www.linkedin.com\\\/company\\\/web-del-maestro-cmf\\\/\",\"https:\\\/\\\/www.instagram.com\\\/wmcmf\\\/\",\"https:\\\/\\\/www.youtube.com\\\/channel\\\/UCDPSvjbdodE5sHnC3OxutHw\",\"https:\\\/\\\/mastodon.social\\\/@wmcmf\",\"https:\\\/\\\/www.tiktok.com\\\/@webdelmaestrocmf\"]},{\"@type\":\"Person\",\"@id\":\"https:\\\/\\\/webdelmaestrocmf.com\\\/portal\\\/#\\\/schema\\\/person\\\/1072a2ed7bd960df8ef99a551fa35dc5\",\"name\":\"Web del Maestro CMF\",\"image\":{\"@type\":\"ImageObject\",\"inLanguage\":\"es\",\"@id\":\"https:\\\/\\\/secure.gravatar.com\\\/avatar\\\/23291dd5b5ae1077dcff3dbb04c3e02bd28403fa75af6d8787d5e97c5bbbe30b?s=96&d=mm&r=g\",\"url\":\"https:\\\/\\\/secure.gravatar.com\\\/avatar\\\/23291dd5b5ae1077dcff3dbb04c3e02bd28403fa75af6d8787d5e97c5bbbe30b?s=96&d=mm&r=g\",\"contentUrl\":\"https:\\\/\\\/secure.gravatar.com\\\/avatar\\\/23291dd5b5ae1077dcff3dbb04c3e02bd28403fa75af6d8787d5e97c5bbbe30b?s=96&d=mm&r=g\",\"caption\":\"Web del Maestro CMF\"},\"description\":\"Esta Web se cre\u00f3 sin fines de lucro, con fines educativos, cient\u00edficos y acad\u00e9micos, para personas que tengan dificultades y\\\/o inconvenientes en visualizar el material original. El objetivo es entregar recursos, compartir experiencias y materiales que ayuden a los padres de familia, maestros y estudiantes en su actualizaci\u00f3n y formaci\u00f3n permanente, en bien de la Educaci\u00f3n.\",\"sameAs\":[\"http:\\\/\\\/webdelmaestrocmf.com\\\/portal\",\"https:\\\/\\\/www.facebook.com\\\/WebdelMaestroCMF\\\/\",\"https:\\\/\\\/www.instagram.com\\\/wmcmf\\\/\",\"https:\\\/\\\/cl.linkedin.com\\\/company\\\/web-del-maestro-cmf\",\"https:\\\/\\\/www.pinterest.com\\\/WMCMF\\\/publicaciones\\\/\",\"https:\\\/\\\/x.com\\\/cmf_w\",\"https:\\\/\\\/www.youtube.com\\\/@WMCMF\"]}]}<\/script>\n<!-- \/ Yoast SEO plugin. -->","yoast_head_json":{"title":"Umberto Eco: \u00bfDe qu\u00e9 sirve el profesor?","description":"Un docente, adem\u00e1s de informar, debe formar. Lo que hace que una clase sea una buena clase no es que se transmitan datos y datos...","robots":{"index":"index","follow":"follow","max-snippet":"max-snippet:-1","max-image-preview":"max-image-preview:large","max-video-preview":"max-video-preview:-1"},"canonical":"https:\/\/webdelmaestrocmf.com\/portal\/de-que-sirve-el-profesor-y-umberto-eco-respondio-respondio\/","og_locale":"es_ES","og_type":"article","og_title":"Umberto Eco: \u00bfDe qu\u00e9 sirve el profesor?","og_description":"Un docente, adem\u00e1s de informar, debe formar. Lo que hace que una clase sea una buena clase no es que se transmitan datos y datos...","og_url":"https:\/\/webdelmaestrocmf.com\/portal\/de-que-sirve-el-profesor-y-umberto-eco-respondio-respondio\/","og_site_name":"Web del Maestro CMF","article_publisher":"https:\/\/www.facebook.com\/WebdelMaestroCMF\/","article_author":"https:\/\/www.facebook.com\/WebdelMaestroCMF\/","article_published_time":"2024-11-12T04:33:59+00:00","article_modified_time":"2024-11-12T16:29:49+00:00","og_image":[{"width":1024,"height":1024,"url":"https:\/\/webdelmaestrocmf.com\/portal\/wp-content\/uploads\/2018\/01\/Banner-1-portada-imagen-10-1-3.jpg","type":"image\/jpeg"}],"author":"Web del Maestro CMF","twitter_card":"summary_large_image","twitter_creator":"@cmf_w","twitter_site":"@cmf_w","twitter_misc":{"Escrito por":"Web del Maestro CMF","Tiempo de lectura":"6 minutos"},"schema":{"@context":"https:\/\/schema.org","@graph":[{"@type":"ScholarlyArticle","@id":"https:\/\/webdelmaestrocmf.com\/portal\/de-que-sirve-el-profesor-y-umberto-eco-respondio-respondio\/#article","isPartOf":{"@id":"https:\/\/webdelmaestrocmf.com\/portal\/de-que-sirve-el-profesor-y-umberto-eco-respondio-respondio\/"},"author":{"name":"Web del Maestro CMF","@id":"https:\/\/webdelmaestrocmf.com\/portal\/#\/schema\/person\/1072a2ed7bd960df8ef99a551fa35dc5"},"headline":"Umberto Eco: \u00bfDe qu\u00e9 sirve el profesor?","datePublished":"2024-11-12T04:33:59+00:00","dateModified":"2024-11-12T16:29:49+00:00","mainEntityOfPage":{"@id":"https:\/\/webdelmaestrocmf.com\/portal\/de-que-sirve-el-profesor-y-umberto-eco-respondio-respondio\/"},"wordCount":1175,"commentCount":0,"publisher":{"@id":"https:\/\/webdelmaestrocmf.com\/portal\/#organization"},"image":{"@id":"https:\/\/webdelmaestrocmf.com\/portal\/de-que-sirve-el-profesor-y-umberto-eco-respondio-respondio\/#primaryimage"},"thumbnailUrl":"https:\/\/webdelmaestrocmf.com\/portal\/wp-content\/uploads\/2018\/01\/Banner-1-portada-imagen-10-1-3.jpg","keywords":["ECO","profesor","UMBERTO"],"articleSection":["Entrevistas","Noticias","Opini\u00f3n"],"inLanguage":"es","potentialAction":[{"@type":"CommentAction","name":"Comment","target":["https:\/\/webdelmaestrocmf.com\/portal\/de-que-sirve-el-profesor-y-umberto-eco-respondio-respondio\/#respond"]}]},{"@type":"WebPage","@id":"https:\/\/webdelmaestrocmf.com\/portal\/de-que-sirve-el-profesor-y-umberto-eco-respondio-respondio\/","url":"https:\/\/webdelmaestrocmf.com\/portal\/de-que-sirve-el-profesor-y-umberto-eco-respondio-respondio\/","name":"Umberto Eco: \u00bfDe qu\u00e9 sirve el profesor?","isPartOf":{"@id":"https:\/\/webdelmaestrocmf.com\/portal\/#website"},"primaryImageOfPage":{"@id":"https:\/\/webdelmaestrocmf.com\/portal\/de-que-sirve-el-profesor-y-umberto-eco-respondio-respondio\/#primaryimage"},"image":{"@id":"https:\/\/webdelmaestrocmf.com\/portal\/de-que-sirve-el-profesor-y-umberto-eco-respondio-respondio\/#primaryimage"},"thumbnailUrl":"https:\/\/webdelmaestrocmf.com\/portal\/wp-content\/uploads\/2018\/01\/Banner-1-portada-imagen-10-1-3.jpg","datePublished":"2024-11-12T04:33:59+00:00","dateModified":"2024-11-12T16:29:49+00:00","description":"Un docente, adem\u00e1s de informar, debe formar. Lo que hace que una clase sea una buena clase no es que se transmitan datos y datos...","breadcrumb":{"@id":"https:\/\/webdelmaestrocmf.com\/portal\/de-que-sirve-el-profesor-y-umberto-eco-respondio-respondio\/#breadcrumb"},"inLanguage":"es","potentialAction":[{"@type":"ReadAction","target":["https:\/\/webdelmaestrocmf.com\/portal\/de-que-sirve-el-profesor-y-umberto-eco-respondio-respondio\/"]}]},{"@type":"ImageObject","inLanguage":"es","@id":"https:\/\/webdelmaestrocmf.com\/portal\/de-que-sirve-el-profesor-y-umberto-eco-respondio-respondio\/#primaryimage","url":"https:\/\/webdelmaestrocmf.com\/portal\/wp-content\/uploads\/2018\/01\/Banner-1-portada-imagen-10-1-3.jpg","contentUrl":"https:\/\/webdelmaestrocmf.com\/portal\/wp-content\/uploads\/2018\/01\/Banner-1-portada-imagen-10-1-3.jpg","width":1024,"height":1024},{"@type":"BreadcrumbList","@id":"https:\/\/webdelmaestrocmf.com\/portal\/de-que-sirve-el-profesor-y-umberto-eco-respondio-respondio\/#breadcrumb","itemListElement":[{"@type":"ListItem","position":1,"name":"Portada","item":"https:\/\/webdelmaestrocmf.com\/portal\/"},{"@type":"ListItem","position":2,"name":"Noticias","item":"https:\/\/webdelmaestrocmf.com\/portal\/category\/noticias\/"},{"@type":"ListItem","position":3,"name":"Opini\u00f3n","item":"https:\/\/webdelmaestrocmf.com\/portal\/category\/noticias\/opinion\/"},{"@type":"ListItem","position":4,"name":"Umberto Eco: \u00bfDe qu\u00e9 sirve el profesor?"}]},{"@type":"WebSite","@id":"https:\/\/webdelmaestrocmf.com\/portal\/#website","url":"https:\/\/webdelmaestrocmf.com\/portal\/","name":"Web del Maestro CMF","description":"Maestros al servicio de la educaci\u00f3n","publisher":{"@id":"https:\/\/webdelmaestrocmf.com\/portal\/#organization"},"alternateName":"WMCMF","potentialAction":[{"@type":"SearchAction","target":{"@type":"EntryPoint","urlTemplate":"https:\/\/webdelmaestrocmf.com\/portal\/?s={search_term_string}"},"query-input":{"@type":"PropertyValueSpecification","valueRequired":true,"valueName":"search_term_string"}}],"inLanguage":"es"},{"@type":"Organization","@id":"https:\/\/webdelmaestrocmf.com\/portal\/#organization","name":"Web del Maestro CMF","alternateName":"WMCMF","url":"https:\/\/webdelmaestrocmf.com\/portal\/","logo":{"@type":"ImageObject","inLanguage":"es","@id":"https:\/\/webdelmaestrocmf.com\/portal\/#\/schema\/logo\/image\/","url":"https:\/\/webdelmaestrocmf.com\/portal\/wp-content\/uploads\/2023\/01\/logo-wmcmf-2.png","contentUrl":"https:\/\/webdelmaestrocmf.com\/portal\/wp-content\/uploads\/2023\/01\/logo-wmcmf-2.png","width":200,"height":60,"caption":"Web del Maestro CMF"},"image":{"@id":"https:\/\/webdelmaestrocmf.com\/portal\/#\/schema\/logo\/image\/"},"sameAs":["https:\/\/www.facebook.com\/WebdelMaestroCMF\/","https:\/\/x.com\/cmf_w","https:\/\/www.pinterest.com\/WMCMF\/","https:\/\/www.linkedin.com\/company\/web-del-maestro-cmf\/","https:\/\/www.instagram.com\/wmcmf\/","https:\/\/www.youtube.com\/channel\/UCDPSvjbdodE5sHnC3OxutHw","https:\/\/mastodon.social\/@wmcmf","https:\/\/www.tiktok.com\/@webdelmaestrocmf"]},{"@type":"Person","@id":"https:\/\/webdelmaestrocmf.com\/portal\/#\/schema\/person\/1072a2ed7bd960df8ef99a551fa35dc5","name":"Web del Maestro CMF","image":{"@type":"ImageObject","inLanguage":"es","@id":"https:\/\/secure.gravatar.com\/avatar\/23291dd5b5ae1077dcff3dbb04c3e02bd28403fa75af6d8787d5e97c5bbbe30b?s=96&d=mm&r=g","url":"https:\/\/secure.gravatar.com\/avatar\/23291dd5b5ae1077dcff3dbb04c3e02bd28403fa75af6d8787d5e97c5bbbe30b?s=96&d=mm&r=g","contentUrl":"https:\/\/secure.gravatar.com\/avatar\/23291dd5b5ae1077dcff3dbb04c3e02bd28403fa75af6d8787d5e97c5bbbe30b?s=96&d=mm&r=g","caption":"Web del Maestro CMF"},"description":"Esta Web se cre\u00f3 sin fines de lucro, con fines educativos, cient\u00edficos y acad\u00e9micos, para personas que tengan dificultades y\/o inconvenientes en visualizar el material original. El objetivo es entregar recursos, compartir experiencias y materiales que ayuden a los padres de familia, maestros y estudiantes en su actualizaci\u00f3n y formaci\u00f3n permanente, en bien de la Educaci\u00f3n.","sameAs":["http:\/\/webdelmaestrocmf.com\/portal","https:\/\/www.facebook.com\/WebdelMaestroCMF\/","https:\/\/www.instagram.com\/wmcmf\/","https:\/\/cl.linkedin.com\/company\/web-del-maestro-cmf","https:\/\/www.pinterest.com\/WMCMF\/publicaciones\/","https:\/\/x.com\/cmf_w","https:\/\/www.youtube.com\/@WMCMF"]}]}},"jetpack_featured_media_url":"https:\/\/webdelmaestrocmf.com\/portal\/wp-content\/uploads\/2018\/01\/Banner-1-portada-imagen-10-1-3.jpg","jetpack_sharing_enabled":true,"jetpack-related-posts":[{"id":57253,"url":"https:\/\/webdelmaestrocmf.com\/portal\/111-frases-para-recordar-la-mordaz-lucidez-de-umberto-eco-en-el-futuro-la-educacion-tendra-como-objetivo-aprender-el-arte-del-filtro\/","url_meta":{"origin":25987,"position":0},"title":"111 frases para recordar la mordaz lucidez de Umberto Eco: \u00abEn el futuro, la educaci\u00f3n tendr\u00e1 como objetivo aprender el arte del filtro\u00bb","author":"Web del Maestro CMF","date":"10 junio, 2022","format":false,"excerpt":"Umberto Eco (Alessandria, 5 de enero de 1932-Mil\u00e1n, 19 de febrero de 2016) fue un semi\u00f3logo, historiador, fil\u00f3sofo y escritor italiano, autor de numerosos ensayos sobre semi\u00f3tica, est\u00e9tica, historia medieval, ling\u00fc\u00edstica y filosof\u00eda, as\u00ed como de varias novelas. En a\u00f1os posteriores continu\u00f3 su actividad acad\u00e9mica en diversas universidades, italianas y\u2026","rel":"","context":"En \u00abNoticias\u00bb","block_context":{"text":"Noticias","link":"https:\/\/webdelmaestrocmf.com\/portal\/category\/pedagogia\/noticias-pedagogia\/"},"img":{"alt_text":"","src":"https:\/\/i0.wp.com\/webdelmaestrocmf.com\/portal\/wp-content\/uploads\/2021\/01\/1-63.jpg?resize=350%2C200&ssl=1","width":350,"height":200,"srcset":"https:\/\/i0.wp.com\/webdelmaestrocmf.com\/portal\/wp-content\/uploads\/2021\/01\/1-63.jpg?resize=350%2C200&ssl=1 1x, https:\/\/i0.wp.com\/webdelmaestrocmf.com\/portal\/wp-content\/uploads\/2021\/01\/1-63.jpg?resize=525%2C300&ssl=1 1.5x, https:\/\/i0.wp.com\/webdelmaestrocmf.com\/portal\/wp-content\/uploads\/2021\/01\/1-63.jpg?resize=700%2C400&ssl=1 2x, https:\/\/i0.wp.com\/webdelmaestrocmf.com\/portal\/wp-content\/uploads\/2021\/01\/1-63.jpg?resize=1050%2C600&ssl=1 3x"},"classes":[]},{"id":83465,"url":"https:\/\/webdelmaestrocmf.com\/portal\/los-examenes-de-ingreso-deberian-averiguar-el-nivel-de-motivacion\/","url_meta":{"origin":25987,"position":1},"title":"Los ex\u00e1menes de ingreso deber\u00edan averiguar el nivel de motivaci\u00f3n","author":"Web del Maestro CMF","date":"29 enero, 2023","format":"video","excerpt":"El paleoantrop\u00f3logo espa\u00f1ol Juan Luis Arsuaga (Madrid 1954), es doctor en Ciencias Biol\u00f3gicas por la Universidad Complutense de Madrid y catedr\u00e1tico de Paleontolog\u00eda en la Facultad de Ciencias Geol\u00f3gicas de esta misma universidad. \u200bDesde julio de 2013 es director cient\u00edfico del Museo de la Evoluci\u00f3n Humana de Burgos (Espa\u00f1a), quien\u2026","rel":"","context":"En \u00abAdolescente\u00bb","block_context":{"text":"Adolescente","link":"https:\/\/webdelmaestrocmf.com\/portal\/category\/adolescente\/"},"img":{"alt_text":"","src":"https:\/\/i0.wp.com\/webdelmaestrocmf.com\/portal\/wp-content\/uploads\/2023\/01\/1a-4.jpeg?resize=350%2C200&ssl=1","width":350,"height":200,"srcset":"https:\/\/i0.wp.com\/webdelmaestrocmf.com\/portal\/wp-content\/uploads\/2023\/01\/1a-4.jpeg?resize=350%2C200&ssl=1 1x, https:\/\/i0.wp.com\/webdelmaestrocmf.com\/portal\/wp-content\/uploads\/2023\/01\/1a-4.jpeg?resize=525%2C300&ssl=1 1.5x, https:\/\/i0.wp.com\/webdelmaestrocmf.com\/portal\/wp-content\/uploads\/2023\/01\/1a-4.jpeg?resize=700%2C400&ssl=1 2x"},"classes":[]},{"id":67514,"url":"https:\/\/webdelmaestrocmf.com\/portal\/google-meet-le-mostrara-una-alerta-de-eco-cuando-su-microfono-no-este-funcionando-con-normalidad-aprenda-que-debe-hacer-para-solucionarlo\/","url_meta":{"origin":25987,"position":2},"title":"Google Meet le mostrar\u00e1 una alerta de ECO cuando su micr\u00f3fono no est\u00e9 funcionando con normalidad. Aprenda qu\u00e9 debe hacer para solucionarlo","author":"Web del Maestro CMF","date":"5 septiembre, 2021","format":false,"excerpt":"Seguro te ha pasado. Mientras hacemos\u00a0videollamadas\u00a0no tenemos mucho control sobre la calidad de audio y, algunas veces, los participantes de la reuni\u00f3n sufren las consecuencias de problemas como est\u00e1tica o eco. No obstante, plataformas como\u00a0Google Meet\u00a0han ideado una manera de avisar a los usuarios cuando sus micr\u00f3fonos est\u00e1n generando un\u2026","rel":"","context":"En \u00abSoftware\u00bb","block_context":{"text":"Software","link":"https:\/\/webdelmaestrocmf.com\/portal\/category\/tecnologia\/software\/"},"img":{"alt_text":"","src":"https:\/\/i0.wp.com\/webdelmaestrocmf.com\/portal\/wp-content\/uploads\/2021\/09\/1-22.jpg?resize=350%2C200&ssl=1","width":350,"height":200,"srcset":"https:\/\/i0.wp.com\/webdelmaestrocmf.com\/portal\/wp-content\/uploads\/2021\/09\/1-22.jpg?resize=350%2C200&ssl=1 1x, https:\/\/i0.wp.com\/webdelmaestrocmf.com\/portal\/wp-content\/uploads\/2021\/09\/1-22.jpg?resize=525%2C300&ssl=1 1.5x, https:\/\/i0.wp.com\/webdelmaestrocmf.com\/portal\/wp-content\/uploads\/2021\/09\/1-22.jpg?resize=700%2C400&ssl=1 2x, https:\/\/i0.wp.com\/webdelmaestrocmf.com\/portal\/wp-content\/uploads\/2021\/09\/1-22.jpg?resize=1050%2C600&ssl=1 3x"},"classes":[]},{"id":67067,"url":"https:\/\/webdelmaestrocmf.com\/portal\/la-nueva-actuacion-de-google-meet-permite-eliminar-el-eco-uno-de-los-problemas-mas-irritantes-para-los-docentes-en-las-videollamadas\/","url_meta":{"origin":25987,"position":3},"title":"La nueva actuaci\u00f3n de Google Meet permite eliminar el \u00abECO\u00bb, uno de los problemas m\u00e1s irritantes para los docentes en las videollamadas","author":"Web del Maestro CMF","date":"25 agosto, 2021","format":false,"excerpt":"Las videollamadas ya son algo usual para que en un a\u00f1o casi pasemos a ser los participantes de pel\u00edculas como Blade Runner cuando Deckard se comunicaba con Rachael. En julio\u00a0Google Meet se actualiz\u00f3 con varias caracter\u00edsticas\u00a0para que ahora la misma\u00a0gran G\u00a0anuncie que pronto va a corregir uno de los problemas\u2026","rel":"","context":"En \u00abSoftware\u00bb","block_context":{"text":"Software","link":"https:\/\/webdelmaestrocmf.com\/portal\/category\/tecnologia\/software\/"},"img":{"alt_text":"","src":"https:\/\/i0.wp.com\/webdelmaestrocmf.com\/portal\/wp-content\/uploads\/2021\/08\/1-176.jpg?resize=350%2C200&ssl=1","width":350,"height":200,"srcset":"https:\/\/i0.wp.com\/webdelmaestrocmf.com\/portal\/wp-content\/uploads\/2021\/08\/1-176.jpg?resize=350%2C200&ssl=1 1x, https:\/\/i0.wp.com\/webdelmaestrocmf.com\/portal\/wp-content\/uploads\/2021\/08\/1-176.jpg?resize=525%2C300&ssl=1 1.5x, https:\/\/i0.wp.com\/webdelmaestrocmf.com\/portal\/wp-content\/uploads\/2021\/08\/1-176.jpg?resize=700%2C400&ssl=1 2x, https:\/\/i0.wp.com\/webdelmaestrocmf.com\/portal\/wp-content\/uploads\/2021\/08\/1-176.jpg?resize=1050%2C600&ssl=1 3x"},"classes":[]},{"id":47487,"url":"https:\/\/webdelmaestrocmf.com\/portal\/el-papa-francisco-e-importancia-de-la-narracion-en-la-comunicacion-positiva\/","url_meta":{"origin":25987,"position":4},"title":"El Papa Francisco e importancia de la narraci\u00f3n en la comunicaci\u00f3n positiva","author":"Web del Maestro CMF","date":"30 mayo, 2020","format":false,"excerpt":"En el mundo de hoy no basta con multiplicar las conexiones de comunicaciones sociales, para que aumente la comprensi\u00f3n entre los seres humanos. Debemos ser conscientes de la responsabilidad que tenemos unos con otros, y m\u00e1s como educadores (padres de familia y profesores), en compartir una informaci\u00f3n aut\u00e9ntica, genuina, verdadera.\u2026","rel":"","context":"En \u00abMundo cart\u00f3lico\u00bb","block_context":{"text":"Mundo cart\u00f3lico","link":"https:\/\/webdelmaestrocmf.com\/portal\/category\/pastoral\/"},"img":{"alt_text":"","src":"https:\/\/i0.wp.com\/webdelmaestrocmf.com\/portal\/wp-content\/uploads\/2020\/05\/1-46.jpg?resize=350%2C200&ssl=1","width":350,"height":200,"srcset":"https:\/\/i0.wp.com\/webdelmaestrocmf.com\/portal\/wp-content\/uploads\/2020\/05\/1-46.jpg?resize=350%2C200&ssl=1 1x, https:\/\/i0.wp.com\/webdelmaestrocmf.com\/portal\/wp-content\/uploads\/2020\/05\/1-46.jpg?resize=525%2C300&ssl=1 1.5x, https:\/\/i0.wp.com\/webdelmaestrocmf.com\/portal\/wp-content\/uploads\/2020\/05\/1-46.jpg?resize=700%2C400&ssl=1 2x, https:\/\/i0.wp.com\/webdelmaestrocmf.com\/portal\/wp-content\/uploads\/2020\/05\/1-46.jpg?resize=1050%2C600&ssl=1 3x"},"classes":[]},{"id":62393,"url":"https:\/\/webdelmaestrocmf.com\/portal\/david-auris-dia-de-la-tierra-urgente-tarea-pedagogica\/","url_meta":{"origin":25987,"position":5},"title":"[David Auris] D\u00eda de la tierra: urgente tarea pedag\u00f3gica","author":"Web del Maestro CMF","date":"30 abril, 2021","format":false,"excerpt":"\u00bfRealmente amamos a nuestra maravillosa tierra? u \u00bfOrgullosos y due\u00f1os de la ciencia y la tecnolog\u00eda digital, estamos pensando colonizar Marte? Abandonar a nuestra magullada Mamapacha, ser\u00eda como abandonar a su suerte a nuestras desvalidas madres y deforestar a la tierra, equivale a quitar su vestimenta en pleno aguacero. \u00a1Qu\u00e9\u2026","rel":"","context":"En \u00abZ-Colaborador-David-Auris\u00bb","block_context":{"text":"Z-Colaborador-David-Auris","link":"https:\/\/webdelmaestrocmf.com\/portal\/category\/colaborador\/z-colaborador-david-auris\/"},"img":{"alt_text":"","src":"https:\/\/i0.wp.com\/webdelmaestrocmf.com\/portal\/wp-content\/uploads\/2021\/04\/1-copia-32.jpg?resize=350%2C200&ssl=1","width":350,"height":200,"srcset":"https:\/\/i0.wp.com\/webdelmaestrocmf.com\/portal\/wp-content\/uploads\/2021\/04\/1-copia-32.jpg?resize=350%2C200&ssl=1 1x, https:\/\/i0.wp.com\/webdelmaestrocmf.com\/portal\/wp-content\/uploads\/2021\/04\/1-copia-32.jpg?resize=525%2C300&ssl=1 1.5x, https:\/\/i0.wp.com\/webdelmaestrocmf.com\/portal\/wp-content\/uploads\/2021\/04\/1-copia-32.jpg?resize=700%2C400&ssl=1 2x, https:\/\/i0.wp.com\/webdelmaestrocmf.com\/portal\/wp-content\/uploads\/2021\/04\/1-copia-32.jpg?resize=1050%2C600&ssl=1 3x"},"classes":[]}],"_links":{"self":[{"href":"https:\/\/webdelmaestrocmf.com\/portal\/wp-json\/wp\/v2\/posts\/25987","targetHints":{"allow":["GET"]}}],"collection":[{"href":"https:\/\/webdelmaestrocmf.com\/portal\/wp-json\/wp\/v2\/posts"}],"about":[{"href":"https:\/\/webdelmaestrocmf.com\/portal\/wp-json\/wp\/v2\/types\/post"}],"author":[{"embeddable":true,"href":"https:\/\/webdelmaestrocmf.com\/portal\/wp-json\/wp\/v2\/users\/1"}],"replies":[{"embeddable":true,"href":"https:\/\/webdelmaestrocmf.com\/portal\/wp-json\/wp\/v2\/comments?post=25987"}],"version-history":[{"count":0,"href":"https:\/\/webdelmaestrocmf.com\/portal\/wp-json\/wp\/v2\/posts\/25987\/revisions"}],"wp:featuredmedia":[{"embeddable":true,"href":"https:\/\/webdelmaestrocmf.com\/portal\/wp-json\/wp\/v2\/media\/106897"}],"wp:attachment":[{"href":"https:\/\/webdelmaestrocmf.com\/portal\/wp-json\/wp\/v2\/media?parent=25987"}],"wp:term":[{"taxonomy":"category","embeddable":true,"href":"https:\/\/webdelmaestrocmf.com\/portal\/wp-json\/wp\/v2\/categories?post=25987"},{"taxonomy":"post_tag","embeddable":true,"href":"https:\/\/webdelmaestrocmf.com\/portal\/wp-json\/wp\/v2\/tags?post=25987"}],"curies":[{"name":"wp","href":"https:\/\/api.w.org\/{rel}","templated":true}]}}