{"id":24374,"date":"2017-12-22T13:08:58","date_gmt":"2017-12-22T16:08:58","guid":{"rendered":"http:\/\/webdelmaestrocmf.com\/portal\/?p=24374"},"modified":"2023-01-25T17:26:05","modified_gmt":"2023-01-25T20:26:05","slug":"consejos-del-papa-los-ninos-navidad","status":"publish","type":"post","link":"https:\/\/webdelmaestrocmf.com\/portal\/consejos-del-papa-los-ninos-navidad\/","title":{"rendered":"Consejos del Papa Francisco a los ni\u00f1os por navidad"},"content":{"rendered":"<h5 class=\"paragraph text-block__paragraph text-block__element\" style=\"text-align: justify;\">As\u00ed recibieron los 25.000 peregrinos al Papa Francisco, cuando se asom\u00f3 a su ventana para el \u00c1ngelus del domingo.\u00a0<strong>Adem\u00e1s de ser el llamado \u201cdomingo de los bambinelli\u201d, era el 81 cumplea\u00f1os del Papa.<\/strong><\/h5>\n<p><!--more--><\/p>\n<h5 class=\"paragraph text-block__paragraph text-block__element\" style=\"text-align: justify;\">\u201cTanti auguri a te\u201d&#8230;<\/h5>\n<h5 class=\"paragraph text-block__paragraph text-block__element\" style=\"text-align: justify;\">El Papa les dio las gracias antes de cumplir la tradici\u00f3n romana de bendecir las figuras del Ni\u00f1o Jes\u00fas que llevaron a la plaza y que ahora pondr\u00e1n en el Pesebre de sus casas. El Papa tambi\u00e9n les dio algunos consejos.<\/h5>\n<h5 class=\"paragraph text-block__paragraph text-block__element\" style=\"text-align: justify;\"><strong>FRANCISCO<\/strong><\/h5>\n<p class=\"paragraph text-block__paragraph text-block__element\" style=\"text-align: justify;\">\u201cCuando rezar\u00e9is en casa, ante el pesebre, con vuestras familias, dejaos atraer por la ternura del Ni\u00f1o Jes\u00fas, nacido pobre y fr\u00e1gil entre nosotros, para darnos su amor. Esta es la verdadera Navidad\u201d.<\/p>\n<p class=\"paragraph text-block__paragraph text-block__element\" style=\"text-align: justify;\">El Papa tambi\u00e9n tuvo una breve homil\u00eda en la que invit\u00f3 a los cristianos a profundizar en la preparaci\u00f3n para la Navidad.\u00a0<strong>Dijo que se trata de combinar tres elementos: alegr\u00eda continua, oraci\u00f3n perseverante y acci\u00f3n de gracias constante.<\/strong><\/p>\n<h5 class=\"paragraph text-block__paragraph text-block__element\" style=\"text-align: justify;\"><strong>FRANCISCO<\/strong><\/h5>\n<p class=\"paragraph text-block__paragraph text-block__element\" style=\"text-align: justify;\">\u201cVamos a decirlo juntos: alegr\u00eda, oraci\u00f3n y gratitud. \u00a1De nuevo! Alegr\u00eda, oraci\u00f3n y gratitud. \u00a1M\u00e1s fuerte! En este \u00faltimo tramo del Adviento nos confiamos a la intercesi\u00f3n materna de la Virgen Mar\u00eda. Ella es la \u201ccausa de nuestra alegr\u00eda\u201d, no solo porque gener\u00f3 a Jes\u00fas, sino porque nos lleva continuamente hacia \u00c9l\u201d.<\/p>\n<p><iframe loading=\"lazy\" src=\"https:\/\/www.youtube.com\/embed\/n9VM_sTeAt0\" width=\"100%\" height=\"400\" frameborder=\"0\" allowfullscreen=\"allowfullscreen\"><span data-mce-type=\"bookmark\" style=\"display: inline-block; width: 0px; overflow: hidden; line-height: 0;\" class=\"mce_SELRES_start\">\ufeff<\/span><\/iframe><\/p>\n<p class=\"paragraph text-block__paragraph text-block__element\" style=\"text-align: justify;\">El Papa tambi\u00e9n hizo un llamamiento para que sean liberadas seis monjas nigerianas secuestradas hace m\u00e1s de un mes.<\/p>\n<h5 class=\"paragraph text-block__paragraph text-block__element\" style=\"text-align: justify;\"><strong>FRANCISCO<\/strong><\/h5>\n<p class=\"paragraph text-block__paragraph text-block__element\" style=\"text-align: justify;\">\u201cRezo con insistencia por ellas y por todas las otras personas que se encuentran en esta dolorosa condici\u00f3n\u201d.<\/p>\n<p class=\"paragraph text-block__paragraph text-block__element\" style=\"text-align: justify;\">El Papa no tuvo grandes eventos por su cumplea\u00f1os, pero despu\u00e9s del \u00e1ngelus almorz\u00f3 pizza con los ni\u00f1os del pedi\u00e1trico del Vaticano.<\/p>\n<p><strong>Este contenido ha sido publicado originalmente por ROME REPORTS en la siguiente direcci\u00f3n:\u00a0<a href=\"http:\/\/www.romereports.com\" target=\"_blank\" rel=\"noopener\">romereports.com<\/a><\/strong><\/p>\n\t\t<div class=\"pk-inline-posts\">\n\t\t\t\n\t\t\t<div class=\"pk-inline-posts-container pk-inline-posts-template-list\"\n\t\t\t\tdata-columns=\"1\">\n\t\t\t\t\t\t<article id=\"post-117930\" class=\"post-117930 post type-post status-publish format-standard has-post-thumbnail category-pastoral category-noticias-internacionales category-papa-leon-xiv tag-conflictos tag-derechos-humanos tag-educacion-en-valores-2 tag-etica-3 tag-justicia-social tag-liderazgo tag-papa-2 tag-paz tag-reflexion-2 tag-solidaridad cs-entry cs-video-wrap\">\n\t\t\t<div class=\"pk-post-outer\">\n\n\t\t\t\t\t\t\t\t<div class=\"pk-post-inner\">\n\t\t\t\t\t<div class=\"entry-thumbnail\">\n\t\t\t\t\t\t<div class=\"pk-overlay pk-overlay-ratio pk-ratio-landscape\">\n\t\t\t\t\t\t\t<div class=\"pk-overlay-background\">\n\t\t\t\t\t\t\t\t<a href=\"https:\/\/webdelmaestrocmf.com\/portal\/papa-leon-xiv-el-mundo-esta-siendo-destruido-por-unos-pocos-tiranos-en-referencia-a-trump\/\" class=\"pk-overlay-link\">\n\t\t\t\t\t\t\t\t\t<img loading=\"lazy\" decoding=\"async\" width=\"300\" height=\"225\" src=\"https:\/\/webdelmaestrocmf.com\/portal\/wp-content\/uploads\/2026\/04\/1AA-Banner-1-portada-imagen-10-1-copia-30-300x225.webp\" class=\"attachment-pk-thumbnail size-pk-thumbnail wp-post-image\" alt=\"\" \/>\t\t\t\t\t\t\t\t<\/a>\n\t\t\t\t\t\t\t<\/div>\n\t\t\t\t\t\t<\/div>\n\t\t\t\t\t<\/div>\n\t\t\t\t<\/div>\n\t\t\t\t\n\t\t\t\t<div class=\"pk-post-inner\">\n\t\t\t\t\t<header>\n\t\t\t\t\t\t<h3 class=\"pk-title\"><a href=\"https:\/\/webdelmaestrocmf.com\/portal\/papa-leon-xiv-el-mundo-esta-siendo-destruido-por-unos-pocos-tiranos-en-referencia-a-trump\/\" rel=\"bookmark\">Papa Le\u00f3n XIV: \u201cEl mundo est\u00e1 siendo destruido por unos pocos tiranos\u201d, en referencia a Trump<\/a><\/h3>\t\t\t\t\t<\/header><!-- .entry-header -->\n\t\t\t\t<\/div><!-- .post-inner -->\n\n\t\t\t<\/div><!-- .post-outer -->\n\t\t<\/article>\n\t\t\t\t<\/div>\n\t\t<\/div>\n\t\t\n","protected":false},"excerpt":{"rendered":"As\u00ed recibieron los 25.000 peregrinos al Papa Francisco, cuando se asom\u00f3 a su ventana para el \u00c1ngelus del&hellip;","protected":false},"author":1,"featured_media":26577,"comment_status":"open","ping_status":"closed","sticky":false,"template":"","format":"standard","meta":{"csco_display_header_overlay":false,"csco_singular_sidebar":"default","csco_page_header_type":"default","csco_page_load_nextpost":"default","csco_post_video_location":[],"csco_post_video_location_hash":"","csco_post_video_url":"","csco_post_video_bg_start_time":0,"csco_post_video_bg_end_time":0,"csco_post_video_bg_volume":false,"_jetpack_memberships_contains_paid_content":false,"footnotes":""},"categories":[431,467],"tags":[598,1363,1582,297,880],"class_list":{"0":"post-24374","1":"post","2":"type-post","3":"status-publish","4":"format-standard","5":"has-post-thumbnail","7":"category-pastoral","8":"category-papa-francisco","9":"tag-consejos","10":"tag-francisco","11":"tag-navidad","12":"tag-ninos","13":"tag-papa","14":"cs-entry","15":"cs-video-wrap"},"yoast_head":"<!-- This site is optimized with the Yoast SEO plugin v27.5 - https:\/\/yoast.com\/product\/yoast-seo-wordpress\/ -->\n<title>Consejos del Papa Francisco a los ni\u00f1os por navidad<\/title>\n<meta name=\"description\" content=\"As\u00ed recibieron los 25.000 peregrinos al Papa Francisco, cuando se asom\u00f3 a su ventana para el \u00c1ngelus del domingo.\u00a0Adem\u00e1s de ser...\" \/>\n<meta name=\"robots\" content=\"index, follow, max-snippet:-1, max-image-preview:large, max-video-preview:-1\" \/>\n<link rel=\"canonical\" href=\"https:\/\/webdelmaestrocmf.com\/portal\/consejos-del-papa-los-ninos-navidad\/\" \/>\n<meta property=\"og:locale\" content=\"es_ES\" \/>\n<meta property=\"og:type\" content=\"article\" \/>\n<meta property=\"og:title\" content=\"Consejos del Papa Francisco a los ni\u00f1os por navidad\" \/>\n<meta property=\"og:description\" content=\"As\u00ed recibieron los 25.000 peregrinos al Papa Francisco, cuando se asom\u00f3 a su ventana para el \u00c1ngelus del domingo.\u00a0Adem\u00e1s de ser...\" \/>\n<meta property=\"og:url\" content=\"https:\/\/webdelmaestrocmf.com\/portal\/consejos-del-papa-los-ninos-navidad\/\" \/>\n<meta property=\"og:site_name\" content=\"Web del Maestro CMF\" \/>\n<meta property=\"article:publisher\" content=\"https:\/\/www.facebook.com\/WebdelMaestroCMF\/\" \/>\n<meta property=\"article:author\" content=\"https:\/\/www.facebook.com\/WebdelMaestroCMF\/\" \/>\n<meta property=\"article:published_time\" content=\"2017-12-22T16:08:58+00:00\" \/>\n<meta property=\"article:modified_time\" content=\"2023-01-25T20:26:05+00:00\" \/>\n<meta property=\"og:image\" content=\"https:\/\/i0.wp.com\/webdelmaestrocmf.com\/portal\/wp-content\/uploads\/2018\/02\/papa-francisco2.jpg?fit=800%2C535&ssl=1\" \/>\n\t<meta property=\"og:image:width\" content=\"800\" \/>\n\t<meta property=\"og:image:height\" content=\"535\" \/>\n\t<meta property=\"og:image:type\" content=\"image\/jpeg\" \/>\n<meta name=\"author\" content=\"Web del Maestro CMF\" \/>\n<meta name=\"twitter:card\" content=\"summary_large_image\" \/>\n<meta name=\"twitter:creator\" content=\"@cmf_w\" \/>\n<meta name=\"twitter:site\" content=\"@cmf_w\" \/>\n<script type=\"application\/ld+json\" class=\"yoast-schema-graph\">{\"@context\":\"https:\\\/\\\/schema.org\",\"@graph\":[{\"@type\":\"ScholarlyArticle\",\"@id\":\"https:\\\/\\\/webdelmaestrocmf.com\\\/portal\\\/consejos-del-papa-los-ninos-navidad\\\/#article\",\"isPartOf\":{\"@id\":\"https:\\\/\\\/webdelmaestrocmf.com\\\/portal\\\/consejos-del-papa-los-ninos-navidad\\\/\"},\"author\":{\"name\":\"Web del Maestro CMF\",\"@id\":\"https:\\\/\\\/webdelmaestrocmf.com\\\/portal\\\/#\\\/schema\\\/person\\\/1072a2ed7bd960df8ef99a551fa35dc5\"},\"headline\":\"Consejos del Papa Francisco a los ni\u00f1os por navidad\",\"datePublished\":\"2017-12-22T16:08:58+00:00\",\"dateModified\":\"2023-01-25T20:26:05+00:00\",\"mainEntityOfPage\":{\"@id\":\"https:\\\/\\\/webdelmaestrocmf.com\\\/portal\\\/consejos-del-papa-los-ninos-navidad\\\/\"},\"wordCount\":324,\"commentCount\":0,\"publisher\":{\"@id\":\"https:\\\/\\\/webdelmaestrocmf.com\\\/portal\\\/#organization\"},\"image\":{\"@id\":\"https:\\\/\\\/webdelmaestrocmf.com\\\/portal\\\/consejos-del-papa-los-ninos-navidad\\\/#primaryimage\"},\"thumbnailUrl\":\"https:\\\/\\\/webdelmaestrocmf.com\\\/portal\\\/wp-content\\\/uploads\\\/2018\\\/02\\\/papa-francisco2.jpg\",\"keywords\":[\"Consejos\",\"Francisco\",\"NAVIDAD\",\"Ni\u00f1os\",\"pap\u00e1\"],\"articleSection\":[\"Mundo cart\u00f3lico\",\"Papa Francisco\"],\"inLanguage\":\"es\",\"potentialAction\":[{\"@type\":\"CommentAction\",\"name\":\"Comment\",\"target\":[\"https:\\\/\\\/webdelmaestrocmf.com\\\/portal\\\/consejos-del-papa-los-ninos-navidad\\\/#respond\"]}]},{\"@type\":\"WebPage\",\"@id\":\"https:\\\/\\\/webdelmaestrocmf.com\\\/portal\\\/consejos-del-papa-los-ninos-navidad\\\/\",\"url\":\"https:\\\/\\\/webdelmaestrocmf.com\\\/portal\\\/consejos-del-papa-los-ninos-navidad\\\/\",\"name\":\"Consejos del Papa Francisco a los ni\u00f1os por navidad\",\"isPartOf\":{\"@id\":\"https:\\\/\\\/webdelmaestrocmf.com\\\/portal\\\/#website\"},\"primaryImageOfPage\":{\"@id\":\"https:\\\/\\\/webdelmaestrocmf.com\\\/portal\\\/consejos-del-papa-los-ninos-navidad\\\/#primaryimage\"},\"image\":{\"@id\":\"https:\\\/\\\/webdelmaestrocmf.com\\\/portal\\\/consejos-del-papa-los-ninos-navidad\\\/#primaryimage\"},\"thumbnailUrl\":\"https:\\\/\\\/webdelmaestrocmf.com\\\/portal\\\/wp-content\\\/uploads\\\/2018\\\/02\\\/papa-francisco2.jpg\",\"datePublished\":\"2017-12-22T16:08:58+00:00\",\"dateModified\":\"2023-01-25T20:26:05+00:00\",\"description\":\"As\u00ed recibieron los 25.000 peregrinos al Papa Francisco, cuando se asom\u00f3 a su ventana para el \u00c1ngelus del domingo.\u00a0Adem\u00e1s de ser...\",\"breadcrumb\":{\"@id\":\"https:\\\/\\\/webdelmaestrocmf.com\\\/portal\\\/consejos-del-papa-los-ninos-navidad\\\/#breadcrumb\"},\"inLanguage\":\"es\",\"potentialAction\":[{\"@type\":\"ReadAction\",\"target\":[\"https:\\\/\\\/webdelmaestrocmf.com\\\/portal\\\/consejos-del-papa-los-ninos-navidad\\\/\"]}]},{\"@type\":\"ImageObject\",\"inLanguage\":\"es\",\"@id\":\"https:\\\/\\\/webdelmaestrocmf.com\\\/portal\\\/consejos-del-papa-los-ninos-navidad\\\/#primaryimage\",\"url\":\"https:\\\/\\\/webdelmaestrocmf.com\\\/portal\\\/wp-content\\\/uploads\\\/2018\\\/02\\\/papa-francisco2.jpg\",\"contentUrl\":\"https:\\\/\\\/webdelmaestrocmf.com\\\/portal\\\/wp-content\\\/uploads\\\/2018\\\/02\\\/papa-francisco2.jpg\",\"width\":800,\"height\":535,\"caption\":\"Pope Francis visits Palo Cathedral in one of his sorties in Leyte Province Saturday, January 17, 2015. The Pope announced his shortened visit to the province due to on going typhoon in the area. He made a quick blessing to items presented to him by some of the churchgoers in the cathedral before leaving. (Photo by Benhur Arcayan\\\/Malacanang Photo Bureau)\"},{\"@type\":\"BreadcrumbList\",\"@id\":\"https:\\\/\\\/webdelmaestrocmf.com\\\/portal\\\/consejos-del-papa-los-ninos-navidad\\\/#breadcrumb\",\"itemListElement\":[{\"@type\":\"ListItem\",\"position\":1,\"name\":\"Portada\",\"item\":\"https:\\\/\\\/webdelmaestrocmf.com\\\/portal\\\/\"},{\"@type\":\"ListItem\",\"position\":2,\"name\":\"Mundo cart\u00f3lico\",\"item\":\"https:\\\/\\\/webdelmaestrocmf.com\\\/portal\\\/category\\\/pastoral\\\/\"},{\"@type\":\"ListItem\",\"position\":3,\"name\":\"Consejos del Papa Francisco a los ni\u00f1os por navidad\"}]},{\"@type\":\"WebSite\",\"@id\":\"https:\\\/\\\/webdelmaestrocmf.com\\\/portal\\\/#website\",\"url\":\"https:\\\/\\\/webdelmaestrocmf.com\\\/portal\\\/\",\"name\":\"Web del Maestro CMF\",\"description\":\"Maestros al servicio de la educaci\u00f3n\",\"publisher\":{\"@id\":\"https:\\\/\\\/webdelmaestrocmf.com\\\/portal\\\/#organization\"},\"alternateName\":\"WMCMF\",\"potentialAction\":[{\"@type\":\"SearchAction\",\"target\":{\"@type\":\"EntryPoint\",\"urlTemplate\":\"https:\\\/\\\/webdelmaestrocmf.com\\\/portal\\\/?s={search_term_string}\"},\"query-input\":{\"@type\":\"PropertyValueSpecification\",\"valueRequired\":true,\"valueName\":\"search_term_string\"}}],\"inLanguage\":\"es\"},{\"@type\":\"Organization\",\"@id\":\"https:\\\/\\\/webdelmaestrocmf.com\\\/portal\\\/#organization\",\"name\":\"Web del Maestro CMF\",\"alternateName\":\"WMCMF\",\"url\":\"https:\\\/\\\/webdelmaestrocmf.com\\\/portal\\\/\",\"logo\":{\"@type\":\"ImageObject\",\"inLanguage\":\"es\",\"@id\":\"https:\\\/\\\/webdelmaestrocmf.com\\\/portal\\\/#\\\/schema\\\/logo\\\/image\\\/\",\"url\":\"https:\\\/\\\/webdelmaestrocmf.com\\\/portal\\\/wp-content\\\/uploads\\\/2023\\\/01\\\/logo-wmcmf-2.png\",\"contentUrl\":\"https:\\\/\\\/webdelmaestrocmf.com\\\/portal\\\/wp-content\\\/uploads\\\/2023\\\/01\\\/logo-wmcmf-2.png\",\"width\":200,\"height\":60,\"caption\":\"Web del Maestro CMF\"},\"image\":{\"@id\":\"https:\\\/\\\/webdelmaestrocmf.com\\\/portal\\\/#\\\/schema\\\/logo\\\/image\\\/\"},\"sameAs\":[\"https:\\\/\\\/www.facebook.com\\\/WebdelMaestroCMF\\\/\",\"https:\\\/\\\/x.com\\\/cmf_w\",\"https:\\\/\\\/www.pinterest.com\\\/WMCMF\\\/\",\"https:\\\/\\\/www.linkedin.com\\\/company\\\/web-del-maestro-cmf\\\/\",\"https:\\\/\\\/www.instagram.com\\\/wmcmf\\\/\",\"https:\\\/\\\/www.youtube.com\\\/channel\\\/UCDPSvjbdodE5sHnC3OxutHw\",\"https:\\\/\\\/mastodon.social\\\/@wmcmf\",\"https:\\\/\\\/www.tiktok.com\\\/@webdelmaestrocmf\"]},{\"@type\":\"Person\",\"@id\":\"https:\\\/\\\/webdelmaestrocmf.com\\\/portal\\\/#\\\/schema\\\/person\\\/1072a2ed7bd960df8ef99a551fa35dc5\",\"name\":\"Web del Maestro CMF\",\"image\":{\"@type\":\"ImageObject\",\"inLanguage\":\"es\",\"@id\":\"https:\\\/\\\/secure.gravatar.com\\\/avatar\\\/23291dd5b5ae1077dcff3dbb04c3e02bd28403fa75af6d8787d5e97c5bbbe30b?s=96&d=mm&r=g\",\"url\":\"https:\\\/\\\/secure.gravatar.com\\\/avatar\\\/23291dd5b5ae1077dcff3dbb04c3e02bd28403fa75af6d8787d5e97c5bbbe30b?s=96&d=mm&r=g\",\"contentUrl\":\"https:\\\/\\\/secure.gravatar.com\\\/avatar\\\/23291dd5b5ae1077dcff3dbb04c3e02bd28403fa75af6d8787d5e97c5bbbe30b?s=96&d=mm&r=g\",\"caption\":\"Web del Maestro CMF\"},\"description\":\"Esta Web se cre\u00f3 sin fines de lucro, con fines educativos, cient\u00edficos y acad\u00e9micos, para personas que tengan dificultades y\\\/o inconvenientes en visualizar el material original. El objetivo es entregar recursos, compartir experiencias y materiales que ayuden a los padres de familia, maestros y estudiantes en su actualizaci\u00f3n y formaci\u00f3n permanente, en bien de la Educaci\u00f3n.\",\"sameAs\":[\"http:\\\/\\\/webdelmaestrocmf.com\\\/portal\",\"https:\\\/\\\/www.facebook.com\\\/WebdelMaestroCMF\\\/\",\"https:\\\/\\\/www.instagram.com\\\/wmcmf\\\/\",\"https:\\\/\\\/cl.linkedin.com\\\/company\\\/web-del-maestro-cmf\",\"https:\\\/\\\/www.pinterest.com\\\/WMCMF\\\/publicaciones\\\/\",\"https:\\\/\\\/x.com\\\/cmf_w\",\"https:\\\/\\\/www.youtube.com\\\/@WMCMF\"]}]}<\/script>\n<!-- \/ Yoast SEO plugin. -->","yoast_head_json":{"title":"Consejos del Papa Francisco a los ni\u00f1os por navidad","description":"As\u00ed recibieron los 25.000 peregrinos al Papa Francisco, cuando se asom\u00f3 a su ventana para el \u00c1ngelus del domingo.\u00a0Adem\u00e1s de ser...","robots":{"index":"index","follow":"follow","max-snippet":"max-snippet:-1","max-image-preview":"max-image-preview:large","max-video-preview":"max-video-preview:-1"},"canonical":"https:\/\/webdelmaestrocmf.com\/portal\/consejos-del-papa-los-ninos-navidad\/","og_locale":"es_ES","og_type":"article","og_title":"Consejos del Papa Francisco a los ni\u00f1os por navidad","og_description":"As\u00ed recibieron los 25.000 peregrinos al Papa Francisco, cuando se asom\u00f3 a su ventana para el \u00c1ngelus del domingo.\u00a0Adem\u00e1s de ser...","og_url":"https:\/\/webdelmaestrocmf.com\/portal\/consejos-del-papa-los-ninos-navidad\/","og_site_name":"Web del Maestro CMF","article_publisher":"https:\/\/www.facebook.com\/WebdelMaestroCMF\/","article_author":"https:\/\/www.facebook.com\/WebdelMaestroCMF\/","article_published_time":"2017-12-22T16:08:58+00:00","article_modified_time":"2023-01-25T20:26:05+00:00","og_image":[{"width":800,"height":535,"url":"https:\/\/i0.wp.com\/webdelmaestrocmf.com\/portal\/wp-content\/uploads\/2018\/02\/papa-francisco2.jpg?fit=800%2C535&ssl=1","type":"image\/jpeg"}],"author":"Web del Maestro CMF","twitter_card":"summary_large_image","twitter_creator":"@cmf_w","twitter_site":"@cmf_w","schema":{"@context":"https:\/\/schema.org","@graph":[{"@type":"ScholarlyArticle","@id":"https:\/\/webdelmaestrocmf.com\/portal\/consejos-del-papa-los-ninos-navidad\/#article","isPartOf":{"@id":"https:\/\/webdelmaestrocmf.com\/portal\/consejos-del-papa-los-ninos-navidad\/"},"author":{"name":"Web del Maestro CMF","@id":"https:\/\/webdelmaestrocmf.com\/portal\/#\/schema\/person\/1072a2ed7bd960df8ef99a551fa35dc5"},"headline":"Consejos del Papa Francisco a los ni\u00f1os por navidad","datePublished":"2017-12-22T16:08:58+00:00","dateModified":"2023-01-25T20:26:05+00:00","mainEntityOfPage":{"@id":"https:\/\/webdelmaestrocmf.com\/portal\/consejos-del-papa-los-ninos-navidad\/"},"wordCount":324,"commentCount":0,"publisher":{"@id":"https:\/\/webdelmaestrocmf.com\/portal\/#organization"},"image":{"@id":"https:\/\/webdelmaestrocmf.com\/portal\/consejos-del-papa-los-ninos-navidad\/#primaryimage"},"thumbnailUrl":"https:\/\/webdelmaestrocmf.com\/portal\/wp-content\/uploads\/2018\/02\/papa-francisco2.jpg","keywords":["Consejos","Francisco","NAVIDAD","Ni\u00f1os","pap\u00e1"],"articleSection":["Mundo cart\u00f3lico","Papa Francisco"],"inLanguage":"es","potentialAction":[{"@type":"CommentAction","name":"Comment","target":["https:\/\/webdelmaestrocmf.com\/portal\/consejos-del-papa-los-ninos-navidad\/#respond"]}]},{"@type":"WebPage","@id":"https:\/\/webdelmaestrocmf.com\/portal\/consejos-del-papa-los-ninos-navidad\/","url":"https:\/\/webdelmaestrocmf.com\/portal\/consejos-del-papa-los-ninos-navidad\/","name":"Consejos del Papa Francisco a los ni\u00f1os por navidad","isPartOf":{"@id":"https:\/\/webdelmaestrocmf.com\/portal\/#website"},"primaryImageOfPage":{"@id":"https:\/\/webdelmaestrocmf.com\/portal\/consejos-del-papa-los-ninos-navidad\/#primaryimage"},"image":{"@id":"https:\/\/webdelmaestrocmf.com\/portal\/consejos-del-papa-los-ninos-navidad\/#primaryimage"},"thumbnailUrl":"https:\/\/webdelmaestrocmf.com\/portal\/wp-content\/uploads\/2018\/02\/papa-francisco2.jpg","datePublished":"2017-12-22T16:08:58+00:00","dateModified":"2023-01-25T20:26:05+00:00","description":"As\u00ed recibieron los 25.000 peregrinos al Papa Francisco, cuando se asom\u00f3 a su ventana para el \u00c1ngelus del domingo.\u00a0Adem\u00e1s de ser...","breadcrumb":{"@id":"https:\/\/webdelmaestrocmf.com\/portal\/consejos-del-papa-los-ninos-navidad\/#breadcrumb"},"inLanguage":"es","potentialAction":[{"@type":"ReadAction","target":["https:\/\/webdelmaestrocmf.com\/portal\/consejos-del-papa-los-ninos-navidad\/"]}]},{"@type":"ImageObject","inLanguage":"es","@id":"https:\/\/webdelmaestrocmf.com\/portal\/consejos-del-papa-los-ninos-navidad\/#primaryimage","url":"https:\/\/webdelmaestrocmf.com\/portal\/wp-content\/uploads\/2018\/02\/papa-francisco2.jpg","contentUrl":"https:\/\/webdelmaestrocmf.com\/portal\/wp-content\/uploads\/2018\/02\/papa-francisco2.jpg","width":800,"height":535,"caption":"Pope Francis visits Palo Cathedral in one of his sorties in Leyte Province Saturday, January 17, 2015. The Pope announced his shortened visit to the province due to on going typhoon in the area. He made a quick blessing to items presented to him by some of the churchgoers in the cathedral before leaving. (Photo by Benhur Arcayan\/Malacanang Photo Bureau)"},{"@type":"BreadcrumbList","@id":"https:\/\/webdelmaestrocmf.com\/portal\/consejos-del-papa-los-ninos-navidad\/#breadcrumb","itemListElement":[{"@type":"ListItem","position":1,"name":"Portada","item":"https:\/\/webdelmaestrocmf.com\/portal\/"},{"@type":"ListItem","position":2,"name":"Mundo cart\u00f3lico","item":"https:\/\/webdelmaestrocmf.com\/portal\/category\/pastoral\/"},{"@type":"ListItem","position":3,"name":"Consejos del Papa Francisco a los ni\u00f1os por navidad"}]},{"@type":"WebSite","@id":"https:\/\/webdelmaestrocmf.com\/portal\/#website","url":"https:\/\/webdelmaestrocmf.com\/portal\/","name":"Web del Maestro CMF","description":"Maestros al servicio de la educaci\u00f3n","publisher":{"@id":"https:\/\/webdelmaestrocmf.com\/portal\/#organization"},"alternateName":"WMCMF","potentialAction":[{"@type":"SearchAction","target":{"@type":"EntryPoint","urlTemplate":"https:\/\/webdelmaestrocmf.com\/portal\/?s={search_term_string}"},"query-input":{"@type":"PropertyValueSpecification","valueRequired":true,"valueName":"search_term_string"}}],"inLanguage":"es"},{"@type":"Organization","@id":"https:\/\/webdelmaestrocmf.com\/portal\/#organization","name":"Web del Maestro CMF","alternateName":"WMCMF","url":"https:\/\/webdelmaestrocmf.com\/portal\/","logo":{"@type":"ImageObject","inLanguage":"es","@id":"https:\/\/webdelmaestrocmf.com\/portal\/#\/schema\/logo\/image\/","url":"https:\/\/webdelmaestrocmf.com\/portal\/wp-content\/uploads\/2023\/01\/logo-wmcmf-2.png","contentUrl":"https:\/\/webdelmaestrocmf.com\/portal\/wp-content\/uploads\/2023\/01\/logo-wmcmf-2.png","width":200,"height":60,"caption":"Web del Maestro CMF"},"image":{"@id":"https:\/\/webdelmaestrocmf.com\/portal\/#\/schema\/logo\/image\/"},"sameAs":["https:\/\/www.facebook.com\/WebdelMaestroCMF\/","https:\/\/x.com\/cmf_w","https:\/\/www.pinterest.com\/WMCMF\/","https:\/\/www.linkedin.com\/company\/web-del-maestro-cmf\/","https:\/\/www.instagram.com\/wmcmf\/","https:\/\/www.youtube.com\/channel\/UCDPSvjbdodE5sHnC3OxutHw","https:\/\/mastodon.social\/@wmcmf","https:\/\/www.tiktok.com\/@webdelmaestrocmf"]},{"@type":"Person","@id":"https:\/\/webdelmaestrocmf.com\/portal\/#\/schema\/person\/1072a2ed7bd960df8ef99a551fa35dc5","name":"Web del Maestro CMF","image":{"@type":"ImageObject","inLanguage":"es","@id":"https:\/\/secure.gravatar.com\/avatar\/23291dd5b5ae1077dcff3dbb04c3e02bd28403fa75af6d8787d5e97c5bbbe30b?s=96&d=mm&r=g","url":"https:\/\/secure.gravatar.com\/avatar\/23291dd5b5ae1077dcff3dbb04c3e02bd28403fa75af6d8787d5e97c5bbbe30b?s=96&d=mm&r=g","contentUrl":"https:\/\/secure.gravatar.com\/avatar\/23291dd5b5ae1077dcff3dbb04c3e02bd28403fa75af6d8787d5e97c5bbbe30b?s=96&d=mm&r=g","caption":"Web del Maestro CMF"},"description":"Esta Web se cre\u00f3 sin fines de lucro, con fines educativos, cient\u00edficos y acad\u00e9micos, para personas que tengan dificultades y\/o inconvenientes en visualizar el material original. El objetivo es entregar recursos, compartir experiencias y materiales que ayuden a los padres de familia, maestros y estudiantes en su actualizaci\u00f3n y formaci\u00f3n permanente, en bien de la Educaci\u00f3n.","sameAs":["http:\/\/webdelmaestrocmf.com\/portal","https:\/\/www.facebook.com\/WebdelMaestroCMF\/","https:\/\/www.instagram.com\/wmcmf\/","https:\/\/cl.linkedin.com\/company\/web-del-maestro-cmf","https:\/\/www.pinterest.com\/WMCMF\/publicaciones\/","https:\/\/x.com\/cmf_w","https:\/\/www.youtube.com\/@WMCMF"]}]}},"jetpack_featured_media_url":"https:\/\/webdelmaestrocmf.com\/portal\/wp-content\/uploads\/2018\/02\/papa-francisco2.jpg","jetpack_sharing_enabled":true,"jetpack-related-posts":[{"id":35285,"url":"https:\/\/webdelmaestrocmf.com\/portal\/papa-francisco-debemos-combatir-los-abusos-sexuales-hasta-el-final\/","url_meta":{"origin":24374,"position":0},"title":"Papa Francisco: debemos combatir los abusos sexuales hasta el final","author":"Web del Maestro CMF","date":"25 febrero, 2019","format":false,"excerpt":"En el \u00e1ngelus del domingo, el Papa Francisco explic\u00f3 que amar a los enemigos no es una opci\u00f3n, sino una orden de Jes\u00fas. Incluso dio claves para lidiar con las personas que cotillean. \u201cRecordad las cosas buenas de la gente, y cuando uno venga con un chisme, y hable mal\u2026","rel":"","context":"En \u00abMundo cart\u00f3lico\u00bb","block_context":{"text":"Mundo cart\u00f3lico","link":"https:\/\/webdelmaestrocmf.com\/portal\/category\/pastoral\/"},"img":{"alt_text":"","src":"https:\/\/i0.wp.com\/webdelmaestrocmf.com\/portal\/wp-content\/uploads\/2019\/02\/1-36.jpg?resize=350%2C200&ssl=1","width":350,"height":200,"srcset":"https:\/\/i0.wp.com\/webdelmaestrocmf.com\/portal\/wp-content\/uploads\/2019\/02\/1-36.jpg?resize=350%2C200&ssl=1 1x, https:\/\/i0.wp.com\/webdelmaestrocmf.com\/portal\/wp-content\/uploads\/2019\/02\/1-36.jpg?resize=525%2C300&ssl=1 1.5x, https:\/\/i0.wp.com\/webdelmaestrocmf.com\/portal\/wp-content\/uploads\/2019\/02\/1-36.jpg?resize=700%2C400&ssl=1 2x, https:\/\/i0.wp.com\/webdelmaestrocmf.com\/portal\/wp-content\/uploads\/2019\/02\/1-36.jpg?resize=1050%2C600&ssl=1 3x"},"classes":[]},{"id":33782,"url":"https:\/\/webdelmaestrocmf.com\/portal\/papa-francisco-preparemonos-para-la-navidad-a-traves-de-la-reconciliacion-y-el-perdon\/","url_meta":{"origin":24374,"position":1},"title":"Papa Francisco: prepar\u00e9monos para la navidad a trav\u00e9s de la reconciliaci\u00f3n y el perd\u00f3n","author":"Web del Maestro CMF","date":"11 diciembre, 2018","format":false,"excerpt":"En el \u00c1ngelus del domingo el Papa reflexion\u00f3 sobre el mensaje del segundo domingo de Adviento y su invitaci\u00f3n para preparar la Navidad. Francisco remarc\u00f3 la necesidad de una conversi\u00f3n personal durante este tiempo de espera. Dijo que lo primoero es estar disponibles para ayudar a los dem\u00e1s. \u201cAnte todo,\u2026","rel":"","context":"En \u00abMundo cart\u00f3lico\u00bb","block_context":{"text":"Mundo cart\u00f3lico","link":"https:\/\/webdelmaestrocmf.com\/portal\/category\/pastoral\/"},"img":{"alt_text":"","src":"https:\/\/i0.wp.com\/webdelmaestrocmf.com\/portal\/wp-content\/uploads\/2018\/12\/1-24.jpg?resize=350%2C200&ssl=1","width":350,"height":200,"srcset":"https:\/\/i0.wp.com\/webdelmaestrocmf.com\/portal\/wp-content\/uploads\/2018\/12\/1-24.jpg?resize=350%2C200&ssl=1 1x, https:\/\/i0.wp.com\/webdelmaestrocmf.com\/portal\/wp-content\/uploads\/2018\/12\/1-24.jpg?resize=525%2C300&ssl=1 1.5x, https:\/\/i0.wp.com\/webdelmaestrocmf.com\/portal\/wp-content\/uploads\/2018\/12\/1-24.jpg?resize=700%2C400&ssl=1 2x"},"classes":[]},{"id":79844,"url":"https:\/\/webdelmaestrocmf.com\/portal\/francisco-a-ninos-con-autismo-cada-uno-de-vosotros-es-hermoso-a-los-ojos-de-dios\/","url_meta":{"origin":24374,"position":2},"title":"Papa Francisco a ni\u00f1os con autismo: Cada uno de vosotros es hermoso a los ojos de Dios","author":"Web del Maestro CMF","date":"29 agosto, 2022","format":false,"excerpt":"Despu\u00e9s de muchos meses,\u00a0el Papa volvi\u00f3 a encontrarse con sus peregrinos favoritos: los m\u00e1s peque\u00f1os. Adem\u00e1s, en esta ocasi\u00f3n, sus invitados eran los usuarios de un centro para ni\u00f1os con autismo. Vinieron desde Austria y algunos, como esta ni\u00f1a,\u00a0demostraron sentirse como en casa. El centro se llama\u00a0Sonnenschein, lo que significa\u2026","rel":"","context":"En \u00abMundo cart\u00f3lico\u00bb","block_context":{"text":"Mundo cart\u00f3lico","link":"https:\/\/webdelmaestrocmf.com\/portal\/category\/pastoral\/"},"img":{"alt_text":"","src":"https:\/\/i0.wp.com\/webdelmaestrocmf.com\/portal\/wp-content\/uploads\/2022\/08\/1-77.jpg?resize=350%2C200&ssl=1","width":350,"height":200,"srcset":"https:\/\/i0.wp.com\/webdelmaestrocmf.com\/portal\/wp-content\/uploads\/2022\/08\/1-77.jpg?resize=350%2C200&ssl=1 1x, https:\/\/i0.wp.com\/webdelmaestrocmf.com\/portal\/wp-content\/uploads\/2022\/08\/1-77.jpg?resize=525%2C300&ssl=1 1.5x, https:\/\/i0.wp.com\/webdelmaestrocmf.com\/portal\/wp-content\/uploads\/2022\/08\/1-77.jpg?resize=700%2C400&ssl=1 2x"},"classes":[]},{"id":43084,"url":"https:\/\/webdelmaestrocmf.com\/portal\/papa-francisco-reprende-a-los-ninos-que-usan-el-telefono-celular-mientras-comen-con-la-familia\/","url_meta":{"origin":24374,"position":3},"title":"Papa Francisco reprende a los ni\u00f1os que usan el tel\u00e9fono celular mientras comen con la familia","author":"Web del Maestro CMF","date":"29 diciembre, 2019","format":false,"excerpt":"El Papa Francisco\u00a0reprendi\u00f3 este domingo a los ni\u00f1os que est\u00e1n usando el tel\u00e9fono celular y chateando mientras comen con sus padres y dijo que se debe restablecer la \u201ccomunicaci\u00f3n\u201d en las familias. \u201cLa Sagrada Familia, Jes\u00fas, Jos\u00e9 y Mar\u00eda, rezaba, trabajaba y se comunicaba entre ellos y yo me pregunto:\u2026","rel":"","context":"En \u00abMundo cart\u00f3lico\u00bb","block_context":{"text":"Mundo cart\u00f3lico","link":"https:\/\/webdelmaestrocmf.com\/portal\/category\/pastoral\/"},"img":{"alt_text":"","src":"https:\/\/i0.wp.com\/webdelmaestrocmf.com\/portal\/wp-content\/uploads\/2019\/12\/2-29.jpg?resize=350%2C200&ssl=1","width":350,"height":200,"srcset":"https:\/\/i0.wp.com\/webdelmaestrocmf.com\/portal\/wp-content\/uploads\/2019\/12\/2-29.jpg?resize=350%2C200&ssl=1 1x, https:\/\/i0.wp.com\/webdelmaestrocmf.com\/portal\/wp-content\/uploads\/2019\/12\/2-29.jpg?resize=525%2C300&ssl=1 1.5x, https:\/\/i0.wp.com\/webdelmaestrocmf.com\/portal\/wp-content\/uploads\/2019\/12\/2-29.jpg?resize=700%2C400&ssl=1 2x, https:\/\/i0.wp.com\/webdelmaestrocmf.com\/portal\/wp-content\/uploads\/2019\/12\/2-29.jpg?resize=1050%2C600&ssl=1 3x"},"classes":[]},{"id":12271,"url":"https:\/\/webdelmaestrocmf.com\/portal\/papa-francisco-significado-de-la-navidad-navidad-de-jesus\/","url_meta":{"origin":24374,"position":4},"title":"Papa Francisco: significado de la navidad &#8211; navidad de Jes\u00fas","author":"Web del Maestro CMF","date":"19 diciembre, 2016","format":false,"excerpt":"Llamados a ser portadores de esperanza y a entender la Navidad como un tiempo de recibir bendiciones y de bendecir al pr\u00f3jimo. Video de Rome Reports que nos puede servir de recurso en este tiempo, en que somos \u201cbombardeados\u201d por la publicidad mercantil. \ufeff","rel":"","context":"En \u00abIglesia cat\u00f3lica\u00bb","block_context":{"text":"Iglesia cat\u00f3lica","link":"https:\/\/webdelmaestrocmf.com\/portal\/category\/video\/iglesia\/"},"img":{"alt_text":"","src":"","width":0,"height":0},"classes":[]},{"id":12363,"url":"https:\/\/webdelmaestrocmf.com\/portal\/papa-francisco-ante-la-llegada-de-la-navidad-espero-en-dios-o-en-mis-propias-seguridades\/","url_meta":{"origin":24374,"position":5},"title":"Papa Francisco ante la llegada de la navidad: \u00bfespero en dios o en mis propias seguridades?","author":"Web del Maestro CMF","date":"21 diciembre, 2016","format":false,"excerpt":"Fue la \u00faltima catequesis antes de la Navidad y en el ambiente se notaba una calidez especial. A los lados del pasillo central los peregrinos llenos de afecto reclamaban la atenci\u00f3n del Papa para estrechar su mano o pedir la bendici\u00f3n. Francisco continu\u00f3 con sus audiencias sobre la esperanza. El\u2026","rel":"","context":"En \u00abMundo cart\u00f3lico\u00bb","block_context":{"text":"Mundo cart\u00f3lico","link":"https:\/\/webdelmaestrocmf.com\/portal\/category\/pastoral\/"},"img":{"alt_text":"","src":"https:\/\/i0.wp.com\/webdelmaestrocmf.com\/portal\/wp-content\/uploads\/2017\/10\/1ss.jpg?resize=350%2C200&ssl=1","width":350,"height":200,"srcset":"https:\/\/i0.wp.com\/webdelmaestrocmf.com\/portal\/wp-content\/uploads\/2017\/10\/1ss.jpg?resize=350%2C200&ssl=1 1x, https:\/\/i0.wp.com\/webdelmaestrocmf.com\/portal\/wp-content\/uploads\/2017\/10\/1ss.jpg?resize=525%2C300&ssl=1 1.5x"},"classes":[]}],"_links":{"self":[{"href":"https:\/\/webdelmaestrocmf.com\/portal\/wp-json\/wp\/v2\/posts\/24374","targetHints":{"allow":["GET"]}}],"collection":[{"href":"https:\/\/webdelmaestrocmf.com\/portal\/wp-json\/wp\/v2\/posts"}],"about":[{"href":"https:\/\/webdelmaestrocmf.com\/portal\/wp-json\/wp\/v2\/types\/post"}],"author":[{"embeddable":true,"href":"https:\/\/webdelmaestrocmf.com\/portal\/wp-json\/wp\/v2\/users\/1"}],"replies":[{"embeddable":true,"href":"https:\/\/webdelmaestrocmf.com\/portal\/wp-json\/wp\/v2\/comments?post=24374"}],"version-history":[{"count":0,"href":"https:\/\/webdelmaestrocmf.com\/portal\/wp-json\/wp\/v2\/posts\/24374\/revisions"}],"wp:featuredmedia":[{"embeddable":true,"href":"https:\/\/webdelmaestrocmf.com\/portal\/wp-json\/wp\/v2\/media\/26577"}],"wp:attachment":[{"href":"https:\/\/webdelmaestrocmf.com\/portal\/wp-json\/wp\/v2\/media?parent=24374"}],"wp:term":[{"taxonomy":"category","embeddable":true,"href":"https:\/\/webdelmaestrocmf.com\/portal\/wp-json\/wp\/v2\/categories?post=24374"},{"taxonomy":"post_tag","embeddable":true,"href":"https:\/\/webdelmaestrocmf.com\/portal\/wp-json\/wp\/v2\/tags?post=24374"}],"curies":[{"name":"wp","href":"https:\/\/api.w.org\/{rel}","templated":true}]}}