{"id":24164,"date":"2017-12-11T01:13:23","date_gmt":"2017-12-11T04:13:23","guid":{"rendered":"http:\/\/webdelmaestrocmf.com\/portal\/?p=24164"},"modified":"2023-10-24T11:01:22","modified_gmt":"2023-10-24T14:01:22","slug":"pisa-ha-evaluado-la-capacidad-los-alumnos-resolver-problemas-forma-colaborativa","status":"publish","type":"post","link":"https:\/\/webdelmaestrocmf.com\/portal\/pisa-ha-evaluado-la-capacidad-los-alumnos-resolver-problemas-forma-colaborativa\/","title":{"rendered":"PISA ha evaluado la capacidad de los alumnos para resolver problemas de forma colaborativa"},"content":{"rendered":"<p style=\"text-align: justify;\"><strong>El 21 de noviembre del 2017, la OECD (Organizaci\u00f3n para la Cooperaci\u00f3n y el Desarrollo Econ\u00f3micos), ha publicado el Volumen V sobre los resultados PISA 2015, que analizan y estudian, por primera vez, \u201cla capacidad que tienen los estudiantes de 15 a\u00f1os para trabajar en cooperaci\u00f3n y colaboraci\u00f3n en la resoluci\u00f3n de problemas.<\/strong><!--more--><\/p>\n<p style=\"text-align: justify;\">Este nuevo informe aprovecha los resultados de los ex\u00e1menes que cumplimentaron los estudiantes en el a\u00f1o 2015\u201d. En total, 52 pa\u00edses y econom\u00edas participaron en la evaluaci\u00f3n 2015 de la <strong>resoluci\u00f3n de problemas en colaboraci\u00f3n<\/strong>.<\/p>\n<p style=\"text-align: justify;\">El vertiginoso desarrollo de las nuevas tecnolog\u00edas, redes sociales y el trabajo colaborativo son algunas de las consecuencias de la irrupci\u00f3n abrupta del paradigma de la complejidad de esta sociedad que nos ha tocado vivir. En ella, <strong>el aprendizaje colaborativo es un facilitador de la construcci\u00f3n social,<\/strong> puesto que promueve la comunicaci\u00f3n a este nivel, as\u00ed como la interacci\u00f3n entre pares, la cooperaci\u00f3n y la evaluaci\u00f3n formativa\u201d. <span style=\"text-decoration: underline;\"><a href=\"https:\/\/eldebatedehoy.es\/educacion\/trabajo-colaborativo-pisa\/\" target=\"_blank\" rel=\"noopener\"><strong>EL TRABAJO COLABORATIVO COMO M\u00c9TODO EDUCATIVO FOMENTA EL LIDERAZGO Y LOS OBJETIVOS COMUNES.<\/strong><\/a><\/span><\/p>\n<p style=\"text-align: justify;\"><strong>El trabajo colaborativo<\/strong> se ha convertido en un m\u00e9todo de ense\u00f1anza muy utilizado. La capacidad de <strong>obtener beneficios<\/strong> propios y tambi\u00e9n para el resto del equipo se entiende como una preparaci\u00f3n adecuada de cara a la sociedad y al empleo del siglo XXI.<\/p>\n<p style=\"text-align: justify;\">La competencia de resoluci\u00f3n colaborativa de problemas (CPS, por sus siglas en ingl\u00e9s) se define como: \u201cLa <strong>capacidad de una persona para implicarse<\/strong> de forma eficaz en un <strong>proceso<\/strong> en el que dos o m\u00e1s participantes intentan resolver un problema <strong>compartiendo<\/strong> la comprensi\u00f3n y el esfuerzo necesarios para <strong>llegar a una soluci\u00f3n y mancomunar conocimientos, destrezas y esfuerzos<\/strong> para este fin\u201d.<\/p>\n<p style=\"text-align: justify;\">\u201cLa <strong>resoluci\u00f3n colaborativa de problemas <\/strong>es un mecanismo inherentemente complejo que incorpora componentes de cognici\u00f3n presentes en la resoluci\u00f3n individual de problemas y los componentes propios de la colaboraci\u00f3n. Los <strong>componentes cognitivos<\/strong> de la resoluci\u00f3n individual de problemas abordan la <strong>comprensi\u00f3n y representaci\u00f3n<\/strong> del contenido del problema, la aplicaci\u00f3n de <strong>estrategias para resolverlos<\/strong>, y la puesta en pr\u00e1ctica de procesos de <strong>autorregulaci\u00f3n y metacognitivos<\/strong> para monitorizar el progreso orientado al objetivo\u201d.<span style=\"text-decoration: underline;\"> <a href=\"http:\/\/blog.educalab.es\/inee\/2017\/11\/14\/pisa-2015-que-es-la-resolucion-colaborativa-de-problemas\/\" target=\"_blank\" rel=\"noopener\"><strong>PISA 2015: \u00bfQU\u00c9 ES LA RESOLUCI\u00d3N COLABORATIVA DE PROBLEMAS?<\/strong><\/a><\/span><\/p>\n<p style=\"text-align: justify;\">El Programa para la Evaluaci\u00f3n Internacional de los Alumnos (PISA, por sus siglas en ingl\u00e9s) ha medido las habilidades para <strong>resolver problemas de manera colaborativa<\/strong>. En los 20 primeros lugares <strong>no aparece ning\u00fan pa\u00eds de Am\u00e9rica Latina<\/strong> que sobresalga en trabajo en equipo. Los 20 pa\u00edses que mejor resuelven problemas en conjunto son:<\/p>\n<ol style=\"text-align: justify;\">\n<li>Singapur<\/li>\n<li>Jap\u00f3n<\/li>\n<li>Hong Kong<\/li>\n<li>Corea del Sur<\/li>\n<li>Canad\u00e1<\/li>\n<li>Estonia<\/li>\n<li>Finlandia<\/li>\n<li>Macao<\/li>\n<li>Nueva Zelanda<\/li>\n<li>Australia<\/li>\n<li>Taiw\u00e1n<\/li>\n<li>Alemania<\/li>\n<li>Estados Unidos<\/li>\n<li>Dinamarca<\/li>\n<li>Reino Unido<\/li>\n<li>Holanda<\/li>\n<li>Suecia<\/li>\n<li>Austria<\/li>\n<li>Noruega<\/li>\n<li>Eslovenia<\/li>\n<\/ol>\n<p style=\"text-align: justify;\">Aunque todav\u00eda no tenemos muchas publicaciones de los expertos y especialistas, los pocos comentarios sobre los resultados, nos dicen que\u00a0 cuando el elemento de colaboraci\u00f3n entra en juego en la resoluci\u00f3n de problemas, <strong>las ni\u00f1as se desempe\u00f1an mejor en todos los pa\u00edses.<\/strong><\/p>\n<p style=\"text-align: justify;\">Que los <strong>estudiantes con menos ventajas<\/strong> tienden a ver m\u00e1s el valor del <strong>trabajo en equipo <\/strong>que los m\u00e1s brillantes. Ellos tienden a decir que <strong>prefieren trabajar como parte de un equipo <\/strong>que hacerlo solos y que creen que los equipos toman mejores decisiones que los individuos.<\/p>\n<p style=\"text-align: justify;\">En las aulas <strong>donde los maestro<\/strong>s tienen <strong>relaciones m\u00e1s positivas<\/strong> con sus estudiantes y les dan m\u00e1s apoyo <strong>registran m\u00e1s trabajo en equipo<\/strong>. Los maestros pueden hacer una diferencia <strong>estimulando esa cooperaci\u00f3n<\/strong> y convirtiendo a los colegios en lugares en los que se alientan las conductas de colaboraci\u00f3n.<\/p>\n<p style=\"text-align: justify;\">Los estudiantes que tuvieron mejores puntuaciones en el <strong>trabajo en conjunto<\/strong>, proven\u00edan <strong>de familias que mostraron m\u00e1s inter\u00e9s<\/strong> en las actividades escolares. Los alumnos de <strong>padres nativos<\/strong> logran puntuaciones medias significativamente m\u00e1s altas que los de <strong>padres inmigrantes<\/strong>, en especial en relaci\u00f3n con los alumnos inmigrantes de primera generaci\u00f3n.<\/p>\n<p style=\"text-align: justify;\">Los estudiantes que usan el internet para <strong>chatear o para las redes sociales<\/strong> tambi\u00e9n parece ser buenos en resoluci\u00f3n de problemas en equipo, pero los que usan las redes para <strong>videojuegos<\/strong>, parecen hacerlo mal. Una <strong>mayor dependencia de las TIC<\/strong> parece reducir el tiempo que los alumnos emplean en interactuar y cooperar con los dem\u00e1s.<\/p>\n<p style=\"text-align: justify;\">Esta publicaci\u00f3n del Instituto Nacional de Evaluaci\u00f3n Educativa (Espa\u00f1a) nos ilustra sobre las principales conclusiones y nos muestra interesantes cuadros: <span style=\"text-decoration: underline;\"><a href=\"http:\/\/blog.educalab.es\/inee\/2017\/11\/21\/pisa-2015-resolucion-colaborativa-de-problemas\/\" target=\"_blank\" rel=\"noopener\"><strong>PISA 2015- RESOLUCI\u00d3N COLABORATIVA DE PROBLEMAS.<\/strong><\/a><\/span><\/p>\n<p style=\"text-align: justify;\">El Director General de Innovaci\u00f3n, Becas y Ayudas de la Comunidad de Madrid, Ismael Sanz, opina que: \u201cEn el conjunto de pa\u00edses OCDE, <strong>las chicas (515 puntos) obtienen una puntuaci\u00f3n media significativamente mayor a la de los chicos (486 puntos),<\/strong> lo que supone una diferencia de 31 puntos. Las mayores diferencias se dan en Finlandia, Suecia, Australia, Nueva Zelanda y Letonia, con m\u00e1s de 40 puntos a favor de las chicas. Las <strong>menores diferencias<\/strong>, aunque todav\u00eda estad\u00edsticamente significativas, se observan en M\u00e9xico, Chile, Brasil, Portugal y Singapur, con menos de 20 puntos\u201d.<\/p>\n<p style=\"text-align: justify;\">Resultados generales<strong>: <span style=\"text-decoration: underline;\"><a href=\"https:\/\/www.oecd.org\/pisa\/pisa-2015-results-volume-v-9789264285521-en.htm\" target=\"_blank\" rel=\"noopener\">PISA 2015 RESULTS (VOLUME V).<\/a><\/span><\/strong><\/p>\n<p style=\"text-align: justify;\">Para esta tarea \u201c<strong>se programaron agentes digitales<\/strong> que representaran a un equipo del que formaba parte el alumno participante; es decir, para medir esta competencia se realiza una <strong>simulaci\u00f3n por ordenador<\/strong>, en la que el alumno participante es uno de los componentes del grupo, mientras que los dem\u00e1s componentes son <strong>roles asignados<\/strong> por el programa digital, no personas reales. Las preguntas de la prueba se dise\u00f1aron de modo que, para llevar a buen t\u00e9rmino la tarea, <strong>se necesitaba la cooperaci\u00f3n e interdependencia de todos los participantes<\/strong>.<\/p>\n<p style=\"text-align: justify;\">Por ejemplo, en algunas situaciones, cada miembro del equipo tiene una parte de la informaci\u00f3n, y juntos pueden resolver el problema. En otras, <strong>el equipo tiene que llegar a un consenso<\/strong>, porque hay una cantidad limitada de recursos y primero hay que negociar hasta que se llega a una conclusi\u00f3n que satisfaga a los distintos implicados.<\/p>\n<p style=\"text-align: justify;\">Los resultados de los pa\u00edses incluidos en este informe var\u00edan desde los de Singapur (561) y Jap\u00f3n (552) que obtienen las puntuaciones medias m\u00e1s altas, ambos superan en m\u00e1s media desviaci\u00f3n t\u00edpica el promedio OCDE, a Turqu\u00eda (422) y Brasil (412) que presentan las m\u00e1s bajas\u201d. <strong>PISA RESOLUCI\u00d3N DE PROBLEMAS COLABORATIVOS. TRABAJO EN EQUIPO<\/strong>.<\/p>\n<p style=\"text-align: justify;\">Sabemos sobre las <strong>opiniones y las controversias<\/strong> que todav\u00eda existen sobre los resultados de los informes PISA, pero es interesante <strong>conocer esta nueva informaci\u00f3n sobre el trabajo colaborativo<\/strong>, el tener presente que la educaci\u00f3n no termina en la puerta de la escuela, que los padres tambi\u00e9n deben cumplir un rol, y que <strong>los estudiantes que tuvieron mejores puntuaciones <\/strong>en el trabajo en conjunto o colaborativo, proven\u00edan de familias que mostraron <strong>m\u00e1s inter\u00e9s en las actividades escolare<\/strong>s.<\/p>\n<p style=\"text-align: justify;\">Les sugerimos ampliar la informaci\u00f3n en esta publicaci\u00f3n de BBC MUNDO, que hemos utilizado como fuente:<a href=\"http:\/\/www.bbc.com\/mundo\/noticias-42126777\" target=\"_blank\" rel=\"noopener\"><strong> QU\u00c9 PA\u00cdSES LOGRARON MEJORES RESULTADOS EN LA NUEVA PRUEBA PISA PARA RESOLVER PROBLEMAS EN EQUIPO.<\/strong><\/a><\/p>\n<p style=\"text-align: justify;\"><em>\u201cLas cr\u00edticas a PISA vienen generalmente del intento <strong>de <\/strong><\/em><strong>extraer prescripciones curriculares y de pol\u00edticas educativas<em> a partir de los resultados<\/em><\/strong><em>, produci\u00e9ndose un salto no justificado emp\u00edricamente, puesto que su metodolog\u00eda no es muchas veces sensible <strong>al contexto<\/strong>\u201d<\/em> (Ecos del futuro).<\/p>\n<p style=\"text-align: justify;\">\u00bfUsted qu\u00e9 opina sobre este nuevo informe? \u00bfQu\u00e9 tan conocido o desconocido es para Usted el m\u00e9todo de resolver problemas en equipo, la resoluci\u00f3n de problemas colaborativos, o simplemente el trabajo en grupo? \u00bfQu\u00e9 tan nuevo, interesantes e ilustrativo es, respecto a los resultados de lenguaje, matem\u00e1tica y ciencias?<\/p>\n\t\t<div class=\"pk-inline-posts\">\n\t\t\t\n\t\t\t<div class=\"pk-inline-posts-container pk-inline-posts-template-list\"\n\t\t\t\tdata-columns=\"1\">\n\t\t\t\t\t\t<article id=\"post-117767\" class=\"post-117767 post type-post status-publish format-standard has-post-thumbnail category-sin-categoria-es tag-aprendizaje tag-aula tag-convivencia-escolar tag-disciplina tag-docentes tag-educacion-2 tag-educacion-emocional-2 tag-estudiantes tag-pedagogia-2 tag-violencia-escolar cs-entry cs-video-wrap\">\n\t\t\t<div class=\"pk-post-outer\">\n\n\t\t\t\t\t\t\t\t<div class=\"pk-post-inner\">\n\t\t\t\t\t<div class=\"entry-thumbnail\">\n\t\t\t\t\t\t<div class=\"pk-overlay pk-overlay-ratio pk-ratio-landscape\">\n\t\t\t\t\t\t\t<div class=\"pk-overlay-background\">\n\t\t\t\t\t\t\t\t<a href=\"https:\/\/webdelmaestrocmf.com\/portal\/los-alumnos-de-ahora-tienen-menos-conocimientos-pero-estan-sobrecargados-por-una-exposicion-excesiva-a-la-violencia\/\" class=\"pk-overlay-link\">\n\t\t\t\t\t\t\t\t\t<img loading=\"lazy\" decoding=\"async\" width=\"300\" height=\"225\" src=\"https:\/\/webdelmaestrocmf.com\/portal\/wp-content\/uploads\/2026\/04\/1AA-Banner-1-portada-imagen-10-1-copia-4-1-300x225.webp\" class=\"attachment-pk-thumbnail size-pk-thumbnail wp-post-image\" alt=\"\" \/>\t\t\t\t\t\t\t\t<\/a>\n\t\t\t\t\t\t\t<\/div>\n\t\t\t\t\t\t<\/div>\n\t\t\t\t\t<\/div>\n\t\t\t\t<\/div>\n\t\t\t\t\n\t\t\t\t<div class=\"pk-post-inner\">\n\t\t\t\t\t<header>\n\t\t\t\t\t\t<h3 class=\"pk-title\"><a href=\"https:\/\/webdelmaestrocmf.com\/portal\/los-alumnos-de-ahora-tienen-menos-conocimientos-pero-estan-sobrecargados-por-una-exposicion-excesiva-a-la-violencia\/\" rel=\"bookmark\">Los alumnos de ahora tienen menos conocimientos, pero est\u00e1n sobrecargados por una exposici\u00f3n excesiva a la violencia<\/a><\/h3>\t\t\t\t\t<\/header><!-- .entry-header -->\n\t\t\t\t<\/div><!-- .post-inner -->\n\n\t\t\t<\/div><!-- .post-outer -->\n\t\t<\/article>\n\t\t\t<article id=\"post-117693\" class=\"post-117693 post type-post status-publish format-standard has-post-thumbnail category-sin-categoria-es tag-analisis-social tag-comunicacion-politica-2 tag-discurso-publico tag-donald-trump tag-educacion-civica tag-inteligencia-artificial tag-liderazgo-global tag-papa-leon-xiv-2 tag-pensamiento-critico-3 tag-redes-sociales cs-entry cs-video-wrap\">\n\t\t\t<div class=\"pk-post-outer\">\n\n\t\t\t\t\t\t\t\t<div class=\"pk-post-inner\">\n\t\t\t\t\t<div class=\"entry-thumbnail\">\n\t\t\t\t\t\t<div class=\"pk-overlay pk-overlay-ratio pk-ratio-landscape\">\n\t\t\t\t\t\t\t<div class=\"pk-overlay-background\">\n\t\t\t\t\t\t\t\t<a href=\"https:\/\/webdelmaestrocmf.com\/portal\/trump-difundio-una-imagen-en-la-que-aparece-representado-como-jesucristo-sanando-enfermos\/\" class=\"pk-overlay-link\">\n\t\t\t\t\t\t\t\t\t<img loading=\"lazy\" decoding=\"async\" width=\"300\" height=\"225\" src=\"https:\/\/webdelmaestrocmf.com\/portal\/wp-content\/uploads\/2026\/04\/1AA-Banner-1-portada-imagen-10-1-copia-9-300x225.webp\" class=\"attachment-pk-thumbnail size-pk-thumbnail wp-post-image\" alt=\"\" \/>\t\t\t\t\t\t\t\t<\/a>\n\t\t\t\t\t\t\t<\/div>\n\t\t\t\t\t\t<\/div>\n\t\t\t\t\t<\/div>\n\t\t\t\t<\/div>\n\t\t\t\t\n\t\t\t\t<div class=\"pk-post-inner\">\n\t\t\t\t\t<header>\n\t\t\t\t\t\t<h3 class=\"pk-title\"><a href=\"https:\/\/webdelmaestrocmf.com\/portal\/trump-difundio-una-imagen-en-la-que-aparece-representado-como-jesucristo-sanando-enfermos\/\" rel=\"bookmark\">Trump difundi\u00f3 una imagen en la que aparece representado como Jesucristo sanando enfermos<\/a><\/h3>\t\t\t\t\t<\/header><!-- .entry-header -->\n\t\t\t\t<\/div><!-- .post-inner -->\n\n\t\t\t<\/div><!-- .post-outer -->\n\t\t<\/article>\n\t\t\t<article id=\"post-108765\" class=\"post-108765 post type-post status-publish format-standard has-post-thumbnail category-pastoral category-papa-francisco tag-activa tag-francisco tag-muerte tag-papa tag-protocolo tag-sucesion tag-vaticano cs-entry cs-video-wrap\">\n\t\t\t<div class=\"pk-post-outer\">\n\n\t\t\t\t\t\t\t\t<div class=\"pk-post-inner\">\n\t\t\t\t\t<div class=\"entry-thumbnail\">\n\t\t\t\t\t\t<div class=\"pk-overlay pk-overlay-ratio pk-ratio-landscape\">\n\t\t\t\t\t\t\t<div class=\"pk-overlay-background\">\n\t\t\t\t\t\t\t\t<a href=\"https:\/\/webdelmaestrocmf.com\/portal\/vaticano-activa-protocolo-de-sucesion-tras-muerte-del-papa-francisco\/\" class=\"pk-overlay-link\">\n\t\t\t\t\t\t\t\t\t<img loading=\"lazy\" decoding=\"async\" width=\"300\" height=\"225\" src=\"https:\/\/webdelmaestrocmf.com\/portal\/wp-content\/uploads\/2025\/04\/1A-Banner-1-portada-imagen-10-1-8-300x225.jpg\" class=\"attachment-pk-thumbnail size-pk-thumbnail wp-post-image\" alt=\"\" \/>\t\t\t\t\t\t\t\t<\/a>\n\t\t\t\t\t\t\t<\/div>\n\t\t\t\t\t\t<\/div>\n\t\t\t\t\t<\/div>\n\t\t\t\t<\/div>\n\t\t\t\t\n\t\t\t\t<div class=\"pk-post-inner\">\n\t\t\t\t\t<header>\n\t\t\t\t\t\t<h3 class=\"pk-title\"><a href=\"https:\/\/webdelmaestrocmf.com\/portal\/vaticano-activa-protocolo-de-sucesion-tras-muerte-del-papa-francisco\/\" rel=\"bookmark\">Vaticano activa protocolo de sucesi\u00f3n tras muerte del Papa Francisco<\/a><\/h3>\t\t\t\t\t<\/header><!-- .entry-header -->\n\t\t\t\t<\/div><!-- .post-inner -->\n\n\t\t\t<\/div><!-- .post-outer -->\n\t\t<\/article>\n\t\t\t\t<\/div>\n\t\t<\/div>\n\t\t\n","protected":false},"excerpt":{"rendered":"El 21 de noviembre del 2017, la OECD (Organizaci\u00f3n para la Cooperaci\u00f3n y el Desarrollo Econ\u00f3micos), ha publicado&hellip;","protected":false},"author":2,"featured_media":98429,"comment_status":"open","ping_status":"closed","sticky":false,"template":"","format":"standard","meta":{"csco_display_header_overlay":false,"csco_singular_sidebar":"default","csco_page_header_type":"default","csco_page_load_nextpost":"default","csco_post_video_location":[],"csco_post_video_location_hash":"","csco_post_video_url":"","csco_post_video_bg_start_time":0,"csco_post_video_bg_end_time":0,"csco_post_video_bg_volume":false,"_jetpack_memberships_contains_paid_content":false,"footnotes":""},"categories":[6894],"tags":[299,909,3118,3116,2332,681,186,3117],"class_list":{"0":"post-24164","1":"post","2":"type-post","3":"status-publish","4":"format-standard","5":"has-post-thumbnail","7":"category-sin-categoria-es","8":"tag-alumnos","9":"tag-capacidad","10":"tag-colaborativa","11":"tag-evaluado","12":"tag-forma","13":"tag-pisa","14":"tag-problemas","15":"tag-resolver","16":"cs-entry","17":"cs-video-wrap"},"yoast_head":"<!-- This site is optimized with the Yoast SEO plugin v27.5 - https:\/\/yoast.com\/product\/yoast-seo-wordpress\/ -->\n<title>PISA ha evaluado la capacidad de los alumnos para resolver problemas de forma colaborativa - 2026<\/title>\n<meta name=\"description\" content=\"El 21 de noviembre del 2017, la OECD (Organizaci\u00f3n para la Cooperaci\u00f3n y el Desarrollo Econ\u00f3micos), ha publicado el Volumen...\" \/>\n<meta name=\"robots\" content=\"index, follow, max-snippet:-1, max-image-preview:large, max-video-preview:-1\" \/>\n<link rel=\"canonical\" href=\"https:\/\/webdelmaestrocmf.com\/portal\/pisa-ha-evaluado-la-capacidad-los-alumnos-resolver-problemas-forma-colaborativa\/\" \/>\n<meta property=\"og:locale\" content=\"es_ES\" \/>\n<meta property=\"og:type\" content=\"article\" \/>\n<meta property=\"og:title\" content=\"PISA ha evaluado la capacidad de los alumnos para resolver problemas de forma colaborativa - 2026\" \/>\n<meta property=\"og:description\" content=\"El 21 de noviembre del 2017, la OECD (Organizaci\u00f3n para la Cooperaci\u00f3n y el Desarrollo Econ\u00f3micos), ha publicado el Volumen...\" \/>\n<meta property=\"og:url\" content=\"https:\/\/webdelmaestrocmf.com\/portal\/pisa-ha-evaluado-la-capacidad-los-alumnos-resolver-problemas-forma-colaborativa\/\" \/>\n<meta property=\"og:site_name\" content=\"Web del Maestro CMF\" \/>\n<meta property=\"article:publisher\" content=\"https:\/\/www.facebook.com\/WebdelMaestroCMF\/\" \/>\n<meta property=\"article:author\" content=\"https:\/\/www.facebook.com\/WebdelMaestroCMF\/\" \/>\n<meta property=\"article:published_time\" content=\"2017-12-11T04:13:23+00:00\" \/>\n<meta property=\"article:modified_time\" content=\"2023-10-24T14:01:22+00:00\" \/>\n<meta property=\"og:image\" content=\"https:\/\/webdelmaestrocmf.com\/portal\/wp-content\/uploads\/2017\/12\/A12B3C4D-35.jpg\" \/>\n\t<meta property=\"og:image:width\" content=\"900\" \/>\n\t<meta property=\"og:image:height\" content=\"556\" \/>\n\t<meta property=\"og:image:type\" content=\"image\/jpeg\" \/>\n<meta name=\"author\" content=\"Web del Maestro CMF\" \/>\n<meta name=\"twitter:card\" content=\"summary_large_image\" \/>\n<meta name=\"twitter:creator\" content=\"@cmf_w\" \/>\n<meta name=\"twitter:site\" content=\"@cmf_w\" \/>\n<script type=\"application\/ld+json\" class=\"yoast-schema-graph\">{\"@context\":\"https:\\\/\\\/schema.org\",\"@graph\":[{\"@type\":\"ScholarlyArticle\",\"@id\":\"https:\\\/\\\/webdelmaestrocmf.com\\\/portal\\\/pisa-ha-evaluado-la-capacidad-los-alumnos-resolver-problemas-forma-colaborativa\\\/#article\",\"isPartOf\":{\"@id\":\"https:\\\/\\\/webdelmaestrocmf.com\\\/portal\\\/pisa-ha-evaluado-la-capacidad-los-alumnos-resolver-problemas-forma-colaborativa\\\/\"},\"author\":{\"name\":\"Web del Maestro CMF\",\"@id\":\"https:\\\/\\\/webdelmaestrocmf.com\\\/portal\\\/#\\\/schema\\\/person\\\/ebc57e23d318c9c4270c6f41367015b5\"},\"headline\":\"PISA ha evaluado la capacidad de los alumnos para resolver problemas de forma colaborativa\",\"datePublished\":\"2017-12-11T04:13:23+00:00\",\"dateModified\":\"2023-10-24T14:01:22+00:00\",\"mainEntityOfPage\":{\"@id\":\"https:\\\/\\\/webdelmaestrocmf.com\\\/portal\\\/pisa-ha-evaluado-la-capacidad-los-alumnos-resolver-problemas-forma-colaborativa\\\/\"},\"wordCount\":1305,\"commentCount\":0,\"publisher\":{\"@id\":\"https:\\\/\\\/webdelmaestrocmf.com\\\/portal\\\/#organization\"},\"image\":{\"@id\":\"https:\\\/\\\/webdelmaestrocmf.com\\\/portal\\\/pisa-ha-evaluado-la-capacidad-los-alumnos-resolver-problemas-forma-colaborativa\\\/#primaryimage\"},\"thumbnailUrl\":\"https:\\\/\\\/webdelmaestrocmf.com\\\/portal\\\/wp-content\\\/uploads\\\/2017\\\/12\\\/A12B3C4D-35.jpg\",\"keywords\":[\"alumnos\",\"capacidad\",\"COLABORATIVA\",\"EVALUADO\",\"FORMA\",\"PISA\",\"PROBLEMAS\",\"RESOLVER\"],\"inLanguage\":\"es\",\"potentialAction\":[{\"@type\":\"CommentAction\",\"name\":\"Comment\",\"target\":[\"https:\\\/\\\/webdelmaestrocmf.com\\\/portal\\\/pisa-ha-evaluado-la-capacidad-los-alumnos-resolver-problemas-forma-colaborativa\\\/#respond\"]}]},{\"@type\":\"WebPage\",\"@id\":\"https:\\\/\\\/webdelmaestrocmf.com\\\/portal\\\/pisa-ha-evaluado-la-capacidad-los-alumnos-resolver-problemas-forma-colaborativa\\\/\",\"url\":\"https:\\\/\\\/webdelmaestrocmf.com\\\/portal\\\/pisa-ha-evaluado-la-capacidad-los-alumnos-resolver-problemas-forma-colaborativa\\\/\",\"name\":\"PISA ha evaluado la capacidad de los alumnos para resolver problemas de forma colaborativa - 2026\",\"isPartOf\":{\"@id\":\"https:\\\/\\\/webdelmaestrocmf.com\\\/portal\\\/#website\"},\"primaryImageOfPage\":{\"@id\":\"https:\\\/\\\/webdelmaestrocmf.com\\\/portal\\\/pisa-ha-evaluado-la-capacidad-los-alumnos-resolver-problemas-forma-colaborativa\\\/#primaryimage\"},\"image\":{\"@id\":\"https:\\\/\\\/webdelmaestrocmf.com\\\/portal\\\/pisa-ha-evaluado-la-capacidad-los-alumnos-resolver-problemas-forma-colaborativa\\\/#primaryimage\"},\"thumbnailUrl\":\"https:\\\/\\\/webdelmaestrocmf.com\\\/portal\\\/wp-content\\\/uploads\\\/2017\\\/12\\\/A12B3C4D-35.jpg\",\"datePublished\":\"2017-12-11T04:13:23+00:00\",\"dateModified\":\"2023-10-24T14:01:22+00:00\",\"description\":\"El 21 de noviembre del 2017, la OECD (Organizaci\u00f3n para la Cooperaci\u00f3n y el Desarrollo Econ\u00f3micos), ha publicado el Volumen...\",\"breadcrumb\":{\"@id\":\"https:\\\/\\\/webdelmaestrocmf.com\\\/portal\\\/pisa-ha-evaluado-la-capacidad-los-alumnos-resolver-problemas-forma-colaborativa\\\/#breadcrumb\"},\"inLanguage\":\"es\",\"potentialAction\":[{\"@type\":\"ReadAction\",\"target\":[\"https:\\\/\\\/webdelmaestrocmf.com\\\/portal\\\/pisa-ha-evaluado-la-capacidad-los-alumnos-resolver-problemas-forma-colaborativa\\\/\"]}]},{\"@type\":\"ImageObject\",\"inLanguage\":\"es\",\"@id\":\"https:\\\/\\\/webdelmaestrocmf.com\\\/portal\\\/pisa-ha-evaluado-la-capacidad-los-alumnos-resolver-problemas-forma-colaborativa\\\/#primaryimage\",\"url\":\"https:\\\/\\\/webdelmaestrocmf.com\\\/portal\\\/wp-content\\\/uploads\\\/2017\\\/12\\\/A12B3C4D-35.jpg\",\"contentUrl\":\"https:\\\/\\\/webdelmaestrocmf.com\\\/portal\\\/wp-content\\\/uploads\\\/2017\\\/12\\\/A12B3C4D-35.jpg\",\"width\":900,\"height\":556},{\"@type\":\"BreadcrumbList\",\"@id\":\"https:\\\/\\\/webdelmaestrocmf.com\\\/portal\\\/pisa-ha-evaluado-la-capacidad-los-alumnos-resolver-problemas-forma-colaborativa\\\/#breadcrumb\",\"itemListElement\":[{\"@type\":\"ListItem\",\"position\":1,\"name\":\"Portada\",\"item\":\"https:\\\/\\\/webdelmaestrocmf.com\\\/portal\\\/\"},{\"@type\":\"ListItem\",\"position\":2,\"name\":\"Sin categor\u00eda\",\"item\":\"https:\\\/\\\/webdelmaestrocmf.com\\\/portal\\\/category\\\/sin-categoria-es\\\/\"},{\"@type\":\"ListItem\",\"position\":3,\"name\":\"PISA ha evaluado la capacidad de los alumnos para resolver problemas de forma colaborativa\"}]},{\"@type\":\"WebSite\",\"@id\":\"https:\\\/\\\/webdelmaestrocmf.com\\\/portal\\\/#website\",\"url\":\"https:\\\/\\\/webdelmaestrocmf.com\\\/portal\\\/\",\"name\":\"Web del Maestro CMF\",\"description\":\"Maestros al servicio de la educaci\u00f3n\",\"publisher\":{\"@id\":\"https:\\\/\\\/webdelmaestrocmf.com\\\/portal\\\/#organization\"},\"alternateName\":\"WMCMF\",\"potentialAction\":[{\"@type\":\"SearchAction\",\"target\":{\"@type\":\"EntryPoint\",\"urlTemplate\":\"https:\\\/\\\/webdelmaestrocmf.com\\\/portal\\\/?s={search_term_string}\"},\"query-input\":{\"@type\":\"PropertyValueSpecification\",\"valueRequired\":true,\"valueName\":\"search_term_string\"}}],\"inLanguage\":\"es\"},{\"@type\":\"Organization\",\"@id\":\"https:\\\/\\\/webdelmaestrocmf.com\\\/portal\\\/#organization\",\"name\":\"Web del Maestro CMF\",\"alternateName\":\"WMCMF\",\"url\":\"https:\\\/\\\/webdelmaestrocmf.com\\\/portal\\\/\",\"logo\":{\"@type\":\"ImageObject\",\"inLanguage\":\"es\",\"@id\":\"https:\\\/\\\/webdelmaestrocmf.com\\\/portal\\\/#\\\/schema\\\/logo\\\/image\\\/\",\"url\":\"https:\\\/\\\/webdelmaestrocmf.com\\\/portal\\\/wp-content\\\/uploads\\\/2023\\\/01\\\/logo-wmcmf-2.png\",\"contentUrl\":\"https:\\\/\\\/webdelmaestrocmf.com\\\/portal\\\/wp-content\\\/uploads\\\/2023\\\/01\\\/logo-wmcmf-2.png\",\"width\":200,\"height\":60,\"caption\":\"Web del Maestro CMF\"},\"image\":{\"@id\":\"https:\\\/\\\/webdelmaestrocmf.com\\\/portal\\\/#\\\/schema\\\/logo\\\/image\\\/\"},\"sameAs\":[\"https:\\\/\\\/www.facebook.com\\\/WebdelMaestroCMF\\\/\",\"https:\\\/\\\/x.com\\\/cmf_w\",\"https:\\\/\\\/www.pinterest.com\\\/WMCMF\\\/\",\"https:\\\/\\\/www.linkedin.com\\\/company\\\/web-del-maestro-cmf\\\/\",\"https:\\\/\\\/www.instagram.com\\\/wmcmf\\\/\",\"https:\\\/\\\/www.youtube.com\\\/channel\\\/UCDPSvjbdodE5sHnC3OxutHw\",\"https:\\\/\\\/mastodon.social\\\/@wmcmf\",\"https:\\\/\\\/www.tiktok.com\\\/@webdelmaestrocmf\"]},{\"@type\":\"Person\",\"@id\":\"https:\\\/\\\/webdelmaestrocmf.com\\\/portal\\\/#\\\/schema\\\/person\\\/ebc57e23d318c9c4270c6f41367015b5\",\"name\":\"Web del Maestro CMF\",\"image\":{\"@type\":\"ImageObject\",\"inLanguage\":\"es\",\"@id\":\"https:\\\/\\\/secure.gravatar.com\\\/avatar\\\/718b2df46e711f63dc8c16a160d16cc0104e961fe3c231eaaed2426975fc5e2d?s=96&d=mm&r=g\",\"url\":\"https:\\\/\\\/secure.gravatar.com\\\/avatar\\\/718b2df46e711f63dc8c16a160d16cc0104e961fe3c231eaaed2426975fc5e2d?s=96&d=mm&r=g\",\"contentUrl\":\"https:\\\/\\\/secure.gravatar.com\\\/avatar\\\/718b2df46e711f63dc8c16a160d16cc0104e961fe3c231eaaed2426975fc5e2d?s=96&d=mm&r=g\",\"caption\":\"Web del Maestro CMF\"},\"description\":\"Esta Web se cre\u00f3 sin fines de lucro, con fines educativos, cient\u00edficos y acad\u00e9micos, para personas que tengan dificultades y\\\/o inconvenientes en visualizar el material original. El objetivo es entregar recursos, compartir experiencias y materiales que ayuden a los padres de familia, maestros y estudiantes en su actualizaci\u00f3n y formaci\u00f3n permanente, en bien de la Educaci\u00f3n.\",\"sameAs\":[\"http:\\\/\\\/webdelmaestrocmf.com\\\/portal\",\"https:\\\/\\\/www.facebook.com\\\/WebdelMaestroCMF\\\/\",\"https:\\\/\\\/www.instagram.com\\\/wmcmf\\\/\",\"https:\\\/\\\/cl.linkedin.com\\\/company\\\/web-del-maestro-cmf\",\"https:\\\/\\\/www.pinterest.com\\\/WMCMF\\\/publicaciones\\\/\",\"https:\\\/\\\/x.com\\\/cmf_w\",\"https:\\\/\\\/www.youtube.com\\\/@WMCMF\"]}]}<\/script>\n<!-- \/ Yoast SEO plugin. -->","yoast_head_json":{"title":"PISA ha evaluado la capacidad de los alumnos para resolver problemas de forma colaborativa - 2026","description":"El 21 de noviembre del 2017, la OECD (Organizaci\u00f3n para la Cooperaci\u00f3n y el Desarrollo Econ\u00f3micos), ha publicado el Volumen...","robots":{"index":"index","follow":"follow","max-snippet":"max-snippet:-1","max-image-preview":"max-image-preview:large","max-video-preview":"max-video-preview:-1"},"canonical":"https:\/\/webdelmaestrocmf.com\/portal\/pisa-ha-evaluado-la-capacidad-los-alumnos-resolver-problemas-forma-colaborativa\/","og_locale":"es_ES","og_type":"article","og_title":"PISA ha evaluado la capacidad de los alumnos para resolver problemas de forma colaborativa - 2026","og_description":"El 21 de noviembre del 2017, la OECD (Organizaci\u00f3n para la Cooperaci\u00f3n y el Desarrollo Econ\u00f3micos), ha publicado el Volumen...","og_url":"https:\/\/webdelmaestrocmf.com\/portal\/pisa-ha-evaluado-la-capacidad-los-alumnos-resolver-problemas-forma-colaborativa\/","og_site_name":"Web del Maestro CMF","article_publisher":"https:\/\/www.facebook.com\/WebdelMaestroCMF\/","article_author":"https:\/\/www.facebook.com\/WebdelMaestroCMF\/","article_published_time":"2017-12-11T04:13:23+00:00","article_modified_time":"2023-10-24T14:01:22+00:00","og_image":[{"width":900,"height":556,"url":"https:\/\/webdelmaestrocmf.com\/portal\/wp-content\/uploads\/2017\/12\/A12B3C4D-35.jpg","type":"image\/jpeg"}],"author":"Web del Maestro CMF","twitter_card":"summary_large_image","twitter_creator":"@cmf_w","twitter_site":"@cmf_w","schema":{"@context":"https:\/\/schema.org","@graph":[{"@type":"ScholarlyArticle","@id":"https:\/\/webdelmaestrocmf.com\/portal\/pisa-ha-evaluado-la-capacidad-los-alumnos-resolver-problemas-forma-colaborativa\/#article","isPartOf":{"@id":"https:\/\/webdelmaestrocmf.com\/portal\/pisa-ha-evaluado-la-capacidad-los-alumnos-resolver-problemas-forma-colaborativa\/"},"author":{"name":"Web del Maestro CMF","@id":"https:\/\/webdelmaestrocmf.com\/portal\/#\/schema\/person\/ebc57e23d318c9c4270c6f41367015b5"},"headline":"PISA ha evaluado la capacidad de los alumnos para resolver problemas de forma colaborativa","datePublished":"2017-12-11T04:13:23+00:00","dateModified":"2023-10-24T14:01:22+00:00","mainEntityOfPage":{"@id":"https:\/\/webdelmaestrocmf.com\/portal\/pisa-ha-evaluado-la-capacidad-los-alumnos-resolver-problemas-forma-colaborativa\/"},"wordCount":1305,"commentCount":0,"publisher":{"@id":"https:\/\/webdelmaestrocmf.com\/portal\/#organization"},"image":{"@id":"https:\/\/webdelmaestrocmf.com\/portal\/pisa-ha-evaluado-la-capacidad-los-alumnos-resolver-problemas-forma-colaborativa\/#primaryimage"},"thumbnailUrl":"https:\/\/webdelmaestrocmf.com\/portal\/wp-content\/uploads\/2017\/12\/A12B3C4D-35.jpg","keywords":["alumnos","capacidad","COLABORATIVA","EVALUADO","FORMA","PISA","PROBLEMAS","RESOLVER"],"inLanguage":"es","potentialAction":[{"@type":"CommentAction","name":"Comment","target":["https:\/\/webdelmaestrocmf.com\/portal\/pisa-ha-evaluado-la-capacidad-los-alumnos-resolver-problemas-forma-colaborativa\/#respond"]}]},{"@type":"WebPage","@id":"https:\/\/webdelmaestrocmf.com\/portal\/pisa-ha-evaluado-la-capacidad-los-alumnos-resolver-problemas-forma-colaborativa\/","url":"https:\/\/webdelmaestrocmf.com\/portal\/pisa-ha-evaluado-la-capacidad-los-alumnos-resolver-problemas-forma-colaborativa\/","name":"PISA ha evaluado la capacidad de los alumnos para resolver problemas de forma colaborativa - 2026","isPartOf":{"@id":"https:\/\/webdelmaestrocmf.com\/portal\/#website"},"primaryImageOfPage":{"@id":"https:\/\/webdelmaestrocmf.com\/portal\/pisa-ha-evaluado-la-capacidad-los-alumnos-resolver-problemas-forma-colaborativa\/#primaryimage"},"image":{"@id":"https:\/\/webdelmaestrocmf.com\/portal\/pisa-ha-evaluado-la-capacidad-los-alumnos-resolver-problemas-forma-colaborativa\/#primaryimage"},"thumbnailUrl":"https:\/\/webdelmaestrocmf.com\/portal\/wp-content\/uploads\/2017\/12\/A12B3C4D-35.jpg","datePublished":"2017-12-11T04:13:23+00:00","dateModified":"2023-10-24T14:01:22+00:00","description":"El 21 de noviembre del 2017, la OECD (Organizaci\u00f3n para la Cooperaci\u00f3n y el Desarrollo Econ\u00f3micos), ha publicado el Volumen...","breadcrumb":{"@id":"https:\/\/webdelmaestrocmf.com\/portal\/pisa-ha-evaluado-la-capacidad-los-alumnos-resolver-problemas-forma-colaborativa\/#breadcrumb"},"inLanguage":"es","potentialAction":[{"@type":"ReadAction","target":["https:\/\/webdelmaestrocmf.com\/portal\/pisa-ha-evaluado-la-capacidad-los-alumnos-resolver-problemas-forma-colaborativa\/"]}]},{"@type":"ImageObject","inLanguage":"es","@id":"https:\/\/webdelmaestrocmf.com\/portal\/pisa-ha-evaluado-la-capacidad-los-alumnos-resolver-problemas-forma-colaborativa\/#primaryimage","url":"https:\/\/webdelmaestrocmf.com\/portal\/wp-content\/uploads\/2017\/12\/A12B3C4D-35.jpg","contentUrl":"https:\/\/webdelmaestrocmf.com\/portal\/wp-content\/uploads\/2017\/12\/A12B3C4D-35.jpg","width":900,"height":556},{"@type":"BreadcrumbList","@id":"https:\/\/webdelmaestrocmf.com\/portal\/pisa-ha-evaluado-la-capacidad-los-alumnos-resolver-problemas-forma-colaborativa\/#breadcrumb","itemListElement":[{"@type":"ListItem","position":1,"name":"Portada","item":"https:\/\/webdelmaestrocmf.com\/portal\/"},{"@type":"ListItem","position":2,"name":"Sin categor\u00eda","item":"https:\/\/webdelmaestrocmf.com\/portal\/category\/sin-categoria-es\/"},{"@type":"ListItem","position":3,"name":"PISA ha evaluado la capacidad de los alumnos para resolver problemas de forma colaborativa"}]},{"@type":"WebSite","@id":"https:\/\/webdelmaestrocmf.com\/portal\/#website","url":"https:\/\/webdelmaestrocmf.com\/portal\/","name":"Web del Maestro CMF","description":"Maestros al servicio de la educaci\u00f3n","publisher":{"@id":"https:\/\/webdelmaestrocmf.com\/portal\/#organization"},"alternateName":"WMCMF","potentialAction":[{"@type":"SearchAction","target":{"@type":"EntryPoint","urlTemplate":"https:\/\/webdelmaestrocmf.com\/portal\/?s={search_term_string}"},"query-input":{"@type":"PropertyValueSpecification","valueRequired":true,"valueName":"search_term_string"}}],"inLanguage":"es"},{"@type":"Organization","@id":"https:\/\/webdelmaestrocmf.com\/portal\/#organization","name":"Web del Maestro CMF","alternateName":"WMCMF","url":"https:\/\/webdelmaestrocmf.com\/portal\/","logo":{"@type":"ImageObject","inLanguage":"es","@id":"https:\/\/webdelmaestrocmf.com\/portal\/#\/schema\/logo\/image\/","url":"https:\/\/webdelmaestrocmf.com\/portal\/wp-content\/uploads\/2023\/01\/logo-wmcmf-2.png","contentUrl":"https:\/\/webdelmaestrocmf.com\/portal\/wp-content\/uploads\/2023\/01\/logo-wmcmf-2.png","width":200,"height":60,"caption":"Web del Maestro CMF"},"image":{"@id":"https:\/\/webdelmaestrocmf.com\/portal\/#\/schema\/logo\/image\/"},"sameAs":["https:\/\/www.facebook.com\/WebdelMaestroCMF\/","https:\/\/x.com\/cmf_w","https:\/\/www.pinterest.com\/WMCMF\/","https:\/\/www.linkedin.com\/company\/web-del-maestro-cmf\/","https:\/\/www.instagram.com\/wmcmf\/","https:\/\/www.youtube.com\/channel\/UCDPSvjbdodE5sHnC3OxutHw","https:\/\/mastodon.social\/@wmcmf","https:\/\/www.tiktok.com\/@webdelmaestrocmf"]},{"@type":"Person","@id":"https:\/\/webdelmaestrocmf.com\/portal\/#\/schema\/person\/ebc57e23d318c9c4270c6f41367015b5","name":"Web del Maestro CMF","image":{"@type":"ImageObject","inLanguage":"es","@id":"https:\/\/secure.gravatar.com\/avatar\/718b2df46e711f63dc8c16a160d16cc0104e961fe3c231eaaed2426975fc5e2d?s=96&d=mm&r=g","url":"https:\/\/secure.gravatar.com\/avatar\/718b2df46e711f63dc8c16a160d16cc0104e961fe3c231eaaed2426975fc5e2d?s=96&d=mm&r=g","contentUrl":"https:\/\/secure.gravatar.com\/avatar\/718b2df46e711f63dc8c16a160d16cc0104e961fe3c231eaaed2426975fc5e2d?s=96&d=mm&r=g","caption":"Web del Maestro CMF"},"description":"Esta Web se cre\u00f3 sin fines de lucro, con fines educativos, cient\u00edficos y acad\u00e9micos, para personas que tengan dificultades y\/o inconvenientes en visualizar el material original. El objetivo es entregar recursos, compartir experiencias y materiales que ayuden a los padres de familia, maestros y estudiantes en su actualizaci\u00f3n y formaci\u00f3n permanente, en bien de la Educaci\u00f3n.","sameAs":["http:\/\/webdelmaestrocmf.com\/portal","https:\/\/www.facebook.com\/WebdelMaestroCMF\/","https:\/\/www.instagram.com\/wmcmf\/","https:\/\/cl.linkedin.com\/company\/web-del-maestro-cmf","https:\/\/www.pinterest.com\/WMCMF\/publicaciones\/","https:\/\/x.com\/cmf_w","https:\/\/www.youtube.com\/@WMCMF"]}]}},"jetpack_featured_media_url":"https:\/\/webdelmaestrocmf.com\/portal\/wp-content\/uploads\/2017\/12\/A12B3C4D-35.jpg","jetpack_sharing_enabled":true,"jetpack-related-posts":[{"id":107983,"url":"https:\/\/webdelmaestrocmf.com\/portal\/cinco-rubricas-para-evaluar-el-aprendizaje-basado-en-proyectos-abp\/","url_meta":{"origin":24164,"position":0},"title":"Cinco r\u00fabricas para evaluar el Aprendizaje Basado en Proyectos (ABP)","author":"Web del Maestro CMF","date":"13 febrero, 2025","format":false,"excerpt":"El Aprendizaje Basado en Proyectos (ABP) es una metodolog\u00eda que permite a los estudiantes desarrollar conocimientos y habilidades a trav\u00e9s de la investigaci\u00f3n y resoluci\u00f3n de problemas reales. Para garantizar una evaluaci\u00f3n efectiva de este enfoque, se utilizan instrumentos que valoran distintos aspectos del proceso de aprendizaje. Entre ellos, destacan\u2026","rel":"","context":"En \u00abRecursos\u00bb","block_context":{"text":"Recursos","link":"https:\/\/webdelmaestrocmf.com\/portal\/category\/pedagogia\/"},"img":{"alt_text":"","src":"https:\/\/i0.wp.com\/webdelmaestrocmf.com\/portal\/wp-content\/uploads\/2025\/02\/1A-Banner-1-portada-imagen-10-1-70.jpg?resize=350%2C200&ssl=1","width":350,"height":200,"srcset":"https:\/\/i0.wp.com\/webdelmaestrocmf.com\/portal\/wp-content\/uploads\/2025\/02\/1A-Banner-1-portada-imagen-10-1-70.jpg?resize=350%2C200&ssl=1 1x, https:\/\/i0.wp.com\/webdelmaestrocmf.com\/portal\/wp-content\/uploads\/2025\/02\/1A-Banner-1-portada-imagen-10-1-70.jpg?resize=525%2C300&ssl=1 1.5x, https:\/\/i0.wp.com\/webdelmaestrocmf.com\/portal\/wp-content\/uploads\/2025\/02\/1A-Banner-1-portada-imagen-10-1-70.jpg?resize=700%2C400&ssl=1 2x"},"classes":[]},{"id":29610,"url":"https:\/\/webdelmaestrocmf.com\/portal\/elvira-zorrero-lara-evaluacion-reflejo-de-la-realidad\/","url_meta":{"origin":24164,"position":1},"title":"[Elvira Zorrero] Evaluaci\u00f3n, reflejo de la realidad","author":"Web del Maestro CMF","date":"30 julio, 2018","format":false,"excerpt":"Todos hemos escuchado la frase \u201cEvaluar es para mejorar\u201d y queda claro que una evaluaci\u00f3n es una ventana a la realidad. Pero por si misma no conduce a la mejora. En el \u00e1rea de la educaci\u00f3n, el tema de la evaluaci\u00f3n es muy extenso y abarca varios aspectos tales como:\u2026","rel":"","context":"En \u00abZ-Colaboradores\u00bb","block_context":{"text":"Z-Colaboradores","link":"https:\/\/webdelmaestrocmf.com\/portal\/category\/colaborador\/"},"img":{"alt_text":"","src":"https:\/\/i0.wp.com\/webdelmaestrocmf.com\/portal\/wp-content\/uploads\/2018\/07\/1-98.jpg?resize=350%2C200&ssl=1","width":350,"height":200,"srcset":"https:\/\/i0.wp.com\/webdelmaestrocmf.com\/portal\/wp-content\/uploads\/2018\/07\/1-98.jpg?resize=350%2C200&ssl=1 1x, https:\/\/i0.wp.com\/webdelmaestrocmf.com\/portal\/wp-content\/uploads\/2018\/07\/1-98.jpg?resize=525%2C300&ssl=1 1.5x, https:\/\/i0.wp.com\/webdelmaestrocmf.com\/portal\/wp-content\/uploads\/2018\/07\/1-98.jpg?resize=700%2C400&ssl=1 2x, https:\/\/i0.wp.com\/webdelmaestrocmf.com\/portal\/wp-content\/uploads\/2018\/07\/1-98.jpg?resize=1050%2C600&ssl=1 3x"},"classes":[]},{"id":25741,"url":"https:\/\/webdelmaestrocmf.com\/portal\/cuales-los-paises-donde-los-ninos-trabajan-mejor-equipo-segun-la-nueva-prueba-pisa\/","url_meta":{"origin":24164,"position":2},"title":"\u00bfCU\u00c1LES SON LOS PA\u00cdSES DONDE LOS NI\u00d1OS TRABAJAN MEJOR EN EQUIPO, SEG\u00daN PRUEBA PISA?","author":"Web del Maestro CMF","date":"14 enero, 2018","format":false,"excerpt":"PISA, que compara las habilidades de los estudiantes en lectura, matem\u00e1ticas y ciencia, realiz\u00f3 la primera evaluaci\u00f3n global sobre habilidades para resolver problemas en grupo. \u00bfEn qu\u00e9 lugar de la lista se encuentran los pa\u00edses de Am\u00e9rica Latina? \u00bfEst\u00e1n cumpliendo los planes escolares con las necesidades de los ni\u00f1os? Los\u2026","rel":"","context":"En \u00abSin categor\u00eda\u00bb","block_context":{"text":"Sin categor\u00eda","link":"https:\/\/webdelmaestrocmf.com\/portal\/category\/sin-categoria-es\/"},"img":{"alt_text":"","src":"https:\/\/i0.wp.com\/webdelmaestrocmf.com\/portal\/wp-content\/uploads\/2018\/01\/Equipo-1.jpg?resize=350%2C200&ssl=1","width":350,"height":200,"srcset":"https:\/\/i0.wp.com\/webdelmaestrocmf.com\/portal\/wp-content\/uploads\/2018\/01\/Equipo-1.jpg?resize=350%2C200&ssl=1 1x, https:\/\/i0.wp.com\/webdelmaestrocmf.com\/portal\/wp-content\/uploads\/2018\/01\/Equipo-1.jpg?resize=525%2C300&ssl=1 1.5x, https:\/\/i0.wp.com\/webdelmaestrocmf.com\/portal\/wp-content\/uploads\/2018\/01\/Equipo-1.jpg?resize=700%2C400&ssl=1 2x, https:\/\/i0.wp.com\/webdelmaestrocmf.com\/portal\/wp-content\/uploads\/2018\/01\/Equipo-1.jpg?resize=1050%2C600&ssl=1 3x"},"classes":[]},{"id":100181,"url":"https:\/\/webdelmaestrocmf.com\/portal\/100-problemas-matematicos-que-debes-resolver-en-bachillerato\/","url_meta":{"origin":24164,"position":3},"title":"100 problemas matem\u00e1ticos que debes resolver en bachillerato","author":"Web del Maestro CMF","date":"14 noviembre, 2023","format":false,"excerpt":"El dominio de los 100 problemas matem\u00e1ticos propuestos no es simplemente un desaf\u00edo acad\u00e9mico; es una herramienta crucial para el \u00e9xito futuro de los graduados de secundaria y bachillerato. Estos problemas van m\u00e1s all\u00e1 de la mera aplicaci\u00f3n de f\u00f3rmulas y procedimientos; representan la llave maestra para el desarrollo de\u2026","rel":"","context":"En \u00abEjercicios de matem\u00e1ticas\u00bb","block_context":{"text":"Ejercicios de matem\u00e1ticas","link":"https:\/\/webdelmaestrocmf.com\/portal\/category\/pedagogia\/ejercicios-de-matematicas\/"},"img":{"alt_text":"problemas matem\u00e1ticos","src":"https:\/\/i0.wp.com\/webdelmaestrocmf.com\/portal\/wp-content\/uploads\/2023\/11\/A12B3C4D-26.jpg?resize=350%2C200&ssl=1","width":350,"height":200,"srcset":"https:\/\/i0.wp.com\/webdelmaestrocmf.com\/portal\/wp-content\/uploads\/2023\/11\/A12B3C4D-26.jpg?resize=350%2C200&ssl=1 1x, https:\/\/i0.wp.com\/webdelmaestrocmf.com\/portal\/wp-content\/uploads\/2023\/11\/A12B3C4D-26.jpg?resize=525%2C300&ssl=1 1.5x, https:\/\/i0.wp.com\/webdelmaestrocmf.com\/portal\/wp-content\/uploads\/2023\/11\/A12B3C4D-26.jpg?resize=700%2C400&ssl=1 2x"},"classes":[]},{"id":102686,"url":"https:\/\/webdelmaestrocmf.com\/portal\/que-es-ensenar-por-competencias-en-la-educacion-basica\/","url_meta":{"origin":24164,"position":4},"title":"\u00bfQu\u00e9 es ense\u00f1ar por competencias en la Educaci\u00f3n B\u00e1sica?","author":"Web del Maestro CMF","date":"16 enero, 2024","format":false,"excerpt":"Ense\u00f1ar por competencias en la Educaci\u00f3n B\u00e1sica es un enfoque pedag\u00f3gico que busca que los estudiantes desarrollen las capacidades necesarias para enfrentar los desaf\u00edos de la vida cotidiana, tanto en el \u00e1mbito personal como profesional. Este enfoque se basa en la idea de que el aprendizaje debe ser significativo para\u2026","rel":"","context":"En \u00abCompetencias\u00bb","block_context":{"text":"Competencias","link":"https:\/\/webdelmaestrocmf.com\/portal\/category\/pedagogia\/competencias\/"},"img":{"alt_text":"","src":"https:\/\/i0.wp.com\/webdelmaestrocmf.com\/portal\/wp-content\/uploads\/2024\/01\/Banner-1-portada-imagen-10-5.jpg?resize=350%2C200&ssl=1","width":350,"height":200,"srcset":"https:\/\/i0.wp.com\/webdelmaestrocmf.com\/portal\/wp-content\/uploads\/2024\/01\/Banner-1-portada-imagen-10-5.jpg?resize=350%2C200&ssl=1 1x, https:\/\/i0.wp.com\/webdelmaestrocmf.com\/portal\/wp-content\/uploads\/2024\/01\/Banner-1-portada-imagen-10-5.jpg?resize=525%2C300&ssl=1 1.5x, https:\/\/i0.wp.com\/webdelmaestrocmf.com\/portal\/wp-content\/uploads\/2024\/01\/Banner-1-portada-imagen-10-5.jpg?resize=700%2C400&ssl=1 2x"},"classes":[]},{"id":114369,"url":"https:\/\/webdelmaestrocmf.com\/portal\/el-aprendizaje-situado-frente-a-la-ensenanza-tradicional\/","url_meta":{"origin":24164,"position":5},"title":"El aprendizaje situado frente a la ense\u00f1anza tradicional","author":"Web del Maestro CMF","date":"29 diciembre, 2025","format":false,"excerpt":"El aprendizaje situado se fundamenta en Vygotsky y su teor\u00eda sociocultural, donde entorno social y colaboraci\u00f3n posibilitan adquirir cultura humana.","rel":"","context":"En \u00abAprendizaje situado\u00bb","block_context":{"text":"Aprendizaje situado","link":"https:\/\/webdelmaestrocmf.com\/portal\/category\/pedagogia\/aprendizaje-situado\/"},"img":{"alt_text":"","src":"https:\/\/i0.wp.com\/webdelmaestrocmf.com\/portal\/wp-content\/uploads\/2025\/12\/1A-Banner-1-portada-imagen-10-1-copia-5-2.webp?resize=350%2C200&ssl=1","width":350,"height":200,"srcset":"https:\/\/i0.wp.com\/webdelmaestrocmf.com\/portal\/wp-content\/uploads\/2025\/12\/1A-Banner-1-portada-imagen-10-1-copia-5-2.webp?resize=350%2C200&ssl=1 1x, https:\/\/i0.wp.com\/webdelmaestrocmf.com\/portal\/wp-content\/uploads\/2025\/12\/1A-Banner-1-portada-imagen-10-1-copia-5-2.webp?resize=525%2C300&ssl=1 1.5x, https:\/\/i0.wp.com\/webdelmaestrocmf.com\/portal\/wp-content\/uploads\/2025\/12\/1A-Banner-1-portada-imagen-10-1-copia-5-2.webp?resize=700%2C400&ssl=1 2x"},"classes":[]}],"_links":{"self":[{"href":"https:\/\/webdelmaestrocmf.com\/portal\/wp-json\/wp\/v2\/posts\/24164","targetHints":{"allow":["GET"]}}],"collection":[{"href":"https:\/\/webdelmaestrocmf.com\/portal\/wp-json\/wp\/v2\/posts"}],"about":[{"href":"https:\/\/webdelmaestrocmf.com\/portal\/wp-json\/wp\/v2\/types\/post"}],"author":[{"embeddable":true,"href":"https:\/\/webdelmaestrocmf.com\/portal\/wp-json\/wp\/v2\/users\/2"}],"replies":[{"embeddable":true,"href":"https:\/\/webdelmaestrocmf.com\/portal\/wp-json\/wp\/v2\/comments?post=24164"}],"version-history":[{"count":0,"href":"https:\/\/webdelmaestrocmf.com\/portal\/wp-json\/wp\/v2\/posts\/24164\/revisions"}],"wp:featuredmedia":[{"embeddable":true,"href":"https:\/\/webdelmaestrocmf.com\/portal\/wp-json\/wp\/v2\/media\/98429"}],"wp:attachment":[{"href":"https:\/\/webdelmaestrocmf.com\/portal\/wp-json\/wp\/v2\/media?parent=24164"}],"wp:term":[{"taxonomy":"category","embeddable":true,"href":"https:\/\/webdelmaestrocmf.com\/portal\/wp-json\/wp\/v2\/categories?post=24164"},{"taxonomy":"post_tag","embeddable":true,"href":"https:\/\/webdelmaestrocmf.com\/portal\/wp-json\/wp\/v2\/tags?post=24164"}],"curies":[{"name":"wp","href":"https:\/\/api.w.org\/{rel}","templated":true}]}}