{"id":24138,"date":"2024-01-31T21:00:53","date_gmt":"2024-02-01T00:00:53","guid":{"rendered":"http:\/\/webdelmaestrocmf.com\/portal\/?p=24138"},"modified":"2025-01-09T20:35:32","modified_gmt":"2025-01-09T23:35:32","slug":"la-evaluacion-al-docente-lo-hacen-shanghai-singapur-japon-hong-kong-finlandia-canada-corea-del-sur","status":"publish","type":"post","link":"https:\/\/webdelmaestrocmf.com\/portal\/la-evaluacion-al-docente-lo-hacen-shanghai-singapur-japon-hong-kong-finlandia-canada-corea-del-sur\/","title":{"rendered":"C\u00f3mo se eval\u00faa a los docentes en Shangh\u00e1i, Singapur, Jap\u00f3n, Hong Kong, Finlandia, Canad\u00e1 y Corea"},"content":{"rendered":"<p style=\"text-align: justify;\"><strong>\u00bfEst\u00e1n todos de acuerdo sobre qu\u00e9 es, c\u00f3mo se aplica y cu\u00e1l es el objetivo de una evaluaci\u00f3n? \u00bfEs la evaluaci\u00f3n docente el punto de partida para aprender y mejorar en la educaci\u00f3n de una determinada realidad? \u00bfC\u00f3mo se perfeccionar\u00e1 la tarea docente sin un diagn\u00f3stico? \u00bfSon claras las normas y objetivos sobre la evaluaci\u00f3n docente? \u00bfEs la evaluaci\u00f3n docente fuente de aprendizaje, o queda reducida a la aplicaci\u00f3n elemental de t\u00e9cnicas de medici\u00f3n? \u00bfMotivan las evaluaciones docentes a seguir mejorando el ense\u00f1ar a aprender? \u00bfPorqu\u00e9 es tan dif\u00edcil, en algunos pa\u00edses, la aplicaci\u00f3n de evaluaci\u00f3n docente? \u00bfC\u00f3mo eval\u00faan a sus profesores los pa\u00edses con mejor ubicaci\u00f3n en el Informe PISA? \u2026<\/strong><\/p>\n<p><!--more--><\/p>\n<p style=\"text-align: justify;\">Son tantos los interrogantes, como otras tantas las (diversas) opiniones sobre este tema que, <strong>sin la intenci\u00f3n de polemizar<\/strong>, sino de <strong>conocer algunas reflexiones y experiencias<\/strong>, es que compartimos este art\u00edculo, esperando pueda ser \u00fatil para dialogar y conseguir valoraciones m\u00e1s honestas, justas, personales y correctas.<\/p>\n<p style=\"text-align: justify;\">El experto en estrategia docente de Oficina Regional de Educaci\u00f3n de la Unesco para Am\u00e9rica Latina y el Caribe, Cristi\u00e1n Cox Donoso, opina que <em>\u201ctoda pol\u00edtica de <strong>profesionalizaci\u00f3n docente<\/strong> supone inevitablemente <strong>implementar la evaluaci\u00f3n de maestros<\/strong>\u00ab<\/em>, pero no hay un sistema de evaluaci\u00f3n que sirva de referente para todos. Las evaluaciones docentes que conocemos, necesariamente deben ser <strong>adaptadas al contexto propio<\/strong> de cada realidad educativa, para que funcione. Seg\u00fan los expertos, debe cumplir con las siguientes caracter\u00edsticas: los <strong>est\u00e1ndares de medici\u00f3n<\/strong> deben estar bien establecidos, <strong>los maestros deben conocerlos<\/strong> y <strong>quienes los eval\u00faan<\/strong> deben estar bien formados. Tres marcos que no siempre se dan juntos y\/o son los mejores.<\/p>\n<p style=\"text-align: justify;\">La evaluaci\u00f3n es un proceso que se cumple a medida que se va desarrollando el proceso ense\u00f1anza-aprendizaje. Nunca podr\u00e1 ser una acci\u00f3n que se produce s\u00f3lo en un determinado momento. Adem\u00e1s, debe ser concebida como un medio y no como un fin; un medio para corregir errores, para reorientar acciones o para fortalecer experiencias de aprendizajes.<\/p>\n<p style=\"text-align: justify;\">La evaluaci\u00f3n docente, por lo tanto, debe siempre estar en relaci\u00f3n con los principios de <strong>continuidad, y de formaci\u00f3n permanente<\/strong>. Las evaluaciones que no se orientan para analizar y mejorar el proceso de ense\u00f1anza \u2013 aprendizaje de los docentes, podr\u00e1 ser cualquier cosa, menos evaluaci\u00f3n. Hacerlo para controlar los reclamos de <strong>revalorizaci\u00f3n integral de la tarea docente<\/strong> es se\u00f1al de debilidad y de cobard\u00eda, es mostrarse fuerte con el d\u00e9bil, y adem\u00e1s, es pervertir y distorsionar el verdadero significado de la evaluaci\u00f3n educativa, sostiene el Profesor Jos\u00e9 N. Vargas Ponce.<\/p>\n<p style=\"text-align: justify;\">Aunque reflexiona sobre la evaluaci\u00f3n en general, les sugerimos la lectura de este art\u00edculo: <a href=\"https:\/\/josevargasponce.wordpress.com\/2011\/06\/30\/reflexiones-citas-e-interrogantes-sobre-evaluacin-y-calidad-educativa\/\" target=\"_blank\" rel=\"noopener noreferrer\"><strong>REFLEXIONES, CITAS E INTERROGANTES SOBRE EVALUACI\u00d3N Y CALIDAD EDUCATIVA.<\/strong><\/a><\/p>\n<p style=\"text-align: justify;\">La Catedr\u00e1tica de Psicolog\u00eda de la Educaci\u00f3n (Universidad Aut\u00f3noma de Madrid), Elena Mart\u00edn, opina que son \u201c<strong>poco frecuentes las experiencias de evaluaci\u00f3n de la pr\u00e1ctica docente<\/strong>, lo que no deja de sorprender ya que constituyen la <strong>pieza esencial del proceso<\/strong>. Los factores de calidad del centro &#8211;<em>liderazgo, participaci\u00f3n, comunicaci\u00f3n, planificaci\u00f3n de los proyectos pedag\u00f3gicos<\/em>&#8211; son fundamentales en la medida en que favorecen las condiciones necesarias para que <strong>los procesos de aula<\/strong> se desarrollen de la <strong>mejor forma posible<\/strong>. Pero la influencia directa sobre los alumnos y alumnas se produce en la <strong>interacci\u00f3n<\/strong> que tiene lugar durante las actividades de ense\u00f1anza y aprendizaje. <strong>Si no llegamos a desentra\u00f1ar la actividad diaria de la clase,<\/strong> dif\u00edcilmente podremos entender <strong>las causas de los resultados<\/strong> de aprendizaje de los estudiantes\u201d. [\u2026] Los docentes que se implican en un proceso [de evaluaci\u00f3n] de esta naturaleza deben tener claro que <strong>no tendr\u00e1 repercusiones laborales,<\/strong> si queremos que conf\u00eden y colaboren en su desarrollo\u201d. \u00bfSe propicia el conocimiento del proceso, el di\u00e1logo y el entendimiento entre los profesores y las autoridades?<\/p>\n<p style=\"text-align: justify;\">Es preciso estar de acuerdo que <strong>la evaluaci\u00f3n docente es un proceso<\/strong>, no una prueba o examen puntual, es <strong>la medici\u00f3n de los objetivos aprendidos y puestos en pr\u00e1ctica<\/strong>, es fundamento de un <strong>diagn\u00f3stico para <\/strong>crear, inventar, aplicar, usar, \u2026. todos los <strong>recursos pedag\u00f3gicos<\/strong> a la mano para conseguir el aprendizaje propuesto o planificado, que <strong>motive y<\/strong> <strong>valore el esfuerzo <\/strong>de los maestros. Adem\u00e1s, de manera inseparable con lo anterior, siempre se \u201c<strong>debe recoger la perspectiva del conjunto de los colectivos implicados<\/strong> en los procesos de ense\u00f1anza y aprendizaje: <strong>alumnado, familias, responsables acad\u00e9micos y el propio docente.<\/strong> Por supuesto, no todos ellos pueden valorar las mismas dimensiones, pero cada uno aporta una visi\u00f3n espec\u00edfica y complementaria que contribuye a <strong>enriquecer la comprensi\u00f3n de la pr\u00e1ctica analizada<\/strong>\u201d. <em>\u201cLa evaluaci\u00f3n educativa es aprendizaje y todo aprendizaje que no conlleve autoevaluaci\u00f3n de la actividad misma del aprender, <strong>no forma<\/strong>\u201d<\/em> (Pedro Ahumada Acevedo). <a href=\"http:\/\/eldiariodelaeducacion.com\/blog\/2017\/03\/29\/la-importancia-de-evaluar-la-practica-docente\/\" target=\"_blank\" rel=\"noopener noreferrer\"><strong>LA IMPORTANCIA DE EVALUAR LA PR\u00c1CTICA DOCENTE.<\/strong><\/a><\/p>\n<p style=\"text-align: justify;\">El sistema de evaluaci\u00f3n docente debe <strong>buscar ayudar a los profesores a mejorar su pr\u00e1ctica docente<\/strong>, y como servir como exploraci\u00f3n v\u00e1lida para <strong>medir la calidad de la ense\u00f1anza<\/strong>, identificar a <strong>aquellos maestros que no desempe\u00f1an su labor como deber\u00edan<\/strong>, y ofrecer <strong>una cr\u00edtica constructiva a los docentes<\/strong> para que prosperen en su servicio. Esto debe ser entendido y aceptado, sin ese falso concepto o percepci\u00f3n de que la equivocaci\u00f3n o el error acad\u00e9mico hay que castigarlo con nota desaprobatoria, sin valorar el esfuerzo y olvidando que <strong>lo m\u00e1s importante es ense\u00f1ar a aprender a hacerlo bien y correctamente<\/strong>. Ken Robinson nos aconseja tener en cuenta que \u201clos <strong>mejores inventores<\/strong> no hicieron su descubrimiento al <strong>primer intento<\/strong>, sino que <strong>tuvieron que pasar por muchas pruebas fallidas<\/strong> antes de conseguir lo que buscaban\u201d. <a href=\"http:\/\/webdelmaestrocmf.com\/portal\/ken-robinson-debemos-perder-miedo-equivocarnos-debemos-aprenderlo-desde-pequenos\/?utm_source=blogsterapp&amp;utm_medium=facebook\" target=\"_blank\" rel=\"noopener noreferrer\"><strong>DEBEMOS PERDER EL MIEDO A EQUIVOCARNOS DESDE PEQUE\u00d1OS.<\/strong><\/a><\/p>\n<p style=\"text-align: justify;\">Parece (por algunas publicaciones) que, en determinadas realidades educativas, los profesores si saben y est\u00e1n <strong>convencidos que la evaluaci\u00f3n docente es una acci\u00f3n propia y necesaria del proceso educativo<\/strong>, porque permite tomar decisiones correctas, hacer juicios y orientaciones constructivas, y mejora la educaci\u00f3n de su pa\u00eds. Veamos c\u00f3mo se realiza la evaluaci\u00f3n docente en algunos de los pa\u00edses que ocupan los primeros lugares en el Informe Pisa.<\/p>\n<p style=\"text-align: justify;\">En <strong>SHANGH\u00c1I,<\/strong> como en el resto de la Rep\u00fablica Popular China, existe un complejo sistema destinado a <strong>medir la calidad de sus profesores<\/strong>. Los criterios generales se establecen a nivel nacional, se detallan a nivel local y es <strong>cada escuela la encargada de llevar a cabo las evaluaciones<\/strong>. En \u00e9stas se mide tambi\u00e9n \u00abla integridad profesional o los valores\u00bb del maestro, no s\u00f3lo sus habilidades y capacidades. El proceso incluye la <strong>autoevaluaci\u00f3n<\/strong>, cuestionarios a los <strong>colegas<\/strong>, a los <strong>alumnos <\/strong>y a los <strong>padres<\/strong>, y tiene en cuenta tambi\u00e9n los <strong>premios<\/strong> que el docente haya podido recibir y los <strong>resultados acad\u00e9micos de sus alumnos. <\/strong>Y los resultados van directamente al gobierno central. \u00abEl reto en China es redefinir el sistema para hacerlo m\u00e1s cient\u00edfico\u00bb (Vivien Stewart).<\/p>\n<p style=\"text-align: justify;\">El sistema de evaluaci\u00f3n de maestros de <strong>SINGAPUR<\/strong> -llamado <strong>Sistema de Gesti\u00f3n de la Mejora del Rendimiento (EPMS)<\/strong>-, tiene tres ejes: itinerario profesional, incentivos econ\u00f3micos y sistema de evaluaci\u00f3n. La evaluaci\u00f3n es obligatoria desde 2005 para todos los maestros, quienes deben someterse a ella cada a\u00f1o. Se lleva a cabo <strong>en cada centro escolar<\/strong>, y tiene en cuenta no solo los <strong>resultados acad\u00e9micos de los alumnos<\/strong>, sino tambi\u00e9n las <strong>iniciativas pedag\u00f3gicas<\/strong> que el maestro pone en marcha, las <strong>contribuciones a sus colegas<\/strong> y su <strong>relaci\u00f3n<\/strong> con los padres de los alumnos y con las organizaciones comunitarias. Asimismo, el maestro debe trazar <strong>su propio plan para el curso<\/strong>, que ser\u00e1 <strong>revisado<\/strong> por el director o el subdirector en <strong>tres momentos del a\u00f1o<\/strong>.<\/p>\n<p style=\"text-align: justify;\">En <strong>JAP\u00d3N <\/strong>cada maestro establece sus objetivos junto con el vicedirector o subdirector y el director al principio del a\u00f1o, y <strong>al finalizar el curso eval\u00faa<\/strong> hasta qu\u00e9 punto los ha alcanzado. Durante el curso <strong>las lecciones son supervisadas<\/strong> por <strong>grupos de profesores<\/strong> -y en algunos casos por investigadores y pol\u00edticos v\u00eda video-, quienes deben analizar <strong>c\u00f3mo planific\u00f3<\/strong> las clases el maestro, qu\u00e9 <strong>objetivos <\/strong>concretos logr\u00f3 con ellas, qu\u00e9 <strong>dificultades<\/strong> tuvo y en qu\u00e9 <strong>se<\/strong> <strong>equivoc\u00f3<\/strong>.<\/p>\n<p style=\"text-align: justify;\">En <strong>HONG KONG<\/strong> la educaci\u00f3n tiene un papel muy importante, debido a que es vista por sus habitantes como un mecanismo para obtener prestigio y mejorar la calidad de vida. Las escuelas llevan a cabo <strong>evaluaciones anuales<\/strong>, de los profesores, que luego son <strong>revisadas entre cada tres y seis a\u00f1os por el gobierno<\/strong>. Pero no todos los sistemas de evaluaci\u00f3n docente se definen a nivel nacional ni son tan formales.<\/p>\n<p style=\"text-align: justify;\">En <strong>FINLANDIA,<\/strong> un pa\u00eds que ha perdido posiciones en los \u00faltimos informes PISA, pero que sigue siendo un importante referente educativo a nivel internacional, la manera de <strong>medir el desempe\u00f1o de los profesores<\/strong> es mucho m\u00e1s informal. Fue a principios de la d\u00e9cada de 1990 cuando este pa\u00eds del noreste de Europa <strong>aboli\u00f3 el sistema de inspecci\u00f3n escolar<\/strong>, y hoy la evaluaci\u00f3n se lleva a cabo en cada centro, en base a <strong>conversaciones entre el propio maestro y su director<\/strong>. Es un modelo <strong>basado en la confianza<\/strong>\u00ab, matiza Paulo Santiago, analista de la Direcci\u00f3n de Educaci\u00f3n y Capacidades de la OCDE.<\/p>\n<p><img loading=\"lazy\" decoding=\"async\" class=\"alignnone size-full wp-image-70770\" src=\"https:\/\/webdelmaestrocmf.com\/portal\/wp-content\/uploads\/2019\/01\/1-5.jpeg\" alt=\"\" width=\"726\" height=\"490\" srcset=\"https:\/\/webdelmaestrocmf.com\/portal\/wp-content\/uploads\/2019\/01\/1-5.jpeg 726w, https:\/\/webdelmaestrocmf.com\/portal\/wp-content\/uploads\/2019\/01\/1-5-300x202.jpeg 300w, https:\/\/webdelmaestrocmf.com\/portal\/wp-content\/uploads\/2019\/01\/1-5-110x74.jpeg 110w, https:\/\/webdelmaestrocmf.com\/portal\/wp-content\/uploads\/2019\/01\/1-5-200x135.jpeg 200w, https:\/\/webdelmaestrocmf.com\/portal\/wp-content\/uploads\/2019\/01\/1-5-380x256.jpeg 380w, https:\/\/webdelmaestrocmf.com\/portal\/wp-content\/uploads\/2019\/01\/1-5-255x172.jpeg 255w, https:\/\/webdelmaestrocmf.com\/portal\/wp-content\/uploads\/2019\/01\/1-5-550x371.jpeg 550w\" sizes=\"auto, (max-width: 726px) 100vw, 726px\" \/><\/p>\n<p style=\"text-align: justify;\">La informaci\u00f3n completa, sobre la evaluaci\u00f3n docente en estos pa\u00edses, la puede Usted encontrar en: <a href=\"http:\/\/www.bbc.com\/mundo\/noticias-36591625\" target=\"_blank\" rel=\"noopener noreferrer\"><strong>C\u00d3MO SE EVAL\u00daA A LOS MAESTROS EN LOS PA\u00cdSES CON LA MEJOR EDUCACI\u00d3N DEL MUNDO<\/strong><\/a><\/p>\n<p style=\"text-align: justify;\">En el caso de <strong>CANAD\u00c1<\/strong>, en Ontario, desde 1997 el Colegio de Profesores de Ontario (OCT), expide todas las licencias de docencia en la provincia, regula al profesorado y fija los est\u00e1ndares de docencia para las escuelas p\u00fablicas. A los programas de formaci\u00f3n docente <strong>ingresan aquellos bachilleres con mejor desempe\u00f1o acad\u00e9mico<\/strong> (puntajes en el tercio m\u00e1s alto de los ex\u00e1menes de ingreso a la universidad) y excelente calificaci\u00f3n en la entrevista. La <strong>evaluaci\u00f3n docente<\/strong> incluye una autoevaluaci\u00f3n, la observaci\u00f3n de la pr\u00e1ctica en el aula y la retroalimentaci\u00f3n del rector.<\/p>\n<p style=\"text-align: justify;\">En <strong>COREA DEL SUR<\/strong>, en el curr\u00edculo de los docentes se debe enfatizar el aprendizaje activo y la adquisici\u00f3n de habilidades como la <strong>creatividad, la innovaci\u00f3n, el autoaprendizaje y el trabajo en equipo<\/strong>. Eval\u00faa y califica cada tres y cinco a\u00f1os a todas las instituciones de formaci\u00f3n de maestros. <strong>La experiencia es el criterio de mayor importancia<\/strong> en el ascenso, seguido por el desempe\u00f1o y las actividades de actualizaci\u00f3n. Solo aquellos que obtienen el puntaje m\u00e1ximo ascienden.<\/p>\n<p style=\"text-align: justify;\">Se puede deducir que existen algunas diferencias espec\u00edficas entre ellos, pero tienen en com\u00fan, algunos criterios:<\/p>\n<ol style=\"text-align: justify;\">\n<li>Tienen <strong>selectivos programas de formaci\u00f3n docente<\/strong>, de muy alta calidad, que enfatizan la pr\u00e1ctica y la investigaci\u00f3n pedag\u00f3gica,<\/li>\n<li>Se eval\u00faa el desempe\u00f1o docente para el <strong>mejoramiento continuo, y las oportunidades de formaci\u00f3n en servicio<\/strong> responden a las necesidades espec\u00edficas de cada docente,<\/li>\n<li>Los maestros reciben una <strong>remuneraci\u00f3n alta y competitiva<\/strong> al inicio y durante su carrera profesional.<\/li>\n<li>La docencia es una de las profesiones con <strong>mayor estatus social<\/strong>, con lo cual logra atraer a los mejores estudiantes de su pa\u00eds.<\/li>\n<\/ol>\n<p style=\"text-align: justify;\">Interesante art\u00edculo del portal digital de Radio Caracol de Colombia:<strong>\u00a0\u00a0 <a href=\"http:\/\/caracol.com.co\/radio\/2014\/02\/04\/internacional\/1391533980_071281.html\" target=\"_blank\" rel=\"noopener noreferrer\">LOS MEJORES DOCENTES EST\u00c1N EN FINLANDIA, CANAD\u00c1, SINGAPUR Y COREA DEL SUR.<\/a><\/strong><\/p>\n<p style=\"text-align: justify;\">Por todo lo expuesto, parece ser que la acci\u00f3n primera y fundamental de toda evaluaci\u00f3n docente es la <strong>\u00f3ptima selecci\u00f3n de los candidatos<\/strong> a ser profesores; la oferta de un <strong>servicio social bien remunerado<\/strong>, la cuidadosa y seria <strong>formaci\u00f3n inicia<\/strong>l y la <strong>capacitaci\u00f3n y formaci\u00f3n permanente <\/strong>de los docentes.\u00a0 El deseo de una <strong>formaci\u00f3n continua, <\/strong>orientada desde la autoevaluaci\u00f3n, tiene que ser <strong>consolidada en el coraz\u00f3n del estudiante para profesor<\/strong>, desde su formaci\u00f3n inicial. El estudiante para ser profesor necesita formarse en un <strong>ambiente de excelencia<\/strong>, con <strong>aulas equipadas, recursos pedag\u00f3gicos <\/strong>de punta y con <strong>profesores de probada calidad profesional y moral<\/strong>. Los profesores de profesores constituyen para los futuros maestros una discreta, pero constante <strong>\u00abinvitaci\u00f3n\u00bb a adoptar conductas y actitudes del mismo tipo,<\/strong> como una influencia moral t\u00e1cita. \u00abEn la escuela <strong>no se aprenden s\u00f3lo contenidos<\/strong>, sino costumbres y valores\u00bb, nos dijo el Papa Francisco.\u00a0 El Profesor Jorge Pacheco afirm\u00f3, en un art\u00edculo que publicamos anteriormente, que el maestro siempre, quiera o no, es un <strong>referente para sus estudiantes<\/strong>. <a href=\"http:\/\/webdelmaestrocmf.com\/portal\/buen-maestro-se-convierte-referente-la-vida-alumnos\/\" target=\"_blank\" rel=\"noopener noreferrer\"><strong>EL BUEN MAESTRO SE CONVIERTE EN REFERENTE EN LA VIDA DE SUS ALUMNOS.<\/strong><\/a><\/p>\n<p style=\"text-align: justify;\">Es claro que, para esa buena formaci\u00f3n inicial docente, el futuro profesor requiere programas curriculares <strong>abiertos al pensamiento cr\u00edtico y la creatividad<\/strong>, un aprendizaje integral que <strong>exija el desarrollo <\/strong>de capacidades, comportamientos sociales, afectivos y habilidades cognoscitivas, psicol\u00f3gicas, sensoriales y motoras, (<strong>competencias<\/strong> llamadas por algunos expertos), que le permitan llegar a desempe\u00f1ar una <strong>tarea \u00f3ptima, siempre en constante investigaci\u00f3n<\/strong>. Junto al aprendizaje cognitivo y emocional, tambi\u00e9n se necesita <strong>aprender el valor de una correcta y sana evaluaci\u00f3n docente<\/strong>.<\/p>\n<p style=\"text-align: justify;\">[socialpug_tweet tweet=\u00bbEl futuro profesor tambi\u00e9n necesita saber que sus expectativas salariales son atrayentes y suficientes para vivir sin apremios ni angustias econ\u00f3micas; que la sociedad le reconoce como el&#8230;\u00bb display_tweet=\u00bbEl futuro profesor tambi\u00e9n necesita saber que sus expectativas salariales son atrayentes y suficientes para vivir sin apremios ni angustias econ\u00f3micas; que la sociedad le reconoce como el actor de una tarea trascendente, valiosa e indispensable; que tiene que prepararse muy bien porque la educaci\u00f3n superior selecciona a los mejores para hacerse cargo del mayor tesoro de una sociedad: sus ni\u00f1os (como lo publica Finlandia).\u00a0\u00ab]<\/p>\n<p style=\"text-align: justify;\"><em>El justo salario docente contribuye al fortalecimiento de una buena autoestima<\/em>, a un <strong>convencimiento de que \u201cestar al d\u00eda\u201d es una exigencia vocacional<\/strong>, no una imposici\u00f3n laboral, ni salarial. Adem\u00e1s, su <strong>perseverancia<\/strong>, su <strong>paciencia <\/strong>y su <strong>resiliencia<\/strong> como virtudes vocacionales de maestro, le asegurar\u00e1n que <strong>est\u00e1 donde quiere estar<\/strong>, <strong>haciendo lo que quiere hacer<\/strong> y que desea hacer todo lo que hace de la mejor manera.<\/p>\n<p style=\"text-align: justify;\">Para aceptar una evaluaci\u00f3n, sin miedos o temores subconscientes, silenciosos o expl\u00edcitos, el profesor tiene que estar convencido (por reflexi\u00f3n y convicci\u00f3n personal) que el <strong>amor por el saber y aprender <\/strong>es una actitud propiamente docente; porque <strong>saber para aprender, libera, <\/strong>y es en los ambientes educativos (como la escuela) donde se encuentra con los otros actores educativos, donde adquiere <strong>experiencia pedag\u00f3gica y ayuda para mejorar su servicio<\/strong>. \u201cSon vanas y est\u00e1n plagadas de errores las ciencias que no han nacido del experimento, madre de toda certidumbre\u00bb (Leonardo da Vinci).<\/p>\n<p style=\"text-align: justify;\">Aqu\u00ed, si le interesa, encontrar\u00e1 alguna informaci\u00f3n sobre los salarios a profesores, en algunos de los pa\u00edses que eval\u00faan sin mayores problemas: <a href=\"http:\/\/rpp.pe\/politica\/actualidad\/cuales-son-los-sueldos-de-los-maestros-en-los-5-paises-que-mejor-pagan-noticia-1070856\" target=\"_blank\" rel=\"noopener noreferrer\"><strong>\u00bfCU\u00c1LES SON LOS SUELDOS DE LOS MAESTROS EN LOS 5 PA\u00cdSES QUE MEJOR PAGAN?<\/strong><\/a><\/p>\n<p style=\"text-align: justify;\">Si los profesores somos evaluadores de nuestros estudiantes, \u00bfpara qu\u00e9 los evaluamos? \u00bfPara <strong>mejorar nuestro itinerario, corregir los errores, descubrir las falencias, consolidar los logros<\/strong>, \u2026? o \u00bfpara llenar un <strong>registro de ocurrencias<\/strong>, que tanta importancia tiene para para las <strong>\u201ccompa\u00f1\u00edas certificadoras\u201d<\/strong> de calidad burocr\u00e1tica y administrativa? \u00bfC\u00f3mo medimos o apreciamos nuestro correcto avance y \u00e9xito de <strong>ense\u00f1ar a aprender<\/strong>? \u00bfSomos los profesores <strong>ejemplo y referentes <\/strong>de saber y aceptar la importancia de la evaluaci\u00f3n para mejorar nuestra tarea? \u00bfEs posible sin un buen diagn\u00f3stico encontrar el mejoramiento personal y profesional del maestro?<\/p>\n<p style=\"text-align: justify;\">\u201c<em>El evaluador es un educador; su \u00e9xito debe ser juzgado por lo que otros aprenden<\/em>\u201d ( Lee Joseph Cronbach).<\/p>\n<p style=\"text-align: justify;\">\u00bfMucho so\u00f1ar?, puede ser, porque creemos que <strong>no es f\u00e1cil muchas veces convenir todas las partes en un acuerdo <\/strong>(pedag\u00f3gico, laboral, salarial, \u2026), pero sabemos tambi\u00e9n que es peor, y <strong>nos termina haciendo m\u00e1s da\u00f1o, la carencia de un pacto<\/strong>, como dijo el Papa Francisco: \u201cS\u00e9 que no es f\u00e1cil poder congeniar en un mundo cada m\u00e1s competitivo, pero es peor dejar que el mundo competitivo termine determinando el destino de los pueblos\u201d (17\/02\/2016).<\/p>\n<p style=\"text-align: justify;\"><em>\u201cLos que dicen que es imposible, no deber\u00edan interrumpir a los que estamos intent\u00e1ndolo\u00bb<\/em> (Thomas Alva Edison).<\/p>\n<p style=\"text-align: right;\"><strong>REDACCI\u00d3N WEB DEL MAESTRO CMF<\/strong><\/p>\n\t\t<div class=\"pk-inline-posts\">\n\t\t\t\n\t\t\t<div class=\"pk-inline-posts-container pk-inline-posts-template-list\"\n\t\t\t\tdata-columns=\"1\">\n\t\t\t\t\t\t<article id=\"post-118333\" class=\"post-118333 post type-post status-publish format-standard has-post-thumbnail category-jamb tag-apego tag-crianza tag-docentes tag-educacion tag-escuela tag-familia tag-infancia tag-responsabilidad tag-vinculo cs-entry cs-video-wrap\">\n\t\t\t<div class=\"pk-post-outer\">\n\n\t\t\t\t\t\t\t\t<div class=\"pk-post-inner\">\n\t\t\t\t\t<div class=\"entry-thumbnail\">\n\t\t\t\t\t\t<div class=\"pk-overlay pk-overlay-ratio pk-ratio-landscape\">\n\t\t\t\t\t\t\t<div class=\"pk-overlay-background\">\n\t\t\t\t\t\t\t\t<a href=\"https:\/\/webdelmaestrocmf.com\/portal\/el-sistema-nos-rompe-a-todos-y-a-los-ninos-primero\/\" class=\"pk-overlay-link\">\n\t\t\t\t\t\t\t\t\t<img loading=\"lazy\" decoding=\"async\" width=\"300\" height=\"225\" src=\"https:\/\/webdelmaestrocmf.com\/portal\/wp-content\/uploads\/2026\/04\/1AA-Banner-1-portada-imagen-10-1-copia-2-300x225.jpg\" class=\"attachment-pk-thumbnail size-pk-thumbnail wp-post-image\" alt=\"\" \/>\t\t\t\t\t\t\t\t<\/a>\n\t\t\t\t\t\t\t<\/div>\n\t\t\t\t\t\t<\/div>\n\t\t\t\t\t<\/div>\n\t\t\t\t<\/div>\n\t\t\t\t\n\t\t\t\t<div class=\"pk-post-inner\">\n\t\t\t\t\t<header>\n\t\t\t\t\t\t<h3 class=\"pk-title\"><a href=\"https:\/\/webdelmaestrocmf.com\/portal\/el-sistema-nos-rompe-a-todos-y-a-los-ninos-primero\/\" rel=\"bookmark\">El sistema nos rompe a todos\u2026 y a los ni\u00f1os primero<\/a><\/h3>\t\t\t\t\t<\/header><!-- .entry-header -->\n\t\t\t\t<\/div><!-- .post-inner -->\n\n\t\t\t<\/div><!-- .post-outer -->\n\t\t<\/article>\n\t\t\t<article id=\"post-118324\" class=\"post-118324 post type-post status-publish format-standard has-post-thumbnail category-jamb tag-administracion-educativa tag-calidad-educativa tag-comunidad-educativa tag-direccion-escolar tag-educacion-digital tag-gestion-escolar tag-innovacion-educativa tag-liderazgo-educativo tag-mejora-continua tag-planificacion-educativa cs-entry cs-video-wrap\">\n\t\t\t<div class=\"pk-post-outer\">\n\n\t\t\t\t\t\t\t\t<div class=\"pk-post-inner\">\n\t\t\t\t\t<div class=\"entry-thumbnail\">\n\t\t\t\t\t\t<div class=\"pk-overlay pk-overlay-ratio pk-ratio-landscape\">\n\t\t\t\t\t\t\t<div class=\"pk-overlay-background\">\n\t\t\t\t\t\t\t\t<a href=\"https:\/\/webdelmaestrocmf.com\/portal\/la-administracion-educativa-el-pilar-silencioso-que-sostiene-la-escuela-administrar-o-gestionar-una-comunidad-educativa-es-lo-mismo\/\" class=\"pk-overlay-link\">\n\t\t\t\t\t\t\t\t\t<img loading=\"lazy\" decoding=\"async\" width=\"300\" height=\"225\" src=\"https:\/\/webdelmaestrocmf.com\/portal\/wp-content\/uploads\/2026\/04\/1AA-Banner-1-portada-imagen-10-1-copia-6-4-300x225.webp\" class=\"attachment-pk-thumbnail size-pk-thumbnail wp-post-image\" alt=\"\" \/>\t\t\t\t\t\t\t\t<\/a>\n\t\t\t\t\t\t\t<\/div>\n\t\t\t\t\t\t<\/div>\n\t\t\t\t\t<\/div>\n\t\t\t\t<\/div>\n\t\t\t\t\n\t\t\t\t<div class=\"pk-post-inner\">\n\t\t\t\t\t<header>\n\t\t\t\t\t\t<h3 class=\"pk-title\"><a href=\"https:\/\/webdelmaestrocmf.com\/portal\/la-administracion-educativa-el-pilar-silencioso-que-sostiene-la-escuela-administrar-o-gestionar-una-comunidad-educativa-es-lo-mismo\/\" rel=\"bookmark\">La administraci\u00f3n educativa: el pilar silencioso que sostiene la escuela. \u00bfAdministrar o gestionar una comunidad educativa es lo mismo?<\/a><\/h3>\t\t\t\t\t<\/header><!-- .entry-header -->\n\t\t\t\t<\/div><!-- .post-inner -->\n\n\t\t\t<\/div><!-- .post-outer -->\n\t\t<\/article>\n\t\t\t<article id=\"post-118319\" class=\"post-118319 post type-post status-publish format-standard has-post-thumbnail category-jamb tag-bienestar-docente tag-clima-escolar tag-convivencia-escolar tag-cultura-escolar tag-direccion-escolar tag-empatia tag-gestion-escolar tag-gestion-institucional tag-laura-lewin tag-liderazgo-educativo tag-trabajo-en-equipo cs-entry cs-video-wrap\">\n\t\t\t<div class=\"pk-post-outer\">\n\n\t\t\t\t\t\t\t\t<div class=\"pk-post-inner\">\n\t\t\t\t\t<div class=\"entry-thumbnail\">\n\t\t\t\t\t\t<div class=\"pk-overlay pk-overlay-ratio pk-ratio-landscape\">\n\t\t\t\t\t\t\t<div class=\"pk-overlay-background\">\n\t\t\t\t\t\t\t\t<a href=\"https:\/\/webdelmaestrocmf.com\/portal\/el-liderazgo-directivo-entre-la-firmeza-institucional-y-la-humanidad\/\" class=\"pk-overlay-link\">\n\t\t\t\t\t\t\t\t\t<img loading=\"lazy\" decoding=\"async\" width=\"300\" height=\"225\" src=\"https:\/\/webdelmaestrocmf.com\/portal\/wp-content\/uploads\/2026\/04\/1AA-Banner-1-portada-imagen-10-1-copia-5-5-300x225.webp\" class=\"attachment-pk-thumbnail size-pk-thumbnail wp-post-image\" alt=\"\" \/>\t\t\t\t\t\t\t\t<\/a>\n\t\t\t\t\t\t\t<\/div>\n\t\t\t\t\t\t<\/div>\n\t\t\t\t\t<\/div>\n\t\t\t\t<\/div>\n\t\t\t\t\n\t\t\t\t<div class=\"pk-post-inner\">\n\t\t\t\t\t<header>\n\t\t\t\t\t\t<h3 class=\"pk-title\"><a href=\"https:\/\/webdelmaestrocmf.com\/portal\/el-liderazgo-directivo-entre-la-firmeza-institucional-y-la-humanidad\/\" rel=\"bookmark\">El liderazgo directivo: entre la firmeza institucional y la humanidad<\/a><\/h3>\t\t\t\t\t<\/header><!-- .entry-header -->\n\t\t\t\t<\/div><!-- .post-inner -->\n\n\t\t\t<\/div><!-- .post-outer -->\n\t\t<\/article>\n\t\t\t\t<\/div>\n\t\t<\/div>\n\t\t\n","protected":false},"excerpt":{"rendered":"\u00bfEst\u00e1n todos de acuerdo sobre qu\u00e9 es, c\u00f3mo se aplica y cu\u00e1l es el objetivo de una evaluaci\u00f3n?&hellip;","protected":false},"author":2,"featured_media":103295,"comment_status":"open","ping_status":"closed","sticky":false,"template":"","format":"standard","meta":{"csco_display_header_overlay":false,"csco_singular_sidebar":"default","csco_page_header_type":"default","csco_page_load_nextpost":"default","csco_post_video_location":[],"csco_post_video_location_hash":"","csco_post_video_url":"","csco_post_video_bg_start_time":0,"csco_post_video_bg_end_time":0,"csco_post_video_bg_volume":false,"_jetpack_memberships_contains_paid_content":false,"footnotes":""},"categories":[61],"tags":[170,446,52,3113,230,3112,719,1589,681,3111,173],"class_list":{"0":"post-24138","1":"post","2":"type-post","3":"status-publish","4":"format-standard","5":"has-post-thumbnail","7":"category-jamb","8":"tag-canada","9":"tag-corea-del-sur","10":"tag-docente","11":"tag-evaluacion-docente","12":"tag-finlandia","13":"tag-hong-kong","14":"tag-japon","15":"tag-pedagogia","16":"tag-pisa","17":"tag-shanghai","18":"tag-singapur","19":"cs-entry","20":"cs-video-wrap"},"yoast_head":"<!-- This site is optimized with the Yoast SEO plugin v27.5 - https:\/\/yoast.com\/product\/yoast-seo-wordpress\/ -->\n<title>C\u00f3mo se eval\u00faa a los docentes en Shangh\u00e1i, Singapur, Jap\u00f3n, Hong Kong, Finlandia, Canad\u00e1 y Corea - 2026<\/title>\n<meta name=\"description\" content=\"\u00bfEst\u00e1n todos de acuerdo sobre qu\u00e9 es, c\u00f3mo se aplica y cu\u00e1l es el objetivo de una evaluaci\u00f3n? \u00bfEs la evaluaci\u00f3n docente el...\" \/>\n<meta name=\"robots\" content=\"index, follow, max-snippet:-1, max-image-preview:large, max-video-preview:-1\" \/>\n<link rel=\"canonical\" href=\"https:\/\/webdelmaestrocmf.com\/portal\/la-evaluacion-al-docente-lo-hacen-shanghai-singapur-japon-hong-kong-finlandia-canada-corea-del-sur\/\" \/>\n<meta property=\"og:locale\" content=\"es_ES\" \/>\n<meta property=\"og:type\" content=\"article\" \/>\n<meta property=\"og:title\" content=\"C\u00f3mo se eval\u00faa a los docentes en Shangh\u00e1i, Singapur, Jap\u00f3n, Hong Kong, Finlandia, Canad\u00e1 y Corea - 2026\" \/>\n<meta property=\"og:description\" content=\"\u00bfEst\u00e1n todos de acuerdo sobre qu\u00e9 es, c\u00f3mo se aplica y cu\u00e1l es el objetivo de una evaluaci\u00f3n? \u00bfEs la evaluaci\u00f3n docente el...\" \/>\n<meta property=\"og:url\" content=\"https:\/\/webdelmaestrocmf.com\/portal\/la-evaluacion-al-docente-lo-hacen-shanghai-singapur-japon-hong-kong-finlandia-canada-corea-del-sur\/\" \/>\n<meta property=\"og:site_name\" content=\"Web del Maestro CMF\" \/>\n<meta property=\"article:publisher\" content=\"https:\/\/www.facebook.com\/WebdelMaestroCMF\/\" \/>\n<meta property=\"article:author\" content=\"https:\/\/www.facebook.com\/WebdelMaestroCMF\/\" \/>\n<meta property=\"article:published_time\" content=\"2024-02-01T00:00:53+00:00\" \/>\n<meta property=\"article:modified_time\" content=\"2025-01-09T23:35:32+00:00\" \/>\n<meta property=\"og:image\" content=\"https:\/\/webdelmaestrocmf.com\/portal\/wp-content\/uploads\/2019\/01\/Banner-1-portada-imagen-10-1-2.jpg\" \/>\n\t<meta property=\"og:image:width\" content=\"1024\" \/>\n\t<meta property=\"og:image:height\" content=\"1024\" \/>\n\t<meta property=\"og:image:type\" content=\"image\/jpeg\" \/>\n<meta name=\"author\" content=\"Web del Maestro CMF\" \/>\n<meta name=\"twitter:card\" content=\"summary_large_image\" \/>\n<meta name=\"twitter:creator\" content=\"@cmf_w\" \/>\n<meta name=\"twitter:site\" content=\"@cmf_w\" \/>\n<script type=\"application\/ld+json\" class=\"yoast-schema-graph\">{\"@context\":\"https:\\\/\\\/schema.org\",\"@graph\":[{\"@type\":\"ScholarlyArticle\",\"@id\":\"https:\\\/\\\/webdelmaestrocmf.com\\\/portal\\\/la-evaluacion-al-docente-lo-hacen-shanghai-singapur-japon-hong-kong-finlandia-canada-corea-del-sur\\\/#article\",\"isPartOf\":{\"@id\":\"https:\\\/\\\/webdelmaestrocmf.com\\\/portal\\\/la-evaluacion-al-docente-lo-hacen-shanghai-singapur-japon-hong-kong-finlandia-canada-corea-del-sur\\\/\"},\"author\":{\"name\":\"Web del Maestro CMF\",\"@id\":\"https:\\\/\\\/webdelmaestrocmf.com\\\/portal\\\/#\\\/schema\\\/person\\\/ebc57e23d318c9c4270c6f41367015b5\"},\"headline\":\"C\u00f3mo se eval\u00faa a los docentes en Shangh\u00e1i, Singapur, Jap\u00f3n, Hong Kong, Finlandia, Canad\u00e1 y Corea\",\"datePublished\":\"2024-02-01T00:00:53+00:00\",\"dateModified\":\"2025-01-09T23:35:32+00:00\",\"mainEntityOfPage\":{\"@id\":\"https:\\\/\\\/webdelmaestrocmf.com\\\/portal\\\/la-evaluacion-al-docente-lo-hacen-shanghai-singapur-japon-hong-kong-finlandia-canada-corea-del-sur\\\/\"},\"wordCount\":2805,\"commentCount\":0,\"publisher\":{\"@id\":\"https:\\\/\\\/webdelmaestrocmf.com\\\/portal\\\/#organization\"},\"image\":{\"@id\":\"https:\\\/\\\/webdelmaestrocmf.com\\\/portal\\\/la-evaluacion-al-docente-lo-hacen-shanghai-singapur-japon-hong-kong-finlandia-canada-corea-del-sur\\\/#primaryimage\"},\"thumbnailUrl\":\"https:\\\/\\\/webdelmaestrocmf.com\\\/portal\\\/wp-content\\\/uploads\\\/2019\\\/01\\\/Banner-1-portada-imagen-10-1-2.jpg\",\"keywords\":[\"CANAD\u00c1\",\"Corea del Sur\",\"DOCENTE\",\"EVALUACI\u00d3N DOCENTE\",\"Finlandia\",\"HONG KONG\",\"JAP\u00d3N\",\"PEDAGOG\u00cdA\",\"PISA\",\"SHANGH\u00c1I\",\"SINGAPUR\"],\"articleSection\":[\"Yo opino - WMCMF\"],\"inLanguage\":\"es\",\"potentialAction\":[{\"@type\":\"CommentAction\",\"name\":\"Comment\",\"target\":[\"https:\\\/\\\/webdelmaestrocmf.com\\\/portal\\\/la-evaluacion-al-docente-lo-hacen-shanghai-singapur-japon-hong-kong-finlandia-canada-corea-del-sur\\\/#respond\"]}]},{\"@type\":\"WebPage\",\"@id\":\"https:\\\/\\\/webdelmaestrocmf.com\\\/portal\\\/la-evaluacion-al-docente-lo-hacen-shanghai-singapur-japon-hong-kong-finlandia-canada-corea-del-sur\\\/\",\"url\":\"https:\\\/\\\/webdelmaestrocmf.com\\\/portal\\\/la-evaluacion-al-docente-lo-hacen-shanghai-singapur-japon-hong-kong-finlandia-canada-corea-del-sur\\\/\",\"name\":\"C\u00f3mo se eval\u00faa a los docentes en Shangh\u00e1i, Singapur, Jap\u00f3n, Hong Kong, Finlandia, Canad\u00e1 y Corea - 2026\",\"isPartOf\":{\"@id\":\"https:\\\/\\\/webdelmaestrocmf.com\\\/portal\\\/#website\"},\"primaryImageOfPage\":{\"@id\":\"https:\\\/\\\/webdelmaestrocmf.com\\\/portal\\\/la-evaluacion-al-docente-lo-hacen-shanghai-singapur-japon-hong-kong-finlandia-canada-corea-del-sur\\\/#primaryimage\"},\"image\":{\"@id\":\"https:\\\/\\\/webdelmaestrocmf.com\\\/portal\\\/la-evaluacion-al-docente-lo-hacen-shanghai-singapur-japon-hong-kong-finlandia-canada-corea-del-sur\\\/#primaryimage\"},\"thumbnailUrl\":\"https:\\\/\\\/webdelmaestrocmf.com\\\/portal\\\/wp-content\\\/uploads\\\/2019\\\/01\\\/Banner-1-portada-imagen-10-1-2.jpg\",\"datePublished\":\"2024-02-01T00:00:53+00:00\",\"dateModified\":\"2025-01-09T23:35:32+00:00\",\"description\":\"\u00bfEst\u00e1n todos de acuerdo sobre qu\u00e9 es, c\u00f3mo se aplica y cu\u00e1l es el objetivo de una evaluaci\u00f3n? \u00bfEs la evaluaci\u00f3n docente el...\",\"breadcrumb\":{\"@id\":\"https:\\\/\\\/webdelmaestrocmf.com\\\/portal\\\/la-evaluacion-al-docente-lo-hacen-shanghai-singapur-japon-hong-kong-finlandia-canada-corea-del-sur\\\/#breadcrumb\"},\"inLanguage\":\"es\",\"potentialAction\":[{\"@type\":\"ReadAction\",\"target\":[\"https:\\\/\\\/webdelmaestrocmf.com\\\/portal\\\/la-evaluacion-al-docente-lo-hacen-shanghai-singapur-japon-hong-kong-finlandia-canada-corea-del-sur\\\/\"]}]},{\"@type\":\"ImageObject\",\"inLanguage\":\"es\",\"@id\":\"https:\\\/\\\/webdelmaestrocmf.com\\\/portal\\\/la-evaluacion-al-docente-lo-hacen-shanghai-singapur-japon-hong-kong-finlandia-canada-corea-del-sur\\\/#primaryimage\",\"url\":\"https:\\\/\\\/webdelmaestrocmf.com\\\/portal\\\/wp-content\\\/uploads\\\/2019\\\/01\\\/Banner-1-portada-imagen-10-1-2.jpg\",\"contentUrl\":\"https:\\\/\\\/webdelmaestrocmf.com\\\/portal\\\/wp-content\\\/uploads\\\/2019\\\/01\\\/Banner-1-portada-imagen-10-1-2.jpg\",\"width\":1024,\"height\":1024},{\"@type\":\"BreadcrumbList\",\"@id\":\"https:\\\/\\\/webdelmaestrocmf.com\\\/portal\\\/la-evaluacion-al-docente-lo-hacen-shanghai-singapur-japon-hong-kong-finlandia-canada-corea-del-sur\\\/#breadcrumb\",\"itemListElement\":[{\"@type\":\"ListItem\",\"position\":1,\"name\":\"Portada\",\"item\":\"https:\\\/\\\/webdelmaestrocmf.com\\\/portal\\\/\"},{\"@type\":\"ListItem\",\"position\":2,\"name\":\"Yo opino - WMCMF\",\"item\":\"https:\\\/\\\/webdelmaestrocmf.com\\\/portal\\\/category\\\/jamb\\\/\"},{\"@type\":\"ListItem\",\"position\":3,\"name\":\"C\u00f3mo se eval\u00faa a los docentes en Shangh\u00e1i, Singapur, Jap\u00f3n, Hong Kong, Finlandia, Canad\u00e1 y Corea\"}]},{\"@type\":\"WebSite\",\"@id\":\"https:\\\/\\\/webdelmaestrocmf.com\\\/portal\\\/#website\",\"url\":\"https:\\\/\\\/webdelmaestrocmf.com\\\/portal\\\/\",\"name\":\"Web del Maestro CMF\",\"description\":\"Maestros al servicio de la educaci\u00f3n\",\"publisher\":{\"@id\":\"https:\\\/\\\/webdelmaestrocmf.com\\\/portal\\\/#organization\"},\"alternateName\":\"WMCMF\",\"potentialAction\":[{\"@type\":\"SearchAction\",\"target\":{\"@type\":\"EntryPoint\",\"urlTemplate\":\"https:\\\/\\\/webdelmaestrocmf.com\\\/portal\\\/?s={search_term_string}\"},\"query-input\":{\"@type\":\"PropertyValueSpecification\",\"valueRequired\":true,\"valueName\":\"search_term_string\"}}],\"inLanguage\":\"es\"},{\"@type\":\"Organization\",\"@id\":\"https:\\\/\\\/webdelmaestrocmf.com\\\/portal\\\/#organization\",\"name\":\"Web del Maestro CMF\",\"alternateName\":\"WMCMF\",\"url\":\"https:\\\/\\\/webdelmaestrocmf.com\\\/portal\\\/\",\"logo\":{\"@type\":\"ImageObject\",\"inLanguage\":\"es\",\"@id\":\"https:\\\/\\\/webdelmaestrocmf.com\\\/portal\\\/#\\\/schema\\\/logo\\\/image\\\/\",\"url\":\"https:\\\/\\\/webdelmaestrocmf.com\\\/portal\\\/wp-content\\\/uploads\\\/2023\\\/01\\\/logo-wmcmf-2.png\",\"contentUrl\":\"https:\\\/\\\/webdelmaestrocmf.com\\\/portal\\\/wp-content\\\/uploads\\\/2023\\\/01\\\/logo-wmcmf-2.png\",\"width\":200,\"height\":60,\"caption\":\"Web del Maestro CMF\"},\"image\":{\"@id\":\"https:\\\/\\\/webdelmaestrocmf.com\\\/portal\\\/#\\\/schema\\\/logo\\\/image\\\/\"},\"sameAs\":[\"https:\\\/\\\/www.facebook.com\\\/WebdelMaestroCMF\\\/\",\"https:\\\/\\\/x.com\\\/cmf_w\",\"https:\\\/\\\/www.pinterest.com\\\/WMCMF\\\/\",\"https:\\\/\\\/www.linkedin.com\\\/company\\\/web-del-maestro-cmf\\\/\",\"https:\\\/\\\/www.instagram.com\\\/wmcmf\\\/\",\"https:\\\/\\\/www.youtube.com\\\/channel\\\/UCDPSvjbdodE5sHnC3OxutHw\",\"https:\\\/\\\/mastodon.social\\\/@wmcmf\",\"https:\\\/\\\/www.tiktok.com\\\/@webdelmaestrocmf\"]},{\"@type\":\"Person\",\"@id\":\"https:\\\/\\\/webdelmaestrocmf.com\\\/portal\\\/#\\\/schema\\\/person\\\/ebc57e23d318c9c4270c6f41367015b5\",\"name\":\"Web del Maestro CMF\",\"image\":{\"@type\":\"ImageObject\",\"inLanguage\":\"es\",\"@id\":\"https:\\\/\\\/secure.gravatar.com\\\/avatar\\\/718b2df46e711f63dc8c16a160d16cc0104e961fe3c231eaaed2426975fc5e2d?s=96&d=mm&r=g\",\"url\":\"https:\\\/\\\/secure.gravatar.com\\\/avatar\\\/718b2df46e711f63dc8c16a160d16cc0104e961fe3c231eaaed2426975fc5e2d?s=96&d=mm&r=g\",\"contentUrl\":\"https:\\\/\\\/secure.gravatar.com\\\/avatar\\\/718b2df46e711f63dc8c16a160d16cc0104e961fe3c231eaaed2426975fc5e2d?s=96&d=mm&r=g\",\"caption\":\"Web del Maestro CMF\"},\"description\":\"Esta Web se cre\u00f3 sin fines de lucro, con fines educativos, cient\u00edficos y acad\u00e9micos, para personas que tengan dificultades y\\\/o inconvenientes en visualizar el material original. El objetivo es entregar recursos, compartir experiencias y materiales que ayuden a los padres de familia, maestros y estudiantes en su actualizaci\u00f3n y formaci\u00f3n permanente, en bien de la Educaci\u00f3n.\",\"sameAs\":[\"http:\\\/\\\/webdelmaestrocmf.com\\\/portal\",\"https:\\\/\\\/www.facebook.com\\\/WebdelMaestroCMF\\\/\",\"https:\\\/\\\/www.instagram.com\\\/wmcmf\\\/\",\"https:\\\/\\\/cl.linkedin.com\\\/company\\\/web-del-maestro-cmf\",\"https:\\\/\\\/www.pinterest.com\\\/WMCMF\\\/publicaciones\\\/\",\"https:\\\/\\\/x.com\\\/cmf_w\",\"https:\\\/\\\/www.youtube.com\\\/@WMCMF\"]}]}<\/script>\n<!-- \/ Yoast SEO plugin. -->","yoast_head_json":{"title":"C\u00f3mo se eval\u00faa a los docentes en Shangh\u00e1i, Singapur, Jap\u00f3n, Hong Kong, Finlandia, Canad\u00e1 y Corea - 2026","description":"\u00bfEst\u00e1n todos de acuerdo sobre qu\u00e9 es, c\u00f3mo se aplica y cu\u00e1l es el objetivo de una evaluaci\u00f3n? \u00bfEs la evaluaci\u00f3n docente el...","robots":{"index":"index","follow":"follow","max-snippet":"max-snippet:-1","max-image-preview":"max-image-preview:large","max-video-preview":"max-video-preview:-1"},"canonical":"https:\/\/webdelmaestrocmf.com\/portal\/la-evaluacion-al-docente-lo-hacen-shanghai-singapur-japon-hong-kong-finlandia-canada-corea-del-sur\/","og_locale":"es_ES","og_type":"article","og_title":"C\u00f3mo se eval\u00faa a los docentes en Shangh\u00e1i, Singapur, Jap\u00f3n, Hong Kong, Finlandia, Canad\u00e1 y Corea - 2026","og_description":"\u00bfEst\u00e1n todos de acuerdo sobre qu\u00e9 es, c\u00f3mo se aplica y cu\u00e1l es el objetivo de una evaluaci\u00f3n? \u00bfEs la evaluaci\u00f3n docente el...","og_url":"https:\/\/webdelmaestrocmf.com\/portal\/la-evaluacion-al-docente-lo-hacen-shanghai-singapur-japon-hong-kong-finlandia-canada-corea-del-sur\/","og_site_name":"Web del Maestro CMF","article_publisher":"https:\/\/www.facebook.com\/WebdelMaestroCMF\/","article_author":"https:\/\/www.facebook.com\/WebdelMaestroCMF\/","article_published_time":"2024-02-01T00:00:53+00:00","article_modified_time":"2025-01-09T23:35:32+00:00","og_image":[{"width":1024,"height":1024,"url":"https:\/\/webdelmaestrocmf.com\/portal\/wp-content\/uploads\/2019\/01\/Banner-1-portada-imagen-10-1-2.jpg","type":"image\/jpeg"}],"author":"Web del Maestro CMF","twitter_card":"summary_large_image","twitter_creator":"@cmf_w","twitter_site":"@cmf_w","schema":{"@context":"https:\/\/schema.org","@graph":[{"@type":"ScholarlyArticle","@id":"https:\/\/webdelmaestrocmf.com\/portal\/la-evaluacion-al-docente-lo-hacen-shanghai-singapur-japon-hong-kong-finlandia-canada-corea-del-sur\/#article","isPartOf":{"@id":"https:\/\/webdelmaestrocmf.com\/portal\/la-evaluacion-al-docente-lo-hacen-shanghai-singapur-japon-hong-kong-finlandia-canada-corea-del-sur\/"},"author":{"name":"Web del Maestro CMF","@id":"https:\/\/webdelmaestrocmf.com\/portal\/#\/schema\/person\/ebc57e23d318c9c4270c6f41367015b5"},"headline":"C\u00f3mo se eval\u00faa a los docentes en Shangh\u00e1i, Singapur, Jap\u00f3n, Hong Kong, Finlandia, Canad\u00e1 y Corea","datePublished":"2024-02-01T00:00:53+00:00","dateModified":"2025-01-09T23:35:32+00:00","mainEntityOfPage":{"@id":"https:\/\/webdelmaestrocmf.com\/portal\/la-evaluacion-al-docente-lo-hacen-shanghai-singapur-japon-hong-kong-finlandia-canada-corea-del-sur\/"},"wordCount":2805,"commentCount":0,"publisher":{"@id":"https:\/\/webdelmaestrocmf.com\/portal\/#organization"},"image":{"@id":"https:\/\/webdelmaestrocmf.com\/portal\/la-evaluacion-al-docente-lo-hacen-shanghai-singapur-japon-hong-kong-finlandia-canada-corea-del-sur\/#primaryimage"},"thumbnailUrl":"https:\/\/webdelmaestrocmf.com\/portal\/wp-content\/uploads\/2019\/01\/Banner-1-portada-imagen-10-1-2.jpg","keywords":["CANAD\u00c1","Corea del Sur","DOCENTE","EVALUACI\u00d3N DOCENTE","Finlandia","HONG KONG","JAP\u00d3N","PEDAGOG\u00cdA","PISA","SHANGH\u00c1I","SINGAPUR"],"articleSection":["Yo opino - WMCMF"],"inLanguage":"es","potentialAction":[{"@type":"CommentAction","name":"Comment","target":["https:\/\/webdelmaestrocmf.com\/portal\/la-evaluacion-al-docente-lo-hacen-shanghai-singapur-japon-hong-kong-finlandia-canada-corea-del-sur\/#respond"]}]},{"@type":"WebPage","@id":"https:\/\/webdelmaestrocmf.com\/portal\/la-evaluacion-al-docente-lo-hacen-shanghai-singapur-japon-hong-kong-finlandia-canada-corea-del-sur\/","url":"https:\/\/webdelmaestrocmf.com\/portal\/la-evaluacion-al-docente-lo-hacen-shanghai-singapur-japon-hong-kong-finlandia-canada-corea-del-sur\/","name":"C\u00f3mo se eval\u00faa a los docentes en Shangh\u00e1i, Singapur, Jap\u00f3n, Hong Kong, Finlandia, Canad\u00e1 y Corea - 2026","isPartOf":{"@id":"https:\/\/webdelmaestrocmf.com\/portal\/#website"},"primaryImageOfPage":{"@id":"https:\/\/webdelmaestrocmf.com\/portal\/la-evaluacion-al-docente-lo-hacen-shanghai-singapur-japon-hong-kong-finlandia-canada-corea-del-sur\/#primaryimage"},"image":{"@id":"https:\/\/webdelmaestrocmf.com\/portal\/la-evaluacion-al-docente-lo-hacen-shanghai-singapur-japon-hong-kong-finlandia-canada-corea-del-sur\/#primaryimage"},"thumbnailUrl":"https:\/\/webdelmaestrocmf.com\/portal\/wp-content\/uploads\/2019\/01\/Banner-1-portada-imagen-10-1-2.jpg","datePublished":"2024-02-01T00:00:53+00:00","dateModified":"2025-01-09T23:35:32+00:00","description":"\u00bfEst\u00e1n todos de acuerdo sobre qu\u00e9 es, c\u00f3mo se aplica y cu\u00e1l es el objetivo de una evaluaci\u00f3n? \u00bfEs la evaluaci\u00f3n docente el...","breadcrumb":{"@id":"https:\/\/webdelmaestrocmf.com\/portal\/la-evaluacion-al-docente-lo-hacen-shanghai-singapur-japon-hong-kong-finlandia-canada-corea-del-sur\/#breadcrumb"},"inLanguage":"es","potentialAction":[{"@type":"ReadAction","target":["https:\/\/webdelmaestrocmf.com\/portal\/la-evaluacion-al-docente-lo-hacen-shanghai-singapur-japon-hong-kong-finlandia-canada-corea-del-sur\/"]}]},{"@type":"ImageObject","inLanguage":"es","@id":"https:\/\/webdelmaestrocmf.com\/portal\/la-evaluacion-al-docente-lo-hacen-shanghai-singapur-japon-hong-kong-finlandia-canada-corea-del-sur\/#primaryimage","url":"https:\/\/webdelmaestrocmf.com\/portal\/wp-content\/uploads\/2019\/01\/Banner-1-portada-imagen-10-1-2.jpg","contentUrl":"https:\/\/webdelmaestrocmf.com\/portal\/wp-content\/uploads\/2019\/01\/Banner-1-portada-imagen-10-1-2.jpg","width":1024,"height":1024},{"@type":"BreadcrumbList","@id":"https:\/\/webdelmaestrocmf.com\/portal\/la-evaluacion-al-docente-lo-hacen-shanghai-singapur-japon-hong-kong-finlandia-canada-corea-del-sur\/#breadcrumb","itemListElement":[{"@type":"ListItem","position":1,"name":"Portada","item":"https:\/\/webdelmaestrocmf.com\/portal\/"},{"@type":"ListItem","position":2,"name":"Yo opino - WMCMF","item":"https:\/\/webdelmaestrocmf.com\/portal\/category\/jamb\/"},{"@type":"ListItem","position":3,"name":"C\u00f3mo se eval\u00faa a los docentes en Shangh\u00e1i, Singapur, Jap\u00f3n, Hong Kong, Finlandia, Canad\u00e1 y Corea"}]},{"@type":"WebSite","@id":"https:\/\/webdelmaestrocmf.com\/portal\/#website","url":"https:\/\/webdelmaestrocmf.com\/portal\/","name":"Web del Maestro CMF","description":"Maestros al servicio de la educaci\u00f3n","publisher":{"@id":"https:\/\/webdelmaestrocmf.com\/portal\/#organization"},"alternateName":"WMCMF","potentialAction":[{"@type":"SearchAction","target":{"@type":"EntryPoint","urlTemplate":"https:\/\/webdelmaestrocmf.com\/portal\/?s={search_term_string}"},"query-input":{"@type":"PropertyValueSpecification","valueRequired":true,"valueName":"search_term_string"}}],"inLanguage":"es"},{"@type":"Organization","@id":"https:\/\/webdelmaestrocmf.com\/portal\/#organization","name":"Web del Maestro CMF","alternateName":"WMCMF","url":"https:\/\/webdelmaestrocmf.com\/portal\/","logo":{"@type":"ImageObject","inLanguage":"es","@id":"https:\/\/webdelmaestrocmf.com\/portal\/#\/schema\/logo\/image\/","url":"https:\/\/webdelmaestrocmf.com\/portal\/wp-content\/uploads\/2023\/01\/logo-wmcmf-2.png","contentUrl":"https:\/\/webdelmaestrocmf.com\/portal\/wp-content\/uploads\/2023\/01\/logo-wmcmf-2.png","width":200,"height":60,"caption":"Web del Maestro CMF"},"image":{"@id":"https:\/\/webdelmaestrocmf.com\/portal\/#\/schema\/logo\/image\/"},"sameAs":["https:\/\/www.facebook.com\/WebdelMaestroCMF\/","https:\/\/x.com\/cmf_w","https:\/\/www.pinterest.com\/WMCMF\/","https:\/\/www.linkedin.com\/company\/web-del-maestro-cmf\/","https:\/\/www.instagram.com\/wmcmf\/","https:\/\/www.youtube.com\/channel\/UCDPSvjbdodE5sHnC3OxutHw","https:\/\/mastodon.social\/@wmcmf","https:\/\/www.tiktok.com\/@webdelmaestrocmf"]},{"@type":"Person","@id":"https:\/\/webdelmaestrocmf.com\/portal\/#\/schema\/person\/ebc57e23d318c9c4270c6f41367015b5","name":"Web del Maestro CMF","image":{"@type":"ImageObject","inLanguage":"es","@id":"https:\/\/secure.gravatar.com\/avatar\/718b2df46e711f63dc8c16a160d16cc0104e961fe3c231eaaed2426975fc5e2d?s=96&d=mm&r=g","url":"https:\/\/secure.gravatar.com\/avatar\/718b2df46e711f63dc8c16a160d16cc0104e961fe3c231eaaed2426975fc5e2d?s=96&d=mm&r=g","contentUrl":"https:\/\/secure.gravatar.com\/avatar\/718b2df46e711f63dc8c16a160d16cc0104e961fe3c231eaaed2426975fc5e2d?s=96&d=mm&r=g","caption":"Web del Maestro CMF"},"description":"Esta Web se cre\u00f3 sin fines de lucro, con fines educativos, cient\u00edficos y acad\u00e9micos, para personas que tengan dificultades y\/o inconvenientes en visualizar el material original. El objetivo es entregar recursos, compartir experiencias y materiales que ayuden a los padres de familia, maestros y estudiantes en su actualizaci\u00f3n y formaci\u00f3n permanente, en bien de la Educaci\u00f3n.","sameAs":["http:\/\/webdelmaestrocmf.com\/portal","https:\/\/www.facebook.com\/WebdelMaestroCMF\/","https:\/\/www.instagram.com\/wmcmf\/","https:\/\/cl.linkedin.com\/company\/web-del-maestro-cmf","https:\/\/www.pinterest.com\/WMCMF\/publicaciones\/","https:\/\/x.com\/cmf_w","https:\/\/www.youtube.com\/@WMCMF"]}]}},"jetpack_featured_media_url":"https:\/\/webdelmaestrocmf.com\/portal\/wp-content\/uploads\/2019\/01\/Banner-1-portada-imagen-10-1-2.jpg","jetpack_sharing_enabled":true,"jetpack-related-posts":[{"id":10580,"url":"https:\/\/webdelmaestrocmf.com\/portal\/singapur-encabeza-ranking-mundial-de-educacion-y-finlandia\/","url_meta":{"origin":24138,"position":0},"title":"Singapur encabeza ranking mundial de educaci\u00f3n. \u00bfY Finlandia?","author":"Web del Maestro CMF","date":"29 noviembre, 2016","format":false,"excerpt":"\u00bfQu\u00e9 dicen los resultados de la encuesta internacional sobre matem\u00e1tica y ciencias (TIMSS) 2015?\u00a0 Aparte del Informe del Programa Internacional para la Evaluaci\u00f3n de Estudiantes o\u00a0Informe PISA, tambi\u00e9n existe una Encuesta Internacional sobre Matem\u00e1ticas y Ciencias (TIMSS), que se publican cada cuatro a\u00f1os, sobre una poblaci\u00f3n de un promedio de\u2026","rel":"","context":"En \u00abYo opino - WMCMF\u00bb","block_context":{"text":"Yo opino - WMCMF","link":"https:\/\/webdelmaestrocmf.com\/portal\/category\/jamb\/"},"img":{"alt_text":"","src":"https:\/\/i0.wp.com\/webdelmaestrocmf.com\/portal\/wp-content\/uploads\/2016\/11\/1.jpg?resize=350%2C200&ssl=1","width":350,"height":200,"srcset":"https:\/\/i0.wp.com\/webdelmaestrocmf.com\/portal\/wp-content\/uploads\/2016\/11\/1.jpg?resize=350%2C200&ssl=1 1x, https:\/\/i0.wp.com\/webdelmaestrocmf.com\/portal\/wp-content\/uploads\/2016\/11\/1.jpg?resize=525%2C300&ssl=1 1.5x, https:\/\/i0.wp.com\/webdelmaestrocmf.com\/portal\/wp-content\/uploads\/2016\/11\/1.jpg?resize=700%2C400&ssl=1 2x"},"classes":[]},{"id":12171,"url":"https:\/\/webdelmaestrocmf.com\/portal\/informe-pisa-2016-que-tienen-ellos-que-no-tienen-los-otros\/","url_meta":{"origin":24138,"position":1},"title":"INFORME PISA: \u00bfQU\u00c9 TIENEN ELLOS QUE NO TIENEN LOS OTROS?","author":"Web del Maestro CMF","date":"16 diciembre, 2016","format":false,"excerpt":"Este art\u00edculo parece ser un primer acercamiento anal\u00edtico del porqu\u00e9 los pa\u00edses como Singapur, Jap\u00f3n, Estonia, Corea del Sur, Hong Kong, Taiw\u00e1n, Macao, Vietnam y la ciudad china de Shangh\u00e1i, han conseguido los primeros lugares en la \u00faltima publicaci\u00f3n de la OCDE sobre las pruebas PISA. Compartimos con Ustedes, con\u2026","rel":"","context":"En \u00abSin categor\u00eda\u00bb","block_context":{"text":"Sin categor\u00eda","link":"https:\/\/webdelmaestrocmf.com\/portal\/category\/sin-categoria-es\/"},"img":{"alt_text":"","src":"https:\/\/i0.wp.com\/webdelmaestrocmf.com\/portal\/wp-content\/uploads\/2016\/12\/pisa.jpg?resize=350%2C200&ssl=1","width":350,"height":200,"srcset":"https:\/\/i0.wp.com\/webdelmaestrocmf.com\/portal\/wp-content\/uploads\/2016\/12\/pisa.jpg?resize=350%2C200&ssl=1 1x, https:\/\/i0.wp.com\/webdelmaestrocmf.com\/portal\/wp-content\/uploads\/2016\/12\/pisa.jpg?resize=525%2C300&ssl=1 1.5x, https:\/\/i0.wp.com\/webdelmaestrocmf.com\/portal\/wp-content\/uploads\/2016\/12\/pisa.jpg?resize=700%2C400&ssl=1 2x"},"classes":[]},{"id":75591,"url":"https:\/\/webdelmaestrocmf.com\/portal\/jose-luis-murillo-se-nos-llena-la-boca-con-lo-que-se-hace-en-la-educacion-de-finlandia-pero-luego-no-nos-fijamos-en-todo-lo-que-hacen-alli-no-repite-nadie-no-se-examina-se-evalua\/","url_meta":{"origin":24138,"position":2},"title":"Jos\u00e9 Luis Murillo: Se nos llena la boca con lo que se hace en la educaci\u00f3n de Finlandia, pero luego no nos fijamos en todo lo que hacen: all\u00ed no repite nadie, no se examina, se eval\u00faa","author":"Web del Maestro CMF","date":"16 marzo, 2022","format":false,"excerpt":"El profesor espa\u00f1ol Jos\u00e9 Luis Murillo (Villamayor, 1958) ha dedicado 38 a\u00f1os de su existencia a la tarea maestro en la escuela de Sah\u00fan (Arag\u00f3n), poniendo en pr\u00e1ctica un proyecto educativo que ha servido como referencia y modelo a seguir por algunas escuelas rurales. Ya jubilado, Murillo ha publicado su\u2026","rel":"","context":"En \u00abEntrevistas\u00bb","block_context":{"text":"Entrevistas","link":"https:\/\/webdelmaestrocmf.com\/portal\/category\/noticias\/entrevistas\/"},"img":{"alt_text":"","src":"https:\/\/i0.wp.com\/webdelmaestrocmf.com\/portal\/wp-content\/uploads\/2022\/03\/2-3.jpg?resize=350%2C200&ssl=1","width":350,"height":200,"srcset":"https:\/\/i0.wp.com\/webdelmaestrocmf.com\/portal\/wp-content\/uploads\/2022\/03\/2-3.jpg?resize=350%2C200&ssl=1 1x, https:\/\/i0.wp.com\/webdelmaestrocmf.com\/portal\/wp-content\/uploads\/2022\/03\/2-3.jpg?resize=525%2C300&ssl=1 1.5x, https:\/\/i0.wp.com\/webdelmaestrocmf.com\/portal\/wp-content\/uploads\/2022\/03\/2-3.jpg?resize=700%2C400&ssl=1 2x, https:\/\/i0.wp.com\/webdelmaestrocmf.com\/portal\/wp-content\/uploads\/2022\/03\/2-3.jpg?resize=1050%2C600&ssl=1 3x"},"classes":[]},{"id":80944,"url":"https:\/\/webdelmaestrocmf.com\/portal\/agentes-de-evaluacion-autoevaluacion-coevaluacion-y-heteroevaluacion\/","url_meta":{"origin":24138,"position":3},"title":"Autoevaluaci\u00f3n, Coevaluaci\u00f3n y Heteroevaluaci\u00f3n","author":"Web del Maestro CMF","date":"22 noviembre, 2024","format":false,"excerpt":"25La autoevaluaci\u00f3n, coevaluaci\u00f3n y heteroevaluaci\u00f3n son tres tipos de evaluaci\u00f3n que se utilizan en diversos contextos, uno de ellos es la educaci\u00f3n. La evaluaci\u00f3n es un proceso de suma importancia en cualquier sistema educativo. Sin embargo, es importante se\u00f1alar que gracias a las metodolog\u00edas activas de la ense\u00f1anza, el modelo\u2026","rel":"","context":"En \u00abEvaluar\u00bb","block_context":{"text":"Evaluar","link":"https:\/\/webdelmaestrocmf.com\/portal\/category\/pedagogia\/evaluar\/"},"img":{"alt_text":"","src":"https:\/\/i0.wp.com\/webdelmaestrocmf.com\/portal\/wp-content\/uploads\/2023\/11\/2-2.jpg?resize=350%2C200&ssl=1","width":350,"height":200,"srcset":"https:\/\/i0.wp.com\/webdelmaestrocmf.com\/portal\/wp-content\/uploads\/2023\/11\/2-2.jpg?resize=350%2C200&ssl=1 1x, https:\/\/i0.wp.com\/webdelmaestrocmf.com\/portal\/wp-content\/uploads\/2023\/11\/2-2.jpg?resize=525%2C300&ssl=1 1.5x, https:\/\/i0.wp.com\/webdelmaestrocmf.com\/portal\/wp-content\/uploads\/2023\/11\/2-2.jpg?resize=700%2C400&ssl=1 2x"},"classes":[]},{"id":104124,"url":"https:\/\/webdelmaestrocmf.com\/portal\/libro-para-docentes-evaluar-con-el-corazon\/","url_meta":{"origin":24138,"position":4},"title":"Libro para docentes: Evaluar con el coraz\u00f3n","author":"Web del Maestro CMF","date":"20 febrero, 2024","format":false,"excerpt":"La evaluaci\u00f3n educativa ha sido tradicionalmente vista como un proceso t\u00e9cnico y objetivo, centrado en la medici\u00f3n de los resultados del aprendizaje. Sin embargo, en los \u00faltimos a\u00f1os ha surgido una corriente de pensamiento que aboga por una visi\u00f3n m\u00e1s humana y cr\u00edtica de la evaluaci\u00f3n. En este art\u00edculo, se\u2026","rel":"","context":"En \u00abLibros\u00bb","block_context":{"text":"Libros","link":"https:\/\/webdelmaestrocmf.com\/portal\/category\/pedagogia\/libros\/"},"img":{"alt_text":"","src":"https:\/\/i0.wp.com\/webdelmaestrocmf.com\/portal\/wp-content\/uploads\/2024\/02\/Banner-1-portada-imagen-10-1-12-2.jpg?resize=350%2C200&ssl=1","width":350,"height":200,"srcset":"https:\/\/i0.wp.com\/webdelmaestrocmf.com\/portal\/wp-content\/uploads\/2024\/02\/Banner-1-portada-imagen-10-1-12-2.jpg?resize=350%2C200&ssl=1 1x, https:\/\/i0.wp.com\/webdelmaestrocmf.com\/portal\/wp-content\/uploads\/2024\/02\/Banner-1-portada-imagen-10-1-12-2.jpg?resize=525%2C300&ssl=1 1.5x, https:\/\/i0.wp.com\/webdelmaestrocmf.com\/portal\/wp-content\/uploads\/2024\/02\/Banner-1-portada-imagen-10-1-12-2.jpg?resize=700%2C400&ssl=1 2x"},"classes":[]},{"id":108022,"url":"https:\/\/webdelmaestrocmf.com\/portal\/metodos-de-evaluacion-en-la-practica-del-docente\/","url_meta":{"origin":24138,"position":5},"title":"M\u00e9todos de evaluaci\u00f3n en la pr\u00e1ctica del docente","author":"Web del Maestro CMF","date":"18 febrero, 2025","format":false,"excerpt":"Evaluar no es simplemente calificar. Es una herramienta clave para el aprendizaje que permite detectar fortalezas, \u00e1reas de mejora y ajustar la ense\u00f1anza para potenciar el desarrollo de los estudiantes. En la actualidad, la evaluaci\u00f3n debe ir m\u00e1s all\u00e1 del examen tradicional para incluir metodolog\u00edas m\u00e1s din\u00e1micas, centradas en competencias\u2026","rel":"","context":"En \u00abEvaluar\u00bb","block_context":{"text":"Evaluar","link":"https:\/\/webdelmaestrocmf.com\/portal\/category\/pedagogia\/evaluar\/"},"img":{"alt_text":"","src":"https:\/\/i0.wp.com\/webdelmaestrocmf.com\/portal\/wp-content\/uploads\/2025\/02\/1A-Banner-1-portada-imagen-10-1-76.jpg?resize=350%2C200&ssl=1","width":350,"height":200,"srcset":"https:\/\/i0.wp.com\/webdelmaestrocmf.com\/portal\/wp-content\/uploads\/2025\/02\/1A-Banner-1-portada-imagen-10-1-76.jpg?resize=350%2C200&ssl=1 1x, https:\/\/i0.wp.com\/webdelmaestrocmf.com\/portal\/wp-content\/uploads\/2025\/02\/1A-Banner-1-portada-imagen-10-1-76.jpg?resize=525%2C300&ssl=1 1.5x, https:\/\/i0.wp.com\/webdelmaestrocmf.com\/portal\/wp-content\/uploads\/2025\/02\/1A-Banner-1-portada-imagen-10-1-76.jpg?resize=700%2C400&ssl=1 2x"},"classes":[]}],"_links":{"self":[{"href":"https:\/\/webdelmaestrocmf.com\/portal\/wp-json\/wp\/v2\/posts\/24138","targetHints":{"allow":["GET"]}}],"collection":[{"href":"https:\/\/webdelmaestrocmf.com\/portal\/wp-json\/wp\/v2\/posts"}],"about":[{"href":"https:\/\/webdelmaestrocmf.com\/portal\/wp-json\/wp\/v2\/types\/post"}],"author":[{"embeddable":true,"href":"https:\/\/webdelmaestrocmf.com\/portal\/wp-json\/wp\/v2\/users\/2"}],"replies":[{"embeddable":true,"href":"https:\/\/webdelmaestrocmf.com\/portal\/wp-json\/wp\/v2\/comments?post=24138"}],"version-history":[{"count":0,"href":"https:\/\/webdelmaestrocmf.com\/portal\/wp-json\/wp\/v2\/posts\/24138\/revisions"}],"wp:featuredmedia":[{"embeddable":true,"href":"https:\/\/webdelmaestrocmf.com\/portal\/wp-json\/wp\/v2\/media\/103295"}],"wp:attachment":[{"href":"https:\/\/webdelmaestrocmf.com\/portal\/wp-json\/wp\/v2\/media?parent=24138"}],"wp:term":[{"taxonomy":"category","embeddable":true,"href":"https:\/\/webdelmaestrocmf.com\/portal\/wp-json\/wp\/v2\/categories?post=24138"},{"taxonomy":"post_tag","embeddable":true,"href":"https:\/\/webdelmaestrocmf.com\/portal\/wp-json\/wp\/v2\/tags?post=24138"}],"curies":[{"name":"wp","href":"https:\/\/api.w.org\/{rel}","templated":true}]}}