{"id":24028,"date":"2018-08-16T21:40:21","date_gmt":"2018-08-17T00:40:21","guid":{"rendered":"http:\/\/webdelmaestrocmf.com\/portal\/?p=24028"},"modified":"2023-09-01T19:47:43","modified_gmt":"2023-09-01T23:47:43","slug":"la-sociedad-cambia-rapido-la-educacion-despacio","status":"publish","type":"post","link":"https:\/\/webdelmaestrocmf.com\/portal\/la-sociedad-cambia-rapido-la-educacion-despacio\/","title":{"rendered":"Michael Francis Atiyah: La sociedad cambia muy r\u00e1pido y la educaci\u00f3n muy despacio"},"content":{"rendered":"<p style=\"text-align: justify;\"><strong>El matem\u00e1tico brit\u00e1nico Michael Francis Atiyah (Londres 1929), es uno de los m\u00e1s importantes del siglo XX y de lo que llevamos del XXI. Sus contribuciones se centran principalmente en Geometr\u00eda y Topolog\u00eda, siendo las m\u00e1s importantes la creaci\u00f3n, junto a Friedrich Hirzebruch, de la denominada en Topolog\u00eda teor\u00eda K y el teorema del \u00edndice de Atiyah-Singer, demostrado junto a Isadore Singer, y muy relacionado con el n\u00famero de soluciones independientes en ecuaciones diferenciales.<\/strong><\/p>\n<p><!--more--><\/p>\n<p style=\"text-align: justify;\">Ha sido maestro del Trinity College (Cambridge) y profesor honorario en la Universidad de Edimburgo. \u00c9l es entrevistado por Javier A. Fern\u00e1ndez para El Pa\u00eds (Espa\u00f1a), y por razones \u00fanicamente educativas, compartimos parte de la entrevista, concedida a raz\u00f3n de su conferencia en Madrid (Espa\u00f1a), y por considerar que es un tema que, como educadores, refuerza nuestra formaci\u00f3n integral, actualizada y permanente.<\/p>\n<p style=\"text-align: justify;\">\u00bfPorqu\u00e9 insistir en la asignatura de matem\u00e1ticas? La Licenciada espa\u00f1ola Adriana De La Osa opina que <strong>el estudio de las matem\u00e1ticas<\/strong> es fundamental \u201cpara el <strong>desarrollo intelectual de los ni\u00f1os<\/strong>, les ayuda a ser <strong>l\u00f3gicos<\/strong>, a <strong>razonar<\/strong> ordenadamente y a tener una mente preparada para el <strong>pensamiento, la cr\u00edtica y la abstracci\u00f3n<\/strong>.<\/p>\n<p style=\"text-align: justify;\">Las matem\u00e1ticas <strong>configuran actitudes y valores<\/strong> en los alumnos pues garantizan una solidez en sus fundamentos, seguridad en los procedimientos y confianza en los resultados obtenidos. Todo esto crea en los ni\u00f1os una disposici\u00f3n consciente y favorable <strong>para emprender acciones que conducen a la soluci\u00f3n de los problemas a los que se enfrentan cada d\u00eda<\/strong>.<\/p>\n<p style=\"text-align: justify;\">A su vez, las matem\u00e1ticas contribuyen a la <strong>formaci\u00f3n de valores<\/strong> en los ni\u00f1os, determinando sus actitudes y su conducta, y sirviendo como patrones para guiar su vida, como son, un estilo de enfrentarse a la realidad l\u00f3gico y coherente, la b\u00fasqueda de la exactitud en los resultados, una comprensi\u00f3n y expresi\u00f3n clara a trav\u00e9s de la utilizaci\u00f3n de s\u00edmbolos, capacidad de abstracci\u00f3n, razonamiento y generalizaci\u00f3n y la percepci\u00f3n de la creatividad como un valor\u201d. <span style=\"text-decoration: underline;\"><a href=\"https:\/\/www.smartick.es\/blog\/educacion\/la-importancia-de-las-matematicas-en-la-vid\/\" target=\"_blank\" rel=\"noopener\">LA IMPORTANCIA DE LAS MATEM\u00c1TICAS EN LA VIDA.<\/a><\/span><\/p>\n<h4><strong>JAVIER FERN\u00c1NDEZ: \u00bfExiste el talento matem\u00e1tico?<\/strong><\/h4>\n<p style=\"text-align: justify;\">MICHAEL FRANCIS ATIYAH: S\u00ed. Como para la m\u00fasica, <strong>para las matem\u00e1ticas hace falta algo de talento<\/strong>. Pero incluso quien no lo tiene puede aprender a disfrutar de ellas. No todos somos Mozart, pero podemos apreciar la m\u00fasica. La <strong>labor del profesor<\/strong> para alentar al alumno es primordial.<\/p>\n<h4><strong>JAVIER FERN\u00c1NDEZ: \u00bfPero se pueden disfrutar de la misma forma que el arte, por ejemplo?<\/strong><\/h4>\n<p style=\"text-align: justify;\">MICHAEL FRANCIS ATIYAH: S\u00ed, solo necesitas <strong>algo de experiencia, algo de \u00e1nimo <\/strong>y que est\u00e9n presentadas de manera atractiva para que capten tu atenci\u00f3n. Se pueden disfrutar de la misma manera que una obra de teatro. Si es mala, no te entusiasmar\u00e1, pero si es buena&#8230;<\/p>\n<h4><strong>JAVIER FERN\u00c1NDEZ: \u00bfC\u00f3mo alentar\u00eda a los estudiantes que suspenden esta asignatura?<\/strong><\/h4>\n<p style=\"text-align: justify;\">MICHAEL FRANCIS ATIYAH: Dici\u00e9ndoles que <strong>hagan un esfuerzo<\/strong> por comprenderlas. A nadie le gustan las matem\u00e1ticas <strong>si no las entiende<\/strong>. Si no tienen claro a qu\u00e9 se quieren dedicar en su vida, les dir\u00eda que estudien matem\u00e1ticas <strong>hasta donde puedan<\/strong> porque ser\u00e1n muy \u00fatiles en muchos aspectos de su vida y en muchas profesiones. Las matem\u00e1ticas nos brindan una de las <strong>m\u00faltiples maneras que tenemos de pensar<\/strong>. Nuestra mente es muy complicada y utiliza otras inteligencias como la art\u00edstica o la emocional para manejar situaciones. Ninguna de ellas explica la vida por s\u00ed misma.<\/p>\n<p style=\"text-align: justify;\">Los matem\u00e1ticos, adem\u00e1s, pueden <strong>trabajar en coalici\u00f3n con expertos en much\u00edsimas disciplinas<\/strong>. Especialmente en el desarrollo del conocimiento del cerebro, el gran reto del nuevo siglo.<\/p>\n<h4><strong>JAVIER FERN\u00c1NDEZ: \u00bfC\u00f3mo animar\u00eda a los padres que ven fracasar en matem\u00e1ticas a sus hijos?<\/strong><\/h4>\n<p style=\"text-align: justify;\">MICHAEL FRANCIS ATIYAH: Les dir\u00eda que tengan paciencia y los alienten y, sobre todo, que <strong>no olviden estimularlos en otros aspectos<\/strong>: que los lleven a exposiciones, que les ense\u00f1en a leer el peri\u00f3dico y que, por qu\u00e9 no, les dejen ver la televisi\u00f3n.<\/p>\n<h4><strong>JAVIER FERN\u00c1NDEZ: \u00bfHa o\u00eddo hablar de los youtubers que imparten clases de matem\u00e1ticas online?<\/strong><\/h4>\n<p style=\"text-align: justify;\">MICHAEL FRANCIS ATIYAH: Claro que s\u00ed. <strong>Tenemos que usar todos los medios de comunicaci\u00f3n disponibles con fines educativos<\/strong>. En el pasado ten\u00edas tu voz, tus manos y la pizarra; ahora <strong>puedes llegar a todo el mundo<\/strong> desde tu ordenador. Eso s\u00ed, es peligroso para el espectador porque hay personajes populares de calidad incierta. Es un riesgo que hay que correr.<\/p>\n<h4><strong>JAVIER FERN\u00c1NDEZ: \u00bfQu\u00e9 le parece que est\u00e9 desapareciendo la filosof\u00eda de los planes de estudio?<\/strong><\/h4>\n<p style=\"text-align: justify;\">MICHAEL FRANCIS ATIYAH: Es importante que se introduzca la filosof\u00eda en los programas educativos, principalmente en la adolescencia. Los planes de estudio siempre traen pol\u00e9micas. La educaci\u00f3n cambia muy despacio, <strong>est\u00e1 demasiado ligada a la tradici\u00f3n<\/strong>. Los Gobiernos cometen el error de <strong>deshacer lo que ha hecho el anterior<\/strong> en materia educativa. Todo es un desastre y nada pasa. La sociedad cambia muy r\u00e1pido y <strong>la educaci\u00f3n muy despacio<\/strong>. La educaci\u00f3n es como un barco gigante. Es dif\u00edcil que mantenga el ritmo de la sociedad.<\/p>\n<p style=\"text-align: justify;\">La entrevista completa la puede Usted leer aqu\u00ed: <a href=\"https:\/\/elpais.com\/economia\/2017\/11\/21\/actualidad\/1511281361_582300.html\" target=\"_blank\" rel=\"noopener\"><strong>\u201cSIN TALENTO PARA LAS MATEM\u00c1TICAS TAMBI\u00c9N SE PUEDE DISFRUTAR DE LOS N\u00daMEROS\u201d<\/strong><\/a><\/p>\n<p style=\"text-align: center;\">\u201cLas matem\u00e1ticas son el alfabeto con el cual Dios ha escrito el universo\u201d (Galileo Galilei).<\/p>\n<p style=\"text-align: justify;\">\u00a0\u201cPara aquellos que no conocen las matem\u00e1ticas, es dif\u00edcil sentir la belleza, la profunda belleza de la naturaleza&#8230; Si quieres aprender sobre la naturaleza, apreciar la naturaleza, es necesario aprender el lenguaje en el que habla\u201d (Richard Phillips Feynman).<\/p>\n<p style=\"text-align: right;\"><strong>REDACCI\u00d3N WEB DEL MAESTRO CMF<\/strong><\/p>\n\t\t<div class=\"pk-inline-posts\">\n\t\t\t\n\t\t\t<div class=\"pk-inline-posts-container pk-inline-posts-template-list\"\n\t\t\t\tdata-columns=\"1\">\n\t\t\t\t\t\t<article id=\"post-118480\" class=\"post-118480 post type-post status-publish format-standard has-post-thumbnail category-entrevistas category-noticias tag-aprendizaje tag-autonomia-3 tag-desarrollo tag-docentes tag-educacion-2 tag-ensenanza-2 tag-escuela tag-infancia tag-juego tag-pedagogia-2 cs-entry cs-video-wrap\">\n\t\t\t<div class=\"pk-post-outer\">\n\n\t\t\t\t\t\t\t\t<div class=\"pk-post-inner\">\n\t\t\t\t\t<div class=\"entry-thumbnail\">\n\t\t\t\t\t\t<div class=\"pk-overlay pk-overlay-ratio pk-ratio-landscape\">\n\t\t\t\t\t\t\t<div class=\"pk-overlay-background\">\n\t\t\t\t\t\t\t\t<a href=\"https:\/\/webdelmaestrocmf.com\/portal\/francesco-tonucci-hoy-la-escuela-esta-asumiendo-un-error-fatal-que-es-hacer-mas-un-papel-de-ninera-que-de-estructura-educativa\/\" class=\"pk-overlay-link\">\n\t\t\t\t\t\t\t\t\t<img loading=\"lazy\" decoding=\"async\" width=\"300\" height=\"225\" src=\"https:\/\/webdelmaestrocmf.com\/portal\/wp-content\/uploads\/2026\/04\/1AA-Banner-1-portada-imagen-10-1-copia-2-9-300x225.webp\" class=\"attachment-pk-thumbnail size-pk-thumbnail wp-post-image\" alt=\"\" \/>\t\t\t\t\t\t\t\t<\/a>\n\t\t\t\t\t\t\t<\/div>\n\t\t\t\t\t\t<\/div>\n\t\t\t\t\t<\/div>\n\t\t\t\t<\/div>\n\t\t\t\t\n\t\t\t\t<div class=\"pk-post-inner\">\n\t\t\t\t\t<header>\n\t\t\t\t\t\t<h3 class=\"pk-title\"><a href=\"https:\/\/webdelmaestrocmf.com\/portal\/francesco-tonucci-hoy-la-escuela-esta-asumiendo-un-error-fatal-que-es-hacer-mas-un-papel-de-ninera-que-de-estructura-educativa\/\" rel=\"bookmark\">Francesco Tonucci: Hoy la escuela est\u00e1 asumiendo un error fatal que es hacer m\u00e1s un papel de ni\u00f1era que de estructura educativa<\/a><\/h3>\t\t\t\t\t<\/header><!-- .entry-header -->\n\t\t\t\t<\/div><!-- .post-inner -->\n\n\t\t\t<\/div><!-- .post-outer -->\n\t\t<\/article>\n\t\t\t<article id=\"post-37424\" class=\"post-37424 post type-post status-publish format-standard has-post-thumbnail category-entrevistas category-noticias tag-desarrollo tag-heckman tag-james tag-leer tag-ninos cs-entry cs-video-wrap\">\n\t\t\t<div class=\"pk-post-outer\">\n\n\t\t\t\t\t\t\t\t<div class=\"pk-post-inner\">\n\t\t\t\t\t<div class=\"entry-thumbnail\">\n\t\t\t\t\t\t<div class=\"pk-overlay pk-overlay-ratio pk-ratio-landscape\">\n\t\t\t\t\t\t\t<div class=\"pk-overlay-background\">\n\t\t\t\t\t\t\t\t<a href=\"https:\/\/webdelmaestrocmf.com\/portal\/james-heckman-leerles-a-los-ninos-tiene-un-impacto-enorme-en-su-desarrollo\/\" class=\"pk-overlay-link\">\n\t\t\t\t\t\t\t\t\t<img loading=\"lazy\" decoding=\"async\" width=\"300\" height=\"225\" src=\"https:\/\/webdelmaestrocmf.com\/portal\/wp-content\/uploads\/2023\/01\/1AA-Banner-1-portada-imagen-10-1-copia-3-300x225.webp\" class=\"attachment-pk-thumbnail size-pk-thumbnail wp-post-image\" alt=\"\" \/>\t\t\t\t\t\t\t\t<\/a>\n\t\t\t\t\t\t\t<\/div>\n\t\t\t\t\t\t<\/div>\n\t\t\t\t\t<\/div>\n\t\t\t\t<\/div>\n\t\t\t\t\n\t\t\t\t<div class=\"pk-post-inner\">\n\t\t\t\t\t<header>\n\t\t\t\t\t\t<h3 class=\"pk-title\"><a href=\"https:\/\/webdelmaestrocmf.com\/portal\/james-heckman-leerles-a-los-ninos-tiene-un-impacto-enorme-en-su-desarrollo\/\" rel=\"bookmark\">James Heckman: Leerles a los ni\u00f1os tiene un impacto enorme en su desarrollo<\/a><\/h3>\t\t\t\t\t<\/header><!-- .entry-header -->\n\t\t\t\t<\/div><!-- .post-inner -->\n\n\t\t\t<\/div><!-- .post-outer -->\n\t\t<\/article>\n\t\t\t<article id=\"post-55421\" class=\"post-55421 post type-post status-publish format-standard has-post-thumbnail category-entrevistas category-noticias tag-ayudar tag-buena tag-debe tag-lider tag-pasion tag-persona tag-tener tag-victor-kuppers cs-entry cs-video-wrap\">\n\t\t\t<div class=\"pk-post-outer\">\n\n\t\t\t\t\t\t\t\t<div class=\"pk-post-inner\">\n\t\t\t\t\t<div class=\"entry-thumbnail\">\n\t\t\t\t\t\t<div class=\"pk-overlay pk-overlay-ratio pk-ratio-landscape\">\n\t\t\t\t\t\t\t<div class=\"pk-overlay-background\">\n\t\t\t\t\t\t\t\t<a href=\"https:\/\/webdelmaestrocmf.com\/portal\/victor-kuppers-un-lider-debe-ser-buena-persona-y-tener-pasion-por-ayudar\/\" class=\"pk-overlay-link\">\n\t\t\t\t\t\t\t\t\t<img loading=\"lazy\" decoding=\"async\" width=\"300\" height=\"225\" src=\"https:\/\/webdelmaestrocmf.com\/portal\/wp-content\/uploads\/2020\/12\/1AA-Banner-1-portada-imagen-10-1-copia-3-300x225.webp\" class=\"attachment-pk-thumbnail size-pk-thumbnail wp-post-image\" alt=\"\" \/>\t\t\t\t\t\t\t\t<\/a>\n\t\t\t\t\t\t\t<\/div>\n\t\t\t\t\t\t<\/div>\n\t\t\t\t\t<\/div>\n\t\t\t\t<\/div>\n\t\t\t\t\n\t\t\t\t<div class=\"pk-post-inner\">\n\t\t\t\t\t<header>\n\t\t\t\t\t\t<h3 class=\"pk-title\"><a href=\"https:\/\/webdelmaestrocmf.com\/portal\/victor-kuppers-un-lider-debe-ser-buena-persona-y-tener-pasion-por-ayudar\/\" rel=\"bookmark\">V\u00edctor K\u00fcppers: Un l\u00edder debe ser buena persona y tener pasi\u00f3n por ayudar<\/a><\/h3>\t\t\t\t\t<\/header><!-- .entry-header -->\n\t\t\t\t<\/div><!-- .post-inner -->\n\n\t\t\t<\/div><!-- .post-outer -->\n\t\t<\/article>\n\t\t\t\t<\/div>\n\t\t<\/div>\n\t\t\n","protected":false},"excerpt":{"rendered":"El matem\u00e1tico brit\u00e1nico Michael Francis Atiyah (Londres 1929), es uno de los m\u00e1s importantes del siglo XX y&hellip;","protected":false},"author":2,"featured_media":93769,"comment_status":"open","ping_status":"closed","sticky":false,"template":"","format":"standard","meta":{"csco_display_header_overlay":false,"csco_singular_sidebar":"disabled","csco_page_header_type":"large","csco_page_load_nextpost":"default","csco_post_video_location":[],"csco_post_video_location_hash":"","csco_post_video_url":"","csco_post_video_bg_start_time":0,"csco_post_video_bg_end_time":0,"csco_post_video_bg_volume":false,"_jetpack_memberships_contains_paid_content":false,"footnotes":""},"categories":[48,47],"tags":[2117,3085,55,3745,3086,3084,92],"class_list":{"0":"post-24028","1":"post","2":"type-post","3":"status-publish","4":"format-standard","5":"has-post-thumbnail","7":"category-entrevistas","8":"category-noticias","9":"tag-cambia","10":"tag-despacio","11":"tag-educacion","12":"tag-michael-atiyah","13":"tag-michael-francis-atiyah","14":"tag-rapido","15":"tag-sociedad","16":"cs-entry","17":"cs-video-wrap"},"yoast_head":"<!-- This site is optimized with the Yoast SEO plugin v27.5 - https:\/\/yoast.com\/product\/yoast-seo-wordpress\/ -->\n<title>Michael Francis Atiyah: La sociedad cambia muy r\u00e1pido y la educaci\u00f3n muy despacio<\/title>\n<meta name=\"description\" content=\"Es importante que se introduzca la filosof\u00eda en los programas educativos, principalmente en la adolescencia. Los planes de estudio...\" \/>\n<meta name=\"robots\" content=\"index, follow, max-snippet:-1, max-image-preview:large, max-video-preview:-1\" \/>\n<link rel=\"canonical\" href=\"https:\/\/webdelmaestrocmf.com\/portal\/la-sociedad-cambia-rapido-la-educacion-despacio\/\" \/>\n<meta property=\"og:locale\" content=\"es_ES\" \/>\n<meta property=\"og:type\" content=\"article\" \/>\n<meta property=\"og:title\" content=\"Michael Francis Atiyah: La sociedad cambia muy r\u00e1pido y la educaci\u00f3n muy despacio\" \/>\n<meta property=\"og:description\" content=\"Es importante que se introduzca la filosof\u00eda en los programas educativos, principalmente en la adolescencia. Los planes de estudio...\" \/>\n<meta property=\"og:url\" content=\"https:\/\/webdelmaestrocmf.com\/portal\/la-sociedad-cambia-rapido-la-educacion-despacio\/\" \/>\n<meta property=\"og:site_name\" content=\"Web del Maestro CMF\" \/>\n<meta property=\"article:publisher\" content=\"https:\/\/www.facebook.com\/WebdelMaestroCMF\/\" \/>\n<meta property=\"article:author\" content=\"https:\/\/www.facebook.com\/WebdelMaestroCMF\/\" \/>\n<meta property=\"article:published_time\" content=\"2018-08-17T00:40:21+00:00\" \/>\n<meta property=\"article:modified_time\" content=\"2023-09-01T23:47:43+00:00\" \/>\n<meta property=\"og:image\" content=\"https:\/\/i0.wp.com\/webdelmaestrocmf.com\/portal\/wp-content\/uploads\/2018\/08\/A12B3C4D-70.jpg?fit=900%2C556&ssl=1\" \/>\n\t<meta property=\"og:image:width\" content=\"900\" \/>\n\t<meta property=\"og:image:height\" content=\"556\" \/>\n\t<meta property=\"og:image:type\" content=\"image\/jpeg\" \/>\n<meta name=\"author\" content=\"Web del Maestro CMF\" \/>\n<meta name=\"twitter:card\" content=\"summary_large_image\" \/>\n<meta name=\"twitter:creator\" content=\"@cmf_w\" \/>\n<meta name=\"twitter:site\" content=\"@cmf_w\" \/>\n<script type=\"application\/ld+json\" class=\"yoast-schema-graph\">{\"@context\":\"https:\\\/\\\/schema.org\",\"@graph\":[{\"@type\":\"ScholarlyArticle\",\"@id\":\"https:\\\/\\\/webdelmaestrocmf.com\\\/portal\\\/la-sociedad-cambia-rapido-la-educacion-despacio\\\/#article\",\"isPartOf\":{\"@id\":\"https:\\\/\\\/webdelmaestrocmf.com\\\/portal\\\/la-sociedad-cambia-rapido-la-educacion-despacio\\\/\"},\"author\":{\"name\":\"Web del Maestro CMF\",\"@id\":\"https:\\\/\\\/webdelmaestrocmf.com\\\/portal\\\/#\\\/schema\\\/person\\\/ebc57e23d318c9c4270c6f41367015b5\"},\"headline\":\"Michael Francis Atiyah: La sociedad cambia muy r\u00e1pido y la educaci\u00f3n muy despacio\",\"datePublished\":\"2018-08-17T00:40:21+00:00\",\"dateModified\":\"2023-09-01T23:47:43+00:00\",\"mainEntityOfPage\":{\"@id\":\"https:\\\/\\\/webdelmaestrocmf.com\\\/portal\\\/la-sociedad-cambia-rapido-la-educacion-despacio\\\/\"},\"wordCount\":994,\"commentCount\":0,\"publisher\":{\"@id\":\"https:\\\/\\\/webdelmaestrocmf.com\\\/portal\\\/#organization\"},\"image\":{\"@id\":\"https:\\\/\\\/webdelmaestrocmf.com\\\/portal\\\/la-sociedad-cambia-rapido-la-educacion-despacio\\\/#primaryimage\"},\"thumbnailUrl\":\"https:\\\/\\\/webdelmaestrocmf.com\\\/portal\\\/wp-content\\\/uploads\\\/2018\\\/08\\\/A12B3C4D-70.jpg\",\"keywords\":[\"cambia\",\"DESPACIO\",\"EDUCACI\u00d3N\",\"Michael Atiyah\",\"Michael Francis Atiyah\",\"R\u00c1PIDO\",\"sociedad\"],\"articleSection\":[\"Entrevistas\",\"Noticias\"],\"inLanguage\":\"es\",\"potentialAction\":[{\"@type\":\"CommentAction\",\"name\":\"Comment\",\"target\":[\"https:\\\/\\\/webdelmaestrocmf.com\\\/portal\\\/la-sociedad-cambia-rapido-la-educacion-despacio\\\/#respond\"]}]},{\"@type\":\"WebPage\",\"@id\":\"https:\\\/\\\/webdelmaestrocmf.com\\\/portal\\\/la-sociedad-cambia-rapido-la-educacion-despacio\\\/\",\"url\":\"https:\\\/\\\/webdelmaestrocmf.com\\\/portal\\\/la-sociedad-cambia-rapido-la-educacion-despacio\\\/\",\"name\":\"Michael Francis Atiyah: La sociedad cambia muy r\u00e1pido y la educaci\u00f3n muy despacio\",\"isPartOf\":{\"@id\":\"https:\\\/\\\/webdelmaestrocmf.com\\\/portal\\\/#website\"},\"primaryImageOfPage\":{\"@id\":\"https:\\\/\\\/webdelmaestrocmf.com\\\/portal\\\/la-sociedad-cambia-rapido-la-educacion-despacio\\\/#primaryimage\"},\"image\":{\"@id\":\"https:\\\/\\\/webdelmaestrocmf.com\\\/portal\\\/la-sociedad-cambia-rapido-la-educacion-despacio\\\/#primaryimage\"},\"thumbnailUrl\":\"https:\\\/\\\/webdelmaestrocmf.com\\\/portal\\\/wp-content\\\/uploads\\\/2018\\\/08\\\/A12B3C4D-70.jpg\",\"datePublished\":\"2018-08-17T00:40:21+00:00\",\"dateModified\":\"2023-09-01T23:47:43+00:00\",\"description\":\"Es importante que se introduzca la filosof\u00eda en los programas educativos, principalmente en la adolescencia. Los planes de estudio...\",\"breadcrumb\":{\"@id\":\"https:\\\/\\\/webdelmaestrocmf.com\\\/portal\\\/la-sociedad-cambia-rapido-la-educacion-despacio\\\/#breadcrumb\"},\"inLanguage\":\"es\",\"potentialAction\":[{\"@type\":\"ReadAction\",\"target\":[\"https:\\\/\\\/webdelmaestrocmf.com\\\/portal\\\/la-sociedad-cambia-rapido-la-educacion-despacio\\\/\"]}]},{\"@type\":\"ImageObject\",\"inLanguage\":\"es\",\"@id\":\"https:\\\/\\\/webdelmaestrocmf.com\\\/portal\\\/la-sociedad-cambia-rapido-la-educacion-despacio\\\/#primaryimage\",\"url\":\"https:\\\/\\\/webdelmaestrocmf.com\\\/portal\\\/wp-content\\\/uploads\\\/2018\\\/08\\\/A12B3C4D-70.jpg\",\"contentUrl\":\"https:\\\/\\\/webdelmaestrocmf.com\\\/portal\\\/wp-content\\\/uploads\\\/2018\\\/08\\\/A12B3C4D-70.jpg\",\"width\":900,\"height\":556,\"caption\":\"MICHAEL FRANCIS ATIYAH\"},{\"@type\":\"BreadcrumbList\",\"@id\":\"https:\\\/\\\/webdelmaestrocmf.com\\\/portal\\\/la-sociedad-cambia-rapido-la-educacion-despacio\\\/#breadcrumb\",\"itemListElement\":[{\"@type\":\"ListItem\",\"position\":1,\"name\":\"Portada\",\"item\":\"https:\\\/\\\/webdelmaestrocmf.com\\\/portal\\\/\"},{\"@type\":\"ListItem\",\"position\":2,\"name\":\"Noticias\",\"item\":\"https:\\\/\\\/webdelmaestrocmf.com\\\/portal\\\/category\\\/noticias\\\/\"},{\"@type\":\"ListItem\",\"position\":3,\"name\":\"Michael Francis Atiyah: La sociedad cambia muy r\u00e1pido y la educaci\u00f3n muy despacio\"}]},{\"@type\":\"WebSite\",\"@id\":\"https:\\\/\\\/webdelmaestrocmf.com\\\/portal\\\/#website\",\"url\":\"https:\\\/\\\/webdelmaestrocmf.com\\\/portal\\\/\",\"name\":\"Web del Maestro CMF\",\"description\":\"Maestros al servicio de la educaci\u00f3n\",\"publisher\":{\"@id\":\"https:\\\/\\\/webdelmaestrocmf.com\\\/portal\\\/#organization\"},\"alternateName\":\"WMCMF\",\"potentialAction\":[{\"@type\":\"SearchAction\",\"target\":{\"@type\":\"EntryPoint\",\"urlTemplate\":\"https:\\\/\\\/webdelmaestrocmf.com\\\/portal\\\/?s={search_term_string}\"},\"query-input\":{\"@type\":\"PropertyValueSpecification\",\"valueRequired\":true,\"valueName\":\"search_term_string\"}}],\"inLanguage\":\"es\"},{\"@type\":\"Organization\",\"@id\":\"https:\\\/\\\/webdelmaestrocmf.com\\\/portal\\\/#organization\",\"name\":\"Web del Maestro CMF\",\"alternateName\":\"WMCMF\",\"url\":\"https:\\\/\\\/webdelmaestrocmf.com\\\/portal\\\/\",\"logo\":{\"@type\":\"ImageObject\",\"inLanguage\":\"es\",\"@id\":\"https:\\\/\\\/webdelmaestrocmf.com\\\/portal\\\/#\\\/schema\\\/logo\\\/image\\\/\",\"url\":\"https:\\\/\\\/webdelmaestrocmf.com\\\/portal\\\/wp-content\\\/uploads\\\/2023\\\/01\\\/logo-wmcmf-2.png\",\"contentUrl\":\"https:\\\/\\\/webdelmaestrocmf.com\\\/portal\\\/wp-content\\\/uploads\\\/2023\\\/01\\\/logo-wmcmf-2.png\",\"width\":200,\"height\":60,\"caption\":\"Web del Maestro CMF\"},\"image\":{\"@id\":\"https:\\\/\\\/webdelmaestrocmf.com\\\/portal\\\/#\\\/schema\\\/logo\\\/image\\\/\"},\"sameAs\":[\"https:\\\/\\\/www.facebook.com\\\/WebdelMaestroCMF\\\/\",\"https:\\\/\\\/x.com\\\/cmf_w\",\"https:\\\/\\\/www.pinterest.com\\\/WMCMF\\\/\",\"https:\\\/\\\/www.linkedin.com\\\/company\\\/web-del-maestro-cmf\\\/\",\"https:\\\/\\\/www.instagram.com\\\/wmcmf\\\/\",\"https:\\\/\\\/www.youtube.com\\\/channel\\\/UCDPSvjbdodE5sHnC3OxutHw\",\"https:\\\/\\\/mastodon.social\\\/@wmcmf\",\"https:\\\/\\\/www.tiktok.com\\\/@webdelmaestrocmf\"]},{\"@type\":\"Person\",\"@id\":\"https:\\\/\\\/webdelmaestrocmf.com\\\/portal\\\/#\\\/schema\\\/person\\\/ebc57e23d318c9c4270c6f41367015b5\",\"name\":\"Web del Maestro CMF\",\"image\":{\"@type\":\"ImageObject\",\"inLanguage\":\"es\",\"@id\":\"https:\\\/\\\/secure.gravatar.com\\\/avatar\\\/718b2df46e711f63dc8c16a160d16cc0104e961fe3c231eaaed2426975fc5e2d?s=96&d=mm&r=g\",\"url\":\"https:\\\/\\\/secure.gravatar.com\\\/avatar\\\/718b2df46e711f63dc8c16a160d16cc0104e961fe3c231eaaed2426975fc5e2d?s=96&d=mm&r=g\",\"contentUrl\":\"https:\\\/\\\/secure.gravatar.com\\\/avatar\\\/718b2df46e711f63dc8c16a160d16cc0104e961fe3c231eaaed2426975fc5e2d?s=96&d=mm&r=g\",\"caption\":\"Web del Maestro CMF\"},\"description\":\"Esta Web se cre\u00f3 sin fines de lucro, con fines educativos, cient\u00edficos y acad\u00e9micos, para personas que tengan dificultades y\\\/o inconvenientes en visualizar el material original. El objetivo es entregar recursos, compartir experiencias y materiales que ayuden a los padres de familia, maestros y estudiantes en su actualizaci\u00f3n y formaci\u00f3n permanente, en bien de la Educaci\u00f3n.\",\"sameAs\":[\"http:\\\/\\\/webdelmaestrocmf.com\\\/portal\",\"https:\\\/\\\/www.facebook.com\\\/WebdelMaestroCMF\\\/\",\"https:\\\/\\\/www.instagram.com\\\/wmcmf\\\/\",\"https:\\\/\\\/cl.linkedin.com\\\/company\\\/web-del-maestro-cmf\",\"https:\\\/\\\/www.pinterest.com\\\/WMCMF\\\/publicaciones\\\/\",\"https:\\\/\\\/x.com\\\/cmf_w\",\"https:\\\/\\\/www.youtube.com\\\/@WMCMF\"]}]}<\/script>\n<!-- \/ Yoast SEO plugin. -->","yoast_head_json":{"title":"Michael Francis Atiyah: La sociedad cambia muy r\u00e1pido y la educaci\u00f3n muy despacio","description":"Es importante que se introduzca la filosof\u00eda en los programas educativos, principalmente en la adolescencia. Los planes de estudio...","robots":{"index":"index","follow":"follow","max-snippet":"max-snippet:-1","max-image-preview":"max-image-preview:large","max-video-preview":"max-video-preview:-1"},"canonical":"https:\/\/webdelmaestrocmf.com\/portal\/la-sociedad-cambia-rapido-la-educacion-despacio\/","og_locale":"es_ES","og_type":"article","og_title":"Michael Francis Atiyah: La sociedad cambia muy r\u00e1pido y la educaci\u00f3n muy despacio","og_description":"Es importante que se introduzca la filosof\u00eda en los programas educativos, principalmente en la adolescencia. Los planes de estudio...","og_url":"https:\/\/webdelmaestrocmf.com\/portal\/la-sociedad-cambia-rapido-la-educacion-despacio\/","og_site_name":"Web del Maestro CMF","article_publisher":"https:\/\/www.facebook.com\/WebdelMaestroCMF\/","article_author":"https:\/\/www.facebook.com\/WebdelMaestroCMF\/","article_published_time":"2018-08-17T00:40:21+00:00","article_modified_time":"2023-09-01T23:47:43+00:00","og_image":[{"width":900,"height":556,"url":"https:\/\/i0.wp.com\/webdelmaestrocmf.com\/portal\/wp-content\/uploads\/2018\/08\/A12B3C4D-70.jpg?fit=900%2C556&ssl=1","type":"image\/jpeg"}],"author":"Web del Maestro CMF","twitter_card":"summary_large_image","twitter_creator":"@cmf_w","twitter_site":"@cmf_w","schema":{"@context":"https:\/\/schema.org","@graph":[{"@type":"ScholarlyArticle","@id":"https:\/\/webdelmaestrocmf.com\/portal\/la-sociedad-cambia-rapido-la-educacion-despacio\/#article","isPartOf":{"@id":"https:\/\/webdelmaestrocmf.com\/portal\/la-sociedad-cambia-rapido-la-educacion-despacio\/"},"author":{"name":"Web del Maestro CMF","@id":"https:\/\/webdelmaestrocmf.com\/portal\/#\/schema\/person\/ebc57e23d318c9c4270c6f41367015b5"},"headline":"Michael Francis Atiyah: La sociedad cambia muy r\u00e1pido y la educaci\u00f3n muy despacio","datePublished":"2018-08-17T00:40:21+00:00","dateModified":"2023-09-01T23:47:43+00:00","mainEntityOfPage":{"@id":"https:\/\/webdelmaestrocmf.com\/portal\/la-sociedad-cambia-rapido-la-educacion-despacio\/"},"wordCount":994,"commentCount":0,"publisher":{"@id":"https:\/\/webdelmaestrocmf.com\/portal\/#organization"},"image":{"@id":"https:\/\/webdelmaestrocmf.com\/portal\/la-sociedad-cambia-rapido-la-educacion-despacio\/#primaryimage"},"thumbnailUrl":"https:\/\/webdelmaestrocmf.com\/portal\/wp-content\/uploads\/2018\/08\/A12B3C4D-70.jpg","keywords":["cambia","DESPACIO","EDUCACI\u00d3N","Michael Atiyah","Michael Francis Atiyah","R\u00c1PIDO","sociedad"],"articleSection":["Entrevistas","Noticias"],"inLanguage":"es","potentialAction":[{"@type":"CommentAction","name":"Comment","target":["https:\/\/webdelmaestrocmf.com\/portal\/la-sociedad-cambia-rapido-la-educacion-despacio\/#respond"]}]},{"@type":"WebPage","@id":"https:\/\/webdelmaestrocmf.com\/portal\/la-sociedad-cambia-rapido-la-educacion-despacio\/","url":"https:\/\/webdelmaestrocmf.com\/portal\/la-sociedad-cambia-rapido-la-educacion-despacio\/","name":"Michael Francis Atiyah: La sociedad cambia muy r\u00e1pido y la educaci\u00f3n muy despacio","isPartOf":{"@id":"https:\/\/webdelmaestrocmf.com\/portal\/#website"},"primaryImageOfPage":{"@id":"https:\/\/webdelmaestrocmf.com\/portal\/la-sociedad-cambia-rapido-la-educacion-despacio\/#primaryimage"},"image":{"@id":"https:\/\/webdelmaestrocmf.com\/portal\/la-sociedad-cambia-rapido-la-educacion-despacio\/#primaryimage"},"thumbnailUrl":"https:\/\/webdelmaestrocmf.com\/portal\/wp-content\/uploads\/2018\/08\/A12B3C4D-70.jpg","datePublished":"2018-08-17T00:40:21+00:00","dateModified":"2023-09-01T23:47:43+00:00","description":"Es importante que se introduzca la filosof\u00eda en los programas educativos, principalmente en la adolescencia. Los planes de estudio...","breadcrumb":{"@id":"https:\/\/webdelmaestrocmf.com\/portal\/la-sociedad-cambia-rapido-la-educacion-despacio\/#breadcrumb"},"inLanguage":"es","potentialAction":[{"@type":"ReadAction","target":["https:\/\/webdelmaestrocmf.com\/portal\/la-sociedad-cambia-rapido-la-educacion-despacio\/"]}]},{"@type":"ImageObject","inLanguage":"es","@id":"https:\/\/webdelmaestrocmf.com\/portal\/la-sociedad-cambia-rapido-la-educacion-despacio\/#primaryimage","url":"https:\/\/webdelmaestrocmf.com\/portal\/wp-content\/uploads\/2018\/08\/A12B3C4D-70.jpg","contentUrl":"https:\/\/webdelmaestrocmf.com\/portal\/wp-content\/uploads\/2018\/08\/A12B3C4D-70.jpg","width":900,"height":556,"caption":"MICHAEL FRANCIS ATIYAH"},{"@type":"BreadcrumbList","@id":"https:\/\/webdelmaestrocmf.com\/portal\/la-sociedad-cambia-rapido-la-educacion-despacio\/#breadcrumb","itemListElement":[{"@type":"ListItem","position":1,"name":"Portada","item":"https:\/\/webdelmaestrocmf.com\/portal\/"},{"@type":"ListItem","position":2,"name":"Noticias","item":"https:\/\/webdelmaestrocmf.com\/portal\/category\/noticias\/"},{"@type":"ListItem","position":3,"name":"Michael Francis Atiyah: La sociedad cambia muy r\u00e1pido y la educaci\u00f3n muy despacio"}]},{"@type":"WebSite","@id":"https:\/\/webdelmaestrocmf.com\/portal\/#website","url":"https:\/\/webdelmaestrocmf.com\/portal\/","name":"Web del Maestro CMF","description":"Maestros al servicio de la educaci\u00f3n","publisher":{"@id":"https:\/\/webdelmaestrocmf.com\/portal\/#organization"},"alternateName":"WMCMF","potentialAction":[{"@type":"SearchAction","target":{"@type":"EntryPoint","urlTemplate":"https:\/\/webdelmaestrocmf.com\/portal\/?s={search_term_string}"},"query-input":{"@type":"PropertyValueSpecification","valueRequired":true,"valueName":"search_term_string"}}],"inLanguage":"es"},{"@type":"Organization","@id":"https:\/\/webdelmaestrocmf.com\/portal\/#organization","name":"Web del Maestro CMF","alternateName":"WMCMF","url":"https:\/\/webdelmaestrocmf.com\/portal\/","logo":{"@type":"ImageObject","inLanguage":"es","@id":"https:\/\/webdelmaestrocmf.com\/portal\/#\/schema\/logo\/image\/","url":"https:\/\/webdelmaestrocmf.com\/portal\/wp-content\/uploads\/2023\/01\/logo-wmcmf-2.png","contentUrl":"https:\/\/webdelmaestrocmf.com\/portal\/wp-content\/uploads\/2023\/01\/logo-wmcmf-2.png","width":200,"height":60,"caption":"Web del Maestro CMF"},"image":{"@id":"https:\/\/webdelmaestrocmf.com\/portal\/#\/schema\/logo\/image\/"},"sameAs":["https:\/\/www.facebook.com\/WebdelMaestroCMF\/","https:\/\/x.com\/cmf_w","https:\/\/www.pinterest.com\/WMCMF\/","https:\/\/www.linkedin.com\/company\/web-del-maestro-cmf\/","https:\/\/www.instagram.com\/wmcmf\/","https:\/\/www.youtube.com\/channel\/UCDPSvjbdodE5sHnC3OxutHw","https:\/\/mastodon.social\/@wmcmf","https:\/\/www.tiktok.com\/@webdelmaestrocmf"]},{"@type":"Person","@id":"https:\/\/webdelmaestrocmf.com\/portal\/#\/schema\/person\/ebc57e23d318c9c4270c6f41367015b5","name":"Web del Maestro CMF","image":{"@type":"ImageObject","inLanguage":"es","@id":"https:\/\/secure.gravatar.com\/avatar\/718b2df46e711f63dc8c16a160d16cc0104e961fe3c231eaaed2426975fc5e2d?s=96&d=mm&r=g","url":"https:\/\/secure.gravatar.com\/avatar\/718b2df46e711f63dc8c16a160d16cc0104e961fe3c231eaaed2426975fc5e2d?s=96&d=mm&r=g","contentUrl":"https:\/\/secure.gravatar.com\/avatar\/718b2df46e711f63dc8c16a160d16cc0104e961fe3c231eaaed2426975fc5e2d?s=96&d=mm&r=g","caption":"Web del Maestro CMF"},"description":"Esta Web se cre\u00f3 sin fines de lucro, con fines educativos, cient\u00edficos y acad\u00e9micos, para personas que tengan dificultades y\/o inconvenientes en visualizar el material original. El objetivo es entregar recursos, compartir experiencias y materiales que ayuden a los padres de familia, maestros y estudiantes en su actualizaci\u00f3n y formaci\u00f3n permanente, en bien de la Educaci\u00f3n.","sameAs":["http:\/\/webdelmaestrocmf.com\/portal","https:\/\/www.facebook.com\/WebdelMaestroCMF\/","https:\/\/www.instagram.com\/wmcmf\/","https:\/\/cl.linkedin.com\/company\/web-del-maestro-cmf","https:\/\/www.pinterest.com\/WMCMF\/publicaciones\/","https:\/\/x.com\/cmf_w","https:\/\/www.youtube.com\/@WMCMF"]}]}},"jetpack_featured_media_url":"https:\/\/webdelmaestrocmf.com\/portal\/wp-content\/uploads\/2018\/08\/A12B3C4D-70.jpg","jetpack_sharing_enabled":true,"jetpack-related-posts":[{"id":24689,"url":"https:\/\/webdelmaestrocmf.com\/portal\/los-estudiantes-fracasan-matematicas-tenerles-paciencia-estimularlos-otros-aspectos\/","url_meta":{"origin":24028,"position":0},"title":"Michael Atiyah: A los estudiantes que fracasan en matem\u00e1ticas hay que tenerles paciencia y estimularlos en otros aspectos","author":"Web del Maestro CMF","date":"31 octubre, 2023","format":false,"excerpt":"El matem\u00e1tico ingl\u00e9s Michael Francis Atiyah fue un especialista en la geometr\u00eda (Fallecimiento:\u00a011 de enero de 2019), con experiencia acad\u00e9mica en Oxford, Cambridge, Instituto de Estudios Avanzados (USA), Trinity College, Universidad de Leicester y profesor honorario en la Universidad de Edimburgo, opina que las matem\u00e1ticas deben su riqueza y diversidad,\u2026","rel":"","context":"En \u00abEntrevistas\u00bb","block_context":{"text":"Entrevistas","link":"https:\/\/webdelmaestrocmf.com\/portal\/category\/noticias\/entrevistas\/"},"img":{"alt_text":"Michael Francis Atiyah","src":"https:\/\/i0.wp.com\/webdelmaestrocmf.com\/portal\/wp-content\/uploads\/2018\/01\/A12B3C4D-58.jpg?resize=350%2C200&ssl=1","width":350,"height":200,"srcset":"https:\/\/i0.wp.com\/webdelmaestrocmf.com\/portal\/wp-content\/uploads\/2018\/01\/A12B3C4D-58.jpg?resize=350%2C200&ssl=1 1x, https:\/\/i0.wp.com\/webdelmaestrocmf.com\/portal\/wp-content\/uploads\/2018\/01\/A12B3C4D-58.jpg?resize=525%2C300&ssl=1 1.5x, https:\/\/i0.wp.com\/webdelmaestrocmf.com\/portal\/wp-content\/uploads\/2018\/01\/A12B3C4D-58.jpg?resize=700%2C400&ssl=1 2x"},"classes":[]},{"id":58919,"url":"https:\/\/webdelmaestrocmf.com\/portal\/michael-sandel-debemos-criar-ninos-que-tengan-un-sentido-de-gratitud-y-humildad-cuando-tengan-exito\/","url_meta":{"origin":24028,"position":1},"title":"Michael Sandel: Debemos criar ni\u00f1os que tengan un sentido de gratitud y humildad cuando tengan \u00e9xito","author":"Web del Maestro CMF","date":"5 febrero, 2021","format":false,"excerpt":"El profesor norteamericano Michael Sandel (1953), es profesor en la Facultad de Derecho de la Universidad de Harvard (USA), donde su curso Justice fue el primer curso de la universidad que estuvo disponible gratuitamente en l\u00ednea y en televisi\u00f3n. Ha sido visto por decenas de millones de personas en todo\u2026","rel":"","context":"En \u00abEntrevistas\u00bb","block_context":{"text":"Entrevistas","link":"https:\/\/webdelmaestrocmf.com\/portal\/category\/noticias\/entrevistas\/"},"img":{"alt_text":"","src":"https:\/\/i0.wp.com\/webdelmaestrocmf.com\/portal\/wp-content\/uploads\/2021\/02\/2-copia.jpg?resize=350%2C200&ssl=1","width":350,"height":200,"srcset":"https:\/\/i0.wp.com\/webdelmaestrocmf.com\/portal\/wp-content\/uploads\/2021\/02\/2-copia.jpg?resize=350%2C200&ssl=1 1x, https:\/\/i0.wp.com\/webdelmaestrocmf.com\/portal\/wp-content\/uploads\/2021\/02\/2-copia.jpg?resize=525%2C300&ssl=1 1.5x, https:\/\/i0.wp.com\/webdelmaestrocmf.com\/portal\/wp-content\/uploads\/2021\/02\/2-copia.jpg?resize=700%2C400&ssl=1 2x, https:\/\/i0.wp.com\/webdelmaestrocmf.com\/portal\/wp-content\/uploads\/2021\/02\/2-copia.jpg?resize=1050%2C600&ssl=1 3x"},"classes":[]},{"id":42372,"url":"https:\/\/webdelmaestrocmf.com\/portal\/michael-fullan-los-buenos-resultados-llegan-cuando-los-directores-promueven-la-colaboracion-el-modelo-vertical-no-funciona\/","url_meta":{"origin":24028,"position":2},"title":"Michael Fullan: Los buenos resultados llegan cuando los directores promueven la colaboraci\u00f3n. El modelo vertical no funciona","author":"Web del Maestro CMF","date":"25 julio, 2025","format":false,"excerpt":"Los buenos resultados surgen cuando los directores impulsan la colaboraci\u00f3n docente; el modelo vertical impuesto ha demostrado ser ineficaz.","rel":"","context":"En \u00abEntrevistas\u00bb","block_context":{"text":"Entrevistas","link":"https:\/\/webdelmaestrocmf.com\/portal\/category\/noticias\/entrevistas\/"},"img":{"alt_text":"","src":"https:\/\/i0.wp.com\/webdelmaestrocmf.com\/portal\/wp-content\/uploads\/2022\/08\/1A-Banner-1-portada-imagen-10-1-copia-5.webp?resize=350%2C200&ssl=1","width":350,"height":200,"srcset":"https:\/\/i0.wp.com\/webdelmaestrocmf.com\/portal\/wp-content\/uploads\/2022\/08\/1A-Banner-1-portada-imagen-10-1-copia-5.webp?resize=350%2C200&ssl=1 1x, https:\/\/i0.wp.com\/webdelmaestrocmf.com\/portal\/wp-content\/uploads\/2022\/08\/1A-Banner-1-portada-imagen-10-1-copia-5.webp?resize=525%2C300&ssl=1 1.5x, https:\/\/i0.wp.com\/webdelmaestrocmf.com\/portal\/wp-content\/uploads\/2022\/08\/1A-Banner-1-portada-imagen-10-1-copia-5.webp?resize=700%2C400&ssl=1 2x"},"classes":[]},{"id":18572,"url":"https:\/\/webdelmaestrocmf.com\/portal\/cambiar-la-forma-ensenar-modificar-planes-estudio\/","url_meta":{"origin":24028,"position":3},"title":"Michael Fullan: Hay que \u201ccambiar la forma de ense\u00f1ar\u201d antes de modificar planes de estudio","author":"Web del Maestro CMF","date":"11 mayo, 2019","format":false,"excerpt":"Michael Fullan naci\u00f3 en Toronto y poco a poco se fue adentrando en el mundo acad\u00e9mico como soci\u00f3logo. Desde 1988 hasta 2003 fue el Decano de la Facultad de Educaci\u00f3n de la Universidad de Toronto, llevando dos grandes transformaciones organizacionales, e incluyendo la fusi\u00f3n de dos grandes escuelas de la\u2026","rel":"","context":"En \u00abEntrevistas\u00bb","block_context":{"text":"Entrevistas","link":"https:\/\/webdelmaestrocmf.com\/portal\/category\/noticias\/entrevistas\/"},"img":{"alt_text":"","src":"https:\/\/i0.wp.com\/webdelmaestrocmf.com\/portal\/wp-content\/uploads\/2018\/05\/4-1.jpg?resize=350%2C200&ssl=1","width":350,"height":200,"srcset":"https:\/\/i0.wp.com\/webdelmaestrocmf.com\/portal\/wp-content\/uploads\/2018\/05\/4-1.jpg?resize=350%2C200&ssl=1 1x, https:\/\/i0.wp.com\/webdelmaestrocmf.com\/portal\/wp-content\/uploads\/2018\/05\/4-1.jpg?resize=525%2C300&ssl=1 1.5x, https:\/\/i0.wp.com\/webdelmaestrocmf.com\/portal\/wp-content\/uploads\/2018\/05\/4-1.jpg?resize=700%2C400&ssl=1 2x, https:\/\/i0.wp.com\/webdelmaestrocmf.com\/portal\/wp-content\/uploads\/2018\/05\/4-1.jpg?resize=1050%2C600&ssl=1 3x"},"classes":[]},{"id":13700,"url":"https:\/\/webdelmaestrocmf.com\/portal\/michael-apple-los-ninos-prefieren-jugar-angry-birds-leer\/","url_meta":{"origin":24028,"position":4},"title":"Michael Apple: Hemos conseguido que los ni\u00f1os odien leer","author":"Web del Maestro CMF","date":"4 diciembre, 2024","format":false,"excerpt":"El fil\u00f3sofo Michael W. Apple (1942) es un especialista en educaci\u00f3n, y un experto en la teor\u00eda curricular y la investigaci\u00f3n, la ense\u00f1anza fundamental, y el desarrollo de las escuelas democr\u00e1ticas. Es particularmente un estudioso cr\u00edtico de la teor\u00eda de Paulo Freire. Actualmente es profesor en la Universidad de Wisconsin-Madison\u2026","rel":"","context":"En \u00abEntrevistas\u00bb","block_context":{"text":"Entrevistas","link":"https:\/\/webdelmaestrocmf.com\/portal\/category\/noticias\/entrevistas\/"},"img":{"alt_text":"","src":"https:\/\/i0.wp.com\/webdelmaestrocmf.com\/portal\/wp-content\/uploads\/2019\/06\/Banner-1-portada-imagen-10-1.jpg?resize=350%2C200&ssl=1","width":350,"height":200,"srcset":"https:\/\/i0.wp.com\/webdelmaestrocmf.com\/portal\/wp-content\/uploads\/2019\/06\/Banner-1-portada-imagen-10-1.jpg?resize=350%2C200&ssl=1 1x, https:\/\/i0.wp.com\/webdelmaestrocmf.com\/portal\/wp-content\/uploads\/2019\/06\/Banner-1-portada-imagen-10-1.jpg?resize=525%2C300&ssl=1 1.5x, https:\/\/i0.wp.com\/webdelmaestrocmf.com\/portal\/wp-content\/uploads\/2019\/06\/Banner-1-portada-imagen-10-1.jpg?resize=700%2C400&ssl=1 2x"},"classes":[]},{"id":67769,"url":"https:\/\/webdelmaestrocmf.com\/portal\/estas-son-las-6-competencias-globales-para-el-aprendizaje-profundo-que-categoriza-el-exito-estudiantil-segun-michael-fullan\/","url_meta":{"origin":24028,"position":5},"title":"Estas son las 6 competencias globales para el Aprendizaje Profundo","author":"Web del Maestro CMF","date":"29 abril, 2023","format":false,"excerpt":"El pedagogo canadiense Michael Fullan (https:\/\/michaelfullan.ca), actual Director General del partenariado\u00a0New Pedagogies for Deep Learning que aglutina a m\u00e1s de 1300 centros educativos de 7 pa\u00edses, imparti\u00f3 la conferencia \u2018El cambio en el sistema educativo: consideraciones a nivel local, regional y central\u2019 en el Sal\u00f3n de Plenos del Consejo Escolar\u2026","rel":"","context":"En \u00abAprendizaje Profundo\u00bb","block_context":{"text":"Aprendizaje Profundo","link":"https:\/\/webdelmaestrocmf.com\/portal\/category\/pedagogia\/aprendizaje-profundo\/"},"img":{"alt_text":"","src":"https:\/\/i0.wp.com\/webdelmaestrocmf.com\/portal\/wp-content\/uploads\/2021\/09\/1-64.jpg?resize=350%2C200&ssl=1","width":350,"height":200,"srcset":"https:\/\/i0.wp.com\/webdelmaestrocmf.com\/portal\/wp-content\/uploads\/2021\/09\/1-64.jpg?resize=350%2C200&ssl=1 1x, https:\/\/i0.wp.com\/webdelmaestrocmf.com\/portal\/wp-content\/uploads\/2021\/09\/1-64.jpg?resize=525%2C300&ssl=1 1.5x, https:\/\/i0.wp.com\/webdelmaestrocmf.com\/portal\/wp-content\/uploads\/2021\/09\/1-64.jpg?resize=700%2C400&ssl=1 2x, https:\/\/i0.wp.com\/webdelmaestrocmf.com\/portal\/wp-content\/uploads\/2021\/09\/1-64.jpg?resize=1050%2C600&ssl=1 3x"},"classes":[]}],"_links":{"self":[{"href":"https:\/\/webdelmaestrocmf.com\/portal\/wp-json\/wp\/v2\/posts\/24028","targetHints":{"allow":["GET"]}}],"collection":[{"href":"https:\/\/webdelmaestrocmf.com\/portal\/wp-json\/wp\/v2\/posts"}],"about":[{"href":"https:\/\/webdelmaestrocmf.com\/portal\/wp-json\/wp\/v2\/types\/post"}],"author":[{"embeddable":true,"href":"https:\/\/webdelmaestrocmf.com\/portal\/wp-json\/wp\/v2\/users\/2"}],"replies":[{"embeddable":true,"href":"https:\/\/webdelmaestrocmf.com\/portal\/wp-json\/wp\/v2\/comments?post=24028"}],"version-history":[{"count":0,"href":"https:\/\/webdelmaestrocmf.com\/portal\/wp-json\/wp\/v2\/posts\/24028\/revisions"}],"wp:featuredmedia":[{"embeddable":true,"href":"https:\/\/webdelmaestrocmf.com\/portal\/wp-json\/wp\/v2\/media\/93769"}],"wp:attachment":[{"href":"https:\/\/webdelmaestrocmf.com\/portal\/wp-json\/wp\/v2\/media?parent=24028"}],"wp:term":[{"taxonomy":"category","embeddable":true,"href":"https:\/\/webdelmaestrocmf.com\/portal\/wp-json\/wp\/v2\/categories?post=24028"},{"taxonomy":"post_tag","embeddable":true,"href":"https:\/\/webdelmaestrocmf.com\/portal\/wp-json\/wp\/v2\/tags?post=24028"}],"curies":[{"name":"wp","href":"https:\/\/api.w.org\/{rel}","templated":true}]}}