{"id":23820,"date":"2017-11-24T15:24:56","date_gmt":"2017-11-24T18:24:56","guid":{"rendered":"http:\/\/webdelmaestrocmf.com\/portal\/?p=23820"},"modified":"2023-05-04T23:36:31","modified_gmt":"2023-05-05T03:36:31","slug":"victor-rawlins-sintomatologia-del-docente-toxico","status":"publish","type":"post","link":"https:\/\/webdelmaestrocmf.com\/portal\/victor-rawlins-sintomatologia-del-docente-toxico\/","title":{"rendered":"[V\u00edctor Rawlins]  Sintomatolog\u00eda del docente t\u00f3xico"},"content":{"rendered":"<h5 style=\"text-align: justify;\">Desde que el escritor, psic\u00f3logo y pastor bautista, Bernardo Stamateas populariz\u00f3 el t\u00e9rmino \u201ct\u00f3xico\u201d, aplicado a personas y relaciones sociales que impactan negativamente nuestra salud emocional, el mismo se ha extendido a otras \u00e1reas. Es entonces cuando, como un coro, escuchamos nuevas f\u00f3rmulas: \u201cpareja t\u00f3xica\u201d, \u201camistades t\u00f3xicas\u201d, \u201cfamilias t\u00f3xicas\u201d.<\/h5>\n<p><!--more--><\/p>\n<p style=\"text-align: justify;\">El t\u00e9rmino t\u00f3xico, pese a lo crudo que suena, busca advertir del peligro de dejarse influir de individuos, emociones y situaciones que atentan contra nuestro equilibrio emocional. De la misma forma que nos cuidamos de elementos que puedan afectar nuestra salud; el planteamiento de Stamateas es cuidar nuestro ser de aquellas emociones negativas (tanto propias como ajenas) que afecten nuestra salud mental y emocional.<\/p>\n<p style=\"text-align: justify;\">Perm\u00edtame, a partir de ahora, el extrapolar lo antes expuesto al campo de la educaci\u00f3n especialmente aquello que titula la presente. Pero antes, quiero aclarar el t\u00edtulo. Se conoce como \u201csintomatolog\u00eda\u201d al \u201cConjunto de s\u00edntomas que son caracter\u00edsticos de una enfermedad determinada o que se presentan en un enfermo\u201d. Dichos s\u00edntomas pueden ser determinados a partir de la observaci\u00f3n cuidadosa de algunas caracter\u00edsticas relacionadas con el parecimiento. En este caso, la persona objeto de estudio ser\u00eda el \/ el docente t\u00f3xico(s).<\/p>\n<p style=\"text-align: justify;\">\u00bfQu\u00e9 es un docente t\u00f3xico? \u00bflos hay? Son 2 preguntas que vienen en este momento. Es tendencia natural el rechazar lo negativo que tenemos o nos puede afectar directamente. En el caso nuestro, como docentes, vivimos atados a una imagen social de cuasi perfecci\u00f3n. Nos resistimos presentarnos como falibles. Afirmar que existen docentes con aptitudes t\u00f3xicas (que deber\u00eda ser el termino correcto) desaf\u00eda el pensar de s\u00ed mismos de muchos colegas. Todos, en un momento u otro, hemos manifestado aptitudes toxicas en nuestras aulas. Es por eso que debemos estar atentos a las se\u00f1ales y as\u00ed hacer frente a las mismas.<\/p>\n<h5 style=\"text-align: justify;\">Lo que intoxica al docente<\/h5>\n<p style=\"text-align: justify;\">Tengamos en cuenta algo: \u00a1ning\u00fan profesor desea ser t\u00f3xico! \u00a1Ninguna universidad o instituto de formaci\u00f3n docente lo form\u00f3 as\u00ed! existen muchos factores, en el ejercicio de la docencia, que pueden llevarnos adquirir aptitudes t\u00f3xicas que al final reflejaremos en nuestros alumnos. En otras palabras, \u201cpodemos intoxicarnos progresiva y, a veces, imperceptiblemente en el ejercicio de nuestra vocaci\u00f3n\u201d. Ser\u00eda como una fuente que se contamina y, por seguir fluyendo, lleva la contaminaci\u00f3n a otros sitios. Es por eso por lo que debemos tener cuidado. Un docente intoxicado puede, quiera o no, transmitir el veneno a sus discentes.<\/p>\n<p style=\"text-align: justify;\">Entre los factores que tienden a intoxicar a un profesor o profesora, podemos mencionar los siguientes:<\/p>\n<ul style=\"text-align: justify;\">\n<li>Problemas personales no resueltos<\/li>\n<li>Contexto social no favorable.<\/li>\n<li>Salud precaria<\/li>\n<li>Baja autoestima<\/li>\n<li>Desmotivaci\u00f3n<\/li>\n<li>P\u00e9rdida de sentido por lo que hace.<\/li>\n<li>Conflictos familiares<\/li>\n<li>Inmadurez emocional<\/li>\n<li>Crisis econ\u00f3micas<\/li>\n<li>Estr\u00e9s no procesado<\/li>\n<li>Supervisores sobre exigentes y faltos de tacto<\/li>\n<li>Padres con aptitudes t\u00f3xicas (desafiantes, amenazadores, etc.)<\/li>\n<\/ul>\n<p style=\"text-align: justify;\">Cuando las anteriores convergen, se produce una crisis personal que afecta el hacer del docente afectado. No s\u00e9 su caso. Pero he escuchado en talleres y cursos la siguiente frase: \u201cel profesor deja los problemas en la casa y viene a trabajar con una sonrisa\u201d. Lamentablemente no es tan sencillo. Muchos de esos problemas se resisten quedar en la casa y siguen al educador al trabajo.<\/p>\n<h5 style=\"text-align: justify;\">S\u00edntomas del Docente con aptitud t\u00f3xica<\/h5>\n<p style=\"text-align: justify;\">Es bueno que nos autoevaluemos. Ning\u00fan docente esta ajeno de manifestar alguna aptitud que afecte a sus estudiantes y compa\u00f1eros. Pare eso, pienso, debemos romper la idea de que somos infalibles. Reconocer que existen en nosotros sentires y acciones que nos limitan. Atrevernos identificarlos y trabajar para la soluci\u00f3n de estos.<\/p>\n<p style=\"text-align: justify;\">Como en la medicina, es importante el que conozcamos algunos s\u00edntomas que se manifiestan y determinan si nuestra pr\u00e1ctica docente esta intoxicada. Las caracter\u00edsticas de un docente con aptitud t\u00f3xica, seg\u00fan lo que he visto (y vivido), ser\u00edan las siguientes:<\/p>\n<h5 style=\"text-align: justify;\">Ant\u00eddotos contra la toxicidad<\/h5>\n<p style=\"text-align: justify;\">Ya conociendo los s\u00edntomas manifiestos de un docente con aptitudes t\u00f3xicas; es menester el aportar algunas sugerencias para contrarrestarlos. Cabe destacar que de nada valdr\u00eda lo que se diga si la persona no est\u00e1 convencida de la necesidad de cambiar. Lamentablemente algunos han hecho de su toxicidad su estilo de vida y no sabr\u00edan c\u00f3mo ser y hacer sin el mismo.<\/p>\n<h5 style=\"text-align: justify;\">En conclusi\u00f3n<\/h5>\n<p style=\"text-align: justify;\">La actividad docente es de las mejores actividades profesionales existentes. S\u00f3lo comparable a la medicina y arquitectura (para mi). El sanar corazones y construir conocimientos es un acto que nos distingue. El maestro y la maestra somos responsables de la salud emocional de la naci\u00f3n (y en no pocos casos hasta espiritual). Es por eso que debe ser prioritario el que nuestros docentes est\u00e9n sanos tanto f\u00edsica, mental y emocionalmente. La calidad de vida del docente y la docente inciden significativamente en la calidad de la ense\u00f1anza y el aprendizaje de nuestros alumnos.<\/p>\n<p style=\"text-align: justify;\">Est\u00e1 en nosotros el constantemente mantenernos alerta ante situaciones que puedan afectarnos negativamente y como resultado afectemos nuestra pr\u00e1ctica y a nuestros estudiantes.<\/p>\n<p style=\"text-align: justify;\"><strong>NOTA DE REDACCI\u00d3N:<\/strong> La Web del Maestro CMF publica los textos originales de su autor, no necesariamente coincide con lo expuesto en el tema, y no se hace responsable de las opiniones expresadas, y no promociona ning\u00fan producto, servicio, marca o empresa. Sugerimos a nuestros lectores conocer la identidad de la fuente o de su autor, para tener mayores elementos de juicio y la pertinencia a su realidad educativa.<\/p>\n<table border=\"0\" width=\"100%\" cellspacing=\"10\" cellpadding=\"10\">\n<tbody>\n<tr>\n<td width=\"30%\">\n<p style=\"text-align: center;\"><img loading=\"lazy\" decoding=\"async\" class=\"size-full wp-image-63202 aligncenter\" src=\"https:\/\/webdelmaestrocmf.com\/portal\/wp-content\/uploads\/2021\/05\/1-copia-27.jpg\" alt=\"\" width=\"200\" height=\"200\" srcset=\"https:\/\/webdelmaestrocmf.com\/portal\/wp-content\/uploads\/2021\/05\/1-copia-27.jpg 200w, https:\/\/webdelmaestrocmf.com\/portal\/wp-content\/uploads\/2021\/05\/1-copia-27-150x150.jpg 150w, https:\/\/webdelmaestrocmf.com\/portal\/wp-content\/uploads\/2021\/05\/1-copia-27-80x80.jpg 80w, https:\/\/webdelmaestrocmf.com\/portal\/wp-content\/uploads\/2021\/05\/1-copia-27-110x110.jpg 110w, https:\/\/webdelmaestrocmf.com\/portal\/wp-content\/uploads\/2021\/05\/1-copia-27-160x160.jpg 160w\" sizes=\"auto, (max-width: 200px) 100vw, 200px\" \/><br \/>\n<strong>Autor:<\/strong> V\u00edctor Manuel Betemi Rawlins , ciudadano dominicano, nacido en Rep\u00fablica Dominicana.<br \/>\n<strong>Experiencia laboral: Lic. en Educaci\u00f3n Primaria.<\/strong> Diplomados en Psicolog\u00eda, Neurociencia, Gesti\u00f3n Educativa, Competencias Educativas y Ciencias Sociales Aplicadas. Cursos de postgrado en gesti\u00f3n, proyectos e innovaci\u00f3n. Maestr\u00eda en Tecnolog\u00eda Educativa. 16 a\u00f1os de experiencia docente y 3 a\u00f1os como t\u00e9cnico docente del Ministerio de Educaci\u00f3n de Rep\u00fablica Dominicana. 4 a\u00f1os como catedr\u00e1tico universitario; autor de art\u00edculos sobre gesti\u00f3n, liderazgo escolar e innovaci\u00f3n educativa. Tallerista y conferencista en congresos y talleres en temas de neurogesti\u00f3n y liderazgo escolar.<br \/>\n<strong>Correo electr\u00f3nico:<\/strong> <a href=\"mailto:v.m.betemi11@gmail.com\">v.m.betemi11@gmail.com<\/a><br \/>\n<strong>Cuenta de twitter:<\/strong> <a href=\"https:\/\/twitter.com\/VMRAWLINS\" target=\"_blank\" rel=\"noopener noreferrer\">@VMRAWLINS<\/a><a href=\"mailto:achapa01@hotmail.com\" target=\"_blank\" rel=\"noopener noreferrer\"><br \/>\n<\/a><\/p>\n<\/td>\n<\/tr>\n<\/tbody>\n<\/table>\n\t\t<div class=\"pk-inline-posts\">\n\t\t\t\n\t\t\t<div class=\"pk-inline-posts-container pk-inline-posts-template-list\"\n\t\t\t\tdata-columns=\"1\">\n\t\t\t\t\t\t<article id=\"post-106050\" class=\"post-106050 post type-post status-publish format-standard has-post-thumbnail category-z-colaborador-victor-rawlins category-colaborador tag-3ra tag-aprendizaje tag-escuela tag-ia tag-integracion tag-l-proceso tag-victor-manuel-betemi cs-entry cs-video-wrap\">\n\t\t\t<div class=\"pk-post-outer\">\n\n\t\t\t\t\t\t\t\t<div class=\"pk-post-inner\">\n\t\t\t\t\t<div class=\"entry-thumbnail\">\n\t\t\t\t\t\t<div class=\"pk-overlay pk-overlay-ratio pk-ratio-landscape\">\n\t\t\t\t\t\t\t<div class=\"pk-overlay-background\">\n\t\t\t\t\t\t\t\t<a href=\"https:\/\/webdelmaestrocmf.com\/portal\/victor-manuel-betemi-la-3ra-escuela-la-integracion-de-la-ia-en-el-proceso-de-aprendizaje\/\" class=\"pk-overlay-link\">\n\t\t\t\t\t\t\t\t\t<img loading=\"lazy\" decoding=\"async\" width=\"300\" height=\"225\" src=\"https:\/\/webdelmaestrocmf.com\/portal\/wp-content\/uploads\/2024\/06\/Banner-1-portada-imagen-10-1-2024-06-20T173133.916-300x225.jpg\" class=\"attachment-pk-thumbnail size-pk-thumbnail wp-post-image\" alt=\"\" \/>\t\t\t\t\t\t\t\t<\/a>\n\t\t\t\t\t\t\t<\/div>\n\t\t\t\t\t\t<\/div>\n\t\t\t\t\t<\/div>\n\t\t\t\t<\/div>\n\t\t\t\t\n\t\t\t\t<div class=\"pk-post-inner\">\n\t\t\t\t\t<header>\n\t\t\t\t\t\t<h3 class=\"pk-title\"><a href=\"https:\/\/webdelmaestrocmf.com\/portal\/victor-manuel-betemi-la-3ra-escuela-la-integracion-de-la-ia-en-el-proceso-de-aprendizaje\/\" rel=\"bookmark\">[V\u00edctor Manuel Betemi] La 3ra. Escuela. La integraci\u00f3n de la IA en el proceso de aprendizaje<\/a><\/h3>\t\t\t\t\t<\/header><!-- .entry-header -->\n\t\t\t\t<\/div><!-- .post-inner -->\n\n\t\t\t<\/div><!-- .post-outer -->\n\t\t<\/article>\n\t\t\t\t<\/div>\n\t\t<\/div>\n\t\t\n","protected":false},"excerpt":{"rendered":"Desde que el escritor, psic\u00f3logo y pastor bautista, Bernardo Stamateas populariz\u00f3 el t\u00e9rmino \u201ct\u00f3xico\u201d, aplicado a personas y&hellip;","protected":false},"author":1,"featured_media":86843,"comment_status":"open","ping_status":"closed","sticky":false,"template":"","format":"standard","meta":{"csco_display_header_overlay":false,"csco_singular_sidebar":"default","csco_page_header_type":"default","csco_page_load_nextpost":"default","csco_post_video_location":[],"csco_post_video_location_hash":"","csco_post_video_url":"","csco_post_video_bg_start_time":0,"csco_post_video_bg_end_time":0,"csco_post_video_bg_volume":false,"_jetpack_memberships_contains_paid_content":false,"footnotes":""},"categories":[2425,1790],"tags":[52,3056,3057,2426],"class_list":{"0":"post-23820","1":"post","2":"type-post","3":"status-publish","4":"format-standard","5":"has-post-thumbnail","7":"category-z-colaborador-victor-rawlins","8":"category-colaborador","9":"tag-docente","10":"tag-sintomatologia","11":"tag-toxico","12":"tag-victor-rawlins","13":"cs-entry","14":"cs-video-wrap"},"yoast_head":"<!-- This site is optimized with the Yoast SEO plugin v27.5 - https:\/\/yoast.com\/product\/yoast-seo-wordpress\/ -->\n<title>[V\u00edctor Rawlins] Sintomatolog\u00eda del docente t\u00f3xico<\/title>\n<meta name=\"description\" content=\"Desde que el escritor, psic\u00f3logo y pastor bautista, Bernardo Stamateas populariz\u00f3 el t\u00e9rmino \u201ct\u00f3xico\u201d, aplicado a personas...\" \/>\n<meta name=\"robots\" content=\"index, follow, max-snippet:-1, max-image-preview:large, max-video-preview:-1\" \/>\n<link rel=\"canonical\" href=\"https:\/\/webdelmaestrocmf.com\/portal\/victor-rawlins-sintomatologia-del-docente-toxico\/\" \/>\n<meta property=\"og:locale\" content=\"es_ES\" \/>\n<meta property=\"og:type\" content=\"article\" \/>\n<meta property=\"og:title\" content=\"[V\u00edctor Rawlins] Sintomatolog\u00eda del docente t\u00f3xico\" \/>\n<meta property=\"og:description\" content=\"Desde que el escritor, psic\u00f3logo y pastor bautista, Bernardo Stamateas populariz\u00f3 el t\u00e9rmino \u201ct\u00f3xico\u201d, aplicado a personas...\" \/>\n<meta property=\"og:url\" content=\"https:\/\/webdelmaestrocmf.com\/portal\/victor-rawlins-sintomatologia-del-docente-toxico\/\" \/>\n<meta property=\"og:site_name\" content=\"Web del Maestro CMF\" \/>\n<meta property=\"article:publisher\" content=\"https:\/\/www.facebook.com\/WebdelMaestroCMF\/\" \/>\n<meta property=\"article:author\" content=\"https:\/\/www.facebook.com\/WebdelMaestroCMF\/\" \/>\n<meta property=\"article:published_time\" content=\"2017-11-24T18:24:56+00:00\" \/>\n<meta property=\"article:modified_time\" content=\"2023-05-05T03:36:31+00:00\" \/>\n<meta property=\"og:image\" content=\"https:\/\/i0.wp.com\/webdelmaestrocmf.com\/portal\/wp-content\/uploads\/2023\/04\/A12B3C4D-91.jpg?fit=900%2C556&ssl=1\" \/>\n\t<meta property=\"og:image:width\" content=\"900\" \/>\n\t<meta property=\"og:image:height\" content=\"556\" \/>\n\t<meta property=\"og:image:type\" content=\"image\/jpeg\" \/>\n<meta name=\"author\" content=\"Web del Maestro CMF\" \/>\n<meta name=\"twitter:card\" content=\"summary_large_image\" \/>\n<meta name=\"twitter:creator\" content=\"@cmf_w\" \/>\n<meta name=\"twitter:site\" content=\"@cmf_w\" \/>\n<script type=\"application\/ld+json\" class=\"yoast-schema-graph\">{\"@context\":\"https:\\\/\\\/schema.org\",\"@graph\":[{\"@type\":\"ScholarlyArticle\",\"@id\":\"https:\\\/\\\/webdelmaestrocmf.com\\\/portal\\\/victor-rawlins-sintomatologia-del-docente-toxico\\\/#article\",\"isPartOf\":{\"@id\":\"https:\\\/\\\/webdelmaestrocmf.com\\\/portal\\\/victor-rawlins-sintomatologia-del-docente-toxico\\\/\"},\"author\":{\"name\":\"Web del Maestro CMF\",\"@id\":\"https:\\\/\\\/webdelmaestrocmf.com\\\/portal\\\/#\\\/schema\\\/person\\\/1072a2ed7bd960df8ef99a551fa35dc5\"},\"headline\":\"[V\u00edctor Rawlins] Sintomatolog\u00eda del docente t\u00f3xico\",\"datePublished\":\"2017-11-24T18:24:56+00:00\",\"dateModified\":\"2023-05-05T03:36:31+00:00\",\"mainEntityOfPage\":{\"@id\":\"https:\\\/\\\/webdelmaestrocmf.com\\\/portal\\\/victor-rawlins-sintomatologia-del-docente-toxico\\\/\"},\"wordCount\":1061,\"commentCount\":0,\"publisher\":{\"@id\":\"https:\\\/\\\/webdelmaestrocmf.com\\\/portal\\\/#organization\"},\"image\":{\"@id\":\"https:\\\/\\\/webdelmaestrocmf.com\\\/portal\\\/victor-rawlins-sintomatologia-del-docente-toxico\\\/#primaryimage\"},\"thumbnailUrl\":\"https:\\\/\\\/webdelmaestrocmf.com\\\/portal\\\/wp-content\\\/uploads\\\/2023\\\/04\\\/A12B3C4D-91.jpg\",\"keywords\":[\"DOCENTE\",\"SINTOMATOLOG\u00cdA\",\"T\u00d3XICO\",\"VICTOR RAWLINS\"],\"articleSection\":[\"Z-Colaborador-Victor-Rawlins\",\"Z-Colaboradores\"],\"inLanguage\":\"es\",\"potentialAction\":[{\"@type\":\"CommentAction\",\"name\":\"Comment\",\"target\":[\"https:\\\/\\\/webdelmaestrocmf.com\\\/portal\\\/victor-rawlins-sintomatologia-del-docente-toxico\\\/#respond\"]}]},{\"@type\":\"WebPage\",\"@id\":\"https:\\\/\\\/webdelmaestrocmf.com\\\/portal\\\/victor-rawlins-sintomatologia-del-docente-toxico\\\/\",\"url\":\"https:\\\/\\\/webdelmaestrocmf.com\\\/portal\\\/victor-rawlins-sintomatologia-del-docente-toxico\\\/\",\"name\":\"[V\u00edctor Rawlins] Sintomatolog\u00eda del docente t\u00f3xico\",\"isPartOf\":{\"@id\":\"https:\\\/\\\/webdelmaestrocmf.com\\\/portal\\\/#website\"},\"primaryImageOfPage\":{\"@id\":\"https:\\\/\\\/webdelmaestrocmf.com\\\/portal\\\/victor-rawlins-sintomatologia-del-docente-toxico\\\/#primaryimage\"},\"image\":{\"@id\":\"https:\\\/\\\/webdelmaestrocmf.com\\\/portal\\\/victor-rawlins-sintomatologia-del-docente-toxico\\\/#primaryimage\"},\"thumbnailUrl\":\"https:\\\/\\\/webdelmaestrocmf.com\\\/portal\\\/wp-content\\\/uploads\\\/2023\\\/04\\\/A12B3C4D-91.jpg\",\"datePublished\":\"2017-11-24T18:24:56+00:00\",\"dateModified\":\"2023-05-05T03:36:31+00:00\",\"description\":\"Desde que el escritor, psic\u00f3logo y pastor bautista, Bernardo Stamateas populariz\u00f3 el t\u00e9rmino \u201ct\u00f3xico\u201d, aplicado a personas...\",\"breadcrumb\":{\"@id\":\"https:\\\/\\\/webdelmaestrocmf.com\\\/portal\\\/victor-rawlins-sintomatologia-del-docente-toxico\\\/#breadcrumb\"},\"inLanguage\":\"es\",\"potentialAction\":[{\"@type\":\"ReadAction\",\"target\":[\"https:\\\/\\\/webdelmaestrocmf.com\\\/portal\\\/victor-rawlins-sintomatologia-del-docente-toxico\\\/\"]}]},{\"@type\":\"ImageObject\",\"inLanguage\":\"es\",\"@id\":\"https:\\\/\\\/webdelmaestrocmf.com\\\/portal\\\/victor-rawlins-sintomatologia-del-docente-toxico\\\/#primaryimage\",\"url\":\"https:\\\/\\\/webdelmaestrocmf.com\\\/portal\\\/wp-content\\\/uploads\\\/2023\\\/04\\\/A12B3C4D-91.jpg\",\"contentUrl\":\"https:\\\/\\\/webdelmaestrocmf.com\\\/portal\\\/wp-content\\\/uploads\\\/2023\\\/04\\\/A12B3C4D-91.jpg\",\"width\":900,\"height\":556,\"caption\":\"mantener la autoridad\"},{\"@type\":\"BreadcrumbList\",\"@id\":\"https:\\\/\\\/webdelmaestrocmf.com\\\/portal\\\/victor-rawlins-sintomatologia-del-docente-toxico\\\/#breadcrumb\",\"itemListElement\":[{\"@type\":\"ListItem\",\"position\":1,\"name\":\"Portada\",\"item\":\"https:\\\/\\\/webdelmaestrocmf.com\\\/portal\\\/\"},{\"@type\":\"ListItem\",\"position\":2,\"name\":\"Z-Colaboradores\",\"item\":\"https:\\\/\\\/webdelmaestrocmf.com\\\/portal\\\/category\\\/colaborador\\\/\"},{\"@type\":\"ListItem\",\"position\":3,\"name\":\"Z-Colaborador-Victor-Rawlins\",\"item\":\"https:\\\/\\\/webdelmaestrocmf.com\\\/portal\\\/category\\\/colaborador\\\/z-colaborador-victor-rawlins\\\/\"},{\"@type\":\"ListItem\",\"position\":4,\"name\":\"[V\u00edctor Rawlins] Sintomatolog\u00eda del docente t\u00f3xico\"}]},{\"@type\":\"WebSite\",\"@id\":\"https:\\\/\\\/webdelmaestrocmf.com\\\/portal\\\/#website\",\"url\":\"https:\\\/\\\/webdelmaestrocmf.com\\\/portal\\\/\",\"name\":\"Web del Maestro CMF\",\"description\":\"Maestros al servicio de la educaci\u00f3n\",\"publisher\":{\"@id\":\"https:\\\/\\\/webdelmaestrocmf.com\\\/portal\\\/#organization\"},\"alternateName\":\"WMCMF\",\"potentialAction\":[{\"@type\":\"SearchAction\",\"target\":{\"@type\":\"EntryPoint\",\"urlTemplate\":\"https:\\\/\\\/webdelmaestrocmf.com\\\/portal\\\/?s={search_term_string}\"},\"query-input\":{\"@type\":\"PropertyValueSpecification\",\"valueRequired\":true,\"valueName\":\"search_term_string\"}}],\"inLanguage\":\"es\"},{\"@type\":\"Organization\",\"@id\":\"https:\\\/\\\/webdelmaestrocmf.com\\\/portal\\\/#organization\",\"name\":\"Web del Maestro CMF\",\"alternateName\":\"WMCMF\",\"url\":\"https:\\\/\\\/webdelmaestrocmf.com\\\/portal\\\/\",\"logo\":{\"@type\":\"ImageObject\",\"inLanguage\":\"es\",\"@id\":\"https:\\\/\\\/webdelmaestrocmf.com\\\/portal\\\/#\\\/schema\\\/logo\\\/image\\\/\",\"url\":\"https:\\\/\\\/webdelmaestrocmf.com\\\/portal\\\/wp-content\\\/uploads\\\/2023\\\/01\\\/logo-wmcmf-2.png\",\"contentUrl\":\"https:\\\/\\\/webdelmaestrocmf.com\\\/portal\\\/wp-content\\\/uploads\\\/2023\\\/01\\\/logo-wmcmf-2.png\",\"width\":200,\"height\":60,\"caption\":\"Web del Maestro CMF\"},\"image\":{\"@id\":\"https:\\\/\\\/webdelmaestrocmf.com\\\/portal\\\/#\\\/schema\\\/logo\\\/image\\\/\"},\"sameAs\":[\"https:\\\/\\\/www.facebook.com\\\/WebdelMaestroCMF\\\/\",\"https:\\\/\\\/x.com\\\/cmf_w\",\"https:\\\/\\\/www.pinterest.com\\\/WMCMF\\\/\",\"https:\\\/\\\/www.linkedin.com\\\/company\\\/web-del-maestro-cmf\\\/\",\"https:\\\/\\\/www.instagram.com\\\/wmcmf\\\/\",\"https:\\\/\\\/www.youtube.com\\\/channel\\\/UCDPSvjbdodE5sHnC3OxutHw\",\"https:\\\/\\\/mastodon.social\\\/@wmcmf\",\"https:\\\/\\\/www.tiktok.com\\\/@webdelmaestrocmf\"]},{\"@type\":\"Person\",\"@id\":\"https:\\\/\\\/webdelmaestrocmf.com\\\/portal\\\/#\\\/schema\\\/person\\\/1072a2ed7bd960df8ef99a551fa35dc5\",\"name\":\"Web del Maestro CMF\",\"image\":{\"@type\":\"ImageObject\",\"inLanguage\":\"es\",\"@id\":\"https:\\\/\\\/secure.gravatar.com\\\/avatar\\\/23291dd5b5ae1077dcff3dbb04c3e02bd28403fa75af6d8787d5e97c5bbbe30b?s=96&d=mm&r=g\",\"url\":\"https:\\\/\\\/secure.gravatar.com\\\/avatar\\\/23291dd5b5ae1077dcff3dbb04c3e02bd28403fa75af6d8787d5e97c5bbbe30b?s=96&d=mm&r=g\",\"contentUrl\":\"https:\\\/\\\/secure.gravatar.com\\\/avatar\\\/23291dd5b5ae1077dcff3dbb04c3e02bd28403fa75af6d8787d5e97c5bbbe30b?s=96&d=mm&r=g\",\"caption\":\"Web del Maestro CMF\"},\"description\":\"Esta Web se cre\u00f3 sin fines de lucro, con fines educativos, cient\u00edficos y acad\u00e9micos, para personas que tengan dificultades y\\\/o inconvenientes en visualizar el material original. El objetivo es entregar recursos, compartir experiencias y materiales que ayuden a los padres de familia, maestros y estudiantes en su actualizaci\u00f3n y formaci\u00f3n permanente, en bien de la Educaci\u00f3n.\",\"sameAs\":[\"http:\\\/\\\/webdelmaestrocmf.com\\\/portal\",\"https:\\\/\\\/www.facebook.com\\\/WebdelMaestroCMF\\\/\",\"https:\\\/\\\/www.instagram.com\\\/wmcmf\\\/\",\"https:\\\/\\\/cl.linkedin.com\\\/company\\\/web-del-maestro-cmf\",\"https:\\\/\\\/www.pinterest.com\\\/WMCMF\\\/publicaciones\\\/\",\"https:\\\/\\\/x.com\\\/cmf_w\",\"https:\\\/\\\/www.youtube.com\\\/@WMCMF\"]}]}<\/script>\n<!-- \/ Yoast SEO plugin. -->","yoast_head_json":{"title":"[V\u00edctor Rawlins] Sintomatolog\u00eda del docente t\u00f3xico","description":"Desde que el escritor, psic\u00f3logo y pastor bautista, Bernardo Stamateas populariz\u00f3 el t\u00e9rmino \u201ct\u00f3xico\u201d, aplicado a personas...","robots":{"index":"index","follow":"follow","max-snippet":"max-snippet:-1","max-image-preview":"max-image-preview:large","max-video-preview":"max-video-preview:-1"},"canonical":"https:\/\/webdelmaestrocmf.com\/portal\/victor-rawlins-sintomatologia-del-docente-toxico\/","og_locale":"es_ES","og_type":"article","og_title":"[V\u00edctor Rawlins] Sintomatolog\u00eda del docente t\u00f3xico","og_description":"Desde que el escritor, psic\u00f3logo y pastor bautista, Bernardo Stamateas populariz\u00f3 el t\u00e9rmino \u201ct\u00f3xico\u201d, aplicado a personas...","og_url":"https:\/\/webdelmaestrocmf.com\/portal\/victor-rawlins-sintomatologia-del-docente-toxico\/","og_site_name":"Web del Maestro CMF","article_publisher":"https:\/\/www.facebook.com\/WebdelMaestroCMF\/","article_author":"https:\/\/www.facebook.com\/WebdelMaestroCMF\/","article_published_time":"2017-11-24T18:24:56+00:00","article_modified_time":"2023-05-05T03:36:31+00:00","og_image":[{"width":900,"height":556,"url":"https:\/\/i0.wp.com\/webdelmaestrocmf.com\/portal\/wp-content\/uploads\/2023\/04\/A12B3C4D-91.jpg?fit=900%2C556&ssl=1","type":"image\/jpeg"}],"author":"Web del Maestro CMF","twitter_card":"summary_large_image","twitter_creator":"@cmf_w","twitter_site":"@cmf_w","schema":{"@context":"https:\/\/schema.org","@graph":[{"@type":"ScholarlyArticle","@id":"https:\/\/webdelmaestrocmf.com\/portal\/victor-rawlins-sintomatologia-del-docente-toxico\/#article","isPartOf":{"@id":"https:\/\/webdelmaestrocmf.com\/portal\/victor-rawlins-sintomatologia-del-docente-toxico\/"},"author":{"name":"Web del Maestro CMF","@id":"https:\/\/webdelmaestrocmf.com\/portal\/#\/schema\/person\/1072a2ed7bd960df8ef99a551fa35dc5"},"headline":"[V\u00edctor Rawlins] Sintomatolog\u00eda del docente t\u00f3xico","datePublished":"2017-11-24T18:24:56+00:00","dateModified":"2023-05-05T03:36:31+00:00","mainEntityOfPage":{"@id":"https:\/\/webdelmaestrocmf.com\/portal\/victor-rawlins-sintomatologia-del-docente-toxico\/"},"wordCount":1061,"commentCount":0,"publisher":{"@id":"https:\/\/webdelmaestrocmf.com\/portal\/#organization"},"image":{"@id":"https:\/\/webdelmaestrocmf.com\/portal\/victor-rawlins-sintomatologia-del-docente-toxico\/#primaryimage"},"thumbnailUrl":"https:\/\/webdelmaestrocmf.com\/portal\/wp-content\/uploads\/2023\/04\/A12B3C4D-91.jpg","keywords":["DOCENTE","SINTOMATOLOG\u00cdA","T\u00d3XICO","VICTOR RAWLINS"],"articleSection":["Z-Colaborador-Victor-Rawlins","Z-Colaboradores"],"inLanguage":"es","potentialAction":[{"@type":"CommentAction","name":"Comment","target":["https:\/\/webdelmaestrocmf.com\/portal\/victor-rawlins-sintomatologia-del-docente-toxico\/#respond"]}]},{"@type":"WebPage","@id":"https:\/\/webdelmaestrocmf.com\/portal\/victor-rawlins-sintomatologia-del-docente-toxico\/","url":"https:\/\/webdelmaestrocmf.com\/portal\/victor-rawlins-sintomatologia-del-docente-toxico\/","name":"[V\u00edctor Rawlins] Sintomatolog\u00eda del docente t\u00f3xico","isPartOf":{"@id":"https:\/\/webdelmaestrocmf.com\/portal\/#website"},"primaryImageOfPage":{"@id":"https:\/\/webdelmaestrocmf.com\/portal\/victor-rawlins-sintomatologia-del-docente-toxico\/#primaryimage"},"image":{"@id":"https:\/\/webdelmaestrocmf.com\/portal\/victor-rawlins-sintomatologia-del-docente-toxico\/#primaryimage"},"thumbnailUrl":"https:\/\/webdelmaestrocmf.com\/portal\/wp-content\/uploads\/2023\/04\/A12B3C4D-91.jpg","datePublished":"2017-11-24T18:24:56+00:00","dateModified":"2023-05-05T03:36:31+00:00","description":"Desde que el escritor, psic\u00f3logo y pastor bautista, Bernardo Stamateas populariz\u00f3 el t\u00e9rmino \u201ct\u00f3xico\u201d, aplicado a personas...","breadcrumb":{"@id":"https:\/\/webdelmaestrocmf.com\/portal\/victor-rawlins-sintomatologia-del-docente-toxico\/#breadcrumb"},"inLanguage":"es","potentialAction":[{"@type":"ReadAction","target":["https:\/\/webdelmaestrocmf.com\/portal\/victor-rawlins-sintomatologia-del-docente-toxico\/"]}]},{"@type":"ImageObject","inLanguage":"es","@id":"https:\/\/webdelmaestrocmf.com\/portal\/victor-rawlins-sintomatologia-del-docente-toxico\/#primaryimage","url":"https:\/\/webdelmaestrocmf.com\/portal\/wp-content\/uploads\/2023\/04\/A12B3C4D-91.jpg","contentUrl":"https:\/\/webdelmaestrocmf.com\/portal\/wp-content\/uploads\/2023\/04\/A12B3C4D-91.jpg","width":900,"height":556,"caption":"mantener la autoridad"},{"@type":"BreadcrumbList","@id":"https:\/\/webdelmaestrocmf.com\/portal\/victor-rawlins-sintomatologia-del-docente-toxico\/#breadcrumb","itemListElement":[{"@type":"ListItem","position":1,"name":"Portada","item":"https:\/\/webdelmaestrocmf.com\/portal\/"},{"@type":"ListItem","position":2,"name":"Z-Colaboradores","item":"https:\/\/webdelmaestrocmf.com\/portal\/category\/colaborador\/"},{"@type":"ListItem","position":3,"name":"Z-Colaborador-Victor-Rawlins","item":"https:\/\/webdelmaestrocmf.com\/portal\/category\/colaborador\/z-colaborador-victor-rawlins\/"},{"@type":"ListItem","position":4,"name":"[V\u00edctor Rawlins] Sintomatolog\u00eda del docente t\u00f3xico"}]},{"@type":"WebSite","@id":"https:\/\/webdelmaestrocmf.com\/portal\/#website","url":"https:\/\/webdelmaestrocmf.com\/portal\/","name":"Web del Maestro CMF","description":"Maestros al servicio de la educaci\u00f3n","publisher":{"@id":"https:\/\/webdelmaestrocmf.com\/portal\/#organization"},"alternateName":"WMCMF","potentialAction":[{"@type":"SearchAction","target":{"@type":"EntryPoint","urlTemplate":"https:\/\/webdelmaestrocmf.com\/portal\/?s={search_term_string}"},"query-input":{"@type":"PropertyValueSpecification","valueRequired":true,"valueName":"search_term_string"}}],"inLanguage":"es"},{"@type":"Organization","@id":"https:\/\/webdelmaestrocmf.com\/portal\/#organization","name":"Web del Maestro CMF","alternateName":"WMCMF","url":"https:\/\/webdelmaestrocmf.com\/portal\/","logo":{"@type":"ImageObject","inLanguage":"es","@id":"https:\/\/webdelmaestrocmf.com\/portal\/#\/schema\/logo\/image\/","url":"https:\/\/webdelmaestrocmf.com\/portal\/wp-content\/uploads\/2023\/01\/logo-wmcmf-2.png","contentUrl":"https:\/\/webdelmaestrocmf.com\/portal\/wp-content\/uploads\/2023\/01\/logo-wmcmf-2.png","width":200,"height":60,"caption":"Web del Maestro CMF"},"image":{"@id":"https:\/\/webdelmaestrocmf.com\/portal\/#\/schema\/logo\/image\/"},"sameAs":["https:\/\/www.facebook.com\/WebdelMaestroCMF\/","https:\/\/x.com\/cmf_w","https:\/\/www.pinterest.com\/WMCMF\/","https:\/\/www.linkedin.com\/company\/web-del-maestro-cmf\/","https:\/\/www.instagram.com\/wmcmf\/","https:\/\/www.youtube.com\/channel\/UCDPSvjbdodE5sHnC3OxutHw","https:\/\/mastodon.social\/@wmcmf","https:\/\/www.tiktok.com\/@webdelmaestrocmf"]},{"@type":"Person","@id":"https:\/\/webdelmaestrocmf.com\/portal\/#\/schema\/person\/1072a2ed7bd960df8ef99a551fa35dc5","name":"Web del Maestro CMF","image":{"@type":"ImageObject","inLanguage":"es","@id":"https:\/\/secure.gravatar.com\/avatar\/23291dd5b5ae1077dcff3dbb04c3e02bd28403fa75af6d8787d5e97c5bbbe30b?s=96&d=mm&r=g","url":"https:\/\/secure.gravatar.com\/avatar\/23291dd5b5ae1077dcff3dbb04c3e02bd28403fa75af6d8787d5e97c5bbbe30b?s=96&d=mm&r=g","contentUrl":"https:\/\/secure.gravatar.com\/avatar\/23291dd5b5ae1077dcff3dbb04c3e02bd28403fa75af6d8787d5e97c5bbbe30b?s=96&d=mm&r=g","caption":"Web del Maestro CMF"},"description":"Esta Web se cre\u00f3 sin fines de lucro, con fines educativos, cient\u00edficos y acad\u00e9micos, para personas que tengan dificultades y\/o inconvenientes en visualizar el material original. El objetivo es entregar recursos, compartir experiencias y materiales que ayuden a los padres de familia, maestros y estudiantes en su actualizaci\u00f3n y formaci\u00f3n permanente, en bien de la Educaci\u00f3n.","sameAs":["http:\/\/webdelmaestrocmf.com\/portal","https:\/\/www.facebook.com\/WebdelMaestroCMF\/","https:\/\/www.instagram.com\/wmcmf\/","https:\/\/cl.linkedin.com\/company\/web-del-maestro-cmf","https:\/\/www.pinterest.com\/WMCMF\/publicaciones\/","https:\/\/x.com\/cmf_w","https:\/\/www.youtube.com\/@WMCMF"]}]}},"jetpack_featured_media_url":"https:\/\/webdelmaestrocmf.com\/portal\/wp-content\/uploads\/2023\/04\/A12B3C4D-91.jpg","jetpack_sharing_enabled":true,"jetpack-related-posts":[{"id":88527,"url":"https:\/\/webdelmaestrocmf.com\/portal\/maria-esclapez-las-personas-toxicas-como-tal-no-existen-existen-las-relaciones-toxicas-los-vinculos-toxicos\/","url_meta":{"origin":23820,"position":0},"title":"Mar\u00eda Esclapez: Las personas t\u00f3xicas, como tal, no existen. Existen las relaciones t\u00f3xicas, los v\u00ednculos t\u00f3xicos","author":"Web del Maestro CMF","date":"4 mayo, 2023","format":"video","excerpt":"Mar\u00eda Esclapez Cartagena (1990) es una escritora y psic\u00f3loga espa\u00f1ola, licenciada por la Universidad Miguel Hern\u00e1ndez de Elche (Espa\u00f1a) y el Instituto Superior de Estudios psicol\u00f3gicos (ISEP). Ha colaborado con diversos medios como Cosmopolitan, Glamour, Mujer Hoy, Elle, S Moda, La Vanguardia o El Pa\u00eds. Tambi\u00e9n se ha mantenido muy\u2026","rel":"","context":"En \u00abCharlas\u00bb","block_context":{"text":"Charlas","link":"https:\/\/webdelmaestrocmf.com\/portal\/category\/charlas\/"},"img":{"alt_text":"","src":"https:\/\/i0.wp.com\/webdelmaestrocmf.com\/portal\/wp-content\/uploads\/2023\/05\/A12B3C4D-27.jpg?resize=350%2C200&ssl=1","width":350,"height":200,"srcset":"https:\/\/i0.wp.com\/webdelmaestrocmf.com\/portal\/wp-content\/uploads\/2023\/05\/A12B3C4D-27.jpg?resize=350%2C200&ssl=1 1x, https:\/\/i0.wp.com\/webdelmaestrocmf.com\/portal\/wp-content\/uploads\/2023\/05\/A12B3C4D-27.jpg?resize=525%2C300&ssl=1 1.5x, https:\/\/i0.wp.com\/webdelmaestrocmf.com\/portal\/wp-content\/uploads\/2023\/05\/A12B3C4D-27.jpg?resize=700%2C400&ssl=1 2x"},"classes":[]},{"id":35648,"url":"https:\/\/webdelmaestrocmf.com\/portal\/como-tratar-con-personas-toxicas-en-el-trabajo-9-consejos-importantes\/","url_meta":{"origin":23820,"position":1},"title":"9 recomendaciones para tratar con personas t\u00f3xicas en el trabajo","author":"Web del Maestro CMF","date":"13 noviembre, 2021","format":false,"excerpt":"\u00bfSueles salir del trabajo agotada, sin energ\u00eda y a veces incluso triste? Quiz\u00e1 est\u00e9s sufriendo los efectos de convivir (laboralmente) con una persona 't\u00f3xica'.\u00a0Identificarlos y conocer c\u00f3mo se comportan es fundamental para neutralizar los efectos que puedan tener sobre ti. El perfil del compa\u00f1ero de trabajo t\u00f3xico suele caracterizarse por\u2026","rel":"","context":"En \u00abRecursos\u00bb","block_context":{"text":"Recursos","link":"https:\/\/webdelmaestrocmf.com\/portal\/category\/pedagogia\/"},"img":{"alt_text":"","src":"https:\/\/i0.wp.com\/webdelmaestrocmf.com\/portal\/wp-content\/uploads\/2019\/03\/1zxc-1.jpg?resize=350%2C200&ssl=1","width":350,"height":200,"srcset":"https:\/\/i0.wp.com\/webdelmaestrocmf.com\/portal\/wp-content\/uploads\/2019\/03\/1zxc-1.jpg?resize=350%2C200&ssl=1 1x, https:\/\/i0.wp.com\/webdelmaestrocmf.com\/portal\/wp-content\/uploads\/2019\/03\/1zxc-1.jpg?resize=525%2C300&ssl=1 1.5x, https:\/\/i0.wp.com\/webdelmaestrocmf.com\/portal\/wp-content\/uploads\/2019\/03\/1zxc-1.jpg?resize=700%2C400&ssl=1 2x, https:\/\/i0.wp.com\/webdelmaestrocmf.com\/portal\/wp-content\/uploads\/2019\/03\/1zxc-1.jpg?resize=1050%2C600&ssl=1 3x"},"classes":[]},{"id":43031,"url":"https:\/\/webdelmaestrocmf.com\/portal\/victor-rawlins-primero-lider-luego-director-libro-descarga-gratuita-en-pdf\/","url_meta":{"origin":23820,"position":2},"title":"[V\u00edctor Rawl\u00edns] \u201cPrimero l\u00edder, luego director\u201d (Libro descarga gratuita en PDF)","author":"Web del Maestro CMF","date":"27 diciembre, 2019","format":false,"excerpt":"Actualmente una de las mayores necesidades, por no decir la principal, es la de liderazgos escolares con sentido de cambio. En el mundo actual, donde el conocimiento est\u00e1 a distancia de un clic, se vuelve necesario un cambio en la pr\u00e1ctica de dirigir una instituci\u00f3n educativa. La presente obra trata\u2026","rel":"","context":"En \u00abZ-Colaborador-Victor-Rawlins\u00bb","block_context":{"text":"Z-Colaborador-Victor-Rawlins","link":"https:\/\/webdelmaestrocmf.com\/portal\/category\/colaborador\/z-colaborador-victor-rawlins\/"},"img":{"alt_text":"","src":"https:\/\/i0.wp.com\/webdelmaestrocmf.com\/portal\/wp-content\/uploads\/2019\/12\/2-25.jpg?resize=350%2C200&ssl=1","width":350,"height":200,"srcset":"https:\/\/i0.wp.com\/webdelmaestrocmf.com\/portal\/wp-content\/uploads\/2019\/12\/2-25.jpg?resize=350%2C200&ssl=1 1x, https:\/\/i0.wp.com\/webdelmaestrocmf.com\/portal\/wp-content\/uploads\/2019\/12\/2-25.jpg?resize=525%2C300&ssl=1 1.5x, https:\/\/i0.wp.com\/webdelmaestrocmf.com\/portal\/wp-content\/uploads\/2019\/12\/2-25.jpg?resize=700%2C400&ssl=1 2x, https:\/\/i0.wp.com\/webdelmaestrocmf.com\/portal\/wp-content\/uploads\/2019\/12\/2-25.jpg?resize=1050%2C600&ssl=1 3x"},"classes":[]},{"id":15047,"url":"https:\/\/webdelmaestrocmf.com\/portal\/los-docentes-toxicos-desgastantes-contagian-negatividad\/","url_meta":{"origin":23820,"position":3},"title":"Los docentes que generan relaciones t\u00f3xicas laborales","author":"Web del Maestro CMF","date":"3 mayo, 2024","format":false,"excerpt":"El art\u00edculo que publica la redacci\u00f3n de UNIVERSIA (M\u00e9xico) nos plantea la dificultad en una comunidad educativa donde existen \u201crelaciones t\u00f3xicas\u201d, que nos es f\u00e1cil reconocerle \u201cya que los sentimientos nos juegan una mala pasada. Sin embargo, compartir nuestro d\u00eda a d\u00eda con una persona as\u00ed puede llegar a ser\u2026","rel":"","context":"En \u00abDocentes\u00bb","block_context":{"text":"Docentes","link":"https:\/\/webdelmaestrocmf.com\/portal\/category\/pedagogia\/docentes\/"},"img":{"alt_text":"","src":"https:\/\/i0.wp.com\/webdelmaestrocmf.com\/portal\/wp-content\/uploads\/2023\/05\/Banner-1-portada-imagen-10-1-66.jpg?resize=350%2C200&ssl=1","width":350,"height":200,"srcset":"https:\/\/i0.wp.com\/webdelmaestrocmf.com\/portal\/wp-content\/uploads\/2023\/05\/Banner-1-portada-imagen-10-1-66.jpg?resize=350%2C200&ssl=1 1x, https:\/\/i0.wp.com\/webdelmaestrocmf.com\/portal\/wp-content\/uploads\/2023\/05\/Banner-1-portada-imagen-10-1-66.jpg?resize=525%2C300&ssl=1 1.5x, https:\/\/i0.wp.com\/webdelmaestrocmf.com\/portal\/wp-content\/uploads\/2023\/05\/Banner-1-portada-imagen-10-1-66.jpg?resize=700%2C400&ssl=1 2x"},"classes":[]},{"id":20194,"url":"https:\/\/webdelmaestrocmf.com\/portal\/victor-rawlins-los-lenguajes-del-amor-la-educacion\/","url_meta":{"origin":23820,"position":4},"title":"[VICTOR RAWLINS] LOS LENGUAJES DEL AMOR EN LA EDUCACI\u00d3N","author":"Web del Maestro CMF","date":"4 julio, 2017","format":false,"excerpt":"DEBEMOS procurar convertirnos en maestros multiling\u00fces. \u00bfSe preocup\u00f3? Pues d\u00e9jeme aclararme. No me refiero tanto (aunque ser\u00eda fant\u00e1stico) que aprendamos hablar de forma fluida muchos idiomas. La idea que tengo en mi mente y les comparto tiene que ver directamente en c\u00f3mo nos acercamos a nuestros estudiantes y compa\u00f1eros. Me\u2026","rel":"","context":"En \u00abZ-Colaborador-Victor-Rawlins\u00bb","block_context":{"text":"Z-Colaborador-Victor-Rawlins","link":"https:\/\/webdelmaestrocmf.com\/portal\/category\/colaborador\/z-colaborador-victor-rawlins\/"},"img":{"alt_text":"","src":"https:\/\/i0.wp.com\/webdelmaestrocmf.com\/portal\/wp-content\/uploads\/2017\/07\/Amor-2.jpg?resize=350%2C200&ssl=1","width":350,"height":200,"srcset":"https:\/\/i0.wp.com\/webdelmaestrocmf.com\/portal\/wp-content\/uploads\/2017\/07\/Amor-2.jpg?resize=350%2C200&ssl=1 1x, https:\/\/i0.wp.com\/webdelmaestrocmf.com\/portal\/wp-content\/uploads\/2017\/07\/Amor-2.jpg?resize=525%2C300&ssl=1 1.5x, https:\/\/i0.wp.com\/webdelmaestrocmf.com\/portal\/wp-content\/uploads\/2017\/07\/Amor-2.jpg?resize=700%2C400&ssl=1 2x"},"classes":[]},{"id":37242,"url":"https:\/\/webdelmaestrocmf.com\/portal\/estudio-confirma-que-un-mal-jefe-genera-efectos-daninos-en-la-salud-de-sus-empleados\/","url_meta":{"origin":23820,"position":5},"title":"Estudio confirma que, un mal Director o Gerente educativo genera efectos da\u00f1inos en la salud de sus colaboradores","author":"Web del Maestro CMF","date":"20 abril, 2025","format":false,"excerpt":"A veces el mayor problema del trabajo no es la dificultad o cantidad de este, sino el mal ambiente laboral. No todas las personas tienen la suerte de tener un jefe que valore su desempe\u00f1o y vele por su bienestar. Los llamados \"malos jefes\" no solo son un dolor de\u2026","rel":"","context":"En \u00abDirector\u00bb","block_context":{"text":"Director","link":"https:\/\/webdelmaestrocmf.com\/portal\/category\/pedagogia\/director\/"},"img":{"alt_text":"","src":"https:\/\/i0.wp.com\/webdelmaestrocmf.com\/portal\/wp-content\/uploads\/2019\/10\/1A-Banner-1-portada-imagen-10-1-4.jpg?resize=350%2C200&ssl=1","width":350,"height":200,"srcset":"https:\/\/i0.wp.com\/webdelmaestrocmf.com\/portal\/wp-content\/uploads\/2019\/10\/1A-Banner-1-portada-imagen-10-1-4.jpg?resize=350%2C200&ssl=1 1x, https:\/\/i0.wp.com\/webdelmaestrocmf.com\/portal\/wp-content\/uploads\/2019\/10\/1A-Banner-1-portada-imagen-10-1-4.jpg?resize=525%2C300&ssl=1 1.5x, https:\/\/i0.wp.com\/webdelmaestrocmf.com\/portal\/wp-content\/uploads\/2019\/10\/1A-Banner-1-portada-imagen-10-1-4.jpg?resize=700%2C400&ssl=1 2x"},"classes":[]}],"_links":{"self":[{"href":"https:\/\/webdelmaestrocmf.com\/portal\/wp-json\/wp\/v2\/posts\/23820","targetHints":{"allow":["GET"]}}],"collection":[{"href":"https:\/\/webdelmaestrocmf.com\/portal\/wp-json\/wp\/v2\/posts"}],"about":[{"href":"https:\/\/webdelmaestrocmf.com\/portal\/wp-json\/wp\/v2\/types\/post"}],"author":[{"embeddable":true,"href":"https:\/\/webdelmaestrocmf.com\/portal\/wp-json\/wp\/v2\/users\/1"}],"replies":[{"embeddable":true,"href":"https:\/\/webdelmaestrocmf.com\/portal\/wp-json\/wp\/v2\/comments?post=23820"}],"version-history":[{"count":0,"href":"https:\/\/webdelmaestrocmf.com\/portal\/wp-json\/wp\/v2\/posts\/23820\/revisions"}],"wp:featuredmedia":[{"embeddable":true,"href":"https:\/\/webdelmaestrocmf.com\/portal\/wp-json\/wp\/v2\/media\/86843"}],"wp:attachment":[{"href":"https:\/\/webdelmaestrocmf.com\/portal\/wp-json\/wp\/v2\/media?parent=23820"}],"wp:term":[{"taxonomy":"category","embeddable":true,"href":"https:\/\/webdelmaestrocmf.com\/portal\/wp-json\/wp\/v2\/categories?post=23820"},{"taxonomy":"post_tag","embeddable":true,"href":"https:\/\/webdelmaestrocmf.com\/portal\/wp-json\/wp\/v2\/tags?post=23820"}],"curies":[{"name":"wp","href":"https:\/\/api.w.org\/{rel}","templated":true}]}}