{"id":23805,"date":"2024-12-12T10:00:48","date_gmt":"2024-12-12T13:00:48","guid":{"rendered":"http:\/\/webdelmaestrocmf.com\/portal\/?p=23805"},"modified":"2024-12-12T10:18:55","modified_gmt":"2024-12-12T13:18:55","slug":"5-principios-manejar-aula-forma-efectiva","status":"publish","type":"post","link":"https:\/\/webdelmaestrocmf.com\/portal\/5-principios-manejar-aula-forma-efectiva\/","title":{"rendered":"Principios para manejar el aula de forma efectiva"},"content":{"rendered":"<p style=\"text-align: justify;\"><strong><span class=\"notranslate\">El manejo efectivo del aula requiere conocimiento, paciencia, buen tiempo, l\u00edmites e instinto.<\/span>\u00a0<span class=\"notranslate\">No es nada f\u00e1cil controlar a un gran grupo de j\u00f3venes, sobre todo si se distraen con facilidad\u00a0 y que cuentas con diferentes habilidades y temperamentos.<\/span><\/strong><!--more--><\/p>\n<p style=\"text-align: justify;\">Compartimos con fines educativos &#8211; pastorales la publicaci\u00f3n del portal educativo<strong> Elige Educar (Chile)<\/strong>\u00a0en donde presenta el articulo de\u00a0<strong>Camila Londo\u00f1o<\/strong> y nos cuenta cu\u00e1les son las 5 tendencias para manejar el aula de forma efectiva.<\/p>\n<h2>5 principios para manejar el aula de forma efectiva<\/h2>\n<p style=\"text-align: justify;\">Para conocer a profundidad cu\u00e1les son las estrategias de manejo de clase que utilizan los profesores en sus salas, la plataforma de contenidos educativos,\u00a0Edutopia, hizo una encuesta informal a trav\u00e9s de las redes sociales. A trav\u00e9s de esta se obtuvieron m\u00e1s de 700 respuestas y llegaron a una conclusi\u00f3n:\u00a0<strong>no hay una \u00fanica f\u00f3rmula<\/strong>\u00a0y no es sencillo manejar grandes grupos de personas j\u00f3venes con diferentes habilidades y temperamentos, pero<strong>\u00a0s\u00ed hay algunas tendencias que se enmarcan en factores comunes como la paciencia, el instinto, la conciencia y los l\u00edmites.<\/strong><\/p>\n<p><img loading=\"lazy\" decoding=\"async\" class=\"alignnone wp-image-102837 size-full\" src=\"https:\/\/webdelmaestrocmf.com\/portal\/wp-content\/uploads\/2020\/12\/Banner-1-portada-imagen-10-44.jpg\" alt=\"manejar el aula \" width=\"1024\" height=\"1024\" srcset=\"https:\/\/webdelmaestrocmf.com\/portal\/wp-content\/uploads\/2020\/12\/Banner-1-portada-imagen-10-44.jpg 1024w, https:\/\/webdelmaestrocmf.com\/portal\/wp-content\/uploads\/2020\/12\/Banner-1-portada-imagen-10-44-300x300.jpg 300w, https:\/\/webdelmaestrocmf.com\/portal\/wp-content\/uploads\/2020\/12\/Banner-1-portada-imagen-10-44-150x150.jpg 150w, https:\/\/webdelmaestrocmf.com\/portal\/wp-content\/uploads\/2020\/12\/Banner-1-portada-imagen-10-44-768x768.jpg 768w, https:\/\/webdelmaestrocmf.com\/portal\/wp-content\/uploads\/2020\/12\/Banner-1-portada-imagen-10-44-80x80.jpg 80w, https:\/\/webdelmaestrocmf.com\/portal\/wp-content\/uploads\/2020\/12\/Banner-1-portada-imagen-10-44-110x110.jpg 110w, https:\/\/webdelmaestrocmf.com\/portal\/wp-content\/uploads\/2020\/12\/Banner-1-portada-imagen-10-44-380x380.jpg 380w, https:\/\/webdelmaestrocmf.com\/portal\/wp-content\/uploads\/2020\/12\/Banner-1-portada-imagen-10-44-550x550.jpg 550w, https:\/\/webdelmaestrocmf.com\/portal\/wp-content\/uploads\/2020\/12\/Banner-1-portada-imagen-10-44-800x800.jpg 800w\" sizes=\"auto, (max-width: 1024px) 100vw, 1024px\" \/><\/p>\n<h3 style=\"padding-left: 40px; text-align: left;\" data-sourcepos=\"5:1-5:43\"><strong>1. Cuidarse y cuidar a los estudiantes:<\/strong><\/h3>\n<ul>\n<li style=\"list-style-type: none;\">\n<ul data-sourcepos=\"7:1-10:0\">\n<li style=\"text-align: justify;\" data-sourcepos=\"7:1-7:271\"><strong>Priorizar el bienestar personal:<\/strong> Los docentes necesitan estar f\u00edsica, mental y emocionalmente saludables para brindar la mejor atenci\u00f3n a sus alumnos. Esto implica cuidar su alimentaci\u00f3n, dormir lo suficiente, practicar ejercicio regularmente y gestionar el estr\u00e9s.<\/li>\n<li style=\"text-align: justify;\" data-sourcepos=\"8:1-8:310\"><strong>Establecer un ambiente de aula positivo:<\/strong> Un aula positiva se caracteriza por el respeto mutuo, la colaboraci\u00f3n y el apoyo. Los docentes pueden fomentar este tipo de ambiente modelando un comportamiento positivo, celebrando los logros de los estudiantes y creando oportunidades para la interacci\u00f3n social.<\/li>\n<li style=\"text-align: justify;\" data-sourcepos=\"9:1-10:0\"><strong>Cuidar las necesidades socioemocionales de los estudiantes:<\/strong> Es importante reconocer que los estudiantes vienen a la escuela con diferentes experiencias y desaf\u00edos personales. Los docentes deben estar atentos a las se\u00f1ales de que un estudiante puede necesitar apoyo adicional y ofrecer recursos o derivaciones seg\u00fan sea necesario.<\/li>\n<\/ul>\n<\/li>\n<\/ul>\n<h3 style=\"padding-left: 40px; text-align: left;\" data-sourcepos=\"11:1-11:28\"><strong>2. Construir relaciones:<\/strong><\/h3>\n<ul>\n<li style=\"list-style-type: none;\">\n<ul style=\"text-align: justify;\" data-sourcepos=\"13:1-16:0\">\n<li data-sourcepos=\"13:1-13:277\"><strong>Conocer a los estudiantes como individuos:<\/strong> Es fundamental dedicar tiempo para conocer a cada estudiante como persona, sus intereses, fortalezas y desaf\u00edos. Esto permite a los docentes adaptar sus estrategias de ense\u00f1anza y crear conexiones significativas con sus alumnos.<\/li>\n<li data-sourcepos=\"14:1-14:280\"><strong>Comunicarse de manera efectiva:<\/strong> La comunicaci\u00f3n abierta y honesta es esencial para construir relaciones s\u00f3lidas con los estudiantes. Los docentes deben escuchar atentamente las inquietudes de sus alumnos, brindar retroalimentaci\u00f3n constructiva y fomentar el di\u00e1logo abierto.<\/li>\n<li data-sourcepos=\"15:1-16:0\"><strong>Mostrar inter\u00e9s genuino en los estudiantes:<\/strong> Demostrar un inter\u00e9s genuino en la vida de los estudiantes m\u00e1s all\u00e1 del aula puede fortalecer las relaciones y crear un ambiente de confianza. Esto puede implicar asistir a eventos extracurriculares, hablar con las familias o simplemente tomarse el tiempo para conversar con los estudiantes sobre sus intereses.<\/li>\n<\/ul>\n<\/li>\n<\/ul>\n<h3 style=\"padding-left: 40px; text-align: left;\" data-sourcepos=\"17:1-17:49\"><strong>3. Establecer reglas, l\u00edmites y expectativas:<\/strong><\/h3>\n<ul>\n<li style=\"list-style-type: none;\">\n<ul style=\"text-align: justify;\" data-sourcepos=\"19:1-22:0\">\n<li data-sourcepos=\"19:1-19:289\"><strong>Establecer reglas claras y consistentes:<\/strong> Desde el comienzo del a\u00f1o escolar, es importante establecer reglas claras y consistentes para el comportamiento en el aula. Estas reglas deben ser comunicadas de manera efectiva a los estudiantes y ser aplicadas de manera justa y consistente.<\/li>\n<li data-sourcepos=\"20:1-20:251\"><strong>Definir l\u00edmites apropiados:<\/strong> Los l\u00edmites ayudan a crear un entorno seguro y respetuoso para todos los estudiantes. Los docentes deben establecer l\u00edmites claros para el contacto f\u00edsico, el lenguaje apropiado y el comportamiento general en el aula.<\/li>\n<li data-sourcepos=\"21:1-22:0\"><strong>Comunicar expectativas altas:<\/strong> Los docentes deben comunicar a los estudiantes que se espera que den lo mejor de s\u00ed mismos y que se les brindar\u00e1 el apoyo necesario para alcanzar su m\u00e1ximo potencial.<\/li>\n<\/ul>\n<\/li>\n<\/ul>\n<p><img loading=\"lazy\" decoding=\"async\" class=\"alignnone size-full wp-image-44303\" src=\"https:\/\/webdelmaestrocmf.com\/portal\/wp-content\/uploads\/2018\/09\/1-133.jpg\" alt=\"\" width=\"900\" height=\"699\" srcset=\"https:\/\/webdelmaestrocmf.com\/portal\/wp-content\/uploads\/2018\/09\/1-133.jpg 900w, https:\/\/webdelmaestrocmf.com\/portal\/wp-content\/uploads\/2018\/09\/1-133-300x233.jpg 300w, https:\/\/webdelmaestrocmf.com\/portal\/wp-content\/uploads\/2018\/09\/1-133-768x596.jpg 768w, https:\/\/webdelmaestrocmf.com\/portal\/wp-content\/uploads\/2018\/09\/1-133-110x85.jpg 110w, https:\/\/webdelmaestrocmf.com\/portal\/wp-content\/uploads\/2018\/09\/1-133-200x155.jpg 200w, https:\/\/webdelmaestrocmf.com\/portal\/wp-content\/uploads\/2018\/09\/1-133-380x295.jpg 380w, https:\/\/webdelmaestrocmf.com\/portal\/wp-content\/uploads\/2018\/09\/1-133-255x198.jpg 255w, https:\/\/webdelmaestrocmf.com\/portal\/wp-content\/uploads\/2018\/09\/1-133-550x427.jpg 550w, https:\/\/webdelmaestrocmf.com\/portal\/wp-content\/uploads\/2018\/09\/1-133-800x621.jpg 800w\" sizes=\"auto, (max-width: 900px) 100vw, 900px\" \/><\/p>\n<h3 style=\"padding-left: 40px; text-align: left;\" data-sourcepos=\"23:1-23:41\"><strong>4. Un enfoque basado en la fortaleza:<\/strong><\/h3>\n<ul>\n<li style=\"list-style-type: none;\">\n<ul style=\"text-align: justify;\" data-sourcepos=\"25:1-28:0\">\n<li data-sourcepos=\"25:1-25:302\"><strong>Centrarse en las fortalezas y habilidades de los estudiantes:<\/strong> En lugar de centrarse en las debilidades de los estudiantes, los docentes deben enfocarse en identificar y desarrollar sus fortalezas y habilidades \u00fanicas. Esto ayuda a fomentar la confianza en s\u00ed mismos y la motivaci\u00f3n para aprender.<\/li>\n<li data-sourcepos=\"26:1-26:284\"><strong>Proporcionar retroalimentaci\u00f3n positiva y espec\u00edfica:<\/strong> La retroalimentaci\u00f3n positiva es fundamental para reforzar el comportamiento positivo y fomentar el aprendizaje. Los docentes deben brindar retroalimentaci\u00f3n espec\u00edfica que destaque los esfuerzos y logros de los estudiantes.<\/li>\n<li data-sourcepos=\"27:1-28:0\"><strong>Celebrar los \u00e9xitos:<\/strong> Es importante celebrar los \u00e9xitos de los estudiantes, tanto grandes como peque\u00f1os. Esto ayuda a crear un ambiente de positividad y motivaci\u00f3n en el aula.<\/li>\n<\/ul>\n<\/li>\n<\/ul>\n<h3 style=\"padding-left: 40px; text-align: left;\" data-sourcepos=\"29:1-29:29\"><strong>5. Integrar a los padres:<\/strong><\/h3>\n<ul>\n<li style=\"list-style-type: none;\">\n<ul data-sourcepos=\"31:1-34:0\">\n<li style=\"text-align: justify;\" data-sourcepos=\"31:1-31:285\"><strong>Establecer comunicaci\u00f3n abierta con los padres:<\/strong> Es fundamental mantener una comunicaci\u00f3n abierta y regular con los padres sobre el progreso de sus hijos. Esto se puede lograr a trav\u00e9s de reuniones individuales, correos electr\u00f3nicos, boletines informativos o plataformas en l\u00ednea.<\/li>\n<li style=\"text-align: justify;\" data-sourcepos=\"32:1-32:366\"><strong>Involucrar a los padres en el proceso educativo:<\/strong> Los padres pueden ser un recurso valioso para apoyar el aprendizaje de sus hijos. Los docentes deben encontrar formas de involucrar a los padres en el proceso educativo, como asignar tareas en casa, invitarlos a participar en actividades en el aula o brindar oportunidades para que se ofrezcan como voluntarios.<\/li>\n<li style=\"text-align: justify;\" data-sourcepos=\"33:1-34:0\"><strong>Colaborar con los padres para abordar problemas:<\/strong> Cuando surgen problemas de comportamiento o aprendizaje, es importante colaborar con los padres para encontrar soluciones efectivas. Esto puede implicar reuniones conjuntas, compartir estrategias de intervenci\u00f3n o derivar a profesionales adicionales.<\/li>\n<\/ul>\n<\/li>\n<\/ul>\n<p><iframe loading=\"lazy\" title=\"5 tips para una disciplina positiva en el aula.\" src=\"https:\/\/www.youtube.com\/embed\/vHXlvxRMKV8\" width=\"100%\" height=\"315\" frameborder=\"0\" allowfullscreen=\"allowfullscreen\"><span data-mce-type=\"bookmark\" style=\"display: inline-block; width: 0px; overflow: hidden; line-height: 0;\" class=\"mce_SELRES_start\">\ufeff<\/span><\/iframe><\/p>\n<p style=\"text-align: justify;\">Y t\u00fa, \u00bfqu\u00e9 principio utilizas en tu sala de clase?<\/p>\n<p><iframe loading=\"lazy\" src=\"https:\/\/drive.google.com\/file\/d\/1k66hAVjupZZhp8GKc7IgG2OHvpcXFQsn\/preview\" width=\"100%\" height=\"480\"><span data-mce-type=\"bookmark\" style=\"display: inline-block; width: 0px; overflow: hidden; line-height: 0;\" class=\"mce_SELRES_start\">\ufeff<\/span><\/iframe><\/p>\n<p><strong>Este contenido ha sido publicado originalmente por Elige Educar (Chile) en la siguiente direcci\u00f3n:\u00a0<a href=\"http:\/\/eligeeducar.cl\" target=\"_blank\" rel=\"noopener noreferrer\">eligeeducar.cl<\/a><\/strong><\/p>\n<p style=\"text-align: center;\">ENLACE DE LECTURA: <a href=\"https:\/\/drive.google.com\/drive\/folders\/1WkOhDGKuQUGkG5EwC9MEsUf7UbHxX5gX?usp=sharing\" target=\"_blank\" rel=\"noopener\">10 CONSEJOS PARA EL MANEJO DE LA CLASE<\/a><\/p>\n\t\t<div class=\"pk-inline-posts\">\n\t\t\t\n\t\t\t<div class=\"pk-inline-posts-container pk-inline-posts-template-list\"\n\t\t\t\tdata-columns=\"1\">\n\t\t\t\t\t\t<article id=\"post-28153\" class=\"post-28153 post type-post status-publish format-standard has-post-thumbnail category-consejos category-docentes category-pedagogia tag-adaptacion-a-diversidad tag-adaptacion-curricular tag-aprendizaje-activo tag-clases tag-diseno-curricular tag-diseno-de-actividades tag-diseno-de-lecciones tag-diseno-de-unidades-didacticas tag-eficiente tag-enfoque-centrado-en-el-estudiante tag-estrategias-de-ensenanza tag-estrategias-de-ensenanza-efectiva tag-estrategias-de-instruccion tag-estrategias-de-participacion tag-evaluacion-autentica tag-evaluacion-del-aprendizaje tag-evaluacion-formativa tag-evaluacion-sumativa tag-instruccion-diferenciada tag-manera tag-medicion-del-progreso tag-metodologia-educativa tag-motivacion-del-estudiante tag-objetivos-de-aprendizaje tag-planificacion-a-corto-plazo tag-planificacion-a-largo-plazo tag-planificacion-de-clases tag-planificar tag-recursos-didacticos tag-retroalimentacion-formativa tag-secuencia-didactica tag-taxonomia-de-bloom tag-tecnicas-de-organizacion tag-uso-de-tecnologia-educativa cs-entry cs-video-wrap\">\n\t\t\t<div class=\"pk-post-outer\">\n\n\t\t\t\t\t\t\t\t<div class=\"pk-post-inner\">\n\t\t\t\t\t<div class=\"entry-thumbnail\">\n\t\t\t\t\t\t<div class=\"pk-overlay pk-overlay-ratio pk-ratio-landscape\">\n\t\t\t\t\t\t\t<div class=\"pk-overlay-background\">\n\t\t\t\t\t\t\t\t<a href=\"https:\/\/webdelmaestrocmf.com\/portal\/como-planificar-las-clases-de-manera-eficiente\/\" class=\"pk-overlay-link\">\n\t\t\t\t\t\t\t\t\t<img loading=\"lazy\" decoding=\"async\" width=\"300\" height=\"225\" src=\"https:\/\/webdelmaestrocmf.com\/portal\/wp-content\/uploads\/2026\/02\/1AA-Banner-1-portada-imagen-10-1-copia-16-300x225.webp\" class=\"attachment-pk-thumbnail size-pk-thumbnail wp-post-image\" alt=\"\" \/>\t\t\t\t\t\t\t\t<\/a>\n\t\t\t\t\t\t\t<\/div>\n\t\t\t\t\t\t<\/div>\n\t\t\t\t\t<\/div>\n\t\t\t\t<\/div>\n\t\t\t\t\n\t\t\t\t<div class=\"pk-post-inner\">\n\t\t\t\t\t<header>\n\t\t\t\t\t\t<h3 class=\"pk-title\"><a href=\"https:\/\/webdelmaestrocmf.com\/portal\/como-planificar-las-clases-de-manera-eficiente\/\" rel=\"bookmark\">C\u00f3mo planificar las clases de manera eficiente: descarga las mejores plantillas de planificaci\u00f3n de clases<\/a><\/h3>\t\t\t\t\t<\/header><!-- .entry-header -->\n\t\t\t\t<\/div><!-- .post-inner -->\n\n\t\t\t<\/div><!-- .post-outer -->\n\t\t<\/article>\n\t\t\t<article id=\"post-47675\" class=\"post-47675 post type-post status-publish format-standard has-post-thumbnail category-consejos category-pedagogia tag-aplicarlo tag-aprendizaje tag-atencion tag-como tag-estudiantes tag-llamar tag-virtual cs-entry cs-video-wrap\">\n\t\t\t<div class=\"pk-post-outer\">\n\n\t\t\t\t\t\t\t\t<div class=\"pk-post-inner\">\n\t\t\t\t\t<div class=\"entry-thumbnail\">\n\t\t\t\t\t\t<div class=\"pk-overlay pk-overlay-ratio pk-ratio-landscape\">\n\t\t\t\t\t\t\t<div class=\"pk-overlay-background\">\n\t\t\t\t\t\t\t\t<a href=\"https:\/\/webdelmaestrocmf.com\/portal\/como-llamar-la-atencion-de-los-estudiantes-y-como-aplicarlo-en-el-aprendizaje-virtual\/\" class=\"pk-overlay-link\">\n\t\t\t\t\t\t\t\t\t<img loading=\"lazy\" decoding=\"async\" width=\"300\" height=\"225\" src=\"https:\/\/webdelmaestrocmf.com\/portal\/wp-content\/uploads\/2021\/03\/1A-Banner-1-portada-imagen-10-1-34-300x225.jpg\" class=\"attachment-pk-thumbnail size-pk-thumbnail wp-post-image\" alt=\"\" \/>\t\t\t\t\t\t\t\t<\/a>\n\t\t\t\t\t\t\t<\/div>\n\t\t\t\t\t\t<\/div>\n\t\t\t\t\t<\/div>\n\t\t\t\t<\/div>\n\t\t\t\t\n\t\t\t\t<div class=\"pk-post-inner\">\n\t\t\t\t\t<header>\n\t\t\t\t\t\t<h3 class=\"pk-title\"><a href=\"https:\/\/webdelmaestrocmf.com\/portal\/como-llamar-la-atencion-de-los-estudiantes-y-como-aplicarlo-en-el-aprendizaje-virtual\/\" rel=\"bookmark\">C\u00f3mo llamar la atenci\u00f3n y el inter\u00e9s de los estudiantes<\/a><\/h3>\t\t\t\t\t<\/header><!-- .entry-header -->\n\t\t\t\t<\/div><!-- .post-inner -->\n\n\t\t\t<\/div><!-- .post-outer -->\n\t\t<\/article>\n\t\t\t<article id=\"post-15168\" class=\"post-15168 post type-post status-publish format-standard has-post-thumbnail category-consejos category-pedagogia tag-alumnos tag-clases tag-consejos tag-dia tag-docentes tag-padres tag-primer cs-entry cs-video-wrap\">\n\t\t\t<div class=\"pk-post-outer\">\n\n\t\t\t\t\t\t\t\t<div class=\"pk-post-inner\">\n\t\t\t\t\t<div class=\"entry-thumbnail\">\n\t\t\t\t\t\t<div class=\"pk-overlay pk-overlay-ratio pk-ratio-landscape\">\n\t\t\t\t\t\t\t<div class=\"pk-overlay-background\">\n\t\t\t\t\t\t\t\t<a href=\"https:\/\/webdelmaestrocmf.com\/portal\/primer-dia-de-clases-consejos-utiles-para-los-docentes-padres-y-alumnos\/\" class=\"pk-overlay-link\">\n\t\t\t\t\t\t\t\t\t<img loading=\"lazy\" decoding=\"async\" width=\"300\" height=\"225\" src=\"https:\/\/webdelmaestrocmf.com\/portal\/wp-content\/uploads\/2022\/03\/Banner-1-portada-imagen-10-1-2-300x225.jpg\" class=\"attachment-pk-thumbnail size-pk-thumbnail wp-post-image\" alt=\"\" \/>\t\t\t\t\t\t\t\t<\/a>\n\t\t\t\t\t\t\t<\/div>\n\t\t\t\t\t\t<\/div>\n\t\t\t\t\t<\/div>\n\t\t\t\t<\/div>\n\t\t\t\t\n\t\t\t\t<div class=\"pk-post-inner\">\n\t\t\t\t\t<header>\n\t\t\t\t\t\t<h3 class=\"pk-title\"><a href=\"https:\/\/webdelmaestrocmf.com\/portal\/primer-dia-de-clases-consejos-utiles-para-los-docentes-padres-y-alumnos\/\" rel=\"bookmark\">Descarga el Kit Integral de Organizaci\u00f3n, Ambientaci\u00f3n y Gesti\u00f3n del Aula para Educaci\u00f3n Preescolar<\/a><\/h3>\t\t\t\t\t<\/header><!-- .entry-header -->\n\t\t\t\t<\/div><!-- .post-inner -->\n\n\t\t\t<\/div><!-- .post-outer -->\n\t\t<\/article>\n\t\t\t\t<\/div>\n\t\t<\/div>\n\t\t\n","protected":false},"excerpt":{"rendered":"El manejo efectivo del aula requiere conocimiento, paciencia, buen tiempo, l\u00edmites e instinto.\u00a0No es nada f\u00e1cil controlar a&hellip;","protected":false},"author":1,"featured_media":102837,"comment_status":"open","ping_status":"closed","sticky":false,"template":"","format":"standard","meta":{"csco_display_header_overlay":false,"csco_singular_sidebar":"default","csco_page_header_type":"default","csco_page_load_nextpost":"default","csco_post_video_location":[],"csco_post_video_location_hash":"","csco_post_video_url":"","csco_post_video_bg_start_time":0,"csco_post_video_bg_end_time":0,"csco_post_video_bg_volume":false,"_jetpack_memberships_contains_paid_content":false,"footnotes":""},"categories":[1269,735],"tags":[596,2711,2332,3055,2534],"class_list":{"0":"post-23805","1":"post","2":"type-post","3":"status-publish","4":"format-standard","5":"has-post-thumbnail","7":"category-consejos","8":"category-pedagogia","9":"tag-aula","10":"tag-efectiva","11":"tag-forma","12":"tag-manejar","13":"tag-principios","14":"cs-entry","15":"cs-video-wrap"},"yoast_head":"<!-- This site is optimized with the Yoast SEO plugin v27.5 - https:\/\/yoast.com\/product\/yoast-seo-wordpress\/ -->\n<title>Principios para manejar el aula de forma efectiva<\/title>\n<meta name=\"description\" content=\"El manejo efectivo del aula requiere conocimiento, paciencia, buen tiempo, l\u00edmites e instinto.\u00a0No es nada f\u00e1cil controlar a un...\" \/>\n<meta name=\"robots\" content=\"index, follow, max-snippet:-1, max-image-preview:large, max-video-preview:-1\" \/>\n<link rel=\"canonical\" href=\"https:\/\/webdelmaestrocmf.com\/portal\/5-principios-manejar-aula-forma-efectiva\/\" \/>\n<meta property=\"og:locale\" content=\"es_ES\" \/>\n<meta property=\"og:type\" content=\"article\" \/>\n<meta property=\"og:title\" content=\"Principios para manejar el aula de forma efectiva\" \/>\n<meta property=\"og:description\" content=\"El manejo efectivo del aula requiere conocimiento, paciencia, buen tiempo, l\u00edmites e instinto.\u00a0No es nada f\u00e1cil controlar a un...\" \/>\n<meta property=\"og:url\" content=\"https:\/\/webdelmaestrocmf.com\/portal\/5-principios-manejar-aula-forma-efectiva\/\" \/>\n<meta property=\"og:site_name\" content=\"Web del Maestro CMF\" \/>\n<meta property=\"article:publisher\" content=\"https:\/\/www.facebook.com\/WebdelMaestroCMF\/\" \/>\n<meta property=\"article:author\" content=\"https:\/\/www.facebook.com\/WebdelMaestroCMF\/\" \/>\n<meta property=\"article:published_time\" content=\"2024-12-12T13:00:48+00:00\" \/>\n<meta property=\"article:modified_time\" content=\"2024-12-12T13:18:55+00:00\" \/>\n<meta property=\"og:image\" content=\"https:\/\/webdelmaestrocmf.com\/portal\/wp-content\/uploads\/2020\/12\/Banner-1-portada-imagen-10-44.jpg\" \/>\n\t<meta property=\"og:image:width\" content=\"1024\" \/>\n\t<meta property=\"og:image:height\" content=\"1024\" \/>\n\t<meta property=\"og:image:type\" content=\"image\/jpeg\" \/>\n<meta name=\"author\" content=\"Web del Maestro CMF\" \/>\n<meta name=\"twitter:card\" content=\"summary_large_image\" \/>\n<meta name=\"twitter:creator\" content=\"@cmf_w\" \/>\n<meta name=\"twitter:site\" content=\"@cmf_w\" \/>\n<script type=\"application\/ld+json\" class=\"yoast-schema-graph\">{\"@context\":\"https:\\\/\\\/schema.org\",\"@graph\":[{\"@type\":\"ScholarlyArticle\",\"@id\":\"https:\\\/\\\/webdelmaestrocmf.com\\\/portal\\\/5-principios-manejar-aula-forma-efectiva\\\/#article\",\"isPartOf\":{\"@id\":\"https:\\\/\\\/webdelmaestrocmf.com\\\/portal\\\/5-principios-manejar-aula-forma-efectiva\\\/\"},\"author\":{\"name\":\"Web del Maestro CMF\",\"@id\":\"https:\\\/\\\/webdelmaestrocmf.com\\\/portal\\\/#\\\/schema\\\/person\\\/1072a2ed7bd960df8ef99a551fa35dc5\"},\"headline\":\"Principios para manejar el aula de forma efectiva\",\"datePublished\":\"2024-12-12T13:00:48+00:00\",\"dateModified\":\"2024-12-12T13:18:55+00:00\",\"mainEntityOfPage\":{\"@id\":\"https:\\\/\\\/webdelmaestrocmf.com\\\/portal\\\/5-principios-manejar-aula-forma-efectiva\\\/\"},\"wordCount\":911,\"commentCount\":4,\"publisher\":{\"@id\":\"https:\\\/\\\/webdelmaestrocmf.com\\\/portal\\\/#organization\"},\"image\":{\"@id\":\"https:\\\/\\\/webdelmaestrocmf.com\\\/portal\\\/5-principios-manejar-aula-forma-efectiva\\\/#primaryimage\"},\"thumbnailUrl\":\"https:\\\/\\\/webdelmaestrocmf.com\\\/portal\\\/wp-content\\\/uploads\\\/2020\\\/12\\\/Banner-1-portada-imagen-10-44.jpg\",\"keywords\":[\"aula\",\"EFECTIVA\",\"FORMA\",\"MANEJAR\",\"PRINCIPIOS\"],\"articleSection\":[\"Consejos\",\"Recursos\"],\"inLanguage\":\"es\",\"potentialAction\":[{\"@type\":\"CommentAction\",\"name\":\"Comment\",\"target\":[\"https:\\\/\\\/webdelmaestrocmf.com\\\/portal\\\/5-principios-manejar-aula-forma-efectiva\\\/#respond\"]}]},{\"@type\":\"WebPage\",\"@id\":\"https:\\\/\\\/webdelmaestrocmf.com\\\/portal\\\/5-principios-manejar-aula-forma-efectiva\\\/\",\"url\":\"https:\\\/\\\/webdelmaestrocmf.com\\\/portal\\\/5-principios-manejar-aula-forma-efectiva\\\/\",\"name\":\"Principios para manejar el aula de forma efectiva\",\"isPartOf\":{\"@id\":\"https:\\\/\\\/webdelmaestrocmf.com\\\/portal\\\/#website\"},\"primaryImageOfPage\":{\"@id\":\"https:\\\/\\\/webdelmaestrocmf.com\\\/portal\\\/5-principios-manejar-aula-forma-efectiva\\\/#primaryimage\"},\"image\":{\"@id\":\"https:\\\/\\\/webdelmaestrocmf.com\\\/portal\\\/5-principios-manejar-aula-forma-efectiva\\\/#primaryimage\"},\"thumbnailUrl\":\"https:\\\/\\\/webdelmaestrocmf.com\\\/portal\\\/wp-content\\\/uploads\\\/2020\\\/12\\\/Banner-1-portada-imagen-10-44.jpg\",\"datePublished\":\"2024-12-12T13:00:48+00:00\",\"dateModified\":\"2024-12-12T13:18:55+00:00\",\"description\":\"El manejo efectivo del aula requiere conocimiento, paciencia, buen tiempo, l\u00edmites e instinto.\u00a0No es nada f\u00e1cil controlar a un...\",\"breadcrumb\":{\"@id\":\"https:\\\/\\\/webdelmaestrocmf.com\\\/portal\\\/5-principios-manejar-aula-forma-efectiva\\\/#breadcrumb\"},\"inLanguage\":\"es\",\"potentialAction\":[{\"@type\":\"ReadAction\",\"target\":[\"https:\\\/\\\/webdelmaestrocmf.com\\\/portal\\\/5-principios-manejar-aula-forma-efectiva\\\/\"]}]},{\"@type\":\"ImageObject\",\"inLanguage\":\"es\",\"@id\":\"https:\\\/\\\/webdelmaestrocmf.com\\\/portal\\\/5-principios-manejar-aula-forma-efectiva\\\/#primaryimage\",\"url\":\"https:\\\/\\\/webdelmaestrocmf.com\\\/portal\\\/wp-content\\\/uploads\\\/2020\\\/12\\\/Banner-1-portada-imagen-10-44.jpg\",\"contentUrl\":\"https:\\\/\\\/webdelmaestrocmf.com\\\/portal\\\/wp-content\\\/uploads\\\/2020\\\/12\\\/Banner-1-portada-imagen-10-44.jpg\",\"width\":1024,\"height\":1024,\"caption\":\"manejar el aula\"},{\"@type\":\"BreadcrumbList\",\"@id\":\"https:\\\/\\\/webdelmaestrocmf.com\\\/portal\\\/5-principios-manejar-aula-forma-efectiva\\\/#breadcrumb\",\"itemListElement\":[{\"@type\":\"ListItem\",\"position\":1,\"name\":\"Portada\",\"item\":\"https:\\\/\\\/webdelmaestrocmf.com\\\/portal\\\/\"},{\"@type\":\"ListItem\",\"position\":2,\"name\":\"Recursos\",\"item\":\"https:\\\/\\\/webdelmaestrocmf.com\\\/portal\\\/category\\\/pedagogia\\\/\"},{\"@type\":\"ListItem\",\"position\":3,\"name\":\"Principios para manejar el aula de forma efectiva\"}]},{\"@type\":\"WebSite\",\"@id\":\"https:\\\/\\\/webdelmaestrocmf.com\\\/portal\\\/#website\",\"url\":\"https:\\\/\\\/webdelmaestrocmf.com\\\/portal\\\/\",\"name\":\"Web del Maestro CMF\",\"description\":\"Maestros al servicio de la educaci\u00f3n\",\"publisher\":{\"@id\":\"https:\\\/\\\/webdelmaestrocmf.com\\\/portal\\\/#organization\"},\"alternateName\":\"WMCMF\",\"potentialAction\":[{\"@type\":\"SearchAction\",\"target\":{\"@type\":\"EntryPoint\",\"urlTemplate\":\"https:\\\/\\\/webdelmaestrocmf.com\\\/portal\\\/?s={search_term_string}\"},\"query-input\":{\"@type\":\"PropertyValueSpecification\",\"valueRequired\":true,\"valueName\":\"search_term_string\"}}],\"inLanguage\":\"es\"},{\"@type\":\"Organization\",\"@id\":\"https:\\\/\\\/webdelmaestrocmf.com\\\/portal\\\/#organization\",\"name\":\"Web del Maestro CMF\",\"alternateName\":\"WMCMF\",\"url\":\"https:\\\/\\\/webdelmaestrocmf.com\\\/portal\\\/\",\"logo\":{\"@type\":\"ImageObject\",\"inLanguage\":\"es\",\"@id\":\"https:\\\/\\\/webdelmaestrocmf.com\\\/portal\\\/#\\\/schema\\\/logo\\\/image\\\/\",\"url\":\"https:\\\/\\\/webdelmaestrocmf.com\\\/portal\\\/wp-content\\\/uploads\\\/2023\\\/01\\\/logo-wmcmf-2.png\",\"contentUrl\":\"https:\\\/\\\/webdelmaestrocmf.com\\\/portal\\\/wp-content\\\/uploads\\\/2023\\\/01\\\/logo-wmcmf-2.png\",\"width\":200,\"height\":60,\"caption\":\"Web del Maestro CMF\"},\"image\":{\"@id\":\"https:\\\/\\\/webdelmaestrocmf.com\\\/portal\\\/#\\\/schema\\\/logo\\\/image\\\/\"},\"sameAs\":[\"https:\\\/\\\/www.facebook.com\\\/WebdelMaestroCMF\\\/\",\"https:\\\/\\\/x.com\\\/cmf_w\",\"https:\\\/\\\/www.pinterest.com\\\/WMCMF\\\/\",\"https:\\\/\\\/www.linkedin.com\\\/company\\\/web-del-maestro-cmf\\\/\",\"https:\\\/\\\/www.instagram.com\\\/wmcmf\\\/\",\"https:\\\/\\\/www.youtube.com\\\/channel\\\/UCDPSvjbdodE5sHnC3OxutHw\",\"https:\\\/\\\/mastodon.social\\\/@wmcmf\",\"https:\\\/\\\/www.tiktok.com\\\/@webdelmaestrocmf\"]},{\"@type\":\"Person\",\"@id\":\"https:\\\/\\\/webdelmaestrocmf.com\\\/portal\\\/#\\\/schema\\\/person\\\/1072a2ed7bd960df8ef99a551fa35dc5\",\"name\":\"Web del Maestro CMF\",\"image\":{\"@type\":\"ImageObject\",\"inLanguage\":\"es\",\"@id\":\"https:\\\/\\\/secure.gravatar.com\\\/avatar\\\/23291dd5b5ae1077dcff3dbb04c3e02bd28403fa75af6d8787d5e97c5bbbe30b?s=96&d=mm&r=g\",\"url\":\"https:\\\/\\\/secure.gravatar.com\\\/avatar\\\/23291dd5b5ae1077dcff3dbb04c3e02bd28403fa75af6d8787d5e97c5bbbe30b?s=96&d=mm&r=g\",\"contentUrl\":\"https:\\\/\\\/secure.gravatar.com\\\/avatar\\\/23291dd5b5ae1077dcff3dbb04c3e02bd28403fa75af6d8787d5e97c5bbbe30b?s=96&d=mm&r=g\",\"caption\":\"Web del Maestro CMF\"},\"description\":\"Esta Web se cre\u00f3 sin fines de lucro, con fines educativos, cient\u00edficos y acad\u00e9micos, para personas que tengan dificultades y\\\/o inconvenientes en visualizar el material original. El objetivo es entregar recursos, compartir experiencias y materiales que ayuden a los padres de familia, maestros y estudiantes en su actualizaci\u00f3n y formaci\u00f3n permanente, en bien de la Educaci\u00f3n.\",\"sameAs\":[\"http:\\\/\\\/webdelmaestrocmf.com\\\/portal\",\"https:\\\/\\\/www.facebook.com\\\/WebdelMaestroCMF\\\/\",\"https:\\\/\\\/www.instagram.com\\\/wmcmf\\\/\",\"https:\\\/\\\/cl.linkedin.com\\\/company\\\/web-del-maestro-cmf\",\"https:\\\/\\\/www.pinterest.com\\\/WMCMF\\\/publicaciones\\\/\",\"https:\\\/\\\/x.com\\\/cmf_w\",\"https:\\\/\\\/www.youtube.com\\\/@WMCMF\"]}]}<\/script>\n<!-- \/ Yoast SEO plugin. -->","yoast_head_json":{"title":"Principios para manejar el aula de forma efectiva","description":"El manejo efectivo del aula requiere conocimiento, paciencia, buen tiempo, l\u00edmites e instinto.\u00a0No es nada f\u00e1cil controlar a un...","robots":{"index":"index","follow":"follow","max-snippet":"max-snippet:-1","max-image-preview":"max-image-preview:large","max-video-preview":"max-video-preview:-1"},"canonical":"https:\/\/webdelmaestrocmf.com\/portal\/5-principios-manejar-aula-forma-efectiva\/","og_locale":"es_ES","og_type":"article","og_title":"Principios para manejar el aula de forma efectiva","og_description":"El manejo efectivo del aula requiere conocimiento, paciencia, buen tiempo, l\u00edmites e instinto.\u00a0No es nada f\u00e1cil controlar a un...","og_url":"https:\/\/webdelmaestrocmf.com\/portal\/5-principios-manejar-aula-forma-efectiva\/","og_site_name":"Web del Maestro CMF","article_publisher":"https:\/\/www.facebook.com\/WebdelMaestroCMF\/","article_author":"https:\/\/www.facebook.com\/WebdelMaestroCMF\/","article_published_time":"2024-12-12T13:00:48+00:00","article_modified_time":"2024-12-12T13:18:55+00:00","og_image":[{"width":1024,"height":1024,"url":"https:\/\/webdelmaestrocmf.com\/portal\/wp-content\/uploads\/2020\/12\/Banner-1-portada-imagen-10-44.jpg","type":"image\/jpeg"}],"author":"Web del Maestro CMF","twitter_card":"summary_large_image","twitter_creator":"@cmf_w","twitter_site":"@cmf_w","schema":{"@context":"https:\/\/schema.org","@graph":[{"@type":"ScholarlyArticle","@id":"https:\/\/webdelmaestrocmf.com\/portal\/5-principios-manejar-aula-forma-efectiva\/#article","isPartOf":{"@id":"https:\/\/webdelmaestrocmf.com\/portal\/5-principios-manejar-aula-forma-efectiva\/"},"author":{"name":"Web del Maestro CMF","@id":"https:\/\/webdelmaestrocmf.com\/portal\/#\/schema\/person\/1072a2ed7bd960df8ef99a551fa35dc5"},"headline":"Principios para manejar el aula de forma efectiva","datePublished":"2024-12-12T13:00:48+00:00","dateModified":"2024-12-12T13:18:55+00:00","mainEntityOfPage":{"@id":"https:\/\/webdelmaestrocmf.com\/portal\/5-principios-manejar-aula-forma-efectiva\/"},"wordCount":911,"commentCount":4,"publisher":{"@id":"https:\/\/webdelmaestrocmf.com\/portal\/#organization"},"image":{"@id":"https:\/\/webdelmaestrocmf.com\/portal\/5-principios-manejar-aula-forma-efectiva\/#primaryimage"},"thumbnailUrl":"https:\/\/webdelmaestrocmf.com\/portal\/wp-content\/uploads\/2020\/12\/Banner-1-portada-imagen-10-44.jpg","keywords":["aula","EFECTIVA","FORMA","MANEJAR","PRINCIPIOS"],"articleSection":["Consejos","Recursos"],"inLanguage":"es","potentialAction":[{"@type":"CommentAction","name":"Comment","target":["https:\/\/webdelmaestrocmf.com\/portal\/5-principios-manejar-aula-forma-efectiva\/#respond"]}]},{"@type":"WebPage","@id":"https:\/\/webdelmaestrocmf.com\/portal\/5-principios-manejar-aula-forma-efectiva\/","url":"https:\/\/webdelmaestrocmf.com\/portal\/5-principios-manejar-aula-forma-efectiva\/","name":"Principios para manejar el aula de forma efectiva","isPartOf":{"@id":"https:\/\/webdelmaestrocmf.com\/portal\/#website"},"primaryImageOfPage":{"@id":"https:\/\/webdelmaestrocmf.com\/portal\/5-principios-manejar-aula-forma-efectiva\/#primaryimage"},"image":{"@id":"https:\/\/webdelmaestrocmf.com\/portal\/5-principios-manejar-aula-forma-efectiva\/#primaryimage"},"thumbnailUrl":"https:\/\/webdelmaestrocmf.com\/portal\/wp-content\/uploads\/2020\/12\/Banner-1-portada-imagen-10-44.jpg","datePublished":"2024-12-12T13:00:48+00:00","dateModified":"2024-12-12T13:18:55+00:00","description":"El manejo efectivo del aula requiere conocimiento, paciencia, buen tiempo, l\u00edmites e instinto.\u00a0No es nada f\u00e1cil controlar a un...","breadcrumb":{"@id":"https:\/\/webdelmaestrocmf.com\/portal\/5-principios-manejar-aula-forma-efectiva\/#breadcrumb"},"inLanguage":"es","potentialAction":[{"@type":"ReadAction","target":["https:\/\/webdelmaestrocmf.com\/portal\/5-principios-manejar-aula-forma-efectiva\/"]}]},{"@type":"ImageObject","inLanguage":"es","@id":"https:\/\/webdelmaestrocmf.com\/portal\/5-principios-manejar-aula-forma-efectiva\/#primaryimage","url":"https:\/\/webdelmaestrocmf.com\/portal\/wp-content\/uploads\/2020\/12\/Banner-1-portada-imagen-10-44.jpg","contentUrl":"https:\/\/webdelmaestrocmf.com\/portal\/wp-content\/uploads\/2020\/12\/Banner-1-portada-imagen-10-44.jpg","width":1024,"height":1024,"caption":"manejar el aula"},{"@type":"BreadcrumbList","@id":"https:\/\/webdelmaestrocmf.com\/portal\/5-principios-manejar-aula-forma-efectiva\/#breadcrumb","itemListElement":[{"@type":"ListItem","position":1,"name":"Portada","item":"https:\/\/webdelmaestrocmf.com\/portal\/"},{"@type":"ListItem","position":2,"name":"Recursos","item":"https:\/\/webdelmaestrocmf.com\/portal\/category\/pedagogia\/"},{"@type":"ListItem","position":3,"name":"Principios para manejar el aula de forma efectiva"}]},{"@type":"WebSite","@id":"https:\/\/webdelmaestrocmf.com\/portal\/#website","url":"https:\/\/webdelmaestrocmf.com\/portal\/","name":"Web del Maestro CMF","description":"Maestros al servicio de la educaci\u00f3n","publisher":{"@id":"https:\/\/webdelmaestrocmf.com\/portal\/#organization"},"alternateName":"WMCMF","potentialAction":[{"@type":"SearchAction","target":{"@type":"EntryPoint","urlTemplate":"https:\/\/webdelmaestrocmf.com\/portal\/?s={search_term_string}"},"query-input":{"@type":"PropertyValueSpecification","valueRequired":true,"valueName":"search_term_string"}}],"inLanguage":"es"},{"@type":"Organization","@id":"https:\/\/webdelmaestrocmf.com\/portal\/#organization","name":"Web del Maestro CMF","alternateName":"WMCMF","url":"https:\/\/webdelmaestrocmf.com\/portal\/","logo":{"@type":"ImageObject","inLanguage":"es","@id":"https:\/\/webdelmaestrocmf.com\/portal\/#\/schema\/logo\/image\/","url":"https:\/\/webdelmaestrocmf.com\/portal\/wp-content\/uploads\/2023\/01\/logo-wmcmf-2.png","contentUrl":"https:\/\/webdelmaestrocmf.com\/portal\/wp-content\/uploads\/2023\/01\/logo-wmcmf-2.png","width":200,"height":60,"caption":"Web del Maestro CMF"},"image":{"@id":"https:\/\/webdelmaestrocmf.com\/portal\/#\/schema\/logo\/image\/"},"sameAs":["https:\/\/www.facebook.com\/WebdelMaestroCMF\/","https:\/\/x.com\/cmf_w","https:\/\/www.pinterest.com\/WMCMF\/","https:\/\/www.linkedin.com\/company\/web-del-maestro-cmf\/","https:\/\/www.instagram.com\/wmcmf\/","https:\/\/www.youtube.com\/channel\/UCDPSvjbdodE5sHnC3OxutHw","https:\/\/mastodon.social\/@wmcmf","https:\/\/www.tiktok.com\/@webdelmaestrocmf"]},{"@type":"Person","@id":"https:\/\/webdelmaestrocmf.com\/portal\/#\/schema\/person\/1072a2ed7bd960df8ef99a551fa35dc5","name":"Web del Maestro CMF","image":{"@type":"ImageObject","inLanguage":"es","@id":"https:\/\/secure.gravatar.com\/avatar\/23291dd5b5ae1077dcff3dbb04c3e02bd28403fa75af6d8787d5e97c5bbbe30b?s=96&d=mm&r=g","url":"https:\/\/secure.gravatar.com\/avatar\/23291dd5b5ae1077dcff3dbb04c3e02bd28403fa75af6d8787d5e97c5bbbe30b?s=96&d=mm&r=g","contentUrl":"https:\/\/secure.gravatar.com\/avatar\/23291dd5b5ae1077dcff3dbb04c3e02bd28403fa75af6d8787d5e97c5bbbe30b?s=96&d=mm&r=g","caption":"Web del Maestro CMF"},"description":"Esta Web se cre\u00f3 sin fines de lucro, con fines educativos, cient\u00edficos y acad\u00e9micos, para personas que tengan dificultades y\/o inconvenientes en visualizar el material original. El objetivo es entregar recursos, compartir experiencias y materiales que ayuden a los padres de familia, maestros y estudiantes en su actualizaci\u00f3n y formaci\u00f3n permanente, en bien de la Educaci\u00f3n.","sameAs":["http:\/\/webdelmaestrocmf.com\/portal","https:\/\/www.facebook.com\/WebdelMaestroCMF\/","https:\/\/www.instagram.com\/wmcmf\/","https:\/\/cl.linkedin.com\/company\/web-del-maestro-cmf","https:\/\/www.pinterest.com\/WMCMF\/publicaciones\/","https:\/\/x.com\/cmf_w","https:\/\/www.youtube.com\/@WMCMF"]}]}},"jetpack_featured_media_url":"https:\/\/webdelmaestrocmf.com\/portal\/wp-content\/uploads\/2020\/12\/Banner-1-portada-imagen-10-44.jpg","jetpack_sharing_enabled":true,"jetpack-related-posts":[{"id":16492,"url":"https:\/\/webdelmaestrocmf.com\/portal\/estrategias-manejo-conductual-aula\/","url_meta":{"origin":23805,"position":0},"title":"Descarga el Manual de estrategias de manejo conductual en aula y el Manual de entrenamiento emocional en adolescentes","author":"Web del Maestro CMF","date":"15 septiembre, 2025","format":false,"excerpt":"La disciplina no es el \u00fanico instrumento formativo del car\u00e1cter. Uno de los descubrimientos psicol\u00f3gicos m\u00e1s importantes de los tiempos modernos, fue el descubrimiento de que los juegos no s\u00f3lo de los ni\u00f1os, sino tambi\u00e9n (lo que es m\u00e1s significativo) de los adolescentes y de los adultos, pod\u00edan aprovecharse con\u2026","rel":"","context":"En \u00abDocentes\u00bb","block_context":{"text":"Docentes","link":"https:\/\/webdelmaestrocmf.com\/portal\/category\/pedagogia\/docentes\/"},"img":{"alt_text":"","src":"https:\/\/i0.wp.com\/webdelmaestrocmf.com\/portal\/wp-content\/uploads\/2021\/11\/Banner-1-portada-imagen-10-1-20.jpg?resize=350%2C200&ssl=1","width":350,"height":200,"srcset":"https:\/\/i0.wp.com\/webdelmaestrocmf.com\/portal\/wp-content\/uploads\/2021\/11\/Banner-1-portada-imagen-10-1-20.jpg?resize=350%2C200&ssl=1 1x, https:\/\/i0.wp.com\/webdelmaestrocmf.com\/portal\/wp-content\/uploads\/2021\/11\/Banner-1-portada-imagen-10-1-20.jpg?resize=525%2C300&ssl=1 1.5x, https:\/\/i0.wp.com\/webdelmaestrocmf.com\/portal\/wp-content\/uploads\/2021\/11\/Banner-1-portada-imagen-10-1-20.jpg?resize=700%2C400&ssl=1 2x"},"classes":[]},{"id":22265,"url":"https:\/\/webdelmaestrocmf.com\/portal\/desarrollar-las-competencias-aula\/","url_meta":{"origin":23805,"position":1},"title":"\u00bfC\u00f3mo desarrollar las competencias en el aula?","author":"Web del Maestro CMF","date":"16 enero, 2024","format":false,"excerpt":"En el din\u00e1mico entorno educativo de hoy en d\u00eda, el simple traslado de informaci\u00f3n ya no es suficiente. La formaci\u00f3n integral de los estudiantes va m\u00e1s all\u00e1 de la mera adquisici\u00f3n de conocimientos. Se trata de fomentar el desarrollo de competencias, habilidades y aptitudes que les permitan enfrentar los desaf\u00edos\u2026","rel":"","context":"En \u00abConsejos\u00bb","block_context":{"text":"Consejos","link":"https:\/\/webdelmaestrocmf.com\/portal\/category\/pedagogia\/consejos\/"},"img":{"alt_text":"","src":"https:\/\/i0.wp.com\/webdelmaestrocmf.com\/portal\/wp-content\/uploads\/2021\/03\/Banner-1-portada-imagen-10-23.jpg?resize=350%2C200&ssl=1","width":350,"height":200,"srcset":"https:\/\/i0.wp.com\/webdelmaestrocmf.com\/portal\/wp-content\/uploads\/2021\/03\/Banner-1-portada-imagen-10-23.jpg?resize=350%2C200&ssl=1 1x, https:\/\/i0.wp.com\/webdelmaestrocmf.com\/portal\/wp-content\/uploads\/2021\/03\/Banner-1-portada-imagen-10-23.jpg?resize=525%2C300&ssl=1 1.5x, https:\/\/i0.wp.com\/webdelmaestrocmf.com\/portal\/wp-content\/uploads\/2021\/03\/Banner-1-portada-imagen-10-23.jpg?resize=700%2C400&ssl=1 2x"},"classes":[]},{"id":97670,"url":"https:\/\/webdelmaestrocmf.com\/portal\/como-controlar-la-ira-de-un-nino-en-el-aula\/","url_meta":{"origin":23805,"position":2},"title":"C\u00f3mo controlar la ira de un ni\u00f1o en el aula: descarga el manual del autocontrol y las tarjetas de la calma","author":"Web del Maestro CMF","date":"24 marzo, 2026","format":false,"excerpt":"La ira en ni\u00f1os es natural, pero mal gestionada afecta el aula; docentes y padres deben ense\u00f1ar regulaci\u00f3n emocional, comunicaci\u00f3n, l\u00edmites claros y estrategias saludables para un aprendizaje positivo sostenible.","rel":"","context":"En \u00abConductas disruptivas\u00bb","block_context":{"text":"Conductas disruptivas","link":"https:\/\/webdelmaestrocmf.com\/portal\/category\/pedagogia\/conductas-disruptivas\/"},"img":{"alt_text":"","src":"https:\/\/i0.wp.com\/webdelmaestrocmf.com\/portal\/wp-content\/uploads\/2023\/10\/Banner-1-portada-imagen-10-1-27.jpg?resize=350%2C200&ssl=1","width":350,"height":200,"srcset":"https:\/\/i0.wp.com\/webdelmaestrocmf.com\/portal\/wp-content\/uploads\/2023\/10\/Banner-1-portada-imagen-10-1-27.jpg?resize=350%2C200&ssl=1 1x, https:\/\/i0.wp.com\/webdelmaestrocmf.com\/portal\/wp-content\/uploads\/2023\/10\/Banner-1-portada-imagen-10-1-27.jpg?resize=525%2C300&ssl=1 1.5x, https:\/\/i0.wp.com\/webdelmaestrocmf.com\/portal\/wp-content\/uploads\/2023\/10\/Banner-1-portada-imagen-10-1-27.jpg?resize=700%2C400&ssl=1 2x"},"classes":[]},{"id":100193,"url":"https:\/\/webdelmaestrocmf.com\/portal\/el-supermercado-juegos-de-matematicas-para-ninos\/","url_meta":{"origin":23805,"position":3},"title":"El Supermercado: Juegos de matem\u00e1ticas para ni\u00f1os","author":"Web del Maestro CMF","date":"14 noviembre, 2023","format":false,"excerpt":"Sum\u00e9rgete en el emocionante mundo de los Juegos de matem\u00e1ticas, dise\u00f1ados para ni\u00f1os y alumnos de primaria \"El Supermercado\" o \"La tiendita\", una experiencia educativa creada para cautivar y ense\u00f1ar a los m\u00e1s peque\u00f1os. Este innovador juego no solo ofrece diversi\u00f3n, sino que tambi\u00e9n act\u00faa como un puente l\u00fadico hacia\u2026","rel":"","context":"En \u00abMatem\u00e1tica\u00bb","block_context":{"text":"Matem\u00e1tica","link":"https:\/\/webdelmaestrocmf.com\/portal\/category\/pedagogia\/matematica\/"},"img":{"alt_text":"Juegos de matem\u00e1ticas","src":"https:\/\/i0.wp.com\/webdelmaestrocmf.com\/portal\/wp-content\/uploads\/2023\/11\/A12B3C4D-3-3.jpg?resize=350%2C200&ssl=1","width":350,"height":200,"srcset":"https:\/\/i0.wp.com\/webdelmaestrocmf.com\/portal\/wp-content\/uploads\/2023\/11\/A12B3C4D-3-3.jpg?resize=350%2C200&ssl=1 1x, https:\/\/i0.wp.com\/webdelmaestrocmf.com\/portal\/wp-content\/uploads\/2023\/11\/A12B3C4D-3-3.jpg?resize=525%2C300&ssl=1 1.5x, https:\/\/i0.wp.com\/webdelmaestrocmf.com\/portal\/wp-content\/uploads\/2023\/11\/A12B3C4D-3-3.jpg?resize=700%2C400&ssl=1 2x"},"classes":[]},{"id":107847,"url":"https:\/\/webdelmaestrocmf.com\/portal\/laura-lewin-hace-muchos-anos-la-autoridad-se-imponia-hoy-no-puedes-imponer-nada-no-puedes-imponer-autoridad-en-una-escuela-el-respeto-en-el-aula-no-se-impone-se-gana\/","url_meta":{"origin":23805,"position":4},"title":"Laura Lewin: Hace muchos a\u00f1os, la autoridad se impon\u00eda; hoy, no puedes imponer nada. No puedes imponer autoridad en una escuela. El respeto en el aula no se impone, se gana.","author":"Web del Maestro CMF","date":"4 febrero, 2025","format":false,"excerpt":"No puedes imponer autoridad en una escuela. El respeto en el aula no se impone, se gana. Lo que tienes que hacer es ganar esa autoridad a trav\u00e9s de tres cosas: el respeto, la idoneidad y la credibilidad.","rel":"","context":"En \u00abEntrevistas\u00bb","block_context":{"text":"Entrevistas","link":"https:\/\/webdelmaestrocmf.com\/portal\/category\/noticias\/entrevistas\/"},"img":{"alt_text":"","src":"https:\/\/i0.wp.com\/webdelmaestrocmf.com\/portal\/wp-content\/uploads\/2025\/02\/1A-Banner-1-portada-imagen-10-1-1.jpg?resize=350%2C200&ssl=1","width":350,"height":200,"srcset":"https:\/\/i0.wp.com\/webdelmaestrocmf.com\/portal\/wp-content\/uploads\/2025\/02\/1A-Banner-1-portada-imagen-10-1-1.jpg?resize=350%2C200&ssl=1 1x, https:\/\/i0.wp.com\/webdelmaestrocmf.com\/portal\/wp-content\/uploads\/2025\/02\/1A-Banner-1-portada-imagen-10-1-1.jpg?resize=525%2C300&ssl=1 1.5x, https:\/\/i0.wp.com\/webdelmaestrocmf.com\/portal\/wp-content\/uploads\/2025\/02\/1A-Banner-1-portada-imagen-10-1-1.jpg?resize=700%2C400&ssl=1 2x"},"classes":[]},{"id":91093,"url":"https:\/\/webdelmaestrocmf.com\/portal\/cursos-gratuitos-en-harvard-que-podria-interesar-a-docentes\/","url_meta":{"origin":23805,"position":5},"title":"Cursos gratuitos en Harvard que podr\u00eda interesar a Docentes","author":"Web del Maestro CMF","date":"28 julio, 2023","format":false,"excerpt":"La Universidad de Harvard, una de las instituciones educativas m\u00e1s prestigiosas del mundo, ha lanzado una emocionante iniciativa que permite a estudiantes de todo el mundo acceder a m\u00e1s de 100 cursos educativos de forma gratuita a trav\u00e9s de su plataforma en l\u00ednea, Harvard X. Esta apertura hacia el p\u00fablico\u2026","rel":"","context":"En \u00abCursos\u00bb","block_context":{"text":"Cursos","link":"https:\/\/webdelmaestrocmf.com\/portal\/category\/cursos\/"},"img":{"alt_text":"","src":"https:\/\/i0.wp.com\/webdelmaestrocmf.com\/portal\/wp-content\/uploads\/2023\/07\/A12B3C4D-11-1.jpg?resize=350%2C200&ssl=1","width":350,"height":200,"srcset":"https:\/\/i0.wp.com\/webdelmaestrocmf.com\/portal\/wp-content\/uploads\/2023\/07\/A12B3C4D-11-1.jpg?resize=350%2C200&ssl=1 1x, https:\/\/i0.wp.com\/webdelmaestrocmf.com\/portal\/wp-content\/uploads\/2023\/07\/A12B3C4D-11-1.jpg?resize=525%2C300&ssl=1 1.5x, https:\/\/i0.wp.com\/webdelmaestrocmf.com\/portal\/wp-content\/uploads\/2023\/07\/A12B3C4D-11-1.jpg?resize=700%2C400&ssl=1 2x"},"classes":[]}],"_links":{"self":[{"href":"https:\/\/webdelmaestrocmf.com\/portal\/wp-json\/wp\/v2\/posts\/23805","targetHints":{"allow":["GET"]}}],"collection":[{"href":"https:\/\/webdelmaestrocmf.com\/portal\/wp-json\/wp\/v2\/posts"}],"about":[{"href":"https:\/\/webdelmaestrocmf.com\/portal\/wp-json\/wp\/v2\/types\/post"}],"author":[{"embeddable":true,"href":"https:\/\/webdelmaestrocmf.com\/portal\/wp-json\/wp\/v2\/users\/1"}],"replies":[{"embeddable":true,"href":"https:\/\/webdelmaestrocmf.com\/portal\/wp-json\/wp\/v2\/comments?post=23805"}],"version-history":[{"count":0,"href":"https:\/\/webdelmaestrocmf.com\/portal\/wp-json\/wp\/v2\/posts\/23805\/revisions"}],"wp:featuredmedia":[{"embeddable":true,"href":"https:\/\/webdelmaestrocmf.com\/portal\/wp-json\/wp\/v2\/media\/102837"}],"wp:attachment":[{"href":"https:\/\/webdelmaestrocmf.com\/portal\/wp-json\/wp\/v2\/media?parent=23805"}],"wp:term":[{"taxonomy":"category","embeddable":true,"href":"https:\/\/webdelmaestrocmf.com\/portal\/wp-json\/wp\/v2\/categories?post=23805"},{"taxonomy":"post_tag","embeddable":true,"href":"https:\/\/webdelmaestrocmf.com\/portal\/wp-json\/wp\/v2\/tags?post=23805"}],"curies":[{"name":"wp","href":"https:\/\/api.w.org\/{rel}","templated":true}]}}