{"id":23611,"date":"2017-11-15T12:10:23","date_gmt":"2017-11-15T15:10:23","guid":{"rendered":"http:\/\/webdelmaestrocmf.com\/portal\/?p=23611"},"modified":"2022-03-13T16:52:13","modified_gmt":"2022-03-13T19:52:13","slug":"derechos-los-trabajadores-desempleados","status":"publish","type":"post","link":"https:\/\/webdelmaestrocmf.com\/portal\/derechos-los-trabajadores-desempleados\/","title":{"rendered":"Papa Francisco: debemos recordar la dignidad y los derechos de los trabajadores y desempleados"},"content":{"rendered":"<h5 style=\"text-align: justify;\">El trabajo es un derecho basado en la persona humana y en su dignidad trascendente, afirm\u00f3 el Papa Francisco, por lo tanto, <strong>las leyes laborales<\/strong> deben reconocer el <strong>reposo <\/strong>semanal y a la <strong>jubilaci\u00f3n<\/strong> digna; el <strong>derecho<\/strong> <strong>asistencial<\/strong> para quien ha perdido el trabajo o nunca lo tuvo; atenci\u00f3n privilegiada al trabajo femenino, asistencia a la maternidad, tutelando la vida que nace\u2026 el trabajo no puede ser un mecanismo perverso.<\/h5>\n<p><!--more--><\/p>\n<p style=\"text-align: justify;\">\u00ab\u00a1<strong>Nunca olvidar al hombre<\/strong>: \u00e9ste es el imperativo! Amar y servir al hombre con conciencia responsabilidad, disponibilidad. Trabajar para el que trabaja y no olvidar al que quisiera trabajar y no puede hacerlo. Y ello, no como obra de solidaridad, sino como deber de <strong>justicia<\/strong> y de <strong>subsidiariedad<\/strong>. Sostener a los m\u00e1s d\u00e9biles, para que a nadie le falte la dignidad y la libertad de vivir una vida aut\u00e9nticamente humana\u00bb (SEMANARIO Alfa y Omega).<\/p>\n<p><iframe loading=\"lazy\" src=\"https:\/\/www.youtube.com\/embed\/aFkuqJADvSI?ecver=2\" width=\"100%\" height=\"400\" frameborder=\"0\" allowfullscreen=\"allowfullscreen\"><span data-mce-type=\"bookmark\" style=\"display: inline-block; width: 0px; overflow: hidden; line-height: 0;\" class=\"mce_SELRES_start\">\ufeff<\/span><\/iframe><\/p>\n<p style=\"text-align: justify;\">Tambi\u00e9n afirma el Papa Francisco que \u201cel descanso es el derecho que todos tenemos <strong>cuando tenemos trabajo<\/strong>; pero si la situaci\u00f3n de <strong>desempleo<\/strong>, de <strong>injusticia social<\/strong>, de <strong>trabajo negro<\/strong>, de <strong>precariedad<\/strong> en el trabajo es tan fuerte, \u00bfC\u00f3mo puedo descansar? <strong>\u00bfQu\u00e9 decidimos?<\/strong> Podemos decir \u2013 \u00a1es vergonzoso! -: \u201cAh, \u00bft\u00fa quieres trabajar? \u2013\u201cSi\u201d \u2013\u201cFenomenal. Lleguemos a un acuerdo: tu comienzas a trabajar en septiembre <strong>no comes, no descansas<\/strong>\u2026\u201d. <strong>\u00a1Esto sucede hoy!<\/strong> Y pasa hoy en todo el mundo, aqu\u00ed est\u00e1; \u00a1pasa hoy en Roma tambi\u00e9n! Descanso porque hay trabajo. Al contrario, no se puede descansar\u201d (noviembre 2015).<\/p>\n<p style=\"text-align: justify;\"><strong>Derechos de los trabajadores y desempleados<\/strong>: es la intenci\u00f3n de la oraci\u00f3n este mes de octubre, el Papa Francisco insta a \u201crecordar siempre la dignidad y los derechos de los trabajadores, <strong>denunciar las situaciones en las que se violan estos derechos<\/strong>, y ayudar a que contribuya a un aut\u00e9ntico progreso del hombre y de la sociedad\u201d. Nos invita a pedir \u201cpor el mundo del trabajo, para que a todos se pueda asegurar el <strong>respeto y la protecci\u00f3n de sus derechos<\/strong> y se le d\u00e9 a los desempleados la oportunidad de contribuir con el trabajo a la construcci\u00f3n del bien com\u00fan (RADIO VATICANA).<\/p>\n<p style=\"text-align: justify;\">\u2018Tierra Techo y Trabajo\u2019 significa luchar para que todo el mundo viva conforme a su dignidad y nadie se vea descartado.<\/p>\n<p style=\"text-align: right;\"><strong>REDACCI\u00d3N WEB DEL MAESTRO CMF<\/strong><\/p>\n\t\t<div class=\"pk-inline-posts\">\n\t\t\t\n\t\t\t<div class=\"pk-inline-posts-container pk-inline-posts-template-list\"\n\t\t\t\tdata-columns=\"1\">\n\t\t\t\t\t\t<article id=\"post-117930\" class=\"post-117930 post type-post status-publish format-standard has-post-thumbnail category-pastoral category-noticias-internacionales category-papa-leon-xiv tag-conflictos tag-derechos-humanos tag-educacion-en-valores-2 tag-etica-3 tag-justicia-social tag-liderazgo tag-papa-2 tag-paz tag-reflexion-2 tag-solidaridad cs-entry cs-video-wrap\">\n\t\t\t<div class=\"pk-post-outer\">\n\n\t\t\t\t\t\t\t\t<div class=\"pk-post-inner\">\n\t\t\t\t\t<div class=\"entry-thumbnail\">\n\t\t\t\t\t\t<div class=\"pk-overlay pk-overlay-ratio pk-ratio-landscape\">\n\t\t\t\t\t\t\t<div class=\"pk-overlay-background\">\n\t\t\t\t\t\t\t\t<a href=\"https:\/\/webdelmaestrocmf.com\/portal\/papa-leon-xiv-el-mundo-esta-siendo-destruido-por-unos-pocos-tiranos-en-referencia-a-trump\/\" class=\"pk-overlay-link\">\n\t\t\t\t\t\t\t\t\t<img loading=\"lazy\" decoding=\"async\" width=\"300\" height=\"225\" src=\"https:\/\/webdelmaestrocmf.com\/portal\/wp-content\/uploads\/2026\/04\/1AA-Banner-1-portada-imagen-10-1-copia-30-300x225.webp\" class=\"attachment-pk-thumbnail size-pk-thumbnail wp-post-image\" alt=\"\" \/>\t\t\t\t\t\t\t\t<\/a>\n\t\t\t\t\t\t\t<\/div>\n\t\t\t\t\t\t<\/div>\n\t\t\t\t\t<\/div>\n\t\t\t\t<\/div>\n\t\t\t\t\n\t\t\t\t<div class=\"pk-post-inner\">\n\t\t\t\t\t<header>\n\t\t\t\t\t\t<h3 class=\"pk-title\"><a href=\"https:\/\/webdelmaestrocmf.com\/portal\/papa-leon-xiv-el-mundo-esta-siendo-destruido-por-unos-pocos-tiranos-en-referencia-a-trump\/\" rel=\"bookmark\">Papa Le\u00f3n XIV: \u201cEl mundo est\u00e1 siendo destruido por unos pocos tiranos\u201d, en referencia a Trump<\/a><\/h3>\t\t\t\t\t<\/header><!-- .entry-header -->\n\t\t\t\t<\/div><!-- .post-inner -->\n\n\t\t\t<\/div><!-- .post-outer -->\n\t\t<\/article>\n\t\t\t\t<\/div>\n\t\t<\/div>\n\t\t\n","protected":false},"excerpt":{"rendered":"El trabajo es un derecho basado en la persona humana y en su dignidad trascendente, afirm\u00f3 el Papa&hellip;","protected":false},"author":2,"featured_media":75296,"comment_status":"open","ping_status":"closed","sticky":false,"template":"","format":"standard","meta":{"csco_display_header_overlay":false,"csco_singular_sidebar":"default","csco_page_header_type":"default","csco_page_load_nextpost":"default","csco_post_video_location":[],"csco_post_video_location_hash":"","csco_post_video_url":"","csco_post_video_bg_start_time":0,"csco_post_video_bg_end_time":0,"csco_post_video_bg_volume":false,"_jetpack_memberships_contains_paid_content":false,"footnotes":""},"categories":[431,467],"tags":[3009,3011,3008,2960,3010],"class_list":{"0":"post-23611","1":"post","2":"type-post","3":"status-publish","4":"format-standard","5":"has-post-thumbnail","7":"category-pastoral","8":"category-papa-francisco","9":"tag-derechos","10":"tag-desempleados","11":"tag-dignidad","12":"tag-recordar","13":"tag-trabajadores","14":"cs-entry","15":"cs-video-wrap"},"yoast_head":"<!-- This site is optimized with the Yoast SEO plugin v27.5 - https:\/\/yoast.com\/product\/yoast-seo-wordpress\/ -->\n<title>Papa Francisco: debemos recordar la dignidad y los derechos de los trabajadores y desempleados<\/title>\n<meta name=\"description\" content=\"El trabajo es un derecho basado en la persona humana y en su dignidad trascendente, afirm\u00f3 el Papa Francisco, por lo tanto, las...\" \/>\n<meta name=\"robots\" content=\"index, follow, max-snippet:-1, max-image-preview:large, max-video-preview:-1\" \/>\n<link rel=\"canonical\" href=\"https:\/\/webdelmaestrocmf.com\/portal\/derechos-los-trabajadores-desempleados\/\" \/>\n<meta property=\"og:locale\" content=\"es_ES\" \/>\n<meta property=\"og:type\" content=\"article\" \/>\n<meta property=\"og:title\" content=\"Papa Francisco: debemos recordar la dignidad y los derechos de los trabajadores y desempleados\" \/>\n<meta property=\"og:description\" content=\"El trabajo es un derecho basado en la persona humana y en su dignidad trascendente, afirm\u00f3 el Papa Francisco, por lo tanto, las...\" \/>\n<meta property=\"og:url\" content=\"https:\/\/webdelmaestrocmf.com\/portal\/derechos-los-trabajadores-desempleados\/\" \/>\n<meta property=\"og:site_name\" content=\"Web del Maestro CMF\" \/>\n<meta property=\"article:publisher\" content=\"https:\/\/www.facebook.com\/WebdelMaestroCMF\/\" \/>\n<meta property=\"article:author\" content=\"https:\/\/www.facebook.com\/WebdelMaestroCMF\/\" \/>\n<meta property=\"article:published_time\" content=\"2017-11-15T15:10:23+00:00\" \/>\n<meta property=\"article:modified_time\" content=\"2022-03-13T19:52:13+00:00\" \/>\n<meta property=\"og:image\" content=\"https:\/\/i0.wp.com\/webdelmaestrocmf.com\/portal\/wp-content\/uploads\/2017\/10\/1ss.jpg?fit=620%2C349&ssl=1\" \/>\n\t<meta property=\"og:image:width\" content=\"620\" \/>\n\t<meta property=\"og:image:height\" content=\"349\" \/>\n\t<meta property=\"og:image:type\" content=\"image\/jpeg\" \/>\n<meta name=\"author\" content=\"Web del Maestro CMF\" \/>\n<meta name=\"twitter:card\" content=\"summary_large_image\" \/>\n<meta name=\"twitter:creator\" content=\"@cmf_w\" \/>\n<meta name=\"twitter:site\" content=\"@cmf_w\" \/>\n<script type=\"application\/ld+json\" class=\"yoast-schema-graph\">{\"@context\":\"https:\\\/\\\/schema.org\",\"@graph\":[{\"@type\":\"ScholarlyArticle\",\"@id\":\"https:\\\/\\\/webdelmaestrocmf.com\\\/portal\\\/derechos-los-trabajadores-desempleados\\\/#article\",\"isPartOf\":{\"@id\":\"https:\\\/\\\/webdelmaestrocmf.com\\\/portal\\\/derechos-los-trabajadores-desempleados\\\/\"},\"author\":{\"name\":\"Web del Maestro CMF\",\"@id\":\"https:\\\/\\\/webdelmaestrocmf.com\\\/portal\\\/#\\\/schema\\\/person\\\/ebc57e23d318c9c4270c6f41367015b5\"},\"headline\":\"Papa Francisco: debemos recordar la dignidad y los derechos de los trabajadores y desempleados\",\"datePublished\":\"2017-11-15T15:10:23+00:00\",\"dateModified\":\"2022-03-13T19:52:13+00:00\",\"mainEntityOfPage\":{\"@id\":\"https:\\\/\\\/webdelmaestrocmf.com\\\/portal\\\/derechos-los-trabajadores-desempleados\\\/\"},\"wordCount\":399,\"commentCount\":0,\"publisher\":{\"@id\":\"https:\\\/\\\/webdelmaestrocmf.com\\\/portal\\\/#organization\"},\"image\":{\"@id\":\"https:\\\/\\\/webdelmaestrocmf.com\\\/portal\\\/derechos-los-trabajadores-desempleados\\\/#primaryimage\"},\"thumbnailUrl\":\"https:\\\/\\\/webdelmaestrocmf.com\\\/portal\\\/wp-content\\\/uploads\\\/2017\\\/10\\\/1ss.jpg\",\"keywords\":[\"DERECHOS\",\"DESEMPLEADOS\",\"DIGNIDAD\",\"RECORDAR\",\"TRABAJADORES\"],\"articleSection\":[\"Mundo cart\u00f3lico\",\"Papa Francisco\"],\"inLanguage\":\"es\",\"potentialAction\":[{\"@type\":\"CommentAction\",\"name\":\"Comment\",\"target\":[\"https:\\\/\\\/webdelmaestrocmf.com\\\/portal\\\/derechos-los-trabajadores-desempleados\\\/#respond\"]}]},{\"@type\":\"WebPage\",\"@id\":\"https:\\\/\\\/webdelmaestrocmf.com\\\/portal\\\/derechos-los-trabajadores-desempleados\\\/\",\"url\":\"https:\\\/\\\/webdelmaestrocmf.com\\\/portal\\\/derechos-los-trabajadores-desempleados\\\/\",\"name\":\"Papa Francisco: debemos recordar la dignidad y los derechos de los trabajadores y desempleados\",\"isPartOf\":{\"@id\":\"https:\\\/\\\/webdelmaestrocmf.com\\\/portal\\\/#website\"},\"primaryImageOfPage\":{\"@id\":\"https:\\\/\\\/webdelmaestrocmf.com\\\/portal\\\/derechos-los-trabajadores-desempleados\\\/#primaryimage\"},\"image\":{\"@id\":\"https:\\\/\\\/webdelmaestrocmf.com\\\/portal\\\/derechos-los-trabajadores-desempleados\\\/#primaryimage\"},\"thumbnailUrl\":\"https:\\\/\\\/webdelmaestrocmf.com\\\/portal\\\/wp-content\\\/uploads\\\/2017\\\/10\\\/1ss.jpg\",\"datePublished\":\"2017-11-15T15:10:23+00:00\",\"dateModified\":\"2022-03-13T19:52:13+00:00\",\"description\":\"El trabajo es un derecho basado en la persona humana y en su dignidad trascendente, afirm\u00f3 el Papa Francisco, por lo tanto, las...\",\"breadcrumb\":{\"@id\":\"https:\\\/\\\/webdelmaestrocmf.com\\\/portal\\\/derechos-los-trabajadores-desempleados\\\/#breadcrumb\"},\"inLanguage\":\"es\",\"potentialAction\":[{\"@type\":\"ReadAction\",\"target\":[\"https:\\\/\\\/webdelmaestrocmf.com\\\/portal\\\/derechos-los-trabajadores-desempleados\\\/\"]}]},{\"@type\":\"ImageObject\",\"inLanguage\":\"es\",\"@id\":\"https:\\\/\\\/webdelmaestrocmf.com\\\/portal\\\/derechos-los-trabajadores-desempleados\\\/#primaryimage\",\"url\":\"https:\\\/\\\/webdelmaestrocmf.com\\\/portal\\\/wp-content\\\/uploads\\\/2017\\\/10\\\/1ss.jpg\",\"contentUrl\":\"https:\\\/\\\/webdelmaestrocmf.com\\\/portal\\\/wp-content\\\/uploads\\\/2017\\\/10\\\/1ss.jpg\",\"width\":620,\"height\":349},{\"@type\":\"BreadcrumbList\",\"@id\":\"https:\\\/\\\/webdelmaestrocmf.com\\\/portal\\\/derechos-los-trabajadores-desempleados\\\/#breadcrumb\",\"itemListElement\":[{\"@type\":\"ListItem\",\"position\":1,\"name\":\"Portada\",\"item\":\"https:\\\/\\\/webdelmaestrocmf.com\\\/portal\\\/\"},{\"@type\":\"ListItem\",\"position\":2,\"name\":\"Mundo cart\u00f3lico\",\"item\":\"https:\\\/\\\/webdelmaestrocmf.com\\\/portal\\\/category\\\/pastoral\\\/\"},{\"@type\":\"ListItem\",\"position\":3,\"name\":\"Papa Francisco: debemos recordar la dignidad y los derechos de los trabajadores y desempleados\"}]},{\"@type\":\"WebSite\",\"@id\":\"https:\\\/\\\/webdelmaestrocmf.com\\\/portal\\\/#website\",\"url\":\"https:\\\/\\\/webdelmaestrocmf.com\\\/portal\\\/\",\"name\":\"Web del Maestro CMF\",\"description\":\"Maestros al servicio de la educaci\u00f3n\",\"publisher\":{\"@id\":\"https:\\\/\\\/webdelmaestrocmf.com\\\/portal\\\/#organization\"},\"alternateName\":\"WMCMF\",\"potentialAction\":[{\"@type\":\"SearchAction\",\"target\":{\"@type\":\"EntryPoint\",\"urlTemplate\":\"https:\\\/\\\/webdelmaestrocmf.com\\\/portal\\\/?s={search_term_string}\"},\"query-input\":{\"@type\":\"PropertyValueSpecification\",\"valueRequired\":true,\"valueName\":\"search_term_string\"}}],\"inLanguage\":\"es\"},{\"@type\":\"Organization\",\"@id\":\"https:\\\/\\\/webdelmaestrocmf.com\\\/portal\\\/#organization\",\"name\":\"Web del Maestro CMF\",\"alternateName\":\"WMCMF\",\"url\":\"https:\\\/\\\/webdelmaestrocmf.com\\\/portal\\\/\",\"logo\":{\"@type\":\"ImageObject\",\"inLanguage\":\"es\",\"@id\":\"https:\\\/\\\/webdelmaestrocmf.com\\\/portal\\\/#\\\/schema\\\/logo\\\/image\\\/\",\"url\":\"https:\\\/\\\/webdelmaestrocmf.com\\\/portal\\\/wp-content\\\/uploads\\\/2023\\\/01\\\/logo-wmcmf-2.png\",\"contentUrl\":\"https:\\\/\\\/webdelmaestrocmf.com\\\/portal\\\/wp-content\\\/uploads\\\/2023\\\/01\\\/logo-wmcmf-2.png\",\"width\":200,\"height\":60,\"caption\":\"Web del Maestro CMF\"},\"image\":{\"@id\":\"https:\\\/\\\/webdelmaestrocmf.com\\\/portal\\\/#\\\/schema\\\/logo\\\/image\\\/\"},\"sameAs\":[\"https:\\\/\\\/www.facebook.com\\\/WebdelMaestroCMF\\\/\",\"https:\\\/\\\/x.com\\\/cmf_w\",\"https:\\\/\\\/www.pinterest.com\\\/WMCMF\\\/\",\"https:\\\/\\\/www.linkedin.com\\\/company\\\/web-del-maestro-cmf\\\/\",\"https:\\\/\\\/www.instagram.com\\\/wmcmf\\\/\",\"https:\\\/\\\/www.youtube.com\\\/channel\\\/UCDPSvjbdodE5sHnC3OxutHw\",\"https:\\\/\\\/mastodon.social\\\/@wmcmf\",\"https:\\\/\\\/www.tiktok.com\\\/@webdelmaestrocmf\"]},{\"@type\":\"Person\",\"@id\":\"https:\\\/\\\/webdelmaestrocmf.com\\\/portal\\\/#\\\/schema\\\/person\\\/ebc57e23d318c9c4270c6f41367015b5\",\"name\":\"Web del Maestro CMF\",\"image\":{\"@type\":\"ImageObject\",\"inLanguage\":\"es\",\"@id\":\"https:\\\/\\\/secure.gravatar.com\\\/avatar\\\/718b2df46e711f63dc8c16a160d16cc0104e961fe3c231eaaed2426975fc5e2d?s=96&d=mm&r=g\",\"url\":\"https:\\\/\\\/secure.gravatar.com\\\/avatar\\\/718b2df46e711f63dc8c16a160d16cc0104e961fe3c231eaaed2426975fc5e2d?s=96&d=mm&r=g\",\"contentUrl\":\"https:\\\/\\\/secure.gravatar.com\\\/avatar\\\/718b2df46e711f63dc8c16a160d16cc0104e961fe3c231eaaed2426975fc5e2d?s=96&d=mm&r=g\",\"caption\":\"Web del Maestro CMF\"},\"description\":\"Esta Web se cre\u00f3 sin fines de lucro, con fines educativos, cient\u00edficos y acad\u00e9micos, para personas que tengan dificultades y\\\/o inconvenientes en visualizar el material original. El objetivo es entregar recursos, compartir experiencias y materiales que ayuden a los padres de familia, maestros y estudiantes en su actualizaci\u00f3n y formaci\u00f3n permanente, en bien de la Educaci\u00f3n.\",\"sameAs\":[\"http:\\\/\\\/webdelmaestrocmf.com\\\/portal\",\"https:\\\/\\\/www.facebook.com\\\/WebdelMaestroCMF\\\/\",\"https:\\\/\\\/www.instagram.com\\\/wmcmf\\\/\",\"https:\\\/\\\/cl.linkedin.com\\\/company\\\/web-del-maestro-cmf\",\"https:\\\/\\\/www.pinterest.com\\\/WMCMF\\\/publicaciones\\\/\",\"https:\\\/\\\/x.com\\\/cmf_w\",\"https:\\\/\\\/www.youtube.com\\\/@WMCMF\"]}]}<\/script>\n<!-- \/ Yoast SEO plugin. -->","yoast_head_json":{"title":"Papa Francisco: debemos recordar la dignidad y los derechos de los trabajadores y desempleados","description":"El trabajo es un derecho basado en la persona humana y en su dignidad trascendente, afirm\u00f3 el Papa Francisco, por lo tanto, las...","robots":{"index":"index","follow":"follow","max-snippet":"max-snippet:-1","max-image-preview":"max-image-preview:large","max-video-preview":"max-video-preview:-1"},"canonical":"https:\/\/webdelmaestrocmf.com\/portal\/derechos-los-trabajadores-desempleados\/","og_locale":"es_ES","og_type":"article","og_title":"Papa Francisco: debemos recordar la dignidad y los derechos de los trabajadores y desempleados","og_description":"El trabajo es un derecho basado en la persona humana y en su dignidad trascendente, afirm\u00f3 el Papa Francisco, por lo tanto, las...","og_url":"https:\/\/webdelmaestrocmf.com\/portal\/derechos-los-trabajadores-desempleados\/","og_site_name":"Web del Maestro CMF","article_publisher":"https:\/\/www.facebook.com\/WebdelMaestroCMF\/","article_author":"https:\/\/www.facebook.com\/WebdelMaestroCMF\/","article_published_time":"2017-11-15T15:10:23+00:00","article_modified_time":"2022-03-13T19:52:13+00:00","og_image":[{"width":620,"height":349,"url":"https:\/\/i0.wp.com\/webdelmaestrocmf.com\/portal\/wp-content\/uploads\/2017\/10\/1ss.jpg?fit=620%2C349&ssl=1","type":"image\/jpeg"}],"author":"Web del Maestro CMF","twitter_card":"summary_large_image","twitter_creator":"@cmf_w","twitter_site":"@cmf_w","schema":{"@context":"https:\/\/schema.org","@graph":[{"@type":"ScholarlyArticle","@id":"https:\/\/webdelmaestrocmf.com\/portal\/derechos-los-trabajadores-desempleados\/#article","isPartOf":{"@id":"https:\/\/webdelmaestrocmf.com\/portal\/derechos-los-trabajadores-desempleados\/"},"author":{"name":"Web del Maestro CMF","@id":"https:\/\/webdelmaestrocmf.com\/portal\/#\/schema\/person\/ebc57e23d318c9c4270c6f41367015b5"},"headline":"Papa Francisco: debemos recordar la dignidad y los derechos de los trabajadores y desempleados","datePublished":"2017-11-15T15:10:23+00:00","dateModified":"2022-03-13T19:52:13+00:00","mainEntityOfPage":{"@id":"https:\/\/webdelmaestrocmf.com\/portal\/derechos-los-trabajadores-desempleados\/"},"wordCount":399,"commentCount":0,"publisher":{"@id":"https:\/\/webdelmaestrocmf.com\/portal\/#organization"},"image":{"@id":"https:\/\/webdelmaestrocmf.com\/portal\/derechos-los-trabajadores-desempleados\/#primaryimage"},"thumbnailUrl":"https:\/\/webdelmaestrocmf.com\/portal\/wp-content\/uploads\/2017\/10\/1ss.jpg","keywords":["DERECHOS","DESEMPLEADOS","DIGNIDAD","RECORDAR","TRABAJADORES"],"articleSection":["Mundo cart\u00f3lico","Papa Francisco"],"inLanguage":"es","potentialAction":[{"@type":"CommentAction","name":"Comment","target":["https:\/\/webdelmaestrocmf.com\/portal\/derechos-los-trabajadores-desempleados\/#respond"]}]},{"@type":"WebPage","@id":"https:\/\/webdelmaestrocmf.com\/portal\/derechos-los-trabajadores-desempleados\/","url":"https:\/\/webdelmaestrocmf.com\/portal\/derechos-los-trabajadores-desempleados\/","name":"Papa Francisco: debemos recordar la dignidad y los derechos de los trabajadores y desempleados","isPartOf":{"@id":"https:\/\/webdelmaestrocmf.com\/portal\/#website"},"primaryImageOfPage":{"@id":"https:\/\/webdelmaestrocmf.com\/portal\/derechos-los-trabajadores-desempleados\/#primaryimage"},"image":{"@id":"https:\/\/webdelmaestrocmf.com\/portal\/derechos-los-trabajadores-desempleados\/#primaryimage"},"thumbnailUrl":"https:\/\/webdelmaestrocmf.com\/portal\/wp-content\/uploads\/2017\/10\/1ss.jpg","datePublished":"2017-11-15T15:10:23+00:00","dateModified":"2022-03-13T19:52:13+00:00","description":"El trabajo es un derecho basado en la persona humana y en su dignidad trascendente, afirm\u00f3 el Papa Francisco, por lo tanto, las...","breadcrumb":{"@id":"https:\/\/webdelmaestrocmf.com\/portal\/derechos-los-trabajadores-desempleados\/#breadcrumb"},"inLanguage":"es","potentialAction":[{"@type":"ReadAction","target":["https:\/\/webdelmaestrocmf.com\/portal\/derechos-los-trabajadores-desempleados\/"]}]},{"@type":"ImageObject","inLanguage":"es","@id":"https:\/\/webdelmaestrocmf.com\/portal\/derechos-los-trabajadores-desempleados\/#primaryimage","url":"https:\/\/webdelmaestrocmf.com\/portal\/wp-content\/uploads\/2017\/10\/1ss.jpg","contentUrl":"https:\/\/webdelmaestrocmf.com\/portal\/wp-content\/uploads\/2017\/10\/1ss.jpg","width":620,"height":349},{"@type":"BreadcrumbList","@id":"https:\/\/webdelmaestrocmf.com\/portal\/derechos-los-trabajadores-desempleados\/#breadcrumb","itemListElement":[{"@type":"ListItem","position":1,"name":"Portada","item":"https:\/\/webdelmaestrocmf.com\/portal\/"},{"@type":"ListItem","position":2,"name":"Mundo cart\u00f3lico","item":"https:\/\/webdelmaestrocmf.com\/portal\/category\/pastoral\/"},{"@type":"ListItem","position":3,"name":"Papa Francisco: debemos recordar la dignidad y los derechos de los trabajadores y desempleados"}]},{"@type":"WebSite","@id":"https:\/\/webdelmaestrocmf.com\/portal\/#website","url":"https:\/\/webdelmaestrocmf.com\/portal\/","name":"Web del Maestro CMF","description":"Maestros al servicio de la educaci\u00f3n","publisher":{"@id":"https:\/\/webdelmaestrocmf.com\/portal\/#organization"},"alternateName":"WMCMF","potentialAction":[{"@type":"SearchAction","target":{"@type":"EntryPoint","urlTemplate":"https:\/\/webdelmaestrocmf.com\/portal\/?s={search_term_string}"},"query-input":{"@type":"PropertyValueSpecification","valueRequired":true,"valueName":"search_term_string"}}],"inLanguage":"es"},{"@type":"Organization","@id":"https:\/\/webdelmaestrocmf.com\/portal\/#organization","name":"Web del Maestro CMF","alternateName":"WMCMF","url":"https:\/\/webdelmaestrocmf.com\/portal\/","logo":{"@type":"ImageObject","inLanguage":"es","@id":"https:\/\/webdelmaestrocmf.com\/portal\/#\/schema\/logo\/image\/","url":"https:\/\/webdelmaestrocmf.com\/portal\/wp-content\/uploads\/2023\/01\/logo-wmcmf-2.png","contentUrl":"https:\/\/webdelmaestrocmf.com\/portal\/wp-content\/uploads\/2023\/01\/logo-wmcmf-2.png","width":200,"height":60,"caption":"Web del Maestro CMF"},"image":{"@id":"https:\/\/webdelmaestrocmf.com\/portal\/#\/schema\/logo\/image\/"},"sameAs":["https:\/\/www.facebook.com\/WebdelMaestroCMF\/","https:\/\/x.com\/cmf_w","https:\/\/www.pinterest.com\/WMCMF\/","https:\/\/www.linkedin.com\/company\/web-del-maestro-cmf\/","https:\/\/www.instagram.com\/wmcmf\/","https:\/\/www.youtube.com\/channel\/UCDPSvjbdodE5sHnC3OxutHw","https:\/\/mastodon.social\/@wmcmf","https:\/\/www.tiktok.com\/@webdelmaestrocmf"]},{"@type":"Person","@id":"https:\/\/webdelmaestrocmf.com\/portal\/#\/schema\/person\/ebc57e23d318c9c4270c6f41367015b5","name":"Web del Maestro CMF","image":{"@type":"ImageObject","inLanguage":"es","@id":"https:\/\/secure.gravatar.com\/avatar\/718b2df46e711f63dc8c16a160d16cc0104e961fe3c231eaaed2426975fc5e2d?s=96&d=mm&r=g","url":"https:\/\/secure.gravatar.com\/avatar\/718b2df46e711f63dc8c16a160d16cc0104e961fe3c231eaaed2426975fc5e2d?s=96&d=mm&r=g","contentUrl":"https:\/\/secure.gravatar.com\/avatar\/718b2df46e711f63dc8c16a160d16cc0104e961fe3c231eaaed2426975fc5e2d?s=96&d=mm&r=g","caption":"Web del Maestro CMF"},"description":"Esta Web se cre\u00f3 sin fines de lucro, con fines educativos, cient\u00edficos y acad\u00e9micos, para personas que tengan dificultades y\/o inconvenientes en visualizar el material original. El objetivo es entregar recursos, compartir experiencias y materiales que ayuden a los padres de familia, maestros y estudiantes en su actualizaci\u00f3n y formaci\u00f3n permanente, en bien de la Educaci\u00f3n.","sameAs":["http:\/\/webdelmaestrocmf.com\/portal","https:\/\/www.facebook.com\/WebdelMaestroCMF\/","https:\/\/www.instagram.com\/wmcmf\/","https:\/\/cl.linkedin.com\/company\/web-del-maestro-cmf","https:\/\/www.pinterest.com\/WMCMF\/publicaciones\/","https:\/\/x.com\/cmf_w","https:\/\/www.youtube.com\/@WMCMF"]}]}},"jetpack_featured_media_url":"https:\/\/webdelmaestrocmf.com\/portal\/wp-content\/uploads\/2017\/10\/1ss.jpg","jetpack_sharing_enabled":true,"jetpack-related-posts":[{"id":17703,"url":"https:\/\/webdelmaestrocmf.com\/portal\/dia-del-trabajo-25-frases-del-papa-francisco\/","url_meta":{"origin":23611,"position":0},"title":"D\u00eda del trabajo: 25 frases del Papa Francisco","author":"Web del Maestro CMF","date":"1 mayo, 2021","format":false,"excerpt":"Presentamos 25 frases del Papa Francisco\u00a0por el d\u00eda del Trabajador (1 de Mayo):\u00a0\u201ctrabajar \u2013repito, en mil modos\u2013 es propio de la persona humana. Expresa su dignidad de ser creada a imagen de Dios. Por eso se dice que el trabajo es sagrado, el trabajo es sagrado\u201d. Esperamos que las siguientes\u2026","rel":"","context":"En \u00abYo opino - WMCMF\u00bb","block_context":{"text":"Yo opino - WMCMF","link":"https:\/\/webdelmaestrocmf.com\/portal\/category\/jamb\/"},"img":{"alt_text":"","src":"https:\/\/i0.wp.com\/webdelmaestrocmf.com\/portal\/wp-content\/uploads\/2019\/05\/1-122.jpg?resize=350%2C200&ssl=1","width":350,"height":200,"srcset":"https:\/\/i0.wp.com\/webdelmaestrocmf.com\/portal\/wp-content\/uploads\/2019\/05\/1-122.jpg?resize=350%2C200&ssl=1 1x, https:\/\/i0.wp.com\/webdelmaestrocmf.com\/portal\/wp-content\/uploads\/2019\/05\/1-122.jpg?resize=525%2C300&ssl=1 1.5x, https:\/\/i0.wp.com\/webdelmaestrocmf.com\/portal\/wp-content\/uploads\/2019\/05\/1-122.jpg?resize=700%2C400&ssl=1 2x, https:\/\/i0.wp.com\/webdelmaestrocmf.com\/portal\/wp-content\/uploads\/2019\/05\/1-122.jpg?resize=1050%2C600&ssl=1 3x"},"classes":[]},{"id":27420,"url":"https:\/\/webdelmaestrocmf.com\/portal\/quien-trabaja-es-digno-tiene-una-dignidad-especial-una-dignidad-de-persona\/","url_meta":{"origin":23611,"position":1},"title":"QUIEN TRABAJA ES DIGNO, TIENE UNA DIGNIDAD ESPECIAL, UNA DIGNIDAD DE PERSONA","author":"Web del Maestro CMF","date":"1 mayo, 2019","format":false,"excerpt":"El Papa Francisco propone tres claves y quince frases para que todos los seres humanos, y sobre todo los educadores, (que tenemos en nuestras aulas los futuros gobernantes y legisladores) aprendamos que el trabajo \u201ces un don y no un deber\u201d y que el trabajador no puede ser tratado como\u2026","rel":"","context":"En \u00abYo opino - WMCMF\u00bb","block_context":{"text":"Yo opino - WMCMF","link":"https:\/\/webdelmaestrocmf.com\/portal\/category\/jamb\/"},"img":{"alt_text":"","src":"https:\/\/i0.wp.com\/webdelmaestrocmf.com\/portal\/wp-content\/uploads\/2018\/05\/dia-del-trabajador.jpg?resize=350%2C200&ssl=1","width":350,"height":200,"srcset":"https:\/\/i0.wp.com\/webdelmaestrocmf.com\/portal\/wp-content\/uploads\/2018\/05\/dia-del-trabajador.jpg?resize=350%2C200&ssl=1 1x, https:\/\/i0.wp.com\/webdelmaestrocmf.com\/portal\/wp-content\/uploads\/2018\/05\/dia-del-trabajador.jpg?resize=525%2C300&ssl=1 1.5x, https:\/\/i0.wp.com\/webdelmaestrocmf.com\/portal\/wp-content\/uploads\/2018\/05\/dia-del-trabajador.jpg?resize=700%2C400&ssl=1 2x, https:\/\/i0.wp.com\/webdelmaestrocmf.com\/portal\/wp-content\/uploads\/2018\/05\/dia-del-trabajador.jpg?resize=1050%2C600&ssl=1 3x"},"classes":[]},{"id":70414,"url":"https:\/\/webdelmaestrocmf.com\/portal\/papa-francisco-construyamos-un-nuevo-futuro-del-trabajo-fundado-en-condiciones-laborales-decentes-y-dignas\/","url_meta":{"origin":23611,"position":2},"title":"Papa Francisco: Construyamos un nuevo futuro del trabajo fundado en condiciones laborales decentes y dignas","author":"Web del Maestro CMF","date":"31 octubre, 2021","format":false,"excerpt":"La Doctrina Social de la Iglesia Cat\u00f3lica, que es la ense\u00f1anza moral que en materia social, pol\u00edtica, econ\u00f3mica, familiar, cultural, realiza la Iglesia, expuesta en diversos escritos y pronunciamientos, afirma que el trabajo\u00a0 es un derecho y un deber, y a su vez, es fuente de estos cuatro derechos universales\u2026","rel":"","context":"En \u00abMundo cart\u00f3lico\u00bb","block_context":{"text":"Mundo cart\u00f3lico","link":"https:\/\/webdelmaestrocmf.com\/portal\/category\/pastoral\/"},"img":{"alt_text":"","src":"https:\/\/i0.wp.com\/webdelmaestrocmf.com\/portal\/wp-content\/uploads\/2021\/10\/1papa.jpg?resize=350%2C200&ssl=1","width":350,"height":200,"srcset":"https:\/\/i0.wp.com\/webdelmaestrocmf.com\/portal\/wp-content\/uploads\/2021\/10\/1papa.jpg?resize=350%2C200&ssl=1 1x, https:\/\/i0.wp.com\/webdelmaestrocmf.com\/portal\/wp-content\/uploads\/2021\/10\/1papa.jpg?resize=525%2C300&ssl=1 1.5x, https:\/\/i0.wp.com\/webdelmaestrocmf.com\/portal\/wp-content\/uploads\/2021\/10\/1papa.jpg?resize=700%2C400&ssl=1 2x, https:\/\/i0.wp.com\/webdelmaestrocmf.com\/portal\/wp-content\/uploads\/2021\/10\/1papa.jpg?resize=1050%2C600&ssl=1 3x"},"classes":[]},{"id":89806,"url":"https:\/\/webdelmaestrocmf.com\/portal\/papa-francisco-pongamos-la-dignidad-de-la-persona-por-encima-de-todo\/","url_meta":{"origin":23611,"position":3},"title":"Papa Francisco: Pongamos la dignidad de la persona por encima de todo","author":"Web del Maestro CMF","date":"4 junio, 2023","format":false,"excerpt":"El Papa Francisco, en su mensaje de junio del a\u00f1o 2023 pide que los cristianos recemos por la abolici\u00f3n de la tortura, como aquellas pr\u00e1cticas \u201csofisticadas\u201d o que intencionalmente aplican un trato degradante, la anulaci\u00f3n de los sentidos, ... para obtener informaci\u00f3n o de conseguir \"pruebas\" para esclarecer un delito.\u2026","rel":"","context":"En \u00abMundo cart\u00f3lico\u00bb","block_context":{"text":"Mundo cart\u00f3lico","link":"https:\/\/webdelmaestrocmf.com\/portal\/category\/pastoral\/"},"img":{"alt_text":"","src":"https:\/\/i0.wp.com\/webdelmaestrocmf.com\/portal\/wp-content\/uploads\/2023\/06\/A12B3C4D.jpg?resize=350%2C200&ssl=1","width":350,"height":200,"srcset":"https:\/\/i0.wp.com\/webdelmaestrocmf.com\/portal\/wp-content\/uploads\/2023\/06\/A12B3C4D.jpg?resize=350%2C200&ssl=1 1x, https:\/\/i0.wp.com\/webdelmaestrocmf.com\/portal\/wp-content\/uploads\/2023\/06\/A12B3C4D.jpg?resize=525%2C300&ssl=1 1.5x, https:\/\/i0.wp.com\/webdelmaestrocmf.com\/portal\/wp-content\/uploads\/2023\/06\/A12B3C4D.jpg?resize=700%2C400&ssl=1 2x"},"classes":[]},{"id":34369,"url":"https:\/\/webdelmaestrocmf.com\/portal\/papa-francisco-mi-deseo-al-comienzo-del-nuevo-ano-paz-a-esta-casa\/","url_meta":{"origin":23611,"position":4},"title":"Papa Francisco: mi deseo al comienzo del nuevo a\u00f1o: \u201cpaz a esta casa\u201d","author":"Web del Maestro CMF","date":"28 diciembre, 2018","format":false,"excerpt":"\u201cLa paz, en efecto, es fruto de un gran proyecto pol\u00edtico que se funda en la responsabilidad rec\u00edproca y la interdependencia de los seres humanos, pero es tambi\u00e9n un desaf\u00edo que exige ser acogido d\u00eda tras d\u00eda. La paz es una conversi\u00f3n del coraz\u00f3n y del alma, y es f\u00e1cil\u2026","rel":"","context":"En \u00abMundo cart\u00f3lico\u00bb","block_context":{"text":"Mundo cart\u00f3lico","link":"https:\/\/webdelmaestrocmf.com\/portal\/category\/pastoral\/"},"img":{"alt_text":"","src":"https:\/\/i0.wp.com\/webdelmaestrocmf.com\/portal\/wp-content\/uploads\/2018\/12\/2-8.jpg?resize=350%2C200&ssl=1","width":350,"height":200,"srcset":"https:\/\/i0.wp.com\/webdelmaestrocmf.com\/portal\/wp-content\/uploads\/2018\/12\/2-8.jpg?resize=350%2C200&ssl=1 1x, https:\/\/i0.wp.com\/webdelmaestrocmf.com\/portal\/wp-content\/uploads\/2018\/12\/2-8.jpg?resize=525%2C300&ssl=1 1.5x, https:\/\/i0.wp.com\/webdelmaestrocmf.com\/portal\/wp-content\/uploads\/2018\/12\/2-8.jpg?resize=700%2C400&ssl=1 2x, https:\/\/i0.wp.com\/webdelmaestrocmf.com\/portal\/wp-content\/uploads\/2018\/12\/2-8.jpg?resize=1050%2C600&ssl=1 3x"},"classes":[]},{"id":50167,"url":"https:\/\/webdelmaestrocmf.com\/portal\/papa-francisco-si-no-cuidamos-el-uno-del-otro-no-podemos-sanar-el-mundo-una-lectura-para-la-educacion\/","url_meta":{"origin":23611,"position":5},"title":"Papa Francisco: Si no cuidamos el uno del otro, no podemos sanar el mundo (Una lectura para la Educaci\u00f3n)","author":"Web del Maestro CMF","date":"18 agosto, 2020","format":false,"excerpt":"El mundo entero est\u00e1 (estamos) atravesando un tiempo de prueba y elecci\u00f3n sobre la educaci\u00f3n que deseamos, y que entre todos debemos construir, porque esta emergencia sanitaria, que nadie sabe cu\u00e1nto tiempo durar, tambi\u00e9n ha golpeado la educaci\u00f3n ordinaria y habitual en la que nos hemos formado las \u00faltimas generaciones,\u2026","rel":"","context":"En \u00abMundo cart\u00f3lico\u00bb","block_context":{"text":"Mundo cart\u00f3lico","link":"https:\/\/webdelmaestrocmf.com\/portal\/category\/pastoral\/"},"img":{"alt_text":"","src":"https:\/\/i0.wp.com\/webdelmaestrocmf.com\/portal\/wp-content\/uploads\/2020\/08\/2-3.jpg?resize=350%2C200&ssl=1","width":350,"height":200,"srcset":"https:\/\/i0.wp.com\/webdelmaestrocmf.com\/portal\/wp-content\/uploads\/2020\/08\/2-3.jpg?resize=350%2C200&ssl=1 1x, https:\/\/i0.wp.com\/webdelmaestrocmf.com\/portal\/wp-content\/uploads\/2020\/08\/2-3.jpg?resize=525%2C300&ssl=1 1.5x, https:\/\/i0.wp.com\/webdelmaestrocmf.com\/portal\/wp-content\/uploads\/2020\/08\/2-3.jpg?resize=700%2C400&ssl=1 2x, https:\/\/i0.wp.com\/webdelmaestrocmf.com\/portal\/wp-content\/uploads\/2020\/08\/2-3.jpg?resize=1050%2C600&ssl=1 3x"},"classes":[]}],"_links":{"self":[{"href":"https:\/\/webdelmaestrocmf.com\/portal\/wp-json\/wp\/v2\/posts\/23611","targetHints":{"allow":["GET"]}}],"collection":[{"href":"https:\/\/webdelmaestrocmf.com\/portal\/wp-json\/wp\/v2\/posts"}],"about":[{"href":"https:\/\/webdelmaestrocmf.com\/portal\/wp-json\/wp\/v2\/types\/post"}],"author":[{"embeddable":true,"href":"https:\/\/webdelmaestrocmf.com\/portal\/wp-json\/wp\/v2\/users\/2"}],"replies":[{"embeddable":true,"href":"https:\/\/webdelmaestrocmf.com\/portal\/wp-json\/wp\/v2\/comments?post=23611"}],"version-history":[{"count":0,"href":"https:\/\/webdelmaestrocmf.com\/portal\/wp-json\/wp\/v2\/posts\/23611\/revisions"}],"wp:featuredmedia":[{"embeddable":true,"href":"https:\/\/webdelmaestrocmf.com\/portal\/wp-json\/wp\/v2\/media\/75296"}],"wp:attachment":[{"href":"https:\/\/webdelmaestrocmf.com\/portal\/wp-json\/wp\/v2\/media?parent=23611"}],"wp:term":[{"taxonomy":"category","embeddable":true,"href":"https:\/\/webdelmaestrocmf.com\/portal\/wp-json\/wp\/v2\/categories?post=23611"},{"taxonomy":"post_tag","embeddable":true,"href":"https:\/\/webdelmaestrocmf.com\/portal\/wp-json\/wp\/v2\/tags?post=23611"}],"curies":[{"name":"wp","href":"https:\/\/api.w.org\/{rel}","templated":true}]}}