{"id":23201,"date":"2020-09-17T19:51:51","date_gmt":"2020-09-17T22:51:51","guid":{"rendered":"http:\/\/webdelmaestrocmf.com\/portal\/?p=23201"},"modified":"2023-10-17T23:16:28","modified_gmt":"2023-10-18T02:16:28","slug":"cinco-estrategias-salvar-ano-escolar","status":"publish","type":"post","link":"https:\/\/webdelmaestrocmf.com\/portal\/cinco-estrategias-salvar-ano-escolar\/","title":{"rendered":"Es ahora o nunca: 5 estrategias para salvar el a\u00f1o escolar de tu hijo"},"content":{"rendered":"<p style=\"text-align: justify;\"><strong>\u00abEn el emocionante camino de la educaci\u00f3n de tus hijos, a menudo te encuentras con desaf\u00edos que requieren soluciones inmediatas. Si sientes que este a\u00f1o escolar es crucial y necesitas desesperadamente encontrar formas efectivas de ayudar a tu hijo a alcanzar el \u00e9xito acad\u00e9mico, entonces est\u00e1s en el lugar adecuado. &#8216;Es ahora o nunca: 5 estrategias para salvar el a\u00f1o escolar de tu hijo&#8217; es tu gu\u00eda completa para enfrentar y superar los obst\u00e1culos que puedan estar afectando el rendimiento de tu hijo en la escuela.<\/strong> <!--more--><\/p>\n<p style=\"text-align: justify;\">A lo largo de estas p\u00e1ginas, descubrir\u00e1s consejos pr\u00e1cticos y estrategias probadas que te ayudar\u00e1n a convertir este a\u00f1o en un punto de inflexi\u00f3n en la educaci\u00f3n de tu hijo. Prep\u00e1rate para la transformaci\u00f3n, porque juntos exploraremos las claves para desbloquear el potencial de tu hijo y garantizar un a\u00f1o escolar exitoso. \u00a1El momento de actuar es ahora!\u00bb<\/p>\n<p style=\"text-align: justify;\">Falta poco m\u00e1s de\u00a0dos meses para que acabe el a\u00f1o\u00a0y en los colegios\u00a0uno de cada 10 alumnos est\u00e1 con problemas de rendimiento,\u00a0mientras que las\u00a0empresas de clases particulares han aumentado su demanda hasta en un 100 por ciento. \u00bfCu\u00e1nto exigir o castigar? \u00bfVale la pena recurrir a profesores privados o dar premios? Expertos entregan consejos para lograr resultados sin estresar a tu hijo.<\/p>\n<p style=\"text-align: justify;\">Compartimos con fines educativos &#8211; pastorales la publicaci\u00f3n del portal <strong>Bio Bio Chile,<\/strong> en donde la experta\u00a0<strong>Ver\u00f3nica Navarrete<\/strong> nos cuenta que es lo que debemos hacer para salvar el a\u00f1o escolar.<\/p>\n<h5 id=\"titulo_nota\" style=\"text-align: left;\">C\u00f3mo salvar el a\u00f1o acad\u00e9mico: Experta explica las claves para repuntar en el colegio<\/h5>\n<p style=\"text-align: justify;\">Empez\u00f3 el segundo semestre de clases y hay muchos alumnos y padres abrumados por el bajo rendimiento obtenido. No s\u00f3lo las notas del primer semestre no fueron las mejores, sino que se suma la sensaci\u00f3n de no haber consolidado los aprendizajes requeridos.<\/p>\n<p style=\"text-align: justify;\">Sin embargo, no todo est\u00e1 perdido. La Psic\u00f3loga Cl\u00ednica Infanto juvenil y Coordinadora Acad\u00e9mica de la Escuela de Psicolog\u00eda de la Universidad del Pac\u00edfico, Ver\u00f3nica Navarrete, dice que es importante tener en cuenta que todav\u00eda es tiempo de repuntar.<\/p>\n<p>Enlace relacionado: <a href=\"https:\/\/webdelmaestrocmf.com\/portal\/si-el-alumno-no-rinde-en-el-ano-escolar-la-repitencia-es-la-mejor-opcion\/\" target=\"_blank\" rel=\"noopener\">\u00bfCree usted que si el alumno no rinde en el a\u00f1o escolar, la repitencia es la mejor opci\u00f3n?<\/a><\/p>\n<p style=\"text-align: justify;\">\u201cPara esto es necesario, en primer t\u00e9rmino, tener clara cu\u00e1l es la causa del bajo rendimiento del alumno y de acuerdo a eso programar un plan de trabajo que permita mejorar el rendimiento acad\u00e9mico. En este aspecto, es fundamental el apoyo de los padres que deben acompa\u00f1ar las diversas estrategias generadas para esto desde el colegio\u201d, indica.<\/p>\n<p style=\"text-align: justify;\">La experta plantea que entre las diversas causas, una de las m\u00e1s comunes es el la falta de un adecuado h\u00e1bito de estudio. \u201cEs decir, el escolar estudia s\u00f3lo para las evaluaciones formales, ejercita la materia s\u00f3lo a trav\u00e9s de las tareas obligatorias, hay escaso repaso en la casa, estudia basado en la memoria y con escasa comprensi\u00f3n, o le falta dedicar el tiempo adecuado al estudio\u201d, explicita.<\/p>\n<p style=\"text-align: justify;\">Otra causa es la baja motivaci\u00f3n por la asignatura. \u201cEsto nace principalmente porque el escolar no le encuentra sentido a lo estudiado ni sabe c\u00f3mo aplicarlo. Suele darse en metodolog\u00edas de ense\u00f1anza donde hay escasa participaci\u00f3n del estudiante o con clases poco atractivas, en experiencias repetidas de fracaso y donde habitualmente se suma la asociaci\u00f3n del estudio con castigo o desagrado\u201d, advierte.<\/p>\n<p style=\"text-align: justify;\">La psic\u00f3loga tambi\u00e9n explica que el bajo rendimiento se puede deber a un pobre desarrollo de las habilidades b\u00e1sicas requeridas para el aprendizaje, tales como la capacidad de atenci\u00f3n, la comprensi\u00f3n lectora, poder de an\u00e1lisis y s\u00edntesis, y dominio de las operaciones b\u00e1sicas, entre otras.<\/p>\n<p style=\"text-align: justify;\">No obstante, el aspecto emocional es un fuerte componente de los logros acad\u00e9micos. \u201cEntre los aspectos emocionales que pueden interferir sobre la capacidad de aprendizaje de un ni\u00f1o est\u00e1n las problem\u00e1ticas a nivel familiar, la baja autoestima que lo hace sentirse incapaz, escasas habilidades sociales o timidez, baja integraci\u00f3n con los pares que no le permiten participar o preguntar si tiene dudas, por nombrar algunas\u201d, comenta.<\/p>\n<p style=\"text-align: justify;\">Una vez teniendo claro qu\u00e9 es lo que est\u00e1 interfiriendo en el aprendizaje del alumno, la especialista sugiere que el estudiante junto a su familia programe un plan de apoyo para mejorar su rendimiento. \u201cEn este sentido, se debe explicar al ni\u00f1o qu\u00e9 se va hacer y qu\u00e9 se espera que \u00e9l haga para lograr el objetivo. Por tal raz\u00f3n, es recomendable plantearse objetivos claros y posibles de ser alcanzados por el ni\u00f1o\u201d, propone.<\/p>\n<p style=\"text-align: justify;\">Tambi\u00e9n hay que tener claro que existen algunos casos donde se requerir\u00e1 la derivaci\u00f3n a un especialista, por ejemplo en procesos importantes de duelo, de experiencias traum\u00e1ticas o cuando las dificultades de aprendizaje aparecen de forma sostenida en el tiempo, a pesar de haberse implementado medidas de apoyo.<br \/>\nAh\u00ed la ayuda especializada puede favorecer la realizaci\u00f3n de diagn\u00f3sticos oportunos y tratamientos efectivos que permitan potenciar el aprendizaje de los ni\u00f1os.<\/p>\n<p style=\"text-align: justify;\">Para concluir, la experta de la Universidad del Pac\u00edfico se\u00f1ala que uno de los aspectos centrales es derribar el mito de que el fracaso escolar se debe \u00fanicamente a la flojera del ni\u00f1o. \u201cEntender que el proceso de aprendizaje depende no s\u00f3lo de \u00e9l, sino que tambi\u00e9n del apoyo y las condiciones que entregan su familia y colegio para que \u00e9ste se desarrolle, es la clave para salir adelante\u201d, afirma.<\/p>\n<h5><strong>5 ESTRATEGIAS PARA SALVAR EL A\u00d1O ESCOLAR<\/strong><\/h5>\n<p>Falta poco m\u00e1s de\u00a0<strong>dos meses para que acabe el a\u00f1o<\/strong>\u00a0y en los colegios\u00a0<strong>uno de cada 10 alumnos est\u00e1 con problemas de rendimiento,<\/strong>\u00a0mientras que las\u00a0<strong>empresas de clases particulares han aumentado su demanda hasta en un 100 por ciento.<\/strong>\u00a0\u00bfCu\u00e1nto exigir o castigar? \u00bfVale la pena recurrir a profesores privados o dar premios? Expertos entregan consejos para lograr resultados sin estresar a los hijos.<\/p>\n<ol>\n<li>Re\u00fanete con su Tutor y\/o profesores: inf\u00f3rmate acerca de la forma en la que puedes ayudar a tu ni\u00f1o a lograr el mayor \u00e9xito posible en el colegio.<\/li>\n<li>Crea una rutina de estudio: para ello establece un horario y un espacio fijo para hacer las tareas escolares y para el estudio.<\/li>\n<li>Realiza una evaluaci\u00f3n especializada a fin de determinar las causas del bajo rendimiento o dificultades en el desempe\u00f1o.<\/li>\n<li>Conoce los temas que se trabajan en \u00faltimo bimestre.<\/li>\n<li>Establece junto a tus hijos metas alcanzables.<\/li>\n<\/ol>\n<h5 class=\"paragraph \" style=\"padding-left: 40px; text-align: justify;\"><strong>1. REVISAR EL M\u00c9TODO DE APRENDIZAJE SEMANALMENTE<\/strong><\/h5>\n<p class=\"paragraph \" style=\"padding-left: 40px; text-align: justify;\">Antes de iniciar cualquier estrategia, los propios padres deben elaborar un diagn\u00f3stico del problema. Hay que partir conversando con el profesor y observar el m\u00e9todo de estudio del ni\u00f1o. Eso puede ayudar a determinar si hay d\u00e9ficit atencional, el ni\u00f1o est\u00e1 desmotivado o si s\u00f3lo falta m\u00e9todo de estudio. En este \u00faltimo caso, o si existe una rutina que no da resultados, padres e hijos debieran sentarse a revisarla. Lo ideal es anotar, en una hoja de cuaderno, las horas dedicadas al estudio al d\u00eda y las observaciones respectivas: por ejemplo, si el horario inicial era de dos horas al d\u00eda, pero se trabaj\u00f3 realmente una hora. El viernes se chequea y el ni\u00f1o se da cuenta qu\u00e9 hay que mejorar. En todo caso, la peor estrategia es usar los castigos o los premios. Ambos instrumentalizan el aprendizaje (los ni\u00f1os estudian s\u00f3lo para recibir algo o evitarse un castigo). En cambio, hay que hacerles ver el sentido de aprender: por ejemplo, que los ni\u00f1os entiendan la utilidad que tiene el aprender cierta materia.<\/p>\n<h5 class=\"paragraph \" style=\"padding-left: 40px; text-align: justify;\"><strong>2. ESTUDIO: ENTRE 30 MINUTOS Y DOS HORAS AL D\u00cdA<\/strong><\/h5>\n<p class=\"paragraph \" style=\"padding-left: 40px; text-align: justify;\">Media hora al d\u00eda para los\u00a0 alumnos de b\u00e1sica y no m\u00e1s de dos horas, en caso de los de media, es el tiempo recomendado de estudio en casa. Gran parte de ese tiempo debiera estar enfocado en repasar la materia pasada durante el d\u00eda. \u00abUn ni\u00f1o que repasa la materia nueva el mismo d\u00eda que se la pasaron, recuerda al mes el 90% de los contenidos. Si toma el cuaderno un d\u00eda despu\u00e9s, recuerda s\u00f3lo el 20 por ciento, y a los 15 d\u00edas, el 10 por ciento\u00bb, dice Natalia Salas, sic\u00f3loga del Centro de Desarrollo Cognitivo de la UDP. Eso s\u00ed, con per\u00edodos de descanso entremedio: 20 segundos para los m\u00e1s chicos y de 10 minutos para los grandes. Claro que antes de hacer las tareas, los ni\u00f1os deber\u00edan tener media hora de relajo, a la llegada del colegio. Para ello, lo ideal son los juegos al aire libre, que estimulan la liberaci\u00f3n de endorfinas, lo que contribuye luego a una mayor concentraci\u00f3n. La televisi\u00f3n o el computador no se recomiendan, ya que obligan a mantener la atenci\u00f3n y no permiten el descanso.<\/p>\n<h5 class=\"paragraph \" style=\"padding-left: 40px; text-align: justify;\"><strong>3. PROFESOR PARTICULAR S\u00d3LO PARA UNA MATERIA<\/strong><\/h5>\n<p class=\"paragraph \" style=\"padding-left: 40px; text-align: justify;\">No se aconseja recurrir a profesores particulares ante la primera dificultad. \u00abSi un ni\u00f1o necesita profesor cuatro d\u00edas a la semana, es el colegio el que no lo ha hecho bien\u00bb, dice Josefina Santa Cruz, acad\u00e9mica de la Facultad de Educaci\u00f3n de la UC. Tampoco se trata de que los padres se aprendan la materia, agrega Ver\u00f3nica P\u00e9rez, sic\u00f3loga del colegio San Ignacio El Bosque. Ellos deben estudiar con el menor hasta tercero b\u00e1sico. Despu\u00e9s, estudiar juntos atenta contra la autonom\u00eda y la confianza en s\u00ed del ni\u00f1o.<\/p>\n<h5 class=\"paragraph \" style=\"padding-left: 40px; text-align: justify;\"><strong>4. LAS ASIGNATURAS COMPLICADAS<\/strong><\/h5>\n<p class=\"paragraph \" style=\"padding-left: 40px; text-align: justify;\">Matem\u00e1ticas, f\u00edsica y lenguaje son los ramos que m\u00e1s complican a los escolares. Tambi\u00e9n los cursos de s\u00e9ptimo y octavo b\u00e1sico y primero medio. Esto, ya que las materias tienen un nivel de abstracci\u00f3n mayor y requieren que los j\u00f3venes sepan inferir, deducir y discriminar. En lenguaje, el principal problema es la mala comprensi\u00f3n lectora. \u00abLos ejercicios como las siete diferencias o sopa de letras mejoran la concentraci\u00f3n y elevan la comprensi\u00f3n lectora\u00bb, dice la sicopedagoga Luc\u00eda Casanova. En matem\u00e1ticas, las dificultades son falta de razonamiento l\u00f3gico o de abstracci\u00f3n. Aqu\u00ed, hay que nivelar contenidos o recurrir a sicopedagogos.<\/p>\n<h5 class=\"paragraph \" style=\"padding-left: 40px; text-align: justify;\"><strong>5. CU\u00c1NDO ES PREFERIBLE DAR POR PERDIDA LA BATALLA<\/strong><\/h5>\n<p class=\"paragraph \" style=\"padding-left: 40px; text-align: justify;\">\u00ab\u00bfDecirle que no se esfuerce m\u00e1s? Eso, jam\u00e1s\u00bb, dice Casanova. Aunque hay casos en los que conviene no presionar este a\u00f1o, sino el pr\u00f3ximo.\u00a0 Como cuando hay dos o m\u00e1s asignaturas rojas, un d\u00e9ficit atencional no tratado o situaciones familiares conflictivas. \u00abEn matem\u00e1ticas y f\u00edsica es indispensable manejar los contenidos anteriores para comprender los que vienen. Por ello, si no se solucionan los problemas, el hacer pasar de curso al alumno puede ser m\u00e1s perjudicial\u00bb, dice Canti Escobar, sicopedagoga.<\/p>\n<p><img loading=\"lazy\" decoding=\"async\" class=\"alignnone wp-image-68962 size-full\" src=\"https:\/\/webdelmaestrocmf.com\/portal\/wp-content\/uploads\/2018\/09\/1-8.png\" alt=\"hijjo\" width=\"960\" height=\"960\" srcset=\"https:\/\/webdelmaestrocmf.com\/portal\/wp-content\/uploads\/2018\/09\/1-8.png 960w, https:\/\/webdelmaestrocmf.com\/portal\/wp-content\/uploads\/2018\/09\/1-8-300x300.png 300w, https:\/\/webdelmaestrocmf.com\/portal\/wp-content\/uploads\/2018\/09\/1-8-150x150.png 150w, https:\/\/webdelmaestrocmf.com\/portal\/wp-content\/uploads\/2018\/09\/1-8-768x768.png 768w, https:\/\/webdelmaestrocmf.com\/portal\/wp-content\/uploads\/2018\/09\/1-8-80x80.png 80w, https:\/\/webdelmaestrocmf.com\/portal\/wp-content\/uploads\/2018\/09\/1-8-110x110.png 110w, https:\/\/webdelmaestrocmf.com\/portal\/wp-content\/uploads\/2018\/09\/1-8-200x200.png 200w, https:\/\/webdelmaestrocmf.com\/portal\/wp-content\/uploads\/2018\/09\/1-8-380x380.png 380w, https:\/\/webdelmaestrocmf.com\/portal\/wp-content\/uploads\/2018\/09\/1-8-255x255.png 255w, https:\/\/webdelmaestrocmf.com\/portal\/wp-content\/uploads\/2018\/09\/1-8-550x550.png 550w, https:\/\/webdelmaestrocmf.com\/portal\/wp-content\/uploads\/2018\/09\/1-8-800x800.png 800w\" sizes=\"auto, (max-width: 960px) 100vw, 960px\" \/><\/p>\n<p><strong>Este contenido ha sido publicado originalmente por Bio Bio Chiile en la siguiente direcci\u00f3n:\u00a0<a href=\"http:\/\/biobiochile.cl\" target=\"_blank\" rel=\"noopener\">biobiochile.cl<\/a><\/strong><\/p>\n\t\t<div class=\"pk-inline-posts\">\n\t\t\t\n\t\t\t<div class=\"pk-inline-posts-container pk-inline-posts-template-list\"\n\t\t\t\tdata-columns=\"1\">\n\t\t\t\t\t\t<article id=\"post-41113\" class=\"post-41113 post type-post status-publish format-standard has-post-thumbnail category-comunicacion category-educacion-y-familia category-padres category-pedagogia category-violencia tag-hijos tag-maestros tag-padres tag-respeto cs-entry cs-video-wrap\">\n\t\t\t<div class=\"pk-post-outer\">\n\n\t\t\t\t\t\t\t\t<div class=\"pk-post-inner\">\n\t\t\t\t\t<div class=\"entry-thumbnail\">\n\t\t\t\t\t\t<div class=\"pk-overlay pk-overlay-ratio pk-ratio-landscape\">\n\t\t\t\t\t\t\t<div class=\"pk-overlay-background\">\n\t\t\t\t\t\t\t\t<a href=\"https:\/\/webdelmaestrocmf.com\/portal\/si-los-padres-de-familia-no-respetan-a-los-maestros-mucho-menos-lo-haran-sus-hijos\/\" class=\"pk-overlay-link\">\n\t\t\t\t\t\t\t\t\t<img loading=\"lazy\" decoding=\"async\" width=\"300\" height=\"225\" src=\"https:\/\/webdelmaestrocmf.com\/portal\/wp-content\/uploads\/2024\/07\/1AA-Banner-1-portada-imagen-10-1-copia-300x225.jpg\" class=\"attachment-pk-thumbnail size-pk-thumbnail wp-post-image\" alt=\"\" \/>\t\t\t\t\t\t\t\t<\/a>\n\t\t\t\t\t\t\t<\/div>\n\t\t\t\t\t\t<\/div>\n\t\t\t\t\t<\/div>\n\t\t\t\t<\/div>\n\t\t\t\t\n\t\t\t\t<div class=\"pk-post-inner\">\n\t\t\t\t\t<header>\n\t\t\t\t\t\t<h3 class=\"pk-title\"><a href=\"https:\/\/webdelmaestrocmf.com\/portal\/si-los-padres-de-familia-no-respetan-a-los-maestros-mucho-menos-lo-haran-sus-hijos\/\" rel=\"bookmark\">Si los padres de familia no respetan a los maestros, mucho menos lo har\u00e1n sus hijos<\/a><\/h3>\t\t\t\t\t<\/header><!-- .entry-header -->\n\t\t\t\t<\/div><!-- .post-inner -->\n\n\t\t\t<\/div><!-- .post-outer -->\n\t\t<\/article>\n\t\t\t<article id=\"post-27603\" class=\"post-27603 post type-post status-publish format-standard has-post-thumbnail category-educacion-y-familia category-pedagogia tag-adaptabilidad-parental tag-autocontrol-y-exito tag-autoestima-infantil tag-autonomia-infantil tag-bienestar-infantil tag-comunicacion-familiar tag-control-parental tag-crianza-estricta tag-desarrollo-infantil tag-desarrollo-socioemocional tag-disciplina-y-logro tag-educacion-en-el-hogar tag-efectos-a-largo-plazo tag-efectos-de-la-crianza tag-estilos-parentales tag-estricta tag-estricta-vs-permisiva tag-exito-en-la-vida tag-exitosos tag-expectativas-parentales tag-habitos-de-estudio tag-hijos tag-impacto-de-la-crianza tag-influencia-materna tag-logro-a-largo-plazo tag-mama tag-modelos-parentales tag-normas-y-limites tag-paternidad-y-exito tag-psicologia-de-la-crianza tag-rendimiento-academico tag-resiliencia-y-crianza tag-responsabilidad-parental tag-valores-familiares cs-entry cs-video-wrap\">\n\t\t\t<div class=\"pk-post-outer\">\n\n\t\t\t\t\t\t\t\t<div class=\"pk-post-inner\">\n\t\t\t\t\t<div class=\"entry-thumbnail\">\n\t\t\t\t\t\t<div class=\"pk-overlay pk-overlay-ratio pk-ratio-landscape\">\n\t\t\t\t\t\t\t<div class=\"pk-overlay-background\">\n\t\t\t\t\t\t\t\t<a href=\"https:\/\/webdelmaestrocmf.com\/portal\/sabias-que-mientras-mas-estricta-sea-tu-mama-mas-exito-tendras-en-la-vida\/\" class=\"pk-overlay-link\">\n\t\t\t\t\t\t\t\t\t<img loading=\"lazy\" decoding=\"async\" width=\"300\" height=\"225\" src=\"https:\/\/webdelmaestrocmf.com\/portal\/wp-content\/uploads\/2020\/12\/1AA-Banner-1-portada-imagen-10-1-copia-16-300x225.webp\" class=\"attachment-pk-thumbnail size-pk-thumbnail wp-post-image\" alt=\"\" \/>\t\t\t\t\t\t\t\t<\/a>\n\t\t\t\t\t\t\t<\/div>\n\t\t\t\t\t\t<\/div>\n\t\t\t\t\t<\/div>\n\t\t\t\t<\/div>\n\t\t\t\t\n\t\t\t\t<div class=\"pk-post-inner\">\n\t\t\t\t\t<header>\n\t\t\t\t\t\t<h3 class=\"pk-title\"><a href=\"https:\/\/webdelmaestrocmf.com\/portal\/sabias-que-mientras-mas-estricta-sea-tu-mama-mas-exito-tendras-en-la-vida\/\" rel=\"bookmark\">\u00bfSab\u00edas que mientras m\u00e1s estricta sea una mam\u00e1, m\u00e1s \u00e9xito tendr\u00e1n sus hijos en la vida?<\/a><\/h3>\t\t\t\t\t<\/header><!-- .entry-header -->\n\t\t\t\t<\/div><!-- .post-inner -->\n\n\t\t\t<\/div><!-- .post-outer -->\n\t\t<\/article>\n\t\t\t<article id=\"post-24873\" class=\"post-24873 post type-post status-publish format-standard has-post-thumbnail category-educacion-y-familia category-pedagogia tag-100-mensajes tag-alumnos tag-autoestima tag-hijos tag-motivar tag-subir cs-entry cs-video-wrap\">\n\t\t\t<div class=\"pk-post-outer\">\n\n\t\t\t\t\t\t\t\t<div class=\"pk-post-inner\">\n\t\t\t\t\t<div class=\"entry-thumbnail\">\n\t\t\t\t\t\t<div class=\"pk-overlay pk-overlay-ratio pk-ratio-landscape\">\n\t\t\t\t\t\t\t<div class=\"pk-overlay-background\">\n\t\t\t\t\t\t\t\t<a href=\"https:\/\/webdelmaestrocmf.com\/portal\/100-mensajes-para-motivar-a-los-alumnos-e-hijos-y-subir-el-autoestima\/\" class=\"pk-overlay-link\">\n\t\t\t\t\t\t\t\t\t<img loading=\"lazy\" decoding=\"async\" width=\"300\" height=\"225\" src=\"https:\/\/webdelmaestrocmf.com\/portal\/wp-content\/uploads\/2019\/01\/1A-Banner-1-portada-imagen-10-1-copia-300x225.webp\" class=\"attachment-pk-thumbnail size-pk-thumbnail wp-post-image\" alt=\"\" \/>\t\t\t\t\t\t\t\t<\/a>\n\t\t\t\t\t\t\t<\/div>\n\t\t\t\t\t\t<\/div>\n\t\t\t\t\t<\/div>\n\t\t\t\t<\/div>\n\t\t\t\t\n\t\t\t\t<div class=\"pk-post-inner\">\n\t\t\t\t\t<header>\n\t\t\t\t\t\t<h3 class=\"pk-title\"><a href=\"https:\/\/webdelmaestrocmf.com\/portal\/100-mensajes-para-motivar-a-los-alumnos-e-hijos-y-subir-el-autoestima\/\" rel=\"bookmark\">Descarga el cuaderno de ejercicios para fortalecer la autoestima y los 200 mejores mensajes para motivar a los alumnos a creer en s\u00ed mismos<\/a><\/h3>\t\t\t\t\t<\/header><!-- .entry-header -->\n\t\t\t\t<\/div><!-- .post-inner -->\n\n\t\t\t<\/div><!-- .post-outer -->\n\t\t<\/article>\n\t\t\t\t<\/div>\n\t\t<\/div>\n\t\t\n","protected":false},"excerpt":{"rendered":"\u00abEn el emocionante camino de la educaci\u00f3n de tus hijos, a menudo te encuentras con desaf\u00edos que requieren&hellip;","protected":false},"author":1,"featured_media":68963,"comment_status":"open","ping_status":"closed","sticky":false,"template":"","format":"standard","meta":{"csco_display_header_overlay":false,"csco_singular_sidebar":"default","csco_page_header_type":"default","csco_page_load_nextpost":"default","csco_post_video_location":[],"csco_post_video_location_hash":"","csco_post_video_url":"","csco_post_video_bg_start_time":0,"csco_post_video_bg_end_time":0,"csco_post_video_bg_volume":false,"_jetpack_memberships_contains_paid_content":false,"footnotes":""},"categories":[443,735],"tags":[1631,3818,3206,2057,2939],"class_list":{"0":"post-23201","1":"post","2":"type-post","3":"status-publish","4":"format-standard","5":"has-post-thumbnail","7":"category-educacion-y-familia","8":"category-pedagogia","9":"tag-5-estrategias","10":"tag-academico","11":"tag-ano","12":"tag-repetir","13":"tag-salvar","14":"cs-entry","15":"cs-video-wrap"},"yoast_head":"<!-- This site is optimized with the Yoast SEO plugin v27.5 - https:\/\/yoast.com\/product\/yoast-seo-wordpress\/ -->\n<title>Es ahora o nunca: 5 estrategias para salvar el a\u00f1o escolar<\/title>\n<meta name=\"description\" content=\"Es ahora o nunca: 5 estrategias para salvar el a\u00f1o escolar de tu hijo&#039; es tu gu\u00eda completa para enfrentar y superar los obst\u00e1culos...\" \/>\n<meta name=\"robots\" content=\"index, follow, max-snippet:-1, max-image-preview:large, max-video-preview:-1\" \/>\n<link rel=\"canonical\" href=\"https:\/\/webdelmaestrocmf.com\/portal\/cinco-estrategias-salvar-ano-escolar\/\" \/>\n<meta property=\"og:locale\" content=\"es_ES\" \/>\n<meta property=\"og:type\" content=\"article\" \/>\n<meta property=\"og:title\" content=\"Es ahora o nunca: 5 estrategias para salvar el a\u00f1o escolar\" \/>\n<meta property=\"og:description\" content=\"Es ahora o nunca: 5 estrategias para salvar el a\u00f1o escolar de tu hijo&#039; es tu gu\u00eda completa para enfrentar y superar los obst\u00e1culos...\" \/>\n<meta property=\"og:url\" content=\"https:\/\/webdelmaestrocmf.com\/portal\/cinco-estrategias-salvar-ano-escolar\/\" \/>\n<meta property=\"og:site_name\" content=\"Web del Maestro CMF\" \/>\n<meta property=\"article:publisher\" content=\"https:\/\/www.facebook.com\/WebdelMaestroCMF\/\" \/>\n<meta property=\"article:author\" content=\"https:\/\/www.facebook.com\/WebdelMaestroCMF\/\" \/>\n<meta property=\"article:published_time\" content=\"2020-09-17T22:51:51+00:00\" \/>\n<meta property=\"article:modified_time\" content=\"2023-10-18T02:16:28+00:00\" \/>\n<meta property=\"og:image\" content=\"https:\/\/webdelmaestrocmf.com\/portal\/wp-content\/uploads\/2018\/09\/1-145.jpg\" \/>\n\t<meta property=\"og:image:width\" content=\"1100\" \/>\n\t<meta property=\"og:image:height\" content=\"680\" \/>\n\t<meta property=\"og:image:type\" content=\"image\/jpeg\" \/>\n<meta name=\"author\" content=\"Web del Maestro CMF\" \/>\n<meta name=\"twitter:card\" content=\"summary_large_image\" \/>\n<meta name=\"twitter:creator\" content=\"@cmf_w\" \/>\n<meta name=\"twitter:site\" content=\"@cmf_w\" \/>\n<script type=\"application\/ld+json\" class=\"yoast-schema-graph\">{\"@context\":\"https:\\\/\\\/schema.org\",\"@graph\":[{\"@type\":\"ScholarlyArticle\",\"@id\":\"https:\\\/\\\/webdelmaestrocmf.com\\\/portal\\\/cinco-estrategias-salvar-ano-escolar\\\/#article\",\"isPartOf\":{\"@id\":\"https:\\\/\\\/webdelmaestrocmf.com\\\/portal\\\/cinco-estrategias-salvar-ano-escolar\\\/\"},\"author\":{\"name\":\"Web del Maestro CMF\",\"@id\":\"https:\\\/\\\/webdelmaestrocmf.com\\\/portal\\\/#\\\/schema\\\/person\\\/1072a2ed7bd960df8ef99a551fa35dc5\"},\"headline\":\"Es ahora o nunca: 5 estrategias para salvar el a\u00f1o escolar de tu hijo\",\"datePublished\":\"2020-09-17T22:51:51+00:00\",\"dateModified\":\"2023-10-18T02:16:28+00:00\",\"mainEntityOfPage\":{\"@id\":\"https:\\\/\\\/webdelmaestrocmf.com\\\/portal\\\/cinco-estrategias-salvar-ano-escolar\\\/\"},\"wordCount\":1868,\"commentCount\":0,\"publisher\":{\"@id\":\"https:\\\/\\\/webdelmaestrocmf.com\\\/portal\\\/#organization\"},\"image\":{\"@id\":\"https:\\\/\\\/webdelmaestrocmf.com\\\/portal\\\/cinco-estrategias-salvar-ano-escolar\\\/#primaryimage\"},\"thumbnailUrl\":\"https:\\\/\\\/webdelmaestrocmf.com\\\/portal\\\/wp-content\\\/uploads\\\/2018\\\/09\\\/1-145.jpg\",\"keywords\":[\"5 ESTRATEGIAS\",\"acad\u00e9mico\",\"A\u00d1O\",\"REPETIR\",\"SALVAR\"],\"articleSection\":[\"Educaci\u00f3n y Familia\",\"Recursos\"],\"inLanguage\":\"es\",\"potentialAction\":[{\"@type\":\"CommentAction\",\"name\":\"Comment\",\"target\":[\"https:\\\/\\\/webdelmaestrocmf.com\\\/portal\\\/cinco-estrategias-salvar-ano-escolar\\\/#respond\"]}]},{\"@type\":\"WebPage\",\"@id\":\"https:\\\/\\\/webdelmaestrocmf.com\\\/portal\\\/cinco-estrategias-salvar-ano-escolar\\\/\",\"url\":\"https:\\\/\\\/webdelmaestrocmf.com\\\/portal\\\/cinco-estrategias-salvar-ano-escolar\\\/\",\"name\":\"Es ahora o nunca: 5 estrategias para salvar el a\u00f1o escolar\",\"isPartOf\":{\"@id\":\"https:\\\/\\\/webdelmaestrocmf.com\\\/portal\\\/#website\"},\"primaryImageOfPage\":{\"@id\":\"https:\\\/\\\/webdelmaestrocmf.com\\\/portal\\\/cinco-estrategias-salvar-ano-escolar\\\/#primaryimage\"},\"image\":{\"@id\":\"https:\\\/\\\/webdelmaestrocmf.com\\\/portal\\\/cinco-estrategias-salvar-ano-escolar\\\/#primaryimage\"},\"thumbnailUrl\":\"https:\\\/\\\/webdelmaestrocmf.com\\\/portal\\\/wp-content\\\/uploads\\\/2018\\\/09\\\/1-145.jpg\",\"datePublished\":\"2020-09-17T22:51:51+00:00\",\"dateModified\":\"2023-10-18T02:16:28+00:00\",\"description\":\"Es ahora o nunca: 5 estrategias para salvar el a\u00f1o escolar de tu hijo' es tu gu\u00eda completa para enfrentar y superar los obst\u00e1culos...\",\"breadcrumb\":{\"@id\":\"https:\\\/\\\/webdelmaestrocmf.com\\\/portal\\\/cinco-estrategias-salvar-ano-escolar\\\/#breadcrumb\"},\"inLanguage\":\"es\",\"potentialAction\":[{\"@type\":\"ReadAction\",\"target\":[\"https:\\\/\\\/webdelmaestrocmf.com\\\/portal\\\/cinco-estrategias-salvar-ano-escolar\\\/\"]}]},{\"@type\":\"ImageObject\",\"inLanguage\":\"es\",\"@id\":\"https:\\\/\\\/webdelmaestrocmf.com\\\/portal\\\/cinco-estrategias-salvar-ano-escolar\\\/#primaryimage\",\"url\":\"https:\\\/\\\/webdelmaestrocmf.com\\\/portal\\\/wp-content\\\/uploads\\\/2018\\\/09\\\/1-145.jpg\",\"contentUrl\":\"https:\\\/\\\/webdelmaestrocmf.com\\\/portal\\\/wp-content\\\/uploads\\\/2018\\\/09\\\/1-145.jpg\",\"width\":1100,\"height\":680,\"caption\":\"hijjo\"},{\"@type\":\"BreadcrumbList\",\"@id\":\"https:\\\/\\\/webdelmaestrocmf.com\\\/portal\\\/cinco-estrategias-salvar-ano-escolar\\\/#breadcrumb\",\"itemListElement\":[{\"@type\":\"ListItem\",\"position\":1,\"name\":\"Portada\",\"item\":\"https:\\\/\\\/webdelmaestrocmf.com\\\/portal\\\/\"},{\"@type\":\"ListItem\",\"position\":2,\"name\":\"Recursos\",\"item\":\"https:\\\/\\\/webdelmaestrocmf.com\\\/portal\\\/category\\\/pedagogia\\\/\"},{\"@type\":\"ListItem\",\"position\":3,\"name\":\"Es ahora o nunca: 5 estrategias para salvar el a\u00f1o escolar de tu hijo\"}]},{\"@type\":\"WebSite\",\"@id\":\"https:\\\/\\\/webdelmaestrocmf.com\\\/portal\\\/#website\",\"url\":\"https:\\\/\\\/webdelmaestrocmf.com\\\/portal\\\/\",\"name\":\"Web del Maestro CMF\",\"description\":\"Maestros al servicio de la educaci\u00f3n\",\"publisher\":{\"@id\":\"https:\\\/\\\/webdelmaestrocmf.com\\\/portal\\\/#organization\"},\"alternateName\":\"WMCMF\",\"potentialAction\":[{\"@type\":\"SearchAction\",\"target\":{\"@type\":\"EntryPoint\",\"urlTemplate\":\"https:\\\/\\\/webdelmaestrocmf.com\\\/portal\\\/?s={search_term_string}\"},\"query-input\":{\"@type\":\"PropertyValueSpecification\",\"valueRequired\":true,\"valueName\":\"search_term_string\"}}],\"inLanguage\":\"es\"},{\"@type\":\"Organization\",\"@id\":\"https:\\\/\\\/webdelmaestrocmf.com\\\/portal\\\/#organization\",\"name\":\"Web del Maestro CMF\",\"alternateName\":\"WMCMF\",\"url\":\"https:\\\/\\\/webdelmaestrocmf.com\\\/portal\\\/\",\"logo\":{\"@type\":\"ImageObject\",\"inLanguage\":\"es\",\"@id\":\"https:\\\/\\\/webdelmaestrocmf.com\\\/portal\\\/#\\\/schema\\\/logo\\\/image\\\/\",\"url\":\"https:\\\/\\\/webdelmaestrocmf.com\\\/portal\\\/wp-content\\\/uploads\\\/2023\\\/01\\\/logo-wmcmf-2.png\",\"contentUrl\":\"https:\\\/\\\/webdelmaestrocmf.com\\\/portal\\\/wp-content\\\/uploads\\\/2023\\\/01\\\/logo-wmcmf-2.png\",\"width\":200,\"height\":60,\"caption\":\"Web del Maestro CMF\"},\"image\":{\"@id\":\"https:\\\/\\\/webdelmaestrocmf.com\\\/portal\\\/#\\\/schema\\\/logo\\\/image\\\/\"},\"sameAs\":[\"https:\\\/\\\/www.facebook.com\\\/WebdelMaestroCMF\\\/\",\"https:\\\/\\\/x.com\\\/cmf_w\",\"https:\\\/\\\/www.pinterest.com\\\/WMCMF\\\/\",\"https:\\\/\\\/www.linkedin.com\\\/company\\\/web-del-maestro-cmf\\\/\",\"https:\\\/\\\/www.instagram.com\\\/wmcmf\\\/\",\"https:\\\/\\\/www.youtube.com\\\/channel\\\/UCDPSvjbdodE5sHnC3OxutHw\",\"https:\\\/\\\/mastodon.social\\\/@wmcmf\",\"https:\\\/\\\/www.tiktok.com\\\/@webdelmaestrocmf\"]},{\"@type\":\"Person\",\"@id\":\"https:\\\/\\\/webdelmaestrocmf.com\\\/portal\\\/#\\\/schema\\\/person\\\/1072a2ed7bd960df8ef99a551fa35dc5\",\"name\":\"Web del Maestro CMF\",\"image\":{\"@type\":\"ImageObject\",\"inLanguage\":\"es\",\"@id\":\"https:\\\/\\\/secure.gravatar.com\\\/avatar\\\/23291dd5b5ae1077dcff3dbb04c3e02bd28403fa75af6d8787d5e97c5bbbe30b?s=96&d=mm&r=g\",\"url\":\"https:\\\/\\\/secure.gravatar.com\\\/avatar\\\/23291dd5b5ae1077dcff3dbb04c3e02bd28403fa75af6d8787d5e97c5bbbe30b?s=96&d=mm&r=g\",\"contentUrl\":\"https:\\\/\\\/secure.gravatar.com\\\/avatar\\\/23291dd5b5ae1077dcff3dbb04c3e02bd28403fa75af6d8787d5e97c5bbbe30b?s=96&d=mm&r=g\",\"caption\":\"Web del Maestro CMF\"},\"description\":\"Esta Web se cre\u00f3 sin fines de lucro, con fines educativos, cient\u00edficos y acad\u00e9micos, para personas que tengan dificultades y\\\/o inconvenientes en visualizar el material original. El objetivo es entregar recursos, compartir experiencias y materiales que ayuden a los padres de familia, maestros y estudiantes en su actualizaci\u00f3n y formaci\u00f3n permanente, en bien de la Educaci\u00f3n.\",\"sameAs\":[\"http:\\\/\\\/webdelmaestrocmf.com\\\/portal\",\"https:\\\/\\\/www.facebook.com\\\/WebdelMaestroCMF\\\/\",\"https:\\\/\\\/www.instagram.com\\\/wmcmf\\\/\",\"https:\\\/\\\/cl.linkedin.com\\\/company\\\/web-del-maestro-cmf\",\"https:\\\/\\\/www.pinterest.com\\\/WMCMF\\\/publicaciones\\\/\",\"https:\\\/\\\/x.com\\\/cmf_w\",\"https:\\\/\\\/www.youtube.com\\\/@WMCMF\"]}]}<\/script>\n<!-- \/ Yoast SEO plugin. -->","yoast_head_json":{"title":"Es ahora o nunca: 5 estrategias para salvar el a\u00f1o escolar","description":"Es ahora o nunca: 5 estrategias para salvar el a\u00f1o escolar de tu hijo' es tu gu\u00eda completa para enfrentar y superar los obst\u00e1culos...","robots":{"index":"index","follow":"follow","max-snippet":"max-snippet:-1","max-image-preview":"max-image-preview:large","max-video-preview":"max-video-preview:-1"},"canonical":"https:\/\/webdelmaestrocmf.com\/portal\/cinco-estrategias-salvar-ano-escolar\/","og_locale":"es_ES","og_type":"article","og_title":"Es ahora o nunca: 5 estrategias para salvar el a\u00f1o escolar","og_description":"Es ahora o nunca: 5 estrategias para salvar el a\u00f1o escolar de tu hijo' es tu gu\u00eda completa para enfrentar y superar los obst\u00e1culos...","og_url":"https:\/\/webdelmaestrocmf.com\/portal\/cinco-estrategias-salvar-ano-escolar\/","og_site_name":"Web del Maestro CMF","article_publisher":"https:\/\/www.facebook.com\/WebdelMaestroCMF\/","article_author":"https:\/\/www.facebook.com\/WebdelMaestroCMF\/","article_published_time":"2020-09-17T22:51:51+00:00","article_modified_time":"2023-10-18T02:16:28+00:00","og_image":[{"width":1100,"height":680,"url":"https:\/\/webdelmaestrocmf.com\/portal\/wp-content\/uploads\/2018\/09\/1-145.jpg","type":"image\/jpeg"}],"author":"Web del Maestro CMF","twitter_card":"summary_large_image","twitter_creator":"@cmf_w","twitter_site":"@cmf_w","schema":{"@context":"https:\/\/schema.org","@graph":[{"@type":"ScholarlyArticle","@id":"https:\/\/webdelmaestrocmf.com\/portal\/cinco-estrategias-salvar-ano-escolar\/#article","isPartOf":{"@id":"https:\/\/webdelmaestrocmf.com\/portal\/cinco-estrategias-salvar-ano-escolar\/"},"author":{"name":"Web del Maestro CMF","@id":"https:\/\/webdelmaestrocmf.com\/portal\/#\/schema\/person\/1072a2ed7bd960df8ef99a551fa35dc5"},"headline":"Es ahora o nunca: 5 estrategias para salvar el a\u00f1o escolar de tu hijo","datePublished":"2020-09-17T22:51:51+00:00","dateModified":"2023-10-18T02:16:28+00:00","mainEntityOfPage":{"@id":"https:\/\/webdelmaestrocmf.com\/portal\/cinco-estrategias-salvar-ano-escolar\/"},"wordCount":1868,"commentCount":0,"publisher":{"@id":"https:\/\/webdelmaestrocmf.com\/portal\/#organization"},"image":{"@id":"https:\/\/webdelmaestrocmf.com\/portal\/cinco-estrategias-salvar-ano-escolar\/#primaryimage"},"thumbnailUrl":"https:\/\/webdelmaestrocmf.com\/portal\/wp-content\/uploads\/2018\/09\/1-145.jpg","keywords":["5 ESTRATEGIAS","acad\u00e9mico","A\u00d1O","REPETIR","SALVAR"],"articleSection":["Educaci\u00f3n y Familia","Recursos"],"inLanguage":"es","potentialAction":[{"@type":"CommentAction","name":"Comment","target":["https:\/\/webdelmaestrocmf.com\/portal\/cinco-estrategias-salvar-ano-escolar\/#respond"]}]},{"@type":"WebPage","@id":"https:\/\/webdelmaestrocmf.com\/portal\/cinco-estrategias-salvar-ano-escolar\/","url":"https:\/\/webdelmaestrocmf.com\/portal\/cinco-estrategias-salvar-ano-escolar\/","name":"Es ahora o nunca: 5 estrategias para salvar el a\u00f1o escolar","isPartOf":{"@id":"https:\/\/webdelmaestrocmf.com\/portal\/#website"},"primaryImageOfPage":{"@id":"https:\/\/webdelmaestrocmf.com\/portal\/cinco-estrategias-salvar-ano-escolar\/#primaryimage"},"image":{"@id":"https:\/\/webdelmaestrocmf.com\/portal\/cinco-estrategias-salvar-ano-escolar\/#primaryimage"},"thumbnailUrl":"https:\/\/webdelmaestrocmf.com\/portal\/wp-content\/uploads\/2018\/09\/1-145.jpg","datePublished":"2020-09-17T22:51:51+00:00","dateModified":"2023-10-18T02:16:28+00:00","description":"Es ahora o nunca: 5 estrategias para salvar el a\u00f1o escolar de tu hijo' es tu gu\u00eda completa para enfrentar y superar los obst\u00e1culos...","breadcrumb":{"@id":"https:\/\/webdelmaestrocmf.com\/portal\/cinco-estrategias-salvar-ano-escolar\/#breadcrumb"},"inLanguage":"es","potentialAction":[{"@type":"ReadAction","target":["https:\/\/webdelmaestrocmf.com\/portal\/cinco-estrategias-salvar-ano-escolar\/"]}]},{"@type":"ImageObject","inLanguage":"es","@id":"https:\/\/webdelmaestrocmf.com\/portal\/cinco-estrategias-salvar-ano-escolar\/#primaryimage","url":"https:\/\/webdelmaestrocmf.com\/portal\/wp-content\/uploads\/2018\/09\/1-145.jpg","contentUrl":"https:\/\/webdelmaestrocmf.com\/portal\/wp-content\/uploads\/2018\/09\/1-145.jpg","width":1100,"height":680,"caption":"hijjo"},{"@type":"BreadcrumbList","@id":"https:\/\/webdelmaestrocmf.com\/portal\/cinco-estrategias-salvar-ano-escolar\/#breadcrumb","itemListElement":[{"@type":"ListItem","position":1,"name":"Portada","item":"https:\/\/webdelmaestrocmf.com\/portal\/"},{"@type":"ListItem","position":2,"name":"Recursos","item":"https:\/\/webdelmaestrocmf.com\/portal\/category\/pedagogia\/"},{"@type":"ListItem","position":3,"name":"Es ahora o nunca: 5 estrategias para salvar el a\u00f1o escolar de tu hijo"}]},{"@type":"WebSite","@id":"https:\/\/webdelmaestrocmf.com\/portal\/#website","url":"https:\/\/webdelmaestrocmf.com\/portal\/","name":"Web del Maestro CMF","description":"Maestros al servicio de la educaci\u00f3n","publisher":{"@id":"https:\/\/webdelmaestrocmf.com\/portal\/#organization"},"alternateName":"WMCMF","potentialAction":[{"@type":"SearchAction","target":{"@type":"EntryPoint","urlTemplate":"https:\/\/webdelmaestrocmf.com\/portal\/?s={search_term_string}"},"query-input":{"@type":"PropertyValueSpecification","valueRequired":true,"valueName":"search_term_string"}}],"inLanguage":"es"},{"@type":"Organization","@id":"https:\/\/webdelmaestrocmf.com\/portal\/#organization","name":"Web del Maestro CMF","alternateName":"WMCMF","url":"https:\/\/webdelmaestrocmf.com\/portal\/","logo":{"@type":"ImageObject","inLanguage":"es","@id":"https:\/\/webdelmaestrocmf.com\/portal\/#\/schema\/logo\/image\/","url":"https:\/\/webdelmaestrocmf.com\/portal\/wp-content\/uploads\/2023\/01\/logo-wmcmf-2.png","contentUrl":"https:\/\/webdelmaestrocmf.com\/portal\/wp-content\/uploads\/2023\/01\/logo-wmcmf-2.png","width":200,"height":60,"caption":"Web del Maestro CMF"},"image":{"@id":"https:\/\/webdelmaestrocmf.com\/portal\/#\/schema\/logo\/image\/"},"sameAs":["https:\/\/www.facebook.com\/WebdelMaestroCMF\/","https:\/\/x.com\/cmf_w","https:\/\/www.pinterest.com\/WMCMF\/","https:\/\/www.linkedin.com\/company\/web-del-maestro-cmf\/","https:\/\/www.instagram.com\/wmcmf\/","https:\/\/www.youtube.com\/channel\/UCDPSvjbdodE5sHnC3OxutHw","https:\/\/mastodon.social\/@wmcmf","https:\/\/www.tiktok.com\/@webdelmaestrocmf"]},{"@type":"Person","@id":"https:\/\/webdelmaestrocmf.com\/portal\/#\/schema\/person\/1072a2ed7bd960df8ef99a551fa35dc5","name":"Web del Maestro CMF","image":{"@type":"ImageObject","inLanguage":"es","@id":"https:\/\/secure.gravatar.com\/avatar\/23291dd5b5ae1077dcff3dbb04c3e02bd28403fa75af6d8787d5e97c5bbbe30b?s=96&d=mm&r=g","url":"https:\/\/secure.gravatar.com\/avatar\/23291dd5b5ae1077dcff3dbb04c3e02bd28403fa75af6d8787d5e97c5bbbe30b?s=96&d=mm&r=g","contentUrl":"https:\/\/secure.gravatar.com\/avatar\/23291dd5b5ae1077dcff3dbb04c3e02bd28403fa75af6d8787d5e97c5bbbe30b?s=96&d=mm&r=g","caption":"Web del Maestro CMF"},"description":"Esta Web se cre\u00f3 sin fines de lucro, con fines educativos, cient\u00edficos y acad\u00e9micos, para personas que tengan dificultades y\/o inconvenientes en visualizar el material original. El objetivo es entregar recursos, compartir experiencias y materiales que ayuden a los padres de familia, maestros y estudiantes en su actualizaci\u00f3n y formaci\u00f3n permanente, en bien de la Educaci\u00f3n.","sameAs":["http:\/\/webdelmaestrocmf.com\/portal","https:\/\/www.facebook.com\/WebdelMaestroCMF\/","https:\/\/www.instagram.com\/wmcmf\/","https:\/\/cl.linkedin.com\/company\/web-del-maestro-cmf","https:\/\/www.pinterest.com\/WMCMF\/publicaciones\/","https:\/\/x.com\/cmf_w","https:\/\/www.youtube.com\/@WMCMF"]}]}},"jetpack_featured_media_url":"https:\/\/webdelmaestrocmf.com\/portal\/wp-content\/uploads\/2018\/09\/1-145.jpg","jetpack_sharing_enabled":true,"jetpack-related-posts":[{"id":100013,"url":"https:\/\/webdelmaestrocmf.com\/portal\/su-hijo-esta-por-repetir-el-ano-escolar-que-hacer\/","url_meta":{"origin":23201,"position":0},"title":"\u00bfSu hijo, est\u00e1 por repetir el a\u00f1o escolar? \u00bfQu\u00e9 hacer?","author":"Web del Maestro CMF","date":"12 noviembre, 2023","format":false,"excerpt":"La experiencia de que un hijo est\u00e9 a punto de repetir el a\u00f1o escolar puede ser desafiante y emotiva para cualquier padre. Aunque es natural sentir preocupaci\u00f3n, es crucial abordar la situaci\u00f3n con una mentalidad proactiva y orientada a soluciones. En este contexto, es fundamental comprender las razones detr\u00e1s de\u2026","rel":"","context":"En \u00abPadres\u00bb","block_context":{"text":"Padres","link":"https:\/\/webdelmaestrocmf.com\/portal\/category\/pedagogia\/padres\/"},"img":{"alt_text":"repetir el a\u00f1o escolar","src":"https:\/\/i0.wp.com\/webdelmaestrocmf.com\/portal\/wp-content\/uploads\/2023\/11\/A12B3C4D-7-1.jpg?resize=350%2C200&ssl=1","width":350,"height":200,"srcset":"https:\/\/i0.wp.com\/webdelmaestrocmf.com\/portal\/wp-content\/uploads\/2023\/11\/A12B3C4D-7-1.jpg?resize=350%2C200&ssl=1 1x, https:\/\/i0.wp.com\/webdelmaestrocmf.com\/portal\/wp-content\/uploads\/2023\/11\/A12B3C4D-7-1.jpg?resize=525%2C300&ssl=1 1.5x, https:\/\/i0.wp.com\/webdelmaestrocmf.com\/portal\/wp-content\/uploads\/2023\/11\/A12B3C4D-7-1.jpg?resize=700%2C400&ssl=1 2x"},"classes":[]},{"id":114364,"url":"https:\/\/webdelmaestrocmf.com\/portal\/erika-di-martino-madre-de-5-hijos-ninguno-de-ellos-ha-ido-nunca-a-la-escuela-porque-es-un-sistema-anacronico-que-no-tiene-en-cuenta-la-vida-real\/","url_meta":{"origin":23201,"position":1},"title":"Erika di Martino, madre de 5 hijos: \u201cNinguno de ellos ha ido nunca a la escuela porque es un sistema anacr\u00f3nico que no tiene en cuenta la vida real\u201d","author":"Web del Maestro CMF","date":"29 diciembre, 2025","format":false,"excerpt":"Erika di Martino defiende la educaci\u00f3n en casa y cuestiona la escuela tradicional por alejarse de la vida real infantil.","rel":"","context":"En \u00abEntrevistas\u00bb","block_context":{"text":"Entrevistas","link":"https:\/\/webdelmaestrocmf.com\/portal\/category\/noticias\/entrevistas\/"},"img":{"alt_text":"","src":"https:\/\/i0.wp.com\/webdelmaestrocmf.com\/portal\/wp-content\/uploads\/2025\/12\/1A-Banner-1-portada-imagen-10-1-copia-4-3.webp?resize=350%2C200&ssl=1","width":350,"height":200,"srcset":"https:\/\/i0.wp.com\/webdelmaestrocmf.com\/portal\/wp-content\/uploads\/2025\/12\/1A-Banner-1-portada-imagen-10-1-copia-4-3.webp?resize=350%2C200&ssl=1 1x, https:\/\/i0.wp.com\/webdelmaestrocmf.com\/portal\/wp-content\/uploads\/2025\/12\/1A-Banner-1-portada-imagen-10-1-copia-4-3.webp?resize=525%2C300&ssl=1 1.5x, https:\/\/i0.wp.com\/webdelmaestrocmf.com\/portal\/wp-content\/uploads\/2025\/12\/1A-Banner-1-portada-imagen-10-1-copia-4-3.webp?resize=700%2C400&ssl=1 2x"},"classes":[]},{"id":107143,"url":"https:\/\/webdelmaestrocmf.com\/portal\/preguntas-que-debes-hacerle-a-tu-hijo-al-final-del-ano-escolar-en-lugar-de-pasaste-de-ano\/","url_meta":{"origin":23201,"position":2},"title":"Preguntas que debes hacerle a tu hijo al final del a\u00f1o escolar en lugar de \u00ab\u00bfPasaste de A\u00f1o?\u00bb","author":"Web del Maestro CMF","date":"12 diciembre, 2024","format":false,"excerpt":"El cierre de un ciclo escolar es un momento crucial para los ni\u00f1os, no solo por las calificaciones, sino tambi\u00e9n por el aprendizaje emocional, social y personal que han experimentado. Sin embargo, muchas veces, como padres, tendemos a reducir este momento a una pregunta directa: \u201c\u00bfPasaste de a\u00f1o?\u201d Aunque es\u2026","rel":"","context":"En \u00abBienestar Familiar\u00bb","block_context":{"text":"Bienestar Familiar","link":"https:\/\/webdelmaestrocmf.com\/portal\/category\/pedagogia\/bienestar-familiar\/"},"img":{"alt_text":"","src":"https:\/\/i0.wp.com\/webdelmaestrocmf.com\/portal\/wp-content\/uploads\/2024\/12\/Banner-1-portada-imagen-10-1-17.jpg?resize=350%2C200&ssl=1","width":350,"height":200,"srcset":"https:\/\/i0.wp.com\/webdelmaestrocmf.com\/portal\/wp-content\/uploads\/2024\/12\/Banner-1-portada-imagen-10-1-17.jpg?resize=350%2C200&ssl=1 1x, https:\/\/i0.wp.com\/webdelmaestrocmf.com\/portal\/wp-content\/uploads\/2024\/12\/Banner-1-portada-imagen-10-1-17.jpg?resize=525%2C300&ssl=1 1.5x, https:\/\/i0.wp.com\/webdelmaestrocmf.com\/portal\/wp-content\/uploads\/2024\/12\/Banner-1-portada-imagen-10-1-17.jpg?resize=700%2C400&ssl=1 2x"},"classes":[]},{"id":98568,"url":"https:\/\/webdelmaestrocmf.com\/portal\/encuestas-para-padres-y-alumnos-inicio-mitad-y-fin-de-ano\/","url_meta":{"origin":23201,"position":3},"title":"Encuestas para padres y alumnos: inicio, Mitad y fin de a\u00f1o","author":"Web del Maestro CMF","date":"9 julio, 2024","format":false,"excerpt":"Las encuestas educativas son una herramienta valiosa para obtener informaci\u00f3n sobre la opini\u00f3n y percepci\u00f3n de los actores del sistema educativo, como estudiantes, padres de familia, docentes y directivos. Esta informaci\u00f3n puede ser utilizada para mejorar la calidad de la educaci\u00f3n, identificar \u00e1reas de oportunidad y tomar decisiones informadas. Las\u2026","rel":"","context":"En \u00abEncuestas\u00bb","block_context":{"text":"Encuestas","link":"https:\/\/webdelmaestrocmf.com\/portal\/category\/pedagogia\/encuestas\/"},"img":{"alt_text":"Encuestas padres de familia","src":"https:\/\/i0.wp.com\/webdelmaestrocmf.com\/portal\/wp-content\/uploads\/2023\/10\/Banner-1-portada-imagen-10-1-2024-07-09T135924.200.jpg?resize=350%2C200&ssl=1","width":350,"height":200,"srcset":"https:\/\/i0.wp.com\/webdelmaestrocmf.com\/portal\/wp-content\/uploads\/2023\/10\/Banner-1-portada-imagen-10-1-2024-07-09T135924.200.jpg?resize=350%2C200&ssl=1 1x, https:\/\/i0.wp.com\/webdelmaestrocmf.com\/portal\/wp-content\/uploads\/2023\/10\/Banner-1-portada-imagen-10-1-2024-07-09T135924.200.jpg?resize=525%2C300&ssl=1 1.5x, https:\/\/i0.wp.com\/webdelmaestrocmf.com\/portal\/wp-content\/uploads\/2023\/10\/Banner-1-portada-imagen-10-1-2024-07-09T135924.200.jpg?resize=700%2C400&ssl=1 2x"},"classes":[]},{"id":107746,"url":"https:\/\/webdelmaestrocmf.com\/portal\/la-clave-del-exito-escolar-es-involucrar-a-las-familias-en-el-aprendizaje\/","url_meta":{"origin":23201,"position":4},"title":"La clave del \u00e9xito escolar es involucrar a las familias en el aprendizaje","author":"Web del Maestro CMF","date":"29 enero, 2025","format":false,"excerpt":"La participaci\u00f3n activa de los padres de familia en la educaci\u00f3n de sus hijos es un factor determinante para su \u00e9xito acad\u00e9mico. Sin embargo, muchas familias, especialmente en la etapa de la adolescencia, tienden a disminuir su involucramiento bajo la creencia de que sus hijos ya no necesitan su apoyo.\u2026","rel":"","context":"En \u00abEducaci\u00f3n y Familia\u00bb","block_context":{"text":"Educaci\u00f3n y Familia","link":"https:\/\/webdelmaestrocmf.com\/portal\/category\/pedagogia\/educacion-y-familia\/"},"img":{"alt_text":"","src":"https:\/\/i0.wp.com\/webdelmaestrocmf.com\/portal\/wp-content\/uploads\/2025\/01\/1A-Banner-1-portada-imagen-10-1-44.jpg?resize=350%2C200&ssl=1","width":350,"height":200,"srcset":"https:\/\/i0.wp.com\/webdelmaestrocmf.com\/portal\/wp-content\/uploads\/2025\/01\/1A-Banner-1-portada-imagen-10-1-44.jpg?resize=350%2C200&ssl=1 1x, https:\/\/i0.wp.com\/webdelmaestrocmf.com\/portal\/wp-content\/uploads\/2025\/01\/1A-Banner-1-portada-imagen-10-1-44.jpg?resize=525%2C300&ssl=1 1.5x, https:\/\/i0.wp.com\/webdelmaestrocmf.com\/portal\/wp-content\/uploads\/2025\/01\/1A-Banner-1-portada-imagen-10-1-44.jpg?resize=700%2C400&ssl=1 2x"},"classes":[]},{"id":108616,"url":"https:\/\/webdelmaestrocmf.com\/portal\/autoevaluacion-del-desempeno-de-padres-de-familia\/","url_meta":{"origin":23201,"position":5},"title":"Autoevaluaci\u00f3n del desempe\u00f1o de Padres de Familia","author":"Web del Maestro CMF","date":"10 marzo, 2026","format":false,"excerpt":"La autoevaluaci\u00f3n de padres fortalece el compromiso familiar, mejora el seguimiento escolar y promueve una colaboraci\u00f3n efectiva entre familia y escuela.","rel":"","context":"En \u00abDescarga\u00bb","block_context":{"text":"Descarga","link":"https:\/\/webdelmaestrocmf.com\/portal\/category\/descarga\/"},"img":{"alt_text":"","src":"https:\/\/i0.wp.com\/webdelmaestrocmf.com\/portal\/wp-content\/uploads\/2025\/04\/1A-Banner-1-portada-imagen-10-1-33.jpg?resize=350%2C200&ssl=1","width":350,"height":200,"srcset":"https:\/\/i0.wp.com\/webdelmaestrocmf.com\/portal\/wp-content\/uploads\/2025\/04\/1A-Banner-1-portada-imagen-10-1-33.jpg?resize=350%2C200&ssl=1 1x, https:\/\/i0.wp.com\/webdelmaestrocmf.com\/portal\/wp-content\/uploads\/2025\/04\/1A-Banner-1-portada-imagen-10-1-33.jpg?resize=525%2C300&ssl=1 1.5x, https:\/\/i0.wp.com\/webdelmaestrocmf.com\/portal\/wp-content\/uploads\/2025\/04\/1A-Banner-1-portada-imagen-10-1-33.jpg?resize=700%2C400&ssl=1 2x"},"classes":[]}],"_links":{"self":[{"href":"https:\/\/webdelmaestrocmf.com\/portal\/wp-json\/wp\/v2\/posts\/23201","targetHints":{"allow":["GET"]}}],"collection":[{"href":"https:\/\/webdelmaestrocmf.com\/portal\/wp-json\/wp\/v2\/posts"}],"about":[{"href":"https:\/\/webdelmaestrocmf.com\/portal\/wp-json\/wp\/v2\/types\/post"}],"author":[{"embeddable":true,"href":"https:\/\/webdelmaestrocmf.com\/portal\/wp-json\/wp\/v2\/users\/1"}],"replies":[{"embeddable":true,"href":"https:\/\/webdelmaestrocmf.com\/portal\/wp-json\/wp\/v2\/comments?post=23201"}],"version-history":[{"count":0,"href":"https:\/\/webdelmaestrocmf.com\/portal\/wp-json\/wp\/v2\/posts\/23201\/revisions"}],"wp:featuredmedia":[{"embeddable":true,"href":"https:\/\/webdelmaestrocmf.com\/portal\/wp-json\/wp\/v2\/media\/68963"}],"wp:attachment":[{"href":"https:\/\/webdelmaestrocmf.com\/portal\/wp-json\/wp\/v2\/media?parent=23201"}],"wp:term":[{"taxonomy":"category","embeddable":true,"href":"https:\/\/webdelmaestrocmf.com\/portal\/wp-json\/wp\/v2\/categories?post=23201"},{"taxonomy":"post_tag","embeddable":true,"href":"https:\/\/webdelmaestrocmf.com\/portal\/wp-json\/wp\/v2\/tags?post=23201"}],"curies":[{"name":"wp","href":"https:\/\/api.w.org\/{rel}","templated":true}]}}