{"id":22782,"date":"2021-02-08T20:17:38","date_gmt":"2021-02-08T23:17:38","guid":{"rendered":"http:\/\/webdelmaestrocmf.com\/portal\/?p=22782"},"modified":"2024-02-11T23:14:48","modified_gmt":"2024-02-12T02:14:48","slug":"conductismo-cognitivismo-constructivismo-una-comparacion-los-aspectos-criticos-desde-la-perspectiva-del-diseno-instruccion","status":"publish","type":"post","link":"https:\/\/webdelmaestrocmf.com\/portal\/conductismo-cognitivismo-constructivismo-una-comparacion-los-aspectos-criticos-desde-la-perspectiva-del-diseno-instruccion\/","title":{"rendered":"Conductismo, cognitivismo y constructivismo: Una comparaci\u00f3n de los aspectos cr\u00edticos"},"content":{"rendered":"<p style=\"text-align: justify;\"><strong>La forma como definimos el aprendizaje y la forma como creemos que \u00e9ste ocurre tiene importantes implicaciones para las situaciones en las cuales deseamos facilitar cambios en lo que la gente conoce o hace. Las teor\u00edas del aprendizaje le ofrecen al dise\u00f1ador de instrucci\u00f3n estrategias y t\u00e9cnicas validadas para facilitar aprendizajes as\u00ed como la fundamentaci\u00f3n para seleccionarlas inteligentemente. Todav\u00eda muchos dise\u00f1adores est\u00e1n operando bajo las restricciones de una fundamentaci\u00f3n te\u00f3rica limitada.<\/strong><\/p>\n<p><!--more--><\/p>\n<p style=\"text-align: justify;\">Este art\u00edculo es un intento para familiarizar a estas personas con tres posiciones pertinentes sobre el aprendizaje (conductismo, cognitivismo y constructivismo), las cuales proveen la fundamentaci\u00f3n estructural para planificar y llevar a cabo las actividades del dise\u00f1o de instrucci\u00f3n. Cada perspectiva del aprendizaje se aborda en t\u00e9rminos de su interpretaci\u00f3n espec\u00edfica del proceso de aprendizaje y de las implicaciones resultantes para los dise\u00f1adores de instrucci\u00f3n y los profesionales del \u00e1rea educativa. La informaci\u00f3n que se presenta le ofrece al lector una comparaci\u00f3n entre las tres visiones e ilustra c\u00f3mo estas diferencias pueden traducirse en aplicaciones pr\u00e1cticas para las situaciones de instrucci\u00f3n.<\/p>\n<p>Compartimos con fines educativos &#8211; pastorales la publicaci\u00f3n de la<strong> Facultad de Artes y Dise\u00f1o de la UNAM,<\/strong>\u00a0resumen por Claudya Ort\u00edz Quintero.<\/p>\n<h5>Conductismo, cognitivismo y constructivismo: Una comparaci\u00f3n de los aspectos cr\u00edticos desde la perspectiva del dise\u00f1o de instrucci\u00f3n<\/h5>\n<p style=\"text-align: justify;\">Los dise\u00f1adores de instrucci\u00f3n se han dedicado a traducir los principios de aprendizaje e instrucci\u00f3n en especificaciones para materiales de instrucci\u00f3n y actividades (Smith y Ragan, 1993). Para lograr esta meta, se requieren dos grupos de habilidades y conocimientos. Primero, el dise\u00f1ador debe comprender la posici\u00f3n del profesional en educaci\u00f3n. Al respecto, las siguientes preguntas son oportunas: \u00bfCu\u00e1les son las limitaciones situacionales y contextuales de la aplicaci\u00f3n? \u00bfCu\u00e1l es el grado de diferencias individuales entre los estudiantes? \u00bfCu\u00e1les son las formas de soluci\u00f3n que ser\u00e1n o no aceptadas tanto por los estudiantes como por aquellos que ense\u00f1an con los materiales? El dise\u00f1ador debe tener la habilidad para diagnosticar y analizar los problemas pr\u00e1cticos del aprendizaje.<\/p>\n<p><a href=\"https:\/\/webdelmaestrocmf.com\/portal\/wp-content\/uploads\/2021\/02\/1a.jpg\"><img loading=\"lazy\" decoding=\"async\" class=\"alignnone wp-image-78500 size-full\" src=\"https:\/\/webdelmaestrocmf.com\/portal\/wp-content\/uploads\/2021\/02\/1a.jpg\" alt=\"Conductismo\" width=\"1280\" height=\"720\" srcset=\"https:\/\/webdelmaestrocmf.com\/portal\/wp-content\/uploads\/2021\/02\/1a.jpg 1280w, https:\/\/webdelmaestrocmf.com\/portal\/wp-content\/uploads\/2021\/02\/1a-300x169.jpg 300w, https:\/\/webdelmaestrocmf.com\/portal\/wp-content\/uploads\/2021\/02\/1a-1024x576.jpg 1024w, https:\/\/webdelmaestrocmf.com\/portal\/wp-content\/uploads\/2021\/02\/1a-768x432.jpg 768w, https:\/\/webdelmaestrocmf.com\/portal\/wp-content\/uploads\/2021\/02\/1a-110x62.jpg 110w, https:\/\/webdelmaestrocmf.com\/portal\/wp-content\/uploads\/2021\/02\/1a-200x113.jpg 200w, https:\/\/webdelmaestrocmf.com\/portal\/wp-content\/uploads\/2021\/02\/1a-380x214.jpg 380w, https:\/\/webdelmaestrocmf.com\/portal\/wp-content\/uploads\/2021\/02\/1a-255x143.jpg 255w, https:\/\/webdelmaestrocmf.com\/portal\/wp-content\/uploads\/2021\/02\/1a-550x309.jpg 550w, https:\/\/webdelmaestrocmf.com\/portal\/wp-content\/uploads\/2021\/02\/1a-800x450.jpg 800w, https:\/\/webdelmaestrocmf.com\/portal\/wp-content\/uploads\/2021\/02\/1a-1160x653.jpg 1160w\" sizes=\"auto, (max-width: 1280px) 100vw, 1280px\" \/><\/a><\/p>\n<p style=\"text-align: justify;\">Adem\u00e1s de comprender y analizar el problema, se requiere un segundo conjunto de conocimientos y habilidades para establecer el puente entre las aplicaciones y las investigaciones. Se trata de la comprensi\u00f3n de las fuentes potenciales de soluci\u00f3n, es decir, las teor\u00edas del aprendizaje humano. A trav\u00e9s de esta comprensi\u00f3n, una soluci\u00f3n prescriptiva adecuada podr\u00e1 corresponder con un problema diagnosticado dado. La conexi\u00f3n critica, por consiguiente, no se presenta entre el dise\u00f1o de instrucci\u00f3n y un cuerpo aut\u00f3nomo de conocimientos sobre el fen\u00f3meno instruccional, sino entre lo que respecta al dise\u00f1o de instrucci\u00f3n y las teor\u00edas del aprendizaje humano.<\/p>\n<p style=\"text-align: justify;\">Primero, las teor\u00edas del aprendizaje son una fuente de estrategias, t\u00e1cticas y t\u00e9cnicas de instrucci\u00f3n verificadas. El conocimiento de una variedad de este tipo de estrategias es fundamental cuando se trata de seleccionar una prescripci\u00f3n efectiva para enfrentar un problema instruccional dado. Segundo, las teor\u00edas de aprendizaje ofrecen las bases para la selecci\u00f3n de una estrategia inteligente y razonada. Los dise\u00f1adores deben poseer un adecuado repertorio de estrategias disponibles y, adem\u00e1s, el conocimiento de cu\u00e1ndo y por qu\u00e9 se emplea cada una. Este conocimiento depende de la habilidad del dise\u00f1ador para hacer corresponder las demandas de la tarea con una estrategia de instrucci\u00f3n que ayude al estudiante. Tercero, la integraci\u00f3n de la estrategia seleccionada en el contexto de la instrucci\u00f3n es de una importancia fundamental. Las teor\u00edas e investigaciones sobre el aprendizaje frecuentemente ofrecen informaci\u00f3n sobre las relaciones entre los componentes de la instrucci\u00f3n y el dise\u00f1o de la instrucci\u00f3n, indicando como una t\u00e9cnica o una estrategia de instrucci\u00f3n puede corresponder mejor, en un determinado contexto, con unos estudiantes espec\u00edficos (Keller, 1979). Finalmente, el papel primordial de una teor\u00eda es permitir predicciones confiables (Richey, 1986).<\/p>\n<p style=\"text-align: center;\"><iframe loading=\"lazy\" style=\"border: 1px solid #CCC; border-width: 1px; margin-bottom: 5px; max-width: 100%;\" src=\"https:\/\/www.slideshare.net\/slideshow\/embed_code\/key\/DVmDMA4wczNPtv\" width=\"100%\" height=\"485\" frameborder=\"0\" marginwidth=\"0\" marginheight=\"0\" scrolling=\"no\" allowfullscreen=\"allowfullscreen\"><span data-mce-type=\"bookmark\" style=\"display: inline-block; width: 0px; overflow: hidden; line-height: 0;\" class=\"mce_SELRES_start\">\ufeff<\/span> <\/iframe><\/p>\n<h5 style=\"text-align: justify;\"><strong>La definici\u00f3n del Aprendizaje<\/strong><\/h5>\n<p style=\"text-align: justify;\">El aprendizaje ha sido definido de varias maneras por numerosos te\u00f3ricos, investigadores y profesionales de la educaci\u00f3n. Aunque no existe una definici\u00f3n universalmente aceptada, muchas de ellas presentan elementos comunes. La siguiente definici\u00f3n de Shuell (seg\u00fan la interpreta Schunk, 1991) incorpora esas ideas principales comunes: \u201cEl aprendizaje es un cambio perdurable en la conducta o en la capacidad de comportarse de una determinada manera, la cual resulta de la pr\u00e1ctica o de alguna otra forma de experiencia\u201d.<\/p>\n<p style=\"text-align: justify;\">El empirismo o asociacionismo, ve a la experiencia como la fuente primaria del conocimiento (Schunk, 1991). Esto significa que los organismos nacen b\u00e1sicamente sin conocimiento y todo se aprende a trav\u00e9s de interacciones y asociaciones con el ambiente. Comenzando con Arist\u00f3teles (384 \u2013 322 A.C.). Los emp\u00edricos han abrazado la postura de que el conocimiento se deriva de las impresiones sensoriales. Estas impresiones cuando se asocian contiguamente en el tiempo y\/o en el espacio pueden unirse para formar ideas complejas.<\/p>\n<p style=\"text-align: justify;\">El Racionalismo ve al conocimiento como derivado de la raz\u00f3n sin la ayuda de los sentidos. (Schunk, 1991). Esta consideraci\u00f3n fundamental de la diferencia entre la mente y la materia se origin\u00f3 con Plat\u00f3n (c. 427 \u2013 347 A.C.), y se refleja en el punto de vista de que los humanos aprenden mediante el recuerdo y el \u201cdescubrimiento\u201d de lo que ya existe en la mente.<\/p>\n<h5 style=\"text-align: justify;\"><strong>Conductismo<\/strong><\/h5>\n<p style=\"text-align: justify;\">El conductismo iguala al aprendizaje con los cambios en la conducta observable, bien sea respecto a la forma o a la frecuencia de esas conductas. El aprendizaje se logra cuando se demuestra o se exhibe una respuesta apropiada a continuaci\u00f3n de la presentaci\u00f3n de un est\u00edmulo ambiental espec\u00edfico.<\/p>\n<p style=\"text-align: justify;\">El conductismo focaliza en la importancia de las consecuencias de estas conductas y mantiene que las respuestas a las que se les sigue con un refuerzo tienen mayor probabilidad de volver a sucederse en el futuro. No se hace ning\u00fan intento de determinar la estructura del conocimiento de un estudiante, ni tampoco de determinar cu\u00e1les son los procesos mentales que ese estudiante necesita usar. Se caracteriza al estudiante como reactivo a las condiciones del ambiente y no como sucede en otras teor\u00edas, donde se considera que asume una posici\u00f3n activa en el descubrimiento del mismo.<\/p>\n<p style=\"text-align: justify;\">Las teor\u00edas conductistas establecen que el trabajo del educador\/dise\u00f1ador es: (1) determinar cu\u00e1les \u201cpistas\u201d o \u201cindicios\u201d (\u201ccues\u201d) pueden \u201cextraer\u201d la respuesta deseada; (2) organizar situaciones de pr\u00e1ctica en las cuales los \u201cprovocadores\u201d (\u201cprompts\u201d) se aparean con los est\u00edmulos que inicialmente no tienen poder para lograr la respuesta, pero de los cuales se puede esperar que la logren en el ambiente \u201cnatural\u201d de desempe\u00f1o; y (3) organizar las condiciones ambientales de tal forma que los estudiantes puedan dar las respuestas correctas en la presencia de los est\u00edmulos correspondientes y recibir refuerzos por las respuestas correspondientes (Gropper, 1987).<\/p>\n<h5 style=\"text-align: justify;\"><strong>Cognitivismo<\/strong><\/h5>\n<p style=\"text-align: justify;\">A finales de los a\u00f1os 50, la teor\u00eda de aprendizaje comenz\u00f3 a apartarse del uso de los modelos conductistas hacia un enfoque que descansaba en las teor\u00edas y modelos de aprendizaje provenientes de las ciencias cognitivas. Psic\u00f3logos y educadores iniciaron la desenfatizaci\u00f3n del inter\u00e9s por las conductas observables y abiertas y en su lugar acentuaron procesos cognitivos m\u00e1s complejos como el del pensamiento, la soluci\u00f3n de problemas, el lenguaje, la formaci\u00f3n de conceptos y el procesamiento de la informaci\u00f3n (Snelbecker, 1983). Durante la pasada d\u00e9cada, numerosos autores en el campo del dise\u00f1o de instrucci\u00f3n han rechazado abierta y conscientemente muchos de los supuestos de los dise\u00f1adores de instrucci\u00f3n tradicionalmente conductistas, en favor de un nuevo conjunto de supuestos psicol\u00f3gicos sobre el aprendizaje derivados de las ciencias cognitivas.<\/p>\n<p style=\"text-align: justify;\">Las teor\u00edas cognitivas enfatizan la adquisici\u00f3n del conocimiento y estructuras mentales internas y, como tales, est\u00e1n m\u00e1s cerca del extremo racionalista del continuum epistemol\u00f3gico (Bower y Hilgard, 1981). El aprendizaje se equipara a cambios discretos entre los estados del conocimiento m\u00e1s que con los cambios en la probabilidad de respuesta. Las teor\u00edas cognitivas se dedican a la conceptualizaci\u00f3n de los procesos del aprendizaje del estudiante y se ocupan de como la informaci\u00f3n es recibida, organizada, almacenada y localizada. El aprendizaje se vincula, no tanto con lo que los estudiantes hacen, sino con que es lo que saben y c\u00f3mo lo adquieren (Jonassen 1991b).<\/p>\n<p style=\"text-align: justify;\">El cognitivismo, como el conductismo enfatiza el papel que juegan las condiciones ambientales en la facilitaci\u00f3n del aprendizaje. Las explicaciones instruccionales, las demostraciones, los ejemplos demostrativos y la selecci\u00f3n de contraejemplos correspondientes, se consideran instrumentos para guiar el aprendizaje del alumno.<\/p>\n<p style=\"text-align: justify;\">Entre los supuestos o principios espec\u00edficos cognocitivistas directamente pertinentes al dise\u00f1o de instrucci\u00f3n se incluyen los siguientes (las posibles aplicaciones al dise\u00f1o instruccional actual se indican entre corchetes al final del principio enumerado):<\/p>\n<ul>\n<li style=\"text-align: justify;\">\u00c9nfasis en la participaci\u00f3n activa del estudiante en el proceso de aprendizaje [autocontrol, entrenamiento metacognitivo (por ejemplo t\u00e9cnicas de autoplanificaci\u00f3n, monitoreo y revisi\u00f3n)].<\/li>\n<li style=\"text-align: justify;\">Uso de an\u00e1lisis jer\u00e1rquico para identificar e ilustrar relaciones de prerrequisito [procedimientos de an\u00e1lisis de tareas cognitivas].<\/li>\n<li style=\"text-align: justify;\">\u00c9nfasis en la estructuraci\u00f3n, organizaci\u00f3n y secuencia de la informaci\u00f3n para facilitar su \u00f3ptimo procesamiento [uso de estrategias cognitivas tales como esquematizaci\u00f3n, resumen, s\u00edntesis, y organizadores avanzados, etc.].<\/li>\n<li style=\"text-align: justify;\">Creaci\u00f3n de ambientes de aprendizaje que permitan y estimulen a los estudiantes a hacer conexiones con material previamente aprendido [evocaci\u00f3n de prerrequisitos, uso de ejemplos pertinentes, analog\u00edas].<\/li>\n<\/ul>\n<p style=\"text-align: justify;\">Las teor\u00edas conductistas establecen que los educadores deben organizar las condiciones ambientales de tal forma que los estudiantes respondan apropiadamente al est\u00edmulo presentado. Las teor\u00edas cognitivas enfatizan que el conocimiento sea significativo y que se ayude a los estudiantes a organizar y relacionar nueva informaci\u00f3n con el conocimiento existente en la memoria. La instrucci\u00f3n, para ser efectiva, debe basarse en las estructuras mentales, o esquemas, existentes en el estudiante. Debe organizarse la informaci\u00f3n de tal manera que los estudiantes sean capaces de conectar la nueva informaci\u00f3n con el conocimiento existente en alguna forma significativa.<\/p>\n<p><iframe loading=\"lazy\" src=\"https:\/\/www.youtube.com\/embed\/7LVNjKim7wg?ecver=2\" width=\"100%\" height=\"400\" frameborder=\"0\" allowfullscreen=\"allowfullscreen\" data-mce-fragment=\"1\"><span data-mce-type=\"bookmark\" style=\"display: inline-block; width: 0px; overflow: hidden; line-height: 0;\" class=\"mce_SELRES_start\">\ufeff<\/span><span data-mce-type=\"bookmark\" style=\"display: inline-block; width: 0px; overflow: hidden; line-height: 0;\" class=\"mce_SELRES_start\">\ufeff<\/span><\/iframe><\/p>\n<h4 style=\"text-align: justify;\"><strong>Constructivismo<\/strong><\/h4>\n<p style=\"text-align: justify;\">Los supuestos filos\u00f3ficos subyacentes tanto en la teor\u00eda conductista como en la cognitivista son primordialmente objetivistas, esto es, que el mundo es real y externo al estudiante. La meta de la instrucci\u00f3n consiste en representar la estructura del mundo dentro del estudiante (Jonassen 1991). Ciertos te\u00f3ricos contempor\u00e1neos cognitivos han comenzado a cuestionar estos supuestos objetivistas b\u00e1sicos y est\u00e1n comenzando a adoptar un enfoque m\u00e1s constructivista hacia el aprendizaje y la comprensi\u00f3n: \u201cel conocimiento es una funci\u00f3n de c\u00f3mo el individuo crea significados a partir de sus propias experiencias\u201d. El constructivismo no es un enfoque totalmente nuevo del aprendizaje. As\u00ed como muchas otras teor\u00edas del aprendizaje, el constructivismo posee m\u00faltiples ra\u00edces en la \u00f3ptica tanto filos\u00f3fica como psicol\u00f3gica de este siglo, especialmente en los trabajos de Piaget, Bruner y Goodman (Perkins, 1991). Sin embargo, en los \u00faltimos a\u00f1os, el constructivismo se ha convertido en un asunto de moda en la medida que ha comenzado a recibir mayor atenci\u00f3n en un n\u00famero considerable de disciplinas, incluyendo en el dise\u00f1o de instrucci\u00f3n (Bednar et al. 1991).<\/p>\n<p style=\"text-align: justify;\">Aun cuando el constructivismo se considera una rama del cognitivismo (ambas teor\u00edas conciben el aprendizaje como una actividad mental), se diferencia de las teor\u00edas cognitivas tradicionales en varias formas. La mayor\u00eda de los psic\u00f3logos cognitivos consideran que la mente es una herramienta de referencia para el mundo real; los constructivistas creen que la mente filtra lo que nos llega del mundo para producir su propia y \u00fanica realidad (Jonassen 1991a).<\/p>\n<p style=\"text-align: justify;\">Los constructivistas no comparten con los cognitivistas ni con los conductistas la creencia que el conocimiento es independiente de la mente y puede ser \u201crepresentado\u201d dentro del alumno. Los constructivistas no niegan la existencia del mundo real, pero sostienen que lo que conocemos de \u00e9l nace de la propia interpretaci\u00f3n de nuestras experiencias. Los humanos crean significados, no los adquieren.<\/p>\n<p style=\"text-align: justify;\">Tanto el estudiante como los factores ambientales son imprescindibles para el constructivismo, as\u00ed como tambi\u00e9n lo es la interacci\u00f3n espec\u00edfica entre estas dos variables que crean el conocimiento. Los constructivistas consideran que la conducta est\u00e1 situacionalmente determinada (Jonassen, 1991a). As\u00ed como el aprendizaje de un vocabulario nuevo se enriquece con la exposici\u00f3n y la subsiguiente interacci\u00f3n con esas palabras existentes en un contexto (contrario a aprender su significado con la ayuda de un diccionario), igualmente es esencial que el conocimiento est\u00e9 incorporado en la situaci\u00f3n en la que cual se usa. Brown, Collins y Duguid (1989) sugieren que las situaciones realmente coproducen el conocimiento (junto con la cognici\u00f3n) a trav\u00e9s de la actividad. Cada acci\u00f3n se ve como \u201cuna interpretaci\u00f3n de la situaci\u00f3n actual basada en la historia completa de las interacciones previas\u201d (Clancey, 1986). As\u00ed como los significados de ciertas palabras cambian constantemente de matiz en la comprensi\u00f3n que de ellas tiene el estudiante, igualmente los conceptos cambian evolucionan continuamente con cada nueva utilizaci\u00f3n que se hace de ellos. Por esta raz\u00f3n es fundamental que el aprendizaje tenga lugar en ambientes reales y que las actividades de aprendizaje seleccionadas est\u00e9n vinculadas con las experiencias vividas por los estudiantes.<\/p>\n<p style=\"text-align: justify;\">La posici\u00f3n de los constructivistas no acepta el supuesto que los tipos de aprendizaje pueden identificarse independientemente del contenido y del contexto de aprendizaje (Bednar et al., 1991). Los constructivistas consideran que es imposible aislar unidades de informaci\u00f3n o dividir los dominios de conocimiento de acuerdo a un an\u00e1lisis jer\u00e1rquico de relaciones. A pesar de que el \u00e9nfasis en el desempe\u00f1o y en la instrucci\u00f3n ha dado muestras de su efectividad en la ense\u00f1anza de las habilidades b\u00e1sicas en dominios de conocimiento relativamente estructurados, mucho de lo que se requiere aprender implica conocimiento avanzado en dominios muy poco estructurados. Jonassen (1991a), ha descrito tres etapas en la adquisici\u00f3n del conocimiento (introductorio, avanzado y experto) y argumenta que los ambientes de aprendizaje constructivo son m\u00e1s efectivos en las etapas de adquisici\u00f3n de conocimiento avanzado, donde los prejuicios y malinterpretaciones iniciales adquiridas durante la etapa introductoria pueden ser descubiertos, negociados, y si es necesario, modificados o eliminados.<\/p>\n<p style=\"text-align: justify;\">Algunas de las estrategias espec\u00edficas utilizadas por los constructivistas incluyen: situar las tareas en contextos del \u201cmundo real\u201d; usar pasant\u00edas cognitivas (modelaje y monitoreo del estudiante para conducirlo al desempe\u00f1o experto); presentaci\u00f3n de perspectivas m\u00faltiples (aprendizaje cooperativo para desarrollar y compartir puntos de vista alternativos); negociaci\u00f3n social (debate, discusi\u00f3n, presentaci\u00f3n de evidencias); el uso de ejemplos como \u201cpartes de la vida real\u201d; conciencia reflexiva; y proveer suficiente orientaci\u00f3n en el uso de los procesos constructivistas.<\/p>\n<p style=\"text-align: justify;\">Entre los supuestos o principios espec\u00edficos constructivistas directamente pertinentes al dise\u00f1o de instrucci\u00f3n se incluyen los siguientes (las posibles aplicaciones al dise\u00f1o instruccional se indican entre corchetes al final del principio enumerado):<\/p>\n<ul>\n<li style=\"text-align: justify;\">Un \u00e9nfasis en la identificaci\u00f3n del contexto en el cual las habilidades ser\u00e1n aprendidas y subsecuentemente aplicadas [aprendizaje anclado en contextos significativos].<\/li>\n<li style=\"text-align: justify;\">Un \u00e9nfasis en el control por parte del estudiante y en la capacidad para que el mismo para manipular la informaci\u00f3n [utilizar activamente lo que se aprende].<\/li>\n<li style=\"text-align: justify;\">La necesidad de que la informaci\u00f3n se presente en una amplia variedad de formas [volver sobre el contenido en distintos momentos, en contextos reestructurados, para prop\u00f3sitos diferentes y desde diferentes perspectivas conceptuales].<\/li>\n<li style=\"text-align: justify;\">Apoyar el uso de las habilidades de soluci\u00f3n de problemas que permitan al estudiante ir m\u00e1s all\u00e1 de la informaci\u00f3n presentada [desarrollo de habilidades de reconocimiento de patrones, presentaci\u00f3n de formas alternas de presentar problemas].<\/li>\n<li style=\"text-align: justify;\">Evaluaci\u00f3n enfocada hacia la transferencia de conocimiento y habilidades [presentaci\u00f3n de problemas y situaciones novedosas que difieran de las condiciones de la instrucci\u00f3n inicial].<\/li>\n<\/ul>\n<p style=\"text-align: justify;\">Consideramos que la pregunta clave que los dise\u00f1adores de instrucci\u00f3n se deben hacer no consiste en \u00bfCu\u00e1l es la mejor teor\u00eda? sino \u00bfCu\u00e1l teor\u00eda result\u00f3 m\u00e1s efectiva para contribuir con el dominio de tareas espec\u00edficas por parte de estudiantes espec\u00edficos? Previo a la selecci\u00f3n de la estrategia se deben considerar tanto al estudiante como a la tarea.<\/p>\n<h4 id=\"toc0\">Tabla comparativa<\/h4>\n<p style=\"text-align: justify;\">A continuaci\u00f3n podemos observar una tabla comparativa de las diferentes teor\u00edas del aprendizaje donde se recogen las principales ideas de cada una de ellas:<\/p>\n<p><img loading=\"lazy\" decoding=\"async\" class=\"alignnone wp-image-42667 size-full\" src=\"https:\/\/webdelmaestrocmf.com\/portal\/wp-content\/uploads\/2018\/09\/1-116.jpg\" alt=\"Conductismo\" width=\"787\" height=\"1335\" srcset=\"https:\/\/webdelmaestrocmf.com\/portal\/wp-content\/uploads\/2018\/09\/1-116.jpg 787w, https:\/\/webdelmaestrocmf.com\/portal\/wp-content\/uploads\/2018\/09\/1-116-177x300.jpg 177w, https:\/\/webdelmaestrocmf.com\/portal\/wp-content\/uploads\/2018\/09\/1-116-604x1024.jpg 604w, https:\/\/webdelmaestrocmf.com\/portal\/wp-content\/uploads\/2018\/09\/1-116-768x1303.jpg 768w, https:\/\/webdelmaestrocmf.com\/portal\/wp-content\/uploads\/2018\/09\/1-116-110x187.jpg 110w, https:\/\/webdelmaestrocmf.com\/portal\/wp-content\/uploads\/2018\/09\/1-116-200x339.jpg 200w, https:\/\/webdelmaestrocmf.com\/portal\/wp-content\/uploads\/2018\/09\/1-116-380x645.jpg 380w, https:\/\/webdelmaestrocmf.com\/portal\/wp-content\/uploads\/2018\/09\/1-116-255x433.jpg 255w, https:\/\/webdelmaestrocmf.com\/portal\/wp-content\/uploads\/2018\/09\/1-116-300x509.jpg 300w, https:\/\/webdelmaestrocmf.com\/portal\/wp-content\/uploads\/2018\/09\/1-116-550x933.jpg 550w\" sizes=\"auto, (max-width: 787px) 100vw, 787px\" \/><\/p>\n<p><span style=\"text-align: justify;\">Por otro lado, recogemos la tabla comparativa que elabor\u00f3 George Siemens sobre estas teor\u00edas del aprendizaje que complementa la informaci\u00f3n proporcionada anteriormente:<\/span><\/p>\n<p><strong>Este contenido ha sido publicado originalmente por Facultad de Artes y Dise\u00f1o de la UNAM en la siguiente direcci\u00f3n:\u00a0<a href=\"http:\/\/blogs.fad.unam.mx\" target=\"_blank\" rel=\"noopener noreferrer\">blogs.fad.unam.mx<\/a><\/strong><\/p>\n\t\t<div class=\"pk-inline-posts\">\n\t\t\t\n\t\t\t<div class=\"pk-inline-posts-container pk-inline-posts-template-list\"\n\t\t\t\tdata-columns=\"1\">\n\t\t\t\t\t\t<article id=\"post-16013\" class=\"post-16013 post type-post status-publish format-standard has-post-thumbnail category-visitadas category-picologia category-pedagogia category-violencia tag-clase tag-conductas tag-desafiantes tag-estudiante tag-normas cs-entry cs-video-wrap\">\n\t\t\t<div class=\"pk-post-outer\">\n\n\t\t\t\t\t\t\t\t<div class=\"pk-post-inner\">\n\t\t\t\t\t<div class=\"entry-thumbnail\">\n\t\t\t\t\t\t<div class=\"pk-overlay pk-overlay-ratio pk-ratio-landscape\">\n\t\t\t\t\t\t\t<div class=\"pk-overlay-background\">\n\t\t\t\t\t\t\t\t<a href=\"https:\/\/webdelmaestrocmf.com\/portal\/sistemas-ayudan-ante-conductas-desafiantes-aula\/\" class=\"pk-overlay-link\">\n\t\t\t\t\t\t\t\t\t<img loading=\"lazy\" decoding=\"async\" width=\"300\" height=\"225\" src=\"https:\/\/webdelmaestrocmf.com\/portal\/wp-content\/uploads\/2022\/07\/Banner-1-portada-imagen-10-1-21-300x225.jpg\" class=\"attachment-pk-thumbnail size-pk-thumbnail wp-post-image\" alt=\"\" \/>\t\t\t\t\t\t\t\t<\/a>\n\t\t\t\t\t\t\t<\/div>\n\t\t\t\t\t\t<\/div>\n\t\t\t\t\t<\/div>\n\t\t\t\t<\/div>\n\t\t\t\t\n\t\t\t\t<div class=\"pk-post-inner\">\n\t\t\t\t\t<header>\n\t\t\t\t\t\t<h3 class=\"pk-title\"><a href=\"https:\/\/webdelmaestrocmf.com\/portal\/sistemas-ayudan-ante-conductas-desafiantes-aula\/\" rel=\"bookmark\">Sistemas que ayudan ante conductas desafiantes en el aula: descarga el libro \u201cAn\u00e1lisis funcional de la conducta\u201d<\/a><\/h3>\t\t\t\t\t<\/header><!-- .entry-header -->\n\t\t\t\t<\/div><!-- .post-inner -->\n\n\t\t\t<\/div><!-- .post-outer -->\n\t\t<\/article>\n\t\t\t<article id=\"post-28153\" class=\"post-28153 post type-post status-publish format-standard has-post-thumbnail category-consejos category-docentes category-pedagogia tag-adaptacion-a-diversidad tag-adaptacion-curricular tag-aprendizaje-activo tag-clases tag-diseno-curricular tag-diseno-de-actividades tag-diseno-de-lecciones tag-diseno-de-unidades-didacticas tag-eficiente tag-enfoque-centrado-en-el-estudiante tag-estrategias-de-ensenanza tag-estrategias-de-ensenanza-efectiva tag-estrategias-de-instruccion tag-estrategias-de-participacion tag-evaluacion-autentica tag-evaluacion-del-aprendizaje tag-evaluacion-formativa tag-evaluacion-sumativa tag-instruccion-diferenciada tag-manera tag-medicion-del-progreso tag-metodologia-educativa tag-motivacion-del-estudiante tag-objetivos-de-aprendizaje tag-planificacion-a-corto-plazo tag-planificacion-a-largo-plazo tag-planificacion-de-clases tag-planificar tag-recursos-didacticos tag-retroalimentacion-formativa tag-secuencia-didactica tag-taxonomia-de-bloom tag-tecnicas-de-organizacion tag-uso-de-tecnologia-educativa cs-entry cs-video-wrap\">\n\t\t\t<div class=\"pk-post-outer\">\n\n\t\t\t\t\t\t\t\t<div class=\"pk-post-inner\">\n\t\t\t\t\t<div class=\"entry-thumbnail\">\n\t\t\t\t\t\t<div class=\"pk-overlay pk-overlay-ratio pk-ratio-landscape\">\n\t\t\t\t\t\t\t<div class=\"pk-overlay-background\">\n\t\t\t\t\t\t\t\t<a href=\"https:\/\/webdelmaestrocmf.com\/portal\/como-planificar-las-clases-de-manera-eficiente\/\" class=\"pk-overlay-link\">\n\t\t\t\t\t\t\t\t\t<img loading=\"lazy\" decoding=\"async\" width=\"300\" height=\"225\" src=\"https:\/\/webdelmaestrocmf.com\/portal\/wp-content\/uploads\/2026\/02\/1AA-Banner-1-portada-imagen-10-1-copia-16-300x225.webp\" class=\"attachment-pk-thumbnail size-pk-thumbnail wp-post-image\" alt=\"\" \/>\t\t\t\t\t\t\t\t<\/a>\n\t\t\t\t\t\t\t<\/div>\n\t\t\t\t\t\t<\/div>\n\t\t\t\t\t<\/div>\n\t\t\t\t<\/div>\n\t\t\t\t\n\t\t\t\t<div class=\"pk-post-inner\">\n\t\t\t\t\t<header>\n\t\t\t\t\t\t<h3 class=\"pk-title\"><a href=\"https:\/\/webdelmaestrocmf.com\/portal\/como-planificar-las-clases-de-manera-eficiente\/\" rel=\"bookmark\">C\u00f3mo planificar las clases de manera eficiente: descarga las mejores plantillas de planificaci\u00f3n de clases<\/a><\/h3>\t\t\t\t\t<\/header><!-- .entry-header -->\n\t\t\t\t<\/div><!-- .post-inner -->\n\n\t\t\t<\/div><!-- .post-outer -->\n\t\t<\/article>\n\t\t\t<article id=\"post-117746\" class=\"post-117746 post type-post status-publish format-standard has-post-thumbnail category-docentes category-pedagogia tag-bienestar-docente tag-clima-escolar tag-docentes tag-educacion-3 tag-gestion-educativa-3 tag-salud-mental-docente tag-sistema-educativo tag-sobrecarga-laboral tag-trabajo-docente tag-vocacion-docente-2 cs-entry cs-video-wrap\">\n\t\t\t<div class=\"pk-post-outer\">\n\n\t\t\t\t\t\t\t\t<div class=\"pk-post-inner\">\n\t\t\t\t\t<div class=\"entry-thumbnail\">\n\t\t\t\t\t\t<div class=\"pk-overlay pk-overlay-ratio pk-ratio-landscape\">\n\t\t\t\t\t\t\t<div class=\"pk-overlay-background\">\n\t\t\t\t\t\t\t\t<a href=\"https:\/\/webdelmaestrocmf.com\/portal\/la-mochila-invisible-del-docente-una-carga-que-el-sistema-aun-no-logra-ver\/\" class=\"pk-overlay-link\">\n\t\t\t\t\t\t\t\t\t<img loading=\"lazy\" decoding=\"async\" width=\"300\" height=\"225\" src=\"https:\/\/webdelmaestrocmf.com\/portal\/wp-content\/uploads\/2026\/04\/1AA-Banner-1-portada-imagen-10-1-copia-14-1-300x225.webp\" class=\"attachment-pk-thumbnail size-pk-thumbnail wp-post-image\" alt=\"\" \/>\t\t\t\t\t\t\t\t<\/a>\n\t\t\t\t\t\t\t<\/div>\n\t\t\t\t\t\t<\/div>\n\t\t\t\t\t<\/div>\n\t\t\t\t<\/div>\n\t\t\t\t\n\t\t\t\t<div class=\"pk-post-inner\">\n\t\t\t\t\t<header>\n\t\t\t\t\t\t<h3 class=\"pk-title\"><a href=\"https:\/\/webdelmaestrocmf.com\/portal\/la-mochila-invisible-del-docente-una-carga-que-el-sistema-aun-no-logra-ver\/\" rel=\"bookmark\">La mochila invisible del docente: una carga que el sistema a\u00fan no logra ver<\/a><\/h3>\t\t\t\t\t<\/header><!-- .entry-header -->\n\t\t\t\t<\/div><!-- .post-inner -->\n\n\t\t\t<\/div><!-- .post-outer -->\n\t\t<\/article>\n\t\t\t\t<\/div>\n\t\t<\/div>\n\t\t\n","protected":false},"excerpt":{"rendered":"La forma como definimos el aprendizaje y la forma como creemos que \u00e9ste ocurre tiene importantes implicaciones para&hellip;","protected":false},"author":1,"featured_media":59092,"comment_status":"open","ping_status":"closed","sticky":false,"template":"","format":"standard","meta":{"csco_display_header_overlay":false,"csco_singular_sidebar":"default","csco_page_header_type":"default","csco_page_load_nextpost":"default","csco_post_video_location":[],"csco_post_video_location_hash":"","csco_post_video_url":"","csco_post_video_bg_start_time":0,"csco_post_video_bg_end_time":0,"csco_post_video_bg_volume":false,"_jetpack_memberships_contains_paid_content":false,"footnotes":""},"categories":[570,139,735],"tags":[2858,2860,2857,2859,1225,3897],"class_list":{"0":"post-22782","1":"post","2":"type-post","3":"status-publish","4":"format-standard","5":"has-post-thumbnail","7":"category-docentes","8":"category-visitadas","9":"category-pedagogia","10":"tag-cognitivismo","11":"tag-comparacion","12":"tag-conductismo","13":"tag-constructivismo","14":"tag-diseno","15":"tag-instruccion","16":"cs-entry","17":"cs-video-wrap"},"yoast_head":"<!-- This site is optimized with the Yoast SEO plugin v27.5 - https:\/\/yoast.com\/product\/yoast-seo-wordpress\/ -->\n<title>Conductismo, cognitivismo y constructivismo: Una comparaci\u00f3n de los aspectos cr\u00edticos<\/title>\n<meta name=\"description\" content=\"La forma como definimos el aprendizaje y la forma como creemos que \u00e9ste ocurre tiene importantes implicaciones para las situaciones en...\" \/>\n<meta name=\"robots\" content=\"index, follow, max-snippet:-1, max-image-preview:large, max-video-preview:-1\" \/>\n<link rel=\"canonical\" href=\"https:\/\/webdelmaestrocmf.com\/portal\/conductismo-cognitivismo-constructivismo-una-comparacion-los-aspectos-criticos-desde-la-perspectiva-del-diseno-instruccion\/\" \/>\n<meta property=\"og:locale\" content=\"es_ES\" \/>\n<meta property=\"og:type\" content=\"article\" \/>\n<meta property=\"og:title\" content=\"Conductismo, cognitivismo y constructivismo: Una comparaci\u00f3n de los aspectos cr\u00edticos\" \/>\n<meta property=\"og:description\" content=\"La forma como definimos el aprendizaje y la forma como creemos que \u00e9ste ocurre tiene importantes implicaciones para las situaciones en...\" \/>\n<meta property=\"og:url\" content=\"https:\/\/webdelmaestrocmf.com\/portal\/conductismo-cognitivismo-constructivismo-una-comparacion-los-aspectos-criticos-desde-la-perspectiva-del-diseno-instruccion\/\" \/>\n<meta property=\"og:site_name\" content=\"Web del Maestro CMF\" \/>\n<meta property=\"article:publisher\" content=\"https:\/\/www.facebook.com\/WebdelMaestroCMF\/\" \/>\n<meta property=\"article:author\" content=\"https:\/\/www.facebook.com\/WebdelMaestroCMF\/\" \/>\n<meta property=\"article:published_time\" content=\"2021-02-08T23:17:38+00:00\" \/>\n<meta property=\"article:modified_time\" content=\"2024-02-12T02:14:48+00:00\" \/>\n<meta property=\"og:image\" content=\"https:\/\/webdelmaestrocmf.com\/portal\/wp-content\/uploads\/2019\/12\/1-94.jpg\" \/>\n\t<meta property=\"og:image:width\" content=\"1100\" \/>\n\t<meta property=\"og:image:height\" content=\"680\" \/>\n\t<meta property=\"og:image:type\" content=\"image\/jpeg\" \/>\n<meta name=\"author\" content=\"Web del Maestro CMF\" \/>\n<meta name=\"twitter:card\" content=\"summary_large_image\" \/>\n<meta name=\"twitter:creator\" content=\"@cmf_w\" \/>\n<meta name=\"twitter:site\" content=\"@cmf_w\" \/>\n<script type=\"application\/ld+json\" class=\"yoast-schema-graph\">{\"@context\":\"https:\\\/\\\/schema.org\",\"@graph\":[{\"@type\":\"ScholarlyArticle\",\"@id\":\"https:\\\/\\\/webdelmaestrocmf.com\\\/portal\\\/conductismo-cognitivismo-constructivismo-una-comparacion-los-aspectos-criticos-desde-la-perspectiva-del-diseno-instruccion\\\/#article\",\"isPartOf\":{\"@id\":\"https:\\\/\\\/webdelmaestrocmf.com\\\/portal\\\/conductismo-cognitivismo-constructivismo-una-comparacion-los-aspectos-criticos-desde-la-perspectiva-del-diseno-instruccion\\\/\"},\"author\":{\"name\":\"Web del Maestro CMF\",\"@id\":\"https:\\\/\\\/webdelmaestrocmf.com\\\/portal\\\/#\\\/schema\\\/person\\\/1072a2ed7bd960df8ef99a551fa35dc5\"},\"headline\":\"Conductismo, cognitivismo y constructivismo: Una comparaci\u00f3n de los aspectos cr\u00edticos\",\"datePublished\":\"2021-02-08T23:17:38+00:00\",\"dateModified\":\"2024-02-12T02:14:48+00:00\",\"mainEntityOfPage\":{\"@id\":\"https:\\\/\\\/webdelmaestrocmf.com\\\/portal\\\/conductismo-cognitivismo-constructivismo-una-comparacion-los-aspectos-criticos-desde-la-perspectiva-del-diseno-instruccion\\\/\"},\"wordCount\":2859,\"commentCount\":1,\"publisher\":{\"@id\":\"https:\\\/\\\/webdelmaestrocmf.com\\\/portal\\\/#organization\"},\"image\":{\"@id\":\"https:\\\/\\\/webdelmaestrocmf.com\\\/portal\\\/conductismo-cognitivismo-constructivismo-una-comparacion-los-aspectos-criticos-desde-la-perspectiva-del-diseno-instruccion\\\/#primaryimage\"},\"thumbnailUrl\":\"https:\\\/\\\/webdelmaestrocmf.com\\\/portal\\\/wp-content\\\/uploads\\\/2019\\\/12\\\/1-94.jpg\",\"keywords\":[\"COGNITIVISMO\",\"COMPARACI\u00d3N\",\"CONDUCTISMO\",\"CONSTRUCTIVISMO\",\"DISE\u00d1O\",\"INSTRUCCI\u00d3N\"],\"articleSection\":[\"Docentes\",\"Las m\u00e1s vistas\",\"Recursos\"],\"inLanguage\":\"es\",\"potentialAction\":[{\"@type\":\"CommentAction\",\"name\":\"Comment\",\"target\":[\"https:\\\/\\\/webdelmaestrocmf.com\\\/portal\\\/conductismo-cognitivismo-constructivismo-una-comparacion-los-aspectos-criticos-desde-la-perspectiva-del-diseno-instruccion\\\/#respond\"]}]},{\"@type\":\"WebPage\",\"@id\":\"https:\\\/\\\/webdelmaestrocmf.com\\\/portal\\\/conductismo-cognitivismo-constructivismo-una-comparacion-los-aspectos-criticos-desde-la-perspectiva-del-diseno-instruccion\\\/\",\"url\":\"https:\\\/\\\/webdelmaestrocmf.com\\\/portal\\\/conductismo-cognitivismo-constructivismo-una-comparacion-los-aspectos-criticos-desde-la-perspectiva-del-diseno-instruccion\\\/\",\"name\":\"Conductismo, cognitivismo y constructivismo: Una comparaci\u00f3n de los aspectos cr\u00edticos\",\"isPartOf\":{\"@id\":\"https:\\\/\\\/webdelmaestrocmf.com\\\/portal\\\/#website\"},\"primaryImageOfPage\":{\"@id\":\"https:\\\/\\\/webdelmaestrocmf.com\\\/portal\\\/conductismo-cognitivismo-constructivismo-una-comparacion-los-aspectos-criticos-desde-la-perspectiva-del-diseno-instruccion\\\/#primaryimage\"},\"image\":{\"@id\":\"https:\\\/\\\/webdelmaestrocmf.com\\\/portal\\\/conductismo-cognitivismo-constructivismo-una-comparacion-los-aspectos-criticos-desde-la-perspectiva-del-diseno-instruccion\\\/#primaryimage\"},\"thumbnailUrl\":\"https:\\\/\\\/webdelmaestrocmf.com\\\/portal\\\/wp-content\\\/uploads\\\/2019\\\/12\\\/1-94.jpg\",\"datePublished\":\"2021-02-08T23:17:38+00:00\",\"dateModified\":\"2024-02-12T02:14:48+00:00\",\"description\":\"La forma como definimos el aprendizaje y la forma como creemos que \u00e9ste ocurre tiene importantes implicaciones para las situaciones en...\",\"breadcrumb\":{\"@id\":\"https:\\\/\\\/webdelmaestrocmf.com\\\/portal\\\/conductismo-cognitivismo-constructivismo-una-comparacion-los-aspectos-criticos-desde-la-perspectiva-del-diseno-instruccion\\\/#breadcrumb\"},\"inLanguage\":\"es\",\"potentialAction\":[{\"@type\":\"ReadAction\",\"target\":[\"https:\\\/\\\/webdelmaestrocmf.com\\\/portal\\\/conductismo-cognitivismo-constructivismo-una-comparacion-los-aspectos-criticos-desde-la-perspectiva-del-diseno-instruccion\\\/\"]}]},{\"@type\":\"ImageObject\",\"inLanguage\":\"es\",\"@id\":\"https:\\\/\\\/webdelmaestrocmf.com\\\/portal\\\/conductismo-cognitivismo-constructivismo-una-comparacion-los-aspectos-criticos-desde-la-perspectiva-del-diseno-instruccion\\\/#primaryimage\",\"url\":\"https:\\\/\\\/webdelmaestrocmf.com\\\/portal\\\/wp-content\\\/uploads\\\/2019\\\/12\\\/1-94.jpg\",\"contentUrl\":\"https:\\\/\\\/webdelmaestrocmf.com\\\/portal\\\/wp-content\\\/uploads\\\/2019\\\/12\\\/1-94.jpg\",\"width\":1100,\"height\":680,\"caption\":\"Conductismo\"},{\"@type\":\"BreadcrumbList\",\"@id\":\"https:\\\/\\\/webdelmaestrocmf.com\\\/portal\\\/conductismo-cognitivismo-constructivismo-una-comparacion-los-aspectos-criticos-desde-la-perspectiva-del-diseno-instruccion\\\/#breadcrumb\",\"itemListElement\":[{\"@type\":\"ListItem\",\"position\":1,\"name\":\"Portada\",\"item\":\"https:\\\/\\\/webdelmaestrocmf.com\\\/portal\\\/\"},{\"@type\":\"ListItem\",\"position\":2,\"name\":\"Recursos\",\"item\":\"https:\\\/\\\/webdelmaestrocmf.com\\\/portal\\\/category\\\/pedagogia\\\/\"},{\"@type\":\"ListItem\",\"position\":3,\"name\":\"Conductismo, cognitivismo y constructivismo: Una comparaci\u00f3n de los aspectos cr\u00edticos\"}]},{\"@type\":\"WebSite\",\"@id\":\"https:\\\/\\\/webdelmaestrocmf.com\\\/portal\\\/#website\",\"url\":\"https:\\\/\\\/webdelmaestrocmf.com\\\/portal\\\/\",\"name\":\"Web del Maestro CMF\",\"description\":\"Maestros al servicio de la educaci\u00f3n\",\"publisher\":{\"@id\":\"https:\\\/\\\/webdelmaestrocmf.com\\\/portal\\\/#organization\"},\"alternateName\":\"WMCMF\",\"potentialAction\":[{\"@type\":\"SearchAction\",\"target\":{\"@type\":\"EntryPoint\",\"urlTemplate\":\"https:\\\/\\\/webdelmaestrocmf.com\\\/portal\\\/?s={search_term_string}\"},\"query-input\":{\"@type\":\"PropertyValueSpecification\",\"valueRequired\":true,\"valueName\":\"search_term_string\"}}],\"inLanguage\":\"es\"},{\"@type\":\"Organization\",\"@id\":\"https:\\\/\\\/webdelmaestrocmf.com\\\/portal\\\/#organization\",\"name\":\"Web del Maestro CMF\",\"alternateName\":\"WMCMF\",\"url\":\"https:\\\/\\\/webdelmaestrocmf.com\\\/portal\\\/\",\"logo\":{\"@type\":\"ImageObject\",\"inLanguage\":\"es\",\"@id\":\"https:\\\/\\\/webdelmaestrocmf.com\\\/portal\\\/#\\\/schema\\\/logo\\\/image\\\/\",\"url\":\"https:\\\/\\\/webdelmaestrocmf.com\\\/portal\\\/wp-content\\\/uploads\\\/2023\\\/01\\\/logo-wmcmf-2.png\",\"contentUrl\":\"https:\\\/\\\/webdelmaestrocmf.com\\\/portal\\\/wp-content\\\/uploads\\\/2023\\\/01\\\/logo-wmcmf-2.png\",\"width\":200,\"height\":60,\"caption\":\"Web del Maestro CMF\"},\"image\":{\"@id\":\"https:\\\/\\\/webdelmaestrocmf.com\\\/portal\\\/#\\\/schema\\\/logo\\\/image\\\/\"},\"sameAs\":[\"https:\\\/\\\/www.facebook.com\\\/WebdelMaestroCMF\\\/\",\"https:\\\/\\\/x.com\\\/cmf_w\",\"https:\\\/\\\/www.pinterest.com\\\/WMCMF\\\/\",\"https:\\\/\\\/www.linkedin.com\\\/company\\\/web-del-maestro-cmf\\\/\",\"https:\\\/\\\/www.instagram.com\\\/wmcmf\\\/\",\"https:\\\/\\\/www.youtube.com\\\/channel\\\/UCDPSvjbdodE5sHnC3OxutHw\",\"https:\\\/\\\/mastodon.social\\\/@wmcmf\",\"https:\\\/\\\/www.tiktok.com\\\/@webdelmaestrocmf\"]},{\"@type\":\"Person\",\"@id\":\"https:\\\/\\\/webdelmaestrocmf.com\\\/portal\\\/#\\\/schema\\\/person\\\/1072a2ed7bd960df8ef99a551fa35dc5\",\"name\":\"Web del Maestro CMF\",\"image\":{\"@type\":\"ImageObject\",\"inLanguage\":\"es\",\"@id\":\"https:\\\/\\\/secure.gravatar.com\\\/avatar\\\/23291dd5b5ae1077dcff3dbb04c3e02bd28403fa75af6d8787d5e97c5bbbe30b?s=96&d=mm&r=g\",\"url\":\"https:\\\/\\\/secure.gravatar.com\\\/avatar\\\/23291dd5b5ae1077dcff3dbb04c3e02bd28403fa75af6d8787d5e97c5bbbe30b?s=96&d=mm&r=g\",\"contentUrl\":\"https:\\\/\\\/secure.gravatar.com\\\/avatar\\\/23291dd5b5ae1077dcff3dbb04c3e02bd28403fa75af6d8787d5e97c5bbbe30b?s=96&d=mm&r=g\",\"caption\":\"Web del Maestro CMF\"},\"description\":\"Esta Web se cre\u00f3 sin fines de lucro, con fines educativos, cient\u00edficos y acad\u00e9micos, para personas que tengan dificultades y\\\/o inconvenientes en visualizar el material original. El objetivo es entregar recursos, compartir experiencias y materiales que ayuden a los padres de familia, maestros y estudiantes en su actualizaci\u00f3n y formaci\u00f3n permanente, en bien de la Educaci\u00f3n.\",\"sameAs\":[\"http:\\\/\\\/webdelmaestrocmf.com\\\/portal\",\"https:\\\/\\\/www.facebook.com\\\/WebdelMaestroCMF\\\/\",\"https:\\\/\\\/www.instagram.com\\\/wmcmf\\\/\",\"https:\\\/\\\/cl.linkedin.com\\\/company\\\/web-del-maestro-cmf\",\"https:\\\/\\\/www.pinterest.com\\\/WMCMF\\\/publicaciones\\\/\",\"https:\\\/\\\/x.com\\\/cmf_w\",\"https:\\\/\\\/www.youtube.com\\\/@WMCMF\"]}]}<\/script>\n<!-- \/ Yoast SEO plugin. -->","yoast_head_json":{"title":"Conductismo, cognitivismo y constructivismo: Una comparaci\u00f3n de los aspectos cr\u00edticos","description":"La forma como definimos el aprendizaje y la forma como creemos que \u00e9ste ocurre tiene importantes implicaciones para las situaciones en...","robots":{"index":"index","follow":"follow","max-snippet":"max-snippet:-1","max-image-preview":"max-image-preview:large","max-video-preview":"max-video-preview:-1"},"canonical":"https:\/\/webdelmaestrocmf.com\/portal\/conductismo-cognitivismo-constructivismo-una-comparacion-los-aspectos-criticos-desde-la-perspectiva-del-diseno-instruccion\/","og_locale":"es_ES","og_type":"article","og_title":"Conductismo, cognitivismo y constructivismo: Una comparaci\u00f3n de los aspectos cr\u00edticos","og_description":"La forma como definimos el aprendizaje y la forma como creemos que \u00e9ste ocurre tiene importantes implicaciones para las situaciones en...","og_url":"https:\/\/webdelmaestrocmf.com\/portal\/conductismo-cognitivismo-constructivismo-una-comparacion-los-aspectos-criticos-desde-la-perspectiva-del-diseno-instruccion\/","og_site_name":"Web del Maestro CMF","article_publisher":"https:\/\/www.facebook.com\/WebdelMaestroCMF\/","article_author":"https:\/\/www.facebook.com\/WebdelMaestroCMF\/","article_published_time":"2021-02-08T23:17:38+00:00","article_modified_time":"2024-02-12T02:14:48+00:00","og_image":[{"width":1100,"height":680,"url":"https:\/\/webdelmaestrocmf.com\/portal\/wp-content\/uploads\/2019\/12\/1-94.jpg","type":"image\/jpeg"}],"author":"Web del Maestro CMF","twitter_card":"summary_large_image","twitter_creator":"@cmf_w","twitter_site":"@cmf_w","schema":{"@context":"https:\/\/schema.org","@graph":[{"@type":"ScholarlyArticle","@id":"https:\/\/webdelmaestrocmf.com\/portal\/conductismo-cognitivismo-constructivismo-una-comparacion-los-aspectos-criticos-desde-la-perspectiva-del-diseno-instruccion\/#article","isPartOf":{"@id":"https:\/\/webdelmaestrocmf.com\/portal\/conductismo-cognitivismo-constructivismo-una-comparacion-los-aspectos-criticos-desde-la-perspectiva-del-diseno-instruccion\/"},"author":{"name":"Web del Maestro CMF","@id":"https:\/\/webdelmaestrocmf.com\/portal\/#\/schema\/person\/1072a2ed7bd960df8ef99a551fa35dc5"},"headline":"Conductismo, cognitivismo y constructivismo: Una comparaci\u00f3n de los aspectos cr\u00edticos","datePublished":"2021-02-08T23:17:38+00:00","dateModified":"2024-02-12T02:14:48+00:00","mainEntityOfPage":{"@id":"https:\/\/webdelmaestrocmf.com\/portal\/conductismo-cognitivismo-constructivismo-una-comparacion-los-aspectos-criticos-desde-la-perspectiva-del-diseno-instruccion\/"},"wordCount":2859,"commentCount":1,"publisher":{"@id":"https:\/\/webdelmaestrocmf.com\/portal\/#organization"},"image":{"@id":"https:\/\/webdelmaestrocmf.com\/portal\/conductismo-cognitivismo-constructivismo-una-comparacion-los-aspectos-criticos-desde-la-perspectiva-del-diseno-instruccion\/#primaryimage"},"thumbnailUrl":"https:\/\/webdelmaestrocmf.com\/portal\/wp-content\/uploads\/2019\/12\/1-94.jpg","keywords":["COGNITIVISMO","COMPARACI\u00d3N","CONDUCTISMO","CONSTRUCTIVISMO","DISE\u00d1O","INSTRUCCI\u00d3N"],"articleSection":["Docentes","Las m\u00e1s vistas","Recursos"],"inLanguage":"es","potentialAction":[{"@type":"CommentAction","name":"Comment","target":["https:\/\/webdelmaestrocmf.com\/portal\/conductismo-cognitivismo-constructivismo-una-comparacion-los-aspectos-criticos-desde-la-perspectiva-del-diseno-instruccion\/#respond"]}]},{"@type":"WebPage","@id":"https:\/\/webdelmaestrocmf.com\/portal\/conductismo-cognitivismo-constructivismo-una-comparacion-los-aspectos-criticos-desde-la-perspectiva-del-diseno-instruccion\/","url":"https:\/\/webdelmaestrocmf.com\/portal\/conductismo-cognitivismo-constructivismo-una-comparacion-los-aspectos-criticos-desde-la-perspectiva-del-diseno-instruccion\/","name":"Conductismo, cognitivismo y constructivismo: Una comparaci\u00f3n de los aspectos cr\u00edticos","isPartOf":{"@id":"https:\/\/webdelmaestrocmf.com\/portal\/#website"},"primaryImageOfPage":{"@id":"https:\/\/webdelmaestrocmf.com\/portal\/conductismo-cognitivismo-constructivismo-una-comparacion-los-aspectos-criticos-desde-la-perspectiva-del-diseno-instruccion\/#primaryimage"},"image":{"@id":"https:\/\/webdelmaestrocmf.com\/portal\/conductismo-cognitivismo-constructivismo-una-comparacion-los-aspectos-criticos-desde-la-perspectiva-del-diseno-instruccion\/#primaryimage"},"thumbnailUrl":"https:\/\/webdelmaestrocmf.com\/portal\/wp-content\/uploads\/2019\/12\/1-94.jpg","datePublished":"2021-02-08T23:17:38+00:00","dateModified":"2024-02-12T02:14:48+00:00","description":"La forma como definimos el aprendizaje y la forma como creemos que \u00e9ste ocurre tiene importantes implicaciones para las situaciones en...","breadcrumb":{"@id":"https:\/\/webdelmaestrocmf.com\/portal\/conductismo-cognitivismo-constructivismo-una-comparacion-los-aspectos-criticos-desde-la-perspectiva-del-diseno-instruccion\/#breadcrumb"},"inLanguage":"es","potentialAction":[{"@type":"ReadAction","target":["https:\/\/webdelmaestrocmf.com\/portal\/conductismo-cognitivismo-constructivismo-una-comparacion-los-aspectos-criticos-desde-la-perspectiva-del-diseno-instruccion\/"]}]},{"@type":"ImageObject","inLanguage":"es","@id":"https:\/\/webdelmaestrocmf.com\/portal\/conductismo-cognitivismo-constructivismo-una-comparacion-los-aspectos-criticos-desde-la-perspectiva-del-diseno-instruccion\/#primaryimage","url":"https:\/\/webdelmaestrocmf.com\/portal\/wp-content\/uploads\/2019\/12\/1-94.jpg","contentUrl":"https:\/\/webdelmaestrocmf.com\/portal\/wp-content\/uploads\/2019\/12\/1-94.jpg","width":1100,"height":680,"caption":"Conductismo"},{"@type":"BreadcrumbList","@id":"https:\/\/webdelmaestrocmf.com\/portal\/conductismo-cognitivismo-constructivismo-una-comparacion-los-aspectos-criticos-desde-la-perspectiva-del-diseno-instruccion\/#breadcrumb","itemListElement":[{"@type":"ListItem","position":1,"name":"Portada","item":"https:\/\/webdelmaestrocmf.com\/portal\/"},{"@type":"ListItem","position":2,"name":"Recursos","item":"https:\/\/webdelmaestrocmf.com\/portal\/category\/pedagogia\/"},{"@type":"ListItem","position":3,"name":"Conductismo, cognitivismo y constructivismo: Una comparaci\u00f3n de los aspectos cr\u00edticos"}]},{"@type":"WebSite","@id":"https:\/\/webdelmaestrocmf.com\/portal\/#website","url":"https:\/\/webdelmaestrocmf.com\/portal\/","name":"Web del Maestro CMF","description":"Maestros al servicio de la educaci\u00f3n","publisher":{"@id":"https:\/\/webdelmaestrocmf.com\/portal\/#organization"},"alternateName":"WMCMF","potentialAction":[{"@type":"SearchAction","target":{"@type":"EntryPoint","urlTemplate":"https:\/\/webdelmaestrocmf.com\/portal\/?s={search_term_string}"},"query-input":{"@type":"PropertyValueSpecification","valueRequired":true,"valueName":"search_term_string"}}],"inLanguage":"es"},{"@type":"Organization","@id":"https:\/\/webdelmaestrocmf.com\/portal\/#organization","name":"Web del Maestro CMF","alternateName":"WMCMF","url":"https:\/\/webdelmaestrocmf.com\/portal\/","logo":{"@type":"ImageObject","inLanguage":"es","@id":"https:\/\/webdelmaestrocmf.com\/portal\/#\/schema\/logo\/image\/","url":"https:\/\/webdelmaestrocmf.com\/portal\/wp-content\/uploads\/2023\/01\/logo-wmcmf-2.png","contentUrl":"https:\/\/webdelmaestrocmf.com\/portal\/wp-content\/uploads\/2023\/01\/logo-wmcmf-2.png","width":200,"height":60,"caption":"Web del Maestro CMF"},"image":{"@id":"https:\/\/webdelmaestrocmf.com\/portal\/#\/schema\/logo\/image\/"},"sameAs":["https:\/\/www.facebook.com\/WebdelMaestroCMF\/","https:\/\/x.com\/cmf_w","https:\/\/www.pinterest.com\/WMCMF\/","https:\/\/www.linkedin.com\/company\/web-del-maestro-cmf\/","https:\/\/www.instagram.com\/wmcmf\/","https:\/\/www.youtube.com\/channel\/UCDPSvjbdodE5sHnC3OxutHw","https:\/\/mastodon.social\/@wmcmf","https:\/\/www.tiktok.com\/@webdelmaestrocmf"]},{"@type":"Person","@id":"https:\/\/webdelmaestrocmf.com\/portal\/#\/schema\/person\/1072a2ed7bd960df8ef99a551fa35dc5","name":"Web del Maestro CMF","image":{"@type":"ImageObject","inLanguage":"es","@id":"https:\/\/secure.gravatar.com\/avatar\/23291dd5b5ae1077dcff3dbb04c3e02bd28403fa75af6d8787d5e97c5bbbe30b?s=96&d=mm&r=g","url":"https:\/\/secure.gravatar.com\/avatar\/23291dd5b5ae1077dcff3dbb04c3e02bd28403fa75af6d8787d5e97c5bbbe30b?s=96&d=mm&r=g","contentUrl":"https:\/\/secure.gravatar.com\/avatar\/23291dd5b5ae1077dcff3dbb04c3e02bd28403fa75af6d8787d5e97c5bbbe30b?s=96&d=mm&r=g","caption":"Web del Maestro CMF"},"description":"Esta Web se cre\u00f3 sin fines de lucro, con fines educativos, cient\u00edficos y acad\u00e9micos, para personas que tengan dificultades y\/o inconvenientes en visualizar el material original. El objetivo es entregar recursos, compartir experiencias y materiales que ayuden a los padres de familia, maestros y estudiantes en su actualizaci\u00f3n y formaci\u00f3n permanente, en bien de la Educaci\u00f3n.","sameAs":["http:\/\/webdelmaestrocmf.com\/portal","https:\/\/www.facebook.com\/WebdelMaestroCMF\/","https:\/\/www.instagram.com\/wmcmf\/","https:\/\/cl.linkedin.com\/company\/web-del-maestro-cmf","https:\/\/www.pinterest.com\/WMCMF\/publicaciones\/","https:\/\/x.com\/cmf_w","https:\/\/www.youtube.com\/@WMCMF"]}]}},"jetpack_featured_media_url":"https:\/\/webdelmaestrocmf.com\/portal\/wp-content\/uploads\/2019\/12\/1-94.jpg","jetpack_sharing_enabled":true,"jetpack-related-posts":[{"id":83163,"url":"https:\/\/webdelmaestrocmf.com\/portal\/revision-teorica-sobre-la-evolucion-de-las-teorias-del-aprendizaje\/","url_meta":{"origin":22782,"position":0},"title":"Revisi\u00f3n te\u00f3rica sobre la evoluci\u00f3n de las teor\u00edas del aprendizaje","author":"Web del Maestro CMF","date":"2 marzo, 2024","format":false,"excerpt":"Esta revisi\u00f3n analiza la evoluci\u00f3n de las principales teor\u00edas del aprendizaje, destacando autores, enfoques y relaciones entre corrientes, con el prop\u00f3sito de comprender c\u00f3mo se construye el conocimiento.","rel":"","context":"En \u00abRecursos\u00bb","block_context":{"text":"Recursos","link":"https:\/\/webdelmaestrocmf.com\/portal\/category\/pedagogia\/"},"img":{"alt_text":"","src":"https:\/\/i0.wp.com\/webdelmaestrocmf.com\/portal\/wp-content\/uploads\/2023\/01\/Banner-1-portada-imagen-10-1-4.jpg?resize=350%2C200&ssl=1","width":350,"height":200,"srcset":"https:\/\/i0.wp.com\/webdelmaestrocmf.com\/portal\/wp-content\/uploads\/2023\/01\/Banner-1-portada-imagen-10-1-4.jpg?resize=350%2C200&ssl=1 1x, https:\/\/i0.wp.com\/webdelmaestrocmf.com\/portal\/wp-content\/uploads\/2023\/01\/Banner-1-portada-imagen-10-1-4.jpg?resize=525%2C300&ssl=1 1.5x, https:\/\/i0.wp.com\/webdelmaestrocmf.com\/portal\/wp-content\/uploads\/2023\/01\/Banner-1-portada-imagen-10-1-4.jpg?resize=700%2C400&ssl=1 2x"},"classes":[]},{"id":84249,"url":"https:\/\/webdelmaestrocmf.com\/portal\/teorias-del-aprendizaje-diferencias-teoricas-entre-los-enfoques-conductismo-cognitivismo-y-constructivismo\/","url_meta":{"origin":22782,"position":1},"title":"Teor\u00edas del Aprendizaje: diferencias te\u00f3ricas entre los enfoques Conductismo, Cognitivismo y Constructivismo","author":"Web del Maestro CMF","date":"2 marzo, 2024","format":false,"excerpt":"Una visi\u00f3n general que le puede ser de utilidad.","rel":"","context":"En \u00abRecursos\u00bb","block_context":{"text":"Recursos","link":"https:\/\/webdelmaestrocmf.com\/portal\/category\/pedagogia\/"},"img":{"alt_text":"teor\u00edas de aprendizajes","src":"https:\/\/i0.wp.com\/webdelmaestrocmf.com\/portal\/wp-content\/uploads\/2023\/02\/Banner-1-portada-imagen-10-34.jpg?resize=350%2C200&ssl=1","width":350,"height":200,"srcset":"https:\/\/i0.wp.com\/webdelmaestrocmf.com\/portal\/wp-content\/uploads\/2023\/02\/Banner-1-portada-imagen-10-34.jpg?resize=350%2C200&ssl=1 1x, https:\/\/i0.wp.com\/webdelmaestrocmf.com\/portal\/wp-content\/uploads\/2023\/02\/Banner-1-portada-imagen-10-34.jpg?resize=525%2C300&ssl=1 1.5x, https:\/\/i0.wp.com\/webdelmaestrocmf.com\/portal\/wp-content\/uploads\/2023\/02\/Banner-1-portada-imagen-10-34.jpg?resize=700%2C400&ssl=1 2x"},"classes":[]},{"id":79316,"url":"https:\/\/webdelmaestrocmf.com\/portal\/teorias-principios-y-enfoques-de-la-practica-pedagogica\/","url_meta":{"origin":22782,"position":2},"title":"Teor\u00edas, principios y enfoques pedag\u00f3gicos","author":"Web del Maestro CMF","date":"7 noviembre, 2022","format":false,"excerpt":"La educaci\u00f3n es un campo en constante evoluci\u00f3n, donde las teor\u00edas, principios y enfoques pedag\u00f3gicos desempe\u00f1an un papel fundamental en la pr\u00e1ctica docente. En este art\u00edculo, exploraremos estos conceptos de manera sencilla y accesible, con el objetivo de ayudar a los docentes a comprender su importancia y aplicaci\u00f3n en el\u2026","rel":"","context":"En \u00abDescargas Manuales PDF\u00bb","block_context":{"text":"Descargas Manuales PDF","link":"https:\/\/webdelmaestrocmf.com\/portal\/category\/pedagogia\/descargas-manuales-pdf\/"},"img":{"alt_text":"Teor\u00edas principios enfoques","src":"https:\/\/i0.wp.com\/webdelmaestrocmf.com\/portal\/wp-content\/uploads\/2022\/08\/1-27.jpg?resize=350%2C200&ssl=1","width":350,"height":200,"srcset":"https:\/\/i0.wp.com\/webdelmaestrocmf.com\/portal\/wp-content\/uploads\/2022\/08\/1-27.jpg?resize=350%2C200&ssl=1 1x, https:\/\/i0.wp.com\/webdelmaestrocmf.com\/portal\/wp-content\/uploads\/2022\/08\/1-27.jpg?resize=525%2C300&ssl=1 1.5x, https:\/\/i0.wp.com\/webdelmaestrocmf.com\/portal\/wp-content\/uploads\/2022\/08\/1-27.jpg?resize=700%2C400&ssl=1 2x"},"classes":[]},{"id":16976,"url":"https:\/\/webdelmaestrocmf.com\/portal\/sintesis-de-teorias-de-aprendizaje-pdf-piaget-vigotsky-kohlberg-y-goleman\/","url_meta":{"origin":22782,"position":3},"title":"S\u00edntesis de las teor\u00edas de aprendizaje (Piaget, Vigotsky, Kohlberg y Goleman)","author":"Web del Maestro CMF","date":"31 julio, 2024","format":false,"excerpt":"Existe diversidad de teor\u00edas psicol\u00f3gicas sobre el aprendizaje cuyas discrepancias no est\u00e1n clarificadas en la pr\u00e1ctica educativa. Como se\u00f1ala Estes (1982), en la mayor\u00eda de las ocasiones se trata de aplicar las teor\u00edas del aprendizaje a la situaci\u00f3n, dando muy escasa atenci\u00f3n a la interpretaci\u00f3n del fen\u00f3meno del aprendizaje escolar.\u2026","rel":"","context":"En \u00abDescargas Manuales PDF\u00bb","block_context":{"text":"Descargas Manuales PDF","link":"https:\/\/webdelmaestrocmf.com\/portal\/category\/pedagogia\/descargas-manuales-pdf\/"},"img":{"alt_text":"","src":"https:\/\/i0.wp.com\/webdelmaestrocmf.com\/portal\/wp-content\/uploads\/2019\/08\/Banner-1-portada-imagen-10-1-2-1.jpg?resize=350%2C200&ssl=1","width":350,"height":200,"srcset":"https:\/\/i0.wp.com\/webdelmaestrocmf.com\/portal\/wp-content\/uploads\/2019\/08\/Banner-1-portada-imagen-10-1-2-1.jpg?resize=350%2C200&ssl=1 1x, https:\/\/i0.wp.com\/webdelmaestrocmf.com\/portal\/wp-content\/uploads\/2019\/08\/Banner-1-portada-imagen-10-1-2-1.jpg?resize=525%2C300&ssl=1 1.5x, https:\/\/i0.wp.com\/webdelmaestrocmf.com\/portal\/wp-content\/uploads\/2019\/08\/Banner-1-portada-imagen-10-1-2-1.jpg?resize=700%2C400&ssl=1 2x"},"classes":[]},{"id":83772,"url":"https:\/\/webdelmaestrocmf.com\/portal\/mapa-conceptual-de-los-modelos-pedagogicos-tradicional-romantico-conductista-cognitivo-y-social-cognitivo\/","url_meta":{"origin":22782,"position":4},"title":"Mapa conceptual de los Modelos Pedag\u00f3gicos: Tradicional, Rom\u00e1ntico, Conductista, Cognitivo y Social-Cognitivo","author":"Web del Maestro CMF","date":"4 febrero, 2023","format":false,"excerpt":"As\u00ed como existen diferencias en la conceptualizaci\u00f3n y definici\u00f3n de los modelos pedag\u00f3gicos, tambi\u00e9n existen divergencias frente a los diferentes tipos de modelos existentes. Para Louis Not, los modelos pedag\u00f3gicos se limitan a dos, los heteroestructurantes, que engloban las pedagog\u00edas cl\u00e1sicas o tradicionales, y los autoestrcuturantes, donde hacen su aparici\u00f3n\u2026","rel":"","context":"En \u00abDescargas Manuales PDF\u00bb","block_context":{"text":"Descargas Manuales PDF","link":"https:\/\/webdelmaestrocmf.com\/portal\/category\/pedagogia\/descargas-manuales-pdf\/"},"img":{"alt_text":"Modelos Pedag\u00f3gicos","src":"https:\/\/i0.wp.com\/webdelmaestrocmf.com\/portal\/wp-content\/uploads\/2023\/02\/1-12.jpg?resize=350%2C200&ssl=1","width":350,"height":200,"srcset":"https:\/\/i0.wp.com\/webdelmaestrocmf.com\/portal\/wp-content\/uploads\/2023\/02\/1-12.jpg?resize=350%2C200&ssl=1 1x, https:\/\/i0.wp.com\/webdelmaestrocmf.com\/portal\/wp-content\/uploads\/2023\/02\/1-12.jpg?resize=525%2C300&ssl=1 1.5x, https:\/\/i0.wp.com\/webdelmaestrocmf.com\/portal\/wp-content\/uploads\/2023\/02\/1-12.jpg?resize=700%2C400&ssl=1 2x"},"classes":[]},{"id":78181,"url":"https:\/\/webdelmaestrocmf.com\/portal\/pedro-fulleda-una-estrategia-curricular-para-el-siglo-xxi\/","url_meta":{"origin":22782,"position":5},"title":"[Pedro Fulleda] Una estrategia curricular para el Siglo XXI","author":"Web del Maestro CMF","date":"5 julio, 2022","format":false,"excerpt":"Los modelos pedag\u00f3gicos han sufrido transformaciones esenciales a lo largo del tiempo desde sus inicios con la may\u00e9utica, basada en el intercambio dial\u00f3gico para descubrir la verdad, aplicada por S\u00f3crates en la Grecia cl\u00e1sica. Despu\u00e9s de un largo per\u00edodo dominado por la escol\u00e1stica, inamoviblemente arraigada en el mundo medieval mediante\u2026","rel":"","context":"En \u00abZ-Colaborador-Pedro-Fulleda\u00bb","block_context":{"text":"Z-Colaborador-Pedro-Fulleda","link":"https:\/\/webdelmaestrocmf.com\/portal\/category\/colaborador\/z-colaborador-pedro-fulleda\/"},"img":{"alt_text":"","src":"https:\/\/i0.wp.com\/webdelmaestrocmf.com\/portal\/wp-content\/uploads\/2022\/07\/1-2.jpg?resize=350%2C200&ssl=1","width":350,"height":200,"srcset":"https:\/\/i0.wp.com\/webdelmaestrocmf.com\/portal\/wp-content\/uploads\/2022\/07\/1-2.jpg?resize=350%2C200&ssl=1 1x, https:\/\/i0.wp.com\/webdelmaestrocmf.com\/portal\/wp-content\/uploads\/2022\/07\/1-2.jpg?resize=525%2C300&ssl=1 1.5x, https:\/\/i0.wp.com\/webdelmaestrocmf.com\/portal\/wp-content\/uploads\/2022\/07\/1-2.jpg?resize=700%2C400&ssl=1 2x"},"classes":[]}],"_links":{"self":[{"href":"https:\/\/webdelmaestrocmf.com\/portal\/wp-json\/wp\/v2\/posts\/22782","targetHints":{"allow":["GET"]}}],"collection":[{"href":"https:\/\/webdelmaestrocmf.com\/portal\/wp-json\/wp\/v2\/posts"}],"about":[{"href":"https:\/\/webdelmaestrocmf.com\/portal\/wp-json\/wp\/v2\/types\/post"}],"author":[{"embeddable":true,"href":"https:\/\/webdelmaestrocmf.com\/portal\/wp-json\/wp\/v2\/users\/1"}],"replies":[{"embeddable":true,"href":"https:\/\/webdelmaestrocmf.com\/portal\/wp-json\/wp\/v2\/comments?post=22782"}],"version-history":[{"count":0,"href":"https:\/\/webdelmaestrocmf.com\/portal\/wp-json\/wp\/v2\/posts\/22782\/revisions"}],"wp:featuredmedia":[{"embeddable":true,"href":"https:\/\/webdelmaestrocmf.com\/portal\/wp-json\/wp\/v2\/media\/59092"}],"wp:attachment":[{"href":"https:\/\/webdelmaestrocmf.com\/portal\/wp-json\/wp\/v2\/media?parent=22782"}],"wp:term":[{"taxonomy":"category","embeddable":true,"href":"https:\/\/webdelmaestrocmf.com\/portal\/wp-json\/wp\/v2\/categories?post=22782"},{"taxonomy":"post_tag","embeddable":true,"href":"https:\/\/webdelmaestrocmf.com\/portal\/wp-json\/wp\/v2\/tags?post=22782"}],"curies":[{"name":"wp","href":"https:\/\/api.w.org\/{rel}","templated":true}]}}