{"id":22693,"date":"2022-06-19T20:48:30","date_gmt":"2022-06-20T00:48:30","guid":{"rendered":"http:\/\/webdelmaestrocmf.com\/portal\/?p=22693"},"modified":"2023-04-01T13:42:14","modified_gmt":"2023-04-01T16:42:14","slug":"maestros-memoria-agradecida-deseos-seguir-aprendiendo-sembradores-suenos","status":"publish","type":"post","link":"https:\/\/webdelmaestrocmf.com\/portal\/maestros-memoria-agradecida-deseos-seguir-aprendiendo-sembradores-suenos\/","title":{"rendered":"Ser maestros con memoria agradecida, con deseos de seguir aprendiendo y sembradores de sue\u00f1os"},"content":{"rendered":"<h5 style=\"text-align: justify;\">So\u00f1ar, tener ilusiones, con los ojos abiertos y a la luz del sol,<strong> &#8211; <\/strong>pidi\u00f3 el Papa Francisco a los universitarios de Bologna (Italia)- para enriquecer la <strong>cultura<\/strong>, cultivar la <strong>esperanza<\/strong> y alcanzar la <strong>paz<\/strong>. Y considero, que es una hermosa <strong>invitaci\u00f3n para todos nosotros los que estamos en este hermoso mundo de la educaci\u00f3n<\/strong>, a tomar (una vez m\u00e1s) un \u201csegundo aire\u201d, con ocasi\u00f3n del <strong>D\u00eda Mundial del Docente<\/strong>, proclamada por la Organizaci\u00f3n de las Naciones Unidas para la Educaci\u00f3n, la Ciencia y la Cultura (UNESCO) desde 1994, y el lema de este a\u00f1o es <strong>\u201cEnse\u00f1ar en libertad, empoderar a los docentes\u201d<\/strong>.<\/h5>\n<p><!--more--><\/p>\n<p style=\"text-align: justify;\">Es un d\u00eda para recordar las palabras de Paulo Freire respecto al <strong>\u201cgesto confiado del educador\u201d, <\/strong>tan importante para vivir apasionadamente la vocaci\u00f3n docente: \u201cme daba una <strong>confianza <\/strong>aun obviamente <strong>desconfiada<\/strong> de que era posible trabajar y producir. De que era posible <strong>confiar en m\u00ed<\/strong>, pero que ser\u00eda tan equivocado <strong>confiar m\u00e1s all\u00e1 de los l\u00edmites<\/strong> como era en ese momento equivocado <strong>no confiar<\/strong>\u201d. S\u00f3lo podemos empoderar en la educaci\u00f3n maestros apasionados y capaces de no dejarse robar la alegr\u00eda de una vocaci\u00f3n que desea realmente decir:<\/p>\n<p style=\"text-align: justify;\"><strong>\u201cDame el levantar los ojos de mi pecho con heridas, al entrar cada ma\u00f1ana a mi escuela. Que no lleve a mi mesa de trabajo mis peque\u00f1os afanes materiales, mis mezquinos dolores de cada hora.<\/strong><\/p>\n<p style=\"text-align: justify;\"><strong>Alig\u00e9rame la mano en el castigo y suav\u00edzamela m\u00e1s en la caricia. \u00a1Reprenda con dolor, para saber que he corregido amando!<\/strong><\/p>\n<p style=\"text-align: justify;\"><strong>Haz que haga de esp\u00edritu mi escuela de ladrillos. Le envuelva la llamarada de mi entusiasmo su atrio pobre, su sala desnuda. Mi coraz\u00f3n le sea m\u00e1s columna y mi buena voluntad m\u00e1s horas que las columnas y el oro de las escuelas ricas\u201d (Gabriela Mistral, Oraci\u00f3n de la Maestra).<\/strong><\/p>\n<p style=\"text-align: justify;\">El hombre o mujer, desde el fondo de <strong>su ser maestro<\/strong>, est\u00e1 convencido que debe ser aquel que <strong>cree y ense\u00f1a a creer<\/strong> cuando muchos han dejado de creer, es el que anima a sus estudiantes a <strong>luchar \u201ccontracorriente\u201d,<\/strong> a <strong>escuchar<\/strong>, a <strong>tender puentes<\/strong>, \u2026 estar convencido, a pesar de las muchas y tantas dificultades que <strong>su tarea no se agota<\/strong> en conocer la riqueza del arte, historia, filosof\u00eda, etc. Que <strong>nunca debe \u201cbajar los brazos<\/strong>\u201d, porque tiene la especial tarea de promover <strong>el ejercicio del \u201cpensar\u201d<\/strong> por encima del puro \u201casimilar\u201d que permita tener ciudadanos menos manipulables, m\u00e1s creativos y constructivos, <strong>capaces de agradecer<\/strong> (alg\u00fan d\u00eda) a sus maestros con leyes sociales que <strong>revaloricen la tarea docente<\/strong>.<\/p>\n<p><img loading=\"lazy\" decoding=\"async\" class=\"alignnone size-large wp-image-69406\" src=\"https:\/\/webdelmaestrocmf.com\/portal\/wp-content\/uploads\/2017\/10\/1-3-1024x576.jpg\" alt=\"\" width=\"1024\" height=\"576\" srcset=\"https:\/\/webdelmaestrocmf.com\/portal\/wp-content\/uploads\/2017\/10\/1-3-1024x576.jpg 1024w, https:\/\/webdelmaestrocmf.com\/portal\/wp-content\/uploads\/2017\/10\/1-3-300x169.jpg 300w, https:\/\/webdelmaestrocmf.com\/portal\/wp-content\/uploads\/2017\/10\/1-3-768x432.jpg 768w, https:\/\/webdelmaestrocmf.com\/portal\/wp-content\/uploads\/2017\/10\/1-3-110x62.jpg 110w, https:\/\/webdelmaestrocmf.com\/portal\/wp-content\/uploads\/2017\/10\/1-3-200x113.jpg 200w, https:\/\/webdelmaestrocmf.com\/portal\/wp-content\/uploads\/2017\/10\/1-3-380x214.jpg 380w, https:\/\/webdelmaestrocmf.com\/portal\/wp-content\/uploads\/2017\/10\/1-3-255x143.jpg 255w, https:\/\/webdelmaestrocmf.com\/portal\/wp-content\/uploads\/2017\/10\/1-3-550x309.jpg 550w, https:\/\/webdelmaestrocmf.com\/portal\/wp-content\/uploads\/2017\/10\/1-3-800x450.jpg 800w, https:\/\/webdelmaestrocmf.com\/portal\/wp-content\/uploads\/2017\/10\/1-3-1160x653.jpg 1160w, https:\/\/webdelmaestrocmf.com\/portal\/wp-content\/uploads\/2017\/10\/1-3.jpg 1280w\" sizes=\"auto, (max-width: 1024px) 100vw, 1024px\" \/><\/p>\n<p style=\"text-align: justify;\">El maestro <strong>desde su formaci\u00f3n inicial<\/strong> siente ese llamado existencial por conocer <strong>la historia de la educaci\u00f3n<\/strong>, ese deseo existencial de reflexionar sobre el camino recorrido \u2013 con el coraz\u00f3n y con la mente \u2013 de tantos y tan buenos educadores. Esta es la<strong> primera tarea personal<\/strong>, en la consolidaci\u00f3n de su vocaci\u00f3n, para quien se siente llamado a ser profesor. \u00a1Qu\u00e9 bien hace conocer y valorar c\u00f3mo hemos llegado hasta aqu\u00ed!, porque \u201cs\u00f3lo se inventa mediante el recuerdo\u201d ((Alphonse Karr). El buen maestro, por su capacidad de valorar agradecidamente el camino recorrido por otros, sabe c\u00f3mo \u201csacar de su tesoro cosas nuevas y cosas viejas\u201d (Mt 13,52). Hacer memoria del camino realizado en todo el proceso de la ense\u00f1anza y el aprendizaje, de la educaci\u00f3n, ayuda tanto a no repetir los errores y a tener un fundamento para encontrar nuevos y mejores itinerarios de educaci\u00f3n.<\/p>\n<p style=\"text-align: justify;\">El maestro, como el \u201cformador\u201d de futuros mujeres y hombres aut\u00e9nticos, sabe que su rol social es acompa\u00f1ar a los ni\u00f1os y j\u00f3venes en su proceso para desarrollar <strong>la estima de s\u00ed mismos, de amarse y sentirse amados; <\/strong>ayudar en el cultivo de ese llamado natural a deleitarse y respetar todo lo creado.<\/p>\n<p style=\"text-align: justify;\">\u201cLos maestros desarrollamos <strong>la \u00e9tica del ser docente<\/strong>, en base a un proceso de reflexi\u00f3n permanente sobre las diversas concepciones axiol\u00f3gicas, que favorezcan nuestra acci\u00f3n pedag\u00f3gica responsable y comprometida con la familia, la comunidad y la escuela\u2026. Desarrollamos una profunda actitud emp\u00e1tica y comprensiva, que nos permite disfrutar el trabajo con los ni\u00f1os\u201d<\/p>\n<p style=\"text-align: justify;\">Un saludo y un reconocimiento, desde el Web del Maestro CMF, para que hagamos desde este servicio (apostolado, lo laman algunos) un trabajo digno, que continuemos en esta carrera sabiendo los pros y los contras, convencidos que nada ni nadie nos robar\u00e1 ni las ilusiones, ni nuestra aut\u00e9ntica vocaci\u00f3n. Les deseamos que sepan guardar en su coraz\u00f3n las alegr\u00edas de la misi\u00f3n cumplida, y dejemos, con el tiempo, paso a otras personas que quieran adquirir esta gran responsabilidad de tener en sus manos a la futura sociedad (cfPilar Estell\u00e9s).<\/p>\n<p style=\"text-align: justify;\">Gracias por animarnos mutuamente a vivir, a trav\u00e9s de las redes sociales, nuestra vocaci\u00f3n de servicio, a disfrutar apasionada y resilientemente la trascendental tarea docente, para crecer y ser maestros y maestras realizados, capaces de animar a los ni\u00f1os, los j\u00f3venes, las familias y la comunidad, a hacer realidad la nueva civilizaci\u00f3n del amor, porque somos \u00ab\u00a1artesanos de humanidad! \u00a1Y constructores de la paz y del encuentro!\u00bb (Papa Francisco).<\/p>\n<p><strong>\u201cMe llevo el gran triunfo de saber que ustedes,<\/strong><br \/>\n<strong>mis hijos, mis alumnos queridos,<\/strong><br \/>\n<strong>representan en cada gesto, en cada andar, en cada vibraci\u00f3n<\/strong><br \/>\n<strong>pedazos de m\u00ed esp\u00edritu<\/strong><br \/>\n<strong>que ahora ya son hombres seguros,<\/strong><br \/>\n<strong>con ideales firmes y honestos\u201d (Henry Binerfa Castellanos).<\/strong><\/p>\n<p style=\"text-align: right;\"><strong>REDACCI\u00d3N WEB DEL MAESTRO CMF<\/strong><\/p>\n\t\t<div class=\"pk-inline-posts\">\n\t\t\t\n\t\t\t<div class=\"pk-inline-posts-container pk-inline-posts-template-list\"\n\t\t\t\tdata-columns=\"1\">\n\t\t\t\t\t\t<article id=\"post-17756\" class=\"post-17756 post type-post status-publish format-standard has-post-thumbnail category-jamb tag-dia tag-dia-del-trabajo tag-jorge-bergoglio tag-maestros tag-trabajo cs-entry cs-video-wrap\">\n\t\t\t<div class=\"pk-post-outer\">\n\n\t\t\t\t\t\t\t\t<div class=\"pk-post-inner\">\n\t\t\t\t\t<div class=\"entry-thumbnail\">\n\t\t\t\t\t\t<div class=\"pk-overlay pk-overlay-ratio pk-ratio-landscape\">\n\t\t\t\t\t\t\t<div class=\"pk-overlay-background\">\n\t\t\t\t\t\t\t\t<a href=\"https:\/\/webdelmaestrocmf.com\/portal\/dia-del-trabajo-maestros-gracias-lo-hacen\/\" class=\"pk-overlay-link\">\n\t\t\t\t\t\t\t\t\t<img loading=\"lazy\" decoding=\"async\" width=\"300\" height=\"225\" src=\"https:\/\/webdelmaestrocmf.com\/portal\/wp-content\/uploads\/2023\/05\/Banner-1-portada-imagen-10-1-55-300x225.jpg\" class=\"attachment-pk-thumbnail size-pk-thumbnail wp-post-image\" alt=\"d\u00eda del trabajo\" \/>\t\t\t\t\t\t\t\t<\/a>\n\t\t\t\t\t\t\t<\/div>\n\t\t\t\t\t\t<\/div>\n\t\t\t\t\t<\/div>\n\t\t\t\t<\/div>\n\t\t\t\t\n\t\t\t\t<div class=\"pk-post-inner\">\n\t\t\t\t\t<header>\n\t\t\t\t\t\t<h3 class=\"pk-title\"><a href=\"https:\/\/webdelmaestrocmf.com\/portal\/dia-del-trabajo-maestros-gracias-lo-hacen\/\" rel=\"bookmark\">D\u00eda Internacional de los Trabajadores: Maestros, \u00a1gracias por lo que hacen!<\/a><\/h3>\t\t\t\t\t<\/header><!-- .entry-header -->\n\t\t\t\t<\/div><!-- .post-inner -->\n\n\t\t\t<\/div><!-- .post-outer -->\n\t\t<\/article>\n\t\t\t\t<\/div>\n\t\t<\/div>\n\t\t\n","protected":false},"excerpt":{"rendered":"So\u00f1ar, tener ilusiones, con los ojos abiertos y a la luz del sol, &#8211; pidi\u00f3 el Papa Francisco&hellip;","protected":false},"author":2,"featured_media":83470,"comment_status":"open","ping_status":"closed","sticky":false,"template":"","format":"standard","meta":{"csco_display_header_overlay":false,"csco_singular_sidebar":"default","csco_page_header_type":"default","csco_page_load_nextpost":"default","csco_post_video_location":[],"csco_post_video_location_hash":"","csco_post_video_url":"","csco_post_video_bg_start_time":0,"csco_post_video_bg_end_time":0,"csco_post_video_bg_volume":false,"_jetpack_memberships_contains_paid_content":false,"footnotes":""},"categories":[61],"tags":[2834,2836,2835,2838,216,190,388],"class_list":{"0":"post-22693","1":"post","2":"type-post","3":"status-publish","4":"format-standard","5":"has-post-thumbnail","7":"category-jamb","8":"tag-agradecida","9":"tag-aprendiendo","10":"tag-deseos","11":"tag-feliz-dia","12":"tag-maestro","13":"tag-maestros","14":"tag-memoria","15":"cs-entry","16":"cs-video-wrap"},"yoast_head":"<!-- This site is optimized with the Yoast SEO plugin v27.5 - https:\/\/yoast.com\/product\/yoast-seo-wordpress\/ -->\n<title>Ser maestros con memoria agradecida<\/title>\n<meta name=\"description\" content=\"Es un d\u00eda para recordar las palabras de Paulo Freire respecto al \u201cgesto confiado del educador\u201d, tan importante para vivir apasionadamente...\" \/>\n<meta name=\"robots\" content=\"index, follow, max-snippet:-1, max-image-preview:large, max-video-preview:-1\" \/>\n<link rel=\"canonical\" href=\"https:\/\/webdelmaestrocmf.com\/portal\/maestros-memoria-agradecida-deseos-seguir-aprendiendo-sembradores-suenos\/\" \/>\n<meta property=\"og:locale\" content=\"es_ES\" \/>\n<meta property=\"og:type\" content=\"article\" \/>\n<meta property=\"og:title\" content=\"Ser maestros con memoria agradecida\" \/>\n<meta property=\"og:description\" content=\"Es un d\u00eda para recordar las palabras de Paulo Freire respecto al \u201cgesto confiado del educador\u201d, tan importante para vivir apasionadamente...\" \/>\n<meta property=\"og:url\" content=\"https:\/\/webdelmaestrocmf.com\/portal\/maestros-memoria-agradecida-deseos-seguir-aprendiendo-sembradores-suenos\/\" \/>\n<meta property=\"og:site_name\" content=\"Web del Maestro CMF\" \/>\n<meta property=\"article:publisher\" content=\"https:\/\/www.facebook.com\/WebdelMaestroCMF\/\" \/>\n<meta property=\"article:author\" content=\"https:\/\/www.facebook.com\/WebdelMaestroCMF\/\" \/>\n<meta property=\"article:published_time\" content=\"2022-06-20T00:48:30+00:00\" \/>\n<meta property=\"article:modified_time\" content=\"2023-04-01T16:42:14+00:00\" \/>\n<meta property=\"og:image\" content=\"https:\/\/i0.wp.com\/webdelmaestrocmf.com\/portal\/wp-content\/uploads\/2022\/06\/1a.jpeg?fit=900%2C556&ssl=1\" \/>\n\t<meta property=\"og:image:width\" content=\"900\" \/>\n\t<meta property=\"og:image:height\" content=\"556\" \/>\n\t<meta property=\"og:image:type\" content=\"image\/jpeg\" \/>\n<meta name=\"author\" content=\"Web del Maestro CMF\" \/>\n<meta name=\"twitter:card\" content=\"summary_large_image\" \/>\n<meta name=\"twitter:creator\" content=\"@cmf_w\" \/>\n<meta name=\"twitter:site\" content=\"@cmf_w\" \/>\n<script type=\"application\/ld+json\" class=\"yoast-schema-graph\">{\"@context\":\"https:\\\/\\\/schema.org\",\"@graph\":[{\"@type\":\"ScholarlyArticle\",\"@id\":\"https:\\\/\\\/webdelmaestrocmf.com\\\/portal\\\/maestros-memoria-agradecida-deseos-seguir-aprendiendo-sembradores-suenos\\\/#article\",\"isPartOf\":{\"@id\":\"https:\\\/\\\/webdelmaestrocmf.com\\\/portal\\\/maestros-memoria-agradecida-deseos-seguir-aprendiendo-sembradores-suenos\\\/\"},\"author\":{\"name\":\"Web del Maestro CMF\",\"@id\":\"https:\\\/\\\/webdelmaestrocmf.com\\\/portal\\\/#\\\/schema\\\/person\\\/ebc57e23d318c9c4270c6f41367015b5\"},\"headline\":\"Ser maestros con memoria agradecida, con deseos de seguir aprendiendo y sembradores de sue\u00f1os\",\"datePublished\":\"2022-06-20T00:48:30+00:00\",\"dateModified\":\"2023-04-01T16:42:14+00:00\",\"mainEntityOfPage\":{\"@id\":\"https:\\\/\\\/webdelmaestrocmf.com\\\/portal\\\/maestros-memoria-agradecida-deseos-seguir-aprendiendo-sembradores-suenos\\\/\"},\"wordCount\":953,\"commentCount\":1,\"publisher\":{\"@id\":\"https:\\\/\\\/webdelmaestrocmf.com\\\/portal\\\/#organization\"},\"image\":{\"@id\":\"https:\\\/\\\/webdelmaestrocmf.com\\\/portal\\\/maestros-memoria-agradecida-deseos-seguir-aprendiendo-sembradores-suenos\\\/#primaryimage\"},\"thumbnailUrl\":\"https:\\\/\\\/webdelmaestrocmf.com\\\/portal\\\/wp-content\\\/uploads\\\/2022\\\/06\\\/1a.jpeg\",\"keywords\":[\"AGRADECIDA\",\"APRENDIENDO\",\"DESEOS\",\"FELIZ D\u00cdA\",\"Maestro\",\"Maestros\",\"MEMORIA\"],\"articleSection\":[\"Yo opino - WMCMF\"],\"inLanguage\":\"es\",\"potentialAction\":[{\"@type\":\"CommentAction\",\"name\":\"Comment\",\"target\":[\"https:\\\/\\\/webdelmaestrocmf.com\\\/portal\\\/maestros-memoria-agradecida-deseos-seguir-aprendiendo-sembradores-suenos\\\/#respond\"]}]},{\"@type\":\"WebPage\",\"@id\":\"https:\\\/\\\/webdelmaestrocmf.com\\\/portal\\\/maestros-memoria-agradecida-deseos-seguir-aprendiendo-sembradores-suenos\\\/\",\"url\":\"https:\\\/\\\/webdelmaestrocmf.com\\\/portal\\\/maestros-memoria-agradecida-deseos-seguir-aprendiendo-sembradores-suenos\\\/\",\"name\":\"Ser maestros con memoria agradecida\",\"isPartOf\":{\"@id\":\"https:\\\/\\\/webdelmaestrocmf.com\\\/portal\\\/#website\"},\"primaryImageOfPage\":{\"@id\":\"https:\\\/\\\/webdelmaestrocmf.com\\\/portal\\\/maestros-memoria-agradecida-deseos-seguir-aprendiendo-sembradores-suenos\\\/#primaryimage\"},\"image\":{\"@id\":\"https:\\\/\\\/webdelmaestrocmf.com\\\/portal\\\/maestros-memoria-agradecida-deseos-seguir-aprendiendo-sembradores-suenos\\\/#primaryimage\"},\"thumbnailUrl\":\"https:\\\/\\\/webdelmaestrocmf.com\\\/portal\\\/wp-content\\\/uploads\\\/2022\\\/06\\\/1a.jpeg\",\"datePublished\":\"2022-06-20T00:48:30+00:00\",\"dateModified\":\"2023-04-01T16:42:14+00:00\",\"description\":\"Es un d\u00eda para recordar las palabras de Paulo Freire respecto al \u201cgesto confiado del educador\u201d, tan importante para vivir apasionadamente...\",\"breadcrumb\":{\"@id\":\"https:\\\/\\\/webdelmaestrocmf.com\\\/portal\\\/maestros-memoria-agradecida-deseos-seguir-aprendiendo-sembradores-suenos\\\/#breadcrumb\"},\"inLanguage\":\"es\",\"potentialAction\":[{\"@type\":\"ReadAction\",\"target\":[\"https:\\\/\\\/webdelmaestrocmf.com\\\/portal\\\/maestros-memoria-agradecida-deseos-seguir-aprendiendo-sembradores-suenos\\\/\"]}]},{\"@type\":\"ImageObject\",\"inLanguage\":\"es\",\"@id\":\"https:\\\/\\\/webdelmaestrocmf.com\\\/portal\\\/maestros-memoria-agradecida-deseos-seguir-aprendiendo-sembradores-suenos\\\/#primaryimage\",\"url\":\"https:\\\/\\\/webdelmaestrocmf.com\\\/portal\\\/wp-content\\\/uploads\\\/2022\\\/06\\\/1a.jpeg\",\"contentUrl\":\"https:\\\/\\\/webdelmaestrocmf.com\\\/portal\\\/wp-content\\\/uploads\\\/2022\\\/06\\\/1a.jpeg\",\"width\":900,\"height\":556},{\"@type\":\"BreadcrumbList\",\"@id\":\"https:\\\/\\\/webdelmaestrocmf.com\\\/portal\\\/maestros-memoria-agradecida-deseos-seguir-aprendiendo-sembradores-suenos\\\/#breadcrumb\",\"itemListElement\":[{\"@type\":\"ListItem\",\"position\":1,\"name\":\"Portada\",\"item\":\"https:\\\/\\\/webdelmaestrocmf.com\\\/portal\\\/\"},{\"@type\":\"ListItem\",\"position\":2,\"name\":\"Yo opino - WMCMF\",\"item\":\"https:\\\/\\\/webdelmaestrocmf.com\\\/portal\\\/category\\\/jamb\\\/\"},{\"@type\":\"ListItem\",\"position\":3,\"name\":\"Ser maestros con memoria agradecida, con deseos de seguir aprendiendo y sembradores de sue\u00f1os\"}]},{\"@type\":\"WebSite\",\"@id\":\"https:\\\/\\\/webdelmaestrocmf.com\\\/portal\\\/#website\",\"url\":\"https:\\\/\\\/webdelmaestrocmf.com\\\/portal\\\/\",\"name\":\"Web del Maestro CMF\",\"description\":\"Maestros al servicio de la educaci\u00f3n\",\"publisher\":{\"@id\":\"https:\\\/\\\/webdelmaestrocmf.com\\\/portal\\\/#organization\"},\"alternateName\":\"WMCMF\",\"potentialAction\":[{\"@type\":\"SearchAction\",\"target\":{\"@type\":\"EntryPoint\",\"urlTemplate\":\"https:\\\/\\\/webdelmaestrocmf.com\\\/portal\\\/?s={search_term_string}\"},\"query-input\":{\"@type\":\"PropertyValueSpecification\",\"valueRequired\":true,\"valueName\":\"search_term_string\"}}],\"inLanguage\":\"es\"},{\"@type\":\"Organization\",\"@id\":\"https:\\\/\\\/webdelmaestrocmf.com\\\/portal\\\/#organization\",\"name\":\"Web del Maestro CMF\",\"alternateName\":\"WMCMF\",\"url\":\"https:\\\/\\\/webdelmaestrocmf.com\\\/portal\\\/\",\"logo\":{\"@type\":\"ImageObject\",\"inLanguage\":\"es\",\"@id\":\"https:\\\/\\\/webdelmaestrocmf.com\\\/portal\\\/#\\\/schema\\\/logo\\\/image\\\/\",\"url\":\"https:\\\/\\\/webdelmaestrocmf.com\\\/portal\\\/wp-content\\\/uploads\\\/2023\\\/01\\\/logo-wmcmf-2.png\",\"contentUrl\":\"https:\\\/\\\/webdelmaestrocmf.com\\\/portal\\\/wp-content\\\/uploads\\\/2023\\\/01\\\/logo-wmcmf-2.png\",\"width\":200,\"height\":60,\"caption\":\"Web del Maestro CMF\"},\"image\":{\"@id\":\"https:\\\/\\\/webdelmaestrocmf.com\\\/portal\\\/#\\\/schema\\\/logo\\\/image\\\/\"},\"sameAs\":[\"https:\\\/\\\/www.facebook.com\\\/WebdelMaestroCMF\\\/\",\"https:\\\/\\\/x.com\\\/cmf_w\",\"https:\\\/\\\/www.pinterest.com\\\/WMCMF\\\/\",\"https:\\\/\\\/www.linkedin.com\\\/company\\\/web-del-maestro-cmf\\\/\",\"https:\\\/\\\/www.instagram.com\\\/wmcmf\\\/\",\"https:\\\/\\\/www.youtube.com\\\/channel\\\/UCDPSvjbdodE5sHnC3OxutHw\",\"https:\\\/\\\/mastodon.social\\\/@wmcmf\",\"https:\\\/\\\/www.tiktok.com\\\/@webdelmaestrocmf\"]},{\"@type\":\"Person\",\"@id\":\"https:\\\/\\\/webdelmaestrocmf.com\\\/portal\\\/#\\\/schema\\\/person\\\/ebc57e23d318c9c4270c6f41367015b5\",\"name\":\"Web del Maestro CMF\",\"image\":{\"@type\":\"ImageObject\",\"inLanguage\":\"es\",\"@id\":\"https:\\\/\\\/secure.gravatar.com\\\/avatar\\\/718b2df46e711f63dc8c16a160d16cc0104e961fe3c231eaaed2426975fc5e2d?s=96&d=mm&r=g\",\"url\":\"https:\\\/\\\/secure.gravatar.com\\\/avatar\\\/718b2df46e711f63dc8c16a160d16cc0104e961fe3c231eaaed2426975fc5e2d?s=96&d=mm&r=g\",\"contentUrl\":\"https:\\\/\\\/secure.gravatar.com\\\/avatar\\\/718b2df46e711f63dc8c16a160d16cc0104e961fe3c231eaaed2426975fc5e2d?s=96&d=mm&r=g\",\"caption\":\"Web del Maestro CMF\"},\"description\":\"Esta Web se cre\u00f3 sin fines de lucro, con fines educativos, cient\u00edficos y acad\u00e9micos, para personas que tengan dificultades y\\\/o inconvenientes en visualizar el material original. El objetivo es entregar recursos, compartir experiencias y materiales que ayuden a los padres de familia, maestros y estudiantes en su actualizaci\u00f3n y formaci\u00f3n permanente, en bien de la Educaci\u00f3n.\",\"sameAs\":[\"http:\\\/\\\/webdelmaestrocmf.com\\\/portal\",\"https:\\\/\\\/www.facebook.com\\\/WebdelMaestroCMF\\\/\",\"https:\\\/\\\/www.instagram.com\\\/wmcmf\\\/\",\"https:\\\/\\\/cl.linkedin.com\\\/company\\\/web-del-maestro-cmf\",\"https:\\\/\\\/www.pinterest.com\\\/WMCMF\\\/publicaciones\\\/\",\"https:\\\/\\\/x.com\\\/cmf_w\",\"https:\\\/\\\/www.youtube.com\\\/@WMCMF\"]}]}<\/script>\n<!-- \/ Yoast SEO plugin. -->","yoast_head_json":{"title":"Ser maestros con memoria agradecida","description":"Es un d\u00eda para recordar las palabras de Paulo Freire respecto al \u201cgesto confiado del educador\u201d, tan importante para vivir apasionadamente...","robots":{"index":"index","follow":"follow","max-snippet":"max-snippet:-1","max-image-preview":"max-image-preview:large","max-video-preview":"max-video-preview:-1"},"canonical":"https:\/\/webdelmaestrocmf.com\/portal\/maestros-memoria-agradecida-deseos-seguir-aprendiendo-sembradores-suenos\/","og_locale":"es_ES","og_type":"article","og_title":"Ser maestros con memoria agradecida","og_description":"Es un d\u00eda para recordar las palabras de Paulo Freire respecto al \u201cgesto confiado del educador\u201d, tan importante para vivir apasionadamente...","og_url":"https:\/\/webdelmaestrocmf.com\/portal\/maestros-memoria-agradecida-deseos-seguir-aprendiendo-sembradores-suenos\/","og_site_name":"Web del Maestro CMF","article_publisher":"https:\/\/www.facebook.com\/WebdelMaestroCMF\/","article_author":"https:\/\/www.facebook.com\/WebdelMaestroCMF\/","article_published_time":"2022-06-20T00:48:30+00:00","article_modified_time":"2023-04-01T16:42:14+00:00","og_image":[{"width":900,"height":556,"url":"https:\/\/i0.wp.com\/webdelmaestrocmf.com\/portal\/wp-content\/uploads\/2022\/06\/1a.jpeg?fit=900%2C556&ssl=1","type":"image\/jpeg"}],"author":"Web del Maestro CMF","twitter_card":"summary_large_image","twitter_creator":"@cmf_w","twitter_site":"@cmf_w","schema":{"@context":"https:\/\/schema.org","@graph":[{"@type":"ScholarlyArticle","@id":"https:\/\/webdelmaestrocmf.com\/portal\/maestros-memoria-agradecida-deseos-seguir-aprendiendo-sembradores-suenos\/#article","isPartOf":{"@id":"https:\/\/webdelmaestrocmf.com\/portal\/maestros-memoria-agradecida-deseos-seguir-aprendiendo-sembradores-suenos\/"},"author":{"name":"Web del Maestro CMF","@id":"https:\/\/webdelmaestrocmf.com\/portal\/#\/schema\/person\/ebc57e23d318c9c4270c6f41367015b5"},"headline":"Ser maestros con memoria agradecida, con deseos de seguir aprendiendo y sembradores de sue\u00f1os","datePublished":"2022-06-20T00:48:30+00:00","dateModified":"2023-04-01T16:42:14+00:00","mainEntityOfPage":{"@id":"https:\/\/webdelmaestrocmf.com\/portal\/maestros-memoria-agradecida-deseos-seguir-aprendiendo-sembradores-suenos\/"},"wordCount":953,"commentCount":1,"publisher":{"@id":"https:\/\/webdelmaestrocmf.com\/portal\/#organization"},"image":{"@id":"https:\/\/webdelmaestrocmf.com\/portal\/maestros-memoria-agradecida-deseos-seguir-aprendiendo-sembradores-suenos\/#primaryimage"},"thumbnailUrl":"https:\/\/webdelmaestrocmf.com\/portal\/wp-content\/uploads\/2022\/06\/1a.jpeg","keywords":["AGRADECIDA","APRENDIENDO","DESEOS","FELIZ D\u00cdA","Maestro","Maestros","MEMORIA"],"articleSection":["Yo opino - WMCMF"],"inLanguage":"es","potentialAction":[{"@type":"CommentAction","name":"Comment","target":["https:\/\/webdelmaestrocmf.com\/portal\/maestros-memoria-agradecida-deseos-seguir-aprendiendo-sembradores-suenos\/#respond"]}]},{"@type":"WebPage","@id":"https:\/\/webdelmaestrocmf.com\/portal\/maestros-memoria-agradecida-deseos-seguir-aprendiendo-sembradores-suenos\/","url":"https:\/\/webdelmaestrocmf.com\/portal\/maestros-memoria-agradecida-deseos-seguir-aprendiendo-sembradores-suenos\/","name":"Ser maestros con memoria agradecida","isPartOf":{"@id":"https:\/\/webdelmaestrocmf.com\/portal\/#website"},"primaryImageOfPage":{"@id":"https:\/\/webdelmaestrocmf.com\/portal\/maestros-memoria-agradecida-deseos-seguir-aprendiendo-sembradores-suenos\/#primaryimage"},"image":{"@id":"https:\/\/webdelmaestrocmf.com\/portal\/maestros-memoria-agradecida-deseos-seguir-aprendiendo-sembradores-suenos\/#primaryimage"},"thumbnailUrl":"https:\/\/webdelmaestrocmf.com\/portal\/wp-content\/uploads\/2022\/06\/1a.jpeg","datePublished":"2022-06-20T00:48:30+00:00","dateModified":"2023-04-01T16:42:14+00:00","description":"Es un d\u00eda para recordar las palabras de Paulo Freire respecto al \u201cgesto confiado del educador\u201d, tan importante para vivir apasionadamente...","breadcrumb":{"@id":"https:\/\/webdelmaestrocmf.com\/portal\/maestros-memoria-agradecida-deseos-seguir-aprendiendo-sembradores-suenos\/#breadcrumb"},"inLanguage":"es","potentialAction":[{"@type":"ReadAction","target":["https:\/\/webdelmaestrocmf.com\/portal\/maestros-memoria-agradecida-deseos-seguir-aprendiendo-sembradores-suenos\/"]}]},{"@type":"ImageObject","inLanguage":"es","@id":"https:\/\/webdelmaestrocmf.com\/portal\/maestros-memoria-agradecida-deseos-seguir-aprendiendo-sembradores-suenos\/#primaryimage","url":"https:\/\/webdelmaestrocmf.com\/portal\/wp-content\/uploads\/2022\/06\/1a.jpeg","contentUrl":"https:\/\/webdelmaestrocmf.com\/portal\/wp-content\/uploads\/2022\/06\/1a.jpeg","width":900,"height":556},{"@type":"BreadcrumbList","@id":"https:\/\/webdelmaestrocmf.com\/portal\/maestros-memoria-agradecida-deseos-seguir-aprendiendo-sembradores-suenos\/#breadcrumb","itemListElement":[{"@type":"ListItem","position":1,"name":"Portada","item":"https:\/\/webdelmaestrocmf.com\/portal\/"},{"@type":"ListItem","position":2,"name":"Yo opino - WMCMF","item":"https:\/\/webdelmaestrocmf.com\/portal\/category\/jamb\/"},{"@type":"ListItem","position":3,"name":"Ser maestros con memoria agradecida, con deseos de seguir aprendiendo y sembradores de sue\u00f1os"}]},{"@type":"WebSite","@id":"https:\/\/webdelmaestrocmf.com\/portal\/#website","url":"https:\/\/webdelmaestrocmf.com\/portal\/","name":"Web del Maestro CMF","description":"Maestros al servicio de la educaci\u00f3n","publisher":{"@id":"https:\/\/webdelmaestrocmf.com\/portal\/#organization"},"alternateName":"WMCMF","potentialAction":[{"@type":"SearchAction","target":{"@type":"EntryPoint","urlTemplate":"https:\/\/webdelmaestrocmf.com\/portal\/?s={search_term_string}"},"query-input":{"@type":"PropertyValueSpecification","valueRequired":true,"valueName":"search_term_string"}}],"inLanguage":"es"},{"@type":"Organization","@id":"https:\/\/webdelmaestrocmf.com\/portal\/#organization","name":"Web del Maestro CMF","alternateName":"WMCMF","url":"https:\/\/webdelmaestrocmf.com\/portal\/","logo":{"@type":"ImageObject","inLanguage":"es","@id":"https:\/\/webdelmaestrocmf.com\/portal\/#\/schema\/logo\/image\/","url":"https:\/\/webdelmaestrocmf.com\/portal\/wp-content\/uploads\/2023\/01\/logo-wmcmf-2.png","contentUrl":"https:\/\/webdelmaestrocmf.com\/portal\/wp-content\/uploads\/2023\/01\/logo-wmcmf-2.png","width":200,"height":60,"caption":"Web del Maestro CMF"},"image":{"@id":"https:\/\/webdelmaestrocmf.com\/portal\/#\/schema\/logo\/image\/"},"sameAs":["https:\/\/www.facebook.com\/WebdelMaestroCMF\/","https:\/\/x.com\/cmf_w","https:\/\/www.pinterest.com\/WMCMF\/","https:\/\/www.linkedin.com\/company\/web-del-maestro-cmf\/","https:\/\/www.instagram.com\/wmcmf\/","https:\/\/www.youtube.com\/channel\/UCDPSvjbdodE5sHnC3OxutHw","https:\/\/mastodon.social\/@wmcmf","https:\/\/www.tiktok.com\/@webdelmaestrocmf"]},{"@type":"Person","@id":"https:\/\/webdelmaestrocmf.com\/portal\/#\/schema\/person\/ebc57e23d318c9c4270c6f41367015b5","name":"Web del Maestro CMF","image":{"@type":"ImageObject","inLanguage":"es","@id":"https:\/\/secure.gravatar.com\/avatar\/718b2df46e711f63dc8c16a160d16cc0104e961fe3c231eaaed2426975fc5e2d?s=96&d=mm&r=g","url":"https:\/\/secure.gravatar.com\/avatar\/718b2df46e711f63dc8c16a160d16cc0104e961fe3c231eaaed2426975fc5e2d?s=96&d=mm&r=g","contentUrl":"https:\/\/secure.gravatar.com\/avatar\/718b2df46e711f63dc8c16a160d16cc0104e961fe3c231eaaed2426975fc5e2d?s=96&d=mm&r=g","caption":"Web del Maestro CMF"},"description":"Esta Web se cre\u00f3 sin fines de lucro, con fines educativos, cient\u00edficos y acad\u00e9micos, para personas que tengan dificultades y\/o inconvenientes en visualizar el material original. El objetivo es entregar recursos, compartir experiencias y materiales que ayuden a los padres de familia, maestros y estudiantes en su actualizaci\u00f3n y formaci\u00f3n permanente, en bien de la Educaci\u00f3n.","sameAs":["http:\/\/webdelmaestrocmf.com\/portal","https:\/\/www.facebook.com\/WebdelMaestroCMF\/","https:\/\/www.instagram.com\/wmcmf\/","https:\/\/cl.linkedin.com\/company\/web-del-maestro-cmf","https:\/\/www.pinterest.com\/WMCMF\/publicaciones\/","https:\/\/x.com\/cmf_w","https:\/\/www.youtube.com\/@WMCMF"]}]}},"jetpack_featured_media_url":"https:\/\/webdelmaestrocmf.com\/portal\/wp-content\/uploads\/2022\/06\/1a.jpeg","jetpack_sharing_enabled":true,"jetpack-related-posts":[{"id":114566,"url":"https:\/\/webdelmaestrocmf.com\/portal\/un-alumno-le-escribe-una-carta-de-agradecimiento-a-su-profesor-yo-valoro-mucho-el-esfuerzo-y-la-paciencia-con-la-cual-me-ha-ensenado\/","url_meta":{"origin":22693,"position":0},"title":"Un alumno le escribe una carta de agradecimiento a su profesor: \u201cYo valoro mucho el esfuerzo y la paciencia con la cual me ha ense\u00f1ado\u201d","author":"Web del Maestro CMF","date":"6 enero, 2026","format":false,"excerpt":"Una carta de agradecimiento revela el impacto profundo de un docente cuando ense\u00f1ar transforma la forma de aprender y de pensar.","rel":"","context":"En \u00abBienestar docente\u00bb","block_context":{"text":"Bienestar docente","link":"https:\/\/webdelmaestrocmf.com\/portal\/category\/pedagogia\/bienestar-docente\/"},"img":{"alt_text":"","src":"https:\/\/i0.wp.com\/webdelmaestrocmf.com\/portal\/wp-content\/uploads\/2026\/01\/1A-Banner-1-portada-imagen-10-1-copia-4-1.webp?resize=350%2C200&ssl=1","width":350,"height":200,"srcset":"https:\/\/i0.wp.com\/webdelmaestrocmf.com\/portal\/wp-content\/uploads\/2026\/01\/1A-Banner-1-portada-imagen-10-1-copia-4-1.webp?resize=350%2C200&ssl=1 1x, https:\/\/i0.wp.com\/webdelmaestrocmf.com\/portal\/wp-content\/uploads\/2026\/01\/1A-Banner-1-portada-imagen-10-1-copia-4-1.webp?resize=525%2C300&ssl=1 1.5x, https:\/\/i0.wp.com\/webdelmaestrocmf.com\/portal\/wp-content\/uploads\/2026\/01\/1A-Banner-1-portada-imagen-10-1-copia-4-1.webp?resize=700%2C400&ssl=1 2x"},"classes":[]},{"id":24392,"url":"https:\/\/webdelmaestrocmf.com\/portal\/feliz-navidad-saludo-agradecido-los-educadores\/","url_meta":{"origin":22693,"position":1},"title":"\u00a1Feliz navidad! Nuestro saludo agradecido a los educadores","author":"Web del Maestro CMF","date":"23 diciembre, 2017","format":false,"excerpt":"Hace m\u00e1s de dos mil a\u00f1os en un pueblo palestino en la regi\u00f3n conocida como Cisjordania, llamada Bel\u00e9n, y enclavada en los montes de Judea, naci\u00f3 el hijo de una pareja de esposos que viv\u00edan en Nazaret, pueblo a 120 Kms al norte de Jerusal\u00e9n.\u00a0 A ese ni\u00f1o, que tuvo\u2026","rel":"","context":"En \u00abYo opino - WMCMF\u00bb","block_context":{"text":"Yo opino - WMCMF","link":"https:\/\/webdelmaestrocmf.com\/portal\/category\/jamb\/"},"img":{"alt_text":"","src":"https:\/\/i0.wp.com\/webdelmaestrocmf.com\/portal\/wp-content\/uploads\/2017\/12\/2-1.jpg?resize=350%2C200&ssl=1","width":350,"height":200,"srcset":"https:\/\/i0.wp.com\/webdelmaestrocmf.com\/portal\/wp-content\/uploads\/2017\/12\/2-1.jpg?resize=350%2C200&ssl=1 1x, https:\/\/i0.wp.com\/webdelmaestrocmf.com\/portal\/wp-content\/uploads\/2017\/12\/2-1.jpg?resize=525%2C300&ssl=1 1.5x, https:\/\/i0.wp.com\/webdelmaestrocmf.com\/portal\/wp-content\/uploads\/2017\/12\/2-1.jpg?resize=700%2C400&ssl=1 2x, https:\/\/i0.wp.com\/webdelmaestrocmf.com\/portal\/wp-content\/uploads\/2017\/12\/2-1.jpg?resize=1050%2C600&ssl=1 3x"},"classes":[]},{"id":107159,"url":"https:\/\/webdelmaestrocmf.com\/portal\/el-regalo-ideal-para-un-maestro-profesor-odcente-o-educador-en-navidades-y-vacaciones\/","url_meta":{"origin":22693,"position":2},"title":"El regalo ideal para un maestro, profesor, docente o educador en navidades y vacaciones","author":"Web del Maestro CMF","date":"14 diciembre, 2024","format":false,"excerpt":"Los profesores dedican su vida a la formaci\u00f3n de otros, dejando huellas imborrables en las personas que pasan por sus aulas. Durante las vacaciones, merecen no solo descanso, sino tambi\u00e9n oportunidades para recargar energ\u00edas y revitalizar su pasi\u00f3n por la educaci\u00f3n. Aqu\u00ed te presentamos ideas de regalos no materiales que\u2026","rel":"","context":"En \u00abDocentes\u00bb","block_context":{"text":"Docentes","link":"https:\/\/webdelmaestrocmf.com\/portal\/category\/pedagogia\/docentes\/"},"img":{"alt_text":"","src":"https:\/\/i0.wp.com\/webdelmaestrocmf.com\/portal\/wp-content\/uploads\/2024\/12\/Banner-1-portada-imagen-10-1-21.jpg?resize=350%2C200&ssl=1","width":350,"height":200,"srcset":"https:\/\/i0.wp.com\/webdelmaestrocmf.com\/portal\/wp-content\/uploads\/2024\/12\/Banner-1-portada-imagen-10-1-21.jpg?resize=350%2C200&ssl=1 1x, https:\/\/i0.wp.com\/webdelmaestrocmf.com\/portal\/wp-content\/uploads\/2024\/12\/Banner-1-portada-imagen-10-1-21.jpg?resize=525%2C300&ssl=1 1.5x, https:\/\/i0.wp.com\/webdelmaestrocmf.com\/portal\/wp-content\/uploads\/2024\/12\/Banner-1-portada-imagen-10-1-21.jpg?resize=700%2C400&ssl=1 2x"},"classes":[]},{"id":34000,"url":"https:\/\/webdelmaestrocmf.com\/portal\/en-esta-navidad-nuestra-gratitud-y-respeto\/","url_meta":{"origin":22693,"position":3},"title":"EN ESTA NAVIDAD, NUESTRA GRATITUD Y RESPETO","author":"Web del Maestro CMF","date":"20 diciembre, 2018","format":false,"excerpt":"Pienso en este a\u00f1o 2018 recorrido juntos. En nuestro encuentro frecuente en el ciberespacio, y en el intercambio de opiniones, experiencias, sue\u00f1os, deseos, propuestas y utop\u00edas desde realidades tan diversas y singulares. \u00a1Qu\u00e9 riqueza educativa! \u00a1Gracias a todos y cada uno de los miembros de la comunidad educativa digital de\u2026","rel":"","context":"En \u00abYo opino - WMCMF\u00bb","block_context":{"text":"Yo opino - WMCMF","link":"https:\/\/webdelmaestrocmf.com\/portal\/category\/jamb\/"},"img":{"alt_text":"","src":"https:\/\/i0.wp.com\/webdelmaestrocmf.com\/portal\/wp-content\/uploads\/2018\/12\/1-42.jpg?resize=350%2C200&ssl=1","width":350,"height":200,"srcset":"https:\/\/i0.wp.com\/webdelmaestrocmf.com\/portal\/wp-content\/uploads\/2018\/12\/1-42.jpg?resize=350%2C200&ssl=1 1x, https:\/\/i0.wp.com\/webdelmaestrocmf.com\/portal\/wp-content\/uploads\/2018\/12\/1-42.jpg?resize=525%2C300&ssl=1 1.5x, https:\/\/i0.wp.com\/webdelmaestrocmf.com\/portal\/wp-content\/uploads\/2018\/12\/1-42.jpg?resize=700%2C400&ssl=1 2x, https:\/\/i0.wp.com\/webdelmaestrocmf.com\/portal\/wp-content\/uploads\/2018\/12\/1-42.jpg?resize=1050%2C600&ssl=1 3x"},"classes":[]},{"id":42155,"url":"https:\/\/webdelmaestrocmf.com\/portal\/alex-beard-la-memoria-del-cerebro-es-muy-importante-para-la-creatividad-el-pensamiento-critico-y-trabajar-con-las-nuevas-tecnologias\/","url_meta":{"origin":22693,"position":4},"title":"Alex Beard: La memoria del cerebro es muy importante para la creatividad, el pensamiento cr\u00edtico y trabajar con las nuevas tecnolog\u00edas","author":"Web del Maestro CMF","date":"25 noviembre, 2019","format":false,"excerpt":"\u201cLas revoluciones industriales son grandes transformaciones tecnol\u00f3gicas, sociales, pol\u00edticas y econ\u00f3micas que implican un importante salto en la producci\u00f3n industrial y en la integraci\u00f3n de la humanidad. Actualmente estamos presenciando el cuarto de estos cambios: el de la inteligencia artificial y la rob\u00f3tica\u201d. Y es tal su importancia que el\u2026","rel":"","context":"En \u00abEntrevistas\u00bb","block_context":{"text":"Entrevistas","link":"https:\/\/webdelmaestrocmf.com\/portal\/category\/noticias\/entrevistas\/"},"img":{"alt_text":"","src":"https:\/\/i0.wp.com\/webdelmaestrocmf.com\/portal\/wp-content\/uploads\/2019\/11\/1-89.jpg?resize=350%2C200&ssl=1","width":350,"height":200,"srcset":"https:\/\/i0.wp.com\/webdelmaestrocmf.com\/portal\/wp-content\/uploads\/2019\/11\/1-89.jpg?resize=350%2C200&ssl=1 1x, https:\/\/i0.wp.com\/webdelmaestrocmf.com\/portal\/wp-content\/uploads\/2019\/11\/1-89.jpg?resize=525%2C300&ssl=1 1.5x, https:\/\/i0.wp.com\/webdelmaestrocmf.com\/portal\/wp-content\/uploads\/2019\/11\/1-89.jpg?resize=700%2C400&ssl=1 2x, https:\/\/i0.wp.com\/webdelmaestrocmf.com\/portal\/wp-content\/uploads\/2019\/11\/1-89.jpg?resize=1050%2C600&ssl=1 3x"},"classes":[]},{"id":106866,"url":"https:\/\/webdelmaestrocmf.com\/portal\/david-auris-que-es-ser-maestro\/","url_meta":{"origin":22693,"position":5},"title":"[David Auris] \u00bfQu\u00e9 es ser Maestro?","author":"Web del Maestro CMF","date":"9 noviembre, 2024","format":false,"excerpt":"Ser maestro es alguien quien cada d\u00eda al intercambiar sus experiencias con los estudiantes aprende conscientemente hasta convertirse en una persona excepcional y esa forma de vivir irradia el destino de sus pupilos. Aunque, reconozcamos que no todos los docentes logran convertirse en maestros de la vida, es pertinente revalorarlos\u2026","rel":"","context":"En \u00abZ-Colaborador-David-Auris\u00bb","block_context":{"text":"Z-Colaborador-David-Auris","link":"https:\/\/webdelmaestrocmf.com\/portal\/category\/colaborador\/z-colaborador-david-auris\/"},"img":{"alt_text":"","src":"https:\/\/i0.wp.com\/webdelmaestrocmf.com\/portal\/wp-content\/uploads\/2024\/11\/Banner-1-portada-imagen-10-1-3.png?resize=350%2C200&ssl=1","width":350,"height":200,"srcset":"https:\/\/i0.wp.com\/webdelmaestrocmf.com\/portal\/wp-content\/uploads\/2024\/11\/Banner-1-portada-imagen-10-1-3.png?resize=350%2C200&ssl=1 1x, https:\/\/i0.wp.com\/webdelmaestrocmf.com\/portal\/wp-content\/uploads\/2024\/11\/Banner-1-portada-imagen-10-1-3.png?resize=525%2C300&ssl=1 1.5x, https:\/\/i0.wp.com\/webdelmaestrocmf.com\/portal\/wp-content\/uploads\/2024\/11\/Banner-1-portada-imagen-10-1-3.png?resize=700%2C400&ssl=1 2x"},"classes":[]}],"_links":{"self":[{"href":"https:\/\/webdelmaestrocmf.com\/portal\/wp-json\/wp\/v2\/posts\/22693","targetHints":{"allow":["GET"]}}],"collection":[{"href":"https:\/\/webdelmaestrocmf.com\/portal\/wp-json\/wp\/v2\/posts"}],"about":[{"href":"https:\/\/webdelmaestrocmf.com\/portal\/wp-json\/wp\/v2\/types\/post"}],"author":[{"embeddable":true,"href":"https:\/\/webdelmaestrocmf.com\/portal\/wp-json\/wp\/v2\/users\/2"}],"replies":[{"embeddable":true,"href":"https:\/\/webdelmaestrocmf.com\/portal\/wp-json\/wp\/v2\/comments?post=22693"}],"version-history":[{"count":0,"href":"https:\/\/webdelmaestrocmf.com\/portal\/wp-json\/wp\/v2\/posts\/22693\/revisions"}],"wp:featuredmedia":[{"embeddable":true,"href":"https:\/\/webdelmaestrocmf.com\/portal\/wp-json\/wp\/v2\/media\/83470"}],"wp:attachment":[{"href":"https:\/\/webdelmaestrocmf.com\/portal\/wp-json\/wp\/v2\/media?parent=22693"}],"wp:term":[{"taxonomy":"category","embeddable":true,"href":"https:\/\/webdelmaestrocmf.com\/portal\/wp-json\/wp\/v2\/categories?post=22693"},{"taxonomy":"post_tag","embeddable":true,"href":"https:\/\/webdelmaestrocmf.com\/portal\/wp-json\/wp\/v2\/tags?post=22693"}],"curies":[{"name":"wp","href":"https:\/\/api.w.org\/{rel}","templated":true}]}}