{"id":22517,"date":"2017-09-27T22:36:46","date_gmt":"2017-09-28T01:36:46","guid":{"rendered":"http:\/\/webdelmaestrocmf.com\/portal\/?p=22517"},"modified":"2021-10-23T17:04:44","modified_gmt":"2021-10-23T20:04:44","slug":"valoremos-publicamente-trabajo-docente","status":"publish","type":"post","link":"https:\/\/webdelmaestrocmf.com\/portal\/valoremos-publicamente-trabajo-docente\/","title":{"rendered":"VALOREMOS P\u00daBLICAMENTE EL TRABAJO DOCENTE"},"content":{"rendered":"<h3 style=\"text-align: justify;\">Antoine De Saint-Exup\u00e9ry afirma que <strong>la vocaci\u00f3n<\/strong> es el nacimiento de un \u00e1rbol y <strong>no hallazgo de una f\u00f3rmula<\/strong>, po\u00e9ticamente nos dice que no es f\u00e1cil tener clara la vocaci\u00f3n, como ese llamado interior, esa Inclinaci\u00f3n o inter\u00e9s que se siente en el interior para dedicarse a una determinada forma de vida o un determinado trabajo.<\/h3>\n<p style=\"text-align: justify;\">El profesor Paulo Freire afirm\u00f3, respecto a la vocaci\u00f3n docente, que <strong>la experiencia pedag\u00f3gica<\/strong> <strong>despierta, estimula y desarrolla<\/strong> \u201cel gusto de querer bien y el gusto de la alegr\u00eda sin la cual la pr\u00e1ctica educativa pierde el sentido. Es esta <strong>fuerza misteriosa, a veces llamada vocaci\u00f3n<\/strong>, la que explica la casi <strong>devoci\u00f3n<\/strong> con que la gran mayor\u00eda del magisterio sigue en \u00e9l, a pesar de la inmoralidad de los salarios. Y no s\u00f3lo sigue, sino <strong>cumple<\/strong>, como puede, su deber. <strong>Amorosamente<\/strong>, agrego\u201d.<\/p>\n<p><!--more--><\/p>\n<p style=\"text-align: justify;\">La profesora argentina Florencia Cabana, con otras palabras, afirma que \u201csi hay algo que todos los que conocen docentes pueden asegurar es que <strong>la docencia despierta pasiones<\/strong>: un d\u00eda amor y, al siguiente, odio. Un d\u00eda es la tarea <strong>m\u00e1s gratificante<\/strong> del ser humano y al d\u00eda siguiente es la <strong>m\u00e1s decepcionante<\/strong>. Sin duda esto se debe a que <strong>la docencia se vive<\/strong> y no se ejerce. \u00bfEs un trabajo? S\u00ed. \u00bfEs una vocaci\u00f3n? S\u00ed, si la entendemos como pasi\u00f3n por lo que hacemos, por saber qu\u00e9 es lo mejor que podemos hacer y qu\u00e9 es lo que me dignifica y plenifica como persona\u201d. El soci\u00f3logo Emilio Tenti Fanfani sostiene que \u00abla docencia <strong>deber\u00eda convertirse hacia una actividad profesional<\/strong> altamente calificada y <strong>al mismo tiempo vocacional<\/strong>. Pero con la <strong>vocaci\u00f3n<\/strong> entendida b\u00e1sicamente como <strong>compromiso moral<\/strong> con el bienestar y la <strong>felicidad<\/strong> de las nuevas generaciones\u00bb.<\/p>\n<p style=\"text-align: justify;\">La tarea del docente fue entendida como un <strong>\u00abapostolado\u00bb<\/strong> que requer\u00eda una entrega altruista y desinteresada, pero hoy este concepto parece que cambi\u00f3, y se habla con mayor insistencia que <strong>para ser profesor es necesario tener vocaci\u00f3n<\/strong>, y que la vocaci\u00f3n docente (<strong>entusiasmo, confianza y servicio<\/strong>) debe estar <strong>desde el inicio <\/strong>la formaci\u00f3n de los futuros maestros de un pa\u00eds. Pero, \u00bfSe realiza un <strong>sondeo previo<\/strong> para ingresar a la formaci\u00f3n inicial docente? \u00bfSon suficientes las evaluaciones de <strong>conocimientos, especialidad y entrevista<\/strong>? \u00bfSe tiene en cuenta la convicci\u00f3n y <strong>predisposici\u00f3n interior<\/strong> a realizar misi\u00f3n de maestro? \u00bfSe prioriza la formaci\u00f3n <strong>vocacional<\/strong> igual que la <strong>acad\u00e9mica<\/strong>? \u00bfEl perfil del nuevo docente, que egresa hoy, responder\u00e1 al fortalecimiento y expansi\u00f3n del sistema educativo?<\/p>\n<p style=\"text-align: justify;\">La doctora en Educaci\u00f3n (U. Saint Louis, USA), Beatrice \u00c1valos Davidson, de nacionalidad chilena, en una entrevista que le hizo la UNESCO de Santiago de Chile, responde a algunos de los interrogantes que nos hemos planteado. Compartimos (tres de las cuatro preguntas y respuestas) con fines \u00fanicamente educativos \u2013 pastorales, esperando que sea un buen camino de reflexi\u00f3n sobre los <strong>buenos profesores<\/strong>, el <strong>diagn\u00f3stico <\/strong>de la <strong>calidad educativa<\/strong>, <strong>desarrollo profesional<\/strong> docente, la necesidad de educadores o <strong>formadores de profesores<\/strong> competentes, la <strong>revalorizaci\u00f3n<\/strong> de la tarea docente y la <strong>motivaci\u00f3n<\/strong>, para servir como maestros.<\/p>\n<h3>\u201c<strong>MUCHOS ESTUDIOS CONCLUYEN QUE LOS BUENOS DOCENTES SON LA CLAVE PARA UNA EDUCACI\u00d3N DE CALIDAD \u00bfQU\u00c9 ESFUERZOS CONCRETOS DEBE REALIZAR UN PA\u00cdS PARA AVANZAR EN ESTE TEMA TAN IMPORTANTE?<\/strong><\/h3>\n<p><strong>BEATRICE \u00c1VALOS<\/strong><\/p>\n<p style=\"text-align: justify;\">Lo primero que debe hacer un pa\u00eds es contar con alg\u00fan <strong>diagn\u00f3stico sobre la calidad de sus profesores<\/strong>, utilizando indicadores b\u00e1sicos como los niveles de titulaci\u00f3n de los profesores en ejercicio y las \u00e1reas en que se carece de suficientes profesores preparados. Tambi\u00e9n contribuye a este diagn\u00f3stico los datos que entregan los estudios (por ejemplo, los que acompa\u00f1an la aplicaci\u00f3n de pruebas nacionales e internacionales) e investigaciones que muestren la relaci\u00f3n entre profesores, el aprendizaje de sus alumnos y otros <strong>logros<\/strong> de nivel educativo. Este diagn\u00f3stico servir\u00e1 para calibrar el tipo de actividades de desarrollo profesional que se debiera ofrecer a los profesores en ejercicio. Tambi\u00e9n servir\u00e1 de indicaci\u00f3n sobre la <strong>calidad de la formaci\u00f3n inicial docente <\/strong>ofrecida.<\/p>\n<p style=\"text-align: justify;\"><strong>Disponer de buenos profesores <\/strong>supone ofrecerles condiciones de trabajo adecuadas. Los pa\u00edses deben avanzar en establecer estas condiciones expresadas en: (a) salarios adecuados en l\u00ednea con lo ganan profesionales de similar nivel de formaci\u00f3n; (b) n\u00famero apropiado de alumnos por curso y de cursos atendidos por semana, preferentemente en l\u00ednea con lo que son los promedios internacionales (por ejemplo, de la OCDE), y (c) oportunidades de ascenso en una carrera docente bien articulada basada en evaluaci\u00f3n del desempe\u00f1o validada por los propios docentes.<\/p>\n<p style=\"text-align: justify;\">Los buenos docentes ampl\u00edan sus conocimientos y mejoran sus pr\u00e1cticas cuando los <strong>ambientes escolares <\/strong>en que trabajan son desafiantes para ellos y les ofrecen oportunidades de colaborar y aprender unos de otros. Por tanto, las pol\u00edticas deben estar dirigidas a <strong>mejorar la calidad<\/strong> de las escuelas, contar con <strong>buenos directores<\/strong> que sean l\u00edderes pedag\u00f3gicos y no s\u00f3lo buenos administradores, y a favorecer la institucionalizaci\u00f3n del <strong>desarrollo profesional docente<\/strong> en los contextos escolares o en centros cercanos a ellos. Todos estos constituyen aspectos claves para mejorar el desempe\u00f1o de los docentes y su satisfacci\u00f3n con el ejercicio profesional.<\/p>\n<p><a href=\"http:\/\/webdelmaestrocmf.com\/portal\/wp-content\/uploads\/2017\/09\/1-17.jpg\"><img loading=\"lazy\" decoding=\"async\" class=\"aligncenter size-full wp-image-22520\" src=\"http:\/\/webdelmaestrocmf.com\/portal\/wp-content\/uploads\/2017\/09\/1-17.jpg\" alt=\"\" width=\"800\" height=\"532\" srcset=\"https:\/\/webdelmaestrocmf.com\/portal\/wp-content\/uploads\/2017\/09\/1-17.jpg 800w, https:\/\/webdelmaestrocmf.com\/portal\/wp-content\/uploads\/2017\/09\/1-17-300x200.jpg 300w, https:\/\/webdelmaestrocmf.com\/portal\/wp-content\/uploads\/2017\/09\/1-17-768x511.jpg 768w, https:\/\/webdelmaestrocmf.com\/portal\/wp-content\/uploads\/2017\/09\/1-17-280x187.jpg 280w\" sizes=\"auto, (max-width: 800px) 100vw, 800px\" \/><\/a><\/p>\n<h3><strong>\u00bfQU\u00c9 ASPECTOS EN LA FORMACI\u00d3N INICIAL DOCENTE SON CLAVE PARA QUE LOS ESTUDIANTES DE PEDAGOG\u00cdA SE TRANSFORMEN EN MAESTROS QUE HAGAN LA DIFERENCIA?<\/strong><\/h3>\n<p><strong>BEATRICE \u00c1VALOS<\/strong><\/p>\n<p style=\"text-align: justify;\">El conjunto bien organizado de los principales componentes de la formaci\u00f3n inicial docente es el que produce buenos profesores y profesoras. Se necesita contar con buenos candidatos para las instituciones formadoras de docentes <strong>que demuestren inter\u00e9s por la docencia <\/strong>y que cuenten con las habilidades b\u00e1sicas necesarias para seguir estudios superiores. Si no es posible lograrlo, la formaci\u00f3n docente debe compensar las falencias iniciales mediante <strong>actividades de nivelaci\u00f3n<\/strong>.<\/p>\n<p style=\"text-align: justify;\">Dependiendo del nivel para el que se prepara y las exigencias del sistema educativo, la formaci\u00f3n docente debe proporcionar una <strong>buena formaci\u00f3n en los contenidos<\/strong> disciplinares correspondientes. Esto no necesariamente se expresa en programas de estudio recargados de informaci\u00f3n, sino en la <strong>atenci\u00f3n a los conceptos claves<\/strong> de cada \u00e1rea curricular que debe comprender el o la futura profesora y tambi\u00e9n en los instrumentos necesarios para encontrar informaci\u00f3n cuando ello sea necesario.<\/p>\n<p style=\"text-align: justify;\">La formaci\u00f3n docente debe articular adecuadamente el estudio de contenidos con los modos relevantes de su ense\u00f1anza <strong>(did\u00e1ctica o pedagog\u00eda del contenido<\/strong>) y esto en conjunci\u00f3n cercana con oportunidades de pr\u00e1ctica en contextos de aula reales o simulados. Finalmente, las experiencias concretas de <strong>pr\u00e1ctica docente<\/strong> deben ir siempre acompa\u00f1adas de adecuada y frecuente <strong>retroalimentaci\u00f3n<\/strong> y ser expresadas en forma reflexiva por los futuros profesores mediante el uso de documentaci\u00f3n de experiencias (portafolios, por ejemplo). Una buena formaci\u00f3n docente requiere a su vez de <strong>educadores o formadores de profesores competentes<\/strong> tanto en el \u00e1rea de su especializaci\u00f3n como en el conocimiento y experiencia pr\u00e1ctica en centros educacionales o escuelas.<\/p>\n<h3><strong>PARA CERRAR LA BRECHA EDUCATIVA AM\u00c9RICA LATINA Y EL CARIBE NECESITA URGENTEMENTE DE BUENOS MAESTROS QUE EST\u00c9N MOTIVADOS \u00bfCU\u00c1N LEJOS ESTAMOS DE TENER DOCENTES CON UNA FORMACI\u00d3N ACORDE A QUIENES OFRECERLES UNA CARRERA ATRACTIVA?<\/strong><\/h3>\n<p><strong>BEATRICE \u00c1VALOS<\/strong><\/p>\n<p style=\"text-align: justify;\">[\u2026] El tema no es tener primero docentes motivados y luego ofrecerles una carrera atractiva, sino que al contrario <strong>comenzar por campa\u00f1as de valorizaci\u00f3n del trabajo docente<\/strong> acompa\u00f1ado de mejoras en las condiciones de trabajo y una carrera docente atractiva, para atraer buenos candidatos.<\/p>\n<p style=\"text-align: justify;\">En todos los pa\u00edses hay j\u00f3venes que desear\u00edan asumir la profesi\u00f3n docente, pero no lo hacen por las condiciones de trabajo. <strong>Los que terminan eligi\u00e9ndola<\/strong>, tengan o no vocaci\u00f3n pedag\u00f3gica, tienden a hacerlo porque les ofrece una oportunidad de estudios superiores y constituirse en los primeros de su familia en acceder a ellos. Desde esta perspectiva aceptan en principio que el trabajo ser\u00e1 en <strong>condiciones dif\u00edciles<\/strong>. Sin embargo, si queremos <strong>profesores motivados<\/strong>, no les exijamos ser h\u00e9roes o m\u00e1rtires. Valoremos p\u00fablicamente el trabajo docente, mejoremos con la gradualidad que sea necesaria sus condiciones de trabajo y form\u00e9moslos mejor que la mejor forma posible\u201d.<\/p>\n<p style=\"text-align: justify;\">Sugerimos leer la publicaci\u00f3n completa (los resaltados son nuestros) en: <span style=\"text-decoration: underline;\"><a href=\"http:\/\/www.unesco.org\/new\/es\/santiago\/press-room\/newsletters\/e-newsletter-education-for-all-in-latin-america-and-the-caribbean\/no16-may-2014\/interview-to-beatrice-avalos\/\" target=\"_blank\" rel=\"noopener\"><strong>1, 2, 3, 4 PREGUNTAS PARA: BEATRICE \u00c1VALOS.<\/strong><\/a><\/span><\/p>\n<p style=\"text-align: right;\"><strong>REDACCI\u00d3N WEB DEL MAESTRO CMF<\/strong><\/p>\n","protected":false},"excerpt":{"rendered":"Antoine De Saint-Exup\u00e9ry afirma que la vocaci\u00f3n es el nacimiento de un \u00e1rbol y no hallazgo de una&hellip;","protected":false},"author":2,"featured_media":22519,"comment_status":"open","ping_status":"closed","sticky":false,"template":"","format":"standard","meta":{"csco_display_header_overlay":false,"csco_singular_sidebar":"default","csco_page_header_type":"default","csco_page_load_nextpost":"default","csco_post_video_location":[],"csco_post_video_location_hash":"","csco_post_video_url":"","csco_post_video_bg_start_time":0,"csco_post_video_bg_end_time":0,"csco_post_video_bg_volume":false,"_jetpack_memberships_contains_paid_content":false,"footnotes":""},"categories":[6894],"tags":[52,2803,85,2802],"class_list":{"0":"post-22517","1":"post","2":"type-post","3":"status-publish","4":"format-standard","5":"has-post-thumbnail","7":"category-sin-categoria-es","8":"tag-docente","9":"tag-publicamente","10":"tag-trabajo","11":"tag-valoremos","12":"cs-entry","13":"cs-video-wrap"},"yoast_head":"<!-- This site is optimized with the Yoast SEO plugin v27.5 - https:\/\/yoast.com\/product\/yoast-seo-wordpress\/ -->\n<title>VALOREMOS P\u00daBLICAMENTE EL TRABAJO DOCENTE<\/title>\n<meta name=\"description\" content=\"Antoine De Saint-Exup\u00e9ry afirma que la vocaci\u00f3n es el nacimiento de un \u00e1rbol y no hallazgo de una f\u00f3rmula, po\u00e9ticamente nos dice que no es f\u00e1cil tener...\" \/>\n<meta name=\"robots\" content=\"index, follow, max-snippet:-1, max-image-preview:large, max-video-preview:-1\" \/>\n<link rel=\"canonical\" href=\"https:\/\/webdelmaestrocmf.com\/portal\/valoremos-publicamente-trabajo-docente\/\" \/>\n<meta property=\"og:locale\" content=\"es_ES\" \/>\n<meta property=\"og:type\" content=\"article\" \/>\n<meta property=\"og:title\" content=\"VALOREMOS P\u00daBLICAMENTE EL TRABAJO DOCENTE\" \/>\n<meta property=\"og:description\" content=\"Antoine De Saint-Exup\u00e9ry afirma que la vocaci\u00f3n es el nacimiento de un \u00e1rbol y no hallazgo de una f\u00f3rmula, po\u00e9ticamente nos dice que no es f\u00e1cil tener...\" \/>\n<meta property=\"og:url\" content=\"https:\/\/webdelmaestrocmf.com\/portal\/valoremos-publicamente-trabajo-docente\/\" \/>\n<meta property=\"og:site_name\" content=\"Web del Maestro CMF\" \/>\n<meta property=\"article:publisher\" content=\"https:\/\/www.facebook.com\/WebdelMaestroCMF\/\" \/>\n<meta property=\"article:author\" content=\"https:\/\/www.facebook.com\/WebdelMaestroCMF\/\" \/>\n<meta property=\"article:published_time\" content=\"2017-09-28T01:36:46+00:00\" \/>\n<meta property=\"article:modified_time\" content=\"2021-10-23T20:04:44+00:00\" \/>\n<meta property=\"og:image\" content=\"https:\/\/i0.wp.com\/webdelmaestrocmf.com\/portal\/wp-content\/uploads\/2017\/09\/Beatrice-A\u0301valos.jpg?fit=855%2C405&ssl=1\" \/>\n\t<meta property=\"og:image:width\" content=\"855\" \/>\n\t<meta property=\"og:image:height\" content=\"405\" \/>\n\t<meta property=\"og:image:type\" content=\"image\/jpeg\" \/>\n<meta name=\"author\" content=\"Web del Maestro CMF\" \/>\n<meta name=\"twitter:card\" content=\"summary_large_image\" \/>\n<meta name=\"twitter:creator\" content=\"@cmf_w\" \/>\n<meta name=\"twitter:site\" content=\"@cmf_w\" \/>\n<script type=\"application\/ld+json\" class=\"yoast-schema-graph\">{\"@context\":\"https:\\\/\\\/schema.org\",\"@graph\":[{\"@type\":\"ScholarlyArticle\",\"@id\":\"https:\\\/\\\/webdelmaestrocmf.com\\\/portal\\\/valoremos-publicamente-trabajo-docente\\\/#article\",\"isPartOf\":{\"@id\":\"https:\\\/\\\/webdelmaestrocmf.com\\\/portal\\\/valoremos-publicamente-trabajo-docente\\\/\"},\"author\":{\"name\":\"Web del Maestro CMF\",\"@id\":\"https:\\\/\\\/webdelmaestrocmf.com\\\/portal\\\/#\\\/schema\\\/person\\\/ebc57e23d318c9c4270c6f41367015b5\"},\"headline\":\"VALOREMOS P\u00daBLICAMENTE EL TRABAJO DOCENTE\",\"datePublished\":\"2017-09-28T01:36:46+00:00\",\"dateModified\":\"2021-10-23T20:04:44+00:00\",\"mainEntityOfPage\":{\"@id\":\"https:\\\/\\\/webdelmaestrocmf.com\\\/portal\\\/valoremos-publicamente-trabajo-docente\\\/\"},\"wordCount\":1428,\"commentCount\":0,\"publisher\":{\"@id\":\"https:\\\/\\\/webdelmaestrocmf.com\\\/portal\\\/#organization\"},\"image\":{\"@id\":\"https:\\\/\\\/webdelmaestrocmf.com\\\/portal\\\/valoremos-publicamente-trabajo-docente\\\/#primaryimage\"},\"thumbnailUrl\":\"https:\\\/\\\/webdelmaestrocmf.com\\\/portal\\\/wp-content\\\/uploads\\\/2017\\\/09\\\/Beatrice-A\u0301valos.jpg\",\"keywords\":[\"DOCENTE\",\"P\u00daBLICAMENTE\",\"trabajo\",\"VALOREMOS\"],\"inLanguage\":\"es\",\"potentialAction\":[{\"@type\":\"CommentAction\",\"name\":\"Comment\",\"target\":[\"https:\\\/\\\/webdelmaestrocmf.com\\\/portal\\\/valoremos-publicamente-trabajo-docente\\\/#respond\"]}]},{\"@type\":\"WebPage\",\"@id\":\"https:\\\/\\\/webdelmaestrocmf.com\\\/portal\\\/valoremos-publicamente-trabajo-docente\\\/\",\"url\":\"https:\\\/\\\/webdelmaestrocmf.com\\\/portal\\\/valoremos-publicamente-trabajo-docente\\\/\",\"name\":\"VALOREMOS P\u00daBLICAMENTE EL TRABAJO DOCENTE\",\"isPartOf\":{\"@id\":\"https:\\\/\\\/webdelmaestrocmf.com\\\/portal\\\/#website\"},\"primaryImageOfPage\":{\"@id\":\"https:\\\/\\\/webdelmaestrocmf.com\\\/portal\\\/valoremos-publicamente-trabajo-docente\\\/#primaryimage\"},\"image\":{\"@id\":\"https:\\\/\\\/webdelmaestrocmf.com\\\/portal\\\/valoremos-publicamente-trabajo-docente\\\/#primaryimage\"},\"thumbnailUrl\":\"https:\\\/\\\/webdelmaestrocmf.com\\\/portal\\\/wp-content\\\/uploads\\\/2017\\\/09\\\/Beatrice-A\u0301valos.jpg\",\"datePublished\":\"2017-09-28T01:36:46+00:00\",\"dateModified\":\"2021-10-23T20:04:44+00:00\",\"description\":\"Antoine De Saint-Exup\u00e9ry afirma que la vocaci\u00f3n es el nacimiento de un \u00e1rbol y no hallazgo de una f\u00f3rmula, po\u00e9ticamente nos dice que no es f\u00e1cil tener...\",\"breadcrumb\":{\"@id\":\"https:\\\/\\\/webdelmaestrocmf.com\\\/portal\\\/valoremos-publicamente-trabajo-docente\\\/#breadcrumb\"},\"inLanguage\":\"es\",\"potentialAction\":[{\"@type\":\"ReadAction\",\"target\":[\"https:\\\/\\\/webdelmaestrocmf.com\\\/portal\\\/valoremos-publicamente-trabajo-docente\\\/\"]}]},{\"@type\":\"ImageObject\",\"inLanguage\":\"es\",\"@id\":\"https:\\\/\\\/webdelmaestrocmf.com\\\/portal\\\/valoremos-publicamente-trabajo-docente\\\/#primaryimage\",\"url\":\"https:\\\/\\\/webdelmaestrocmf.com\\\/portal\\\/wp-content\\\/uploads\\\/2017\\\/09\\\/Beatrice-A\u0301valos.jpg\",\"contentUrl\":\"https:\\\/\\\/webdelmaestrocmf.com\\\/portal\\\/wp-content\\\/uploads\\\/2017\\\/09\\\/Beatrice-A\u0301valos.jpg\",\"width\":855,\"height\":405},{\"@type\":\"BreadcrumbList\",\"@id\":\"https:\\\/\\\/webdelmaestrocmf.com\\\/portal\\\/valoremos-publicamente-trabajo-docente\\\/#breadcrumb\",\"itemListElement\":[{\"@type\":\"ListItem\",\"position\":1,\"name\":\"Portada\",\"item\":\"https:\\\/\\\/webdelmaestrocmf.com\\\/portal\\\/\"},{\"@type\":\"ListItem\",\"position\":2,\"name\":\"Noticias\",\"item\":\"https:\\\/\\\/webdelmaestrocmf.com\\\/portal\\\/category\\\/noticias\\\/\"},{\"@type\":\"ListItem\",\"position\":3,\"name\":\"VALOREMOS P\u00daBLICAMENTE EL TRABAJO DOCENTE\"}]},{\"@type\":\"WebSite\",\"@id\":\"https:\\\/\\\/webdelmaestrocmf.com\\\/portal\\\/#website\",\"url\":\"https:\\\/\\\/webdelmaestrocmf.com\\\/portal\\\/\",\"name\":\"Web del Maestro CMF\",\"description\":\"Maestros al servicio de la educaci\u00f3n\",\"publisher\":{\"@id\":\"https:\\\/\\\/webdelmaestrocmf.com\\\/portal\\\/#organization\"},\"alternateName\":\"WMCMF\",\"potentialAction\":[{\"@type\":\"SearchAction\",\"target\":{\"@type\":\"EntryPoint\",\"urlTemplate\":\"https:\\\/\\\/webdelmaestrocmf.com\\\/portal\\\/?s={search_term_string}\"},\"query-input\":{\"@type\":\"PropertyValueSpecification\",\"valueRequired\":true,\"valueName\":\"search_term_string\"}}],\"inLanguage\":\"es\"},{\"@type\":\"Organization\",\"@id\":\"https:\\\/\\\/webdelmaestrocmf.com\\\/portal\\\/#organization\",\"name\":\"Web del Maestro CMF\",\"alternateName\":\"WMCMF\",\"url\":\"https:\\\/\\\/webdelmaestrocmf.com\\\/portal\\\/\",\"logo\":{\"@type\":\"ImageObject\",\"inLanguage\":\"es\",\"@id\":\"https:\\\/\\\/webdelmaestrocmf.com\\\/portal\\\/#\\\/schema\\\/logo\\\/image\\\/\",\"url\":\"https:\\\/\\\/webdelmaestrocmf.com\\\/portal\\\/wp-content\\\/uploads\\\/2023\\\/01\\\/logo-wmcmf-2.png\",\"contentUrl\":\"https:\\\/\\\/webdelmaestrocmf.com\\\/portal\\\/wp-content\\\/uploads\\\/2023\\\/01\\\/logo-wmcmf-2.png\",\"width\":200,\"height\":60,\"caption\":\"Web del Maestro CMF\"},\"image\":{\"@id\":\"https:\\\/\\\/webdelmaestrocmf.com\\\/portal\\\/#\\\/schema\\\/logo\\\/image\\\/\"},\"sameAs\":[\"https:\\\/\\\/www.facebook.com\\\/WebdelMaestroCMF\\\/\",\"https:\\\/\\\/x.com\\\/cmf_w\",\"https:\\\/\\\/www.pinterest.com\\\/WMCMF\\\/\",\"https:\\\/\\\/www.linkedin.com\\\/company\\\/web-del-maestro-cmf\\\/\",\"https:\\\/\\\/www.instagram.com\\\/wmcmf\\\/\",\"https:\\\/\\\/www.youtube.com\\\/channel\\\/UCDPSvjbdodE5sHnC3OxutHw\",\"https:\\\/\\\/mastodon.social\\\/@wmcmf\",\"https:\\\/\\\/www.tiktok.com\\\/@webdelmaestrocmf\"]},{\"@type\":\"Person\",\"@id\":\"https:\\\/\\\/webdelmaestrocmf.com\\\/portal\\\/#\\\/schema\\\/person\\\/ebc57e23d318c9c4270c6f41367015b5\",\"name\":\"Web del Maestro CMF\",\"image\":{\"@type\":\"ImageObject\",\"inLanguage\":\"es\",\"@id\":\"https:\\\/\\\/secure.gravatar.com\\\/avatar\\\/718b2df46e711f63dc8c16a160d16cc0104e961fe3c231eaaed2426975fc5e2d?s=96&d=mm&r=g\",\"url\":\"https:\\\/\\\/secure.gravatar.com\\\/avatar\\\/718b2df46e711f63dc8c16a160d16cc0104e961fe3c231eaaed2426975fc5e2d?s=96&d=mm&r=g\",\"contentUrl\":\"https:\\\/\\\/secure.gravatar.com\\\/avatar\\\/718b2df46e711f63dc8c16a160d16cc0104e961fe3c231eaaed2426975fc5e2d?s=96&d=mm&r=g\",\"caption\":\"Web del Maestro CMF\"},\"description\":\"Esta Web se cre\u00f3 sin fines de lucro, con fines educativos, cient\u00edficos y acad\u00e9micos, para personas que tengan dificultades y\\\/o inconvenientes en visualizar el material original. El objetivo es entregar recursos, compartir experiencias y materiales que ayuden a los padres de familia, maestros y estudiantes en su actualizaci\u00f3n y formaci\u00f3n permanente, en bien de la Educaci\u00f3n.\",\"sameAs\":[\"http:\\\/\\\/webdelmaestrocmf.com\\\/portal\",\"https:\\\/\\\/www.facebook.com\\\/WebdelMaestroCMF\\\/\",\"https:\\\/\\\/www.instagram.com\\\/wmcmf\\\/\",\"https:\\\/\\\/cl.linkedin.com\\\/company\\\/web-del-maestro-cmf\",\"https:\\\/\\\/www.pinterest.com\\\/WMCMF\\\/publicaciones\\\/\",\"https:\\\/\\\/x.com\\\/cmf_w\",\"https:\\\/\\\/www.youtube.com\\\/@WMCMF\"]}]}<\/script>\n<!-- \/ Yoast SEO plugin. -->","yoast_head_json":{"title":"VALOREMOS P\u00daBLICAMENTE EL TRABAJO DOCENTE","description":"Antoine De Saint-Exup\u00e9ry afirma que la vocaci\u00f3n es el nacimiento de un \u00e1rbol y no hallazgo de una f\u00f3rmula, po\u00e9ticamente nos dice que no es f\u00e1cil tener...","robots":{"index":"index","follow":"follow","max-snippet":"max-snippet:-1","max-image-preview":"max-image-preview:large","max-video-preview":"max-video-preview:-1"},"canonical":"https:\/\/webdelmaestrocmf.com\/portal\/valoremos-publicamente-trabajo-docente\/","og_locale":"es_ES","og_type":"article","og_title":"VALOREMOS P\u00daBLICAMENTE EL TRABAJO DOCENTE","og_description":"Antoine De Saint-Exup\u00e9ry afirma que la vocaci\u00f3n es el nacimiento de un \u00e1rbol y no hallazgo de una f\u00f3rmula, po\u00e9ticamente nos dice que no es f\u00e1cil tener...","og_url":"https:\/\/webdelmaestrocmf.com\/portal\/valoremos-publicamente-trabajo-docente\/","og_site_name":"Web del Maestro CMF","article_publisher":"https:\/\/www.facebook.com\/WebdelMaestroCMF\/","article_author":"https:\/\/www.facebook.com\/WebdelMaestroCMF\/","article_published_time":"2017-09-28T01:36:46+00:00","article_modified_time":"2021-10-23T20:04:44+00:00","og_image":[{"width":855,"height":405,"url":"https:\/\/i0.wp.com\/webdelmaestrocmf.com\/portal\/wp-content\/uploads\/2017\/09\/Beatrice-A\u0301valos.jpg?fit=855%2C405&ssl=1","type":"image\/jpeg"}],"author":"Web del Maestro CMF","twitter_card":"summary_large_image","twitter_creator":"@cmf_w","twitter_site":"@cmf_w","schema":{"@context":"https:\/\/schema.org","@graph":[{"@type":"ScholarlyArticle","@id":"https:\/\/webdelmaestrocmf.com\/portal\/valoremos-publicamente-trabajo-docente\/#article","isPartOf":{"@id":"https:\/\/webdelmaestrocmf.com\/portal\/valoremos-publicamente-trabajo-docente\/"},"author":{"name":"Web del Maestro CMF","@id":"https:\/\/webdelmaestrocmf.com\/portal\/#\/schema\/person\/ebc57e23d318c9c4270c6f41367015b5"},"headline":"VALOREMOS P\u00daBLICAMENTE EL TRABAJO DOCENTE","datePublished":"2017-09-28T01:36:46+00:00","dateModified":"2021-10-23T20:04:44+00:00","mainEntityOfPage":{"@id":"https:\/\/webdelmaestrocmf.com\/portal\/valoremos-publicamente-trabajo-docente\/"},"wordCount":1428,"commentCount":0,"publisher":{"@id":"https:\/\/webdelmaestrocmf.com\/portal\/#organization"},"image":{"@id":"https:\/\/webdelmaestrocmf.com\/portal\/valoremos-publicamente-trabajo-docente\/#primaryimage"},"thumbnailUrl":"https:\/\/webdelmaestrocmf.com\/portal\/wp-content\/uploads\/2017\/09\/Beatrice-A\u0301valos.jpg","keywords":["DOCENTE","P\u00daBLICAMENTE","trabajo","VALOREMOS"],"inLanguage":"es","potentialAction":[{"@type":"CommentAction","name":"Comment","target":["https:\/\/webdelmaestrocmf.com\/portal\/valoremos-publicamente-trabajo-docente\/#respond"]}]},{"@type":"WebPage","@id":"https:\/\/webdelmaestrocmf.com\/portal\/valoremos-publicamente-trabajo-docente\/","url":"https:\/\/webdelmaestrocmf.com\/portal\/valoremos-publicamente-trabajo-docente\/","name":"VALOREMOS P\u00daBLICAMENTE EL TRABAJO DOCENTE","isPartOf":{"@id":"https:\/\/webdelmaestrocmf.com\/portal\/#website"},"primaryImageOfPage":{"@id":"https:\/\/webdelmaestrocmf.com\/portal\/valoremos-publicamente-trabajo-docente\/#primaryimage"},"image":{"@id":"https:\/\/webdelmaestrocmf.com\/portal\/valoremos-publicamente-trabajo-docente\/#primaryimage"},"thumbnailUrl":"https:\/\/webdelmaestrocmf.com\/portal\/wp-content\/uploads\/2017\/09\/Beatrice-A\u0301valos.jpg","datePublished":"2017-09-28T01:36:46+00:00","dateModified":"2021-10-23T20:04:44+00:00","description":"Antoine De Saint-Exup\u00e9ry afirma que la vocaci\u00f3n es el nacimiento de un \u00e1rbol y no hallazgo de una f\u00f3rmula, po\u00e9ticamente nos dice que no es f\u00e1cil tener...","breadcrumb":{"@id":"https:\/\/webdelmaestrocmf.com\/portal\/valoremos-publicamente-trabajo-docente\/#breadcrumb"},"inLanguage":"es","potentialAction":[{"@type":"ReadAction","target":["https:\/\/webdelmaestrocmf.com\/portal\/valoremos-publicamente-trabajo-docente\/"]}]},{"@type":"ImageObject","inLanguage":"es","@id":"https:\/\/webdelmaestrocmf.com\/portal\/valoremos-publicamente-trabajo-docente\/#primaryimage","url":"https:\/\/webdelmaestrocmf.com\/portal\/wp-content\/uploads\/2017\/09\/Beatrice-A\u0301valos.jpg","contentUrl":"https:\/\/webdelmaestrocmf.com\/portal\/wp-content\/uploads\/2017\/09\/Beatrice-A\u0301valos.jpg","width":855,"height":405},{"@type":"BreadcrumbList","@id":"https:\/\/webdelmaestrocmf.com\/portal\/valoremos-publicamente-trabajo-docente\/#breadcrumb","itemListElement":[{"@type":"ListItem","position":1,"name":"Portada","item":"https:\/\/webdelmaestrocmf.com\/portal\/"},{"@type":"ListItem","position":2,"name":"Noticias","item":"https:\/\/webdelmaestrocmf.com\/portal\/category\/noticias\/"},{"@type":"ListItem","position":3,"name":"VALOREMOS P\u00daBLICAMENTE EL TRABAJO DOCENTE"}]},{"@type":"WebSite","@id":"https:\/\/webdelmaestrocmf.com\/portal\/#website","url":"https:\/\/webdelmaestrocmf.com\/portal\/","name":"Web del Maestro CMF","description":"Maestros al servicio de la educaci\u00f3n","publisher":{"@id":"https:\/\/webdelmaestrocmf.com\/portal\/#organization"},"alternateName":"WMCMF","potentialAction":[{"@type":"SearchAction","target":{"@type":"EntryPoint","urlTemplate":"https:\/\/webdelmaestrocmf.com\/portal\/?s={search_term_string}"},"query-input":{"@type":"PropertyValueSpecification","valueRequired":true,"valueName":"search_term_string"}}],"inLanguage":"es"},{"@type":"Organization","@id":"https:\/\/webdelmaestrocmf.com\/portal\/#organization","name":"Web del Maestro CMF","alternateName":"WMCMF","url":"https:\/\/webdelmaestrocmf.com\/portal\/","logo":{"@type":"ImageObject","inLanguage":"es","@id":"https:\/\/webdelmaestrocmf.com\/portal\/#\/schema\/logo\/image\/","url":"https:\/\/webdelmaestrocmf.com\/portal\/wp-content\/uploads\/2023\/01\/logo-wmcmf-2.png","contentUrl":"https:\/\/webdelmaestrocmf.com\/portal\/wp-content\/uploads\/2023\/01\/logo-wmcmf-2.png","width":200,"height":60,"caption":"Web del Maestro CMF"},"image":{"@id":"https:\/\/webdelmaestrocmf.com\/portal\/#\/schema\/logo\/image\/"},"sameAs":["https:\/\/www.facebook.com\/WebdelMaestroCMF\/","https:\/\/x.com\/cmf_w","https:\/\/www.pinterest.com\/WMCMF\/","https:\/\/www.linkedin.com\/company\/web-del-maestro-cmf\/","https:\/\/www.instagram.com\/wmcmf\/","https:\/\/www.youtube.com\/channel\/UCDPSvjbdodE5sHnC3OxutHw","https:\/\/mastodon.social\/@wmcmf","https:\/\/www.tiktok.com\/@webdelmaestrocmf"]},{"@type":"Person","@id":"https:\/\/webdelmaestrocmf.com\/portal\/#\/schema\/person\/ebc57e23d318c9c4270c6f41367015b5","name":"Web del Maestro CMF","image":{"@type":"ImageObject","inLanguage":"es","@id":"https:\/\/secure.gravatar.com\/avatar\/718b2df46e711f63dc8c16a160d16cc0104e961fe3c231eaaed2426975fc5e2d?s=96&d=mm&r=g","url":"https:\/\/secure.gravatar.com\/avatar\/718b2df46e711f63dc8c16a160d16cc0104e961fe3c231eaaed2426975fc5e2d?s=96&d=mm&r=g","contentUrl":"https:\/\/secure.gravatar.com\/avatar\/718b2df46e711f63dc8c16a160d16cc0104e961fe3c231eaaed2426975fc5e2d?s=96&d=mm&r=g","caption":"Web del Maestro CMF"},"description":"Esta Web se cre\u00f3 sin fines de lucro, con fines educativos, cient\u00edficos y acad\u00e9micos, para personas que tengan dificultades y\/o inconvenientes en visualizar el material original. El objetivo es entregar recursos, compartir experiencias y materiales que ayuden a los padres de familia, maestros y estudiantes en su actualizaci\u00f3n y formaci\u00f3n permanente, en bien de la Educaci\u00f3n.","sameAs":["http:\/\/webdelmaestrocmf.com\/portal","https:\/\/www.facebook.com\/WebdelMaestroCMF\/","https:\/\/www.instagram.com\/wmcmf\/","https:\/\/cl.linkedin.com\/company\/web-del-maestro-cmf","https:\/\/www.pinterest.com\/WMCMF\/publicaciones\/","https:\/\/x.com\/cmf_w","https:\/\/www.youtube.com\/@WMCMF"]}]}},"jetpack_featured_media_url":"https:\/\/webdelmaestrocmf.com\/portal\/wp-content\/uploads\/2017\/09\/Beatrice-A\u0301valos.jpg","jetpack_sharing_enabled":true,"jetpack-related-posts":[{"id":14200,"url":"https:\/\/webdelmaestrocmf.com\/portal\/docentes-la-profesion-ensenar-la-vocacion-ensenar\/","url_meta":{"origin":22517,"position":0},"title":"Docentes: la profesi\u00f3n de ense\u00f1ar o la vocaci\u00f3n por ense\u00f1ar","author":"Web del Maestro CMF","date":"20 enero, 2024","format":false,"excerpt":"Para conocer los criterios sobre la educaci\u00f3n como una profesi\u00f3n o como una vocaci\u00f3n, El Clar\u00edn (Buenos Aires, Argentina) publica tres reflexiones de las educadoras argentinas Jorgelina Lastiri, profesora en el Colegio Cristo Rey de La Plata, Florencia Cabana, docente en la Universidad Nacional de La Plata, y Daniela Leiva,\u2026","rel":"","context":"En \u00abDocentes\u00bb","block_context":{"text":"Docentes","link":"https:\/\/webdelmaestrocmf.com\/portal\/category\/pedagogia\/docentes\/"},"img":{"alt_text":"","src":"https:\/\/i0.wp.com\/webdelmaestrocmf.com\/portal\/wp-content\/uploads\/2019\/02\/Banner-1-portada-imagen-10-46.jpg?resize=350%2C200&ssl=1","width":350,"height":200,"srcset":"https:\/\/i0.wp.com\/webdelmaestrocmf.com\/portal\/wp-content\/uploads\/2019\/02\/Banner-1-portada-imagen-10-46.jpg?resize=350%2C200&ssl=1 1x, https:\/\/i0.wp.com\/webdelmaestrocmf.com\/portal\/wp-content\/uploads\/2019\/02\/Banner-1-portada-imagen-10-46.jpg?resize=525%2C300&ssl=1 1.5x, https:\/\/i0.wp.com\/webdelmaestrocmf.com\/portal\/wp-content\/uploads\/2019\/02\/Banner-1-portada-imagen-10-46.jpg?resize=700%2C400&ssl=1 2x"},"classes":[]},{"id":112978,"url":"https:\/\/webdelmaestrocmf.com\/portal\/la-vocacion-no-basta-el-bienestar-docente-necesita-condiciones-reales\/","url_meta":{"origin":22517,"position":1},"title":"La vocaci\u00f3n no basta: el bienestar docente necesita condiciones reales","author":"Web del Maestro CMF","date":"31 octubre, 2025","format":false,"excerpt":"El bienestar docente no depende solo de la vocaci\u00f3n, sino de contar con buenas condiciones de trabajo y apoyo real.","rel":"","context":"En \u00abYo opino - WMCMF\u00bb","block_context":{"text":"Yo opino - WMCMF","link":"https:\/\/webdelmaestrocmf.com\/portal\/category\/jamb\/"},"img":{"alt_text":"","src":"https:\/\/i0.wp.com\/webdelmaestrocmf.com\/portal\/wp-content\/uploads\/2025\/10\/vdfv.webp?resize=350%2C200&ssl=1","width":350,"height":200,"srcset":"https:\/\/i0.wp.com\/webdelmaestrocmf.com\/portal\/wp-content\/uploads\/2025\/10\/vdfv.webp?resize=350%2C200&ssl=1 1x, https:\/\/i0.wp.com\/webdelmaestrocmf.com\/portal\/wp-content\/uploads\/2025\/10\/vdfv.webp?resize=525%2C300&ssl=1 1.5x, https:\/\/i0.wp.com\/webdelmaestrocmf.com\/portal\/wp-content\/uploads\/2025\/10\/vdfv.webp?resize=700%2C400&ssl=1 2x"},"classes":[]},{"id":118154,"url":"https:\/\/webdelmaestrocmf.com\/portal\/profesora-cuenta-la-verdad-de-por-que-los-docentes-ya-no-quieren-ensenar-la-verdad-es-que-entre-tanta-exigencia-miedo-y-falta-de-humanidad\/","url_meta":{"origin":22517,"position":2},"title":"Profesora cuenta la verdad de por qu\u00e9 los docentes ya no quieren ense\u00f1ar: \u201cLa verdad es que, entre tanta exigencia, miedo y falta de humanidad&#8230;\u201d","author":"Web del Maestro CMF","date":"22 abril, 2026","format":false,"excerpt":"La docencia enfrenta una crisis marcada por exigencias, violencia y falta de respaldo. No se pierde solo profesores, se pierde vocaci\u00f3n ante un sistema que no cuida ni protege.","rel":"","context":"En \u00abNoticias Internacionales\u00bb","block_context":{"text":"Noticias Internacionales","link":"https:\/\/webdelmaestrocmf.com\/portal\/category\/noticias-internacionales\/"},"img":{"alt_text":"","src":"https:\/\/i0.wp.com\/webdelmaestrocmf.com\/portal\/wp-content\/uploads\/2026\/04\/Portada-articulos-.jpg?resize=350%2C200&ssl=1","width":350,"height":200,"srcset":"https:\/\/i0.wp.com\/webdelmaestrocmf.com\/portal\/wp-content\/uploads\/2026\/04\/Portada-articulos-.jpg?resize=350%2C200&ssl=1 1x, https:\/\/i0.wp.com\/webdelmaestrocmf.com\/portal\/wp-content\/uploads\/2026\/04\/Portada-articulos-.jpg?resize=525%2C300&ssl=1 1.5x, https:\/\/i0.wp.com\/webdelmaestrocmf.com\/portal\/wp-content\/uploads\/2026\/04\/Portada-articulos-.jpg?resize=700%2C400&ssl=1 2x, https:\/\/i0.wp.com\/webdelmaestrocmf.com\/portal\/wp-content\/uploads\/2026\/04\/Portada-articulos-.jpg?resize=1050%2C600&ssl=1 3x"},"classes":[]},{"id":6550,"url":"https:\/\/webdelmaestrocmf.com\/portal\/revalorar-la-vocacion-docente-huelga-de-profesores-en-mexico-y-buenos-aires\/","url_meta":{"origin":22517,"position":3},"title":"Revalorar la vocaci\u00f3n docente &#8211; Huelga de profesores","author":"Web del Maestro CMF","date":"27 mayo, 2016","format":false,"excerpt":"Los Profesores de Buenos Aires (Argentina), paralizan sus labores, reclamando un mejor salario y fuente laboral, por la plena vigencia\u00a0de las paritarias, contra las leyes de ajuste y por un Estado al servicio de las mayor\u00edas bonaerenses. En M\u00e9xico se hace huelga para protestar contra la Reforma Educativa y la\u2026","rel":"","context":"En \u00abYo opino - WMCMF\u00bb","block_context":{"text":"Yo opino - WMCMF","link":"https:\/\/webdelmaestrocmf.com\/portal\/category\/jamb\/"},"img":{"alt_text":"","src":"https:\/\/i0.wp.com\/webdelmaestrocmf.com\/portal\/wp-content\/uploads\/2016\/05\/a2.jpg?resize=350%2C200&ssl=1","width":350,"height":200,"srcset":"https:\/\/i0.wp.com\/webdelmaestrocmf.com\/portal\/wp-content\/uploads\/2016\/05\/a2.jpg?resize=350%2C200&ssl=1 1x, https:\/\/i0.wp.com\/webdelmaestrocmf.com\/portal\/wp-content\/uploads\/2016\/05\/a2.jpg?resize=525%2C300&ssl=1 1.5x, https:\/\/i0.wp.com\/webdelmaestrocmf.com\/portal\/wp-content\/uploads\/2016\/05\/a2.jpg?resize=700%2C400&ssl=1 2x, https:\/\/i0.wp.com\/webdelmaestrocmf.com\/portal\/wp-content\/uploads\/2016\/05\/a2.jpg?resize=1050%2C600&ssl=1 3x"},"classes":[]},{"id":111170,"url":"https:\/\/webdelmaestrocmf.com\/portal\/leon-trahtemberg-los-dilemas-invisibles-del-educador-entre-la-vocacion-y-la-realidad\/","url_meta":{"origin":22517,"position":4},"title":"Le\u00f3n Trahtemberg: Los dilemas invisibles del educador: entre la vocaci\u00f3n y la realidad","author":"Web del Maestro CMF","date":"12 julio, 2025","format":false,"excerpt":"Entre lo correcto y lo posible, cada decisi\u00f3n del docente revela las tensiones ocultas de una profesi\u00f3n que exige m\u00e1s de lo que reconoce","rel":"","context":"En \u00abEntrevistas\u00bb","block_context":{"text":"Entrevistas","link":"https:\/\/webdelmaestrocmf.com\/portal\/category\/noticias\/entrevistas\/"},"img":{"alt_text":"","src":"https:\/\/i0.wp.com\/webdelmaestrocmf.com\/portal\/wp-content\/uploads\/2025\/07\/1A-Banner-1-portada-imagen-10-1-copia-45.webp?resize=350%2C200&ssl=1","width":350,"height":200,"srcset":"https:\/\/i0.wp.com\/webdelmaestrocmf.com\/portal\/wp-content\/uploads\/2025\/07\/1A-Banner-1-portada-imagen-10-1-copia-45.webp?resize=350%2C200&ssl=1 1x, https:\/\/i0.wp.com\/webdelmaestrocmf.com\/portal\/wp-content\/uploads\/2025\/07\/1A-Banner-1-portada-imagen-10-1-copia-45.webp?resize=525%2C300&ssl=1 1.5x, https:\/\/i0.wp.com\/webdelmaestrocmf.com\/portal\/wp-content\/uploads\/2025\/07\/1A-Banner-1-portada-imagen-10-1-copia-45.webp?resize=700%2C400&ssl=1 2x"},"classes":[]},{"id":105178,"url":"https:\/\/webdelmaestrocmf.com\/portal\/para-ser-profesor-se-debe-tener-vocacion-resiliencia-y-resistencia\/","url_meta":{"origin":22517,"position":5},"title":"Para ser maestro se deben tener tres cosas: vocaci\u00f3n, resiliencia y resistencia","author":"Web del Maestro CMF","date":"28 abril, 2024","format":false,"excerpt":"Nos dirigimos a ustedes para reflexionar sobre tres cualidades esenciales para el ejercicio exitoso de la docencia: vocaci\u00f3n, resiliencia y resistencia. Ser docente no se trata solo de impartir conocimientos, sino de inspirar, motivar y guiar a nuestros estudiantes en su camino de aprendizaje. Requiere de una pasi\u00f3n profunda por\u2026","rel":"","context":"En \u00abDocentes\u00bb","block_context":{"text":"Docentes","link":"https:\/\/webdelmaestrocmf.com\/portal\/category\/pedagogia\/docentes\/"},"img":{"alt_text":"vocaci\u00f3n resiliencia resistencia","src":"https:\/\/i0.wp.com\/webdelmaestrocmf.com\/portal\/wp-content\/uploads\/2024\/04\/Banner-1-portada-imagen-10-1-47.jpg?resize=350%2C200&ssl=1","width":350,"height":200,"srcset":"https:\/\/i0.wp.com\/webdelmaestrocmf.com\/portal\/wp-content\/uploads\/2024\/04\/Banner-1-portada-imagen-10-1-47.jpg?resize=350%2C200&ssl=1 1x, https:\/\/i0.wp.com\/webdelmaestrocmf.com\/portal\/wp-content\/uploads\/2024\/04\/Banner-1-portada-imagen-10-1-47.jpg?resize=525%2C300&ssl=1 1.5x, https:\/\/i0.wp.com\/webdelmaestrocmf.com\/portal\/wp-content\/uploads\/2024\/04\/Banner-1-portada-imagen-10-1-47.jpg?resize=700%2C400&ssl=1 2x"},"classes":[]}],"_links":{"self":[{"href":"https:\/\/webdelmaestrocmf.com\/portal\/wp-json\/wp\/v2\/posts\/22517","targetHints":{"allow":["GET"]}}],"collection":[{"href":"https:\/\/webdelmaestrocmf.com\/portal\/wp-json\/wp\/v2\/posts"}],"about":[{"href":"https:\/\/webdelmaestrocmf.com\/portal\/wp-json\/wp\/v2\/types\/post"}],"author":[{"embeddable":true,"href":"https:\/\/webdelmaestrocmf.com\/portal\/wp-json\/wp\/v2\/users\/2"}],"replies":[{"embeddable":true,"href":"https:\/\/webdelmaestrocmf.com\/portal\/wp-json\/wp\/v2\/comments?post=22517"}],"version-history":[{"count":0,"href":"https:\/\/webdelmaestrocmf.com\/portal\/wp-json\/wp\/v2\/posts\/22517\/revisions"}],"wp:featuredmedia":[{"embeddable":true,"href":"https:\/\/webdelmaestrocmf.com\/portal\/wp-json\/wp\/v2\/media\/22519"}],"wp:attachment":[{"href":"https:\/\/webdelmaestrocmf.com\/portal\/wp-json\/wp\/v2\/media?parent=22517"}],"wp:term":[{"taxonomy":"category","embeddable":true,"href":"https:\/\/webdelmaestrocmf.com\/portal\/wp-json\/wp\/v2\/categories?post=22517"},{"taxonomy":"post_tag","embeddable":true,"href":"https:\/\/webdelmaestrocmf.com\/portal\/wp-json\/wp\/v2\/tags?post=22517"}],"curies":[{"name":"wp","href":"https:\/\/api.w.org\/{rel}","templated":true}]}}