{"id":22479,"date":"2021-10-25T21:13:34","date_gmt":"2021-10-26T00:13:34","guid":{"rendered":"http:\/\/webdelmaestrocmf.com\/portal\/?p=22479"},"modified":"2023-08-09T23:32:03","modified_gmt":"2023-08-10T03:32:03","slug":"tabla-desarrollo-infantil-desde-0-8-anos","status":"publish","type":"post","link":"https:\/\/webdelmaestrocmf.com\/portal\/tabla-desarrollo-infantil-desde-0-8-anos\/","title":{"rendered":"Tabla de desarrollo infantil desde 0 a 8 a\u00f1os"},"content":{"rendered":"<p style=\"text-align: justify;\"><strong>Desde el momento del nacimiento hasta que el ni\u00f1o cumple los 8 a\u00f1os acontecen un sinf\u00edn de sucesos desde varios puntos de vita: comunicacional, cognitivo, motor, etc. <\/strong><strong>Un reci\u00e9n nacido es incapaz de alimentarse por s\u00ed mismo. Este resulta ser (antes los peligros externos) completamente inofensivo mientras que un ni\u00f1o de 8 a\u00f1os no s\u00f3lo es capaz de decir lo que le ocurre, sino que tambi\u00e9n su cerebro presenta un grado avanzado de evoluci\u00f3n que refleja el proceso del desarrollo infantil.<\/strong><\/p>\n<p><!--more--><\/p>\n<p style=\"text-align: justify;\">Compartimos con fines educativos la publicaci\u00f3n del portal educativo <strong>Etapa Infantil<\/strong> en donde explican detalladamente de qu\u00e9 modo el ni\u00f1o se desarrolla durante la infancia.<\/p>\n<h4 class=\"post-title entry-title\">Tabla de desarrollo infantil desde 0 a 8 a\u00f1os<\/h4>\n<p class=\"post-subTitle\" style=\"text-align: justify;\">Descubre cu\u00e1les son algunos items de desarrollo importantes de reci\u00e9n nacido hasta los 8 a\u00f1os.<\/p>\n<p style=\"text-align: justify;\"><strong>Durante los primeros 8 a\u00f1os de vida de un ni\u00f1o ocurren much\u00edsimos cambios.<\/strong>\u00a0En tan solo algunos a\u00f1os pasa de ser un beb\u00e9 indefenso, dependiente de sus padres, a convertirse en un peque\u00f1o aut\u00f3nomo con intereses propios que ya se ha formado una imagen del mundo. De hecho, si miramos atr\u00e1s nos asombrar\u00e1 cu\u00e1nto ha crecido y el enorme salto que ha dado a nivel psicol\u00f3gico.<\/p>\n<h4>El desarrollo del beb\u00e9 de 0 a 12 meses<\/h4>\n<p style=\"text-align: justify;\">Durante el primer a\u00f1o de vida el beb\u00e9 crece a ojos vista y<strong>\u00a0pasa de ser un peque\u00f1o que no puede valerse por s\u00ed solo a ser un ni\u00f1o que se lanza a descubrir su entorno y se relaciona activamente con quienes le rodean.<\/strong><\/p>\n<p style=\"text-align: justify;\">En este per\u00edodo sus movimientos se perfeccionan. A los 5 meses ya es capaz de coger peque\u00f1os objetos con la mano, un movimiento conocido como reflejo de prensi\u00f3n que representa la antesala del agarre de pinza que, m\u00e1s adelante, le permitir\u00e1 sostener el l\u00e1piz para escribir y hacer sus primeros \u201cdibujos abstractos\u201d. Antes de cumplir el primer a\u00f1o ya podr\u00e1 sostener la cabeza por s\u00ed solo y gatear, y entre los 9 y 12 meses, a veces un poco m\u00e1s tarde, comenzar\u00e1 a dar sus primeros pasos.<\/p>\n<p style=\"text-align: justify;\"><strong>Durante esta etapa su principal medio de comunicaci\u00f3n es el llanto, aunque alrededor del segundo mes de vida empezar\u00e1 a mostrar lo que se conoce como \u201csonrisa social\u201d,<\/strong>\u00a0ya que hasta este momento su sonrisa era un simple reflejo. Alrededor de los 7 meses empezar\u00e1 a balbucear algunas s\u00edlabas sueltas, como \u201cpa\u201d o \u201cma\u201d, lo cual le permitir\u00e1 entrenar su aparato fonador.<\/p>\n<p style=\"text-align: justify;\">Durante estos primeros meses tambi\u00e9n comenzar\u00e1 a reaccionar ante los est\u00edmulos que le resultan agradables y se mostrar\u00e1 m\u00e1s interesado por ver y escuchar lo que sucede a su alrededor. Y a partir de los 5 meses su abanico de emociones se ampliar\u00e1 notablemente ya que no solo se sentir\u00e1 feliz cuando le acarician sino que tambi\u00e9n se irritar\u00e1 cuando no obtiene lo que quiere.<\/p>\n<h4>El desarrollo del ni\u00f1o de 1 a 2 a\u00f1os<\/h4>\n<p style=\"text-align: justify;\">A partir del primer a\u00f1o de vida el ni\u00f1o gana en independencia, ya es capaz de comunicar mejor lo que quiere y sus habilidades motoras y cognitivas se desarrollan a gran velocidad.<\/p>\n<p style=\"text-align: justify;\">A esta edad la mayor\u00eda de los ni\u00f1os ya habr\u00e1n dado sus primeros pasos.<strong>\u00a0Al inicio necesitar\u00e1 un poco de ayuda y es probable que camine apoy\u00e1ndose en los muebles para no caerse,<\/strong>\u00a0pero a medida que pasen los meses ir\u00e1 ganando en equilibrio y podr\u00e1 andar solo. De hecho, a finales de los 2 a\u00f1os ya podr\u00e1 correr y subir y bajar escaleras con relativa facilidad. A la par, se desarrolla su motricidad fina, los movimientos manuales se vuelven m\u00e1s precisos y a los 2 a\u00f1os ya ser\u00e1 capaz de utilizar la cuchara para llevarse los alimentos a la boca sin derramar el contenido.<\/p>\n<p style=\"text-align: justify;\">En esta etapa ya puede decir algunas palabras con significado y comprender \u00f3rdenes sencillas como \u201cdame\u201d o \u201ctoma\u201d. De hecho, su vocabulario estar\u00e1 formado por unas 50 palabras, lo cual le permitir\u00e1 comunicarse con m\u00e1s facilidad.\u00a0<strong>Tambi\u00e9n puede contestar con un \u201cs\u00ed\u201d o un \u201cno\u201d a las preguntas que le hagan,<\/strong>\u00a0as\u00ed como identificar algunos objetos y animales usando sonidos onomatop\u00e9yicos. Adem\u00e1s, es capaz de relacionar la historia que escucha con las ilustraciones de los cuentos infantiles, un paso importante en el desarrollo de su expresi\u00f3n verbal y el pensamiento simb\u00f3lico.<\/p>\n<p><img loading=\"lazy\" decoding=\"async\" class=\"alignnone wp-image-69995 size-large\" src=\"https:\/\/webdelmaestrocmf.com\/portal\/wp-content\/uploads\/2021\/10\/CCM-1-1024x630.png\" alt=\"desarrollo\" width=\"1024\" height=\"630\" srcset=\"https:\/\/webdelmaestrocmf.com\/portal\/wp-content\/uploads\/2021\/10\/CCM-1-1024x630.png 1024w, https:\/\/webdelmaestrocmf.com\/portal\/wp-content\/uploads\/2021\/10\/CCM-1-300x185.png 300w, https:\/\/webdelmaestrocmf.com\/portal\/wp-content\/uploads\/2021\/10\/CCM-1-768x473.png 768w, https:\/\/webdelmaestrocmf.com\/portal\/wp-content\/uploads\/2021\/10\/CCM-1-110x68.png 110w, https:\/\/webdelmaestrocmf.com\/portal\/wp-content\/uploads\/2021\/10\/CCM-1-200x123.png 200w, https:\/\/webdelmaestrocmf.com\/portal\/wp-content\/uploads\/2021\/10\/CCM-1-380x234.png 380w, https:\/\/webdelmaestrocmf.com\/portal\/wp-content\/uploads\/2021\/10\/CCM-1-255x157.png 255w, https:\/\/webdelmaestrocmf.com\/portal\/wp-content\/uploads\/2021\/10\/CCM-1-550x338.png 550w, https:\/\/webdelmaestrocmf.com\/portal\/wp-content\/uploads\/2021\/10\/CCM-1-800x492.png 800w, https:\/\/webdelmaestrocmf.com\/portal\/wp-content\/uploads\/2021\/10\/CCM-1-1160x714.png 1160w, https:\/\/webdelmaestrocmf.com\/portal\/wp-content\/uploads\/2021\/10\/CCM-1.png 1188w\" sizes=\"auto, (max-width: 1024px) 100vw, 1024px\" \/><\/p>\n<p style=\"text-align: justify;\">Alrededor del a\u00f1o tambi\u00e9n empezar\u00e1 a estrenar su incipiente car\u00e1cter y ser\u00e1 capaz de experimentar y expresar sentimientos m\u00e1s complejos como la verg\u00fcenza, el orgullo y los celos. Sin embargo, tambi\u00e9n aparecen las primeras rabietas ya que todav\u00eda no es capaz de regular sus emociones.<\/p>\n<h4>El desarrollo del ni\u00f1o de 2 a 4 a\u00f1os<\/h4>\n<p style=\"text-align: justify;\"><strong>En este per\u00edodo el ni\u00f1o es m\u00e1s independiente y disfruta de su autonom\u00eda.<\/strong>\u00a0Ha ganado un mayor control sobre sus movimientos y se siente m\u00e1s seguro de s\u00ed mismo. Sus habilidades sociales tambi\u00e9n han mejorado por lo que se mostrar\u00e1 m\u00e1s cooperativo en el hogar y empezar\u00e1 a hacer amigos por s\u00ed solo.<\/p>\n<p style=\"text-align: justify;\">Ahora habr\u00e1 doblado pr\u00e1cticamente su estatura respecto al momento del nacimiento. Su equilibrio y coordinaci\u00f3n habr\u00e1n mejorado notablemente, de manera que ya puede lanzar una pelota en alto e incluso saltar en un solo pie. No obstante, uno de los cambios m\u00e1s importantes es que empieza a manifestarse la dominancia lateral, de forma que empezar\u00e1 a utilizar m\u00e1s una mano que la otra,<strong>\u00a0lo cual le ayudar\u00e1 a perfeccionar sus movimientos motores finos.<\/strong><\/p>\n<p style=\"text-align: justify;\">A los 4 a\u00f1os ya habr\u00e1 incorporado a su lenguaje alrededor de 1.000 palabras, por lo que podr\u00e1 elaborar oraciones con hasta 5 palabras, lo cual le ayuda a comunicarse mejor.<strong>\u00a0Su pensamiento e inteligencia tambi\u00e9n se est\u00e1n desarrollando, de manera que ahora es capaz de comprender conceptos m\u00e1s complicados.<\/strong>\u00a0Su memoria tambi\u00e9n se ha consolidado y puede recordar \u00f3rdenes sencillas, contar hasta 4 con facilidad, distinguir los colores y diferenciar los objetos seg\u00fan sus caracter\u00edsticas.<\/p>\n<p style=\"text-align: justify;\">No obstante, el hecho de que sea capaz de expresarse mejor no significa que tenga un dominio pleno de sus emociones. En esta etapa persisten las rabietas y el llanto ya que todav\u00eda no sabe expresar asertivamente sus sentimientos. Tambi\u00e9n es usual que se muestre m\u00e1s rebelde cuando siente demasiada presi\u00f3n o cuando quiere hacer valer su opini\u00f3n y defender su independencia.<\/p>\n<p><!--Comentario en html--><\/p>\n<p style=\"text-align: center;\"><script async src=\"https:\/\/pagead2.googlesyndication.com\/pagead\/js\/adsbygoogle.js?client=ca-pub-9544854023617669\" crossorigin=\"anonymous\"><\/script><br \/>\n<!-- Parrafo 8 --><br \/>\n<ins class=\"adsbygoogle\" style=\"display: block;\" data-ad-client=\"ca-pub-9544854023617669\" data-ad-slot=\"3033384453\" data-ad-format=\"auto\" data-full-width-responsive=\"true\"><\/ins><br \/>\n<script>\n     (adsbygoogle = window.adsbygoogle || []).push({});\n<\/script><\/p>\n<h4>El desarrollo del ni\u00f1o de 4 a 8 a\u00f1os<\/h4>\n<p style=\"text-align: justify;\">A esta edad el ni\u00f1o ya es lo suficientemente independiente como para hacer solo la mayor\u00eda de sus actividades cotidianas, por lo que comenzar\u00e1 a poner a prueba sus habilidades.<\/p>\n<p style=\"text-align: justify;\"><strong>Entre los 4 y 8 a\u00f1os alcanza un control casi perfecto de sus movimientos, por lo que empieza a adquirir nuevas habilidades de coordinaci\u00f3n que le permitir\u00e1n aprender a montar bicicleta o patinar.<\/strong>\u00a0Su motricidad fina tambi\u00e9n se perfecciona, de hecho, sus trazos son mucho m\u00e1s firmes, ya sabe escribir con relativa facilidad e incluso puede rasgar y recortar con mucha precisi\u00f3n.<\/p>\n<p style=\"text-align: justify;\">Desde el punto de vista intelectual, al arribar a los 8 a\u00f1os ya cuenta con un vocabulario muy amplio que le permite expresar con claridad lo que quiere y piensa. Ya sabe utilizar bien los pronombres, los art\u00edculos y las preposiciones y es capaz de conjugar los verbos. De hecho, la construcci\u00f3n gramatical de sus frases es casi perfecta y los errores de pronunciaci\u00f3n ya son cosa del pasado. Sus ideas tambi\u00e9n han experimentado un gran cambio, se sustentan m\u00e1s en la realidad y ya no la confunde con sus fantas\u00edas. Adem\u00e1s, su pensamiento abstracto se comienza a desarrollar.<\/p>\n<p><!--Comentario en html--><\/p>\n<p style=\"text-align: center;\"><script async src=\"https:\/\/pagead2.googlesyndication.com\/pagead\/js\/adsbygoogle.js?client=ca-pub-9544854023617669\" crossorigin=\"anonymous\"><\/script><br \/>\n<!-- UNO-P-2023 --><br \/>\n<ins class=\"adsbygoogle\" style=\"display: block;\" data-ad-client=\"ca-pub-9544854023617669\" data-ad-slot=\"3748614024\" data-ad-format=\"auto\" data-full-width-responsive=\"true\"><\/ins><br \/>\n<script>\n     (adsbygoogle = window.adsbygoogle || []).push({});\n<\/script><\/p>\n<p><!--Comentario en html--><\/p>\n<p style=\"text-align: justify;\"><strong>Ahora sus sentimientos son m\u00e1s duraderos, lo cual est\u00e1 relacionado con la madurez psicol\u00f3gica y el desarrollo emocional que ha alcanzado.<\/strong>\u00a0Tambi\u00e9n es m\u00e1s consciente de sus emociones y es capaz de expresarlas u ocultarlas. Asimismo, ha aprendido a captar una gama de emociones m\u00e1s amplia y mostrarse m\u00e1s emp\u00e1tico con los dem\u00e1s.<\/p>\n<p><strong>Este contenido ha sido publicado originalmente por Etapa Infantil en la siguiente direcci\u00f3n:\u00a0<a href=\"http:\/\/etapainfantil.com\" target=\"_blank\" rel=\"noopener\">etapainfantil.com<\/a><\/strong><\/p>\n<p style=\"text-align: center;\"><strong>ENLACE DE LECTURA: <\/strong>1.\u00a0<a href=\"https:\/\/www1.paho.org\/hq\/dmdocuments\/manual-vigilancia-desarrollo-infantil-aiepi-2011.pdf\" target=\"_blank\" rel=\"noopener\">MANUAL PARA LA VIGILANCIA DEL DESARROLLO INFANTIL (0-6 A\u00d1OS)<\/a> | 2. <a href=\"https:\/\/www.etapainfantil.com\/wp-content\/uploads\/2017\/04\/Tabla-desarrollo-infantil.png\" target=\"_blank\" rel=\"noopener\">DESCARGA \/ IMPRIME LA TABLA DE DESARROLLO INFANTIL DESDE 0 A 8 A\u00d1OS<\/a><\/p>\n<p style=\"text-align: center;\"><strong>Si le sirvi\u00f3 el material, ap\u00f3yenos con un clic. Nos ayudar\u00e1 a mantener el servicio.<\/strong><br \/>\n\u00a1Comparte y as\u00ed m\u00e1s docentes utilizar\u00e1n estos recursos gratis! Muchas gracias.<\/p>\n<p><img decoding=\"async\" src=\"https:\/\/webdelmaestrocmf.com\/portal\/wp-content\/uploads\/2023\/04\/banner_des.png\" \/><\/p>\n<p style=\"text-align: left;\">\t\t<div class=\"pk-inline-posts\">\n\t\t\t\n\t\t\t<div class=\"pk-inline-posts-container pk-inline-posts-template-list\"\n\t\t\t\tdata-columns=\"1\">\n\t\t\t\t\t\t<article id=\"post-16013\" class=\"post-16013 post type-post status-publish format-standard has-post-thumbnail category-visitadas category-picologia category-pedagogia category-violencia tag-clase tag-conductas tag-desafiantes tag-estudiante tag-normas cs-entry cs-video-wrap\">\n\t\t\t<div class=\"pk-post-outer\">\n\n\t\t\t\t\t\t\t\t<div class=\"pk-post-inner\">\n\t\t\t\t\t<div class=\"entry-thumbnail\">\n\t\t\t\t\t\t<div class=\"pk-overlay pk-overlay-ratio pk-ratio-landscape\">\n\t\t\t\t\t\t\t<div class=\"pk-overlay-background\">\n\t\t\t\t\t\t\t\t<a href=\"https:\/\/webdelmaestrocmf.com\/portal\/sistemas-ayudan-ante-conductas-desafiantes-aula\/\" class=\"pk-overlay-link\">\n\t\t\t\t\t\t\t\t\t<img loading=\"lazy\" decoding=\"async\" width=\"300\" height=\"225\" src=\"https:\/\/webdelmaestrocmf.com\/portal\/wp-content\/uploads\/2022\/07\/Banner-1-portada-imagen-10-1-21-300x225.jpg\" class=\"attachment-pk-thumbnail size-pk-thumbnail wp-post-image\" alt=\"\" \/>\t\t\t\t\t\t\t\t<\/a>\n\t\t\t\t\t\t\t<\/div>\n\t\t\t\t\t\t<\/div>\n\t\t\t\t\t<\/div>\n\t\t\t\t<\/div>\n\t\t\t\t\n\t\t\t\t<div class=\"pk-post-inner\">\n\t\t\t\t\t<header>\n\t\t\t\t\t\t<h3 class=\"pk-title\"><a href=\"https:\/\/webdelmaestrocmf.com\/portal\/sistemas-ayudan-ante-conductas-desafiantes-aula\/\" rel=\"bookmark\">Sistemas que ayudan ante conductas desafiantes en el aula: descarga el libro \u201cAn\u00e1lisis funcional de la conducta\u201d<\/a><\/h3>\t\t\t\t\t<\/header><!-- .entry-header -->\n\t\t\t\t<\/div><!-- .post-inner -->\n\n\t\t\t<\/div><!-- .post-outer -->\n\t\t<\/article>\n\t\t\t\t<\/div>\n\t\t<\/div>\n\t\t<\/p>\n","protected":false},"excerpt":{"rendered":"Desde el momento del nacimiento hasta que el ni\u00f1o cumple los 8 a\u00f1os acontecen un sinf\u00edn de sucesos&hellip;","protected":false},"author":1,"featured_media":77908,"comment_status":"open","ping_status":"closed","sticky":false,"template":"","format":"standard","meta":{"csco_display_header_overlay":false,"csco_singular_sidebar":"default","csco_page_header_type":"default","csco_page_load_nextpost":"default","csco_post_video_location":[],"csco_post_video_location_hash":"","csco_post_video_url":"","csco_post_video_bg_start_time":0,"csco_post_video_bg_end_time":0,"csco_post_video_bg_volume":false,"_jetpack_memberships_contains_paid_content":false,"footnotes":""},"categories":[443,139,735],"tags":[16338,18634,18623,3338,1899,18630,18626,18624,17824,168,2376,773,16760,18633,16395,16603,2894,18629,16761,18635,18622,607,18631,18628,18618,18620,18625,16768,17791,18632,16770,2307,2680,308,16911,394,18627,18621,16399,16052,18619,1963,16397],"class_list":{"0":"post-22479","1":"post","2":"type-post","3":"status-publish","4":"format-standard","5":"has-post-thumbnail","7":"category-educacion-y-familia","8":"category-visitadas","9":"category-pedagogia","10":"tag-adquisicion-de-habilidades","11":"tag-adquisicion-de-vocabulario","12":"tag-amistades","13":"tag-autonomia","14":"tag-comunicacion","15":"tag-comunicacion-infantil","16":"tag-construccion-gramatical","17":"tag-control-de-movimientos","18":"tag-cooperacion","19":"tag-coordinacion","20":"tag-crecimiento","21":"tag-desarrollo","22":"tag-desarrollo-cognitivo","23":"tag-desarrollo-del-cerebro","24":"tag-desarrollo-del-lenguaje","25":"tag-desarrollo-emocional","26":"tag-desarrollo-infantil","27":"tag-desarrollo-infantil-temprano","28":"tag-desarrollo-motor","29":"tag-desarrollo-socioemocional","30":"tag-dominancia-lateral","31":"tag-empatia","32":"tag-etapa-preescolar","33":"tag-etapa-temprana","34":"tag-etapas-del-desarrollo","35":"tag-evolucion-psicologica","36":"tag-expresion-verbal","37":"tag-habilidades-cognitivas","38":"tag-habilidades-de-escritura","39":"tag-habilidades-linguisticas","40":"tag-habilidades-motoras","41":"tag-habilidades-sociales","42":"tag-infantil","43":"tag-inteligencia-emocional","44":"tag-interaccion-social","45":"tag-lenguaje","46":"tag-madurez-psicologica","47":"tag-motricidad-fina","48":"tag-pensamiento-abstracto","49":"tag-plasticidad-cerebral","50":"tag-recien-nacido","51":"tag-tabla","52":"tag-vocabulario","53":"cs-entry","54":"cs-video-wrap"},"yoast_head":"<!-- This site is optimized with the Yoast SEO plugin v27.5 - https:\/\/yoast.com\/product\/yoast-seo-wordpress\/ -->\n<title>desarrollo<\/title>\n<meta name=\"description\" content=\"Durante los primeros 8 a\u00f1os de vida de un ni\u00f1o ocurren much\u00edsimos cambios.\u00a0En tan solo algunos a\u00f1os pasa de ser un beb\u00e9 indefenso...\" \/>\n<meta name=\"robots\" content=\"index, follow, max-snippet:-1, max-image-preview:large, max-video-preview:-1\" \/>\n<link rel=\"canonical\" href=\"https:\/\/webdelmaestrocmf.com\/portal\/tabla-desarrollo-infantil-desde-0-8-anos\/\" \/>\n<meta property=\"og:locale\" content=\"es_ES\" \/>\n<meta property=\"og:type\" content=\"article\" \/>\n<meta property=\"og:title\" content=\"desarrollo\" \/>\n<meta property=\"og:description\" content=\"Durante los primeros 8 a\u00f1os de vida de un ni\u00f1o ocurren much\u00edsimos cambios.\u00a0En tan solo algunos a\u00f1os pasa de ser un beb\u00e9 indefenso...\" \/>\n<meta property=\"og:url\" content=\"https:\/\/webdelmaestrocmf.com\/portal\/tabla-desarrollo-infantil-desde-0-8-anos\/\" \/>\n<meta property=\"og:site_name\" content=\"Web del Maestro CMF\" \/>\n<meta property=\"article:publisher\" content=\"https:\/\/www.facebook.com\/WebdelMaestroCMF\/\" \/>\n<meta property=\"article:author\" content=\"https:\/\/www.facebook.com\/WebdelMaestroCMF\/\" \/>\n<meta property=\"article:published_time\" content=\"2021-10-26T00:13:34+00:00\" \/>\n<meta property=\"article:modified_time\" content=\"2023-08-10T03:32:03+00:00\" \/>\n<meta property=\"og:image\" content=\"https:\/\/i0.wp.com\/webdelmaestrocmf.com\/portal\/wp-content\/uploads\/2021\/10\/DESARROLLO.jpg?fit=900%2C556&ssl=1\" \/>\n\t<meta property=\"og:image:width\" content=\"900\" \/>\n\t<meta property=\"og:image:height\" content=\"556\" \/>\n\t<meta property=\"og:image:type\" content=\"image\/jpeg\" \/>\n<meta name=\"author\" content=\"Web del Maestro CMF\" \/>\n<meta name=\"twitter:card\" content=\"summary_large_image\" \/>\n<meta name=\"twitter:creator\" content=\"@cmf_w\" \/>\n<meta name=\"twitter:site\" content=\"@cmf_w\" \/>\n<script type=\"application\/ld+json\" class=\"yoast-schema-graph\">{\"@context\":\"https:\\\/\\\/schema.org\",\"@graph\":[{\"@type\":\"ScholarlyArticle\",\"@id\":\"https:\\\/\\\/webdelmaestrocmf.com\\\/portal\\\/tabla-desarrollo-infantil-desde-0-8-anos\\\/#article\",\"isPartOf\":{\"@id\":\"https:\\\/\\\/webdelmaestrocmf.com\\\/portal\\\/tabla-desarrollo-infantil-desde-0-8-anos\\\/\"},\"author\":{\"name\":\"Web del Maestro CMF\",\"@id\":\"https:\\\/\\\/webdelmaestrocmf.com\\\/portal\\\/#\\\/schema\\\/person\\\/1072a2ed7bd960df8ef99a551fa35dc5\"},\"headline\":\"Tabla de desarrollo infantil desde 0 a 8 a\u00f1os\",\"datePublished\":\"2021-10-26T00:13:34+00:00\",\"dateModified\":\"2023-08-10T03:32:03+00:00\",\"mainEntityOfPage\":{\"@id\":\"https:\\\/\\\/webdelmaestrocmf.com\\\/portal\\\/tabla-desarrollo-infantil-desde-0-8-anos\\\/\"},\"wordCount\":1437,\"commentCount\":1,\"publisher\":{\"@id\":\"https:\\\/\\\/webdelmaestrocmf.com\\\/portal\\\/#organization\"},\"image\":{\"@id\":\"https:\\\/\\\/webdelmaestrocmf.com\\\/portal\\\/tabla-desarrollo-infantil-desde-0-8-anos\\\/#primaryimage\"},\"thumbnailUrl\":\"https:\\\/\\\/webdelmaestrocmf.com\\\/portal\\\/wp-content\\\/uploads\\\/2021\\\/10\\\/DESARROLLO.jpg\",\"keywords\":[\"Adquisici\u00f3n de habilidades\",\"adquisici\u00f3n de vocabulario\",\"amistades\",\"AUTONOM\u00cdA\",\"COMUNICACI\u00d3N\",\"comunicaci\u00f3n infantil\",\"construcci\u00f3n gramatical\",\"control de movimientos\",\"Cooperaci\u00f3n\",\"coordinaci\u00f3n\",\"CRECIMIENTO\",\"desarrollo\",\"desarrollo cognitivo\",\"desarrollo del cerebro\",\"desarrollo del lenguaje\",\"Desarrollo emocional\",\"DESARROLLO INFANTIL\",\"desarrollo infantil temprano\",\"desarrollo motor\",\"desarrollo socioemocional\",\"dominancia lateral\",\"EMPAT\u00cdA\",\"etapa preescolar\",\"etapa temprana\",\"etapas del desarrollo\",\"evoluci\u00f3n psicol\u00f3gica\",\"expresi\u00f3n verbal\",\"habilidades cognitivas\",\"habilidades de escritura\",\"habilidades ling\u00fc\u00edsticas\",\"habilidades motoras\",\"habilidades sociales\",\"INFANTIL\",\"Inteligencia Emocional\",\"interacci\u00f3n social\",\"LENGUAJE\",\"madurez psicol\u00f3gica\",\"motricidad fina\",\"pensamiento abstracto\",\"Plasticidad cerebral\",\"reci\u00e9n nacido\",\"TABLA\",\"vocabulario\"],\"articleSection\":[\"Educaci\u00f3n y Familia\",\"Las m\u00e1s vistas\",\"Recursos\"],\"inLanguage\":\"es\",\"potentialAction\":[{\"@type\":\"CommentAction\",\"name\":\"Comment\",\"target\":[\"https:\\\/\\\/webdelmaestrocmf.com\\\/portal\\\/tabla-desarrollo-infantil-desde-0-8-anos\\\/#respond\"]}]},{\"@type\":\"WebPage\",\"@id\":\"https:\\\/\\\/webdelmaestrocmf.com\\\/portal\\\/tabla-desarrollo-infantil-desde-0-8-anos\\\/\",\"url\":\"https:\\\/\\\/webdelmaestrocmf.com\\\/portal\\\/tabla-desarrollo-infantil-desde-0-8-anos\\\/\",\"name\":\"desarrollo\",\"isPartOf\":{\"@id\":\"https:\\\/\\\/webdelmaestrocmf.com\\\/portal\\\/#website\"},\"primaryImageOfPage\":{\"@id\":\"https:\\\/\\\/webdelmaestrocmf.com\\\/portal\\\/tabla-desarrollo-infantil-desde-0-8-anos\\\/#primaryimage\"},\"image\":{\"@id\":\"https:\\\/\\\/webdelmaestrocmf.com\\\/portal\\\/tabla-desarrollo-infantil-desde-0-8-anos\\\/#primaryimage\"},\"thumbnailUrl\":\"https:\\\/\\\/webdelmaestrocmf.com\\\/portal\\\/wp-content\\\/uploads\\\/2021\\\/10\\\/DESARROLLO.jpg\",\"datePublished\":\"2021-10-26T00:13:34+00:00\",\"dateModified\":\"2023-08-10T03:32:03+00:00\",\"description\":\"Durante los primeros 8 a\u00f1os de vida de un ni\u00f1o ocurren much\u00edsimos cambios.\u00a0En tan solo algunos a\u00f1os pasa de ser un beb\u00e9 indefenso...\",\"breadcrumb\":{\"@id\":\"https:\\\/\\\/webdelmaestrocmf.com\\\/portal\\\/tabla-desarrollo-infantil-desde-0-8-anos\\\/#breadcrumb\"},\"inLanguage\":\"es\",\"potentialAction\":[{\"@type\":\"ReadAction\",\"target\":[\"https:\\\/\\\/webdelmaestrocmf.com\\\/portal\\\/tabla-desarrollo-infantil-desde-0-8-anos\\\/\"]}]},{\"@type\":\"ImageObject\",\"inLanguage\":\"es\",\"@id\":\"https:\\\/\\\/webdelmaestrocmf.com\\\/portal\\\/tabla-desarrollo-infantil-desde-0-8-anos\\\/#primaryimage\",\"url\":\"https:\\\/\\\/webdelmaestrocmf.com\\\/portal\\\/wp-content\\\/uploads\\\/2021\\\/10\\\/DESARROLLO.jpg\",\"contentUrl\":\"https:\\\/\\\/webdelmaestrocmf.com\\\/portal\\\/wp-content\\\/uploads\\\/2021\\\/10\\\/DESARROLLO.jpg\",\"width\":900,\"height\":556,\"caption\":\"desarrollo\"},{\"@type\":\"BreadcrumbList\",\"@id\":\"https:\\\/\\\/webdelmaestrocmf.com\\\/portal\\\/tabla-desarrollo-infantil-desde-0-8-anos\\\/#breadcrumb\",\"itemListElement\":[{\"@type\":\"ListItem\",\"position\":1,\"name\":\"Portada\",\"item\":\"https:\\\/\\\/webdelmaestrocmf.com\\\/portal\\\/\"},{\"@type\":\"ListItem\",\"position\":2,\"name\":\"Recursos\",\"item\":\"https:\\\/\\\/webdelmaestrocmf.com\\\/portal\\\/category\\\/pedagogia\\\/\"},{\"@type\":\"ListItem\",\"position\":3,\"name\":\"Tabla de desarrollo infantil desde 0 a 8 a\u00f1os\"}]},{\"@type\":\"WebSite\",\"@id\":\"https:\\\/\\\/webdelmaestrocmf.com\\\/portal\\\/#website\",\"url\":\"https:\\\/\\\/webdelmaestrocmf.com\\\/portal\\\/\",\"name\":\"Web del Maestro CMF\",\"description\":\"Maestros al servicio de la educaci\u00f3n\",\"publisher\":{\"@id\":\"https:\\\/\\\/webdelmaestrocmf.com\\\/portal\\\/#organization\"},\"alternateName\":\"WMCMF\",\"potentialAction\":[{\"@type\":\"SearchAction\",\"target\":{\"@type\":\"EntryPoint\",\"urlTemplate\":\"https:\\\/\\\/webdelmaestrocmf.com\\\/portal\\\/?s={search_term_string}\"},\"query-input\":{\"@type\":\"PropertyValueSpecification\",\"valueRequired\":true,\"valueName\":\"search_term_string\"}}],\"inLanguage\":\"es\"},{\"@type\":\"Organization\",\"@id\":\"https:\\\/\\\/webdelmaestrocmf.com\\\/portal\\\/#organization\",\"name\":\"Web del Maestro CMF\",\"alternateName\":\"WMCMF\",\"url\":\"https:\\\/\\\/webdelmaestrocmf.com\\\/portal\\\/\",\"logo\":{\"@type\":\"ImageObject\",\"inLanguage\":\"es\",\"@id\":\"https:\\\/\\\/webdelmaestrocmf.com\\\/portal\\\/#\\\/schema\\\/logo\\\/image\\\/\",\"url\":\"https:\\\/\\\/webdelmaestrocmf.com\\\/portal\\\/wp-content\\\/uploads\\\/2023\\\/01\\\/logo-wmcmf-2.png\",\"contentUrl\":\"https:\\\/\\\/webdelmaestrocmf.com\\\/portal\\\/wp-content\\\/uploads\\\/2023\\\/01\\\/logo-wmcmf-2.png\",\"width\":200,\"height\":60,\"caption\":\"Web del Maestro CMF\"},\"image\":{\"@id\":\"https:\\\/\\\/webdelmaestrocmf.com\\\/portal\\\/#\\\/schema\\\/logo\\\/image\\\/\"},\"sameAs\":[\"https:\\\/\\\/www.facebook.com\\\/WebdelMaestroCMF\\\/\",\"https:\\\/\\\/x.com\\\/cmf_w\",\"https:\\\/\\\/www.pinterest.com\\\/WMCMF\\\/\",\"https:\\\/\\\/www.linkedin.com\\\/company\\\/web-del-maestro-cmf\\\/\",\"https:\\\/\\\/www.instagram.com\\\/wmcmf\\\/\",\"https:\\\/\\\/www.youtube.com\\\/channel\\\/UCDPSvjbdodE5sHnC3OxutHw\",\"https:\\\/\\\/mastodon.social\\\/@wmcmf\",\"https:\\\/\\\/www.tiktok.com\\\/@webdelmaestrocmf\"]},{\"@type\":\"Person\",\"@id\":\"https:\\\/\\\/webdelmaestrocmf.com\\\/portal\\\/#\\\/schema\\\/person\\\/1072a2ed7bd960df8ef99a551fa35dc5\",\"name\":\"Web del Maestro CMF\",\"image\":{\"@type\":\"ImageObject\",\"inLanguage\":\"es\",\"@id\":\"https:\\\/\\\/secure.gravatar.com\\\/avatar\\\/23291dd5b5ae1077dcff3dbb04c3e02bd28403fa75af6d8787d5e97c5bbbe30b?s=96&d=mm&r=g\",\"url\":\"https:\\\/\\\/secure.gravatar.com\\\/avatar\\\/23291dd5b5ae1077dcff3dbb04c3e02bd28403fa75af6d8787d5e97c5bbbe30b?s=96&d=mm&r=g\",\"contentUrl\":\"https:\\\/\\\/secure.gravatar.com\\\/avatar\\\/23291dd5b5ae1077dcff3dbb04c3e02bd28403fa75af6d8787d5e97c5bbbe30b?s=96&d=mm&r=g\",\"caption\":\"Web del Maestro CMF\"},\"description\":\"Esta Web se cre\u00f3 sin fines de lucro, con fines educativos, cient\u00edficos y acad\u00e9micos, para personas que tengan dificultades y\\\/o inconvenientes en visualizar el material original. El objetivo es entregar recursos, compartir experiencias y materiales que ayuden a los padres de familia, maestros y estudiantes en su actualizaci\u00f3n y formaci\u00f3n permanente, en bien de la Educaci\u00f3n.\",\"sameAs\":[\"http:\\\/\\\/webdelmaestrocmf.com\\\/portal\",\"https:\\\/\\\/www.facebook.com\\\/WebdelMaestroCMF\\\/\",\"https:\\\/\\\/www.instagram.com\\\/wmcmf\\\/\",\"https:\\\/\\\/cl.linkedin.com\\\/company\\\/web-del-maestro-cmf\",\"https:\\\/\\\/www.pinterest.com\\\/WMCMF\\\/publicaciones\\\/\",\"https:\\\/\\\/x.com\\\/cmf_w\",\"https:\\\/\\\/www.youtube.com\\\/@WMCMF\"]}]}<\/script>\n<!-- \/ Yoast SEO plugin. -->","yoast_head_json":{"title":"desarrollo","description":"Durante los primeros 8 a\u00f1os de vida de un ni\u00f1o ocurren much\u00edsimos cambios.\u00a0En tan solo algunos a\u00f1os pasa de ser un beb\u00e9 indefenso...","robots":{"index":"index","follow":"follow","max-snippet":"max-snippet:-1","max-image-preview":"max-image-preview:large","max-video-preview":"max-video-preview:-1"},"canonical":"https:\/\/webdelmaestrocmf.com\/portal\/tabla-desarrollo-infantil-desde-0-8-anos\/","og_locale":"es_ES","og_type":"article","og_title":"desarrollo","og_description":"Durante los primeros 8 a\u00f1os de vida de un ni\u00f1o ocurren much\u00edsimos cambios.\u00a0En tan solo algunos a\u00f1os pasa de ser un beb\u00e9 indefenso...","og_url":"https:\/\/webdelmaestrocmf.com\/portal\/tabla-desarrollo-infantil-desde-0-8-anos\/","og_site_name":"Web del Maestro CMF","article_publisher":"https:\/\/www.facebook.com\/WebdelMaestroCMF\/","article_author":"https:\/\/www.facebook.com\/WebdelMaestroCMF\/","article_published_time":"2021-10-26T00:13:34+00:00","article_modified_time":"2023-08-10T03:32:03+00:00","og_image":[{"width":900,"height":556,"url":"https:\/\/i0.wp.com\/webdelmaestrocmf.com\/portal\/wp-content\/uploads\/2021\/10\/DESARROLLO.jpg?fit=900%2C556&ssl=1","type":"image\/jpeg"}],"author":"Web del Maestro CMF","twitter_card":"summary_large_image","twitter_creator":"@cmf_w","twitter_site":"@cmf_w","schema":{"@context":"https:\/\/schema.org","@graph":[{"@type":"ScholarlyArticle","@id":"https:\/\/webdelmaestrocmf.com\/portal\/tabla-desarrollo-infantil-desde-0-8-anos\/#article","isPartOf":{"@id":"https:\/\/webdelmaestrocmf.com\/portal\/tabla-desarrollo-infantil-desde-0-8-anos\/"},"author":{"name":"Web del Maestro CMF","@id":"https:\/\/webdelmaestrocmf.com\/portal\/#\/schema\/person\/1072a2ed7bd960df8ef99a551fa35dc5"},"headline":"Tabla de desarrollo infantil desde 0 a 8 a\u00f1os","datePublished":"2021-10-26T00:13:34+00:00","dateModified":"2023-08-10T03:32:03+00:00","mainEntityOfPage":{"@id":"https:\/\/webdelmaestrocmf.com\/portal\/tabla-desarrollo-infantil-desde-0-8-anos\/"},"wordCount":1437,"commentCount":1,"publisher":{"@id":"https:\/\/webdelmaestrocmf.com\/portal\/#organization"},"image":{"@id":"https:\/\/webdelmaestrocmf.com\/portal\/tabla-desarrollo-infantil-desde-0-8-anos\/#primaryimage"},"thumbnailUrl":"https:\/\/webdelmaestrocmf.com\/portal\/wp-content\/uploads\/2021\/10\/DESARROLLO.jpg","keywords":["Adquisici\u00f3n de habilidades","adquisici\u00f3n de vocabulario","amistades","AUTONOM\u00cdA","COMUNICACI\u00d3N","comunicaci\u00f3n infantil","construcci\u00f3n gramatical","control de movimientos","Cooperaci\u00f3n","coordinaci\u00f3n","CRECIMIENTO","desarrollo","desarrollo cognitivo","desarrollo del cerebro","desarrollo del lenguaje","Desarrollo emocional","DESARROLLO INFANTIL","desarrollo infantil temprano","desarrollo motor","desarrollo socioemocional","dominancia lateral","EMPAT\u00cdA","etapa preescolar","etapa temprana","etapas del desarrollo","evoluci\u00f3n psicol\u00f3gica","expresi\u00f3n verbal","habilidades cognitivas","habilidades de escritura","habilidades ling\u00fc\u00edsticas","habilidades motoras","habilidades sociales","INFANTIL","Inteligencia Emocional","interacci\u00f3n social","LENGUAJE","madurez psicol\u00f3gica","motricidad fina","pensamiento abstracto","Plasticidad cerebral","reci\u00e9n nacido","TABLA","vocabulario"],"articleSection":["Educaci\u00f3n y Familia","Las m\u00e1s vistas","Recursos"],"inLanguage":"es","potentialAction":[{"@type":"CommentAction","name":"Comment","target":["https:\/\/webdelmaestrocmf.com\/portal\/tabla-desarrollo-infantil-desde-0-8-anos\/#respond"]}]},{"@type":"WebPage","@id":"https:\/\/webdelmaestrocmf.com\/portal\/tabla-desarrollo-infantil-desde-0-8-anos\/","url":"https:\/\/webdelmaestrocmf.com\/portal\/tabla-desarrollo-infantil-desde-0-8-anos\/","name":"desarrollo","isPartOf":{"@id":"https:\/\/webdelmaestrocmf.com\/portal\/#website"},"primaryImageOfPage":{"@id":"https:\/\/webdelmaestrocmf.com\/portal\/tabla-desarrollo-infantil-desde-0-8-anos\/#primaryimage"},"image":{"@id":"https:\/\/webdelmaestrocmf.com\/portal\/tabla-desarrollo-infantil-desde-0-8-anos\/#primaryimage"},"thumbnailUrl":"https:\/\/webdelmaestrocmf.com\/portal\/wp-content\/uploads\/2021\/10\/DESARROLLO.jpg","datePublished":"2021-10-26T00:13:34+00:00","dateModified":"2023-08-10T03:32:03+00:00","description":"Durante los primeros 8 a\u00f1os de vida de un ni\u00f1o ocurren much\u00edsimos cambios.\u00a0En tan solo algunos a\u00f1os pasa de ser un beb\u00e9 indefenso...","breadcrumb":{"@id":"https:\/\/webdelmaestrocmf.com\/portal\/tabla-desarrollo-infantil-desde-0-8-anos\/#breadcrumb"},"inLanguage":"es","potentialAction":[{"@type":"ReadAction","target":["https:\/\/webdelmaestrocmf.com\/portal\/tabla-desarrollo-infantil-desde-0-8-anos\/"]}]},{"@type":"ImageObject","inLanguage":"es","@id":"https:\/\/webdelmaestrocmf.com\/portal\/tabla-desarrollo-infantil-desde-0-8-anos\/#primaryimage","url":"https:\/\/webdelmaestrocmf.com\/portal\/wp-content\/uploads\/2021\/10\/DESARROLLO.jpg","contentUrl":"https:\/\/webdelmaestrocmf.com\/portal\/wp-content\/uploads\/2021\/10\/DESARROLLO.jpg","width":900,"height":556,"caption":"desarrollo"},{"@type":"BreadcrumbList","@id":"https:\/\/webdelmaestrocmf.com\/portal\/tabla-desarrollo-infantil-desde-0-8-anos\/#breadcrumb","itemListElement":[{"@type":"ListItem","position":1,"name":"Portada","item":"https:\/\/webdelmaestrocmf.com\/portal\/"},{"@type":"ListItem","position":2,"name":"Recursos","item":"https:\/\/webdelmaestrocmf.com\/portal\/category\/pedagogia\/"},{"@type":"ListItem","position":3,"name":"Tabla de desarrollo infantil desde 0 a 8 a\u00f1os"}]},{"@type":"WebSite","@id":"https:\/\/webdelmaestrocmf.com\/portal\/#website","url":"https:\/\/webdelmaestrocmf.com\/portal\/","name":"Web del Maestro CMF","description":"Maestros al servicio de la educaci\u00f3n","publisher":{"@id":"https:\/\/webdelmaestrocmf.com\/portal\/#organization"},"alternateName":"WMCMF","potentialAction":[{"@type":"SearchAction","target":{"@type":"EntryPoint","urlTemplate":"https:\/\/webdelmaestrocmf.com\/portal\/?s={search_term_string}"},"query-input":{"@type":"PropertyValueSpecification","valueRequired":true,"valueName":"search_term_string"}}],"inLanguage":"es"},{"@type":"Organization","@id":"https:\/\/webdelmaestrocmf.com\/portal\/#organization","name":"Web del Maestro CMF","alternateName":"WMCMF","url":"https:\/\/webdelmaestrocmf.com\/portal\/","logo":{"@type":"ImageObject","inLanguage":"es","@id":"https:\/\/webdelmaestrocmf.com\/portal\/#\/schema\/logo\/image\/","url":"https:\/\/webdelmaestrocmf.com\/portal\/wp-content\/uploads\/2023\/01\/logo-wmcmf-2.png","contentUrl":"https:\/\/webdelmaestrocmf.com\/portal\/wp-content\/uploads\/2023\/01\/logo-wmcmf-2.png","width":200,"height":60,"caption":"Web del Maestro CMF"},"image":{"@id":"https:\/\/webdelmaestrocmf.com\/portal\/#\/schema\/logo\/image\/"},"sameAs":["https:\/\/www.facebook.com\/WebdelMaestroCMF\/","https:\/\/x.com\/cmf_w","https:\/\/www.pinterest.com\/WMCMF\/","https:\/\/www.linkedin.com\/company\/web-del-maestro-cmf\/","https:\/\/www.instagram.com\/wmcmf\/","https:\/\/www.youtube.com\/channel\/UCDPSvjbdodE5sHnC3OxutHw","https:\/\/mastodon.social\/@wmcmf","https:\/\/www.tiktok.com\/@webdelmaestrocmf"]},{"@type":"Person","@id":"https:\/\/webdelmaestrocmf.com\/portal\/#\/schema\/person\/1072a2ed7bd960df8ef99a551fa35dc5","name":"Web del Maestro CMF","image":{"@type":"ImageObject","inLanguage":"es","@id":"https:\/\/secure.gravatar.com\/avatar\/23291dd5b5ae1077dcff3dbb04c3e02bd28403fa75af6d8787d5e97c5bbbe30b?s=96&d=mm&r=g","url":"https:\/\/secure.gravatar.com\/avatar\/23291dd5b5ae1077dcff3dbb04c3e02bd28403fa75af6d8787d5e97c5bbbe30b?s=96&d=mm&r=g","contentUrl":"https:\/\/secure.gravatar.com\/avatar\/23291dd5b5ae1077dcff3dbb04c3e02bd28403fa75af6d8787d5e97c5bbbe30b?s=96&d=mm&r=g","caption":"Web del Maestro CMF"},"description":"Esta Web se cre\u00f3 sin fines de lucro, con fines educativos, cient\u00edficos y acad\u00e9micos, para personas que tengan dificultades y\/o inconvenientes en visualizar el material original. El objetivo es entregar recursos, compartir experiencias y materiales que ayuden a los padres de familia, maestros y estudiantes en su actualizaci\u00f3n y formaci\u00f3n permanente, en bien de la Educaci\u00f3n.","sameAs":["http:\/\/webdelmaestrocmf.com\/portal","https:\/\/www.facebook.com\/WebdelMaestroCMF\/","https:\/\/www.instagram.com\/wmcmf\/","https:\/\/cl.linkedin.com\/company\/web-del-maestro-cmf","https:\/\/www.pinterest.com\/WMCMF\/publicaciones\/","https:\/\/x.com\/cmf_w","https:\/\/www.youtube.com\/@WMCMF"]}]}},"jetpack_featured_media_url":"https:\/\/webdelmaestrocmf.com\/portal\/wp-content\/uploads\/2021\/10\/DESARROLLO.jpg","jetpack_sharing_enabled":true,"jetpack-related-posts":[{"id":89860,"url":"https:\/\/webdelmaestrocmf.com\/portal\/36-actividades-interactivas-para-infantil\/","url_meta":{"origin":22479,"position":0},"title":"36 actividades interactivas para Infantil","author":"Web del Maestro CMF","date":"6 junio, 2023","format":false,"excerpt":"Las actividades interactivas son una parte fundamental en el proceso de ense\u00f1anza y aprendizaje de los ni\u00f1os en edad preescolar o de educaci\u00f3n infantil. Estas actividades se basan en la participaci\u00f3n activa de los ni\u00f1os, estimulando su curiosidad, creatividad, habilidades cognitivas, emocionales, motoras y sociales. A trav\u00e9s de la interacci\u00f3n\u2026","rel":"","context":"En \u00abActividades\u00bb","block_context":{"text":"Actividades","link":"https:\/\/webdelmaestrocmf.com\/portal\/category\/pedagogia\/actividades\/"},"img":{"alt_text":"","src":"https:\/\/i0.wp.com\/webdelmaestrocmf.com\/portal\/wp-content\/uploads\/2023\/06\/A12B3C4D-2023-06-06T212339.247.jpg?resize=350%2C200&ssl=1","width":350,"height":200,"srcset":"https:\/\/i0.wp.com\/webdelmaestrocmf.com\/portal\/wp-content\/uploads\/2023\/06\/A12B3C4D-2023-06-06T212339.247.jpg?resize=350%2C200&ssl=1 1x, https:\/\/i0.wp.com\/webdelmaestrocmf.com\/portal\/wp-content\/uploads\/2023\/06\/A12B3C4D-2023-06-06T212339.247.jpg?resize=525%2C300&ssl=1 1.5x, https:\/\/i0.wp.com\/webdelmaestrocmf.com\/portal\/wp-content\/uploads\/2023\/06\/A12B3C4D-2023-06-06T212339.247.jpg?resize=700%2C400&ssl=1 2x"},"classes":[]},{"id":94124,"url":"https:\/\/webdelmaestrocmf.com\/portal\/etapas-del-desarrollo-de-piaget-y-por-que-son-tan-importantes\/","url_meta":{"origin":22479,"position":1},"title":"Etapas del desarrollo de Piaget y por qu\u00e9 son tan importantes","author":"Web del Maestro CMF","date":"5 septiembre, 2023","format":false,"excerpt":"Jean Piaget fue un psic\u00f3logo suizo que realiz\u00f3 importantes investigaciones sobre la cognici\u00f3n infantil. Sus teor\u00edas sobre las etapas del desarrollo infantil han sido muy influyentes en la educaci\u00f3n y en la psicolog\u00eda. Las teor\u00edas de Piaget se basan en la idea de que los ni\u00f1os aprenden a trav\u00e9s de\u2026","rel":"","context":"En \u00abDesarrollo\u00bb","block_context":{"text":"Desarrollo","link":"https:\/\/webdelmaestrocmf.com\/portal\/category\/pedagogia\/desarrollo\/"},"img":{"alt_text":"","src":"https:\/\/i0.wp.com\/webdelmaestrocmf.com\/portal\/wp-content\/uploads\/2023\/09\/A12B3C4D-12.jpg?resize=350%2C200&ssl=1","width":350,"height":200,"srcset":"https:\/\/i0.wp.com\/webdelmaestrocmf.com\/portal\/wp-content\/uploads\/2023\/09\/A12B3C4D-12.jpg?resize=350%2C200&ssl=1 1x, https:\/\/i0.wp.com\/webdelmaestrocmf.com\/portal\/wp-content\/uploads\/2023\/09\/A12B3C4D-12.jpg?resize=525%2C300&ssl=1 1.5x, https:\/\/i0.wp.com\/webdelmaestrocmf.com\/portal\/wp-content\/uploads\/2023\/09\/A12B3C4D-12.jpg?resize=700%2C400&ssl=1 2x"},"classes":[]},{"id":105444,"url":"https:\/\/webdelmaestrocmf.com\/portal\/la-estimulacion-temprana-guia-de-estimulacion-y-psicomotricidad-en-la-educacion-inicial\/","url_meta":{"origin":22479,"position":2},"title":"La estimulaci\u00f3n temprana: Gu\u00eda de estimulaci\u00f3n y psicomotricidad en la educaci\u00f3n inicial","author":"Web del Maestro CMF","date":"11 mayo, 2024","format":false,"excerpt":"La estimulaci\u00f3n temprana es un conjunto de actividades y t\u00e9cnicas dise\u00f1adas para potenciar el desarrollo integral de los ni\u00f1os desde el nacimiento hasta los seis a\u00f1os de edad. Esta etapa es crucial, ya que durante los primeros a\u00f1os de vida, el cerebro de un ni\u00f1o experimenta un r\u00e1pido crecimiento y\u2026","rel":"","context":"En \u00abInicial\u00bb","block_context":{"text":"Inicial","link":"https:\/\/webdelmaestrocmf.com\/portal\/category\/pedagogia\/inicial\/"},"img":{"alt_text":"","src":"https:\/\/i0.wp.com\/webdelmaestrocmf.com\/portal\/wp-content\/uploads\/2024\/05\/Banner-1-portada-imagen-10-1-96.jpg?resize=350%2C200&ssl=1","width":350,"height":200,"srcset":"https:\/\/i0.wp.com\/webdelmaestrocmf.com\/portal\/wp-content\/uploads\/2024\/05\/Banner-1-portada-imagen-10-1-96.jpg?resize=350%2C200&ssl=1 1x, https:\/\/i0.wp.com\/webdelmaestrocmf.com\/portal\/wp-content\/uploads\/2024\/05\/Banner-1-portada-imagen-10-1-96.jpg?resize=525%2C300&ssl=1 1.5x, https:\/\/i0.wp.com\/webdelmaestrocmf.com\/portal\/wp-content\/uploads\/2024\/05\/Banner-1-portada-imagen-10-1-96.jpg?resize=700%2C400&ssl=1 2x"},"classes":[]},{"id":95977,"url":"https:\/\/webdelmaestrocmf.com\/portal\/cuadernillo-con-actividades-para-desarrollar-con-su-nino-desde-casa\/","url_meta":{"origin":22479,"position":3},"title":"Cuadernillo con actividades para desarrollar con su ni\u00f1o desde casa","author":"Web del Maestro CMF","date":"26 septiembre, 2023","format":false,"excerpt":"En el mundo actual, donde la educaci\u00f3n y el desarrollo de los ni\u00f1os se han vuelto m\u00e1s flexibles y din\u00e1micos que nunca, los padres, madres, cuidadores y educadores se encuentran en una posici\u00f3n \u00fanica para influir en el crecimiento de los ni\u00f1os. Una herramienta valiosa en este proceso es el\u2026","rel":"","context":"En \u00abCuadernillos\u00bb","block_context":{"text":"Cuadernillos","link":"https:\/\/webdelmaestrocmf.com\/portal\/category\/pedagogia\/cuadernillos\/"},"img":{"alt_text":"casa","src":"https:\/\/i0.wp.com\/webdelmaestrocmf.com\/portal\/wp-content\/uploads\/2023\/09\/A12B3C4D-34-1.jpg?resize=350%2C200&ssl=1","width":350,"height":200,"srcset":"https:\/\/i0.wp.com\/webdelmaestrocmf.com\/portal\/wp-content\/uploads\/2023\/09\/A12B3C4D-34-1.jpg?resize=350%2C200&ssl=1 1x, https:\/\/i0.wp.com\/webdelmaestrocmf.com\/portal\/wp-content\/uploads\/2023\/09\/A12B3C4D-34-1.jpg?resize=525%2C300&ssl=1 1.5x, https:\/\/i0.wp.com\/webdelmaestrocmf.com\/portal\/wp-content\/uploads\/2023\/09\/A12B3C4D-34-1.jpg?resize=700%2C400&ssl=1 2x"},"classes":[]},{"id":94542,"url":"https:\/\/webdelmaestrocmf.com\/portal\/estas-son-las-habilidades-que-los-ninos-necesitan-desarrollar-en-preescolar-para-tener-exito-en-primer-grado\/","url_meta":{"origin":22479,"position":4},"title":"Estas son las habilidades que los ni\u00f1os necesitan desarrollar en preescolar, para tener \u00e9xito en primer grado","author":"Web del Maestro CMF","date":"10 septiembre, 2023","format":false,"excerpt":"El inicio de la educaci\u00f3n primaria es un hito significativo en la vida de un ni\u00f1o, marcando el comienzo de una traves\u00eda educativa que les acompa\u00f1ar\u00e1 a lo largo de su vida. Para que este viaje sea fruct\u00edfero, es esencial que los ni\u00f1os ingresen al primer grado de primaria con\u2026","rel":"","context":"En \u00abHabilidades\u00bb","block_context":{"text":"Habilidades","link":"https:\/\/webdelmaestrocmf.com\/portal\/category\/pedagogia\/habilidades\/"},"img":{"alt_text":"habilidades","src":"https:\/\/i0.wp.com\/webdelmaestrocmf.com\/portal\/wp-content\/uploads\/2023\/09\/A12B3C4D-10-1.jpg?resize=350%2C200&ssl=1","width":350,"height":200,"srcset":"https:\/\/i0.wp.com\/webdelmaestrocmf.com\/portal\/wp-content\/uploads\/2023\/09\/A12B3C4D-10-1.jpg?resize=350%2C200&ssl=1 1x, https:\/\/i0.wp.com\/webdelmaestrocmf.com\/portal\/wp-content\/uploads\/2023\/09\/A12B3C4D-10-1.jpg?resize=525%2C300&ssl=1 1.5x, https:\/\/i0.wp.com\/webdelmaestrocmf.com\/portal\/wp-content\/uploads\/2023\/09\/A12B3C4D-10-1.jpg?resize=700%2C400&ssl=1 2x"},"classes":[]},{"id":96469,"url":"https:\/\/webdelmaestrocmf.com\/portal\/cual-es-la-edad-idonea-para-que-los-ninos-aprendan-a-leer-y-escribir\/","url_meta":{"origin":22479,"position":5},"title":"\u00bfCu\u00e1l es la edad id\u00f3nea para que los ni\u00f1os aprendan a leer y escribir?","author":"Web del Maestro CMF","date":"3 octubre, 2023","format":false,"excerpt":"En un mundo donde la presi\u00f3n de las familias, la sociedad y, en ocasiones, los propios profesores, a menudo dicta el ritmo del aprendizaje de los ni\u00f1os, surge un dilema crucial: \u00bfcu\u00e1ndo es el momento adecuado para ense\u00f1ar a leer y escribir? Mientras que algunos pa\u00edses, como Finlandia y Alemania,\u2026","rel":"","context":"En \u00abEscribir\u00bb","block_context":{"text":"Escribir","link":"https:\/\/webdelmaestrocmf.com\/portal\/category\/pedagogia\/escribir\/"},"img":{"alt_text":"escribir y leer","src":"https:\/\/i0.wp.com\/webdelmaestrocmf.com\/portal\/wp-content\/uploads\/2023\/10\/Banner-1-portada-imagen-10-1-29.jpg?resize=350%2C200&ssl=1","width":350,"height":200,"srcset":"https:\/\/i0.wp.com\/webdelmaestrocmf.com\/portal\/wp-content\/uploads\/2023\/10\/Banner-1-portada-imagen-10-1-29.jpg?resize=350%2C200&ssl=1 1x, https:\/\/i0.wp.com\/webdelmaestrocmf.com\/portal\/wp-content\/uploads\/2023\/10\/Banner-1-portada-imagen-10-1-29.jpg?resize=525%2C300&ssl=1 1.5x, https:\/\/i0.wp.com\/webdelmaestrocmf.com\/portal\/wp-content\/uploads\/2023\/10\/Banner-1-portada-imagen-10-1-29.jpg?resize=700%2C400&ssl=1 2x"},"classes":[]}],"_links":{"self":[{"href":"https:\/\/webdelmaestrocmf.com\/portal\/wp-json\/wp\/v2\/posts\/22479","targetHints":{"allow":["GET"]}}],"collection":[{"href":"https:\/\/webdelmaestrocmf.com\/portal\/wp-json\/wp\/v2\/posts"}],"about":[{"href":"https:\/\/webdelmaestrocmf.com\/portal\/wp-json\/wp\/v2\/types\/post"}],"author":[{"embeddable":true,"href":"https:\/\/webdelmaestrocmf.com\/portal\/wp-json\/wp\/v2\/users\/1"}],"replies":[{"embeddable":true,"href":"https:\/\/webdelmaestrocmf.com\/portal\/wp-json\/wp\/v2\/comments?post=22479"}],"version-history":[{"count":0,"href":"https:\/\/webdelmaestrocmf.com\/portal\/wp-json\/wp\/v2\/posts\/22479\/revisions"}],"wp:featuredmedia":[{"embeddable":true,"href":"https:\/\/webdelmaestrocmf.com\/portal\/wp-json\/wp\/v2\/media\/77908"}],"wp:attachment":[{"href":"https:\/\/webdelmaestrocmf.com\/portal\/wp-json\/wp\/v2\/media?parent=22479"}],"wp:term":[{"taxonomy":"category","embeddable":true,"href":"https:\/\/webdelmaestrocmf.com\/portal\/wp-json\/wp\/v2\/categories?post=22479"},{"taxonomy":"post_tag","embeddable":true,"href":"https:\/\/webdelmaestrocmf.com\/portal\/wp-json\/wp\/v2\/tags?post=22479"}],"curies":[{"name":"wp","href":"https:\/\/api.w.org\/{rel}","templated":true}]}}