{"id":22463,"date":"2017-09-26T15:16:04","date_gmt":"2017-09-26T18:16:04","guid":{"rendered":"http:\/\/webdelmaestrocmf.com\/portal\/?p=22463"},"modified":"2021-10-23T19:54:08","modified_gmt":"2021-10-23T22:54:08","slug":"tarea-los-educadores-frente-al-enfado-ninos-adultos-parte-ii","status":"publish","type":"post","link":"https:\/\/webdelmaestrocmf.com\/portal\/tarea-los-educadores-frente-al-enfado-ninos-adultos-parte-ii\/","title":{"rendered":"Tarea de los educadores frente al enfado de ni\u00f1os (y de algunos adultos) &#8211; Parte II"},"content":{"rendered":"<h5 style=\"text-align: justify;\">El 27 de agosto del presente a\u00f1o, publicamos la primera parte del art\u00edculo:\u00a0<span style=\"text-decoration: underline;\"><a href=\"http:\/\/webdelmaestrocmf.com\/portal\/tarea-los-educadores-frente-al-enfado-ninos-adultos-parte-i\/\" target=\"_blank\" rel=\"noopener noreferrer\">TAREA DE LOS EDUCADORES FRENTE AL ENFADO DE NI\u00d1OS (Y DE ALGUNOS ADULTOS) &#8211; PARTE I.<\/a><\/span>\u00a0Continuando con el tema, les brindamos la segunda parte.<\/h5>\n<h5 style=\"text-align: justify;\">Habr\u00e1 muchos padres y maestros que s\u00ed, pero estoy segura, nos dice la Terapeuta emocional y Pedagoga Yaiza, en su Portal YaiYoga, de que la mayor\u00eda tiene que responder un ROTUNDO NO a estas 3 preguntas.<\/h5>\n<p><!--more--><\/p>\n<h5>TAREA DE LOS EDUCADORES FRENTE AL ENFADO DE NI\u00d1OS (Y DE ALGUNOS ADULTOS) &#8211; PARTE II<\/h5>\n<p style=\"text-align: justify;\">Tambi\u00e9n suele suceder, que en la casa y\/o en la escuela, <strong>nos quejamos<\/strong> de los continuos enfados de un ni\u00f1o(a), entonces es bueno hacernos estas tres preguntas:<\/p>\n<ol style=\"text-align: justify;\">\n<li>\u00bfLes damos las <strong>herramientas adecuadas<\/strong> para que sepan o eviten que su enfado llegue a un nivel alto y m\u00e1s dif\u00edcil de calmar?<\/li>\n<li>\u00bfLes damos las <strong>herramientas suficientes<\/strong> para que un ni\u00f1o sepa reconocer que est\u00e1 enfadado y que desde ah\u00ed pueda resolver casi por s\u00ed mismo esa situaci\u00f3n?<\/li>\n<li>\u00bfLes <strong>ense\u00f1amos herramientas<\/strong> con las que entiendan que enfadarse no sirve en la mayor\u00eda de los casos para algo bueno?<\/li>\n<\/ol>\n<p style=\"text-align: justify;\">Habr\u00e1 muchos padres y maestros que s\u00ed, pero estoy segura, nos dice la Terapeuta emocional y Pedagoga Yaiza, en su Portal YaiYoga, de que la mayor\u00eda tiene que responder un ROTUNDO NO a estas 3 preguntas.<\/p>\n<p style=\"text-align: justify;\">\u201cCuando un ni\u00f1o se enfada los adultos solemos<strong> atacar al ni\u00f1o en vez de al enfado<\/strong>. Muchas veces parece que a nosotros mismos <strong>nos enfada que ellos se enfaden<\/strong> una y otra vez por las mismas cosas. \u00bfY esto no tiene sentido verdad? \u00bfC\u00f3mo nos vamos a enfadar porque un ni\u00f1o se enfada, cuando tambi\u00e9n <strong>nos estamos enfadando nosotros<\/strong>? No tiene sentido, pero es habitual que suceda esto, y <strong>no nos paramos a pensar<\/strong> en ello lo suficiente. <strong>El enfado controla a ni\u00f1o y adulto<\/strong> y todo gira en torno a una espiral de rabietas, gritos, llanto y estr\u00e9s, mucho estr\u00e9s\u201d. Le recomendamos este enlace: <span style=\"text-decoration: underline;\"><a href=\"http:\/\/www.yaiyoga.es\/2015\/04\/tecnicas-para-trabajar-la-rabia-con.html#more\" target=\"_blank\" rel=\"noopener noreferrer\"><strong>T\u00c9CNICAS PARA TRABAJAR LA RABIA CON NI\u00d1OS<\/strong>.<\/a><\/span><\/p>\n<p style=\"text-align: justify;\">No podemos pretender que los estudiantes no se enfaden, o lo hagan en menor medida, si no les damos las herramientas suficientes para que sean capaces de controlarse, y aqu\u00ed tenemos una opini\u00f3n, sobre cinco sencillos pasos f\u00e1ciles de seguir para poder \u00abdomar\u00bb al mal genio:<\/p>\n<ol style=\"text-align: justify;\">\n<li><strong>Conocer lo que le saca de sus casillas<\/strong>: As\u00ed podr\u00e1 ver venir el posible enfado y atajarlo cuanto antes.<\/li>\n<li><strong>Reconocer las se\u00f1ales<\/strong> que emite su cuerpo cuando se va a enfadar: calor, temblores, dolor&#8230;<\/li>\n<li><strong>Detenerse y pensar<\/strong>: \u00bfQu\u00e9 siento? \u00bfqu\u00e9 ha hecho que me enfade?<\/li>\n<li><strong>\u00abEnjaular\u00bb su rabia<\/strong>: Alejarse del motivo del enfado, intentar controlarlo, recuperar la calma. Decirse: \u00a1Eres m\u00e1s fuerte!<\/li>\n<li><strong>Decidir qu\u00e9 hacer<\/strong>: Hablarlo, expresar su opini\u00f3n y sus sentimientos son opciones muy v\u00e1lidas.<\/li>\n<\/ol>\n<p style=\"text-align: justify;\">Luego, ser\u00e1 muy beneficioso (aunque no siempre sencillo) el preparase a tener una <strong>conversaci\u00f3n<\/strong> con la persona causante del enfado y poder explicarle c\u00f3mo se ve el problema; <strong>escuchar<\/strong> lo que piensa para entender lo que ha pasado; <strong>explicarle<\/strong> c\u00f3mo nos sentimos para que queden claros sus efectos; y finalmente, c\u00f3mo intentar exponer ideas para <strong>resolver<\/strong> el conflicto y elegir una para ponerla en pr\u00e1ctica. Esta es la opini\u00f3n de Elizabeth Verdick y Marjorie Lisovskis, en su libro \u00abC\u00f3mo quitar el \u00abgrrrr\u00bb al enfado\u00bb (Eleftheria, 2017), analizado por M\u00f3nica Setien (ABC, Espa\u00f1a): <span style=\"text-decoration: underline;\"><a href=\"http:\/\/www.abc.es\/familia\/educacion\/abci-pequena-ayuda-para-ninos-controlen-enfados-201707271645_noticia.html\" target=\"_blank\" rel=\"noopener noreferrer\"><strong>UNA PEQUE\u00d1A AYUDA PARA QUE LOS NI\u00d1OS CONTROLEN SUS ENFADOS. <\/strong><\/a><\/span><\/p>\n<p style=\"text-align: justify;\">Aunque nos hemos aproximado (sobre todo) a la parte que corresponde a la escuela, es bueno saber que estas emociones de enfado <strong>no hacen discriminaci\u00f3n<\/strong> alguna. Si desea saber un poco m\u00e1s sobre <strong>c\u00f3mo enfrentar, gestionar o manejar<\/strong> los casos de enfados o rabietas o pataletas de sus hijos y\/o estudiantes, de padres de familia, o de directivos, o de profesores, sabiendo que esa conducta puede aparecer en cualquier momento, en cualquier lugar y en cualquier temporada acad\u00e9mica; le sugerimos este v\u00ednculo <span style=\"text-decoration: underline;\"><a href=\"http:\/\/www.goodcharacter.com\/GROARK\/enojo.html\" target=\"_blank\" rel=\"noopener noreferrer\"><strong>GU\u00cdA DE DISCUSI\u00d3N: CONTROLAR EL ENOJO.<\/strong><\/a><\/span><\/p>\n<p style=\"text-align: justify;\">David Goleman, sobre el tema, nos aconseja:<strong> \u201c<\/strong>En primer lugar debemos de tratar de <strong>quitarles raz\u00f3n<\/strong> a las convicciones que <strong>alimentan el enfado<\/strong>. Cuantas m\u00e1s vueltas le demos a los motivos que nos llevaron al enojo, m\u00e1s \u201cbuenas razones\u201d y <strong>m\u00e1s justificaciones encontraremos <\/strong>para seguir enfadados. Los <strong>pensamientos obsesivos<\/strong> son la le\u00f1a que alimenta el fuego de la ira, un fuego que solamente podr\u00e1 extinguirse contemplando las cosas desde un punto de vista diferente. Uno de los remedios m\u00e1s poderoso para acabar con el enfado consiste en <strong>volver a encuadrar la situaci\u00f3n <\/strong>en un marco m\u00e1s positivo (repensar los motivos desde una \u00f3ptica distinta)\u201d. \u201cEl enfado es una emoci\u00f3n muy intensa que secuestra el cerebro. Cuando el enfado nos atrapa hace que se nos reorganice la memoria hasta el punto de que uno <strong>puede olvidarse<\/strong>, en plena discusi\u00f3n, de <strong>porqu\u00e9 ha empezado<\/strong>\u201d. El Papa Francisco dice: \u201cpara hacer las paces no es necesario llamar a las Naciones Unidas [\u2026]. Es suficiente un peque\u00f1o gesto, una caricia, y adi\u00f3s. Y \u00a1hasta ma\u00f1ana! Y ma\u00f1ana se comienza otra vez. <strong>Esta es la vida<\/strong>, llevarla adelante as\u00ed, llevarla adelante con el valor de querer vivirla juntos. Y esto es grande, es hermoso\u201d (02\/04\/2014).<\/p>\n<p style=\"text-align: center;\"><em>\u201cCuando crezcas, descubrir\u00e1s que ya defendiste mentiras, te enga\u00f1aste a ti mismo o sufriste por tonter\u00edas. Si eres un buen guerrero, no te culpar\u00e1s por ello, pero tampoco dejar\u00e1s que tus errores se repitan\u201d<\/em> (Paulo Coelho)<\/p>\n<p style=\"text-align: right;\"><strong>REDACCI\u00d3N WEB DELMAESTRO CMF<\/strong><\/p>\n\t\t<div class=\"pk-inline-posts\">\n\t\t\t\n\t\t\t<div class=\"pk-inline-posts-container pk-inline-posts-template-list\"\n\t\t\t\tdata-columns=\"1\">\n\t\t\t\t\t\t<article id=\"post-118333\" class=\"post-118333 post type-post status-publish format-standard has-post-thumbnail category-jamb tag-apego tag-crianza tag-docentes tag-educacion tag-escuela tag-familia tag-infancia tag-responsabilidad tag-vinculo cs-entry cs-video-wrap\">\n\t\t\t<div class=\"pk-post-outer\">\n\n\t\t\t\t\t\t\t\t<div class=\"pk-post-inner\">\n\t\t\t\t\t<div class=\"entry-thumbnail\">\n\t\t\t\t\t\t<div class=\"pk-overlay pk-overlay-ratio pk-ratio-landscape\">\n\t\t\t\t\t\t\t<div class=\"pk-overlay-background\">\n\t\t\t\t\t\t\t\t<a href=\"https:\/\/webdelmaestrocmf.com\/portal\/el-sistema-nos-rompe-a-todos-y-a-los-ninos-primero\/\" class=\"pk-overlay-link\">\n\t\t\t\t\t\t\t\t\t<img loading=\"lazy\" decoding=\"async\" width=\"300\" height=\"225\" src=\"https:\/\/webdelmaestrocmf.com\/portal\/wp-content\/uploads\/2026\/04\/1AA-Banner-1-portada-imagen-10-1-copia-2-300x225.jpg\" class=\"attachment-pk-thumbnail size-pk-thumbnail wp-post-image\" alt=\"\" \/>\t\t\t\t\t\t\t\t<\/a>\n\t\t\t\t\t\t\t<\/div>\n\t\t\t\t\t\t<\/div>\n\t\t\t\t\t<\/div>\n\t\t\t\t<\/div>\n\t\t\t\t\n\t\t\t\t<div class=\"pk-post-inner\">\n\t\t\t\t\t<header>\n\t\t\t\t\t\t<h3 class=\"pk-title\"><a href=\"https:\/\/webdelmaestrocmf.com\/portal\/el-sistema-nos-rompe-a-todos-y-a-los-ninos-primero\/\" rel=\"bookmark\">El sistema nos rompe a todos\u2026 y a los ni\u00f1os primero<\/a><\/h3>\t\t\t\t\t<\/header><!-- .entry-header -->\n\t\t\t\t<\/div><!-- .post-inner -->\n\n\t\t\t<\/div><!-- .post-outer -->\n\t\t<\/article>\n\t\t\t\t<\/div>\n\t\t<\/div>\n\t\t\n","protected":false},"excerpt":{"rendered":"El 27 de agosto del presente a\u00f1o, publicamos la primera parte del art\u00edculo:\u00a0TAREA DE LOS EDUCADORES FRENTE AL&hellip;","protected":false},"author":2,"featured_media":69750,"comment_status":"open","ping_status":"closed","sticky":false,"template":"","format":"standard","meta":{"csco_display_header_overlay":false,"csco_singular_sidebar":"default","csco_page_header_type":"default","csco_page_load_nextpost":"default","csco_post_video_location":[],"csco_post_video_location_hash":"","csco_post_video_url":"","csco_post_video_bg_start_time":0,"csco_post_video_bg_end_time":0,"csco_post_video_bg_volume":false,"_jetpack_memberships_contains_paid_content":false,"footnotes":""},"categories":[61],"tags":[1016,2675,64,2673,297,2795,2133,1253,1594,2796],"class_list":{"0":"post-22463","1":"post","2":"type-post","3":"status-publish","4":"format-standard","5":"has-post-thumbnail","7":"category-jamb","8":"tag-adultos","9":"tag-control","10":"tag-educadores","11":"tag-enfado","12":"tag-ninos","13":"tag-parte-ii","14":"tag-rabia","15":"tag-tarea","16":"tag-tecnicas","17":"tag-trabajar-la","18":"cs-entry","19":"cs-video-wrap"},"yoast_head":"<!-- This site is optimized with the Yoast SEO plugin v27.5 - https:\/\/yoast.com\/product\/yoast-seo-wordpress\/ -->\n<title>Tarea de los educadores frente al enfado de ni\u00f1os (y de algunos adultos) - Parte II<\/title>\n<meta name=\"description\" content=\"Tambi\u00e9n suele suceder, que en la casa y\/o en la escuela, nos quejamos de los continuos enfados de un ni\u00f1o(a), entonces es bueno hacernos...\" \/>\n<meta name=\"robots\" content=\"index, follow, max-snippet:-1, max-image-preview:large, max-video-preview:-1\" \/>\n<link rel=\"canonical\" href=\"https:\/\/webdelmaestrocmf.com\/portal\/tarea-los-educadores-frente-al-enfado-ninos-adultos-parte-ii\/\" \/>\n<meta property=\"og:locale\" content=\"es_ES\" \/>\n<meta property=\"og:type\" content=\"article\" \/>\n<meta property=\"og:title\" content=\"Tarea de los educadores frente al enfado de ni\u00f1os (y de algunos adultos) - Parte II\" \/>\n<meta property=\"og:description\" content=\"Tambi\u00e9n suele suceder, que en la casa y\/o en la escuela, nos quejamos de los continuos enfados de un ni\u00f1o(a), entonces es bueno hacernos...\" \/>\n<meta property=\"og:url\" content=\"https:\/\/webdelmaestrocmf.com\/portal\/tarea-los-educadores-frente-al-enfado-ninos-adultos-parte-ii\/\" \/>\n<meta property=\"og:site_name\" content=\"Web del Maestro CMF\" \/>\n<meta property=\"article:publisher\" content=\"https:\/\/www.facebook.com\/WebdelMaestroCMF\/\" \/>\n<meta property=\"article:author\" content=\"https:\/\/www.facebook.com\/WebdelMaestroCMF\/\" \/>\n<meta property=\"article:published_time\" content=\"2017-09-26T18:16:04+00:00\" \/>\n<meta property=\"article:modified_time\" content=\"2021-10-23T22:54:08+00:00\" \/>\n<meta property=\"og:image\" content=\"https:\/\/i0.wp.com\/webdelmaestrocmf.com\/portal\/wp-content\/uploads\/2017\/09\/a2.jpg?fit=1100%2C680&ssl=1\" \/>\n\t<meta property=\"og:image:width\" content=\"1100\" \/>\n\t<meta property=\"og:image:height\" content=\"680\" \/>\n\t<meta property=\"og:image:type\" content=\"image\/jpeg\" \/>\n<meta name=\"author\" content=\"Web del Maestro CMF\" \/>\n<meta name=\"twitter:card\" content=\"summary_large_image\" \/>\n<meta name=\"twitter:creator\" content=\"@cmf_w\" \/>\n<meta name=\"twitter:site\" content=\"@cmf_w\" \/>\n<script type=\"application\/ld+json\" class=\"yoast-schema-graph\">{\"@context\":\"https:\\\/\\\/schema.org\",\"@graph\":[{\"@type\":\"ScholarlyArticle\",\"@id\":\"https:\\\/\\\/webdelmaestrocmf.com\\\/portal\\\/tarea-los-educadores-frente-al-enfado-ninos-adultos-parte-ii\\\/#article\",\"isPartOf\":{\"@id\":\"https:\\\/\\\/webdelmaestrocmf.com\\\/portal\\\/tarea-los-educadores-frente-al-enfado-ninos-adultos-parte-ii\\\/\"},\"author\":{\"name\":\"Web del Maestro CMF\",\"@id\":\"https:\\\/\\\/webdelmaestrocmf.com\\\/portal\\\/#\\\/schema\\\/person\\\/ebc57e23d318c9c4270c6f41367015b5\"},\"headline\":\"Tarea de los educadores frente al enfado de ni\u00f1os (y de algunos adultos) &#8211; Parte II\",\"datePublished\":\"2017-09-26T18:16:04+00:00\",\"dateModified\":\"2021-10-23T22:54:08+00:00\",\"mainEntityOfPage\":{\"@id\":\"https:\\\/\\\/webdelmaestrocmf.com\\\/portal\\\/tarea-los-educadores-frente-al-enfado-ninos-adultos-parte-ii\\\/\"},\"wordCount\":970,\"commentCount\":0,\"publisher\":{\"@id\":\"https:\\\/\\\/webdelmaestrocmf.com\\\/portal\\\/#organization\"},\"image\":{\"@id\":\"https:\\\/\\\/webdelmaestrocmf.com\\\/portal\\\/tarea-los-educadores-frente-al-enfado-ninos-adultos-parte-ii\\\/#primaryimage\"},\"thumbnailUrl\":\"https:\\\/\\\/webdelmaestrocmf.com\\\/portal\\\/wp-content\\\/uploads\\\/2017\\\/09\\\/a2.jpg\",\"keywords\":[\"ADULTOS\",\"CONTROL\",\"Educadores\",\"ENFADO\",\"Ni\u00f1os\",\"PARTE II\",\"RABIA\",\"TAREA\",\"T\u00c9CNICAS\",\"TRABAJAR LA\"],\"articleSection\":[\"Yo opino - WMCMF\"],\"inLanguage\":\"es\",\"potentialAction\":[{\"@type\":\"CommentAction\",\"name\":\"Comment\",\"target\":[\"https:\\\/\\\/webdelmaestrocmf.com\\\/portal\\\/tarea-los-educadores-frente-al-enfado-ninos-adultos-parte-ii\\\/#respond\"]}]},{\"@type\":\"WebPage\",\"@id\":\"https:\\\/\\\/webdelmaestrocmf.com\\\/portal\\\/tarea-los-educadores-frente-al-enfado-ninos-adultos-parte-ii\\\/\",\"url\":\"https:\\\/\\\/webdelmaestrocmf.com\\\/portal\\\/tarea-los-educadores-frente-al-enfado-ninos-adultos-parte-ii\\\/\",\"name\":\"Tarea de los educadores frente al enfado de ni\u00f1os (y de algunos adultos) - Parte II\",\"isPartOf\":{\"@id\":\"https:\\\/\\\/webdelmaestrocmf.com\\\/portal\\\/#website\"},\"primaryImageOfPage\":{\"@id\":\"https:\\\/\\\/webdelmaestrocmf.com\\\/portal\\\/tarea-los-educadores-frente-al-enfado-ninos-adultos-parte-ii\\\/#primaryimage\"},\"image\":{\"@id\":\"https:\\\/\\\/webdelmaestrocmf.com\\\/portal\\\/tarea-los-educadores-frente-al-enfado-ninos-adultos-parte-ii\\\/#primaryimage\"},\"thumbnailUrl\":\"https:\\\/\\\/webdelmaestrocmf.com\\\/portal\\\/wp-content\\\/uploads\\\/2017\\\/09\\\/a2.jpg\",\"datePublished\":\"2017-09-26T18:16:04+00:00\",\"dateModified\":\"2021-10-23T22:54:08+00:00\",\"description\":\"Tambi\u00e9n suele suceder, que en la casa y\\\/o en la escuela, nos quejamos de los continuos enfados de un ni\u00f1o(a), entonces es bueno hacernos...\",\"breadcrumb\":{\"@id\":\"https:\\\/\\\/webdelmaestrocmf.com\\\/portal\\\/tarea-los-educadores-frente-al-enfado-ninos-adultos-parte-ii\\\/#breadcrumb\"},\"inLanguage\":\"es\",\"potentialAction\":[{\"@type\":\"ReadAction\",\"target\":[\"https:\\\/\\\/webdelmaestrocmf.com\\\/portal\\\/tarea-los-educadores-frente-al-enfado-ninos-adultos-parte-ii\\\/\"]}]},{\"@type\":\"ImageObject\",\"inLanguage\":\"es\",\"@id\":\"https:\\\/\\\/webdelmaestrocmf.com\\\/portal\\\/tarea-los-educadores-frente-al-enfado-ninos-adultos-parte-ii\\\/#primaryimage\",\"url\":\"https:\\\/\\\/webdelmaestrocmf.com\\\/portal\\\/wp-content\\\/uploads\\\/2017\\\/09\\\/a2.jpg\",\"contentUrl\":\"https:\\\/\\\/webdelmaestrocmf.com\\\/portal\\\/wp-content\\\/uploads\\\/2017\\\/09\\\/a2.jpg\",\"width\":1100,\"height\":680},{\"@type\":\"BreadcrumbList\",\"@id\":\"https:\\\/\\\/webdelmaestrocmf.com\\\/portal\\\/tarea-los-educadores-frente-al-enfado-ninos-adultos-parte-ii\\\/#breadcrumb\",\"itemListElement\":[{\"@type\":\"ListItem\",\"position\":1,\"name\":\"Portada\",\"item\":\"https:\\\/\\\/webdelmaestrocmf.com\\\/portal\\\/\"},{\"@type\":\"ListItem\",\"position\":2,\"name\":\"Yo opino - WMCMF\",\"item\":\"https:\\\/\\\/webdelmaestrocmf.com\\\/portal\\\/category\\\/jamb\\\/\"},{\"@type\":\"ListItem\",\"position\":3,\"name\":\"Tarea de los educadores frente al enfado de ni\u00f1os (y de algunos adultos) &#8211; Parte II\"}]},{\"@type\":\"WebSite\",\"@id\":\"https:\\\/\\\/webdelmaestrocmf.com\\\/portal\\\/#website\",\"url\":\"https:\\\/\\\/webdelmaestrocmf.com\\\/portal\\\/\",\"name\":\"Web del Maestro CMF\",\"description\":\"Maestros al servicio de la educaci\u00f3n\",\"publisher\":{\"@id\":\"https:\\\/\\\/webdelmaestrocmf.com\\\/portal\\\/#organization\"},\"alternateName\":\"WMCMF\",\"potentialAction\":[{\"@type\":\"SearchAction\",\"target\":{\"@type\":\"EntryPoint\",\"urlTemplate\":\"https:\\\/\\\/webdelmaestrocmf.com\\\/portal\\\/?s={search_term_string}\"},\"query-input\":{\"@type\":\"PropertyValueSpecification\",\"valueRequired\":true,\"valueName\":\"search_term_string\"}}],\"inLanguage\":\"es\"},{\"@type\":\"Organization\",\"@id\":\"https:\\\/\\\/webdelmaestrocmf.com\\\/portal\\\/#organization\",\"name\":\"Web del Maestro CMF\",\"alternateName\":\"WMCMF\",\"url\":\"https:\\\/\\\/webdelmaestrocmf.com\\\/portal\\\/\",\"logo\":{\"@type\":\"ImageObject\",\"inLanguage\":\"es\",\"@id\":\"https:\\\/\\\/webdelmaestrocmf.com\\\/portal\\\/#\\\/schema\\\/logo\\\/image\\\/\",\"url\":\"https:\\\/\\\/webdelmaestrocmf.com\\\/portal\\\/wp-content\\\/uploads\\\/2023\\\/01\\\/logo-wmcmf-2.png\",\"contentUrl\":\"https:\\\/\\\/webdelmaestrocmf.com\\\/portal\\\/wp-content\\\/uploads\\\/2023\\\/01\\\/logo-wmcmf-2.png\",\"width\":200,\"height\":60,\"caption\":\"Web del Maestro CMF\"},\"image\":{\"@id\":\"https:\\\/\\\/webdelmaestrocmf.com\\\/portal\\\/#\\\/schema\\\/logo\\\/image\\\/\"},\"sameAs\":[\"https:\\\/\\\/www.facebook.com\\\/WebdelMaestroCMF\\\/\",\"https:\\\/\\\/x.com\\\/cmf_w\",\"https:\\\/\\\/www.pinterest.com\\\/WMCMF\\\/\",\"https:\\\/\\\/www.linkedin.com\\\/company\\\/web-del-maestro-cmf\\\/\",\"https:\\\/\\\/www.instagram.com\\\/wmcmf\\\/\",\"https:\\\/\\\/www.youtube.com\\\/channel\\\/UCDPSvjbdodE5sHnC3OxutHw\",\"https:\\\/\\\/mastodon.social\\\/@wmcmf\",\"https:\\\/\\\/www.tiktok.com\\\/@webdelmaestrocmf\"]},{\"@type\":\"Person\",\"@id\":\"https:\\\/\\\/webdelmaestrocmf.com\\\/portal\\\/#\\\/schema\\\/person\\\/ebc57e23d318c9c4270c6f41367015b5\",\"name\":\"Web del Maestro CMF\",\"image\":{\"@type\":\"ImageObject\",\"inLanguage\":\"es\",\"@id\":\"https:\\\/\\\/secure.gravatar.com\\\/avatar\\\/718b2df46e711f63dc8c16a160d16cc0104e961fe3c231eaaed2426975fc5e2d?s=96&d=mm&r=g\",\"url\":\"https:\\\/\\\/secure.gravatar.com\\\/avatar\\\/718b2df46e711f63dc8c16a160d16cc0104e961fe3c231eaaed2426975fc5e2d?s=96&d=mm&r=g\",\"contentUrl\":\"https:\\\/\\\/secure.gravatar.com\\\/avatar\\\/718b2df46e711f63dc8c16a160d16cc0104e961fe3c231eaaed2426975fc5e2d?s=96&d=mm&r=g\",\"caption\":\"Web del Maestro CMF\"},\"description\":\"Esta Web se cre\u00f3 sin fines de lucro, con fines educativos, cient\u00edficos y acad\u00e9micos, para personas que tengan dificultades y\\\/o inconvenientes en visualizar el material original. El objetivo es entregar recursos, compartir experiencias y materiales que ayuden a los padres de familia, maestros y estudiantes en su actualizaci\u00f3n y formaci\u00f3n permanente, en bien de la Educaci\u00f3n.\",\"sameAs\":[\"http:\\\/\\\/webdelmaestrocmf.com\\\/portal\",\"https:\\\/\\\/www.facebook.com\\\/WebdelMaestroCMF\\\/\",\"https:\\\/\\\/www.instagram.com\\\/wmcmf\\\/\",\"https:\\\/\\\/cl.linkedin.com\\\/company\\\/web-del-maestro-cmf\",\"https:\\\/\\\/www.pinterest.com\\\/WMCMF\\\/publicaciones\\\/\",\"https:\\\/\\\/x.com\\\/cmf_w\",\"https:\\\/\\\/www.youtube.com\\\/@WMCMF\"]}]}<\/script>\n<!-- \/ Yoast SEO plugin. -->","yoast_head_json":{"title":"Tarea de los educadores frente al enfado de ni\u00f1os (y de algunos adultos) - Parte II","description":"Tambi\u00e9n suele suceder, que en la casa y\/o en la escuela, nos quejamos de los continuos enfados de un ni\u00f1o(a), entonces es bueno hacernos...","robots":{"index":"index","follow":"follow","max-snippet":"max-snippet:-1","max-image-preview":"max-image-preview:large","max-video-preview":"max-video-preview:-1"},"canonical":"https:\/\/webdelmaestrocmf.com\/portal\/tarea-los-educadores-frente-al-enfado-ninos-adultos-parte-ii\/","og_locale":"es_ES","og_type":"article","og_title":"Tarea de los educadores frente al enfado de ni\u00f1os (y de algunos adultos) - Parte II","og_description":"Tambi\u00e9n suele suceder, que en la casa y\/o en la escuela, nos quejamos de los continuos enfados de un ni\u00f1o(a), entonces es bueno hacernos...","og_url":"https:\/\/webdelmaestrocmf.com\/portal\/tarea-los-educadores-frente-al-enfado-ninos-adultos-parte-ii\/","og_site_name":"Web del Maestro CMF","article_publisher":"https:\/\/www.facebook.com\/WebdelMaestroCMF\/","article_author":"https:\/\/www.facebook.com\/WebdelMaestroCMF\/","article_published_time":"2017-09-26T18:16:04+00:00","article_modified_time":"2021-10-23T22:54:08+00:00","og_image":[{"width":1100,"height":680,"url":"https:\/\/i0.wp.com\/webdelmaestrocmf.com\/portal\/wp-content\/uploads\/2017\/09\/a2.jpg?fit=1100%2C680&ssl=1","type":"image\/jpeg"}],"author":"Web del Maestro CMF","twitter_card":"summary_large_image","twitter_creator":"@cmf_w","twitter_site":"@cmf_w","schema":{"@context":"https:\/\/schema.org","@graph":[{"@type":"ScholarlyArticle","@id":"https:\/\/webdelmaestrocmf.com\/portal\/tarea-los-educadores-frente-al-enfado-ninos-adultos-parte-ii\/#article","isPartOf":{"@id":"https:\/\/webdelmaestrocmf.com\/portal\/tarea-los-educadores-frente-al-enfado-ninos-adultos-parte-ii\/"},"author":{"name":"Web del Maestro CMF","@id":"https:\/\/webdelmaestrocmf.com\/portal\/#\/schema\/person\/ebc57e23d318c9c4270c6f41367015b5"},"headline":"Tarea de los educadores frente al enfado de ni\u00f1os (y de algunos adultos) &#8211; Parte II","datePublished":"2017-09-26T18:16:04+00:00","dateModified":"2021-10-23T22:54:08+00:00","mainEntityOfPage":{"@id":"https:\/\/webdelmaestrocmf.com\/portal\/tarea-los-educadores-frente-al-enfado-ninos-adultos-parte-ii\/"},"wordCount":970,"commentCount":0,"publisher":{"@id":"https:\/\/webdelmaestrocmf.com\/portal\/#organization"},"image":{"@id":"https:\/\/webdelmaestrocmf.com\/portal\/tarea-los-educadores-frente-al-enfado-ninos-adultos-parte-ii\/#primaryimage"},"thumbnailUrl":"https:\/\/webdelmaestrocmf.com\/portal\/wp-content\/uploads\/2017\/09\/a2.jpg","keywords":["ADULTOS","CONTROL","Educadores","ENFADO","Ni\u00f1os","PARTE II","RABIA","TAREA","T\u00c9CNICAS","TRABAJAR LA"],"articleSection":["Yo opino - WMCMF"],"inLanguage":"es","potentialAction":[{"@type":"CommentAction","name":"Comment","target":["https:\/\/webdelmaestrocmf.com\/portal\/tarea-los-educadores-frente-al-enfado-ninos-adultos-parte-ii\/#respond"]}]},{"@type":"WebPage","@id":"https:\/\/webdelmaestrocmf.com\/portal\/tarea-los-educadores-frente-al-enfado-ninos-adultos-parte-ii\/","url":"https:\/\/webdelmaestrocmf.com\/portal\/tarea-los-educadores-frente-al-enfado-ninos-adultos-parte-ii\/","name":"Tarea de los educadores frente al enfado de ni\u00f1os (y de algunos adultos) - Parte II","isPartOf":{"@id":"https:\/\/webdelmaestrocmf.com\/portal\/#website"},"primaryImageOfPage":{"@id":"https:\/\/webdelmaestrocmf.com\/portal\/tarea-los-educadores-frente-al-enfado-ninos-adultos-parte-ii\/#primaryimage"},"image":{"@id":"https:\/\/webdelmaestrocmf.com\/portal\/tarea-los-educadores-frente-al-enfado-ninos-adultos-parte-ii\/#primaryimage"},"thumbnailUrl":"https:\/\/webdelmaestrocmf.com\/portal\/wp-content\/uploads\/2017\/09\/a2.jpg","datePublished":"2017-09-26T18:16:04+00:00","dateModified":"2021-10-23T22:54:08+00:00","description":"Tambi\u00e9n suele suceder, que en la casa y\/o en la escuela, nos quejamos de los continuos enfados de un ni\u00f1o(a), entonces es bueno hacernos...","breadcrumb":{"@id":"https:\/\/webdelmaestrocmf.com\/portal\/tarea-los-educadores-frente-al-enfado-ninos-adultos-parte-ii\/#breadcrumb"},"inLanguage":"es","potentialAction":[{"@type":"ReadAction","target":["https:\/\/webdelmaestrocmf.com\/portal\/tarea-los-educadores-frente-al-enfado-ninos-adultos-parte-ii\/"]}]},{"@type":"ImageObject","inLanguage":"es","@id":"https:\/\/webdelmaestrocmf.com\/portal\/tarea-los-educadores-frente-al-enfado-ninos-adultos-parte-ii\/#primaryimage","url":"https:\/\/webdelmaestrocmf.com\/portal\/wp-content\/uploads\/2017\/09\/a2.jpg","contentUrl":"https:\/\/webdelmaestrocmf.com\/portal\/wp-content\/uploads\/2017\/09\/a2.jpg","width":1100,"height":680},{"@type":"BreadcrumbList","@id":"https:\/\/webdelmaestrocmf.com\/portal\/tarea-los-educadores-frente-al-enfado-ninos-adultos-parte-ii\/#breadcrumb","itemListElement":[{"@type":"ListItem","position":1,"name":"Portada","item":"https:\/\/webdelmaestrocmf.com\/portal\/"},{"@type":"ListItem","position":2,"name":"Yo opino - WMCMF","item":"https:\/\/webdelmaestrocmf.com\/portal\/category\/jamb\/"},{"@type":"ListItem","position":3,"name":"Tarea de los educadores frente al enfado de ni\u00f1os (y de algunos adultos) &#8211; Parte II"}]},{"@type":"WebSite","@id":"https:\/\/webdelmaestrocmf.com\/portal\/#website","url":"https:\/\/webdelmaestrocmf.com\/portal\/","name":"Web del Maestro CMF","description":"Maestros al servicio de la educaci\u00f3n","publisher":{"@id":"https:\/\/webdelmaestrocmf.com\/portal\/#organization"},"alternateName":"WMCMF","potentialAction":[{"@type":"SearchAction","target":{"@type":"EntryPoint","urlTemplate":"https:\/\/webdelmaestrocmf.com\/portal\/?s={search_term_string}"},"query-input":{"@type":"PropertyValueSpecification","valueRequired":true,"valueName":"search_term_string"}}],"inLanguage":"es"},{"@type":"Organization","@id":"https:\/\/webdelmaestrocmf.com\/portal\/#organization","name":"Web del Maestro CMF","alternateName":"WMCMF","url":"https:\/\/webdelmaestrocmf.com\/portal\/","logo":{"@type":"ImageObject","inLanguage":"es","@id":"https:\/\/webdelmaestrocmf.com\/portal\/#\/schema\/logo\/image\/","url":"https:\/\/webdelmaestrocmf.com\/portal\/wp-content\/uploads\/2023\/01\/logo-wmcmf-2.png","contentUrl":"https:\/\/webdelmaestrocmf.com\/portal\/wp-content\/uploads\/2023\/01\/logo-wmcmf-2.png","width":200,"height":60,"caption":"Web del Maestro CMF"},"image":{"@id":"https:\/\/webdelmaestrocmf.com\/portal\/#\/schema\/logo\/image\/"},"sameAs":["https:\/\/www.facebook.com\/WebdelMaestroCMF\/","https:\/\/x.com\/cmf_w","https:\/\/www.pinterest.com\/WMCMF\/","https:\/\/www.linkedin.com\/company\/web-del-maestro-cmf\/","https:\/\/www.instagram.com\/wmcmf\/","https:\/\/www.youtube.com\/channel\/UCDPSvjbdodE5sHnC3OxutHw","https:\/\/mastodon.social\/@wmcmf","https:\/\/www.tiktok.com\/@webdelmaestrocmf"]},{"@type":"Person","@id":"https:\/\/webdelmaestrocmf.com\/portal\/#\/schema\/person\/ebc57e23d318c9c4270c6f41367015b5","name":"Web del Maestro CMF","image":{"@type":"ImageObject","inLanguage":"es","@id":"https:\/\/secure.gravatar.com\/avatar\/718b2df46e711f63dc8c16a160d16cc0104e961fe3c231eaaed2426975fc5e2d?s=96&d=mm&r=g","url":"https:\/\/secure.gravatar.com\/avatar\/718b2df46e711f63dc8c16a160d16cc0104e961fe3c231eaaed2426975fc5e2d?s=96&d=mm&r=g","contentUrl":"https:\/\/secure.gravatar.com\/avatar\/718b2df46e711f63dc8c16a160d16cc0104e961fe3c231eaaed2426975fc5e2d?s=96&d=mm&r=g","caption":"Web del Maestro CMF"},"description":"Esta Web se cre\u00f3 sin fines de lucro, con fines educativos, cient\u00edficos y acad\u00e9micos, para personas que tengan dificultades y\/o inconvenientes en visualizar el material original. El objetivo es entregar recursos, compartir experiencias y materiales que ayuden a los padres de familia, maestros y estudiantes en su actualizaci\u00f3n y formaci\u00f3n permanente, en bien de la Educaci\u00f3n.","sameAs":["http:\/\/webdelmaestrocmf.com\/portal","https:\/\/www.facebook.com\/WebdelMaestroCMF\/","https:\/\/www.instagram.com\/wmcmf\/","https:\/\/cl.linkedin.com\/company\/web-del-maestro-cmf","https:\/\/www.pinterest.com\/WMCMF\/publicaciones\/","https:\/\/x.com\/cmf_w","https:\/\/www.youtube.com\/@WMCMF"]}]}},"jetpack_featured_media_url":"https:\/\/webdelmaestrocmf.com\/portal\/wp-content\/uploads\/2017\/09\/a2.jpg","jetpack_sharing_enabled":true,"jetpack-related-posts":[{"id":21529,"url":"https:\/\/webdelmaestrocmf.com\/portal\/tarea-los-educadores-frente-al-enfado-ninos-adultos-parte-i\/","url_meta":{"origin":22463,"position":0},"title":"Tarea de los educadores frente al enfado de ni\u00f1os (y de algunos adultos) &#8211; Parte I","author":"Web del Maestro CMF","date":"27 agosto, 2017","format":false,"excerpt":"La educaci\u00f3n emocional no puede dejarse de lado en una educaci\u00f3n integral, \u201cmuchos de los problemas de los adultos se deben a las dificultades en la regulaci\u00f3n de las emociones y eso no se ense\u00f1a en la escuela\u201d, sostiene Rafael Guerrero; y Francisco Javier Flores propone \u201cque los colegios se\u2026","rel":"","context":"En \u00abYo opino - WMCMF\u00bb","block_context":{"text":"Yo opino - WMCMF","link":"https:\/\/webdelmaestrocmf.com\/portal\/category\/jamb\/"},"img":{"alt_text":"","src":"https:\/\/i0.wp.com\/webdelmaestrocmf.com\/portal\/wp-content\/uploads\/2017\/08\/a2.jpg?resize=350%2C200&ssl=1","width":350,"height":200,"srcset":"https:\/\/i0.wp.com\/webdelmaestrocmf.com\/portal\/wp-content\/uploads\/2017\/08\/a2.jpg?resize=350%2C200&ssl=1 1x, https:\/\/i0.wp.com\/webdelmaestrocmf.com\/portal\/wp-content\/uploads\/2017\/08\/a2.jpg?resize=525%2C300&ssl=1 1.5x, https:\/\/i0.wp.com\/webdelmaestrocmf.com\/portal\/wp-content\/uploads\/2017\/08\/a2.jpg?resize=700%2C400&ssl=1 2x, https:\/\/i0.wp.com\/webdelmaestrocmf.com\/portal\/wp-content\/uploads\/2017\/08\/a2.jpg?resize=1050%2C600&ssl=1 3x"},"classes":[]},{"id":27183,"url":"https:\/\/webdelmaestrocmf.com\/portal\/esa-es-la-clave-si-un-adulto-le-dice-a-un-nino-tu-puedes-entonces-pueden\/","url_meta":{"origin":22463,"position":1},"title":"Esa es la clave, si un adulto le dice a un ni\u00f1o: \u201ct\u00fa puedes\u201d, entonces pueden","author":"Web del Maestro CMF","date":"1 noviembre, 2021","format":"video","excerpt":"La dise\u00f1adora india Kiran Bir Sethi (1966) es tambi\u00e9n educadora, reformadora de la educaci\u00f3n y emprendedora social. Ella es la fundadora de The Riverside School, en Ahmedabad (2001), que practica un enfoque de aprendizaje que est\u00e1 integrado en el sentido com\u00fan. [\u2026] donde los conocimientos de la investigaci\u00f3n de vanguardia\u2026","rel":"","context":"En \u00abCharlas\u00bb","block_context":{"text":"Charlas","link":"https:\/\/webdelmaestrocmf.com\/portal\/category\/charlas\/"},"img":{"alt_text":"","src":"https:\/\/i0.wp.com\/webdelmaestrocmf.com\/portal\/wp-content\/uploads\/2018\/04\/1-46.jpg?resize=350%2C200&ssl=1","width":350,"height":200,"srcset":"https:\/\/i0.wp.com\/webdelmaestrocmf.com\/portal\/wp-content\/uploads\/2018\/04\/1-46.jpg?resize=350%2C200&ssl=1 1x, https:\/\/i0.wp.com\/webdelmaestrocmf.com\/portal\/wp-content\/uploads\/2018\/04\/1-46.jpg?resize=525%2C300&ssl=1 1.5x, https:\/\/i0.wp.com\/webdelmaestrocmf.com\/portal\/wp-content\/uploads\/2018\/04\/1-46.jpg?resize=700%2C400&ssl=1 2x, https:\/\/i0.wp.com\/webdelmaestrocmf.com\/portal\/wp-content\/uploads\/2018\/04\/1-46.jpg?resize=1050%2C600&ssl=1 3x"},"classes":[]},{"id":66987,"url":"https:\/\/webdelmaestrocmf.com\/portal\/como-actuar-ante-ninos-que-pegan-y-muerden\/","url_meta":{"origin":22463,"position":2},"title":"C\u00f3mo actuar ante ni\u00f1os que pegan y muerden","author":"Web del Maestro CMF","date":"23 agosto, 2021","format":false,"excerpt":"Muchos ni\u00f1os responden a la frustraci\u00f3n a trav\u00e9s de pu\u00f1etazos, mordeduras, ara\u00f1azos y otras formas de agresividad. Este comportamiento se considera normal en la primera infancia pero los padres deben evitar que esta conducta sea habitual. Muchos padres se preguntan alarmados si es normal que sus hijos peque\u00f1os peguen o\u00a0muerdan\u2026","rel":"","context":"En \u00abEducaci\u00f3n y Familia\u00bb","block_context":{"text":"Educaci\u00f3n y Familia","link":"https:\/\/webdelmaestrocmf.com\/portal\/category\/pedagogia\/educacion-y-familia\/"},"img":{"alt_text":"","src":"https:\/\/i0.wp.com\/webdelmaestrocmf.com\/portal\/wp-content\/uploads\/2021\/08\/1-159.jpg?resize=350%2C200&ssl=1","width":350,"height":200,"srcset":"https:\/\/i0.wp.com\/webdelmaestrocmf.com\/portal\/wp-content\/uploads\/2021\/08\/1-159.jpg?resize=350%2C200&ssl=1 1x, https:\/\/i0.wp.com\/webdelmaestrocmf.com\/portal\/wp-content\/uploads\/2021\/08\/1-159.jpg?resize=525%2C300&ssl=1 1.5x, https:\/\/i0.wp.com\/webdelmaestrocmf.com\/portal\/wp-content\/uploads\/2021\/08\/1-159.jpg?resize=700%2C400&ssl=1 2x, https:\/\/i0.wp.com\/webdelmaestrocmf.com\/portal\/wp-content\/uploads\/2021\/08\/1-159.jpg?resize=1050%2C600&ssl=1 3x"},"classes":[]},{"id":111360,"url":"https:\/\/webdelmaestrocmf.com\/portal\/begona-ibarrola-no-les-hacemos-ningun-favor-a-los-hijos-quitandoles-las-piedras-del-camino\/","url_meta":{"origin":22463,"position":3},"title":"Bego\u00f1a Ibarrola: No les hacemos ning\u00fan favor a los hijos quit\u00e1ndoles las piedras del camino","author":"Web del Maestro CMF","date":"20 julio, 2025","format":false,"excerpt":"Sin frustraciones ni l\u00edmites, los ni\u00f1os no aprenden a enfrentarse a la vida. Educar tambi\u00e9n es preparar para lo dif\u00edcil","rel":"","context":"En \u00abEntrevistas\u00bb","block_context":{"text":"Entrevistas","link":"https:\/\/webdelmaestrocmf.com\/portal\/category\/noticias\/entrevistas\/"},"img":{"alt_text":"","src":"https:\/\/i0.wp.com\/webdelmaestrocmf.com\/portal\/wp-content\/uploads\/2025\/07\/1A-Banner-1-portada-imagen-10-1-copia-66.webp?resize=350%2C200&ssl=1","width":350,"height":200,"srcset":"https:\/\/i0.wp.com\/webdelmaestrocmf.com\/portal\/wp-content\/uploads\/2025\/07\/1A-Banner-1-portada-imagen-10-1-copia-66.webp?resize=350%2C200&ssl=1 1x, https:\/\/i0.wp.com\/webdelmaestrocmf.com\/portal\/wp-content\/uploads\/2025\/07\/1A-Banner-1-portada-imagen-10-1-copia-66.webp?resize=525%2C300&ssl=1 1.5x, https:\/\/i0.wp.com\/webdelmaestrocmf.com\/portal\/wp-content\/uploads\/2025\/07\/1A-Banner-1-portada-imagen-10-1-copia-66.webp?resize=700%2C400&ssl=1 2x"},"classes":[]},{"id":69953,"url":"https:\/\/webdelmaestrocmf.com\/portal\/frases-carinosas-para-calmar-a-ninos-furiosos\/","url_meta":{"origin":22463,"position":4},"title":"Frases para calmar a ni\u00f1os furiosos","author":"Web del Maestro CMF","date":"25 octubre, 2021","format":false,"excerpt":"Es imposible que en alg\u00fan momento los ni\u00f1os se enojen y saquen toda esa molestia con berriches, gritos y pataletas que por lo general acaban con la paciencia de los\u00a0padres. Que convierten la situaci\u00f3n en todo un campo de batalla. Por eso debes conocer la mejor manera de calmar los\u2026","rel":"","context":"En \u00abNoticias\u00bb","block_context":{"text":"Noticias","link":"https:\/\/webdelmaestrocmf.com\/portal\/category\/pedagogia\/noticias-pedagogia\/"},"img":{"alt_text":"","src":"https:\/\/i0.wp.com\/webdelmaestrocmf.com\/portal\/wp-content\/uploads\/2021\/10\/1-103.jpg?resize=350%2C200&ssl=1","width":350,"height":200,"srcset":"https:\/\/i0.wp.com\/webdelmaestrocmf.com\/portal\/wp-content\/uploads\/2021\/10\/1-103.jpg?resize=350%2C200&ssl=1 1x, https:\/\/i0.wp.com\/webdelmaestrocmf.com\/portal\/wp-content\/uploads\/2021\/10\/1-103.jpg?resize=525%2C300&ssl=1 1.5x, https:\/\/i0.wp.com\/webdelmaestrocmf.com\/portal\/wp-content\/uploads\/2021\/10\/1-103.jpg?resize=700%2C400&ssl=1 2x, https:\/\/i0.wp.com\/webdelmaestrocmf.com\/portal\/wp-content\/uploads\/2021\/10\/1-103.jpg?resize=1050%2C600&ssl=1 3x"},"classes":[]},{"id":42619,"url":"https:\/\/webdelmaestrocmf.com\/portal\/la-mesa-de-la-paz-una-tecnica-montessori-para-resolver-conflictos-en-el-hogar-y-en-la-escuela\/","url_meta":{"origin":22463,"position":5},"title":"La mesa de la paz: Una t\u00e9cnica Montessori para resolver conflictos en el hogar y en la escuela","author":"Web del Maestro CMF","date":"15 septiembre, 2021","format":false,"excerpt":"La\u00a0Educaci\u00f3n para la Paz\u00a0es una parte muy importante del curr\u00edculo montessoriano, y una caracter\u00edstica peculiar de las escuelas es el ambiente de armon\u00eda y calma que se respira en los salones. La doctora Mar\u00eda Montessori estuvo en la India durante la segunda guerra mundial, periodo que vivi\u00f3 junto a su\u2026","rel":"","context":"En \u00abMontessori\u00bb","block_context":{"text":"Montessori","link":"https:\/\/webdelmaestrocmf.com\/portal\/category\/pedagogia\/montessori\/"},"img":{"alt_text":"","src":"https:\/\/i0.wp.com\/webdelmaestrocmf.com\/portal\/wp-content\/uploads\/2019\/12\/1-102.jpg?resize=350%2C200&ssl=1","width":350,"height":200,"srcset":"https:\/\/i0.wp.com\/webdelmaestrocmf.com\/portal\/wp-content\/uploads\/2019\/12\/1-102.jpg?resize=350%2C200&ssl=1 1x, https:\/\/i0.wp.com\/webdelmaestrocmf.com\/portal\/wp-content\/uploads\/2019\/12\/1-102.jpg?resize=525%2C300&ssl=1 1.5x, https:\/\/i0.wp.com\/webdelmaestrocmf.com\/portal\/wp-content\/uploads\/2019\/12\/1-102.jpg?resize=700%2C400&ssl=1 2x, https:\/\/i0.wp.com\/webdelmaestrocmf.com\/portal\/wp-content\/uploads\/2019\/12\/1-102.jpg?resize=1050%2C600&ssl=1 3x"},"classes":[]}],"_links":{"self":[{"href":"https:\/\/webdelmaestrocmf.com\/portal\/wp-json\/wp\/v2\/posts\/22463","targetHints":{"allow":["GET"]}}],"collection":[{"href":"https:\/\/webdelmaestrocmf.com\/portal\/wp-json\/wp\/v2\/posts"}],"about":[{"href":"https:\/\/webdelmaestrocmf.com\/portal\/wp-json\/wp\/v2\/types\/post"}],"author":[{"embeddable":true,"href":"https:\/\/webdelmaestrocmf.com\/portal\/wp-json\/wp\/v2\/users\/2"}],"replies":[{"embeddable":true,"href":"https:\/\/webdelmaestrocmf.com\/portal\/wp-json\/wp\/v2\/comments?post=22463"}],"version-history":[{"count":0,"href":"https:\/\/webdelmaestrocmf.com\/portal\/wp-json\/wp\/v2\/posts\/22463\/revisions"}],"wp:featuredmedia":[{"embeddable":true,"href":"https:\/\/webdelmaestrocmf.com\/portal\/wp-json\/wp\/v2\/media\/69750"}],"wp:attachment":[{"href":"https:\/\/webdelmaestrocmf.com\/portal\/wp-json\/wp\/v2\/media?parent=22463"}],"wp:term":[{"taxonomy":"category","embeddable":true,"href":"https:\/\/webdelmaestrocmf.com\/portal\/wp-json\/wp\/v2\/categories?post=22463"},{"taxonomy":"post_tag","embeddable":true,"href":"https:\/\/webdelmaestrocmf.com\/portal\/wp-json\/wp\/v2\/tags?post=22463"}],"curies":[{"name":"wp","href":"https:\/\/api.w.org\/{rel}","templated":true}]}}