{"id":22200,"date":"2021-09-17T18:53:19","date_gmt":"2021-09-17T21:53:19","guid":{"rendered":"http:\/\/webdelmaestrocmf.com\/portal\/?p=22200"},"modified":"2023-07-10T00:19:50","modified_gmt":"2023-07-10T04:19:50","slug":"guias-didacticas-inteligencias-multiples","status":"publish","type":"post","link":"https:\/\/webdelmaestrocmf.com\/portal\/guias-didacticas-inteligencias-multiples\/","title":{"rendered":"Ayuda docente: Gu\u00edas did\u00e1cticas para inteligencias m\u00faltiples"},"content":{"rendered":"<h5 style=\"text-align: justify;\">Muchos profesores y centros educativos trabajan actualmente con la filosof\u00eda y las metodolog\u00edas que se derivan de la Teor\u00eda de las Inteligencias M\u00faltiples creada por Howard Gardner, premio Pr\u00edncipe de Asturias de las ciencias sociales en 2011. Con el fin de apoyar el trabajo de los docentes en el desarrollo y aplicaci\u00f3n de esta filosof\u00eda la\u00a0Fundaci\u00f3n Maphre\u00a0a trav\u00e9s del portal\u00a0Recapacita\u00a0ha elaborado las siguientes gu\u00edas que se pueden visualizar y descargar.<\/h5>\n<p><!--more--><\/p>\n<h5 style=\"text-align: justify;\">La teor\u00eda de las inteligencias m\u00faltiples sostiene que no existe una inteligencia \u00fanica en el ser humano, sino una diversidad de inteligencias que trabajan juntas, aunque como entidades semiaut\u00f3nomas que marcan las potencialidades y acentos significativos de cada individuo en toda una serie de escenarios de expansi\u00f3n de la inteligencia.<\/h5>\n<p style=\"text-align: justify;\">Howard Gardner es un psic\u00f3logo, investigador y profesor de la Universidad de Harvard, conocido en el \u00e1mbito cient\u00edfico por sus investigaciones en el an\u00e1lisis de las capacidades cognitivas y por haber formulado la teor\u00eda de las inteligencias m\u00faltiples, la cual contraviene d\u00e9cadas de pr\u00e1cticas pedag\u00f3gicas dado que la realidad es que, en la gran mayor\u00eda de las escuelas, se adaptan y desarrollan curr\u00edculos uniformes en los que los alumnos han de estudiar las mismas asignaturas presentadas de id\u00e9ntica forma.<\/p>\n<p style=\"text-align: justify;\">Hoy en d\u00eda son muchos los maestros alrededor del mundo que ven en la teor\u00eda de las inteligencias m\u00faltiples un instrumento sumamente \u00fatil para identificar las fortalezas de los ni\u00f1os en lugar de sus carencias (que es lo que se hac\u00eda normalmente), permitiendo una planificaci\u00f3n educativa adecuada y partiendo claro est\u00e1 en reconocer que todos somos diferentes.<\/p>\n<p><img loading=\"lazy\" decoding=\"async\" class=\"alignnone size-full wp-image-70206\" src=\"https:\/\/webdelmaestrocmf.com\/portal\/wp-content\/uploads\/2017\/09\/1-2.png\" alt=\"\" width=\"932\" height=\"518\" srcset=\"https:\/\/webdelmaestrocmf.com\/portal\/wp-content\/uploads\/2017\/09\/1-2.png 932w, https:\/\/webdelmaestrocmf.com\/portal\/wp-content\/uploads\/2017\/09\/1-2-300x167.png 300w, https:\/\/webdelmaestrocmf.com\/portal\/wp-content\/uploads\/2017\/09\/1-2-768x427.png 768w, https:\/\/webdelmaestrocmf.com\/portal\/wp-content\/uploads\/2017\/09\/1-2-110x61.png 110w, https:\/\/webdelmaestrocmf.com\/portal\/wp-content\/uploads\/2017\/09\/1-2-200x111.png 200w, https:\/\/webdelmaestrocmf.com\/portal\/wp-content\/uploads\/2017\/09\/1-2-380x211.png 380w, https:\/\/webdelmaestrocmf.com\/portal\/wp-content\/uploads\/2017\/09\/1-2-255x142.png 255w, https:\/\/webdelmaestrocmf.com\/portal\/wp-content\/uploads\/2017\/09\/1-2-550x306.png 550w, https:\/\/webdelmaestrocmf.com\/portal\/wp-content\/uploads\/2017\/09\/1-2-800x445.png 800w\" sizes=\"auto, (max-width: 932px) 100vw, 932px\" \/><\/p>\n<p><strong>LISTA DE RECURSOS:\u00a0<\/strong><\/p>\n<ol>\n<li>Introducci\u00f3n (Descarga tambi\u00e9n desde\u00a0<span style=\"text-decoration: underline;\"><a title=\"IM-Intro-Mega\" href=\"https:\/\/mega.co.nz\/#!WlxDBSga!HW78oniazlSH-3ZmuDLUgh8XY-fdyHGgLQtLgpeBqLs\" target=\"_blank\" rel=\"noopener noreferrer\">AQU\u00cd<\/a><\/span>)<\/li>\n<li>Inteligencia Corporal (Descarga tambi\u00e9n desde\u00a0<span style=\"text-decoration: underline;\"><a title=\"IM-Corporal-Mega\" href=\"https:\/\/mega.co.nz\/#!TkZhDAra!wklHUBmrwn40YHI_IH6CjeFEUuQF18fU9BIoyFPsqeE\" target=\"_blank\" rel=\"noopener noreferrer\">AQU\u00cd<\/a><\/span>)<\/li>\n<li>Inteligencia Emocional (Descarga tambi\u00e9n desde\u00a0<span style=\"text-decoration: underline;\"><a title=\"IM-Emocional-Mega\" href=\"https:\/\/mega.co.nz\/#!LlYlTCiB!b3jMdKD3KQm_woElrMewq1YvEIVhL7XoxCDUaHGiPx0\" target=\"_blank\" rel=\"noopener noreferrer\">AQU\u00cd<\/a><\/span>)<\/li>\n<li>Inteligencia Espacial (Descarga tambi\u00e9n desde\u00a0<span style=\"text-decoration: underline;\"><a title=\"IM-Espacial-Mega\" href=\"https:\/\/mega.co.nz\/#!jpIwDKYa!jhcLzdKUK9WzJ9o7P0nXARsmuHRBCXquk2uGtFZI6J4\" target=\"_blank\" rel=\"noopener noreferrer\">AQU\u00cd<\/a>)<\/span><\/li>\n<li>Inteligencia Lingu\u00edstica (Descarga tambi\u00e9n desde\u00a0<span style=\"text-decoration: underline;\"><a title=\"IM-Lingu\u00edstica-Mega\" href=\"https:\/\/mega.co.nz\/#!npIknK6a!QJxQEi40wcgs2xXXvMNTO8BusAFg1XvfVzX6sLNqT6E\" target=\"_blank\" rel=\"noopener noreferrer\">AQU\u00cd<\/a><\/span>)<\/li>\n<li>Inteligencia Matem\u00e1tica (Descarga tambi\u00e9n desde\u00a0<span style=\"text-decoration: underline;\"><a title=\"IM-Matem\u00e1tica-Mega\" href=\"https:\/\/mega.co.nz\/#!S4pFzAxR!azGBqoxUSFP_gIaURLFOr7_M2VJlQSgWfeoKSW0Ymac\" target=\"_blank\" rel=\"noopener noreferrer\">AQU\u00cd<\/a><\/span>)<\/li>\n<li>Inteligencia Musical (Descarga tambi\u00e9n desde\u00a0<span style=\"text-decoration: underline;\"><a title=\"IM-Musical-Mega\" href=\"https:\/\/mega.co.nz\/#!K1AQAKgS!OeW_66hITSlvuwY7aEhwzc4wR_XBgEbLyiqp6YlZeiY\" target=\"_blank\" rel=\"noopener noreferrer\">AQU\u00cd<\/a><\/span>)<\/li>\n<li>Inteligencia Naturalista (Descarga tambi\u00e9n desde\u00a0<span style=\"text-decoration: underline;\"><a title=\"IM-Naturalista-Mega\" href=\"https:\/\/mega.co.nz\/#!Ho4m3SbT!NtTccogQfdtPqRDqaY4l7YyQIwj9mBi9g67p-0fO520\" target=\"_blank\" rel=\"noopener noreferrer\">AQU\u00cd<\/a><\/span>)<\/li>\n<li><span style=\"text-decoration: underline;\"><a title=\"IM-EscuelaInclusiva\" href=\"https:\/\/www.fundacionmapfre.org\/fundacion\/es_es\/educa-tu-mundo\/desarrollo-educativo\/guias-inclusion\/\" target=\"_blank\" rel=\"noopener noreferrer\">Inteligencias M\u00faltiples y la Escuela Inclusiva<\/a><\/span><\/li>\n<li><span style=\"text-decoration: underline;\"><a title=\"IM-AprendizajeCooperativo\" href=\"https:\/\/www.fundacionmapfre.org\/fundacion\/es_es\/educa-tu-mundo\/desarrollo-educativo\/recapacita\/material-pedagogico\/\" target=\"_blank\" rel=\"noopener noreferrer\">Inteligencias M\u00fatiples y Aprendizaje Cooperativo.<\/a><\/span><\/li>\n<li><span style=\"text-decoration: underline;\"><a title=\"IM-PensamientoEstrat\u00e9gico\" href=\"https:\/\/www.fundacionmapfre.org\/fundacion\/es_es\/educa-tu-mundo\/desarrollo-educativo\/recapacita\/material-pedagogico\/inteligencias-multiples-2\/\" target=\"_blank\" rel=\"noopener noreferrer\">Inteligencias M\u00faltiples y Pensamiento Estrat\u00e9gico.<\/a><\/span><\/li>\n<li><span style=\"text-decoration: underline;\"><a title=\"IM-Neurodid\u00e1ctica\" href=\"https:\/\/www.fundacionmapfre.org\/fundacion\/es_es\/educa-tu-mundo\/desarrollo-educativo\/recapacita\/material-pedagogico\/inteligencias-multiples-2\/\" target=\"_blank\" rel=\"noopener noreferrer\">Inteligencias M\u00faltiples y Neurodid\u00e1ctica.<\/a><\/span><\/li>\n<li><span style=\"text-decoration: underline;\"><a title=\"IM-Creatividad\" href=\"https:\/\/www.fundacionmapfre.org\/fundacion\/es_es\/educa-tu-mundo\/desarrollo-educativo\/recapacita\/material-pedagogico\/inteligencias-multiples-2\/\" target=\"_blank\" rel=\"noopener noreferrer\">Inteligencias M\u00faltiples y Creatividad.<\/a><\/span><\/li>\n<li><span style=\"text-decoration: underline;\"><a title=\"IM-Competencias\" href=\"https:\/\/www.fundacionmapfre.org\/fundacion\/es_es\/educa-tu-mundo\/desarrollo-educativo\/recapacita\/material-pedagogico\/inteligencias-multiples-2\/\" target=\"_blank\" rel=\"noopener noreferrer\">Inteligencias M\u00faltiples y Competencias.<\/a><\/span><\/li>\n<li><span style=\"text-decoration: underline;\"><a title=\"IM-Tic\" href=\"https:\/\/www.fundacionmapfre.org\/fundacion\/es_es\/educa-tu-mundo\/desarrollo-educativo\/recapacita\/material-pedagogico\/inteligencias-multiples-2\/\" target=\"_blank\" rel=\"noopener noreferrer\">Inteligencias M\u00faltiples y TIC.<\/a><\/span><\/li>\n<\/ol>\n<p style=\"text-align: center;\">Recomendamos a la Comunidad Educativa Digital tener en cuenta que, el enlace y\/o la carpeta en donde est\u00e1n alojados los libros, recursos y\/o materiales, no es administrado por la Web del Maestro CMF, pueda ser que en cuesti\u00f3n de d\u00edas (o seg\u00fan el tiempo transcurrido desde su publicaci\u00f3n), los enlaces no funcionen y el material ya no se encuentre disponible. Gracias por su comprensi\u00f3n.<\/p>\n<h3 style=\"text-align: left;\">ENLACE DE LECTURA:<\/h3>\n<p style=\"text-align: center;\">\u00a1Comparte y as\u00ed m\u00e1s docentes utilizar\u00e1n estos recursos\u00a0gratis! Muchas gracias.<\/p>\n<p style=\"text-align: center;\"><span style=\"color: #000000;\">DESCARGA: <a style=\"color: #000000;\" href=\"https:\/\/apuntesdepedagogia.files.wordpress.com\/2008\/06\/7-apuntes-para-la-ensenanza2.pdf\" target=\"_blank\" rel=\"noopener noreferrer\">M\u00daLTIPLES PROPUESTAS PARA TRABAJAR<\/a><\/span><\/p>\n\t\t<div class=\"pk-inline-posts\">\n\t\t\t\n\t\t\t<div class=\"pk-inline-posts-container pk-inline-posts-template-list\"\n\t\t\t\tdata-columns=\"1\">\n\t\t\t\t\t\t<article id=\"post-31801\" class=\"post-31801 post type-post status-publish format-standard has-post-thumbnail category-inteligencias-multiples category-pedagogia tag-aula tag-estrategias-clave tag-guia-para-docentes tag-inteligencias tag-inteligencias-multiples tag-inteligencias-multiples-en-el-aula tag-multiples cs-entry cs-video-wrap\">\n\t\t\t<div class=\"pk-post-outer\">\n\n\t\t\t\t\t\t\t\t<div class=\"pk-post-inner\">\n\t\t\t\t\t<div class=\"entry-thumbnail\">\n\t\t\t\t\t\t<div class=\"pk-overlay pk-overlay-ratio pk-ratio-landscape\">\n\t\t\t\t\t\t\t<div class=\"pk-overlay-background\">\n\t\t\t\t\t\t\t\t<a href=\"https:\/\/webdelmaestrocmf.com\/portal\/guia-para-docentes-las-inteligencias-multiples-en-el-aula\/\" class=\"pk-overlay-link\">\n\t\t\t\t\t\t\t\t\t<img loading=\"lazy\" decoding=\"async\" width=\"300\" height=\"225\" src=\"https:\/\/webdelmaestrocmf.com\/portal\/wp-content\/uploads\/2020\/11\/Banner-1-portada-imagen-10-1-15-300x225.jpg\" class=\"attachment-pk-thumbnail size-pk-thumbnail wp-post-image\" alt=\"inteligencias m\u00faltiples\" \/>\t\t\t\t\t\t\t\t<\/a>\n\t\t\t\t\t\t\t<\/div>\n\t\t\t\t\t\t<\/div>\n\t\t\t\t\t<\/div>\n\t\t\t\t<\/div>\n\t\t\t\t\n\t\t\t\t<div class=\"pk-post-inner\">\n\t\t\t\t\t<header>\n\t\t\t\t\t\t<h3 class=\"pk-title\"><a href=\"https:\/\/webdelmaestrocmf.com\/portal\/guia-para-docentes-las-inteligencias-multiples-en-el-aula\/\" rel=\"bookmark\">Gu\u00eda para docentes sobre las inteligencias m\u00faltiples en el aula<\/a><\/h3>\t\t\t\t\t<\/header><!-- .entry-header -->\n\t\t\t\t<\/div><!-- .post-inner -->\n\n\t\t\t<\/div><!-- .post-outer -->\n\t\t<\/article>\n\t\t\t\t<\/div>\n\t\t<\/div>\n\t\t\n","protected":false},"excerpt":{"rendered":"Muchos profesores y centros educativos trabajan actualmente con la filosof\u00eda y las metodolog\u00edas que se derivan de la&hellip;","protected":false},"author":1,"featured_media":81742,"comment_status":"open","ping_status":"closed","sticky":false,"template":"","format":"standard","meta":{"csco_display_header_overlay":false,"csco_singular_sidebar":"default","csco_page_header_type":"default","csco_page_load_nextpost":"default","csco_post_video_location":[],"csco_post_video_location_hash":"","csco_post_video_url":"","csco_post_video_bg_start_time":0,"csco_post_video_bg_end_time":0,"csco_post_video_bg_volume":false,"_jetpack_memberships_contains_paid_content":false,"footnotes":""},"categories":[612,735],"tags":[2005,2019,995,996],"class_list":{"0":"post-22200","1":"post","2":"type-post","3":"status-publish","4":"format-standard","5":"has-post-thumbnail","7":"category-inteligencias-multiples","8":"category-pedagogia","9":"tag-didacticas","10":"tag-guias","11":"tag-inteligencias","12":"tag-multiples","13":"cs-entry","14":"cs-video-wrap"},"yoast_head":"<!-- This site is optimized with the Yoast SEO plugin v27.5 - https:\/\/yoast.com\/product\/yoast-seo-wordpress\/ -->\n<title>Ayuda docente: Gu\u00edas did\u00e1cticas para inteligencias m\u00faltiples<\/title>\n<meta name=\"description\" content=\"Muchos profesores y centros educativos trabajan actualmente con la filosof\u00eda y las metodolog\u00edas que se derivan de la Teor\u00eda de las...\" \/>\n<meta name=\"robots\" content=\"index, follow, max-snippet:-1, max-image-preview:large, max-video-preview:-1\" \/>\n<link rel=\"canonical\" href=\"https:\/\/webdelmaestrocmf.com\/portal\/guias-didacticas-inteligencias-multiples\/\" \/>\n<meta property=\"og:locale\" content=\"es_ES\" \/>\n<meta property=\"og:type\" content=\"article\" \/>\n<meta property=\"og:title\" content=\"Ayuda docente: Gu\u00edas did\u00e1cticas para inteligencias m\u00faltiples\" \/>\n<meta property=\"og:description\" content=\"Muchos profesores y centros educativos trabajan actualmente con la filosof\u00eda y las metodolog\u00edas que se derivan de la Teor\u00eda de las...\" \/>\n<meta property=\"og:url\" content=\"https:\/\/webdelmaestrocmf.com\/portal\/guias-didacticas-inteligencias-multiples\/\" \/>\n<meta property=\"og:site_name\" content=\"Web del Maestro CMF\" \/>\n<meta property=\"article:publisher\" content=\"https:\/\/www.facebook.com\/WebdelMaestroCMF\/\" \/>\n<meta property=\"article:author\" content=\"https:\/\/www.facebook.com\/WebdelMaestroCMF\/\" \/>\n<meta property=\"article:published_time\" content=\"2021-09-17T21:53:19+00:00\" \/>\n<meta property=\"article:modified_time\" content=\"2023-07-10T04:19:50+00:00\" \/>\n<meta property=\"og:image\" content=\"https:\/\/i0.wp.com\/webdelmaestrocmf.com\/portal\/wp-content\/uploads\/2021\/09\/1-15.jpeg?fit=900%2C556&ssl=1\" \/>\n\t<meta property=\"og:image:width\" content=\"900\" \/>\n\t<meta property=\"og:image:height\" content=\"556\" \/>\n\t<meta property=\"og:image:type\" content=\"image\/jpeg\" \/>\n<meta name=\"author\" content=\"Web del Maestro CMF\" \/>\n<meta name=\"twitter:card\" content=\"summary_large_image\" \/>\n<meta name=\"twitter:creator\" content=\"@cmf_w\" \/>\n<meta name=\"twitter:site\" content=\"@cmf_w\" \/>\n<script type=\"application\/ld+json\" class=\"yoast-schema-graph\">{\"@context\":\"https:\\\/\\\/schema.org\",\"@graph\":[{\"@type\":\"ScholarlyArticle\",\"@id\":\"https:\\\/\\\/webdelmaestrocmf.com\\\/portal\\\/guias-didacticas-inteligencias-multiples\\\/#article\",\"isPartOf\":{\"@id\":\"https:\\\/\\\/webdelmaestrocmf.com\\\/portal\\\/guias-didacticas-inteligencias-multiples\\\/\"},\"author\":{\"name\":\"Web del Maestro CMF\",\"@id\":\"https:\\\/\\\/webdelmaestrocmf.com\\\/portal\\\/#\\\/schema\\\/person\\\/1072a2ed7bd960df8ef99a551fa35dc5\"},\"headline\":\"Ayuda docente: Gu\u00edas did\u00e1cticas para inteligencias m\u00faltiples\",\"datePublished\":\"2021-09-17T21:53:19+00:00\",\"dateModified\":\"2023-07-10T04:19:50+00:00\",\"mainEntityOfPage\":{\"@id\":\"https:\\\/\\\/webdelmaestrocmf.com\\\/portal\\\/guias-didacticas-inteligencias-multiples\\\/\"},\"wordCount\":498,\"commentCount\":0,\"publisher\":{\"@id\":\"https:\\\/\\\/webdelmaestrocmf.com\\\/portal\\\/#organization\"},\"image\":{\"@id\":\"https:\\\/\\\/webdelmaestrocmf.com\\\/portal\\\/guias-didacticas-inteligencias-multiples\\\/#primaryimage\"},\"thumbnailUrl\":\"https:\\\/\\\/webdelmaestrocmf.com\\\/portal\\\/wp-content\\\/uploads\\\/2021\\\/09\\\/1-15.jpeg\",\"keywords\":[\"DID\u00c1CTICAS\",\"GU\u00cdAS\",\"INTELIGENCIAS\",\"M\u00daLTIPLES\"],\"articleSection\":[\"Inteligencias m\u00faltiples\",\"Recursos\"],\"inLanguage\":\"es\",\"potentialAction\":[{\"@type\":\"CommentAction\",\"name\":\"Comment\",\"target\":[\"https:\\\/\\\/webdelmaestrocmf.com\\\/portal\\\/guias-didacticas-inteligencias-multiples\\\/#respond\"]}]},{\"@type\":\"WebPage\",\"@id\":\"https:\\\/\\\/webdelmaestrocmf.com\\\/portal\\\/guias-didacticas-inteligencias-multiples\\\/\",\"url\":\"https:\\\/\\\/webdelmaestrocmf.com\\\/portal\\\/guias-didacticas-inteligencias-multiples\\\/\",\"name\":\"Ayuda docente: Gu\u00edas did\u00e1cticas para inteligencias m\u00faltiples\",\"isPartOf\":{\"@id\":\"https:\\\/\\\/webdelmaestrocmf.com\\\/portal\\\/#website\"},\"primaryImageOfPage\":{\"@id\":\"https:\\\/\\\/webdelmaestrocmf.com\\\/portal\\\/guias-didacticas-inteligencias-multiples\\\/#primaryimage\"},\"image\":{\"@id\":\"https:\\\/\\\/webdelmaestrocmf.com\\\/portal\\\/guias-didacticas-inteligencias-multiples\\\/#primaryimage\"},\"thumbnailUrl\":\"https:\\\/\\\/webdelmaestrocmf.com\\\/portal\\\/wp-content\\\/uploads\\\/2021\\\/09\\\/1-15.jpeg\",\"datePublished\":\"2021-09-17T21:53:19+00:00\",\"dateModified\":\"2023-07-10T04:19:50+00:00\",\"description\":\"Muchos profesores y centros educativos trabajan actualmente con la filosof\u00eda y las metodolog\u00edas que se derivan de la Teor\u00eda de las...\",\"breadcrumb\":{\"@id\":\"https:\\\/\\\/webdelmaestrocmf.com\\\/portal\\\/guias-didacticas-inteligencias-multiples\\\/#breadcrumb\"},\"inLanguage\":\"es\",\"potentialAction\":[{\"@type\":\"ReadAction\",\"target\":[\"https:\\\/\\\/webdelmaestrocmf.com\\\/portal\\\/guias-didacticas-inteligencias-multiples\\\/\"]}]},{\"@type\":\"ImageObject\",\"inLanguage\":\"es\",\"@id\":\"https:\\\/\\\/webdelmaestrocmf.com\\\/portal\\\/guias-didacticas-inteligencias-multiples\\\/#primaryimage\",\"url\":\"https:\\\/\\\/webdelmaestrocmf.com\\\/portal\\\/wp-content\\\/uploads\\\/2021\\\/09\\\/1-15.jpeg\",\"contentUrl\":\"https:\\\/\\\/webdelmaestrocmf.com\\\/portal\\\/wp-content\\\/uploads\\\/2021\\\/09\\\/1-15.jpeg\",\"width\":900,\"height\":556},{\"@type\":\"BreadcrumbList\",\"@id\":\"https:\\\/\\\/webdelmaestrocmf.com\\\/portal\\\/guias-didacticas-inteligencias-multiples\\\/#breadcrumb\",\"itemListElement\":[{\"@type\":\"ListItem\",\"position\":1,\"name\":\"Portada\",\"item\":\"https:\\\/\\\/webdelmaestrocmf.com\\\/portal\\\/\"},{\"@type\":\"ListItem\",\"position\":2,\"name\":\"Recursos\",\"item\":\"https:\\\/\\\/webdelmaestrocmf.com\\\/portal\\\/category\\\/pedagogia\\\/\"},{\"@type\":\"ListItem\",\"position\":3,\"name\":\"Ayuda docente: Gu\u00edas did\u00e1cticas para inteligencias m\u00faltiples\"}]},{\"@type\":\"WebSite\",\"@id\":\"https:\\\/\\\/webdelmaestrocmf.com\\\/portal\\\/#website\",\"url\":\"https:\\\/\\\/webdelmaestrocmf.com\\\/portal\\\/\",\"name\":\"Web del Maestro CMF\",\"description\":\"Maestros al servicio de la educaci\u00f3n\",\"publisher\":{\"@id\":\"https:\\\/\\\/webdelmaestrocmf.com\\\/portal\\\/#organization\"},\"alternateName\":\"WMCMF\",\"potentialAction\":[{\"@type\":\"SearchAction\",\"target\":{\"@type\":\"EntryPoint\",\"urlTemplate\":\"https:\\\/\\\/webdelmaestrocmf.com\\\/portal\\\/?s={search_term_string}\"},\"query-input\":{\"@type\":\"PropertyValueSpecification\",\"valueRequired\":true,\"valueName\":\"search_term_string\"}}],\"inLanguage\":\"es\"},{\"@type\":\"Organization\",\"@id\":\"https:\\\/\\\/webdelmaestrocmf.com\\\/portal\\\/#organization\",\"name\":\"Web del Maestro CMF\",\"alternateName\":\"WMCMF\",\"url\":\"https:\\\/\\\/webdelmaestrocmf.com\\\/portal\\\/\",\"logo\":{\"@type\":\"ImageObject\",\"inLanguage\":\"es\",\"@id\":\"https:\\\/\\\/webdelmaestrocmf.com\\\/portal\\\/#\\\/schema\\\/logo\\\/image\\\/\",\"url\":\"https:\\\/\\\/webdelmaestrocmf.com\\\/portal\\\/wp-content\\\/uploads\\\/2023\\\/01\\\/logo-wmcmf-2.png\",\"contentUrl\":\"https:\\\/\\\/webdelmaestrocmf.com\\\/portal\\\/wp-content\\\/uploads\\\/2023\\\/01\\\/logo-wmcmf-2.png\",\"width\":200,\"height\":60,\"caption\":\"Web del Maestro CMF\"},\"image\":{\"@id\":\"https:\\\/\\\/webdelmaestrocmf.com\\\/portal\\\/#\\\/schema\\\/logo\\\/image\\\/\"},\"sameAs\":[\"https:\\\/\\\/www.facebook.com\\\/WebdelMaestroCMF\\\/\",\"https:\\\/\\\/x.com\\\/cmf_w\",\"https:\\\/\\\/www.pinterest.com\\\/WMCMF\\\/\",\"https:\\\/\\\/www.linkedin.com\\\/company\\\/web-del-maestro-cmf\\\/\",\"https:\\\/\\\/www.instagram.com\\\/wmcmf\\\/\",\"https:\\\/\\\/www.youtube.com\\\/channel\\\/UCDPSvjbdodE5sHnC3OxutHw\",\"https:\\\/\\\/mastodon.social\\\/@wmcmf\",\"https:\\\/\\\/www.tiktok.com\\\/@webdelmaestrocmf\"]},{\"@type\":\"Person\",\"@id\":\"https:\\\/\\\/webdelmaestrocmf.com\\\/portal\\\/#\\\/schema\\\/person\\\/1072a2ed7bd960df8ef99a551fa35dc5\",\"name\":\"Web del Maestro CMF\",\"image\":{\"@type\":\"ImageObject\",\"inLanguage\":\"es\",\"@id\":\"https:\\\/\\\/secure.gravatar.com\\\/avatar\\\/23291dd5b5ae1077dcff3dbb04c3e02bd28403fa75af6d8787d5e97c5bbbe30b?s=96&d=mm&r=g\",\"url\":\"https:\\\/\\\/secure.gravatar.com\\\/avatar\\\/23291dd5b5ae1077dcff3dbb04c3e02bd28403fa75af6d8787d5e97c5bbbe30b?s=96&d=mm&r=g\",\"contentUrl\":\"https:\\\/\\\/secure.gravatar.com\\\/avatar\\\/23291dd5b5ae1077dcff3dbb04c3e02bd28403fa75af6d8787d5e97c5bbbe30b?s=96&d=mm&r=g\",\"caption\":\"Web del Maestro CMF\"},\"description\":\"Esta Web se cre\u00f3 sin fines de lucro, con fines educativos, cient\u00edficos y acad\u00e9micos, para personas que tengan dificultades y\\\/o inconvenientes en visualizar el material original. El objetivo es entregar recursos, compartir experiencias y materiales que ayuden a los padres de familia, maestros y estudiantes en su actualizaci\u00f3n y formaci\u00f3n permanente, en bien de la Educaci\u00f3n.\",\"sameAs\":[\"http:\\\/\\\/webdelmaestrocmf.com\\\/portal\",\"https:\\\/\\\/www.facebook.com\\\/WebdelMaestroCMF\\\/\",\"https:\\\/\\\/www.instagram.com\\\/wmcmf\\\/\",\"https:\\\/\\\/cl.linkedin.com\\\/company\\\/web-del-maestro-cmf\",\"https:\\\/\\\/www.pinterest.com\\\/WMCMF\\\/publicaciones\\\/\",\"https:\\\/\\\/x.com\\\/cmf_w\",\"https:\\\/\\\/www.youtube.com\\\/@WMCMF\"]}]}<\/script>\n<!-- \/ Yoast SEO plugin. -->","yoast_head_json":{"title":"Ayuda docente: Gu\u00edas did\u00e1cticas para inteligencias m\u00faltiples","description":"Muchos profesores y centros educativos trabajan actualmente con la filosof\u00eda y las metodolog\u00edas que se derivan de la Teor\u00eda de las...","robots":{"index":"index","follow":"follow","max-snippet":"max-snippet:-1","max-image-preview":"max-image-preview:large","max-video-preview":"max-video-preview:-1"},"canonical":"https:\/\/webdelmaestrocmf.com\/portal\/guias-didacticas-inteligencias-multiples\/","og_locale":"es_ES","og_type":"article","og_title":"Ayuda docente: Gu\u00edas did\u00e1cticas para inteligencias m\u00faltiples","og_description":"Muchos profesores y centros educativos trabajan actualmente con la filosof\u00eda y las metodolog\u00edas que se derivan de la Teor\u00eda de las...","og_url":"https:\/\/webdelmaestrocmf.com\/portal\/guias-didacticas-inteligencias-multiples\/","og_site_name":"Web del Maestro CMF","article_publisher":"https:\/\/www.facebook.com\/WebdelMaestroCMF\/","article_author":"https:\/\/www.facebook.com\/WebdelMaestroCMF\/","article_published_time":"2021-09-17T21:53:19+00:00","article_modified_time":"2023-07-10T04:19:50+00:00","og_image":[{"width":900,"height":556,"url":"https:\/\/i0.wp.com\/webdelmaestrocmf.com\/portal\/wp-content\/uploads\/2021\/09\/1-15.jpeg?fit=900%2C556&ssl=1","type":"image\/jpeg"}],"author":"Web del Maestro CMF","twitter_card":"summary_large_image","twitter_creator":"@cmf_w","twitter_site":"@cmf_w","schema":{"@context":"https:\/\/schema.org","@graph":[{"@type":"ScholarlyArticle","@id":"https:\/\/webdelmaestrocmf.com\/portal\/guias-didacticas-inteligencias-multiples\/#article","isPartOf":{"@id":"https:\/\/webdelmaestrocmf.com\/portal\/guias-didacticas-inteligencias-multiples\/"},"author":{"name":"Web del Maestro CMF","@id":"https:\/\/webdelmaestrocmf.com\/portal\/#\/schema\/person\/1072a2ed7bd960df8ef99a551fa35dc5"},"headline":"Ayuda docente: Gu\u00edas did\u00e1cticas para inteligencias m\u00faltiples","datePublished":"2021-09-17T21:53:19+00:00","dateModified":"2023-07-10T04:19:50+00:00","mainEntityOfPage":{"@id":"https:\/\/webdelmaestrocmf.com\/portal\/guias-didacticas-inteligencias-multiples\/"},"wordCount":498,"commentCount":0,"publisher":{"@id":"https:\/\/webdelmaestrocmf.com\/portal\/#organization"},"image":{"@id":"https:\/\/webdelmaestrocmf.com\/portal\/guias-didacticas-inteligencias-multiples\/#primaryimage"},"thumbnailUrl":"https:\/\/webdelmaestrocmf.com\/portal\/wp-content\/uploads\/2021\/09\/1-15.jpeg","keywords":["DID\u00c1CTICAS","GU\u00cdAS","INTELIGENCIAS","M\u00daLTIPLES"],"articleSection":["Inteligencias m\u00faltiples","Recursos"],"inLanguage":"es","potentialAction":[{"@type":"CommentAction","name":"Comment","target":["https:\/\/webdelmaestrocmf.com\/portal\/guias-didacticas-inteligencias-multiples\/#respond"]}]},{"@type":"WebPage","@id":"https:\/\/webdelmaestrocmf.com\/portal\/guias-didacticas-inteligencias-multiples\/","url":"https:\/\/webdelmaestrocmf.com\/portal\/guias-didacticas-inteligencias-multiples\/","name":"Ayuda docente: Gu\u00edas did\u00e1cticas para inteligencias m\u00faltiples","isPartOf":{"@id":"https:\/\/webdelmaestrocmf.com\/portal\/#website"},"primaryImageOfPage":{"@id":"https:\/\/webdelmaestrocmf.com\/portal\/guias-didacticas-inteligencias-multiples\/#primaryimage"},"image":{"@id":"https:\/\/webdelmaestrocmf.com\/portal\/guias-didacticas-inteligencias-multiples\/#primaryimage"},"thumbnailUrl":"https:\/\/webdelmaestrocmf.com\/portal\/wp-content\/uploads\/2021\/09\/1-15.jpeg","datePublished":"2021-09-17T21:53:19+00:00","dateModified":"2023-07-10T04:19:50+00:00","description":"Muchos profesores y centros educativos trabajan actualmente con la filosof\u00eda y las metodolog\u00edas que se derivan de la Teor\u00eda de las...","breadcrumb":{"@id":"https:\/\/webdelmaestrocmf.com\/portal\/guias-didacticas-inteligencias-multiples\/#breadcrumb"},"inLanguage":"es","potentialAction":[{"@type":"ReadAction","target":["https:\/\/webdelmaestrocmf.com\/portal\/guias-didacticas-inteligencias-multiples\/"]}]},{"@type":"ImageObject","inLanguage":"es","@id":"https:\/\/webdelmaestrocmf.com\/portal\/guias-didacticas-inteligencias-multiples\/#primaryimage","url":"https:\/\/webdelmaestrocmf.com\/portal\/wp-content\/uploads\/2021\/09\/1-15.jpeg","contentUrl":"https:\/\/webdelmaestrocmf.com\/portal\/wp-content\/uploads\/2021\/09\/1-15.jpeg","width":900,"height":556},{"@type":"BreadcrumbList","@id":"https:\/\/webdelmaestrocmf.com\/portal\/guias-didacticas-inteligencias-multiples\/#breadcrumb","itemListElement":[{"@type":"ListItem","position":1,"name":"Portada","item":"https:\/\/webdelmaestrocmf.com\/portal\/"},{"@type":"ListItem","position":2,"name":"Recursos","item":"https:\/\/webdelmaestrocmf.com\/portal\/category\/pedagogia\/"},{"@type":"ListItem","position":3,"name":"Ayuda docente: Gu\u00edas did\u00e1cticas para inteligencias m\u00faltiples"}]},{"@type":"WebSite","@id":"https:\/\/webdelmaestrocmf.com\/portal\/#website","url":"https:\/\/webdelmaestrocmf.com\/portal\/","name":"Web del Maestro CMF","description":"Maestros al servicio de la educaci\u00f3n","publisher":{"@id":"https:\/\/webdelmaestrocmf.com\/portal\/#organization"},"alternateName":"WMCMF","potentialAction":[{"@type":"SearchAction","target":{"@type":"EntryPoint","urlTemplate":"https:\/\/webdelmaestrocmf.com\/portal\/?s={search_term_string}"},"query-input":{"@type":"PropertyValueSpecification","valueRequired":true,"valueName":"search_term_string"}}],"inLanguage":"es"},{"@type":"Organization","@id":"https:\/\/webdelmaestrocmf.com\/portal\/#organization","name":"Web del Maestro CMF","alternateName":"WMCMF","url":"https:\/\/webdelmaestrocmf.com\/portal\/","logo":{"@type":"ImageObject","inLanguage":"es","@id":"https:\/\/webdelmaestrocmf.com\/portal\/#\/schema\/logo\/image\/","url":"https:\/\/webdelmaestrocmf.com\/portal\/wp-content\/uploads\/2023\/01\/logo-wmcmf-2.png","contentUrl":"https:\/\/webdelmaestrocmf.com\/portal\/wp-content\/uploads\/2023\/01\/logo-wmcmf-2.png","width":200,"height":60,"caption":"Web del Maestro CMF"},"image":{"@id":"https:\/\/webdelmaestrocmf.com\/portal\/#\/schema\/logo\/image\/"},"sameAs":["https:\/\/www.facebook.com\/WebdelMaestroCMF\/","https:\/\/x.com\/cmf_w","https:\/\/www.pinterest.com\/WMCMF\/","https:\/\/www.linkedin.com\/company\/web-del-maestro-cmf\/","https:\/\/www.instagram.com\/wmcmf\/","https:\/\/www.youtube.com\/channel\/UCDPSvjbdodE5sHnC3OxutHw","https:\/\/mastodon.social\/@wmcmf","https:\/\/www.tiktok.com\/@webdelmaestrocmf"]},{"@type":"Person","@id":"https:\/\/webdelmaestrocmf.com\/portal\/#\/schema\/person\/1072a2ed7bd960df8ef99a551fa35dc5","name":"Web del Maestro CMF","image":{"@type":"ImageObject","inLanguage":"es","@id":"https:\/\/secure.gravatar.com\/avatar\/23291dd5b5ae1077dcff3dbb04c3e02bd28403fa75af6d8787d5e97c5bbbe30b?s=96&d=mm&r=g","url":"https:\/\/secure.gravatar.com\/avatar\/23291dd5b5ae1077dcff3dbb04c3e02bd28403fa75af6d8787d5e97c5bbbe30b?s=96&d=mm&r=g","contentUrl":"https:\/\/secure.gravatar.com\/avatar\/23291dd5b5ae1077dcff3dbb04c3e02bd28403fa75af6d8787d5e97c5bbbe30b?s=96&d=mm&r=g","caption":"Web del Maestro CMF"},"description":"Esta Web se cre\u00f3 sin fines de lucro, con fines educativos, cient\u00edficos y acad\u00e9micos, para personas que tengan dificultades y\/o inconvenientes en visualizar el material original. El objetivo es entregar recursos, compartir experiencias y materiales que ayuden a los padres de familia, maestros y estudiantes en su actualizaci\u00f3n y formaci\u00f3n permanente, en bien de la Educaci\u00f3n.","sameAs":["http:\/\/webdelmaestrocmf.com\/portal","https:\/\/www.facebook.com\/WebdelMaestroCMF\/","https:\/\/www.instagram.com\/wmcmf\/","https:\/\/cl.linkedin.com\/company\/web-del-maestro-cmf","https:\/\/www.pinterest.com\/WMCMF\/publicaciones\/","https:\/\/x.com\/cmf_w","https:\/\/www.youtube.com\/@WMCMF"]}]}},"jetpack_featured_media_url":"https:\/\/webdelmaestrocmf.com\/portal\/wp-content\/uploads\/2021\/09\/1-15.jpeg","jetpack_sharing_enabled":true,"jetpack-related-posts":[{"id":31801,"url":"https:\/\/webdelmaestrocmf.com\/portal\/guia-para-docentes-las-inteligencias-multiples-en-el-aula\/","url_meta":{"origin":22200,"position":0},"title":"Gu\u00eda para docentes sobre las inteligencias m\u00faltiples en el aula","author":"Web del Maestro CMF","date":"29 abril, 2026","format":false,"excerpt":"La teor\u00eda de las inteligencias m\u00faltiples redefine la educaci\u00f3n al reconocer diversas habilidades en los estudiantes, permitiendo personalizar la ense\u00f1anza, fomentar la inclusi\u00f3n y potenciar el desarrollo integral en el aula.","rel":"","context":"En \u00abInteligencias m\u00faltiples\u00bb","block_context":{"text":"Inteligencias m\u00faltiples","link":"https:\/\/webdelmaestrocmf.com\/portal\/category\/pedagogia\/inteligencias-multiples\/"},"img":{"alt_text":"inteligencias m\u00faltiples","src":"https:\/\/i0.wp.com\/webdelmaestrocmf.com\/portal\/wp-content\/uploads\/2020\/11\/Banner-1-portada-imagen-10-1-15.jpg?resize=350%2C200&ssl=1","width":350,"height":200,"srcset":"https:\/\/i0.wp.com\/webdelmaestrocmf.com\/portal\/wp-content\/uploads\/2020\/11\/Banner-1-portada-imagen-10-1-15.jpg?resize=350%2C200&ssl=1 1x, https:\/\/i0.wp.com\/webdelmaestrocmf.com\/portal\/wp-content\/uploads\/2020\/11\/Banner-1-portada-imagen-10-1-15.jpg?resize=525%2C300&ssl=1 1.5x, https:\/\/i0.wp.com\/webdelmaestrocmf.com\/portal\/wp-content\/uploads\/2020\/11\/Banner-1-portada-imagen-10-1-15.jpg?resize=700%2C400&ssl=1 2x"},"classes":[]},{"id":8823,"url":"https:\/\/webdelmaestrocmf.com\/portal\/como-aplicar-la-teoria-de-las-inteligencias-multiples-en-el-aula\/","url_meta":{"origin":22200,"position":1},"title":"C\u00f3mo aplicar la teor\u00eda de las inteligencias m\u00faltiples en el aula","author":"Web del Maestro CMF","date":"24 mayo, 2024","format":false,"excerpt":"La educaci\u00f3n es un viaje hacia el conocimiento y el desarrollo personal. En este viaje, cada estudiante es \u00fanico, con talentos y habilidades que merecen ser cultivados. La Teor\u00eda de las Inteligencias M\u00faltiples, propuesta por Howard Gardner, ofrece una perspectiva revolucionaria sobre la diversidad de las capacidades humanas. En este\u2026","rel":"","context":"En \u00abInteligencias m\u00faltiples\u00bb","block_context":{"text":"Inteligencias m\u00faltiples","link":"https:\/\/webdelmaestrocmf.com\/portal\/category\/pedagogia\/inteligencias-multiples\/"},"img":{"alt_text":"Inteligencias M\u00faltiples","src":"https:\/\/i0.wp.com\/webdelmaestrocmf.com\/portal\/wp-content\/uploads\/2023\/11\/Banner-1-portada-imagen-10-1-2024-05-24T125226.951.jpg?resize=350%2C200&ssl=1","width":350,"height":200,"srcset":"https:\/\/i0.wp.com\/webdelmaestrocmf.com\/portal\/wp-content\/uploads\/2023\/11\/Banner-1-portada-imagen-10-1-2024-05-24T125226.951.jpg?resize=350%2C200&ssl=1 1x, https:\/\/i0.wp.com\/webdelmaestrocmf.com\/portal\/wp-content\/uploads\/2023\/11\/Banner-1-portada-imagen-10-1-2024-05-24T125226.951.jpg?resize=525%2C300&ssl=1 1.5x, https:\/\/i0.wp.com\/webdelmaestrocmf.com\/portal\/wp-content\/uploads\/2023\/11\/Banner-1-portada-imagen-10-1-2024-05-24T125226.951.jpg?resize=700%2C400&ssl=1 2x"},"classes":[]},{"id":20256,"url":"https:\/\/webdelmaestrocmf.com\/portal\/actividades-desarrollar-las-inteligencias-multiples-aula-hogar\/","url_meta":{"origin":22200,"position":2},"title":"Actividades para desarrollar las inteligencias m\u00faltiples en el aula","author":"Web del Maestro CMF","date":"13 octubre, 2021","format":false,"excerpt":"La aplicaci\u00f3n de la teor\u00eda de las inteligencias m\u00faltiples en el \u00e1mbito escolar se basa en que, al existir diversas inteligencias, deben utilizarse tambi\u00e9n estrategias educativas diferentes y personalizadas para ense\u00f1ar, seg\u00fan el tipo de inteligencia que predomine en el alumno o atendiendo a cu\u00e1l se quiera trabajar: verbal, visual-espacial,\u2026","rel":"","context":"En \u00abInteligencias m\u00faltiples\u00bb","block_context":{"text":"Inteligencias m\u00faltiples","link":"https:\/\/webdelmaestrocmf.com\/portal\/category\/pedagogia\/inteligencias-multiples\/"},"img":{"alt_text":"Actividades inteligencias m\u00faltiples","src":"https:\/\/i0.wp.com\/webdelmaestrocmf.com\/portal\/wp-content\/uploads\/2019\/12\/1-104.jpg?resize=350%2C200&ssl=1","width":350,"height":200,"srcset":"https:\/\/i0.wp.com\/webdelmaestrocmf.com\/portal\/wp-content\/uploads\/2019\/12\/1-104.jpg?resize=350%2C200&ssl=1 1x, https:\/\/i0.wp.com\/webdelmaestrocmf.com\/portal\/wp-content\/uploads\/2019\/12\/1-104.jpg?resize=525%2C300&ssl=1 1.5x, https:\/\/i0.wp.com\/webdelmaestrocmf.com\/portal\/wp-content\/uploads\/2019\/12\/1-104.jpg?resize=700%2C400&ssl=1 2x, https:\/\/i0.wp.com\/webdelmaestrocmf.com\/portal\/wp-content\/uploads\/2019\/12\/1-104.jpg?resize=1050%2C600&ssl=1 3x"},"classes":[]},{"id":16282,"url":"https:\/\/webdelmaestrocmf.com\/portal\/sor-innovacion-la-monja-apuesta-las-inteligencias-multiples\/","url_meta":{"origin":22200,"position":3},"title":"SOR INNOVACI\u00d3N, LA MONJA QUE APUESTA POR LAS INTELIGENCIAS M\u00daLTIPLES","author":"Web del Maestro CMF","date":"21 marzo, 2017","format":false,"excerpt":"Un art\u00edculo muy interesante publicado en EDUCACI\u00d3N 3.0\u00a0puede responder a las siguientes preguntas \u00bfPor qu\u00e9\u00a0es importante aplicar la Teor\u00eda de las Inteligencias M\u00faltiples en un centro educativo?\u00a0\u00bfC\u00f3mo se identifican las fortalezas o inteligencias? Esperamos que este art\u00edculo que nosotros compartimos con fines \u00fanicamente Educativos \u2013 Pastorales, les sea de gran\u2026","rel":"","context":"En \u00abSin categor\u00eda\u00bb","block_context":{"text":"Sin categor\u00eda","link":"https:\/\/webdelmaestrocmf.com\/portal\/category\/sin-categoria-es\/"},"img":{"alt_text":"","src":"https:\/\/i0.wp.com\/webdelmaestrocmf.com\/portal\/wp-content\/uploads\/2017\/03\/Montserrat-del-Pozo-1.jpg?resize=350%2C200&ssl=1","width":350,"height":200,"srcset":"https:\/\/i0.wp.com\/webdelmaestrocmf.com\/portal\/wp-content\/uploads\/2017\/03\/Montserrat-del-Pozo-1.jpg?resize=350%2C200&ssl=1 1x, https:\/\/i0.wp.com\/webdelmaestrocmf.com\/portal\/wp-content\/uploads\/2017\/03\/Montserrat-del-Pozo-1.jpg?resize=525%2C300&ssl=1 1.5x, https:\/\/i0.wp.com\/webdelmaestrocmf.com\/portal\/wp-content\/uploads\/2017\/03\/Montserrat-del-Pozo-1.jpg?resize=700%2C400&ssl=1 2x"},"classes":[]},{"id":18422,"url":"https:\/\/webdelmaestrocmf.com\/portal\/manual-186-actividades-desarrollar-las-inteligencias-multiples\/","url_meta":{"origin":22200,"position":4},"title":"200 actividades para desarrollar las Inteligencias M\u00faltiples","author":"Web del Maestro CMF","date":"12 marzo, 2024","format":false,"excerpt":"El concepto de Inteligencias M\u00faltiples, propuesto por el psic\u00f3logo Howard Gardner, ha revolucionado la forma en que entendemos la inteligencia humana. En lugar de considerarla como una habilidad unitaria, Gardner postula que existen diversas formas de inteligencia, cada una con sus propias capacidades y potencialidades. En este contexto, explorar y\u2026","rel":"","context":"En \u00abActividades\u00bb","block_context":{"text":"Actividades","link":"https:\/\/webdelmaestrocmf.com\/portal\/category\/pedagogia\/actividades\/"},"img":{"alt_text":"","src":"https:\/\/i0.wp.com\/webdelmaestrocmf.com\/portal\/wp-content\/uploads\/2019\/09\/Banner-1-portada-imagen-10-1-9.jpg?resize=350%2C200&ssl=1","width":350,"height":200,"srcset":"https:\/\/i0.wp.com\/webdelmaestrocmf.com\/portal\/wp-content\/uploads\/2019\/09\/Banner-1-portada-imagen-10-1-9.jpg?resize=350%2C200&ssl=1 1x, https:\/\/i0.wp.com\/webdelmaestrocmf.com\/portal\/wp-content\/uploads\/2019\/09\/Banner-1-portada-imagen-10-1-9.jpg?resize=525%2C300&ssl=1 1.5x, https:\/\/i0.wp.com\/webdelmaestrocmf.com\/portal\/wp-content\/uploads\/2019\/09\/Banner-1-portada-imagen-10-1-9.jpg?resize=700%2C400&ssl=1 2x"},"classes":[]},{"id":86288,"url":"https:\/\/webdelmaestrocmf.com\/portal\/inteligencias-multiples-para-el-aula-de-howard-gardner-y-thomas-armstrong\/","url_meta":{"origin":22200,"position":5},"title":"Inteligencias m\u00faltiples: H. Gardner, T. Armstrong y D. Goleman","author":"Web del Maestro CMF","date":"5 mayo, 2024","format":false,"excerpt":"En este art\u00edculo, exploraremos con detenimiento la teor\u00eda de las inteligencias m\u00faltiples, un resumen de su historia y las contribuciones de Howard Gardner. Tambi\u00e9n examinaremos las ocho tipos de inteligencias seg\u00fan su propuesta, su aplicaci\u00f3n en el aula, las aportaciones de otros expertos como Thomas Armstrong y Daniel Goleman, tambi\u00e9n\u2026","rel":"","context":"En \u00abInteligencias m\u00faltiples\u00bb","block_context":{"text":"Inteligencias m\u00faltiples","link":"https:\/\/webdelmaestrocmf.com\/portal\/category\/pedagogia\/inteligencias-multiples\/"},"img":{"alt_text":"","src":"https:\/\/i0.wp.com\/webdelmaestrocmf.com\/portal\/wp-content\/uploads\/2023\/11\/Banner-1-portada-imagen-10-1-13.jpg?resize=350%2C200&ssl=1","width":350,"height":200,"srcset":"https:\/\/i0.wp.com\/webdelmaestrocmf.com\/portal\/wp-content\/uploads\/2023\/11\/Banner-1-portada-imagen-10-1-13.jpg?resize=350%2C200&ssl=1 1x, https:\/\/i0.wp.com\/webdelmaestrocmf.com\/portal\/wp-content\/uploads\/2023\/11\/Banner-1-portada-imagen-10-1-13.jpg?resize=525%2C300&ssl=1 1.5x, https:\/\/i0.wp.com\/webdelmaestrocmf.com\/portal\/wp-content\/uploads\/2023\/11\/Banner-1-portada-imagen-10-1-13.jpg?resize=700%2C400&ssl=1 2x"},"classes":[]}],"_links":{"self":[{"href":"https:\/\/webdelmaestrocmf.com\/portal\/wp-json\/wp\/v2\/posts\/22200","targetHints":{"allow":["GET"]}}],"collection":[{"href":"https:\/\/webdelmaestrocmf.com\/portal\/wp-json\/wp\/v2\/posts"}],"about":[{"href":"https:\/\/webdelmaestrocmf.com\/portal\/wp-json\/wp\/v2\/types\/post"}],"author":[{"embeddable":true,"href":"https:\/\/webdelmaestrocmf.com\/portal\/wp-json\/wp\/v2\/users\/1"}],"replies":[{"embeddable":true,"href":"https:\/\/webdelmaestrocmf.com\/portal\/wp-json\/wp\/v2\/comments?post=22200"}],"version-history":[{"count":0,"href":"https:\/\/webdelmaestrocmf.com\/portal\/wp-json\/wp\/v2\/posts\/22200\/revisions"}],"wp:featuredmedia":[{"embeddable":true,"href":"https:\/\/webdelmaestrocmf.com\/portal\/wp-json\/wp\/v2\/media\/81742"}],"wp:attachment":[{"href":"https:\/\/webdelmaestrocmf.com\/portal\/wp-json\/wp\/v2\/media?parent=22200"}],"wp:term":[{"taxonomy":"category","embeddable":true,"href":"https:\/\/webdelmaestrocmf.com\/portal\/wp-json\/wp\/v2\/categories?post=22200"},{"taxonomy":"post_tag","embeddable":true,"href":"https:\/\/webdelmaestrocmf.com\/portal\/wp-json\/wp\/v2\/tags?post=22200"}],"curies":[{"name":"wp","href":"https:\/\/api.w.org\/{rel}","templated":true}]}}