{"id":22137,"date":"2017-09-16T00:39:19","date_gmt":"2017-09-16T03:39:19","guid":{"rendered":"http:\/\/webdelmaestrocmf.com\/portal\/?p=22137"},"modified":"2021-10-23T17:04:54","modified_gmt":"2021-10-23T20:04:54","slug":"los-estudiantes-saben-toda-la-informacion-no-esta-docente-tambien-esta-google","status":"publish","type":"post","link":"https:\/\/webdelmaestrocmf.com\/portal\/los-estudiantes-saben-toda-la-informacion-no-esta-docente-tambien-esta-google\/","title":{"rendered":"Los estudiantes saben que toda la informaci\u00f3n no est\u00e1 en el docente, tambi\u00e9n est\u00e1 en google"},"content":{"rendered":"<h5 style=\"text-align: justify;\">El tono de su hablar, tan t\u00edpico de los cordobeses argentinos y el uso de un lenguaje tan cercano, familiar y agradable, son un \u201cplus\u201d para la <strong>Licenciada en Psicopedagog\u00eda<\/strong> <strong>Liliana Gonz\u00e1lez<\/strong>, egresada del Instituto Superior del Profesorado de Psicopedagog\u00eda y Educaci\u00f3n Especial \u00abDr. Domingo Cabred\u201d de C\u00f3rdoba (Argentina), quien es entrevistada en el <strong>Programa Teleocho Noticias<\/strong> y por el Canal 10, de C\u00f3rdoba (Argentina).<\/h5>\n<p style=\"text-align: justify;\">Nosotros compartimos estos dos videos con fines \u00fanicamente educativos, porque es una invitaci\u00f3n a reflexionar sobre la realidad de los ni\u00f1os y j\u00f3venes \u201cen un marco donde <strong>la escuela aun no logra adaptarse<\/strong> a estos nuevos tiempos\u201d, \u00abnuestra sociedad hoy tiene <strong>el tejido social muy da\u00f1ado<\/strong>\u00ab, y es en la familia y en la escuela donde se deben <strong>generar redes<\/strong> entre los padres, los profesores y los estudiantes.<\/p>\n<p><!--more--><\/p>\n<p><img loading=\"lazy\" decoding=\"async\" class=\"alignnone size-full wp-image-40919\" src=\"https:\/\/webdelmaestrocmf.com\/portal\/wp-content\/uploads\/2017\/09\/1-62.jpg\" alt=\"\" width=\"1100\" height=\"680\" srcset=\"https:\/\/webdelmaestrocmf.com\/portal\/wp-content\/uploads\/2017\/09\/1-62.jpg 1100w, https:\/\/webdelmaestrocmf.com\/portal\/wp-content\/uploads\/2017\/09\/1-62-300x185.jpg 300w, https:\/\/webdelmaestrocmf.com\/portal\/wp-content\/uploads\/2017\/09\/1-62-768x475.jpg 768w, https:\/\/webdelmaestrocmf.com\/portal\/wp-content\/uploads\/2017\/09\/1-62-1024x633.jpg 1024w, https:\/\/webdelmaestrocmf.com\/portal\/wp-content\/uploads\/2017\/09\/1-62-110x68.jpg 110w, https:\/\/webdelmaestrocmf.com\/portal\/wp-content\/uploads\/2017\/09\/1-62-200x124.jpg 200w, https:\/\/webdelmaestrocmf.com\/portal\/wp-content\/uploads\/2017\/09\/1-62-380x235.jpg 380w, https:\/\/webdelmaestrocmf.com\/portal\/wp-content\/uploads\/2017\/09\/1-62-255x158.jpg 255w, https:\/\/webdelmaestrocmf.com\/portal\/wp-content\/uploads\/2017\/09\/1-62-550x340.jpg 550w, https:\/\/webdelmaestrocmf.com\/portal\/wp-content\/uploads\/2017\/09\/1-62-800x495.jpg 800w\" sizes=\"auto, (max-width: 1100px) 100vw, 1100px\" \/><\/p>\n<p style=\"text-align: justify;\">En este primer video de 3\u00b458\u201d, la Licenciada Liliana Gonz\u00e1lez, pide \u201ca los <strong>encargados de las pol\u00edticas sociales<\/strong>, que le vuelvan a asegurar a los chicos la vereda, la plaza, el parque. Que la seguridad sea una conquista social para que los chicos puedan <strong>recuperar el juego<\/strong> con otros al aire libre, que hace rato les viene faltando\u00bb; \u00abpol\u00edticas educativas que les acerquen <strong>una escuela disti<\/strong>nta [\u2026] una escuela <strong>atractiva<\/strong>, una escuela <strong>actualizada<\/strong>. Donde los chicos sean investigadores, creadores, protagonistas, autores. Donde de verdad se siga encendiendo el deseo de leer. Una escuela que <strong>los atraviese con la cultura<\/strong>. Que no los aburra, pero que tampoco los divierta, porque no se trata de eso. Una escuela que genere <strong>esfuerzo y creatividad<\/strong>\u00ab. Es necesario detener \u201cla patologizaci\u00f3n y la medicaci\u00f3n de la infancia. Cada vez <strong>se inventan m\u00e1s enfermedades <\/strong>sobre la infancia, que en realidad tienen que ver con los ni\u00f1os de siempre\u201d.<\/p>\n<p><iframe loading=\"lazy\" src=\"https:\/\/www.youtube.com\/embed\/BC3lq0LtXPI\" width=\"100%\" height=\"400\" frameborder=\"0\" allowfullscreen=\"allowfullscreen\"><span data-mce-type=\"bookmark\" style=\"display: inline-block; width: 0px; overflow: hidden; line-height: 0;\" class=\"mce_SELRES_start\">\ufeff<\/span><span data-mce-type=\"bookmark\" style=\"display: inline-block; width: 0px; overflow: hidden; line-height: 0;\" class=\"mce_SELRES_start\">\ufeff<\/span><\/iframe><\/p>\n<p style=\"text-align: justify;\">\u201c<strong>Devolvamos<\/strong> el tiempo a los chicos, el <strong>tiempo de gozo<\/strong>, el tiempo de &#8216;te hice venir al mundo porque <strong>te quiero<\/strong>, porque <strong>te elijo todos los d\u00edas<\/strong>, [\u2026] \u00abLos chicos no est\u00e1n enfermos. <strong>La sociedad est\u00e1 bastante enferma<\/strong>. Y la infancia nos mira, nos copia, y ah\u00ed est\u00e1n\u00bb.<\/p>\n<p style=\"text-align: justify;\">Para ampliar la informaci\u00f3n, le invitamos a leer: <a href=\"http:\/\/www.lavoz.com.ar\/ciudadanos\/liliana-gonzalez-y-los-regalos-que-importan-en-el-dia-del-nino\" target=\"_blank\" rel=\"noopener noreferrer\"><strong>LILIANA GONZ\u00c1LEZ Y \u00abLOS REGALOS QUE IMPORTAN\u00bb EN EL D\u00cdA DEL NI\u00d1O.<\/strong><\/a><\/p>\n<p style=\"text-align: justify;\">En el segundo video, que compartimos, titulado <em>\u201c\u00bfC\u00f3mo acompa\u00f1ar a los ni\u00f1os en el comienzo de clases?\u201d<\/em>, la Licenciada Gonz\u00e1lez sostiene que quiz\u00e1 se est\u00e1n enviando a los ni\u00f1os demasiado pronto a la escuela, y <strong>son los docentes quienes est\u00e1n cargando con una tarea muy dura<\/strong> para acompa\u00f1ar el desarrollo natural de los estudiantes. Los ni\u00f1os deben ir descubriendo que son ellos los <strong>protagonistas de su aprendizaje<\/strong>, y depender\u00e1 de su responsabilidad el \u00e9xito el fracaso. No es, \u201cme trajo una excelente calificaci\u00f3n\u201d o \u201cle pusieron una buena nota\u201d, sino \u201csac\u00f3 una excelente calificaci\u00f3n\u201d, \u2026 porque al fin la nota es de ellos.<\/p>\n<p><a href=\"http:\/\/webdelmaestrocmf.com\/portal\/wp-content\/uploads\/2017\/09\/liliana_gonzalez.jpg\"><img loading=\"lazy\" decoding=\"async\" class=\"aligncenter size-full wp-image-22140\" src=\"http:\/\/webdelmaestrocmf.com\/portal\/wp-content\/uploads\/2017\/09\/liliana_gonzalez.jpg\" alt=\"\" width=\"1920\" height=\"1080\" srcset=\"https:\/\/webdelmaestrocmf.com\/portal\/wp-content\/uploads\/2017\/09\/liliana_gonzalez.jpg 1920w, https:\/\/webdelmaestrocmf.com\/portal\/wp-content\/uploads\/2017\/09\/liliana_gonzalez-300x169.jpg 300w, https:\/\/webdelmaestrocmf.com\/portal\/wp-content\/uploads\/2017\/09\/liliana_gonzalez-768x432.jpg 768w, https:\/\/webdelmaestrocmf.com\/portal\/wp-content\/uploads\/2017\/09\/liliana_gonzalez-1024x576.jpg 1024w, https:\/\/webdelmaestrocmf.com\/portal\/wp-content\/uploads\/2017\/09\/liliana_gonzalez-280x158.jpg 280w, https:\/\/webdelmaestrocmf.com\/portal\/wp-content\/uploads\/2017\/09\/liliana_gonzalez-1300x731.jpg 1300w\" sizes=\"auto, (max-width: 1920px) 100vw, 1920px\" \/><\/a><\/p>\n<p style=\"text-align: justify;\">En cuanto a los estudiantes de secundaria y todo su universo de <strong>cambios propios de su edad<\/strong>, necesitan ser apoyados para encajar con el mundo de la escuela: \u201cellos quieren aprender a jugar con la tecnolog\u00eda\u201d, y \u201csaben que la informaci\u00f3n no est\u00e1 todo en el docente, sino tambi\u00e9n est\u00e1 en Google\u201d. Es preciso un <strong>cambio de los planes y programas escolares<\/strong>, nuevos procesos de investigaci\u00f3n y trabajos corporativos que conduzcan a debates, escuchar y ser escuchados, a adquirir un conocimiento cr\u00edtico. Tambi\u00e9n analiza la deserci\u00f3n escolar. \u00bfDisponemos de 6\u00b433\u201d ?, entones les animamos a visualizar este video.<\/p>\n<p><iframe loading=\"lazy\" src=\"https:\/\/www.youtube.com\/embed\/kFagBZj8Oqo\" width=\"100%\" height=\"400\" frameborder=\"0\" allowfullscreen=\"allowfullscreen\"><span data-mce-type=\"bookmark\" style=\"display: inline-block; width: 0px; overflow: hidden; line-height: 0;\" class=\"mce_SELRES_start\">\ufeff<\/span><span data-mce-type=\"bookmark\" style=\"display: inline-block; width: 0px; overflow: hidden; line-height: 0;\" class=\"mce_SELRES_start\">\ufeff<\/span><\/iframe><\/p>\n<p style=\"text-align: justify;\">El escritor colombiano Gabriel Garc\u00eda M\u00e1rquez dijo que <em>\u201cdesde muy ni\u00f1o tuve que interrumpir mi educaci\u00f3n para ir a la escuela\u201d<\/em>; y no deja de ser otra tonalidad de estos mensajes. La docente universitaria, especialista en cl\u00ednica de ni\u00f1os y adolescentes, coordinadora de talleres para padres y maestros, ha escrito y publicado nueve libros, est\u00e1 a punto de cumplir los 70 a\u00f1os, es abuela y afirma que \u00ab<em>hace a\u00f1os que hablo de los mismos temas. No me explico por qu\u00e9 tuvo tanta repercusi\u00f3n<\/em>\u00ab.<\/p>\n<p style=\"text-align: justify;\">El sistema educativo est\u00e1 en crisis (una vez m\u00e1s), y hay que reconocer que <strong>la educaci\u00f3n exige una formaci\u00f3n permanente <\/strong>y un trabajo muy cercano entre la <strong>familia y la escuela<\/strong>. \u00abEl sistema educativo tiene que acercarse urgente a la vida de los chicos que no son los mismos alumnos de antes\u00bb. \u00abPero los responsables somos los adultos que tambi\u00e9n estamos hipnotizados por las pantallas tanto como los chicos. La \u00fanica diferencia es que nosotros tuvimos la suerte de que el <strong>avance tecnol\u00f3gico<\/strong> nos agarr\u00f3 con <strong>muchos libros le\u00eddos<\/strong>\u00ab.<\/p>\n<p style=\"text-align: justify;\">\u00abHoy en d\u00eda el problema m\u00e1s grave que hay en la adolescencia es <strong>el vac\u00edo existencial <\/strong>que tienen muchos chicos de 17 a\u00f1os en adelante. No saben lo que van a estudiar, no se enamoraron de alguna rama del conocimiento y no tuvieron docentes que les hayan dejado una huella. Entonces <strong>el vac\u00edo que no fue llenado con amor, libros, deporte y sue\u00f1os<\/strong>, puede completarse con embarazos, drogas y alcohol\u00bb, agrega Liliana Gonz\u00e1lez.<\/p>\n<p style=\"text-align: justify;\">Les animamos a leer la publicaci\u00f3n de Daniela Hacker en <em>infobae<\/em>: <a href=\"http:\/\/www.infobae.com\/tendencias\/2017\/07\/10\/liliana-gonzalez-la-psicopedagoga-cordobesa-que-se-hizo-viral-por-whatsapp\/\" target=\"_blank\" rel=\"noopener noreferrer\"><strong>EL VIDEO SOBRE LOS L\u00cdMITES DE LA INFANCIA DE LA PSICOPEDAGOGA CORDOBESA QUE SE HIZO VIRAL.<\/strong><\/a><\/p>\n<p style=\"text-align: right;\"><strong>REDACCI\u00d3N WEB DEL MAESTRO CMF<\/strong><\/p>\n\t\t<div class=\"pk-inline-posts\">\n\t\t\t\n\t\t\t<div class=\"pk-inline-posts-container pk-inline-posts-template-list\"\n\t\t\t\tdata-columns=\"1\">\n\t\t\t\t\t\t<article id=\"post-117767\" class=\"post-117767 post type-post status-publish format-standard has-post-thumbnail category-sin-categoria-es tag-aprendizaje tag-aula tag-convivencia-escolar tag-disciplina tag-docentes tag-educacion-2 tag-educacion-emocional-2 tag-estudiantes tag-pedagogia-2 tag-violencia-escolar cs-entry cs-video-wrap\">\n\t\t\t<div class=\"pk-post-outer\">\n\n\t\t\t\t\t\t\t\t<div class=\"pk-post-inner\">\n\t\t\t\t\t<div class=\"entry-thumbnail\">\n\t\t\t\t\t\t<div class=\"pk-overlay pk-overlay-ratio pk-ratio-landscape\">\n\t\t\t\t\t\t\t<div class=\"pk-overlay-background\">\n\t\t\t\t\t\t\t\t<a href=\"https:\/\/webdelmaestrocmf.com\/portal\/los-alumnos-de-ahora-tienen-menos-conocimientos-pero-estan-sobrecargados-por-una-exposicion-excesiva-a-la-violencia\/\" class=\"pk-overlay-link\">\n\t\t\t\t\t\t\t\t\t<img loading=\"lazy\" decoding=\"async\" width=\"300\" height=\"225\" src=\"https:\/\/webdelmaestrocmf.com\/portal\/wp-content\/uploads\/2026\/04\/1AA-Banner-1-portada-imagen-10-1-copia-4-1-300x225.webp\" class=\"attachment-pk-thumbnail size-pk-thumbnail wp-post-image\" alt=\"\" \/>\t\t\t\t\t\t\t\t<\/a>\n\t\t\t\t\t\t\t<\/div>\n\t\t\t\t\t\t<\/div>\n\t\t\t\t\t<\/div>\n\t\t\t\t<\/div>\n\t\t\t\t\n\t\t\t\t<div class=\"pk-post-inner\">\n\t\t\t\t\t<header>\n\t\t\t\t\t\t<h3 class=\"pk-title\"><a href=\"https:\/\/webdelmaestrocmf.com\/portal\/los-alumnos-de-ahora-tienen-menos-conocimientos-pero-estan-sobrecargados-por-una-exposicion-excesiva-a-la-violencia\/\" rel=\"bookmark\">Los alumnos de ahora tienen menos conocimientos, pero est\u00e1n sobrecargados por una exposici\u00f3n excesiva a la violencia<\/a><\/h3>\t\t\t\t\t<\/header><!-- .entry-header -->\n\t\t\t\t<\/div><!-- .post-inner -->\n\n\t\t\t<\/div><!-- .post-outer -->\n\t\t<\/article>\n\t\t\t\t<\/div>\n\t\t<\/div>\n\t\t\n","protected":false},"excerpt":{"rendered":"El tono de su hablar, tan t\u00edpico de los cordobeses argentinos y el uso de un lenguaje tan&hellip;","protected":false},"author":2,"featured_media":40920,"comment_status":"open","ping_status":"closed","sticky":false,"template":"","format":"standard","meta":{"csco_display_header_overlay":false,"csco_singular_sidebar":"disabled","csco_page_header_type":"standard","csco_page_load_nextpost":"default","csco_post_video_location":[],"csco_post_video_location_hash":"","csco_post_video_url":"","csco_post_video_bg_start_time":0,"csco_post_video_bg_end_time":0,"csco_post_video_bg_volume":false,"_jetpack_memberships_contains_paid_content":false,"footnotes":""},"categories":[6894],"tags":[52,96,788,1235,2759],"class_list":{"0":"post-22137","1":"post","2":"type-post","3":"status-publish","4":"format-standard","5":"has-post-thumbnail","7":"category-sin-categoria-es","8":"tag-docente","9":"tag-estudiantes","10":"tag-google","11":"tag-informacion","12":"tag-tambien","13":"cs-entry","14":"cs-video-wrap"},"yoast_head":"<!-- This site is optimized with the Yoast SEO plugin v27.5 - https:\/\/yoast.com\/product\/yoast-seo-wordpress\/ -->\n<title>Los estudiantes saben que toda la informaci\u00f3n no est\u00e1 en el docente, tambi\u00e9n est\u00e1 en google<\/title>\n<meta name=\"description\" content=\"El tono de su hablar, tan t\u00edpico de los cordobeses argentinos y el uso de un lenguaje tan cercano, familiar y agradable, son un \u201cplus\u201d para la Licenciada...\" \/>\n<meta name=\"robots\" content=\"index, follow, max-snippet:-1, max-image-preview:large, max-video-preview:-1\" \/>\n<link rel=\"canonical\" href=\"https:\/\/webdelmaestrocmf.com\/portal\/los-estudiantes-saben-toda-la-informacion-no-esta-docente-tambien-esta-google\/\" \/>\n<meta property=\"og:locale\" content=\"es_ES\" \/>\n<meta property=\"og:type\" content=\"article\" \/>\n<meta property=\"og:title\" content=\"Los estudiantes saben que toda la informaci\u00f3n no est\u00e1 en el docente, tambi\u00e9n est\u00e1 en google\" \/>\n<meta property=\"og:description\" content=\"El tono de su hablar, tan t\u00edpico de los cordobeses argentinos y el uso de un lenguaje tan cercano, familiar y agradable, son un \u201cplus\u201d para la Licenciada...\" \/>\n<meta property=\"og:url\" content=\"https:\/\/webdelmaestrocmf.com\/portal\/los-estudiantes-saben-toda-la-informacion-no-esta-docente-tambien-esta-google\/\" \/>\n<meta property=\"og:site_name\" content=\"Web del Maestro CMF\" \/>\n<meta property=\"article:publisher\" content=\"https:\/\/www.facebook.com\/WebdelMaestroCMF\/\" \/>\n<meta property=\"article:author\" content=\"https:\/\/www.facebook.com\/WebdelMaestroCMF\/\" \/>\n<meta property=\"article:published_time\" content=\"2017-09-16T03:39:19+00:00\" \/>\n<meta property=\"article:modified_time\" content=\"2021-10-23T20:04:54+00:00\" \/>\n<meta property=\"og:image\" content=\"https:\/\/i0.wp.com\/webdelmaestrocmf.com\/portal\/wp-content\/uploads\/2017\/09\/1-63.jpg?fit=1100%2C680&ssl=1\" \/>\n\t<meta property=\"og:image:width\" content=\"1100\" \/>\n\t<meta property=\"og:image:height\" content=\"680\" \/>\n\t<meta property=\"og:image:type\" content=\"image\/jpeg\" \/>\n<meta name=\"author\" content=\"Web del Maestro CMF\" \/>\n<meta name=\"twitter:card\" content=\"summary_large_image\" \/>\n<meta name=\"twitter:creator\" content=\"@cmf_w\" \/>\n<meta name=\"twitter:site\" content=\"@cmf_w\" \/>\n<script type=\"application\/ld+json\" class=\"yoast-schema-graph\">{\"@context\":\"https:\\\/\\\/schema.org\",\"@graph\":[{\"@type\":\"ScholarlyArticle\",\"@id\":\"https:\\\/\\\/webdelmaestrocmf.com\\\/portal\\\/los-estudiantes-saben-toda-la-informacion-no-esta-docente-tambien-esta-google\\\/#article\",\"isPartOf\":{\"@id\":\"https:\\\/\\\/webdelmaestrocmf.com\\\/portal\\\/los-estudiantes-saben-toda-la-informacion-no-esta-docente-tambien-esta-google\\\/\"},\"author\":{\"name\":\"Web del Maestro CMF\",\"@id\":\"https:\\\/\\\/webdelmaestrocmf.com\\\/portal\\\/#\\\/schema\\\/person\\\/ebc57e23d318c9c4270c6f41367015b5\"},\"headline\":\"Los estudiantes saben que toda la informaci\u00f3n no est\u00e1 en el docente, tambi\u00e9n est\u00e1 en google\",\"datePublished\":\"2017-09-16T03:39:19+00:00\",\"dateModified\":\"2021-10-23T20:04:54+00:00\",\"mainEntityOfPage\":{\"@id\":\"https:\\\/\\\/webdelmaestrocmf.com\\\/portal\\\/los-estudiantes-saben-toda-la-informacion-no-esta-docente-tambien-esta-google\\\/\"},\"wordCount\":910,\"commentCount\":0,\"publisher\":{\"@id\":\"https:\\\/\\\/webdelmaestrocmf.com\\\/portal\\\/#organization\"},\"image\":{\"@id\":\"https:\\\/\\\/webdelmaestrocmf.com\\\/portal\\\/los-estudiantes-saben-toda-la-informacion-no-esta-docente-tambien-esta-google\\\/#primaryimage\"},\"thumbnailUrl\":\"https:\\\/\\\/webdelmaestrocmf.com\\\/portal\\\/wp-content\\\/uploads\\\/2017\\\/09\\\/1-63.jpg\",\"keywords\":[\"DOCENTE\",\"estudiantes\",\"Google\",\"INFORMACI\u00d3N\",\"TAMBI\u00c9N\"],\"inLanguage\":\"es\",\"potentialAction\":[{\"@type\":\"CommentAction\",\"name\":\"Comment\",\"target\":[\"https:\\\/\\\/webdelmaestrocmf.com\\\/portal\\\/los-estudiantes-saben-toda-la-informacion-no-esta-docente-tambien-esta-google\\\/#respond\"]}]},{\"@type\":\"WebPage\",\"@id\":\"https:\\\/\\\/webdelmaestrocmf.com\\\/portal\\\/los-estudiantes-saben-toda-la-informacion-no-esta-docente-tambien-esta-google\\\/\",\"url\":\"https:\\\/\\\/webdelmaestrocmf.com\\\/portal\\\/los-estudiantes-saben-toda-la-informacion-no-esta-docente-tambien-esta-google\\\/\",\"name\":\"Los estudiantes saben que toda la informaci\u00f3n no est\u00e1 en el docente, tambi\u00e9n est\u00e1 en google\",\"isPartOf\":{\"@id\":\"https:\\\/\\\/webdelmaestrocmf.com\\\/portal\\\/#website\"},\"primaryImageOfPage\":{\"@id\":\"https:\\\/\\\/webdelmaestrocmf.com\\\/portal\\\/los-estudiantes-saben-toda-la-informacion-no-esta-docente-tambien-esta-google\\\/#primaryimage\"},\"image\":{\"@id\":\"https:\\\/\\\/webdelmaestrocmf.com\\\/portal\\\/los-estudiantes-saben-toda-la-informacion-no-esta-docente-tambien-esta-google\\\/#primaryimage\"},\"thumbnailUrl\":\"https:\\\/\\\/webdelmaestrocmf.com\\\/portal\\\/wp-content\\\/uploads\\\/2017\\\/09\\\/1-63.jpg\",\"datePublished\":\"2017-09-16T03:39:19+00:00\",\"dateModified\":\"2021-10-23T20:04:54+00:00\",\"description\":\"El tono de su hablar, tan t\u00edpico de los cordobeses argentinos y el uso de un lenguaje tan cercano, familiar y agradable, son un \u201cplus\u201d para la Licenciada...\",\"breadcrumb\":{\"@id\":\"https:\\\/\\\/webdelmaestrocmf.com\\\/portal\\\/los-estudiantes-saben-toda-la-informacion-no-esta-docente-tambien-esta-google\\\/#breadcrumb\"},\"inLanguage\":\"es\",\"potentialAction\":[{\"@type\":\"ReadAction\",\"target\":[\"https:\\\/\\\/webdelmaestrocmf.com\\\/portal\\\/los-estudiantes-saben-toda-la-informacion-no-esta-docente-tambien-esta-google\\\/\"]}]},{\"@type\":\"ImageObject\",\"inLanguage\":\"es\",\"@id\":\"https:\\\/\\\/webdelmaestrocmf.com\\\/portal\\\/los-estudiantes-saben-toda-la-informacion-no-esta-docente-tambien-esta-google\\\/#primaryimage\",\"url\":\"https:\\\/\\\/webdelmaestrocmf.com\\\/portal\\\/wp-content\\\/uploads\\\/2017\\\/09\\\/1-63.jpg\",\"contentUrl\":\"https:\\\/\\\/webdelmaestrocmf.com\\\/portal\\\/wp-content\\\/uploads\\\/2017\\\/09\\\/1-63.jpg\",\"width\":1100,\"height\":680},{\"@type\":\"BreadcrumbList\",\"@id\":\"https:\\\/\\\/webdelmaestrocmf.com\\\/portal\\\/los-estudiantes-saben-toda-la-informacion-no-esta-docente-tambien-esta-google\\\/#breadcrumb\",\"itemListElement\":[{\"@type\":\"ListItem\",\"position\":1,\"name\":\"Portada\",\"item\":\"https:\\\/\\\/webdelmaestrocmf.com\\\/portal\\\/\"},{\"@type\":\"ListItem\",\"position\":2,\"name\":\"Noticias\",\"item\":\"https:\\\/\\\/webdelmaestrocmf.com\\\/portal\\\/category\\\/noticias\\\/\"},{\"@type\":\"ListItem\",\"position\":3,\"name\":\"Los estudiantes saben que toda la informaci\u00f3n no est\u00e1 en el docente, tambi\u00e9n est\u00e1 en google\"}]},{\"@type\":\"WebSite\",\"@id\":\"https:\\\/\\\/webdelmaestrocmf.com\\\/portal\\\/#website\",\"url\":\"https:\\\/\\\/webdelmaestrocmf.com\\\/portal\\\/\",\"name\":\"Web del Maestro CMF\",\"description\":\"Maestros al servicio de la educaci\u00f3n\",\"publisher\":{\"@id\":\"https:\\\/\\\/webdelmaestrocmf.com\\\/portal\\\/#organization\"},\"alternateName\":\"WMCMF\",\"potentialAction\":[{\"@type\":\"SearchAction\",\"target\":{\"@type\":\"EntryPoint\",\"urlTemplate\":\"https:\\\/\\\/webdelmaestrocmf.com\\\/portal\\\/?s={search_term_string}\"},\"query-input\":{\"@type\":\"PropertyValueSpecification\",\"valueRequired\":true,\"valueName\":\"search_term_string\"}}],\"inLanguage\":\"es\"},{\"@type\":\"Organization\",\"@id\":\"https:\\\/\\\/webdelmaestrocmf.com\\\/portal\\\/#organization\",\"name\":\"Web del Maestro CMF\",\"alternateName\":\"WMCMF\",\"url\":\"https:\\\/\\\/webdelmaestrocmf.com\\\/portal\\\/\",\"logo\":{\"@type\":\"ImageObject\",\"inLanguage\":\"es\",\"@id\":\"https:\\\/\\\/webdelmaestrocmf.com\\\/portal\\\/#\\\/schema\\\/logo\\\/image\\\/\",\"url\":\"https:\\\/\\\/webdelmaestrocmf.com\\\/portal\\\/wp-content\\\/uploads\\\/2023\\\/01\\\/logo-wmcmf-2.png\",\"contentUrl\":\"https:\\\/\\\/webdelmaestrocmf.com\\\/portal\\\/wp-content\\\/uploads\\\/2023\\\/01\\\/logo-wmcmf-2.png\",\"width\":200,\"height\":60,\"caption\":\"Web del Maestro CMF\"},\"image\":{\"@id\":\"https:\\\/\\\/webdelmaestrocmf.com\\\/portal\\\/#\\\/schema\\\/logo\\\/image\\\/\"},\"sameAs\":[\"https:\\\/\\\/www.facebook.com\\\/WebdelMaestroCMF\\\/\",\"https:\\\/\\\/x.com\\\/cmf_w\",\"https:\\\/\\\/www.pinterest.com\\\/WMCMF\\\/\",\"https:\\\/\\\/www.linkedin.com\\\/company\\\/web-del-maestro-cmf\\\/\",\"https:\\\/\\\/www.instagram.com\\\/wmcmf\\\/\",\"https:\\\/\\\/www.youtube.com\\\/channel\\\/UCDPSvjbdodE5sHnC3OxutHw\",\"https:\\\/\\\/mastodon.social\\\/@wmcmf\",\"https:\\\/\\\/www.tiktok.com\\\/@webdelmaestrocmf\"]},{\"@type\":\"Person\",\"@id\":\"https:\\\/\\\/webdelmaestrocmf.com\\\/portal\\\/#\\\/schema\\\/person\\\/ebc57e23d318c9c4270c6f41367015b5\",\"name\":\"Web del Maestro CMF\",\"image\":{\"@type\":\"ImageObject\",\"inLanguage\":\"es\",\"@id\":\"https:\\\/\\\/secure.gravatar.com\\\/avatar\\\/718b2df46e711f63dc8c16a160d16cc0104e961fe3c231eaaed2426975fc5e2d?s=96&d=mm&r=g\",\"url\":\"https:\\\/\\\/secure.gravatar.com\\\/avatar\\\/718b2df46e711f63dc8c16a160d16cc0104e961fe3c231eaaed2426975fc5e2d?s=96&d=mm&r=g\",\"contentUrl\":\"https:\\\/\\\/secure.gravatar.com\\\/avatar\\\/718b2df46e711f63dc8c16a160d16cc0104e961fe3c231eaaed2426975fc5e2d?s=96&d=mm&r=g\",\"caption\":\"Web del Maestro CMF\"},\"description\":\"Esta Web se cre\u00f3 sin fines de lucro, con fines educativos, cient\u00edficos y acad\u00e9micos, para personas que tengan dificultades y\\\/o inconvenientes en visualizar el material original. El objetivo es entregar recursos, compartir experiencias y materiales que ayuden a los padres de familia, maestros y estudiantes en su actualizaci\u00f3n y formaci\u00f3n permanente, en bien de la Educaci\u00f3n.\",\"sameAs\":[\"http:\\\/\\\/webdelmaestrocmf.com\\\/portal\",\"https:\\\/\\\/www.facebook.com\\\/WebdelMaestroCMF\\\/\",\"https:\\\/\\\/www.instagram.com\\\/wmcmf\\\/\",\"https:\\\/\\\/cl.linkedin.com\\\/company\\\/web-del-maestro-cmf\",\"https:\\\/\\\/www.pinterest.com\\\/WMCMF\\\/publicaciones\\\/\",\"https:\\\/\\\/x.com\\\/cmf_w\",\"https:\\\/\\\/www.youtube.com\\\/@WMCMF\"]}]}<\/script>\n<!-- \/ Yoast SEO plugin. -->","yoast_head_json":{"title":"Los estudiantes saben que toda la informaci\u00f3n no est\u00e1 en el docente, tambi\u00e9n est\u00e1 en google","description":"El tono de su hablar, tan t\u00edpico de los cordobeses argentinos y el uso de un lenguaje tan cercano, familiar y agradable, son un \u201cplus\u201d para la Licenciada...","robots":{"index":"index","follow":"follow","max-snippet":"max-snippet:-1","max-image-preview":"max-image-preview:large","max-video-preview":"max-video-preview:-1"},"canonical":"https:\/\/webdelmaestrocmf.com\/portal\/los-estudiantes-saben-toda-la-informacion-no-esta-docente-tambien-esta-google\/","og_locale":"es_ES","og_type":"article","og_title":"Los estudiantes saben que toda la informaci\u00f3n no est\u00e1 en el docente, tambi\u00e9n est\u00e1 en google","og_description":"El tono de su hablar, tan t\u00edpico de los cordobeses argentinos y el uso de un lenguaje tan cercano, familiar y agradable, son un \u201cplus\u201d para la Licenciada...","og_url":"https:\/\/webdelmaestrocmf.com\/portal\/los-estudiantes-saben-toda-la-informacion-no-esta-docente-tambien-esta-google\/","og_site_name":"Web del Maestro CMF","article_publisher":"https:\/\/www.facebook.com\/WebdelMaestroCMF\/","article_author":"https:\/\/www.facebook.com\/WebdelMaestroCMF\/","article_published_time":"2017-09-16T03:39:19+00:00","article_modified_time":"2021-10-23T20:04:54+00:00","og_image":[{"width":1100,"height":680,"url":"https:\/\/i0.wp.com\/webdelmaestrocmf.com\/portal\/wp-content\/uploads\/2017\/09\/1-63.jpg?fit=1100%2C680&ssl=1","type":"image\/jpeg"}],"author":"Web del Maestro CMF","twitter_card":"summary_large_image","twitter_creator":"@cmf_w","twitter_site":"@cmf_w","schema":{"@context":"https:\/\/schema.org","@graph":[{"@type":"ScholarlyArticle","@id":"https:\/\/webdelmaestrocmf.com\/portal\/los-estudiantes-saben-toda-la-informacion-no-esta-docente-tambien-esta-google\/#article","isPartOf":{"@id":"https:\/\/webdelmaestrocmf.com\/portal\/los-estudiantes-saben-toda-la-informacion-no-esta-docente-tambien-esta-google\/"},"author":{"name":"Web del Maestro CMF","@id":"https:\/\/webdelmaestrocmf.com\/portal\/#\/schema\/person\/ebc57e23d318c9c4270c6f41367015b5"},"headline":"Los estudiantes saben que toda la informaci\u00f3n no est\u00e1 en el docente, tambi\u00e9n est\u00e1 en google","datePublished":"2017-09-16T03:39:19+00:00","dateModified":"2021-10-23T20:04:54+00:00","mainEntityOfPage":{"@id":"https:\/\/webdelmaestrocmf.com\/portal\/los-estudiantes-saben-toda-la-informacion-no-esta-docente-tambien-esta-google\/"},"wordCount":910,"commentCount":0,"publisher":{"@id":"https:\/\/webdelmaestrocmf.com\/portal\/#organization"},"image":{"@id":"https:\/\/webdelmaestrocmf.com\/portal\/los-estudiantes-saben-toda-la-informacion-no-esta-docente-tambien-esta-google\/#primaryimage"},"thumbnailUrl":"https:\/\/webdelmaestrocmf.com\/portal\/wp-content\/uploads\/2017\/09\/1-63.jpg","keywords":["DOCENTE","estudiantes","Google","INFORMACI\u00d3N","TAMBI\u00c9N"],"inLanguage":"es","potentialAction":[{"@type":"CommentAction","name":"Comment","target":["https:\/\/webdelmaestrocmf.com\/portal\/los-estudiantes-saben-toda-la-informacion-no-esta-docente-tambien-esta-google\/#respond"]}]},{"@type":"WebPage","@id":"https:\/\/webdelmaestrocmf.com\/portal\/los-estudiantes-saben-toda-la-informacion-no-esta-docente-tambien-esta-google\/","url":"https:\/\/webdelmaestrocmf.com\/portal\/los-estudiantes-saben-toda-la-informacion-no-esta-docente-tambien-esta-google\/","name":"Los estudiantes saben que toda la informaci\u00f3n no est\u00e1 en el docente, tambi\u00e9n est\u00e1 en google","isPartOf":{"@id":"https:\/\/webdelmaestrocmf.com\/portal\/#website"},"primaryImageOfPage":{"@id":"https:\/\/webdelmaestrocmf.com\/portal\/los-estudiantes-saben-toda-la-informacion-no-esta-docente-tambien-esta-google\/#primaryimage"},"image":{"@id":"https:\/\/webdelmaestrocmf.com\/portal\/los-estudiantes-saben-toda-la-informacion-no-esta-docente-tambien-esta-google\/#primaryimage"},"thumbnailUrl":"https:\/\/webdelmaestrocmf.com\/portal\/wp-content\/uploads\/2017\/09\/1-63.jpg","datePublished":"2017-09-16T03:39:19+00:00","dateModified":"2021-10-23T20:04:54+00:00","description":"El tono de su hablar, tan t\u00edpico de los cordobeses argentinos y el uso de un lenguaje tan cercano, familiar y agradable, son un \u201cplus\u201d para la Licenciada...","breadcrumb":{"@id":"https:\/\/webdelmaestrocmf.com\/portal\/los-estudiantes-saben-toda-la-informacion-no-esta-docente-tambien-esta-google\/#breadcrumb"},"inLanguage":"es","potentialAction":[{"@type":"ReadAction","target":["https:\/\/webdelmaestrocmf.com\/portal\/los-estudiantes-saben-toda-la-informacion-no-esta-docente-tambien-esta-google\/"]}]},{"@type":"ImageObject","inLanguage":"es","@id":"https:\/\/webdelmaestrocmf.com\/portal\/los-estudiantes-saben-toda-la-informacion-no-esta-docente-tambien-esta-google\/#primaryimage","url":"https:\/\/webdelmaestrocmf.com\/portal\/wp-content\/uploads\/2017\/09\/1-63.jpg","contentUrl":"https:\/\/webdelmaestrocmf.com\/portal\/wp-content\/uploads\/2017\/09\/1-63.jpg","width":1100,"height":680},{"@type":"BreadcrumbList","@id":"https:\/\/webdelmaestrocmf.com\/portal\/los-estudiantes-saben-toda-la-informacion-no-esta-docente-tambien-esta-google\/#breadcrumb","itemListElement":[{"@type":"ListItem","position":1,"name":"Portada","item":"https:\/\/webdelmaestrocmf.com\/portal\/"},{"@type":"ListItem","position":2,"name":"Noticias","item":"https:\/\/webdelmaestrocmf.com\/portal\/category\/noticias\/"},{"@type":"ListItem","position":3,"name":"Los estudiantes saben que toda la informaci\u00f3n no est\u00e1 en el docente, tambi\u00e9n est\u00e1 en google"}]},{"@type":"WebSite","@id":"https:\/\/webdelmaestrocmf.com\/portal\/#website","url":"https:\/\/webdelmaestrocmf.com\/portal\/","name":"Web del Maestro CMF","description":"Maestros al servicio de la educaci\u00f3n","publisher":{"@id":"https:\/\/webdelmaestrocmf.com\/portal\/#organization"},"alternateName":"WMCMF","potentialAction":[{"@type":"SearchAction","target":{"@type":"EntryPoint","urlTemplate":"https:\/\/webdelmaestrocmf.com\/portal\/?s={search_term_string}"},"query-input":{"@type":"PropertyValueSpecification","valueRequired":true,"valueName":"search_term_string"}}],"inLanguage":"es"},{"@type":"Organization","@id":"https:\/\/webdelmaestrocmf.com\/portal\/#organization","name":"Web del Maestro CMF","alternateName":"WMCMF","url":"https:\/\/webdelmaestrocmf.com\/portal\/","logo":{"@type":"ImageObject","inLanguage":"es","@id":"https:\/\/webdelmaestrocmf.com\/portal\/#\/schema\/logo\/image\/","url":"https:\/\/webdelmaestrocmf.com\/portal\/wp-content\/uploads\/2023\/01\/logo-wmcmf-2.png","contentUrl":"https:\/\/webdelmaestrocmf.com\/portal\/wp-content\/uploads\/2023\/01\/logo-wmcmf-2.png","width":200,"height":60,"caption":"Web del Maestro CMF"},"image":{"@id":"https:\/\/webdelmaestrocmf.com\/portal\/#\/schema\/logo\/image\/"},"sameAs":["https:\/\/www.facebook.com\/WebdelMaestroCMF\/","https:\/\/x.com\/cmf_w","https:\/\/www.pinterest.com\/WMCMF\/","https:\/\/www.linkedin.com\/company\/web-del-maestro-cmf\/","https:\/\/www.instagram.com\/wmcmf\/","https:\/\/www.youtube.com\/channel\/UCDPSvjbdodE5sHnC3OxutHw","https:\/\/mastodon.social\/@wmcmf","https:\/\/www.tiktok.com\/@webdelmaestrocmf"]},{"@type":"Person","@id":"https:\/\/webdelmaestrocmf.com\/portal\/#\/schema\/person\/ebc57e23d318c9c4270c6f41367015b5","name":"Web del Maestro CMF","image":{"@type":"ImageObject","inLanguage":"es","@id":"https:\/\/secure.gravatar.com\/avatar\/718b2df46e711f63dc8c16a160d16cc0104e961fe3c231eaaed2426975fc5e2d?s=96&d=mm&r=g","url":"https:\/\/secure.gravatar.com\/avatar\/718b2df46e711f63dc8c16a160d16cc0104e961fe3c231eaaed2426975fc5e2d?s=96&d=mm&r=g","contentUrl":"https:\/\/secure.gravatar.com\/avatar\/718b2df46e711f63dc8c16a160d16cc0104e961fe3c231eaaed2426975fc5e2d?s=96&d=mm&r=g","caption":"Web del Maestro CMF"},"description":"Esta Web se cre\u00f3 sin fines de lucro, con fines educativos, cient\u00edficos y acad\u00e9micos, para personas que tengan dificultades y\/o inconvenientes en visualizar el material original. El objetivo es entregar recursos, compartir experiencias y materiales que ayuden a los padres de familia, maestros y estudiantes en su actualizaci\u00f3n y formaci\u00f3n permanente, en bien de la Educaci\u00f3n.","sameAs":["http:\/\/webdelmaestrocmf.com\/portal","https:\/\/www.facebook.com\/WebdelMaestroCMF\/","https:\/\/www.instagram.com\/wmcmf\/","https:\/\/cl.linkedin.com\/company\/web-del-maestro-cmf","https:\/\/www.pinterest.com\/WMCMF\/publicaciones\/","https:\/\/x.com\/cmf_w","https:\/\/www.youtube.com\/@WMCMF"]}]}},"jetpack_featured_media_url":"https:\/\/webdelmaestrocmf.com\/portal\/wp-content\/uploads\/2017\/09\/1-63.jpg","jetpack_sharing_enabled":true,"jetpack-related-posts":[{"id":40913,"url":"https:\/\/webdelmaestrocmf.com\/portal\/liliana-gonzalez-necesitamos-docentes-que-rompan-filas-en-el-aula\/","url_meta":{"origin":22137,"position":0},"title":"Liliana Gonz\u00e1lez: Necesitamos docentes que rompan filas en el aula","author":"Web del Maestro CMF","date":"24 septiembre, 2019","format":false,"excerpt":"Liliana Gonz\u00e1lez naci\u00f3 en Cordoba (Argentina) donde vive hasta la actualidad. Durante 30 a\u00f1os se dedic\u00f3 a atender consultas, escribir y disertar para padres y docentes. Es Profesora y licenciada en psicopedagog\u00eda, egresada del instituto Superior Dr Domingo Cabred y de la Universidad de R\u00edo Cuarto. Especialista en cl\u00ednica de\u2026","rel":"","context":"En \u00abEntrevistas\u00bb","block_context":{"text":"Entrevistas","link":"https:\/\/webdelmaestrocmf.com\/portal\/category\/noticias\/entrevistas\/"},"img":{"alt_text":"","src":"https:\/\/i0.wp.com\/webdelmaestrocmf.com\/portal\/wp-content\/uploads\/2019\/09\/2-19.jpg?resize=350%2C200&ssl=1","width":350,"height":200,"srcset":"https:\/\/i0.wp.com\/webdelmaestrocmf.com\/portal\/wp-content\/uploads\/2019\/09\/2-19.jpg?resize=350%2C200&ssl=1 1x, https:\/\/i0.wp.com\/webdelmaestrocmf.com\/portal\/wp-content\/uploads\/2019\/09\/2-19.jpg?resize=525%2C300&ssl=1 1.5x, https:\/\/i0.wp.com\/webdelmaestrocmf.com\/portal\/wp-content\/uploads\/2019\/09\/2-19.jpg?resize=700%2C400&ssl=1 2x, https:\/\/i0.wp.com\/webdelmaestrocmf.com\/portal\/wp-content\/uploads\/2019\/09\/2-19.jpg?resize=1050%2C600&ssl=1 3x"},"classes":[]},{"id":111920,"url":"https:\/\/webdelmaestrocmf.com\/portal\/liliana-gonzalez-la-escuela-no-es-tiktok-instagram-o-youtube-el-desafio-entre-lectura-y-consumo-digital\/","url_meta":{"origin":22137,"position":1},"title":"Liliana Gonz\u00e1lez: \u201cLa escuela no es TikTok, Instagram o YouTube\u201d, el desaf\u00edo entre lectura y consumo digital","author":"Web del Maestro CMF","date":"19 agosto, 2025","format":false,"excerpt":"La escuela no es TikTok: los j\u00f3venes buscan inmediatez digital mientras docentes enfrentan el reto de sostener atenci\u00f3n y lectura.","rel":"","context":"En \u00abEntrevistas\u00bb","block_context":{"text":"Entrevistas","link":"https:\/\/webdelmaestrocmf.com\/portal\/category\/noticias\/entrevistas\/"},"img":{"alt_text":"","src":"https:\/\/i0.wp.com\/webdelmaestrocmf.com\/portal\/wp-content\/uploads\/2025\/08\/1A-Banner-1-portada-imagen-10-1-copia-12.webp?resize=350%2C200&ssl=1","width":350,"height":200,"srcset":"https:\/\/i0.wp.com\/webdelmaestrocmf.com\/portal\/wp-content\/uploads\/2025\/08\/1A-Banner-1-portada-imagen-10-1-copia-12.webp?resize=350%2C200&ssl=1 1x, https:\/\/i0.wp.com\/webdelmaestrocmf.com\/portal\/wp-content\/uploads\/2025\/08\/1A-Banner-1-portada-imagen-10-1-copia-12.webp?resize=525%2C300&ssl=1 1.5x, https:\/\/i0.wp.com\/webdelmaestrocmf.com\/portal\/wp-content\/uploads\/2025\/08\/1A-Banner-1-portada-imagen-10-1-copia-12.webp?resize=700%2C400&ssl=1 2x"},"classes":[]},{"id":48679,"url":"https:\/\/webdelmaestrocmf.com\/portal\/francesco-tonucci-la-importancia-de-empoderar-a-los-buenos-maestros-directores-y-funcionarios-deberian-apoyarlos-defenderlos-muchas-veces-de-los-ataques-de-sus-propios-colegas\/","url_meta":{"origin":22137,"position":2},"title":"Francesco Tonucci:  La importancia de empoderar a los buenos maestros","author":"Web del Maestro CMF","date":"12 febrero, 2023","format":false,"excerpt":"Directores y funcionarios deber\u00edan apoyarlos, defenderlos, muchas veces, de los ataques de sus propios colegas.","rel":"","context":"En \u00abEntrevistas\u00bb","block_context":{"text":"Entrevistas","link":"https:\/\/webdelmaestrocmf.com\/portal\/category\/noticias\/entrevistas\/"},"img":{"alt_text":"Francesco Tonucci:","src":"https:\/\/i0.wp.com\/webdelmaestrocmf.com\/portal\/wp-content\/uploads\/2020\/07\/1-4.jpg?resize=350%2C200&ssl=1","width":350,"height":200,"srcset":"https:\/\/i0.wp.com\/webdelmaestrocmf.com\/portal\/wp-content\/uploads\/2020\/07\/1-4.jpg?resize=350%2C200&ssl=1 1x, https:\/\/i0.wp.com\/webdelmaestrocmf.com\/portal\/wp-content\/uploads\/2020\/07\/1-4.jpg?resize=525%2C300&ssl=1 1.5x"},"classes":[]},{"id":63919,"url":"https:\/\/webdelmaestrocmf.com\/portal\/gaby-fabrizio-apostar-a-la-educacion-es-hora-de-escuchar-a-las-escuelas\/","url_meta":{"origin":22137,"position":3},"title":"[Luciana Alonso] Apostar a la educaci\u00f3n: es hora de escuchar a las escuelas","author":"Web del Maestro CMF","date":"11 junio, 2021","format":false,"excerpt":"20 escuelas de diferentes localidades de Buenos Aires se suman a la experiencia del modelo educativo Eutop\u00eda para cambiar la realidad del sistema educativo, pensando en las necesidades y reclamos de las presentes y nuevas generaciones de alumnos. En un contexto de incertidumbre social que se extiende a todo el\u2026","rel":"","context":"En \u00abZ-Colaborador-GabyFabrizio\u00bb","block_context":{"text":"Z-Colaborador-GabyFabrizio","link":"https:\/\/webdelmaestrocmf.com\/portal\/category\/colaborador\/z-colaborador-gabyfabrizio\/"},"img":{"alt_text":"","src":"https:\/\/i0.wp.com\/webdelmaestrocmf.com\/portal\/wp-content\/uploads\/2021\/06\/1-18.jpg?resize=350%2C200&ssl=1","width":350,"height":200,"srcset":"https:\/\/i0.wp.com\/webdelmaestrocmf.com\/portal\/wp-content\/uploads\/2021\/06\/1-18.jpg?resize=350%2C200&ssl=1 1x, https:\/\/i0.wp.com\/webdelmaestrocmf.com\/portal\/wp-content\/uploads\/2021\/06\/1-18.jpg?resize=525%2C300&ssl=1 1.5x, https:\/\/i0.wp.com\/webdelmaestrocmf.com\/portal\/wp-content\/uploads\/2021\/06\/1-18.jpg?resize=700%2C400&ssl=1 2x, https:\/\/i0.wp.com\/webdelmaestrocmf.com\/portal\/wp-content\/uploads\/2021\/06\/1-18.jpg?resize=1050%2C600&ssl=1 3x"},"classes":[]},{"id":34357,"url":"https:\/\/webdelmaestrocmf.com\/portal\/cada-alumno-que-la-escuela-pierde-es-un-regalo-para-la-delincuencia\/","url_meta":{"origin":22137,"position":4},"title":"Francesco Tonucci: Cada alumno que la escuela pierde es un regalo para la delincuencia","author":"Web del Maestro CMF","date":"20 mayo, 2019","format":false,"excerpt":"Francesco Tonucci\u00a0(Fano,\u00a01940) tambi\u00e9n conocido por el seud\u00f3nimo \"Frato\", es un pensador,\u00a0psicopedagogo\u00a0y dibujante\u00a0italiano. Es autor de numerosos libros sobre el papel de los ni\u00f1os en el ecosistema urbano y de art\u00edculos en revistas italianas y extranjeras. Francesco Tonucci se gradu\u00f3 en\u00a0Pedagog\u00eda\u00a0en\u00a01963, en la Universidad Cat\u00f3lica de Mil\u00e1n. Cuando ten\u00eda 28 a\u00f1os\u2026","rel":"","context":"En \u00abEntrevistas\u00bb","block_context":{"text":"Entrevistas","link":"https:\/\/webdelmaestrocmf.com\/portal\/category\/noticias\/entrevistas\/"},"img":{"alt_text":"","src":"https:\/\/i0.wp.com\/webdelmaestrocmf.com\/portal\/wp-content\/uploads\/2018\/12\/3-3.jpg?resize=350%2C200&ssl=1","width":350,"height":200,"srcset":"https:\/\/i0.wp.com\/webdelmaestrocmf.com\/portal\/wp-content\/uploads\/2018\/12\/3-3.jpg?resize=350%2C200&ssl=1 1x, https:\/\/i0.wp.com\/webdelmaestrocmf.com\/portal\/wp-content\/uploads\/2018\/12\/3-3.jpg?resize=525%2C300&ssl=1 1.5x, https:\/\/i0.wp.com\/webdelmaestrocmf.com\/portal\/wp-content\/uploads\/2018\/12\/3-3.jpg?resize=700%2C400&ssl=1 2x, https:\/\/i0.wp.com\/webdelmaestrocmf.com\/portal\/wp-content\/uploads\/2018\/12\/3-3.jpg?resize=1050%2C600&ssl=1 3x"},"classes":[]},{"id":38151,"url":"https:\/\/webdelmaestrocmf.com\/portal\/la-construccion-de-un-hijo-alumno-la-familia-tiene-que-educar-para-que-la-escuela-pueda-ensenar\/","url_meta":{"origin":22137,"position":5},"title":"La familia tiene que educar para que la escuela pueda ense\u00f1ar","author":"Web del Maestro CMF","date":"23 abril, 2026","format":false,"excerpt":"Hoy, escuelas y familias piden colaboraci\u00f3n mutua, pero en la pr\u00e1ctica resulta dif\u00edcil por los horarios, la falta de tiempo y, a veces, la poca disposici\u00f3n de ambas partes.","rel":"","context":"En \u00abBienestar Familiar\u00bb","block_context":{"text":"Bienestar Familiar","link":"https:\/\/webdelmaestrocmf.com\/portal\/category\/pedagogia\/bienestar-familiar\/"},"img":{"alt_text":"","src":"https:\/\/i0.wp.com\/webdelmaestrocmf.com\/portal\/wp-content\/uploads\/2026\/04\/1AA-Banner-1-portada-imagen-10-1-copia-7-3.webp?resize=350%2C200&ssl=1","width":350,"height":200,"srcset":"https:\/\/i0.wp.com\/webdelmaestrocmf.com\/portal\/wp-content\/uploads\/2026\/04\/1AA-Banner-1-portada-imagen-10-1-copia-7-3.webp?resize=350%2C200&ssl=1 1x, https:\/\/i0.wp.com\/webdelmaestrocmf.com\/portal\/wp-content\/uploads\/2026\/04\/1AA-Banner-1-portada-imagen-10-1-copia-7-3.webp?resize=525%2C300&ssl=1 1.5x, https:\/\/i0.wp.com\/webdelmaestrocmf.com\/portal\/wp-content\/uploads\/2026\/04\/1AA-Banner-1-portada-imagen-10-1-copia-7-3.webp?resize=700%2C400&ssl=1 2x, https:\/\/i0.wp.com\/webdelmaestrocmf.com\/portal\/wp-content\/uploads\/2026\/04\/1AA-Banner-1-portada-imagen-10-1-copia-7-3.webp?resize=1050%2C600&ssl=1 3x"},"classes":[]}],"_links":{"self":[{"href":"https:\/\/webdelmaestrocmf.com\/portal\/wp-json\/wp\/v2\/posts\/22137","targetHints":{"allow":["GET"]}}],"collection":[{"href":"https:\/\/webdelmaestrocmf.com\/portal\/wp-json\/wp\/v2\/posts"}],"about":[{"href":"https:\/\/webdelmaestrocmf.com\/portal\/wp-json\/wp\/v2\/types\/post"}],"author":[{"embeddable":true,"href":"https:\/\/webdelmaestrocmf.com\/portal\/wp-json\/wp\/v2\/users\/2"}],"replies":[{"embeddable":true,"href":"https:\/\/webdelmaestrocmf.com\/portal\/wp-json\/wp\/v2\/comments?post=22137"}],"version-history":[{"count":0,"href":"https:\/\/webdelmaestrocmf.com\/portal\/wp-json\/wp\/v2\/posts\/22137\/revisions"}],"wp:featuredmedia":[{"embeddable":true,"href":"https:\/\/webdelmaestrocmf.com\/portal\/wp-json\/wp\/v2\/media\/40920"}],"wp:attachment":[{"href":"https:\/\/webdelmaestrocmf.com\/portal\/wp-json\/wp\/v2\/media?parent=22137"}],"wp:term":[{"taxonomy":"category","embeddable":true,"href":"https:\/\/webdelmaestrocmf.com\/portal\/wp-json\/wp\/v2\/categories?post=22137"},{"taxonomy":"post_tag","embeddable":true,"href":"https:\/\/webdelmaestrocmf.com\/portal\/wp-json\/wp\/v2\/tags?post=22137"}],"curies":[{"name":"wp","href":"https:\/\/api.w.org\/{rel}","templated":true}]}}