{"id":22050,"date":"2017-09-14T12:04:20","date_gmt":"2017-09-14T15:04:20","guid":{"rendered":"http:\/\/webdelmaestrocmf.com\/portal\/?p=22050"},"modified":"2022-03-13T11:54:00","modified_gmt":"2022-03-13T14:54:00","slug":"papa-los-jovenes-narcisismo-produce-tristeza-maquillarse-alma","status":"publish","type":"post","link":"https:\/\/webdelmaestrocmf.com\/portal\/papa-los-jovenes-narcisismo-produce-tristeza-maquillarse-alma\/","title":{"rendered":"Papa a los j\u00f3venes: el narcisismo produce tristeza porque es maquillarse el alma"},"content":{"rendered":"<h5 style=\"text-align: justify;\">Esta es la<strong>\u00a0alegr\u00eda que se desat\u00f3\u00a0<\/strong>cuando Francisco entr\u00f3 en el Aula Pablo VI. Sin embargo, el Papa lleg\u00f3 un poco tarde y tan solo se detuvo para bendecir a los ni\u00f1os peque\u00f1os&#8230; Aunque estos dos fueron m\u00e1s despiertos que los dem\u00e1s y salieron as\u00ed a su encuentro.<\/h5>\n<p><!--more--><\/p>\n<h5 style=\"text-align: justify;\">El Papa se reuni\u00f3 con los miembros de\u00a0<strong>Shalom<\/strong>, un movimiento para j\u00f3venes nacido en Brasil hace 35 a\u00f1os y que hoy incluye a misioneros, sacerdotes, familias y consagrados.<\/h5>\n<p>El papa Francisco dijo este lunes a un grupo de j\u00f3venes que el \u00abnarcisismo produce tristeza\u00bb y los exhort\u00f3 a \u00abromper el espejo\u00bb para \u00abmirar hacia los dem\u00e1s\u00bb.<\/p>\n<p>Fue un encuentro con los miembros del movimiento juvenil Shalom, nacido en Brasil hace 35 a\u00f1os y que hoy incluye a misioneros, sacerdotes, familias y consagrados.<\/p>\n<p style=\"text-align: justify;\">Francisco escuch\u00f3 atentamente el testimonio de<strong>\u00a03 j\u00f3venes<\/strong>. Uno de ellos le pregunt\u00f3 c\u00f3mo llevar la misericordia a un mundo sin esperanza. Otra le explic\u00f3 que hab\u00eda sido bautizada durante el jubileo de la misericordia y, el \u00faltimo, cont\u00f3 al Papa c\u00f3mo logr\u00f3 salir de las drogas.<\/p>\n<p style=\"text-align: justify;\">Francisco,\u00a0<strong>de forma improvisada<\/strong>, respondi\u00f3 a sus preguntas hablando en espa\u00f1ol. Les explic\u00f3 que la misericordia es algo que testimoniar con la vida m\u00e1s que algo que explicar con palabras.<\/p>\n<p><iframe loading=\"lazy\" src=\"https:\/\/www.youtube.com\/embed\/fX6nb_gRxz0?ecver=2\" width=\"100%\" height=\"400\" frameborder=\"0\" allowfullscreen=\"allowfullscreen\"><span data-mce-type=\"bookmark\" style=\"display: inline-block; width: 0px; overflow: hidden; line-height: 0;\" class=\"mce_SELRES_start\">\ufeff<\/span><\/iframe><\/p>\n<h3 style=\"text-align: justify;\"><strong>FRANCISCO\u00a0<\/strong><\/h3>\n<p style=\"text-align: justify;\"><em>\u201cEse testimonio de no estar encerrado en s\u00ed mismo, en los propios intereses, sino en salir, salir buscando a Dios, -no es f\u00e1cil buscar a Dios es todo un camino-, salir compartiendo con los dem\u00e1s. No jugando al nene privilegiado al que le regalan los juguetes y todo para \u00e9l, no, salir a contarle a los dem\u00e1s que Dios es bueno y te esta esperando a\u00fan en peores momentos de la vida\u201d.<\/em><\/p>\n<p style=\"text-align: justify;\">Tambi\u00e9n les advirti\u00f3 de que el<strong>\u00a0mirarse demasiado a uno mismo\u00a0<\/strong>no conduce m\u00e1s que a la tristeza. Y sobre las drogas, el Papa les record\u00f3 que arrebatan todo a una persona, incluso, las propias ra\u00edces.<\/p>\n<h3 style=\"text-align: justify;\"><strong>FRANCISCO<\/strong><\/h3>\n<p style=\"text-align: justify;\"><em>\u201cEl narcisismo te produce tristeza porque vives preocupado de maquillarte el alma todos los d\u00edas, de aparecer mejor de lo que eres, de contemplarte si tienes una belleza mejor que los dem\u00e1s, es la enfermedad del espejo. J\u00f3venes, rompan el espejo, no se miren al espejo porque el espejo enga\u00f1a, miren hacia afuera, miren hacia los dem\u00e1s\u201d FLASH \u201cUno vive en un mundo sin ning\u00fan arraigo y ese es el drama de la droga: j\u00f3venes totalmente desarraigados sin compromisos reales. Es decir, sin verdaderos compromisos de carne porque con la droga ni tu propio cuerpo sientes\u201d.<\/em><\/p>\n<p style=\"text-align: justify;\">Francisco pidi\u00f3 a estos j\u00f3venes que correspondan el plan de Dios siendo generosos y dando gratis lo que gratuitamente han recibido. Para asegurarse de que lo hab\u00edan entendido, les pregunt\u00f3. Al t\u00edmido \u201cs\u00ed\u201d que recibi\u00f3,\u00a0<strong>el Papa respondi\u00f3 con esta broma.<\/strong><\/p>\n<h3 style=\"text-align: justify;\"><strong>FRANCISCO<\/strong><\/h3>\n<p style=\"text-align: justify;\"><em>\u201c\u00bfDe acuerdo? Ay Dios m\u00edo c\u00f3mo est\u00e1n. Parece que yo en vez de darlos \u00e1nimos les estoy dando un calmante nervioso para dormirlos\u201d.<\/em><\/p>\n<p style=\"text-align: justify;\">Invit\u00f3 a todos los miembros de esta comunidad a cultivar el\u00a0<strong>di\u00e1logo entre j\u00f3venes y ancianos<\/strong>\u00a0y no quiso marcharse sin antes saludar a algunos enfermos y a los miembros m\u00e1s especiales de este movimiento carism\u00e1tico presente en m\u00e1s de\u00a0<strong>30 pa\u00edses del mundo.<\/strong><\/p>\n<p><strong>Este contenido ha sido publicado originalmente por ROME REPORTS en la siguiente direcci\u00f3n:\u00a0<a href=\"http:\/\/romereports.com\" target=\"_blank\" rel=\"noopener\">romereports.com<\/a><\/strong><\/p>\n\t\t<div class=\"pk-inline-posts\">\n\t\t\t\n\t\t\t<div class=\"pk-inline-posts-container pk-inline-posts-template-list\"\n\t\t\t\tdata-columns=\"1\">\n\t\t\t\t\t\t<article id=\"post-117930\" class=\"post-117930 post type-post status-publish format-standard has-post-thumbnail category-pastoral category-noticias-internacionales category-papa-leon-xiv tag-conflictos tag-derechos-humanos tag-educacion-en-valores-2 tag-etica-3 tag-justicia-social tag-liderazgo tag-papa-2 tag-paz tag-reflexion-2 tag-solidaridad cs-entry cs-video-wrap\">\n\t\t\t<div class=\"pk-post-outer\">\n\n\t\t\t\t\t\t\t\t<div class=\"pk-post-inner\">\n\t\t\t\t\t<div class=\"entry-thumbnail\">\n\t\t\t\t\t\t<div class=\"pk-overlay pk-overlay-ratio pk-ratio-landscape\">\n\t\t\t\t\t\t\t<div class=\"pk-overlay-background\">\n\t\t\t\t\t\t\t\t<a href=\"https:\/\/webdelmaestrocmf.com\/portal\/papa-leon-xiv-el-mundo-esta-siendo-destruido-por-unos-pocos-tiranos-en-referencia-a-trump\/\" class=\"pk-overlay-link\">\n\t\t\t\t\t\t\t\t\t<img loading=\"lazy\" decoding=\"async\" width=\"300\" height=\"225\" src=\"https:\/\/webdelmaestrocmf.com\/portal\/wp-content\/uploads\/2026\/04\/1AA-Banner-1-portada-imagen-10-1-copia-30-300x225.webp\" class=\"attachment-pk-thumbnail size-pk-thumbnail wp-post-image\" alt=\"\" \/>\t\t\t\t\t\t\t\t<\/a>\n\t\t\t\t\t\t\t<\/div>\n\t\t\t\t\t\t<\/div>\n\t\t\t\t\t<\/div>\n\t\t\t\t<\/div>\n\t\t\t\t\n\t\t\t\t<div class=\"pk-post-inner\">\n\t\t\t\t\t<header>\n\t\t\t\t\t\t<h3 class=\"pk-title\"><a href=\"https:\/\/webdelmaestrocmf.com\/portal\/papa-leon-xiv-el-mundo-esta-siendo-destruido-por-unos-pocos-tiranos-en-referencia-a-trump\/\" rel=\"bookmark\">Papa Le\u00f3n XIV: \u201cEl mundo est\u00e1 siendo destruido por unos pocos tiranos\u201d, en referencia a Trump<\/a><\/h3>\t\t\t\t\t<\/header><!-- .entry-header -->\n\t\t\t\t<\/div><!-- .post-inner -->\n\n\t\t\t<\/div><!-- .post-outer -->\n\t\t<\/article>\n\t\t\t\t<\/div>\n\t\t<\/div>\n\t\t\n","protected":false},"excerpt":{"rendered":"Esta es la\u00a0alegr\u00eda que se desat\u00f3\u00a0cuando Francisco entr\u00f3 en el Aula Pablo VI. Sin embargo, el Papa lleg\u00f3&hellip;","protected":false},"author":1,"featured_media":75296,"comment_status":"open","ping_status":"closed","sticky":false,"template":"","format":"standard","meta":{"csco_display_header_overlay":false,"csco_singular_sidebar":"default","csco_page_header_type":"default","csco_page_load_nextpost":"default","csco_post_video_location":[],"csco_post_video_location_hash":"","csco_post_video_url":"","csco_post_video_bg_start_time":0,"csco_post_video_bg_end_time":0,"csco_post_video_bg_volume":false,"_jetpack_memberships_contains_paid_content":false,"footnotes":""},"categories":[431,467],"tags":[1483,2752,2750,218,2751],"class_list":{"0":"post-22050","1":"post","2":"type-post","3":"status-publish","4":"format-standard","5":"has-post-thumbnail","7":"category-pastoral","8":"category-papa-francisco","9":"tag-jovenes","10":"tag-maquillarse-el-alma","11":"tag-narcisismo","12":"tag-papa-francisco","13":"tag-produce-tristeza","14":"cs-entry","15":"cs-video-wrap"},"yoast_head":"<!-- This site is optimized with the Yoast SEO plugin v27.5 - https:\/\/yoast.com\/product\/yoast-seo-wordpress\/ -->\n<title>Papa a los j\u00f3venes: el narcisismo produce tristeza porque es maquillarse el alma<\/title>\n<meta name=\"description\" content=\"Esta es la\u00a0alegr\u00eda que se desat\u00f3\u00a0cuando Francisco entr\u00f3 en el Aula Pablo VI. Sin embargo, el Papa lleg\u00f3 un poco tarde y tan solo se...\" \/>\n<meta name=\"robots\" content=\"index, follow, max-snippet:-1, max-image-preview:large, max-video-preview:-1\" \/>\n<link rel=\"canonical\" href=\"https:\/\/webdelmaestrocmf.com\/portal\/papa-los-jovenes-narcisismo-produce-tristeza-maquillarse-alma\/\" \/>\n<meta property=\"og:locale\" content=\"es_ES\" \/>\n<meta property=\"og:type\" content=\"article\" \/>\n<meta property=\"og:title\" content=\"Papa a los j\u00f3venes: el narcisismo produce tristeza porque es maquillarse el alma\" \/>\n<meta property=\"og:description\" content=\"Esta es la\u00a0alegr\u00eda que se desat\u00f3\u00a0cuando Francisco entr\u00f3 en el Aula Pablo VI. Sin embargo, el Papa lleg\u00f3 un poco tarde y tan solo se...\" \/>\n<meta property=\"og:url\" content=\"https:\/\/webdelmaestrocmf.com\/portal\/papa-los-jovenes-narcisismo-produce-tristeza-maquillarse-alma\/\" \/>\n<meta property=\"og:site_name\" content=\"Web del Maestro CMF\" \/>\n<meta property=\"article:publisher\" content=\"https:\/\/www.facebook.com\/WebdelMaestroCMF\/\" \/>\n<meta property=\"article:author\" content=\"https:\/\/www.facebook.com\/WebdelMaestroCMF\/\" \/>\n<meta property=\"article:published_time\" content=\"2017-09-14T15:04:20+00:00\" \/>\n<meta property=\"article:modified_time\" content=\"2022-03-13T14:54:00+00:00\" \/>\n<meta property=\"og:image\" content=\"https:\/\/i0.wp.com\/webdelmaestrocmf.com\/portal\/wp-content\/uploads\/2017\/10\/1ss.jpg?fit=620%2C349&ssl=1\" \/>\n\t<meta property=\"og:image:width\" content=\"620\" \/>\n\t<meta property=\"og:image:height\" content=\"349\" \/>\n\t<meta property=\"og:image:type\" content=\"image\/jpeg\" \/>\n<meta name=\"author\" content=\"Web del Maestro CMF\" \/>\n<meta name=\"twitter:card\" content=\"summary_large_image\" \/>\n<meta name=\"twitter:creator\" content=\"@cmf_w\" \/>\n<meta name=\"twitter:site\" content=\"@cmf_w\" \/>\n<script type=\"application\/ld+json\" class=\"yoast-schema-graph\">{\"@context\":\"https:\\\/\\\/schema.org\",\"@graph\":[{\"@type\":\"ScholarlyArticle\",\"@id\":\"https:\\\/\\\/webdelmaestrocmf.com\\\/portal\\\/papa-los-jovenes-narcisismo-produce-tristeza-maquillarse-alma\\\/#article\",\"isPartOf\":{\"@id\":\"https:\\\/\\\/webdelmaestrocmf.com\\\/portal\\\/papa-los-jovenes-narcisismo-produce-tristeza-maquillarse-alma\\\/\"},\"author\":{\"name\":\"Web del Maestro CMF\",\"@id\":\"https:\\\/\\\/webdelmaestrocmf.com\\\/portal\\\/#\\\/schema\\\/person\\\/1072a2ed7bd960df8ef99a551fa35dc5\"},\"headline\":\"Papa a los j\u00f3venes: el narcisismo produce tristeza porque es maquillarse el alma\",\"datePublished\":\"2017-09-14T15:04:20+00:00\",\"dateModified\":\"2022-03-13T14:54:00+00:00\",\"mainEntityOfPage\":{\"@id\":\"https:\\\/\\\/webdelmaestrocmf.com\\\/portal\\\/papa-los-jovenes-narcisismo-produce-tristeza-maquillarse-alma\\\/\"},\"wordCount\":594,\"commentCount\":0,\"publisher\":{\"@id\":\"https:\\\/\\\/webdelmaestrocmf.com\\\/portal\\\/#organization\"},\"image\":{\"@id\":\"https:\\\/\\\/webdelmaestrocmf.com\\\/portal\\\/papa-los-jovenes-narcisismo-produce-tristeza-maquillarse-alma\\\/#primaryimage\"},\"thumbnailUrl\":\"https:\\\/\\\/webdelmaestrocmf.com\\\/portal\\\/wp-content\\\/uploads\\\/2017\\\/10\\\/1ss.jpg\",\"keywords\":[\"j\u00f3venes\",\"MAQUILLARSE EL ALMA\",\"NARCISISMO\",\"Papa Francisco\",\"PRODUCE TRISTEZA\"],\"articleSection\":[\"Mundo cart\u00f3lico\",\"Papa Francisco\"],\"inLanguage\":\"es\",\"potentialAction\":[{\"@type\":\"CommentAction\",\"name\":\"Comment\",\"target\":[\"https:\\\/\\\/webdelmaestrocmf.com\\\/portal\\\/papa-los-jovenes-narcisismo-produce-tristeza-maquillarse-alma\\\/#respond\"]}]},{\"@type\":\"WebPage\",\"@id\":\"https:\\\/\\\/webdelmaestrocmf.com\\\/portal\\\/papa-los-jovenes-narcisismo-produce-tristeza-maquillarse-alma\\\/\",\"url\":\"https:\\\/\\\/webdelmaestrocmf.com\\\/portal\\\/papa-los-jovenes-narcisismo-produce-tristeza-maquillarse-alma\\\/\",\"name\":\"Papa a los j\u00f3venes: el narcisismo produce tristeza porque es maquillarse el alma\",\"isPartOf\":{\"@id\":\"https:\\\/\\\/webdelmaestrocmf.com\\\/portal\\\/#website\"},\"primaryImageOfPage\":{\"@id\":\"https:\\\/\\\/webdelmaestrocmf.com\\\/portal\\\/papa-los-jovenes-narcisismo-produce-tristeza-maquillarse-alma\\\/#primaryimage\"},\"image\":{\"@id\":\"https:\\\/\\\/webdelmaestrocmf.com\\\/portal\\\/papa-los-jovenes-narcisismo-produce-tristeza-maquillarse-alma\\\/#primaryimage\"},\"thumbnailUrl\":\"https:\\\/\\\/webdelmaestrocmf.com\\\/portal\\\/wp-content\\\/uploads\\\/2017\\\/10\\\/1ss.jpg\",\"datePublished\":\"2017-09-14T15:04:20+00:00\",\"dateModified\":\"2022-03-13T14:54:00+00:00\",\"description\":\"Esta es la\u00a0alegr\u00eda que se desat\u00f3\u00a0cuando Francisco entr\u00f3 en el Aula Pablo VI. Sin embargo, el Papa lleg\u00f3 un poco tarde y tan solo se...\",\"breadcrumb\":{\"@id\":\"https:\\\/\\\/webdelmaestrocmf.com\\\/portal\\\/papa-los-jovenes-narcisismo-produce-tristeza-maquillarse-alma\\\/#breadcrumb\"},\"inLanguage\":\"es\",\"potentialAction\":[{\"@type\":\"ReadAction\",\"target\":[\"https:\\\/\\\/webdelmaestrocmf.com\\\/portal\\\/papa-los-jovenes-narcisismo-produce-tristeza-maquillarse-alma\\\/\"]}]},{\"@type\":\"ImageObject\",\"inLanguage\":\"es\",\"@id\":\"https:\\\/\\\/webdelmaestrocmf.com\\\/portal\\\/papa-los-jovenes-narcisismo-produce-tristeza-maquillarse-alma\\\/#primaryimage\",\"url\":\"https:\\\/\\\/webdelmaestrocmf.com\\\/portal\\\/wp-content\\\/uploads\\\/2017\\\/10\\\/1ss.jpg\",\"contentUrl\":\"https:\\\/\\\/webdelmaestrocmf.com\\\/portal\\\/wp-content\\\/uploads\\\/2017\\\/10\\\/1ss.jpg\",\"width\":620,\"height\":349},{\"@type\":\"BreadcrumbList\",\"@id\":\"https:\\\/\\\/webdelmaestrocmf.com\\\/portal\\\/papa-los-jovenes-narcisismo-produce-tristeza-maquillarse-alma\\\/#breadcrumb\",\"itemListElement\":[{\"@type\":\"ListItem\",\"position\":1,\"name\":\"Portada\",\"item\":\"https:\\\/\\\/webdelmaestrocmf.com\\\/portal\\\/\"},{\"@type\":\"ListItem\",\"position\":2,\"name\":\"Mundo cart\u00f3lico\",\"item\":\"https:\\\/\\\/webdelmaestrocmf.com\\\/portal\\\/category\\\/pastoral\\\/\"},{\"@type\":\"ListItem\",\"position\":3,\"name\":\"Papa a los j\u00f3venes: el narcisismo produce tristeza porque es maquillarse el alma\"}]},{\"@type\":\"WebSite\",\"@id\":\"https:\\\/\\\/webdelmaestrocmf.com\\\/portal\\\/#website\",\"url\":\"https:\\\/\\\/webdelmaestrocmf.com\\\/portal\\\/\",\"name\":\"Web del Maestro CMF\",\"description\":\"Maestros al servicio de la educaci\u00f3n\",\"publisher\":{\"@id\":\"https:\\\/\\\/webdelmaestrocmf.com\\\/portal\\\/#organization\"},\"alternateName\":\"WMCMF\",\"potentialAction\":[{\"@type\":\"SearchAction\",\"target\":{\"@type\":\"EntryPoint\",\"urlTemplate\":\"https:\\\/\\\/webdelmaestrocmf.com\\\/portal\\\/?s={search_term_string}\"},\"query-input\":{\"@type\":\"PropertyValueSpecification\",\"valueRequired\":true,\"valueName\":\"search_term_string\"}}],\"inLanguage\":\"es\"},{\"@type\":\"Organization\",\"@id\":\"https:\\\/\\\/webdelmaestrocmf.com\\\/portal\\\/#organization\",\"name\":\"Web del Maestro CMF\",\"alternateName\":\"WMCMF\",\"url\":\"https:\\\/\\\/webdelmaestrocmf.com\\\/portal\\\/\",\"logo\":{\"@type\":\"ImageObject\",\"inLanguage\":\"es\",\"@id\":\"https:\\\/\\\/webdelmaestrocmf.com\\\/portal\\\/#\\\/schema\\\/logo\\\/image\\\/\",\"url\":\"https:\\\/\\\/webdelmaestrocmf.com\\\/portal\\\/wp-content\\\/uploads\\\/2023\\\/01\\\/logo-wmcmf-2.png\",\"contentUrl\":\"https:\\\/\\\/webdelmaestrocmf.com\\\/portal\\\/wp-content\\\/uploads\\\/2023\\\/01\\\/logo-wmcmf-2.png\",\"width\":200,\"height\":60,\"caption\":\"Web del Maestro CMF\"},\"image\":{\"@id\":\"https:\\\/\\\/webdelmaestrocmf.com\\\/portal\\\/#\\\/schema\\\/logo\\\/image\\\/\"},\"sameAs\":[\"https:\\\/\\\/www.facebook.com\\\/WebdelMaestroCMF\\\/\",\"https:\\\/\\\/x.com\\\/cmf_w\",\"https:\\\/\\\/www.pinterest.com\\\/WMCMF\\\/\",\"https:\\\/\\\/www.linkedin.com\\\/company\\\/web-del-maestro-cmf\\\/\",\"https:\\\/\\\/www.instagram.com\\\/wmcmf\\\/\",\"https:\\\/\\\/www.youtube.com\\\/channel\\\/UCDPSvjbdodE5sHnC3OxutHw\",\"https:\\\/\\\/mastodon.social\\\/@wmcmf\",\"https:\\\/\\\/www.tiktok.com\\\/@webdelmaestrocmf\"]},{\"@type\":\"Person\",\"@id\":\"https:\\\/\\\/webdelmaestrocmf.com\\\/portal\\\/#\\\/schema\\\/person\\\/1072a2ed7bd960df8ef99a551fa35dc5\",\"name\":\"Web del Maestro CMF\",\"image\":{\"@type\":\"ImageObject\",\"inLanguage\":\"es\",\"@id\":\"https:\\\/\\\/secure.gravatar.com\\\/avatar\\\/23291dd5b5ae1077dcff3dbb04c3e02bd28403fa75af6d8787d5e97c5bbbe30b?s=96&d=mm&r=g\",\"url\":\"https:\\\/\\\/secure.gravatar.com\\\/avatar\\\/23291dd5b5ae1077dcff3dbb04c3e02bd28403fa75af6d8787d5e97c5bbbe30b?s=96&d=mm&r=g\",\"contentUrl\":\"https:\\\/\\\/secure.gravatar.com\\\/avatar\\\/23291dd5b5ae1077dcff3dbb04c3e02bd28403fa75af6d8787d5e97c5bbbe30b?s=96&d=mm&r=g\",\"caption\":\"Web del Maestro CMF\"},\"description\":\"Esta Web se cre\u00f3 sin fines de lucro, con fines educativos, cient\u00edficos y acad\u00e9micos, para personas que tengan dificultades y\\\/o inconvenientes en visualizar el material original. El objetivo es entregar recursos, compartir experiencias y materiales que ayuden a los padres de familia, maestros y estudiantes en su actualizaci\u00f3n y formaci\u00f3n permanente, en bien de la Educaci\u00f3n.\",\"sameAs\":[\"http:\\\/\\\/webdelmaestrocmf.com\\\/portal\",\"https:\\\/\\\/www.facebook.com\\\/WebdelMaestroCMF\\\/\",\"https:\\\/\\\/www.instagram.com\\\/wmcmf\\\/\",\"https:\\\/\\\/cl.linkedin.com\\\/company\\\/web-del-maestro-cmf\",\"https:\\\/\\\/www.pinterest.com\\\/WMCMF\\\/publicaciones\\\/\",\"https:\\\/\\\/x.com\\\/cmf_w\",\"https:\\\/\\\/www.youtube.com\\\/@WMCMF\"]}]}<\/script>\n<!-- \/ Yoast SEO plugin. -->","yoast_head_json":{"title":"Papa a los j\u00f3venes: el narcisismo produce tristeza porque es maquillarse el alma","description":"Esta es la\u00a0alegr\u00eda que se desat\u00f3\u00a0cuando Francisco entr\u00f3 en el Aula Pablo VI. Sin embargo, el Papa lleg\u00f3 un poco tarde y tan solo se...","robots":{"index":"index","follow":"follow","max-snippet":"max-snippet:-1","max-image-preview":"max-image-preview:large","max-video-preview":"max-video-preview:-1"},"canonical":"https:\/\/webdelmaestrocmf.com\/portal\/papa-los-jovenes-narcisismo-produce-tristeza-maquillarse-alma\/","og_locale":"es_ES","og_type":"article","og_title":"Papa a los j\u00f3venes: el narcisismo produce tristeza porque es maquillarse el alma","og_description":"Esta es la\u00a0alegr\u00eda que se desat\u00f3\u00a0cuando Francisco entr\u00f3 en el Aula Pablo VI. Sin embargo, el Papa lleg\u00f3 un poco tarde y tan solo se...","og_url":"https:\/\/webdelmaestrocmf.com\/portal\/papa-los-jovenes-narcisismo-produce-tristeza-maquillarse-alma\/","og_site_name":"Web del Maestro CMF","article_publisher":"https:\/\/www.facebook.com\/WebdelMaestroCMF\/","article_author":"https:\/\/www.facebook.com\/WebdelMaestroCMF\/","article_published_time":"2017-09-14T15:04:20+00:00","article_modified_time":"2022-03-13T14:54:00+00:00","og_image":[{"width":620,"height":349,"url":"https:\/\/i0.wp.com\/webdelmaestrocmf.com\/portal\/wp-content\/uploads\/2017\/10\/1ss.jpg?fit=620%2C349&ssl=1","type":"image\/jpeg"}],"author":"Web del Maestro CMF","twitter_card":"summary_large_image","twitter_creator":"@cmf_w","twitter_site":"@cmf_w","schema":{"@context":"https:\/\/schema.org","@graph":[{"@type":"ScholarlyArticle","@id":"https:\/\/webdelmaestrocmf.com\/portal\/papa-los-jovenes-narcisismo-produce-tristeza-maquillarse-alma\/#article","isPartOf":{"@id":"https:\/\/webdelmaestrocmf.com\/portal\/papa-los-jovenes-narcisismo-produce-tristeza-maquillarse-alma\/"},"author":{"name":"Web del Maestro CMF","@id":"https:\/\/webdelmaestrocmf.com\/portal\/#\/schema\/person\/1072a2ed7bd960df8ef99a551fa35dc5"},"headline":"Papa a los j\u00f3venes: el narcisismo produce tristeza porque es maquillarse el alma","datePublished":"2017-09-14T15:04:20+00:00","dateModified":"2022-03-13T14:54:00+00:00","mainEntityOfPage":{"@id":"https:\/\/webdelmaestrocmf.com\/portal\/papa-los-jovenes-narcisismo-produce-tristeza-maquillarse-alma\/"},"wordCount":594,"commentCount":0,"publisher":{"@id":"https:\/\/webdelmaestrocmf.com\/portal\/#organization"},"image":{"@id":"https:\/\/webdelmaestrocmf.com\/portal\/papa-los-jovenes-narcisismo-produce-tristeza-maquillarse-alma\/#primaryimage"},"thumbnailUrl":"https:\/\/webdelmaestrocmf.com\/portal\/wp-content\/uploads\/2017\/10\/1ss.jpg","keywords":["j\u00f3venes","MAQUILLARSE EL ALMA","NARCISISMO","Papa Francisco","PRODUCE TRISTEZA"],"articleSection":["Mundo cart\u00f3lico","Papa Francisco"],"inLanguage":"es","potentialAction":[{"@type":"CommentAction","name":"Comment","target":["https:\/\/webdelmaestrocmf.com\/portal\/papa-los-jovenes-narcisismo-produce-tristeza-maquillarse-alma\/#respond"]}]},{"@type":"WebPage","@id":"https:\/\/webdelmaestrocmf.com\/portal\/papa-los-jovenes-narcisismo-produce-tristeza-maquillarse-alma\/","url":"https:\/\/webdelmaestrocmf.com\/portal\/papa-los-jovenes-narcisismo-produce-tristeza-maquillarse-alma\/","name":"Papa a los j\u00f3venes: el narcisismo produce tristeza porque es maquillarse el alma","isPartOf":{"@id":"https:\/\/webdelmaestrocmf.com\/portal\/#website"},"primaryImageOfPage":{"@id":"https:\/\/webdelmaestrocmf.com\/portal\/papa-los-jovenes-narcisismo-produce-tristeza-maquillarse-alma\/#primaryimage"},"image":{"@id":"https:\/\/webdelmaestrocmf.com\/portal\/papa-los-jovenes-narcisismo-produce-tristeza-maquillarse-alma\/#primaryimage"},"thumbnailUrl":"https:\/\/webdelmaestrocmf.com\/portal\/wp-content\/uploads\/2017\/10\/1ss.jpg","datePublished":"2017-09-14T15:04:20+00:00","dateModified":"2022-03-13T14:54:00+00:00","description":"Esta es la\u00a0alegr\u00eda que se desat\u00f3\u00a0cuando Francisco entr\u00f3 en el Aula Pablo VI. Sin embargo, el Papa lleg\u00f3 un poco tarde y tan solo se...","breadcrumb":{"@id":"https:\/\/webdelmaestrocmf.com\/portal\/papa-los-jovenes-narcisismo-produce-tristeza-maquillarse-alma\/#breadcrumb"},"inLanguage":"es","potentialAction":[{"@type":"ReadAction","target":["https:\/\/webdelmaestrocmf.com\/portal\/papa-los-jovenes-narcisismo-produce-tristeza-maquillarse-alma\/"]}]},{"@type":"ImageObject","inLanguage":"es","@id":"https:\/\/webdelmaestrocmf.com\/portal\/papa-los-jovenes-narcisismo-produce-tristeza-maquillarse-alma\/#primaryimage","url":"https:\/\/webdelmaestrocmf.com\/portal\/wp-content\/uploads\/2017\/10\/1ss.jpg","contentUrl":"https:\/\/webdelmaestrocmf.com\/portal\/wp-content\/uploads\/2017\/10\/1ss.jpg","width":620,"height":349},{"@type":"BreadcrumbList","@id":"https:\/\/webdelmaestrocmf.com\/portal\/papa-los-jovenes-narcisismo-produce-tristeza-maquillarse-alma\/#breadcrumb","itemListElement":[{"@type":"ListItem","position":1,"name":"Portada","item":"https:\/\/webdelmaestrocmf.com\/portal\/"},{"@type":"ListItem","position":2,"name":"Mundo cart\u00f3lico","item":"https:\/\/webdelmaestrocmf.com\/portal\/category\/pastoral\/"},{"@type":"ListItem","position":3,"name":"Papa a los j\u00f3venes: el narcisismo produce tristeza porque es maquillarse el alma"}]},{"@type":"WebSite","@id":"https:\/\/webdelmaestrocmf.com\/portal\/#website","url":"https:\/\/webdelmaestrocmf.com\/portal\/","name":"Web del Maestro CMF","description":"Maestros al servicio de la educaci\u00f3n","publisher":{"@id":"https:\/\/webdelmaestrocmf.com\/portal\/#organization"},"alternateName":"WMCMF","potentialAction":[{"@type":"SearchAction","target":{"@type":"EntryPoint","urlTemplate":"https:\/\/webdelmaestrocmf.com\/portal\/?s={search_term_string}"},"query-input":{"@type":"PropertyValueSpecification","valueRequired":true,"valueName":"search_term_string"}}],"inLanguage":"es"},{"@type":"Organization","@id":"https:\/\/webdelmaestrocmf.com\/portal\/#organization","name":"Web del Maestro CMF","alternateName":"WMCMF","url":"https:\/\/webdelmaestrocmf.com\/portal\/","logo":{"@type":"ImageObject","inLanguage":"es","@id":"https:\/\/webdelmaestrocmf.com\/portal\/#\/schema\/logo\/image\/","url":"https:\/\/webdelmaestrocmf.com\/portal\/wp-content\/uploads\/2023\/01\/logo-wmcmf-2.png","contentUrl":"https:\/\/webdelmaestrocmf.com\/portal\/wp-content\/uploads\/2023\/01\/logo-wmcmf-2.png","width":200,"height":60,"caption":"Web del Maestro CMF"},"image":{"@id":"https:\/\/webdelmaestrocmf.com\/portal\/#\/schema\/logo\/image\/"},"sameAs":["https:\/\/www.facebook.com\/WebdelMaestroCMF\/","https:\/\/x.com\/cmf_w","https:\/\/www.pinterest.com\/WMCMF\/","https:\/\/www.linkedin.com\/company\/web-del-maestro-cmf\/","https:\/\/www.instagram.com\/wmcmf\/","https:\/\/www.youtube.com\/channel\/UCDPSvjbdodE5sHnC3OxutHw","https:\/\/mastodon.social\/@wmcmf","https:\/\/www.tiktok.com\/@webdelmaestrocmf"]},{"@type":"Person","@id":"https:\/\/webdelmaestrocmf.com\/portal\/#\/schema\/person\/1072a2ed7bd960df8ef99a551fa35dc5","name":"Web del Maestro CMF","image":{"@type":"ImageObject","inLanguage":"es","@id":"https:\/\/secure.gravatar.com\/avatar\/23291dd5b5ae1077dcff3dbb04c3e02bd28403fa75af6d8787d5e97c5bbbe30b?s=96&d=mm&r=g","url":"https:\/\/secure.gravatar.com\/avatar\/23291dd5b5ae1077dcff3dbb04c3e02bd28403fa75af6d8787d5e97c5bbbe30b?s=96&d=mm&r=g","contentUrl":"https:\/\/secure.gravatar.com\/avatar\/23291dd5b5ae1077dcff3dbb04c3e02bd28403fa75af6d8787d5e97c5bbbe30b?s=96&d=mm&r=g","caption":"Web del Maestro CMF"},"description":"Esta Web se cre\u00f3 sin fines de lucro, con fines educativos, cient\u00edficos y acad\u00e9micos, para personas que tengan dificultades y\/o inconvenientes en visualizar el material original. El objetivo es entregar recursos, compartir experiencias y materiales que ayuden a los padres de familia, maestros y estudiantes en su actualizaci\u00f3n y formaci\u00f3n permanente, en bien de la Educaci\u00f3n.","sameAs":["http:\/\/webdelmaestrocmf.com\/portal","https:\/\/www.facebook.com\/WebdelMaestroCMF\/","https:\/\/www.instagram.com\/wmcmf\/","https:\/\/cl.linkedin.com\/company\/web-del-maestro-cmf","https:\/\/www.pinterest.com\/WMCMF\/publicaciones\/","https:\/\/x.com\/cmf_w","https:\/\/www.youtube.com\/@WMCMF"]}]}},"jetpack_featured_media_url":"https:\/\/webdelmaestrocmf.com\/portal\/wp-content\/uploads\/2017\/10\/1ss.jpg","jetpack_sharing_enabled":true,"jetpack-related-posts":[{"id":87827,"url":"https:\/\/webdelmaestrocmf.com\/portal\/papa-francisco-escucha-una-y-otra-vez-los-consejos-de-los-mas-ancianos-para-escribir-paginas-nuevas\/","url_meta":{"origin":22050,"position":0},"title":"Papa Francisco: Escucha una y otra vez los consejos de los m\u00e1s ancianos para escribir p\u00e1ginas nuevas","author":"Web del Maestro CMF","date":"22 abril, 2023","format":false,"excerpt":"El Papa Francisco aconsej\u00f3 a los j\u00f3venes durante su visita a Canad\u00e1 que, lo que han heredado de los antepasados, de su pueblo, de sus padres, de su historia,\u00a0 deben trabajar para gan\u00e1rselo y poseerlo, y todos \u201clos necesitamos, necesitamos su creatividad, sus sue\u00f1os y su valent\u00eda, su simpat\u00eda y\u2026","rel":"","context":"En \u00abMundo cart\u00f3lico\u00bb","block_context":{"text":"Mundo cart\u00f3lico","link":"https:\/\/webdelmaestrocmf.com\/portal\/category\/pastoral\/"},"img":{"alt_text":"","src":"https:\/\/i0.wp.com\/webdelmaestrocmf.com\/portal\/wp-content\/uploads\/2023\/04\/A12B3C4D-22.jpg?resize=350%2C200&ssl=1","width":350,"height":200,"srcset":"https:\/\/i0.wp.com\/webdelmaestrocmf.com\/portal\/wp-content\/uploads\/2023\/04\/A12B3C4D-22.jpg?resize=350%2C200&ssl=1 1x, https:\/\/i0.wp.com\/webdelmaestrocmf.com\/portal\/wp-content\/uploads\/2023\/04\/A12B3C4D-22.jpg?resize=525%2C300&ssl=1 1.5x, https:\/\/i0.wp.com\/webdelmaestrocmf.com\/portal\/wp-content\/uploads\/2023\/04\/A12B3C4D-22.jpg?resize=700%2C400&ssl=1 2x"},"classes":[]},{"id":111558,"url":"https:\/\/webdelmaestrocmf.com\/portal\/el-papa-leon-xiv-saluda-al-peru-en-su-aniversario-patrio-y-recuerda-su-profundo-vinculo-con-la-nacion\/","url_meta":{"origin":22050,"position":1},"title":"El papa Le\u00f3n XIV saluda al Per\u00fa en su aniversario patrio y recuerda su profundo v\u00ednculo con la naci\u00f3n","author":"Web del Maestro CMF","date":"28 julio, 2025","format":false,"excerpt":"El papa Le\u00f3n XIV salud\u00f3 al Per\u00fa con gratitud, destacando su fe, su juventud peregrina y su papel en la Iglesia.","rel":"","context":"En \u00abMundo cart\u00f3lico\u00bb","block_context":{"text":"Mundo cart\u00f3lico","link":"https:\/\/webdelmaestrocmf.com\/portal\/category\/pastoral\/"},"img":{"alt_text":"","src":"https:\/\/i0.wp.com\/webdelmaestrocmf.com\/portal\/wp-content\/uploads\/2025\/07\/1A-Banner-1-portada-imagen-10-1-copia-84.webp?resize=350%2C200&ssl=1","width":350,"height":200,"srcset":"https:\/\/i0.wp.com\/webdelmaestrocmf.com\/portal\/wp-content\/uploads\/2025\/07\/1A-Banner-1-portada-imagen-10-1-copia-84.webp?resize=350%2C200&ssl=1 1x, https:\/\/i0.wp.com\/webdelmaestrocmf.com\/portal\/wp-content\/uploads\/2025\/07\/1A-Banner-1-portada-imagen-10-1-copia-84.webp?resize=525%2C300&ssl=1 1.5x, https:\/\/i0.wp.com\/webdelmaestrocmf.com\/portal\/wp-content\/uploads\/2025\/07\/1A-Banner-1-portada-imagen-10-1-copia-84.webp?resize=700%2C400&ssl=1 2x"},"classes":[]},{"id":26575,"url":"https:\/\/webdelmaestrocmf.com\/portal\/papa-francisco-invita-los-jovenes-participar-internet-la-preparacion-del-sinodo\/","url_meta":{"origin":22050,"position":2},"title":"Papa Francisco invita a los j\u00f3venes a participar por internet en la preparaci\u00f3n del s\u00ednodo","author":"Web del Maestro CMF","date":"21 febrero, 2018","format":false,"excerpt":"En marzo, unos 300 j\u00f3venes se reunir\u00e1n en Roma para aportar ideas y preparar el pr\u00f3ximo S\u00ednodo. \u00c9ste se celebrar\u00e1 en octubre y tratar\u00e1 precisamente sobre la Iglesia y los j\u00f3venes. Por eso, en el \u00c1ngelus, el Papa pidi\u00f3 a todos los j\u00f3venes que participen en el encuentro de marzo\u2026","rel":"","context":"En \u00abMundo cart\u00f3lico\u00bb","block_context":{"text":"Mundo cart\u00f3lico","link":"https:\/\/webdelmaestrocmf.com\/portal\/category\/pastoral\/"},"img":{"alt_text":"","src":"https:\/\/i0.wp.com\/webdelmaestrocmf.com\/portal\/wp-content\/uploads\/2018\/02\/papa-francisco.jpg?resize=350%2C200&ssl=1","width":350,"height":200,"srcset":"https:\/\/i0.wp.com\/webdelmaestrocmf.com\/portal\/wp-content\/uploads\/2018\/02\/papa-francisco.jpg?resize=350%2C200&ssl=1 1x, https:\/\/i0.wp.com\/webdelmaestrocmf.com\/portal\/wp-content\/uploads\/2018\/02\/papa-francisco.jpg?resize=525%2C300&ssl=1 1.5x, https:\/\/i0.wp.com\/webdelmaestrocmf.com\/portal\/wp-content\/uploads\/2018\/02\/papa-francisco.jpg?resize=700%2C400&ssl=1 2x, https:\/\/i0.wp.com\/webdelmaestrocmf.com\/portal\/wp-content\/uploads\/2018\/02\/papa-francisco.jpg?resize=1050%2C600&ssl=1 3x"},"classes":[]},{"id":74932,"url":"https:\/\/webdelmaestrocmf.com\/portal\/universitarios-preguntan-al-papa-francisco-por-que-algunos-lo-tildan-de-comunista\/","url_meta":{"origin":22050,"position":3},"title":"Universitarios preguntan al Papa Francisco por qu\u00e9 algunos lo tildan de comunista","author":"Web del Maestro CMF","date":"2 marzo, 2022","format":false,"excerpt":"El Papa Francisco se encontr\u00f3 virtualmente, en un evento promovido por la Universidad Loyola de Chicago y la Pontificia Comisi\u00f3n para Am\u00e9rica Latina (CAL), con estudiantes universitarios de toda Am\u00e9rica para hablar sobre el fen\u00f3meno de la migraci\u00f3n y c\u00f3mo construir puentes Norte-Sur. Participaron en esta reuni\u00f3n sala de zoom\u2026","rel":"","context":"En \u00abMundo cart\u00f3lico\u00bb","block_context":{"text":"Mundo cart\u00f3lico","link":"https:\/\/webdelmaestrocmf.com\/portal\/category\/pastoral\/"},"img":{"alt_text":"","src":"https:\/\/i0.wp.com\/webdelmaestrocmf.com\/portal\/wp-content\/uploads\/2022\/03\/1-3.jpg?resize=350%2C200&ssl=1","width":350,"height":200,"srcset":"https:\/\/i0.wp.com\/webdelmaestrocmf.com\/portal\/wp-content\/uploads\/2022\/03\/1-3.jpg?resize=350%2C200&ssl=1 1x, https:\/\/i0.wp.com\/webdelmaestrocmf.com\/portal\/wp-content\/uploads\/2022\/03\/1-3.jpg?resize=525%2C300&ssl=1 1.5x, https:\/\/i0.wp.com\/webdelmaestrocmf.com\/portal\/wp-content\/uploads\/2022\/03\/1-3.jpg?resize=700%2C400&ssl=1 2x, https:\/\/i0.wp.com\/webdelmaestrocmf.com\/portal\/wp-content\/uploads\/2022\/03\/1-3.jpg?resize=1050%2C600&ssl=1 3x"},"classes":[]},{"id":16311,"url":"https:\/\/webdelmaestrocmf.com\/portal\/papa-francisco-jovenes-dejen-una-huella-marque-la-historia\/","url_meta":{"origin":22050,"position":4},"title":"Papa Francisco: j\u00f3venes \u201cdejen una huella que marque la historia\u201d","author":"Web del Maestro CMF","date":"22 marzo, 2017","format":false,"excerpt":"El Papa Francisco env\u00eda un video mensaje, que ROME REPORTS ha colgado en YouTube, y que compartimos con fines educativos \u2013 pastorales; sobre la Jornada Mundial de la Juventud. Un mensaje que anima a los j\u00f3venes a expresar sus planteamientos, sus sue\u00f1os e ideales, para romper los muros del inmovilismo\u2026","rel":"","context":"En \u00abMundo cart\u00f3lico\u00bb","block_context":{"text":"Mundo cart\u00f3lico","link":"https:\/\/webdelmaestrocmf.com\/portal\/category\/pastoral\/"},"img":{"alt_text":"","src":"https:\/\/i0.wp.com\/webdelmaestrocmf.com\/portal\/wp-content\/uploads\/2017\/10\/1ss.jpg?resize=350%2C200&ssl=1","width":350,"height":200,"srcset":"https:\/\/i0.wp.com\/webdelmaestrocmf.com\/portal\/wp-content\/uploads\/2017\/10\/1ss.jpg?resize=350%2C200&ssl=1 1x, https:\/\/i0.wp.com\/webdelmaestrocmf.com\/portal\/wp-content\/uploads\/2017\/10\/1ss.jpg?resize=525%2C300&ssl=1 1.5x"},"classes":[]},{"id":108761,"url":"https:\/\/webdelmaestrocmf.com\/portal\/fallece-el-papa-francisco-a-los-88-anos-de-edad\/","url_meta":{"origin":22050,"position":5},"title":"Fallece el Papa Francisco a los 88 a\u00f1os de edad","author":"Web del Maestro CMF","date":"21 abril, 2025","format":false,"excerpt":"El Papa Francisco ha fallecido a las 7.35 horas de este lunes a los 88 a\u00f1os de edad. As\u00ed lo ha contado desde Roma, la corresponsal de COPE, Eva Fern\u00e1ndez. El fallecimiento se ha producido horas despu\u00e9s de verle por \u00faltima vez en la Plaza de San Pedro saludando desde\u2026","rel":"","context":"En \u00abMundo cart\u00f3lico\u00bb","block_context":{"text":"Mundo cart\u00f3lico","link":"https:\/\/webdelmaestrocmf.com\/portal\/category\/pastoral\/"},"img":{"alt_text":"","src":"https:\/\/i0.wp.com\/webdelmaestrocmf.com\/portal\/wp-content\/uploads\/2025\/04\/1A-Banner-1-portada-imagen-10-1-7.jpg?resize=350%2C200&ssl=1","width":350,"height":200,"srcset":"https:\/\/i0.wp.com\/webdelmaestrocmf.com\/portal\/wp-content\/uploads\/2025\/04\/1A-Banner-1-portada-imagen-10-1-7.jpg?resize=350%2C200&ssl=1 1x, https:\/\/i0.wp.com\/webdelmaestrocmf.com\/portal\/wp-content\/uploads\/2025\/04\/1A-Banner-1-portada-imagen-10-1-7.jpg?resize=525%2C300&ssl=1 1.5x, https:\/\/i0.wp.com\/webdelmaestrocmf.com\/portal\/wp-content\/uploads\/2025\/04\/1A-Banner-1-portada-imagen-10-1-7.jpg?resize=700%2C400&ssl=1 2x"},"classes":[]}],"_links":{"self":[{"href":"https:\/\/webdelmaestrocmf.com\/portal\/wp-json\/wp\/v2\/posts\/22050","targetHints":{"allow":["GET"]}}],"collection":[{"href":"https:\/\/webdelmaestrocmf.com\/portal\/wp-json\/wp\/v2\/posts"}],"about":[{"href":"https:\/\/webdelmaestrocmf.com\/portal\/wp-json\/wp\/v2\/types\/post"}],"author":[{"embeddable":true,"href":"https:\/\/webdelmaestrocmf.com\/portal\/wp-json\/wp\/v2\/users\/1"}],"replies":[{"embeddable":true,"href":"https:\/\/webdelmaestrocmf.com\/portal\/wp-json\/wp\/v2\/comments?post=22050"}],"version-history":[{"count":0,"href":"https:\/\/webdelmaestrocmf.com\/portal\/wp-json\/wp\/v2\/posts\/22050\/revisions"}],"wp:featuredmedia":[{"embeddable":true,"href":"https:\/\/webdelmaestrocmf.com\/portal\/wp-json\/wp\/v2\/media\/75296"}],"wp:attachment":[{"href":"https:\/\/webdelmaestrocmf.com\/portal\/wp-json\/wp\/v2\/media?parent=22050"}],"wp:term":[{"taxonomy":"category","embeddable":true,"href":"https:\/\/webdelmaestrocmf.com\/portal\/wp-json\/wp\/v2\/categories?post=22050"},{"taxonomy":"post_tag","embeddable":true,"href":"https:\/\/webdelmaestrocmf.com\/portal\/wp-json\/wp\/v2\/tags?post=22050"}],"curies":[{"name":"wp","href":"https:\/\/api.w.org\/{rel}","templated":true}]}}