{"id":21994,"date":"2018-07-27T23:45:40","date_gmt":"2018-07-28T03:45:40","guid":{"rendered":"http:\/\/webdelmaestrocmf.com\/portal\/?p=21994"},"modified":"2024-11-02T10:16:59","modified_gmt":"2024-11-02T13:16:59","slug":"la-gestion-la-ensenanza-la-gestion-del-aprendizaje","status":"publish","type":"post","link":"https:\/\/webdelmaestrocmf.com\/portal\/la-gestion-la-ensenanza-la-gestion-del-aprendizaje\/","title":{"rendered":"Luis Bretel: De la gesti\u00f3n de la ense\u00f1anza a la gesti\u00f3n del aprendizaje"},"content":{"rendered":"<p style=\"text-align: justify;\">Luis Bretel es educador y profesor de Postgrado de la UPC (Universidad Peruana de Ciencias Aplicadas). Experto en dise\u00f1o e implementaci\u00f3n de programas educativos y consultor internacional. Es miembro fundador de la Red Panamericana de Aprendizaje Basado en Problemas (Pan-PBL).<!--more--><\/p>\n<p style=\"text-align: justify;\">Considera que para mejorar los resultados del aprendizaje, empecemos a ver c\u00f3mo mejorar el aprendizaje del alumno antes que mejorar las habilidades de ense\u00f1anza.<\/p>\n<p style=\"text-align: justify;\">Compartimos con fines \u00fanicamente educativos el art\u00edculo del profesor Luis Bretel para la Universidad Peruana de Ciencias Aplicadas UCP, anotando que algunas de las letras cursivas o en negritas, son nuestras. Al final les indicamos el enlace de la fuente de esta publicaci\u00f3n.<\/p>\n<h5 style=\"text-align: left;\"><strong>DE LA GESTI\u00d3N DE LA ENSE\u00d1ANZA A LA GESTI\u00d3N DEL APRENDIZAJE<\/strong><\/h5>\n<p style=\"text-align: justify;\">\u201cNo solo las instituciones dedicadas a la formaci\u00f3n, sino tambi\u00e9n un buen n\u00famero de empresas est\u00e1n cada vez m\u00e1s preocupados por los resultados de los procesos de formaci\u00f3n y capacitaci\u00f3n de sus estudiantes o de sus colaboradores. Y para tratar de obtener mejores resultados de aprendizaje, vienen innovando e introduciendo mejoras en sus estrategias y programas de ense\u00f1anza sin conseguir necesariamente los resultados esperados ya que los estudiantes no obtienen mejores calificaciones o los colaboradores siguen haciendo lo de siempre. Creemos que el problema suele estar en que ponemos la preocupaci\u00f3n en la gesti\u00f3n de la ense\u00f1anza y en c\u00f3mo dotar al docente o al capacitador de mejores herramientas docentes, cuando el foco tendr\u00eda que ponerse en los aprendizajes y la mejor manera de conseguirlos. Hacemos nuestra la conclusi\u00f3n de Pedro Morales, doctor en pedagog\u00eda y profesor em\u00e9rito de la Pontificia Universidad de Comillas: <strong><span style=\"text-decoration: underline;\"><a href=\"http:\/\/web.upcomillas.es\/eees\/Documentos\/ense%C3%B1anza_centrada_%20aprendizaje.pdf\" target=\"_blank\" rel=\"noopener noreferrer\">\u201c\u2026 los profesores hemos estado prestando m\u00e1s atenci\u00f3n a lo que tenemos que hacer nosotros para ense\u00f1ar que a lo que tienen que hacer los alumnos para aprender.\u201d<\/a><\/span><\/strong><\/p>\n<h5><strong>Ense\u00f1ar y aprender no son dos caras de la misma moneda<\/strong><\/h5>\n<p style=\"text-align: justify;\">El \u201cproceso de ense\u00f1anza-aprendizaje\u201d es la manera tradicional de referirnos a la ense\u00f1anza y al aprendizaje, como si se tratara de un solo proceso. Creemos que esta expresi\u00f3n es confusa y puede llegar a ser enga\u00f1osa. Nos puede hacer pensar que toda ense\u00f1anza produce aprendizaje y que todo aprendizaje se origina en una ense\u00f1anza y, ni uno ni otro son completamente ciertos. Por el contrario podr\u00edamos afirmar sin riesgo de equivocarnos que la mayor parte de las ense\u00f1anzas no producen ning\u00fan aprendizaje y muchos de nuestros aprendizajes, quiz\u00e1s los m\u00e1s profundos y relevantes, no provienen de ense\u00f1anza alguna, sino que fueron aprendidos en procesos de indagaci\u00f3n, de b\u00fasqueda, de exploraci\u00f3n y de descubrimiento personales.<\/p>\n<p style=\"text-align: justify;\">En este contexto es justo que nos preguntemos \u00bfc\u00f3mo lograr que una ense\u00f1anza produzca aprendizajes? O \u00bfc\u00f3mo lograr aprendizajes sin que la ense\u00f1anza sea necesaria? Don Finkel, profesor de Evergreen State College (EEUU) ya dio con la respuesta: \u201c<strong><span style=\"text-decoration: underline;\"><a href=\"http:\/\/www.amazon.es\/Teaching-Your-Mouth-Donald-Finkel\/dp\/0867094699\" target=\"_blank\" rel=\"noopener noreferrer\">Teaching with your mouth shut<\/a><\/span><\/strong>\u201d (<strong><span style=\"text-decoration: underline;\"><a href=\"http:\/\/www.casadellibro.com\/libro-dar-clase-con-la-boca-cerrada\/9788437068602\/1234686\" target=\"_blank\" rel=\"noopener noreferrer\">Ense\u00f1ar con la boca cerrada<\/a><\/span><\/strong>), es decir que el docente o capacitador hable menos y genere m\u00e1s procesos en los que sean los aprendices quienes hablen, discutan y produzcan sus conocimientos.<\/p>\n<h5><strong>La ense\u00f1anza como narrativa y el aprendizaje como retenci\u00f3n de lo dicho<\/strong><\/h5>\n<p style=\"text-align: justify;\">Si hacemos el siguiente ejercicio de b\u00fasqueda en Google: buscar todas las im\u00e1genes asociadas a la palabra \u201cense\u00f1ar\u201d, descubriremos que la absoluta mayor\u00eda muestran a personas o profesores hablando, explicando o ense\u00f1ando a alguien o a varios. [Explicando a] <strong>otros que tienen que escuchar con atenci\u00f3n para luego repetir, explicar con sus propias palabras y\/o aplicar o comentar lo que escucharon.<\/strong> Lo que llama la atenci\u00f3n es que eso se hace y hace en m\u00faltiples escenarios e instituciones, aunque toda la investigaci\u00f3n descubra que \u00e9ste no es un medio eficaz de ense\u00f1anza, porque es de los que menos aprendizaje produce.<\/p>\n<p style=\"text-align: justify;\">El cono del aprendizaje de Edgar Dale muestra esto gr\u00e1ficamente:<\/p>\n<p style=\"text-align: justify;\"><img loading=\"lazy\" decoding=\"async\" class=\"size-large aligncenter\" src=\"https:\/\/josechuferreras.files.wordpress.com\/2015\/03\/cono-del-aprendizaje.jpg\" width=\"637\" height=\"429\" \/><\/p>\n<p style=\"text-align: center;\">Tomado de:\u00a0<a href=\"https:\/\/josechuferreras.wordpress.com\/2015\/03\/15\/el-cono-del-aprendizaje-o-de-la-experiencia\/\" target=\"_blank\" rel=\"noopener noreferrer\">https:\/\/josechuferreras.wordpress.com\/<\/a><\/p>\n<p style=\"text-align: justify;\"><strong>Si la narrativa est\u00e1 acompa\u00f1ada de un ir anotando en un pizarr\u00f3n<\/strong> las palabras m\u00e1s importantes que van surgiendo en la explicaci\u00f3n o la estructura de la misma, hay much\u00edsimas m\u00e1s posibilidades de retener su estructura y contenidos que s\u00f3lo escuchando al profesor o narrador. Pero <strong>cuando la explicaci\u00f3n es acompa\u00f1ada por diapositivas o presentaciones pre elaboradas<\/strong> en las que se presenta un resumen de lo que se est\u00e1 explicando, lejos de aportar en el aprendizaje de la informaci\u00f3n explicada oralmente, <strong>se produce tedio y mayor pasividad<\/strong>. Es muy diferente cuando en las diapositivas se presentan <strong>gr\u00e1ficas, im\u00e1genes, que sugieren que hacen pensar, que provocan discusi\u00f3n, etc.<\/strong><\/p>\n<h5><strong>La gesti\u00f3n del aprendizaje o \u00bfc\u00f3mo lograr que los otros aprendan?<\/strong><\/h5>\n<p style=\"text-align: justify;\">No basta desear que las otras personas, mis alumnos o mis colaboradores, aprendan. Debo tener mucha claridad respecto a qu\u00e9 quiero que aprendan y qu\u00e9 quiero que hagan con lo que aprender\u00e1n. Si deseo que aprendan un poema o una canci\u00f3n, es claro que lo que me interesa es que lo reciten y reproduzcan con absoluta fidelidad, pero esto no es v\u00e1lido para todos los aprendizajes. <strong>La mayor parte de las veces interesar\u00e1 que usen, manejen o aplique lo aprendido en la vida en general o en circunstancias espec\u00edficas de su desempe\u00f1o profesional.<\/strong><\/p>\n<p style=\"text-align: justify;\">Si nos interesa que los colaboradores conozcan reglas y normas de seguridad en el trabajo, por ejemplo, es obvio que <strong>no nos interesa que las memoricen y reciten, sino que efectivamente las hagan suyas y las respeten en el d\u00eda a d\u00eda de su labor.<\/strong> Si necesitamos que aprendan a manejar un nuevo software, evidentemente nos interesa que lleguen a demostrarnos que lo saben usar en determinadas circunstancias o para resolver determinados problemas.<\/p>\n<p><img loading=\"lazy\" decoding=\"async\" class=\"alignnone wp-image-69350\" src=\"https:\/\/webdelmaestrocmf.com\/portal\/wp-content\/uploads\/2018\/07\/1-176.jpg\" alt=\"\" width=\"816\" height=\"426\" srcset=\"https:\/\/webdelmaestrocmf.com\/portal\/wp-content\/uploads\/2018\/07\/1-176.jpg 500w, https:\/\/webdelmaestrocmf.com\/portal\/wp-content\/uploads\/2018\/07\/1-176-300x157.jpg 300w, https:\/\/webdelmaestrocmf.com\/portal\/wp-content\/uploads\/2018\/07\/1-176-110x57.jpg 110w, https:\/\/webdelmaestrocmf.com\/portal\/wp-content\/uploads\/2018\/07\/1-176-200x104.jpg 200w, https:\/\/webdelmaestrocmf.com\/portal\/wp-content\/uploads\/2018\/07\/1-176-380x198.jpg 380w, https:\/\/webdelmaestrocmf.com\/portal\/wp-content\/uploads\/2018\/07\/1-176-255x133.jpg 255w\" sizes=\"auto, (max-width: 816px) 100vw, 816px\" \/><\/p>\n<p style=\"text-align: justify;\"><strong>Lo que debe tenerse en claro<\/strong>, pues, es \u00bfqu\u00e9 queremos que hagan los aprendices con lo que aprender\u00e1n? O en otras palabras \u00bfQu\u00e9 har\u00e1n para demostrarnos que aprendieron? Y, la respuesta a estas preguntas supone un hacer determinado, un desempe\u00f1o en particular, que no s\u00f3lo involucra haber almacenado informaci\u00f3n, sino haber pensado sobre ella, haber desarrollado una serie de habilidades en el uso de un conjunto de informaci\u00f3n. No tener claro esto nos llevar\u00e1 al error de creer que basta transmitir un conjunto de informaci\u00f3n, para que las personas aprendan a hacer uso de ella. Tampoco basta decirles c\u00f3mo deben usarla, para que lo aprendan. <strong>Tendr\u00e1n que ir aprendiendo paulatinamente,<\/strong> paso a paso, cometiendo errores y d\u00e1ndose cuenta de ellos y corrigi\u00e9ndoles conscientemente. [Que] es lo que hace el buen entrenador deportivo, que tiene muy claro cu\u00e1l es resultado que espera que alcance su pupilo y cu\u00e1l es el proceso y cada uno de los resultados parciales que le ir\u00e1n indicando que va por buen camino.<\/p>\n<p style=\"text-align: justify;\"><strong>Meta clara, proceso definido, resultados parciales identificados y evaluaci\u00f3n continua<\/strong> son cuatro claves fundamentales en la gesti\u00f3n de procesos de aprendizaje, pero que s\u00f3lo funcionar\u00e1n si el aprendiz quiere aprender. Es decir, si hemos logrado provocar la motivaci\u00f3n suficiente para que est\u00e9 dispuesto a ponerse todo \u00e9l en juego y esfuerzo. <strong>Si las emociones de los aprendices no son suficientemente convocadas y sostenidas el proceso<\/strong> no empezar\u00e1, ni se mantendr\u00e1 en pie.<\/p>\n<p style=\"text-align: justify;\">Esperamos que le sea de utilidad. No olvide de comentar sus experiencias y compartir esta entrada con su comunidad virtual, as\u00ed m\u00e1s docentes utilizar\u00e1n estos recursos de forma gratuita. \u00a0Muchas gracias\u201d.<\/p>\n<p><strong>Este contenido ha sido publicado originalmente por UPC\u00a0en la siguiente direcci\u00f3n:\u00a0<a href=\"http:\/\/blogs.upc.edu.pe\" target=\"_blank\" rel=\"noopener noreferrer\">blogs.upc.edu.pe<\/a><\/strong><\/p>\n\t\t<div class=\"pk-inline-posts\">\n\t\t\t\n\t\t\t<div class=\"pk-inline-posts-container pk-inline-posts-template-list\"\n\t\t\t\tdata-columns=\"1\">\n\t\t\t\t\t\t<article id=\"post-118510\" class=\"post-118510 post type-post status-publish format-standard has-post-thumbnail category-entrevistas category-noticias tag-aprendizaje tag-aula tag-docentes tag-educacion-2 tag-estudiantes tag-filosofia-2 tag-formacion-2 tag-inteligencia tag-jose-antonio-marina tag-pedagogia-2 tag-pensamiento-critico-2 cs-entry cs-video-wrap\">\n\t\t\t<div class=\"pk-post-outer\">\n\n\t\t\t\t\t\t\t\t<div class=\"pk-post-inner\">\n\t\t\t\t\t<div class=\"entry-thumbnail\">\n\t\t\t\t\t\t<div class=\"pk-overlay pk-overlay-ratio pk-ratio-landscape\">\n\t\t\t\t\t\t\t<div class=\"pk-overlay-background\">\n\t\t\t\t\t\t\t\t<a href=\"https:\/\/webdelmaestrocmf.com\/portal\/jose-antonio-marina-si-no-teneis-pensamiento-critico-o-si-no-hay-pensamiento-critico-la-manipulacion-va-a-ser-muy-sencilla\/\" class=\"pk-overlay-link\">\n\t\t\t\t\t\t\t\t\t<img loading=\"lazy\" decoding=\"async\" width=\"300\" height=\"225\" src=\"https:\/\/webdelmaestrocmf.com\/portal\/wp-content\/uploads\/2026\/04\/1AA-Banner-1-portada-imagen-10-1-copia-5-6-300x225.webp\" class=\"attachment-pk-thumbnail size-pk-thumbnail wp-post-image\" alt=\"\" \/>\t\t\t\t\t\t\t\t<\/a>\n\t\t\t\t\t\t\t<\/div>\n\t\t\t\t\t\t<\/div>\n\t\t\t\t\t<\/div>\n\t\t\t\t<\/div>\n\t\t\t\t\n\t\t\t\t<div class=\"pk-post-inner\">\n\t\t\t\t\t<header>\n\t\t\t\t\t\t<h3 class=\"pk-title\"><a href=\"https:\/\/webdelmaestrocmf.com\/portal\/jose-antonio-marina-si-no-teneis-pensamiento-critico-o-si-no-hay-pensamiento-critico-la-manipulacion-va-a-ser-muy-sencilla\/\" rel=\"bookmark\">Jos\u00e9 Antonio Marina: Si no ten\u00e9is pensamiento cr\u00edtico, o si no hay pensamiento cr\u00edtico, la manipulaci\u00f3n va a ser muy sencilla<\/a><\/h3>\t\t\t\t\t<\/header><!-- .entry-header -->\n\t\t\t\t<\/div><!-- .post-inner -->\n\n\t\t\t<\/div><!-- .post-outer -->\n\t\t<\/article>\n\t\t\t<article id=\"post-113504\" class=\"post-113504 post type-post status-publish format-standard has-post-thumbnail category-entrevistas category-noticias tag-alumno tag-begona-ibarrola-2 tag-desmotivado tag-vago cs-entry cs-video-wrap\">\n\t\t\t<div class=\"pk-post-outer\">\n\n\t\t\t\t\t\t\t\t<div class=\"pk-post-inner\">\n\t\t\t\t\t<div class=\"entry-thumbnail\">\n\t\t\t\t\t\t<div class=\"pk-overlay pk-overlay-ratio pk-ratio-landscape\">\n\t\t\t\t\t\t\t<div class=\"pk-overlay-background\">\n\t\t\t\t\t\t\t\t<a href=\"https:\/\/webdelmaestrocmf.com\/portal\/begona-ibarrola-debemos-distinguir-entre-un-alumno-verdaderamente-vago-y-uno-que-esta-desmotivado-porque-anticipa-el-fracaso\/\" class=\"pk-overlay-link\">\n\t\t\t\t\t\t\t\t\t<img loading=\"lazy\" decoding=\"async\" width=\"300\" height=\"225\" src=\"https:\/\/webdelmaestrocmf.com\/portal\/wp-content\/uploads\/2025\/11\/1AA-Banner-1-portada-imagen-10-1-copia-3-300x225.webp\" class=\"attachment-pk-thumbnail size-pk-thumbnail wp-post-image\" alt=\"\" \/>\t\t\t\t\t\t\t\t<\/a>\n\t\t\t\t\t\t\t<\/div>\n\t\t\t\t\t\t<\/div>\n\t\t\t\t\t<\/div>\n\t\t\t\t<\/div>\n\t\t\t\t\n\t\t\t\t<div class=\"pk-post-inner\">\n\t\t\t\t\t<header>\n\t\t\t\t\t\t<h3 class=\"pk-title\"><a href=\"https:\/\/webdelmaestrocmf.com\/portal\/begona-ibarrola-debemos-distinguir-entre-un-alumno-verdaderamente-vago-y-uno-que-esta-desmotivado-porque-anticipa-el-fracaso\/\" rel=\"bookmark\">Bego\u00f1a Ibarrola: Debemos distinguir entre un alumno verdaderamente vago y uno que est\u00e1 desmotivado porque anticipa el fracaso<\/a><\/h3>\t\t\t\t\t<\/header><!-- .entry-header -->\n\t\t\t\t<\/div><!-- .post-inner -->\n\n\t\t\t<\/div><!-- .post-outer -->\n\t\t<\/article>\n\t\t\t<article id=\"post-118480\" class=\"post-118480 post type-post status-publish format-standard has-post-thumbnail category-entrevistas category-noticias tag-aprendizaje tag-autonomia-3 tag-desarrollo tag-docentes tag-educacion-2 tag-ensenanza-2 tag-escuela tag-infancia tag-juego tag-pedagogia-2 cs-entry cs-video-wrap\">\n\t\t\t<div class=\"pk-post-outer\">\n\n\t\t\t\t\t\t\t\t<div class=\"pk-post-inner\">\n\t\t\t\t\t<div class=\"entry-thumbnail\">\n\t\t\t\t\t\t<div class=\"pk-overlay pk-overlay-ratio pk-ratio-landscape\">\n\t\t\t\t\t\t\t<div class=\"pk-overlay-background\">\n\t\t\t\t\t\t\t\t<a href=\"https:\/\/webdelmaestrocmf.com\/portal\/francesco-tonucci-hoy-la-escuela-esta-asumiendo-un-error-fatal-que-es-hacer-mas-un-papel-de-ninera-que-de-estructura-educativa\/\" class=\"pk-overlay-link\">\n\t\t\t\t\t\t\t\t\t<img loading=\"lazy\" decoding=\"async\" width=\"300\" height=\"225\" src=\"https:\/\/webdelmaestrocmf.com\/portal\/wp-content\/uploads\/2026\/04\/1AA-Banner-1-portada-imagen-10-1-copia-2-9-300x225.webp\" class=\"attachment-pk-thumbnail size-pk-thumbnail wp-post-image\" alt=\"\" \/>\t\t\t\t\t\t\t\t<\/a>\n\t\t\t\t\t\t\t<\/div>\n\t\t\t\t\t\t<\/div>\n\t\t\t\t\t<\/div>\n\t\t\t\t<\/div>\n\t\t\t\t\n\t\t\t\t<div class=\"pk-post-inner\">\n\t\t\t\t\t<header>\n\t\t\t\t\t\t<h3 class=\"pk-title\"><a href=\"https:\/\/webdelmaestrocmf.com\/portal\/francesco-tonucci-hoy-la-escuela-esta-asumiendo-un-error-fatal-que-es-hacer-mas-un-papel-de-ninera-que-de-estructura-educativa\/\" rel=\"bookmark\">Francesco Tonucci: Hoy la escuela est\u00e1 asumiendo un error fatal que es hacer m\u00e1s un papel de ni\u00f1era que de estructura educativa<\/a><\/h3>\t\t\t\t\t<\/header><!-- .entry-header -->\n\t\t\t\t<\/div><!-- .post-inner -->\n\n\t\t\t<\/div><!-- .post-outer -->\n\t\t<\/article>\n\t\t\t\t<\/div>\n\t\t<\/div>\n\t\t\n","protected":false},"excerpt":{"rendered":"Luis Bretel es educador y profesor de Postgrado de la UPC (Universidad Peruana de Ciencias Aplicadas). Experto en&hellip;","protected":false},"author":1,"featured_media":106820,"comment_status":"open","ping_status":"open","sticky":false,"template":"","format":"standard","meta":{"csco_display_header_overlay":false,"csco_singular_sidebar":"disabled","csco_page_header_type":"large","csco_page_load_nextpost":"default","csco_post_video_location":[],"csco_post_video_location_hash":"","csco_post_video_url":"","csco_post_video_bg_start_time":0,"csco_post_video_bg_end_time":0,"csco_post_video_bg_volume":false,"_jetpack_memberships_contains_paid_content":false,"footnotes":""},"categories":[48,139,47],"tags":[867,2686,2740,2741],"class_list":{"0":"post-21994","1":"post","2":"type-post","3":"status-publish","4":"format-standard","5":"has-post-thumbnail","7":"category-entrevistas","8":"category-visitadas","9":"category-noticias","10":"tag-ensenanza","11":"tag-gestion","12":"tag-gestion-del-aprendizaje","13":"tag-luis-bretel","14":"cs-entry","15":"cs-video-wrap"},"yoast_head":"<!-- This site is optimized with the Yoast SEO plugin v27.5 - https:\/\/yoast.com\/product\/yoast-seo-wordpress\/ -->\n<title>De la gesti\u00f3n de la ense\u00f1anza a la gesti\u00f3n del aprendizaje<\/title>\n<meta name=\"description\" content=\"Considera que para mejorar los resultados del aprendizaje, empecemos a ver c\u00f3mo mejorar el aprendizaje del alumno antes que mejorar...\" \/>\n<meta name=\"robots\" content=\"index, follow, max-snippet:-1, max-image-preview:large, max-video-preview:-1\" \/>\n<link rel=\"canonical\" href=\"https:\/\/webdelmaestrocmf.com\/portal\/la-gestion-la-ensenanza-la-gestion-del-aprendizaje\/\" \/>\n<meta property=\"og:locale\" content=\"es_ES\" \/>\n<meta property=\"og:type\" content=\"article\" \/>\n<meta property=\"og:title\" content=\"De la gesti\u00f3n de la ense\u00f1anza a la gesti\u00f3n del aprendizaje\" \/>\n<meta property=\"og:description\" content=\"Considera que para mejorar los resultados del aprendizaje, empecemos a ver c\u00f3mo mejorar el aprendizaje del alumno antes que mejorar...\" \/>\n<meta property=\"og:url\" content=\"https:\/\/webdelmaestrocmf.com\/portal\/la-gestion-la-ensenanza-la-gestion-del-aprendizaje\/\" \/>\n<meta property=\"og:site_name\" content=\"Web del Maestro CMF\" \/>\n<meta property=\"article:publisher\" content=\"https:\/\/www.facebook.com\/WebdelMaestroCMF\/\" \/>\n<meta property=\"article:author\" content=\"https:\/\/www.facebook.com\/WebdelMaestroCMF\/\" \/>\n<meta property=\"article:published_time\" content=\"2018-07-28T03:45:40+00:00\" \/>\n<meta property=\"article:modified_time\" content=\"2024-11-02T13:16:59+00:00\" \/>\n<meta property=\"og:image\" content=\"https:\/\/webdelmaestrocmf.com\/portal\/wp-content\/uploads\/2018\/07\/Banner-1-portada-imagen-10-1-20.jpg\" \/>\n\t<meta property=\"og:image:width\" content=\"1024\" \/>\n\t<meta property=\"og:image:height\" content=\"1024\" \/>\n\t<meta property=\"og:image:type\" content=\"image\/jpeg\" \/>\n<meta name=\"author\" content=\"Web del Maestro CMF\" \/>\n<meta name=\"twitter:card\" content=\"summary_large_image\" \/>\n<meta name=\"twitter:creator\" content=\"@cmf_w\" \/>\n<meta name=\"twitter:site\" content=\"@cmf_w\" \/>\n<script type=\"application\/ld+json\" class=\"yoast-schema-graph\">{\"@context\":\"https:\\\/\\\/schema.org\",\"@graph\":[{\"@type\":\"ScholarlyArticle\",\"@id\":\"https:\\\/\\\/webdelmaestrocmf.com\\\/portal\\\/la-gestion-la-ensenanza-la-gestion-del-aprendizaje\\\/#article\",\"isPartOf\":{\"@id\":\"https:\\\/\\\/webdelmaestrocmf.com\\\/portal\\\/la-gestion-la-ensenanza-la-gestion-del-aprendizaje\\\/\"},\"author\":{\"name\":\"Web del Maestro CMF\",\"@id\":\"https:\\\/\\\/webdelmaestrocmf.com\\\/portal\\\/#\\\/schema\\\/person\\\/1072a2ed7bd960df8ef99a551fa35dc5\"},\"headline\":\"Luis Bretel: De la gesti\u00f3n de la ense\u00f1anza a la gesti\u00f3n del aprendizaje\",\"datePublished\":\"2018-07-28T03:45:40+00:00\",\"dateModified\":\"2024-11-02T13:16:59+00:00\",\"mainEntityOfPage\":{\"@id\":\"https:\\\/\\\/webdelmaestrocmf.com\\\/portal\\\/la-gestion-la-ensenanza-la-gestion-del-aprendizaje\\\/\"},\"wordCount\":1312,\"commentCount\":0,\"publisher\":{\"@id\":\"https:\\\/\\\/webdelmaestrocmf.com\\\/portal\\\/#organization\"},\"image\":{\"@id\":\"https:\\\/\\\/webdelmaestrocmf.com\\\/portal\\\/la-gestion-la-ensenanza-la-gestion-del-aprendizaje\\\/#primaryimage\"},\"thumbnailUrl\":\"https:\\\/\\\/webdelmaestrocmf.com\\\/portal\\\/wp-content\\\/uploads\\\/2018\\\/07\\\/Banner-1-portada-imagen-10-1-20.jpg\",\"keywords\":[\"ENSE\u00d1ANZA\",\"GESTI\u00d3N\",\"GESTI\u00d3N DEL APRENDIZAJE\",\"LUIS BRETEL\"],\"articleSection\":[\"Entrevistas\",\"Las m\u00e1s vistas\",\"Noticias\"],\"inLanguage\":\"es\",\"potentialAction\":[{\"@type\":\"CommentAction\",\"name\":\"Comment\",\"target\":[\"https:\\\/\\\/webdelmaestrocmf.com\\\/portal\\\/la-gestion-la-ensenanza-la-gestion-del-aprendizaje\\\/#respond\"]}]},{\"@type\":\"WebPage\",\"@id\":\"https:\\\/\\\/webdelmaestrocmf.com\\\/portal\\\/la-gestion-la-ensenanza-la-gestion-del-aprendizaje\\\/\",\"url\":\"https:\\\/\\\/webdelmaestrocmf.com\\\/portal\\\/la-gestion-la-ensenanza-la-gestion-del-aprendizaje\\\/\",\"name\":\"De la gesti\u00f3n de la ense\u00f1anza a la gesti\u00f3n del aprendizaje\",\"isPartOf\":{\"@id\":\"https:\\\/\\\/webdelmaestrocmf.com\\\/portal\\\/#website\"},\"primaryImageOfPage\":{\"@id\":\"https:\\\/\\\/webdelmaestrocmf.com\\\/portal\\\/la-gestion-la-ensenanza-la-gestion-del-aprendizaje\\\/#primaryimage\"},\"image\":{\"@id\":\"https:\\\/\\\/webdelmaestrocmf.com\\\/portal\\\/la-gestion-la-ensenanza-la-gestion-del-aprendizaje\\\/#primaryimage\"},\"thumbnailUrl\":\"https:\\\/\\\/webdelmaestrocmf.com\\\/portal\\\/wp-content\\\/uploads\\\/2018\\\/07\\\/Banner-1-portada-imagen-10-1-20.jpg\",\"datePublished\":\"2018-07-28T03:45:40+00:00\",\"dateModified\":\"2024-11-02T13:16:59+00:00\",\"description\":\"Considera que para mejorar los resultados del aprendizaje, empecemos a ver c\u00f3mo mejorar el aprendizaje del alumno antes que mejorar...\",\"breadcrumb\":{\"@id\":\"https:\\\/\\\/webdelmaestrocmf.com\\\/portal\\\/la-gestion-la-ensenanza-la-gestion-del-aprendizaje\\\/#breadcrumb\"},\"inLanguage\":\"es\",\"potentialAction\":[{\"@type\":\"ReadAction\",\"target\":[\"https:\\\/\\\/webdelmaestrocmf.com\\\/portal\\\/la-gestion-la-ensenanza-la-gestion-del-aprendizaje\\\/\"]}]},{\"@type\":\"ImageObject\",\"inLanguage\":\"es\",\"@id\":\"https:\\\/\\\/webdelmaestrocmf.com\\\/portal\\\/la-gestion-la-ensenanza-la-gestion-del-aprendizaje\\\/#primaryimage\",\"url\":\"https:\\\/\\\/webdelmaestrocmf.com\\\/portal\\\/wp-content\\\/uploads\\\/2018\\\/07\\\/Banner-1-portada-imagen-10-1-20.jpg\",\"contentUrl\":\"https:\\\/\\\/webdelmaestrocmf.com\\\/portal\\\/wp-content\\\/uploads\\\/2018\\\/07\\\/Banner-1-portada-imagen-10-1-20.jpg\",\"width\":1024,\"height\":1024},{\"@type\":\"BreadcrumbList\",\"@id\":\"https:\\\/\\\/webdelmaestrocmf.com\\\/portal\\\/la-gestion-la-ensenanza-la-gestion-del-aprendizaje\\\/#breadcrumb\",\"itemListElement\":[{\"@type\":\"ListItem\",\"position\":1,\"name\":\"Portada\",\"item\":\"https:\\\/\\\/webdelmaestrocmf.com\\\/portal\\\/\"},{\"@type\":\"ListItem\",\"position\":2,\"name\":\"Noticias\",\"item\":\"https:\\\/\\\/webdelmaestrocmf.com\\\/portal\\\/category\\\/noticias\\\/\"},{\"@type\":\"ListItem\",\"position\":3,\"name\":\"Luis Bretel: De la gesti\u00f3n de la ense\u00f1anza a la gesti\u00f3n del aprendizaje\"}]},{\"@type\":\"WebSite\",\"@id\":\"https:\\\/\\\/webdelmaestrocmf.com\\\/portal\\\/#website\",\"url\":\"https:\\\/\\\/webdelmaestrocmf.com\\\/portal\\\/\",\"name\":\"Web del Maestro CMF\",\"description\":\"Maestros al servicio de la educaci\u00f3n\",\"publisher\":{\"@id\":\"https:\\\/\\\/webdelmaestrocmf.com\\\/portal\\\/#organization\"},\"alternateName\":\"WMCMF\",\"potentialAction\":[{\"@type\":\"SearchAction\",\"target\":{\"@type\":\"EntryPoint\",\"urlTemplate\":\"https:\\\/\\\/webdelmaestrocmf.com\\\/portal\\\/?s={search_term_string}\"},\"query-input\":{\"@type\":\"PropertyValueSpecification\",\"valueRequired\":true,\"valueName\":\"search_term_string\"}}],\"inLanguage\":\"es\"},{\"@type\":\"Organization\",\"@id\":\"https:\\\/\\\/webdelmaestrocmf.com\\\/portal\\\/#organization\",\"name\":\"Web del Maestro CMF\",\"alternateName\":\"WMCMF\",\"url\":\"https:\\\/\\\/webdelmaestrocmf.com\\\/portal\\\/\",\"logo\":{\"@type\":\"ImageObject\",\"inLanguage\":\"es\",\"@id\":\"https:\\\/\\\/webdelmaestrocmf.com\\\/portal\\\/#\\\/schema\\\/logo\\\/image\\\/\",\"url\":\"https:\\\/\\\/webdelmaestrocmf.com\\\/portal\\\/wp-content\\\/uploads\\\/2023\\\/01\\\/logo-wmcmf-2.png\",\"contentUrl\":\"https:\\\/\\\/webdelmaestrocmf.com\\\/portal\\\/wp-content\\\/uploads\\\/2023\\\/01\\\/logo-wmcmf-2.png\",\"width\":200,\"height\":60,\"caption\":\"Web del Maestro CMF\"},\"image\":{\"@id\":\"https:\\\/\\\/webdelmaestrocmf.com\\\/portal\\\/#\\\/schema\\\/logo\\\/image\\\/\"},\"sameAs\":[\"https:\\\/\\\/www.facebook.com\\\/WebdelMaestroCMF\\\/\",\"https:\\\/\\\/x.com\\\/cmf_w\",\"https:\\\/\\\/www.pinterest.com\\\/WMCMF\\\/\",\"https:\\\/\\\/www.linkedin.com\\\/company\\\/web-del-maestro-cmf\\\/\",\"https:\\\/\\\/www.instagram.com\\\/wmcmf\\\/\",\"https:\\\/\\\/www.youtube.com\\\/channel\\\/UCDPSvjbdodE5sHnC3OxutHw\",\"https:\\\/\\\/mastodon.social\\\/@wmcmf\",\"https:\\\/\\\/www.tiktok.com\\\/@webdelmaestrocmf\"]},{\"@type\":\"Person\",\"@id\":\"https:\\\/\\\/webdelmaestrocmf.com\\\/portal\\\/#\\\/schema\\\/person\\\/1072a2ed7bd960df8ef99a551fa35dc5\",\"name\":\"Web del Maestro CMF\",\"image\":{\"@type\":\"ImageObject\",\"inLanguage\":\"es\",\"@id\":\"https:\\\/\\\/secure.gravatar.com\\\/avatar\\\/23291dd5b5ae1077dcff3dbb04c3e02bd28403fa75af6d8787d5e97c5bbbe30b?s=96&d=mm&r=g\",\"url\":\"https:\\\/\\\/secure.gravatar.com\\\/avatar\\\/23291dd5b5ae1077dcff3dbb04c3e02bd28403fa75af6d8787d5e97c5bbbe30b?s=96&d=mm&r=g\",\"contentUrl\":\"https:\\\/\\\/secure.gravatar.com\\\/avatar\\\/23291dd5b5ae1077dcff3dbb04c3e02bd28403fa75af6d8787d5e97c5bbbe30b?s=96&d=mm&r=g\",\"caption\":\"Web del Maestro CMF\"},\"description\":\"Esta Web se cre\u00f3 sin fines de lucro, con fines educativos, cient\u00edficos y acad\u00e9micos, para personas que tengan dificultades y\\\/o inconvenientes en visualizar el material original. El objetivo es entregar recursos, compartir experiencias y materiales que ayuden a los padres de familia, maestros y estudiantes en su actualizaci\u00f3n y formaci\u00f3n permanente, en bien de la Educaci\u00f3n.\",\"sameAs\":[\"http:\\\/\\\/webdelmaestrocmf.com\\\/portal\",\"https:\\\/\\\/www.facebook.com\\\/WebdelMaestroCMF\\\/\",\"https:\\\/\\\/www.instagram.com\\\/wmcmf\\\/\",\"https:\\\/\\\/cl.linkedin.com\\\/company\\\/web-del-maestro-cmf\",\"https:\\\/\\\/www.pinterest.com\\\/WMCMF\\\/publicaciones\\\/\",\"https:\\\/\\\/x.com\\\/cmf_w\",\"https:\\\/\\\/www.youtube.com\\\/@WMCMF\"]}]}<\/script>\n<!-- \/ Yoast SEO plugin. -->","yoast_head_json":{"title":"De la gesti\u00f3n de la ense\u00f1anza a la gesti\u00f3n del aprendizaje","description":"Considera que para mejorar los resultados del aprendizaje, empecemos a ver c\u00f3mo mejorar el aprendizaje del alumno antes que mejorar...","robots":{"index":"index","follow":"follow","max-snippet":"max-snippet:-1","max-image-preview":"max-image-preview:large","max-video-preview":"max-video-preview:-1"},"canonical":"https:\/\/webdelmaestrocmf.com\/portal\/la-gestion-la-ensenanza-la-gestion-del-aprendizaje\/","og_locale":"es_ES","og_type":"article","og_title":"De la gesti\u00f3n de la ense\u00f1anza a la gesti\u00f3n del aprendizaje","og_description":"Considera que para mejorar los resultados del aprendizaje, empecemos a ver c\u00f3mo mejorar el aprendizaje del alumno antes que mejorar...","og_url":"https:\/\/webdelmaestrocmf.com\/portal\/la-gestion-la-ensenanza-la-gestion-del-aprendizaje\/","og_site_name":"Web del Maestro CMF","article_publisher":"https:\/\/www.facebook.com\/WebdelMaestroCMF\/","article_author":"https:\/\/www.facebook.com\/WebdelMaestroCMF\/","article_published_time":"2018-07-28T03:45:40+00:00","article_modified_time":"2024-11-02T13:16:59+00:00","og_image":[{"width":1024,"height":1024,"url":"https:\/\/webdelmaestrocmf.com\/portal\/wp-content\/uploads\/2018\/07\/Banner-1-portada-imagen-10-1-20.jpg","type":"image\/jpeg"}],"author":"Web del Maestro CMF","twitter_card":"summary_large_image","twitter_creator":"@cmf_w","twitter_site":"@cmf_w","schema":{"@context":"https:\/\/schema.org","@graph":[{"@type":"ScholarlyArticle","@id":"https:\/\/webdelmaestrocmf.com\/portal\/la-gestion-la-ensenanza-la-gestion-del-aprendizaje\/#article","isPartOf":{"@id":"https:\/\/webdelmaestrocmf.com\/portal\/la-gestion-la-ensenanza-la-gestion-del-aprendizaje\/"},"author":{"name":"Web del Maestro CMF","@id":"https:\/\/webdelmaestrocmf.com\/portal\/#\/schema\/person\/1072a2ed7bd960df8ef99a551fa35dc5"},"headline":"Luis Bretel: De la gesti\u00f3n de la ense\u00f1anza a la gesti\u00f3n del aprendizaje","datePublished":"2018-07-28T03:45:40+00:00","dateModified":"2024-11-02T13:16:59+00:00","mainEntityOfPage":{"@id":"https:\/\/webdelmaestrocmf.com\/portal\/la-gestion-la-ensenanza-la-gestion-del-aprendizaje\/"},"wordCount":1312,"commentCount":0,"publisher":{"@id":"https:\/\/webdelmaestrocmf.com\/portal\/#organization"},"image":{"@id":"https:\/\/webdelmaestrocmf.com\/portal\/la-gestion-la-ensenanza-la-gestion-del-aprendizaje\/#primaryimage"},"thumbnailUrl":"https:\/\/webdelmaestrocmf.com\/portal\/wp-content\/uploads\/2018\/07\/Banner-1-portada-imagen-10-1-20.jpg","keywords":["ENSE\u00d1ANZA","GESTI\u00d3N","GESTI\u00d3N DEL APRENDIZAJE","LUIS BRETEL"],"articleSection":["Entrevistas","Las m\u00e1s vistas","Noticias"],"inLanguage":"es","potentialAction":[{"@type":"CommentAction","name":"Comment","target":["https:\/\/webdelmaestrocmf.com\/portal\/la-gestion-la-ensenanza-la-gestion-del-aprendizaje\/#respond"]}]},{"@type":"WebPage","@id":"https:\/\/webdelmaestrocmf.com\/portal\/la-gestion-la-ensenanza-la-gestion-del-aprendizaje\/","url":"https:\/\/webdelmaestrocmf.com\/portal\/la-gestion-la-ensenanza-la-gestion-del-aprendizaje\/","name":"De la gesti\u00f3n de la ense\u00f1anza a la gesti\u00f3n del aprendizaje","isPartOf":{"@id":"https:\/\/webdelmaestrocmf.com\/portal\/#website"},"primaryImageOfPage":{"@id":"https:\/\/webdelmaestrocmf.com\/portal\/la-gestion-la-ensenanza-la-gestion-del-aprendizaje\/#primaryimage"},"image":{"@id":"https:\/\/webdelmaestrocmf.com\/portal\/la-gestion-la-ensenanza-la-gestion-del-aprendizaje\/#primaryimage"},"thumbnailUrl":"https:\/\/webdelmaestrocmf.com\/portal\/wp-content\/uploads\/2018\/07\/Banner-1-portada-imagen-10-1-20.jpg","datePublished":"2018-07-28T03:45:40+00:00","dateModified":"2024-11-02T13:16:59+00:00","description":"Considera que para mejorar los resultados del aprendizaje, empecemos a ver c\u00f3mo mejorar el aprendizaje del alumno antes que mejorar...","breadcrumb":{"@id":"https:\/\/webdelmaestrocmf.com\/portal\/la-gestion-la-ensenanza-la-gestion-del-aprendizaje\/#breadcrumb"},"inLanguage":"es","potentialAction":[{"@type":"ReadAction","target":["https:\/\/webdelmaestrocmf.com\/portal\/la-gestion-la-ensenanza-la-gestion-del-aprendizaje\/"]}]},{"@type":"ImageObject","inLanguage":"es","@id":"https:\/\/webdelmaestrocmf.com\/portal\/la-gestion-la-ensenanza-la-gestion-del-aprendizaje\/#primaryimage","url":"https:\/\/webdelmaestrocmf.com\/portal\/wp-content\/uploads\/2018\/07\/Banner-1-portada-imagen-10-1-20.jpg","contentUrl":"https:\/\/webdelmaestrocmf.com\/portal\/wp-content\/uploads\/2018\/07\/Banner-1-portada-imagen-10-1-20.jpg","width":1024,"height":1024},{"@type":"BreadcrumbList","@id":"https:\/\/webdelmaestrocmf.com\/portal\/la-gestion-la-ensenanza-la-gestion-del-aprendizaje\/#breadcrumb","itemListElement":[{"@type":"ListItem","position":1,"name":"Portada","item":"https:\/\/webdelmaestrocmf.com\/portal\/"},{"@type":"ListItem","position":2,"name":"Noticias","item":"https:\/\/webdelmaestrocmf.com\/portal\/category\/noticias\/"},{"@type":"ListItem","position":3,"name":"Luis Bretel: De la gesti\u00f3n de la ense\u00f1anza a la gesti\u00f3n del aprendizaje"}]},{"@type":"WebSite","@id":"https:\/\/webdelmaestrocmf.com\/portal\/#website","url":"https:\/\/webdelmaestrocmf.com\/portal\/","name":"Web del Maestro CMF","description":"Maestros al servicio de la educaci\u00f3n","publisher":{"@id":"https:\/\/webdelmaestrocmf.com\/portal\/#organization"},"alternateName":"WMCMF","potentialAction":[{"@type":"SearchAction","target":{"@type":"EntryPoint","urlTemplate":"https:\/\/webdelmaestrocmf.com\/portal\/?s={search_term_string}"},"query-input":{"@type":"PropertyValueSpecification","valueRequired":true,"valueName":"search_term_string"}}],"inLanguage":"es"},{"@type":"Organization","@id":"https:\/\/webdelmaestrocmf.com\/portal\/#organization","name":"Web del Maestro CMF","alternateName":"WMCMF","url":"https:\/\/webdelmaestrocmf.com\/portal\/","logo":{"@type":"ImageObject","inLanguage":"es","@id":"https:\/\/webdelmaestrocmf.com\/portal\/#\/schema\/logo\/image\/","url":"https:\/\/webdelmaestrocmf.com\/portal\/wp-content\/uploads\/2023\/01\/logo-wmcmf-2.png","contentUrl":"https:\/\/webdelmaestrocmf.com\/portal\/wp-content\/uploads\/2023\/01\/logo-wmcmf-2.png","width":200,"height":60,"caption":"Web del Maestro CMF"},"image":{"@id":"https:\/\/webdelmaestrocmf.com\/portal\/#\/schema\/logo\/image\/"},"sameAs":["https:\/\/www.facebook.com\/WebdelMaestroCMF\/","https:\/\/x.com\/cmf_w","https:\/\/www.pinterest.com\/WMCMF\/","https:\/\/www.linkedin.com\/company\/web-del-maestro-cmf\/","https:\/\/www.instagram.com\/wmcmf\/","https:\/\/www.youtube.com\/channel\/UCDPSvjbdodE5sHnC3OxutHw","https:\/\/mastodon.social\/@wmcmf","https:\/\/www.tiktok.com\/@webdelmaestrocmf"]},{"@type":"Person","@id":"https:\/\/webdelmaestrocmf.com\/portal\/#\/schema\/person\/1072a2ed7bd960df8ef99a551fa35dc5","name":"Web del Maestro CMF","image":{"@type":"ImageObject","inLanguage":"es","@id":"https:\/\/secure.gravatar.com\/avatar\/23291dd5b5ae1077dcff3dbb04c3e02bd28403fa75af6d8787d5e97c5bbbe30b?s=96&d=mm&r=g","url":"https:\/\/secure.gravatar.com\/avatar\/23291dd5b5ae1077dcff3dbb04c3e02bd28403fa75af6d8787d5e97c5bbbe30b?s=96&d=mm&r=g","contentUrl":"https:\/\/secure.gravatar.com\/avatar\/23291dd5b5ae1077dcff3dbb04c3e02bd28403fa75af6d8787d5e97c5bbbe30b?s=96&d=mm&r=g","caption":"Web del Maestro CMF"},"description":"Esta Web se cre\u00f3 sin fines de lucro, con fines educativos, cient\u00edficos y acad\u00e9micos, para personas que tengan dificultades y\/o inconvenientes en visualizar el material original. El objetivo es entregar recursos, compartir experiencias y materiales que ayuden a los padres de familia, maestros y estudiantes en su actualizaci\u00f3n y formaci\u00f3n permanente, en bien de la Educaci\u00f3n.","sameAs":["http:\/\/webdelmaestrocmf.com\/portal","https:\/\/www.facebook.com\/WebdelMaestroCMF\/","https:\/\/www.instagram.com\/wmcmf\/","https:\/\/cl.linkedin.com\/company\/web-del-maestro-cmf","https:\/\/www.pinterest.com\/WMCMF\/publicaciones\/","https:\/\/x.com\/cmf_w","https:\/\/www.youtube.com\/@WMCMF"]}]}},"jetpack_featured_media_url":"https:\/\/webdelmaestrocmf.com\/portal\/wp-content\/uploads\/2018\/07\/Banner-1-portada-imagen-10-1-20.jpg","jetpack_sharing_enabled":true,"jetpack-related-posts":[{"id":33449,"url":"https:\/\/webdelmaestrocmf.com\/portal\/seis-propuestas-para-enganchar-a-los-estudiantes-con-su-aprendizaje\/","url_meta":{"origin":21994,"position":0},"title":"Luis Bretel: Seis propuestas para \u201cenganchar\u201d a los estudiantes con su aprendizaje","author":"Web del Maestro CMF","date":"29 noviembre, 2020","format":false,"excerpt":"El Profesor de Ciencias Sociales y Filosof\u00eda, Luis Bretel, es un \u201ceducador con amplia experiencia en la formulaci\u00f3n, implementaci\u00f3n y evaluaci\u00f3n de pol\u00edticas de Educaci\u00f3n, propuestas curriculares y metodol\u00f3gicas para la Educaci\u00f3n B\u00e1sica y la Educaci\u00f3n Superior, tanto universitaria como t\u00e9cnica. [...] Actualmente conduce el Instituto Internacional para una Educaci\u00f3n\u2026","rel":"","context":"En \u00abEntrevistas\u00bb","block_context":{"text":"Entrevistas","link":"https:\/\/webdelmaestrocmf.com\/portal\/category\/noticias\/entrevistas\/"},"img":{"alt_text":"","src":"https:\/\/i0.wp.com\/webdelmaestrocmf.com\/portal\/wp-content\/uploads\/2018\/11\/Captura-de-pantalla-2018-11-29-a-las-18.22.53.png?resize=350%2C200&ssl=1","width":350,"height":200,"srcset":"https:\/\/i0.wp.com\/webdelmaestrocmf.com\/portal\/wp-content\/uploads\/2018\/11\/Captura-de-pantalla-2018-11-29-a-las-18.22.53.png?resize=350%2C200&ssl=1 1x, https:\/\/i0.wp.com\/webdelmaestrocmf.com\/portal\/wp-content\/uploads\/2018\/11\/Captura-de-pantalla-2018-11-29-a-las-18.22.53.png?resize=525%2C300&ssl=1 1.5x, https:\/\/i0.wp.com\/webdelmaestrocmf.com\/portal\/wp-content\/uploads\/2018\/11\/Captura-de-pantalla-2018-11-29-a-las-18.22.53.png?resize=700%2C400&ssl=1 2x, https:\/\/i0.wp.com\/webdelmaestrocmf.com\/portal\/wp-content\/uploads\/2018\/11\/Captura-de-pantalla-2018-11-29-a-las-18.22.53.png?resize=1050%2C600&ssl=1 3x"},"classes":[]},{"id":45291,"url":"https:\/\/webdelmaestrocmf.com\/portal\/los-profesores-son-verdaderos-heroes-cotidianos\/","url_meta":{"origin":21994,"position":1},"title":"Sonia D\u00edez Abad: Los profesores son verdaderos h\u00e9roes cotidianos","author":"Web del Maestro CMF","date":"25 agosto, 2025","format":"video","excerpt":"Sonia D\u00edez Abad es de nacionalidad espa\u00f1ola y ha obtenido los t\u00edtulos de doctora en Ciencias Econ\u00f3micas y Empresariales y licenciada en Psicolog\u00eda y Ciencias de la Educaci\u00f3n. Ha escrito \u00a1Educaci\u00f3n! 10 acciones para el cambio que nuestros hijos merecen y necesitan (Deusto, Grupo Planeta), libro que invita a la\u2026","rel":"","context":"En \u00abCharlas\u00bb","block_context":{"text":"Charlas","link":"https:\/\/webdelmaestrocmf.com\/portal\/category\/charlas\/"},"img":{"alt_text":"","src":"https:\/\/i0.wp.com\/webdelmaestrocmf.com\/portal\/wp-content\/uploads\/2022\/03\/1A-Banner-1-portada-imagen-10-1-copia-16.webp?resize=350%2C200&ssl=1","width":350,"height":200,"srcset":"https:\/\/i0.wp.com\/webdelmaestrocmf.com\/portal\/wp-content\/uploads\/2022\/03\/1A-Banner-1-portada-imagen-10-1-copia-16.webp?resize=350%2C200&ssl=1 1x, https:\/\/i0.wp.com\/webdelmaestrocmf.com\/portal\/wp-content\/uploads\/2022\/03\/1A-Banner-1-portada-imagen-10-1-copia-16.webp?resize=525%2C300&ssl=1 1.5x, https:\/\/i0.wp.com\/webdelmaestrocmf.com\/portal\/wp-content\/uploads\/2022\/03\/1A-Banner-1-portada-imagen-10-1-copia-16.webp?resize=700%2C400&ssl=1 2x"},"classes":[]},{"id":99544,"url":"https:\/\/webdelmaestrocmf.com\/portal\/como-se-evaluan-las-competencias\/","url_meta":{"origin":21994,"position":2},"title":"\u00bfC\u00f3mo se eval\u00faan las competencias?","author":"Web del Maestro CMF","date":"8 noviembre, 2023","format":false,"excerpt":"Luis Bretel Bibus, un destacado educador con amplia experiencia en la formulaci\u00f3n, implementaci\u00f3n y evaluaci\u00f3n de pol\u00edticas educativas, propuestas curriculares y metodol\u00f3gicas para la Educaci\u00f3n B\u00e1sica y la Educaci\u00f3n Superior, nos sumerge en el apasionante mundo de la evaluaci\u00f3n de competencias en el \u00e1mbito educativo. En su incisiva exploraci\u00f3n, Bretel\u2026","rel":"","context":"En \u00abCompetencias\u00bb","block_context":{"text":"Competencias","link":"https:\/\/webdelmaestrocmf.com\/portal\/category\/pedagogia\/competencias\/"},"img":{"alt_text":"C\u00f3mo se eval\u00faan las competencias","src":"https:\/\/i0.wp.com\/webdelmaestrocmf.com\/portal\/wp-content\/uploads\/2023\/11\/A12B3C4D-21.jpg?resize=350%2C200&ssl=1","width":350,"height":200,"srcset":"https:\/\/i0.wp.com\/webdelmaestrocmf.com\/portal\/wp-content\/uploads\/2023\/11\/A12B3C4D-21.jpg?resize=350%2C200&ssl=1 1x, https:\/\/i0.wp.com\/webdelmaestrocmf.com\/portal\/wp-content\/uploads\/2023\/11\/A12B3C4D-21.jpg?resize=525%2C300&ssl=1 1.5x, https:\/\/i0.wp.com\/webdelmaestrocmf.com\/portal\/wp-content\/uploads\/2023\/11\/A12B3C4D-21.jpg?resize=700%2C400&ssl=1 2x"},"classes":[]},{"id":42684,"url":"https:\/\/webdelmaestrocmf.com\/portal\/luis-zuniga-diseno-y-uso-de-rubricas-para-evaluar-competencias-comunicativas-una-propuesta-desde-la-evaluacion-formativa-descarga-gratuita\/","url_meta":{"origin":21994,"position":3},"title":"[Luis Z\u00faniga] Dise\u00f1o y uso de r\u00fabricas para evaluar competencias comunicativas. Una propuesta desde la evaluaci\u00f3n formativa (Descarga gratuita)","author":"Web del Maestro CMF","date":"1 enero, 2020","format":false,"excerpt":"\u201cEn cualquier sistema educativo, la evaluaci\u00f3n constituye un elemento clave para los planteamientos de los procesos de ense\u00f1anza y aprendizaje, pues en funci\u00f3n de lo que se eval\u00faa y de c\u00f3mo se eval\u00faa, as\u00ed profesorado y alumnado (tambi\u00e9n familias y sociedad en general) deciden c\u00f3mo ense\u00f1ar y c\u00f3mo aprender. Y,\u2026","rel":"","context":"En \u00abZ-Colaboradores\u00bb","block_context":{"text":"Z-Colaboradores","link":"https:\/\/webdelmaestrocmf.com\/portal\/category\/colaborador\/"},"img":{"alt_text":"","src":"https:\/\/i0.wp.com\/webdelmaestrocmf.com\/portal\/wp-content\/uploads\/2019\/12\/3-4.jpg?resize=350%2C200&ssl=1","width":350,"height":200,"srcset":"https:\/\/i0.wp.com\/webdelmaestrocmf.com\/portal\/wp-content\/uploads\/2019\/12\/3-4.jpg?resize=350%2C200&ssl=1 1x, https:\/\/i0.wp.com\/webdelmaestrocmf.com\/portal\/wp-content\/uploads\/2019\/12\/3-4.jpg?resize=525%2C300&ssl=1 1.5x, https:\/\/i0.wp.com\/webdelmaestrocmf.com\/portal\/wp-content\/uploads\/2019\/12\/3-4.jpg?resize=700%2C400&ssl=1 2x, https:\/\/i0.wp.com\/webdelmaestrocmf.com\/portal\/wp-content\/uploads\/2019\/12\/3-4.jpg?resize=1050%2C600&ssl=1 3x"},"classes":[]},{"id":113345,"url":"https:\/\/webdelmaestrocmf.com\/portal\/descarga-el-aplicativo-en-excel-que-te-ayudara-a-planificar-organizar-y-gestionar-todo-el-ano-escolar-2026-de-forma-automatica-y-eficiente\/","url_meta":{"origin":21994,"position":4},"title":"Descarga el aplicativo en Excel que te ayudar\u00e1 a planificar, organizar y gestionar todo el a\u00f1o escolar 2026 de forma autom\u00e1tica y eficiente","author":"Web del Maestro CMF","date":"9 noviembre, 2025","format":false,"excerpt":"El aplicativo en Excel permite planificar, organizar y gestionar autom\u00e1ticamente el a\u00f1o escolar 2026, optimizando tiempo, feriados y semanas lectivas.","rel":"","context":"En \u00abDescarga\u00bb","block_context":{"text":"Descarga","link":"https:\/\/webdelmaestrocmf.com\/portal\/category\/descarga\/"},"img":{"alt_text":"","src":"https:\/\/i0.wp.com\/webdelmaestrocmf.com\/portal\/wp-content\/uploads\/2025\/11\/1A-Banner-1-portada-imagen-10-1-copia-1-1.jpg?resize=350%2C200&ssl=1","width":350,"height":200,"srcset":"https:\/\/i0.wp.com\/webdelmaestrocmf.com\/portal\/wp-content\/uploads\/2025\/11\/1A-Banner-1-portada-imagen-10-1-copia-1-1.jpg?resize=350%2C200&ssl=1 1x, https:\/\/i0.wp.com\/webdelmaestrocmf.com\/portal\/wp-content\/uploads\/2025\/11\/1A-Banner-1-portada-imagen-10-1-copia-1-1.jpg?resize=525%2C300&ssl=1 1.5x, https:\/\/i0.wp.com\/webdelmaestrocmf.com\/portal\/wp-content\/uploads\/2025\/11\/1A-Banner-1-portada-imagen-10-1-copia-1-1.jpg?resize=700%2C400&ssl=1 2x"},"classes":[]},{"id":103972,"url":"https:\/\/webdelmaestrocmf.com\/portal\/estas-son-las-13-cualidades-de-los-maestros-de-alto-impacto\/","url_meta":{"origin":21994,"position":5},"title":"Estas son las 13 cualidades de los Maestros de alto impacto","author":"Web del Maestro CMF","date":"17 febrero, 2024","format":false,"excerpt":"La docencia no es solo una profesi\u00f3n, es un arte. Un arte que requiere pasi\u00f3n, compromiso y una constante b\u00fasqueda de la excelencia. Un buen docente no solo imparte conocimientos, sino que inspira, motiva y transforma vidas. En este art\u00edculo, exploraremos las cualidades que definen a un docente excepcional, c\u00f3mo\u2026","rel":"","context":"En \u00abCualidades caracter\u00edsticas habilidades\u00bb","block_context":{"text":"Cualidades caracter\u00edsticas habilidades","link":"https:\/\/webdelmaestrocmf.com\/portal\/category\/pedagogia\/cualidades-caracteristicas-habilidades\/"},"img":{"alt_text":"","src":"https:\/\/i0.wp.com\/webdelmaestrocmf.com\/portal\/wp-content\/uploads\/2024\/02\/Banner-1-portada-imagen-10-1-5-2.jpg?resize=350%2C200&ssl=1","width":350,"height":200,"srcset":"https:\/\/i0.wp.com\/webdelmaestrocmf.com\/portal\/wp-content\/uploads\/2024\/02\/Banner-1-portada-imagen-10-1-5-2.jpg?resize=350%2C200&ssl=1 1x, https:\/\/i0.wp.com\/webdelmaestrocmf.com\/portal\/wp-content\/uploads\/2024\/02\/Banner-1-portada-imagen-10-1-5-2.jpg?resize=525%2C300&ssl=1 1.5x, https:\/\/i0.wp.com\/webdelmaestrocmf.com\/portal\/wp-content\/uploads\/2024\/02\/Banner-1-portada-imagen-10-1-5-2.jpg?resize=700%2C400&ssl=1 2x"},"classes":[]}],"_links":{"self":[{"href":"https:\/\/webdelmaestrocmf.com\/portal\/wp-json\/wp\/v2\/posts\/21994","targetHints":{"allow":["GET"]}}],"collection":[{"href":"https:\/\/webdelmaestrocmf.com\/portal\/wp-json\/wp\/v2\/posts"}],"about":[{"href":"https:\/\/webdelmaestrocmf.com\/portal\/wp-json\/wp\/v2\/types\/post"}],"author":[{"embeddable":true,"href":"https:\/\/webdelmaestrocmf.com\/portal\/wp-json\/wp\/v2\/users\/1"}],"replies":[{"embeddable":true,"href":"https:\/\/webdelmaestrocmf.com\/portal\/wp-json\/wp\/v2\/comments?post=21994"}],"version-history":[{"count":0,"href":"https:\/\/webdelmaestrocmf.com\/portal\/wp-json\/wp\/v2\/posts\/21994\/revisions"}],"wp:featuredmedia":[{"embeddable":true,"href":"https:\/\/webdelmaestrocmf.com\/portal\/wp-json\/wp\/v2\/media\/106820"}],"wp:attachment":[{"href":"https:\/\/webdelmaestrocmf.com\/portal\/wp-json\/wp\/v2\/media?parent=21994"}],"wp:term":[{"taxonomy":"category","embeddable":true,"href":"https:\/\/webdelmaestrocmf.com\/portal\/wp-json\/wp\/v2\/categories?post=21994"},{"taxonomy":"post_tag","embeddable":true,"href":"https:\/\/webdelmaestrocmf.com\/portal\/wp-json\/wp\/v2\/tags?post=21994"}],"curies":[{"name":"wp","href":"https:\/\/api.w.org\/{rel}","templated":true}]}}