{"id":21893,"date":"2019-09-12T00:02:09","date_gmt":"2019-09-12T03:02:09","guid":{"rendered":"http:\/\/webdelmaestrocmf.com\/portal\/?p=21893"},"modified":"2022-03-20T19:08:06","modified_gmt":"2022-03-20T22:08:06","slug":"agresor-descubrir-lo-reparar-dano-sentir-la-culpa-arrepentirse","status":"publish","type":"post","link":"https:\/\/webdelmaestrocmf.com\/portal\/agresor-descubrir-lo-reparar-dano-sentir-la-culpa-arrepentirse\/","title":{"rendered":"Mar\u00eda Jos\u00e9 Ru\u00edz: El agresor debe descubrir el por qu\u00e9 lo hace, reparar el da\u00f1o, sentir la culpa y arrepentirse"},"content":{"rendered":"<h5 style=\"text-align: justify;\">El acoso escolar es un tema que preocupa a millones de padres en todo el mundo. Nuestra <strong>comunidad educativa no est\u00e1 inmunizada<\/strong>, ni blindada. En cualquier escuela o fuera de ella, los estudiantes est\u00e1n <strong>expuestos a sufrir el acoso escolar<\/strong>, y los profesores debemos permanecer <strong>vigilantes <\/strong>ante cualquier se\u00f1al.<\/h5>\n<p style=\"text-align: justify;\">La Licenciada en Psicolog\u00eda, <strong>Mar\u00eda Jos\u00e9 Ru\u00edz Pastor<\/strong>, M\u00e1ster en Terapia de la conducta (UNED), experta en Gesti\u00f3n y Evaluaci\u00f3n de la Comunicaci\u00f3n (Universidad Rey Juan Carlos), especializada en familia y en cl\u00ednica con ni\u00f1os, adolescentes y adultos; respondi\u00f3 a algunas <strong>dudas sobre el acoso escolar<\/strong>, que han sido publicadas por la Plataforma GUIA INFANTIL, y que compartimos (cuatro de sus respuestas), con fines \u00fanicamente educativos \u2013 pastorales, esperando sirvan para motivar a la reflexi\u00f3n y al di\u00e1logo.<\/p>\n<p><!--more--><\/p>\n<h5 style=\"text-align: left;\"><strong>GU\u00cdA INFANTIL: \u201c\u00bfQU\u00c9 INDICIOS NOS HACEN SOSPECHAR QUE EXISTE ACOSO ESCOLAR?<\/strong><\/h5>\n<p style=\"text-align: justify;\"><strong>MAR\u00cdA JOS\u00c9 RU\u00cdZ PASTOR:<\/strong> En muchos ni\u00f1os lo que ves es un <strong>cambio de conducta<\/strong>. Los ni\u00f1os muchas veces <strong>no verbalizan<\/strong> los que les sucede, pero notamos problemas de sue\u00f1o, problemas con la comida, irritabilidad, depresi\u00f3n\u2026 En ni\u00f1os m\u00e1s mayores vemos que se <strong>a\u00edslan<\/strong> socialmente, que dejan de tener amigos, que en los recreos prefieren estar solos. Todo este tipo de conductas nos indican que <strong>algo va mal<\/strong> y es cuando tenemos que intervenir para ver qu\u00e9 est\u00e1 pasando. Lo ideal es <strong>hablar <\/strong>con \u00e9l, <strong>escucharle<\/strong> mucho y tambi\u00e9n debemos ir al colegio, <strong>hablar con el profesor<\/strong> y poner las medidas para aliviar ese sufrimiento en el ni\u00f1o.<\/p>\n<h5 style=\"text-align: left;\"><strong>GU\u00cdA INFANTIL: \u00bfC\u00d3MO CONSEGUIR QUE EL NI\u00d1O CUENTE LO QUE LE PASA?<\/strong><\/h5>\n<p style=\"text-align: justify;\"><strong>MAR\u00cdA JOS\u00c9 RU\u00cdZ PASTOR<\/strong>: Muchas veces los padres del ni\u00f1o acosado se enteran por otros padres o compa\u00f1eros de clase de su hijo que le avisan. En ese caso hay que ir a <strong>hablar con el profesor<\/strong>. El colegio en ese caso <strong>activa un protocolo<\/strong>: se observa al ni\u00f1o y se observa qu\u00e9 est\u00e1 ocurriendo. Si ven que un ni\u00f1o nunca puede jugar porque no le dejan\u2026ya hay que intervenir y trabajar para que todos se integren.<\/p>\n<h5 style=\"text-align: left;\"><strong>GU\u00cdA INFANTIL: \u00bfC\u00d3MO DEBEN REACCIONAR LOS PADRES DE HIJOS MALTRATADORES?<\/strong><\/h5>\n<p style=\"text-align: justify;\"><strong>MAR\u00cdA JOS\u00c9 RU\u00cdZ PASTOR<\/strong>: A veces es el colegio el que llama a los padres de un ni\u00f1o maltratador y ellos no lo saben.\u00a0 Muchas veces no es un ni\u00f1o que tenga un <strong>rendimiento<\/strong> bajo. Son ni\u00f1os muy <strong>populares<\/strong>, que tienen muchos amigos, muy <strong>buenas notas<\/strong> y en casa <strong>se portan<\/strong> muy bien, pero en el colegio, por lo que sea, se est\u00e1 metiendo con otro ni\u00f1o. Si nos dicen desde el colegio que nuestro hijo hace eso, aunque nos sorprenda, debemos <strong>aceptarlo, y hablar <\/strong>con nuestro hijo, a ver por qu\u00e9 tiene esa conducta, sin culpabilizarle directamente. Hay que buscar el <strong>por qu\u00e9<\/strong> lo hace. Y siempre tienen que <strong>reparar<\/strong> el da\u00f1o que han hecho. Tiene que sentir la culpa y <strong>arrepentirse<\/strong>.<\/p>\n<h5 style=\"text-align: left;\"><strong>GU\u00cdA INFANTIL: \u00bfHAY M\u00c1S ACOSO AHORA?<\/strong><\/h5>\n<p style=\"text-align: justify;\"><strong>MAR\u00cdA JOS\u00c9 RU\u00cdZ PASTOR<\/strong>: Siempre ha existido, pero antes se dec\u00eda \u2018es cosa de ni\u00f1os\u2019 y ahora somos <strong>m\u00e1s conscientes del da\u00f1o que hace<\/strong>: sabemos que los ni\u00f1os salen con la autoestima muy baja y que tiene un da\u00f1o psicol\u00f3gico en los ni\u00f1os\u201d.<\/p>\n<p style=\"text-align: justify;\">Una <strong>sociedad violenta<\/strong> es el \u201ccaldo de cultivo\u201d del acoso escolar. Nos basta leer los titulares, escuchar o ver los noticieros, revisar los video juegos, \u2026 y c\u00f3mo recalcan la violencia, la agresi\u00f3n, la brutalidad, el exceso, la crueldad, \u2026 Los educadores tenemos la tarea de <strong>educar para la no violencia<\/strong>. El mundo necesita \u201c<em>una sonrisa que da esperanza, mirar a los ojos, gestos de aprobaci\u00f3n o de paciencia, de tolerancia, <strong>gestos<\/strong>. Dejar las agresiones, el bulismo, el bullying, el bulismo es otra cosa, <strong>el bulismo es una agresi\u00f3n que esconde una profunda crueldad<\/strong> y el mundo es cruel. El mundo es cruel. Y las guerras son un monumento de crueldad\u201d<\/em>, les dijo el Papa Francisco a los estudiantes (30\/05\/2016). Puede ser de utilidad leer: <a href=\"http:\/\/webdelmaestrocmf.com\/portal\/la-empatia-del-docente-puede-reducir-problemas-disciplina-escolar\/\" target=\"_blank\" rel=\"noopener noreferrer\"><strong>LA EMPAT\u00cdA DOCENTE, PUEDE REDUCIR PROBLEMAS DE INDISCIPLINA ESCOLAR.<\/strong><\/a><\/p>\n<p style=\"text-align: justify;\">Para para erradicar cualquier \u201cforma de maltrato psicol\u00f3gico, verbal o f\u00edsico producido entre escolares de forma reiterada a lo largo de un tiempo determinado\u201d, dentro o fuera del local escolar, se necesita la plena conciencia de <strong>responsabilidad<\/strong> de los padres de familia, de los profesores, y de toda la sociedad, bajo la <strong>gu\u00eda capacitada y<\/strong> <strong>competente<\/strong> de los directores y la asociaci\u00f3n o junta de padres de familia. <em>\u201cEl \u00e9xito no se logra s\u00f3lo con cualidades especiales. Es sobre todo un trabajo de constancia, de m\u00e9todo y de organizaci\u00f3n\u201d<\/em> (V\u00edctor Hugo).<\/p>\n<p style=\"text-align: justify;\"><em>\u201cHemos aprendido a volar como los p\u00e1jaros, a nadar como los peces, pero no hemos aprendido el arte de vivir juntos, como hermanos\u201d<\/em> (Martin Luther King)<\/p>\n<p style=\"text-align: justify;\">Les recomendamos leer la entrevista completa en<a href=\"https:\/\/www.guiainfantil.com\/articulos\/educacion\/bullying\/10-preguntas-sobre-acoso-escolar-o-bullying\/\" target=\"_blank\" rel=\"noopener noreferrer\"><strong> 10 PREGUNTAS SOBRE ACOSO ESCOLAR O BULLYING.<\/strong><\/a><\/p>\n<p style=\"text-align: right;\"><strong>REDACCI\u00d3N WEB DEL MAESTRO CMF<\/strong><\/p>\n\t\t<div class=\"pk-inline-posts\">\n\t\t\t\n\t\t\t<div class=\"pk-inline-posts-container pk-inline-posts-template-list\"\n\t\t\t\tdata-columns=\"1\">\n\t\t\t\t\t\t<article id=\"post-118480\" class=\"post-118480 post type-post status-publish format-standard has-post-thumbnail category-entrevistas category-noticias tag-aprendizaje tag-autonomia-3 tag-desarrollo tag-docentes tag-educacion-2 tag-ensenanza-2 tag-escuela tag-infancia tag-juego tag-pedagogia-2 cs-entry cs-video-wrap\">\n\t\t\t<div class=\"pk-post-outer\">\n\n\t\t\t\t\t\t\t\t<div class=\"pk-post-inner\">\n\t\t\t\t\t<div class=\"entry-thumbnail\">\n\t\t\t\t\t\t<div class=\"pk-overlay pk-overlay-ratio pk-ratio-landscape\">\n\t\t\t\t\t\t\t<div class=\"pk-overlay-background\">\n\t\t\t\t\t\t\t\t<a href=\"https:\/\/webdelmaestrocmf.com\/portal\/francesco-tonucci-hoy-la-escuela-esta-asumiendo-un-error-fatal-que-es-hacer-mas-un-papel-de-ninera-que-de-estructura-educativa\/\" class=\"pk-overlay-link\">\n\t\t\t\t\t\t\t\t\t<img loading=\"lazy\" decoding=\"async\" width=\"300\" height=\"225\" src=\"https:\/\/webdelmaestrocmf.com\/portal\/wp-content\/uploads\/2026\/04\/1AA-Banner-1-portada-imagen-10-1-copia-2-9-300x225.webp\" class=\"attachment-pk-thumbnail size-pk-thumbnail wp-post-image\" alt=\"\" \/>\t\t\t\t\t\t\t\t<\/a>\n\t\t\t\t\t\t\t<\/div>\n\t\t\t\t\t\t<\/div>\n\t\t\t\t\t<\/div>\n\t\t\t\t<\/div>\n\t\t\t\t\n\t\t\t\t<div class=\"pk-post-inner\">\n\t\t\t\t\t<header>\n\t\t\t\t\t\t<h3 class=\"pk-title\"><a href=\"https:\/\/webdelmaestrocmf.com\/portal\/francesco-tonucci-hoy-la-escuela-esta-asumiendo-un-error-fatal-que-es-hacer-mas-un-papel-de-ninera-que-de-estructura-educativa\/\" rel=\"bookmark\">Francesco Tonucci: Hoy la escuela est\u00e1 asumiendo un error fatal que es hacer m\u00e1s un papel de ni\u00f1era que de estructura educativa<\/a><\/h3>\t\t\t\t\t<\/header><!-- .entry-header -->\n\t\t\t\t<\/div><!-- .post-inner -->\n\n\t\t\t<\/div><!-- .post-outer -->\n\t\t<\/article>\n\t\t\t\t<\/div>\n\t\t<\/div>\n\t\t\n","protected":false},"excerpt":{"rendered":"El acoso escolar es un tema que preocupa a millones de padres en todo el mundo. Nuestra comunidad&hellip;","protected":false},"author":2,"featured_media":75580,"comment_status":"open","ping_status":"open","sticky":false,"template":"","format":"standard","meta":{"csco_display_header_overlay":false,"csco_singular_sidebar":"disabled","csco_page_header_type":"standard","csco_page_load_nextpost":"default","csco_post_video_location":[],"csco_post_video_location_hash":"","csco_post_video_url":"","csco_post_video_bg_start_time":0,"csco_post_video_bg_end_time":0,"csco_post_video_bg_volume":false,"_jetpack_memberships_contains_paid_content":false,"footnotes":""},"categories":[48,47],"tags":[93,2733,2731,1895,2730,2734,2735,2732],"class_list":{"0":"post-21893","1":"post","2":"type-post","3":"status-publish","4":"format-standard","5":"has-post-thumbnail","7":"category-entrevistas","8":"category-noticias","9":"tag-acoso-escolar","10":"tag-existe","11":"tag-guia-infantil","12":"tag-hace","13":"tag-maria-jose-ruiz-pastor","14":"tag-reparar-el-dano","15":"tag-sentir-la-culpa","16":"tag-sospechar","17":"cs-entry","18":"cs-video-wrap"},"yoast_head":"<!-- This site is optimized with the Yoast SEO plugin v27.5 - https:\/\/yoast.com\/product\/yoast-seo-wordpress\/ -->\n<title>Mar\u00eda Jos\u00e9 Ru\u00edz: El agresor debe descubrir el por qu\u00e9 lo hace, reparar el da\u00f1o, sentir la culpa y arrepentirse<\/title>\n<meta name=\"description\" content=\"El acoso escolar es un tema que preocupa a millones de padres en todo el mundo. Nuestra comunidad educativa no est\u00e1 inmunizada...\" \/>\n<meta name=\"robots\" content=\"index, follow, max-snippet:-1, max-image-preview:large, max-video-preview:-1\" \/>\n<link rel=\"canonical\" href=\"https:\/\/webdelmaestrocmf.com\/portal\/agresor-descubrir-lo-reparar-dano-sentir-la-culpa-arrepentirse\/\" \/>\n<meta property=\"og:locale\" content=\"es_ES\" \/>\n<meta property=\"og:type\" content=\"article\" \/>\n<meta property=\"og:title\" content=\"Mar\u00eda Jos\u00e9 Ru\u00edz: El agresor debe descubrir el por qu\u00e9 lo hace, reparar el da\u00f1o, sentir la culpa y arrepentirse\" \/>\n<meta property=\"og:description\" content=\"El acoso escolar es un tema que preocupa a millones de padres en todo el mundo. Nuestra comunidad educativa no est\u00e1 inmunizada...\" \/>\n<meta property=\"og:url\" content=\"https:\/\/webdelmaestrocmf.com\/portal\/agresor-descubrir-lo-reparar-dano-sentir-la-culpa-arrepentirse\/\" \/>\n<meta property=\"og:site_name\" content=\"Web del Maestro CMF\" \/>\n<meta property=\"article:publisher\" content=\"https:\/\/www.facebook.com\/WebdelMaestroCMF\/\" \/>\n<meta property=\"article:author\" content=\"https:\/\/www.facebook.com\/WebdelMaestroCMF\/\" \/>\n<meta property=\"article:published_time\" content=\"2019-09-12T03:02:09+00:00\" \/>\n<meta property=\"article:modified_time\" content=\"2022-03-20T22:08:06+00:00\" \/>\n<meta property=\"og:image\" content=\"https:\/\/i0.wp.com\/webdelmaestrocmf.com\/portal\/wp-content\/uploads\/2019\/09\/1-130.jpg?fit=1100%2C680&ssl=1\" \/>\n\t<meta property=\"og:image:width\" content=\"1100\" \/>\n\t<meta property=\"og:image:height\" content=\"680\" \/>\n\t<meta property=\"og:image:type\" content=\"image\/jpeg\" \/>\n<meta name=\"author\" content=\"Web del Maestro CMF\" \/>\n<meta name=\"twitter:card\" content=\"summary_large_image\" \/>\n<meta name=\"twitter:creator\" content=\"@cmf_w\" \/>\n<meta name=\"twitter:site\" content=\"@cmf_w\" \/>\n<script type=\"application\/ld+json\" class=\"yoast-schema-graph\">{\"@context\":\"https:\\\/\\\/schema.org\",\"@graph\":[{\"@type\":\"ScholarlyArticle\",\"@id\":\"https:\\\/\\\/webdelmaestrocmf.com\\\/portal\\\/agresor-descubrir-lo-reparar-dano-sentir-la-culpa-arrepentirse\\\/#article\",\"isPartOf\":{\"@id\":\"https:\\\/\\\/webdelmaestrocmf.com\\\/portal\\\/agresor-descubrir-lo-reparar-dano-sentir-la-culpa-arrepentirse\\\/\"},\"author\":{\"name\":\"Web del Maestro CMF\",\"@id\":\"https:\\\/\\\/webdelmaestrocmf.com\\\/portal\\\/#\\\/schema\\\/person\\\/ebc57e23d318c9c4270c6f41367015b5\"},\"headline\":\"Mar\u00eda Jos\u00e9 Ru\u00edz: El agresor debe descubrir el por qu\u00e9 lo hace, reparar el da\u00f1o, sentir la culpa y arrepentirse\",\"datePublished\":\"2019-09-12T03:02:09+00:00\",\"dateModified\":\"2022-03-20T22:08:06+00:00\",\"mainEntityOfPage\":{\"@id\":\"https:\\\/\\\/webdelmaestrocmf.com\\\/portal\\\/agresor-descubrir-lo-reparar-dano-sentir-la-culpa-arrepentirse\\\/\"},\"wordCount\":878,\"commentCount\":5,\"publisher\":{\"@id\":\"https:\\\/\\\/webdelmaestrocmf.com\\\/portal\\\/#organization\"},\"image\":{\"@id\":\"https:\\\/\\\/webdelmaestrocmf.com\\\/portal\\\/agresor-descubrir-lo-reparar-dano-sentir-la-culpa-arrepentirse\\\/#primaryimage\"},\"thumbnailUrl\":\"https:\\\/\\\/webdelmaestrocmf.com\\\/portal\\\/wp-content\\\/uploads\\\/2019\\\/09\\\/1-130.jpg\",\"keywords\":[\"Acoso escolar\",\"EXISTE\",\"GU\u00cdA INFANTIL\",\"HACE\",\"Mar\u00eda Jos\u00e9 Ru\u00edz Pastor\",\"REPARAR EL DA\u00d1O\",\"SENTIR LA CULPA\",\"SOSPECHAR\"],\"articleSection\":[\"Entrevistas\",\"Noticias\"],\"inLanguage\":\"es\",\"potentialAction\":[{\"@type\":\"CommentAction\",\"name\":\"Comment\",\"target\":[\"https:\\\/\\\/webdelmaestrocmf.com\\\/portal\\\/agresor-descubrir-lo-reparar-dano-sentir-la-culpa-arrepentirse\\\/#respond\"]}]},{\"@type\":\"WebPage\",\"@id\":\"https:\\\/\\\/webdelmaestrocmf.com\\\/portal\\\/agresor-descubrir-lo-reparar-dano-sentir-la-culpa-arrepentirse\\\/\",\"url\":\"https:\\\/\\\/webdelmaestrocmf.com\\\/portal\\\/agresor-descubrir-lo-reparar-dano-sentir-la-culpa-arrepentirse\\\/\",\"name\":\"Mar\u00eda Jos\u00e9 Ru\u00edz: El agresor debe descubrir el por qu\u00e9 lo hace, reparar el da\u00f1o, sentir la culpa y arrepentirse\",\"isPartOf\":{\"@id\":\"https:\\\/\\\/webdelmaestrocmf.com\\\/portal\\\/#website\"},\"primaryImageOfPage\":{\"@id\":\"https:\\\/\\\/webdelmaestrocmf.com\\\/portal\\\/agresor-descubrir-lo-reparar-dano-sentir-la-culpa-arrepentirse\\\/#primaryimage\"},\"image\":{\"@id\":\"https:\\\/\\\/webdelmaestrocmf.com\\\/portal\\\/agresor-descubrir-lo-reparar-dano-sentir-la-culpa-arrepentirse\\\/#primaryimage\"},\"thumbnailUrl\":\"https:\\\/\\\/webdelmaestrocmf.com\\\/portal\\\/wp-content\\\/uploads\\\/2019\\\/09\\\/1-130.jpg\",\"datePublished\":\"2019-09-12T03:02:09+00:00\",\"dateModified\":\"2022-03-20T22:08:06+00:00\",\"description\":\"El acoso escolar es un tema que preocupa a millones de padres en todo el mundo. Nuestra comunidad educativa no est\u00e1 inmunizada...\",\"breadcrumb\":{\"@id\":\"https:\\\/\\\/webdelmaestrocmf.com\\\/portal\\\/agresor-descubrir-lo-reparar-dano-sentir-la-culpa-arrepentirse\\\/#breadcrumb\"},\"inLanguage\":\"es\",\"potentialAction\":[{\"@type\":\"ReadAction\",\"target\":[\"https:\\\/\\\/webdelmaestrocmf.com\\\/portal\\\/agresor-descubrir-lo-reparar-dano-sentir-la-culpa-arrepentirse\\\/\"]}]},{\"@type\":\"ImageObject\",\"inLanguage\":\"es\",\"@id\":\"https:\\\/\\\/webdelmaestrocmf.com\\\/portal\\\/agresor-descubrir-lo-reparar-dano-sentir-la-culpa-arrepentirse\\\/#primaryimage\",\"url\":\"https:\\\/\\\/webdelmaestrocmf.com\\\/portal\\\/wp-content\\\/uploads\\\/2019\\\/09\\\/1-130.jpg\",\"contentUrl\":\"https:\\\/\\\/webdelmaestrocmf.com\\\/portal\\\/wp-content\\\/uploads\\\/2019\\\/09\\\/1-130.jpg\",\"width\":1100,\"height\":680},{\"@type\":\"BreadcrumbList\",\"@id\":\"https:\\\/\\\/webdelmaestrocmf.com\\\/portal\\\/agresor-descubrir-lo-reparar-dano-sentir-la-culpa-arrepentirse\\\/#breadcrumb\",\"itemListElement\":[{\"@type\":\"ListItem\",\"position\":1,\"name\":\"Portada\",\"item\":\"https:\\\/\\\/webdelmaestrocmf.com\\\/portal\\\/\"},{\"@type\":\"ListItem\",\"position\":2,\"name\":\"Noticias\",\"item\":\"https:\\\/\\\/webdelmaestrocmf.com\\\/portal\\\/category\\\/noticias\\\/\"},{\"@type\":\"ListItem\",\"position\":3,\"name\":\"Mar\u00eda Jos\u00e9 Ru\u00edz: El agresor debe descubrir el por qu\u00e9 lo hace, reparar el da\u00f1o, sentir la culpa y arrepentirse\"}]},{\"@type\":\"WebSite\",\"@id\":\"https:\\\/\\\/webdelmaestrocmf.com\\\/portal\\\/#website\",\"url\":\"https:\\\/\\\/webdelmaestrocmf.com\\\/portal\\\/\",\"name\":\"Web del Maestro CMF\",\"description\":\"Maestros al servicio de la educaci\u00f3n\",\"publisher\":{\"@id\":\"https:\\\/\\\/webdelmaestrocmf.com\\\/portal\\\/#organization\"},\"alternateName\":\"WMCMF\",\"potentialAction\":[{\"@type\":\"SearchAction\",\"target\":{\"@type\":\"EntryPoint\",\"urlTemplate\":\"https:\\\/\\\/webdelmaestrocmf.com\\\/portal\\\/?s={search_term_string}\"},\"query-input\":{\"@type\":\"PropertyValueSpecification\",\"valueRequired\":true,\"valueName\":\"search_term_string\"}}],\"inLanguage\":\"es\"},{\"@type\":\"Organization\",\"@id\":\"https:\\\/\\\/webdelmaestrocmf.com\\\/portal\\\/#organization\",\"name\":\"Web del Maestro CMF\",\"alternateName\":\"WMCMF\",\"url\":\"https:\\\/\\\/webdelmaestrocmf.com\\\/portal\\\/\",\"logo\":{\"@type\":\"ImageObject\",\"inLanguage\":\"es\",\"@id\":\"https:\\\/\\\/webdelmaestrocmf.com\\\/portal\\\/#\\\/schema\\\/logo\\\/image\\\/\",\"url\":\"https:\\\/\\\/webdelmaestrocmf.com\\\/portal\\\/wp-content\\\/uploads\\\/2023\\\/01\\\/logo-wmcmf-2.png\",\"contentUrl\":\"https:\\\/\\\/webdelmaestrocmf.com\\\/portal\\\/wp-content\\\/uploads\\\/2023\\\/01\\\/logo-wmcmf-2.png\",\"width\":200,\"height\":60,\"caption\":\"Web del Maestro CMF\"},\"image\":{\"@id\":\"https:\\\/\\\/webdelmaestrocmf.com\\\/portal\\\/#\\\/schema\\\/logo\\\/image\\\/\"},\"sameAs\":[\"https:\\\/\\\/www.facebook.com\\\/WebdelMaestroCMF\\\/\",\"https:\\\/\\\/x.com\\\/cmf_w\",\"https:\\\/\\\/www.pinterest.com\\\/WMCMF\\\/\",\"https:\\\/\\\/www.linkedin.com\\\/company\\\/web-del-maestro-cmf\\\/\",\"https:\\\/\\\/www.instagram.com\\\/wmcmf\\\/\",\"https:\\\/\\\/www.youtube.com\\\/channel\\\/UCDPSvjbdodE5sHnC3OxutHw\",\"https:\\\/\\\/mastodon.social\\\/@wmcmf\",\"https:\\\/\\\/www.tiktok.com\\\/@webdelmaestrocmf\"]},{\"@type\":\"Person\",\"@id\":\"https:\\\/\\\/webdelmaestrocmf.com\\\/portal\\\/#\\\/schema\\\/person\\\/ebc57e23d318c9c4270c6f41367015b5\",\"name\":\"Web del Maestro CMF\",\"image\":{\"@type\":\"ImageObject\",\"inLanguage\":\"es\",\"@id\":\"https:\\\/\\\/secure.gravatar.com\\\/avatar\\\/718b2df46e711f63dc8c16a160d16cc0104e961fe3c231eaaed2426975fc5e2d?s=96&d=mm&r=g\",\"url\":\"https:\\\/\\\/secure.gravatar.com\\\/avatar\\\/718b2df46e711f63dc8c16a160d16cc0104e961fe3c231eaaed2426975fc5e2d?s=96&d=mm&r=g\",\"contentUrl\":\"https:\\\/\\\/secure.gravatar.com\\\/avatar\\\/718b2df46e711f63dc8c16a160d16cc0104e961fe3c231eaaed2426975fc5e2d?s=96&d=mm&r=g\",\"caption\":\"Web del Maestro CMF\"},\"description\":\"Esta Web se cre\u00f3 sin fines de lucro, con fines educativos, cient\u00edficos y acad\u00e9micos, para personas que tengan dificultades y\\\/o inconvenientes en visualizar el material original. El objetivo es entregar recursos, compartir experiencias y materiales que ayuden a los padres de familia, maestros y estudiantes en su actualizaci\u00f3n y formaci\u00f3n permanente, en bien de la Educaci\u00f3n.\",\"sameAs\":[\"http:\\\/\\\/webdelmaestrocmf.com\\\/portal\",\"https:\\\/\\\/www.facebook.com\\\/WebdelMaestroCMF\\\/\",\"https:\\\/\\\/www.instagram.com\\\/wmcmf\\\/\",\"https:\\\/\\\/cl.linkedin.com\\\/company\\\/web-del-maestro-cmf\",\"https:\\\/\\\/www.pinterest.com\\\/WMCMF\\\/publicaciones\\\/\",\"https:\\\/\\\/x.com\\\/cmf_w\",\"https:\\\/\\\/www.youtube.com\\\/@WMCMF\"]}]}<\/script>\n<!-- \/ Yoast SEO plugin. -->","yoast_head_json":{"title":"Mar\u00eda Jos\u00e9 Ru\u00edz: El agresor debe descubrir el por qu\u00e9 lo hace, reparar el da\u00f1o, sentir la culpa y arrepentirse","description":"El acoso escolar es un tema que preocupa a millones de padres en todo el mundo. Nuestra comunidad educativa no est\u00e1 inmunizada...","robots":{"index":"index","follow":"follow","max-snippet":"max-snippet:-1","max-image-preview":"max-image-preview:large","max-video-preview":"max-video-preview:-1"},"canonical":"https:\/\/webdelmaestrocmf.com\/portal\/agresor-descubrir-lo-reparar-dano-sentir-la-culpa-arrepentirse\/","og_locale":"es_ES","og_type":"article","og_title":"Mar\u00eda Jos\u00e9 Ru\u00edz: El agresor debe descubrir el por qu\u00e9 lo hace, reparar el da\u00f1o, sentir la culpa y arrepentirse","og_description":"El acoso escolar es un tema que preocupa a millones de padres en todo el mundo. Nuestra comunidad educativa no est\u00e1 inmunizada...","og_url":"https:\/\/webdelmaestrocmf.com\/portal\/agresor-descubrir-lo-reparar-dano-sentir-la-culpa-arrepentirse\/","og_site_name":"Web del Maestro CMF","article_publisher":"https:\/\/www.facebook.com\/WebdelMaestroCMF\/","article_author":"https:\/\/www.facebook.com\/WebdelMaestroCMF\/","article_published_time":"2019-09-12T03:02:09+00:00","article_modified_time":"2022-03-20T22:08:06+00:00","og_image":[{"width":1100,"height":680,"url":"https:\/\/i0.wp.com\/webdelmaestrocmf.com\/portal\/wp-content\/uploads\/2019\/09\/1-130.jpg?fit=1100%2C680&ssl=1","type":"image\/jpeg"}],"author":"Web del Maestro CMF","twitter_card":"summary_large_image","twitter_creator":"@cmf_w","twitter_site":"@cmf_w","schema":{"@context":"https:\/\/schema.org","@graph":[{"@type":"ScholarlyArticle","@id":"https:\/\/webdelmaestrocmf.com\/portal\/agresor-descubrir-lo-reparar-dano-sentir-la-culpa-arrepentirse\/#article","isPartOf":{"@id":"https:\/\/webdelmaestrocmf.com\/portal\/agresor-descubrir-lo-reparar-dano-sentir-la-culpa-arrepentirse\/"},"author":{"name":"Web del Maestro CMF","@id":"https:\/\/webdelmaestrocmf.com\/portal\/#\/schema\/person\/ebc57e23d318c9c4270c6f41367015b5"},"headline":"Mar\u00eda Jos\u00e9 Ru\u00edz: El agresor debe descubrir el por qu\u00e9 lo hace, reparar el da\u00f1o, sentir la culpa y arrepentirse","datePublished":"2019-09-12T03:02:09+00:00","dateModified":"2022-03-20T22:08:06+00:00","mainEntityOfPage":{"@id":"https:\/\/webdelmaestrocmf.com\/portal\/agresor-descubrir-lo-reparar-dano-sentir-la-culpa-arrepentirse\/"},"wordCount":878,"commentCount":5,"publisher":{"@id":"https:\/\/webdelmaestrocmf.com\/portal\/#organization"},"image":{"@id":"https:\/\/webdelmaestrocmf.com\/portal\/agresor-descubrir-lo-reparar-dano-sentir-la-culpa-arrepentirse\/#primaryimage"},"thumbnailUrl":"https:\/\/webdelmaestrocmf.com\/portal\/wp-content\/uploads\/2019\/09\/1-130.jpg","keywords":["Acoso escolar","EXISTE","GU\u00cdA INFANTIL","HACE","Mar\u00eda Jos\u00e9 Ru\u00edz Pastor","REPARAR EL DA\u00d1O","SENTIR LA CULPA","SOSPECHAR"],"articleSection":["Entrevistas","Noticias"],"inLanguage":"es","potentialAction":[{"@type":"CommentAction","name":"Comment","target":["https:\/\/webdelmaestrocmf.com\/portal\/agresor-descubrir-lo-reparar-dano-sentir-la-culpa-arrepentirse\/#respond"]}]},{"@type":"WebPage","@id":"https:\/\/webdelmaestrocmf.com\/portal\/agresor-descubrir-lo-reparar-dano-sentir-la-culpa-arrepentirse\/","url":"https:\/\/webdelmaestrocmf.com\/portal\/agresor-descubrir-lo-reparar-dano-sentir-la-culpa-arrepentirse\/","name":"Mar\u00eda Jos\u00e9 Ru\u00edz: El agresor debe descubrir el por qu\u00e9 lo hace, reparar el da\u00f1o, sentir la culpa y arrepentirse","isPartOf":{"@id":"https:\/\/webdelmaestrocmf.com\/portal\/#website"},"primaryImageOfPage":{"@id":"https:\/\/webdelmaestrocmf.com\/portal\/agresor-descubrir-lo-reparar-dano-sentir-la-culpa-arrepentirse\/#primaryimage"},"image":{"@id":"https:\/\/webdelmaestrocmf.com\/portal\/agresor-descubrir-lo-reparar-dano-sentir-la-culpa-arrepentirse\/#primaryimage"},"thumbnailUrl":"https:\/\/webdelmaestrocmf.com\/portal\/wp-content\/uploads\/2019\/09\/1-130.jpg","datePublished":"2019-09-12T03:02:09+00:00","dateModified":"2022-03-20T22:08:06+00:00","description":"El acoso escolar es un tema que preocupa a millones de padres en todo el mundo. Nuestra comunidad educativa no est\u00e1 inmunizada...","breadcrumb":{"@id":"https:\/\/webdelmaestrocmf.com\/portal\/agresor-descubrir-lo-reparar-dano-sentir-la-culpa-arrepentirse\/#breadcrumb"},"inLanguage":"es","potentialAction":[{"@type":"ReadAction","target":["https:\/\/webdelmaestrocmf.com\/portal\/agresor-descubrir-lo-reparar-dano-sentir-la-culpa-arrepentirse\/"]}]},{"@type":"ImageObject","inLanguage":"es","@id":"https:\/\/webdelmaestrocmf.com\/portal\/agresor-descubrir-lo-reparar-dano-sentir-la-culpa-arrepentirse\/#primaryimage","url":"https:\/\/webdelmaestrocmf.com\/portal\/wp-content\/uploads\/2019\/09\/1-130.jpg","contentUrl":"https:\/\/webdelmaestrocmf.com\/portal\/wp-content\/uploads\/2019\/09\/1-130.jpg","width":1100,"height":680},{"@type":"BreadcrumbList","@id":"https:\/\/webdelmaestrocmf.com\/portal\/agresor-descubrir-lo-reparar-dano-sentir-la-culpa-arrepentirse\/#breadcrumb","itemListElement":[{"@type":"ListItem","position":1,"name":"Portada","item":"https:\/\/webdelmaestrocmf.com\/portal\/"},{"@type":"ListItem","position":2,"name":"Noticias","item":"https:\/\/webdelmaestrocmf.com\/portal\/category\/noticias\/"},{"@type":"ListItem","position":3,"name":"Mar\u00eda Jos\u00e9 Ru\u00edz: El agresor debe descubrir el por qu\u00e9 lo hace, reparar el da\u00f1o, sentir la culpa y arrepentirse"}]},{"@type":"WebSite","@id":"https:\/\/webdelmaestrocmf.com\/portal\/#website","url":"https:\/\/webdelmaestrocmf.com\/portal\/","name":"Web del Maestro CMF","description":"Maestros al servicio de la educaci\u00f3n","publisher":{"@id":"https:\/\/webdelmaestrocmf.com\/portal\/#organization"},"alternateName":"WMCMF","potentialAction":[{"@type":"SearchAction","target":{"@type":"EntryPoint","urlTemplate":"https:\/\/webdelmaestrocmf.com\/portal\/?s={search_term_string}"},"query-input":{"@type":"PropertyValueSpecification","valueRequired":true,"valueName":"search_term_string"}}],"inLanguage":"es"},{"@type":"Organization","@id":"https:\/\/webdelmaestrocmf.com\/portal\/#organization","name":"Web del Maestro CMF","alternateName":"WMCMF","url":"https:\/\/webdelmaestrocmf.com\/portal\/","logo":{"@type":"ImageObject","inLanguage":"es","@id":"https:\/\/webdelmaestrocmf.com\/portal\/#\/schema\/logo\/image\/","url":"https:\/\/webdelmaestrocmf.com\/portal\/wp-content\/uploads\/2023\/01\/logo-wmcmf-2.png","contentUrl":"https:\/\/webdelmaestrocmf.com\/portal\/wp-content\/uploads\/2023\/01\/logo-wmcmf-2.png","width":200,"height":60,"caption":"Web del Maestro CMF"},"image":{"@id":"https:\/\/webdelmaestrocmf.com\/portal\/#\/schema\/logo\/image\/"},"sameAs":["https:\/\/www.facebook.com\/WebdelMaestroCMF\/","https:\/\/x.com\/cmf_w","https:\/\/www.pinterest.com\/WMCMF\/","https:\/\/www.linkedin.com\/company\/web-del-maestro-cmf\/","https:\/\/www.instagram.com\/wmcmf\/","https:\/\/www.youtube.com\/channel\/UCDPSvjbdodE5sHnC3OxutHw","https:\/\/mastodon.social\/@wmcmf","https:\/\/www.tiktok.com\/@webdelmaestrocmf"]},{"@type":"Person","@id":"https:\/\/webdelmaestrocmf.com\/portal\/#\/schema\/person\/ebc57e23d318c9c4270c6f41367015b5","name":"Web del Maestro CMF","image":{"@type":"ImageObject","inLanguage":"es","@id":"https:\/\/secure.gravatar.com\/avatar\/718b2df46e711f63dc8c16a160d16cc0104e961fe3c231eaaed2426975fc5e2d?s=96&d=mm&r=g","url":"https:\/\/secure.gravatar.com\/avatar\/718b2df46e711f63dc8c16a160d16cc0104e961fe3c231eaaed2426975fc5e2d?s=96&d=mm&r=g","contentUrl":"https:\/\/secure.gravatar.com\/avatar\/718b2df46e711f63dc8c16a160d16cc0104e961fe3c231eaaed2426975fc5e2d?s=96&d=mm&r=g","caption":"Web del Maestro CMF"},"description":"Esta Web se cre\u00f3 sin fines de lucro, con fines educativos, cient\u00edficos y acad\u00e9micos, para personas que tengan dificultades y\/o inconvenientes en visualizar el material original. El objetivo es entregar recursos, compartir experiencias y materiales que ayuden a los padres de familia, maestros y estudiantes en su actualizaci\u00f3n y formaci\u00f3n permanente, en bien de la Educaci\u00f3n.","sameAs":["http:\/\/webdelmaestrocmf.com\/portal","https:\/\/www.facebook.com\/WebdelMaestroCMF\/","https:\/\/www.instagram.com\/wmcmf\/","https:\/\/cl.linkedin.com\/company\/web-del-maestro-cmf","https:\/\/www.pinterest.com\/WMCMF\/publicaciones\/","https:\/\/x.com\/cmf_w","https:\/\/www.youtube.com\/@WMCMF"]}]}},"jetpack_featured_media_url":"https:\/\/webdelmaestrocmf.com\/portal\/wp-content\/uploads\/2019\/09\/1-130.jpg","jetpack_sharing_enabled":true,"jetpack-related-posts":[{"id":91613,"url":"https:\/\/webdelmaestrocmf.com\/portal\/unicef-guia-para-prevenir-el-acoso-escolar-descarga-gratuita\/","url_meta":{"origin":21893,"position":0},"title":"UNICEF: Gu\u00eda para prevenir el acoso escolar (Descarga gratuita)","author":"Web del Maestro CMF","date":"8 agosto, 2023","format":false,"excerpt":"Seg\u00fan la UNESCO uno de cada 4 estudiantes \u201ces v\u00edctima de agresiones y un 12 % recibe acoso a trav\u00e9s de las redes sociales\u201d y \u201cuno de cada tres ni\u00f1os es v\u00edctima de intimidaci\u00f3n escolar\u201d. Y gracias a los estudios, la evidencia cient\u00edfica ha sugerido a lo largo de los\u2026","rel":"","context":"En \u00abBullying acoso\u00bb","block_context":{"text":"Bullying acoso","link":"https:\/\/webdelmaestrocmf.com\/portal\/category\/pedagogia\/bullying-acoso\/"},"img":{"alt_text":"","src":"https:\/\/i0.wp.com\/webdelmaestrocmf.com\/portal\/wp-content\/uploads\/2023\/08\/A12B3C4D-5.jpg?resize=350%2C200&ssl=1","width":350,"height":200,"srcset":"https:\/\/i0.wp.com\/webdelmaestrocmf.com\/portal\/wp-content\/uploads\/2023\/08\/A12B3C4D-5.jpg?resize=350%2C200&ssl=1 1x, https:\/\/i0.wp.com\/webdelmaestrocmf.com\/portal\/wp-content\/uploads\/2023\/08\/A12B3C4D-5.jpg?resize=525%2C300&ssl=1 1.5x, https:\/\/i0.wp.com\/webdelmaestrocmf.com\/portal\/wp-content\/uploads\/2023\/08\/A12B3C4D-5.jpg?resize=700%2C400&ssl=1 2x"},"classes":[]},{"id":81692,"url":"https:\/\/webdelmaestrocmf.com\/portal\/el-estudiante-que-hace-bullying-puede-generar-que-los-otros-lo-vean-como-un-lider\/","url_meta":{"origin":21893,"position":1},"title":"El estudiante que hace bullying puede generar que los otros lo vean como un l\u00edder","author":"Web del Maestro CMF","date":"12 diciembre, 2022","format":false,"excerpt":"El Magister en Psicolog\u00eda Cl\u00ednica, Especialista en Evaluaci\u00f3n Cl\u00ednica y Tratamiento de trastornos Emocionales y Afectivos de la Fundaci\u00f3n Universitaria Konrad Lorenz, \u00d3scar Mauricio Monta\u00f1o, es profesor en las facultades de Psicolog\u00eda y Odontolog\u00eda de la Pontifica Universidad Javeriana (Colombia). Ha trabajado en grupos terap\u00e9uticos, padres de familia, docentes y\u2026","rel":"","context":"En \u00abYo opino - WMCMF\u00bb","block_context":{"text":"Yo opino - WMCMF","link":"https:\/\/webdelmaestrocmf.com\/portal\/category\/jamb\/"},"img":{"alt_text":"","src":"https:\/\/i0.wp.com\/webdelmaestrocmf.com\/portal\/wp-content\/uploads\/2022\/12\/1-12.jpg?resize=350%2C200&ssl=1","width":350,"height":200,"srcset":"https:\/\/i0.wp.com\/webdelmaestrocmf.com\/portal\/wp-content\/uploads\/2022\/12\/1-12.jpg?resize=350%2C200&ssl=1 1x, https:\/\/i0.wp.com\/webdelmaestrocmf.com\/portal\/wp-content\/uploads\/2022\/12\/1-12.jpg?resize=525%2C300&ssl=1 1.5x, https:\/\/i0.wp.com\/webdelmaestrocmf.com\/portal\/wp-content\/uploads\/2022\/12\/1-12.jpg?resize=700%2C400&ssl=1 2x"},"classes":[]},{"id":27211,"url":"https:\/\/webdelmaestrocmf.com\/portal\/se-necesita-poner-mas-recursos-para-la-prevencion-del-acoso-escolar-una-planificacion-mas-sistematica-de-como-evitar-la-situacion\/","url_meta":{"origin":21893,"position":2},"title":"Se necesita poner m\u00e1s recursos para la prevenci\u00f3n del acoso escolar, una planificaci\u00f3n m\u00e1s sistem\u00e1tica de c\u00f3mo evitar la situaci\u00f3n","author":"Web del Maestro CMF","date":"12 abril, 2018","format":"video","excerpt":"La Doctora en Ciencias de la Educaci\u00f3n, Tiina M\u00e4kel\u00e4, de nacionalidad finlandesa, nos traer\u00e1 inmediatamente las referencias de las pruebas PISA (de hace ya algunos a\u00f1os), es la coordinadora de KiVa del Instituto Escalae, que desarrolla proyectos relacionados a los ambientes de aprendizaje, la tecnolog\u00eda, la globalizaci\u00f3n y la contextualizaci\u00f3n\u2026","rel":"","context":"En \u00abCharlas\u00bb","block_context":{"text":"Charlas","link":"https:\/\/webdelmaestrocmf.com\/portal\/category\/charlas\/"},"img":{"alt_text":"","src":"https:\/\/i0.wp.com\/webdelmaestrocmf.com\/portal\/wp-content\/uploads\/2018\/04\/Tinna.jpg?resize=350%2C200&ssl=1","width":350,"height":200,"srcset":"https:\/\/i0.wp.com\/webdelmaestrocmf.com\/portal\/wp-content\/uploads\/2018\/04\/Tinna.jpg?resize=350%2C200&ssl=1 1x, https:\/\/i0.wp.com\/webdelmaestrocmf.com\/portal\/wp-content\/uploads\/2018\/04\/Tinna.jpg?resize=525%2C300&ssl=1 1.5x, https:\/\/i0.wp.com\/webdelmaestrocmf.com\/portal\/wp-content\/uploads\/2018\/04\/Tinna.jpg?resize=700%2C400&ssl=1 2x, https:\/\/i0.wp.com\/webdelmaestrocmf.com\/portal\/wp-content\/uploads\/2018\/04\/Tinna.jpg?resize=1050%2C600&ssl=1 3x"},"classes":[]},{"id":103344,"url":"https:\/\/webdelmaestrocmf.com\/portal\/acoso-y-ciberacoso-escolar-aprender-y-mejorar\/","url_meta":{"origin":21893,"position":3},"title":"Acoso y ciberacoso escolar: aprender y mejorar","author":"Web del Maestro CMF","date":"1 febrero, 2024","format":false,"excerpt":"Seg\u00fan la Organizaci\u00f3n Mundial de la Salud (OMS), Espa\u00f1a es uno de los pa\u00edses europeos con m\u00e1s incidencia de acoso escolar, y que contrasta con la percepci\u00f3n que los alumnos tienen de lo que ocurre en su entorno, que 7 de cada 10 ni\u00f1os sufren a diario alg\u00fan tipo de\u2026","rel":"","context":"En \u00abYo opino - WMCMF\u00bb","block_context":{"text":"Yo opino - WMCMF","link":"https:\/\/webdelmaestrocmf.com\/portal\/category\/jamb\/"},"img":{"alt_text":"Acoso escolar","src":"https:\/\/i0.wp.com\/webdelmaestrocmf.com\/portal\/wp-content\/uploads\/2024\/02\/Acoso-escolar.jpg?resize=350%2C200&ssl=1","width":350,"height":200,"srcset":"https:\/\/i0.wp.com\/webdelmaestrocmf.com\/portal\/wp-content\/uploads\/2024\/02\/Acoso-escolar.jpg?resize=350%2C200&ssl=1 1x, https:\/\/i0.wp.com\/webdelmaestrocmf.com\/portal\/wp-content\/uploads\/2024\/02\/Acoso-escolar.jpg?resize=525%2C300&ssl=1 1.5x, https:\/\/i0.wp.com\/webdelmaestrocmf.com\/portal\/wp-content\/uploads\/2024\/02\/Acoso-escolar.jpg?resize=700%2C400&ssl=1 2x"},"classes":[]},{"id":33798,"url":"https:\/\/webdelmaestrocmf.com\/portal\/acoso-escolar-si-lo-que-sabemos-y-tenemos-no-funciona-busquemos-nuevos-itinerarios-educativos\/","url_meta":{"origin":21893,"position":4},"title":"Acoso escolar: si lo que sabemos y tenemos \u201cno funciona\u201d, busquemos nuevos itinerarios educativos","author":"Web del Maestro CMF","date":"11 diciembre, 2018","format":false,"excerpt":"El desterrar el acoso escolar o bullying o \u201cbulismo\u201d (anglicanismo que hace unos a\u00f1os se est\u00e1 usando) como una intimidaci\u00f3n, es una tarea de todos, m\u00e1s a\u00fan cuando en los \u00faltimos tiempos se ha agravado con el abuso y el ocultamiento de la identidad, que permiten las redes y el\u2026","rel":"","context":"En \u00abINTER\u00c9S\u00bb","block_context":{"text":"INTER\u00c9S","link":"https:\/\/webdelmaestrocmf.com\/portal\/category\/noticias-educacion\/"},"img":{"alt_text":"","src":"https:\/\/i0.wp.com\/webdelmaestrocmf.com\/portal\/wp-content\/uploads\/2018\/12\/1-25.jpg?resize=350%2C200&ssl=1","width":350,"height":200,"srcset":"https:\/\/i0.wp.com\/webdelmaestrocmf.com\/portal\/wp-content\/uploads\/2018\/12\/1-25.jpg?resize=350%2C200&ssl=1 1x, https:\/\/i0.wp.com\/webdelmaestrocmf.com\/portal\/wp-content\/uploads\/2018\/12\/1-25.jpg?resize=525%2C300&ssl=1 1.5x, https:\/\/i0.wp.com\/webdelmaestrocmf.com\/portal\/wp-content\/uploads\/2018\/12\/1-25.jpg?resize=700%2C400&ssl=1 2x, https:\/\/i0.wp.com\/webdelmaestrocmf.com\/portal\/wp-content\/uploads\/2018\/12\/1-25.jpg?resize=1050%2C600&ssl=1 3x"},"classes":[]},{"id":8854,"url":"https:\/\/webdelmaestrocmf.com\/portal\/me-di-por-vencido-la-estremecedora-carta-de-un-nino-antes-de-suicidarse-por-bullying\/","url_meta":{"origin":21893,"position":5},"title":"\u00abMe di por vencido\u00bb: Carta de un ni\u00f1o antes de suicidarse por bullying","author":"Web del Maestro CMF","date":"12 julio, 2019","format":false,"excerpt":"El tr\u00e1gico caso de Daniel Fitzpatrick, un ni\u00f1o de 13 a\u00f1os que se quit\u00f3 la vida debido al acoso escolar que sufri\u00f3, pone de manifiesto la cruda realidad del bullying y la necesidad de abordar este tema de manera seria y efectiva. El acoso escolar es un problema que afecta\u2026","rel":"","context":"En \u00abBullying acoso\u00bb","block_context":{"text":"Bullying acoso","link":"https:\/\/webdelmaestrocmf.com\/portal\/category\/pedagogia\/bullying-acoso\/"},"img":{"alt_text":"","src":"https:\/\/i0.wp.com\/webdelmaestrocmf.com\/portal\/wp-content\/uploads\/2019\/07\/A12B3C4D-7.jpg?resize=350%2C200&ssl=1","width":350,"height":200,"srcset":"https:\/\/i0.wp.com\/webdelmaestrocmf.com\/portal\/wp-content\/uploads\/2019\/07\/A12B3C4D-7.jpg?resize=350%2C200&ssl=1 1x, https:\/\/i0.wp.com\/webdelmaestrocmf.com\/portal\/wp-content\/uploads\/2019\/07\/A12B3C4D-7.jpg?resize=525%2C300&ssl=1 1.5x, https:\/\/i0.wp.com\/webdelmaestrocmf.com\/portal\/wp-content\/uploads\/2019\/07\/A12B3C4D-7.jpg?resize=700%2C400&ssl=1 2x"},"classes":[]}],"_links":{"self":[{"href":"https:\/\/webdelmaestrocmf.com\/portal\/wp-json\/wp\/v2\/posts\/21893","targetHints":{"allow":["GET"]}}],"collection":[{"href":"https:\/\/webdelmaestrocmf.com\/portal\/wp-json\/wp\/v2\/posts"}],"about":[{"href":"https:\/\/webdelmaestrocmf.com\/portal\/wp-json\/wp\/v2\/types\/post"}],"author":[{"embeddable":true,"href":"https:\/\/webdelmaestrocmf.com\/portal\/wp-json\/wp\/v2\/users\/2"}],"replies":[{"embeddable":true,"href":"https:\/\/webdelmaestrocmf.com\/portal\/wp-json\/wp\/v2\/comments?post=21893"}],"version-history":[{"count":0,"href":"https:\/\/webdelmaestrocmf.com\/portal\/wp-json\/wp\/v2\/posts\/21893\/revisions"}],"wp:featuredmedia":[{"embeddable":true,"href":"https:\/\/webdelmaestrocmf.com\/portal\/wp-json\/wp\/v2\/media\/75580"}],"wp:attachment":[{"href":"https:\/\/webdelmaestrocmf.com\/portal\/wp-json\/wp\/v2\/media?parent=21893"}],"wp:term":[{"taxonomy":"category","embeddable":true,"href":"https:\/\/webdelmaestrocmf.com\/portal\/wp-json\/wp\/v2\/categories?post=21893"},{"taxonomy":"post_tag","embeddable":true,"href":"https:\/\/webdelmaestrocmf.com\/portal\/wp-json\/wp\/v2\/tags?post=21893"}],"curies":[{"name":"wp","href":"https:\/\/api.w.org\/{rel}","templated":true}]}}