{"id":21508,"date":"2018-09-28T20:04:07","date_gmt":"2018-09-28T23:04:07","guid":{"rendered":"http:\/\/webdelmaestrocmf.com\/portal\/?p=21508"},"modified":"2021-10-23T01:23:54","modified_gmt":"2021-10-23T04:23:54","slug":"lindo-corto-valorar-rol-del-docente","status":"publish","type":"post","link":"https:\/\/webdelmaestrocmf.com\/portal\/lindo-corto-valorar-rol-del-docente\/","title":{"rendered":"\u201cEl alfarero\u201d: Un lindo corto para valorar el rol del docente"},"content":{"rendered":"<h5 style=\"text-align: justify;\">Si les gust\u00f3 la maravillosa historia de\u00a0<strong><span style=\"text-decoration: underline;\"><a href=\"http:\/\/webdelmaestrocmf.com\/portal\/fascinante-cortometraje-encantar-tus-alumnos-mundo-los-libros\/\" target=\"_blank\" rel=\"noopener noreferrer\">Mr. Morris Lessmore<\/a><\/span><em>, <\/em><\/strong>el siguiente corto les encantar\u00e1. La Animaci\u00f3n \u201cEl Alfarero\u201d fue creado por Josh Burton como su proyecto de tesis en Savannah College of Art and Design. La cinta relata la historia de c\u00f3mo un maestro le ense\u00f1a a su disc\u00edpulo a darle vida al barro.<\/h5>\n<h5 style=\"text-align: justify;\">Es un interesante video para ver con nuestros estudiantes y reflexionar en torno al proceso de aprendizaje.<\/h5>\n<p><!--more--><\/p>\n<h5 class=\"entry-title\">Educar en valores: El alfarero<\/h5>\n<p style=\"text-align: justify;\">Y seguimos andando por el dif\u00edcil filo de\u00a0<strong>la educaci\u00f3n para nuestros ni\u00f1os<\/strong>. Ense\u00f1arles matem\u00e1ticas, las letras o el nombre de los colores, es siempre una tarea m\u00e1s o menos complicada dependiendo de la disposici\u00f3n de nuestro peque y de nuestra paciencia y arte a la hora de ense\u00f1arle, pero hacerle entender otros conceptos como las buenas maneras, la cortes\u00eda, la solidaridad o la generosidad, es otro cantar, y\u00a0<strong>no siempre resulta f\u00e1cil<\/strong>.<\/p>\n<p style=\"text-align: justify;\">Por ello aquellos padres que seguimos preocupados en\u00a0fomentar los valores\u00a0en nuestros hijos, necesitamos de ciertas herramientas que nos ayuden en esta tarea. Libros, espect\u00e1culos teatrales o pel\u00edculas, pueden ser ideales para ello, y mucho mejor si lo damos todo en peque\u00f1as dosis, con un gran despliegue de imaginaci\u00f3n y apta para divertirse, asombrarse y tambi\u00e9n aprender. Este es el caso de este cortometraje titulado\u00a0<strong>\u201cEl alfarero\u201d.<\/strong><\/p>\n<p style=\"text-align: justify;\"><strong>\u201cEl alfarero\u201d<\/strong>\u00a0nos cuenta la estrecha, y hermosa, relaci\u00f3n entre un maestro y su aprendiz. Se trata de un importante alfarero que es capaz de hacer los m\u00e1s bellos objetos de barro. El ni\u00f1o est\u00e1 ansioso por llegar a ser como su maestro y hacer piezas tan bonitas. El maestro alfarero parece tener magia en sus manos y el ni\u00f1o se lamenta por no poder conseguir ese resultado. Pero s\u00f3lo a trav\u00e9s de\u00a0<strong>la paciencia, el tes\u00f3n y el trabajo<\/strong>, podr\u00e1 llegar a ser como \u00e9l.<\/p>\n<p style=\"text-align: justify;\">Precisamente esas son las m\u00e1ximas que este hermoso\u00a0<strong>cortometraje de animaci\u00f3n<\/strong>\u00a0nos ofrece: s\u00f3lo a trav\u00e9s del esfuerzo y la paciencia, somos capaces de alcanzar nuestros objetivos.<\/p>\n<p style=\"text-align: justify;\">Espero que lo\u00a0<strong>disfrutes<\/strong>.<\/p>\n<p><iframe loading=\"lazy\" src=\"https:\/\/www.youtube.com\/embed\/0oRXl7qQuy4\" width=\"100%\" height=\"400\" frameborder=\"0\" allowfullscreen=\"allowfullscreen\"><span data-mce-type=\"bookmark\" style=\"display: inline-block; width: 0px; overflow: hidden; line-height: 0;\" class=\"mce_SELRES_start\">\ufeff<\/span><span data-mce-type=\"bookmark\" style=\"display: inline-block; width: 0px; overflow: hidden; line-height: 0;\" class=\"mce_SELRES_start\">\ufeff<\/span><\/iframe><\/p>\n<p><strong>Este contenido ha sido publicado originalmente por El Blog infantil en la siguiente direcci\u00f3n:\u00a0<a href=\"http:\/\/elbloginfantil.com\" target=\"_blank\" rel=\"noopener noreferrer\">elbloginfantil.com<\/a><\/strong><\/p>\n\t\t<div class=\"pk-inline-posts\">\n\t\t\t\n\t\t\t<div class=\"pk-inline-posts-container pk-inline-posts-template-list\"\n\t\t\t\tdata-columns=\"1\">\n\t\t\t\t\t\t<article id=\"post-95717\" class=\"post-95717 post type-post status-publish format-video has-post-thumbnail category-charlas tag-aprendamos-juntos tag-aprendemos-juntos-2030 tag-aprender tag-aprendizaje tag-bbva tag-calificacion-por-notas tag-cerebro tag-compresion tag-descanso tag-dislexia tag-dormir tag-entrevista tag-error tag-escritura tag-fonologia tag-lectura tag-lenguaje-oral tag-matematica tag-memoria tag-neurociencia tag-neurona tag-para-sumar-por-la-educacion tag-pensamiento tag-sinapsis tag-stanislas-dehaene tag-sueno tag-tecnologia tag-videos post_format-post-format-video cs-entry cs-video-wrap\">\n\t\t\t<div class=\"pk-post-outer\">\n\n\t\t\t\t\t\t\t\t<div class=\"pk-post-inner\">\n\t\t\t\t\t<div class=\"entry-thumbnail\">\n\t\t\t\t\t\t<div class=\"pk-overlay pk-overlay-ratio pk-ratio-landscape\">\n\t\t\t\t\t\t\t<div class=\"pk-overlay-background\">\n\t\t\t\t\t\t\t\t<a href=\"https:\/\/webdelmaestrocmf.com\/portal\/stanislas-dehaene-el-mayor-talento-de-un-profesor-es-ser-capaz-de-dirigir-la-atencion-del-alumno-hacia-el-nivel-correcto\/\" class=\"pk-overlay-link\">\n\t\t\t\t\t\t\t\t\t<img loading=\"lazy\" decoding=\"async\" width=\"300\" height=\"225\" src=\"https:\/\/webdelmaestrocmf.com\/portal\/wp-content\/uploads\/2024\/02\/1AA-Banner-1-portada-imagen-10-1-copia-300x225.webp\" class=\"attachment-pk-thumbnail size-pk-thumbnail wp-post-image\" alt=\"\" \/>\t\t\t\t\t\t\t\t<\/a>\n\t\t\t\t\t\t\t<\/div>\n\t\t\t\t\t\t<\/div>\n\t\t\t\t\t<\/div>\n\t\t\t\t<\/div>\n\t\t\t\t\n\t\t\t\t<div class=\"pk-post-inner\">\n\t\t\t\t\t<header>\n\t\t\t\t\t\t<h3 class=\"pk-title\"><a href=\"https:\/\/webdelmaestrocmf.com\/portal\/stanislas-dehaene-el-mayor-talento-de-un-profesor-es-ser-capaz-de-dirigir-la-atencion-del-alumno-hacia-el-nivel-correcto\/\" rel=\"bookmark\">Stanislas Dehaene: El mayor talento de un profesor es ser capaz de dirigir la atenci\u00f3n del alumno, hacia el nivel correcto<\/a><\/h3>\t\t\t\t\t<\/header><!-- .entry-header -->\n\t\t\t\t<\/div><!-- .post-inner -->\n\n\t\t\t<\/div><!-- .post-outer -->\n\t\t<\/article>\n\t\t\t\t<\/div>\n\t\t<\/div>\n\t\t\n","protected":false},"excerpt":{"rendered":"Si les gust\u00f3 la maravillosa historia de\u00a0Mr. Morris Lessmore, el siguiente corto les encantar\u00e1. La Animaci\u00f3n \u201cEl Alfarero\u201d&hellip;","protected":false},"author":1,"featured_media":46753,"comment_status":"open","ping_status":"open","sticky":false,"template":"","format":"video","meta":{"csco_display_header_overlay":false,"csco_singular_sidebar":"default","csco_page_header_type":"default","csco_page_load_nextpost":"default","csco_post_video_location":[],"csco_post_video_location_hash":"","csco_post_video_url":"","csco_post_video_bg_start_time":0,"csco_post_video_bg_end_time":0,"csco_post_video_bg_volume":false,"_jetpack_memberships_contains_paid_content":false,"footnotes":""},"categories":[424,453],"tags":[77,1011,2670,1972,127],"class_list":{"0":"post-21508","1":"post","2":"type-post","3":"status-publish","4":"format-video","5":"has-post-thumbnail","7":"category-video","8":"category-educacion-y-pedagogia","9":"tag-aprendizaje","10":"tag-corto","11":"tag-el-alfarero","12":"tag-proceso","13":"tag-reflexion","14":"post_format-post-format-video","15":"cs-entry","16":"cs-video-wrap"},"yoast_head":"<!-- This site is optimized with the Yoast SEO plugin v27.5 - https:\/\/yoast.com\/product\/yoast-seo-wordpress\/ -->\n<title>\u201cEl alfarero\u201d: Un lindo corto para valorar el rol del docente<\/title>\n<meta name=\"description\" content=\"Si les gust\u00f3 la maravillosa historia de\u00a0Mr. Morris Lessmore, el siguiente corto les encantar\u00e1. La Animaci\u00f3n \u201cEl Alfarero\u201d fue creado por...\" \/>\n<meta name=\"robots\" content=\"index, follow, max-snippet:-1, max-image-preview:large, max-video-preview:-1\" \/>\n<link rel=\"canonical\" href=\"https:\/\/webdelmaestrocmf.com\/portal\/lindo-corto-valorar-rol-del-docente\/\" \/>\n<meta property=\"og:locale\" content=\"es_ES\" \/>\n<meta property=\"og:type\" content=\"article\" \/>\n<meta property=\"og:title\" content=\"\u201cEl alfarero\u201d: Un lindo corto para valorar el rol del docente\" \/>\n<meta property=\"og:description\" content=\"Si les gust\u00f3 la maravillosa historia de\u00a0Mr. Morris Lessmore, el siguiente corto les encantar\u00e1. La Animaci\u00f3n \u201cEl Alfarero\u201d fue creado por...\" \/>\n<meta property=\"og:url\" content=\"https:\/\/webdelmaestrocmf.com\/portal\/lindo-corto-valorar-rol-del-docente\/\" \/>\n<meta property=\"og:site_name\" content=\"Web del Maestro CMF\" \/>\n<meta property=\"article:publisher\" content=\"https:\/\/www.facebook.com\/WebdelMaestroCMF\/\" \/>\n<meta property=\"article:author\" content=\"https:\/\/www.facebook.com\/WebdelMaestroCMF\/\" \/>\n<meta property=\"article:published_time\" content=\"2018-09-28T23:04:07+00:00\" \/>\n<meta property=\"article:modified_time\" content=\"2021-10-23T04:23:54+00:00\" \/>\n<meta property=\"og:image\" content=\"https:\/\/i0.wp.com\/webdelmaestrocmf.com\/portal\/wp-content\/uploads\/2018\/09\/1-6.png?fit=1100%2C680&ssl=1\" \/>\n\t<meta property=\"og:image:width\" content=\"1100\" \/>\n\t<meta property=\"og:image:height\" content=\"680\" \/>\n\t<meta property=\"og:image:type\" content=\"image\/png\" \/>\n<meta name=\"author\" content=\"Web del Maestro CMF\" \/>\n<meta name=\"twitter:card\" content=\"summary_large_image\" \/>\n<meta name=\"twitter:creator\" content=\"@cmf_w\" \/>\n<meta name=\"twitter:site\" content=\"@cmf_w\" \/>\n<script type=\"application\/ld+json\" class=\"yoast-schema-graph\">{\"@context\":\"https:\\\/\\\/schema.org\",\"@graph\":[{\"@type\":\"ScholarlyArticle\",\"@id\":\"https:\\\/\\\/webdelmaestrocmf.com\\\/portal\\\/lindo-corto-valorar-rol-del-docente\\\/#article\",\"isPartOf\":{\"@id\":\"https:\\\/\\\/webdelmaestrocmf.com\\\/portal\\\/lindo-corto-valorar-rol-del-docente\\\/\"},\"author\":{\"name\":\"Web del Maestro CMF\",\"@id\":\"https:\\\/\\\/webdelmaestrocmf.com\\\/portal\\\/#\\\/schema\\\/person\\\/1072a2ed7bd960df8ef99a551fa35dc5\"},\"headline\":\"\u201cEl alfarero\u201d: Un lindo corto para valorar el rol del docente\",\"datePublished\":\"2018-09-28T23:04:07+00:00\",\"dateModified\":\"2021-10-23T04:23:54+00:00\",\"mainEntityOfPage\":{\"@id\":\"https:\\\/\\\/webdelmaestrocmf.com\\\/portal\\\/lindo-corto-valorar-rol-del-docente\\\/\"},\"wordCount\":395,\"commentCount\":0,\"publisher\":{\"@id\":\"https:\\\/\\\/webdelmaestrocmf.com\\\/portal\\\/#organization\"},\"image\":{\"@id\":\"https:\\\/\\\/webdelmaestrocmf.com\\\/portal\\\/lindo-corto-valorar-rol-del-docente\\\/#primaryimage\"},\"thumbnailUrl\":\"https:\\\/\\\/webdelmaestrocmf.com\\\/portal\\\/wp-content\\\/uploads\\\/2018\\\/09\\\/1-6.png\",\"keywords\":[\"aprendizaje\",\"CORTO\",\"El alfarero\",\"PROCESO\",\"reflexi\u00f3n\"],\"articleSection\":[\"Video I\",\"Videos II\"],\"inLanguage\":\"es\",\"potentialAction\":[{\"@type\":\"CommentAction\",\"name\":\"Comment\",\"target\":[\"https:\\\/\\\/webdelmaestrocmf.com\\\/portal\\\/lindo-corto-valorar-rol-del-docente\\\/#respond\"]}]},{\"@type\":\"WebPage\",\"@id\":\"https:\\\/\\\/webdelmaestrocmf.com\\\/portal\\\/lindo-corto-valorar-rol-del-docente\\\/\",\"url\":\"https:\\\/\\\/webdelmaestrocmf.com\\\/portal\\\/lindo-corto-valorar-rol-del-docente\\\/\",\"name\":\"\u201cEl alfarero\u201d: Un lindo corto para valorar el rol del docente\",\"isPartOf\":{\"@id\":\"https:\\\/\\\/webdelmaestrocmf.com\\\/portal\\\/#website\"},\"primaryImageOfPage\":{\"@id\":\"https:\\\/\\\/webdelmaestrocmf.com\\\/portal\\\/lindo-corto-valorar-rol-del-docente\\\/#primaryimage\"},\"image\":{\"@id\":\"https:\\\/\\\/webdelmaestrocmf.com\\\/portal\\\/lindo-corto-valorar-rol-del-docente\\\/#primaryimage\"},\"thumbnailUrl\":\"https:\\\/\\\/webdelmaestrocmf.com\\\/portal\\\/wp-content\\\/uploads\\\/2018\\\/09\\\/1-6.png\",\"datePublished\":\"2018-09-28T23:04:07+00:00\",\"dateModified\":\"2021-10-23T04:23:54+00:00\",\"description\":\"Si les gust\u00f3 la maravillosa historia de\u00a0Mr. Morris Lessmore, el siguiente corto les encantar\u00e1. La Animaci\u00f3n \u201cEl Alfarero\u201d fue creado por...\",\"breadcrumb\":{\"@id\":\"https:\\\/\\\/webdelmaestrocmf.com\\\/portal\\\/lindo-corto-valorar-rol-del-docente\\\/#breadcrumb\"},\"inLanguage\":\"es\",\"potentialAction\":[{\"@type\":\"ReadAction\",\"target\":[\"https:\\\/\\\/webdelmaestrocmf.com\\\/portal\\\/lindo-corto-valorar-rol-del-docente\\\/\"]}]},{\"@type\":\"ImageObject\",\"inLanguage\":\"es\",\"@id\":\"https:\\\/\\\/webdelmaestrocmf.com\\\/portal\\\/lindo-corto-valorar-rol-del-docente\\\/#primaryimage\",\"url\":\"https:\\\/\\\/webdelmaestrocmf.com\\\/portal\\\/wp-content\\\/uploads\\\/2018\\\/09\\\/1-6.png\",\"contentUrl\":\"https:\\\/\\\/webdelmaestrocmf.com\\\/portal\\\/wp-content\\\/uploads\\\/2018\\\/09\\\/1-6.png\",\"width\":1100,\"height\":680},{\"@type\":\"BreadcrumbList\",\"@id\":\"https:\\\/\\\/webdelmaestrocmf.com\\\/portal\\\/lindo-corto-valorar-rol-del-docente\\\/#breadcrumb\",\"itemListElement\":[{\"@type\":\"ListItem\",\"position\":1,\"name\":\"Portada\",\"item\":\"https:\\\/\\\/webdelmaestrocmf.com\\\/portal\\\/\"},{\"@type\":\"ListItem\",\"position\":2,\"name\":\"Video I\",\"item\":\"https:\\\/\\\/webdelmaestrocmf.com\\\/portal\\\/category\\\/video\\\/\"},{\"@type\":\"ListItem\",\"position\":3,\"name\":\"\u201cEl alfarero\u201d: Un lindo corto para valorar el rol del docente\"}]},{\"@type\":\"WebSite\",\"@id\":\"https:\\\/\\\/webdelmaestrocmf.com\\\/portal\\\/#website\",\"url\":\"https:\\\/\\\/webdelmaestrocmf.com\\\/portal\\\/\",\"name\":\"Web del Maestro CMF\",\"description\":\"Maestros al servicio de la educaci\u00f3n\",\"publisher\":{\"@id\":\"https:\\\/\\\/webdelmaestrocmf.com\\\/portal\\\/#organization\"},\"alternateName\":\"WMCMF\",\"potentialAction\":[{\"@type\":\"SearchAction\",\"target\":{\"@type\":\"EntryPoint\",\"urlTemplate\":\"https:\\\/\\\/webdelmaestrocmf.com\\\/portal\\\/?s={search_term_string}\"},\"query-input\":{\"@type\":\"PropertyValueSpecification\",\"valueRequired\":true,\"valueName\":\"search_term_string\"}}],\"inLanguage\":\"es\"},{\"@type\":\"Organization\",\"@id\":\"https:\\\/\\\/webdelmaestrocmf.com\\\/portal\\\/#organization\",\"name\":\"Web del Maestro CMF\",\"alternateName\":\"WMCMF\",\"url\":\"https:\\\/\\\/webdelmaestrocmf.com\\\/portal\\\/\",\"logo\":{\"@type\":\"ImageObject\",\"inLanguage\":\"es\",\"@id\":\"https:\\\/\\\/webdelmaestrocmf.com\\\/portal\\\/#\\\/schema\\\/logo\\\/image\\\/\",\"url\":\"https:\\\/\\\/webdelmaestrocmf.com\\\/portal\\\/wp-content\\\/uploads\\\/2023\\\/01\\\/logo-wmcmf-2.png\",\"contentUrl\":\"https:\\\/\\\/webdelmaestrocmf.com\\\/portal\\\/wp-content\\\/uploads\\\/2023\\\/01\\\/logo-wmcmf-2.png\",\"width\":200,\"height\":60,\"caption\":\"Web del Maestro CMF\"},\"image\":{\"@id\":\"https:\\\/\\\/webdelmaestrocmf.com\\\/portal\\\/#\\\/schema\\\/logo\\\/image\\\/\"},\"sameAs\":[\"https:\\\/\\\/www.facebook.com\\\/WebdelMaestroCMF\\\/\",\"https:\\\/\\\/x.com\\\/cmf_w\",\"https:\\\/\\\/www.pinterest.com\\\/WMCMF\\\/\",\"https:\\\/\\\/www.linkedin.com\\\/company\\\/web-del-maestro-cmf\\\/\",\"https:\\\/\\\/www.instagram.com\\\/wmcmf\\\/\",\"https:\\\/\\\/www.youtube.com\\\/channel\\\/UCDPSvjbdodE5sHnC3OxutHw\",\"https:\\\/\\\/mastodon.social\\\/@wmcmf\",\"https:\\\/\\\/www.tiktok.com\\\/@webdelmaestrocmf\"]},{\"@type\":\"Person\",\"@id\":\"https:\\\/\\\/webdelmaestrocmf.com\\\/portal\\\/#\\\/schema\\\/person\\\/1072a2ed7bd960df8ef99a551fa35dc5\",\"name\":\"Web del Maestro CMF\",\"image\":{\"@type\":\"ImageObject\",\"inLanguage\":\"es\",\"@id\":\"https:\\\/\\\/secure.gravatar.com\\\/avatar\\\/23291dd5b5ae1077dcff3dbb04c3e02bd28403fa75af6d8787d5e97c5bbbe30b?s=96&d=mm&r=g\",\"url\":\"https:\\\/\\\/secure.gravatar.com\\\/avatar\\\/23291dd5b5ae1077dcff3dbb04c3e02bd28403fa75af6d8787d5e97c5bbbe30b?s=96&d=mm&r=g\",\"contentUrl\":\"https:\\\/\\\/secure.gravatar.com\\\/avatar\\\/23291dd5b5ae1077dcff3dbb04c3e02bd28403fa75af6d8787d5e97c5bbbe30b?s=96&d=mm&r=g\",\"caption\":\"Web del Maestro CMF\"},\"description\":\"Esta Web se cre\u00f3 sin fines de lucro, con fines educativos, cient\u00edficos y acad\u00e9micos, para personas que tengan dificultades y\\\/o inconvenientes en visualizar el material original. El objetivo es entregar recursos, compartir experiencias y materiales que ayuden a los padres de familia, maestros y estudiantes en su actualizaci\u00f3n y formaci\u00f3n permanente, en bien de la Educaci\u00f3n.\",\"sameAs\":[\"http:\\\/\\\/webdelmaestrocmf.com\\\/portal\",\"https:\\\/\\\/www.facebook.com\\\/WebdelMaestroCMF\\\/\",\"https:\\\/\\\/www.instagram.com\\\/wmcmf\\\/\",\"https:\\\/\\\/cl.linkedin.com\\\/company\\\/web-del-maestro-cmf\",\"https:\\\/\\\/www.pinterest.com\\\/WMCMF\\\/publicaciones\\\/\",\"https:\\\/\\\/x.com\\\/cmf_w\",\"https:\\\/\\\/www.youtube.com\\\/@WMCMF\"]}]}<\/script>\n<!-- \/ Yoast SEO plugin. -->","yoast_head_json":{"title":"\u201cEl alfarero\u201d: Un lindo corto para valorar el rol del docente","description":"Si les gust\u00f3 la maravillosa historia de\u00a0Mr. Morris Lessmore, el siguiente corto les encantar\u00e1. La Animaci\u00f3n \u201cEl Alfarero\u201d fue creado por...","robots":{"index":"index","follow":"follow","max-snippet":"max-snippet:-1","max-image-preview":"max-image-preview:large","max-video-preview":"max-video-preview:-1"},"canonical":"https:\/\/webdelmaestrocmf.com\/portal\/lindo-corto-valorar-rol-del-docente\/","og_locale":"es_ES","og_type":"article","og_title":"\u201cEl alfarero\u201d: Un lindo corto para valorar el rol del docente","og_description":"Si les gust\u00f3 la maravillosa historia de\u00a0Mr. Morris Lessmore, el siguiente corto les encantar\u00e1. La Animaci\u00f3n \u201cEl Alfarero\u201d fue creado por...","og_url":"https:\/\/webdelmaestrocmf.com\/portal\/lindo-corto-valorar-rol-del-docente\/","og_site_name":"Web del Maestro CMF","article_publisher":"https:\/\/www.facebook.com\/WebdelMaestroCMF\/","article_author":"https:\/\/www.facebook.com\/WebdelMaestroCMF\/","article_published_time":"2018-09-28T23:04:07+00:00","article_modified_time":"2021-10-23T04:23:54+00:00","og_image":[{"width":1100,"height":680,"url":"https:\/\/i0.wp.com\/webdelmaestrocmf.com\/portal\/wp-content\/uploads\/2018\/09\/1-6.png?fit=1100%2C680&ssl=1","type":"image\/png"}],"author":"Web del Maestro CMF","twitter_card":"summary_large_image","twitter_creator":"@cmf_w","twitter_site":"@cmf_w","schema":{"@context":"https:\/\/schema.org","@graph":[{"@type":"ScholarlyArticle","@id":"https:\/\/webdelmaestrocmf.com\/portal\/lindo-corto-valorar-rol-del-docente\/#article","isPartOf":{"@id":"https:\/\/webdelmaestrocmf.com\/portal\/lindo-corto-valorar-rol-del-docente\/"},"author":{"name":"Web del Maestro CMF","@id":"https:\/\/webdelmaestrocmf.com\/portal\/#\/schema\/person\/1072a2ed7bd960df8ef99a551fa35dc5"},"headline":"\u201cEl alfarero\u201d: Un lindo corto para valorar el rol del docente","datePublished":"2018-09-28T23:04:07+00:00","dateModified":"2021-10-23T04:23:54+00:00","mainEntityOfPage":{"@id":"https:\/\/webdelmaestrocmf.com\/portal\/lindo-corto-valorar-rol-del-docente\/"},"wordCount":395,"commentCount":0,"publisher":{"@id":"https:\/\/webdelmaestrocmf.com\/portal\/#organization"},"image":{"@id":"https:\/\/webdelmaestrocmf.com\/portal\/lindo-corto-valorar-rol-del-docente\/#primaryimage"},"thumbnailUrl":"https:\/\/webdelmaestrocmf.com\/portal\/wp-content\/uploads\/2018\/09\/1-6.png","keywords":["aprendizaje","CORTO","El alfarero","PROCESO","reflexi\u00f3n"],"articleSection":["Video I","Videos II"],"inLanguage":"es","potentialAction":[{"@type":"CommentAction","name":"Comment","target":["https:\/\/webdelmaestrocmf.com\/portal\/lindo-corto-valorar-rol-del-docente\/#respond"]}]},{"@type":"WebPage","@id":"https:\/\/webdelmaestrocmf.com\/portal\/lindo-corto-valorar-rol-del-docente\/","url":"https:\/\/webdelmaestrocmf.com\/portal\/lindo-corto-valorar-rol-del-docente\/","name":"\u201cEl alfarero\u201d: Un lindo corto para valorar el rol del docente","isPartOf":{"@id":"https:\/\/webdelmaestrocmf.com\/portal\/#website"},"primaryImageOfPage":{"@id":"https:\/\/webdelmaestrocmf.com\/portal\/lindo-corto-valorar-rol-del-docente\/#primaryimage"},"image":{"@id":"https:\/\/webdelmaestrocmf.com\/portal\/lindo-corto-valorar-rol-del-docente\/#primaryimage"},"thumbnailUrl":"https:\/\/webdelmaestrocmf.com\/portal\/wp-content\/uploads\/2018\/09\/1-6.png","datePublished":"2018-09-28T23:04:07+00:00","dateModified":"2021-10-23T04:23:54+00:00","description":"Si les gust\u00f3 la maravillosa historia de\u00a0Mr. Morris Lessmore, el siguiente corto les encantar\u00e1. La Animaci\u00f3n \u201cEl Alfarero\u201d fue creado por...","breadcrumb":{"@id":"https:\/\/webdelmaestrocmf.com\/portal\/lindo-corto-valorar-rol-del-docente\/#breadcrumb"},"inLanguage":"es","potentialAction":[{"@type":"ReadAction","target":["https:\/\/webdelmaestrocmf.com\/portal\/lindo-corto-valorar-rol-del-docente\/"]}]},{"@type":"ImageObject","inLanguage":"es","@id":"https:\/\/webdelmaestrocmf.com\/portal\/lindo-corto-valorar-rol-del-docente\/#primaryimage","url":"https:\/\/webdelmaestrocmf.com\/portal\/wp-content\/uploads\/2018\/09\/1-6.png","contentUrl":"https:\/\/webdelmaestrocmf.com\/portal\/wp-content\/uploads\/2018\/09\/1-6.png","width":1100,"height":680},{"@type":"BreadcrumbList","@id":"https:\/\/webdelmaestrocmf.com\/portal\/lindo-corto-valorar-rol-del-docente\/#breadcrumb","itemListElement":[{"@type":"ListItem","position":1,"name":"Portada","item":"https:\/\/webdelmaestrocmf.com\/portal\/"},{"@type":"ListItem","position":2,"name":"Video I","item":"https:\/\/webdelmaestrocmf.com\/portal\/category\/video\/"},{"@type":"ListItem","position":3,"name":"\u201cEl alfarero\u201d: Un lindo corto para valorar el rol del docente"}]},{"@type":"WebSite","@id":"https:\/\/webdelmaestrocmf.com\/portal\/#website","url":"https:\/\/webdelmaestrocmf.com\/portal\/","name":"Web del Maestro CMF","description":"Maestros al servicio de la educaci\u00f3n","publisher":{"@id":"https:\/\/webdelmaestrocmf.com\/portal\/#organization"},"alternateName":"WMCMF","potentialAction":[{"@type":"SearchAction","target":{"@type":"EntryPoint","urlTemplate":"https:\/\/webdelmaestrocmf.com\/portal\/?s={search_term_string}"},"query-input":{"@type":"PropertyValueSpecification","valueRequired":true,"valueName":"search_term_string"}}],"inLanguage":"es"},{"@type":"Organization","@id":"https:\/\/webdelmaestrocmf.com\/portal\/#organization","name":"Web del Maestro CMF","alternateName":"WMCMF","url":"https:\/\/webdelmaestrocmf.com\/portal\/","logo":{"@type":"ImageObject","inLanguage":"es","@id":"https:\/\/webdelmaestrocmf.com\/portal\/#\/schema\/logo\/image\/","url":"https:\/\/webdelmaestrocmf.com\/portal\/wp-content\/uploads\/2023\/01\/logo-wmcmf-2.png","contentUrl":"https:\/\/webdelmaestrocmf.com\/portal\/wp-content\/uploads\/2023\/01\/logo-wmcmf-2.png","width":200,"height":60,"caption":"Web del Maestro CMF"},"image":{"@id":"https:\/\/webdelmaestrocmf.com\/portal\/#\/schema\/logo\/image\/"},"sameAs":["https:\/\/www.facebook.com\/WebdelMaestroCMF\/","https:\/\/x.com\/cmf_w","https:\/\/www.pinterest.com\/WMCMF\/","https:\/\/www.linkedin.com\/company\/web-del-maestro-cmf\/","https:\/\/www.instagram.com\/wmcmf\/","https:\/\/www.youtube.com\/channel\/UCDPSvjbdodE5sHnC3OxutHw","https:\/\/mastodon.social\/@wmcmf","https:\/\/www.tiktok.com\/@webdelmaestrocmf"]},{"@type":"Person","@id":"https:\/\/webdelmaestrocmf.com\/portal\/#\/schema\/person\/1072a2ed7bd960df8ef99a551fa35dc5","name":"Web del Maestro CMF","image":{"@type":"ImageObject","inLanguage":"es","@id":"https:\/\/secure.gravatar.com\/avatar\/23291dd5b5ae1077dcff3dbb04c3e02bd28403fa75af6d8787d5e97c5bbbe30b?s=96&d=mm&r=g","url":"https:\/\/secure.gravatar.com\/avatar\/23291dd5b5ae1077dcff3dbb04c3e02bd28403fa75af6d8787d5e97c5bbbe30b?s=96&d=mm&r=g","contentUrl":"https:\/\/secure.gravatar.com\/avatar\/23291dd5b5ae1077dcff3dbb04c3e02bd28403fa75af6d8787d5e97c5bbbe30b?s=96&d=mm&r=g","caption":"Web del Maestro CMF"},"description":"Esta Web se cre\u00f3 sin fines de lucro, con fines educativos, cient\u00edficos y acad\u00e9micos, para personas que tengan dificultades y\/o inconvenientes en visualizar el material original. El objetivo es entregar recursos, compartir experiencias y materiales que ayuden a los padres de familia, maestros y estudiantes en su actualizaci\u00f3n y formaci\u00f3n permanente, en bien de la Educaci\u00f3n.","sameAs":["http:\/\/webdelmaestrocmf.com\/portal","https:\/\/www.facebook.com\/WebdelMaestroCMF\/","https:\/\/www.instagram.com\/wmcmf\/","https:\/\/cl.linkedin.com\/company\/web-del-maestro-cmf","https:\/\/www.pinterest.com\/WMCMF\/publicaciones\/","https:\/\/x.com\/cmf_w","https:\/\/www.youtube.com\/@WMCMF"]}]}},"jetpack_featured_media_url":"https:\/\/webdelmaestrocmf.com\/portal\/wp-content\/uploads\/2018\/09\/1-6.png","jetpack_sharing_enabled":true,"jetpack-related-posts":[{"id":32567,"url":"https:\/\/webdelmaestrocmf.com\/portal\/10-hermosos-cortos-animados-para-trabajar-las-emociones-en-clases\/","url_meta":{"origin":21508,"position":0},"title":"Hermosos cortos animados para trabajar las emociones en clases","author":"Web del Maestro CMF","date":"27 octubre, 2020","format":false,"excerpt":"Los recursos audiovisuales son una buena opci\u00f3n para dinamizar las clases. A trav\u00e9s de estos cortos animados, los profesores pueden reforzar los\u00a0 valores, el respeto, la convivencia, el agradecimiento y sobre todo la importancia de aprendizaje. Para aprovechar su potencial es importante que los profesores gu\u00eden la discusi\u00f3n y planteen\u2026","rel":"","context":"En \u00abPel\u00edculas\u00bb","block_context":{"text":"Pel\u00edculas","link":"https:\/\/webdelmaestrocmf.com\/portal\/category\/pedagogia\/peliculas\/"},"img":{"alt_text":"cortos","src":"https:\/\/i0.wp.com\/webdelmaestrocmf.com\/portal\/wp-content\/uploads\/2018\/10\/1-137.jpg?resize=350%2C200&ssl=1","width":350,"height":200,"srcset":"https:\/\/i0.wp.com\/webdelmaestrocmf.com\/portal\/wp-content\/uploads\/2018\/10\/1-137.jpg?resize=350%2C200&ssl=1 1x, https:\/\/i0.wp.com\/webdelmaestrocmf.com\/portal\/wp-content\/uploads\/2018\/10\/1-137.jpg?resize=525%2C300&ssl=1 1.5x, https:\/\/i0.wp.com\/webdelmaestrocmf.com\/portal\/wp-content\/uploads\/2018\/10\/1-137.jpg?resize=700%2C400&ssl=1 2x, https:\/\/i0.wp.com\/webdelmaestrocmf.com\/portal\/wp-content\/uploads\/2018\/10\/1-137.jpg?resize=1050%2C600&ssl=1 3x"},"classes":[]},{"id":17023,"url":"https:\/\/webdelmaestrocmf.com\/portal\/fascinante-cortometraje-encantar-tus-alumnos-mundo-los-libros\/","url_meta":{"origin":21508,"position":1},"title":"Morris Lessmore: un corto para despertar el amor por los libros","author":"Web del Maestro CMF","date":"10 noviembre, 2023","format":"video","excerpt":"Una historia maravillosa para recalcar la importancia de los libros y el poder que tienen de iluminarnos y encantarnos con sus historias. Una historia perfecta para que tus estudiantes se enamoren de la lectura. Aunque ya pasaron algunos a\u00f1os desde que esta historia fue conocida por el mundo, vale la\u2026","rel":"","context":"En \u00abPel\u00edculas\u00bb","block_context":{"text":"Pel\u00edculas","link":"https:\/\/webdelmaestrocmf.com\/portal\/category\/pedagogia\/peliculas\/"},"img":{"alt_text":"","src":"https:\/\/i0.wp.com\/webdelmaestrocmf.com\/portal\/wp-content\/uploads\/2020\/04\/1-copia-15.jpg?resize=350%2C200&ssl=1","width":350,"height":200,"srcset":"https:\/\/i0.wp.com\/webdelmaestrocmf.com\/portal\/wp-content\/uploads\/2020\/04\/1-copia-15.jpg?resize=350%2C200&ssl=1 1x, https:\/\/i0.wp.com\/webdelmaestrocmf.com\/portal\/wp-content\/uploads\/2020\/04\/1-copia-15.jpg?resize=525%2C300&ssl=1 1.5x, https:\/\/i0.wp.com\/webdelmaestrocmf.com\/portal\/wp-content\/uploads\/2020\/04\/1-copia-15.jpg?resize=700%2C400&ssl=1 2x, https:\/\/i0.wp.com\/webdelmaestrocmf.com\/portal\/wp-content\/uploads\/2020\/04\/1-copia-15.jpg?resize=1050%2C600&ssl=1 3x"},"classes":[]},{"id":47947,"url":"https:\/\/webdelmaestrocmf.com\/portal\/easy-life-un-corto-para-reflexionar-sobre-el-esfuerzo-y-el-poder-transformador-de-la-educacion\/","url_meta":{"origin":21508,"position":2},"title":"Un corto para reflexionar sobre el esfuerzo y el poder transformador de la educaci\u00f3n","author":"Web del Maestro CMF","date":"11 junio, 2021","format":"video","excerpt":"Este cortometraje, producido por el\u00a0Ringling College of Art and Desing\u00a0cuenta la historia de una ni\u00f1a que descubre que una mu\u00f1eca m\u00e1gica le hace los deberes. Y claro, se aprovecha de la situaci\u00f3n mientras ella juega con su videoconsola.\u00a0\u00bfQu\u00e9 pasar\u00e1?\u00a0 Un cortometraje que seguro que querr\u00e1s compartir con tus hijos y\u2026","rel":"","context":"En \u00abPel\u00edculas\u00bb","block_context":{"text":"Pel\u00edculas","link":"https:\/\/webdelmaestrocmf.com\/portal\/category\/pedagogia\/peliculas\/"},"img":{"alt_text":"","src":"https:\/\/i0.wp.com\/webdelmaestrocmf.com\/portal\/wp-content\/uploads\/2020\/06\/2-32.jpg?resize=350%2C200&ssl=1","width":350,"height":200,"srcset":"https:\/\/i0.wp.com\/webdelmaestrocmf.com\/portal\/wp-content\/uploads\/2020\/06\/2-32.jpg?resize=350%2C200&ssl=1 1x, https:\/\/i0.wp.com\/webdelmaestrocmf.com\/portal\/wp-content\/uploads\/2020\/06\/2-32.jpg?resize=525%2C300&ssl=1 1.5x, https:\/\/i0.wp.com\/webdelmaestrocmf.com\/portal\/wp-content\/uploads\/2020\/06\/2-32.jpg?resize=700%2C400&ssl=1 2x, https:\/\/i0.wp.com\/webdelmaestrocmf.com\/portal\/wp-content\/uploads\/2020\/06\/2-32.jpg?resize=1050%2C600&ssl=1 3x"},"classes":[]},{"id":6282,"url":"https:\/\/webdelmaestrocmf.com\/portal\/30-cortometrajes-para-educar-en-valores\/","url_meta":{"origin":21508,"position":3},"title":"30 cortometrajes para educar en valores","author":"Web del Maestro CMF","date":"20 mayo, 2024","format":false,"excerpt":"Educar en valores es siempre una tarea compleja, lograr que los estudiantes reflexionen respecto del valor que queremos trabajar a partir de solo del discurso, muchas veces resulta descontextualizado y no cumple el prop\u00f3sito. Un recurso al que los docentes suelen recurrir para entregar mensajes y generar la reflexi\u00f3n que\u2026","rel":"","context":"En \u00abPel\u00edculas\u00bb","block_context":{"text":"Pel\u00edculas","link":"https:\/\/webdelmaestrocmf.com\/portal\/category\/pedagogia\/peliculas\/"},"img":{"alt_text":"","src":"https:\/\/i0.wp.com\/webdelmaestrocmf.com\/portal\/wp-content\/uploads\/2022\/05\/Banner-1-portada-imagen-10-1-2024-05-20T110027.572.jpg?resize=350%2C200&ssl=1","width":350,"height":200,"srcset":"https:\/\/i0.wp.com\/webdelmaestrocmf.com\/portal\/wp-content\/uploads\/2022\/05\/Banner-1-portada-imagen-10-1-2024-05-20T110027.572.jpg?resize=350%2C200&ssl=1 1x, https:\/\/i0.wp.com\/webdelmaestrocmf.com\/portal\/wp-content\/uploads\/2022\/05\/Banner-1-portada-imagen-10-1-2024-05-20T110027.572.jpg?resize=525%2C300&ssl=1 1.5x, https:\/\/i0.wp.com\/webdelmaestrocmf.com\/portal\/wp-content\/uploads\/2022\/05\/Banner-1-portada-imagen-10-1-2024-05-20T110027.572.jpg?resize=700%2C400&ssl=1 2x"},"classes":[]},{"id":55808,"url":"https:\/\/webdelmaestrocmf.com\/portal\/nueve-videos-y-una-pelicula-como-recursos-educativos-para-esta-navidad-en-pandemia\/","url_meta":{"origin":21508,"position":4},"title":"Nueve videos y una pel\u00edcula, como recursos educativos, para esta Navidad en pandemia","author":"Web del Maestro CMF","date":"12 diciembre, 2020","format":false,"excerpt":"Compartimos con Ustedes, educadores que tienen que llevar siempre una palabra de aliento, de animaci\u00f3n y de esperanza a sus estudiantes, y ellos a sus familias, unos cortos animados e ideas para motivar una reflexi\u00f3n positiva y actividades muy, pero muy resilientes, para que, como comunidad educativa, nunca olvidemos la\u2026","rel":"","context":"En \u00abYo opino - WMCMF\u00bb","block_context":{"text":"Yo opino - WMCMF","link":"https:\/\/webdelmaestrocmf.com\/portal\/category\/jamb\/"},"img":{"alt_text":"","src":"https:\/\/i0.wp.com\/webdelmaestrocmf.com\/portal\/wp-content\/uploads\/2020\/12\/0-34.jpg?resize=350%2C200&ssl=1","width":350,"height":200,"srcset":"https:\/\/i0.wp.com\/webdelmaestrocmf.com\/portal\/wp-content\/uploads\/2020\/12\/0-34.jpg?resize=350%2C200&ssl=1 1x, https:\/\/i0.wp.com\/webdelmaestrocmf.com\/portal\/wp-content\/uploads\/2020\/12\/0-34.jpg?resize=525%2C300&ssl=1 1.5x, https:\/\/i0.wp.com\/webdelmaestrocmf.com\/portal\/wp-content\/uploads\/2020\/12\/0-34.jpg?resize=700%2C400&ssl=1 2x, https:\/\/i0.wp.com\/webdelmaestrocmf.com\/portal\/wp-content\/uploads\/2020\/12\/0-34.jpg?resize=1050%2C600&ssl=1 3x"},"classes":[]},{"id":93356,"url":"https:\/\/webdelmaestrocmf.com\/portal\/lecturas-cortas-para-aprender-a-leer\/","url_meta":{"origin":21508,"position":5},"title":"Lecturas cortas para aprender a leer","author":"Web del Maestro CMF","date":"20 diciembre, 2025","format":false,"excerpt":"Las lecturas cortas son una habilidad esencial que no solo permite el acceso al conocimiento, sino que tambi\u00e9n promueve la imaginaci\u00f3n, el razonamiento y el desarrollo del lenguaje en los ni\u00f1os. En el entorno educativo, es fundamental proporcionar materiales que fomenten la comprensi\u00f3n lectora desde una edad temprana. En este\u2026","rel":"","context":"En \u00abLectoescritura\u00bb","block_context":{"text":"Lectoescritura","link":"https:\/\/webdelmaestrocmf.com\/portal\/category\/pedagogia\/lectoescritura\/"},"img":{"alt_text":"","src":"https:\/\/i0.wp.com\/webdelmaestrocmf.com\/portal\/wp-content\/uploads\/2024\/01\/1A-Banner-1-portada-imagen-10-1-copia-9.webp?resize=350%2C200&ssl=1","width":350,"height":200,"srcset":"https:\/\/i0.wp.com\/webdelmaestrocmf.com\/portal\/wp-content\/uploads\/2024\/01\/1A-Banner-1-portada-imagen-10-1-copia-9.webp?resize=350%2C200&ssl=1 1x, https:\/\/i0.wp.com\/webdelmaestrocmf.com\/portal\/wp-content\/uploads\/2024\/01\/1A-Banner-1-portada-imagen-10-1-copia-9.webp?resize=525%2C300&ssl=1 1.5x, https:\/\/i0.wp.com\/webdelmaestrocmf.com\/portal\/wp-content\/uploads\/2024\/01\/1A-Banner-1-portada-imagen-10-1-copia-9.webp?resize=700%2C400&ssl=1 2x"},"classes":[]}],"_links":{"self":[{"href":"https:\/\/webdelmaestrocmf.com\/portal\/wp-json\/wp\/v2\/posts\/21508","targetHints":{"allow":["GET"]}}],"collection":[{"href":"https:\/\/webdelmaestrocmf.com\/portal\/wp-json\/wp\/v2\/posts"}],"about":[{"href":"https:\/\/webdelmaestrocmf.com\/portal\/wp-json\/wp\/v2\/types\/post"}],"author":[{"embeddable":true,"href":"https:\/\/webdelmaestrocmf.com\/portal\/wp-json\/wp\/v2\/users\/1"}],"replies":[{"embeddable":true,"href":"https:\/\/webdelmaestrocmf.com\/portal\/wp-json\/wp\/v2\/comments?post=21508"}],"version-history":[{"count":0,"href":"https:\/\/webdelmaestrocmf.com\/portal\/wp-json\/wp\/v2\/posts\/21508\/revisions"}],"wp:featuredmedia":[{"embeddable":true,"href":"https:\/\/webdelmaestrocmf.com\/portal\/wp-json\/wp\/v2\/media\/46753"}],"wp:attachment":[{"href":"https:\/\/webdelmaestrocmf.com\/portal\/wp-json\/wp\/v2\/media?parent=21508"}],"wp:term":[{"taxonomy":"category","embeddable":true,"href":"https:\/\/webdelmaestrocmf.com\/portal\/wp-json\/wp\/v2\/categories?post=21508"},{"taxonomy":"post_tag","embeddable":true,"href":"https:\/\/webdelmaestrocmf.com\/portal\/wp-json\/wp\/v2\/tags?post=21508"}],"curies":[{"name":"wp","href":"https:\/\/api.w.org\/{rel}","templated":true}]}}