{"id":21388,"date":"2017-08-18T17:28:21","date_gmt":"2017-08-18T20:28:21","guid":{"rendered":"http:\/\/webdelmaestrocmf.com\/portal\/?p=21388"},"modified":"2021-10-23T20:05:46","modified_gmt":"2021-10-23T23:05:46","slug":"estancamiento-docente-momentos-sentimos-no-atras-adelante","status":"publish","type":"post","link":"https:\/\/webdelmaestrocmf.com\/portal\/estancamiento-docente-momentos-sentimos-no-atras-adelante\/","title":{"rendered":"El estancamiento docente: \u00bfpor qu\u00e9 hay momentos en que sentimos que no vamos ni para atr\u00e1s ni para adelante?"},"content":{"rendered":"<h5 style=\"text-align: justify;\">El s\u00edndrome del estancamiento profesional, que incluye a los profesores, se manifiesta por tener la impresi\u00f3n de que existe <strong>un muro insalvable<\/strong> que impide cumplir las expectativas profesionales, dan deseos de \u201ctirar la toalla\u201d, pasando con facilidad <strong>del entusiasmo a la apat\u00eda<\/strong>. \u201cLos profesionales pasan por distintas fases: una primera de <strong>entusiasmo<\/strong> que, si no es sostenible, lleva al estancamiento; luego, a la <strong>apat\u00eda<\/strong>, y finalmente, a estar <strong>quemado<\/strong>&#8216;\u201d (Leopoldo Boado).<\/h5>\n<p><!--more--><\/p>\n<h5 style=\"text-align: justify;\">Y seg\u00fan Carlos Monserrate, de RB Technology.net., frecuentemente son los &#8216;m\u00e1s valiosos&#8217; los m\u00e1s vulnerables al estancamiento, ya que \u201cson los que se plantean retos m\u00e1s ambiciosos y los ejecutan en menores plazos\u201d, pues quienes no se plantean grandes retos, suelen acomodarse en su puesto y muestran poca ambici\u00f3n de aprender o mejorar. Se limitan a cumplir su obligaci\u00f3n y se sienten as\u00ed satisfechos. Generalmente, ni molestan ni se les molesta (cf CINCO D\u00cdAS). Quiz\u00e1 le sea de inter\u00e9s, nuestras publicaciones:\u00a0<strong><span style=\"text-decoration: underline;\"> <a href=\"http:\/\/webdelmaestrocmf.com\/portal\/consecuencias-del-burnout-o-sindrome-del-desgaste-profesional-en-la-docencia\/\" target=\"_blank\" rel=\"noopener\">CONSECUENCIAS DEL BURNOUT O DESGASTE PROFESIONAL EN LA DOCENCIA<\/a><\/span><\/strong> y\u00a0<strong><span style=\"text-decoration: underline;\"><a href=\"http:\/\/webdelmaestrocmf.com\/portal\/docentes-son-los-mas-afectados-por-el-sindrome-de-la-cabeza-quemada\/\" target=\"_blank\" rel=\"noopener\">DOCENTES SON LOS M\u00c1S AFECTADOS POR EL S\u00cdNDROME DE LA CABEZA QUEMADA.<\/a><\/span><\/strong><\/h5>\n<p style=\"text-align: justify;\">\u00bfC\u00f3mo salir del estancamiento? La terapeuta y coaching Carolina Romero sostiene que \u201ccon la fuerza del amor y de la comprensi\u00f3n, la terapia ayuda a la persona a lograr m\u00e1s consciencia, se da cuenta de las <strong>herramientas<\/strong> que posee, es capaz de <strong>desarrollar la habilidad de \u201cla aceptaci\u00f3n\u201d<\/strong> y es a partir de ah\u00ed, que suceden las siguientes fases del proceso, hasta llegar a lograr vivir la propia <strong>autenticidad con la espontaneidad<\/strong> de ser uno mismo\u201d, en la publicaci\u00f3n en la plataforma CULTURA COLECTIVA (cuyo enlace al art\u00edculo damos al final). Con fines \u00fanicamente educativos \u2013 pastorales, compartimos textos de la publicaci\u00f3n de Romero y de otras fuentes, (que citamos), considerando que es una importante orientaci\u00f3n en la estabilidad emocional de cualquier persona, y que se hace tan <strong>ineludible y b\u00e1sica en un profesor<\/strong>, para celebrar la vida, valorar la vocaci\u00f3n docente, respetar la tarea educativa, su trascendencia y responsabilidad<strong>, <\/strong>as\u00ed como para<strong> agradecer todas las experiencias<\/strong> que forman parte del desempe\u00f1o laboral y del logro de los objetivos de la educaci\u00f3n de ni\u00f1os y j\u00f3venes. <strong>Un profesor que supera el estancamiento<\/strong>, lograr\u00e1 incrementar su autoestima, mayor confianza profesional y <strong>aportar positivamente<\/strong> al buen clima institucional. La escritora y pol\u00edtica estadounidense Eleanor Roosevelt afirm\u00f3: \u201cGanas experiencia, coraje y autoestima en cada experiencia en la que te paras y miras al miedo en la cara\u201d.<\/p>\n<p style=\"text-align: justify;\">La conferencista norteamericana Barbara De Angelisi nos dice: \u201cSi no eres bueno am\u00e1ndote a ti mismo, tendr\u00e1s dificultades al amar a alguien, debido a que resentir\u00e1s <strong>el tiempo y energ\u00eda que das a otra persona<\/strong> que ni siquiera te das a ti mismo\u201d. Sin embargo, de las palabras a los hechos, para quienes estamos en el mundo educativo, hay ocasiones en que ese camino<strong> no es tan f\u00e1cil<\/strong>, aunque sintamos estar haciendo nuestra tarea de forma \u201ccorrecta\u201d, y es porque que todos <strong>llegamos casi por inercia<\/strong> a estancarnos, afirman los especialistas.<\/p>\n<p style=\"text-align: justify;\">A lo mejor nos hemos preguntado<strong> \u00bfPor qu\u00e9 hay momentos de nuestra vida en los que nos estancamos?<\/strong>, \u00bfpor qu\u00e9 sentimos que no vamos ni para atr\u00e1s ni para adelante? \u00bfPorque nos percibimos tan <strong>inm\u00f3viles<\/strong> como un vegetal? No es que no sepamos tomar <strong>decisiones<\/strong> o c\u00f3mo hacer las cosas, ni es cuesti\u00f3n de miedos, sino que simplemente <strong>no sabemos qu\u00e9 hacer<\/strong>. Sucede que a veces somos los \u00faltimos \u201cen notar el deterioro personal: suponemos que todo va bien debido a <strong>la costumbre<\/strong> y adoptamos el <strong>sentirnos abatidos como un h\u00e1bito\u201d<\/strong>. Aqu\u00ed te presentamos <strong>algunas se\u00f1ales, <\/strong>que hemos acondicionado a la vida de los profesores, tomando la publicaci\u00f3n de Carolina Romero y que podr\u00edan indicar que la vida est\u00e1 estancada.<\/p>\n<h5>1. SE EVITA PENSAR EN EL FUTURO<\/h5>\n<p style=\"text-align: justify;\">No interesa saber nada sobre el futuro, hoy por hoy s\u00f3lo se siente apat\u00eda y cansancio.<\/p>\n<h5>2. TENER MESES QUE NO HAY EMOCI\u00d3N POR COMENZAR ALGO NUEVO<\/h5>\n<p style=\"text-align: justify;\">No hay inter\u00e9s por asistir a conferencias, cursos, simposios o charlas de formaci\u00f3n permanente o leer un libro nuevo.<\/p>\n<h5>3. RECONOCER QUE LO QUE HOY NOS AQUEJA, TAMBI\u00c9N LO HAC\u00cdA HACE UNOS MESES<\/h5>\n<p style=\"text-align: justify;\">Cuando te detienes un momento a examinar qu\u00e9 es lo que te aflige y te das cuenta que ya conoces este sentimiento: lo has vivido meses atr\u00e1s. Con tristeza miras como en lugar de superarlo, lo sigues sufriendo todos los d\u00edas.<\/p>\n<h5>4. NO CONTROLAR LOS EXCESOS<\/h5>\n<p style=\"text-align: justify;\">El aburrimiento y el hast\u00edo que lleva a comer compulsivamente, beber. \u2026m\u00e1s de lo habitual. Todo para intentar llenar ese vac\u00edo.<\/p>\n<h5>5. S\u00d3LO SE ES \u201cFELIZ\u201d EN INTERNET Y LA TELEVISI\u00d3N<\/h5>\n<p style=\"text-align: justify;\">Aunque se tiene un presentimiento de que algo no va bien, se niega a aceptar y se procura disimular, subiendo fotos a tus redes sociales, aparentando una vida relajada y novedosa, pero por dentro te abruma el hast\u00edo de vivir todos los d\u00edas exactamente lo mismo.<\/p>\n<h5>6. SEGUIR HABLANDO DEL PASADO<\/h5>\n<p style=\"text-align: justify;\">Cuando a pesar del tiempo transcurrido se contin\u00faa anclado emocionalmente.<\/p>\n<h5>7. SE SUFRE UNA APAT\u00cdA GENERALIZADA<\/h5>\n<p style=\"text-align: justify;\">No es pereza, no se trata de no haber dormido bien la noche anterior, simplemente no se quiere hacer nada pues todo te da igual. Se busca la soledad y no se tiene \u00e1nimo para nada.<\/p>\n<h5>8. HAY M\u00c1S QUEJAS QUE AGRADECIMIENTOS<\/h5>\n<p style=\"text-align: justify;\">Se tiene la sensaci\u00f3n que hay m\u00e1s problemas que soluciones. Se encuentra inconvenientes e inconformidad en todo, y nada qu\u00e9 agradecer.<\/p>\n<h5>9. NO INTERESA CONOCER A OTRAS PERSONAS<\/h5>\n<p style=\"text-align: justify;\">Si tus colegas y amistades son las mismas de siempre, puede que est\u00e9s estanc\u00e1ndote y por lo tanto no sumas experiencias nuevas a tu vida.<\/p>\n<h5>10. TODOS EST\u00c1N EN OTRO MOMENTO<\/h5>\n<p style=\"text-align: justify;\">Cuando los dem\u00e1s tienen algo que contar, y uno siente que est\u00e1 en lo de siempre.<\/p>\n<p style=\"text-align: justify;\">El escritor espa\u00f1ol Oliver Araujo autor del libro \u201cCamino a la Superaci\u00f3n\u201d, nos comparte algunas sugerencias para salir del estancamiento:<\/p>\n<ul style=\"text-align: justify;\">\n<li>Detenerse y tomarse un <strong>descanso<\/strong>,<\/li>\n<li>Recordar el \u00bfPor qu\u00e9?, se est\u00e1 haciendo lo que se hace, esto permitir\u00e1 <strong>volver a marchar<\/strong> por el camino correcto.<\/li>\n<li>Inspirarse de nuevo, buscar una <strong>nueva motivaci\u00f3n<\/strong> y estimul\u00e1ndose a seguir adelante hacia los sue\u00f1os o metas.<\/li>\n<li><strong>Pedir ayuda<\/strong>, porque nadie es perfecto y hay que dejar el orgullo de querer hacerlo todo por uno mismo y luego disfrutar de todas las recompensas. As\u00ed es como lo hacen las personas de \u00e9xito.<\/li>\n<li>No estresarse por sentirse estancado. Es normal. Y las herramientas para salir de ello pueden ser <strong>m\u00e1s f\u00e1ciles de lo que se piensa<\/strong>.<\/li>\n<\/ul>\n<p style=\"text-align: justify;\">\u201cNo es bueno ponerse furioso si te quedas estancado. Lo que yo hago es continuar pensando en el problema, pero trabajando en algo diferente\u201d (Stephen Hawking). \u201cCualquier preocupaci\u00f3n sobre qu\u00e9 est\u00e1 bien y qu\u00e9 est\u00e1 mal demuestra un estancamiento en el desarrollo intelectual\u201d (Oscar Wilde).<\/p>\n<p style=\"text-align: justify;\">Recomendamos leer la informaci\u00f3n completa, de nuestras fuentes:\u00a0 <span style=\"text-decoration: underline;\"><a href=\"https:\/\/culturacolectiva.com\/estilo-de-vida\/que-hacer-cuando-tu-vida-esta-estancada\/\" target=\"_blank\" rel=\"noopener\"><strong>10 SE\u00d1ALES DE QUE TU VIDA SE HA ESTANCADO Y POR ESO NO ERES FELIZ<\/strong><\/a><\/span> y\u00a0<span style=\"text-decoration: underline;\"><a href=\"http:\/\/www.exitoysuperacionpersonal.com\/que-hacer-cuando-te-sientes-estancado-en-algun-area-de-tu-vida\/\" target=\"_blank\" rel=\"noopener\"><strong>\u00bfQU\u00c9 HACER CUANDO TE SIENTES ESTANCADO EN ALG\u00daN \u00c1REA DE TU VIDA?<\/strong><\/a><\/span><\/p>\n<p style=\"text-align: right;\"><strong>REDACCI\u00d3N WEB DEL MAESTRO CMF<\/strong><\/p>\n\t\t<div class=\"pk-inline-posts\">\n\t\t\t\n\t\t\t<div class=\"pk-inline-posts-container pk-inline-posts-template-list\"\n\t\t\t\tdata-columns=\"1\">\n\t\t\t\t\t\t<article id=\"post-118333\" class=\"post-118333 post type-post status-publish format-standard has-post-thumbnail category-jamb tag-apego tag-crianza tag-docentes tag-educacion tag-escuela tag-familia tag-infancia tag-responsabilidad tag-vinculo cs-entry cs-video-wrap\">\n\t\t\t<div class=\"pk-post-outer\">\n\n\t\t\t\t\t\t\t\t<div class=\"pk-post-inner\">\n\t\t\t\t\t<div class=\"entry-thumbnail\">\n\t\t\t\t\t\t<div class=\"pk-overlay pk-overlay-ratio pk-ratio-landscape\">\n\t\t\t\t\t\t\t<div class=\"pk-overlay-background\">\n\t\t\t\t\t\t\t\t<a href=\"https:\/\/webdelmaestrocmf.com\/portal\/el-sistema-nos-rompe-a-todos-y-a-los-ninos-primero\/\" class=\"pk-overlay-link\">\n\t\t\t\t\t\t\t\t\t<img loading=\"lazy\" decoding=\"async\" width=\"300\" height=\"225\" src=\"https:\/\/webdelmaestrocmf.com\/portal\/wp-content\/uploads\/2026\/04\/1AA-Banner-1-portada-imagen-10-1-copia-2-300x225.jpg\" class=\"attachment-pk-thumbnail size-pk-thumbnail wp-post-image\" alt=\"\" \/>\t\t\t\t\t\t\t\t<\/a>\n\t\t\t\t\t\t\t<\/div>\n\t\t\t\t\t\t<\/div>\n\t\t\t\t\t<\/div>\n\t\t\t\t<\/div>\n\t\t\t\t\n\t\t\t\t<div class=\"pk-post-inner\">\n\t\t\t\t\t<header>\n\t\t\t\t\t\t<h3 class=\"pk-title\"><a href=\"https:\/\/webdelmaestrocmf.com\/portal\/el-sistema-nos-rompe-a-todos-y-a-los-ninos-primero\/\" rel=\"bookmark\">El sistema nos rompe a todos\u2026 y a los ni\u00f1os primero<\/a><\/h3>\t\t\t\t\t<\/header><!-- .entry-header -->\n\t\t\t\t<\/div><!-- .post-inner -->\n\n\t\t\t<\/div><!-- .post-outer -->\n\t\t<\/article>\n\t\t\t\t<\/div>\n\t\t<\/div>\n\t\t\n","protected":false},"excerpt":{"rendered":"El s\u00edndrome del estancamiento profesional, que incluye a los profesores, se manifiesta por tener la impresi\u00f3n de que&hellip;","protected":false},"author":2,"featured_media":69759,"comment_status":"open","ping_status":"open","sticky":false,"template":"","format":"standard","meta":{"csco_display_header_overlay":false,"csco_singular_sidebar":"default","csco_page_header_type":"default","csco_page_load_nextpost":"default","csco_post_video_location":[],"csco_post_video_location_hash":"","csco_post_video_url":"","csco_post_video_bg_start_time":0,"csco_post_video_bg_end_time":0,"csco_post_video_bg_volume":false,"_jetpack_memberships_contains_paid_content":false,"footnotes":""},"categories":[61],"tags":[2640,2639,52,2637,843,725,2638,2641,2642],"class_list":{"0":"post-21388","1":"post","2":"type-post","3":"status-publish","4":"format-standard","5":"has-post-thumbnail","7":"category-jamb","8":"tag-adelante","9":"tag-atras","10":"tag-docente","11":"tag-estancamiento","12":"tag-momentos","13":"tag-profesional","14":"tag-sentimos","15":"tag-sindrome-del-estancamiento","16":"tag-tirar-la-toalla","17":"cs-entry","18":"cs-video-wrap"},"yoast_head":"<!-- This site is optimized with the Yoast SEO plugin v27.5 - https:\/\/yoast.com\/product\/yoast-seo-wordpress\/ -->\n<title>El estancamiento docente: \u00bfpor qu\u00e9 hay momentos en que sentimos que no vamos ni para atr\u00e1s ni para adelante?<\/title>\n<meta name=\"description\" content=\"El s\u00edndrome del estancamiento profesional, que incluye a los profesores, se manifiesta por tener la impresi\u00f3n de que existe un muro...\" \/>\n<meta name=\"robots\" content=\"index, follow, max-snippet:-1, max-image-preview:large, max-video-preview:-1\" \/>\n<link rel=\"canonical\" href=\"https:\/\/webdelmaestrocmf.com\/portal\/estancamiento-docente-momentos-sentimos-no-atras-adelante\/\" \/>\n<meta property=\"og:locale\" content=\"es_ES\" \/>\n<meta property=\"og:type\" content=\"article\" \/>\n<meta property=\"og:title\" content=\"El estancamiento docente: \u00bfpor qu\u00e9 hay momentos en que sentimos que no vamos ni para atr\u00e1s ni para adelante?\" \/>\n<meta property=\"og:description\" content=\"El s\u00edndrome del estancamiento profesional, que incluye a los profesores, se manifiesta por tener la impresi\u00f3n de que existe un muro...\" \/>\n<meta property=\"og:url\" content=\"https:\/\/webdelmaestrocmf.com\/portal\/estancamiento-docente-momentos-sentimos-no-atras-adelante\/\" \/>\n<meta property=\"og:site_name\" content=\"Web del Maestro CMF\" \/>\n<meta property=\"article:publisher\" content=\"https:\/\/www.facebook.com\/WebdelMaestroCMF\/\" \/>\n<meta property=\"article:author\" content=\"https:\/\/www.facebook.com\/WebdelMaestroCMF\/\" \/>\n<meta property=\"article:published_time\" content=\"2017-08-18T20:28:21+00:00\" \/>\n<meta property=\"article:modified_time\" content=\"2021-10-23T23:05:46+00:00\" \/>\n<meta property=\"og:image\" content=\"https:\/\/i0.wp.com\/webdelmaestrocmf.com\/portal\/wp-content\/uploads\/2017\/08\/a2-1.jpg?fit=1100%2C680&ssl=1\" \/>\n\t<meta property=\"og:image:width\" content=\"1100\" \/>\n\t<meta property=\"og:image:height\" content=\"680\" \/>\n\t<meta property=\"og:image:type\" content=\"image\/jpeg\" \/>\n<meta name=\"author\" content=\"Web del Maestro CMF\" \/>\n<meta name=\"twitter:card\" content=\"summary_large_image\" \/>\n<meta name=\"twitter:creator\" content=\"@cmf_w\" \/>\n<meta name=\"twitter:site\" content=\"@cmf_w\" \/>\n<script type=\"application\/ld+json\" class=\"yoast-schema-graph\">{\"@context\":\"https:\\\/\\\/schema.org\",\"@graph\":[{\"@type\":\"ScholarlyArticle\",\"@id\":\"https:\\\/\\\/webdelmaestrocmf.com\\\/portal\\\/estancamiento-docente-momentos-sentimos-no-atras-adelante\\\/#article\",\"isPartOf\":{\"@id\":\"https:\\\/\\\/webdelmaestrocmf.com\\\/portal\\\/estancamiento-docente-momentos-sentimos-no-atras-adelante\\\/\"},\"author\":{\"name\":\"Web del Maestro CMF\",\"@id\":\"https:\\\/\\\/webdelmaestrocmf.com\\\/portal\\\/#\\\/schema\\\/person\\\/ebc57e23d318c9c4270c6f41367015b5\"},\"headline\":\"El estancamiento docente: \u00bfpor qu\u00e9 hay momentos en que sentimos que no vamos ni para atr\u00e1s ni para adelante?\",\"datePublished\":\"2017-08-18T20:28:21+00:00\",\"dateModified\":\"2021-10-23T23:05:46+00:00\",\"mainEntityOfPage\":{\"@id\":\"https:\\\/\\\/webdelmaestrocmf.com\\\/portal\\\/estancamiento-docente-momentos-sentimos-no-atras-adelante\\\/\"},\"wordCount\":1233,\"commentCount\":0,\"publisher\":{\"@id\":\"https:\\\/\\\/webdelmaestrocmf.com\\\/portal\\\/#organization\"},\"image\":{\"@id\":\"https:\\\/\\\/webdelmaestrocmf.com\\\/portal\\\/estancamiento-docente-momentos-sentimos-no-atras-adelante\\\/#primaryimage\"},\"thumbnailUrl\":\"https:\\\/\\\/webdelmaestrocmf.com\\\/portal\\\/wp-content\\\/uploads\\\/2017\\\/08\\\/a2-1.jpg\",\"keywords\":[\"ADELANTE\",\"ATR\u00c1S\",\"DOCENTE\",\"ESTANCAMIENTO\",\"momentos\",\"PROFESIONAL\",\"SENTIMOS\",\"s\u00edndrome del estancamiento\",\"tirar la toalla\"],\"articleSection\":[\"Yo opino - WMCMF\"],\"inLanguage\":\"es\",\"potentialAction\":[{\"@type\":\"CommentAction\",\"name\":\"Comment\",\"target\":[\"https:\\\/\\\/webdelmaestrocmf.com\\\/portal\\\/estancamiento-docente-momentos-sentimos-no-atras-adelante\\\/#respond\"]}]},{\"@type\":\"WebPage\",\"@id\":\"https:\\\/\\\/webdelmaestrocmf.com\\\/portal\\\/estancamiento-docente-momentos-sentimos-no-atras-adelante\\\/\",\"url\":\"https:\\\/\\\/webdelmaestrocmf.com\\\/portal\\\/estancamiento-docente-momentos-sentimos-no-atras-adelante\\\/\",\"name\":\"El estancamiento docente: \u00bfpor qu\u00e9 hay momentos en que sentimos que no vamos ni para atr\u00e1s ni para adelante?\",\"isPartOf\":{\"@id\":\"https:\\\/\\\/webdelmaestrocmf.com\\\/portal\\\/#website\"},\"primaryImageOfPage\":{\"@id\":\"https:\\\/\\\/webdelmaestrocmf.com\\\/portal\\\/estancamiento-docente-momentos-sentimos-no-atras-adelante\\\/#primaryimage\"},\"image\":{\"@id\":\"https:\\\/\\\/webdelmaestrocmf.com\\\/portal\\\/estancamiento-docente-momentos-sentimos-no-atras-adelante\\\/#primaryimage\"},\"thumbnailUrl\":\"https:\\\/\\\/webdelmaestrocmf.com\\\/portal\\\/wp-content\\\/uploads\\\/2017\\\/08\\\/a2-1.jpg\",\"datePublished\":\"2017-08-18T20:28:21+00:00\",\"dateModified\":\"2021-10-23T23:05:46+00:00\",\"description\":\"El s\u00edndrome del estancamiento profesional, que incluye a los profesores, se manifiesta por tener la impresi\u00f3n de que existe un muro...\",\"breadcrumb\":{\"@id\":\"https:\\\/\\\/webdelmaestrocmf.com\\\/portal\\\/estancamiento-docente-momentos-sentimos-no-atras-adelante\\\/#breadcrumb\"},\"inLanguage\":\"es\",\"potentialAction\":[{\"@type\":\"ReadAction\",\"target\":[\"https:\\\/\\\/webdelmaestrocmf.com\\\/portal\\\/estancamiento-docente-momentos-sentimos-no-atras-adelante\\\/\"]}]},{\"@type\":\"ImageObject\",\"inLanguage\":\"es\",\"@id\":\"https:\\\/\\\/webdelmaestrocmf.com\\\/portal\\\/estancamiento-docente-momentos-sentimos-no-atras-adelante\\\/#primaryimage\",\"url\":\"https:\\\/\\\/webdelmaestrocmf.com\\\/portal\\\/wp-content\\\/uploads\\\/2017\\\/08\\\/a2-1.jpg\",\"contentUrl\":\"https:\\\/\\\/webdelmaestrocmf.com\\\/portal\\\/wp-content\\\/uploads\\\/2017\\\/08\\\/a2-1.jpg\",\"width\":1100,\"height\":680},{\"@type\":\"BreadcrumbList\",\"@id\":\"https:\\\/\\\/webdelmaestrocmf.com\\\/portal\\\/estancamiento-docente-momentos-sentimos-no-atras-adelante\\\/#breadcrumb\",\"itemListElement\":[{\"@type\":\"ListItem\",\"position\":1,\"name\":\"Portada\",\"item\":\"https:\\\/\\\/webdelmaestrocmf.com\\\/portal\\\/\"},{\"@type\":\"ListItem\",\"position\":2,\"name\":\"Yo opino - WMCMF\",\"item\":\"https:\\\/\\\/webdelmaestrocmf.com\\\/portal\\\/category\\\/jamb\\\/\"},{\"@type\":\"ListItem\",\"position\":3,\"name\":\"El estancamiento docente: \u00bfpor qu\u00e9 hay momentos en que sentimos que no vamos ni para atr\u00e1s ni para adelante?\"}]},{\"@type\":\"WebSite\",\"@id\":\"https:\\\/\\\/webdelmaestrocmf.com\\\/portal\\\/#website\",\"url\":\"https:\\\/\\\/webdelmaestrocmf.com\\\/portal\\\/\",\"name\":\"Web del Maestro CMF\",\"description\":\"Maestros al servicio de la educaci\u00f3n\",\"publisher\":{\"@id\":\"https:\\\/\\\/webdelmaestrocmf.com\\\/portal\\\/#organization\"},\"alternateName\":\"WMCMF\",\"potentialAction\":[{\"@type\":\"SearchAction\",\"target\":{\"@type\":\"EntryPoint\",\"urlTemplate\":\"https:\\\/\\\/webdelmaestrocmf.com\\\/portal\\\/?s={search_term_string}\"},\"query-input\":{\"@type\":\"PropertyValueSpecification\",\"valueRequired\":true,\"valueName\":\"search_term_string\"}}],\"inLanguage\":\"es\"},{\"@type\":\"Organization\",\"@id\":\"https:\\\/\\\/webdelmaestrocmf.com\\\/portal\\\/#organization\",\"name\":\"Web del Maestro CMF\",\"alternateName\":\"WMCMF\",\"url\":\"https:\\\/\\\/webdelmaestrocmf.com\\\/portal\\\/\",\"logo\":{\"@type\":\"ImageObject\",\"inLanguage\":\"es\",\"@id\":\"https:\\\/\\\/webdelmaestrocmf.com\\\/portal\\\/#\\\/schema\\\/logo\\\/image\\\/\",\"url\":\"https:\\\/\\\/webdelmaestrocmf.com\\\/portal\\\/wp-content\\\/uploads\\\/2023\\\/01\\\/logo-wmcmf-2.png\",\"contentUrl\":\"https:\\\/\\\/webdelmaestrocmf.com\\\/portal\\\/wp-content\\\/uploads\\\/2023\\\/01\\\/logo-wmcmf-2.png\",\"width\":200,\"height\":60,\"caption\":\"Web del Maestro CMF\"},\"image\":{\"@id\":\"https:\\\/\\\/webdelmaestrocmf.com\\\/portal\\\/#\\\/schema\\\/logo\\\/image\\\/\"},\"sameAs\":[\"https:\\\/\\\/www.facebook.com\\\/WebdelMaestroCMF\\\/\",\"https:\\\/\\\/x.com\\\/cmf_w\",\"https:\\\/\\\/www.pinterest.com\\\/WMCMF\\\/\",\"https:\\\/\\\/www.linkedin.com\\\/company\\\/web-del-maestro-cmf\\\/\",\"https:\\\/\\\/www.instagram.com\\\/wmcmf\\\/\",\"https:\\\/\\\/www.youtube.com\\\/channel\\\/UCDPSvjbdodE5sHnC3OxutHw\",\"https:\\\/\\\/mastodon.social\\\/@wmcmf\",\"https:\\\/\\\/www.tiktok.com\\\/@webdelmaestrocmf\"]},{\"@type\":\"Person\",\"@id\":\"https:\\\/\\\/webdelmaestrocmf.com\\\/portal\\\/#\\\/schema\\\/person\\\/ebc57e23d318c9c4270c6f41367015b5\",\"name\":\"Web del Maestro CMF\",\"image\":{\"@type\":\"ImageObject\",\"inLanguage\":\"es\",\"@id\":\"https:\\\/\\\/secure.gravatar.com\\\/avatar\\\/718b2df46e711f63dc8c16a160d16cc0104e961fe3c231eaaed2426975fc5e2d?s=96&d=mm&r=g\",\"url\":\"https:\\\/\\\/secure.gravatar.com\\\/avatar\\\/718b2df46e711f63dc8c16a160d16cc0104e961fe3c231eaaed2426975fc5e2d?s=96&d=mm&r=g\",\"contentUrl\":\"https:\\\/\\\/secure.gravatar.com\\\/avatar\\\/718b2df46e711f63dc8c16a160d16cc0104e961fe3c231eaaed2426975fc5e2d?s=96&d=mm&r=g\",\"caption\":\"Web del Maestro CMF\"},\"description\":\"Esta Web se cre\u00f3 sin fines de lucro, con fines educativos, cient\u00edficos y acad\u00e9micos, para personas que tengan dificultades y\\\/o inconvenientes en visualizar el material original. El objetivo es entregar recursos, compartir experiencias y materiales que ayuden a los padres de familia, maestros y estudiantes en su actualizaci\u00f3n y formaci\u00f3n permanente, en bien de la Educaci\u00f3n.\",\"sameAs\":[\"http:\\\/\\\/webdelmaestrocmf.com\\\/portal\",\"https:\\\/\\\/www.facebook.com\\\/WebdelMaestroCMF\\\/\",\"https:\\\/\\\/www.instagram.com\\\/wmcmf\\\/\",\"https:\\\/\\\/cl.linkedin.com\\\/company\\\/web-del-maestro-cmf\",\"https:\\\/\\\/www.pinterest.com\\\/WMCMF\\\/publicaciones\\\/\",\"https:\\\/\\\/x.com\\\/cmf_w\",\"https:\\\/\\\/www.youtube.com\\\/@WMCMF\"]}]}<\/script>\n<!-- \/ Yoast SEO plugin. -->","yoast_head_json":{"title":"El estancamiento docente: \u00bfpor qu\u00e9 hay momentos en que sentimos que no vamos ni para atr\u00e1s ni para adelante?","description":"El s\u00edndrome del estancamiento profesional, que incluye a los profesores, se manifiesta por tener la impresi\u00f3n de que existe un muro...","robots":{"index":"index","follow":"follow","max-snippet":"max-snippet:-1","max-image-preview":"max-image-preview:large","max-video-preview":"max-video-preview:-1"},"canonical":"https:\/\/webdelmaestrocmf.com\/portal\/estancamiento-docente-momentos-sentimos-no-atras-adelante\/","og_locale":"es_ES","og_type":"article","og_title":"El estancamiento docente: \u00bfpor qu\u00e9 hay momentos en que sentimos que no vamos ni para atr\u00e1s ni para adelante?","og_description":"El s\u00edndrome del estancamiento profesional, que incluye a los profesores, se manifiesta por tener la impresi\u00f3n de que existe un muro...","og_url":"https:\/\/webdelmaestrocmf.com\/portal\/estancamiento-docente-momentos-sentimos-no-atras-adelante\/","og_site_name":"Web del Maestro CMF","article_publisher":"https:\/\/www.facebook.com\/WebdelMaestroCMF\/","article_author":"https:\/\/www.facebook.com\/WebdelMaestroCMF\/","article_published_time":"2017-08-18T20:28:21+00:00","article_modified_time":"2021-10-23T23:05:46+00:00","og_image":[{"width":1100,"height":680,"url":"https:\/\/i0.wp.com\/webdelmaestrocmf.com\/portal\/wp-content\/uploads\/2017\/08\/a2-1.jpg?fit=1100%2C680&ssl=1","type":"image\/jpeg"}],"author":"Web del Maestro CMF","twitter_card":"summary_large_image","twitter_creator":"@cmf_w","twitter_site":"@cmf_w","schema":{"@context":"https:\/\/schema.org","@graph":[{"@type":"ScholarlyArticle","@id":"https:\/\/webdelmaestrocmf.com\/portal\/estancamiento-docente-momentos-sentimos-no-atras-adelante\/#article","isPartOf":{"@id":"https:\/\/webdelmaestrocmf.com\/portal\/estancamiento-docente-momentos-sentimos-no-atras-adelante\/"},"author":{"name":"Web del Maestro CMF","@id":"https:\/\/webdelmaestrocmf.com\/portal\/#\/schema\/person\/ebc57e23d318c9c4270c6f41367015b5"},"headline":"El estancamiento docente: \u00bfpor qu\u00e9 hay momentos en que sentimos que no vamos ni para atr\u00e1s ni para adelante?","datePublished":"2017-08-18T20:28:21+00:00","dateModified":"2021-10-23T23:05:46+00:00","mainEntityOfPage":{"@id":"https:\/\/webdelmaestrocmf.com\/portal\/estancamiento-docente-momentos-sentimos-no-atras-adelante\/"},"wordCount":1233,"commentCount":0,"publisher":{"@id":"https:\/\/webdelmaestrocmf.com\/portal\/#organization"},"image":{"@id":"https:\/\/webdelmaestrocmf.com\/portal\/estancamiento-docente-momentos-sentimos-no-atras-adelante\/#primaryimage"},"thumbnailUrl":"https:\/\/webdelmaestrocmf.com\/portal\/wp-content\/uploads\/2017\/08\/a2-1.jpg","keywords":["ADELANTE","ATR\u00c1S","DOCENTE","ESTANCAMIENTO","momentos","PROFESIONAL","SENTIMOS","s\u00edndrome del estancamiento","tirar la toalla"],"articleSection":["Yo opino - WMCMF"],"inLanguage":"es","potentialAction":[{"@type":"CommentAction","name":"Comment","target":["https:\/\/webdelmaestrocmf.com\/portal\/estancamiento-docente-momentos-sentimos-no-atras-adelante\/#respond"]}]},{"@type":"WebPage","@id":"https:\/\/webdelmaestrocmf.com\/portal\/estancamiento-docente-momentos-sentimos-no-atras-adelante\/","url":"https:\/\/webdelmaestrocmf.com\/portal\/estancamiento-docente-momentos-sentimos-no-atras-adelante\/","name":"El estancamiento docente: \u00bfpor qu\u00e9 hay momentos en que sentimos que no vamos ni para atr\u00e1s ni para adelante?","isPartOf":{"@id":"https:\/\/webdelmaestrocmf.com\/portal\/#website"},"primaryImageOfPage":{"@id":"https:\/\/webdelmaestrocmf.com\/portal\/estancamiento-docente-momentos-sentimos-no-atras-adelante\/#primaryimage"},"image":{"@id":"https:\/\/webdelmaestrocmf.com\/portal\/estancamiento-docente-momentos-sentimos-no-atras-adelante\/#primaryimage"},"thumbnailUrl":"https:\/\/webdelmaestrocmf.com\/portal\/wp-content\/uploads\/2017\/08\/a2-1.jpg","datePublished":"2017-08-18T20:28:21+00:00","dateModified":"2021-10-23T23:05:46+00:00","description":"El s\u00edndrome del estancamiento profesional, que incluye a los profesores, se manifiesta por tener la impresi\u00f3n de que existe un muro...","breadcrumb":{"@id":"https:\/\/webdelmaestrocmf.com\/portal\/estancamiento-docente-momentos-sentimos-no-atras-adelante\/#breadcrumb"},"inLanguage":"es","potentialAction":[{"@type":"ReadAction","target":["https:\/\/webdelmaestrocmf.com\/portal\/estancamiento-docente-momentos-sentimos-no-atras-adelante\/"]}]},{"@type":"ImageObject","inLanguage":"es","@id":"https:\/\/webdelmaestrocmf.com\/portal\/estancamiento-docente-momentos-sentimos-no-atras-adelante\/#primaryimage","url":"https:\/\/webdelmaestrocmf.com\/portal\/wp-content\/uploads\/2017\/08\/a2-1.jpg","contentUrl":"https:\/\/webdelmaestrocmf.com\/portal\/wp-content\/uploads\/2017\/08\/a2-1.jpg","width":1100,"height":680},{"@type":"BreadcrumbList","@id":"https:\/\/webdelmaestrocmf.com\/portal\/estancamiento-docente-momentos-sentimos-no-atras-adelante\/#breadcrumb","itemListElement":[{"@type":"ListItem","position":1,"name":"Portada","item":"https:\/\/webdelmaestrocmf.com\/portal\/"},{"@type":"ListItem","position":2,"name":"Yo opino - WMCMF","item":"https:\/\/webdelmaestrocmf.com\/portal\/category\/jamb\/"},{"@type":"ListItem","position":3,"name":"El estancamiento docente: \u00bfpor qu\u00e9 hay momentos en que sentimos que no vamos ni para atr\u00e1s ni para adelante?"}]},{"@type":"WebSite","@id":"https:\/\/webdelmaestrocmf.com\/portal\/#website","url":"https:\/\/webdelmaestrocmf.com\/portal\/","name":"Web del Maestro CMF","description":"Maestros al servicio de la educaci\u00f3n","publisher":{"@id":"https:\/\/webdelmaestrocmf.com\/portal\/#organization"},"alternateName":"WMCMF","potentialAction":[{"@type":"SearchAction","target":{"@type":"EntryPoint","urlTemplate":"https:\/\/webdelmaestrocmf.com\/portal\/?s={search_term_string}"},"query-input":{"@type":"PropertyValueSpecification","valueRequired":true,"valueName":"search_term_string"}}],"inLanguage":"es"},{"@type":"Organization","@id":"https:\/\/webdelmaestrocmf.com\/portal\/#organization","name":"Web del Maestro CMF","alternateName":"WMCMF","url":"https:\/\/webdelmaestrocmf.com\/portal\/","logo":{"@type":"ImageObject","inLanguage":"es","@id":"https:\/\/webdelmaestrocmf.com\/portal\/#\/schema\/logo\/image\/","url":"https:\/\/webdelmaestrocmf.com\/portal\/wp-content\/uploads\/2023\/01\/logo-wmcmf-2.png","contentUrl":"https:\/\/webdelmaestrocmf.com\/portal\/wp-content\/uploads\/2023\/01\/logo-wmcmf-2.png","width":200,"height":60,"caption":"Web del Maestro CMF"},"image":{"@id":"https:\/\/webdelmaestrocmf.com\/portal\/#\/schema\/logo\/image\/"},"sameAs":["https:\/\/www.facebook.com\/WebdelMaestroCMF\/","https:\/\/x.com\/cmf_w","https:\/\/www.pinterest.com\/WMCMF\/","https:\/\/www.linkedin.com\/company\/web-del-maestro-cmf\/","https:\/\/www.instagram.com\/wmcmf\/","https:\/\/www.youtube.com\/channel\/UCDPSvjbdodE5sHnC3OxutHw","https:\/\/mastodon.social\/@wmcmf","https:\/\/www.tiktok.com\/@webdelmaestrocmf"]},{"@type":"Person","@id":"https:\/\/webdelmaestrocmf.com\/portal\/#\/schema\/person\/ebc57e23d318c9c4270c6f41367015b5","name":"Web del Maestro CMF","image":{"@type":"ImageObject","inLanguage":"es","@id":"https:\/\/secure.gravatar.com\/avatar\/718b2df46e711f63dc8c16a160d16cc0104e961fe3c231eaaed2426975fc5e2d?s=96&d=mm&r=g","url":"https:\/\/secure.gravatar.com\/avatar\/718b2df46e711f63dc8c16a160d16cc0104e961fe3c231eaaed2426975fc5e2d?s=96&d=mm&r=g","contentUrl":"https:\/\/secure.gravatar.com\/avatar\/718b2df46e711f63dc8c16a160d16cc0104e961fe3c231eaaed2426975fc5e2d?s=96&d=mm&r=g","caption":"Web del Maestro CMF"},"description":"Esta Web se cre\u00f3 sin fines de lucro, con fines educativos, cient\u00edficos y acad\u00e9micos, para personas que tengan dificultades y\/o inconvenientes en visualizar el material original. El objetivo es entregar recursos, compartir experiencias y materiales que ayuden a los padres de familia, maestros y estudiantes en su actualizaci\u00f3n y formaci\u00f3n permanente, en bien de la Educaci\u00f3n.","sameAs":["http:\/\/webdelmaestrocmf.com\/portal","https:\/\/www.facebook.com\/WebdelMaestroCMF\/","https:\/\/www.instagram.com\/wmcmf\/","https:\/\/cl.linkedin.com\/company\/web-del-maestro-cmf","https:\/\/www.pinterest.com\/WMCMF\/publicaciones\/","https:\/\/x.com\/cmf_w","https:\/\/www.youtube.com\/@WMCMF"]}]}},"jetpack_featured_media_url":"https:\/\/webdelmaestrocmf.com\/portal\/wp-content\/uploads\/2017\/08\/a2-1.jpg","jetpack_sharing_enabled":true,"jetpack-related-posts":[{"id":106701,"url":"https:\/\/webdelmaestrocmf.com\/portal\/los-8-sindromes-laborales-en-docentes\/","url_meta":{"origin":21388,"position":0},"title":"Los 8 s\u00edndromes laborales en docentes","author":"Web del Maestro CMF","date":"23 octubre, 2024","format":false,"excerpt":"Los docentes no solo enfrentan desaf\u00edos pedag\u00f3gicos, sino tambi\u00e9n emocionales y psicol\u00f3gicos que influyen en su desempe\u00f1o. Adaptar los s\u00edndromes laborales comunes al \u00e1mbito educativo permite identificar patrones de comportamiento que afectan tanto a los maestros como a sus estudiantes. A continuaci\u00f3n, exploraremos los 8 s\u00edndromes laborales m\u00e1s comunes y\u2026","rel":"","context":"En \u00abPsicolog\u00eda\u00bb","block_context":{"text":"Psicolog\u00eda","link":"https:\/\/webdelmaestrocmf.com\/portal\/category\/pedagogia\/picologia\/"},"img":{"alt_text":"","src":"https:\/\/i0.wp.com\/webdelmaestrocmf.com\/portal\/wp-content\/uploads\/2024\/10\/Banner-1-portada-imagen-10-1-52.jpg?resize=350%2C200&ssl=1","width":350,"height":200,"srcset":"https:\/\/i0.wp.com\/webdelmaestrocmf.com\/portal\/wp-content\/uploads\/2024\/10\/Banner-1-portada-imagen-10-1-52.jpg?resize=350%2C200&ssl=1 1x, https:\/\/i0.wp.com\/webdelmaestrocmf.com\/portal\/wp-content\/uploads\/2024\/10\/Banner-1-portada-imagen-10-1-52.jpg?resize=525%2C300&ssl=1 1.5x, https:\/\/i0.wp.com\/webdelmaestrocmf.com\/portal\/wp-content\/uploads\/2024\/10\/Banner-1-portada-imagen-10-1-52.jpg?resize=700%2C400&ssl=1 2x"},"classes":[]},{"id":68590,"url":"https:\/\/webdelmaestrocmf.com\/portal\/test-sobre-resiliencia-para-docentes-para-que-conozcas-lo-resiliente-que-eres\/","url_meta":{"origin":21388,"position":1},"title":"\u00bfEs usted un docente resiliente? Test gratuito sobre resiliencia para docentes","author":"Web del Maestro CMF","date":"29 septiembre, 2021","format":false,"excerpt":"invitamos a los docentes a participar de este estudio realizado por Umce. Se trata de un estudio que busca validar en docentes chilenos de niveles b\u00e1sico y medio la Escala multidimensional de resiliencia de profesores (MTRS). Mediante este test sobre resiliencia podr\u00e1s ver lo resiliente que eres, para ver si\u2026","rel":"","context":"En \u00abRecursos\u00bb","block_context":{"text":"Recursos","link":"https:\/\/webdelmaestrocmf.com\/portal\/category\/pedagogia\/"},"img":{"alt_text":"","src":"https:\/\/i0.wp.com\/webdelmaestrocmf.com\/portal\/wp-content\/uploads\/2021\/09\/1jpg-16-3.jpg?resize=350%2C200&ssl=1","width":350,"height":200,"srcset":"https:\/\/i0.wp.com\/webdelmaestrocmf.com\/portal\/wp-content\/uploads\/2021\/09\/1jpg-16-3.jpg?resize=350%2C200&ssl=1 1x, https:\/\/i0.wp.com\/webdelmaestrocmf.com\/portal\/wp-content\/uploads\/2021\/09\/1jpg-16-3.jpg?resize=525%2C300&ssl=1 1.5x, https:\/\/i0.wp.com\/webdelmaestrocmf.com\/portal\/wp-content\/uploads\/2021\/09\/1jpg-16-3.jpg?resize=700%2C400&ssl=1 2x, https:\/\/i0.wp.com\/webdelmaestrocmf.com\/portal\/wp-content\/uploads\/2021\/09\/1jpg-16-3.jpg?resize=1050%2C600&ssl=1 3x"},"classes":[]},{"id":40890,"url":"https:\/\/webdelmaestrocmf.com\/portal\/anthony-jose-rios-la-educacion-en-las-cavernas\/","url_meta":{"origin":21388,"position":2},"title":"[Anthony Jos\u00e9 R\u00edos] La educaci\u00f3n en las cavernas","author":"Web del Maestro CMF","date":"23 septiembre, 2019","format":false,"excerpt":"Es triste ver como en la actualidad donde todo cambia, todo avanza, todo evoluciona, la educaci\u00f3n sigue estancada, sigue viviendo en el pasado. Se ha convertido en un simple negocio para unos y un total desinter\u00e9s para otros desde los mismos padres de familia, la comunidad y los sistemas educativos\u2026","rel":"","context":"En \u00abZ-Colaboradores\u00bb","block_context":{"text":"Z-Colaboradores","link":"https:\/\/webdelmaestrocmf.com\/portal\/category\/colaborador\/"},"img":{"alt_text":"","src":"https:\/\/i0.wp.com\/webdelmaestrocmf.com\/portal\/wp-content\/uploads\/2019\/09\/1-64.jpg?resize=350%2C200&ssl=1","width":350,"height":200,"srcset":"https:\/\/i0.wp.com\/webdelmaestrocmf.com\/portal\/wp-content\/uploads\/2019\/09\/1-64.jpg?resize=350%2C200&ssl=1 1x, https:\/\/i0.wp.com\/webdelmaestrocmf.com\/portal\/wp-content\/uploads\/2019\/09\/1-64.jpg?resize=525%2C300&ssl=1 1.5x, https:\/\/i0.wp.com\/webdelmaestrocmf.com\/portal\/wp-content\/uploads\/2019\/09\/1-64.jpg?resize=700%2C400&ssl=1 2x, https:\/\/i0.wp.com\/webdelmaestrocmf.com\/portal\/wp-content\/uploads\/2019\/09\/1-64.jpg?resize=1050%2C600&ssl=1 3x"},"classes":[]},{"id":117790,"url":"https:\/\/webdelmaestrocmf.com\/portal\/maria-montessori-facilitar-las-cosas-al-nino-sin-necesidad-en-lugar-de-ayudarle-solo-sirve-para-estancarlo\/","url_meta":{"origin":21388,"position":3},"title":"Mar\u00eda Montessori: \u00abFacilitar las cosas al ni\u00f1o sin necesidad, en lugar de ayudarle, solo sirve para estancarlo\u00bb","author":"Web del Maestro CMF","date":"15 abril, 2026","format":false,"excerpt":"Ayudar en exceso limita la autonom\u00eda del ni\u00f1o. Permitirle intentar, equivocarse y resolver por s\u00ed mismo fortalece su aprendizaje, pensamiento cr\u00edtico y confianza, formando personas capaces de enfrentar desaf\u00edos reales.","rel":"","context":"En \u00abMontessori\u00bb","block_context":{"text":"Montessori","link":"https:\/\/webdelmaestrocmf.com\/portal\/category\/pedagogia\/montessori\/"},"img":{"alt_text":"","src":"https:\/\/i0.wp.com\/webdelmaestrocmf.com\/portal\/wp-content\/uploads\/2026\/04\/1AA-Banner-1-portada-imagen-10-1-copia-17-1.webp?resize=350%2C200&ssl=1","width":350,"height":200,"srcset":"https:\/\/i0.wp.com\/webdelmaestrocmf.com\/portal\/wp-content\/uploads\/2026\/04\/1AA-Banner-1-portada-imagen-10-1-copia-17-1.webp?resize=350%2C200&ssl=1 1x, https:\/\/i0.wp.com\/webdelmaestrocmf.com\/portal\/wp-content\/uploads\/2026\/04\/1AA-Banner-1-portada-imagen-10-1-copia-17-1.webp?resize=525%2C300&ssl=1 1.5x, https:\/\/i0.wp.com\/webdelmaestrocmf.com\/portal\/wp-content\/uploads\/2026\/04\/1AA-Banner-1-portada-imagen-10-1-copia-17-1.webp?resize=700%2C400&ssl=1 2x, https:\/\/i0.wp.com\/webdelmaestrocmf.com\/portal\/wp-content\/uploads\/2026\/04\/1AA-Banner-1-portada-imagen-10-1-copia-17-1.webp?resize=1050%2C600&ssl=1 3x"},"classes":[]},{"id":115422,"url":"https:\/\/webdelmaestrocmf.com\/portal\/la-salud-mental-del-profesorado-en-crisis-una-vocacion-bajo-presion\/","url_meta":{"origin":21388,"position":4},"title":"La salud mental del profesorado en crisis: una vocaci\u00f3n bajo presi\u00f3n","author":"Web del Maestro CMF","date":"17 febrero, 2026","format":false,"excerpt":"Uno de cada cinco docentes de Secundaria se plantea abandonar la ense\u00f1anza por estr\u00e9s, burocracia, falta de apoyo institucional y desgaste emocional.","rel":"","context":"En \u00abBienestar docente\u00bb","block_context":{"text":"Bienestar docente","link":"https:\/\/webdelmaestrocmf.com\/portal\/category\/pedagogia\/bienestar-docente\/"},"img":{"alt_text":"","src":"https:\/\/i0.wp.com\/webdelmaestrocmf.com\/portal\/wp-content\/uploads\/2026\/02\/1A-Banner-1-portada-imagen-10-1-copia-1-5.webp?resize=350%2C200&ssl=1","width":350,"height":200,"srcset":"https:\/\/i0.wp.com\/webdelmaestrocmf.com\/portal\/wp-content\/uploads\/2026\/02\/1A-Banner-1-portada-imagen-10-1-copia-1-5.webp?resize=350%2C200&ssl=1 1x, https:\/\/i0.wp.com\/webdelmaestrocmf.com\/portal\/wp-content\/uploads\/2026\/02\/1A-Banner-1-portada-imagen-10-1-copia-1-5.webp?resize=525%2C300&ssl=1 1.5x, https:\/\/i0.wp.com\/webdelmaestrocmf.com\/portal\/wp-content\/uploads\/2026\/02\/1A-Banner-1-portada-imagen-10-1-copia-1-5.webp?resize=700%2C400&ssl=1 2x"},"classes":[]},{"id":76381,"url":"https:\/\/webdelmaestrocmf.com\/portal\/hay-una-tendencia-a-juzgar-las-practicas-docentes-sin-tener-informacion-sobre-las-practicas-docentes\/","url_meta":{"origin":21388,"position":5},"title":"Hay una tendencia a juzgar las pr\u00e1cticas de los docentes sin tener informaci\u00f3n sobre\u2026 las habilidades docentes","author":"Web del Maestro CMF","date":"9 junio, 2022","format":false,"excerpt":"En una entrevista televisiva a Mario Aguilar, presidente electo del Colegio de Profesores, Fernando Villegas hablaba sobre los profesores con el desd\u00e9n t\u00edpico que la \u00e9lite tiene sobre su labor. Le dice a Aguilar: \u201cMe da la impresi\u00f3n que, al principio y al final, para ense\u00f1ar algo hay que conocerlo\u2026","rel":"","context":"En \u00abNoticias\u00bb","block_context":{"text":"Noticias","link":"https:\/\/webdelmaestrocmf.com\/portal\/category\/pedagogia\/noticias-pedagogia\/"},"img":{"alt_text":"","src":"https:\/\/i0.wp.com\/webdelmaestrocmf.com\/portal\/wp-content\/uploads\/2022\/04\/1-48.jpg?resize=350%2C200&ssl=1","width":350,"height":200,"srcset":"https:\/\/i0.wp.com\/webdelmaestrocmf.com\/portal\/wp-content\/uploads\/2022\/04\/1-48.jpg?resize=350%2C200&ssl=1 1x, https:\/\/i0.wp.com\/webdelmaestrocmf.com\/portal\/wp-content\/uploads\/2022\/04\/1-48.jpg?resize=525%2C300&ssl=1 1.5x, https:\/\/i0.wp.com\/webdelmaestrocmf.com\/portal\/wp-content\/uploads\/2022\/04\/1-48.jpg?resize=700%2C400&ssl=1 2x, https:\/\/i0.wp.com\/webdelmaestrocmf.com\/portal\/wp-content\/uploads\/2022\/04\/1-48.jpg?resize=1050%2C600&ssl=1 3x"},"classes":[]}],"_links":{"self":[{"href":"https:\/\/webdelmaestrocmf.com\/portal\/wp-json\/wp\/v2\/posts\/21388","targetHints":{"allow":["GET"]}}],"collection":[{"href":"https:\/\/webdelmaestrocmf.com\/portal\/wp-json\/wp\/v2\/posts"}],"about":[{"href":"https:\/\/webdelmaestrocmf.com\/portal\/wp-json\/wp\/v2\/types\/post"}],"author":[{"embeddable":true,"href":"https:\/\/webdelmaestrocmf.com\/portal\/wp-json\/wp\/v2\/users\/2"}],"replies":[{"embeddable":true,"href":"https:\/\/webdelmaestrocmf.com\/portal\/wp-json\/wp\/v2\/comments?post=21388"}],"version-history":[{"count":0,"href":"https:\/\/webdelmaestrocmf.com\/portal\/wp-json\/wp\/v2\/posts\/21388\/revisions"}],"wp:featuredmedia":[{"embeddable":true,"href":"https:\/\/webdelmaestrocmf.com\/portal\/wp-json\/wp\/v2\/media\/69759"}],"wp:attachment":[{"href":"https:\/\/webdelmaestrocmf.com\/portal\/wp-json\/wp\/v2\/media?parent=21388"}],"wp:term":[{"taxonomy":"category","embeddable":true,"href":"https:\/\/webdelmaestrocmf.com\/portal\/wp-json\/wp\/v2\/categories?post=21388"},{"taxonomy":"post_tag","embeddable":true,"href":"https:\/\/webdelmaestrocmf.com\/portal\/wp-json\/wp\/v2\/tags?post=21388"}],"curies":[{"name":"wp","href":"https:\/\/api.w.org\/{rel}","templated":true}]}}