{"id":20960,"date":"2021-03-09T21:27:15","date_gmt":"2021-03-10T00:27:15","guid":{"rendered":"http:\/\/webdelmaestrocmf.com\/portal\/?p=20960"},"modified":"2021-03-10T15:27:41","modified_gmt":"2021-03-10T18:27:41","slug":"cinco-propuestas-eduques-emocionalmente-alumno-hijo","status":"publish","type":"post","link":"https:\/\/webdelmaestrocmf.com\/portal\/cinco-propuestas-eduques-emocionalmente-alumno-hijo\/","title":{"rendered":"Propuestas para que eduques emocionalmente"},"content":{"rendered":"<h5 style=\"text-align: justify;\">Cuando nos nombran el aprendizaje, solemos pensar en los conocimientos. Pero tan importante o m\u00e1s es el aprendizaje social y emocional, que adem\u00e1s de estar introduci\u00e9ndose en las aulas debe, sobre todo y en primer lugar, trabajarse en casa. Para ello, te damos cinco claves y los recursos adecuados para desarrollar cada una de ellas.<!--more--><\/h5>\n<p style=\"text-align: justify;\">Como se explica en este interesante episodio del programa de TVE <i>Redes<\/i>, un ni\u00f1o que conoce y sabe canalizar sus emociones no solo lograr\u00e1 mejores resultados acad\u00e9micos, sino que estar\u00e1 m\u00e1s preparado para el mundo laboral y para la vida. Saber qu\u00e9 sentimos, por qu\u00e9 lo sentimos y c\u00f3mo podemos gestionar ese sentimiento nos ayuda a conocernos mejor y tambi\u00e9n a entender a los dem\u00e1s; de ah\u00ed la importancia de la educaci\u00f3n emocional.<\/p>\n<h2>Cinco claves para educar las emociones<\/h2>\n<h5 style=\"text-align: justify;\">1. Incluye los sentimientos y emociones en la educaci\u00f3n de modo natural.<\/h5>\n<p style=\"text-align: justify;\">Como padre o madre debes establecer normas, ense\u00f1ar al ni\u00f1o qu\u00e9 debe o no debe hacer, los peligros que tiene que evitar o c\u00f3mo comportarse en determinada situaci\u00f3n. Pero, en este importante proceso de formaci\u00f3n, no te olvides de los sentimientos.<\/p>\n<p style=\"text-align: justify;\">Expl\u00edcalos con naturalidad, del mismo modo en que le explicas que debe sentarse a la mesa y comer con educaci\u00f3n. Debes transmitirle que sentir tristeza, rabia, impaciencia o envidia es tan normal como sentir dolor cuando nos damos un golpe, pero que, igual que curamos la herida, debemos ser capaces de asumir lo que sentimos, comprenderlo, controlarlo y tratar de solucionar su origen. Existen algunos recursos que pueden ayudarte en esta importante tarea:<\/p>\n<ul>\n<li style=\"text-align: justify;\"><strong><span style=\"text-decoration: underline;\"><a href=\"http:\/\/www.slideshare.net\/slideshow\/embed_code\/10119827\" target=\"_blank\" rel=\"noopener noreferrer\">Estas fichas<\/a><\/span><\/strong>\u00a0pueden ser una buena manera de <b>reflexionar sobre las emociones con los m\u00e1s peque\u00f1os<\/b>.<\/li>\n<li style=\"text-align: justify;\"><span style=\"text-decoration: underline;\"><strong><a href=\"http:\/\/www.asociacionaccent.com\/informa\/_recursos_inteligencia_emocional\/1_reconocer_sentimientos_6a10.pdf\" target=\"_blank\" rel=\"noopener noreferrer\">Estas actividades<\/a><\/strong><\/span><b> <\/b>son muy interesantes <b>para Primaria<\/b>.<\/li>\n<\/ul>\n<h5 style=\"text-align: justify;\">2. Detecta signos de inmadurez emocional y act\u00faa.<\/h5>\n<p style=\"text-align: justify;\">Las pataletas o los enfados desmedidos, pueden ser indicadores muy claros de que tu hijo todav\u00eda no ha aprendido a expresar y controlar sus emociones. Pero hay otros m\u00e1s sutiles a los que tambi\u00e9n debes estar atento, como las actitudes ego\u00edstas, la frustraci\u00f3n o la impaciencia. En estos casos, incita al ni\u00f1o a pensar sobre lo que le ocurre y su causa, y mu\u00e9strale c\u00f3mo gestionas t\u00fa esos momentos para que aprenda la importancia de los valores: compartir, tener paciencia, ser positivo, respetar a los dem\u00e1s, reponerse ante los problemas\u2026 En la Red puedes encontrar algunas herramientas \u00fatiles:<\/p>\n<ul style=\"text-align: justify;\">\n<li>El <span style=\"text-decoration: underline;\"><strong><a href=\"http:\/\/www.cpr1.es\/publicaciones_cpr\/proyecto_alegria\/\" target=\"_blank\" rel=\"noopener noreferrer\">Proyecto Alegr\u00eda<\/a><\/strong><\/span>, desarrollado por un grupo de docentes de Zaragoza, propone <b>cuentos pensados para trabajar diversos valores<\/b>, con juegos y actividades.<\/li>\n<\/ul>\n<h5 style=\"text-align: justify;\">3. Recurre a la empat\u00eda.<\/h5>\n<p style=\"text-align: justify;\">Es importante que el ni\u00f1o o adolescente aprenda c\u00f3mo se siente, pero tambi\u00e9n que reconozca y respete los sentimientos de los dem\u00e1s. Para ello, es fundamental desarrollar la empat\u00eda, la capacidad de ponerse en el lugar del otro. Pregunta a tu hijo c\u00f3mo se sentir\u00eda \u00e9l en esa situaci\u00f3n, si a \u00e9l le gusta que le hagan lo que \u00e9l ha hecho a otro ni\u00f1o, c\u00f3mo cree que deber\u00eda haber reaccionado y, en definitiva, ay\u00fadale a comprender el derecho de todas las personas a ser felices y sentirse bien, respet\u00e1ndose unos a otros. Te recomendamos que consultes algunas p\u00e1ginas interesantes:<\/p>\n<ul style=\"text-align: justify;\">\n<li>El orientador Fernando Navarro re\u00fane<strong><span style=\"text-decoration: underline;\"> <a href=\"https:\/\/skydrive.live.com\/?cid=69C1594C8A6D221D&amp;id=69C1594C8A6D221D%212115&amp;sc=documents\" target=\"_blank\" rel=\"noopener noreferrer\">varias din\u00e1micas\u00a0sobre empat\u00eda <\/a><\/span><\/strong>pensadas para el aula pero que tambi\u00e9n puedes poner en pr\u00e1ctica en el \u00e1mbito familiar.<\/li>\n<li><a href=\"http:\/\/orientafer.blogspot.com.es\/2011\/09\/126-dinamicas-de-educacion-emocional.html\" target=\"_blank\" rel=\"noopener noreferrer\"><strong><span style=\"text-decoration: underline;\">En este art\u00edculo<\/span><\/strong><\/a>\u00a0de su blog recopila otras propuestas sobre diversos <b>temas relacionados con la educaci\u00f3n emocional<\/b>.<\/li>\n<\/ul>\n<p><img loading=\"lazy\" decoding=\"async\" class=\"alignnone size-full wp-image-60319\" src=\"https:\/\/webdelmaestrocmf.com\/portal\/wp-content\/uploads\/2019\/06\/1-3.png\" alt=\"\" width=\"960\" height=\"720\" srcset=\"https:\/\/webdelmaestrocmf.com\/portal\/wp-content\/uploads\/2019\/06\/1-3.png 960w, https:\/\/webdelmaestrocmf.com\/portal\/wp-content\/uploads\/2019\/06\/1-3-300x225.png 300w, https:\/\/webdelmaestrocmf.com\/portal\/wp-content\/uploads\/2019\/06\/1-3-768x576.png 768w, https:\/\/webdelmaestrocmf.com\/portal\/wp-content\/uploads\/2019\/06\/1-3-110x83.png 110w, https:\/\/webdelmaestrocmf.com\/portal\/wp-content\/uploads\/2019\/06\/1-3-200x150.png 200w, https:\/\/webdelmaestrocmf.com\/portal\/wp-content\/uploads\/2019\/06\/1-3-380x285.png 380w, https:\/\/webdelmaestrocmf.com\/portal\/wp-content\/uploads\/2019\/06\/1-3-255x191.png 255w, https:\/\/webdelmaestrocmf.com\/portal\/wp-content\/uploads\/2019\/06\/1-3-550x413.png 550w, https:\/\/webdelmaestrocmf.com\/portal\/wp-content\/uploads\/2019\/06\/1-3-800x600.png 800w, https:\/\/webdelmaestrocmf.com\/portal\/wp-content\/uploads\/2019\/06\/1-3-600x450.png 600w, https:\/\/webdelmaestrocmf.com\/portal\/wp-content\/uploads\/2019\/06\/1-3-220x165.png 220w, https:\/\/webdelmaestrocmf.com\/portal\/wp-content\/uploads\/2019\/06\/1-3-400x300.png 400w, https:\/\/webdelmaestrocmf.com\/portal\/wp-content\/uploads\/2019\/06\/1-3-760x570.png 760w, https:\/\/webdelmaestrocmf.com\/portal\/wp-content\/uploads\/2019\/06\/1-3-510x383.png 510w\" sizes=\"auto, (max-width: 960px) 100vw, 960px\" \/><\/p>\n<h5 style=\"text-align: justify;\">4. Ay\u00fadale a expresarse y s\u00e9 un buen ejemplo.<\/h5>\n<p style=\"text-align: justify;\">Explica al ni\u00f1o que las personas debemos buscar el equilibrio entre lo que queremos nosotros y lo que quieren los dem\u00e1s, entre lo que nos ocurre y lo que sentimos, para aprender a reaccionar y ser felices. S\u00e9 siempre un ejemplo de comportamiento, comparte cosas con tu hijo para que \u00e9l haga lo mismo y ens\u00e9\u00f1ale, en cada caso que se presente, c\u00f3mo deben expresarse los sentimientos y c\u00f3mo hay que solucionar los conflictos para que resulten productivos y sirvan para hacer las relaciones m\u00e1s fuertes y duraderas. Te recomendamos:<\/p>\n<ul style=\"text-align: justify;\">\n<li><strong><span style=\"text-decoration: underline;\"><a href=\"http:\/\/www.educastur.es\/media\/publicaciones\/apoyo\/orientacion\/2011-11_Cuaderno_Casa.pdf\" target=\"_blank\" rel=\"noopener noreferrer\">Este cuaderno de actividades<\/a><\/span><\/strong>\u00a0publicado por la Consejer\u00eda de Educaci\u00f3n de Asturias tiene algunos ejercicios que tu hijo puede hacer en casa para <b>reflexionar sobre las conductas y la respuesta a los conflictos<\/b><b>.<\/b><\/li>\n<li>Tambi\u00e9n incluye <strong><span style=\"text-decoration: underline;\"><a href=\"http:\/\/www.educastur.es\/media\/publicaciones\/apoyo\/orientacion\/2011-11_Cuaderno_Padres1.pdf.\" target=\"_blank\" rel=\"noopener noreferrer\">una gu\u00eda para padres<\/a><\/span><\/strong>.<\/li>\n<\/ul>\n<h5 style=\"text-align: justify;\">5. Ens\u00e9\u00f1ale a tomar decisiones y reconoce sus logros.<\/h5>\n<p style=\"text-align: justify;\">Como padre o madre, es tu responsabilidad ense\u00f1ar a tu hijo a vivir. Es un gran cometido y no resulta sencillo, pero tenlo siempre presente.<\/p>\n<p style=\"text-align: justify;\">Recuerda que deber\u00e1 valerse por s\u00ed mismo y ens\u00e9\u00f1ale a hacerlo, a resolver sus problemas y decidir qu\u00e9 est\u00e1 bien y qu\u00e9 est\u00e1 mal seg\u00fan una escala de valores adecuada. Valora los momentos en los que hace algo bien para que entienda el camino que debe seguir y ay\u00fadale a arreglar las cosas cuando se equivoque.<\/p>\n<p style=\"text-align: justify;\">No es muy diferente a ense\u00f1arle a andar: tendr\u00e1s que soltarle la mano durante el tiempo justo para que no se caiga, hasta que sepa caminar solo. Puedes obtener m\u00e1s informaci\u00f3n en algunas webs especializadas:<\/p>\n<ul style=\"text-align: justify;\">\n<li><a href=\"http:\/\/www.educastur.es\/index.php?option=com_content&amp;task=view&amp;id=1247&amp;Itemid=202\" target=\"_blank\" rel=\"noopener noreferrer\"><strong><span style=\"text-decoration: underline;\">Este art\u00edculo<\/span><\/strong><\/a><strong><span style=\"text-decoration: underline;\">\u00a0<\/span><\/strong>de Educastur te da algunas claves para <b>ense\u00f1ar a los ni\u00f1os a decidir por ellos mismos<\/b>.<\/li>\n<\/ul>\n<p style=\"text-align: justify;\">Adem\u00e1s, puedes consultar m\u00e1s informaci\u00f3n \u00fatil acerca de la educaci\u00f3n emocional de los ni\u00f1os en la\u00a0<strong><span style=\"text-decoration: underline;\"><a href=\"http:\/\/www.superpadres.com\/blog\/category\/educacion\/emotividad\/?c=I70705M0001&amp;utm_source=blog+aulaplaneta&amp;utm_medium=artint&amp;utm_campaign=I70705M0001\" target=\"_blank\" rel=\"noopener noreferrer\">secci\u00f3n del blog de Superpadres dedicada a la emotividad<\/a><\/span><\/strong>.<\/p>\n<p style=\"text-align: justify;\"><b>M\u00e1s<\/b><b> <\/b><b>informaci\u00f3n:<\/b><\/p>\n<ul>\n<li style=\"text-align: justify;\"><a href=\"http:\/\/youtu.be\/PQE4WqQSOcQ\" target=\"_blank\" rel=\"noopener noreferrer\">Corto documental sobre la importancia y las claves de la educaci\u00f3n emocional<\/a><\/li>\n<li style=\"text-align: justify;\"><a href=\"http:\/\/www.fapar.org\/escuela_padres\/ayuda_padres_madres\/educa_emocional.htm\" target=\"_blank\" rel=\"noopener noreferrer\">Algunas pautas m\u00e1s sobre educaci\u00f3n emocional<\/a><\/li>\n<li style=\"text-align: justify;\"><a href=\"http:\/\/faros.hsjdbcn.org\/adjuntos\/2232.1-Faros%206%20Cast.pdf\" target=\"_blank\" rel=\"noopener noreferrer\">Libro <i>\u00bfC\u00f3mo educar las emociones?<\/i> publicado por el Observatorio FAROS Sant Joan de D\u00e9u<\/a><\/li>\n<li style=\"text-align: justify;\"><a href=\"http:\/\/www.superpadres.com\/cursos-para-padres\/?c=I70705M0001&amp;utm_source=blog+aulaplaneta&amp;utm_medium=artint&amp;utm_campaign=I70705M0002\" target=\"_blank\" rel=\"noopener noreferrer\">Los cursos de Superpadres trabajan aspectos claves para la educaci\u00f3n emocional<\/a><\/li>\n<\/ul>\n<p><strong>Equipo<\/strong> <strong>Superpadres.com<\/strong> <strong>para aulaPlaneta<\/strong><\/p>\n<p><strong class=\"last-child first-child\"><span class=\"last-child first-child\">Este contenido ha sido publicado originalmente por Aula Planeta\u00a0en la siguiente direcci\u00f3n:\u00a0<a href=\"http:\/\/www.aulaplaneta.com\/\" target=\"_blank\" rel=\"noopener noreferrer\">aulaplaneta.com<\/a><\/span><\/strong><\/p>\n<p style=\"text-align: center;\">Recomendamos a la Comunidad Educativa Digital tener en cuenta que, el enlace y\/o la carpeta en donde est\u00e1n alojados los libros, recursos y\/o materiales, no es administrado por la Web del Maestro CMF, pueda ser que en cuesti\u00f3n de d\u00edas (o seg\u00fan el tiempo transcurrido desde su publicaci\u00f3n), los enlaces no funcionen y el material ya no se encuentre disponible. Gracias por su comprensi\u00f3n.<\/p>\n<h3>ENLACE DE LECTURA:<\/h3>\n<p style=\"text-align: center;\">\u00a1Comparte y as\u00ed m\u00e1s docentes utilizar\u00e1n estos recursos\u00a0gratis! Muchas gracias.<\/p>\n<p style=\"text-align: center;\"><span style=\"color: #000000;\">ENLACE 1: <a style=\"color: #000000;\" href=\"http:\/\/faros.hsjdbcn.org\/adjuntos\/2232.1-Faros%206%20Cast.pdf\" target=\"_blank\" rel=\"noopener noreferrer\">LIBRO \u00bfC\u00d3MO EDUCAR LAS EMOCIONES?<\/a><\/span><\/p>\n<p style=\"text-align: left;\">\t\t<div class=\"pk-inline-posts\">\n\t\t\t\n\t\t\t<div class=\"pk-inline-posts-container pk-inline-posts-template-list\"\n\t\t\t\tdata-columns=\"1\">\n\t\t\t\t\t\t<article id=\"post-30494\" class=\"post-30494 post type-post status-publish format-standard has-post-thumbnail category-inteligencia-emocional-educacion-y-familia category-libros category-pedagogia tag-bellos tag-cuentos tag-educacion tag-emocional cs-entry cs-video-wrap\">\n\t\t\t<div class=\"pk-post-outer\">\n\n\t\t\t\t\t\t\t\t<div class=\"pk-post-inner\">\n\t\t\t\t\t<div class=\"entry-thumbnail\">\n\t\t\t\t\t\t<div class=\"pk-overlay pk-overlay-ratio pk-ratio-landscape\">\n\t\t\t\t\t\t\t<div class=\"pk-overlay-background\">\n\t\t\t\t\t\t\t\t<a href=\"https:\/\/webdelmaestrocmf.com\/portal\/100-bellos-cuentos-de-educacion-emocional-lista-descargable\/\" class=\"pk-overlay-link\">\n\t\t\t\t\t\t\t\t\t<img loading=\"lazy\" decoding=\"async\" width=\"300\" height=\"225\" src=\"https:\/\/webdelmaestrocmf.com\/portal\/wp-content\/uploads\/2020\/04\/Banner-1-portada-imagen-10-1-56-300x225.jpg\" class=\"attachment-pk-thumbnail size-pk-thumbnail wp-post-image\" alt=\"\" \/>\t\t\t\t\t\t\t\t<\/a>\n\t\t\t\t\t\t\t<\/div>\n\t\t\t\t\t\t<\/div>\n\t\t\t\t\t<\/div>\n\t\t\t\t<\/div>\n\t\t\t\t\n\t\t\t\t<div class=\"pk-post-inner\">\n\t\t\t\t\t<header>\n\t\t\t\t\t\t<h3 class=\"pk-title\"><a href=\"https:\/\/webdelmaestrocmf.com\/portal\/100-bellos-cuentos-de-educacion-emocional-lista-descargable\/\" rel=\"bookmark\">600 bellos cuentos sobre educaci\u00f3n emocional<\/a><\/h3>\t\t\t\t\t<\/header><!-- .entry-header -->\n\t\t\t\t<\/div><!-- .post-inner -->\n\n\t\t\t<\/div><!-- .post-outer -->\n\t\t<\/article>\n\t\t\t\t<\/div>\n\t\t<\/div>\n\t\t<span style=\"color: #000000;\"><br \/>\n<\/span><\/p>\n","protected":false},"excerpt":{"rendered":"Cuando nos nombran el aprendizaje, solemos pensar en los conocimientos. Pero tan importante o m\u00e1s es el aprendizaje&hellip;","protected":false},"author":1,"featured_media":60320,"comment_status":"open","ping_status":"open","sticky":false,"template":"","format":"standard","meta":{"csco_display_header_overlay":false,"csco_singular_sidebar":"default","csco_page_header_type":"default","csco_page_load_nextpost":"default","csco_post_video_location":[],"csco_post_video_location_hash":"","csco_post_video_url":"","csco_post_video_bg_start_time":0,"csco_post_video_bg_end_time":0,"csco_post_video_bg_volume":false,"_jetpack_memberships_contains_paid_content":false,"footnotes":""},"categories":[599,735],"tags":[288,2565,1240,1241,1191,1243],"class_list":{"0":"post-20960","1":"post","2":"type-post","3":"status-publish","4":"format-standard","5":"has-post-thumbnail","7":"category-inteligencia-emocional-educacion-y-familia","8":"category-pedagogia","9":"tag-alumno","10":"tag-cinco","11":"tag-eduques","12":"tag-emocionalmente","13":"tag-hijo","14":"tag-propuestas","15":"cs-entry","16":"cs-video-wrap"},"yoast_head":"<!-- This site is optimized with the Yoast SEO plugin v27.5 - https:\/\/yoast.com\/product\/yoast-seo-wordpress\/ -->\n<title>Propuestas para que eduques emocionalmente<\/title>\n<meta name=\"description\" content=\"Cuando nos nombran el aprendizaje, solemos pensar en los conocimientos. Pero tan importante o m\u00e1s es el aprendizaje social...\" \/>\n<meta name=\"robots\" content=\"index, follow, max-snippet:-1, max-image-preview:large, max-video-preview:-1\" \/>\n<link rel=\"canonical\" href=\"https:\/\/webdelmaestrocmf.com\/portal\/cinco-propuestas-eduques-emocionalmente-alumno-hijo\/\" \/>\n<meta property=\"og:locale\" content=\"es_ES\" \/>\n<meta property=\"og:type\" content=\"article\" \/>\n<meta property=\"og:title\" content=\"Propuestas para que eduques emocionalmente\" \/>\n<meta property=\"og:description\" content=\"Cuando nos nombran el aprendizaje, solemos pensar en los conocimientos. Pero tan importante o m\u00e1s es el aprendizaje social...\" \/>\n<meta property=\"og:url\" content=\"https:\/\/webdelmaestrocmf.com\/portal\/cinco-propuestas-eduques-emocionalmente-alumno-hijo\/\" \/>\n<meta property=\"og:site_name\" content=\"Web del Maestro CMF\" \/>\n<meta property=\"article:publisher\" content=\"https:\/\/www.facebook.com\/WebdelMaestroCMF\/\" \/>\n<meta property=\"article:author\" content=\"https:\/\/www.facebook.com\/WebdelMaestroCMF\/\" \/>\n<meta property=\"article:published_time\" content=\"2021-03-10T00:27:15+00:00\" \/>\n<meta property=\"article:modified_time\" content=\"2021-03-10T18:27:41+00:00\" \/>\n<meta property=\"og:image\" content=\"https:\/\/i0.wp.com\/webdelmaestrocmf.com\/portal\/wp-content\/uploads\/2019\/06\/1-78.jpg?fit=1100%2C680&ssl=1\" \/>\n\t<meta property=\"og:image:width\" content=\"1100\" \/>\n\t<meta property=\"og:image:height\" content=\"680\" \/>\n\t<meta property=\"og:image:type\" content=\"image\/jpeg\" \/>\n<meta name=\"author\" content=\"Web del Maestro CMF\" \/>\n<meta name=\"twitter:card\" content=\"summary_large_image\" \/>\n<meta name=\"twitter:creator\" content=\"@cmf_w\" \/>\n<meta name=\"twitter:site\" content=\"@cmf_w\" \/>\n<script type=\"application\/ld+json\" class=\"yoast-schema-graph\">{\"@context\":\"https:\\\/\\\/schema.org\",\"@graph\":[{\"@type\":\"ScholarlyArticle\",\"@id\":\"https:\\\/\\\/webdelmaestrocmf.com\\\/portal\\\/cinco-propuestas-eduques-emocionalmente-alumno-hijo\\\/#article\",\"isPartOf\":{\"@id\":\"https:\\\/\\\/webdelmaestrocmf.com\\\/portal\\\/cinco-propuestas-eduques-emocionalmente-alumno-hijo\\\/\"},\"author\":{\"name\":\"Web del Maestro CMF\",\"@id\":\"https:\\\/\\\/webdelmaestrocmf.com\\\/portal\\\/#\\\/schema\\\/person\\\/1072a2ed7bd960df8ef99a551fa35dc5\"},\"headline\":\"Propuestas para que eduques emocionalmente\",\"datePublished\":\"2021-03-10T00:27:15+00:00\",\"dateModified\":\"2021-03-10T18:27:41+00:00\",\"mainEntityOfPage\":{\"@id\":\"https:\\\/\\\/webdelmaestrocmf.com\\\/portal\\\/cinco-propuestas-eduques-emocionalmente-alumno-hijo\\\/\"},\"wordCount\":1116,\"commentCount\":0,\"publisher\":{\"@id\":\"https:\\\/\\\/webdelmaestrocmf.com\\\/portal\\\/#organization\"},\"image\":{\"@id\":\"https:\\\/\\\/webdelmaestrocmf.com\\\/portal\\\/cinco-propuestas-eduques-emocionalmente-alumno-hijo\\\/#primaryimage\"},\"thumbnailUrl\":\"https:\\\/\\\/webdelmaestrocmf.com\\\/portal\\\/wp-content\\\/uploads\\\/2019\\\/06\\\/1-78.jpg\",\"keywords\":[\"alumno\",\"CINCO\",\"EDUQUES\",\"EMOCIONALMENTE\",\"HIJO\",\"PROPUESTAS\"],\"articleSection\":[\"Inteligencia Emocional\",\"Recursos\"],\"inLanguage\":\"es\",\"potentialAction\":[{\"@type\":\"CommentAction\",\"name\":\"Comment\",\"target\":[\"https:\\\/\\\/webdelmaestrocmf.com\\\/portal\\\/cinco-propuestas-eduques-emocionalmente-alumno-hijo\\\/#respond\"]}]},{\"@type\":\"WebPage\",\"@id\":\"https:\\\/\\\/webdelmaestrocmf.com\\\/portal\\\/cinco-propuestas-eduques-emocionalmente-alumno-hijo\\\/\",\"url\":\"https:\\\/\\\/webdelmaestrocmf.com\\\/portal\\\/cinco-propuestas-eduques-emocionalmente-alumno-hijo\\\/\",\"name\":\"Propuestas para que eduques emocionalmente\",\"isPartOf\":{\"@id\":\"https:\\\/\\\/webdelmaestrocmf.com\\\/portal\\\/#website\"},\"primaryImageOfPage\":{\"@id\":\"https:\\\/\\\/webdelmaestrocmf.com\\\/portal\\\/cinco-propuestas-eduques-emocionalmente-alumno-hijo\\\/#primaryimage\"},\"image\":{\"@id\":\"https:\\\/\\\/webdelmaestrocmf.com\\\/portal\\\/cinco-propuestas-eduques-emocionalmente-alumno-hijo\\\/#primaryimage\"},\"thumbnailUrl\":\"https:\\\/\\\/webdelmaestrocmf.com\\\/portal\\\/wp-content\\\/uploads\\\/2019\\\/06\\\/1-78.jpg\",\"datePublished\":\"2021-03-10T00:27:15+00:00\",\"dateModified\":\"2021-03-10T18:27:41+00:00\",\"description\":\"Cuando nos nombran el aprendizaje, solemos pensar en los conocimientos. Pero tan importante o m\u00e1s es el aprendizaje social...\",\"breadcrumb\":{\"@id\":\"https:\\\/\\\/webdelmaestrocmf.com\\\/portal\\\/cinco-propuestas-eduques-emocionalmente-alumno-hijo\\\/#breadcrumb\"},\"inLanguage\":\"es\",\"potentialAction\":[{\"@type\":\"ReadAction\",\"target\":[\"https:\\\/\\\/webdelmaestrocmf.com\\\/portal\\\/cinco-propuestas-eduques-emocionalmente-alumno-hijo\\\/\"]}]},{\"@type\":\"ImageObject\",\"inLanguage\":\"es\",\"@id\":\"https:\\\/\\\/webdelmaestrocmf.com\\\/portal\\\/cinco-propuestas-eduques-emocionalmente-alumno-hijo\\\/#primaryimage\",\"url\":\"https:\\\/\\\/webdelmaestrocmf.com\\\/portal\\\/wp-content\\\/uploads\\\/2019\\\/06\\\/1-78.jpg\",\"contentUrl\":\"https:\\\/\\\/webdelmaestrocmf.com\\\/portal\\\/wp-content\\\/uploads\\\/2019\\\/06\\\/1-78.jpg\",\"width\":1100,\"height\":680},{\"@type\":\"BreadcrumbList\",\"@id\":\"https:\\\/\\\/webdelmaestrocmf.com\\\/portal\\\/cinco-propuestas-eduques-emocionalmente-alumno-hijo\\\/#breadcrumb\",\"itemListElement\":[{\"@type\":\"ListItem\",\"position\":1,\"name\":\"Portada\",\"item\":\"https:\\\/\\\/webdelmaestrocmf.com\\\/portal\\\/\"},{\"@type\":\"ListItem\",\"position\":2,\"name\":\"Recursos\",\"item\":\"https:\\\/\\\/webdelmaestrocmf.com\\\/portal\\\/category\\\/pedagogia\\\/\"},{\"@type\":\"ListItem\",\"position\":3,\"name\":\"Propuestas para que eduques emocionalmente\"}]},{\"@type\":\"WebSite\",\"@id\":\"https:\\\/\\\/webdelmaestrocmf.com\\\/portal\\\/#website\",\"url\":\"https:\\\/\\\/webdelmaestrocmf.com\\\/portal\\\/\",\"name\":\"Web del Maestro CMF\",\"description\":\"Maestros al servicio de la educaci\u00f3n\",\"publisher\":{\"@id\":\"https:\\\/\\\/webdelmaestrocmf.com\\\/portal\\\/#organization\"},\"alternateName\":\"WMCMF\",\"potentialAction\":[{\"@type\":\"SearchAction\",\"target\":{\"@type\":\"EntryPoint\",\"urlTemplate\":\"https:\\\/\\\/webdelmaestrocmf.com\\\/portal\\\/?s={search_term_string}\"},\"query-input\":{\"@type\":\"PropertyValueSpecification\",\"valueRequired\":true,\"valueName\":\"search_term_string\"}}],\"inLanguage\":\"es\"},{\"@type\":\"Organization\",\"@id\":\"https:\\\/\\\/webdelmaestrocmf.com\\\/portal\\\/#organization\",\"name\":\"Web del Maestro CMF\",\"alternateName\":\"WMCMF\",\"url\":\"https:\\\/\\\/webdelmaestrocmf.com\\\/portal\\\/\",\"logo\":{\"@type\":\"ImageObject\",\"inLanguage\":\"es\",\"@id\":\"https:\\\/\\\/webdelmaestrocmf.com\\\/portal\\\/#\\\/schema\\\/logo\\\/image\\\/\",\"url\":\"https:\\\/\\\/webdelmaestrocmf.com\\\/portal\\\/wp-content\\\/uploads\\\/2023\\\/01\\\/logo-wmcmf-2.png\",\"contentUrl\":\"https:\\\/\\\/webdelmaestrocmf.com\\\/portal\\\/wp-content\\\/uploads\\\/2023\\\/01\\\/logo-wmcmf-2.png\",\"width\":200,\"height\":60,\"caption\":\"Web del Maestro CMF\"},\"image\":{\"@id\":\"https:\\\/\\\/webdelmaestrocmf.com\\\/portal\\\/#\\\/schema\\\/logo\\\/image\\\/\"},\"sameAs\":[\"https:\\\/\\\/www.facebook.com\\\/WebdelMaestroCMF\\\/\",\"https:\\\/\\\/x.com\\\/cmf_w\",\"https:\\\/\\\/www.pinterest.com\\\/WMCMF\\\/\",\"https:\\\/\\\/www.linkedin.com\\\/company\\\/web-del-maestro-cmf\\\/\",\"https:\\\/\\\/www.instagram.com\\\/wmcmf\\\/\",\"https:\\\/\\\/www.youtube.com\\\/channel\\\/UCDPSvjbdodE5sHnC3OxutHw\",\"https:\\\/\\\/mastodon.social\\\/@wmcmf\",\"https:\\\/\\\/www.tiktok.com\\\/@webdelmaestrocmf\"]},{\"@type\":\"Person\",\"@id\":\"https:\\\/\\\/webdelmaestrocmf.com\\\/portal\\\/#\\\/schema\\\/person\\\/1072a2ed7bd960df8ef99a551fa35dc5\",\"name\":\"Web del Maestro CMF\",\"image\":{\"@type\":\"ImageObject\",\"inLanguage\":\"es\",\"@id\":\"https:\\\/\\\/secure.gravatar.com\\\/avatar\\\/23291dd5b5ae1077dcff3dbb04c3e02bd28403fa75af6d8787d5e97c5bbbe30b?s=96&d=mm&r=g\",\"url\":\"https:\\\/\\\/secure.gravatar.com\\\/avatar\\\/23291dd5b5ae1077dcff3dbb04c3e02bd28403fa75af6d8787d5e97c5bbbe30b?s=96&d=mm&r=g\",\"contentUrl\":\"https:\\\/\\\/secure.gravatar.com\\\/avatar\\\/23291dd5b5ae1077dcff3dbb04c3e02bd28403fa75af6d8787d5e97c5bbbe30b?s=96&d=mm&r=g\",\"caption\":\"Web del Maestro CMF\"},\"description\":\"Esta Web se cre\u00f3 sin fines de lucro, con fines educativos, cient\u00edficos y acad\u00e9micos, para personas que tengan dificultades y\\\/o inconvenientes en visualizar el material original. El objetivo es entregar recursos, compartir experiencias y materiales que ayuden a los padres de familia, maestros y estudiantes en su actualizaci\u00f3n y formaci\u00f3n permanente, en bien de la Educaci\u00f3n.\",\"sameAs\":[\"http:\\\/\\\/webdelmaestrocmf.com\\\/portal\",\"https:\\\/\\\/www.facebook.com\\\/WebdelMaestroCMF\\\/\",\"https:\\\/\\\/www.instagram.com\\\/wmcmf\\\/\",\"https:\\\/\\\/cl.linkedin.com\\\/company\\\/web-del-maestro-cmf\",\"https:\\\/\\\/www.pinterest.com\\\/WMCMF\\\/publicaciones\\\/\",\"https:\\\/\\\/x.com\\\/cmf_w\",\"https:\\\/\\\/www.youtube.com\\\/@WMCMF\"]}]}<\/script>\n<!-- \/ Yoast SEO plugin. -->","yoast_head_json":{"title":"Propuestas para que eduques emocionalmente","description":"Cuando nos nombran el aprendizaje, solemos pensar en los conocimientos. Pero tan importante o m\u00e1s es el aprendizaje social...","robots":{"index":"index","follow":"follow","max-snippet":"max-snippet:-1","max-image-preview":"max-image-preview:large","max-video-preview":"max-video-preview:-1"},"canonical":"https:\/\/webdelmaestrocmf.com\/portal\/cinco-propuestas-eduques-emocionalmente-alumno-hijo\/","og_locale":"es_ES","og_type":"article","og_title":"Propuestas para que eduques emocionalmente","og_description":"Cuando nos nombran el aprendizaje, solemos pensar en los conocimientos. Pero tan importante o m\u00e1s es el aprendizaje social...","og_url":"https:\/\/webdelmaestrocmf.com\/portal\/cinco-propuestas-eduques-emocionalmente-alumno-hijo\/","og_site_name":"Web del Maestro CMF","article_publisher":"https:\/\/www.facebook.com\/WebdelMaestroCMF\/","article_author":"https:\/\/www.facebook.com\/WebdelMaestroCMF\/","article_published_time":"2021-03-10T00:27:15+00:00","article_modified_time":"2021-03-10T18:27:41+00:00","og_image":[{"width":1100,"height":680,"url":"https:\/\/i0.wp.com\/webdelmaestrocmf.com\/portal\/wp-content\/uploads\/2019\/06\/1-78.jpg?fit=1100%2C680&ssl=1","type":"image\/jpeg"}],"author":"Web del Maestro CMF","twitter_card":"summary_large_image","twitter_creator":"@cmf_w","twitter_site":"@cmf_w","schema":{"@context":"https:\/\/schema.org","@graph":[{"@type":"ScholarlyArticle","@id":"https:\/\/webdelmaestrocmf.com\/portal\/cinco-propuestas-eduques-emocionalmente-alumno-hijo\/#article","isPartOf":{"@id":"https:\/\/webdelmaestrocmf.com\/portal\/cinco-propuestas-eduques-emocionalmente-alumno-hijo\/"},"author":{"name":"Web del Maestro CMF","@id":"https:\/\/webdelmaestrocmf.com\/portal\/#\/schema\/person\/1072a2ed7bd960df8ef99a551fa35dc5"},"headline":"Propuestas para que eduques emocionalmente","datePublished":"2021-03-10T00:27:15+00:00","dateModified":"2021-03-10T18:27:41+00:00","mainEntityOfPage":{"@id":"https:\/\/webdelmaestrocmf.com\/portal\/cinco-propuestas-eduques-emocionalmente-alumno-hijo\/"},"wordCount":1116,"commentCount":0,"publisher":{"@id":"https:\/\/webdelmaestrocmf.com\/portal\/#organization"},"image":{"@id":"https:\/\/webdelmaestrocmf.com\/portal\/cinco-propuestas-eduques-emocionalmente-alumno-hijo\/#primaryimage"},"thumbnailUrl":"https:\/\/webdelmaestrocmf.com\/portal\/wp-content\/uploads\/2019\/06\/1-78.jpg","keywords":["alumno","CINCO","EDUQUES","EMOCIONALMENTE","HIJO","PROPUESTAS"],"articleSection":["Inteligencia Emocional","Recursos"],"inLanguage":"es","potentialAction":[{"@type":"CommentAction","name":"Comment","target":["https:\/\/webdelmaestrocmf.com\/portal\/cinco-propuestas-eduques-emocionalmente-alumno-hijo\/#respond"]}]},{"@type":"WebPage","@id":"https:\/\/webdelmaestrocmf.com\/portal\/cinco-propuestas-eduques-emocionalmente-alumno-hijo\/","url":"https:\/\/webdelmaestrocmf.com\/portal\/cinco-propuestas-eduques-emocionalmente-alumno-hijo\/","name":"Propuestas para que eduques emocionalmente","isPartOf":{"@id":"https:\/\/webdelmaestrocmf.com\/portal\/#website"},"primaryImageOfPage":{"@id":"https:\/\/webdelmaestrocmf.com\/portal\/cinco-propuestas-eduques-emocionalmente-alumno-hijo\/#primaryimage"},"image":{"@id":"https:\/\/webdelmaestrocmf.com\/portal\/cinco-propuestas-eduques-emocionalmente-alumno-hijo\/#primaryimage"},"thumbnailUrl":"https:\/\/webdelmaestrocmf.com\/portal\/wp-content\/uploads\/2019\/06\/1-78.jpg","datePublished":"2021-03-10T00:27:15+00:00","dateModified":"2021-03-10T18:27:41+00:00","description":"Cuando nos nombran el aprendizaje, solemos pensar en los conocimientos. Pero tan importante o m\u00e1s es el aprendizaje social...","breadcrumb":{"@id":"https:\/\/webdelmaestrocmf.com\/portal\/cinco-propuestas-eduques-emocionalmente-alumno-hijo\/#breadcrumb"},"inLanguage":"es","potentialAction":[{"@type":"ReadAction","target":["https:\/\/webdelmaestrocmf.com\/portal\/cinco-propuestas-eduques-emocionalmente-alumno-hijo\/"]}]},{"@type":"ImageObject","inLanguage":"es","@id":"https:\/\/webdelmaestrocmf.com\/portal\/cinco-propuestas-eduques-emocionalmente-alumno-hijo\/#primaryimage","url":"https:\/\/webdelmaestrocmf.com\/portal\/wp-content\/uploads\/2019\/06\/1-78.jpg","contentUrl":"https:\/\/webdelmaestrocmf.com\/portal\/wp-content\/uploads\/2019\/06\/1-78.jpg","width":1100,"height":680},{"@type":"BreadcrumbList","@id":"https:\/\/webdelmaestrocmf.com\/portal\/cinco-propuestas-eduques-emocionalmente-alumno-hijo\/#breadcrumb","itemListElement":[{"@type":"ListItem","position":1,"name":"Portada","item":"https:\/\/webdelmaestrocmf.com\/portal\/"},{"@type":"ListItem","position":2,"name":"Recursos","item":"https:\/\/webdelmaestrocmf.com\/portal\/category\/pedagogia\/"},{"@type":"ListItem","position":3,"name":"Propuestas para que eduques emocionalmente"}]},{"@type":"WebSite","@id":"https:\/\/webdelmaestrocmf.com\/portal\/#website","url":"https:\/\/webdelmaestrocmf.com\/portal\/","name":"Web del Maestro CMF","description":"Maestros al servicio de la educaci\u00f3n","publisher":{"@id":"https:\/\/webdelmaestrocmf.com\/portal\/#organization"},"alternateName":"WMCMF","potentialAction":[{"@type":"SearchAction","target":{"@type":"EntryPoint","urlTemplate":"https:\/\/webdelmaestrocmf.com\/portal\/?s={search_term_string}"},"query-input":{"@type":"PropertyValueSpecification","valueRequired":true,"valueName":"search_term_string"}}],"inLanguage":"es"},{"@type":"Organization","@id":"https:\/\/webdelmaestrocmf.com\/portal\/#organization","name":"Web del Maestro CMF","alternateName":"WMCMF","url":"https:\/\/webdelmaestrocmf.com\/portal\/","logo":{"@type":"ImageObject","inLanguage":"es","@id":"https:\/\/webdelmaestrocmf.com\/portal\/#\/schema\/logo\/image\/","url":"https:\/\/webdelmaestrocmf.com\/portal\/wp-content\/uploads\/2023\/01\/logo-wmcmf-2.png","contentUrl":"https:\/\/webdelmaestrocmf.com\/portal\/wp-content\/uploads\/2023\/01\/logo-wmcmf-2.png","width":200,"height":60,"caption":"Web del Maestro CMF"},"image":{"@id":"https:\/\/webdelmaestrocmf.com\/portal\/#\/schema\/logo\/image\/"},"sameAs":["https:\/\/www.facebook.com\/WebdelMaestroCMF\/","https:\/\/x.com\/cmf_w","https:\/\/www.pinterest.com\/WMCMF\/","https:\/\/www.linkedin.com\/company\/web-del-maestro-cmf\/","https:\/\/www.instagram.com\/wmcmf\/","https:\/\/www.youtube.com\/channel\/UCDPSvjbdodE5sHnC3OxutHw","https:\/\/mastodon.social\/@wmcmf","https:\/\/www.tiktok.com\/@webdelmaestrocmf"]},{"@type":"Person","@id":"https:\/\/webdelmaestrocmf.com\/portal\/#\/schema\/person\/1072a2ed7bd960df8ef99a551fa35dc5","name":"Web del Maestro CMF","image":{"@type":"ImageObject","inLanguage":"es","@id":"https:\/\/secure.gravatar.com\/avatar\/23291dd5b5ae1077dcff3dbb04c3e02bd28403fa75af6d8787d5e97c5bbbe30b?s=96&d=mm&r=g","url":"https:\/\/secure.gravatar.com\/avatar\/23291dd5b5ae1077dcff3dbb04c3e02bd28403fa75af6d8787d5e97c5bbbe30b?s=96&d=mm&r=g","contentUrl":"https:\/\/secure.gravatar.com\/avatar\/23291dd5b5ae1077dcff3dbb04c3e02bd28403fa75af6d8787d5e97c5bbbe30b?s=96&d=mm&r=g","caption":"Web del Maestro CMF"},"description":"Esta Web se cre\u00f3 sin fines de lucro, con fines educativos, cient\u00edficos y acad\u00e9micos, para personas que tengan dificultades y\/o inconvenientes en visualizar el material original. El objetivo es entregar recursos, compartir experiencias y materiales que ayuden a los padres de familia, maestros y estudiantes en su actualizaci\u00f3n y formaci\u00f3n permanente, en bien de la Educaci\u00f3n.","sameAs":["http:\/\/webdelmaestrocmf.com\/portal","https:\/\/www.facebook.com\/WebdelMaestroCMF\/","https:\/\/www.instagram.com\/wmcmf\/","https:\/\/cl.linkedin.com\/company\/web-del-maestro-cmf","https:\/\/www.pinterest.com\/WMCMF\/publicaciones\/","https:\/\/x.com\/cmf_w","https:\/\/www.youtube.com\/@WMCMF"]}]}},"jetpack_featured_media_url":"https:\/\/webdelmaestrocmf.com\/portal\/wp-content\/uploads\/2019\/06\/1-78.jpg","jetpack_sharing_enabled":true,"jetpack-related-posts":[{"id":116639,"url":"https:\/\/webdelmaestrocmf.com\/portal\/manual-de-habilidades-socioemocionales-un-recurso-clave-para-la-educacion-integral\/","url_meta":{"origin":20960,"position":0},"title":"Descarga el \u00abManual de Habilidades Socioemocionales\u00bb: un recurso clave para la educaci\u00f3n integral","author":"Web del Maestro CMF","date":"19 marzo, 2026","format":false,"excerpt":"Manual educativo que fortalece habilidades socioemocionales en estudiantes, promoviendo autoconciencia, empat\u00eda y convivencia. Un recurso clave para docentes comprometidos con una educaci\u00f3n integral, humana y centrada en el desarrollo emocional.","rel":"","context":"En \u00abDescarga\u00bb","block_context":{"text":"Descarga","link":"https:\/\/webdelmaestrocmf.com\/portal\/category\/descarga\/"},"img":{"alt_text":"","src":"https:\/\/i0.wp.com\/webdelmaestrocmf.com\/portal\/wp-content\/uploads\/2026\/03\/1AA-Banner-1-portada-imagen-10-1-copia-17.webp?resize=350%2C200&ssl=1","width":350,"height":200,"srcset":"https:\/\/i0.wp.com\/webdelmaestrocmf.com\/portal\/wp-content\/uploads\/2026\/03\/1AA-Banner-1-portada-imagen-10-1-copia-17.webp?resize=350%2C200&ssl=1 1x, https:\/\/i0.wp.com\/webdelmaestrocmf.com\/portal\/wp-content\/uploads\/2026\/03\/1AA-Banner-1-portada-imagen-10-1-copia-17.webp?resize=525%2C300&ssl=1 1.5x, https:\/\/i0.wp.com\/webdelmaestrocmf.com\/portal\/wp-content\/uploads\/2026\/03\/1AA-Banner-1-portada-imagen-10-1-copia-17.webp?resize=700%2C400&ssl=1 2x, https:\/\/i0.wp.com\/webdelmaestrocmf.com\/portal\/wp-content\/uploads\/2026\/03\/1AA-Banner-1-portada-imagen-10-1-copia-17.webp?resize=1050%2C600&ssl=1 3x"},"classes":[]},{"id":101371,"url":"https:\/\/webdelmaestrocmf.com\/portal\/que-es-y-como-mejorar-nuestra-la-inteligencia-emocional\/","url_meta":{"origin":20960,"position":1},"title":"Qu\u00e9 es y c\u00f3mo mejorar nuestra la Inteligencia emocional","author":"Web del Maestro CMF","date":"3 diciembre, 2023","format":false,"excerpt":"La inteligencia emocional, esencial en la vida personal y profesional, esta se define por la capacidad de reconocer, comprender y gestionar tanto nuestras propias emociones como las de los dem\u00e1s. Compuesta por elementos como la autoconciencia, autorregulaci\u00f3n, motivaci\u00f3n, empat\u00eda y habilidades sociales, esta habilidad no solo impacta en nuestro comportamiento\u2026","rel":"","context":"En \u00abInteligencia Emocional\u00bb","block_context":{"text":"Inteligencia Emocional","link":"https:\/\/webdelmaestrocmf.com\/portal\/category\/pedagogia\/inteligencia-emocional-educacion-y-familia\/"},"img":{"alt_text":"inteligencia emocional","src":"https:\/\/i0.wp.com\/webdelmaestrocmf.com\/portal\/wp-content\/uploads\/2023\/12\/inteligencia-emocional-1.jpg?resize=350%2C200&ssl=1","width":350,"height":200,"srcset":"https:\/\/i0.wp.com\/webdelmaestrocmf.com\/portal\/wp-content\/uploads\/2023\/12\/inteligencia-emocional-1.jpg?resize=350%2C200&ssl=1 1x, https:\/\/i0.wp.com\/webdelmaestrocmf.com\/portal\/wp-content\/uploads\/2023\/12\/inteligencia-emocional-1.jpg?resize=525%2C300&ssl=1 1.5x, https:\/\/i0.wp.com\/webdelmaestrocmf.com\/portal\/wp-content\/uploads\/2023\/12\/inteligencia-emocional-1.jpg?resize=700%2C400&ssl=1 2x"},"classes":[]},{"id":7270,"url":"https:\/\/webdelmaestrocmf.com\/portal\/un-educador-sin-conciencia-ni-competencia-emocional-proyecta-sus-emociones-no-resueltas\/","url_meta":{"origin":20960,"position":2},"title":"Eva Bach: Un educador sin conciencia ni competencia emocional proyecta sus emociones no resueltas","author":"Web del Maestro CMF","date":"24 septiembre, 2021","format":false,"excerpt":"La licenciada en Ciencias de la Educaci\u00f3n por la Universidad de Barcelona (Espa\u00f1a) Eva Bach Cobacho (1963) es Maestra, formadora de formadores, escritora, y es especialista en desarrollo personal, inteligencia emocional, comunicaci\u00f3n y relaciones interpersonales. Le apasionan la educaci\u00f3n y las relaciones humanas. Es profesora en varios postgrados universitarios y\u2026","rel":"","context":"En \u00abEntrevistas\u00bb","block_context":{"text":"Entrevistas","link":"https:\/\/webdelmaestrocmf.com\/portal\/category\/noticias\/entrevistas\/"},"img":{"alt_text":"","src":"https:\/\/i0.wp.com\/webdelmaestrocmf.com\/portal\/wp-content\/uploads\/2018\/02\/2-11.jpg?resize=350%2C200&ssl=1","width":350,"height":200,"srcset":"https:\/\/i0.wp.com\/webdelmaestrocmf.com\/portal\/wp-content\/uploads\/2018\/02\/2-11.jpg?resize=350%2C200&ssl=1 1x, https:\/\/i0.wp.com\/webdelmaestrocmf.com\/portal\/wp-content\/uploads\/2018\/02\/2-11.jpg?resize=525%2C300&ssl=1 1.5x, https:\/\/i0.wp.com\/webdelmaestrocmf.com\/portal\/wp-content\/uploads\/2018\/02\/2-11.jpg?resize=700%2C400&ssl=1 2x, https:\/\/i0.wp.com\/webdelmaestrocmf.com\/portal\/wp-content\/uploads\/2018\/02\/2-11.jpg?resize=1050%2C600&ssl=1 3x"},"classes":[]},{"id":87524,"url":"https:\/\/webdelmaestrocmf.com\/portal\/105-fichas-de-actividades-sobre-educacion-emocional\/","url_meta":{"origin":20960,"position":3},"title":"Fichas de actividades sobre educaci\u00f3n emocional","author":"Web del Maestro CMF","date":"17 abril, 2023","format":false,"excerpt":"En un mundo en constante cambio, la importancia de la educaci\u00f3n emocional se ha vuelto cada vez m\u00e1s evidente. En busca de una mayor comprensi\u00f3n y equilibrio emocional, educadores, padres y cuidadores han recurrido a diversas estrategias para cultivar las habilidades emocionales en los ni\u00f1os y j\u00f3venes. En este contexto,\u2026","rel":"","context":"En \u00abEducaci\u00f3n Emocional\u00bb","block_context":{"text":"Educaci\u00f3n Emocional","link":"https:\/\/webdelmaestrocmf.com\/portal\/category\/pedagogia\/educacion-emocional\/"},"img":{"alt_text":"educaci\u00f3n emocional","src":"https:\/\/i0.wp.com\/webdelmaestrocmf.com\/portal\/wp-content\/uploads\/2023\/04\/A12B3C4D-6-3.jpg?resize=350%2C200&ssl=1","width":350,"height":200,"srcset":"https:\/\/i0.wp.com\/webdelmaestrocmf.com\/portal\/wp-content\/uploads\/2023\/04\/A12B3C4D-6-3.jpg?resize=350%2C200&ssl=1 1x, https:\/\/i0.wp.com\/webdelmaestrocmf.com\/portal\/wp-content\/uploads\/2023\/04\/A12B3C4D-6-3.jpg?resize=525%2C300&ssl=1 1.5x, https:\/\/i0.wp.com\/webdelmaestrocmf.com\/portal\/wp-content\/uploads\/2023\/04\/A12B3C4D-6-3.jpg?resize=700%2C400&ssl=1 2x"},"classes":[]},{"id":108673,"url":"https:\/\/webdelmaestrocmf.com\/portal\/es-un-peligro-poner-a-analfabetos-emocionales-al-mando-de-una-institucion-sobre-todo-si-es-educativa\/","url_meta":{"origin":20960,"position":4},"title":"Es un peligro poner a \u00abanalfabetos emocionales\u00bb al mando de una instituci\u00f3n, sobre todo si es educativa","author":"Web del Maestro CMF","date":"6 abril, 2025","format":false,"excerpt":"Se habla con frecuencia de competencias curriculares, planificaci\u00f3n estrat\u00e9gica y liderazgo pedag\u00f3gico, existe una amenaza silenciosa que rara vez se aborda con la seriedad que merece: el analfabetismo emocional en cargos directivos. Esta carencia representa un riesgo real para las comunidades escolares, ya que impacta directamente en el clima institucional,\u2026","rel":"","context":"En \u00abEmociones\u00bb","block_context":{"text":"Emociones","link":"https:\/\/webdelmaestrocmf.com\/portal\/category\/pedagogia\/emociones\/"},"img":{"alt_text":"","src":"https:\/\/i0.wp.com\/webdelmaestrocmf.com\/portal\/wp-content\/uploads\/2025\/04\/1A-Banner-1-portada-imagen-10-1-42.jpg?resize=350%2C200&ssl=1","width":350,"height":200,"srcset":"https:\/\/i0.wp.com\/webdelmaestrocmf.com\/portal\/wp-content\/uploads\/2025\/04\/1A-Banner-1-portada-imagen-10-1-42.jpg?resize=350%2C200&ssl=1 1x, https:\/\/i0.wp.com\/webdelmaestrocmf.com\/portal\/wp-content\/uploads\/2025\/04\/1A-Banner-1-portada-imagen-10-1-42.jpg?resize=525%2C300&ssl=1 1.5x, https:\/\/i0.wp.com\/webdelmaestrocmf.com\/portal\/wp-content\/uploads\/2025\/04\/1A-Banner-1-portada-imagen-10-1-42.jpg?resize=700%2C400&ssl=1 2x"},"classes":[]},{"id":42025,"url":"https:\/\/webdelmaestrocmf.com\/portal\/nora-rodriguez-el-trabajo-colaborativo-comienza-por-despertar-el-cerebro-social-para-que-se-ensenen-y-se-eduquen-unos-a-otros\/","url_meta":{"origin":20960,"position":5},"title":"Nora Rodr\u00edguez: El trabajo colaborativo comienza por despertar el cerebro social para que se ense\u00f1en y se eduquen unos a otros","author":"Web del Maestro CMF","date":"22 noviembre, 2019","format":false,"excerpt":"La profesora argentina Nora Rodr\u00edguez Vega, es creadora del programa Educar para la felicidad, para lograr tener aulas libres de violencia. Conferenciante en diversos ambientes educativos, tambi\u00e9n ha participado en las famosas charlas TEDx, compartiendo su experiencia como docente de alumnos conflictivos, en ambientes de marginalidad. Como escritora cuenta con\u2026","rel":"","context":"En \u00abEntrevistas\u00bb","block_context":{"text":"Entrevistas","link":"https:\/\/webdelmaestrocmf.com\/portal\/category\/noticias\/entrevistas\/"},"img":{"alt_text":"","src":"https:\/\/i0.wp.com\/webdelmaestrocmf.com\/portal\/wp-content\/uploads\/2019\/11\/1-80.jpg?resize=350%2C200&ssl=1","width":350,"height":200,"srcset":"https:\/\/i0.wp.com\/webdelmaestrocmf.com\/portal\/wp-content\/uploads\/2019\/11\/1-80.jpg?resize=350%2C200&ssl=1 1x, https:\/\/i0.wp.com\/webdelmaestrocmf.com\/portal\/wp-content\/uploads\/2019\/11\/1-80.jpg?resize=525%2C300&ssl=1 1.5x, https:\/\/i0.wp.com\/webdelmaestrocmf.com\/portal\/wp-content\/uploads\/2019\/11\/1-80.jpg?resize=700%2C400&ssl=1 2x, https:\/\/i0.wp.com\/webdelmaestrocmf.com\/portal\/wp-content\/uploads\/2019\/11\/1-80.jpg?resize=1050%2C600&ssl=1 3x"},"classes":[]}],"_links":{"self":[{"href":"https:\/\/webdelmaestrocmf.com\/portal\/wp-json\/wp\/v2\/posts\/20960","targetHints":{"allow":["GET"]}}],"collection":[{"href":"https:\/\/webdelmaestrocmf.com\/portal\/wp-json\/wp\/v2\/posts"}],"about":[{"href":"https:\/\/webdelmaestrocmf.com\/portal\/wp-json\/wp\/v2\/types\/post"}],"author":[{"embeddable":true,"href":"https:\/\/webdelmaestrocmf.com\/portal\/wp-json\/wp\/v2\/users\/1"}],"replies":[{"embeddable":true,"href":"https:\/\/webdelmaestrocmf.com\/portal\/wp-json\/wp\/v2\/comments?post=20960"}],"version-history":[{"count":0,"href":"https:\/\/webdelmaestrocmf.com\/portal\/wp-json\/wp\/v2\/posts\/20960\/revisions"}],"wp:featuredmedia":[{"embeddable":true,"href":"https:\/\/webdelmaestrocmf.com\/portal\/wp-json\/wp\/v2\/media\/60320"}],"wp:attachment":[{"href":"https:\/\/webdelmaestrocmf.com\/portal\/wp-json\/wp\/v2\/media?parent=20960"}],"wp:term":[{"taxonomy":"category","embeddable":true,"href":"https:\/\/webdelmaestrocmf.com\/portal\/wp-json\/wp\/v2\/categories?post=20960"},{"taxonomy":"post_tag","embeddable":true,"href":"https:\/\/webdelmaestrocmf.com\/portal\/wp-json\/wp\/v2\/tags?post=20960"}],"curies":[{"name":"wp","href":"https:\/\/api.w.org\/{rel}","templated":true}]}}